{"id":11912,"date":"2020-09-14T16:06:40","date_gmt":"2020-09-14T13:06:40","guid":{"rendered":"https:\/\/buletin.de\/bucuresti\/?p=11912"},"modified":"2020-09-14T16:06:40","modified_gmt":"2020-09-14T13:06:40","slug":"infografic-radiografia-saptamanii-7-13-septembrie-bucurestiul-in-top-ca-numar-de-cazuri-noi-si-ca-raspandire-a-virusului","status":"publish","type":"post","link":"https:\/\/buletin.de\/bucuresti\/infografic-radiografia-saptamanii-7-13-septembrie-bucurestiul-in-top-ca-numar-de-cazuri-noi-si-ca-raspandire-a-virusului\/","title":{"rendered":"INFOGRAFIC | Radiografia s\u0103pt\u0103m\u00e2nii 7-13 septembrie: Bucure\u0219tiul, \u00een top ca num\u0103r de cazuri noi \u0219i ca r\u0103sp\u00e2ndire a virusului"},"content":{"rendered":"\n<p><strong>S\u0103pt\u0103m\u00e2na 7-13 septembrie se \u00eencheie cu 8.481 cazuri noi, trec\u00e2nd totalul infect\u0103rilor pe teritoriul Rom\u00e2niei de la \u00eenceputul epidemiei peste pragul de 100.000.<\/strong> <strong>Municipiul Bucure\u0219ti conduce at\u00e2t ca num\u0103r de cazuri noi \u00een ultima s\u0103pt\u0103m\u00e2n\u0103, c\u00e2t \u0219i ca r\u0103sp\u00e2ndire a viruslui \u00een ultimele 14 zile.<\/strong><\/p>\n\n\n\n<div class=\"infogram-embed\" data-id=\"b3bbd335-58c6-4534-b426-203acadd3499\" data-type=\"interactive\" data-title=\"Analiz\u0103-s\u0103pt\u0103m\u00e2nal\u0103-13sept\"><\/div><script>!function(e,i,n,s){var t=\"InfogramEmbeds\",d=e.getElementsByTagName(\"script\")[0];if(window[t]&&window[t].initialized)window[t].process&&window[t].process();else if(!e.getElementById(n)){var o=e.createElement(\"script\");o.async=1,o.id=n,o.src=\"https:\/\/e.infogram.com\/js\/dist\/embed-loader-min.js\",d.parentNode.insertBefore(o,d)}}(document,0,\"infogram-async\");<\/script>\n","protected":false},"excerpt":{"rendered":"<p>S\u0103pt\u0103m\u00e2na 7-13 septembrie se \u00eencheie cu 8.481 cazuri noi, trec\u00e2nd totalul infect\u0103rilor pe teritoriul Rom\u00e2niei de la \u00eenceputul epidemiei peste pragul de 100.000. Municipiul Bucure\u0219ti conduce at\u00e2t ca num\u0103r de cazuri noi \u00een ultima s\u0103pt\u0103m\u00e2n\u0103, c\u00e2t \u0219i ca r\u0103sp\u00e2ndire a viruslui \u00een ultimele 14 zile.<\/p>\n","protected":false},"author":15,"featured_media":11913,"comment_status":"closed","ping_status":"open","sticky":false,"template":"","format":"standard","meta":{"_acf_changed":false,"inline_featured_image":false,"ngg_post_thumbnail":0,"footnotes":""},"categories":[996,4],"tags":[1393,9,529,643,1035,1350,1395],"ppma_author":[22592],"class_list":["post-11912","post","type-post","status-publish","format-standard","has-post-thumbnail","hentry","category-covid-19","category-sanatate","tag-analiza-date","tag-bucuresti","tag-coronavirus","tag-covid19","tag-infografic","tag-judete","tag-radiografia-saptamanii"],"acf":[],"yoast_head":"<!-- This site is optimized with the Yoast SEO Premium plugin v25.3 (Yoast SEO v27.5) - https:\/\/yoast.com\/product\/yoast-seo-premium-wordpress\/ -->\n<title>INFOGRAFIC | Radiografia s\u0103pt\u0103m\u00e2nii 7-13 septembrie: Bucure\u0219tiul, \u00een top ca num\u0103r de cazuri noi \u0219i ca r\u0103sp\u00e2ndire a virusului - Buletin de Bucure\u0219ti<\/title>\n<meta name=\"robots\" content=\"index, follow, max-snippet:-1, max-image-preview:large, max-video-preview:-1\" \/>\n<link rel=\"canonical\" href=\"https:\/\/buletin.de\/bucuresti\/infografic-radiografia-saptamanii-7-13-septembrie-bucurestiul-in-top-ca-numar-de-cazuri-noi-si-ca-raspandire-a-virusului\/\" \/>\n<meta property=\"og:locale\" content=\"en_GB\" \/>\n<meta property=\"og:type\" content=\"article\" \/>\n<meta property=\"og:title\" content=\"INFOGRAFIC | Radiografia s\u0103pt\u0103m\u00e2nii 7-13 septembrie: Bucure\u0219tiul, \u00een top ca num\u0103r de cazuri noi \u0219i ca r\u0103sp\u00e2ndire a virusului\" \/>\n<meta property=\"og:description\" content=\"S\u0103pt\u0103m\u00e2na 7-13 septembrie se \u00eencheie cu 8.481 cazuri noi, trec\u00e2nd totalul infect\u0103rilor pe teritoriul Rom\u00e2niei de la \u00eenceputul epidemiei peste pragul de 100.000. Municipiul Bucure\u0219ti conduce at\u00e2t ca num\u0103r de cazuri noi \u00een ultima s\u0103pt\u0103m\u00e2n\u0103, c\u00e2t \u0219i ca r\u0103sp\u00e2ndire a viruslui \u00een ultimele 14 zile.\" \/>\n<meta property=\"og:url\" content=\"https:\/\/buletin.de\/bucuresti\/infografic-radiografia-saptamanii-7-13-septembrie-bucurestiul-in-top-ca-numar-de-cazuri-noi-si-ca-raspandire-a-virusului\/\" \/>\n<meta property=\"og:site_name\" content=\"Buletin de Bucure\u0219ti\" \/>\n<meta property=\"article:publisher\" content=\"https:\/\/www.facebook.com\/buletin.de.buc\" \/>\n<meta property=\"article:published_time\" content=\"2020-09-14T13:06:40+00:00\" \/>\n<meta property=\"og:image\" content=\"https:\/\/buletin.de\/bucuresti\/wp-content\/uploads\/Screenshot-2020-09-13-at-13.47.04.png\" \/>\n\t<meta property=\"og:image:width\" content=\"848\" \/>\n\t<meta property=\"og:image:height\" content=\"632\" \/>\n\t<meta property=\"og:image:type\" content=\"image\/png\" \/>\n<meta name=\"author\" content=\"Irina Anghel\" \/>\n<meta name=\"twitter:card\" content=\"summary_large_image\" \/>\n<meta name=\"twitter:label1\" content=\"Written by\" \/>\n\t<meta name=\"twitter:data1\" content=\"Irina Anghel\" \/>\n<script type=\"application\/ld+json\" class=\"yoast-schema-graph\">{\"@context\":\"https:\\\/\\\/schema.org\",\"@graph\":[{\"@type\":\"Article\",\"@id\":\"https:\\\/\\\/buletin.de\\\/bucuresti\\\/infografic-radiografia-saptamanii-7-13-septembrie-bucurestiul-in-top-ca-numar-de-cazuri-noi-si-ca-raspandire-a-virusului\\\/#article\",\"isPartOf\":{\"@id\":\"https:\\\/\\\/buletin.de\\\/bucuresti\\\/infografic-radiografia-saptamanii-7-13-septembrie-bucurestiul-in-top-ca-numar-de-cazuri-noi-si-ca-raspandire-a-virusului\\\/\"},\"author\":{\"name\":\"Irina Anghel\",\"@id\":\"https:\\\/\\\/buletin.de\\\/bucuresti\\\/#\\\/schema\\\/person\\\/7a01591ad05c4d2c7261fe7f0383d2af\"},\"headline\":\"INFOGRAFIC | Radiografia s\u0103pt\u0103m\u00e2nii 7-13 septembrie: Bucure\u0219tiul, \u00een top ca num\u0103r de cazuri noi \u0219i ca r\u0103sp\u00e2ndire a virusului\",\"datePublished\":\"2020-09-14T13:06:40+00:00\",\"mainEntityOfPage\":{\"@id\":\"https:\\\/\\\/buletin.de\\\/bucuresti\\\/infografic-radiografia-saptamanii-7-13-septembrie-bucurestiul-in-top-ca-numar-de-cazuri-noi-si-ca-raspandire-a-virusului\\\/\"},\"wordCount\":82,\"publisher\":{\"@id\":\"https:\\\/\\\/buletin.de\\\/bucuresti\\\/#organization\"},\"image\":{\"@id\":\"https:\\\/\\\/buletin.de\\\/bucuresti\\\/infografic-radiografia-saptamanii-7-13-septembrie-bucurestiul-in-top-ca-numar-de-cazuri-noi-si-ca-raspandire-a-virusului\\\/#primaryimage\"},\"thumbnailUrl\":\"https:\\\/\\\/buletin.de\\\/bucuresti\\\/wp-content\\\/uploads\\\/Screenshot-2020-09-13-at-13.47.04.png\",\"keywords\":[\"analiza date\",\"bucuresti\",\"coronavirus\",\"covid19\",\"infografic\",\"judete\",\"radiografia saptamanii\"],\"articleSection\":[\"Covid-19\",\"S\u0103n\u0103tate\"],\"inLanguage\":\"en-GB\",\"copyrightYear\":\"2020\",\"copyrightHolder\":{\"@id\":\"https:\\\/\\\/buletin.de\\\/bucuresti\\\/#organization\"}},{\"@type\":\"WebPage\",\"@id\":\"https:\\\/\\\/buletin.de\\\/bucuresti\\\/infografic-radiografia-saptamanii-7-13-septembrie-bucurestiul-in-top-ca-numar-de-cazuri-noi-si-ca-raspandire-a-virusului\\\/\",\"url\":\"https:\\\/\\\/buletin.de\\\/bucuresti\\\/infografic-radiografia-saptamanii-7-13-septembrie-bucurestiul-in-top-ca-numar-de-cazuri-noi-si-ca-raspandire-a-virusului\\\/\",\"name\":\"INFOGRAFIC | Radiografia s\u0103pt\u0103m\u00e2nii 7-13 septembrie: Bucure\u0219tiul, \u00een top ca num\u0103r de cazuri noi \u0219i ca r\u0103sp\u00e2ndire a virusului - Buletin de Bucure\u0219ti\",\"isPartOf\":{\"@id\":\"https:\\\/\\\/buletin.de\\\/bucuresti\\\/#website\"},\"primaryImageOfPage\":{\"@id\":\"https:\\\/\\\/buletin.de\\\/bucuresti\\\/infografic-radiografia-saptamanii-7-13-septembrie-bucurestiul-in-top-ca-numar-de-cazuri-noi-si-ca-raspandire-a-virusului\\\/#primaryimage\"},\"image\":{\"@id\":\"https:\\\/\\\/buletin.de\\\/bucuresti\\\/infografic-radiografia-saptamanii-7-13-septembrie-bucurestiul-in-top-ca-numar-de-cazuri-noi-si-ca-raspandire-a-virusului\\\/#primaryimage\"},\"thumbnailUrl\":\"https:\\\/\\\/buletin.de\\\/bucuresti\\\/wp-content\\\/uploads\\\/Screenshot-2020-09-13-at-13.47.04.png\",\"datePublished\":\"2020-09-14T13:06:40+00:00\",\"breadcrumb\":{\"@id\":\"https:\\\/\\\/buletin.de\\\/bucuresti\\\/infografic-radiografia-saptamanii-7-13-septembrie-bucurestiul-in-top-ca-numar-de-cazuri-noi-si-ca-raspandire-a-virusului\\\/#breadcrumb\"},\"inLanguage\":\"en-GB\",\"potentialAction\":[{\"@type\":\"ReadAction\",\"target\":[\"https:\\\/\\\/buletin.de\\\/bucuresti\\\/infografic-radiografia-saptamanii-7-13-septembrie-bucurestiul-in-top-ca-numar-de-cazuri-noi-si-ca-raspandire-a-virusului\\\/\"]}]},{\"@type\":\"ImageObject\",\"inLanguage\":\"en-GB\",\"@id\":\"https:\\\/\\\/buletin.de\\\/bucuresti\\\/infografic-radiografia-saptamanii-7-13-septembrie-bucurestiul-in-top-ca-numar-de-cazuri-noi-si-ca-raspandire-a-virusului\\\/#primaryimage\",\"url\":\"https:\\\/\\\/buletin.de\\\/bucuresti\\\/wp-content\\\/uploads\\\/Screenshot-2020-09-13-at-13.47.04.png\",\"contentUrl\":\"https:\\\/\\\/buletin.de\\\/bucuresti\\\/wp-content\\\/uploads\\\/Screenshot-2020-09-13-at-13.47.04.png\",\"width\":848,\"height\":632},{\"@type\":\"BreadcrumbList\",\"@id\":\"https:\\\/\\\/buletin.de\\\/bucuresti\\\/infografic-radiografia-saptamanii-7-13-septembrie-bucurestiul-in-top-ca-numar-de-cazuri-noi-si-ca-raspandire-a-virusului\\\/#breadcrumb\",\"itemListElement\":[{\"@type\":\"ListItem\",\"position\":1,\"name\":\"Acas\u0103\",\"item\":\"https:\\\/\\\/buletin.de\\\/bucuresti\\\/\"},{\"@type\":\"ListItem\",\"position\":2,\"name\":\"INFOGRAFIC | Radiografia s\u0103pt\u0103m\u00e2nii 7-13 septembrie: Bucure\u0219tiul, \u00een top ca num\u0103r de cazuri noi \u0219i ca r\u0103sp\u00e2ndire a virusului\"}]},{\"@type\":\"WebSite\",\"@id\":\"https:\\\/\\\/buletin.de\\\/bucuresti\\\/#website\",\"url\":\"https:\\\/\\\/buletin.de\\\/bucuresti\\\/\",\"name\":\"Buletin de Bucure\u0219ti\",\"description\":\"\u0218tiri \u0219i investiga\u021bii esen\u021biale din capital\u0103\",\"publisher\":{\"@id\":\"https:\\\/\\\/buletin.de\\\/bucuresti\\\/#organization\"},\"potentialAction\":[{\"@type\":\"SearchAction\",\"target\":{\"@type\":\"EntryPoint\",\"urlTemplate\":\"https:\\\/\\\/buletin.de\\\/bucuresti\\\/?s={search_term_string}\"},\"query-input\":{\"@type\":\"PropertyValueSpecification\",\"valueRequired\":true,\"valueName\":\"search_term_string\"}}],\"inLanguage\":\"en-GB\"},{\"@type\":\"Organization\",\"@id\":\"https:\\\/\\\/buletin.de\\\/bucuresti\\\/#organization\",\"name\":\"Buletin de Bucure\u0219ti\",\"url\":\"https:\\\/\\\/buletin.de\\\/bucuresti\\\/\",\"logo\":{\"@type\":\"ImageObject\",\"inLanguage\":\"en-GB\",\"@id\":\"https:\\\/\\\/buletin.de\\\/bucuresti\\\/#\\\/schema\\\/logo\\\/image\\\/\",\"url\":\"https:\\\/\\\/buletin.de\\\/bucuresti\\\/wp-content\\\/uploads\\\/logo-bdb-full-wide-vernil-transparent.png\",\"contentUrl\":\"https:\\\/\\\/buletin.de\\\/bucuresti\\\/wp-content\\\/uploads\\\/logo-bdb-full-wide-vernil-transparent.png\",\"width\":1782,\"height\":626,\"caption\":\"Buletin de Bucure\u0219ti\"},\"image\":{\"@id\":\"https:\\\/\\\/buletin.de\\\/bucuresti\\\/#\\\/schema\\\/logo\\\/image\\\/\"},\"sameAs\":[\"https:\\\/\\\/www.facebook.com\\\/buletin.de.buc\",\"https:\\\/\\\/www.instagram.com\\\/buletinde.bucuresti\\\/\"]},{\"@type\":\"Person\",\"@id\":\"https:\\\/\\\/buletin.de\\\/bucuresti\\\/#\\\/schema\\\/person\\\/7a01591ad05c4d2c7261fe7f0383d2af\",\"name\":\"Irina Anghel\",\"image\":{\"@type\":\"ImageObject\",\"inLanguage\":\"en-GB\",\"@id\":\"https:\\\/\\\/secure.gravatar.com\\\/avatar\\\/e7d429cbd0c7fe915f817961c0ffb96b407bc87e15aa35cee85f77146f8cce7e?s=96&d=monsterid&r=g693374df2a66e3f4935d210ea15b95ff\",\"url\":\"https:\\\/\\\/secure.gravatar.com\\\/avatar\\\/e7d429cbd0c7fe915f817961c0ffb96b407bc87e15aa35cee85f77146f8cce7e?s=96&d=monsterid&r=g\",\"contentUrl\":\"https:\\\/\\\/secure.gravatar.com\\\/avatar\\\/e7d429cbd0c7fe915f817961c0ffb96b407bc87e15aa35cee85f77146f8cce7e?s=96&d=monsterid&r=g\",\"caption\":\"Irina Anghel\"},\"url\":\"https:\\\/\\\/buletin.de\\\/bucuresti\\\/author\\\/irina\\\/\"}]}<\/script>\n<!-- \/ Yoast SEO Premium plugin. -->","yoast_head_json":{"title":"INFOGRAFIC | Radiografia s\u0103pt\u0103m\u00e2nii 7-13 septembrie: Bucure\u0219tiul, \u00een top ca num\u0103r de cazuri noi \u0219i ca r\u0103sp\u00e2ndire a virusului - Buletin de Bucure\u0219ti","robots":{"index":"index","follow":"follow","max-snippet":"max-snippet:-1","max-image-preview":"max-image-preview:large","max-video-preview":"max-video-preview:-1"},"canonical":"https:\/\/buletin.de\/bucuresti\/infografic-radiografia-saptamanii-7-13-septembrie-bucurestiul-in-top-ca-numar-de-cazuri-noi-si-ca-raspandire-a-virusului\/","og_locale":"en_GB","og_type":"article","og_title":"INFOGRAFIC | Radiografia s\u0103pt\u0103m\u00e2nii 7-13 septembrie: Bucure\u0219tiul, \u00een top ca num\u0103r de cazuri noi \u0219i ca r\u0103sp\u00e2ndire a virusului","og_description":"S\u0103pt\u0103m\u00e2na 7-13 septembrie se \u00eencheie cu 8.481 cazuri noi, trec\u00e2nd totalul infect\u0103rilor pe teritoriul Rom\u00e2niei de la \u00eenceputul epidemiei peste pragul de 100.000. Municipiul Bucure\u0219ti conduce at\u00e2t ca num\u0103r de cazuri noi \u00een ultima s\u0103pt\u0103m\u00e2n\u0103, c\u00e2t \u0219i ca r\u0103sp\u00e2ndire a viruslui \u00een ultimele 14 zile.","og_url":"https:\/\/buletin.de\/bucuresti\/infografic-radiografia-saptamanii-7-13-septembrie-bucurestiul-in-top-ca-numar-de-cazuri-noi-si-ca-raspandire-a-virusului\/","og_site_name":"Buletin de Bucure\u0219ti","article_publisher":"https:\/\/www.facebook.com\/buletin.de.buc","article_published_time":"2020-09-14T13:06:40+00:00","og_image":[{"width":848,"height":632,"url":"https:\/\/buletin.de\/bucuresti\/wp-content\/uploads\/Screenshot-2020-09-13-at-13.47.04.png","type":"image\/png"}],"author":"Irina Anghel","twitter_card":"summary_large_image","twitter_misc":{"Written by":"Irina Anghel"},"schema":{"@context":"https:\/\/schema.org","@graph":[{"@type":"Article","@id":"https:\/\/buletin.de\/bucuresti\/infografic-radiografia-saptamanii-7-13-septembrie-bucurestiul-in-top-ca-numar-de-cazuri-noi-si-ca-raspandire-a-virusului\/#article","isPartOf":{"@id":"https:\/\/buletin.de\/bucuresti\/infografic-radiografia-saptamanii-7-13-septembrie-bucurestiul-in-top-ca-numar-de-cazuri-noi-si-ca-raspandire-a-virusului\/"},"author":{"name":"Irina Anghel","@id":"https:\/\/buletin.de\/bucuresti\/#\/schema\/person\/7a01591ad05c4d2c7261fe7f0383d2af"},"headline":"INFOGRAFIC | Radiografia s\u0103pt\u0103m\u00e2nii 7-13 septembrie: Bucure\u0219tiul, \u00een top ca num\u0103r de cazuri noi \u0219i ca r\u0103sp\u00e2ndire a virusului","datePublished":"2020-09-14T13:06:40+00:00","mainEntityOfPage":{"@id":"https:\/\/buletin.de\/bucuresti\/infografic-radiografia-saptamanii-7-13-septembrie-bucurestiul-in-top-ca-numar-de-cazuri-noi-si-ca-raspandire-a-virusului\/"},"wordCount":82,"publisher":{"@id":"https:\/\/buletin.de\/bucuresti\/#organization"},"image":{"@id":"https:\/\/buletin.de\/bucuresti\/infografic-radiografia-saptamanii-7-13-septembrie-bucurestiul-in-top-ca-numar-de-cazuri-noi-si-ca-raspandire-a-virusului\/#primaryimage"},"thumbnailUrl":"https:\/\/buletin.de\/bucuresti\/wp-content\/uploads\/Screenshot-2020-09-13-at-13.47.04.png","keywords":["analiza date","bucuresti","coronavirus","covid19","infografic","judete","radiografia saptamanii"],"articleSection":["Covid-19","S\u0103n\u0103tate"],"inLanguage":"en-GB","copyrightYear":"2020","copyrightHolder":{"@id":"https:\/\/buletin.de\/bucuresti\/#organization"}},{"@type":"WebPage","@id":"https:\/\/buletin.de\/bucuresti\/infografic-radiografia-saptamanii-7-13-septembrie-bucurestiul-in-top-ca-numar-de-cazuri-noi-si-ca-raspandire-a-virusului\/","url":"https:\/\/buletin.de\/bucuresti\/infografic-radiografia-saptamanii-7-13-septembrie-bucurestiul-in-top-ca-numar-de-cazuri-noi-si-ca-raspandire-a-virusului\/","name":"INFOGRAFIC | Radiografia s\u0103pt\u0103m\u00e2nii 7-13 septembrie: Bucure\u0219tiul, \u00een top ca num\u0103r de cazuri noi \u0219i ca r\u0103sp\u00e2ndire a virusului - Buletin de Bucure\u0219ti","isPartOf":{"@id":"https:\/\/buletin.de\/bucuresti\/#website"},"primaryImageOfPage":{"@id":"https:\/\/buletin.de\/bucuresti\/infografic-radiografia-saptamanii-7-13-septembrie-bucurestiul-in-top-ca-numar-de-cazuri-noi-si-ca-raspandire-a-virusului\/#primaryimage"},"image":{"@id":"https:\/\/buletin.de\/bucuresti\/infografic-radiografia-saptamanii-7-13-septembrie-bucurestiul-in-top-ca-numar-de-cazuri-noi-si-ca-raspandire-a-virusului\/#primaryimage"},"thumbnailUrl":"https:\/\/buletin.de\/bucuresti\/wp-content\/uploads\/Screenshot-2020-09-13-at-13.47.04.png","datePublished":"2020-09-14T13:06:40+00:00","breadcrumb":{"@id":"https:\/\/buletin.de\/bucuresti\/infografic-radiografia-saptamanii-7-13-septembrie-bucurestiul-in-top-ca-numar-de-cazuri-noi-si-ca-raspandire-a-virusului\/#breadcrumb"},"inLanguage":"en-GB","potentialAction":[{"@type":"ReadAction","target":["https:\/\/buletin.de\/bucuresti\/infografic-radiografia-saptamanii-7-13-septembrie-bucurestiul-in-top-ca-numar-de-cazuri-noi-si-ca-raspandire-a-virusului\/"]}]},{"@type":"ImageObject","inLanguage":"en-GB","@id":"https:\/\/buletin.de\/bucuresti\/infografic-radiografia-saptamanii-7-13-septembrie-bucurestiul-in-top-ca-numar-de-cazuri-noi-si-ca-raspandire-a-virusului\/#primaryimage","url":"https:\/\/buletin.de\/bucuresti\/wp-content\/uploads\/Screenshot-2020-09-13-at-13.47.04.png","contentUrl":"https:\/\/buletin.de\/bucuresti\/wp-content\/uploads\/Screenshot-2020-09-13-at-13.47.04.png","width":848,"height":632},{"@type":"BreadcrumbList","@id":"https:\/\/buletin.de\/bucuresti\/infografic-radiografia-saptamanii-7-13-septembrie-bucurestiul-in-top-ca-numar-de-cazuri-noi-si-ca-raspandire-a-virusului\/#breadcrumb","itemListElement":[{"@type":"ListItem","position":1,"name":"Acas\u0103","item":"https:\/\/buletin.de\/bucuresti\/"},{"@type":"ListItem","position":2,"name":"INFOGRAFIC | Radiografia s\u0103pt\u0103m\u00e2nii 7-13 septembrie: Bucure\u0219tiul, \u00een top ca num\u0103r de cazuri noi \u0219i ca r\u0103sp\u00e2ndire a virusului"}]},{"@type":"WebSite","@id":"https:\/\/buletin.de\/bucuresti\/#website","url":"https:\/\/buletin.de\/bucuresti\/","name":"Buletin de Bucure\u0219ti","description":"\u0218tiri \u0219i investiga\u021bii esen\u021biale din capital\u0103","publisher":{"@id":"https:\/\/buletin.de\/bucuresti\/#organization"},"potentialAction":[{"@type":"SearchAction","target":{"@type":"EntryPoint","urlTemplate":"https:\/\/buletin.de\/bucuresti\/?s={search_term_string}"},"query-input":{"@type":"PropertyValueSpecification","valueRequired":true,"valueName":"search_term_string"}}],"inLanguage":"en-GB"},{"@type":"Organization","@id":"https:\/\/buletin.de\/bucuresti\/#organization","name":"Buletin de Bucure\u0219ti","url":"https:\/\/buletin.de\/bucuresti\/","logo":{"@type":"ImageObject","inLanguage":"en-GB","@id":"https:\/\/buletin.de\/bucuresti\/#\/schema\/logo\/image\/","url":"https:\/\/buletin.de\/bucuresti\/wp-content\/uploads\/logo-bdb-full-wide-vernil-transparent.png","contentUrl":"https:\/\/buletin.de\/bucuresti\/wp-content\/uploads\/logo-bdb-full-wide-vernil-transparent.png","width":1782,"height":626,"caption":"Buletin de Bucure\u0219ti"},"image":{"@id":"https:\/\/buletin.de\/bucuresti\/#\/schema\/logo\/image\/"},"sameAs":["https:\/\/www.facebook.com\/buletin.de.buc","https:\/\/www.instagram.com\/buletinde.bucuresti\/"]},{"@type":"Person","@id":"https:\/\/buletin.de\/bucuresti\/#\/schema\/person\/7a01591ad05c4d2c7261fe7f0383d2af","name":"Irina Anghel","image":{"@type":"ImageObject","inLanguage":"en-GB","@id":"https:\/\/secure.gravatar.com\/avatar\/e7d429cbd0c7fe915f817961c0ffb96b407bc87e15aa35cee85f77146f8cce7e?s=96&d=monsterid&r=g693374df2a66e3f4935d210ea15b95ff","url":"https:\/\/secure.gravatar.com\/avatar\/e7d429cbd0c7fe915f817961c0ffb96b407bc87e15aa35cee85f77146f8cce7e?s=96&d=monsterid&r=g","contentUrl":"https:\/\/secure.gravatar.com\/avatar\/e7d429cbd0c7fe915f817961c0ffb96b407bc87e15aa35cee85f77146f8cce7e?s=96&d=monsterid&r=g","caption":"Irina Anghel"},"url":"https:\/\/buletin.de\/bucuresti\/author\/irina\/"}]}},"authors":[{"term_id":22592,"user_id":15,"is_guest":0,"slug":"irina","display_name":"Irina Anghel","avatar_url":"https:\/\/secure.gravatar.com\/avatar\/e7d429cbd0c7fe915f817961c0ffb96b407bc87e15aa35cee85f77146f8cce7e?s=96&d=monsterid&r=g","0":null,"1":"","2":"","3":"","4":"","5":"","6":"","7":"","8":""}],"_links":{"self":[{"href":"https:\/\/buletin.de\/bucuresti\/wp-json\/wp\/v2\/posts\/11912","targetHints":{"allow":["GET"]}}],"collection":[{"href":"https:\/\/buletin.de\/bucuresti\/wp-json\/wp\/v2\/posts"}],"about":[{"href":"https:\/\/buletin.de\/bucuresti\/wp-json\/wp\/v2\/types\/post"}],"author":[{"embeddable":true,"href":"https:\/\/buletin.de\/bucuresti\/wp-json\/wp\/v2\/users\/15"}],"replies":[{"embeddable":true,"href":"https:\/\/buletin.de\/bucuresti\/wp-json\/wp\/v2\/comments?post=11912"}],"version-history":[{"count":5,"href":"https:\/\/buletin.de\/bucuresti\/wp-json\/wp\/v2\/posts\/11912\/revisions"}],"predecessor-version":[{"id":11918,"href":"https:\/\/buletin.de\/bucuresti\/wp-json\/wp\/v2\/posts\/11912\/revisions\/11918"}],"wp:featuredmedia":[{"embeddable":true,"href":"https:\/\/buletin.de\/bucuresti\/wp-json\/wp\/v2\/media\/11913"}],"wp:attachment":[{"href":"https:\/\/buletin.de\/bucuresti\/wp-json\/wp\/v2\/media?parent=11912"}],"wp:term":[{"taxonomy":"category","embeddable":true,"href":"https:\/\/buletin.de\/bucuresti\/wp-json\/wp\/v2\/categories?post=11912"},{"taxonomy":"post_tag","embeddable":true,"href":"https:\/\/buletin.de\/bucuresti\/wp-json\/wp\/v2\/tags?post=11912"},{"taxonomy":"author","embeddable":true,"href":"https:\/\/buletin.de\/bucuresti\/wp-json\/wp\/v2\/ppma_author?post=11912"}],"curies":[{"name":"wp","href":"https:\/\/api.w.org\/{rel}","templated":true}]}}