{"id":119009,"date":"2025-02-18T12:27:02","date_gmt":"2025-02-18T09:27:02","guid":{"rendered":"https:\/\/buletin.de\/bucuresti\/?p=119009"},"modified":"2025-02-18T12:54:36","modified_gmt":"2025-02-18T09:54:36","slug":"codul-galben-de-ninsoare","status":"publish","type":"post","link":"https:\/\/buletin.de\/bucuresti\/codul-galben-de-ninsoare\/","title":{"rendered":"METEO | Ger \u00een Capital\u0103. Codul galben de ninsoare este prelungit"},"content":{"rendered":"\n<p><strong>Administra\u021bia Na\u021bional\u0103 de Meteorologie anun\u021b\u0103 c\u0103 ninsoarea va continua, \u00een Capital\u0103 \u0219i se va depune un nou strat de z\u0103pad\u0103. Ger \u0219i \u00een Capital\u0103<\/strong>.<strong> Temperaturile ajung o minim<strong>\u0103<\/strong> termic<strong>\u0103<\/strong> de p\u00e2n\u0103 la -17 grade.<\/strong> <strong>Codul galben de ninsoare este prelungit.<\/strong><\/p>\n\n\n\n<p>Vremea se va men\u021bine rece. Cerul va fi noros, va continua s\u0103 ning\u0103 moderat cantitativ \u0219i se va depune strat nou de z\u0103pad\u0103 cu grosimi \u00een general de 15\u202625 cm. Va fi ghe\u021bu\u0219. <\/p>\n\n\n\n<p>V\u00e2ntul va sufla slab \u0219i moderat. Temperatura aerului nu va avea varia\u021bii semnificative \u0219i va fi de -4\u2026-3 grade, potrivit <a href=\"https:\/\/www.meteoromania.ro\/\">ANM.<\/a><\/p>\n\n\n\n<p><strong>CITE\u0218TE \u0218I: <a href=\"https:\/\/buletin.de\/bucuresti\/trafic-normal-pe-aeroporturile-din-bucuresti-posibile-intarzieri-din-cauza-degivrarii-avioanelor\/\">Trafic normal pe aeroporturile din Bucure\u0219ti. Posibile \u00eent\u00e2rzieri din cauza degivr\u0103rii avioanelor<\/a><\/strong><\/p>\n\n\n\n<div class=\"wp-block-buttons is-content-justification-center is-layout-flex wp-container-core-buttons-is-layout-16018d1d wp-block-buttons-is-layout-flex\">\n<div class=\"wp-block-button has-custom-width wp-block-button__width-50\"><a class=\"wp-block-button__link wp-element-button\" href=\"https:\/\/www.patreon.com\/BuletinDeBucuresti\"><strong>Sus\u021bine Buletin de Bucure\u0219ti pentru investiga\u021bii, reportaje \u0219i \u0219tiri Locale<\/strong><\/a><\/div>\n<\/div>\n\n\n\n<h2 class=\"wp-block-heading\" id=\"h-codul-galben-de-ninsoare-prelungit-pana-pe-19-februarie-la-ora-10-00\">Codul galben de ninsoare, prelungit p\u00e2n\u0103 pe 19 februarie, la ora 10:00<\/h2>\n\n\n\n<p><strong>Administra\u021bia Na\u021bional\u0103 de Meteorologie a prelungit codul galben de ninsori, pentru Capital\u0103. Informarea este valabil\u0103 \u00een intervalul 17 februarie, ora 10:00 -19 februarie, ora 10:00.<\/strong><\/p>\n\n\n\n<p>Codul galben de ninsori este prelungit, \u00een intervalul&nbsp;<strong>17 februarie, ora 10:00 \u2013 19 februarie, ora 10:00<\/strong>, vremea va fi rece, iar cerul va fi \u00eennorat. Va ninge moderat cantitativ \u0219i se va depune un nou strat de z\u0103pad\u0103. P\u00e2n\u0103 la finalul intervalului, stratul total de z\u0103pad\u0103 va avea grosimi de p\u00e2n\u0103 la 25 de centimetri. Se va forma ghe\u021bu\u0219, iar v\u00e2ntul va sufla moderat.<\/p>\n\n\n\n<p><strong>Mar\u021bi, 18 februarie,<\/strong>&nbsp;vremea se va men\u021bine rece. Cerul va fi temporar noros \u0219i trec\u0103tor, \u00eendeosebi ziua va mai ninge, dar slab cantitativ. V\u00e2ntul va sufla \u00een general slab. Temperatura maxim\u0103 va fi de -5\u2026-4 grade, iar cea minim\u0103 de -7\u2026-6 grade, potrivit&nbsp;<a href=\"https:\/\/www.meteoromania.ro\/\">ANM.<\/a><\/p>\n\n\n\n<h2 class=\"wp-block-heading\" id=\"h-ger-\u0219i-in-capitala-spre-finalul-saptamanii\">Ger \u0219i \u00een Capital\u0103 spre finalul s\u0103pt\u0103m\u00e2nii<\/h2>\n\n\n\n<p><strong>Miercuri, 19 februarie,&nbsp;<\/strong>vremea va fi \u00een continuare rece. Cerul va fi variabil, mai mult senin seara \u0219i noaptea, iar v\u00e2ntul va sufla \u00een general slab. Temperatura maxim\u0103 se va situa \u00een jurul valorii de -5&#8230;-4 grade, iar cea minim\u0103 va fi de -17\u2026-5 grade.<\/p>\n\n\n\n<p><strong>Joi, 20 februarie,<\/strong>&nbsp;vremea va fi \u00een continuare rece, la Bucure\u0219ti dar probabilitatea de ninsori va fi redus\u0103. Cerul va fi variabil, iar v\u00e2ntul va sufla slab. Temperaturile minime se vor \u00eencadra intre -10&#8230;-8 grade, iar cea maxim\u0103 de -2 grad. Va fi, in continuare, ghetu\u0219.<\/p>\n\n\n\n<p>La sf\u00e2r\u0219itul s\u0103pt\u0103m\u00e2nii, cerul se \u00eensenineaz\u0103, \u00een Capital\u0103 \u0219i nu mai sunt condi\u021bii de precipita\u021bii. Temperaturile variaz\u0103 de la -7 la 1 grad.<\/p>\n\n\n\n<p><strong>CITE\u0218TE \u0218I: <a href=\"https:\/\/buletin.de\/bucuresti\/probleme-in-serie-pe-linii-mai-multe-tramvaie-au-deraiat-din-cauza-zapezii\/\">Probleme \u00een serie pe linii. Mai multe tramvaie au deraiat, din cauza z\u0103pezii<\/a><\/strong><\/p>\n","protected":false},"excerpt":{"rendered":"<p>Administra\u021bia Na\u021bional\u0103 de Meteorologie anun\u021b\u0103 c\u0103 ninsoarea va continua, \u00een Capital\u0103 \u0219i se va depune un nou strat de z\u0103pad\u0103. Ger \u0219i \u00een Capital\u0103. Temperaturile ajung o minim\u0103 termic\u0103 de p\u00e2n\u0103 la -17 grade. Codul galben de ninsoare este prelungit. Vremea se va men\u021bine rece. Cerul va fi noros, va continua s\u0103 ning\u0103 moderat cantitativ [&hellip;]<\/p>\n","protected":false},"author":49,"featured_media":118696,"comment_status":"closed","ping_status":"open","sticky":false,"template":"","format":"standard","meta":{"_acf_changed":false,"inline_featured_image":false,"ngg_post_thumbnail":0,"footnotes":""},"categories":[6994,1,62],"tags":[4314,5928,6554,10452],"ppma_author":[22574],"class_list":["post-119009","post","type-post","status-publish","format-standard","has-post-thumbnail","hentry","category-stiri-2","category-diverse","category-stiri","tag-anm","tag-anm-prognoza-meteo","tag-cod-galben","tag-temperaturi-bucuresti"],"acf":[],"yoast_head":"<!-- This site is optimized with the Yoast SEO Premium plugin v25.3 (Yoast SEO v27.4) - https:\/\/yoast.com\/product\/yoast-seo-premium-wordpress\/ -->\n<title>METEO | Ger \u00een Capital\u0103. Codul galben de ninsoare este prelungit - Buletin de Bucure\u0219ti<\/title>\n<meta name=\"description\" content=\"Ger \u0219i \u00een Capital\u0103. Temperaturile ajung o minim\u0103 termic\u0103 de p\u00e2n\u0103 la -17 grade. Codul galben de ninsoare este prelungit.\" \/>\n<meta name=\"robots\" content=\"index, follow, max-snippet:-1, max-image-preview:large, max-video-preview:-1\" \/>\n<link rel=\"canonical\" href=\"https:\/\/buletin.de\/bucuresti\/codul-galben-de-ninsoare\/\" \/>\n<meta property=\"og:locale\" content=\"en_GB\" \/>\n<meta property=\"og:type\" content=\"article\" \/>\n<meta property=\"og:title\" content=\"METEO | Ger \u00een Capital\u0103. Codul galben de ninsoare este prelungit\" \/>\n<meta property=\"og:description\" content=\"Ger \u0219i \u00een Capital\u0103. Temperaturile ajung o minim\u0103 termic\u0103 de p\u00e2n\u0103 la -17 grade. Codul galben de ninsoare este prelungit.\" \/>\n<meta property=\"og:url\" content=\"https:\/\/buletin.de\/bucuresti\/codul-galben-de-ninsoare\/\" \/>\n<meta property=\"og:site_name\" content=\"Buletin de Bucure\u0219ti\" \/>\n<meta property=\"article:publisher\" content=\"https:\/\/www.facebook.com\/buletin.de.buc\" \/>\n<meta property=\"article:published_time\" content=\"2025-02-18T09:27:02+00:00\" \/>\n<meta property=\"article:modified_time\" content=\"2025-02-18T09:54:36+00:00\" \/>\n<meta property=\"og:image\" content=\"https:\/\/buletin.de\/bucuresti\/wp-content\/uploads\/photo-1564260508434-ba6958a4c468.jpeg\" \/>\n\t<meta property=\"og:image:width\" content=\"2000\" \/>\n\t<meta property=\"og:image:height\" content=\"1447\" \/>\n\t<meta property=\"og:image:type\" content=\"image\/jpeg\" \/>\n<meta name=\"author\" content=\"Diana Matei\" \/>\n<meta name=\"twitter:card\" content=\"summary_large_image\" \/>\n<meta name=\"twitter:label1\" content=\"Written by\" \/>\n\t<meta name=\"twitter:data1\" content=\"Diana Matei\" \/>\n\t<meta name=\"twitter:label2\" content=\"Estimated reading time\" \/>\n\t<meta name=\"twitter:data2\" content=\"1 minute\" \/>\n<script type=\"application\/ld+json\" class=\"yoast-schema-graph\">{\"@context\":\"https:\\\/\\\/schema.org\",\"@graph\":[{\"@type\":\"Article\",\"@id\":\"https:\\\/\\\/buletin.de\\\/bucuresti\\\/codul-galben-de-ninsoare\\\/#article\",\"isPartOf\":{\"@id\":\"https:\\\/\\\/buletin.de\\\/bucuresti\\\/codul-galben-de-ninsoare\\\/\"},\"author\":{\"name\":\"Diana Matei\",\"@id\":\"https:\\\/\\\/buletin.de\\\/bucuresti\\\/#\\\/schema\\\/person\\\/7e46040573290777280a0835d81ea4ea\"},\"headline\":\"METEO | Ger \u00een Capital\u0103. Codul galben de ninsoare este prelungit\",\"datePublished\":\"2025-02-18T09:27:02+00:00\",\"dateModified\":\"2025-02-18T09:54:36+00:00\",\"mainEntityOfPage\":{\"@id\":\"https:\\\/\\\/buletin.de\\\/bucuresti\\\/codul-galben-de-ninsoare\\\/\"},\"wordCount\":449,\"publisher\":{\"@id\":\"https:\\\/\\\/buletin.de\\\/bucuresti\\\/#organization\"},\"image\":{\"@id\":\"https:\\\/\\\/buletin.de\\\/bucuresti\\\/codul-galben-de-ninsoare\\\/#primaryimage\"},\"thumbnailUrl\":\"https:\\\/\\\/buletin.de\\\/bucuresti\\\/wp-content\\\/uploads\\\/photo-1564260508434-ba6958a4c468.jpeg\",\"keywords\":[\"anm\",\"anm prognoza meteo\",\"cod galben\",\"temperaturi Bucuresti\"],\"articleSection\":[\"Articole\",\"Diverse\",\"\u0218tiri\"],\"inLanguage\":\"en-GB\",\"copyrightYear\":\"2025\",\"copyrightHolder\":{\"@id\":\"https:\\\/\\\/buletin.de\\\/bucuresti\\\/#organization\"}},{\"@type\":\"WebPage\",\"@id\":\"https:\\\/\\\/buletin.de\\\/bucuresti\\\/codul-galben-de-ninsoare\\\/\",\"url\":\"https:\\\/\\\/buletin.de\\\/bucuresti\\\/codul-galben-de-ninsoare\\\/\",\"name\":\"METEO | Ger \u00een Capital\u0103. Codul galben de ninsoare este prelungit - Buletin de Bucure\u0219ti\",\"isPartOf\":{\"@id\":\"https:\\\/\\\/buletin.de\\\/bucuresti\\\/#website\"},\"primaryImageOfPage\":{\"@id\":\"https:\\\/\\\/buletin.de\\\/bucuresti\\\/codul-galben-de-ninsoare\\\/#primaryimage\"},\"image\":{\"@id\":\"https:\\\/\\\/buletin.de\\\/bucuresti\\\/codul-galben-de-ninsoare\\\/#primaryimage\"},\"thumbnailUrl\":\"https:\\\/\\\/buletin.de\\\/bucuresti\\\/wp-content\\\/uploads\\\/photo-1564260508434-ba6958a4c468.jpeg\",\"datePublished\":\"2025-02-18T09:27:02+00:00\",\"dateModified\":\"2025-02-18T09:54:36+00:00\",\"description\":\"Ger \u0219i \u00een Capital\u0103. Temperaturile ajung o minim\u0103 termic\u0103 de p\u00e2n\u0103 la -17 grade. Codul galben de ninsoare este prelungit.\",\"breadcrumb\":{\"@id\":\"https:\\\/\\\/buletin.de\\\/bucuresti\\\/codul-galben-de-ninsoare\\\/#breadcrumb\"},\"inLanguage\":\"en-GB\",\"potentialAction\":[{\"@type\":\"ReadAction\",\"target\":[\"https:\\\/\\\/buletin.de\\\/bucuresti\\\/codul-galben-de-ninsoare\\\/\"]}]},{\"@type\":\"ImageObject\",\"inLanguage\":\"en-GB\",\"@id\":\"https:\\\/\\\/buletin.de\\\/bucuresti\\\/codul-galben-de-ninsoare\\\/#primaryimage\",\"url\":\"https:\\\/\\\/buletin.de\\\/bucuresti\\\/wp-content\\\/uploads\\\/photo-1564260508434-ba6958a4c468.jpeg\",\"contentUrl\":\"https:\\\/\\\/buletin.de\\\/bucuresti\\\/wp-content\\\/uploads\\\/photo-1564260508434-ba6958a4c468.jpeg\",\"width\":2000,\"height\":1447,\"caption\":\"METEO | Cod galben de ninsoare, \u00een Capital\u0103. Scad \u0219i temperaturile. FOTO: Unsplash\"},{\"@type\":\"BreadcrumbList\",\"@id\":\"https:\\\/\\\/buletin.de\\\/bucuresti\\\/codul-galben-de-ninsoare\\\/#breadcrumb\",\"itemListElement\":[{\"@type\":\"ListItem\",\"position\":1,\"name\":\"Acas\u0103\",\"item\":\"https:\\\/\\\/buletin.de\\\/bucuresti\\\/\"},{\"@type\":\"ListItem\",\"position\":2,\"name\":\"METEO | Ger \u00een Capital\u0103. Codul galben de ninsoare este prelungit\"}]},{\"@type\":\"WebSite\",\"@id\":\"https:\\\/\\\/buletin.de\\\/bucuresti\\\/#website\",\"url\":\"https:\\\/\\\/buletin.de\\\/bucuresti\\\/\",\"name\":\"Buletin de Bucure\u0219ti\",\"description\":\"\u0218tiri \u0219i investiga\u021bii esen\u021biale din capital\u0103\",\"publisher\":{\"@id\":\"https:\\\/\\\/buletin.de\\\/bucuresti\\\/#organization\"},\"potentialAction\":[{\"@type\":\"SearchAction\",\"target\":{\"@type\":\"EntryPoint\",\"urlTemplate\":\"https:\\\/\\\/buletin.de\\\/bucuresti\\\/?s={search_term_string}\"},\"query-input\":{\"@type\":\"PropertyValueSpecification\",\"valueRequired\":true,\"valueName\":\"search_term_string\"}}],\"inLanguage\":\"en-GB\"},{\"@type\":\"Organization\",\"@id\":\"https:\\\/\\\/buletin.de\\\/bucuresti\\\/#organization\",\"name\":\"Buletin de Bucure\u0219ti\",\"url\":\"https:\\\/\\\/buletin.de\\\/bucuresti\\\/\",\"logo\":{\"@type\":\"ImageObject\",\"inLanguage\":\"en-GB\",\"@id\":\"https:\\\/\\\/buletin.de\\\/bucuresti\\\/#\\\/schema\\\/logo\\\/image\\\/\",\"url\":\"https:\\\/\\\/buletin.de\\\/bucuresti\\\/wp-content\\\/uploads\\\/logo-bdb-full-wide-vernil-transparent.png\",\"contentUrl\":\"https:\\\/\\\/buletin.de\\\/bucuresti\\\/wp-content\\\/uploads\\\/logo-bdb-full-wide-vernil-transparent.png\",\"width\":1782,\"height\":626,\"caption\":\"Buletin de Bucure\u0219ti\"},\"image\":{\"@id\":\"https:\\\/\\\/buletin.de\\\/bucuresti\\\/#\\\/schema\\\/logo\\\/image\\\/\"},\"sameAs\":[\"https:\\\/\\\/www.facebook.com\\\/buletin.de.buc\",\"https:\\\/\\\/www.instagram.com\\\/buletinde.bucuresti\\\/\"]},{\"@type\":\"Person\",\"@id\":\"https:\\\/\\\/buletin.de\\\/bucuresti\\\/#\\\/schema\\\/person\\\/7e46040573290777280a0835d81ea4ea\",\"name\":\"Diana Matei\",\"image\":{\"@type\":\"ImageObject\",\"inLanguage\":\"en-GB\",\"@id\":\"https:\\\/\\\/buletin.de\\\/bucuresti\\\/wp-content\\\/uploads\\\/9-2-96x96.jpg1e8590b30871d70e62ebcdaf2eff570c\",\"url\":\"https:\\\/\\\/buletin.de\\\/bucuresti\\\/wp-content\\\/uploads\\\/9-2-96x96.jpg\",\"contentUrl\":\"https:\\\/\\\/buletin.de\\\/bucuresti\\\/wp-content\\\/uploads\\\/9-2-96x96.jpg\",\"caption\":\"Diana Matei\"},\"url\":\"https:\\\/\\\/buletin.de\\\/bucuresti\\\/author\\\/dianamatei\\\/\"}]}<\/script>\n<!-- \/ Yoast SEO Premium plugin. -->","yoast_head_json":{"title":"METEO | Ger \u00een Capital\u0103. Codul galben de ninsoare este prelungit - Buletin de Bucure\u0219ti","description":"Ger \u0219i \u00een Capital\u0103. Temperaturile ajung o minim\u0103 termic\u0103 de p\u00e2n\u0103 la -17 grade. Codul galben de ninsoare este prelungit.","robots":{"index":"index","follow":"follow","max-snippet":"max-snippet:-1","max-image-preview":"max-image-preview:large","max-video-preview":"max-video-preview:-1"},"canonical":"https:\/\/buletin.de\/bucuresti\/codul-galben-de-ninsoare\/","og_locale":"en_GB","og_type":"article","og_title":"METEO | Ger \u00een Capital\u0103. Codul galben de ninsoare este prelungit","og_description":"Ger \u0219i \u00een Capital\u0103. Temperaturile ajung o minim\u0103 termic\u0103 de p\u00e2n\u0103 la -17 grade. Codul galben de ninsoare este prelungit.","og_url":"https:\/\/buletin.de\/bucuresti\/codul-galben-de-ninsoare\/","og_site_name":"Buletin de Bucure\u0219ti","article_publisher":"https:\/\/www.facebook.com\/buletin.de.buc","article_published_time":"2025-02-18T09:27:02+00:00","article_modified_time":"2025-02-18T09:54:36+00:00","og_image":[{"width":2000,"height":1447,"url":"https:\/\/buletin.de\/bucuresti\/wp-content\/uploads\/photo-1564260508434-ba6958a4c468.jpeg","type":"image\/jpeg"}],"author":"Diana Matei","twitter_card":"summary_large_image","twitter_misc":{"Written by":"Diana Matei","Estimated reading time":"1 minute"},"schema":{"@context":"https:\/\/schema.org","@graph":[{"@type":"Article","@id":"https:\/\/buletin.de\/bucuresti\/codul-galben-de-ninsoare\/#article","isPartOf":{"@id":"https:\/\/buletin.de\/bucuresti\/codul-galben-de-ninsoare\/"},"author":{"name":"Diana Matei","@id":"https:\/\/buletin.de\/bucuresti\/#\/schema\/person\/7e46040573290777280a0835d81ea4ea"},"headline":"METEO | Ger \u00een Capital\u0103. Codul galben de ninsoare este prelungit","datePublished":"2025-02-18T09:27:02+00:00","dateModified":"2025-02-18T09:54:36+00:00","mainEntityOfPage":{"@id":"https:\/\/buletin.de\/bucuresti\/codul-galben-de-ninsoare\/"},"wordCount":449,"publisher":{"@id":"https:\/\/buletin.de\/bucuresti\/#organization"},"image":{"@id":"https:\/\/buletin.de\/bucuresti\/codul-galben-de-ninsoare\/#primaryimage"},"thumbnailUrl":"https:\/\/buletin.de\/bucuresti\/wp-content\/uploads\/photo-1564260508434-ba6958a4c468.jpeg","keywords":["anm","anm prognoza meteo","cod galben","temperaturi Bucuresti"],"articleSection":["Articole","Diverse","\u0218tiri"],"inLanguage":"en-GB","copyrightYear":"2025","copyrightHolder":{"@id":"https:\/\/buletin.de\/bucuresti\/#organization"}},{"@type":"WebPage","@id":"https:\/\/buletin.de\/bucuresti\/codul-galben-de-ninsoare\/","url":"https:\/\/buletin.de\/bucuresti\/codul-galben-de-ninsoare\/","name":"METEO | Ger \u00een Capital\u0103. Codul galben de ninsoare este prelungit - Buletin de Bucure\u0219ti","isPartOf":{"@id":"https:\/\/buletin.de\/bucuresti\/#website"},"primaryImageOfPage":{"@id":"https:\/\/buletin.de\/bucuresti\/codul-galben-de-ninsoare\/#primaryimage"},"image":{"@id":"https:\/\/buletin.de\/bucuresti\/codul-galben-de-ninsoare\/#primaryimage"},"thumbnailUrl":"https:\/\/buletin.de\/bucuresti\/wp-content\/uploads\/photo-1564260508434-ba6958a4c468.jpeg","datePublished":"2025-02-18T09:27:02+00:00","dateModified":"2025-02-18T09:54:36+00:00","description":"Ger \u0219i \u00een Capital\u0103. Temperaturile ajung o minim\u0103 termic\u0103 de p\u00e2n\u0103 la -17 grade. Codul galben de ninsoare este prelungit.","breadcrumb":{"@id":"https:\/\/buletin.de\/bucuresti\/codul-galben-de-ninsoare\/#breadcrumb"},"inLanguage":"en-GB","potentialAction":[{"@type":"ReadAction","target":["https:\/\/buletin.de\/bucuresti\/codul-galben-de-ninsoare\/"]}]},{"@type":"ImageObject","inLanguage":"en-GB","@id":"https:\/\/buletin.de\/bucuresti\/codul-galben-de-ninsoare\/#primaryimage","url":"https:\/\/buletin.de\/bucuresti\/wp-content\/uploads\/photo-1564260508434-ba6958a4c468.jpeg","contentUrl":"https:\/\/buletin.de\/bucuresti\/wp-content\/uploads\/photo-1564260508434-ba6958a4c468.jpeg","width":2000,"height":1447,"caption":"METEO | Cod galben de ninsoare, \u00een Capital\u0103. Scad \u0219i temperaturile. FOTO: Unsplash"},{"@type":"BreadcrumbList","@id":"https:\/\/buletin.de\/bucuresti\/codul-galben-de-ninsoare\/#breadcrumb","itemListElement":[{"@type":"ListItem","position":1,"name":"Acas\u0103","item":"https:\/\/buletin.de\/bucuresti\/"},{"@type":"ListItem","position":2,"name":"METEO | Ger \u00een Capital\u0103. Codul galben de ninsoare este prelungit"}]},{"@type":"WebSite","@id":"https:\/\/buletin.de\/bucuresti\/#website","url":"https:\/\/buletin.de\/bucuresti\/","name":"Buletin de Bucure\u0219ti","description":"\u0218tiri \u0219i investiga\u021bii esen\u021biale din capital\u0103","publisher":{"@id":"https:\/\/buletin.de\/bucuresti\/#organization"},"potentialAction":[{"@type":"SearchAction","target":{"@type":"EntryPoint","urlTemplate":"https:\/\/buletin.de\/bucuresti\/?s={search_term_string}"},"query-input":{"@type":"PropertyValueSpecification","valueRequired":true,"valueName":"search_term_string"}}],"inLanguage":"en-GB"},{"@type":"Organization","@id":"https:\/\/buletin.de\/bucuresti\/#organization","name":"Buletin de Bucure\u0219ti","url":"https:\/\/buletin.de\/bucuresti\/","logo":{"@type":"ImageObject","inLanguage":"en-GB","@id":"https:\/\/buletin.de\/bucuresti\/#\/schema\/logo\/image\/","url":"https:\/\/buletin.de\/bucuresti\/wp-content\/uploads\/logo-bdb-full-wide-vernil-transparent.png","contentUrl":"https:\/\/buletin.de\/bucuresti\/wp-content\/uploads\/logo-bdb-full-wide-vernil-transparent.png","width":1782,"height":626,"caption":"Buletin de Bucure\u0219ti"},"image":{"@id":"https:\/\/buletin.de\/bucuresti\/#\/schema\/logo\/image\/"},"sameAs":["https:\/\/www.facebook.com\/buletin.de.buc","https:\/\/www.instagram.com\/buletinde.bucuresti\/"]},{"@type":"Person","@id":"https:\/\/buletin.de\/bucuresti\/#\/schema\/person\/7e46040573290777280a0835d81ea4ea","name":"Diana Matei","image":{"@type":"ImageObject","inLanguage":"en-GB","@id":"https:\/\/buletin.de\/bucuresti\/wp-content\/uploads\/9-2-96x96.jpg1e8590b30871d70e62ebcdaf2eff570c","url":"https:\/\/buletin.de\/bucuresti\/wp-content\/uploads\/9-2-96x96.jpg","contentUrl":"https:\/\/buletin.de\/bucuresti\/wp-content\/uploads\/9-2-96x96.jpg","caption":"Diana Matei"},"url":"https:\/\/buletin.de\/bucuresti\/author\/dianamatei\/"}]}},"authors":[{"term_id":22574,"user_id":49,"is_guest":0,"slug":"dianamatei","display_name":"Diana Matei","avatar_url":"https:\/\/buletin.de\/bucuresti\/wp-content\/uploads\/9-2-96x96.jpg","0":null,"1":"","2":"","3":"","4":"","5":"","6":"","7":"","8":""}],"_links":{"self":[{"href":"https:\/\/buletin.de\/bucuresti\/wp-json\/wp\/v2\/posts\/119009","targetHints":{"allow":["GET"]}}],"collection":[{"href":"https:\/\/buletin.de\/bucuresti\/wp-json\/wp\/v2\/posts"}],"about":[{"href":"https:\/\/buletin.de\/bucuresti\/wp-json\/wp\/v2\/types\/post"}],"author":[{"embeddable":true,"href":"https:\/\/buletin.de\/bucuresti\/wp-json\/wp\/v2\/users\/49"}],"replies":[{"embeddable":true,"href":"https:\/\/buletin.de\/bucuresti\/wp-json\/wp\/v2\/comments?post=119009"}],"version-history":[{"count":3,"href":"https:\/\/buletin.de\/bucuresti\/wp-json\/wp\/v2\/posts\/119009\/revisions"}],"predecessor-version":[{"id":119033,"href":"https:\/\/buletin.de\/bucuresti\/wp-json\/wp\/v2\/posts\/119009\/revisions\/119033"}],"wp:featuredmedia":[{"embeddable":true,"href":"https:\/\/buletin.de\/bucuresti\/wp-json\/wp\/v2\/media\/118696"}],"wp:attachment":[{"href":"https:\/\/buletin.de\/bucuresti\/wp-json\/wp\/v2\/media?parent=119009"}],"wp:term":[{"taxonomy":"category","embeddable":true,"href":"https:\/\/buletin.de\/bucuresti\/wp-json\/wp\/v2\/categories?post=119009"},{"taxonomy":"post_tag","embeddable":true,"href":"https:\/\/buletin.de\/bucuresti\/wp-json\/wp\/v2\/tags?post=119009"},{"taxonomy":"author","embeddable":true,"href":"https:\/\/buletin.de\/bucuresti\/wp-json\/wp\/v2\/ppma_author?post=119009"}],"curies":[{"name":"wp","href":"https:\/\/api.w.org\/{rel}","templated":true}]}}