{"id":118971,"date":"2025-02-18T06:00:00","date_gmt":"2025-02-18T03:00:00","guid":{"rendered":"https:\/\/buletin.de\/bucuresti\/?p=118971"},"modified":"2025-02-18T00:52:42","modified_gmt":"2025-02-17T21:52:42","slug":"nicusor-dan-despre-candidatura-sa-e-ferma-sunt-2-000-de-oameni-care-au-donat-bani-nu-pot-sa-ma-joc","status":"publish","type":"post","link":"https:\/\/buletin.de\/bucuresti\/nicusor-dan-despre-candidatura-sa-e-ferma-sunt-2-000-de-oameni-care-au-donat-bani-nu-pot-sa-ma-joc\/","title":{"rendered":"Nicu\u015for Dan despre candidatura sa: E ferm\u0103. Sunt 2.000 de oameni care au donat bani, nu pot s\u0103 m\u0103 joc"},"content":{"rendered":"\n<p><strong>Nicu\u015for Dan sus\u021bine despre candidatura sa la pre\u0219edin\u021bie c\u0103 nu poate renun\u021ba la curs\u0103, deoarece mii de oameni s-au \u00eenscris voluntari pentru campania sa electoral\u0103, str\u00e2ng deja semn\u0103turi, \u0219i sunt dou\u0103 mii de oameni care au donat bani. <\/strong><\/p>\n\n\n\n<h2 class=\"wp-block-heading\" id=\"h-nicusor-dan-despre-candidatura-campania-mea-va-continua-in-orice-varianta\">Nicu\u015for Dan despre candidatura: Campania mea va continua \u00een orice variant\u0103<\/h2>\n\n\n\n<p><strong>Primarul general a men\u021bionat c\u0103 r\u0103m\u00e2ne ferm \u00een ceea ce prive\u015fte candidatura sa \u015fi c\u0103 nimic nu \u00eel poate determina s\u0103 renun\u0163e.<\/strong><\/p>\n\n\n\n<p>\u201eNu m\u0103 poate determina nimic s\u0103 \u00eemi retrag candidatura. E ferm\u0103 candidatura. Sunt mii de oameni care s-au \u00eenscris voluntari, str\u00e2ng deja semn\u0103turi, sunt dou\u0103 mii de oameni care au donat bani, nu pot s\u0103 m\u0103 joc.<\/p>\n\n\n\n<p>\u00cen orice variant\u0103, campania mea va continua\u201d, a declarat, luni, pentru <a href=\"https:\/\/www.news.ro\/politic-intern\/nicusor-dan-e-ferma-candidatura-mea-sunt-mii-de-oameni-care-s-au-inscris-voluntari-strang-deja-semnaturi-sunt-doua-mii-de-oameni-care-au-donat-bani-nu-pot-sa-ma-joc-1922405817002025021821937088\" target=\"_blank\" rel=\"noreferrer noopener\">News.ro<\/a>, Nicu\u015for Dan.<\/p>\n\n\n\n<p>C\u00e2t prive\u015fte o decizie rapid\u0103 a USR privind strategia acestei forma\u0163iuni pentru preziden\u0163iale, Nicu\u015for Dan a men\u021bionat c\u0103 va respecta orice decizie \u015fi c\u0103 nu vrea s\u0103 pun\u0103 nicio presiune.<\/p>\n\n\n\n<p>\u201eEu nu vreau s\u0103 pun niciun fel de presiune. Am avut o rela\u0163ie foarte bun\u0103 cu ei (USR \u2013 n.r.) \u00een Consiliul General, nu vreau s\u0103 pun absolut nicio presiune, o s\u0103 respect orice decizie. Candidatul lor este doamna Lasconi\u201d, a afirmat Nicu\u015for Dan.<\/p>\n\n\n\n<p><strong>Nicu\u015for Dan a declarat c\u0103 desemnarea lui Antonescu de c\u0103tre PSD, PNL \u015fi UDMR a fost o surpriz\u0103.<\/strong><\/p>\n\n\n\n<p>\u201eNu m\u0103 a\u015fteptam s\u0103 fie cineva din zona politic\u0103 acceptat de toate cele trei partide. Crin Antonescu a condus PNL, dar interesant este c\u0103 el st\u0103 mult mai bine la publicul PSD, dar la publicul PNL sunt la egalitate, eu \u015fi domnul Antonescu. \u015ei la Bucure\u015fti m-au votat mul\u0163i simpatizan\u0163i PNL, care apoi au votat PNL pe lista de consiliu\u201d, a precizat Nicu\u0219or Dan.<\/p>\n\n\n\n<p><strong>CITE\u0218TE \u0218I: <a href=\"https:\/\/buletin.de\/bucuresti\/nicusor-dan-si-a-delegat-atributiile-de-la-primaria-capitalei-pe-perioada-campaniei-prezidentiale\/\" target=\"_blank\" rel=\"noreferrer noopener\">Nicu\u0219or Dan \u0219i-a delegat atribu\u021biile de la Prim\u0103ria Capitalei pe perioada campaniei preziden\u021biale<\/a><\/strong><\/p>\n\n\n\n<h2 class=\"wp-block-heading\" id=\"h-nicu\u0219or-dan-spera-sa-stranga-2-milioane-de-euro\">Nicu\u0219or Dan sper\u0103 s\u0103 str\u00e2ng\u0103 2 milioane de euro<\/h2>\n\n\n\n<p><strong>Primarul general al Bucure\u0219tiului a anun\u021bat c\u0103 \u021binta lui este s\u0103 str\u00e2ng\u0103 2 milioane de euro din dona\u021bii de la rom\u00e2ni. <\/strong><\/p>\n\n\n\n<p>\u201eLa alegerile locale din Bucure\u0219ti, am reu\u0219it s\u0103 str\u00e2ngem 500.000 de euro de la peste 3.000 de oameni. \u021ainta noastr\u0103 pentru alegerile preziden\u021biale este 2 milioane de euro\u201d, a declarat Nicu\u0219or Dan.<\/p>\n\n\n\n<p>Nicu\u0219or Dan a precizat c\u0103 se bazeaz\u0103 pe voluntari pentru campania electoral\u0103 \u0219i pentru str\u00e2ngerea semn\u0103turilor necesare pentru candidatur\u0103, formularul fiind disponibil pe site-ul s\u0103u de campanie.<\/p>\n\n\n\n<p>\u201eVoluntarii vor fi inima campaniei noastre. A\u0219a cum am spus, campaniile sunt despre comunit\u0103\u021bi \u0219i suntem \u00eentr-un moment \u00een care re\u021belele sociale le permit s\u0103 se manifeste direct.<\/p>\n\n\n\n<p>V\u0103 propun o campanie cu mii sau zeci de mii de voluntari care s\u0103 \u00eenving\u0103 campanii cu mii sau zeci de mii de bo\u021bi\u201d.Nicu\u0219or Dan<\/p>\n\n\n\n<p><strong><a href=\"https:\/\/nicusordan.ro\/\">Site-ul<\/a>\u00a0include \u0219i o sec\u021biune pentru formulare de semn\u0103turi. Sunt necesare 200.000 de semn\u0103turi p\u00e2n\u0103 pe 15 martie.<\/strong><\/p>\n\n\n\n<p><strong>CITE\u0218TE \u0218I: <a href=\"https:\/\/buletin.de\/bucuresti\/primaria-capitalei-vrea-sa-cumpere-inca-250-de-tramvaie\/\" target=\"_blank\" rel=\"noreferrer noopener\">Prim\u0103ria Capitalei vrea s\u0103 cumpere \u00eenc\u0103 250 de tramvaie. Al\u021bi 50 de kilometri de linie vor fi moderniza\u021bi<br><\/a><\/strong><\/p>\n\n\n\n<p><br><\/p>\n","protected":false},"excerpt":{"rendered":"<p>Nicu\u015for Dan sus\u021bine despre candidatura sa la pre\u0219edin\u021bie c\u0103 nu poate renun\u021ba la curs\u0103, deoarece mii de oameni s-au \u00eenscris voluntari pentru campania sa electoral\u0103, str\u00e2ng deja semn\u0103turi, \u0219i sunt dou\u0103 mii de oameni care au donat bani. Nicu\u015for Dan despre candidatura: Campania mea va continua \u00een orice variant\u0103 Primarul general a men\u021bionat c\u0103 r\u0103m\u00e2ne [&hellip;]<\/p>\n","protected":false},"author":1,"featured_media":118973,"comment_status":"closed","ping_status":"open","sticky":false,"template":"","format":"standard","meta":{"_acf_changed":false,"inline_featured_image":false,"ngg_post_thumbnail":0,"footnotes":""},"categories":[6994,9025,62],"tags":[17074,17726,1461,223],"ppma_author":[22583],"class_list":["post-118971","post","type-post","status-publish","format-standard","has-post-thumbnail","hentry","category-stiri-2","category-politic","category-stiri","tag-alegeri-prezidentiale-nicusor-dan","tag-candidatul-nicusor-dan-la-alegerile-prezidentiale","tag-candidatura","tag-nicusor-dan"],"acf":[],"yoast_head":"<!-- This site is optimized with the Yoast SEO Premium plugin v25.3 (Yoast SEO v27.4) - https:\/\/yoast.com\/product\/yoast-seo-premium-wordpress\/ -->\n<title>Nicu\u015for Dan despre candidatura sa: E ferm\u0103. Sunt 2.000 de oameni care au donat bani, nu pot s\u0103 m\u0103 joc - Buletin de Bucure\u0219ti<\/title>\n<meta name=\"description\" content=\"Nicu\u015for Dan despre candidatura sa la pre\u0219edin\u021bie: E ferm\u0103. Sunt 2.000 de oameni care au donat bani, nu pot s\u0103 m\u0103 joc.\" \/>\n<meta name=\"robots\" content=\"index, follow, max-snippet:-1, max-image-preview:large, max-video-preview:-1\" \/>\n<link rel=\"canonical\" href=\"https:\/\/buletin.de\/bucuresti\/nicusor-dan-despre-candidatura-sa-e-ferma-sunt-2-000-de-oameni-care-au-donat-bani-nu-pot-sa-ma-joc\/\" \/>\n<meta property=\"og:locale\" content=\"en_GB\" \/>\n<meta property=\"og:type\" content=\"article\" \/>\n<meta property=\"og:title\" content=\"Nicu\u015for Dan despre candidatura sa: E ferm\u0103. Sunt 2.000 de oameni care au donat bani, nu pot s\u0103 m\u0103 joc\" \/>\n<meta property=\"og:description\" content=\"Nicu\u015for Dan despre candidatura sa la pre\u0219edin\u021bie: E ferm\u0103. Sunt 2.000 de oameni care au donat bani, nu pot s\u0103 m\u0103 joc.\" \/>\n<meta property=\"og:url\" content=\"https:\/\/buletin.de\/bucuresti\/nicusor-dan-despre-candidatura-sa-e-ferma-sunt-2-000-de-oameni-care-au-donat-bani-nu-pot-sa-ma-joc\/\" \/>\n<meta property=\"og:site_name\" content=\"Buletin de Bucure\u0219ti\" \/>\n<meta property=\"article:publisher\" content=\"https:\/\/www.facebook.com\/buletin.de.buc\" \/>\n<meta property=\"article:published_time\" content=\"2025-02-18T03:00:00+00:00\" \/>\n<meta property=\"og:image\" content=\"https:\/\/buletin.de\/bucuresti\/wp-content\/uploads\/nicusordan-2.jpg\" \/>\n\t<meta property=\"og:image:width\" content=\"1440\" \/>\n\t<meta property=\"og:image:height\" content=\"960\" \/>\n\t<meta property=\"og:image:type\" content=\"image\/jpeg\" \/>\n<meta name=\"author\" content=\"Redac\u021bia Buletin de Bucure\u0219ti\" \/>\n<meta name=\"twitter:card\" content=\"summary_large_image\" \/>\n<meta name=\"twitter:label1\" content=\"Written by\" \/>\n\t<meta name=\"twitter:data1\" content=\"Redac\u021bia Buletin de Bucure\u0219ti\" \/>\n\t<meta name=\"twitter:label2\" content=\"Estimated reading time\" \/>\n\t<meta name=\"twitter:data2\" content=\"3 minutes\" \/>\n<script type=\"application\/ld+json\" class=\"yoast-schema-graph\">{\"@context\":\"https:\\\/\\\/schema.org\",\"@graph\":[{\"@type\":\"Article\",\"@id\":\"https:\\\/\\\/buletin.de\\\/bucuresti\\\/nicusor-dan-despre-candidatura-sa-e-ferma-sunt-2-000-de-oameni-care-au-donat-bani-nu-pot-sa-ma-joc\\\/#article\",\"isPartOf\":{\"@id\":\"https:\\\/\\\/buletin.de\\\/bucuresti\\\/nicusor-dan-despre-candidatura-sa-e-ferma-sunt-2-000-de-oameni-care-au-donat-bani-nu-pot-sa-ma-joc\\\/\"},\"author\":{\"name\":\"Redac\u021bia Buletin de Bucure\u0219ti\",\"@id\":\"https:\\\/\\\/buletin.de\\\/bucuresti\\\/#\\\/schema\\\/person\\\/2bbcf854e5f2419a13804af574d06ab1\"},\"headline\":\"Nicu\u015for Dan despre candidatura sa: E ferm\u0103. Sunt 2.000 de oameni care au donat bani, nu pot s\u0103 m\u0103 joc\",\"datePublished\":\"2025-02-18T03:00:00+00:00\",\"mainEntityOfPage\":{\"@id\":\"https:\\\/\\\/buletin.de\\\/bucuresti\\\/nicusor-dan-despre-candidatura-sa-e-ferma-sunt-2-000-de-oameni-care-au-donat-bani-nu-pot-sa-ma-joc\\\/\"},\"wordCount\":551,\"publisher\":{\"@id\":\"https:\\\/\\\/buletin.de\\\/bucuresti\\\/#organization\"},\"image\":{\"@id\":\"https:\\\/\\\/buletin.de\\\/bucuresti\\\/nicusor-dan-despre-candidatura-sa-e-ferma-sunt-2-000-de-oameni-care-au-donat-bani-nu-pot-sa-ma-joc\\\/#primaryimage\"},\"thumbnailUrl\":\"https:\\\/\\\/buletin.de\\\/bucuresti\\\/wp-content\\\/uploads\\\/nicusordan-2.jpg\",\"keywords\":[\"alegeri prezidentiale nicusor dan\",\"candidatul nicusor dan la alegerile prezidentiale\",\"candidatura\",\"nicusor dan\"],\"articleSection\":[\"Articole\",\"Politic\",\"\u0218tiri\"],\"inLanguage\":\"en-GB\",\"copyrightYear\":\"2025\",\"copyrightHolder\":{\"@id\":\"https:\\\/\\\/buletin.de\\\/bucuresti\\\/#organization\"}},{\"@type\":\"WebPage\",\"@id\":\"https:\\\/\\\/buletin.de\\\/bucuresti\\\/nicusor-dan-despre-candidatura-sa-e-ferma-sunt-2-000-de-oameni-care-au-donat-bani-nu-pot-sa-ma-joc\\\/\",\"url\":\"https:\\\/\\\/buletin.de\\\/bucuresti\\\/nicusor-dan-despre-candidatura-sa-e-ferma-sunt-2-000-de-oameni-care-au-donat-bani-nu-pot-sa-ma-joc\\\/\",\"name\":\"Nicu\u015for Dan despre candidatura sa: E ferm\u0103. Sunt 2.000 de oameni care au donat bani, nu pot s\u0103 m\u0103 joc - Buletin de Bucure\u0219ti\",\"isPartOf\":{\"@id\":\"https:\\\/\\\/buletin.de\\\/bucuresti\\\/#website\"},\"primaryImageOfPage\":{\"@id\":\"https:\\\/\\\/buletin.de\\\/bucuresti\\\/nicusor-dan-despre-candidatura-sa-e-ferma-sunt-2-000-de-oameni-care-au-donat-bani-nu-pot-sa-ma-joc\\\/#primaryimage\"},\"image\":{\"@id\":\"https:\\\/\\\/buletin.de\\\/bucuresti\\\/nicusor-dan-despre-candidatura-sa-e-ferma-sunt-2-000-de-oameni-care-au-donat-bani-nu-pot-sa-ma-joc\\\/#primaryimage\"},\"thumbnailUrl\":\"https:\\\/\\\/buletin.de\\\/bucuresti\\\/wp-content\\\/uploads\\\/nicusordan-2.jpg\",\"datePublished\":\"2025-02-18T03:00:00+00:00\",\"description\":\"Nicu\u015for Dan despre candidatura sa la pre\u0219edin\u021bie: E ferm\u0103. Sunt 2.000 de oameni care au donat bani, nu pot s\u0103 m\u0103 joc.\",\"breadcrumb\":{\"@id\":\"https:\\\/\\\/buletin.de\\\/bucuresti\\\/nicusor-dan-despre-candidatura-sa-e-ferma-sunt-2-000-de-oameni-care-au-donat-bani-nu-pot-sa-ma-joc\\\/#breadcrumb\"},\"inLanguage\":\"en-GB\",\"potentialAction\":[{\"@type\":\"ReadAction\",\"target\":[\"https:\\\/\\\/buletin.de\\\/bucuresti\\\/nicusor-dan-despre-candidatura-sa-e-ferma-sunt-2-000-de-oameni-care-au-donat-bani-nu-pot-sa-ma-joc\\\/\"]}]},{\"@type\":\"ImageObject\",\"inLanguage\":\"en-GB\",\"@id\":\"https:\\\/\\\/buletin.de\\\/bucuresti\\\/nicusor-dan-despre-candidatura-sa-e-ferma-sunt-2-000-de-oameni-care-au-donat-bani-nu-pot-sa-ma-joc\\\/#primaryimage\",\"url\":\"https:\\\/\\\/buletin.de\\\/bucuresti\\\/wp-content\\\/uploads\\\/nicusordan-2.jpg\",\"contentUrl\":\"https:\\\/\\\/buletin.de\\\/bucuresti\\\/wp-content\\\/uploads\\\/nicusordan-2.jpg\",\"width\":1440,\"height\":960,\"caption\":\"Nicu\u015for Dan despre candidatura sa: Nu renun\u021b. Foto Nicu\u0219or Dan\"},{\"@type\":\"BreadcrumbList\",\"@id\":\"https:\\\/\\\/buletin.de\\\/bucuresti\\\/nicusor-dan-despre-candidatura-sa-e-ferma-sunt-2-000-de-oameni-care-au-donat-bani-nu-pot-sa-ma-joc\\\/#breadcrumb\",\"itemListElement\":[{\"@type\":\"ListItem\",\"position\":1,\"name\":\"Acas\u0103\",\"item\":\"https:\\\/\\\/buletin.de\\\/bucuresti\\\/\"},{\"@type\":\"ListItem\",\"position\":2,\"name\":\"Nicu\u015for Dan despre candidatura sa: E ferm\u0103. Sunt 2.000 de oameni care au donat bani, nu pot s\u0103 m\u0103 joc\"}]},{\"@type\":\"WebSite\",\"@id\":\"https:\\\/\\\/buletin.de\\\/bucuresti\\\/#website\",\"url\":\"https:\\\/\\\/buletin.de\\\/bucuresti\\\/\",\"name\":\"Buletin de Bucure\u0219ti\",\"description\":\"\u0218tiri \u0219i investiga\u021bii esen\u021biale din capital\u0103\",\"publisher\":{\"@id\":\"https:\\\/\\\/buletin.de\\\/bucuresti\\\/#organization\"},\"potentialAction\":[{\"@type\":\"SearchAction\",\"target\":{\"@type\":\"EntryPoint\",\"urlTemplate\":\"https:\\\/\\\/buletin.de\\\/bucuresti\\\/?s={search_term_string}\"},\"query-input\":{\"@type\":\"PropertyValueSpecification\",\"valueRequired\":true,\"valueName\":\"search_term_string\"}}],\"inLanguage\":\"en-GB\"},{\"@type\":\"Organization\",\"@id\":\"https:\\\/\\\/buletin.de\\\/bucuresti\\\/#organization\",\"name\":\"Buletin de Bucure\u0219ti\",\"url\":\"https:\\\/\\\/buletin.de\\\/bucuresti\\\/\",\"logo\":{\"@type\":\"ImageObject\",\"inLanguage\":\"en-GB\",\"@id\":\"https:\\\/\\\/buletin.de\\\/bucuresti\\\/#\\\/schema\\\/logo\\\/image\\\/\",\"url\":\"https:\\\/\\\/buletin.de\\\/bucuresti\\\/wp-content\\\/uploads\\\/logo-bdb-full-wide-vernil-transparent.png\",\"contentUrl\":\"https:\\\/\\\/buletin.de\\\/bucuresti\\\/wp-content\\\/uploads\\\/logo-bdb-full-wide-vernil-transparent.png\",\"width\":1782,\"height\":626,\"caption\":\"Buletin de Bucure\u0219ti\"},\"image\":{\"@id\":\"https:\\\/\\\/buletin.de\\\/bucuresti\\\/#\\\/schema\\\/logo\\\/image\\\/\"},\"sameAs\":[\"https:\\\/\\\/www.facebook.com\\\/buletin.de.buc\",\"https:\\\/\\\/www.instagram.com\\\/buletinde.bucuresti\\\/\"]},{\"@type\":\"Person\",\"@id\":\"https:\\\/\\\/buletin.de\\\/bucuresti\\\/#\\\/schema\\\/person\\\/2bbcf854e5f2419a13804af574d06ab1\",\"name\":\"Redac\u021bia Buletin de Bucure\u0219ti\",\"image\":{\"@type\":\"ImageObject\",\"inLanguage\":\"en-GB\",\"@id\":\"https:\\\/\\\/secure.gravatar.com\\\/avatar\\\/18c5342381ed1a08620e6280424e3e5efc958618f5d67c522c9e44c1bc6f9226?s=96&d=monsterid&r=g60c7cd0ad92c68c049fcd4bb3504d609\",\"url\":\"https:\\\/\\\/secure.gravatar.com\\\/avatar\\\/18c5342381ed1a08620e6280424e3e5efc958618f5d67c522c9e44c1bc6f9226?s=96&d=monsterid&r=g\",\"contentUrl\":\"https:\\\/\\\/secure.gravatar.com\\\/avatar\\\/18c5342381ed1a08620e6280424e3e5efc958618f5d67c522c9e44c1bc6f9226?s=96&d=monsterid&r=g\",\"caption\":\"Redac\u021bia Buletin de Bucure\u0219ti\"},\"description\":\"Buletin de Bucure\u0219ti exist\u0103 din vara anului 2019.\",\"url\":\"https:\\\/\\\/buletin.de\\\/bucuresti\\\/author\\\/adminbuletin\\\/\"}]}<\/script>\n<!-- \/ Yoast SEO Premium plugin. -->","yoast_head_json":{"title":"Nicu\u015for Dan despre candidatura sa: E ferm\u0103. Sunt 2.000 de oameni care au donat bani, nu pot s\u0103 m\u0103 joc - Buletin de Bucure\u0219ti","description":"Nicu\u015for Dan despre candidatura sa la pre\u0219edin\u021bie: E ferm\u0103. Sunt 2.000 de oameni care au donat bani, nu pot s\u0103 m\u0103 joc.","robots":{"index":"index","follow":"follow","max-snippet":"max-snippet:-1","max-image-preview":"max-image-preview:large","max-video-preview":"max-video-preview:-1"},"canonical":"https:\/\/buletin.de\/bucuresti\/nicusor-dan-despre-candidatura-sa-e-ferma-sunt-2-000-de-oameni-care-au-donat-bani-nu-pot-sa-ma-joc\/","og_locale":"en_GB","og_type":"article","og_title":"Nicu\u015for Dan despre candidatura sa: E ferm\u0103. Sunt 2.000 de oameni care au donat bani, nu pot s\u0103 m\u0103 joc","og_description":"Nicu\u015for Dan despre candidatura sa la pre\u0219edin\u021bie: E ferm\u0103. Sunt 2.000 de oameni care au donat bani, nu pot s\u0103 m\u0103 joc.","og_url":"https:\/\/buletin.de\/bucuresti\/nicusor-dan-despre-candidatura-sa-e-ferma-sunt-2-000-de-oameni-care-au-donat-bani-nu-pot-sa-ma-joc\/","og_site_name":"Buletin de Bucure\u0219ti","article_publisher":"https:\/\/www.facebook.com\/buletin.de.buc","article_published_time":"2025-02-18T03:00:00+00:00","og_image":[{"width":1440,"height":960,"url":"https:\/\/buletin.de\/bucuresti\/wp-content\/uploads\/nicusordan-2.jpg","type":"image\/jpeg"}],"author":"Redac\u021bia Buletin de Bucure\u0219ti","twitter_card":"summary_large_image","twitter_misc":{"Written by":"Redac\u021bia Buletin de Bucure\u0219ti","Estimated reading time":"3 minutes"},"schema":{"@context":"https:\/\/schema.org","@graph":[{"@type":"Article","@id":"https:\/\/buletin.de\/bucuresti\/nicusor-dan-despre-candidatura-sa-e-ferma-sunt-2-000-de-oameni-care-au-donat-bani-nu-pot-sa-ma-joc\/#article","isPartOf":{"@id":"https:\/\/buletin.de\/bucuresti\/nicusor-dan-despre-candidatura-sa-e-ferma-sunt-2-000-de-oameni-care-au-donat-bani-nu-pot-sa-ma-joc\/"},"author":{"name":"Redac\u021bia Buletin de Bucure\u0219ti","@id":"https:\/\/buletin.de\/bucuresti\/#\/schema\/person\/2bbcf854e5f2419a13804af574d06ab1"},"headline":"Nicu\u015for Dan despre candidatura sa: E ferm\u0103. Sunt 2.000 de oameni care au donat bani, nu pot s\u0103 m\u0103 joc","datePublished":"2025-02-18T03:00:00+00:00","mainEntityOfPage":{"@id":"https:\/\/buletin.de\/bucuresti\/nicusor-dan-despre-candidatura-sa-e-ferma-sunt-2-000-de-oameni-care-au-donat-bani-nu-pot-sa-ma-joc\/"},"wordCount":551,"publisher":{"@id":"https:\/\/buletin.de\/bucuresti\/#organization"},"image":{"@id":"https:\/\/buletin.de\/bucuresti\/nicusor-dan-despre-candidatura-sa-e-ferma-sunt-2-000-de-oameni-care-au-donat-bani-nu-pot-sa-ma-joc\/#primaryimage"},"thumbnailUrl":"https:\/\/buletin.de\/bucuresti\/wp-content\/uploads\/nicusordan-2.jpg","keywords":["alegeri prezidentiale nicusor dan","candidatul nicusor dan la alegerile prezidentiale","candidatura","nicusor dan"],"articleSection":["Articole","Politic","\u0218tiri"],"inLanguage":"en-GB","copyrightYear":"2025","copyrightHolder":{"@id":"https:\/\/buletin.de\/bucuresti\/#organization"}},{"@type":"WebPage","@id":"https:\/\/buletin.de\/bucuresti\/nicusor-dan-despre-candidatura-sa-e-ferma-sunt-2-000-de-oameni-care-au-donat-bani-nu-pot-sa-ma-joc\/","url":"https:\/\/buletin.de\/bucuresti\/nicusor-dan-despre-candidatura-sa-e-ferma-sunt-2-000-de-oameni-care-au-donat-bani-nu-pot-sa-ma-joc\/","name":"Nicu\u015for Dan despre candidatura sa: E ferm\u0103. Sunt 2.000 de oameni care au donat bani, nu pot s\u0103 m\u0103 joc - Buletin de Bucure\u0219ti","isPartOf":{"@id":"https:\/\/buletin.de\/bucuresti\/#website"},"primaryImageOfPage":{"@id":"https:\/\/buletin.de\/bucuresti\/nicusor-dan-despre-candidatura-sa-e-ferma-sunt-2-000-de-oameni-care-au-donat-bani-nu-pot-sa-ma-joc\/#primaryimage"},"image":{"@id":"https:\/\/buletin.de\/bucuresti\/nicusor-dan-despre-candidatura-sa-e-ferma-sunt-2-000-de-oameni-care-au-donat-bani-nu-pot-sa-ma-joc\/#primaryimage"},"thumbnailUrl":"https:\/\/buletin.de\/bucuresti\/wp-content\/uploads\/nicusordan-2.jpg","datePublished":"2025-02-18T03:00:00+00:00","description":"Nicu\u015for Dan despre candidatura sa la pre\u0219edin\u021bie: E ferm\u0103. Sunt 2.000 de oameni care au donat bani, nu pot s\u0103 m\u0103 joc.","breadcrumb":{"@id":"https:\/\/buletin.de\/bucuresti\/nicusor-dan-despre-candidatura-sa-e-ferma-sunt-2-000-de-oameni-care-au-donat-bani-nu-pot-sa-ma-joc\/#breadcrumb"},"inLanguage":"en-GB","potentialAction":[{"@type":"ReadAction","target":["https:\/\/buletin.de\/bucuresti\/nicusor-dan-despre-candidatura-sa-e-ferma-sunt-2-000-de-oameni-care-au-donat-bani-nu-pot-sa-ma-joc\/"]}]},{"@type":"ImageObject","inLanguage":"en-GB","@id":"https:\/\/buletin.de\/bucuresti\/nicusor-dan-despre-candidatura-sa-e-ferma-sunt-2-000-de-oameni-care-au-donat-bani-nu-pot-sa-ma-joc\/#primaryimage","url":"https:\/\/buletin.de\/bucuresti\/wp-content\/uploads\/nicusordan-2.jpg","contentUrl":"https:\/\/buletin.de\/bucuresti\/wp-content\/uploads\/nicusordan-2.jpg","width":1440,"height":960,"caption":"Nicu\u015for Dan despre candidatura sa: Nu renun\u021b. Foto Nicu\u0219or Dan"},{"@type":"BreadcrumbList","@id":"https:\/\/buletin.de\/bucuresti\/nicusor-dan-despre-candidatura-sa-e-ferma-sunt-2-000-de-oameni-care-au-donat-bani-nu-pot-sa-ma-joc\/#breadcrumb","itemListElement":[{"@type":"ListItem","position":1,"name":"Acas\u0103","item":"https:\/\/buletin.de\/bucuresti\/"},{"@type":"ListItem","position":2,"name":"Nicu\u015for Dan despre candidatura sa: E ferm\u0103. Sunt 2.000 de oameni care au donat bani, nu pot s\u0103 m\u0103 joc"}]},{"@type":"WebSite","@id":"https:\/\/buletin.de\/bucuresti\/#website","url":"https:\/\/buletin.de\/bucuresti\/","name":"Buletin de Bucure\u0219ti","description":"\u0218tiri \u0219i investiga\u021bii esen\u021biale din capital\u0103","publisher":{"@id":"https:\/\/buletin.de\/bucuresti\/#organization"},"potentialAction":[{"@type":"SearchAction","target":{"@type":"EntryPoint","urlTemplate":"https:\/\/buletin.de\/bucuresti\/?s={search_term_string}"},"query-input":{"@type":"PropertyValueSpecification","valueRequired":true,"valueName":"search_term_string"}}],"inLanguage":"en-GB"},{"@type":"Organization","@id":"https:\/\/buletin.de\/bucuresti\/#organization","name":"Buletin de Bucure\u0219ti","url":"https:\/\/buletin.de\/bucuresti\/","logo":{"@type":"ImageObject","inLanguage":"en-GB","@id":"https:\/\/buletin.de\/bucuresti\/#\/schema\/logo\/image\/","url":"https:\/\/buletin.de\/bucuresti\/wp-content\/uploads\/logo-bdb-full-wide-vernil-transparent.png","contentUrl":"https:\/\/buletin.de\/bucuresti\/wp-content\/uploads\/logo-bdb-full-wide-vernil-transparent.png","width":1782,"height":626,"caption":"Buletin de Bucure\u0219ti"},"image":{"@id":"https:\/\/buletin.de\/bucuresti\/#\/schema\/logo\/image\/"},"sameAs":["https:\/\/www.facebook.com\/buletin.de.buc","https:\/\/www.instagram.com\/buletinde.bucuresti\/"]},{"@type":"Person","@id":"https:\/\/buletin.de\/bucuresti\/#\/schema\/person\/2bbcf854e5f2419a13804af574d06ab1","name":"Redac\u021bia Buletin de Bucure\u0219ti","image":{"@type":"ImageObject","inLanguage":"en-GB","@id":"https:\/\/secure.gravatar.com\/avatar\/18c5342381ed1a08620e6280424e3e5efc958618f5d67c522c9e44c1bc6f9226?s=96&d=monsterid&r=g60c7cd0ad92c68c049fcd4bb3504d609","url":"https:\/\/secure.gravatar.com\/avatar\/18c5342381ed1a08620e6280424e3e5efc958618f5d67c522c9e44c1bc6f9226?s=96&d=monsterid&r=g","contentUrl":"https:\/\/secure.gravatar.com\/avatar\/18c5342381ed1a08620e6280424e3e5efc958618f5d67c522c9e44c1bc6f9226?s=96&d=monsterid&r=g","caption":"Redac\u021bia Buletin de Bucure\u0219ti"},"description":"Buletin de Bucure\u0219ti exist\u0103 din vara anului 2019.","url":"https:\/\/buletin.de\/bucuresti\/author\/adminbuletin\/"}]}},"authors":[{"term_id":22583,"user_id":1,"is_guest":0,"slug":"adminbuletin","display_name":"Redac\u021bia Buletin de Bucure\u0219ti","avatar_url":"https:\/\/secure.gravatar.com\/avatar\/18c5342381ed1a08620e6280424e3e5efc958618f5d67c522c9e44c1bc6f9226?s=96&d=monsterid&r=g","0":null,"1":"","2":"","3":"","4":"","5":"","6":"","7":"","8":""}],"_links":{"self":[{"href":"https:\/\/buletin.de\/bucuresti\/wp-json\/wp\/v2\/posts\/118971","targetHints":{"allow":["GET"]}}],"collection":[{"href":"https:\/\/buletin.de\/bucuresti\/wp-json\/wp\/v2\/posts"}],"about":[{"href":"https:\/\/buletin.de\/bucuresti\/wp-json\/wp\/v2\/types\/post"}],"author":[{"embeddable":true,"href":"https:\/\/buletin.de\/bucuresti\/wp-json\/wp\/v2\/users\/1"}],"replies":[{"embeddable":true,"href":"https:\/\/buletin.de\/bucuresti\/wp-json\/wp\/v2\/comments?post=118971"}],"version-history":[{"count":3,"href":"https:\/\/buletin.de\/bucuresti\/wp-json\/wp\/v2\/posts\/118971\/revisions"}],"predecessor-version":[{"id":118976,"href":"https:\/\/buletin.de\/bucuresti\/wp-json\/wp\/v2\/posts\/118971\/revisions\/118976"}],"wp:featuredmedia":[{"embeddable":true,"href":"https:\/\/buletin.de\/bucuresti\/wp-json\/wp\/v2\/media\/118973"}],"wp:attachment":[{"href":"https:\/\/buletin.de\/bucuresti\/wp-json\/wp\/v2\/media?parent=118971"}],"wp:term":[{"taxonomy":"category","embeddable":true,"href":"https:\/\/buletin.de\/bucuresti\/wp-json\/wp\/v2\/categories?post=118971"},{"taxonomy":"post_tag","embeddable":true,"href":"https:\/\/buletin.de\/bucuresti\/wp-json\/wp\/v2\/tags?post=118971"},{"taxonomy":"author","embeddable":true,"href":"https:\/\/buletin.de\/bucuresti\/wp-json\/wp\/v2\/ppma_author?post=118971"}],"curies":[{"name":"wp","href":"https:\/\/api.w.org\/{rel}","templated":true}]}}