{"id":118851,"date":"2025-02-17T12:50:44","date_gmt":"2025-02-17T09:50:44","guid":{"rendered":"https:\/\/buletin.de\/bucuresti\/?p=118851"},"modified":"2025-02-17T14:41:33","modified_gmt":"2025-02-17T11:41:33","slug":"codul-galben-de-ninsori-viscolite-prelungit-in-capitala","status":"publish","type":"post","link":"https:\/\/buletin.de\/bucuresti\/codul-galben-de-ninsori-viscolite-prelungit-in-capitala\/","title":{"rendered":"METEO | Codul galben de ninsori viscolite, prelungit \u00een Capital\u0103"},"content":{"rendered":"\n<p><strong>Administra\u021bia Na\u021bional\u0103 de Meteorologie a prelungit codul galben de ninsori, pentru Capital\u0103. Informarea este valabil\u0103 \u00een intervalul 17 februarie, ora 10:00 -19 februarie, ora 10:00.<\/strong><\/p>\n\n\n\n<p>Codul galben de ninsori este prelungit, \u00een intervalul&nbsp;<strong>17 februarie, ora 10:00 \u2013 19 februarie, ora 10:00<\/strong>, vremea va fi rece, iar cerul va fi \u00eennorat. Va ninge moderat cantitativ \u0219i se va depune un nou strat de z\u0103pad\u0103, cu grosimi cuprinse \u00eentre 10 \u0219i 15 centimetri. P\u00e2n\u0103 la finalul intervalului, stratul total de z\u0103pad\u0103 va avea grosimi de p\u00e2n\u0103 la 25 de centimetri. Se va forma ghe\u021bu\u0219, iar v\u00e2ntul va sufla moderat (temporar va fi viscol). Temperaturile vor fi cuprinse \u00eentre -4 \u0219i -3 grade Celsius.<\/p>\n\n\n\n<figure class=\"wp-block-image size-large is-resized\"><img fetchpriority=\"high\" decoding=\"async\" width=\"315\" height=\"224\" src=\"data:image\/gif;base64,R0lGODlhAQABAAAAACH5BAEKAAEALAAAAAABAAEAAAICTAEAOw==\" data-src=\"https:\/\/buletin.de\/bucuresti\/wp-content\/uploads\/harta.svg-14.svg\" alt=\"\" class=\"wp-image-118856 lazyload\" style=\"width:840px;height:auto\"\/><\/figure>\n\n\n\n<p><strong>CITE\u0218TE \u0218I:<\/strong> <a href=\"https:\/\/buletin.de\/bucuresti\/primaria-capitalei-vrea-sa-cumpere-inca-250-de-tramvaie\/\"><strong>Prim\u0103ria Capitalei vrea s\u0103 cumpere \u00eenc\u0103 250 de tramvaie. Al\u021bi 50 de kilometri de linie vor fi moderniza\u021bi<\/strong><\/a><\/p>\n\n\n\n<div class=\"wp-block-buttons is-content-justification-center is-layout-flex wp-container-core-buttons-is-layout-16018d1d wp-block-buttons-is-layout-flex\">\n<div class=\"wp-block-button has-custom-width wp-block-button__width-50\"><a class=\"wp-block-button__link wp-element-button\" href=\"https:\/\/www.patreon.com\/BuletinDeBucuresti\"><strong>Sus\u021bine Buletin de Bucure\u0219ti pentru investiga\u021bii, reportaje \u0219i \u0219tiri Locale<\/strong><\/a><\/div>\n<\/div>\n\n\n\n<h2 class=\"wp-block-heading\" id=\"h-codul-galben-de-ninsori-inca-de-la-inceputul-saptamanii-\u0219i-temperaturile-raman-scazute\">Codul galben de ninsori, \u00eenc\u0103 de la \u00eenceputul s\u0103pt\u0103m\u00e2nii. \u0218i temperaturile r\u0103m\u00e2n sc\u0103zute<\/h2>\n\n\n\n<p><strong>Luni, 17 februarie,<\/strong>&nbsp;vremea se va men\u021bine rece. Ninge, la Bucure\u0219ti, \u00een continuare (stratul de z\u0103pad\u0103 va fi \u00een general de 4\u20268 cm), iar v\u00e2ntul va sufla moderat ziua (rafale de p\u00e2n\u0103 la 40 km\/h) \u0219i slab noaptea. Temperatura maxim\u0103 va fi de -2\u2026-1 grad, iar cea minim\u0103 de -5\u2026-4 grade.<\/p>\n\n\n\n<p><strong>Mar\u021bi, 18 februarie,<\/strong>&nbsp;vremea se va men\u021bine rece. Cerul va fi temporar noros \u0219i trec\u0103tor, \u00eendeosebi ziua va mai ninge, dar slab cantitativ. V\u00e2ntul va sufla \u00een general slab. Temperatura maxim\u0103 va fi de -1\u20260 grade, iar cea minim\u0103 de -7\u2026-6 grade, potrivit&nbsp;<a href=\"https:\/\/www.meteoromania.ro\/\">ANM.<\/a><\/p>\n\n\n\n<p><strong>Miercuri, 19 februarie,&nbsp;<\/strong>vremea va fi \u00een continuare rece. Cerul va fi variabil, mai mult senin seara \u0219i noaptea, iar v\u00e2ntul va sufla \u00een general slab. Temperatura maxim\u0103 se va situa \u00een jurul valorii de 0 grade, iar cea minim\u0103 va fi de -9\u2026-8 grade.<\/p>\n\n\n\n<p><strong>Joi, 20 februarie,<\/strong>&nbsp;vremea va fi \u00een continuare rece, la Bucure\u0219ti dar probabilitatea de ninsori va fi redus\u0103. Cerul va fi variabil, iar v\u00e2ntul va sufla slab. Temperatur\u0103 minim\u0103 va fi de -6 grade, iar cea maxim\u0103 de -1 grad.<\/p>\n\n\n\n<p>La sf\u00e2r\u0219itul s\u0103pt\u0103m\u00e2nii, cerul se \u00eensenineaz\u0103, \u00een Capital\u0103 \u0219i nu mai sunt condi\u021bii de precipita\u021bii. Temperaturile variaz\u0103 de la -7 la 1 grad.<\/p>\n\n\n\n<p><strong>CITE\u0218TE \u0218I:<\/strong> <a href=\"https:\/\/buletin.de\/bucuresti\/furnizarea-apei-reci\/\">Apa Nova | Furnizarea apei reci se \u00eentrerupe pentru lucr\u0103ri de modernizare. Care sunt zonele afectate<\/a><\/p>\n","protected":false},"excerpt":{"rendered":"<p>Administra\u021bia Na\u021bional\u0103 de Meteorologie a prelungit codul galben de ninsori, pentru Capital\u0103. Informarea este valabil\u0103 \u00een intervalul 17 februarie, ora 10:00 -19 februarie, ora 10:00. Codul galben de ninsori este prelungit, \u00een intervalul&nbsp;17 februarie, ora 10:00 \u2013 19 februarie, ora 10:00, vremea va fi rece, iar cerul va fi \u00eennorat. Va ninge moderat cantitativ \u0219i [&hellip;]<\/p>\n","protected":false},"author":49,"featured_media":118755,"comment_status":"closed","ping_status":"open","sticky":false,"template":"","format":"standard","meta":{"_acf_changed":false,"inline_featured_image":false,"ngg_post_thumbnail":0,"footnotes":""},"categories":[6994,1,5762],"tags":[4314,5928,6554,10452],"ppma_author":[22574],"class_list":["post-118851","post","type-post","status-publish","format-standard","has-post-thumbnail","hentry","category-stiri-2","category-diverse","category-main","tag-anm","tag-anm-prognoza-meteo","tag-cod-galben","tag-temperaturi-bucuresti"],"acf":[],"yoast_head":"<!-- This site is optimized with the Yoast SEO Premium plugin v25.3 (Yoast SEO v27.4) - https:\/\/yoast.com\/product\/yoast-seo-premium-wordpress\/ -->\n<title>METEO | Codul galben de ninsori viscolite, prelungit \u00een Capital\u0103 - Buletin de Bucure\u0219ti<\/title>\n<meta name=\"description\" content=\"Administra\u021bia Na\u021bional\u0103 de Meteorologie a prelungit codul galben de ninsori, pentru Capital\u0103, \u00eentre 17 -19 februarie.\" \/>\n<meta name=\"robots\" content=\"index, follow, max-snippet:-1, max-image-preview:large, max-video-preview:-1\" \/>\n<link rel=\"canonical\" href=\"https:\/\/buletin.de\/bucuresti\/codul-galben-de-ninsori-viscolite-prelungit-in-capitala\/\" \/>\n<meta property=\"og:locale\" content=\"en_GB\" \/>\n<meta property=\"og:type\" content=\"article\" \/>\n<meta property=\"og:title\" content=\"METEO | Codul galben de ninsori viscolite, prelungit \u00een Capital\u0103\" \/>\n<meta property=\"og:description\" content=\"Administra\u021bia Na\u021bional\u0103 de Meteorologie a prelungit codul galben de ninsori, pentru Capital\u0103, \u00eentre 17 -19 februarie.\" \/>\n<meta property=\"og:url\" content=\"https:\/\/buletin.de\/bucuresti\/codul-galben-de-ninsori-viscolite-prelungit-in-capitala\/\" \/>\n<meta property=\"og:site_name\" content=\"Buletin de Bucure\u0219ti\" \/>\n<meta property=\"article:publisher\" content=\"https:\/\/www.facebook.com\/buletin.de.buc\" \/>\n<meta property=\"article:published_time\" content=\"2025-02-17T09:50:44+00:00\" \/>\n<meta property=\"article:modified_time\" content=\"2025-02-17T11:41:33+00:00\" \/>\n<meta property=\"og:image\" content=\"https:\/\/buletin.de\/bucuresti\/wp-content\/uploads\/1-bucuresti-zapada.webp\" \/>\n\t<meta property=\"og:image:width\" content=\"1280\" \/>\n\t<meta property=\"og:image:height\" content=\"720\" \/>\n\t<meta property=\"og:image:type\" content=\"image\/webp\" \/>\n<meta name=\"author\" content=\"Diana Matei\" \/>\n<meta name=\"twitter:card\" content=\"summary_large_image\" \/>\n<meta name=\"twitter:label1\" content=\"Written by\" \/>\n\t<meta name=\"twitter:data1\" content=\"Diana Matei\" \/>\n\t<meta name=\"twitter:label2\" content=\"Estimated reading time\" \/>\n\t<meta name=\"twitter:data2\" content=\"3 minutes\" \/>\n<script type=\"application\/ld+json\" class=\"yoast-schema-graph\">{\"@context\":\"https:\\\/\\\/schema.org\",\"@graph\":[{\"@type\":\"Article\",\"@id\":\"https:\\\/\\\/buletin.de\\\/bucuresti\\\/codul-galben-de-ninsori-viscolite-prelungit-in-capitala\\\/#article\",\"isPartOf\":{\"@id\":\"https:\\\/\\\/buletin.de\\\/bucuresti\\\/codul-galben-de-ninsori-viscolite-prelungit-in-capitala\\\/\"},\"author\":{\"name\":\"Diana Matei\",\"@id\":\"https:\\\/\\\/buletin.de\\\/bucuresti\\\/#\\\/schema\\\/person\\\/7e46040573290777280a0835d81ea4ea\"},\"headline\":\"METEO | Codul galben de ninsori viscolite, prelungit \u00een Capital\u0103\",\"datePublished\":\"2025-02-17T09:50:44+00:00\",\"dateModified\":\"2025-02-17T11:41:33+00:00\",\"mainEntityOfPage\":{\"@id\":\"https:\\\/\\\/buletin.de\\\/bucuresti\\\/codul-galben-de-ninsori-viscolite-prelungit-in-capitala\\\/\"},\"wordCount\":416,\"publisher\":{\"@id\":\"https:\\\/\\\/buletin.de\\\/bucuresti\\\/#organization\"},\"image\":{\"@id\":\"https:\\\/\\\/buletin.de\\\/bucuresti\\\/codul-galben-de-ninsori-viscolite-prelungit-in-capitala\\\/#primaryimage\"},\"thumbnailUrl\":\"https:\\\/\\\/buletin.de\\\/bucuresti\\\/wp-content\\\/uploads\\\/1-bucuresti-zapada.webp\",\"keywords\":[\"anm\",\"anm prognoza meteo\",\"cod galben\",\"temperaturi Bucuresti\"],\"articleSection\":[\"Articole\",\"Diverse\",\"Main\"],\"inLanguage\":\"en-GB\",\"copyrightYear\":\"2025\",\"copyrightHolder\":{\"@id\":\"https:\\\/\\\/buletin.de\\\/bucuresti\\\/#organization\"}},{\"@type\":\"WebPage\",\"@id\":\"https:\\\/\\\/buletin.de\\\/bucuresti\\\/codul-galben-de-ninsori-viscolite-prelungit-in-capitala\\\/\",\"url\":\"https:\\\/\\\/buletin.de\\\/bucuresti\\\/codul-galben-de-ninsori-viscolite-prelungit-in-capitala\\\/\",\"name\":\"METEO | Codul galben de ninsori viscolite, prelungit \u00een Capital\u0103 - Buletin de Bucure\u0219ti\",\"isPartOf\":{\"@id\":\"https:\\\/\\\/buletin.de\\\/bucuresti\\\/#website\"},\"primaryImageOfPage\":{\"@id\":\"https:\\\/\\\/buletin.de\\\/bucuresti\\\/codul-galben-de-ninsori-viscolite-prelungit-in-capitala\\\/#primaryimage\"},\"image\":{\"@id\":\"https:\\\/\\\/buletin.de\\\/bucuresti\\\/codul-galben-de-ninsori-viscolite-prelungit-in-capitala\\\/#primaryimage\"},\"thumbnailUrl\":\"https:\\\/\\\/buletin.de\\\/bucuresti\\\/wp-content\\\/uploads\\\/1-bucuresti-zapada.webp\",\"datePublished\":\"2025-02-17T09:50:44+00:00\",\"dateModified\":\"2025-02-17T11:41:33+00:00\",\"description\":\"Administra\u021bia Na\u021bional\u0103 de Meteorologie a prelungit codul galben de ninsori, pentru Capital\u0103, \u00eentre 17 -19 februarie.\",\"breadcrumb\":{\"@id\":\"https:\\\/\\\/buletin.de\\\/bucuresti\\\/codul-galben-de-ninsori-viscolite-prelungit-in-capitala\\\/#breadcrumb\"},\"inLanguage\":\"en-GB\",\"potentialAction\":[{\"@type\":\"ReadAction\",\"target\":[\"https:\\\/\\\/buletin.de\\\/bucuresti\\\/codul-galben-de-ninsori-viscolite-prelungit-in-capitala\\\/\"]}]},{\"@type\":\"ImageObject\",\"inLanguage\":\"en-GB\",\"@id\":\"https:\\\/\\\/buletin.de\\\/bucuresti\\\/codul-galben-de-ninsori-viscolite-prelungit-in-capitala\\\/#primaryimage\",\"url\":\"https:\\\/\\\/buletin.de\\\/bucuresti\\\/wp-content\\\/uploads\\\/1-bucuresti-zapada.webp\",\"contentUrl\":\"https:\\\/\\\/buletin.de\\\/bucuresti\\\/wp-content\\\/uploads\\\/1-bucuresti-zapada.webp\",\"width\":1280,\"height\":720,\"caption\":\"METEO | Codul galben de ninsori viscolite, prelungit \u00een Capital\u0103. FOTO: Arhiva\"},{\"@type\":\"BreadcrumbList\",\"@id\":\"https:\\\/\\\/buletin.de\\\/bucuresti\\\/codul-galben-de-ninsori-viscolite-prelungit-in-capitala\\\/#breadcrumb\",\"itemListElement\":[{\"@type\":\"ListItem\",\"position\":1,\"name\":\"Acas\u0103\",\"item\":\"https:\\\/\\\/buletin.de\\\/bucuresti\\\/\"},{\"@type\":\"ListItem\",\"position\":2,\"name\":\"METEO | Codul galben de ninsori viscolite, prelungit \u00een Capital\u0103\"}]},{\"@type\":\"WebSite\",\"@id\":\"https:\\\/\\\/buletin.de\\\/bucuresti\\\/#website\",\"url\":\"https:\\\/\\\/buletin.de\\\/bucuresti\\\/\",\"name\":\"Buletin de Bucure\u0219ti\",\"description\":\"\u0218tiri \u0219i investiga\u021bii esen\u021biale din capital\u0103\",\"publisher\":{\"@id\":\"https:\\\/\\\/buletin.de\\\/bucuresti\\\/#organization\"},\"potentialAction\":[{\"@type\":\"SearchAction\",\"target\":{\"@type\":\"EntryPoint\",\"urlTemplate\":\"https:\\\/\\\/buletin.de\\\/bucuresti\\\/?s={search_term_string}\"},\"query-input\":{\"@type\":\"PropertyValueSpecification\",\"valueRequired\":true,\"valueName\":\"search_term_string\"}}],\"inLanguage\":\"en-GB\"},{\"@type\":\"Organization\",\"@id\":\"https:\\\/\\\/buletin.de\\\/bucuresti\\\/#organization\",\"name\":\"Buletin de Bucure\u0219ti\",\"url\":\"https:\\\/\\\/buletin.de\\\/bucuresti\\\/\",\"logo\":{\"@type\":\"ImageObject\",\"inLanguage\":\"en-GB\",\"@id\":\"https:\\\/\\\/buletin.de\\\/bucuresti\\\/#\\\/schema\\\/logo\\\/image\\\/\",\"url\":\"https:\\\/\\\/buletin.de\\\/bucuresti\\\/wp-content\\\/uploads\\\/logo-bdb-full-wide-vernil-transparent.png\",\"contentUrl\":\"https:\\\/\\\/buletin.de\\\/bucuresti\\\/wp-content\\\/uploads\\\/logo-bdb-full-wide-vernil-transparent.png\",\"width\":1782,\"height\":626,\"caption\":\"Buletin de Bucure\u0219ti\"},\"image\":{\"@id\":\"https:\\\/\\\/buletin.de\\\/bucuresti\\\/#\\\/schema\\\/logo\\\/image\\\/\"},\"sameAs\":[\"https:\\\/\\\/www.facebook.com\\\/buletin.de.buc\",\"https:\\\/\\\/www.instagram.com\\\/buletinde.bucuresti\\\/\"]},{\"@type\":\"Person\",\"@id\":\"https:\\\/\\\/buletin.de\\\/bucuresti\\\/#\\\/schema\\\/person\\\/7e46040573290777280a0835d81ea4ea\",\"name\":\"Diana Matei\",\"image\":{\"@type\":\"ImageObject\",\"inLanguage\":\"en-GB\",\"@id\":\"https:\\\/\\\/buletin.de\\\/bucuresti\\\/wp-content\\\/uploads\\\/9-2-96x96.jpg1e8590b30871d70e62ebcdaf2eff570c\",\"url\":\"https:\\\/\\\/buletin.de\\\/bucuresti\\\/wp-content\\\/uploads\\\/9-2-96x96.jpg\",\"contentUrl\":\"https:\\\/\\\/buletin.de\\\/bucuresti\\\/wp-content\\\/uploads\\\/9-2-96x96.jpg\",\"caption\":\"Diana Matei\"},\"url\":\"https:\\\/\\\/buletin.de\\\/bucuresti\\\/author\\\/dianamatei\\\/\"}]}<\/script>\n<!-- \/ Yoast SEO Premium plugin. -->","yoast_head_json":{"title":"METEO | Codul galben de ninsori viscolite, prelungit \u00een Capital\u0103 - Buletin de Bucure\u0219ti","description":"Administra\u021bia Na\u021bional\u0103 de Meteorologie a prelungit codul galben de ninsori, pentru Capital\u0103, \u00eentre 17 -19 februarie.","robots":{"index":"index","follow":"follow","max-snippet":"max-snippet:-1","max-image-preview":"max-image-preview:large","max-video-preview":"max-video-preview:-1"},"canonical":"https:\/\/buletin.de\/bucuresti\/codul-galben-de-ninsori-viscolite-prelungit-in-capitala\/","og_locale":"en_GB","og_type":"article","og_title":"METEO | Codul galben de ninsori viscolite, prelungit \u00een Capital\u0103","og_description":"Administra\u021bia Na\u021bional\u0103 de Meteorologie a prelungit codul galben de ninsori, pentru Capital\u0103, \u00eentre 17 -19 februarie.","og_url":"https:\/\/buletin.de\/bucuresti\/codul-galben-de-ninsori-viscolite-prelungit-in-capitala\/","og_site_name":"Buletin de Bucure\u0219ti","article_publisher":"https:\/\/www.facebook.com\/buletin.de.buc","article_published_time":"2025-02-17T09:50:44+00:00","article_modified_time":"2025-02-17T11:41:33+00:00","og_image":[{"width":1280,"height":720,"url":"https:\/\/buletin.de\/bucuresti\/wp-content\/uploads\/1-bucuresti-zapada.webp","type":"image\/webp"}],"author":"Diana Matei","twitter_card":"summary_large_image","twitter_misc":{"Written by":"Diana Matei","Estimated reading time":"3 minutes"},"schema":{"@context":"https:\/\/schema.org","@graph":[{"@type":"Article","@id":"https:\/\/buletin.de\/bucuresti\/codul-galben-de-ninsori-viscolite-prelungit-in-capitala\/#article","isPartOf":{"@id":"https:\/\/buletin.de\/bucuresti\/codul-galben-de-ninsori-viscolite-prelungit-in-capitala\/"},"author":{"name":"Diana Matei","@id":"https:\/\/buletin.de\/bucuresti\/#\/schema\/person\/7e46040573290777280a0835d81ea4ea"},"headline":"METEO | Codul galben de ninsori viscolite, prelungit \u00een Capital\u0103","datePublished":"2025-02-17T09:50:44+00:00","dateModified":"2025-02-17T11:41:33+00:00","mainEntityOfPage":{"@id":"https:\/\/buletin.de\/bucuresti\/codul-galben-de-ninsori-viscolite-prelungit-in-capitala\/"},"wordCount":416,"publisher":{"@id":"https:\/\/buletin.de\/bucuresti\/#organization"},"image":{"@id":"https:\/\/buletin.de\/bucuresti\/codul-galben-de-ninsori-viscolite-prelungit-in-capitala\/#primaryimage"},"thumbnailUrl":"https:\/\/buletin.de\/bucuresti\/wp-content\/uploads\/1-bucuresti-zapada.webp","keywords":["anm","anm prognoza meteo","cod galben","temperaturi Bucuresti"],"articleSection":["Articole","Diverse","Main"],"inLanguage":"en-GB","copyrightYear":"2025","copyrightHolder":{"@id":"https:\/\/buletin.de\/bucuresti\/#organization"}},{"@type":"WebPage","@id":"https:\/\/buletin.de\/bucuresti\/codul-galben-de-ninsori-viscolite-prelungit-in-capitala\/","url":"https:\/\/buletin.de\/bucuresti\/codul-galben-de-ninsori-viscolite-prelungit-in-capitala\/","name":"METEO | Codul galben de ninsori viscolite, prelungit \u00een Capital\u0103 - Buletin de Bucure\u0219ti","isPartOf":{"@id":"https:\/\/buletin.de\/bucuresti\/#website"},"primaryImageOfPage":{"@id":"https:\/\/buletin.de\/bucuresti\/codul-galben-de-ninsori-viscolite-prelungit-in-capitala\/#primaryimage"},"image":{"@id":"https:\/\/buletin.de\/bucuresti\/codul-galben-de-ninsori-viscolite-prelungit-in-capitala\/#primaryimage"},"thumbnailUrl":"https:\/\/buletin.de\/bucuresti\/wp-content\/uploads\/1-bucuresti-zapada.webp","datePublished":"2025-02-17T09:50:44+00:00","dateModified":"2025-02-17T11:41:33+00:00","description":"Administra\u021bia Na\u021bional\u0103 de Meteorologie a prelungit codul galben de ninsori, pentru Capital\u0103, \u00eentre 17 -19 februarie.","breadcrumb":{"@id":"https:\/\/buletin.de\/bucuresti\/codul-galben-de-ninsori-viscolite-prelungit-in-capitala\/#breadcrumb"},"inLanguage":"en-GB","potentialAction":[{"@type":"ReadAction","target":["https:\/\/buletin.de\/bucuresti\/codul-galben-de-ninsori-viscolite-prelungit-in-capitala\/"]}]},{"@type":"ImageObject","inLanguage":"en-GB","@id":"https:\/\/buletin.de\/bucuresti\/codul-galben-de-ninsori-viscolite-prelungit-in-capitala\/#primaryimage","url":"https:\/\/buletin.de\/bucuresti\/wp-content\/uploads\/1-bucuresti-zapada.webp","contentUrl":"https:\/\/buletin.de\/bucuresti\/wp-content\/uploads\/1-bucuresti-zapada.webp","width":1280,"height":720,"caption":"METEO | Codul galben de ninsori viscolite, prelungit \u00een Capital\u0103. FOTO: Arhiva"},{"@type":"BreadcrumbList","@id":"https:\/\/buletin.de\/bucuresti\/codul-galben-de-ninsori-viscolite-prelungit-in-capitala\/#breadcrumb","itemListElement":[{"@type":"ListItem","position":1,"name":"Acas\u0103","item":"https:\/\/buletin.de\/bucuresti\/"},{"@type":"ListItem","position":2,"name":"METEO | Codul galben de ninsori viscolite, prelungit \u00een Capital\u0103"}]},{"@type":"WebSite","@id":"https:\/\/buletin.de\/bucuresti\/#website","url":"https:\/\/buletin.de\/bucuresti\/","name":"Buletin de Bucure\u0219ti","description":"\u0218tiri \u0219i investiga\u021bii esen\u021biale din capital\u0103","publisher":{"@id":"https:\/\/buletin.de\/bucuresti\/#organization"},"potentialAction":[{"@type":"SearchAction","target":{"@type":"EntryPoint","urlTemplate":"https:\/\/buletin.de\/bucuresti\/?s={search_term_string}"},"query-input":{"@type":"PropertyValueSpecification","valueRequired":true,"valueName":"search_term_string"}}],"inLanguage":"en-GB"},{"@type":"Organization","@id":"https:\/\/buletin.de\/bucuresti\/#organization","name":"Buletin de Bucure\u0219ti","url":"https:\/\/buletin.de\/bucuresti\/","logo":{"@type":"ImageObject","inLanguage":"en-GB","@id":"https:\/\/buletin.de\/bucuresti\/#\/schema\/logo\/image\/","url":"https:\/\/buletin.de\/bucuresti\/wp-content\/uploads\/logo-bdb-full-wide-vernil-transparent.png","contentUrl":"https:\/\/buletin.de\/bucuresti\/wp-content\/uploads\/logo-bdb-full-wide-vernil-transparent.png","width":1782,"height":626,"caption":"Buletin de Bucure\u0219ti"},"image":{"@id":"https:\/\/buletin.de\/bucuresti\/#\/schema\/logo\/image\/"},"sameAs":["https:\/\/www.facebook.com\/buletin.de.buc","https:\/\/www.instagram.com\/buletinde.bucuresti\/"]},{"@type":"Person","@id":"https:\/\/buletin.de\/bucuresti\/#\/schema\/person\/7e46040573290777280a0835d81ea4ea","name":"Diana Matei","image":{"@type":"ImageObject","inLanguage":"en-GB","@id":"https:\/\/buletin.de\/bucuresti\/wp-content\/uploads\/9-2-96x96.jpg1e8590b30871d70e62ebcdaf2eff570c","url":"https:\/\/buletin.de\/bucuresti\/wp-content\/uploads\/9-2-96x96.jpg","contentUrl":"https:\/\/buletin.de\/bucuresti\/wp-content\/uploads\/9-2-96x96.jpg","caption":"Diana Matei"},"url":"https:\/\/buletin.de\/bucuresti\/author\/dianamatei\/"}]}},"authors":[{"term_id":22574,"user_id":49,"is_guest":0,"slug":"dianamatei","display_name":"Diana Matei","avatar_url":"https:\/\/buletin.de\/bucuresti\/wp-content\/uploads\/9-2-96x96.jpg","0":null,"1":"","2":"","3":"","4":"","5":"","6":"","7":"","8":""}],"_links":{"self":[{"href":"https:\/\/buletin.de\/bucuresti\/wp-json\/wp\/v2\/posts\/118851","targetHints":{"allow":["GET"]}}],"collection":[{"href":"https:\/\/buletin.de\/bucuresti\/wp-json\/wp\/v2\/posts"}],"about":[{"href":"https:\/\/buletin.de\/bucuresti\/wp-json\/wp\/v2\/types\/post"}],"author":[{"embeddable":true,"href":"https:\/\/buletin.de\/bucuresti\/wp-json\/wp\/v2\/users\/49"}],"replies":[{"embeddable":true,"href":"https:\/\/buletin.de\/bucuresti\/wp-json\/wp\/v2\/comments?post=118851"}],"version-history":[{"count":4,"href":"https:\/\/buletin.de\/bucuresti\/wp-json\/wp\/v2\/posts\/118851\/revisions"}],"predecessor-version":[{"id":118872,"href":"https:\/\/buletin.de\/bucuresti\/wp-json\/wp\/v2\/posts\/118851\/revisions\/118872"}],"wp:featuredmedia":[{"embeddable":true,"href":"https:\/\/buletin.de\/bucuresti\/wp-json\/wp\/v2\/media\/118755"}],"wp:attachment":[{"href":"https:\/\/buletin.de\/bucuresti\/wp-json\/wp\/v2\/media?parent=118851"}],"wp:term":[{"taxonomy":"category","embeddable":true,"href":"https:\/\/buletin.de\/bucuresti\/wp-json\/wp\/v2\/categories?post=118851"},{"taxonomy":"post_tag","embeddable":true,"href":"https:\/\/buletin.de\/bucuresti\/wp-json\/wp\/v2\/tags?post=118851"},{"taxonomy":"author","embeddable":true,"href":"https:\/\/buletin.de\/bucuresti\/wp-json\/wp\/v2\/ppma_author?post=118851"}],"curies":[{"name":"wp","href":"https:\/\/api.w.org\/{rel}","templated":true}]}}