{"id":118138,"date":"2025-02-12T16:23:08","date_gmt":"2025-02-12T13:23:08","guid":{"rendered":"https:\/\/buletin.de\/bucuresti\/?p=118138"},"modified":"2025-02-12T23:06:18","modified_gmt":"2025-02-12T20:06:18","slug":"ancheta-la-metrorex-in-cazul-celor-45-de-mecanici-care-si-au-luat-concediu-medical-in-acelasi-timp","status":"publish","type":"post","link":"https:\/\/buletin.de\/bucuresti\/ancheta-la-metrorex-in-cazul-celor-45-de-mecanici-care-si-au-luat-concediu-medical-in-acelasi-timp\/","title":{"rendered":"Anchet\u0103 la Metrorex \u00een cazul celor 45 de mecanici care \u0219i-au luat concediu medical \u00een acela\u0219i timp"},"content":{"rendered":"\n<p><strong>Circa 45 de mecanici de tren \u0219i-au luat concediu medical exact \u00een momentul \u00een care sindicatele de la metrou au intrat \u00een grev\u0103 japonez\u0103, iar ulterior \u00een grev\u0103 de exces de zel. Conducerea a pornit o anchet\u0103 la Metrorex, pentru a vedea dac\u0103 este vorba despre o coinciden\u021b\u0103 sau un plan, scrie <a href=\"https:\/\/www.gandul.ro\/actualitate\/sefii-metrorex-cer-ancheta-in-cazul-mecanicilor-care-au-intrat-in-medicale-in-numar-foarte-mare-au-gripa-sunt-raciti-metroul-dat-peste-cap-20427364\" target=\"_blank\" rel=\"noreferrer noopener\">G\u00e2ndul<\/a>. <\/strong><\/p>\n\n\n\n<p>Din cauza faptului c\u0103 un num\u0103r at\u00e2t de mare de mecanici de tren au intrat \u00een concediu, intervalul de succedare a metrourilor a crescut, mai ales pe magistrala M2.<\/p>\n\n\n\n<p>Mar\u021bi a fost haos pe Magistrala 2, Pipera \u2013 Tudor Arghezi. Din 18 garnituri, mar\u021bi diminea\u021b\u0103 au circulat doar 15, pe fondul intr\u0103rii masive \u00een concedii medicale a mecanicilor. Aglomera\u021bia ar putea fi mult mai mare miercuri, c\u00e2nd este posibil s\u0103 circule \u0219i mai pu\u021bine garnituri.<\/p>\n\n\n\n<p>Surse din cadrul Metrorex au precizat pentru G\u00e2ndul c\u0103 at\u00e2t din Ministerul Transporturilor, c\u00e2t \u0219i de la nivelul conducerii Companiei de transport, se solicit\u0103 o anchet\u0103 \u201ela s\u00e2nge\u201d cu privire la intrarea \u00een medicale a angaja\u021bilor din subteran.<\/p>\n\n\n\n<p>\u201eOamenii au intrat \u00een concedii medicale semnate de ni\u0219te medici. Unii au grip\u0103, al\u021bii sunt r\u0103ci\u021bi, \u0219i fac tratament ambulatoriu\u201d, a justificat situa\u021bia Marian Artimon, liderul Unitatea &#8211; Sindicatul Liber Metrou, citat de G\u00e2ndul.<\/p>\n\n\n\n<p> <strong>CITE\u015eTE \u015eI:<\/strong>\u00a0<a href=\"https:\/\/buletin.de\/bucuresti\/sindicalistii-de-la-metrorex\/\"><strong>Sindicali\u0219tii de la Metrorex, negocieri la Guvern, protest \u00een subteran. Circula\u0163ia trenurilor pe M2 e afectat\u0103 de concedii<\/strong><\/a><\/p>\n\n\n\n<h2 class=\"wp-block-heading\" id=\"h-ancheta-la-metrorex-in-contextul-in-care-sindicali\u0219tii-cer-respectarea-negocierilor\">Anchet\u0103 la Metrorex, \u00een contextul \u00een care sindicali\u0219tii cer respectarea negocierilor<\/h2>\n\n\n\n<p><strong>Negocierile sindicali\u015ftilor Metrorex care au fost la Guvern au \u00eendep\u0103rtat teama de grev\u0103 general\u0103. Guvernan\u0163ii au termen&nbsp;<mark>p\u00e2n\u0103 luni<\/mark>&nbsp;s\u0103 caute o solu\u0163ie pentru m\u0103rirea de 1050 de lei, promis\u0103 prin Contractul Colectiv de Munc\u0103. M\u0103rirea fusese blocat\u0103 de prevederile ordonan\u0163ei \u201eTrenule\u0163\u201d.<\/strong><\/p>\n\n\n\n<p>\u00centrebat de reporterii Buletin de Bucure\u015fti ce se va \u00eent\u00e2mpla dac\u0103 aceast\u0103 solu\u0163ie nu va fi g\u0103sit\u0103, liderul de&nbsp;<a href=\"https:\/\/uslmetrou.ro\/\">sindicat<\/a>&nbsp;Metrorex, Marian Artimon, a spus c\u0103 deciden\u0163ii vor trebui s\u0103 \u00ee\u015fi asume consecin\u0163ele, f\u0103r\u0103 s\u0103 spun\u0103 explicit c\u0103 o consecin\u0163\u0103 ar fi chiar greva general\u0103.<\/p>\n\n\n\n<p>\u201eDac\u0103 se tot am\u00e2n\u0103, \u00een speran\u0163a c\u0103 o s\u0103 cad\u0103 Guvernul \u015fi c\u0103 n-o s\u0103 mai dea nimeni bani\u2026 s\u0103 \u00ee\u015fi asume r\u0103spunderea!\u201d<\/p>\n\n\n\n<p>\u00cen acela\u015fi interviu pentru Buletin de Bucure\u015fti, Marian Artimon a spus c\u0103 au fost solicitate \u015fi tichetele de mas\u0103 de 30 de lei pentru toate categoriile de personal, dar c\u0103, deocamdat\u0103, nu a fost luat\u0103 o decizie \u00een acest sens.<\/p>\n\n\n\n<p>Sindicali\u015ftii au un argument pentru cerin\u0163ele lor: Contractul Colectiv de Munc\u0103 a fost semnat \u00eenainte de apari\u0163ia ordonan\u0163ei, care nu se poate aplica retroactiv, spune Artimon. Drept urmare, prevederile din CCM sunt valide, adaug\u0103 acesta.<\/p>\n\n\n\n<p>Mai mult, spune Artimon, reprezentan\u0163ii Ministerului de Finan\u0163e prezen\u0163i la negocieri au transmis c\u0103 sunt anumite prevederi ale ordonan\u0163ei \u201eTrenule\u0163\u201d care nu trebuie neap\u0103rat aplicate \u00een cazul unei companii cum este Metrorex.<\/p>\n\n\n\n<p><strong>CITE\u0218TE \u0218I: <a href=\"https:\/\/buletin.de\/bucuresti\/progres-in-negocierile-sindicalistilor-metrorex-cu-guvernul-promisiuni-ca-se-cauta-o-solutie-pentru-marirea-de-1050-de-lei\/\" target=\"_blank\" rel=\"noreferrer noopener\">Progres \u00een negocierile sindicali\u015ftilor Metrorex cu Guvernul. Promisiuni c\u0103 \u201ese caut\u0103 o solu\u0163ie\u201d pentru m\u0103rirea de 1.050 de lei<\/a><\/strong><\/p>\n","protected":false},"excerpt":{"rendered":"<p>Circa 45 de mecanici de tren \u0219i-au luat concediu medical exact \u00een momentul \u00een care sindicatele de la metrou au intrat \u00een grev\u0103 japonez\u0103, iar ulterior \u00een grev\u0103 de exces de zel. Conducerea a pornit o anchet\u0103 la Metrorex, pentru a vedea dac\u0103 este vorba despre o coinciden\u021b\u0103 sau un plan, scrie G\u00e2ndul. Din cauza [&hellip;]<\/p>\n","protected":false},"author":1,"featured_media":118139,"comment_status":"closed","ping_status":"open","sticky":false,"template":"","format":"standard","meta":{"_acf_changed":false,"inline_featured_image":false,"ngg_post_thumbnail":0,"footnotes":""},"categories":[6994,5762,650],"tags":[19110,2442,5576,377,376],"ppma_author":[22583],"class_list":["post-118138","post","type-post","status-publish","format-standard","has-post-thumbnail","hentry","category-stiri-2","category-main","category-transport","tag-ancheta-metrorex","tag-greva","tag-mecanic","tag-metrorex","tag-metrou"],"acf":[],"yoast_head":"<!-- This site is optimized with the Yoast SEO Premium plugin v25.3 (Yoast SEO v27.5) - https:\/\/yoast.com\/product\/yoast-seo-premium-wordpress\/ -->\n<title>Anchet\u0103 la Metrorex \u00een cazul celor 45 de mecanici care \u0219i-au luat concediu medical \u00een acela\u0219i timp - Buletin de Bucure\u0219ti<\/title>\n<meta name=\"description\" content=\"Anchet\u0103 la Metrorex \u00een cazul celor 45 de mecanici care \u0219i-au luat concediu medical \u00een acela\u0219i timp. Cum justific\u0103 liderul de sindicat.\" \/>\n<meta name=\"robots\" content=\"index, follow, max-snippet:-1, max-image-preview:large, max-video-preview:-1\" \/>\n<link rel=\"canonical\" href=\"https:\/\/buletin.de\/bucuresti\/ancheta-la-metrorex-in-cazul-celor-45-de-mecanici-care-si-au-luat-concediu-medical-in-acelasi-timp\/\" \/>\n<meta property=\"og:locale\" content=\"en_GB\" \/>\n<meta property=\"og:type\" content=\"article\" \/>\n<meta property=\"og:title\" content=\"Anchet\u0103 la Metrorex \u00een cazul celor 45 de mecanici care \u0219i-au luat concediu medical \u00een acela\u0219i timp\" \/>\n<meta property=\"og:description\" content=\"Anchet\u0103 la Metrorex \u00een cazul celor 45 de mecanici care \u0219i-au luat concediu medical \u00een acela\u0219i timp. Cum justific\u0103 liderul de sindicat.\" \/>\n<meta property=\"og:url\" content=\"https:\/\/buletin.de\/bucuresti\/ancheta-la-metrorex-in-cazul-celor-45-de-mecanici-care-si-au-luat-concediu-medical-in-acelasi-timp\/\" \/>\n<meta property=\"og:site_name\" content=\"Buletin de Bucure\u0219ti\" \/>\n<meta property=\"article:publisher\" content=\"https:\/\/www.facebook.com\/buletin.de.buc\" \/>\n<meta property=\"article:published_time\" content=\"2025-02-12T13:23:08+00:00\" \/>\n<meta property=\"article:modified_time\" content=\"2025-02-12T20:06:18+00:00\" \/>\n<meta property=\"og:image\" content=\"https:\/\/buletin.de\/bucuresti\/wp-content\/uploads\/metrorex-5.jpg\" \/>\n\t<meta property=\"og:image:width\" content=\"1600\" \/>\n\t<meta property=\"og:image:height\" content=\"832\" \/>\n\t<meta property=\"og:image:type\" content=\"image\/jpeg\" \/>\n<meta name=\"author\" content=\"Redac\u021bia Buletin de Bucure\u0219ti\" \/>\n<meta name=\"twitter:card\" content=\"summary_large_image\" \/>\n<meta name=\"twitter:label1\" content=\"Written by\" \/>\n\t<meta name=\"twitter:data1\" content=\"Redac\u021bia Buletin de Bucure\u0219ti\" \/>\n\t<meta name=\"twitter:label2\" content=\"Estimated reading time\" \/>\n\t<meta name=\"twitter:data2\" content=\"3 minutes\" \/>\n<script type=\"application\/ld+json\" class=\"yoast-schema-graph\">{\"@context\":\"https:\\\/\\\/schema.org\",\"@graph\":[{\"@type\":\"Article\",\"@id\":\"https:\\\/\\\/buletin.de\\\/bucuresti\\\/ancheta-la-metrorex-in-cazul-celor-45-de-mecanici-care-si-au-luat-concediu-medical-in-acelasi-timp\\\/#article\",\"isPartOf\":{\"@id\":\"https:\\\/\\\/buletin.de\\\/bucuresti\\\/ancheta-la-metrorex-in-cazul-celor-45-de-mecanici-care-si-au-luat-concediu-medical-in-acelasi-timp\\\/\"},\"author\":{\"name\":\"Redac\u021bia Buletin de Bucure\u0219ti\",\"@id\":\"https:\\\/\\\/buletin.de\\\/bucuresti\\\/#\\\/schema\\\/person\\\/2bbcf854e5f2419a13804af574d06ab1\"},\"headline\":\"Anchet\u0103 la Metrorex \u00een cazul celor 45 de mecanici care \u0219i-au luat concediu medical \u00een acela\u0219i timp\",\"datePublished\":\"2025-02-12T13:23:08+00:00\",\"dateModified\":\"2025-02-12T20:06:18+00:00\",\"mainEntityOfPage\":{\"@id\":\"https:\\\/\\\/buletin.de\\\/bucuresti\\\/ancheta-la-metrorex-in-cazul-celor-45-de-mecanici-care-si-au-luat-concediu-medical-in-acelasi-timp\\\/\"},\"wordCount\":539,\"publisher\":{\"@id\":\"https:\\\/\\\/buletin.de\\\/bucuresti\\\/#organization\"},\"image\":{\"@id\":\"https:\\\/\\\/buletin.de\\\/bucuresti\\\/ancheta-la-metrorex-in-cazul-celor-45-de-mecanici-care-si-au-luat-concediu-medical-in-acelasi-timp\\\/#primaryimage\"},\"thumbnailUrl\":\"https:\\\/\\\/buletin.de\\\/bucuresti\\\/wp-content\\\/uploads\\\/metrorex-5.jpg\",\"keywords\":[\"ancheta metrorex\",\"greva\",\"mecanic\",\"metrorex\",\"metrou\"],\"articleSection\":[\"Articole\",\"Main\",\"Transport\"],\"inLanguage\":\"en-GB\",\"copyrightYear\":\"2025\",\"copyrightHolder\":{\"@id\":\"https:\\\/\\\/buletin.de\\\/bucuresti\\\/#organization\"}},{\"@type\":\"WebPage\",\"@id\":\"https:\\\/\\\/buletin.de\\\/bucuresti\\\/ancheta-la-metrorex-in-cazul-celor-45-de-mecanici-care-si-au-luat-concediu-medical-in-acelasi-timp\\\/\",\"url\":\"https:\\\/\\\/buletin.de\\\/bucuresti\\\/ancheta-la-metrorex-in-cazul-celor-45-de-mecanici-care-si-au-luat-concediu-medical-in-acelasi-timp\\\/\",\"name\":\"Anchet\u0103 la Metrorex \u00een cazul celor 45 de mecanici care \u0219i-au luat concediu medical \u00een acela\u0219i timp - Buletin de Bucure\u0219ti\",\"isPartOf\":{\"@id\":\"https:\\\/\\\/buletin.de\\\/bucuresti\\\/#website\"},\"primaryImageOfPage\":{\"@id\":\"https:\\\/\\\/buletin.de\\\/bucuresti\\\/ancheta-la-metrorex-in-cazul-celor-45-de-mecanici-care-si-au-luat-concediu-medical-in-acelasi-timp\\\/#primaryimage\"},\"image\":{\"@id\":\"https:\\\/\\\/buletin.de\\\/bucuresti\\\/ancheta-la-metrorex-in-cazul-celor-45-de-mecanici-care-si-au-luat-concediu-medical-in-acelasi-timp\\\/#primaryimage\"},\"thumbnailUrl\":\"https:\\\/\\\/buletin.de\\\/bucuresti\\\/wp-content\\\/uploads\\\/metrorex-5.jpg\",\"datePublished\":\"2025-02-12T13:23:08+00:00\",\"dateModified\":\"2025-02-12T20:06:18+00:00\",\"description\":\"Anchet\u0103 la Metrorex \u00een cazul celor 45 de mecanici care \u0219i-au luat concediu medical \u00een acela\u0219i timp. Cum justific\u0103 liderul de sindicat.\",\"breadcrumb\":{\"@id\":\"https:\\\/\\\/buletin.de\\\/bucuresti\\\/ancheta-la-metrorex-in-cazul-celor-45-de-mecanici-care-si-au-luat-concediu-medical-in-acelasi-timp\\\/#breadcrumb\"},\"inLanguage\":\"en-GB\",\"potentialAction\":[{\"@type\":\"ReadAction\",\"target\":[\"https:\\\/\\\/buletin.de\\\/bucuresti\\\/ancheta-la-metrorex-in-cazul-celor-45-de-mecanici-care-si-au-luat-concediu-medical-in-acelasi-timp\\\/\"]}]},{\"@type\":\"ImageObject\",\"inLanguage\":\"en-GB\",\"@id\":\"https:\\\/\\\/buletin.de\\\/bucuresti\\\/ancheta-la-metrorex-in-cazul-celor-45-de-mecanici-care-si-au-luat-concediu-medical-in-acelasi-timp\\\/#primaryimage\",\"url\":\"https:\\\/\\\/buletin.de\\\/bucuresti\\\/wp-content\\\/uploads\\\/metrorex-5.jpg\",\"contentUrl\":\"https:\\\/\\\/buletin.de\\\/bucuresti\\\/wp-content\\\/uploads\\\/metrorex-5.jpg\",\"width\":1600,\"height\":832,\"caption\":\"Anchet\u0103 la Metrorex\"},{\"@type\":\"BreadcrumbList\",\"@id\":\"https:\\\/\\\/buletin.de\\\/bucuresti\\\/ancheta-la-metrorex-in-cazul-celor-45-de-mecanici-care-si-au-luat-concediu-medical-in-acelasi-timp\\\/#breadcrumb\",\"itemListElement\":[{\"@type\":\"ListItem\",\"position\":1,\"name\":\"Acas\u0103\",\"item\":\"https:\\\/\\\/buletin.de\\\/bucuresti\\\/\"},{\"@type\":\"ListItem\",\"position\":2,\"name\":\"Anchet\u0103 la Metrorex \u00een cazul celor 45 de mecanici care \u0219i-au luat concediu medical \u00een acela\u0219i timp\"}]},{\"@type\":\"WebSite\",\"@id\":\"https:\\\/\\\/buletin.de\\\/bucuresti\\\/#website\",\"url\":\"https:\\\/\\\/buletin.de\\\/bucuresti\\\/\",\"name\":\"Buletin de Bucure\u0219ti\",\"description\":\"\u0218tiri \u0219i investiga\u021bii esen\u021biale din capital\u0103\",\"publisher\":{\"@id\":\"https:\\\/\\\/buletin.de\\\/bucuresti\\\/#organization\"},\"potentialAction\":[{\"@type\":\"SearchAction\",\"target\":{\"@type\":\"EntryPoint\",\"urlTemplate\":\"https:\\\/\\\/buletin.de\\\/bucuresti\\\/?s={search_term_string}\"},\"query-input\":{\"@type\":\"PropertyValueSpecification\",\"valueRequired\":true,\"valueName\":\"search_term_string\"}}],\"inLanguage\":\"en-GB\"},{\"@type\":\"Organization\",\"@id\":\"https:\\\/\\\/buletin.de\\\/bucuresti\\\/#organization\",\"name\":\"Buletin de Bucure\u0219ti\",\"url\":\"https:\\\/\\\/buletin.de\\\/bucuresti\\\/\",\"logo\":{\"@type\":\"ImageObject\",\"inLanguage\":\"en-GB\",\"@id\":\"https:\\\/\\\/buletin.de\\\/bucuresti\\\/#\\\/schema\\\/logo\\\/image\\\/\",\"url\":\"https:\\\/\\\/buletin.de\\\/bucuresti\\\/wp-content\\\/uploads\\\/logo-bdb-full-wide-vernil-transparent.png\",\"contentUrl\":\"https:\\\/\\\/buletin.de\\\/bucuresti\\\/wp-content\\\/uploads\\\/logo-bdb-full-wide-vernil-transparent.png\",\"width\":1782,\"height\":626,\"caption\":\"Buletin de Bucure\u0219ti\"},\"image\":{\"@id\":\"https:\\\/\\\/buletin.de\\\/bucuresti\\\/#\\\/schema\\\/logo\\\/image\\\/\"},\"sameAs\":[\"https:\\\/\\\/www.facebook.com\\\/buletin.de.buc\",\"https:\\\/\\\/www.instagram.com\\\/buletinde.bucuresti\\\/\"]},{\"@type\":\"Person\",\"@id\":\"https:\\\/\\\/buletin.de\\\/bucuresti\\\/#\\\/schema\\\/person\\\/2bbcf854e5f2419a13804af574d06ab1\",\"name\":\"Redac\u021bia Buletin de Bucure\u0219ti\",\"image\":{\"@type\":\"ImageObject\",\"inLanguage\":\"en-GB\",\"@id\":\"https:\\\/\\\/secure.gravatar.com\\\/avatar\\\/18c5342381ed1a08620e6280424e3e5efc958618f5d67c522c9e44c1bc6f9226?s=96&d=monsterid&r=g60c7cd0ad92c68c049fcd4bb3504d609\",\"url\":\"https:\\\/\\\/secure.gravatar.com\\\/avatar\\\/18c5342381ed1a08620e6280424e3e5efc958618f5d67c522c9e44c1bc6f9226?s=96&d=monsterid&r=g\",\"contentUrl\":\"https:\\\/\\\/secure.gravatar.com\\\/avatar\\\/18c5342381ed1a08620e6280424e3e5efc958618f5d67c522c9e44c1bc6f9226?s=96&d=monsterid&r=g\",\"caption\":\"Redac\u021bia Buletin de Bucure\u0219ti\"},\"description\":\"Buletin de Bucure\u0219ti exist\u0103 din vara anului 2019.\",\"url\":\"https:\\\/\\\/buletin.de\\\/bucuresti\\\/author\\\/adminbuletin\\\/\"}]}<\/script>\n<!-- \/ Yoast SEO Premium plugin. -->","yoast_head_json":{"title":"Anchet\u0103 la Metrorex \u00een cazul celor 45 de mecanici care \u0219i-au luat concediu medical \u00een acela\u0219i timp - Buletin de Bucure\u0219ti","description":"Anchet\u0103 la Metrorex \u00een cazul celor 45 de mecanici care \u0219i-au luat concediu medical \u00een acela\u0219i timp. Cum justific\u0103 liderul de sindicat.","robots":{"index":"index","follow":"follow","max-snippet":"max-snippet:-1","max-image-preview":"max-image-preview:large","max-video-preview":"max-video-preview:-1"},"canonical":"https:\/\/buletin.de\/bucuresti\/ancheta-la-metrorex-in-cazul-celor-45-de-mecanici-care-si-au-luat-concediu-medical-in-acelasi-timp\/","og_locale":"en_GB","og_type":"article","og_title":"Anchet\u0103 la Metrorex \u00een cazul celor 45 de mecanici care \u0219i-au luat concediu medical \u00een acela\u0219i timp","og_description":"Anchet\u0103 la Metrorex \u00een cazul celor 45 de mecanici care \u0219i-au luat concediu medical \u00een acela\u0219i timp. Cum justific\u0103 liderul de sindicat.","og_url":"https:\/\/buletin.de\/bucuresti\/ancheta-la-metrorex-in-cazul-celor-45-de-mecanici-care-si-au-luat-concediu-medical-in-acelasi-timp\/","og_site_name":"Buletin de Bucure\u0219ti","article_publisher":"https:\/\/www.facebook.com\/buletin.de.buc","article_published_time":"2025-02-12T13:23:08+00:00","article_modified_time":"2025-02-12T20:06:18+00:00","og_image":[{"width":1600,"height":832,"url":"https:\/\/buletin.de\/bucuresti\/wp-content\/uploads\/metrorex-5.jpg","type":"image\/jpeg"}],"author":"Redac\u021bia Buletin de Bucure\u0219ti","twitter_card":"summary_large_image","twitter_misc":{"Written by":"Redac\u021bia Buletin de Bucure\u0219ti","Estimated reading time":"3 minutes"},"schema":{"@context":"https:\/\/schema.org","@graph":[{"@type":"Article","@id":"https:\/\/buletin.de\/bucuresti\/ancheta-la-metrorex-in-cazul-celor-45-de-mecanici-care-si-au-luat-concediu-medical-in-acelasi-timp\/#article","isPartOf":{"@id":"https:\/\/buletin.de\/bucuresti\/ancheta-la-metrorex-in-cazul-celor-45-de-mecanici-care-si-au-luat-concediu-medical-in-acelasi-timp\/"},"author":{"name":"Redac\u021bia Buletin de Bucure\u0219ti","@id":"https:\/\/buletin.de\/bucuresti\/#\/schema\/person\/2bbcf854e5f2419a13804af574d06ab1"},"headline":"Anchet\u0103 la Metrorex \u00een cazul celor 45 de mecanici care \u0219i-au luat concediu medical \u00een acela\u0219i timp","datePublished":"2025-02-12T13:23:08+00:00","dateModified":"2025-02-12T20:06:18+00:00","mainEntityOfPage":{"@id":"https:\/\/buletin.de\/bucuresti\/ancheta-la-metrorex-in-cazul-celor-45-de-mecanici-care-si-au-luat-concediu-medical-in-acelasi-timp\/"},"wordCount":539,"publisher":{"@id":"https:\/\/buletin.de\/bucuresti\/#organization"},"image":{"@id":"https:\/\/buletin.de\/bucuresti\/ancheta-la-metrorex-in-cazul-celor-45-de-mecanici-care-si-au-luat-concediu-medical-in-acelasi-timp\/#primaryimage"},"thumbnailUrl":"https:\/\/buletin.de\/bucuresti\/wp-content\/uploads\/metrorex-5.jpg","keywords":["ancheta metrorex","greva","mecanic","metrorex","metrou"],"articleSection":["Articole","Main","Transport"],"inLanguage":"en-GB","copyrightYear":"2025","copyrightHolder":{"@id":"https:\/\/buletin.de\/bucuresti\/#organization"}},{"@type":"WebPage","@id":"https:\/\/buletin.de\/bucuresti\/ancheta-la-metrorex-in-cazul-celor-45-de-mecanici-care-si-au-luat-concediu-medical-in-acelasi-timp\/","url":"https:\/\/buletin.de\/bucuresti\/ancheta-la-metrorex-in-cazul-celor-45-de-mecanici-care-si-au-luat-concediu-medical-in-acelasi-timp\/","name":"Anchet\u0103 la Metrorex \u00een cazul celor 45 de mecanici care \u0219i-au luat concediu medical \u00een acela\u0219i timp - Buletin de Bucure\u0219ti","isPartOf":{"@id":"https:\/\/buletin.de\/bucuresti\/#website"},"primaryImageOfPage":{"@id":"https:\/\/buletin.de\/bucuresti\/ancheta-la-metrorex-in-cazul-celor-45-de-mecanici-care-si-au-luat-concediu-medical-in-acelasi-timp\/#primaryimage"},"image":{"@id":"https:\/\/buletin.de\/bucuresti\/ancheta-la-metrorex-in-cazul-celor-45-de-mecanici-care-si-au-luat-concediu-medical-in-acelasi-timp\/#primaryimage"},"thumbnailUrl":"https:\/\/buletin.de\/bucuresti\/wp-content\/uploads\/metrorex-5.jpg","datePublished":"2025-02-12T13:23:08+00:00","dateModified":"2025-02-12T20:06:18+00:00","description":"Anchet\u0103 la Metrorex \u00een cazul celor 45 de mecanici care \u0219i-au luat concediu medical \u00een acela\u0219i timp. Cum justific\u0103 liderul de sindicat.","breadcrumb":{"@id":"https:\/\/buletin.de\/bucuresti\/ancheta-la-metrorex-in-cazul-celor-45-de-mecanici-care-si-au-luat-concediu-medical-in-acelasi-timp\/#breadcrumb"},"inLanguage":"en-GB","potentialAction":[{"@type":"ReadAction","target":["https:\/\/buletin.de\/bucuresti\/ancheta-la-metrorex-in-cazul-celor-45-de-mecanici-care-si-au-luat-concediu-medical-in-acelasi-timp\/"]}]},{"@type":"ImageObject","inLanguage":"en-GB","@id":"https:\/\/buletin.de\/bucuresti\/ancheta-la-metrorex-in-cazul-celor-45-de-mecanici-care-si-au-luat-concediu-medical-in-acelasi-timp\/#primaryimage","url":"https:\/\/buletin.de\/bucuresti\/wp-content\/uploads\/metrorex-5.jpg","contentUrl":"https:\/\/buletin.de\/bucuresti\/wp-content\/uploads\/metrorex-5.jpg","width":1600,"height":832,"caption":"Anchet\u0103 la Metrorex"},{"@type":"BreadcrumbList","@id":"https:\/\/buletin.de\/bucuresti\/ancheta-la-metrorex-in-cazul-celor-45-de-mecanici-care-si-au-luat-concediu-medical-in-acelasi-timp\/#breadcrumb","itemListElement":[{"@type":"ListItem","position":1,"name":"Acas\u0103","item":"https:\/\/buletin.de\/bucuresti\/"},{"@type":"ListItem","position":2,"name":"Anchet\u0103 la Metrorex \u00een cazul celor 45 de mecanici care \u0219i-au luat concediu medical \u00een acela\u0219i timp"}]},{"@type":"WebSite","@id":"https:\/\/buletin.de\/bucuresti\/#website","url":"https:\/\/buletin.de\/bucuresti\/","name":"Buletin de Bucure\u0219ti","description":"\u0218tiri \u0219i investiga\u021bii esen\u021biale din capital\u0103","publisher":{"@id":"https:\/\/buletin.de\/bucuresti\/#organization"},"potentialAction":[{"@type":"SearchAction","target":{"@type":"EntryPoint","urlTemplate":"https:\/\/buletin.de\/bucuresti\/?s={search_term_string}"},"query-input":{"@type":"PropertyValueSpecification","valueRequired":true,"valueName":"search_term_string"}}],"inLanguage":"en-GB"},{"@type":"Organization","@id":"https:\/\/buletin.de\/bucuresti\/#organization","name":"Buletin de Bucure\u0219ti","url":"https:\/\/buletin.de\/bucuresti\/","logo":{"@type":"ImageObject","inLanguage":"en-GB","@id":"https:\/\/buletin.de\/bucuresti\/#\/schema\/logo\/image\/","url":"https:\/\/buletin.de\/bucuresti\/wp-content\/uploads\/logo-bdb-full-wide-vernil-transparent.png","contentUrl":"https:\/\/buletin.de\/bucuresti\/wp-content\/uploads\/logo-bdb-full-wide-vernil-transparent.png","width":1782,"height":626,"caption":"Buletin de Bucure\u0219ti"},"image":{"@id":"https:\/\/buletin.de\/bucuresti\/#\/schema\/logo\/image\/"},"sameAs":["https:\/\/www.facebook.com\/buletin.de.buc","https:\/\/www.instagram.com\/buletinde.bucuresti\/"]},{"@type":"Person","@id":"https:\/\/buletin.de\/bucuresti\/#\/schema\/person\/2bbcf854e5f2419a13804af574d06ab1","name":"Redac\u021bia Buletin de Bucure\u0219ti","image":{"@type":"ImageObject","inLanguage":"en-GB","@id":"https:\/\/secure.gravatar.com\/avatar\/18c5342381ed1a08620e6280424e3e5efc958618f5d67c522c9e44c1bc6f9226?s=96&d=monsterid&r=g60c7cd0ad92c68c049fcd4bb3504d609","url":"https:\/\/secure.gravatar.com\/avatar\/18c5342381ed1a08620e6280424e3e5efc958618f5d67c522c9e44c1bc6f9226?s=96&d=monsterid&r=g","contentUrl":"https:\/\/secure.gravatar.com\/avatar\/18c5342381ed1a08620e6280424e3e5efc958618f5d67c522c9e44c1bc6f9226?s=96&d=monsterid&r=g","caption":"Redac\u021bia Buletin de Bucure\u0219ti"},"description":"Buletin de Bucure\u0219ti exist\u0103 din vara anului 2019.","url":"https:\/\/buletin.de\/bucuresti\/author\/adminbuletin\/"}]}},"authors":[{"term_id":22583,"user_id":1,"is_guest":0,"slug":"adminbuletin","display_name":"Redac\u021bia Buletin de Bucure\u0219ti","avatar_url":"https:\/\/secure.gravatar.com\/avatar\/18c5342381ed1a08620e6280424e3e5efc958618f5d67c522c9e44c1bc6f9226?s=96&d=monsterid&r=g","0":null,"1":"","2":"","3":"","4":"","5":"","6":"","7":"","8":""}],"_links":{"self":[{"href":"https:\/\/buletin.de\/bucuresti\/wp-json\/wp\/v2\/posts\/118138","targetHints":{"allow":["GET"]}}],"collection":[{"href":"https:\/\/buletin.de\/bucuresti\/wp-json\/wp\/v2\/posts"}],"about":[{"href":"https:\/\/buletin.de\/bucuresti\/wp-json\/wp\/v2\/types\/post"}],"author":[{"embeddable":true,"href":"https:\/\/buletin.de\/bucuresti\/wp-json\/wp\/v2\/users\/1"}],"replies":[{"embeddable":true,"href":"https:\/\/buletin.de\/bucuresti\/wp-json\/wp\/v2\/comments?post=118138"}],"version-history":[{"count":1,"href":"https:\/\/buletin.de\/bucuresti\/wp-json\/wp\/v2\/posts\/118138\/revisions"}],"predecessor-version":[{"id":118140,"href":"https:\/\/buletin.de\/bucuresti\/wp-json\/wp\/v2\/posts\/118138\/revisions\/118140"}],"wp:featuredmedia":[{"embeddable":true,"href":"https:\/\/buletin.de\/bucuresti\/wp-json\/wp\/v2\/media\/118139"}],"wp:attachment":[{"href":"https:\/\/buletin.de\/bucuresti\/wp-json\/wp\/v2\/media?parent=118138"}],"wp:term":[{"taxonomy":"category","embeddable":true,"href":"https:\/\/buletin.de\/bucuresti\/wp-json\/wp\/v2\/categories?post=118138"},{"taxonomy":"post_tag","embeddable":true,"href":"https:\/\/buletin.de\/bucuresti\/wp-json\/wp\/v2\/tags?post=118138"},{"taxonomy":"author","embeddable":true,"href":"https:\/\/buletin.de\/bucuresti\/wp-json\/wp\/v2\/ppma_author?post=118138"}],"curies":[{"name":"wp","href":"https:\/\/api.w.org\/{rel}","templated":true}]}}