{"id":118052,"date":"2025-02-12T13:00:27","date_gmt":"2025-02-12T10:00:27","guid":{"rendered":"https:\/\/buletin.de\/bucuresti\/?p=118052"},"modified":"2025-02-12T13:00:28","modified_gmt":"2025-02-12T10:00:28","slug":"statiile-mecet-de-pe-strada-traian-vor-fi-relocate","status":"publish","type":"post","link":"https:\/\/buletin.de\/bucuresti\/statiile-mecet-de-pe-strada-traian-vor-fi-relocate\/","title":{"rendered":"TPBI | Sta\u021biile \u201eMecet\u201d de pe strada Traian vor fi relocate"},"content":{"rendered":"\n<p><strong>Sta\u021biile \u201eMecet\u201d de pe strada Traian vor fi relocate, anun\u021b\u0103 TPBI. M\u0103sura este luat\u0103 de ast\u0103zi, 12 februarie, pentru o legatur\u0103 mai bun\u0103 \u00eentre liniile de tramvai 14 \u0219i 55 \u015fi linia de troleibuz 97.<\/strong><\/p>\n\n\n\n<p>\u00ce<strong>ncep\u00e2nd din 12 februarie<\/strong>, sta\u021bia \u201e<strong>MECET<\/strong>\u201d (linii 14, 55) situat\u0103 pe strada Traian, pe sensul spre Bd. Pache Protopopescu, se reamplaseaz\u0103 comun cu cea de troleibuz\/ autobuz, dup\u0103 intersec\u021bia cu Str. Mecet. <\/p>\n\n\n\n<p>Totodat\u0103, sta\u021bia de troleibuz\/ autobuz \u201e<strong>MECET<\/strong>\u201d, amplasat\u0103 pe stradaTraian, pe sensul spre Calea C\u0103l\u0103ra\u0219i, se reamplaseaz\u0103 \u00eenaintea sta\u021biei de tramvai de la intersec\u021bia cu Str. Mecet.<\/p>\n\n\n\n<p><strong>CITE\u0218TE \u0218I:<\/strong> <a href=\"https:\/\/buletin.de\/bucuresti\/locomotivele-si-vagoanele-modernizate-pentru-cfr-calatori-prezentate-la-gara-baneasa-fotovideo\/\"><strong>Locomotivele \u0219i vagoanele modernizate pentru CFR C\u0103l\u0103tori, prezentate la gara B\u0103neasa | FOTO+VIDEO<\/strong><\/a><\/p>\n\n\n\n<h2 class=\"wp-block-heading\" id=\"h-cinci-mijloace-de-transport-in-comun-circula-pe-linia-de-tramvai-din-18-ianuarie\">Cinci mijloace de transport \u00een comun circul\u0103 pe linia de tramvai, din 18 ianuarie<\/h2>\n\n\n\n<p><strong>Autobuzele&nbsp;liniilor 116, 141, 232, N10 \u0219i N112 circul\u0103 pe linia de tramvai de pe \u0218oseaua Olteni\u021bei, pe tronsonul cuprins \u00eentre Bulevardul Constantin Br\u00e2ncoveanu \u0219i Pia\u021ba Eroii Revolu\u021biei, din 18 ianuarie, anun\u021b\u0103&nbsp;<a href=\"https:\/\/tpbi.ro\/autobuzele-liniilor-116-141-232-n10-si-n112-vor-circula-pe-calea-de-rulare-a-tramvaielor-intre-bd-constantin-brancoveanu-si-piata-eroii-revolutiei\/?fbclid=IwY2xjawH2AGpleHRuA2FlbQIxMAABHes43U_8GVhawQsda85YnG4rgzK4kENYiIs3n4_kpLQratwx6awJPqNsKA_aem_QibuN5OumkhqhJrjBPOXBg\" target=\"_blank\" rel=\"noreferrer noopener\">Asocia\u021bia de Dezvoltare Intercomunitar\u0103 pentru Transport Public Bucure\u0219ti \u2013 Ilfov.<\/a><\/strong><\/p>\n\n\n\n<p>TPBI precizeaz\u0103 c\u0103, \u00een acest fel, se va fluidiza circula\u021bia mijloacelor de transport public, pe \u0218os. Olteni\u021bei, din zona intersec\u021biei cu Str. \u0218ura Mare.<\/p>\n\n\n\n<h2 class=\"wp-block-heading\" id=\"h-cele-cinci-mijloace-de-transport-in-comun-nbsp-circula-pe-linia-de-tramvai-nbsp-astfel\"><strong>Cele cinci mijloace de transport \u00een comun&nbsp;circul\u0103 pe linia de tramvai&nbsp;astfel:<\/strong><\/h2>\n\n\n\n<p>Pe sensul spre&nbsp;<strong>Pia\u021ba Eroii Revolu\u021biei<\/strong>, autobuzele&nbsp;<strong>liniilor 116, 141 \u0219i N112&nbsp;<\/strong>vor opri \u00een sta\u021bia actual\u0103,&nbsp;<strong>\u201eBd. Constantin Br\u00e2ncoveanu\u201d<\/strong>&nbsp;(situat\u0103 la trotuar) din zona accesului \u00een parcul \u201eOr\u0103\u0219elul Copiilor\u201d, apoi la peroanele de tramvai&nbsp;<strong>\u201eOpri\u0219 Ilie\u201d<\/strong>&nbsp;\u0219i&nbsp;<strong>\u201eCimitirul \u0218erban Vod\u0103\u201d<\/strong>&nbsp;(comun cu linia 10).<\/p>\n\n\n\n<p>Autobuzele&nbsp;<strong>liniilor 232 \u0219i N10<\/strong>&nbsp;vor opri la peroanele de tramvai&nbsp;\u0219i \u00een sta\u021bia&nbsp;<strong>\u201eBd.&nbsp;Constantin Br\u00e2ncoveanu\u201d,&nbsp;<\/strong>precum \u0219i \u00een sta\u021biile<strong>&nbsp;\u201eOpri\u0219 Ilie\u201d<\/strong>&nbsp;\u0219i&nbsp;<strong>\u201eCimitirul \u0218erban Vod\u0103\u201d<\/strong>&nbsp;(comun cu linia 10).<\/p>\n\n\n\n<p>Pe sensul spre&nbsp;<strong>Bd. Constantin Br\u00e2ncoveanu<\/strong>, autobuzele&nbsp;<strong>liniilor 116, 141 \u0219i N112<\/strong>&nbsp;vor opri la peroanele de tramvai&nbsp;<strong>\u201eCimitirul \u0218erban Vod\u0103\u201d<\/strong>&nbsp;\u0219i&nbsp;<strong>\u201eOpri\u0219 Ilie\u201d<\/strong>&nbsp;(comun cu linia&nbsp;1). Sta\u021bia<strong>&nbsp;\u201eBd. Constantin Br\u00e2ncoveanu<\/strong>\u201d va fi efectuat\u0103&nbsp;la trotuar&nbsp;pe Bd.&nbsp;Constantin Br\u00e2ncoveanu.<\/p>\n\n\n\n<p>Autobuzele&nbsp;<strong>liniilor&nbsp; 232 \u0219i N1<\/strong>&nbsp;vor opri&nbsp;<em>la peroanele de tramvai<\/em>&nbsp;<strong>\u201eCimitirul \u0218erban Vod\u0103\u201d, \u201eOpri\u0219 Ilie\u201d \u0219i \u201eBd.&nbsp;Constantin Br\u00e2ncoveanu\u201d<\/strong>&nbsp;(comun cu linia 1).<\/p>\n\n\n\n<p>Tot de&nbsp;s\u00e2mb\u0103t\u0103<strong>, 18 ianuarie<\/strong>, autobuzele&nbsp;<strong>liniei N106<\/strong>&nbsp;vor opri, pe sensul spre Pia\u021ba Unirii, \u0219i \u00een&nbsp;sta\u021bia de la trotuar&nbsp;<strong>\u201ePia\u021ba Sudului\u201d&nbsp;<\/strong>(comun cu linia N10), iar sta\u021bia&nbsp;<strong>\u201eStadion\u201d<\/strong>&nbsp;va fi efectuat\u0103 la peron.<\/p>\n\n\n\n<p><strong>CITE\u0218TE \u0218I:<\/strong> <a href=\"https:\/\/buletin.de\/bucuresti\/m6-lucrarile-au-ajuns-la-un-sfert-din-total-pe-sectiunea-sudica-dupa-un-an-de-la-deschiderea-santierului\/\"><strong>M6 | Lucr\u0103rile au ajuns la un sfert din total pe sec\u0163iunea sudic\u0103, dup\u0103 un an de la deschiderea \u015fantierului<\/strong><\/a><\/p>\n","protected":false},"excerpt":{"rendered":"<p>Sta\u021biile \u201eMecet\u201d de pe strada Traian vor fi relocate, anun\u021b\u0103 TPBI. M\u0103sura este luat\u0103 de ast\u0103zi, 12 februarie, pentru o legatur\u0103 mai bun\u0103 \u00eentre liniile de tramvai 14 \u0219i 55 \u015fi linia de troleibuz 97. \u00cencep\u00e2nd din 12 februarie, sta\u021bia \u201eMECET\u201d (linii 14, 55) situat\u0103 pe strada Traian, pe sensul spre Bd. Pache Protopopescu, se [&hellip;]<\/p>\n","protected":false},"author":49,"featured_media":118080,"comment_status":"closed","ping_status":"open","sticky":false,"template":"","format":"standard","meta":{"_acf_changed":false,"inline_featured_image":false,"ngg_post_thumbnail":0,"footnotes":""},"categories":[6994,62,650],"tags":[19097,9681,19096,402,7184],"ppma_author":[22574],"class_list":["post-118052","post","type-post","status-publish","format-standard","has-post-thumbnail","hentry","category-stiri-2","category-stiri","category-transport","tag-bd-pache-protopopescu","tag-calea-calarasi-2","tag-statiile-mecet","tag-stb","tag-strada-traian"],"acf":[],"yoast_head":"<!-- This site is optimized with the Yoast SEO Premium plugin v25.3 (Yoast SEO v27.5) - https:\/\/yoast.com\/product\/yoast-seo-premium-wordpress\/ -->\n<title>TPBI | Sta\u021biile \u201eMecet\u201d de pe strada Traian vor fi relocate - Buletin de Bucure\u0219ti<\/title>\n<meta name=\"description\" content=\"Sta\u021biile \u201eMecet\u201d de pe strada Traian vor fi relocate, anun\u021b\u0103 TPBI. M\u0103sura este luat\u0103 de ast\u0103zi, 12 februarie.\" \/>\n<meta name=\"robots\" content=\"index, follow, max-snippet:-1, max-image-preview:large, max-video-preview:-1\" \/>\n<link rel=\"canonical\" href=\"https:\/\/buletin.de\/bucuresti\/statiile-mecet-de-pe-strada-traian-vor-fi-relocate\/\" \/>\n<meta property=\"og:locale\" content=\"en_GB\" \/>\n<meta property=\"og:type\" content=\"article\" \/>\n<meta property=\"og:title\" content=\"TPBI | Sta\u021biile \u201eMecet\u201d de pe strada Traian vor fi relocate\" \/>\n<meta property=\"og:description\" content=\"Sta\u021biile \u201eMecet\u201d de pe strada Traian vor fi relocate, anun\u021b\u0103 TPBI. M\u0103sura este luat\u0103 de ast\u0103zi, 12 februarie.\" \/>\n<meta property=\"og:url\" content=\"https:\/\/buletin.de\/bucuresti\/statiile-mecet-de-pe-strada-traian-vor-fi-relocate\/\" \/>\n<meta property=\"og:site_name\" content=\"Buletin de Bucure\u0219ti\" \/>\n<meta property=\"article:publisher\" content=\"https:\/\/www.facebook.com\/buletin.de.buc\" \/>\n<meta property=\"article:published_time\" content=\"2025-02-12T10:00:27+00:00\" \/>\n<meta property=\"article:modified_time\" content=\"2025-02-12T10:00:28+00:00\" \/>\n<meta property=\"og:image\" content=\"https:\/\/buletin.de\/bucuresti\/wp-content\/uploads\/tramvai-55-c-1260x709-1.webp\" \/>\n\t<meta property=\"og:image:width\" content=\"1260\" \/>\n\t<meta property=\"og:image:height\" content=\"709\" \/>\n\t<meta property=\"og:image:type\" content=\"image\/webp\" \/>\n<meta name=\"author\" content=\"Diana Matei\" \/>\n<meta name=\"twitter:card\" content=\"summary_large_image\" \/>\n<meta name=\"twitter:label1\" content=\"Written by\" \/>\n\t<meta name=\"twitter:data1\" content=\"Diana Matei\" \/>\n\t<meta name=\"twitter:label2\" content=\"Estimated reading time\" \/>\n\t<meta name=\"twitter:data2\" content=\"2 minutes\" \/>\n<script type=\"application\/ld+json\" class=\"yoast-schema-graph\">{\"@context\":\"https:\\\/\\\/schema.org\",\"@graph\":[{\"@type\":\"Article\",\"@id\":\"https:\\\/\\\/buletin.de\\\/bucuresti\\\/statiile-mecet-de-pe-strada-traian-vor-fi-relocate\\\/#article\",\"isPartOf\":{\"@id\":\"https:\\\/\\\/buletin.de\\\/bucuresti\\\/statiile-mecet-de-pe-strada-traian-vor-fi-relocate\\\/\"},\"author\":{\"name\":\"Diana Matei\",\"@id\":\"https:\\\/\\\/buletin.de\\\/bucuresti\\\/#\\\/schema\\\/person\\\/7e46040573290777280a0835d81ea4ea\"},\"headline\":\"TPBI | Sta\u021biile \u201eMecet\u201d de pe strada Traian vor fi relocate\",\"datePublished\":\"2025-02-12T10:00:27+00:00\",\"dateModified\":\"2025-02-12T10:00:28+00:00\",\"mainEntityOfPage\":{\"@id\":\"https:\\\/\\\/buletin.de\\\/bucuresti\\\/statiile-mecet-de-pe-strada-traian-vor-fi-relocate\\\/\"},\"wordCount\":482,\"publisher\":{\"@id\":\"https:\\\/\\\/buletin.de\\\/bucuresti\\\/#organization\"},\"image\":{\"@id\":\"https:\\\/\\\/buletin.de\\\/bucuresti\\\/statiile-mecet-de-pe-strada-traian-vor-fi-relocate\\\/#primaryimage\"},\"thumbnailUrl\":\"https:\\\/\\\/buletin.de\\\/bucuresti\\\/wp-content\\\/uploads\\\/tramvai-55-c-1260x709-1.webp\",\"keywords\":[\"Bd. Pache Protopopescu\",\"Calea C\u0103l\u0103ra\u0219i\",\"Sta\u021biile \u201eMecet\u201d\",\"stb\",\"strada traian\"],\"articleSection\":[\"Articole\",\"\u0218tiri\",\"Transport\"],\"inLanguage\":\"en-GB\",\"copyrightYear\":\"2025\",\"copyrightHolder\":{\"@id\":\"https:\\\/\\\/buletin.de\\\/bucuresti\\\/#organization\"}},{\"@type\":\"WebPage\",\"@id\":\"https:\\\/\\\/buletin.de\\\/bucuresti\\\/statiile-mecet-de-pe-strada-traian-vor-fi-relocate\\\/\",\"url\":\"https:\\\/\\\/buletin.de\\\/bucuresti\\\/statiile-mecet-de-pe-strada-traian-vor-fi-relocate\\\/\",\"name\":\"TPBI | Sta\u021biile \u201eMecet\u201d de pe strada Traian vor fi relocate - Buletin de Bucure\u0219ti\",\"isPartOf\":{\"@id\":\"https:\\\/\\\/buletin.de\\\/bucuresti\\\/#website\"},\"primaryImageOfPage\":{\"@id\":\"https:\\\/\\\/buletin.de\\\/bucuresti\\\/statiile-mecet-de-pe-strada-traian-vor-fi-relocate\\\/#primaryimage\"},\"image\":{\"@id\":\"https:\\\/\\\/buletin.de\\\/bucuresti\\\/statiile-mecet-de-pe-strada-traian-vor-fi-relocate\\\/#primaryimage\"},\"thumbnailUrl\":\"https:\\\/\\\/buletin.de\\\/bucuresti\\\/wp-content\\\/uploads\\\/tramvai-55-c-1260x709-1.webp\",\"datePublished\":\"2025-02-12T10:00:27+00:00\",\"dateModified\":\"2025-02-12T10:00:28+00:00\",\"description\":\"Sta\u021biile \u201eMecet\u201d de pe strada Traian vor fi relocate, anun\u021b\u0103 TPBI. M\u0103sura este luat\u0103 de ast\u0103zi, 12 februarie.\",\"breadcrumb\":{\"@id\":\"https:\\\/\\\/buletin.de\\\/bucuresti\\\/statiile-mecet-de-pe-strada-traian-vor-fi-relocate\\\/#breadcrumb\"},\"inLanguage\":\"en-GB\",\"potentialAction\":[{\"@type\":\"ReadAction\",\"target\":[\"https:\\\/\\\/buletin.de\\\/bucuresti\\\/statiile-mecet-de-pe-strada-traian-vor-fi-relocate\\\/\"]}]},{\"@type\":\"ImageObject\",\"inLanguage\":\"en-GB\",\"@id\":\"https:\\\/\\\/buletin.de\\\/bucuresti\\\/statiile-mecet-de-pe-strada-traian-vor-fi-relocate\\\/#primaryimage\",\"url\":\"https:\\\/\\\/buletin.de\\\/bucuresti\\\/wp-content\\\/uploads\\\/tramvai-55-c-1260x709-1.webp\",\"contentUrl\":\"https:\\\/\\\/buletin.de\\\/bucuresti\\\/wp-content\\\/uploads\\\/tramvai-55-c-1260x709-1.webp\",\"width\":1260,\"height\":709,\"caption\":\"TPBI | Sta\u021biile \u201eMecet\u201d de pe strada Traian vor fi relocate. FOTO: Facebook\\\/ STB\"},{\"@type\":\"BreadcrumbList\",\"@id\":\"https:\\\/\\\/buletin.de\\\/bucuresti\\\/statiile-mecet-de-pe-strada-traian-vor-fi-relocate\\\/#breadcrumb\",\"itemListElement\":[{\"@type\":\"ListItem\",\"position\":1,\"name\":\"Acas\u0103\",\"item\":\"https:\\\/\\\/buletin.de\\\/bucuresti\\\/\"},{\"@type\":\"ListItem\",\"position\":2,\"name\":\"TPBI | Sta\u021biile \u201eMecet\u201d de pe strada Traian vor fi relocate\"}]},{\"@type\":\"WebSite\",\"@id\":\"https:\\\/\\\/buletin.de\\\/bucuresti\\\/#website\",\"url\":\"https:\\\/\\\/buletin.de\\\/bucuresti\\\/\",\"name\":\"Buletin de Bucure\u0219ti\",\"description\":\"\u0218tiri \u0219i investiga\u021bii esen\u021biale din capital\u0103\",\"publisher\":{\"@id\":\"https:\\\/\\\/buletin.de\\\/bucuresti\\\/#organization\"},\"potentialAction\":[{\"@type\":\"SearchAction\",\"target\":{\"@type\":\"EntryPoint\",\"urlTemplate\":\"https:\\\/\\\/buletin.de\\\/bucuresti\\\/?s={search_term_string}\"},\"query-input\":{\"@type\":\"PropertyValueSpecification\",\"valueRequired\":true,\"valueName\":\"search_term_string\"}}],\"inLanguage\":\"en-GB\"},{\"@type\":\"Organization\",\"@id\":\"https:\\\/\\\/buletin.de\\\/bucuresti\\\/#organization\",\"name\":\"Buletin de Bucure\u0219ti\",\"url\":\"https:\\\/\\\/buletin.de\\\/bucuresti\\\/\",\"logo\":{\"@type\":\"ImageObject\",\"inLanguage\":\"en-GB\",\"@id\":\"https:\\\/\\\/buletin.de\\\/bucuresti\\\/#\\\/schema\\\/logo\\\/image\\\/\",\"url\":\"https:\\\/\\\/buletin.de\\\/bucuresti\\\/wp-content\\\/uploads\\\/logo-bdb-full-wide-vernil-transparent.png\",\"contentUrl\":\"https:\\\/\\\/buletin.de\\\/bucuresti\\\/wp-content\\\/uploads\\\/logo-bdb-full-wide-vernil-transparent.png\",\"width\":1782,\"height\":626,\"caption\":\"Buletin de Bucure\u0219ti\"},\"image\":{\"@id\":\"https:\\\/\\\/buletin.de\\\/bucuresti\\\/#\\\/schema\\\/logo\\\/image\\\/\"},\"sameAs\":[\"https:\\\/\\\/www.facebook.com\\\/buletin.de.buc\",\"https:\\\/\\\/www.instagram.com\\\/buletinde.bucuresti\\\/\"]},{\"@type\":\"Person\",\"@id\":\"https:\\\/\\\/buletin.de\\\/bucuresti\\\/#\\\/schema\\\/person\\\/7e46040573290777280a0835d81ea4ea\",\"name\":\"Diana Matei\",\"image\":{\"@type\":\"ImageObject\",\"inLanguage\":\"en-GB\",\"@id\":\"https:\\\/\\\/buletin.de\\\/bucuresti\\\/wp-content\\\/uploads\\\/9-2-96x96.jpg1e8590b30871d70e62ebcdaf2eff570c\",\"url\":\"https:\\\/\\\/buletin.de\\\/bucuresti\\\/wp-content\\\/uploads\\\/9-2-96x96.jpg\",\"contentUrl\":\"https:\\\/\\\/buletin.de\\\/bucuresti\\\/wp-content\\\/uploads\\\/9-2-96x96.jpg\",\"caption\":\"Diana Matei\"},\"url\":\"https:\\\/\\\/buletin.de\\\/bucuresti\\\/author\\\/dianamatei\\\/\"}]}<\/script>\n<!-- \/ Yoast SEO Premium plugin. -->","yoast_head_json":{"title":"TPBI | Sta\u021biile \u201eMecet\u201d de pe strada Traian vor fi relocate - Buletin de Bucure\u0219ti","description":"Sta\u021biile \u201eMecet\u201d de pe strada Traian vor fi relocate, anun\u021b\u0103 TPBI. M\u0103sura este luat\u0103 de ast\u0103zi, 12 februarie.","robots":{"index":"index","follow":"follow","max-snippet":"max-snippet:-1","max-image-preview":"max-image-preview:large","max-video-preview":"max-video-preview:-1"},"canonical":"https:\/\/buletin.de\/bucuresti\/statiile-mecet-de-pe-strada-traian-vor-fi-relocate\/","og_locale":"en_GB","og_type":"article","og_title":"TPBI | Sta\u021biile \u201eMecet\u201d de pe strada Traian vor fi relocate","og_description":"Sta\u021biile \u201eMecet\u201d de pe strada Traian vor fi relocate, anun\u021b\u0103 TPBI. M\u0103sura este luat\u0103 de ast\u0103zi, 12 februarie.","og_url":"https:\/\/buletin.de\/bucuresti\/statiile-mecet-de-pe-strada-traian-vor-fi-relocate\/","og_site_name":"Buletin de Bucure\u0219ti","article_publisher":"https:\/\/www.facebook.com\/buletin.de.buc","article_published_time":"2025-02-12T10:00:27+00:00","article_modified_time":"2025-02-12T10:00:28+00:00","og_image":[{"width":1260,"height":709,"url":"https:\/\/buletin.de\/bucuresti\/wp-content\/uploads\/tramvai-55-c-1260x709-1.webp","type":"image\/webp"}],"author":"Diana Matei","twitter_card":"summary_large_image","twitter_misc":{"Written by":"Diana Matei","Estimated reading time":"2 minutes"},"schema":{"@context":"https:\/\/schema.org","@graph":[{"@type":"Article","@id":"https:\/\/buletin.de\/bucuresti\/statiile-mecet-de-pe-strada-traian-vor-fi-relocate\/#article","isPartOf":{"@id":"https:\/\/buletin.de\/bucuresti\/statiile-mecet-de-pe-strada-traian-vor-fi-relocate\/"},"author":{"name":"Diana Matei","@id":"https:\/\/buletin.de\/bucuresti\/#\/schema\/person\/7e46040573290777280a0835d81ea4ea"},"headline":"TPBI | Sta\u021biile \u201eMecet\u201d de pe strada Traian vor fi relocate","datePublished":"2025-02-12T10:00:27+00:00","dateModified":"2025-02-12T10:00:28+00:00","mainEntityOfPage":{"@id":"https:\/\/buletin.de\/bucuresti\/statiile-mecet-de-pe-strada-traian-vor-fi-relocate\/"},"wordCount":482,"publisher":{"@id":"https:\/\/buletin.de\/bucuresti\/#organization"},"image":{"@id":"https:\/\/buletin.de\/bucuresti\/statiile-mecet-de-pe-strada-traian-vor-fi-relocate\/#primaryimage"},"thumbnailUrl":"https:\/\/buletin.de\/bucuresti\/wp-content\/uploads\/tramvai-55-c-1260x709-1.webp","keywords":["Bd. Pache Protopopescu","Calea C\u0103l\u0103ra\u0219i","Sta\u021biile \u201eMecet\u201d","stb","strada traian"],"articleSection":["Articole","\u0218tiri","Transport"],"inLanguage":"en-GB","copyrightYear":"2025","copyrightHolder":{"@id":"https:\/\/buletin.de\/bucuresti\/#organization"}},{"@type":"WebPage","@id":"https:\/\/buletin.de\/bucuresti\/statiile-mecet-de-pe-strada-traian-vor-fi-relocate\/","url":"https:\/\/buletin.de\/bucuresti\/statiile-mecet-de-pe-strada-traian-vor-fi-relocate\/","name":"TPBI | Sta\u021biile \u201eMecet\u201d de pe strada Traian vor fi relocate - Buletin de Bucure\u0219ti","isPartOf":{"@id":"https:\/\/buletin.de\/bucuresti\/#website"},"primaryImageOfPage":{"@id":"https:\/\/buletin.de\/bucuresti\/statiile-mecet-de-pe-strada-traian-vor-fi-relocate\/#primaryimage"},"image":{"@id":"https:\/\/buletin.de\/bucuresti\/statiile-mecet-de-pe-strada-traian-vor-fi-relocate\/#primaryimage"},"thumbnailUrl":"https:\/\/buletin.de\/bucuresti\/wp-content\/uploads\/tramvai-55-c-1260x709-1.webp","datePublished":"2025-02-12T10:00:27+00:00","dateModified":"2025-02-12T10:00:28+00:00","description":"Sta\u021biile \u201eMecet\u201d de pe strada Traian vor fi relocate, anun\u021b\u0103 TPBI. M\u0103sura este luat\u0103 de ast\u0103zi, 12 februarie.","breadcrumb":{"@id":"https:\/\/buletin.de\/bucuresti\/statiile-mecet-de-pe-strada-traian-vor-fi-relocate\/#breadcrumb"},"inLanguage":"en-GB","potentialAction":[{"@type":"ReadAction","target":["https:\/\/buletin.de\/bucuresti\/statiile-mecet-de-pe-strada-traian-vor-fi-relocate\/"]}]},{"@type":"ImageObject","inLanguage":"en-GB","@id":"https:\/\/buletin.de\/bucuresti\/statiile-mecet-de-pe-strada-traian-vor-fi-relocate\/#primaryimage","url":"https:\/\/buletin.de\/bucuresti\/wp-content\/uploads\/tramvai-55-c-1260x709-1.webp","contentUrl":"https:\/\/buletin.de\/bucuresti\/wp-content\/uploads\/tramvai-55-c-1260x709-1.webp","width":1260,"height":709,"caption":"TPBI | Sta\u021biile \u201eMecet\u201d de pe strada Traian vor fi relocate. FOTO: Facebook\/ STB"},{"@type":"BreadcrumbList","@id":"https:\/\/buletin.de\/bucuresti\/statiile-mecet-de-pe-strada-traian-vor-fi-relocate\/#breadcrumb","itemListElement":[{"@type":"ListItem","position":1,"name":"Acas\u0103","item":"https:\/\/buletin.de\/bucuresti\/"},{"@type":"ListItem","position":2,"name":"TPBI | Sta\u021biile \u201eMecet\u201d de pe strada Traian vor fi relocate"}]},{"@type":"WebSite","@id":"https:\/\/buletin.de\/bucuresti\/#website","url":"https:\/\/buletin.de\/bucuresti\/","name":"Buletin de Bucure\u0219ti","description":"\u0218tiri \u0219i investiga\u021bii esen\u021biale din capital\u0103","publisher":{"@id":"https:\/\/buletin.de\/bucuresti\/#organization"},"potentialAction":[{"@type":"SearchAction","target":{"@type":"EntryPoint","urlTemplate":"https:\/\/buletin.de\/bucuresti\/?s={search_term_string}"},"query-input":{"@type":"PropertyValueSpecification","valueRequired":true,"valueName":"search_term_string"}}],"inLanguage":"en-GB"},{"@type":"Organization","@id":"https:\/\/buletin.de\/bucuresti\/#organization","name":"Buletin de Bucure\u0219ti","url":"https:\/\/buletin.de\/bucuresti\/","logo":{"@type":"ImageObject","inLanguage":"en-GB","@id":"https:\/\/buletin.de\/bucuresti\/#\/schema\/logo\/image\/","url":"https:\/\/buletin.de\/bucuresti\/wp-content\/uploads\/logo-bdb-full-wide-vernil-transparent.png","contentUrl":"https:\/\/buletin.de\/bucuresti\/wp-content\/uploads\/logo-bdb-full-wide-vernil-transparent.png","width":1782,"height":626,"caption":"Buletin de Bucure\u0219ti"},"image":{"@id":"https:\/\/buletin.de\/bucuresti\/#\/schema\/logo\/image\/"},"sameAs":["https:\/\/www.facebook.com\/buletin.de.buc","https:\/\/www.instagram.com\/buletinde.bucuresti\/"]},{"@type":"Person","@id":"https:\/\/buletin.de\/bucuresti\/#\/schema\/person\/7e46040573290777280a0835d81ea4ea","name":"Diana Matei","image":{"@type":"ImageObject","inLanguage":"en-GB","@id":"https:\/\/buletin.de\/bucuresti\/wp-content\/uploads\/9-2-96x96.jpg1e8590b30871d70e62ebcdaf2eff570c","url":"https:\/\/buletin.de\/bucuresti\/wp-content\/uploads\/9-2-96x96.jpg","contentUrl":"https:\/\/buletin.de\/bucuresti\/wp-content\/uploads\/9-2-96x96.jpg","caption":"Diana Matei"},"url":"https:\/\/buletin.de\/bucuresti\/author\/dianamatei\/"}]}},"authors":[{"term_id":22574,"user_id":49,"is_guest":0,"slug":"dianamatei","display_name":"Diana Matei","avatar_url":"https:\/\/buletin.de\/bucuresti\/wp-content\/uploads\/9-2-96x96.jpg","0":null,"1":"","2":"","3":"","4":"","5":"","6":"","7":"","8":""}],"_links":{"self":[{"href":"https:\/\/buletin.de\/bucuresti\/wp-json\/wp\/v2\/posts\/118052","targetHints":{"allow":["GET"]}}],"collection":[{"href":"https:\/\/buletin.de\/bucuresti\/wp-json\/wp\/v2\/posts"}],"about":[{"href":"https:\/\/buletin.de\/bucuresti\/wp-json\/wp\/v2\/types\/post"}],"author":[{"embeddable":true,"href":"https:\/\/buletin.de\/bucuresti\/wp-json\/wp\/v2\/users\/49"}],"replies":[{"embeddable":true,"href":"https:\/\/buletin.de\/bucuresti\/wp-json\/wp\/v2\/comments?post=118052"}],"version-history":[{"count":2,"href":"https:\/\/buletin.de\/bucuresti\/wp-json\/wp\/v2\/posts\/118052\/revisions"}],"predecessor-version":[{"id":118086,"href":"https:\/\/buletin.de\/bucuresti\/wp-json\/wp\/v2\/posts\/118052\/revisions\/118086"}],"wp:featuredmedia":[{"embeddable":true,"href":"https:\/\/buletin.de\/bucuresti\/wp-json\/wp\/v2\/media\/118080"}],"wp:attachment":[{"href":"https:\/\/buletin.de\/bucuresti\/wp-json\/wp\/v2\/media?parent=118052"}],"wp:term":[{"taxonomy":"category","embeddable":true,"href":"https:\/\/buletin.de\/bucuresti\/wp-json\/wp\/v2\/categories?post=118052"},{"taxonomy":"post_tag","embeddable":true,"href":"https:\/\/buletin.de\/bucuresti\/wp-json\/wp\/v2\/tags?post=118052"},{"taxonomy":"author","embeddable":true,"href":"https:\/\/buletin.de\/bucuresti\/wp-json\/wp\/v2\/ppma_author?post=118052"}],"curies":[{"name":"wp","href":"https:\/\/api.w.org\/{rel}","templated":true}]}}