{"id":118049,"date":"2025-02-12T12:18:34","date_gmt":"2025-02-12T09:18:34","guid":{"rendered":"https:\/\/buletin.de\/bucuresti\/?p=118049"},"modified":"2025-02-12T23:11:30","modified_gmt":"2025-02-12T20:11:30","slug":"locomotivele-si-vagoanele-modernizate-pentru-cfr-calatori-prezentate-la-gara-baneasa-fotovideo","status":"publish","type":"post","link":"https:\/\/buletin.de\/bucuresti\/locomotivele-si-vagoanele-modernizate-pentru-cfr-calatori-prezentate-la-gara-baneasa-fotovideo\/","title":{"rendered":"Locomotivele \u0219i vagoanele modernizate pentru CFR C\u0103l\u0103tori, prezentate la gara B\u0103neasa | FOTO+VIDEO"},"content":{"rendered":"\n<p><strong>Primele dou\u0103 locomotive \u0219i vagoanele modernizate pentru CFR C\u0103l\u0103tori, prin finan\u021bare din PNRR, au fost prezentate mar\u021bi, \u00een Gara B\u0103neasa din Bucure\u0219ti. Lansarea a fost realizat\u0103 printr-o curs\u0103 inaugural\u0103 p\u00e2n\u0103 la Pas\u0103rea \u0219i retur. <\/strong><\/p>\n\n\n\n<p>Au fost prezentate dou\u0103 locomotive, una modernizat\u0103 de Softronic \u0219i cealalt\u0103 de Reloc, \u0219i dou\u0103 vagoane, unul de clasa I \u0219i al doilea de clasa a II-a, ambele modernizate la&nbsp;<a href=\"https:\/\/catalogferoviar.ro\/catalog\/313\/atelierele-cfr-grivita\/\" target=\"_blank\" rel=\"noreferrer noopener\">Atelierele CFR Grivi\u021ba<\/a>.<\/p>\n\n\n\n<p>CITE\u0218TE \u0218I: <strong><a href=\"https:\/\/buletin.de\/bucuresti\/de-ce-a-fost-amendata-termoenergetica-raport-partial-al-comisariatelor-pentru-protectia-consumatorului\/\" target=\"_blank\" rel=\"noreferrer noopener\">De ce a fost amendat\u0103 Termoenergetica. Raport par\u021bial al comisariatelor pentru Protec\u021bia Consumatorului<\/a><\/strong><\/p>\n\n\n\n<h2 class=\"wp-block-heading\" id=\"h-vor-fi-modernizate-55-de-locomitive-\u0219i-139-de-vagoane-prin-pnrr\">Vor fi modernizate 55 de locomitive \u0219i 139 de vagoane, prin PNRR<\/h2>\n\n\n\n<p>\u00cen decembrie 2023, CFR C\u0103l\u0103tori a semnat mai multe contracte de prest\u0103ri servicii, ca parte a unui proiect din PNRR care prevede, printre altele, modernizarea a 55 de locomotive \u0219i a 139 de vagoane de c\u0103l\u0103tori. <\/p>\n\n\n\n<p>Materialul rulant este modernizat la Atelierele CFR Grivi\u021ba, Electroputere VFU Pa\u0219cani, Remarul 16 Februarie Cluj (pentru vagoane), Reloc Craiova, Softronic Craiova \u0219i SCRL Bra\u0219ov (pentru locomotive), potrivit <a href=\"https:\/\/clubferoviar.ro\/locomotivele-si-vagoanele-modernizate-prin-pnrr-baneasa\/\" target=\"_blank\" rel=\"noreferrer noopener\">Club Feroviar<\/a>.<\/p>\n\n\n\n<p>Contractul semnat cu Softronic Craiova vizeaz\u0103 modernizarea a 19 locomotive electrice \u0219i are o valoare de 100,68 milioane de euro. <\/p>\n\n\n\n<p>Locomotiva prezentat\u0103 mar\u021bi la gara B\u0103neasa este fosta EA 229 a Depoului Bra\u0219ov, fabricat\u0103 \u00een 1975 la Electroputere Craiova. La finele lunii ianuarie 2025, procesul de modernizare s-a finalizat \u0219i locomotiva a fost omologat\u0103 oficial.<\/p>\n\n\n\n<p>Locomotivele Softronic destinate CFR C\u0103l\u0103tori sunt echipate cu sistemul de siguran\u021b\u0103 ETCS (European Train Control System), un standard european ce garanteaz\u0103 siguran\u021ba \u00een re\u021beaua feroviar\u0103. <\/p>\n\n\n\n<p>Pe l\u00e2ng\u0103 aceasta, beneficiaz\u0103 de unit\u0103\u021bi moderne de control al trac\u021biunii, care asigur\u0103 o accelerare uniform\u0103 \u0219i optimizat\u0103, invertoare avansate, care convertesc energia electric\u0103 cu o eficien\u021b\u0103 remarcabil\u0103, sisteme de fr\u00e2nare regenerativ\u0103, ce reduc consumul de energie \u0219i contribuie la un transport mai sustenabil.<\/p>\n\n\n\n<figure class=\"wp-block-gallery has-nested-images columns-default is-cropped wp-block-gallery-1 is-layout-flex wp-block-gallery-is-layout-flex\">\n<figure class=\"wp-block-image size-large\"><img fetchpriority=\"high\" decoding=\"async\" width=\"900\" height=\"405\" data-id=\"118074\" src=\"data:image\/gif;base64,R0lGODlhAQABAAAAACH5BAEKAAEALAAAAAABAAEAAAICTAEAOw==\" data-src=\"https:\/\/buletin.de\/bucuresti\/wp-content\/uploads\/locomotiva3-900x405.jpeg\" alt=\"\" class=\"wp-image-118074 lazyload\" data-sizes=\"auto\" data-srcset=\"https:\/\/buletin.de\/bucuresti\/wp-content\/uploads\/locomotiva3-900x405.jpeg 900w, https:\/\/buletin.de\/bucuresti\/wp-content\/uploads\/locomotiva3-300x135.jpeg 300w, https:\/\/buletin.de\/bucuresti\/wp-content\/uploads\/locomotiva3-768x346.jpeg 768w, https:\/\/buletin.de\/bucuresti\/wp-content\/uploads\/locomotiva3-1536x691.jpeg 1536w, https:\/\/buletin.de\/bucuresti\/wp-content\/uploads\/locomotiva3-1100x495.jpeg 1100w, https:\/\/buletin.de\/bucuresti\/wp-content\/uploads\/locomotiva3-600x270.jpeg 600w, https:\/\/buletin.de\/bucuresti\/wp-content\/uploads\/locomotiva3-20x9.jpeg 20w, https:\/\/buletin.de\/bucuresti\/wp-content\/uploads\/locomotiva3.jpeg 1600w\" sizes=\"(max-width: 900px) 100vw, 900px\" \/><\/figure>\n\n\n\n<figure class=\"wp-block-image size-large\"><img decoding=\"async\" width=\"900\" height=\"405\" data-id=\"118076\" src=\"data:image\/gif;base64,R0lGODlhAQABAAAAACH5BAEKAAEALAAAAAABAAEAAAICTAEAOw==\" data-src=\"https:\/\/buletin.de\/bucuresti\/wp-content\/uploads\/locomotiva5-900x405.jpeg\" alt=\"\" class=\"wp-image-118076 lazyload\" data-sizes=\"auto\" data-srcset=\"https:\/\/buletin.de\/bucuresti\/wp-content\/uploads\/locomotiva5-900x405.jpeg 900w, https:\/\/buletin.de\/bucuresti\/wp-content\/uploads\/locomotiva5-300x135.jpeg 300w, https:\/\/buletin.de\/bucuresti\/wp-content\/uploads\/locomotiva5-768x346.jpeg 768w, https:\/\/buletin.de\/bucuresti\/wp-content\/uploads\/locomotiva5-1536x691.jpeg 1536w, https:\/\/buletin.de\/bucuresti\/wp-content\/uploads\/locomotiva5-1100x495.jpeg 1100w, https:\/\/buletin.de\/bucuresti\/wp-content\/uploads\/locomotiva5-600x270.jpeg 600w, https:\/\/buletin.de\/bucuresti\/wp-content\/uploads\/locomotiva5-20x9.jpeg 20w, https:\/\/buletin.de\/bucuresti\/wp-content\/uploads\/locomotiva5.jpeg 1600w\" sizes=\"(max-width: 900px) 100vw, 900px\" \/><\/figure>\n\n\n\n<figure class=\"wp-block-image size-large\"><img decoding=\"async\" width=\"900\" height=\"405\" data-id=\"118077\" src=\"data:image\/gif;base64,R0lGODlhAQABAAAAACH5BAEKAAEALAAAAAABAAEAAAICTAEAOw==\" data-src=\"https:\/\/buletin.de\/bucuresti\/wp-content\/uploads\/locomotiva6-900x405.jpeg\" alt=\"\" class=\"wp-image-118077 lazyload\" data-sizes=\"auto\" data-srcset=\"https:\/\/buletin.de\/bucuresti\/wp-content\/uploads\/locomotiva6-900x405.jpeg 900w, https:\/\/buletin.de\/bucuresti\/wp-content\/uploads\/locomotiva6-300x135.jpeg 300w, https:\/\/buletin.de\/bucuresti\/wp-content\/uploads\/locomotiva6-768x346.jpeg 768w, https:\/\/buletin.de\/bucuresti\/wp-content\/uploads\/locomotiva6-1536x691.jpeg 1536w, https:\/\/buletin.de\/bucuresti\/wp-content\/uploads\/locomotiva6-1100x495.jpeg 1100w, https:\/\/buletin.de\/bucuresti\/wp-content\/uploads\/locomotiva6-600x270.jpeg 600w, https:\/\/buletin.de\/bucuresti\/wp-content\/uploads\/locomotiva6-20x9.jpeg 20w, https:\/\/buletin.de\/bucuresti\/wp-content\/uploads\/locomotiva6.jpeg 1600w\" sizes=\"(max-width: 900px) 100vw, 900px\" \/><\/figure>\n\n\n\n<figure class=\"wp-block-image size-large\"><img loading=\"lazy\" decoding=\"async\" width=\"900\" height=\"900\" data-id=\"118089\" src=\"data:image\/gif;base64,R0lGODlhAQABAAAAACH5BAEKAAEALAAAAAABAAEAAAICTAEAOw==\" data-src=\"https:\/\/buletin.de\/bucuresti\/wp-content\/uploads\/Locomotiva-Softronic-6-900x900.jpg\" alt=\"\" class=\"wp-image-118089 lazyload\" data-sizes=\"auto\" data-srcset=\"https:\/\/buletin.de\/bucuresti\/wp-content\/uploads\/Locomotiva-Softronic-6-900x900.jpg 900w, https:\/\/buletin.de\/bucuresti\/wp-content\/uploads\/Locomotiva-Softronic-6-300x300.jpg 300w, https:\/\/buletin.de\/bucuresti\/wp-content\/uploads\/Locomotiva-Softronic-6-150x150.jpg 150w, https:\/\/buletin.de\/bucuresti\/wp-content\/uploads\/Locomotiva-Softronic-6-768x768.jpg 768w, https:\/\/buletin.de\/bucuresti\/wp-content\/uploads\/Locomotiva-Softronic-6-24x24.jpg 24w, https:\/\/buletin.de\/bucuresti\/wp-content\/uploads\/Locomotiva-Softronic-6-48x48.jpg 48w, https:\/\/buletin.de\/bucuresti\/wp-content\/uploads\/Locomotiva-Softronic-6-96x96.jpg 96w, https:\/\/buletin.de\/bucuresti\/wp-content\/uploads\/Locomotiva-Softronic-6-600x600.jpg 600w, https:\/\/buletin.de\/bucuresti\/wp-content\/uploads\/Locomotiva-Softronic-6-20x20.jpg 20w, https:\/\/buletin.de\/bucuresti\/wp-content\/uploads\/Locomotiva-Softronic-6.jpg 1080w\" sizes=\"(max-width: 900px) 100vw, 900px\" \/><\/figure>\n<\/figure>\n\n\n\n<p>Cea de a doua companie care modernizeaz\u0103 locomotive, Reloc Craiova, a semnat cu CFR C\u0103l\u0103tori un contract \u00een valoare de 91,1 milioane de euro, tot pentru 19 unit\u0103\u021bi.<\/p>\n\n\n\n<p>Locomotiva modernizat\u0103 este una de tip \u201eLema\u201d (Locomotiv\u0103 Electric\u0103 cu Motoare Asincrone \u2013 Electric Locomotive with Asynchronous Motors). Sistemul de trac\u021biune este livrat de prestigioasa companie elve\u021bian\u0103 ABB.<\/p>\n\n\n\n<figure class=\"wp-block-video\"><video height=\"382\" style=\"aspect-ratio: 848 \/ 382;\" width=\"848\" controls src=\"https:\/\/buletin.de\/bucuresti\/wp-content\/uploads\/locomotiva-1.mp4\"><\/video><figcaption class=\"wp-element-caption\">Locomotiv\u0103 modernizat\u0103 pentru CFR C\u0103l\u0103tori<\/figcaption><\/figure>\n\n\n\n<p>Toate cele 19 locomotive de 5100 kW ale CFR C\u0103l\u0103tori modernizate la Reloc vor fi echipate cu un transformator de trac\u021biune, dou\u0103 convertizoare de trac\u021biune de tip CC 1500 MS \u0219i \u0219ase motoare de trac\u021biune de tipul AMX 500. Noile transformatoare, convertizoare \u0219i motoare electrice furnizate de ABB vor ajuta locomotivele s\u0103 ating\u0103 viteze maxime de 160 km\/or\u0103, fa\u021b\u0103 de cele actuale, de 120 km\/or\u0103, noteaz\u0103 Club feroviar.<\/p>\n\n\n\n<p><strong>CITE\u0218TE \u0218I:&nbsp;<a href=\"https:\/\/buletin.de\/bucuresti\/termoenergetica-amendata-cu-124-000-de-euro-de-anpc-ul-condus-de-cristian-popescu-piedone\/\" target=\"_blank\" rel=\"noreferrer noopener\">Termoenergetica, amendat\u0103 cu 124.000 de euro de ANPC-ul condus de Cristian Popescu Piedone<\/a><\/strong><\/p>\n\n\n\n<h2 class=\"wp-block-heading\" id=\"h-vagoanele-modernizate-pentru-cfr-calatori-aduse-la-zi-cu-scaune-moderne-\u0219i-wi-fi\">Vagoanele modernizate pentru CFR C\u0103l\u0103tori, aduse la zi, cu scaune moderne \u0219i Wi-Fi<\/h2>\n\n\n\n<p>Vagoanele modernizate prin PNRR prezentate la gara B\u0103neasa \u2013 unul de clasa 1 \u0219i altul de clasa a 2-a au ie\u0219it de pe fluxul de produc\u021bie al reparatorului bucure\u0219tean Atelierele CFR Grivi\u021ba. <\/p>\n\n\n\n<p>Compania a semnat trei contracte importante prin PNRR cu CFR C\u0103l\u0103tori, printre care \u0219i cel care vizeaz\u0103 modernizarea vagoanelor clas\u0103.<\/p>\n\n\n\n<p>Este vorba de serviciiile de modernizare a vagoanelor seria 2190 (cunoscute \u0219i ca AVA 2000, produse la Astra Vagoane C\u0103l\u0103tori Arad) \u0219i seria 1980 (cele de clasa 1) \u0219i achizi\u021bia serviciilor de mentenan\u021b\u0103. Valoarea serviciilor de modernizare este de 133.086.783,24 lei f\u0103r\u0103 TVA, iar cea a mentenan\u021bei de 80.710.965,03 lei f\u0103r\u0103 TVA.<\/p>\n\n\n\n<figure class=\"wp-block-gallery has-nested-images columns-default is-cropped wp-block-gallery-2 is-layout-flex wp-block-gallery-is-layout-flex\">\n<figure class=\"wp-block-image size-large\"><img loading=\"lazy\" decoding=\"async\" width=\"900\" height=\"405\" data-id=\"118059\" src=\"data:image\/gif;base64,R0lGODlhAQABAAAAACH5BAEKAAEALAAAAAABAAEAAAICTAEAOw==\" data-src=\"https:\/\/buletin.de\/bucuresti\/wp-content\/uploads\/vagonclasa2-900x405.jpeg\" alt=\"vagoanele modernizate pentru CFR C\u0103l\u0103tori\" class=\"wp-image-118059 lazyload\" data-sizes=\"auto\" data-srcset=\"https:\/\/buletin.de\/bucuresti\/wp-content\/uploads\/vagonclasa2-900x405.jpeg 900w, https:\/\/buletin.de\/bucuresti\/wp-content\/uploads\/vagonclasa2-300x135.jpeg 300w, https:\/\/buletin.de\/bucuresti\/wp-content\/uploads\/vagonclasa2-768x346.jpeg 768w, https:\/\/buletin.de\/bucuresti\/wp-content\/uploads\/vagonclasa2-1536x691.jpeg 1536w, https:\/\/buletin.de\/bucuresti\/wp-content\/uploads\/vagonclasa2-1100x495.jpeg 1100w, https:\/\/buletin.de\/bucuresti\/wp-content\/uploads\/vagonclasa2-600x270.jpeg 600w, https:\/\/buletin.de\/bucuresti\/wp-content\/uploads\/vagonclasa2-20x9.jpeg 20w, https:\/\/buletin.de\/bucuresti\/wp-content\/uploads\/vagonclasa2.jpeg 1600w\" sizes=\"(max-width: 900px) 100vw, 900px\" \/><\/figure>\n\n\n\n<figure class=\"wp-block-image size-large\"><img loading=\"lazy\" decoding=\"async\" width=\"900\" height=\"405\" data-id=\"118060\" src=\"data:image\/gif;base64,R0lGODlhAQABAAAAACH5BAEKAAEALAAAAAABAAEAAAICTAEAOw==\" data-src=\"https:\/\/buletin.de\/bucuresti\/wp-content\/uploads\/vagonclasa22-900x405.jpeg\" alt=\"Vagoanele modernizate pentru CFR C\u0103l\u0103tori\" class=\"wp-image-118060 lazyload\" data-sizes=\"auto\" data-srcset=\"https:\/\/buletin.de\/bucuresti\/wp-content\/uploads\/vagonclasa22-900x405.jpeg 900w, https:\/\/buletin.de\/bucuresti\/wp-content\/uploads\/vagonclasa22-300x135.jpeg 300w, https:\/\/buletin.de\/bucuresti\/wp-content\/uploads\/vagonclasa22-768x346.jpeg 768w, https:\/\/buletin.de\/bucuresti\/wp-content\/uploads\/vagonclasa22-1536x691.jpeg 1536w, https:\/\/buletin.de\/bucuresti\/wp-content\/uploads\/vagonclasa22-1100x495.jpeg 1100w, https:\/\/buletin.de\/bucuresti\/wp-content\/uploads\/vagonclasa22-600x270.jpeg 600w, https:\/\/buletin.de\/bucuresti\/wp-content\/uploads\/vagonclasa22-20x9.jpeg 20w, https:\/\/buletin.de\/bucuresti\/wp-content\/uploads\/vagonclasa22.jpeg 1600w\" sizes=\"(max-width: 900px) 100vw, 900px\" \/><\/figure>\n\n\n\n<figure class=\"wp-block-image size-large\"><img loading=\"lazy\" decoding=\"async\" width=\"900\" height=\"405\" data-id=\"118061\" src=\"data:image\/gif;base64,R0lGODlhAQABAAAAACH5BAEKAAEALAAAAAABAAEAAAICTAEAOw==\" data-src=\"https:\/\/buletin.de\/bucuresti\/wp-content\/uploads\/vagonclasaI-900x405.jpeg\" alt=\"\" class=\"wp-image-118061 lazyload\" data-sizes=\"auto\" data-srcset=\"https:\/\/buletin.de\/bucuresti\/wp-content\/uploads\/vagonclasaI-900x405.jpeg 900w, https:\/\/buletin.de\/bucuresti\/wp-content\/uploads\/vagonclasaI-300x135.jpeg 300w, https:\/\/buletin.de\/bucuresti\/wp-content\/uploads\/vagonclasaI-768x346.jpeg 768w, https:\/\/buletin.de\/bucuresti\/wp-content\/uploads\/vagonclasaI-1536x691.jpeg 1536w, https:\/\/buletin.de\/bucuresti\/wp-content\/uploads\/vagonclasaI-1100x495.jpeg 1100w, https:\/\/buletin.de\/bucuresti\/wp-content\/uploads\/vagonclasaI-600x270.jpeg 600w, https:\/\/buletin.de\/bucuresti\/wp-content\/uploads\/vagonclasaI-20x9.jpeg 20w, https:\/\/buletin.de\/bucuresti\/wp-content\/uploads\/vagonclasaI.jpeg 1600w\" sizes=\"(max-width: 900px) 100vw, 900px\" \/><\/figure>\n\n\n\n<figure class=\"wp-block-image size-large\"><img loading=\"lazy\" decoding=\"async\" width=\"900\" height=\"405\" data-id=\"118062\" src=\"data:image\/gif;base64,R0lGODlhAQABAAAAACH5BAEKAAEALAAAAAABAAEAAAICTAEAOw==\" data-src=\"https:\/\/buletin.de\/bucuresti\/wp-content\/uploads\/vagonclasaI2-900x405.jpeg\" alt=\"Vagoanele modernizate pentru CFR C\u0103l\u0103tori\" class=\"wp-image-118062 lazyload\" data-sizes=\"auto\" data-srcset=\"https:\/\/buletin.de\/bucuresti\/wp-content\/uploads\/vagonclasaI2-900x405.jpeg 900w, https:\/\/buletin.de\/bucuresti\/wp-content\/uploads\/vagonclasaI2-300x135.jpeg 300w, https:\/\/buletin.de\/bucuresti\/wp-content\/uploads\/vagonclasaI2-768x346.jpeg 768w, https:\/\/buletin.de\/bucuresti\/wp-content\/uploads\/vagonclasaI2-1536x691.jpeg 1536w, https:\/\/buletin.de\/bucuresti\/wp-content\/uploads\/vagonclasaI2-1100x495.jpeg 1100w, https:\/\/buletin.de\/bucuresti\/wp-content\/uploads\/vagonclasaI2-600x270.jpeg 600w, https:\/\/buletin.de\/bucuresti\/wp-content\/uploads\/vagonclasaI2-20x9.jpeg 20w, https:\/\/buletin.de\/bucuresti\/wp-content\/uploads\/vagonclasaI2.jpeg 1600w\" sizes=\"(max-width: 900px) 100vw, 900px\" \/><\/figure>\n\n\n\n<figure class=\"wp-block-image size-large\"><img loading=\"lazy\" decoding=\"async\" width=\"900\" height=\"405\" data-id=\"118063\" src=\"data:image\/gif;base64,R0lGODlhAQABAAAAACH5BAEKAAEALAAAAAABAAEAAAICTAEAOw==\" data-src=\"https:\/\/buletin.de\/bucuresti\/wp-content\/uploads\/vagonclasaI3-900x405.jpeg\" alt=\"\" class=\"wp-image-118063 lazyload\" data-sizes=\"auto\" data-srcset=\"https:\/\/buletin.de\/bucuresti\/wp-content\/uploads\/vagonclasaI3-900x405.jpeg 900w, https:\/\/buletin.de\/bucuresti\/wp-content\/uploads\/vagonclasaI3-300x135.jpeg 300w, https:\/\/buletin.de\/bucuresti\/wp-content\/uploads\/vagonclasaI3-768x346.jpeg 768w, https:\/\/buletin.de\/bucuresti\/wp-content\/uploads\/vagonclasaI3-1536x691.jpeg 1536w, https:\/\/buletin.de\/bucuresti\/wp-content\/uploads\/vagonclasaI3-1100x495.jpeg 1100w, https:\/\/buletin.de\/bucuresti\/wp-content\/uploads\/vagonclasaI3-600x270.jpeg 600w, https:\/\/buletin.de\/bucuresti\/wp-content\/uploads\/vagonclasaI3-20x9.jpeg 20w, https:\/\/buletin.de\/bucuresti\/wp-content\/uploads\/vagonclasaI3.jpeg 1600w\" sizes=\"(max-width: 900px) 100vw, 900px\" \/><\/figure>\n\n\n\n<figure class=\"wp-block-image size-large\"><img loading=\"lazy\" decoding=\"async\" width=\"900\" height=\"405\" data-id=\"118064\" src=\"data:image\/gif;base64,R0lGODlhAQABAAAAACH5BAEKAAEALAAAAAABAAEAAAICTAEAOw==\" data-src=\"https:\/\/buletin.de\/bucuresti\/wp-content\/uploads\/vagonclasaI4-900x405.jpeg\" alt=\"Vagoanele modernizate pentru CFR C\u0103l\u0103tori\" class=\"wp-image-118064 lazyload\" data-sizes=\"auto\" data-srcset=\"https:\/\/buletin.de\/bucuresti\/wp-content\/uploads\/vagonclasaI4-900x405.jpeg 900w, https:\/\/buletin.de\/bucuresti\/wp-content\/uploads\/vagonclasaI4-300x135.jpeg 300w, https:\/\/buletin.de\/bucuresti\/wp-content\/uploads\/vagonclasaI4-768x346.jpeg 768w, https:\/\/buletin.de\/bucuresti\/wp-content\/uploads\/vagonclasaI4-1536x691.jpeg 1536w, https:\/\/buletin.de\/bucuresti\/wp-content\/uploads\/vagonclasaI4-1100x495.jpeg 1100w, https:\/\/buletin.de\/bucuresti\/wp-content\/uploads\/vagonclasaI4-600x270.jpeg 600w, https:\/\/buletin.de\/bucuresti\/wp-content\/uploads\/vagonclasaI4-20x9.jpeg 20w, https:\/\/buletin.de\/bucuresti\/wp-content\/uploads\/vagonclasaI4.jpeg 1600w\" sizes=\"(max-width: 900px) 100vw, 900px\" \/><\/figure>\n\n\n\n<figure class=\"wp-block-image size-large\"><img loading=\"lazy\" decoding=\"async\" width=\"900\" height=\"405\" data-id=\"118065\" src=\"data:image\/gif;base64,R0lGODlhAQABAAAAACH5BAEKAAEALAAAAAABAAEAAAICTAEAOw==\" data-src=\"https:\/\/buletin.de\/bucuresti\/wp-content\/uploads\/vagonclasaI5-900x405.jpeg\" alt=\"Vagoanele modernizate pentru CFR C\u0103l\u0103tori\" class=\"wp-image-118065 lazyload\" data-sizes=\"auto\" data-srcset=\"https:\/\/buletin.de\/bucuresti\/wp-content\/uploads\/vagonclasaI5-900x405.jpeg 900w, https:\/\/buletin.de\/bucuresti\/wp-content\/uploads\/vagonclasaI5-300x135.jpeg 300w, https:\/\/buletin.de\/bucuresti\/wp-content\/uploads\/vagonclasaI5-768x346.jpeg 768w, https:\/\/buletin.de\/bucuresti\/wp-content\/uploads\/vagonclasaI5-1536x691.jpeg 1536w, https:\/\/buletin.de\/bucuresti\/wp-content\/uploads\/vagonclasaI5-1100x495.jpeg 1100w, https:\/\/buletin.de\/bucuresti\/wp-content\/uploads\/vagonclasaI5-600x270.jpeg 600w, https:\/\/buletin.de\/bucuresti\/wp-content\/uploads\/vagonclasaI5-20x9.jpeg 20w, https:\/\/buletin.de\/bucuresti\/wp-content\/uploads\/vagonclasaI5.jpeg 1600w\" sizes=\"(max-width: 900px) 100vw, 900px\" \/><\/figure>\n\n\n\n<figure class=\"wp-block-image size-large\"><img loading=\"lazy\" decoding=\"async\" width=\"900\" height=\"405\" data-id=\"118066\" src=\"data:image\/gif;base64,R0lGODlhAQABAAAAACH5BAEKAAEALAAAAAABAAEAAAICTAEAOw==\" data-src=\"https:\/\/buletin.de\/bucuresti\/wp-content\/uploads\/vagonclasaI6-900x405.jpeg\" alt=\"\" class=\"wp-image-118066 lazyload\" data-sizes=\"auto\" data-srcset=\"https:\/\/buletin.de\/bucuresti\/wp-content\/uploads\/vagonclasaI6-900x405.jpeg 900w, https:\/\/buletin.de\/bucuresti\/wp-content\/uploads\/vagonclasaI6-300x135.jpeg 300w, https:\/\/buletin.de\/bucuresti\/wp-content\/uploads\/vagonclasaI6-768x346.jpeg 768w, https:\/\/buletin.de\/bucuresti\/wp-content\/uploads\/vagonclasaI6-1536x691.jpeg 1536w, https:\/\/buletin.de\/bucuresti\/wp-content\/uploads\/vagonclasaI6-1100x495.jpeg 1100w, https:\/\/buletin.de\/bucuresti\/wp-content\/uploads\/vagonclasaI6-600x270.jpeg 600w, https:\/\/buletin.de\/bucuresti\/wp-content\/uploads\/vagonclasaI6-20x9.jpeg 20w, https:\/\/buletin.de\/bucuresti\/wp-content\/uploads\/vagonclasaI6.jpeg 1600w\" sizes=\"(max-width: 900px) 100vw, 900px\" \/><\/figure>\n\n\n\n<figure class=\"wp-block-image size-large\"><img loading=\"lazy\" decoding=\"async\" width=\"900\" height=\"405\" data-id=\"118067\" src=\"data:image\/gif;base64,R0lGODlhAQABAAAAACH5BAEKAAEALAAAAAABAAEAAAICTAEAOw==\" data-src=\"https:\/\/buletin.de\/bucuresti\/wp-content\/uploads\/vagonclasaI7-900x405.jpeg\" alt=\"Vagoanele modernizate pentru CFR C\u0103l\u0103tori\" class=\"wp-image-118067 lazyload\" data-sizes=\"auto\" data-srcset=\"https:\/\/buletin.de\/bucuresti\/wp-content\/uploads\/vagonclasaI7-900x405.jpeg 900w, https:\/\/buletin.de\/bucuresti\/wp-content\/uploads\/vagonclasaI7-300x135.jpeg 300w, https:\/\/buletin.de\/bucuresti\/wp-content\/uploads\/vagonclasaI7-768x346.jpeg 768w, https:\/\/buletin.de\/bucuresti\/wp-content\/uploads\/vagonclasaI7-1536x691.jpeg 1536w, https:\/\/buletin.de\/bucuresti\/wp-content\/uploads\/vagonclasaI7-1100x495.jpeg 1100w, https:\/\/buletin.de\/bucuresti\/wp-content\/uploads\/vagonclasaI7-600x270.jpeg 600w, https:\/\/buletin.de\/bucuresti\/wp-content\/uploads\/vagonclasaI7-20x9.jpeg 20w, https:\/\/buletin.de\/bucuresti\/wp-content\/uploads\/vagonclasaI7.jpeg 1600w\" sizes=\"(max-width: 900px) 100vw, 900px\" \/><\/figure>\n<\/figure>\n","protected":false},"excerpt":{"rendered":"<p>Primele dou\u0103 locomotive \u0219i vagoanele modernizate pentru CFR C\u0103l\u0103tori, prin finan\u021bare din PNRR, au fost prezentate mar\u021bi, \u00een Gara B\u0103neasa din Bucure\u0219ti. Lansarea a fost realizat\u0103 printr-o curs\u0103 inaugural\u0103 p\u00e2n\u0103 la Pas\u0103rea \u0219i retur. Au fost prezentate dou\u0103 locomotive, una modernizat\u0103 de Softronic \u0219i cealalt\u0103 de Reloc, \u0219i dou\u0103 vagoane, unul de clasa I \u0219i [&hellip;]<\/p>\n","protected":false},"author":60,"featured_media":118053,"comment_status":"closed","ping_status":"open","sticky":false,"template":"","format":"standard","meta":{"_acf_changed":false,"inline_featured_image":false,"ngg_post_thumbnail":0,"footnotes":""},"categories":[6994,62,650],"tags":[4383,5836,16185,19100,19099,19098],"ppma_author":[22582],"class_list":["post-118049","post","type-post","status-publish","format-standard","has-post-thumbnail","hentry","category-stiri-2","category-stiri","category-transport","tag-cfr-calatori","tag-gara-baneasa","tag-locomotiva-modernizata","tag-reloc","tag-softronic","tag-vagon-modernizat"],"acf":[],"yoast_head":"<!-- This site is optimized with the Yoast SEO Premium plugin v25.3 (Yoast SEO v27.4) - https:\/\/yoast.com\/product\/yoast-seo-premium-wordpress\/ -->\n<title>Locomotivele \u0219i vagoanele modernizate pentru CFR C\u0103l\u0103tori, prezentate la gara B\u0103neasa | FOTO+VIDEO - Buletin de Bucure\u0219ti<\/title>\n<meta name=\"description\" content=\"Primele dou\u0103 locomotive \u0219i vagoanele modernizate pentru CFR C\u0103l\u0103tori, prin finan\u021bare din PNRR, au fost prezentate mar\u021bi, \u00een Gara B\u0103neasa.\" \/>\n<meta name=\"robots\" content=\"index, follow, max-snippet:-1, max-image-preview:large, max-video-preview:-1\" \/>\n<link rel=\"canonical\" href=\"https:\/\/buletin.de\/bucuresti\/locomotivele-si-vagoanele-modernizate-pentru-cfr-calatori-prezentate-la-gara-baneasa-fotovideo\/\" \/>\n<meta property=\"og:locale\" content=\"en_GB\" \/>\n<meta property=\"og:type\" content=\"article\" \/>\n<meta property=\"og:title\" content=\"Locomotivele \u0219i vagoanele modernizate pentru CFR C\u0103l\u0103tori, prezentate la gara B\u0103neasa | FOTO+VIDEO\" \/>\n<meta property=\"og:description\" content=\"Primele dou\u0103 locomotive \u0219i vagoanele modernizate pentru CFR C\u0103l\u0103tori, prin finan\u021bare din PNRR, au fost prezentate mar\u021bi, \u00een Gara B\u0103neasa.\" \/>\n<meta property=\"og:url\" content=\"https:\/\/buletin.de\/bucuresti\/locomotivele-si-vagoanele-modernizate-pentru-cfr-calatori-prezentate-la-gara-baneasa-fotovideo\/\" \/>\n<meta property=\"og:site_name\" content=\"Buletin de Bucure\u0219ti\" \/>\n<meta property=\"article:publisher\" content=\"https:\/\/www.facebook.com\/buletin.de.buc\" \/>\n<meta property=\"article:published_time\" content=\"2025-02-12T09:18:34+00:00\" \/>\n<meta property=\"article:modified_time\" content=\"2025-02-12T20:11:30+00:00\" \/>\n<meta property=\"og:image\" content=\"https:\/\/buletin.de\/bucuresti\/wp-content\/uploads\/locomotivemoderne.jpeg\" \/>\n\t<meta property=\"og:image:width\" content=\"1600\" \/>\n\t<meta property=\"og:image:height\" content=\"720\" \/>\n\t<meta property=\"og:image:type\" content=\"image\/jpeg\" \/>\n<meta name=\"author\" content=\"R\u0103zvan Chiru\u021b\u0103\" \/>\n<meta name=\"twitter:card\" content=\"summary_large_image\" \/>\n<meta name=\"twitter:label1\" content=\"Written by\" \/>\n\t<meta name=\"twitter:data1\" content=\"R\u0103zvan Chiru\u021b\u0103\" \/>\n\t<meta name=\"twitter:label2\" content=\"Estimated reading time\" \/>\n\t<meta name=\"twitter:data2\" content=\"6 minutes\" \/>\n<script type=\"application\/ld+json\" class=\"yoast-schema-graph\">{\"@context\":\"https:\\\/\\\/schema.org\",\"@graph\":[{\"@type\":\"Article\",\"@id\":\"https:\\\/\\\/buletin.de\\\/bucuresti\\\/locomotivele-si-vagoanele-modernizate-pentru-cfr-calatori-prezentate-la-gara-baneasa-fotovideo\\\/#article\",\"isPartOf\":{\"@id\":\"https:\\\/\\\/buletin.de\\\/bucuresti\\\/locomotivele-si-vagoanele-modernizate-pentru-cfr-calatori-prezentate-la-gara-baneasa-fotovideo\\\/\"},\"author\":{\"name\":\"R\u0103zvan Chiru\u021b\u0103\",\"@id\":\"https:\\\/\\\/buletin.de\\\/bucuresti\\\/#\\\/schema\\\/person\\\/a76df728dfc913795a9d90e346b253bb\"},\"headline\":\"Locomotivele \u0219i vagoanele modernizate pentru CFR C\u0103l\u0103tori, prezentate la gara B\u0103neasa | FOTO+VIDEO\",\"datePublished\":\"2025-02-12T09:18:34+00:00\",\"dateModified\":\"2025-02-12T20:11:30+00:00\",\"mainEntityOfPage\":{\"@id\":\"https:\\\/\\\/buletin.de\\\/bucuresti\\\/locomotivele-si-vagoanele-modernizate-pentru-cfr-calatori-prezentate-la-gara-baneasa-fotovideo\\\/\"},\"wordCount\":594,\"publisher\":{\"@id\":\"https:\\\/\\\/buletin.de\\\/bucuresti\\\/#organization\"},\"image\":{\"@id\":\"https:\\\/\\\/buletin.de\\\/bucuresti\\\/locomotivele-si-vagoanele-modernizate-pentru-cfr-calatori-prezentate-la-gara-baneasa-fotovideo\\\/#primaryimage\"},\"thumbnailUrl\":\"https:\\\/\\\/buletin.de\\\/bucuresti\\\/wp-content\\\/uploads\\\/locomotivemoderne.jpeg\",\"keywords\":[\"CFR C\u0103l\u0103tori\",\"gara baneasa\",\"locomotiv\u0103 modernizat\u0103\",\"reloc\",\"softronic\",\"vagon modernizat\"],\"articleSection\":[\"Articole\",\"\u0218tiri\",\"Transport\"],\"inLanguage\":\"en-GB\",\"copyrightYear\":\"2025\",\"copyrightHolder\":{\"@id\":\"https:\\\/\\\/buletin.de\\\/bucuresti\\\/#organization\"}},{\"@type\":\"WebPage\",\"@id\":\"https:\\\/\\\/buletin.de\\\/bucuresti\\\/locomotivele-si-vagoanele-modernizate-pentru-cfr-calatori-prezentate-la-gara-baneasa-fotovideo\\\/\",\"url\":\"https:\\\/\\\/buletin.de\\\/bucuresti\\\/locomotivele-si-vagoanele-modernizate-pentru-cfr-calatori-prezentate-la-gara-baneasa-fotovideo\\\/\",\"name\":\"Locomotivele \u0219i vagoanele modernizate pentru CFR C\u0103l\u0103tori, prezentate la gara B\u0103neasa | FOTO+VIDEO - Buletin de Bucure\u0219ti\",\"isPartOf\":{\"@id\":\"https:\\\/\\\/buletin.de\\\/bucuresti\\\/#website\"},\"primaryImageOfPage\":{\"@id\":\"https:\\\/\\\/buletin.de\\\/bucuresti\\\/locomotivele-si-vagoanele-modernizate-pentru-cfr-calatori-prezentate-la-gara-baneasa-fotovideo\\\/#primaryimage\"},\"image\":{\"@id\":\"https:\\\/\\\/buletin.de\\\/bucuresti\\\/locomotivele-si-vagoanele-modernizate-pentru-cfr-calatori-prezentate-la-gara-baneasa-fotovideo\\\/#primaryimage\"},\"thumbnailUrl\":\"https:\\\/\\\/buletin.de\\\/bucuresti\\\/wp-content\\\/uploads\\\/locomotivemoderne.jpeg\",\"datePublished\":\"2025-02-12T09:18:34+00:00\",\"dateModified\":\"2025-02-12T20:11:30+00:00\",\"description\":\"Primele dou\u0103 locomotive \u0219i vagoanele modernizate pentru CFR C\u0103l\u0103tori, prin finan\u021bare din PNRR, au fost prezentate mar\u021bi, \u00een Gara B\u0103neasa.\",\"breadcrumb\":{\"@id\":\"https:\\\/\\\/buletin.de\\\/bucuresti\\\/locomotivele-si-vagoanele-modernizate-pentru-cfr-calatori-prezentate-la-gara-baneasa-fotovideo\\\/#breadcrumb\"},\"inLanguage\":\"en-GB\",\"potentialAction\":[{\"@type\":\"ReadAction\",\"target\":[\"https:\\\/\\\/buletin.de\\\/bucuresti\\\/locomotivele-si-vagoanele-modernizate-pentru-cfr-calatori-prezentate-la-gara-baneasa-fotovideo\\\/\"]}]},{\"@type\":\"ImageObject\",\"inLanguage\":\"en-GB\",\"@id\":\"https:\\\/\\\/buletin.de\\\/bucuresti\\\/locomotivele-si-vagoanele-modernizate-pentru-cfr-calatori-prezentate-la-gara-baneasa-fotovideo\\\/#primaryimage\",\"url\":\"https:\\\/\\\/buletin.de\\\/bucuresti\\\/wp-content\\\/uploads\\\/locomotivemoderne.jpeg\",\"contentUrl\":\"https:\\\/\\\/buletin.de\\\/bucuresti\\\/wp-content\\\/uploads\\\/locomotivemoderne.jpeg\",\"width\":1600,\"height\":720,\"caption\":\"Locomotivele \u0219i vagoanele modernizate pentru CFR C\u0103l\u0103tori, \u00een Gara B\u0103neasa. Foto: BdB\"},{\"@type\":\"BreadcrumbList\",\"@id\":\"https:\\\/\\\/buletin.de\\\/bucuresti\\\/locomotivele-si-vagoanele-modernizate-pentru-cfr-calatori-prezentate-la-gara-baneasa-fotovideo\\\/#breadcrumb\",\"itemListElement\":[{\"@type\":\"ListItem\",\"position\":1,\"name\":\"Acas\u0103\",\"item\":\"https:\\\/\\\/buletin.de\\\/bucuresti\\\/\"},{\"@type\":\"ListItem\",\"position\":2,\"name\":\"Locomotivele \u0219i vagoanele modernizate pentru CFR C\u0103l\u0103tori, prezentate la gara B\u0103neasa | FOTO+VIDEO\"}]},{\"@type\":\"WebSite\",\"@id\":\"https:\\\/\\\/buletin.de\\\/bucuresti\\\/#website\",\"url\":\"https:\\\/\\\/buletin.de\\\/bucuresti\\\/\",\"name\":\"Buletin de Bucure\u0219ti\",\"description\":\"\u0218tiri \u0219i investiga\u021bii esen\u021biale din capital\u0103\",\"publisher\":{\"@id\":\"https:\\\/\\\/buletin.de\\\/bucuresti\\\/#organization\"},\"potentialAction\":[{\"@type\":\"SearchAction\",\"target\":{\"@type\":\"EntryPoint\",\"urlTemplate\":\"https:\\\/\\\/buletin.de\\\/bucuresti\\\/?s={search_term_string}\"},\"query-input\":{\"@type\":\"PropertyValueSpecification\",\"valueRequired\":true,\"valueName\":\"search_term_string\"}}],\"inLanguage\":\"en-GB\"},{\"@type\":\"Organization\",\"@id\":\"https:\\\/\\\/buletin.de\\\/bucuresti\\\/#organization\",\"name\":\"Buletin de Bucure\u0219ti\",\"url\":\"https:\\\/\\\/buletin.de\\\/bucuresti\\\/\",\"logo\":{\"@type\":\"ImageObject\",\"inLanguage\":\"en-GB\",\"@id\":\"https:\\\/\\\/buletin.de\\\/bucuresti\\\/#\\\/schema\\\/logo\\\/image\\\/\",\"url\":\"https:\\\/\\\/buletin.de\\\/bucuresti\\\/wp-content\\\/uploads\\\/logo-bdb-full-wide-vernil-transparent.png\",\"contentUrl\":\"https:\\\/\\\/buletin.de\\\/bucuresti\\\/wp-content\\\/uploads\\\/logo-bdb-full-wide-vernil-transparent.png\",\"width\":1782,\"height\":626,\"caption\":\"Buletin de Bucure\u0219ti\"},\"image\":{\"@id\":\"https:\\\/\\\/buletin.de\\\/bucuresti\\\/#\\\/schema\\\/logo\\\/image\\\/\"},\"sameAs\":[\"https:\\\/\\\/www.facebook.com\\\/buletin.de.buc\",\"https:\\\/\\\/www.instagram.com\\\/buletinde.bucuresti\\\/\"]},{\"@type\":\"Person\",\"@id\":\"https:\\\/\\\/buletin.de\\\/bucuresti\\\/#\\\/schema\\\/person\\\/a76df728dfc913795a9d90e346b253bb\",\"name\":\"R\u0103zvan Chiru\u021b\u0103\",\"image\":{\"@type\":\"ImageObject\",\"inLanguage\":\"en-GB\",\"@id\":\"https:\\\/\\\/buletin.de\\\/bucuresti\\\/wp-content\\\/uploads\\\/Razvan-Chiruta-96x96.jpge7143b996fd4241fbd6ee1f6b6b7b267\",\"url\":\"https:\\\/\\\/buletin.de\\\/bucuresti\\\/wp-content\\\/uploads\\\/Razvan-Chiruta-96x96.jpg\",\"contentUrl\":\"https:\\\/\\\/buletin.de\\\/bucuresti\\\/wp-content\\\/uploads\\\/Razvan-Chiruta-96x96.jpg\",\"caption\":\"R\u0103zvan Chiru\u021b\u0103\"},\"description\":\"R\u0103zvan Chiru\u021b\u0103 este redactor-\u0219ef adjunct din iulie 2024. A fost redactor-\u0219ef al PRESShub \u00eentre 2022 \u0219i iunie 2024. Anterior, a fost redactor-\u0219ef al Newsweek Rom\u00e2nia, din 2018 p\u00e2n\u0103 \u00een 2021, \u0219i al cotidianului Rom\u00e2nia liber\u0103, \u00eentre 2015 \u0219i 2017. Este absolvent de Jurnalism, \u00een cadrul Universit\u0103\u021bii \u201eAl.I.Cuza\u201d din Ia\u0219i, \u0219i a urmat un master \u00een Managementul institu\u021biilor mass-media (f\u0103r\u0103 diserta\u021bie) la Facultatea de Jurnalism \u0219i \u0218tiin\u021bele Comunic\u0103rii din cadrul Universit\u0103\u021bii din Bucure\u0219ti. \u0218i-a \u00eenceput cariera la Opinia studen\u021beasc\u0103, cunoscuta \u0219coal\u0103 de pres\u0103 din Ia\u0219i. A lucrat \u00een presa local\u0103, apoi a devenit corespondent pentru Ia\u0219i al cotidianului Evenimentul Zilei. Din 2004, a coordonat pentru \u0219ase luni sec\u021bia de coresponden\u021bi a Evenimentului Zilei. A mai lucrat la s\u0103pt\u0103m\u00e2nalul Prezent \u0219i a colaborat cu revistele Dilema Veche \u0219i Suplimentul de Cultur\u0103. Este co-autor \u00een volumele \u201eMass-media \u0219i democra\u021bia \u00een Rom\u00e2nia post-comunist\u0103\u201d (ed. a II-a), Ed. Institutul European, Ia\u0219i, 2013, \u0219i \u201eCOVID - 19. Dimensiuni ale gestionarii pandemiei\u201d, Editura Junimea, Ia\u0219i, 2020.\",\"url\":\"https:\\\/\\\/buletin.de\\\/bucuresti\\\/author\\\/razvan-chiruta\\\/\"}]}<\/script>\n<!-- \/ Yoast SEO Premium plugin. -->","yoast_head_json":{"title":"Locomotivele \u0219i vagoanele modernizate pentru CFR C\u0103l\u0103tori, prezentate la gara B\u0103neasa | FOTO+VIDEO - Buletin de Bucure\u0219ti","description":"Primele dou\u0103 locomotive \u0219i vagoanele modernizate pentru CFR C\u0103l\u0103tori, prin finan\u021bare din PNRR, au fost prezentate mar\u021bi, \u00een Gara B\u0103neasa.","robots":{"index":"index","follow":"follow","max-snippet":"max-snippet:-1","max-image-preview":"max-image-preview:large","max-video-preview":"max-video-preview:-1"},"canonical":"https:\/\/buletin.de\/bucuresti\/locomotivele-si-vagoanele-modernizate-pentru-cfr-calatori-prezentate-la-gara-baneasa-fotovideo\/","og_locale":"en_GB","og_type":"article","og_title":"Locomotivele \u0219i vagoanele modernizate pentru CFR C\u0103l\u0103tori, prezentate la gara B\u0103neasa | FOTO+VIDEO","og_description":"Primele dou\u0103 locomotive \u0219i vagoanele modernizate pentru CFR C\u0103l\u0103tori, prin finan\u021bare din PNRR, au fost prezentate mar\u021bi, \u00een Gara B\u0103neasa.","og_url":"https:\/\/buletin.de\/bucuresti\/locomotivele-si-vagoanele-modernizate-pentru-cfr-calatori-prezentate-la-gara-baneasa-fotovideo\/","og_site_name":"Buletin de Bucure\u0219ti","article_publisher":"https:\/\/www.facebook.com\/buletin.de.buc","article_published_time":"2025-02-12T09:18:34+00:00","article_modified_time":"2025-02-12T20:11:30+00:00","og_image":[{"width":1600,"height":720,"url":"https:\/\/buletin.de\/bucuresti\/wp-content\/uploads\/locomotivemoderne.jpeg","type":"image\/jpeg"}],"author":"R\u0103zvan Chiru\u021b\u0103","twitter_card":"summary_large_image","twitter_misc":{"Written by":"R\u0103zvan Chiru\u021b\u0103","Estimated reading time":"6 minutes"},"schema":{"@context":"https:\/\/schema.org","@graph":[{"@type":"Article","@id":"https:\/\/buletin.de\/bucuresti\/locomotivele-si-vagoanele-modernizate-pentru-cfr-calatori-prezentate-la-gara-baneasa-fotovideo\/#article","isPartOf":{"@id":"https:\/\/buletin.de\/bucuresti\/locomotivele-si-vagoanele-modernizate-pentru-cfr-calatori-prezentate-la-gara-baneasa-fotovideo\/"},"author":{"name":"R\u0103zvan Chiru\u021b\u0103","@id":"https:\/\/buletin.de\/bucuresti\/#\/schema\/person\/a76df728dfc913795a9d90e346b253bb"},"headline":"Locomotivele \u0219i vagoanele modernizate pentru CFR C\u0103l\u0103tori, prezentate la gara B\u0103neasa | FOTO+VIDEO","datePublished":"2025-02-12T09:18:34+00:00","dateModified":"2025-02-12T20:11:30+00:00","mainEntityOfPage":{"@id":"https:\/\/buletin.de\/bucuresti\/locomotivele-si-vagoanele-modernizate-pentru-cfr-calatori-prezentate-la-gara-baneasa-fotovideo\/"},"wordCount":594,"publisher":{"@id":"https:\/\/buletin.de\/bucuresti\/#organization"},"image":{"@id":"https:\/\/buletin.de\/bucuresti\/locomotivele-si-vagoanele-modernizate-pentru-cfr-calatori-prezentate-la-gara-baneasa-fotovideo\/#primaryimage"},"thumbnailUrl":"https:\/\/buletin.de\/bucuresti\/wp-content\/uploads\/locomotivemoderne.jpeg","keywords":["CFR C\u0103l\u0103tori","gara baneasa","locomotiv\u0103 modernizat\u0103","reloc","softronic","vagon modernizat"],"articleSection":["Articole","\u0218tiri","Transport"],"inLanguage":"en-GB","copyrightYear":"2025","copyrightHolder":{"@id":"https:\/\/buletin.de\/bucuresti\/#organization"}},{"@type":"WebPage","@id":"https:\/\/buletin.de\/bucuresti\/locomotivele-si-vagoanele-modernizate-pentru-cfr-calatori-prezentate-la-gara-baneasa-fotovideo\/","url":"https:\/\/buletin.de\/bucuresti\/locomotivele-si-vagoanele-modernizate-pentru-cfr-calatori-prezentate-la-gara-baneasa-fotovideo\/","name":"Locomotivele \u0219i vagoanele modernizate pentru CFR C\u0103l\u0103tori, prezentate la gara B\u0103neasa | FOTO+VIDEO - Buletin de Bucure\u0219ti","isPartOf":{"@id":"https:\/\/buletin.de\/bucuresti\/#website"},"primaryImageOfPage":{"@id":"https:\/\/buletin.de\/bucuresti\/locomotivele-si-vagoanele-modernizate-pentru-cfr-calatori-prezentate-la-gara-baneasa-fotovideo\/#primaryimage"},"image":{"@id":"https:\/\/buletin.de\/bucuresti\/locomotivele-si-vagoanele-modernizate-pentru-cfr-calatori-prezentate-la-gara-baneasa-fotovideo\/#primaryimage"},"thumbnailUrl":"https:\/\/buletin.de\/bucuresti\/wp-content\/uploads\/locomotivemoderne.jpeg","datePublished":"2025-02-12T09:18:34+00:00","dateModified":"2025-02-12T20:11:30+00:00","description":"Primele dou\u0103 locomotive \u0219i vagoanele modernizate pentru CFR C\u0103l\u0103tori, prin finan\u021bare din PNRR, au fost prezentate mar\u021bi, \u00een Gara B\u0103neasa.","breadcrumb":{"@id":"https:\/\/buletin.de\/bucuresti\/locomotivele-si-vagoanele-modernizate-pentru-cfr-calatori-prezentate-la-gara-baneasa-fotovideo\/#breadcrumb"},"inLanguage":"en-GB","potentialAction":[{"@type":"ReadAction","target":["https:\/\/buletin.de\/bucuresti\/locomotivele-si-vagoanele-modernizate-pentru-cfr-calatori-prezentate-la-gara-baneasa-fotovideo\/"]}]},{"@type":"ImageObject","inLanguage":"en-GB","@id":"https:\/\/buletin.de\/bucuresti\/locomotivele-si-vagoanele-modernizate-pentru-cfr-calatori-prezentate-la-gara-baneasa-fotovideo\/#primaryimage","url":"https:\/\/buletin.de\/bucuresti\/wp-content\/uploads\/locomotivemoderne.jpeg","contentUrl":"https:\/\/buletin.de\/bucuresti\/wp-content\/uploads\/locomotivemoderne.jpeg","width":1600,"height":720,"caption":"Locomotivele \u0219i vagoanele modernizate pentru CFR C\u0103l\u0103tori, \u00een Gara B\u0103neasa. Foto: BdB"},{"@type":"BreadcrumbList","@id":"https:\/\/buletin.de\/bucuresti\/locomotivele-si-vagoanele-modernizate-pentru-cfr-calatori-prezentate-la-gara-baneasa-fotovideo\/#breadcrumb","itemListElement":[{"@type":"ListItem","position":1,"name":"Acas\u0103","item":"https:\/\/buletin.de\/bucuresti\/"},{"@type":"ListItem","position":2,"name":"Locomotivele \u0219i vagoanele modernizate pentru CFR C\u0103l\u0103tori, prezentate la gara B\u0103neasa | FOTO+VIDEO"}]},{"@type":"WebSite","@id":"https:\/\/buletin.de\/bucuresti\/#website","url":"https:\/\/buletin.de\/bucuresti\/","name":"Buletin de Bucure\u0219ti","description":"\u0218tiri \u0219i investiga\u021bii esen\u021biale din capital\u0103","publisher":{"@id":"https:\/\/buletin.de\/bucuresti\/#organization"},"potentialAction":[{"@type":"SearchAction","target":{"@type":"EntryPoint","urlTemplate":"https:\/\/buletin.de\/bucuresti\/?s={search_term_string}"},"query-input":{"@type":"PropertyValueSpecification","valueRequired":true,"valueName":"search_term_string"}}],"inLanguage":"en-GB"},{"@type":"Organization","@id":"https:\/\/buletin.de\/bucuresti\/#organization","name":"Buletin de Bucure\u0219ti","url":"https:\/\/buletin.de\/bucuresti\/","logo":{"@type":"ImageObject","inLanguage":"en-GB","@id":"https:\/\/buletin.de\/bucuresti\/#\/schema\/logo\/image\/","url":"https:\/\/buletin.de\/bucuresti\/wp-content\/uploads\/logo-bdb-full-wide-vernil-transparent.png","contentUrl":"https:\/\/buletin.de\/bucuresti\/wp-content\/uploads\/logo-bdb-full-wide-vernil-transparent.png","width":1782,"height":626,"caption":"Buletin de Bucure\u0219ti"},"image":{"@id":"https:\/\/buletin.de\/bucuresti\/#\/schema\/logo\/image\/"},"sameAs":["https:\/\/www.facebook.com\/buletin.de.buc","https:\/\/www.instagram.com\/buletinde.bucuresti\/"]},{"@type":"Person","@id":"https:\/\/buletin.de\/bucuresti\/#\/schema\/person\/a76df728dfc913795a9d90e346b253bb","name":"R\u0103zvan Chiru\u021b\u0103","image":{"@type":"ImageObject","inLanguage":"en-GB","@id":"https:\/\/buletin.de\/bucuresti\/wp-content\/uploads\/Razvan-Chiruta-96x96.jpge7143b996fd4241fbd6ee1f6b6b7b267","url":"https:\/\/buletin.de\/bucuresti\/wp-content\/uploads\/Razvan-Chiruta-96x96.jpg","contentUrl":"https:\/\/buletin.de\/bucuresti\/wp-content\/uploads\/Razvan-Chiruta-96x96.jpg","caption":"R\u0103zvan Chiru\u021b\u0103"},"description":"R\u0103zvan Chiru\u021b\u0103 este redactor-\u0219ef adjunct din iulie 2024. A fost redactor-\u0219ef al PRESShub \u00eentre 2022 \u0219i iunie 2024. Anterior, a fost redactor-\u0219ef al Newsweek Rom\u00e2nia, din 2018 p\u00e2n\u0103 \u00een 2021, \u0219i al cotidianului Rom\u00e2nia liber\u0103, \u00eentre 2015 \u0219i 2017. Este absolvent de Jurnalism, \u00een cadrul Universit\u0103\u021bii \u201eAl.I.Cuza\u201d din Ia\u0219i, \u0219i a urmat un master \u00een Managementul institu\u021biilor mass-media (f\u0103r\u0103 diserta\u021bie) la Facultatea de Jurnalism \u0219i \u0218tiin\u021bele Comunic\u0103rii din cadrul Universit\u0103\u021bii din Bucure\u0219ti. \u0218i-a \u00eenceput cariera la Opinia studen\u021beasc\u0103, cunoscuta \u0219coal\u0103 de pres\u0103 din Ia\u0219i. A lucrat \u00een presa local\u0103, apoi a devenit corespondent pentru Ia\u0219i al cotidianului Evenimentul Zilei. Din 2004, a coordonat pentru \u0219ase luni sec\u021bia de coresponden\u021bi a Evenimentului Zilei. A mai lucrat la s\u0103pt\u0103m\u00e2nalul Prezent \u0219i a colaborat cu revistele Dilema Veche \u0219i Suplimentul de Cultur\u0103. Este co-autor \u00een volumele \u201eMass-media \u0219i democra\u021bia \u00een Rom\u00e2nia post-comunist\u0103\u201d (ed. a II-a), Ed. Institutul European, Ia\u0219i, 2013, \u0219i \u201eCOVID - 19. Dimensiuni ale gestionarii pandemiei\u201d, Editura Junimea, Ia\u0219i, 2020.","url":"https:\/\/buletin.de\/bucuresti\/author\/razvan-chiruta\/"}]}},"authors":[{"term_id":22582,"user_id":60,"is_guest":0,"slug":"razvan-chiruta","display_name":"R\u0103zvan Chiru\u021b\u0103","avatar_url":"https:\/\/buletin.de\/bucuresti\/wp-content\/uploads\/Razvan-Chiruta-96x96.jpg","0":null,"1":"","2":"","3":"","4":"","5":"","6":"","7":"","8":""}],"_links":{"self":[{"href":"https:\/\/buletin.de\/bucuresti\/wp-json\/wp\/v2\/posts\/118049","targetHints":{"allow":["GET"]}}],"collection":[{"href":"https:\/\/buletin.de\/bucuresti\/wp-json\/wp\/v2\/posts"}],"about":[{"href":"https:\/\/buletin.de\/bucuresti\/wp-json\/wp\/v2\/types\/post"}],"author":[{"embeddable":true,"href":"https:\/\/buletin.de\/bucuresti\/wp-json\/wp\/v2\/users\/60"}],"replies":[{"embeddable":true,"href":"https:\/\/buletin.de\/bucuresti\/wp-json\/wp\/v2\/comments?post=118049"}],"version-history":[{"count":7,"href":"https:\/\/buletin.de\/bucuresti\/wp-json\/wp\/v2\/posts\/118049\/revisions"}],"predecessor-version":[{"id":118090,"href":"https:\/\/buletin.de\/bucuresti\/wp-json\/wp\/v2\/posts\/118049\/revisions\/118090"}],"wp:featuredmedia":[{"embeddable":true,"href":"https:\/\/buletin.de\/bucuresti\/wp-json\/wp\/v2\/media\/118053"}],"wp:attachment":[{"href":"https:\/\/buletin.de\/bucuresti\/wp-json\/wp\/v2\/media?parent=118049"}],"wp:term":[{"taxonomy":"category","embeddable":true,"href":"https:\/\/buletin.de\/bucuresti\/wp-json\/wp\/v2\/categories?post=118049"},{"taxonomy":"post_tag","embeddable":true,"href":"https:\/\/buletin.de\/bucuresti\/wp-json\/wp\/v2\/tags?post=118049"},{"taxonomy":"author","embeddable":true,"href":"https:\/\/buletin.de\/bucuresti\/wp-json\/wp\/v2\/ppma_author?post=118049"}],"curies":[{"name":"wp","href":"https:\/\/api.w.org\/{rel}","templated":true}]}}