{"id":117957,"date":"2025-02-11T12:07:44","date_gmt":"2025-02-11T09:07:44","guid":{"rendered":"https:\/\/buletin.de\/bucuresti\/?p=117957"},"modified":"2025-02-11T12:07:45","modified_gmt":"2025-02-11T09:07:45","slug":"doi-dintre-agitatorii-de-la-protestul-pro-georgescu-retinuti-unul-dintre-ei-cetatean-polonez","status":"publish","type":"post","link":"https:\/\/buletin.de\/bucuresti\/doi-dintre-agitatorii-de-la-protestul-pro-georgescu-retinuti-unul-dintre-ei-cetatean-polonez\/","title":{"rendered":"Doi dintre agitatorii de la protestul pro-Georgescu, re\u0163inu\u0163i. Unul dintre ei, cet\u0103\u0163ean polonez"},"content":{"rendered":"\n<p><strong>Protestul de ieri, 10 februarie, din Pia\u0163a Victoriei, s-a l\u0103sat cu dosare penale \u015fi doi dintre agitatorii de la miting au fost re\u0163inu\u0163i. Faptele de care sunt acuza\u0163i sunt: ultraj, distrugere, portul sau folosirea f\u0103r\u0103 drept de obiecte periculoase \u0219i tulburarea ordinii \u0219i lini\u0219tii publice. Unul dintre cei doi este cet\u0103\u0163ean polonez.<\/strong><\/p>\n\n\n\n<p>\u00cen cazul cet\u0103\u0163eanului polonez, acuza\u0163ia este de distrugere, portul sau folosirea f\u0103r\u0103 drept de obiecte periculoase \u0219i tulburarea ordinii \u0219i lini\u0219tii publice.<\/p>\n\n\n\n<p>Mai precis, la protest, acesta a ridicat un panou metalic, care apar\u021binea Jandarmeriei Capitalei, \u0219i pe care <strong>l-ar fi aruncat \u00een direc\u021bia for\u021belor de ordine<\/strong>, provoc\u00e2nd distrugeri ale acestuia, transmite Poli\u0163ia Capitalei, printr-un comunicat de pres\u0103.<\/p>\n\n\n\n<p>B\u0103rbatul de origine polonez\u0103 avea la el o briceag, lung de 15 centimetri. <\/p>\n\n\n\n<p>\u201eDe asemenea, \u00een urma verific\u0103rii autoturismului, de\u021binut de b\u0103rbatul \u00een cauz\u0103, au fost g\u0103site mai multe bunuri \u0219i obiecte, dintre care amintim: <strong>un obiect t\u0103ietor, de tip topor, mai multe obiecte balistice, steaguri cu diferite simboluri, mai multe tuburi cartu\u0219, acte, numere de \u00eenmatriculare, chei de autoturisme, precum \u0219i mai multe dispozitive de stocare<\/strong>\u201d.<\/p>\n\n\n\n<p><strong>CITE\u015eTE \u015eI:<\/strong> <a href=\"https:\/\/buletin.de\/bucuresti\/sindicalistii-de-la-metrorex\/\">Sindicali\u0219tii de la Metrorex, negocieri la Guvern, protest \u00een subteran. Circula\u0163ia trenurilor pe M2 e afectat\u0103 de concedii<\/a><\/p>\n\n\n\n<h2 class=\"wp-block-heading\" id=\"h-doi-dintre-agitatorii-de-la-protest-retinuti-cine-este-al-doilea-faptas\">Doi dintre agitatorii de la protest, re\u0163inu\u0163i. Cine este al doilea f\u0103pta\u015f<\/h2>\n\n\n\n<p>Al doilea protestatar violent este un b\u0103rbat de 42 de ani, re\u0163inut pentru ultraj. <\/p>\n\n\n\n<ol class=\"wp-block-list\"><\/ol>\n\n\n\n<p>\u201e\u00cen urma verific\u0103rilor a rezultat presupunerea rezonabil\u0103 c\u0103, la data men\u021bionat\u0103, \u00een jurul orei 14.30, b\u0103rbatul \u00een cauz\u0103, \u00een timp ce participa la adunarea public\u0103 din Pia\u021ba Victoriei, <strong>ar fi agresat fizic un jandarm din cadrul Direc\u021biei Generale de Jandarmi a Municipiului Bucure\u0219ti, lovindu-l cu pumnul la nivelul capului<\/strong>.<\/p>\n\n\n\n<p>Men\u021bion\u0103m faptul c\u0103 acesta a fost condus la sediul Sec\u021biei 4 Poli\u021bie de c\u0103tre lucr\u0103tori din cadrul <a href=\"https:\/\/www.jandarmeriabucuresti.eu\/\">Jandarmeriei Capitalei<\/a>.<\/p>\n\n\n\n<p>\u00cen urma materialului probator administrat \u00een cauz\u0103 fa\u021b\u0103 de b\u0103rbat a fost dispus\u0103 m\u0103sura re\u021binerii pentru 24 de ore, urm\u00e2nd ca \u00een cursul zilei de ast\u0103zi s\u0103 fie prezentat \u00een fa\u021ba magistra\u021bilor cu propunere legal\u0103.<\/p>\n\n\n\n<p>Cercet\u0103rile sunt continuate de c\u0103tre Parchetul de pe l\u00e2ng\u0103 Judec\u0103toria Sectorului 1, \u00eempreun\u0103 cu poli\u021bi\u0219ti din cadrul Sec\u021biei 4 Poli\u021bie,sub aspectul s\u0103v\u00e2r\u0219irii infrac\u021biunii de ultraj\u201d.<\/p>\n\n\n\n<ol start=\"2\" class=\"wp-block-list\"><\/ol>\n\n\n\n<p><strong>CITE\u015eTE \u015eI:<\/strong> <a href=\"https:\/\/buletin.de\/bucuresti\/video-incaierari-ale-protestatarilor-pro-georgescu-din-piata-victoriei-cu-jandarmii-au-fortat-barajul-si-au-blocat-strada-dupa-demisia-lui-iohannis\/\">Update: Violen\u021be \u00een Pia\u021ba Victoriei. Jandarmeria a dat cu gaz lacrimogen dup\u0103 ce protestatarii pro-Georgescu au aruncat cu petarde<\/a><br><\/p>\n","protected":false},"excerpt":{"rendered":"<p>Protestul de ieri, 10 februarie, din Pia\u0163a Victoriei, s-a l\u0103sat cu dosare penale \u015fi doi dintre agitatorii de la miting au fost re\u0163inu\u0163i. Faptele de care sunt acuza\u0163i sunt: ultraj, distrugere, portul sau folosirea f\u0103r\u0103 drept de obiecte periculoase \u0219i tulburarea ordinii \u0219i lini\u0219tii publice. Unul dintre cei doi este cet\u0103\u0163ean polonez. \u00cen cazul cet\u0103\u0163eanului [&hellip;]<\/p>\n","protected":false},"author":8,"featured_media":117960,"comment_status":"closed","ping_status":"open","sticky":false,"template":"","format":"standard","meta":{"_acf_changed":false,"inline_featured_image":false,"ngg_post_thumbnail":0,"footnotes":""},"categories":[6994,9026,5762],"tags":[2100,1045,19078,19077],"ppma_author":[22586],"class_list":["post-117957","post","type-post","status-publish","format-standard","has-post-thumbnail","hentry","category-stiri-2","category-eveniment","category-main","tag-calin-georgescu","tag-protest-piata-victoriei","tag-protestatar-polonez-piata-victoriei","tag-protestatari-retinuti"],"acf":[],"yoast_head":"<!-- This site is optimized with the Yoast SEO Premium plugin v25.3 (Yoast SEO v27.4) - https:\/\/yoast.com\/product\/yoast-seo-premium-wordpress\/ -->\n<title>Doi dintre agitatorii de la protestul pro-Georgescu, re\u0163inu\u0163i. Unul dintre ei, cet\u0103\u0163ean polonez - Buletin de Bucure\u0219ti<\/title>\n<meta name=\"description\" content=\"Protestul de ieri, 10 februarie, din Pia\u0163a Victoriei, s-a l\u0103sat cu dosare penale \u015fi doi dintre agitatorii de la miting, re\u0163inu\u0163i.\" \/>\n<meta name=\"robots\" content=\"index, follow, max-snippet:-1, max-image-preview:large, max-video-preview:-1\" \/>\n<link rel=\"canonical\" href=\"https:\/\/buletin.de\/bucuresti\/doi-dintre-agitatorii-de-la-protestul-pro-georgescu-retinuti-unul-dintre-ei-cetatean-polonez\/\" \/>\n<meta property=\"og:locale\" content=\"en_GB\" \/>\n<meta property=\"og:type\" content=\"article\" \/>\n<meta property=\"og:title\" content=\"Doi dintre agitatorii de la protestul pro-Georgescu, re\u0163inu\u0163i. Unul dintre ei, cet\u0103\u0163ean polonez\" \/>\n<meta property=\"og:description\" content=\"Protestul de ieri, 10 februarie, din Pia\u0163a Victoriei, s-a l\u0103sat cu dosare penale \u015fi doi dintre agitatorii de la miting, re\u0163inu\u0163i.\" \/>\n<meta property=\"og:url\" content=\"https:\/\/buletin.de\/bucuresti\/doi-dintre-agitatorii-de-la-protestul-pro-georgescu-retinuti-unul-dintre-ei-cetatean-polonez\/\" \/>\n<meta property=\"og:site_name\" content=\"Buletin de Bucure\u0219ti\" \/>\n<meta property=\"article:publisher\" content=\"https:\/\/www.facebook.com\/buletin.de.buc\" \/>\n<meta property=\"article:published_time\" content=\"2025-02-11T09:07:44+00:00\" \/>\n<meta property=\"article:modified_time\" content=\"2025-02-11T09:07:45+00:00\" \/>\n<meta property=\"og:image\" content=\"https:\/\/buletin.de\/bucuresti\/wp-content\/uploads\/protestatar-incatusat-10-feb-2025-INQUAM_Photos_George_Calin.jpg\" \/>\n\t<meta property=\"og:image:width\" content=\"2000\" \/>\n\t<meta property=\"og:image:height\" content=\"1334\" \/>\n\t<meta property=\"og:image:type\" content=\"image\/jpeg\" \/>\n<meta name=\"author\" content=\"Ionu\u021b Lepa\" \/>\n<meta name=\"twitter:card\" content=\"summary_large_image\" \/>\n<meta name=\"twitter:label1\" content=\"Written by\" \/>\n\t<meta name=\"twitter:data1\" content=\"Ionu\u021b Lepa\" \/>\n\t<meta name=\"twitter:label2\" content=\"Estimated reading time\" \/>\n\t<meta name=\"twitter:data2\" content=\"2 minutes\" \/>\n<script type=\"application\/ld+json\" class=\"yoast-schema-graph\">{\"@context\":\"https:\\\/\\\/schema.org\",\"@graph\":[{\"@type\":\"Article\",\"@id\":\"https:\\\/\\\/buletin.de\\\/bucuresti\\\/doi-dintre-agitatorii-de-la-protestul-pro-georgescu-retinuti-unul-dintre-ei-cetatean-polonez\\\/#article\",\"isPartOf\":{\"@id\":\"https:\\\/\\\/buletin.de\\\/bucuresti\\\/doi-dintre-agitatorii-de-la-protestul-pro-georgescu-retinuti-unul-dintre-ei-cetatean-polonez\\\/\"},\"author\":{\"name\":\"Ionu\u021b Lepa\",\"@id\":\"https:\\\/\\\/buletin.de\\\/bucuresti\\\/#\\\/schema\\\/person\\\/5272b8a057b33890940b57b837fc4ce6\"},\"headline\":\"Doi dintre agitatorii de la protestul pro-Georgescu, re\u0163inu\u0163i. Unul dintre ei, cet\u0103\u0163ean polonez\",\"datePublished\":\"2025-02-11T09:07:44+00:00\",\"dateModified\":\"2025-02-11T09:07:45+00:00\",\"mainEntityOfPage\":{\"@id\":\"https:\\\/\\\/buletin.de\\\/bucuresti\\\/doi-dintre-agitatorii-de-la-protestul-pro-georgescu-retinuti-unul-dintre-ei-cetatean-polonez\\\/\"},\"wordCount\":446,\"publisher\":{\"@id\":\"https:\\\/\\\/buletin.de\\\/bucuresti\\\/#organization\"},\"image\":{\"@id\":\"https:\\\/\\\/buletin.de\\\/bucuresti\\\/doi-dintre-agitatorii-de-la-protestul-pro-georgescu-retinuti-unul-dintre-ei-cetatean-polonez\\\/#primaryimage\"},\"thumbnailUrl\":\"https:\\\/\\\/buletin.de\\\/bucuresti\\\/wp-content\\\/uploads\\\/protestatar-incatusat-10-feb-2025-INQUAM_Photos_George_Calin.jpg\",\"keywords\":[\"calin georgescu\",\"protest piata victoriei\",\"protestatar polonez piata victoriei\",\"protestatari retinuti\"],\"articleSection\":[\"Articole\",\"Eveniment\",\"Main\"],\"inLanguage\":\"en-GB\",\"copyrightYear\":\"2025\",\"copyrightHolder\":{\"@id\":\"https:\\\/\\\/buletin.de\\\/bucuresti\\\/#organization\"}},{\"@type\":\"WebPage\",\"@id\":\"https:\\\/\\\/buletin.de\\\/bucuresti\\\/doi-dintre-agitatorii-de-la-protestul-pro-georgescu-retinuti-unul-dintre-ei-cetatean-polonez\\\/\",\"url\":\"https:\\\/\\\/buletin.de\\\/bucuresti\\\/doi-dintre-agitatorii-de-la-protestul-pro-georgescu-retinuti-unul-dintre-ei-cetatean-polonez\\\/\",\"name\":\"Doi dintre agitatorii de la protestul pro-Georgescu, re\u0163inu\u0163i. Unul dintre ei, cet\u0103\u0163ean polonez - Buletin de Bucure\u0219ti\",\"isPartOf\":{\"@id\":\"https:\\\/\\\/buletin.de\\\/bucuresti\\\/#website\"},\"primaryImageOfPage\":{\"@id\":\"https:\\\/\\\/buletin.de\\\/bucuresti\\\/doi-dintre-agitatorii-de-la-protestul-pro-georgescu-retinuti-unul-dintre-ei-cetatean-polonez\\\/#primaryimage\"},\"image\":{\"@id\":\"https:\\\/\\\/buletin.de\\\/bucuresti\\\/doi-dintre-agitatorii-de-la-protestul-pro-georgescu-retinuti-unul-dintre-ei-cetatean-polonez\\\/#primaryimage\"},\"thumbnailUrl\":\"https:\\\/\\\/buletin.de\\\/bucuresti\\\/wp-content\\\/uploads\\\/protestatar-incatusat-10-feb-2025-INQUAM_Photos_George_Calin.jpg\",\"datePublished\":\"2025-02-11T09:07:44+00:00\",\"dateModified\":\"2025-02-11T09:07:45+00:00\",\"description\":\"Protestul de ieri, 10 februarie, din Pia\u0163a Victoriei, s-a l\u0103sat cu dosare penale \u015fi doi dintre agitatorii de la miting, re\u0163inu\u0163i.\",\"breadcrumb\":{\"@id\":\"https:\\\/\\\/buletin.de\\\/bucuresti\\\/doi-dintre-agitatorii-de-la-protestul-pro-georgescu-retinuti-unul-dintre-ei-cetatean-polonez\\\/#breadcrumb\"},\"inLanguage\":\"en-GB\",\"potentialAction\":[{\"@type\":\"ReadAction\",\"target\":[\"https:\\\/\\\/buletin.de\\\/bucuresti\\\/doi-dintre-agitatorii-de-la-protestul-pro-georgescu-retinuti-unul-dintre-ei-cetatean-polonez\\\/\"]}]},{\"@type\":\"ImageObject\",\"inLanguage\":\"en-GB\",\"@id\":\"https:\\\/\\\/buletin.de\\\/bucuresti\\\/doi-dintre-agitatorii-de-la-protestul-pro-georgescu-retinuti-unul-dintre-ei-cetatean-polonez\\\/#primaryimage\",\"url\":\"https:\\\/\\\/buletin.de\\\/bucuresti\\\/wp-content\\\/uploads\\\/protestatar-incatusat-10-feb-2025-INQUAM_Photos_George_Calin.jpg\",\"contentUrl\":\"https:\\\/\\\/buletin.de\\\/bucuresti\\\/wp-content\\\/uploads\\\/protestatar-incatusat-10-feb-2025-INQUAM_Photos_George_Calin.jpg\",\"width\":2000,\"height\":1334,\"caption\":\"Polonezul prins cu arme albe, arestat preventiv. FOTO: INQUAM \\\/ George C\u0103lin\"},{\"@type\":\"BreadcrumbList\",\"@id\":\"https:\\\/\\\/buletin.de\\\/bucuresti\\\/doi-dintre-agitatorii-de-la-protestul-pro-georgescu-retinuti-unul-dintre-ei-cetatean-polonez\\\/#breadcrumb\",\"itemListElement\":[{\"@type\":\"ListItem\",\"position\":1,\"name\":\"Acas\u0103\",\"item\":\"https:\\\/\\\/buletin.de\\\/bucuresti\\\/\"},{\"@type\":\"ListItem\",\"position\":2,\"name\":\"Doi dintre agitatorii de la protestul pro-Georgescu, re\u0163inu\u0163i. Unul dintre ei, cet\u0103\u0163ean polonez\"}]},{\"@type\":\"WebSite\",\"@id\":\"https:\\\/\\\/buletin.de\\\/bucuresti\\\/#website\",\"url\":\"https:\\\/\\\/buletin.de\\\/bucuresti\\\/\",\"name\":\"Buletin de Bucure\u0219ti\",\"description\":\"\u0218tiri \u0219i investiga\u021bii esen\u021biale din capital\u0103\",\"publisher\":{\"@id\":\"https:\\\/\\\/buletin.de\\\/bucuresti\\\/#organization\"},\"potentialAction\":[{\"@type\":\"SearchAction\",\"target\":{\"@type\":\"EntryPoint\",\"urlTemplate\":\"https:\\\/\\\/buletin.de\\\/bucuresti\\\/?s={search_term_string}\"},\"query-input\":{\"@type\":\"PropertyValueSpecification\",\"valueRequired\":true,\"valueName\":\"search_term_string\"}}],\"inLanguage\":\"en-GB\"},{\"@type\":\"Organization\",\"@id\":\"https:\\\/\\\/buletin.de\\\/bucuresti\\\/#organization\",\"name\":\"Buletin de Bucure\u0219ti\",\"url\":\"https:\\\/\\\/buletin.de\\\/bucuresti\\\/\",\"logo\":{\"@type\":\"ImageObject\",\"inLanguage\":\"en-GB\",\"@id\":\"https:\\\/\\\/buletin.de\\\/bucuresti\\\/#\\\/schema\\\/logo\\\/image\\\/\",\"url\":\"https:\\\/\\\/buletin.de\\\/bucuresti\\\/wp-content\\\/uploads\\\/logo-bdb-full-wide-vernil-transparent.png\",\"contentUrl\":\"https:\\\/\\\/buletin.de\\\/bucuresti\\\/wp-content\\\/uploads\\\/logo-bdb-full-wide-vernil-transparent.png\",\"width\":1782,\"height\":626,\"caption\":\"Buletin de Bucure\u0219ti\"},\"image\":{\"@id\":\"https:\\\/\\\/buletin.de\\\/bucuresti\\\/#\\\/schema\\\/logo\\\/image\\\/\"},\"sameAs\":[\"https:\\\/\\\/www.facebook.com\\\/buletin.de.buc\",\"https:\\\/\\\/www.instagram.com\\\/buletinde.bucuresti\\\/\"]},{\"@type\":\"Person\",\"@id\":\"https:\\\/\\\/buletin.de\\\/bucuresti\\\/#\\\/schema\\\/person\\\/5272b8a057b33890940b57b837fc4ce6\",\"name\":\"Ionu\u021b Lepa\",\"image\":{\"@type\":\"ImageObject\",\"inLanguage\":\"en-GB\",\"@id\":\"https:\\\/\\\/buletin.de\\\/bucuresti\\\/wp-content\\\/uploads\\\/Ionut-Lepa-96x96.jpg5c4e4d9e049808799a8821652d2410a4\",\"url\":\"https:\\\/\\\/buletin.de\\\/bucuresti\\\/wp-content\\\/uploads\\\/Ionut-Lepa-96x96.jpg\",\"contentUrl\":\"https:\\\/\\\/buletin.de\\\/bucuresti\\\/wp-content\\\/uploads\\\/Ionut-Lepa-96x96.jpg\",\"caption\":\"Ionu\u021b Lepa\"},\"url\":\"https:\\\/\\\/buletin.de\\\/bucuresti\\\/author\\\/ionutlepa\\\/\"}]}<\/script>\n<!-- \/ Yoast SEO Premium plugin. -->","yoast_head_json":{"title":"Doi dintre agitatorii de la protestul pro-Georgescu, re\u0163inu\u0163i. Unul dintre ei, cet\u0103\u0163ean polonez - Buletin de Bucure\u0219ti","description":"Protestul de ieri, 10 februarie, din Pia\u0163a Victoriei, s-a l\u0103sat cu dosare penale \u015fi doi dintre agitatorii de la miting, re\u0163inu\u0163i.","robots":{"index":"index","follow":"follow","max-snippet":"max-snippet:-1","max-image-preview":"max-image-preview:large","max-video-preview":"max-video-preview:-1"},"canonical":"https:\/\/buletin.de\/bucuresti\/doi-dintre-agitatorii-de-la-protestul-pro-georgescu-retinuti-unul-dintre-ei-cetatean-polonez\/","og_locale":"en_GB","og_type":"article","og_title":"Doi dintre agitatorii de la protestul pro-Georgescu, re\u0163inu\u0163i. Unul dintre ei, cet\u0103\u0163ean polonez","og_description":"Protestul de ieri, 10 februarie, din Pia\u0163a Victoriei, s-a l\u0103sat cu dosare penale \u015fi doi dintre agitatorii de la miting, re\u0163inu\u0163i.","og_url":"https:\/\/buletin.de\/bucuresti\/doi-dintre-agitatorii-de-la-protestul-pro-georgescu-retinuti-unul-dintre-ei-cetatean-polonez\/","og_site_name":"Buletin de Bucure\u0219ti","article_publisher":"https:\/\/www.facebook.com\/buletin.de.buc","article_published_time":"2025-02-11T09:07:44+00:00","article_modified_time":"2025-02-11T09:07:45+00:00","og_image":[{"width":2000,"height":1334,"url":"https:\/\/buletin.de\/bucuresti\/wp-content\/uploads\/protestatar-incatusat-10-feb-2025-INQUAM_Photos_George_Calin.jpg","type":"image\/jpeg"}],"author":"Ionu\u021b Lepa","twitter_card":"summary_large_image","twitter_misc":{"Written by":"Ionu\u021b Lepa","Estimated reading time":"2 minutes"},"schema":{"@context":"https:\/\/schema.org","@graph":[{"@type":"Article","@id":"https:\/\/buletin.de\/bucuresti\/doi-dintre-agitatorii-de-la-protestul-pro-georgescu-retinuti-unul-dintre-ei-cetatean-polonez\/#article","isPartOf":{"@id":"https:\/\/buletin.de\/bucuresti\/doi-dintre-agitatorii-de-la-protestul-pro-georgescu-retinuti-unul-dintre-ei-cetatean-polonez\/"},"author":{"name":"Ionu\u021b Lepa","@id":"https:\/\/buletin.de\/bucuresti\/#\/schema\/person\/5272b8a057b33890940b57b837fc4ce6"},"headline":"Doi dintre agitatorii de la protestul pro-Georgescu, re\u0163inu\u0163i. Unul dintre ei, cet\u0103\u0163ean polonez","datePublished":"2025-02-11T09:07:44+00:00","dateModified":"2025-02-11T09:07:45+00:00","mainEntityOfPage":{"@id":"https:\/\/buletin.de\/bucuresti\/doi-dintre-agitatorii-de-la-protestul-pro-georgescu-retinuti-unul-dintre-ei-cetatean-polonez\/"},"wordCount":446,"publisher":{"@id":"https:\/\/buletin.de\/bucuresti\/#organization"},"image":{"@id":"https:\/\/buletin.de\/bucuresti\/doi-dintre-agitatorii-de-la-protestul-pro-georgescu-retinuti-unul-dintre-ei-cetatean-polonez\/#primaryimage"},"thumbnailUrl":"https:\/\/buletin.de\/bucuresti\/wp-content\/uploads\/protestatar-incatusat-10-feb-2025-INQUAM_Photos_George_Calin.jpg","keywords":["calin georgescu","protest piata victoriei","protestatar polonez piata victoriei","protestatari retinuti"],"articleSection":["Articole","Eveniment","Main"],"inLanguage":"en-GB","copyrightYear":"2025","copyrightHolder":{"@id":"https:\/\/buletin.de\/bucuresti\/#organization"}},{"@type":"WebPage","@id":"https:\/\/buletin.de\/bucuresti\/doi-dintre-agitatorii-de-la-protestul-pro-georgescu-retinuti-unul-dintre-ei-cetatean-polonez\/","url":"https:\/\/buletin.de\/bucuresti\/doi-dintre-agitatorii-de-la-protestul-pro-georgescu-retinuti-unul-dintre-ei-cetatean-polonez\/","name":"Doi dintre agitatorii de la protestul pro-Georgescu, re\u0163inu\u0163i. Unul dintre ei, cet\u0103\u0163ean polonez - Buletin de Bucure\u0219ti","isPartOf":{"@id":"https:\/\/buletin.de\/bucuresti\/#website"},"primaryImageOfPage":{"@id":"https:\/\/buletin.de\/bucuresti\/doi-dintre-agitatorii-de-la-protestul-pro-georgescu-retinuti-unul-dintre-ei-cetatean-polonez\/#primaryimage"},"image":{"@id":"https:\/\/buletin.de\/bucuresti\/doi-dintre-agitatorii-de-la-protestul-pro-georgescu-retinuti-unul-dintre-ei-cetatean-polonez\/#primaryimage"},"thumbnailUrl":"https:\/\/buletin.de\/bucuresti\/wp-content\/uploads\/protestatar-incatusat-10-feb-2025-INQUAM_Photos_George_Calin.jpg","datePublished":"2025-02-11T09:07:44+00:00","dateModified":"2025-02-11T09:07:45+00:00","description":"Protestul de ieri, 10 februarie, din Pia\u0163a Victoriei, s-a l\u0103sat cu dosare penale \u015fi doi dintre agitatorii de la miting, re\u0163inu\u0163i.","breadcrumb":{"@id":"https:\/\/buletin.de\/bucuresti\/doi-dintre-agitatorii-de-la-protestul-pro-georgescu-retinuti-unul-dintre-ei-cetatean-polonez\/#breadcrumb"},"inLanguage":"en-GB","potentialAction":[{"@type":"ReadAction","target":["https:\/\/buletin.de\/bucuresti\/doi-dintre-agitatorii-de-la-protestul-pro-georgescu-retinuti-unul-dintre-ei-cetatean-polonez\/"]}]},{"@type":"ImageObject","inLanguage":"en-GB","@id":"https:\/\/buletin.de\/bucuresti\/doi-dintre-agitatorii-de-la-protestul-pro-georgescu-retinuti-unul-dintre-ei-cetatean-polonez\/#primaryimage","url":"https:\/\/buletin.de\/bucuresti\/wp-content\/uploads\/protestatar-incatusat-10-feb-2025-INQUAM_Photos_George_Calin.jpg","contentUrl":"https:\/\/buletin.de\/bucuresti\/wp-content\/uploads\/protestatar-incatusat-10-feb-2025-INQUAM_Photos_George_Calin.jpg","width":2000,"height":1334,"caption":"Polonezul prins cu arme albe, arestat preventiv. FOTO: INQUAM \/ George C\u0103lin"},{"@type":"BreadcrumbList","@id":"https:\/\/buletin.de\/bucuresti\/doi-dintre-agitatorii-de-la-protestul-pro-georgescu-retinuti-unul-dintre-ei-cetatean-polonez\/#breadcrumb","itemListElement":[{"@type":"ListItem","position":1,"name":"Acas\u0103","item":"https:\/\/buletin.de\/bucuresti\/"},{"@type":"ListItem","position":2,"name":"Doi dintre agitatorii de la protestul pro-Georgescu, re\u0163inu\u0163i. Unul dintre ei, cet\u0103\u0163ean polonez"}]},{"@type":"WebSite","@id":"https:\/\/buletin.de\/bucuresti\/#website","url":"https:\/\/buletin.de\/bucuresti\/","name":"Buletin de Bucure\u0219ti","description":"\u0218tiri \u0219i investiga\u021bii esen\u021biale din capital\u0103","publisher":{"@id":"https:\/\/buletin.de\/bucuresti\/#organization"},"potentialAction":[{"@type":"SearchAction","target":{"@type":"EntryPoint","urlTemplate":"https:\/\/buletin.de\/bucuresti\/?s={search_term_string}"},"query-input":{"@type":"PropertyValueSpecification","valueRequired":true,"valueName":"search_term_string"}}],"inLanguage":"en-GB"},{"@type":"Organization","@id":"https:\/\/buletin.de\/bucuresti\/#organization","name":"Buletin de Bucure\u0219ti","url":"https:\/\/buletin.de\/bucuresti\/","logo":{"@type":"ImageObject","inLanguage":"en-GB","@id":"https:\/\/buletin.de\/bucuresti\/#\/schema\/logo\/image\/","url":"https:\/\/buletin.de\/bucuresti\/wp-content\/uploads\/logo-bdb-full-wide-vernil-transparent.png","contentUrl":"https:\/\/buletin.de\/bucuresti\/wp-content\/uploads\/logo-bdb-full-wide-vernil-transparent.png","width":1782,"height":626,"caption":"Buletin de Bucure\u0219ti"},"image":{"@id":"https:\/\/buletin.de\/bucuresti\/#\/schema\/logo\/image\/"},"sameAs":["https:\/\/www.facebook.com\/buletin.de.buc","https:\/\/www.instagram.com\/buletinde.bucuresti\/"]},{"@type":"Person","@id":"https:\/\/buletin.de\/bucuresti\/#\/schema\/person\/5272b8a057b33890940b57b837fc4ce6","name":"Ionu\u021b Lepa","image":{"@type":"ImageObject","inLanguage":"en-GB","@id":"https:\/\/buletin.de\/bucuresti\/wp-content\/uploads\/Ionut-Lepa-96x96.jpg5c4e4d9e049808799a8821652d2410a4","url":"https:\/\/buletin.de\/bucuresti\/wp-content\/uploads\/Ionut-Lepa-96x96.jpg","contentUrl":"https:\/\/buletin.de\/bucuresti\/wp-content\/uploads\/Ionut-Lepa-96x96.jpg","caption":"Ionu\u021b Lepa"},"url":"https:\/\/buletin.de\/bucuresti\/author\/ionutlepa\/"}]}},"authors":[{"term_id":22586,"user_id":8,"is_guest":0,"slug":"ionutlepa","display_name":"Ionu\u021b Lepa","avatar_url":"https:\/\/buletin.de\/bucuresti\/wp-content\/uploads\/Ionut-Lepa-96x96.jpg","0":null,"1":"","2":"","3":"","4":"","5":"","6":"","7":"","8":""}],"_links":{"self":[{"href":"https:\/\/buletin.de\/bucuresti\/wp-json\/wp\/v2\/posts\/117957","targetHints":{"allow":["GET"]}}],"collection":[{"href":"https:\/\/buletin.de\/bucuresti\/wp-json\/wp\/v2\/posts"}],"about":[{"href":"https:\/\/buletin.de\/bucuresti\/wp-json\/wp\/v2\/types\/post"}],"author":[{"embeddable":true,"href":"https:\/\/buletin.de\/bucuresti\/wp-json\/wp\/v2\/users\/8"}],"replies":[{"embeddable":true,"href":"https:\/\/buletin.de\/bucuresti\/wp-json\/wp\/v2\/comments?post=117957"}],"version-history":[{"count":1,"href":"https:\/\/buletin.de\/bucuresti\/wp-json\/wp\/v2\/posts\/117957\/revisions"}],"predecessor-version":[{"id":117961,"href":"https:\/\/buletin.de\/bucuresti\/wp-json\/wp\/v2\/posts\/117957\/revisions\/117961"}],"wp:featuredmedia":[{"embeddable":true,"href":"https:\/\/buletin.de\/bucuresti\/wp-json\/wp\/v2\/media\/117960"}],"wp:attachment":[{"href":"https:\/\/buletin.de\/bucuresti\/wp-json\/wp\/v2\/media?parent=117957"}],"wp:term":[{"taxonomy":"category","embeddable":true,"href":"https:\/\/buletin.de\/bucuresti\/wp-json\/wp\/v2\/categories?post=117957"},{"taxonomy":"post_tag","embeddable":true,"href":"https:\/\/buletin.de\/bucuresti\/wp-json\/wp\/v2\/tags?post=117957"},{"taxonomy":"author","embeddable":true,"href":"https:\/\/buletin.de\/bucuresti\/wp-json\/wp\/v2\/ppma_author?post=117957"}],"curies":[{"name":"wp","href":"https:\/\/api.w.org\/{rel}","templated":true}]}}