{"id":117876,"date":"2025-02-11T08:31:01","date_gmt":"2025-02-11T05:31:01","guid":{"rendered":"https:\/\/buletin.de\/bucuresti\/?p=117876"},"modified":"2025-02-11T10:15:59","modified_gmt":"2025-02-11T07:15:59","slug":"misterul-decesului-unui-baiat-de-17-ani-aflat-in-grija-dgaspc-sector-1","status":"publish","type":"post","link":"https:\/\/buletin.de\/bucuresti\/misterul-decesului-unui-baiat-de-17-ani-aflat-in-grija-dgaspc-sector-1\/","title":{"rendered":"Misterul decesului unui b\u0103iat de 17 ani aflat \u00een grija DGASPC Sector 1"},"content":{"rendered":"\n<p><strong>Un b\u0103iat de 17 ani care era \u00eengrijit \u00een sistemul institu\u0163ionalizat din Sectorul 1, mai exact la centrul Buburuza din subordinea DGASPC, a murit pe 23 ianuarie. Prim\u0103ria Sectorului 1 a venit cu preciz\u0103ri referitoare la misterul decesului abia \u00een urma specula\u021biilor controversate ap\u0103rute \u00een spa\u021biul public. <\/strong><\/p>\n\n\n\n<p>Potrivit institu\u021biei, t\u00e2n\u0103rul <strong>\u0219i-a pierdut cuno\u0219tin\u021ba \u00een data de 20 ianuarie<\/strong>, \u00een timp ce se \u00eentorcea la Centrul Buburuza, dup\u0103 ce participase la activit\u0103\u021bi de socializare la Centrul Sf\u00e2nta Ecaterina.<\/p>\n\n\n\n<p>La fa\u021ba locului a intervenit un echipaj SMURD aflat \u00een proximitate, care i-a acordat primul ajutor p\u00e2n\u0103 la sosirea ambulan\u021bei solicitate prin 112.<\/p>\n\n\n\n<p>Adolescentul a fost transportat \u00een stop cardio-respirator la Spitalul Clinic de Urgen\u021b\u0103 \u201eGrigore Alexandrescu\u201d. \u00cen Unitatea de Primiri Urgen\u021be (UPU) a mai suferit \u00eenc\u0103 un stop cardio-respirator, urmat de un altul, \u00een momentul transferului pe Sec\u021bia de Anestezie \u0219i Terapie Intensiv\u0103 (ATI).<\/p>\n\n\n\n<p>\u00cen ciuda eforturilor depuse de medici, <strong>decesul s-a produs \u00een data de 23 ianuarie 2025<\/strong>. Conform certificatului medico-legal emis de INML, cauza direct\u0103 a decesului a fost insuficien\u021b\u0103 cardio-respiratorie acut\u0103, se arat\u0103 \u00een <a href=\"https:\/\/www.dgaspc-sectorul1.ro\/comunicat-de-presa-2\/\">comunicatul institu\u021biei conduse de George Tu\u021b\u0103<\/a>.<\/p>\n\n\n\n<p>DGASPC Sector 1 a urmat pa\u0219ii legali de raportare c\u0103tre Autoritatea Na\u021bional\u0103 pentru Protec\u021bia Drepturilor Copilului \u0219i Adop\u021bie \u00een data de 20 ianuarie, precum \u0219i c\u0103tre Consiliul de Monitorizare \u00een data de 23 ianuarie,&nbsp;adaug\u0103 prim\u0103ria.<\/p>\n\n\n\n<h2 class=\"wp-block-heading\" id=\"h-misterul-decesului-surse-judiciare-tanarul-avea-pneumonie\">Misterul decesului. Surse judiciare: T\u00e2n\u0103rul avea pneumonie<\/h2>\n\n\n\n<p>Preciz\u0103rile autorit\u0103\u021bii locale vin dup\u0103 ce voci din spa\u021biul public au lansat acuza\u021bii de mu\u0219amalizare la adresa Prim\u0103riei Sectorului 1 \u0219i au pus la \u00eendoial\u0103 cauza decesului, \u00een cauz\u0103 fiind \u00eentocmit \u0219i un dosar penal.<\/p>\n\n\n\n<p>Reporterii Buletin de Bucure\u0219ti au \u00eencercat \u00een repetate r\u00e2nduri s\u0103 ia leg\u0103tura cu edilul George Tu\u021b\u0103 sau cu \u0219efii DGASPC Sector 1, Vasile Mo\u021boc \u0219i Mariana \u021a\u00e2\u021ban, \u00eens\u0103 f\u0103r\u0103 rezultat.<\/p>\n\n\n\n<p>Surse judiciare au transmis pentru Buletin de Bucure\u0219ti c\u0103 <strong>t\u00e2n\u0103rul avea pneumonie, boal\u0103 care i-a cauzat \u0219i stopul cardio-respirator<\/strong>.<\/p>\n\n\n\n<p>Ulterior, informa\u021bia a fost confirmat\u0103 de Parchetul de pe L\u00e2ng\u0103 Tribunalul Bucure\u0219ti (PTB) printr-un comunicat de pres\u0103:<\/p>\n\n\n\n<p><em>\u201eLa data de 28.01.2025 a fost efectuat\u0103 autopsia medico-legal\u0103, iar conform<br>concluziilor preliminare emise de Institutul Na\u021bional de Medicin\u0103 Legal\u0103 \u201eMina<br>Minovici\u201d Bucure\u0219ti,<strong> moartea minorului a fost neviolent\u0103<\/strong>, cauzat\u0103 de insuficien\u021ba<br>cardio-respiratorie acut\u0103, consecin\u021ba unei bronhopneumonii, consecutive unui stop<br>cardio-respirator resuscitat. <\/em><\/p>\n\n\n\n<p><em><strong>Medicii legi\u0219ti nu au identificat nicio leziune traumatic\u0103 aflat\u0103 \u00een leg\u0103tur\u0103 de cauzalitate cu decesul.<\/strong>\u201d<\/em><\/p>\n\n\n\n<p>Cercet\u0103rile sunt continuate de PTB \u0219i Serviciul Omoruri, urm\u00e2nd a fi audiate persoanele care au interac\u021bionat cu minorul \u00een ziua de 20 ianuarie.<\/p>\n\n\n\n<p><strong>CITE\u0218TE \u0218I: <a href=\"https:\/\/buletin.de\/bucuresti\/termoenergetica-amendata-cu-124-000-de-euro-de-anpc-ul-condus-de-cristian-popescu-piedone\/\">Termoenergetica, amendat\u0103 cu 124.000 de euro de ANPC-ul condus de Cristian Popescu Piedone<\/a><\/strong><\/p>\n\n\n\n<p><\/p>\n","protected":false},"excerpt":{"rendered":"<p>Un b\u0103iat de 17 ani care era \u00eengrijit \u00een sistemul institu\u0163ionalizat din Sectorul 1, mai exact la centrul Buburuza din subordinea DGASPC, a murit pe 23 ianuarie. Prim\u0103ria Sectorului 1 a venit cu preciz\u0103ri referitoare la misterul decesului abia \u00een urma specula\u021biilor controversate ap\u0103rute \u00een spa\u021biul public. Potrivit institu\u021biei, t\u00e2n\u0103rul \u0219i-a pierdut cuno\u0219tin\u021ba \u00een data [&hellip;]<\/p>\n","protected":false},"author":55,"featured_media":117933,"comment_status":"closed","ping_status":"open","sticky":false,"template":"","format":"standard","meta":{"_acf_changed":false,"inline_featured_image":false,"ngg_post_thumbnail":0,"footnotes":""},"categories":[6994,9026,62],"tags":[19064,19062,19063,19065,6165,309],"ppma_author":[22573],"class_list":["post-117876","post","type-post","status-publish","format-standard","has-post-thumbnail","hentry","category-stiri-2","category-eveniment","category-stiri","tag-acuzatii-de-musamalizare","tag-centrul-buburuza","tag-copii-institutionalizati","tag-deces-tanar-institutionalizat","tag-dgaspc-sector-1","tag-primaria-sector-1"],"acf":[],"yoast_head":"<!-- This site is optimized with the Yoast SEO Premium plugin v25.3 (Yoast SEO v27.4) - https:\/\/yoast.com\/product\/yoast-seo-premium-wordpress\/ -->\n<title>Misterul decesului unui b\u0103iat de 17 ani aflat \u00een grija DGASPC Sector 1 - Buletin de Bucure\u0219ti<\/title>\n<meta name=\"description\" content=\"Prim\u0103ria Sectorului 1 a venit cu preciz\u0103ri refereritoare la misterul decesului b\u0103iatului de 17 ani din Centrul Buburuza.\" \/>\n<meta name=\"robots\" content=\"index, follow, max-snippet:-1, max-image-preview:large, max-video-preview:-1\" \/>\n<link rel=\"canonical\" href=\"https:\/\/buletin.de\/bucuresti\/misterul-decesului-unui-baiat-de-17-ani-aflat-in-grija-dgaspc-sector-1\/\" \/>\n<meta property=\"og:locale\" content=\"en_GB\" \/>\n<meta property=\"og:type\" content=\"article\" \/>\n<meta property=\"og:title\" content=\"Misterul decesului unui b\u0103iat de 17 ani aflat \u00een grija DGASPC Sector 1\" \/>\n<meta property=\"og:description\" content=\"Prim\u0103ria Sectorului 1 a venit cu preciz\u0103ri refereritoare la misterul decesului b\u0103iatului de 17 ani din Centrul Buburuza.\" \/>\n<meta property=\"og:url\" content=\"https:\/\/buletin.de\/bucuresti\/misterul-decesului-unui-baiat-de-17-ani-aflat-in-grija-dgaspc-sector-1\/\" \/>\n<meta property=\"og:site_name\" content=\"Buletin de Bucure\u0219ti\" \/>\n<meta property=\"article:publisher\" content=\"https:\/\/www.facebook.com\/buletin.de.buc\" \/>\n<meta property=\"article:published_time\" content=\"2025-02-11T05:31:01+00:00\" \/>\n<meta property=\"article:modified_time\" content=\"2025-02-11T07:15:59+00:00\" \/>\n<meta property=\"og:image\" content=\"https:\/\/buletin.de\/bucuresti\/wp-content\/uploads\/nmzdj2zu36m.jpg\" \/>\n\t<meta property=\"og:image:width\" content=\"1600\" \/>\n\t<meta property=\"og:image:height\" content=\"1092\" \/>\n\t<meta property=\"og:image:type\" content=\"image\/jpeg\" \/>\n<meta name=\"author\" content=\"Andreea Tudor\" \/>\n<meta name=\"twitter:card\" content=\"summary_large_image\" \/>\n<meta name=\"twitter:label1\" content=\"Written by\" \/>\n\t<meta name=\"twitter:data1\" content=\"Andreea Tudor\" \/>\n\t<meta name=\"twitter:label2\" content=\"Estimated reading time\" \/>\n\t<meta name=\"twitter:data2\" content=\"3 minutes\" \/>\n<script type=\"application\/ld+json\" class=\"yoast-schema-graph\">{\"@context\":\"https:\\\/\\\/schema.org\",\"@graph\":[{\"@type\":\"Article\",\"@id\":\"https:\\\/\\\/buletin.de\\\/bucuresti\\\/misterul-decesului-unui-baiat-de-17-ani-aflat-in-grija-dgaspc-sector-1\\\/#article\",\"isPartOf\":{\"@id\":\"https:\\\/\\\/buletin.de\\\/bucuresti\\\/misterul-decesului-unui-baiat-de-17-ani-aflat-in-grija-dgaspc-sector-1\\\/\"},\"author\":{\"name\":\"Andreea Tudor\",\"@id\":\"https:\\\/\\\/buletin.de\\\/bucuresti\\\/#\\\/schema\\\/person\\\/150590659efde715459d159da012f501\"},\"headline\":\"Misterul decesului unui b\u0103iat de 17 ani aflat \u00een grija DGASPC Sector 1\",\"datePublished\":\"2025-02-11T05:31:01+00:00\",\"dateModified\":\"2025-02-11T07:15:59+00:00\",\"mainEntityOfPage\":{\"@id\":\"https:\\\/\\\/buletin.de\\\/bucuresti\\\/misterul-decesului-unui-baiat-de-17-ani-aflat-in-grija-dgaspc-sector-1\\\/\"},\"wordCount\":468,\"publisher\":{\"@id\":\"https:\\\/\\\/buletin.de\\\/bucuresti\\\/#organization\"},\"image\":{\"@id\":\"https:\\\/\\\/buletin.de\\\/bucuresti\\\/misterul-decesului-unui-baiat-de-17-ani-aflat-in-grija-dgaspc-sector-1\\\/#primaryimage\"},\"thumbnailUrl\":\"https:\\\/\\\/buletin.de\\\/bucuresti\\\/wp-content\\\/uploads\\\/nmzdj2zu36m.jpg\",\"keywords\":[\"acuzatii de musamalizare\",\"centrul buburuza\",\"copii institutionalizati\",\"deces tanar institutionalizat\",\"dgaspc sector 1\",\"primaria sector 1\"],\"articleSection\":[\"Articole\",\"Eveniment\",\"\u0218tiri\"],\"inLanguage\":\"en-GB\",\"copyrightYear\":\"2025\",\"copyrightHolder\":{\"@id\":\"https:\\\/\\\/buletin.de\\\/bucuresti\\\/#organization\"}},{\"@type\":\"WebPage\",\"@id\":\"https:\\\/\\\/buletin.de\\\/bucuresti\\\/misterul-decesului-unui-baiat-de-17-ani-aflat-in-grija-dgaspc-sector-1\\\/\",\"url\":\"https:\\\/\\\/buletin.de\\\/bucuresti\\\/misterul-decesului-unui-baiat-de-17-ani-aflat-in-grija-dgaspc-sector-1\\\/\",\"name\":\"Misterul decesului unui b\u0103iat de 17 ani aflat \u00een grija DGASPC Sector 1 - Buletin de Bucure\u0219ti\",\"isPartOf\":{\"@id\":\"https:\\\/\\\/buletin.de\\\/bucuresti\\\/#website\"},\"primaryImageOfPage\":{\"@id\":\"https:\\\/\\\/buletin.de\\\/bucuresti\\\/misterul-decesului-unui-baiat-de-17-ani-aflat-in-grija-dgaspc-sector-1\\\/#primaryimage\"},\"image\":{\"@id\":\"https:\\\/\\\/buletin.de\\\/bucuresti\\\/misterul-decesului-unui-baiat-de-17-ani-aflat-in-grija-dgaspc-sector-1\\\/#primaryimage\"},\"thumbnailUrl\":\"https:\\\/\\\/buletin.de\\\/bucuresti\\\/wp-content\\\/uploads\\\/nmzdj2zu36m.jpg\",\"datePublished\":\"2025-02-11T05:31:01+00:00\",\"dateModified\":\"2025-02-11T07:15:59+00:00\",\"description\":\"Prim\u0103ria Sectorului 1 a venit cu preciz\u0103ri refereritoare la misterul decesului b\u0103iatului de 17 ani din Centrul Buburuza.\",\"breadcrumb\":{\"@id\":\"https:\\\/\\\/buletin.de\\\/bucuresti\\\/misterul-decesului-unui-baiat-de-17-ani-aflat-in-grija-dgaspc-sector-1\\\/#breadcrumb\"},\"inLanguage\":\"en-GB\",\"potentialAction\":[{\"@type\":\"ReadAction\",\"target\":[\"https:\\\/\\\/buletin.de\\\/bucuresti\\\/misterul-decesului-unui-baiat-de-17-ani-aflat-in-grija-dgaspc-sector-1\\\/\"]}]},{\"@type\":\"ImageObject\",\"inLanguage\":\"en-GB\",\"@id\":\"https:\\\/\\\/buletin.de\\\/bucuresti\\\/misterul-decesului-unui-baiat-de-17-ani-aflat-in-grija-dgaspc-sector-1\\\/#primaryimage\",\"url\":\"https:\\\/\\\/buletin.de\\\/bucuresti\\\/wp-content\\\/uploads\\\/nmzdj2zu36m.jpg\",\"contentUrl\":\"https:\\\/\\\/buletin.de\\\/bucuresti\\\/wp-content\\\/uploads\\\/nmzdj2zu36m.jpg\",\"width\":1600,\"height\":1092,\"caption\":\"Misterul mor\u0163ii unui b\u0103iat de 17 ani. FOTO: unsplash.com\"},{\"@type\":\"BreadcrumbList\",\"@id\":\"https:\\\/\\\/buletin.de\\\/bucuresti\\\/misterul-decesului-unui-baiat-de-17-ani-aflat-in-grija-dgaspc-sector-1\\\/#breadcrumb\",\"itemListElement\":[{\"@type\":\"ListItem\",\"position\":1,\"name\":\"Acas\u0103\",\"item\":\"https:\\\/\\\/buletin.de\\\/bucuresti\\\/\"},{\"@type\":\"ListItem\",\"position\":2,\"name\":\"Misterul decesului unui b\u0103iat de 17 ani aflat \u00een grija DGASPC Sector 1\"}]},{\"@type\":\"WebSite\",\"@id\":\"https:\\\/\\\/buletin.de\\\/bucuresti\\\/#website\",\"url\":\"https:\\\/\\\/buletin.de\\\/bucuresti\\\/\",\"name\":\"Buletin de Bucure\u0219ti\",\"description\":\"\u0218tiri \u0219i investiga\u021bii esen\u021biale din capital\u0103\",\"publisher\":{\"@id\":\"https:\\\/\\\/buletin.de\\\/bucuresti\\\/#organization\"},\"potentialAction\":[{\"@type\":\"SearchAction\",\"target\":{\"@type\":\"EntryPoint\",\"urlTemplate\":\"https:\\\/\\\/buletin.de\\\/bucuresti\\\/?s={search_term_string}\"},\"query-input\":{\"@type\":\"PropertyValueSpecification\",\"valueRequired\":true,\"valueName\":\"search_term_string\"}}],\"inLanguage\":\"en-GB\"},{\"@type\":\"Organization\",\"@id\":\"https:\\\/\\\/buletin.de\\\/bucuresti\\\/#organization\",\"name\":\"Buletin de Bucure\u0219ti\",\"url\":\"https:\\\/\\\/buletin.de\\\/bucuresti\\\/\",\"logo\":{\"@type\":\"ImageObject\",\"inLanguage\":\"en-GB\",\"@id\":\"https:\\\/\\\/buletin.de\\\/bucuresti\\\/#\\\/schema\\\/logo\\\/image\\\/\",\"url\":\"https:\\\/\\\/buletin.de\\\/bucuresti\\\/wp-content\\\/uploads\\\/logo-bdb-full-wide-vernil-transparent.png\",\"contentUrl\":\"https:\\\/\\\/buletin.de\\\/bucuresti\\\/wp-content\\\/uploads\\\/logo-bdb-full-wide-vernil-transparent.png\",\"width\":1782,\"height\":626,\"caption\":\"Buletin de Bucure\u0219ti\"},\"image\":{\"@id\":\"https:\\\/\\\/buletin.de\\\/bucuresti\\\/#\\\/schema\\\/logo\\\/image\\\/\"},\"sameAs\":[\"https:\\\/\\\/www.facebook.com\\\/buletin.de.buc\",\"https:\\\/\\\/www.instagram.com\\\/buletinde.bucuresti\\\/\"]},{\"@type\":\"Person\",\"@id\":\"https:\\\/\\\/buletin.de\\\/bucuresti\\\/#\\\/schema\\\/person\\\/150590659efde715459d159da012f501\",\"name\":\"Andreea Tudor\",\"image\":{\"@type\":\"ImageObject\",\"inLanguage\":\"en-GB\",\"@id\":\"https:\\\/\\\/secure.gravatar.com\\\/avatar\\\/a88705a186ab0b67f3349bcbced506c09e37256fbaad0e7f3bd1a79b4599f589?s=96&d=monsterid&r=g79290610aa1a65c2b86eebc2ca5aee8f\",\"url\":\"https:\\\/\\\/secure.gravatar.com\\\/avatar\\\/a88705a186ab0b67f3349bcbced506c09e37256fbaad0e7f3bd1a79b4599f589?s=96&d=monsterid&r=g\",\"contentUrl\":\"https:\\\/\\\/secure.gravatar.com\\\/avatar\\\/a88705a186ab0b67f3349bcbced506c09e37256fbaad0e7f3bd1a79b4599f589?s=96&d=monsterid&r=g\",\"caption\":\"Andreea Tudor\"},\"description\":\"N\u0103scut\u0103 \u0219i crescut\u0103 \u00een Bucure\u0219ti, sus\u021bin\u0103toare a presei independente. A\u0219a am ajuns redactor la Buletin de Bucure\u0219ti. Fiind eu, \u00eens\u0103mi, parte a sistemului de \u00eenv\u0103\u021b\u0103m\u00e2nt rom\u00e2nesc \u0219i pasionat\u0103 de domeniul social, pun sub lup\u0103 tot ceea ce se \u00eent\u00e2mpl\u0103 \u00een sfera educa\u021biei. Cred cu t\u0103rie c\u0103 presa \u201epentru cet\u0103\u021beni\u201d este presa independent\u0103. Oamenii au nevoie de o informare corect\u0103 pentru a \u00een\u021belege pe deplin ce se \u00eent\u00e2mpl\u0103 \u00een jurul lor \u0219i pentru a lua ac\u021biune \u00eempotriva nedrept\u0103\u021bilor.\",\"url\":\"https:\\\/\\\/buletin.de\\\/bucuresti\\\/author\\\/andreeatudor\\\/\"}]}<\/script>\n<!-- \/ Yoast SEO Premium plugin. -->","yoast_head_json":{"title":"Misterul decesului unui b\u0103iat de 17 ani aflat \u00een grija DGASPC Sector 1 - Buletin de Bucure\u0219ti","description":"Prim\u0103ria Sectorului 1 a venit cu preciz\u0103ri refereritoare la misterul decesului b\u0103iatului de 17 ani din Centrul Buburuza.","robots":{"index":"index","follow":"follow","max-snippet":"max-snippet:-1","max-image-preview":"max-image-preview:large","max-video-preview":"max-video-preview:-1"},"canonical":"https:\/\/buletin.de\/bucuresti\/misterul-decesului-unui-baiat-de-17-ani-aflat-in-grija-dgaspc-sector-1\/","og_locale":"en_GB","og_type":"article","og_title":"Misterul decesului unui b\u0103iat de 17 ani aflat \u00een grija DGASPC Sector 1","og_description":"Prim\u0103ria Sectorului 1 a venit cu preciz\u0103ri refereritoare la misterul decesului b\u0103iatului de 17 ani din Centrul Buburuza.","og_url":"https:\/\/buletin.de\/bucuresti\/misterul-decesului-unui-baiat-de-17-ani-aflat-in-grija-dgaspc-sector-1\/","og_site_name":"Buletin de Bucure\u0219ti","article_publisher":"https:\/\/www.facebook.com\/buletin.de.buc","article_published_time":"2025-02-11T05:31:01+00:00","article_modified_time":"2025-02-11T07:15:59+00:00","og_image":[{"width":1600,"height":1092,"url":"https:\/\/buletin.de\/bucuresti\/wp-content\/uploads\/nmzdj2zu36m.jpg","type":"image\/jpeg"}],"author":"Andreea Tudor","twitter_card":"summary_large_image","twitter_misc":{"Written by":"Andreea Tudor","Estimated reading time":"3 minutes"},"schema":{"@context":"https:\/\/schema.org","@graph":[{"@type":"Article","@id":"https:\/\/buletin.de\/bucuresti\/misterul-decesului-unui-baiat-de-17-ani-aflat-in-grija-dgaspc-sector-1\/#article","isPartOf":{"@id":"https:\/\/buletin.de\/bucuresti\/misterul-decesului-unui-baiat-de-17-ani-aflat-in-grija-dgaspc-sector-1\/"},"author":{"name":"Andreea Tudor","@id":"https:\/\/buletin.de\/bucuresti\/#\/schema\/person\/150590659efde715459d159da012f501"},"headline":"Misterul decesului unui b\u0103iat de 17 ani aflat \u00een grija DGASPC Sector 1","datePublished":"2025-02-11T05:31:01+00:00","dateModified":"2025-02-11T07:15:59+00:00","mainEntityOfPage":{"@id":"https:\/\/buletin.de\/bucuresti\/misterul-decesului-unui-baiat-de-17-ani-aflat-in-grija-dgaspc-sector-1\/"},"wordCount":468,"publisher":{"@id":"https:\/\/buletin.de\/bucuresti\/#organization"},"image":{"@id":"https:\/\/buletin.de\/bucuresti\/misterul-decesului-unui-baiat-de-17-ani-aflat-in-grija-dgaspc-sector-1\/#primaryimage"},"thumbnailUrl":"https:\/\/buletin.de\/bucuresti\/wp-content\/uploads\/nmzdj2zu36m.jpg","keywords":["acuzatii de musamalizare","centrul buburuza","copii institutionalizati","deces tanar institutionalizat","dgaspc sector 1","primaria sector 1"],"articleSection":["Articole","Eveniment","\u0218tiri"],"inLanguage":"en-GB","copyrightYear":"2025","copyrightHolder":{"@id":"https:\/\/buletin.de\/bucuresti\/#organization"}},{"@type":"WebPage","@id":"https:\/\/buletin.de\/bucuresti\/misterul-decesului-unui-baiat-de-17-ani-aflat-in-grija-dgaspc-sector-1\/","url":"https:\/\/buletin.de\/bucuresti\/misterul-decesului-unui-baiat-de-17-ani-aflat-in-grija-dgaspc-sector-1\/","name":"Misterul decesului unui b\u0103iat de 17 ani aflat \u00een grija DGASPC Sector 1 - Buletin de Bucure\u0219ti","isPartOf":{"@id":"https:\/\/buletin.de\/bucuresti\/#website"},"primaryImageOfPage":{"@id":"https:\/\/buletin.de\/bucuresti\/misterul-decesului-unui-baiat-de-17-ani-aflat-in-grija-dgaspc-sector-1\/#primaryimage"},"image":{"@id":"https:\/\/buletin.de\/bucuresti\/misterul-decesului-unui-baiat-de-17-ani-aflat-in-grija-dgaspc-sector-1\/#primaryimage"},"thumbnailUrl":"https:\/\/buletin.de\/bucuresti\/wp-content\/uploads\/nmzdj2zu36m.jpg","datePublished":"2025-02-11T05:31:01+00:00","dateModified":"2025-02-11T07:15:59+00:00","description":"Prim\u0103ria Sectorului 1 a venit cu preciz\u0103ri refereritoare la misterul decesului b\u0103iatului de 17 ani din Centrul Buburuza.","breadcrumb":{"@id":"https:\/\/buletin.de\/bucuresti\/misterul-decesului-unui-baiat-de-17-ani-aflat-in-grija-dgaspc-sector-1\/#breadcrumb"},"inLanguage":"en-GB","potentialAction":[{"@type":"ReadAction","target":["https:\/\/buletin.de\/bucuresti\/misterul-decesului-unui-baiat-de-17-ani-aflat-in-grija-dgaspc-sector-1\/"]}]},{"@type":"ImageObject","inLanguage":"en-GB","@id":"https:\/\/buletin.de\/bucuresti\/misterul-decesului-unui-baiat-de-17-ani-aflat-in-grija-dgaspc-sector-1\/#primaryimage","url":"https:\/\/buletin.de\/bucuresti\/wp-content\/uploads\/nmzdj2zu36m.jpg","contentUrl":"https:\/\/buletin.de\/bucuresti\/wp-content\/uploads\/nmzdj2zu36m.jpg","width":1600,"height":1092,"caption":"Misterul mor\u0163ii unui b\u0103iat de 17 ani. FOTO: unsplash.com"},{"@type":"BreadcrumbList","@id":"https:\/\/buletin.de\/bucuresti\/misterul-decesului-unui-baiat-de-17-ani-aflat-in-grija-dgaspc-sector-1\/#breadcrumb","itemListElement":[{"@type":"ListItem","position":1,"name":"Acas\u0103","item":"https:\/\/buletin.de\/bucuresti\/"},{"@type":"ListItem","position":2,"name":"Misterul decesului unui b\u0103iat de 17 ani aflat \u00een grija DGASPC Sector 1"}]},{"@type":"WebSite","@id":"https:\/\/buletin.de\/bucuresti\/#website","url":"https:\/\/buletin.de\/bucuresti\/","name":"Buletin de Bucure\u0219ti","description":"\u0218tiri \u0219i investiga\u021bii esen\u021biale din capital\u0103","publisher":{"@id":"https:\/\/buletin.de\/bucuresti\/#organization"},"potentialAction":[{"@type":"SearchAction","target":{"@type":"EntryPoint","urlTemplate":"https:\/\/buletin.de\/bucuresti\/?s={search_term_string}"},"query-input":{"@type":"PropertyValueSpecification","valueRequired":true,"valueName":"search_term_string"}}],"inLanguage":"en-GB"},{"@type":"Organization","@id":"https:\/\/buletin.de\/bucuresti\/#organization","name":"Buletin de Bucure\u0219ti","url":"https:\/\/buletin.de\/bucuresti\/","logo":{"@type":"ImageObject","inLanguage":"en-GB","@id":"https:\/\/buletin.de\/bucuresti\/#\/schema\/logo\/image\/","url":"https:\/\/buletin.de\/bucuresti\/wp-content\/uploads\/logo-bdb-full-wide-vernil-transparent.png","contentUrl":"https:\/\/buletin.de\/bucuresti\/wp-content\/uploads\/logo-bdb-full-wide-vernil-transparent.png","width":1782,"height":626,"caption":"Buletin de Bucure\u0219ti"},"image":{"@id":"https:\/\/buletin.de\/bucuresti\/#\/schema\/logo\/image\/"},"sameAs":["https:\/\/www.facebook.com\/buletin.de.buc","https:\/\/www.instagram.com\/buletinde.bucuresti\/"]},{"@type":"Person","@id":"https:\/\/buletin.de\/bucuresti\/#\/schema\/person\/150590659efde715459d159da012f501","name":"Andreea Tudor","image":{"@type":"ImageObject","inLanguage":"en-GB","@id":"https:\/\/secure.gravatar.com\/avatar\/a88705a186ab0b67f3349bcbced506c09e37256fbaad0e7f3bd1a79b4599f589?s=96&d=monsterid&r=g79290610aa1a65c2b86eebc2ca5aee8f","url":"https:\/\/secure.gravatar.com\/avatar\/a88705a186ab0b67f3349bcbced506c09e37256fbaad0e7f3bd1a79b4599f589?s=96&d=monsterid&r=g","contentUrl":"https:\/\/secure.gravatar.com\/avatar\/a88705a186ab0b67f3349bcbced506c09e37256fbaad0e7f3bd1a79b4599f589?s=96&d=monsterid&r=g","caption":"Andreea Tudor"},"description":"N\u0103scut\u0103 \u0219i crescut\u0103 \u00een Bucure\u0219ti, sus\u021bin\u0103toare a presei independente. A\u0219a am ajuns redactor la Buletin de Bucure\u0219ti. Fiind eu, \u00eens\u0103mi, parte a sistemului de \u00eenv\u0103\u021b\u0103m\u00e2nt rom\u00e2nesc \u0219i pasionat\u0103 de domeniul social, pun sub lup\u0103 tot ceea ce se \u00eent\u00e2mpl\u0103 \u00een sfera educa\u021biei. Cred cu t\u0103rie c\u0103 presa \u201epentru cet\u0103\u021beni\u201d este presa independent\u0103. Oamenii au nevoie de o informare corect\u0103 pentru a \u00een\u021belege pe deplin ce se \u00eent\u00e2mpl\u0103 \u00een jurul lor \u0219i pentru a lua ac\u021biune \u00eempotriva nedrept\u0103\u021bilor.","url":"https:\/\/buletin.de\/bucuresti\/author\/andreeatudor\/"}]}},"authors":[{"term_id":22573,"user_id":55,"is_guest":0,"slug":"andreeatudor","display_name":"Andreea Tudor","avatar_url":"https:\/\/secure.gravatar.com\/avatar\/a88705a186ab0b67f3349bcbced506c09e37256fbaad0e7f3bd1a79b4599f589?s=96&d=monsterid&r=g","0":null,"1":"","2":"","3":"","4":"","5":"","6":"","7":"","8":""}],"_links":{"self":[{"href":"https:\/\/buletin.de\/bucuresti\/wp-json\/wp\/v2\/posts\/117876","targetHints":{"allow":["GET"]}}],"collection":[{"href":"https:\/\/buletin.de\/bucuresti\/wp-json\/wp\/v2\/posts"}],"about":[{"href":"https:\/\/buletin.de\/bucuresti\/wp-json\/wp\/v2\/types\/post"}],"author":[{"embeddable":true,"href":"https:\/\/buletin.de\/bucuresti\/wp-json\/wp\/v2\/users\/55"}],"replies":[{"embeddable":true,"href":"https:\/\/buletin.de\/bucuresti\/wp-json\/wp\/v2\/comments?post=117876"}],"version-history":[{"count":8,"href":"https:\/\/buletin.de\/bucuresti\/wp-json\/wp\/v2\/posts\/117876\/revisions"}],"predecessor-version":[{"id":117952,"href":"https:\/\/buletin.de\/bucuresti\/wp-json\/wp\/v2\/posts\/117876\/revisions\/117952"}],"wp:featuredmedia":[{"embeddable":true,"href":"https:\/\/buletin.de\/bucuresti\/wp-json\/wp\/v2\/media\/117933"}],"wp:attachment":[{"href":"https:\/\/buletin.de\/bucuresti\/wp-json\/wp\/v2\/media?parent=117876"}],"wp:term":[{"taxonomy":"category","embeddable":true,"href":"https:\/\/buletin.de\/bucuresti\/wp-json\/wp\/v2\/categories?post=117876"},{"taxonomy":"post_tag","embeddable":true,"href":"https:\/\/buletin.de\/bucuresti\/wp-json\/wp\/v2\/tags?post=117876"},{"taxonomy":"author","embeddable":true,"href":"https:\/\/buletin.de\/bucuresti\/wp-json\/wp\/v2\/ppma_author?post=117876"}],"curies":[{"name":"wp","href":"https:\/\/api.w.org\/{rel}","templated":true}]}}