{"id":117870,"date":"2025-02-11T08:40:44","date_gmt":"2025-02-11T05:40:44","guid":{"rendered":"https:\/\/buletin.de\/bucuresti\/?p=117870"},"modified":"2025-02-12T09:15:37","modified_gmt":"2025-02-12T06:15:37","slug":"sindicalistii-de-la-metrorex","status":"publish","type":"post","link":"https:\/\/buletin.de\/bucuresti\/sindicalistii-de-la-metrorex\/","title":{"rendered":"Sindicali\u0219tii de la Metrorex, negocieri la Guvern, protest \u00een subteran. Circula\u0163ia trenurilor pe M2 e afectat\u0103 de concedii"},"content":{"rendered":"\n<p><strong>Sindicali\u0219tii de la Metrorex se \u00eent\u00e2lnesc, mar\u021bi, 11 februarie, la sediul Guvernului Rom\u00e2niei, cu reprezentan\u021bi guvernamentali, reprezentan\u021bi ai Ministerului de Finan\u021be, ai Ministerului Transporturilor \u0219i Infrastructurii \u0219i cu cei ai administra\u021biei. Discu\u021biile au loc \u00een contextul grevei de exces de zel declan\u0219ate de angaja\u021bii Metrorex.<\/strong><\/p>\n\n\n\n<h2 class=\"wp-block-heading\" id=\"h-update-noi-promisiuni-ale-guvernului-pentru-angaja\u021bii-de-la-metrou\">UPDATE: Noi promisiuni ale Guvernului pentru angaja\u021bii de la metrou<\/h2>\n\n\n\n<p><strong>Negocierile sindicali\u015ftilor Metrorex care au fost la Guvern au \u00eendep\u0103rtat teama de grev\u0103 general\u0103. Guvernan\u0163ii au termen&nbsp;<mark>p\u00e2n\u0103 luni<\/mark>&nbsp;s\u0103 caute o solu\u0163ie pentru m\u0103rirea de 1050 de lei, promis\u0103 prin Contractul Colectiv de Munc\u0103. M\u0103rirea fusese blocat\u0103 de prevederile ordonan\u0163ei \u201eTrenule\u0163\u201d.<\/strong><\/p>\n\n\n\n<p>\u00centrebat de reporterii Buletin de Bucure\u015fti ce se va \u00eent\u00e2mpla dac\u0103 aceast\u0103 solu\u0163ie nu va fi g\u0103sit\u0103, liderul de&nbsp;<a href=\"https:\/\/uslmetrou.ro\/\">sindicat<\/a>&nbsp;Metrorex, Marian Artimon, a spus c\u0103 deciden\u0163ii vor trebui s\u0103 \u00ee\u015fi asume consecin\u0163ele, f\u0103r\u0103 s\u0103 spun\u0103 explicit c\u0103 o consecin\u0163\u0103 ar fi chiar greva general\u0103.<\/p>\n\n\n\n<p>\u201eDac\u0103 se tot am\u00e2n\u0103, \u00een speran\u0163a c\u0103 o s\u0103 cad\u0103 Guvernul \u015fi c\u0103 n-o s\u0103 mai dea nimeni bani\u2026 s\u0103 \u00ee\u015fi asume r\u0103spunderea!\u201d<\/p>\n\n\n\n<p><strong>CITE\u0218TE MAI MULTE DECLARA\u021aII ALE LIDERULUI DE SINDICAT: <a href=\"https:\/\/buletin.de\/bucuresti\/progres-in-negocierile-sindicalistilor-metrorex-cu-guvernul-promisiuni-ca-se-cauta-o-solutie-pentru-marirea-de-1050-de-lei\/\">Progres \u00een negocierile sindicali\u015ftilor Metrorex cu Guvernul. Promisiuni c\u0103 \u201ese caut\u0103 o solu\u0163ie\u201d pentru m\u0103rirea de 1050 de lei<\/a><\/strong><\/p>\n\n\n\n<hr class=\"wp-block-separator has-alpha-channel-opacity\"\/>\n\n\n\n<p>Potrivit liderului USLM, Marian Artimon, \u00eent\u00e2lnirea va dura dou\u0103 ore. \u00cen cadrul acesteia, se va \u00eencerca g\u0103sirea unei solu\u021bii pentru ca angaja\u021bii de la Metrorex s\u0103 nu declan\u0219eze greva general\u0103.<\/p>\n\n\n\n<p><strong>Sindicali\u0219tii de la Metrorex au fost \u00een grev\u0103 japonez\u0103 \u015fi de ast\u0103zi, 11 februarie, sunt \u00een a\u015fa zisa grev\u0103 de exces de zel.<\/strong><\/p>\n\n\n\n<p>\u00cen paralel, continu\u0103 problemele pe magistrala M2, din cauza lipsei unor mecanici, care sunt \u00een concediu medical. Trenurile vin la intervale mai lungi, din acest motiv. Metrorex a dat un comunicat obscur, publicat numai pe site-ul companiei, prin care \u201e\u00ee\u015fi cere scuze\u201d pentru situa\u0163ie.<\/p>\n\n\n\n<p>\u201eMetrorex informeaz\u0103 publicul c\u0103l\u0103tor c\u0103 circula\u021bia trenurilor pe Magistrala 2 <strong>se men\u021bine la un interval de 6\u20137-minute \u00een orele cu v\u00e2rf de trafic<\/strong>, fa\u021b\u0103 de intervalul de 4 minute prev\u0103zut \u00een programul de circula\u021bie aprobat. Cauza acestei situa\u021bii o reprezint\u0103 continuarea absent\u0103rii din motive medicale a unui num\u0103r semnificativ de mecanici de tren autoriza\u021bi s\u0103 opereze pe aceast\u0103 magistral\u0103.<\/p>\n\n\n\n<p>\u00cen acest context, <strong>3 trenuri dintre cele 18 care opereaz\u0103 \u00een mod uzual pe aceast\u0103 magistral\u0103 r\u0103m\u00e2n anulate<\/strong>.<\/p>\n\n\n\n<p>Prezent\u0103m scuze publicului c\u0103l\u0103tor pentru disconfortul creat \u0219i v\u0103 mul\u021bumim pentru \u00een\u021belegere.\u201d<\/p>\n\n\n\n<p><a href=\"https:\/\/clubferoviar.ro\/mecanic-metrou-trenurile-vor-veni-marti-mai-rar-greva-e-ranga-lui-artimon-in-negocierea-cu-grindeanu\/\">Club Feroviar consider\u0103<\/a> c\u0103 lipsa mecanicilor este o form\u0103 de presiune pe care liderul sindicali\u015ftilor o face \u00een prag de negocieri.<\/p>\n\n\n\n<p><strong>CITE\u0218TE \u0218I:&nbsp;<a href=\"https:\/\/buletin.de\/bucuresti\/kelemen-hunor-despre-metrorex-este-sustinut-de-tataie-si-mamaie-din-tara-motilor-ca-sa-aiba-sindicatele-foarte-multi-bani\/\" target=\"_blank\" rel=\"noreferrer noopener\">Kelemen Hunor despre Metrorex: \u201eEste sus\u021binut de tataie \u0219i mamaie din \u021aara Mo\u021bilor, ca s\u0103 aib\u0103 sindicatele foarte mul\u021bi bani\u201d<\/a><\/strong><\/p>\n\n\n\n<h2 class=\"wp-block-heading\" id=\"h-ce-inseamna-greva-de-exces-de-zel-de-la-metrorex\">Ce \u00eenseamn\u0103 greva de exces de zel de la Metrorex<\/h2>\n\n\n\n<p>\u201e<em>Greva de exces de zel face parte din tipurile de greve propriu-zise.&nbsp;<strong>Grevele de exces de zel \u00eenseamn\u0103 c\u0103 e\u0219ti foarte atent la tot ce trebuie s\u0103 faci \u0219i dac\u0103 se respect\u0103 legisla\u021bia cu privire la munc\u0103 \u0219i la atribu\u021biile pe care le ai.<\/strong><\/em><\/p>\n\n\n\n<p><em>Dac\u0103 nu am dou\u0103 persoane cu care s\u0103 fac lucrarea, cum spune la Instruc\u021biune, nu fac lucrarea.&nbsp;<\/em><strong><em>Nu am responsabilit\u0103\u021bile cu trenul efectuate, nu ies cu trenul, chiar dac\u0103 m\u0103 roag\u0103 orice \u0219ef<\/em>.<\/strong><\/p>\n\n\n\n<p><em>O s\u0103 facem \u0219i o reclama\u021bie la ITM, pentru c\u0103, pe l\u00e2ng\u0103 faptul c\u0103 suntem pu\u021bini \u0219i muncim mult, ni se mai spune s\u0103 fim \u0219i mai pu\u021bini<\/em>\u201d, a declarat liderul&nbsp;<a href=\"https:\/\/uslmetrou.ro\/\">USML<\/a>, Marian Artimon, pentru Buletin de Bucure\u0219ti.<\/p>\n\n\n\n<p><strong>CITE\u0218TE \u0218I:&nbsp;<a href=\"https:\/\/buletin.de\/bucuresti\/greva-japoneza-la-metrorex-saptamana-viitoare-urmeaza-greva-de-exces-de-zel-care-ar-putea-duce-la-blocarea-m2-pipera-berceni-artimon-asta-inseamna-ca-vom-fi-atenti-la-tot-ce-trebuie-sa-fac\/\" target=\"_blank\" rel=\"noreferrer noopener\">Grev\u0103 japonez\u0103 la Metrorex. S\u0103pt\u0103m\u00e2na viitoare urmeaz\u0103 greva de exces de zel care ar putea duce la blocarea M2 Pipera-Berceni. Artimon: \u201eAsta \u00eenseamn\u0103 c\u0103 vom fi aten\u021bi la tot ce trebuie s\u0103 facem\u201d<\/a><\/strong><\/p>\n\n\n\n<p>Marian Artimon a vorbit despre un deficit de personal la nivel de companie, de peste 900 de angaja\u021bi, ar pune o presiune enorm\u0103 pe angaja\u021bii Metrorex, \u00een special pe cei de pe Magistrala 2. Acolo, func\u021bionarea se face cu personal redus, iar mul\u021bi mecanici ar fi ie\u0219it la pensie, f\u0103r\u0103 a fi \u00eenlocui\u021bi.<\/p>\n\n\n\n<p>Liderul de sindicat a subliniat c\u0103 dac\u0103 s-ar anula trei trenuri pe Magistrala 2, circula\u021bia ar fi complet dat\u0103 peste cap.<\/p>\n\n\n\n<p>Primul efect al grevei japoneze s-a v\u0103zut deja miercurea trecut\u0103, c\u00e2nd&nbsp;<strong>circula\u0163ia pe M2 s-a f\u0103cut cu trenuri mai pu\u0163ine la orele de v\u00e2rf.<\/strong><\/p>\n\n\n\n<p><strong>CITE\u0218TE \u0218I:&nbsp;<\/strong><a href=\"https:\/\/buletin.de\/bucuresti\/soferul-buldoexcavatorului-lovit-de-tren-nu-avea-permis-de-conducere\/\"><strong>\u015eoferul buldoexcavatorului lovit de tren nu avea permis de conducere<\/strong><\/a><\/p>\n\n\n\n<p><br><\/p>\n","protected":false},"excerpt":{"rendered":"<p>Sindicali\u0219tii de la Metrorex se \u00eent\u00e2lnesc, mar\u021bi, 11 februarie, la sediul Guvernului Rom\u00e2niei, cu reprezentan\u021bi guvernamentali, reprezentan\u021bi ai Ministerului de Finan\u021be, ai Ministerului Transporturilor \u0219i Infrastructurii \u0219i cu cei ai administra\u021biei. Discu\u021biile au loc \u00een contextul grevei de exces de zel declan\u0219ate de angaja\u021bii Metrorex. UPDATE: Noi promisiuni ale Guvernului pentru angaja\u021bii de la metrou [&hellip;]<\/p>\n","protected":false},"author":49,"featured_media":108739,"comment_status":"closed","ping_status":"open","sticky":false,"template":"","format":"standard","meta":{"_acf_changed":false,"inline_featured_image":false,"ngg_post_thumbnail":0,"footnotes":""},"categories":[6994,9026,5762,650],"tags":[19060,18867,377,1028],"ppma_author":[22574],"class_list":["post-117870","post","type-post","status-publish","format-standard","has-post-thumbnail","hentry","category-stiri-2","category-eveniment","category-main","category-transport","tag-greva-de-ecces-de-zel-la-metrorex","tag-greva-japoneza-2","tag-metrorex","tag-uslm"],"acf":[],"yoast_head":"<!-- This site is optimized with the Yoast SEO Premium plugin v25.3 (Yoast SEO v27.4) - https:\/\/yoast.com\/product\/yoast-seo-premium-wordpress\/ -->\n<title>Sindicali\u0219tii de la Metrorex, negocieri la Guvern, protest \u00een subteran. Circula\u0163ia trenurilor pe M2 e afectat\u0103 de concedii - Buletin de Bucure\u0219ti<\/title>\n<meta name=\"description\" content=\"Sindicali\u0219tii de la Metrorex se \u00eent\u00e2lnesc, mar\u021bi, 11 februarie, la sediul Guvernului Rom\u00e2niei, cu liderii Puterii, pentru negocieri\" \/>\n<meta name=\"robots\" content=\"index, follow, max-snippet:-1, max-image-preview:large, max-video-preview:-1\" \/>\n<link rel=\"canonical\" href=\"https:\/\/buletin.de\/bucuresti\/sindicalistii-de-la-metrorex\/\" \/>\n<meta property=\"og:locale\" content=\"en_GB\" \/>\n<meta property=\"og:type\" content=\"article\" \/>\n<meta property=\"og:title\" content=\"Sindicali\u0219tii de la Metrorex, negocieri la Guvern, protest \u00een subteran. Circula\u0163ia trenurilor pe M2 e afectat\u0103 de concedii\" \/>\n<meta property=\"og:description\" content=\"Sindicali\u0219tii de la Metrorex se \u00eent\u00e2lnesc, mar\u021bi, 11 februarie, la sediul Guvernului Rom\u00e2niei, cu liderii Puterii, pentru negocieri\" \/>\n<meta property=\"og:url\" content=\"https:\/\/buletin.de\/bucuresti\/sindicalistii-de-la-metrorex\/\" \/>\n<meta property=\"og:site_name\" content=\"Buletin de Bucure\u0219ti\" \/>\n<meta property=\"article:publisher\" content=\"https:\/\/www.facebook.com\/buletin.de.buc\" \/>\n<meta property=\"article:published_time\" content=\"2025-02-11T05:40:44+00:00\" \/>\n<meta property=\"article:modified_time\" content=\"2025-02-12T06:15:37+00:00\" \/>\n<meta property=\"og:image\" content=\"https:\/\/buletin.de\/bucuresti\/wp-content\/uploads\/metrorexgreva.jpg\" \/>\n\t<meta property=\"og:image:width\" content=\"1600\" \/>\n\t<meta property=\"og:image:height\" content=\"1200\" \/>\n\t<meta property=\"og:image:type\" content=\"image\/jpeg\" \/>\n<meta name=\"author\" content=\"Diana Matei\" \/>\n<meta name=\"twitter:card\" content=\"summary_large_image\" \/>\n<meta name=\"twitter:label1\" content=\"Written by\" \/>\n\t<meta name=\"twitter:data1\" content=\"Diana Matei\" \/>\n\t<meta name=\"twitter:label2\" content=\"Estimated reading time\" \/>\n\t<meta name=\"twitter:data2\" content=\"4 minutes\" \/>\n<script type=\"application\/ld+json\" class=\"yoast-schema-graph\">{\"@context\":\"https:\\\/\\\/schema.org\",\"@graph\":[{\"@type\":\"Article\",\"@id\":\"https:\\\/\\\/buletin.de\\\/bucuresti\\\/sindicalistii-de-la-metrorex\\\/#article\",\"isPartOf\":{\"@id\":\"https:\\\/\\\/buletin.de\\\/bucuresti\\\/sindicalistii-de-la-metrorex\\\/\"},\"author\":{\"name\":\"Diana Matei\",\"@id\":\"https:\\\/\\\/buletin.de\\\/bucuresti\\\/#\\\/schema\\\/person\\\/7e46040573290777280a0835d81ea4ea\"},\"headline\":\"Sindicali\u0219tii de la Metrorex, negocieri la Guvern, protest \u00een subteran. Circula\u0163ia trenurilor pe M2 e afectat\u0103 de concedii\",\"datePublished\":\"2025-02-11T05:40:44+00:00\",\"dateModified\":\"2025-02-12T06:15:37+00:00\",\"mainEntityOfPage\":{\"@id\":\"https:\\\/\\\/buletin.de\\\/bucuresti\\\/sindicalistii-de-la-metrorex\\\/\"},\"wordCount\":808,\"publisher\":{\"@id\":\"https:\\\/\\\/buletin.de\\\/bucuresti\\\/#organization\"},\"image\":{\"@id\":\"https:\\\/\\\/buletin.de\\\/bucuresti\\\/sindicalistii-de-la-metrorex\\\/#primaryimage\"},\"thumbnailUrl\":\"https:\\\/\\\/buletin.de\\\/bucuresti\\\/wp-content\\\/uploads\\\/metrorexgreva.jpg\",\"keywords\":[\"greva de ecces de zel la metrorex\",\"greva japoneza\",\"metrorex\",\"uslm\"],\"articleSection\":[\"Articole\",\"Eveniment\",\"Main\",\"Transport\"],\"inLanguage\":\"en-GB\",\"copyrightYear\":\"2025\",\"copyrightHolder\":{\"@id\":\"https:\\\/\\\/buletin.de\\\/bucuresti\\\/#organization\"}},{\"@type\":\"WebPage\",\"@id\":\"https:\\\/\\\/buletin.de\\\/bucuresti\\\/sindicalistii-de-la-metrorex\\\/\",\"url\":\"https:\\\/\\\/buletin.de\\\/bucuresti\\\/sindicalistii-de-la-metrorex\\\/\",\"name\":\"Sindicali\u0219tii de la Metrorex, negocieri la Guvern, protest \u00een subteran. Circula\u0163ia trenurilor pe M2 e afectat\u0103 de concedii - Buletin de Bucure\u0219ti\",\"isPartOf\":{\"@id\":\"https:\\\/\\\/buletin.de\\\/bucuresti\\\/#website\"},\"primaryImageOfPage\":{\"@id\":\"https:\\\/\\\/buletin.de\\\/bucuresti\\\/sindicalistii-de-la-metrorex\\\/#primaryimage\"},\"image\":{\"@id\":\"https:\\\/\\\/buletin.de\\\/bucuresti\\\/sindicalistii-de-la-metrorex\\\/#primaryimage\"},\"thumbnailUrl\":\"https:\\\/\\\/buletin.de\\\/bucuresti\\\/wp-content\\\/uploads\\\/metrorexgreva.jpg\",\"datePublished\":\"2025-02-11T05:40:44+00:00\",\"dateModified\":\"2025-02-12T06:15:37+00:00\",\"description\":\"Sindicali\u0219tii de la Metrorex se \u00eent\u00e2lnesc, mar\u021bi, 11 februarie, la sediul Guvernului Rom\u00e2niei, cu liderii Puterii, pentru negocieri\",\"breadcrumb\":{\"@id\":\"https:\\\/\\\/buletin.de\\\/bucuresti\\\/sindicalistii-de-la-metrorex\\\/#breadcrumb\"},\"inLanguage\":\"en-GB\",\"potentialAction\":[{\"@type\":\"ReadAction\",\"target\":[\"https:\\\/\\\/buletin.de\\\/bucuresti\\\/sindicalistii-de-la-metrorex\\\/\"]}]},{\"@type\":\"ImageObject\",\"inLanguage\":\"en-GB\",\"@id\":\"https:\\\/\\\/buletin.de\\\/bucuresti\\\/sindicalistii-de-la-metrorex\\\/#primaryimage\",\"url\":\"https:\\\/\\\/buletin.de\\\/bucuresti\\\/wp-content\\\/uploads\\\/metrorexgreva.jpg\",\"contentUrl\":\"https:\\\/\\\/buletin.de\\\/bucuresti\\\/wp-content\\\/uploads\\\/metrorexgreva.jpg\",\"width\":1600,\"height\":1200,\"caption\":\"Sindicali\u0219tii de la Metrorex discut\u0103 la Guven evitarea grevei generale. Angaja\u021bii sunt nemul\u021bumi\u021bi de \u201eOrdonan\u021ba trenule\u021b\u201d. FOTO: Metrorex\"},{\"@type\":\"BreadcrumbList\",\"@id\":\"https:\\\/\\\/buletin.de\\\/bucuresti\\\/sindicalistii-de-la-metrorex\\\/#breadcrumb\",\"itemListElement\":[{\"@type\":\"ListItem\",\"position\":1,\"name\":\"Acas\u0103\",\"item\":\"https:\\\/\\\/buletin.de\\\/bucuresti\\\/\"},{\"@type\":\"ListItem\",\"position\":2,\"name\":\"Sindicali\u0219tii de la Metrorex, negocieri la Guvern, protest \u00een subteran. Circula\u0163ia trenurilor pe M2 e afectat\u0103 de concedii\"}]},{\"@type\":\"WebSite\",\"@id\":\"https:\\\/\\\/buletin.de\\\/bucuresti\\\/#website\",\"url\":\"https:\\\/\\\/buletin.de\\\/bucuresti\\\/\",\"name\":\"Buletin de Bucure\u0219ti\",\"description\":\"\u0218tiri \u0219i investiga\u021bii esen\u021biale din capital\u0103\",\"publisher\":{\"@id\":\"https:\\\/\\\/buletin.de\\\/bucuresti\\\/#organization\"},\"potentialAction\":[{\"@type\":\"SearchAction\",\"target\":{\"@type\":\"EntryPoint\",\"urlTemplate\":\"https:\\\/\\\/buletin.de\\\/bucuresti\\\/?s={search_term_string}\"},\"query-input\":{\"@type\":\"PropertyValueSpecification\",\"valueRequired\":true,\"valueName\":\"search_term_string\"}}],\"inLanguage\":\"en-GB\"},{\"@type\":\"Organization\",\"@id\":\"https:\\\/\\\/buletin.de\\\/bucuresti\\\/#organization\",\"name\":\"Buletin de Bucure\u0219ti\",\"url\":\"https:\\\/\\\/buletin.de\\\/bucuresti\\\/\",\"logo\":{\"@type\":\"ImageObject\",\"inLanguage\":\"en-GB\",\"@id\":\"https:\\\/\\\/buletin.de\\\/bucuresti\\\/#\\\/schema\\\/logo\\\/image\\\/\",\"url\":\"https:\\\/\\\/buletin.de\\\/bucuresti\\\/wp-content\\\/uploads\\\/logo-bdb-full-wide-vernil-transparent.png\",\"contentUrl\":\"https:\\\/\\\/buletin.de\\\/bucuresti\\\/wp-content\\\/uploads\\\/logo-bdb-full-wide-vernil-transparent.png\",\"width\":1782,\"height\":626,\"caption\":\"Buletin de Bucure\u0219ti\"},\"image\":{\"@id\":\"https:\\\/\\\/buletin.de\\\/bucuresti\\\/#\\\/schema\\\/logo\\\/image\\\/\"},\"sameAs\":[\"https:\\\/\\\/www.facebook.com\\\/buletin.de.buc\",\"https:\\\/\\\/www.instagram.com\\\/buletinde.bucuresti\\\/\"]},{\"@type\":\"Person\",\"@id\":\"https:\\\/\\\/buletin.de\\\/bucuresti\\\/#\\\/schema\\\/person\\\/7e46040573290777280a0835d81ea4ea\",\"name\":\"Diana Matei\",\"image\":{\"@type\":\"ImageObject\",\"inLanguage\":\"en-GB\",\"@id\":\"https:\\\/\\\/buletin.de\\\/bucuresti\\\/wp-content\\\/uploads\\\/9-2-96x96.jpg1e8590b30871d70e62ebcdaf2eff570c\",\"url\":\"https:\\\/\\\/buletin.de\\\/bucuresti\\\/wp-content\\\/uploads\\\/9-2-96x96.jpg\",\"contentUrl\":\"https:\\\/\\\/buletin.de\\\/bucuresti\\\/wp-content\\\/uploads\\\/9-2-96x96.jpg\",\"caption\":\"Diana Matei\"},\"url\":\"https:\\\/\\\/buletin.de\\\/bucuresti\\\/author\\\/dianamatei\\\/\"}]}<\/script>\n<!-- \/ Yoast SEO Premium plugin. -->","yoast_head_json":{"title":"Sindicali\u0219tii de la Metrorex, negocieri la Guvern, protest \u00een subteran. Circula\u0163ia trenurilor pe M2 e afectat\u0103 de concedii - Buletin de Bucure\u0219ti","description":"Sindicali\u0219tii de la Metrorex se \u00eent\u00e2lnesc, mar\u021bi, 11 februarie, la sediul Guvernului Rom\u00e2niei, cu liderii Puterii, pentru negocieri","robots":{"index":"index","follow":"follow","max-snippet":"max-snippet:-1","max-image-preview":"max-image-preview:large","max-video-preview":"max-video-preview:-1"},"canonical":"https:\/\/buletin.de\/bucuresti\/sindicalistii-de-la-metrorex\/","og_locale":"en_GB","og_type":"article","og_title":"Sindicali\u0219tii de la Metrorex, negocieri la Guvern, protest \u00een subteran. Circula\u0163ia trenurilor pe M2 e afectat\u0103 de concedii","og_description":"Sindicali\u0219tii de la Metrorex se \u00eent\u00e2lnesc, mar\u021bi, 11 februarie, la sediul Guvernului Rom\u00e2niei, cu liderii Puterii, pentru negocieri","og_url":"https:\/\/buletin.de\/bucuresti\/sindicalistii-de-la-metrorex\/","og_site_name":"Buletin de Bucure\u0219ti","article_publisher":"https:\/\/www.facebook.com\/buletin.de.buc","article_published_time":"2025-02-11T05:40:44+00:00","article_modified_time":"2025-02-12T06:15:37+00:00","og_image":[{"width":1600,"height":1200,"url":"https:\/\/buletin.de\/bucuresti\/wp-content\/uploads\/metrorexgreva.jpg","type":"image\/jpeg"}],"author":"Diana Matei","twitter_card":"summary_large_image","twitter_misc":{"Written by":"Diana Matei","Estimated reading time":"4 minutes"},"schema":{"@context":"https:\/\/schema.org","@graph":[{"@type":"Article","@id":"https:\/\/buletin.de\/bucuresti\/sindicalistii-de-la-metrorex\/#article","isPartOf":{"@id":"https:\/\/buletin.de\/bucuresti\/sindicalistii-de-la-metrorex\/"},"author":{"name":"Diana Matei","@id":"https:\/\/buletin.de\/bucuresti\/#\/schema\/person\/7e46040573290777280a0835d81ea4ea"},"headline":"Sindicali\u0219tii de la Metrorex, negocieri la Guvern, protest \u00een subteran. Circula\u0163ia trenurilor pe M2 e afectat\u0103 de concedii","datePublished":"2025-02-11T05:40:44+00:00","dateModified":"2025-02-12T06:15:37+00:00","mainEntityOfPage":{"@id":"https:\/\/buletin.de\/bucuresti\/sindicalistii-de-la-metrorex\/"},"wordCount":808,"publisher":{"@id":"https:\/\/buletin.de\/bucuresti\/#organization"},"image":{"@id":"https:\/\/buletin.de\/bucuresti\/sindicalistii-de-la-metrorex\/#primaryimage"},"thumbnailUrl":"https:\/\/buletin.de\/bucuresti\/wp-content\/uploads\/metrorexgreva.jpg","keywords":["greva de ecces de zel la metrorex","greva japoneza","metrorex","uslm"],"articleSection":["Articole","Eveniment","Main","Transport"],"inLanguage":"en-GB","copyrightYear":"2025","copyrightHolder":{"@id":"https:\/\/buletin.de\/bucuresti\/#organization"}},{"@type":"WebPage","@id":"https:\/\/buletin.de\/bucuresti\/sindicalistii-de-la-metrorex\/","url":"https:\/\/buletin.de\/bucuresti\/sindicalistii-de-la-metrorex\/","name":"Sindicali\u0219tii de la Metrorex, negocieri la Guvern, protest \u00een subteran. Circula\u0163ia trenurilor pe M2 e afectat\u0103 de concedii - Buletin de Bucure\u0219ti","isPartOf":{"@id":"https:\/\/buletin.de\/bucuresti\/#website"},"primaryImageOfPage":{"@id":"https:\/\/buletin.de\/bucuresti\/sindicalistii-de-la-metrorex\/#primaryimage"},"image":{"@id":"https:\/\/buletin.de\/bucuresti\/sindicalistii-de-la-metrorex\/#primaryimage"},"thumbnailUrl":"https:\/\/buletin.de\/bucuresti\/wp-content\/uploads\/metrorexgreva.jpg","datePublished":"2025-02-11T05:40:44+00:00","dateModified":"2025-02-12T06:15:37+00:00","description":"Sindicali\u0219tii de la Metrorex se \u00eent\u00e2lnesc, mar\u021bi, 11 februarie, la sediul Guvernului Rom\u00e2niei, cu liderii Puterii, pentru negocieri","breadcrumb":{"@id":"https:\/\/buletin.de\/bucuresti\/sindicalistii-de-la-metrorex\/#breadcrumb"},"inLanguage":"en-GB","potentialAction":[{"@type":"ReadAction","target":["https:\/\/buletin.de\/bucuresti\/sindicalistii-de-la-metrorex\/"]}]},{"@type":"ImageObject","inLanguage":"en-GB","@id":"https:\/\/buletin.de\/bucuresti\/sindicalistii-de-la-metrorex\/#primaryimage","url":"https:\/\/buletin.de\/bucuresti\/wp-content\/uploads\/metrorexgreva.jpg","contentUrl":"https:\/\/buletin.de\/bucuresti\/wp-content\/uploads\/metrorexgreva.jpg","width":1600,"height":1200,"caption":"Sindicali\u0219tii de la Metrorex discut\u0103 la Guven evitarea grevei generale. Angaja\u021bii sunt nemul\u021bumi\u021bi de \u201eOrdonan\u021ba trenule\u021b\u201d. FOTO: Metrorex"},{"@type":"BreadcrumbList","@id":"https:\/\/buletin.de\/bucuresti\/sindicalistii-de-la-metrorex\/#breadcrumb","itemListElement":[{"@type":"ListItem","position":1,"name":"Acas\u0103","item":"https:\/\/buletin.de\/bucuresti\/"},{"@type":"ListItem","position":2,"name":"Sindicali\u0219tii de la Metrorex, negocieri la Guvern, protest \u00een subteran. Circula\u0163ia trenurilor pe M2 e afectat\u0103 de concedii"}]},{"@type":"WebSite","@id":"https:\/\/buletin.de\/bucuresti\/#website","url":"https:\/\/buletin.de\/bucuresti\/","name":"Buletin de Bucure\u0219ti","description":"\u0218tiri \u0219i investiga\u021bii esen\u021biale din capital\u0103","publisher":{"@id":"https:\/\/buletin.de\/bucuresti\/#organization"},"potentialAction":[{"@type":"SearchAction","target":{"@type":"EntryPoint","urlTemplate":"https:\/\/buletin.de\/bucuresti\/?s={search_term_string}"},"query-input":{"@type":"PropertyValueSpecification","valueRequired":true,"valueName":"search_term_string"}}],"inLanguage":"en-GB"},{"@type":"Organization","@id":"https:\/\/buletin.de\/bucuresti\/#organization","name":"Buletin de Bucure\u0219ti","url":"https:\/\/buletin.de\/bucuresti\/","logo":{"@type":"ImageObject","inLanguage":"en-GB","@id":"https:\/\/buletin.de\/bucuresti\/#\/schema\/logo\/image\/","url":"https:\/\/buletin.de\/bucuresti\/wp-content\/uploads\/logo-bdb-full-wide-vernil-transparent.png","contentUrl":"https:\/\/buletin.de\/bucuresti\/wp-content\/uploads\/logo-bdb-full-wide-vernil-transparent.png","width":1782,"height":626,"caption":"Buletin de Bucure\u0219ti"},"image":{"@id":"https:\/\/buletin.de\/bucuresti\/#\/schema\/logo\/image\/"},"sameAs":["https:\/\/www.facebook.com\/buletin.de.buc","https:\/\/www.instagram.com\/buletinde.bucuresti\/"]},{"@type":"Person","@id":"https:\/\/buletin.de\/bucuresti\/#\/schema\/person\/7e46040573290777280a0835d81ea4ea","name":"Diana Matei","image":{"@type":"ImageObject","inLanguage":"en-GB","@id":"https:\/\/buletin.de\/bucuresti\/wp-content\/uploads\/9-2-96x96.jpg1e8590b30871d70e62ebcdaf2eff570c","url":"https:\/\/buletin.de\/bucuresti\/wp-content\/uploads\/9-2-96x96.jpg","contentUrl":"https:\/\/buletin.de\/bucuresti\/wp-content\/uploads\/9-2-96x96.jpg","caption":"Diana Matei"},"url":"https:\/\/buletin.de\/bucuresti\/author\/dianamatei\/"}]}},"authors":[{"term_id":22574,"user_id":49,"is_guest":0,"slug":"dianamatei","display_name":"Diana Matei","avatar_url":"https:\/\/buletin.de\/bucuresti\/wp-content\/uploads\/9-2-96x96.jpg","0":null,"1":"","2":"","3":"","4":"","5":"","6":"","7":"","8":""}],"_links":{"self":[{"href":"https:\/\/buletin.de\/bucuresti\/wp-json\/wp\/v2\/posts\/117870","targetHints":{"allow":["GET"]}}],"collection":[{"href":"https:\/\/buletin.de\/bucuresti\/wp-json\/wp\/v2\/posts"}],"about":[{"href":"https:\/\/buletin.de\/bucuresti\/wp-json\/wp\/v2\/types\/post"}],"author":[{"embeddable":true,"href":"https:\/\/buletin.de\/bucuresti\/wp-json\/wp\/v2\/users\/49"}],"replies":[{"embeddable":true,"href":"https:\/\/buletin.de\/bucuresti\/wp-json\/wp\/v2\/comments?post=117870"}],"version-history":[{"count":5,"href":"https:\/\/buletin.de\/bucuresti\/wp-json\/wp\/v2\/posts\/117870\/revisions"}],"predecessor-version":[{"id":118027,"href":"https:\/\/buletin.de\/bucuresti\/wp-json\/wp\/v2\/posts\/117870\/revisions\/118027"}],"wp:featuredmedia":[{"embeddable":true,"href":"https:\/\/buletin.de\/bucuresti\/wp-json\/wp\/v2\/media\/108739"}],"wp:attachment":[{"href":"https:\/\/buletin.de\/bucuresti\/wp-json\/wp\/v2\/media?parent=117870"}],"wp:term":[{"taxonomy":"category","embeddable":true,"href":"https:\/\/buletin.de\/bucuresti\/wp-json\/wp\/v2\/categories?post=117870"},{"taxonomy":"post_tag","embeddable":true,"href":"https:\/\/buletin.de\/bucuresti\/wp-json\/wp\/v2\/tags?post=117870"},{"taxonomy":"author","embeddable":true,"href":"https:\/\/buletin.de\/bucuresti\/wp-json\/wp\/v2\/ppma_author?post=117870"}],"curies":[{"name":"wp","href":"https:\/\/api.w.org\/{rel}","templated":true}]}}