{"id":117806,"date":"2025-02-10T15:16:32","date_gmt":"2025-02-10T12:16:32","guid":{"rendered":"https:\/\/buletin.de\/bucuresti\/?p=117806"},"modified":"2025-02-10T16:56:07","modified_gmt":"2025-02-10T13:56:07","slug":"m6-lucrarile-au-ajuns-la-un-sfert-din-total-pe-sectiunea-sudica-dupa-un-an-de-la-deschiderea-santierului","status":"publish","type":"post","link":"https:\/\/buletin.de\/bucuresti\/m6-lucrarile-au-ajuns-la-un-sfert-din-total-pe-sectiunea-sudica-dupa-un-an-de-la-deschiderea-santierului\/","title":{"rendered":"M6 | Lucr\u0103rile au ajuns la un sfert din total pe sec\u0163iunea sudic\u0103, dup\u0103 un an de la deschiderea \u015fantierului"},"content":{"rendered":"\n<p><strong>Sec\u0163iunea sudic\u0103 a magistralei M6, cea care se desf\u0103\u015foar\u0103 \u00eentre sta\u0163ia 1 Mai \u015fi viitoarea sta\u0163ie Tokyo, este realizat\u0103 25%, a transmis Metrorex, printr-o postare pe pagina sa oficial\u0103 de Facebook. Lucr\u0103rile au \u00eenceput \u00een urm\u0103 cu un an, iar termenul oficial era anul 2027. Totu\u015fi, pre\u015fedintele Consiliului de Administra\u0163ie al companiei <a href=\"https:\/\/buletin.de\/bucuresti\/magistrala-6-metroul-spre-otopeni-nu-va-fi-gata-in-2027\/\">spunea, \u00een august 2024, c\u0103 acest termen nu poate fi respectat<\/a>.<\/strong><\/p>\n\n\n\n<p>\u00centr-un clip postat pe Youtube, oficialii prezint\u0103 stadiul lucr\u0103rilor, sta\u0163ie cu sta\u0163ie. <\/p>\n\n\n\n<figure class=\"wp-block-embed is-type-video is-provider-youtube wp-block-embed-youtube wp-embed-aspect-16-9 wp-has-aspect-ratio\"><div class=\"wp-block-embed__wrapper\">\n<div class=\"jlvid_container\"><iframe title=\"Jurnal de \u0218antier M6: Ianuarie 2025\" width=\"1200\" height=\"675\" src=\"https:\/\/www.youtube.com\/embed\/Qr5kSGSI4TY?feature=oembed\" frameborder=\"0\" allow=\"accelerometer; autoplay; clipboard-write; encrypted-media; gyroscope; picture-in-picture; web-share\" referrerpolicy=\"strict-origin-when-cross-origin\" allowfullscreen><\/iframe><\/div>\n<\/div><\/figure>\n\n\n\n<p>Jurnalul de \u015fantier al <a href=\"https:\/\/magistrala6.ro\/\">Metrorex<\/a>:<\/p>\n\n\n\n<ul class=\"wp-block-list\">\n<li>La viitoarea sta\u021bie de metrou Tokyo, s-au executat 563 m grind\u0103 de ghidaj din 650, 82 panouri de pere\u021bi mula\u021bi din 114 \u0219i to\u021bi cei 534 de pilo\u021bi plastici;<\/li>\n<\/ul>\n\n\n\n<ul class=\"wp-block-list\">\n<li>La viitoarea intersta\u021bie Tokyo \u2013 Aeroport B\u0103neasa s-au executat to\u021bi cei 180 de pilo\u021bii fora\u021bi;<\/li>\n<\/ul>\n\n\n\n<ul class=\"wp-block-list\">\n<li>Pentru viitoarea sta\u021bie Aeroport B\u0103neasa au fost finaliza\u021bi 338 m de grind\u0103 de ghidaj din 372, 62 de panouri pere\u021bi mula\u021bi din 72 \u0219i 683 pilo\u021bi plastici din 922;<\/li>\n<\/ul>\n\n\n\n<ul class=\"wp-block-list\">\n<li>La viitoarea intersta\u021bie Gara B\u0103neasa \u2013 Aeroport B\u0103neasa au \u00eenceput lucr\u0103rile preg\u0103titoare pentru execu\u021bia centralei de ventila\u021bie;<\/li>\n<\/ul>\n\n\n\n<ul class=\"wp-block-list\">\n<li>54 de panouri de pere\u021bi mula\u021bi, 18 barete \u0219i 12 pere\u021bi plastici au fost executa\u021bi la viitoarea sta\u021bie de metrou Gara B\u0103neasa;<\/li>\n<\/ul>\n\n\n\n<ul class=\"wp-block-list\">\n<li>La viitoarea sta\u021bie de metrou pia\u021ba Montreal s-au executat 26 de panouri de pere\u021bi mula\u021bi \u0219i 650 de pilo\u021bi plastici. Pentru accesul A, au fost executa\u021bi 34 de pilo\u021bi din 120, iar pentru accesul B, 54 din 54;<\/li>\n<\/ul>\n\n\n\n<ul class=\"wp-block-list\">\n<li>La viitoarea sta\u021bie Expozi\u021biei s-au executat 74 de panouri de pere\u021bi mula\u021bi din 102 \u0219i 27 barete din 43; pentru Accesul C sunt executa\u021bi 118 pilo\u021bi fora\u021bi, iar pentru Accesul B, 6 pilo\u021bi;<\/li>\n<\/ul>\n\n\n\n<ul class=\"wp-block-list\">\n<li>Pentru viitoarea sta\u021bie de metrou Pajura s-au executat 50 de panouri de pere\u021bi mula\u021bi din 86 \u0219i 94 de pilo\u021bi fora\u021bi din 240 pentru Accesul C;<\/li>\n<\/ul>\n\n\n\n<ul class=\"wp-block-list\">\n<li>La sta\u021bia de metrou 1 Mai (existent\u0103) continu\u0103 lucr\u0103rile de relocare a utilit\u0103\u021bilor \u0219i a \u00eenceput execu\u021bia grinzilor de ghidaj.<\/li>\n<\/ul>\n\n\n\n<p><strong>CITE\u015eTE \u015eI: <\/strong><a href=\"https:\/\/buletin.de\/bucuresti\/restrictiile-de-trafic-din-nordul-capitalei-se-prelungesc-pentru-lucrarile-la-magistrala-6-de-metrou\/\">Restric\u021biile de trafic din nordul Capitalei se prelungesc pentru lucr\u0103rile la Magistrala 6 de metrou<\/a><\/p>\n\n\n\n<p>Dac\u0103 pe sec\u0163iunea sudic\u0103 stadiul lucr\u0103rilor a ajuns la 25%, pe cea nordic\u0103, dintre sta\u0163ia Tokyo \u015fi sta\u0163ia Aeroport Otopeni, lucr\u0103ri propriu-zise sunt doar la <a href=\"https:\/\/buletin.de\/bucuresti\/m6-start-la-lucrarile-pentru-statia-de-dinainte-de-aeroportul-otopeni-a-fost-dat-ordinul-de-incepere-pentru-ion-i-c-bratianu\/\">Ion I.C. Br\u0103tianu<\/a>: <\/p>\n\n\n\n<ul class=\"wp-block-list\">\n<li> S-au finalizat investiga\u021biile geotehnice \u0219i testele de laborator pentru amplasament;<\/li>\n<\/ul>\n\n\n\n<ul class=\"wp-block-list\">\n<li>M\u0103sur\u0103torile topografice au fost complet \u00eencheiate;<\/li>\n<\/ul>\n\n\n\n<ul class=\"wp-block-list\">\n<li>Lucr\u0103rile de preg\u0103tire \u0219i instalare a \u00eemprejmuirilor de protec\u021bie au fost finalizate;<\/li>\n<\/ul>\n\n\n\n<ul class=\"wp-block-list\">\n<li>Organizarea de \u0219antier a fost implementat\u0103 \u0219i finalizat\u0103 conform planific\u0103rii;<\/li>\n<\/ul>\n\n\n\n<ul class=\"wp-block-list\">\n<li>Prima etap\u0103 a instal\u0103rii echipamentelor de monitorizare a fost finalizat\u0103, iar procesul este opera\u021bional;<\/li>\n<\/ul>\n\n\n\n<ul class=\"wp-block-list\">\n<li>Lucr\u0103rile de amenajare a terenului, inclusiv demolarea structurilor existente, au fost \u00eencheiate;<\/li>\n<\/ul>\n\n\n\n<ul class=\"wp-block-list\">\n<li>A \u00eenceput procesul de dezafectare a suprafe\u021belor afectate de lucr\u0103ri;<\/li>\n<\/ul>\n\n\n\n<ul class=\"wp-block-list\">\n<li>Execu\u021bia pere\u021bilor ghidaj a fost finalizat\u0103;<\/li>\n<\/ul>\n\n\n\n<ul class=\"wp-block-list\">\n<li>Excavarea de la nivelul solului p\u00e2n\u0103 la plan\u0219eul superior a fost realizat\u0103 conform graficului de execu\u021bie;<\/li>\n<\/ul>\n\n\n\n<ul class=\"wp-block-list\">\n<li>S-a \u00eencheiat execu\u021bia pu\u021bului de mare ad\u00e2ncime.<\/li>\n<\/ul>\n\n\n\n<p><strong>CITE\u015eTE \u015eI:<\/strong> <a href=\"https:\/\/buletin.de\/bucuresti\/traficul-de-pe-dn1-deviat-partial-prin-centrul-otopeniului-pentru-santierul-m6\/\">Traficul de pe DN1, deviat par\u0163ial prin centrul Otopeniului, pentru \u015fantierul M6<\/a><br><\/p>\n\n\n\n<p><\/p>\n","protected":false},"excerpt":{"rendered":"<p>Sec\u0163iunea sudic\u0103 a magistralei M6, cea care se desf\u0103\u015foar\u0103 \u00eentre sta\u0163ia 1 Mai \u015fi viitoarea sta\u0163ie Tokyo, este realizat\u0103 25%, a transmis Metrorex, printr-o postare pe pagina sa oficial\u0103 de Facebook. Lucr\u0103rile au \u00eenceput \u00een urm\u0103 cu un an, iar termenul oficial era anul 2027. Totu\u015fi, pre\u015fedintele Consiliului de Administra\u0163ie al companiei spunea, \u00een august [&hellip;]<\/p>\n","protected":false},"author":8,"featured_media":117809,"comment_status":"closed","ping_status":"open","sticky":false,"template":"","format":"standard","meta":{"_acf_changed":false,"inline_featured_image":false,"ngg_post_thumbnail":0,"footnotes":""},"categories":[6994,62,650],"tags":[2173,377,376,19041,13092,19040,19042],"ppma_author":[22586],"class_list":["post-117806","post","type-post","status-publish","format-standard","has-post-thumbnail","hentry","category-stiri-2","category-stiri","category-transport","tag-m6","tag-metrorex","tag-metrou","tag-metrou-nordul-bucurestiului","tag-santier-metrou","tag-sectiunea-sudica-m6","tag-stadiu-lucrari-m6"],"acf":[],"yoast_head":"<!-- This site is optimized with the Yoast SEO Premium plugin v25.3 (Yoast SEO v27.5) - https:\/\/yoast.com\/product\/yoast-seo-premium-wordpress\/ -->\n<title>M6 | Lucr\u0103rile au ajuns la un sfert din total pe sec\u0163iunea sudic\u0103, dup\u0103 un an de la deschiderea \u015fantierului - Buletin de Bucure\u0219ti<\/title>\n<meta name=\"description\" content=\"Sec\u0163iunea sudic\u0103 a magistralei M6, cea care se desf\u0103\u015foar\u0103 \u00eentre sta\u0163ia 1 Mai \u015fi viitoarea sta\u0163ie Tokyo, este realizat\u0103 25%\" \/>\n<meta name=\"robots\" content=\"index, follow, max-snippet:-1, max-image-preview:large, max-video-preview:-1\" \/>\n<link rel=\"canonical\" href=\"https:\/\/buletin.de\/bucuresti\/m6-lucrarile-au-ajuns-la-un-sfert-din-total-pe-sectiunea-sudica-dupa-un-an-de-la-deschiderea-santierului\/\" \/>\n<meta property=\"og:locale\" content=\"en_GB\" \/>\n<meta property=\"og:type\" content=\"article\" \/>\n<meta property=\"og:title\" content=\"M6 | Lucr\u0103rile au ajuns la un sfert din total pe sec\u0163iunea sudic\u0103, dup\u0103 un an de la deschiderea \u015fantierului\" \/>\n<meta property=\"og:description\" content=\"Sec\u0163iunea sudic\u0103 a magistralei M6, cea care se desf\u0103\u015foar\u0103 \u00eentre sta\u0163ia 1 Mai \u015fi viitoarea sta\u0163ie Tokyo, este realizat\u0103 25%\" \/>\n<meta property=\"og:url\" content=\"https:\/\/buletin.de\/bucuresti\/m6-lucrarile-au-ajuns-la-un-sfert-din-total-pe-sectiunea-sudica-dupa-un-an-de-la-deschiderea-santierului\/\" \/>\n<meta property=\"og:site_name\" content=\"Buletin de Bucure\u0219ti\" \/>\n<meta property=\"article:publisher\" content=\"https:\/\/www.facebook.com\/buletin.de.buc\" \/>\n<meta property=\"article:published_time\" content=\"2025-02-10T12:16:32+00:00\" \/>\n<meta property=\"article:modified_time\" content=\"2025-02-10T13:56:07+00:00\" \/>\n<meta property=\"og:image\" content=\"https:\/\/buletin.de\/bucuresti\/wp-content\/uploads\/captura-clip-metrorex-900x453.png\" \/>\n\t<meta property=\"og:image:width\" content=\"900\" \/>\n\t<meta property=\"og:image:height\" content=\"453\" \/>\n\t<meta property=\"og:image:type\" content=\"image\/png\" \/>\n<meta name=\"author\" content=\"Ionu\u021b Lepa\" \/>\n<meta name=\"twitter:card\" content=\"summary_large_image\" \/>\n<meta name=\"twitter:label1\" content=\"Written by\" \/>\n\t<meta name=\"twitter:data1\" content=\"Ionu\u021b Lepa\" \/>\n\t<meta name=\"twitter:label2\" content=\"Estimated reading time\" \/>\n\t<meta name=\"twitter:data2\" content=\"3 minutes\" \/>\n<script type=\"application\/ld+json\" class=\"yoast-schema-graph\">{\"@context\":\"https:\\\/\\\/schema.org\",\"@graph\":[{\"@type\":\"Article\",\"@id\":\"https:\\\/\\\/buletin.de\\\/bucuresti\\\/m6-lucrarile-au-ajuns-la-un-sfert-din-total-pe-sectiunea-sudica-dupa-un-an-de-la-deschiderea-santierului\\\/#article\",\"isPartOf\":{\"@id\":\"https:\\\/\\\/buletin.de\\\/bucuresti\\\/m6-lucrarile-au-ajuns-la-un-sfert-din-total-pe-sectiunea-sudica-dupa-un-an-de-la-deschiderea-santierului\\\/\"},\"author\":{\"name\":\"Ionu\u021b Lepa\",\"@id\":\"https:\\\/\\\/buletin.de\\\/bucuresti\\\/#\\\/schema\\\/person\\\/5272b8a057b33890940b57b837fc4ce6\"},\"headline\":\"M6 | Lucr\u0103rile au ajuns la un sfert din total pe sec\u0163iunea sudic\u0103, dup\u0103 un an de la deschiderea \u015fantierului\",\"datePublished\":\"2025-02-10T12:16:32+00:00\",\"dateModified\":\"2025-02-10T13:56:07+00:00\",\"mainEntityOfPage\":{\"@id\":\"https:\\\/\\\/buletin.de\\\/bucuresti\\\/m6-lucrarile-au-ajuns-la-un-sfert-din-total-pe-sectiunea-sudica-dupa-un-an-de-la-deschiderea-santierului\\\/\"},\"wordCount\":557,\"publisher\":{\"@id\":\"https:\\\/\\\/buletin.de\\\/bucuresti\\\/#organization\"},\"image\":{\"@id\":\"https:\\\/\\\/buletin.de\\\/bucuresti\\\/m6-lucrarile-au-ajuns-la-un-sfert-din-total-pe-sectiunea-sudica-dupa-un-an-de-la-deschiderea-santierului\\\/#primaryimage\"},\"thumbnailUrl\":\"https:\\\/\\\/buletin.de\\\/bucuresti\\\/wp-content\\\/uploads\\\/captura-clip-metrorex.png\",\"keywords\":[\"m6\",\"metrorex\",\"metrou\",\"metrou nordul bucurestiului\",\"santier metrou\",\"sectiunea sudica m6\",\"stadiu lucrari m6\"],\"articleSection\":[\"Articole\",\"\u0218tiri\",\"Transport\"],\"inLanguage\":\"en-GB\",\"copyrightYear\":\"2025\",\"copyrightHolder\":{\"@id\":\"https:\\\/\\\/buletin.de\\\/bucuresti\\\/#organization\"}},{\"@type\":\"WebPage\",\"@id\":\"https:\\\/\\\/buletin.de\\\/bucuresti\\\/m6-lucrarile-au-ajuns-la-un-sfert-din-total-pe-sectiunea-sudica-dupa-un-an-de-la-deschiderea-santierului\\\/\",\"url\":\"https:\\\/\\\/buletin.de\\\/bucuresti\\\/m6-lucrarile-au-ajuns-la-un-sfert-din-total-pe-sectiunea-sudica-dupa-un-an-de-la-deschiderea-santierului\\\/\",\"name\":\"M6 | Lucr\u0103rile au ajuns la un sfert din total pe sec\u0163iunea sudic\u0103, dup\u0103 un an de la deschiderea \u015fantierului - Buletin de Bucure\u0219ti\",\"isPartOf\":{\"@id\":\"https:\\\/\\\/buletin.de\\\/bucuresti\\\/#website\"},\"primaryImageOfPage\":{\"@id\":\"https:\\\/\\\/buletin.de\\\/bucuresti\\\/m6-lucrarile-au-ajuns-la-un-sfert-din-total-pe-sectiunea-sudica-dupa-un-an-de-la-deschiderea-santierului\\\/#primaryimage\"},\"image\":{\"@id\":\"https:\\\/\\\/buletin.de\\\/bucuresti\\\/m6-lucrarile-au-ajuns-la-un-sfert-din-total-pe-sectiunea-sudica-dupa-un-an-de-la-deschiderea-santierului\\\/#primaryimage\"},\"thumbnailUrl\":\"https:\\\/\\\/buletin.de\\\/bucuresti\\\/wp-content\\\/uploads\\\/captura-clip-metrorex.png\",\"datePublished\":\"2025-02-10T12:16:32+00:00\",\"dateModified\":\"2025-02-10T13:56:07+00:00\",\"description\":\"Sec\u0163iunea sudic\u0103 a magistralei M6, cea care se desf\u0103\u015foar\u0103 \u00eentre sta\u0163ia 1 Mai \u015fi viitoarea sta\u0163ie Tokyo, este realizat\u0103 25%\",\"breadcrumb\":{\"@id\":\"https:\\\/\\\/buletin.de\\\/bucuresti\\\/m6-lucrarile-au-ajuns-la-un-sfert-din-total-pe-sectiunea-sudica-dupa-un-an-de-la-deschiderea-santierului\\\/#breadcrumb\"},\"inLanguage\":\"en-GB\",\"potentialAction\":[{\"@type\":\"ReadAction\",\"target\":[\"https:\\\/\\\/buletin.de\\\/bucuresti\\\/m6-lucrarile-au-ajuns-la-un-sfert-din-total-pe-sectiunea-sudica-dupa-un-an-de-la-deschiderea-santierului\\\/\"]}]},{\"@type\":\"ImageObject\",\"inLanguage\":\"en-GB\",\"@id\":\"https:\\\/\\\/buletin.de\\\/bucuresti\\\/m6-lucrarile-au-ajuns-la-un-sfert-din-total-pe-sectiunea-sudica-dupa-un-an-de-la-deschiderea-santierului\\\/#primaryimage\",\"url\":\"https:\\\/\\\/buletin.de\\\/bucuresti\\\/wp-content\\\/uploads\\\/captura-clip-metrorex.png\",\"contentUrl\":\"https:\\\/\\\/buletin.de\\\/bucuresti\\\/wp-content\\\/uploads\\\/captura-clip-metrorex.png\",\"width\":1903,\"height\":958,\"caption\":\"Lucr\u0103rile pe sec\u0163iunea sudic\u0103 a M6. FOTO: captur\u0103 video Metrorex\"},{\"@type\":\"BreadcrumbList\",\"@id\":\"https:\\\/\\\/buletin.de\\\/bucuresti\\\/m6-lucrarile-au-ajuns-la-un-sfert-din-total-pe-sectiunea-sudica-dupa-un-an-de-la-deschiderea-santierului\\\/#breadcrumb\",\"itemListElement\":[{\"@type\":\"ListItem\",\"position\":1,\"name\":\"Acas\u0103\",\"item\":\"https:\\\/\\\/buletin.de\\\/bucuresti\\\/\"},{\"@type\":\"ListItem\",\"position\":2,\"name\":\"M6 | Lucr\u0103rile au ajuns la un sfert din total pe sec\u0163iunea sudic\u0103, dup\u0103 un an de la deschiderea \u015fantierului\"}]},{\"@type\":\"WebSite\",\"@id\":\"https:\\\/\\\/buletin.de\\\/bucuresti\\\/#website\",\"url\":\"https:\\\/\\\/buletin.de\\\/bucuresti\\\/\",\"name\":\"Buletin de Bucure\u0219ti\",\"description\":\"\u0218tiri \u0219i investiga\u021bii esen\u021biale din capital\u0103\",\"publisher\":{\"@id\":\"https:\\\/\\\/buletin.de\\\/bucuresti\\\/#organization\"},\"potentialAction\":[{\"@type\":\"SearchAction\",\"target\":{\"@type\":\"EntryPoint\",\"urlTemplate\":\"https:\\\/\\\/buletin.de\\\/bucuresti\\\/?s={search_term_string}\"},\"query-input\":{\"@type\":\"PropertyValueSpecification\",\"valueRequired\":true,\"valueName\":\"search_term_string\"}}],\"inLanguage\":\"en-GB\"},{\"@type\":\"Organization\",\"@id\":\"https:\\\/\\\/buletin.de\\\/bucuresti\\\/#organization\",\"name\":\"Buletin de Bucure\u0219ti\",\"url\":\"https:\\\/\\\/buletin.de\\\/bucuresti\\\/\",\"logo\":{\"@type\":\"ImageObject\",\"inLanguage\":\"en-GB\",\"@id\":\"https:\\\/\\\/buletin.de\\\/bucuresti\\\/#\\\/schema\\\/logo\\\/image\\\/\",\"url\":\"https:\\\/\\\/buletin.de\\\/bucuresti\\\/wp-content\\\/uploads\\\/logo-bdb-full-wide-vernil-transparent.png\",\"contentUrl\":\"https:\\\/\\\/buletin.de\\\/bucuresti\\\/wp-content\\\/uploads\\\/logo-bdb-full-wide-vernil-transparent.png\",\"width\":1782,\"height\":626,\"caption\":\"Buletin de Bucure\u0219ti\"},\"image\":{\"@id\":\"https:\\\/\\\/buletin.de\\\/bucuresti\\\/#\\\/schema\\\/logo\\\/image\\\/\"},\"sameAs\":[\"https:\\\/\\\/www.facebook.com\\\/buletin.de.buc\",\"https:\\\/\\\/www.instagram.com\\\/buletinde.bucuresti\\\/\"]},{\"@type\":\"Person\",\"@id\":\"https:\\\/\\\/buletin.de\\\/bucuresti\\\/#\\\/schema\\\/person\\\/5272b8a057b33890940b57b837fc4ce6\",\"name\":\"Ionu\u021b Lepa\",\"image\":{\"@type\":\"ImageObject\",\"inLanguage\":\"en-GB\",\"@id\":\"https:\\\/\\\/buletin.de\\\/bucuresti\\\/wp-content\\\/uploads\\\/Ionut-Lepa-96x96.jpg5c4e4d9e049808799a8821652d2410a4\",\"url\":\"https:\\\/\\\/buletin.de\\\/bucuresti\\\/wp-content\\\/uploads\\\/Ionut-Lepa-96x96.jpg\",\"contentUrl\":\"https:\\\/\\\/buletin.de\\\/bucuresti\\\/wp-content\\\/uploads\\\/Ionut-Lepa-96x96.jpg\",\"caption\":\"Ionu\u021b Lepa\"},\"url\":\"https:\\\/\\\/buletin.de\\\/bucuresti\\\/author\\\/ionutlepa\\\/\"}]}<\/script>\n<!-- \/ Yoast SEO Premium plugin. -->","yoast_head_json":{"title":"M6 | Lucr\u0103rile au ajuns la un sfert din total pe sec\u0163iunea sudic\u0103, dup\u0103 un an de la deschiderea \u015fantierului - Buletin de Bucure\u0219ti","description":"Sec\u0163iunea sudic\u0103 a magistralei M6, cea care se desf\u0103\u015foar\u0103 \u00eentre sta\u0163ia 1 Mai \u015fi viitoarea sta\u0163ie Tokyo, este realizat\u0103 25%","robots":{"index":"index","follow":"follow","max-snippet":"max-snippet:-1","max-image-preview":"max-image-preview:large","max-video-preview":"max-video-preview:-1"},"canonical":"https:\/\/buletin.de\/bucuresti\/m6-lucrarile-au-ajuns-la-un-sfert-din-total-pe-sectiunea-sudica-dupa-un-an-de-la-deschiderea-santierului\/","og_locale":"en_GB","og_type":"article","og_title":"M6 | Lucr\u0103rile au ajuns la un sfert din total pe sec\u0163iunea sudic\u0103, dup\u0103 un an de la deschiderea \u015fantierului","og_description":"Sec\u0163iunea sudic\u0103 a magistralei M6, cea care se desf\u0103\u015foar\u0103 \u00eentre sta\u0163ia 1 Mai \u015fi viitoarea sta\u0163ie Tokyo, este realizat\u0103 25%","og_url":"https:\/\/buletin.de\/bucuresti\/m6-lucrarile-au-ajuns-la-un-sfert-din-total-pe-sectiunea-sudica-dupa-un-an-de-la-deschiderea-santierului\/","og_site_name":"Buletin de Bucure\u0219ti","article_publisher":"https:\/\/www.facebook.com\/buletin.de.buc","article_published_time":"2025-02-10T12:16:32+00:00","article_modified_time":"2025-02-10T13:56:07+00:00","og_image":[{"width":900,"height":453,"url":"https:\/\/buletin.de\/bucuresti\/wp-content\/uploads\/captura-clip-metrorex-900x453.png","type":"image\/png"}],"author":"Ionu\u021b Lepa","twitter_card":"summary_large_image","twitter_misc":{"Written by":"Ionu\u021b Lepa","Estimated reading time":"3 minutes"},"schema":{"@context":"https:\/\/schema.org","@graph":[{"@type":"Article","@id":"https:\/\/buletin.de\/bucuresti\/m6-lucrarile-au-ajuns-la-un-sfert-din-total-pe-sectiunea-sudica-dupa-un-an-de-la-deschiderea-santierului\/#article","isPartOf":{"@id":"https:\/\/buletin.de\/bucuresti\/m6-lucrarile-au-ajuns-la-un-sfert-din-total-pe-sectiunea-sudica-dupa-un-an-de-la-deschiderea-santierului\/"},"author":{"name":"Ionu\u021b Lepa","@id":"https:\/\/buletin.de\/bucuresti\/#\/schema\/person\/5272b8a057b33890940b57b837fc4ce6"},"headline":"M6 | Lucr\u0103rile au ajuns la un sfert din total pe sec\u0163iunea sudic\u0103, dup\u0103 un an de la deschiderea \u015fantierului","datePublished":"2025-02-10T12:16:32+00:00","dateModified":"2025-02-10T13:56:07+00:00","mainEntityOfPage":{"@id":"https:\/\/buletin.de\/bucuresti\/m6-lucrarile-au-ajuns-la-un-sfert-din-total-pe-sectiunea-sudica-dupa-un-an-de-la-deschiderea-santierului\/"},"wordCount":557,"publisher":{"@id":"https:\/\/buletin.de\/bucuresti\/#organization"},"image":{"@id":"https:\/\/buletin.de\/bucuresti\/m6-lucrarile-au-ajuns-la-un-sfert-din-total-pe-sectiunea-sudica-dupa-un-an-de-la-deschiderea-santierului\/#primaryimage"},"thumbnailUrl":"https:\/\/buletin.de\/bucuresti\/wp-content\/uploads\/captura-clip-metrorex.png","keywords":["m6","metrorex","metrou","metrou nordul bucurestiului","santier metrou","sectiunea sudica m6","stadiu lucrari m6"],"articleSection":["Articole","\u0218tiri","Transport"],"inLanguage":"en-GB","copyrightYear":"2025","copyrightHolder":{"@id":"https:\/\/buletin.de\/bucuresti\/#organization"}},{"@type":"WebPage","@id":"https:\/\/buletin.de\/bucuresti\/m6-lucrarile-au-ajuns-la-un-sfert-din-total-pe-sectiunea-sudica-dupa-un-an-de-la-deschiderea-santierului\/","url":"https:\/\/buletin.de\/bucuresti\/m6-lucrarile-au-ajuns-la-un-sfert-din-total-pe-sectiunea-sudica-dupa-un-an-de-la-deschiderea-santierului\/","name":"M6 | Lucr\u0103rile au ajuns la un sfert din total pe sec\u0163iunea sudic\u0103, dup\u0103 un an de la deschiderea \u015fantierului - Buletin de Bucure\u0219ti","isPartOf":{"@id":"https:\/\/buletin.de\/bucuresti\/#website"},"primaryImageOfPage":{"@id":"https:\/\/buletin.de\/bucuresti\/m6-lucrarile-au-ajuns-la-un-sfert-din-total-pe-sectiunea-sudica-dupa-un-an-de-la-deschiderea-santierului\/#primaryimage"},"image":{"@id":"https:\/\/buletin.de\/bucuresti\/m6-lucrarile-au-ajuns-la-un-sfert-din-total-pe-sectiunea-sudica-dupa-un-an-de-la-deschiderea-santierului\/#primaryimage"},"thumbnailUrl":"https:\/\/buletin.de\/bucuresti\/wp-content\/uploads\/captura-clip-metrorex.png","datePublished":"2025-02-10T12:16:32+00:00","dateModified":"2025-02-10T13:56:07+00:00","description":"Sec\u0163iunea sudic\u0103 a magistralei M6, cea care se desf\u0103\u015foar\u0103 \u00eentre sta\u0163ia 1 Mai \u015fi viitoarea sta\u0163ie Tokyo, este realizat\u0103 25%","breadcrumb":{"@id":"https:\/\/buletin.de\/bucuresti\/m6-lucrarile-au-ajuns-la-un-sfert-din-total-pe-sectiunea-sudica-dupa-un-an-de-la-deschiderea-santierului\/#breadcrumb"},"inLanguage":"en-GB","potentialAction":[{"@type":"ReadAction","target":["https:\/\/buletin.de\/bucuresti\/m6-lucrarile-au-ajuns-la-un-sfert-din-total-pe-sectiunea-sudica-dupa-un-an-de-la-deschiderea-santierului\/"]}]},{"@type":"ImageObject","inLanguage":"en-GB","@id":"https:\/\/buletin.de\/bucuresti\/m6-lucrarile-au-ajuns-la-un-sfert-din-total-pe-sectiunea-sudica-dupa-un-an-de-la-deschiderea-santierului\/#primaryimage","url":"https:\/\/buletin.de\/bucuresti\/wp-content\/uploads\/captura-clip-metrorex.png","contentUrl":"https:\/\/buletin.de\/bucuresti\/wp-content\/uploads\/captura-clip-metrorex.png","width":1903,"height":958,"caption":"Lucr\u0103rile pe sec\u0163iunea sudic\u0103 a M6. FOTO: captur\u0103 video Metrorex"},{"@type":"BreadcrumbList","@id":"https:\/\/buletin.de\/bucuresti\/m6-lucrarile-au-ajuns-la-un-sfert-din-total-pe-sectiunea-sudica-dupa-un-an-de-la-deschiderea-santierului\/#breadcrumb","itemListElement":[{"@type":"ListItem","position":1,"name":"Acas\u0103","item":"https:\/\/buletin.de\/bucuresti\/"},{"@type":"ListItem","position":2,"name":"M6 | Lucr\u0103rile au ajuns la un sfert din total pe sec\u0163iunea sudic\u0103, dup\u0103 un an de la deschiderea \u015fantierului"}]},{"@type":"WebSite","@id":"https:\/\/buletin.de\/bucuresti\/#website","url":"https:\/\/buletin.de\/bucuresti\/","name":"Buletin de Bucure\u0219ti","description":"\u0218tiri \u0219i investiga\u021bii esen\u021biale din capital\u0103","publisher":{"@id":"https:\/\/buletin.de\/bucuresti\/#organization"},"potentialAction":[{"@type":"SearchAction","target":{"@type":"EntryPoint","urlTemplate":"https:\/\/buletin.de\/bucuresti\/?s={search_term_string}"},"query-input":{"@type":"PropertyValueSpecification","valueRequired":true,"valueName":"search_term_string"}}],"inLanguage":"en-GB"},{"@type":"Organization","@id":"https:\/\/buletin.de\/bucuresti\/#organization","name":"Buletin de Bucure\u0219ti","url":"https:\/\/buletin.de\/bucuresti\/","logo":{"@type":"ImageObject","inLanguage":"en-GB","@id":"https:\/\/buletin.de\/bucuresti\/#\/schema\/logo\/image\/","url":"https:\/\/buletin.de\/bucuresti\/wp-content\/uploads\/logo-bdb-full-wide-vernil-transparent.png","contentUrl":"https:\/\/buletin.de\/bucuresti\/wp-content\/uploads\/logo-bdb-full-wide-vernil-transparent.png","width":1782,"height":626,"caption":"Buletin de Bucure\u0219ti"},"image":{"@id":"https:\/\/buletin.de\/bucuresti\/#\/schema\/logo\/image\/"},"sameAs":["https:\/\/www.facebook.com\/buletin.de.buc","https:\/\/www.instagram.com\/buletinde.bucuresti\/"]},{"@type":"Person","@id":"https:\/\/buletin.de\/bucuresti\/#\/schema\/person\/5272b8a057b33890940b57b837fc4ce6","name":"Ionu\u021b Lepa","image":{"@type":"ImageObject","inLanguage":"en-GB","@id":"https:\/\/buletin.de\/bucuresti\/wp-content\/uploads\/Ionut-Lepa-96x96.jpg5c4e4d9e049808799a8821652d2410a4","url":"https:\/\/buletin.de\/bucuresti\/wp-content\/uploads\/Ionut-Lepa-96x96.jpg","contentUrl":"https:\/\/buletin.de\/bucuresti\/wp-content\/uploads\/Ionut-Lepa-96x96.jpg","caption":"Ionu\u021b Lepa"},"url":"https:\/\/buletin.de\/bucuresti\/author\/ionutlepa\/"}]}},"authors":[{"term_id":22586,"user_id":8,"is_guest":0,"slug":"ionutlepa","display_name":"Ionu\u021b Lepa","avatar_url":"https:\/\/buletin.de\/bucuresti\/wp-content\/uploads\/Ionut-Lepa-96x96.jpg","0":null,"1":"","2":"","3":"","4":"","5":"","6":"","7":"","8":""}],"_links":{"self":[{"href":"https:\/\/buletin.de\/bucuresti\/wp-json\/wp\/v2\/posts\/117806","targetHints":{"allow":["GET"]}}],"collection":[{"href":"https:\/\/buletin.de\/bucuresti\/wp-json\/wp\/v2\/posts"}],"about":[{"href":"https:\/\/buletin.de\/bucuresti\/wp-json\/wp\/v2\/types\/post"}],"author":[{"embeddable":true,"href":"https:\/\/buletin.de\/bucuresti\/wp-json\/wp\/v2\/users\/8"}],"replies":[{"embeddable":true,"href":"https:\/\/buletin.de\/bucuresti\/wp-json\/wp\/v2\/comments?post=117806"}],"version-history":[{"count":1,"href":"https:\/\/buletin.de\/bucuresti\/wp-json\/wp\/v2\/posts\/117806\/revisions"}],"predecessor-version":[{"id":117812,"href":"https:\/\/buletin.de\/bucuresti\/wp-json\/wp\/v2\/posts\/117806\/revisions\/117812"}],"wp:featuredmedia":[{"embeddable":true,"href":"https:\/\/buletin.de\/bucuresti\/wp-json\/wp\/v2\/media\/117809"}],"wp:attachment":[{"href":"https:\/\/buletin.de\/bucuresti\/wp-json\/wp\/v2\/media?parent=117806"}],"wp:term":[{"taxonomy":"category","embeddable":true,"href":"https:\/\/buletin.de\/bucuresti\/wp-json\/wp\/v2\/categories?post=117806"},{"taxonomy":"post_tag","embeddable":true,"href":"https:\/\/buletin.de\/bucuresti\/wp-json\/wp\/v2\/tags?post=117806"},{"taxonomy":"author","embeddable":true,"href":"https:\/\/buletin.de\/bucuresti\/wp-json\/wp\/v2\/ppma_author?post=117806"}],"curies":[{"name":"wp","href":"https:\/\/api.w.org\/{rel}","templated":true}]}}