{"id":117802,"date":"2025-02-10T15:17:36","date_gmt":"2025-02-10T12:17:36","guid":{"rendered":"https:\/\/buletin.de\/bucuresti\/?p=117802"},"modified":"2025-02-10T15:17:38","modified_gmt":"2025-02-10T12:17:38","slug":"apa-nova-furnizarea-apei-reci-se-intrerupe-pentru-lucrari-de-modernizare-care-sunt-zonele-afectate","status":"publish","type":"post","link":"https:\/\/buletin.de\/bucuresti\/apa-nova-furnizarea-apei-reci-se-intrerupe-pentru-lucrari-de-modernizare-care-sunt-zonele-afectate\/","title":{"rendered":"Apa Nova | Furnizarea apei reci se \u00eentrerupe pentru lucr\u0103ri de modernizare. Care sunt zonele afectate"},"content":{"rendered":"\n<p><strong>Apa Nova \u00eentrerupe furnizarea apei reci, pentru lucr\u0103ri de modernizare \u0219i de interven\u021bie. Compania are programate \u00eentreruperi \u00een perioada 11\u201114 februarie 2025.<\/strong><\/p>\n\n\n\n<p>Apa Nova \u00eentrerupe ap\u0103 rece, \u00een urm\u0103toarele zone:<\/p>\n\n\n\n<p><strong>13.02.2025, ora 23:30 &#8211; 14.02.2025, ora 04:30<\/strong><\/p>\n\n\n\n<ul class=\"wp-block-list\">\n<li>\u0218oseaua Viilor.<\/li>\n<\/ul>\n\n\n\n<p><strong>14.02.2025, \u00een intervalul orar 11:00- 17:00<\/strong><\/p>\n\n\n\n<ul class=\"wp-block-list\">\n<li>Strada Pandele T\u0103ru\u0219anu;<\/li>\n\n\n\n<li>Bulevardul Gheorghe Duca;<\/li>\n\n\n\n<li>Strada Petru Poni;<\/li>\n\n\n\n<li>Calea Grivi\u021bei;<\/li>\n\n\n\n<li>Strada Ioan Bianu.<\/li>\n<\/ul>\n\n\n\n<p><strong>14.02.2025 &#8211; 14.02.2025, \u00een intervalul orar 00:30- 03:30<\/strong><\/p>\n\n\n\n<ul class=\"wp-block-list\">\n<li>\u0218oseaua Colentina.<\/li>\n<\/ul>\n\n\n\n<p><strong>13.02.2025 &#8211; 13.02.2025, \u00een intervalul orar 00:30- 03:30<\/strong><\/p>\n\n\n\n<ul class=\"wp-block-list\">\n<li>\u0218oseaua \u0218tefan cel Mare;<\/li>\n\n\n\n<li>Aleea Circului<\/li>\n<\/ul>\n\n\n\n<p><strong>13.02.2025 &#8211; 13.02.2025, \u00een intervalul orar 00:30- 03:30<\/strong><\/p>\n\n\n\n<ul class=\"wp-block-list\">\n<li>Bulevardul Dinicu Golescu.<\/li>\n<\/ul>\n\n\n\n<p><strong>12.02.2025 &#8211; 12.02.2025, \u00een intervalul orar 00:30- 03:30<\/strong><\/p>\n\n\n\n<ul class=\"wp-block-list\">\n<li>\u0218oseaua Vergului.<\/li>\n<\/ul>\n\n\n\n<p><strong>12.02.2025 &#8211; 12.02.2025, \u00een intervalul orar 00:30- 03:30<\/strong><\/p>\n\n\n\n<ul class=\"wp-block-list\">\n<li>Calea Grivi\u021bei.<\/li>\n<\/ul>\n\n\n\n<p><strong>11.02.2025 &#8211; 11.02.2025, \u00een intervalul orar 09:00- 19:00<\/strong><\/p>\n\n\n\n<ul class=\"wp-block-list\">\n<li>Bulevardul Bucure\u0219tii Noi;<\/li>\n\n\n\n<li>Strada Tru\u0219e\u0219ti;<\/li>\n\n\n\n<li>Strada Romeo Popescu;<\/li>\n\n\n\n<li>Strada M\u0103n\u0103stirea Dealu.<\/li>\n<\/ul>\n\n\n\n<p><strong>CITE\u0218TE \u0218I:<\/strong>\u00a0<a href=\"https:\/\/buletin.de\/bucuresti\/ziua-internationala-a-sigurantei\/\">Bucure\u0219tenii merg gratuit cu transportul \u00een comun de Ziua Interna\u021bional\u0103 a Siguran\u021bei pe Internet<\/a><\/p>\n\n\n\n<h2 class=\"wp-block-heading\" id=\"h-re\u021bele-electrice-muntenia-intrerupe-curentul-electric-in-bucure\u0219ti-ilfov-\u0219i-giurgiu\">Re\u021bele Electrice Muntenia \u00eentrerupe curentul electric \u00een Bucure\u0219ti, Ilfov \u0219i Giurgiu<\/h2>\n\n\n\n<p><strong><a href=\"https:\/\/www.reteleelectrice.ro\/intreruperi\/programate\/\">Re\u021bele Electrice Muntenia<\/a>&nbsp;\u00eentrerupe curentul electric \u00een Bucure\u0219ti, Ilfov \u0219i Giurgiu, \u00een perioada 10 \u2013 16 februarie. \u00centreruperile sunt necesare din cauza lucr\u0103rilor de repara\u021bii, moderni\u200bzare \u200bsau de mentenan\u021b\u0103, la re\u021beaua electric\u0103<\/strong>,<strong>&nbsp;pe mai multe artere.<\/strong><\/p>\n\n\n\n<p>Sist\u0103rile programate se vor face pentru a asigura capacitatea re\u021belei de a func\u021biona \u0219i alimenta clien\u021bii, \u00een bune condi\u021bii.<\/p>\n\n\n\n<h2 class=\"wp-block-heading\" id=\"h-unde-se-intrerupe-curentul-electric-nbsp-in-bucure\u0219ti\"><strong>Unde se \u00eentrerupe curentul electric<\/strong>&nbsp;\u00een Bucure\u0219ti<\/h2>\n\n\n\n<p><strong>Luni, 10 februarie 2025<\/strong><\/p>\n\n\n\n<ul class=\"wp-block-list\">\n<li>strada Cameliei nr. cu so\u021b \u0219i nr. f\u0103r\u0103 so\u021b tronsonul situat \u00eentre str\u0103zile Berzei \u0219i Bulevardul G\u0103rii de Nord 09:00 \u2013 17:00.<\/li>\n<\/ul>\n\n\n\n<p><strong>CITE\u0218TE \u0218I:&nbsp;<a href=\"https:\/\/buletin.de\/bucuresti\/licitatie-de-355-milioane-lei-pentru-modernizarea-si-intretinerea-retelelor-electrice-din-bucuresti\/\" target=\"_blank\" rel=\"noreferrer noopener\">Licita\u021bie de 355 milioane lei pentru modernizarea \u0219i \u00eentre\u021binerea re\u021belelor electrice din Bucure\u0219ti<\/a><\/strong><\/p>\n\n\n\n<h2 class=\"wp-block-heading\" id=\"h-zonele-afectate-nbsp-in-ilfov\"><strong>Zonele afectate<\/strong>&nbsp;\u00een Ilfov<\/h2>\n\n\n\n<p><strong>Luni, 10 februarie 2025<\/strong><\/p>\n\n\n\n<ul class=\"wp-block-list\">\n<li>Bragadiru, Sm\u00e2rdan, Speran\u021bei, Rahovei, Libert\u0103\u021bii, P\u0103cii, Eroilor, Oituz, C\u00e2mpia Libert\u0103\u021bii, Sipetului, Armisti\u021biului, Ofrandei, str. adiacente 09:00 \u2013 17:00.<\/li>\n<\/ul>\n\n\n\n<p><strong>Mar\u021bi, 11 februarie 2025<\/strong><\/p>\n\n\n\n<ul class=\"wp-block-list\">\n<li>Br\u0103ne\u0219ti, strada IC Br\u0103tianu \u00eentre strada Negru Vod\u0103 \u0219i Industriilor 4, Halelor, Industriilor 1, Industriilor 2, Industriilor 3, Industriilor 4 09:00 \u2013 17:00.<\/li>\n\n\n\n<li>Dragomire\u0219ti Vale + sat Zurbaua, Ghioceilor, Florilor, Rozmarin, Perilor, Nucilor, Vi\u0219inilor, Begoniei, Sanzaenelor, Castanilor, Trandafirilor, Izlazului, Mic\u0219unelelor, str. adiacente 09:00 \u2013 17:00.<\/li>\n<\/ul>\n\n\n\n<p><strong>Miercuri, 12 februarie 2025<\/strong><\/p>\n\n\n\n<ul class=\"wp-block-list\">\n<li>SINTE\u0218TI, PRINCIPAL\u0102 CU ADIACENTE 09:00 \u2013 17:00 (\u00centrerupere).<\/li>\n<\/ul>\n\n\n\n<p><strong>Joi, 13 Februarie 202<\/strong>5<\/p>\n\n\n\n<ul class=\"wp-block-list\">\n<li>Glina, Centura Bucure\u0219ti \u00eentre Autostrad\u0103 Soarelui \u0219i Pod CF Olteni\u021ba, leg\u0103tur\u0103 Autostrad\u0103 A0 cu Autostrada Soarelui zona Manolache. 09:00 \u2013 17:00.<\/li>\n<\/ul>\n\n\n\n<p><strong>CITE\u0218TE \u0218I:<\/strong>&nbsp;<a href=\"https:\/\/buletin.de\/bucuresti\/cum-donezi-3-5-din-impozit-pentru-buletin-de-bucuresti-si-ce-obtii-la-schimb\/\"><strong>Cum donezi 3.5% din impozit pentru Buletin de Bucure\u0219ti \u0219i ce ob\u021bii la schimb<\/strong><\/a><\/p>\n\n\n\n<h2 class=\"wp-block-heading\" id=\"h-unde-se-intrerupe-curentul-electric-nbsp-in-giurgiu\"><strong>Unde se \u00eentrerupe curentul electric<\/strong>&nbsp;\u00een Giurgiu<\/h2>\n\n\n\n<p><strong>Luni, 10 februarie 2025<\/strong><\/p>\n\n\n\n<ul class=\"wp-block-list\">\n<li>Stoene\u0219ti, Str. Principal\u0103, Gr\u0103dinarilor, Lupului, Luncii, Boncii, Fierarilor, Fenedeului, Prunului, Zidarilor 09:00 \u2013 17:00.<\/li>\n<\/ul>\n\n\n\n<p><strong>Mar\u021bi, 11 februarie 2025<\/strong><\/p>\n\n\n\n<ul class=\"wp-block-list\">\n<li>Stoene\u0219ti, Str. Boncii 09:00 \u2013 17:00.<\/li>\n<\/ul>\n\n\n\n<p><strong>Miercuri, 12 februarie 2025<\/strong><\/p>\n\n\n\n<ul class=\"wp-block-list\">\n<li>Stoene\u0219ti, Str. Fierarilor, Fenedeului, Prunului, Zidarilor, Salc\u00e2mului 09:00 \u2013 17:00.<\/li>\n<\/ul>\n\n\n\n<p><strong>Joi, 13 februarie 2025<\/strong><\/p>\n\n\n\n<ul class=\"wp-block-list\">\n<li>Stoene\u0219ti, Str. Fierarilor, Fenedeuului, Prunului, Zidarilor, Salc\u00e2mului 09:00 \u2013 17:00.<\/li>\n<\/ul>\n\n\n\n<p><strong>Vineri, 14 februarie 2025<\/strong><\/p>\n\n\n\n<ul class=\"wp-block-list\">\n<li>Stoene\u0219ti, Str. Fierarilor, Fenedeuului, Prunului, Zidarilor, Salc\u00e2mului 09:00 \u2013 17:00.<\/li>\n<\/ul>\n\n\n\n<p><strong>CITE\u0218TE \u0218I:<\/strong>\u00a0<a href=\"https:\/\/buletin.de\/bucuresti\/greva-de-exces-de-zel-de-la-metrorex-se-amana-continua-greva-japoneza\/\">Greva de exces de zel de la Metrorex se am\u00e2n\u0103. Continu\u0103 greva japonez\u0103<\/a><\/p>\n","protected":false},"excerpt":{"rendered":"<p>Apa Nova \u00eentrerupe furnizarea apei reci, pentru lucr\u0103ri de modernizare \u0219i de interven\u021bie. Compania are programate \u00eentreruperi \u00een perioada 11\u201114 februarie 2025. Apa Nova \u00eentrerupe ap\u0103 rece, \u00een urm\u0103toarele zone: 13.02.2025, ora 23:30 &#8211; 14.02.2025, ora 04:30 14.02.2025, \u00een intervalul orar 11:00- 17:00 14.02.2025 &#8211; 14.02.2025, \u00een intervalul orar 00:30- 03:30 13.02.2025 &#8211; 13.02.2025, \u00een [&hellip;]<\/p>\n","protected":false},"author":49,"featured_media":114156,"comment_status":"closed","ping_status":"open","sticky":false,"template":"","format":"standard","meta":{"_acf_changed":false,"inline_featured_image":false,"ngg_post_thumbnail":0,"footnotes":""},"categories":[6994,62],"tags":[4394,18366,8443],"ppma_author":[22574],"class_list":["post-117802","post","type-post","status-publish","format-standard","has-post-thumbnail","hentry","category-stiri-2","category-stiri","tag-apa-nova","tag-apa-nova-intreruperi-apa","tag-retele-electrice"],"acf":[],"yoast_head":"<!-- This site is optimized with the Yoast SEO Premium plugin v25.3 (Yoast SEO v27.5) - https:\/\/yoast.com\/product\/yoast-seo-premium-wordpress\/ -->\n<title>Apa Nova | Furnizarea apei reci se \u00eentrerupe pentru lucr\u0103ri de modernizare. Care sunt zonele afectate - Buletin de Bucure\u0219ti<\/title>\n<meta name=\"description\" content=\"Apa Nova. Furnizarea apei reci se \u00eentrerupe pentru lucr\u0103ri de modernizare. Care sunt zonele afectate, in Bucuresti.\" \/>\n<meta name=\"robots\" content=\"index, follow, max-snippet:-1, max-image-preview:large, max-video-preview:-1\" \/>\n<link rel=\"canonical\" href=\"https:\/\/buletin.de\/bucuresti\/apa-nova-furnizarea-apei-reci-se-intrerupe-pentru-lucrari-de-modernizare-care-sunt-zonele-afectate\/\" \/>\n<meta property=\"og:locale\" content=\"en_GB\" \/>\n<meta property=\"og:type\" content=\"article\" \/>\n<meta property=\"og:title\" content=\"Apa Nova | Furnizarea apei reci se \u00eentrerupe pentru lucr\u0103ri de modernizare. Care sunt zonele afectate\" \/>\n<meta property=\"og:description\" content=\"Apa Nova. Furnizarea apei reci se \u00eentrerupe pentru lucr\u0103ri de modernizare. Care sunt zonele afectate, in Bucuresti.\" \/>\n<meta property=\"og:url\" content=\"https:\/\/buletin.de\/bucuresti\/apa-nova-furnizarea-apei-reci-se-intrerupe-pentru-lucrari-de-modernizare-care-sunt-zonele-afectate\/\" \/>\n<meta property=\"og:site_name\" content=\"Buletin de Bucure\u0219ti\" \/>\n<meta property=\"article:publisher\" content=\"https:\/\/www.facebook.com\/buletin.de.buc\" \/>\n<meta property=\"article:published_time\" content=\"2025-02-10T12:17:36+00:00\" \/>\n<meta property=\"article:modified_time\" content=\"2025-02-10T12:17:38+00:00\" \/>\n<meta property=\"og:image\" content=\"https:\/\/buletin.de\/bucuresti\/wp-content\/uploads\/lucrari-Uverturii-c-1260x709-1.webp\" \/>\n\t<meta property=\"og:image:width\" content=\"1260\" \/>\n\t<meta property=\"og:image:height\" content=\"709\" \/>\n\t<meta property=\"og:image:type\" content=\"image\/webp\" \/>\n<meta name=\"author\" content=\"Diana Matei\" \/>\n<meta name=\"twitter:card\" content=\"summary_large_image\" \/>\n<meta name=\"twitter:label1\" content=\"Written by\" \/>\n\t<meta name=\"twitter:data1\" content=\"Diana Matei\" \/>\n\t<meta name=\"twitter:label2\" content=\"Estimated reading time\" \/>\n\t<meta name=\"twitter:data2\" content=\"3 minutes\" \/>\n<script type=\"application\/ld+json\" class=\"yoast-schema-graph\">{\"@context\":\"https:\\\/\\\/schema.org\",\"@graph\":[{\"@type\":\"Article\",\"@id\":\"https:\\\/\\\/buletin.de\\\/bucuresti\\\/apa-nova-furnizarea-apei-reci-se-intrerupe-pentru-lucrari-de-modernizare-care-sunt-zonele-afectate\\\/#article\",\"isPartOf\":{\"@id\":\"https:\\\/\\\/buletin.de\\\/bucuresti\\\/apa-nova-furnizarea-apei-reci-se-intrerupe-pentru-lucrari-de-modernizare-care-sunt-zonele-afectate\\\/\"},\"author\":{\"name\":\"Diana Matei\",\"@id\":\"https:\\\/\\\/buletin.de\\\/bucuresti\\\/#\\\/schema\\\/person\\\/7e46040573290777280a0835d81ea4ea\"},\"headline\":\"Apa Nova | Furnizarea apei reci se \u00eentrerupe pentru lucr\u0103ri de modernizare. Care sunt zonele afectate\",\"datePublished\":\"2025-02-10T12:17:36+00:00\",\"dateModified\":\"2025-02-10T12:17:38+00:00\",\"mainEntityOfPage\":{\"@id\":\"https:\\\/\\\/buletin.de\\\/bucuresti\\\/apa-nova-furnizarea-apei-reci-se-intrerupe-pentru-lucrari-de-modernizare-care-sunt-zonele-afectate\\\/\"},\"wordCount\":487,\"publisher\":{\"@id\":\"https:\\\/\\\/buletin.de\\\/bucuresti\\\/#organization\"},\"image\":{\"@id\":\"https:\\\/\\\/buletin.de\\\/bucuresti\\\/apa-nova-furnizarea-apei-reci-se-intrerupe-pentru-lucrari-de-modernizare-care-sunt-zonele-afectate\\\/#primaryimage\"},\"thumbnailUrl\":\"https:\\\/\\\/buletin.de\\\/bucuresti\\\/wp-content\\\/uploads\\\/lucrari-Uverturii-c-1260x709-1.webp\",\"keywords\":[\"Apa Nova\",\"Apa Nova intreruperi apa\",\"retele electrice\"],\"articleSection\":[\"Articole\",\"\u0218tiri\"],\"inLanguage\":\"en-GB\",\"copyrightYear\":\"2025\",\"copyrightHolder\":{\"@id\":\"https:\\\/\\\/buletin.de\\\/bucuresti\\\/#organization\"}},{\"@type\":\"WebPage\",\"@id\":\"https:\\\/\\\/buletin.de\\\/bucuresti\\\/apa-nova-furnizarea-apei-reci-se-intrerupe-pentru-lucrari-de-modernizare-care-sunt-zonele-afectate\\\/\",\"url\":\"https:\\\/\\\/buletin.de\\\/bucuresti\\\/apa-nova-furnizarea-apei-reci-se-intrerupe-pentru-lucrari-de-modernizare-care-sunt-zonele-afectate\\\/\",\"name\":\"Apa Nova | Furnizarea apei reci se \u00eentrerupe pentru lucr\u0103ri de modernizare. Care sunt zonele afectate - Buletin de Bucure\u0219ti\",\"isPartOf\":{\"@id\":\"https:\\\/\\\/buletin.de\\\/bucuresti\\\/#website\"},\"primaryImageOfPage\":{\"@id\":\"https:\\\/\\\/buletin.de\\\/bucuresti\\\/apa-nova-furnizarea-apei-reci-se-intrerupe-pentru-lucrari-de-modernizare-care-sunt-zonele-afectate\\\/#primaryimage\"},\"image\":{\"@id\":\"https:\\\/\\\/buletin.de\\\/bucuresti\\\/apa-nova-furnizarea-apei-reci-se-intrerupe-pentru-lucrari-de-modernizare-care-sunt-zonele-afectate\\\/#primaryimage\"},\"thumbnailUrl\":\"https:\\\/\\\/buletin.de\\\/bucuresti\\\/wp-content\\\/uploads\\\/lucrari-Uverturii-c-1260x709-1.webp\",\"datePublished\":\"2025-02-10T12:17:36+00:00\",\"dateModified\":\"2025-02-10T12:17:38+00:00\",\"description\":\"Apa Nova. Furnizarea apei reci se \u00eentrerupe pentru lucr\u0103ri de modernizare. Care sunt zonele afectate, in Bucuresti.\",\"breadcrumb\":{\"@id\":\"https:\\\/\\\/buletin.de\\\/bucuresti\\\/apa-nova-furnizarea-apei-reci-se-intrerupe-pentru-lucrari-de-modernizare-care-sunt-zonele-afectate\\\/#breadcrumb\"},\"inLanguage\":\"en-GB\",\"potentialAction\":[{\"@type\":\"ReadAction\",\"target\":[\"https:\\\/\\\/buletin.de\\\/bucuresti\\\/apa-nova-furnizarea-apei-reci-se-intrerupe-pentru-lucrari-de-modernizare-care-sunt-zonele-afectate\\\/\"]}]},{\"@type\":\"ImageObject\",\"inLanguage\":\"en-GB\",\"@id\":\"https:\\\/\\\/buletin.de\\\/bucuresti\\\/apa-nova-furnizarea-apei-reci-se-intrerupe-pentru-lucrari-de-modernizare-care-sunt-zonele-afectate\\\/#primaryimage\",\"url\":\"https:\\\/\\\/buletin.de\\\/bucuresti\\\/wp-content\\\/uploads\\\/lucrari-Uverturii-c-1260x709-1.webp\",\"contentUrl\":\"https:\\\/\\\/buletin.de\\\/bucuresti\\\/wp-content\\\/uploads\\\/lucrari-Uverturii-c-1260x709-1.webp\",\"width\":1260,\"height\":709,\"caption\":\"Apa Nova | Furnizarea apei reci se \u00eentrerupe pentru lucr\u0103ri de modernizare. Care sunt zonele afectate FOTO: Apa Nova\\\/Facebook\"},{\"@type\":\"BreadcrumbList\",\"@id\":\"https:\\\/\\\/buletin.de\\\/bucuresti\\\/apa-nova-furnizarea-apei-reci-se-intrerupe-pentru-lucrari-de-modernizare-care-sunt-zonele-afectate\\\/#breadcrumb\",\"itemListElement\":[{\"@type\":\"ListItem\",\"position\":1,\"name\":\"Acas\u0103\",\"item\":\"https:\\\/\\\/buletin.de\\\/bucuresti\\\/\"},{\"@type\":\"ListItem\",\"position\":2,\"name\":\"Apa Nova | Furnizarea apei reci se \u00eentrerupe pentru lucr\u0103ri de modernizare. Care sunt zonele afectate\"}]},{\"@type\":\"WebSite\",\"@id\":\"https:\\\/\\\/buletin.de\\\/bucuresti\\\/#website\",\"url\":\"https:\\\/\\\/buletin.de\\\/bucuresti\\\/\",\"name\":\"Buletin de Bucure\u0219ti\",\"description\":\"\u0218tiri \u0219i investiga\u021bii esen\u021biale din capital\u0103\",\"publisher\":{\"@id\":\"https:\\\/\\\/buletin.de\\\/bucuresti\\\/#organization\"},\"potentialAction\":[{\"@type\":\"SearchAction\",\"target\":{\"@type\":\"EntryPoint\",\"urlTemplate\":\"https:\\\/\\\/buletin.de\\\/bucuresti\\\/?s={search_term_string}\"},\"query-input\":{\"@type\":\"PropertyValueSpecification\",\"valueRequired\":true,\"valueName\":\"search_term_string\"}}],\"inLanguage\":\"en-GB\"},{\"@type\":\"Organization\",\"@id\":\"https:\\\/\\\/buletin.de\\\/bucuresti\\\/#organization\",\"name\":\"Buletin de Bucure\u0219ti\",\"url\":\"https:\\\/\\\/buletin.de\\\/bucuresti\\\/\",\"logo\":{\"@type\":\"ImageObject\",\"inLanguage\":\"en-GB\",\"@id\":\"https:\\\/\\\/buletin.de\\\/bucuresti\\\/#\\\/schema\\\/logo\\\/image\\\/\",\"url\":\"https:\\\/\\\/buletin.de\\\/bucuresti\\\/wp-content\\\/uploads\\\/logo-bdb-full-wide-vernil-transparent.png\",\"contentUrl\":\"https:\\\/\\\/buletin.de\\\/bucuresti\\\/wp-content\\\/uploads\\\/logo-bdb-full-wide-vernil-transparent.png\",\"width\":1782,\"height\":626,\"caption\":\"Buletin de Bucure\u0219ti\"},\"image\":{\"@id\":\"https:\\\/\\\/buletin.de\\\/bucuresti\\\/#\\\/schema\\\/logo\\\/image\\\/\"},\"sameAs\":[\"https:\\\/\\\/www.facebook.com\\\/buletin.de.buc\",\"https:\\\/\\\/www.instagram.com\\\/buletinde.bucuresti\\\/\"]},{\"@type\":\"Person\",\"@id\":\"https:\\\/\\\/buletin.de\\\/bucuresti\\\/#\\\/schema\\\/person\\\/7e46040573290777280a0835d81ea4ea\",\"name\":\"Diana Matei\",\"image\":{\"@type\":\"ImageObject\",\"inLanguage\":\"en-GB\",\"@id\":\"https:\\\/\\\/buletin.de\\\/bucuresti\\\/wp-content\\\/uploads\\\/9-2-96x96.jpg1e8590b30871d70e62ebcdaf2eff570c\",\"url\":\"https:\\\/\\\/buletin.de\\\/bucuresti\\\/wp-content\\\/uploads\\\/9-2-96x96.jpg\",\"contentUrl\":\"https:\\\/\\\/buletin.de\\\/bucuresti\\\/wp-content\\\/uploads\\\/9-2-96x96.jpg\",\"caption\":\"Diana Matei\"},\"url\":\"https:\\\/\\\/buletin.de\\\/bucuresti\\\/author\\\/dianamatei\\\/\"}]}<\/script>\n<!-- \/ Yoast SEO Premium plugin. -->","yoast_head_json":{"title":"Apa Nova | Furnizarea apei reci se \u00eentrerupe pentru lucr\u0103ri de modernizare. Care sunt zonele afectate - Buletin de Bucure\u0219ti","description":"Apa Nova. Furnizarea apei reci se \u00eentrerupe pentru lucr\u0103ri de modernizare. Care sunt zonele afectate, in Bucuresti.","robots":{"index":"index","follow":"follow","max-snippet":"max-snippet:-1","max-image-preview":"max-image-preview:large","max-video-preview":"max-video-preview:-1"},"canonical":"https:\/\/buletin.de\/bucuresti\/apa-nova-furnizarea-apei-reci-se-intrerupe-pentru-lucrari-de-modernizare-care-sunt-zonele-afectate\/","og_locale":"en_GB","og_type":"article","og_title":"Apa Nova | Furnizarea apei reci se \u00eentrerupe pentru lucr\u0103ri de modernizare. Care sunt zonele afectate","og_description":"Apa Nova. Furnizarea apei reci se \u00eentrerupe pentru lucr\u0103ri de modernizare. Care sunt zonele afectate, in Bucuresti.","og_url":"https:\/\/buletin.de\/bucuresti\/apa-nova-furnizarea-apei-reci-se-intrerupe-pentru-lucrari-de-modernizare-care-sunt-zonele-afectate\/","og_site_name":"Buletin de Bucure\u0219ti","article_publisher":"https:\/\/www.facebook.com\/buletin.de.buc","article_published_time":"2025-02-10T12:17:36+00:00","article_modified_time":"2025-02-10T12:17:38+00:00","og_image":[{"width":1260,"height":709,"url":"https:\/\/buletin.de\/bucuresti\/wp-content\/uploads\/lucrari-Uverturii-c-1260x709-1.webp","type":"image\/webp"}],"author":"Diana Matei","twitter_card":"summary_large_image","twitter_misc":{"Written by":"Diana Matei","Estimated reading time":"3 minutes"},"schema":{"@context":"https:\/\/schema.org","@graph":[{"@type":"Article","@id":"https:\/\/buletin.de\/bucuresti\/apa-nova-furnizarea-apei-reci-se-intrerupe-pentru-lucrari-de-modernizare-care-sunt-zonele-afectate\/#article","isPartOf":{"@id":"https:\/\/buletin.de\/bucuresti\/apa-nova-furnizarea-apei-reci-se-intrerupe-pentru-lucrari-de-modernizare-care-sunt-zonele-afectate\/"},"author":{"name":"Diana Matei","@id":"https:\/\/buletin.de\/bucuresti\/#\/schema\/person\/7e46040573290777280a0835d81ea4ea"},"headline":"Apa Nova | Furnizarea apei reci se \u00eentrerupe pentru lucr\u0103ri de modernizare. Care sunt zonele afectate","datePublished":"2025-02-10T12:17:36+00:00","dateModified":"2025-02-10T12:17:38+00:00","mainEntityOfPage":{"@id":"https:\/\/buletin.de\/bucuresti\/apa-nova-furnizarea-apei-reci-se-intrerupe-pentru-lucrari-de-modernizare-care-sunt-zonele-afectate\/"},"wordCount":487,"publisher":{"@id":"https:\/\/buletin.de\/bucuresti\/#organization"},"image":{"@id":"https:\/\/buletin.de\/bucuresti\/apa-nova-furnizarea-apei-reci-se-intrerupe-pentru-lucrari-de-modernizare-care-sunt-zonele-afectate\/#primaryimage"},"thumbnailUrl":"https:\/\/buletin.de\/bucuresti\/wp-content\/uploads\/lucrari-Uverturii-c-1260x709-1.webp","keywords":["Apa Nova","Apa Nova intreruperi apa","retele electrice"],"articleSection":["Articole","\u0218tiri"],"inLanguage":"en-GB","copyrightYear":"2025","copyrightHolder":{"@id":"https:\/\/buletin.de\/bucuresti\/#organization"}},{"@type":"WebPage","@id":"https:\/\/buletin.de\/bucuresti\/apa-nova-furnizarea-apei-reci-se-intrerupe-pentru-lucrari-de-modernizare-care-sunt-zonele-afectate\/","url":"https:\/\/buletin.de\/bucuresti\/apa-nova-furnizarea-apei-reci-se-intrerupe-pentru-lucrari-de-modernizare-care-sunt-zonele-afectate\/","name":"Apa Nova | Furnizarea apei reci se \u00eentrerupe pentru lucr\u0103ri de modernizare. Care sunt zonele afectate - Buletin de Bucure\u0219ti","isPartOf":{"@id":"https:\/\/buletin.de\/bucuresti\/#website"},"primaryImageOfPage":{"@id":"https:\/\/buletin.de\/bucuresti\/apa-nova-furnizarea-apei-reci-se-intrerupe-pentru-lucrari-de-modernizare-care-sunt-zonele-afectate\/#primaryimage"},"image":{"@id":"https:\/\/buletin.de\/bucuresti\/apa-nova-furnizarea-apei-reci-se-intrerupe-pentru-lucrari-de-modernizare-care-sunt-zonele-afectate\/#primaryimage"},"thumbnailUrl":"https:\/\/buletin.de\/bucuresti\/wp-content\/uploads\/lucrari-Uverturii-c-1260x709-1.webp","datePublished":"2025-02-10T12:17:36+00:00","dateModified":"2025-02-10T12:17:38+00:00","description":"Apa Nova. Furnizarea apei reci se \u00eentrerupe pentru lucr\u0103ri de modernizare. Care sunt zonele afectate, in Bucuresti.","breadcrumb":{"@id":"https:\/\/buletin.de\/bucuresti\/apa-nova-furnizarea-apei-reci-se-intrerupe-pentru-lucrari-de-modernizare-care-sunt-zonele-afectate\/#breadcrumb"},"inLanguage":"en-GB","potentialAction":[{"@type":"ReadAction","target":["https:\/\/buletin.de\/bucuresti\/apa-nova-furnizarea-apei-reci-se-intrerupe-pentru-lucrari-de-modernizare-care-sunt-zonele-afectate\/"]}]},{"@type":"ImageObject","inLanguage":"en-GB","@id":"https:\/\/buletin.de\/bucuresti\/apa-nova-furnizarea-apei-reci-se-intrerupe-pentru-lucrari-de-modernizare-care-sunt-zonele-afectate\/#primaryimage","url":"https:\/\/buletin.de\/bucuresti\/wp-content\/uploads\/lucrari-Uverturii-c-1260x709-1.webp","contentUrl":"https:\/\/buletin.de\/bucuresti\/wp-content\/uploads\/lucrari-Uverturii-c-1260x709-1.webp","width":1260,"height":709,"caption":"Apa Nova | Furnizarea apei reci se \u00eentrerupe pentru lucr\u0103ri de modernizare. Care sunt zonele afectate FOTO: Apa Nova\/Facebook"},{"@type":"BreadcrumbList","@id":"https:\/\/buletin.de\/bucuresti\/apa-nova-furnizarea-apei-reci-se-intrerupe-pentru-lucrari-de-modernizare-care-sunt-zonele-afectate\/#breadcrumb","itemListElement":[{"@type":"ListItem","position":1,"name":"Acas\u0103","item":"https:\/\/buletin.de\/bucuresti\/"},{"@type":"ListItem","position":2,"name":"Apa Nova | Furnizarea apei reci se \u00eentrerupe pentru lucr\u0103ri de modernizare. Care sunt zonele afectate"}]},{"@type":"WebSite","@id":"https:\/\/buletin.de\/bucuresti\/#website","url":"https:\/\/buletin.de\/bucuresti\/","name":"Buletin de Bucure\u0219ti","description":"\u0218tiri \u0219i investiga\u021bii esen\u021biale din capital\u0103","publisher":{"@id":"https:\/\/buletin.de\/bucuresti\/#organization"},"potentialAction":[{"@type":"SearchAction","target":{"@type":"EntryPoint","urlTemplate":"https:\/\/buletin.de\/bucuresti\/?s={search_term_string}"},"query-input":{"@type":"PropertyValueSpecification","valueRequired":true,"valueName":"search_term_string"}}],"inLanguage":"en-GB"},{"@type":"Organization","@id":"https:\/\/buletin.de\/bucuresti\/#organization","name":"Buletin de Bucure\u0219ti","url":"https:\/\/buletin.de\/bucuresti\/","logo":{"@type":"ImageObject","inLanguage":"en-GB","@id":"https:\/\/buletin.de\/bucuresti\/#\/schema\/logo\/image\/","url":"https:\/\/buletin.de\/bucuresti\/wp-content\/uploads\/logo-bdb-full-wide-vernil-transparent.png","contentUrl":"https:\/\/buletin.de\/bucuresti\/wp-content\/uploads\/logo-bdb-full-wide-vernil-transparent.png","width":1782,"height":626,"caption":"Buletin de Bucure\u0219ti"},"image":{"@id":"https:\/\/buletin.de\/bucuresti\/#\/schema\/logo\/image\/"},"sameAs":["https:\/\/www.facebook.com\/buletin.de.buc","https:\/\/www.instagram.com\/buletinde.bucuresti\/"]},{"@type":"Person","@id":"https:\/\/buletin.de\/bucuresti\/#\/schema\/person\/7e46040573290777280a0835d81ea4ea","name":"Diana Matei","image":{"@type":"ImageObject","inLanguage":"en-GB","@id":"https:\/\/buletin.de\/bucuresti\/wp-content\/uploads\/9-2-96x96.jpg1e8590b30871d70e62ebcdaf2eff570c","url":"https:\/\/buletin.de\/bucuresti\/wp-content\/uploads\/9-2-96x96.jpg","contentUrl":"https:\/\/buletin.de\/bucuresti\/wp-content\/uploads\/9-2-96x96.jpg","caption":"Diana Matei"},"url":"https:\/\/buletin.de\/bucuresti\/author\/dianamatei\/"}]}},"authors":[{"term_id":22574,"user_id":49,"is_guest":0,"slug":"dianamatei","display_name":"Diana Matei","avatar_url":"https:\/\/buletin.de\/bucuresti\/wp-content\/uploads\/9-2-96x96.jpg","0":null,"1":"","2":"","3":"","4":"","5":"","6":"","7":"","8":""}],"_links":{"self":[{"href":"https:\/\/buletin.de\/bucuresti\/wp-json\/wp\/v2\/posts\/117802","targetHints":{"allow":["GET"]}}],"collection":[{"href":"https:\/\/buletin.de\/bucuresti\/wp-json\/wp\/v2\/posts"}],"about":[{"href":"https:\/\/buletin.de\/bucuresti\/wp-json\/wp\/v2\/types\/post"}],"author":[{"embeddable":true,"href":"https:\/\/buletin.de\/bucuresti\/wp-json\/wp\/v2\/users\/49"}],"replies":[{"embeddable":true,"href":"https:\/\/buletin.de\/bucuresti\/wp-json\/wp\/v2\/comments?post=117802"}],"version-history":[{"count":2,"href":"https:\/\/buletin.de\/bucuresti\/wp-json\/wp\/v2\/posts\/117802\/revisions"}],"predecessor-version":[{"id":117810,"href":"https:\/\/buletin.de\/bucuresti\/wp-json\/wp\/v2\/posts\/117802\/revisions\/117810"}],"wp:featuredmedia":[{"embeddable":true,"href":"https:\/\/buletin.de\/bucuresti\/wp-json\/wp\/v2\/media\/114156"}],"wp:attachment":[{"href":"https:\/\/buletin.de\/bucuresti\/wp-json\/wp\/v2\/media?parent=117802"}],"wp:term":[{"taxonomy":"category","embeddable":true,"href":"https:\/\/buletin.de\/bucuresti\/wp-json\/wp\/v2\/categories?post=117802"},{"taxonomy":"post_tag","embeddable":true,"href":"https:\/\/buletin.de\/bucuresti\/wp-json\/wp\/v2\/tags?post=117802"},{"taxonomy":"author","embeddable":true,"href":"https:\/\/buletin.de\/bucuresti\/wp-json\/wp\/v2\/ppma_author?post=117802"}],"curies":[{"name":"wp","href":"https:\/\/api.w.org\/{rel}","templated":true}]}}