{"id":117783,"date":"2025-02-10T13:52:46","date_gmt":"2025-02-10T10:52:46","guid":{"rendered":"https:\/\/buletin.de\/bucuresti\/?p=117783"},"modified":"2025-02-10T16:33:08","modified_gmt":"2025-02-10T13:33:08","slug":"ziua-internationala-a-sigurantei","status":"publish","type":"post","link":"https:\/\/buletin.de\/bucuresti\/ziua-internationala-a-sigurantei\/","title":{"rendered":"Bucure\u0219tenii merg gratuit cu transportul \u00een comun de Ziua Interna\u021bional\u0103 a Siguran\u021bei pe Internet"},"content":{"rendered":"\n<p><strong>De Ziua Interna\u021bional\u0103 a Siguran\u021bei pe Internet, adul\u021bii \u0219i tinerii cu v\u00e2rsta de peste 14 ani \u00ee\u0219i pot testa cuno\u0219tin\u021bele \u00een privin\u021ba fraudelor online. Mar\u021bi, 11 februarie 2025, ace\u0219tia pot participa a un concurs organizat, \u00eentre orele 9:00\u201118:00, \u00een pasajul pietonal subteran de la Pia\u021ba Universit\u0103\u021bii.<\/strong><\/p>\n\n\n\n<p>\u00cen urma particip\u0103rii la acest concurs, cet\u0103\u021benii pot c\u00e2\u0219tiga c\u0103l\u0103torii gratuite, cu transportul \u00een comun, \u00een Bucure\u0219ti. <strong><em>Biletele au fost achizi\u021bionate, \u00een prealabil, de organizatorii campaniei.<\/em><\/strong> Concursul este organizat \u00een cadrul proiectului na\u021bional de prevenire a criminalit\u0103\u021bii informatice <strong>#Siguran\u021baOnline<\/strong> \u0219i este derulat de <a href=\"https:\/\/dnsc.ro\/citeste\/comunicat-de-presa-sigurantaonline-poti-calatori-gratuit-prin-bucuresti-daca-stii-sa-te-protejezi-de-fraudele-online\">Directoratul Na\u021bional de Securitate Cibernetic\u0103 (DNSC), Poli\u021bia Rom\u00e2n\u0103<\/a> \u0219i Asocia\u021bia Rom\u00e2n\u0103 a B\u0103ncilor.<\/p>\n\n\n\n<p>Concursul, dedicat protec\u021biei datelor \u0219i prevenirii fraudelor din mediul online, se nume\u0219te <strong>\u201eAntreneaz\u0103-te \u0219i ajungi departe \u00een siguran\u021b\u0103\u201d<\/strong>.<\/p>\n\n\n\n<p>Participan\u021bii vor trebui s\u0103 r\u0103spund\u0103 la un quiz despre fraude online, fake news, deepfake \u0219i protec\u021bia datelor personale. Concuren\u021bii care ob\u021bin un scor de 100% vor primi c\u0103l\u0103torii gratuite, cu mijloacele de transport \u00een comun.<\/p>\n\n\n\n<blockquote class=\"wp-block-quote is-layout-flow wp-block-quote-is-layout-flow\">\n<p>Pe parcursul zilei, speciali\u0219tii \u00een securitate cibernetic\u0103 vor oferi sfaturi despre protec\u021bia datelor personale \u0219i bancare online,&nbsp; identificarea tentativelor de fraud\u0103 \u0219i a mesajelor nesigure, cum se pot recunoa\u0219te imaginile \u0219i videoclipurile deepfake \u0219i cum putem verifica sursele unei \u0219tiri \u00eenainte de a o distribui.<\/p>\n<\/blockquote>\n\n\n\n<p><strong>CITE\u0218TE \u0218I: <\/strong><a href=\"https:\/\/buletin.de\/bucuresti\/mai-multe-cladiri-din-bucuresti-vor-fi-iluminate-in-rosu-de-ziua-europeana-a-numarului-de-urgenta-112\/\">Mai multe cl\u0103diri din Bucure\u0219ti vor fi iluminate \u00een ro\u0219u, de Ziua European\u0103 a Num\u0103rului de Urgen\u021b\u0103 112<\/a><\/p>\n\n\n\n<h2 class=\"wp-block-heading\" id=\"h-sfaturi-pentru-a-fi-in-siguran\u021ba-online\"><strong>Sfaturi pentru a fi \u00een siguran\u021b\u0103 online<\/strong><\/h2>\n\n\n\n<p><br><strong>Directoratul Na\u021bional de Securitate Cibernetic\u0103 (DNSC)<\/strong> ofer\u0103 sfaturi cet\u0103\u021benilor, pentru protec\u021bia \u00een mediul online.<\/p>\n\n\n\n<ul class=\"wp-block-list\">\n<li><strong>Nu da click pe link-uri suspecte<\/strong> \u2013 Mesajele nesolicitate care \u00ee\u021bi cer date personale sau te gr\u0103besc s\u0103 iei o decizie sunt, de obicei, tentative de fraud\u0103.<\/li>\n\n\n\n<li><strong>Verific<\/strong><strong>\u0103<\/strong><strong> sursa informa<\/strong><strong>\u021b<\/strong><strong>iilor<\/strong> \u2013 Dac\u0103 o \u0219tire pare prea \u0219ocant\u0103 sau prea bun\u0103 ca s\u0103 fie adev\u0103rat\u0103, verific\u0103 dac\u0103 este publicat\u0103 \u0219i de alte surse credibile.<\/li>\n\n\n\n<li><strong>Aten<\/strong><strong>\u021b<\/strong><strong>ie la deepfake-uri<\/strong> \u2013 Videoclipurile \u0219i imaginile pot fi modificate digital pentru a p\u0103rea reale. Analizeaz\u0103 expresiile faciale, mi\u0219carea gurii \u0219i vocea pentru indicii de falsificare.<\/li>\n\n\n\n<li><strong>Aten<\/strong><strong>\u021b<\/strong><strong>ie la datele bancare<\/strong> &#8211; Nu furniza\u021bi niciodat\u0103 datele de conectare la Internet\/Mobile Banking \u0219i nici datele de pe fa\u021ba \u0219i spatele cardului! Datele de card se folosesc doar de utilizatorul acestuia c\u00e2nd efectueaz\u0103 pl\u0103\u021bi pe site-uri securizate \u0219i nu atunci c\u00e2nd este conectat la o re\u021bea WI-FI public\u0103.<\/li>\n\n\n\n<li><strong>Folose<\/strong><strong>\u0219<\/strong><strong>te parole puternice <\/strong><strong>\u0219<\/strong><strong>i unice<\/strong> \u2013 Evit\u0103 parolele simple \u0219i nu folosi aceea\u0219i parol\u0103 pe mai multe platforme. Activeaz\u0103 autentificarea \u00een doi pa\u0219i pentru securitate sporit\u0103.<\/li>\n\n\n\n<li><strong>Nu distribui date personale <\/strong><strong>\u00ee<\/strong><strong>n spa<\/strong><strong>\u021b<\/strong><strong>iul public<\/strong> \u2013 Informa\u021biile tale pot fi folosite pentru a crea conturi false sau pentru a fi \u021binta unor atacuri cibernetice.<\/li>\n\n\n\n<li><strong>Verific\u0103 \u00eentotdeauna c\u0103 un site este oficial \u0219i sigur<\/strong> \u2013 asigur\u0103-te c\u0103 adresa \u00eencepe cu \u201chttps:\/\/\u201d \u0219i c\u0103 apare simbolul lac\u0103tului \u00een bara de adrese, semne clare c\u0103 site-ul protejeaz\u0103 informa\u021biile tale. Doar prezen\u021ba sa \u00eens\u0103 nu este suficient\u0103. Cite\u0219te cu aten\u021bie numele de domeniu, deoarece atacatorii se folosesc uneori de cifre sau simboluri asem\u0103n\u0103toare cu litere pentru a induce \u00een eroare (ex: cifra 0 \u00een locul literei o).<\/li>\n<\/ul>\n\n\n\n<h2 class=\"wp-block-heading\" id=\"h-ziua-interna\u021bionala-a-siguran\u021bei-pe-internet\">Ziua Interna\u021bional\u0103 a Siguran\u021bei pe Internet <\/h2>\n\n\n\n<p><strong>Ziua Interna\u021bional\u0103 a Siguran\u021bei pe Internet <\/strong>se organizeaz\u0103 la nivel mondial. Sub sloganul \u201e\u00cempreun\u0103 pentru un internet mai bun\u201d, \u00een aceast\u0103 zi, societatea este \u00eencurajat\u0103 s\u0103 se informeze cu privire la principalele riscuri pe care le implic\u0103 folosirea mediului online \u0219i modalit\u0103\u021bile de prevenire \u0219i evitare a acestora.<\/p>\n\n\n\n<blockquote class=\"wp-block-quote is-layout-flow wp-block-quote-is-layout-flow\">\n<p>Proiectul <strong>#Siguran\u021baOnline<\/strong> are scopul de a informa adul\u021bii \u0219i de a educa tinerii \u0219i copiii, \u00eenc\u0103 de la o v\u00e2rst\u0103 fraged\u0103, cu privire la m\u0103surile de siguran\u021b\u0103 necesare pentru a evita s\u0103 devin\u0103 victime ale fraudelor informatice, ale pornografiei infantile sau ale atacurilor de tip malware \u0219i nu numai<\/p>\n<\/blockquote>\n\n\n\n<p><strong>CITE\u0218TE \u0218I:<\/strong> <a href=\"https:\/\/buletin.de\/bucuresti\/mamma-mia-revine-la-sala-palatului-in-martie\/\">\u201eMAMMA MIA!\u201d revine la Sala Palatului, \u00een martie<\/a><\/p>\n","protected":false},"excerpt":{"rendered":"<p>De Ziua Interna\u021bional\u0103 a Siguran\u021bei pe Internet, adul\u021bii \u0219i tinerii cu v\u00e2rsta de peste 14 ani \u00ee\u0219i pot testa cuno\u0219tin\u021bele \u00een privin\u021ba fraudelor online. Mar\u021bi, 11 februarie 2025, ace\u0219tia pot participa a un concurs organizat, \u00eentre orele 9:00\u201118:00, \u00een pasajul pietonal subteran de la Pia\u021ba Universit\u0103\u021bii. \u00cen urma particip\u0103rii la acest concurs, cet\u0103\u021benii pot c\u00e2\u0219tiga [&hellip;]<\/p>\n","protected":false},"author":49,"featured_media":117796,"comment_status":"closed","ping_status":"open","sticky":false,"template":"","format":"standard","meta":{"_acf_changed":false,"inline_featured_image":false,"ngg_post_thumbnail":0,"footnotes":""},"categories":[6994,62,650],"tags":[8624,19039,19037],"ppma_author":[22574],"class_list":["post-117783","post","type-post","status-publish","format-standard","has-post-thumbnail","hentry","category-stiri-2","category-stiri","category-transport","tag-piata-universitatii-2","tag-siguranta-pe-internet","tag-ziua-internationala-a-sigurantei-pe-internet"],"acf":[],"yoast_head":"<!-- This site is optimized with the Yoast SEO Premium plugin v25.3 (Yoast SEO v27.5) - https:\/\/yoast.com\/product\/yoast-seo-premium-wordpress\/ -->\n<title>Bucure\u0219tenii merg gratuit cu transportul \u00een comun de Ziua Interna\u021bional\u0103 a Siguran\u021bei pe Internet - Buletin de Bucure\u0219ti<\/title>\n<meta name=\"description\" content=\"Ziua Interna\u021bional\u0103 a Siguran\u021bei. Aadul\u021bii \u0219i tinerii cu v\u00e2rsta de peste 14 ani \u00ee\u0219i pot testa cuno\u0219tin\u021bele \u00een privin\u021ba fraudelor online.\" \/>\n<meta name=\"robots\" content=\"index, follow, max-snippet:-1, max-image-preview:large, max-video-preview:-1\" \/>\n<link rel=\"canonical\" href=\"https:\/\/buletin.de\/bucuresti\/ziua-internationala-a-sigurantei\/\" \/>\n<meta property=\"og:locale\" content=\"en_GB\" \/>\n<meta property=\"og:type\" content=\"article\" \/>\n<meta property=\"og:title\" content=\"Bucure\u0219tenii merg gratuit cu transportul \u00een comun de Ziua Interna\u021bional\u0103 a Siguran\u021bei pe Internet\" \/>\n<meta property=\"og:description\" content=\"Ziua Interna\u021bional\u0103 a Siguran\u021bei. Aadul\u021bii \u0219i tinerii cu v\u00e2rsta de peste 14 ani \u00ee\u0219i pot testa cuno\u0219tin\u021bele \u00een privin\u021ba fraudelor online.\" \/>\n<meta property=\"og:url\" content=\"https:\/\/buletin.de\/bucuresti\/ziua-internationala-a-sigurantei\/\" \/>\n<meta property=\"og:site_name\" content=\"Buletin de Bucure\u0219ti\" \/>\n<meta property=\"article:publisher\" content=\"https:\/\/www.facebook.com\/buletin.de.buc\" \/>\n<meta property=\"article:published_time\" content=\"2025-02-10T10:52:46+00:00\" \/>\n<meta property=\"article:modified_time\" content=\"2025-02-10T13:33:08+00:00\" \/>\n<meta property=\"og:image\" content=\"https:\/\/buletin.de\/bucuresti\/wp-content\/uploads\/shutterstock1794130912.webp\" \/>\n\t<meta property=\"og:image:width\" content=\"1260\" \/>\n\t<meta property=\"og:image:height\" content=\"708\" \/>\n\t<meta property=\"og:image:type\" content=\"image\/webp\" \/>\n<meta name=\"author\" content=\"Diana Matei\" \/>\n<meta name=\"twitter:card\" content=\"summary_large_image\" \/>\n<meta name=\"twitter:label1\" content=\"Written by\" \/>\n\t<meta name=\"twitter:data1\" content=\"Diana Matei\" \/>\n\t<meta name=\"twitter:label2\" content=\"Estimated reading time\" \/>\n\t<meta name=\"twitter:data2\" content=\"3 minutes\" \/>\n<script type=\"application\/ld+json\" class=\"yoast-schema-graph\">{\"@context\":\"https:\\\/\\\/schema.org\",\"@graph\":[{\"@type\":\"Article\",\"@id\":\"https:\\\/\\\/buletin.de\\\/bucuresti\\\/ziua-internationala-a-sigurantei\\\/#article\",\"isPartOf\":{\"@id\":\"https:\\\/\\\/buletin.de\\\/bucuresti\\\/ziua-internationala-a-sigurantei\\\/\"},\"author\":{\"name\":\"Diana Matei\",\"@id\":\"https:\\\/\\\/buletin.de\\\/bucuresti\\\/#\\\/schema\\\/person\\\/7e46040573290777280a0835d81ea4ea\"},\"headline\":\"Bucure\u0219tenii merg gratuit cu transportul \u00een comun de Ziua Interna\u021bional\u0103 a Siguran\u021bei pe Internet\",\"datePublished\":\"2025-02-10T10:52:46+00:00\",\"dateModified\":\"2025-02-10T13:33:08+00:00\",\"mainEntityOfPage\":{\"@id\":\"https:\\\/\\\/buletin.de\\\/bucuresti\\\/ziua-internationala-a-sigurantei\\\/\"},\"wordCount\":693,\"publisher\":{\"@id\":\"https:\\\/\\\/buletin.de\\\/bucuresti\\\/#organization\"},\"image\":{\"@id\":\"https:\\\/\\\/buletin.de\\\/bucuresti\\\/ziua-internationala-a-sigurantei\\\/#primaryimage\"},\"thumbnailUrl\":\"https:\\\/\\\/buletin.de\\\/bucuresti\\\/wp-content\\\/uploads\\\/shutterstock1794130912.webp\",\"keywords\":[\"Pia\u021ba Universit\u0103\u021bii\",\"siguranta pe internet\",\"Ziua Interna\u021bional\u0103 a Siguran\u021bei pe Internet\"],\"articleSection\":[\"Articole\",\"\u0218tiri\",\"Transport\"],\"inLanguage\":\"en-GB\",\"copyrightYear\":\"2025\",\"copyrightHolder\":{\"@id\":\"https:\\\/\\\/buletin.de\\\/bucuresti\\\/#organization\"}},{\"@type\":\"WebPage\",\"@id\":\"https:\\\/\\\/buletin.de\\\/bucuresti\\\/ziua-internationala-a-sigurantei\\\/\",\"url\":\"https:\\\/\\\/buletin.de\\\/bucuresti\\\/ziua-internationala-a-sigurantei\\\/\",\"name\":\"Bucure\u0219tenii merg gratuit cu transportul \u00een comun de Ziua Interna\u021bional\u0103 a Siguran\u021bei pe Internet - Buletin de Bucure\u0219ti\",\"isPartOf\":{\"@id\":\"https:\\\/\\\/buletin.de\\\/bucuresti\\\/#website\"},\"primaryImageOfPage\":{\"@id\":\"https:\\\/\\\/buletin.de\\\/bucuresti\\\/ziua-internationala-a-sigurantei\\\/#primaryimage\"},\"image\":{\"@id\":\"https:\\\/\\\/buletin.de\\\/bucuresti\\\/ziua-internationala-a-sigurantei\\\/#primaryimage\"},\"thumbnailUrl\":\"https:\\\/\\\/buletin.de\\\/bucuresti\\\/wp-content\\\/uploads\\\/shutterstock1794130912.webp\",\"datePublished\":\"2025-02-10T10:52:46+00:00\",\"dateModified\":\"2025-02-10T13:33:08+00:00\",\"description\":\"Ziua Interna\u021bional\u0103 a Siguran\u021bei. Aadul\u021bii \u0219i tinerii cu v\u00e2rsta de peste 14 ani \u00ee\u0219i pot testa cuno\u0219tin\u021bele \u00een privin\u021ba fraudelor online.\",\"breadcrumb\":{\"@id\":\"https:\\\/\\\/buletin.de\\\/bucuresti\\\/ziua-internationala-a-sigurantei\\\/#breadcrumb\"},\"inLanguage\":\"en-GB\",\"potentialAction\":[{\"@type\":\"ReadAction\",\"target\":[\"https:\\\/\\\/buletin.de\\\/bucuresti\\\/ziua-internationala-a-sigurantei\\\/\"]}]},{\"@type\":\"ImageObject\",\"inLanguage\":\"en-GB\",\"@id\":\"https:\\\/\\\/buletin.de\\\/bucuresti\\\/ziua-internationala-a-sigurantei\\\/#primaryimage\",\"url\":\"https:\\\/\\\/buletin.de\\\/bucuresti\\\/wp-content\\\/uploads\\\/shutterstock1794130912.webp\",\"contentUrl\":\"https:\\\/\\\/buletin.de\\\/bucuresti\\\/wp-content\\\/uploads\\\/shutterstock1794130912.webp\",\"width\":1260,\"height\":708,\"caption\":\"Bucure\u0219tenii merg gratuit cu transportul \u00een comun de Ziua Interna\u021bional\u0103 a Siguran\u021bei pe Internet. FOTO: libertatea.ro\"},{\"@type\":\"BreadcrumbList\",\"@id\":\"https:\\\/\\\/buletin.de\\\/bucuresti\\\/ziua-internationala-a-sigurantei\\\/#breadcrumb\",\"itemListElement\":[{\"@type\":\"ListItem\",\"position\":1,\"name\":\"Acas\u0103\",\"item\":\"https:\\\/\\\/buletin.de\\\/bucuresti\\\/\"},{\"@type\":\"ListItem\",\"position\":2,\"name\":\"Bucure\u0219tenii merg gratuit cu transportul \u00een comun de Ziua Interna\u021bional\u0103 a Siguran\u021bei pe Internet\"}]},{\"@type\":\"WebSite\",\"@id\":\"https:\\\/\\\/buletin.de\\\/bucuresti\\\/#website\",\"url\":\"https:\\\/\\\/buletin.de\\\/bucuresti\\\/\",\"name\":\"Buletin de Bucure\u0219ti\",\"description\":\"\u0218tiri \u0219i investiga\u021bii esen\u021biale din capital\u0103\",\"publisher\":{\"@id\":\"https:\\\/\\\/buletin.de\\\/bucuresti\\\/#organization\"},\"potentialAction\":[{\"@type\":\"SearchAction\",\"target\":{\"@type\":\"EntryPoint\",\"urlTemplate\":\"https:\\\/\\\/buletin.de\\\/bucuresti\\\/?s={search_term_string}\"},\"query-input\":{\"@type\":\"PropertyValueSpecification\",\"valueRequired\":true,\"valueName\":\"search_term_string\"}}],\"inLanguage\":\"en-GB\"},{\"@type\":\"Organization\",\"@id\":\"https:\\\/\\\/buletin.de\\\/bucuresti\\\/#organization\",\"name\":\"Buletin de Bucure\u0219ti\",\"url\":\"https:\\\/\\\/buletin.de\\\/bucuresti\\\/\",\"logo\":{\"@type\":\"ImageObject\",\"inLanguage\":\"en-GB\",\"@id\":\"https:\\\/\\\/buletin.de\\\/bucuresti\\\/#\\\/schema\\\/logo\\\/image\\\/\",\"url\":\"https:\\\/\\\/buletin.de\\\/bucuresti\\\/wp-content\\\/uploads\\\/logo-bdb-full-wide-vernil-transparent.png\",\"contentUrl\":\"https:\\\/\\\/buletin.de\\\/bucuresti\\\/wp-content\\\/uploads\\\/logo-bdb-full-wide-vernil-transparent.png\",\"width\":1782,\"height\":626,\"caption\":\"Buletin de Bucure\u0219ti\"},\"image\":{\"@id\":\"https:\\\/\\\/buletin.de\\\/bucuresti\\\/#\\\/schema\\\/logo\\\/image\\\/\"},\"sameAs\":[\"https:\\\/\\\/www.facebook.com\\\/buletin.de.buc\",\"https:\\\/\\\/www.instagram.com\\\/buletinde.bucuresti\\\/\"]},{\"@type\":\"Person\",\"@id\":\"https:\\\/\\\/buletin.de\\\/bucuresti\\\/#\\\/schema\\\/person\\\/7e46040573290777280a0835d81ea4ea\",\"name\":\"Diana Matei\",\"image\":{\"@type\":\"ImageObject\",\"inLanguage\":\"en-GB\",\"@id\":\"https:\\\/\\\/buletin.de\\\/bucuresti\\\/wp-content\\\/uploads\\\/9-2-96x96.jpg1e8590b30871d70e62ebcdaf2eff570c\",\"url\":\"https:\\\/\\\/buletin.de\\\/bucuresti\\\/wp-content\\\/uploads\\\/9-2-96x96.jpg\",\"contentUrl\":\"https:\\\/\\\/buletin.de\\\/bucuresti\\\/wp-content\\\/uploads\\\/9-2-96x96.jpg\",\"caption\":\"Diana Matei\"},\"url\":\"https:\\\/\\\/buletin.de\\\/bucuresti\\\/author\\\/dianamatei\\\/\"}]}<\/script>\n<!-- \/ Yoast SEO Premium plugin. -->","yoast_head_json":{"title":"Bucure\u0219tenii merg gratuit cu transportul \u00een comun de Ziua Interna\u021bional\u0103 a Siguran\u021bei pe Internet - Buletin de Bucure\u0219ti","description":"Ziua Interna\u021bional\u0103 a Siguran\u021bei. Aadul\u021bii \u0219i tinerii cu v\u00e2rsta de peste 14 ani \u00ee\u0219i pot testa cuno\u0219tin\u021bele \u00een privin\u021ba fraudelor online.","robots":{"index":"index","follow":"follow","max-snippet":"max-snippet:-1","max-image-preview":"max-image-preview:large","max-video-preview":"max-video-preview:-1"},"canonical":"https:\/\/buletin.de\/bucuresti\/ziua-internationala-a-sigurantei\/","og_locale":"en_GB","og_type":"article","og_title":"Bucure\u0219tenii merg gratuit cu transportul \u00een comun de Ziua Interna\u021bional\u0103 a Siguran\u021bei pe Internet","og_description":"Ziua Interna\u021bional\u0103 a Siguran\u021bei. Aadul\u021bii \u0219i tinerii cu v\u00e2rsta de peste 14 ani \u00ee\u0219i pot testa cuno\u0219tin\u021bele \u00een privin\u021ba fraudelor online.","og_url":"https:\/\/buletin.de\/bucuresti\/ziua-internationala-a-sigurantei\/","og_site_name":"Buletin de Bucure\u0219ti","article_publisher":"https:\/\/www.facebook.com\/buletin.de.buc","article_published_time":"2025-02-10T10:52:46+00:00","article_modified_time":"2025-02-10T13:33:08+00:00","og_image":[{"width":1260,"height":708,"url":"https:\/\/buletin.de\/bucuresti\/wp-content\/uploads\/shutterstock1794130912.webp","type":"image\/webp"}],"author":"Diana Matei","twitter_card":"summary_large_image","twitter_misc":{"Written by":"Diana Matei","Estimated reading time":"3 minutes"},"schema":{"@context":"https:\/\/schema.org","@graph":[{"@type":"Article","@id":"https:\/\/buletin.de\/bucuresti\/ziua-internationala-a-sigurantei\/#article","isPartOf":{"@id":"https:\/\/buletin.de\/bucuresti\/ziua-internationala-a-sigurantei\/"},"author":{"name":"Diana Matei","@id":"https:\/\/buletin.de\/bucuresti\/#\/schema\/person\/7e46040573290777280a0835d81ea4ea"},"headline":"Bucure\u0219tenii merg gratuit cu transportul \u00een comun de Ziua Interna\u021bional\u0103 a Siguran\u021bei pe Internet","datePublished":"2025-02-10T10:52:46+00:00","dateModified":"2025-02-10T13:33:08+00:00","mainEntityOfPage":{"@id":"https:\/\/buletin.de\/bucuresti\/ziua-internationala-a-sigurantei\/"},"wordCount":693,"publisher":{"@id":"https:\/\/buletin.de\/bucuresti\/#organization"},"image":{"@id":"https:\/\/buletin.de\/bucuresti\/ziua-internationala-a-sigurantei\/#primaryimage"},"thumbnailUrl":"https:\/\/buletin.de\/bucuresti\/wp-content\/uploads\/shutterstock1794130912.webp","keywords":["Pia\u021ba Universit\u0103\u021bii","siguranta pe internet","Ziua Interna\u021bional\u0103 a Siguran\u021bei pe Internet"],"articleSection":["Articole","\u0218tiri","Transport"],"inLanguage":"en-GB","copyrightYear":"2025","copyrightHolder":{"@id":"https:\/\/buletin.de\/bucuresti\/#organization"}},{"@type":"WebPage","@id":"https:\/\/buletin.de\/bucuresti\/ziua-internationala-a-sigurantei\/","url":"https:\/\/buletin.de\/bucuresti\/ziua-internationala-a-sigurantei\/","name":"Bucure\u0219tenii merg gratuit cu transportul \u00een comun de Ziua Interna\u021bional\u0103 a Siguran\u021bei pe Internet - Buletin de Bucure\u0219ti","isPartOf":{"@id":"https:\/\/buletin.de\/bucuresti\/#website"},"primaryImageOfPage":{"@id":"https:\/\/buletin.de\/bucuresti\/ziua-internationala-a-sigurantei\/#primaryimage"},"image":{"@id":"https:\/\/buletin.de\/bucuresti\/ziua-internationala-a-sigurantei\/#primaryimage"},"thumbnailUrl":"https:\/\/buletin.de\/bucuresti\/wp-content\/uploads\/shutterstock1794130912.webp","datePublished":"2025-02-10T10:52:46+00:00","dateModified":"2025-02-10T13:33:08+00:00","description":"Ziua Interna\u021bional\u0103 a Siguran\u021bei. Aadul\u021bii \u0219i tinerii cu v\u00e2rsta de peste 14 ani \u00ee\u0219i pot testa cuno\u0219tin\u021bele \u00een privin\u021ba fraudelor online.","breadcrumb":{"@id":"https:\/\/buletin.de\/bucuresti\/ziua-internationala-a-sigurantei\/#breadcrumb"},"inLanguage":"en-GB","potentialAction":[{"@type":"ReadAction","target":["https:\/\/buletin.de\/bucuresti\/ziua-internationala-a-sigurantei\/"]}]},{"@type":"ImageObject","inLanguage":"en-GB","@id":"https:\/\/buletin.de\/bucuresti\/ziua-internationala-a-sigurantei\/#primaryimage","url":"https:\/\/buletin.de\/bucuresti\/wp-content\/uploads\/shutterstock1794130912.webp","contentUrl":"https:\/\/buletin.de\/bucuresti\/wp-content\/uploads\/shutterstock1794130912.webp","width":1260,"height":708,"caption":"Bucure\u0219tenii merg gratuit cu transportul \u00een comun de Ziua Interna\u021bional\u0103 a Siguran\u021bei pe Internet. FOTO: libertatea.ro"},{"@type":"BreadcrumbList","@id":"https:\/\/buletin.de\/bucuresti\/ziua-internationala-a-sigurantei\/#breadcrumb","itemListElement":[{"@type":"ListItem","position":1,"name":"Acas\u0103","item":"https:\/\/buletin.de\/bucuresti\/"},{"@type":"ListItem","position":2,"name":"Bucure\u0219tenii merg gratuit cu transportul \u00een comun de Ziua Interna\u021bional\u0103 a Siguran\u021bei pe Internet"}]},{"@type":"WebSite","@id":"https:\/\/buletin.de\/bucuresti\/#website","url":"https:\/\/buletin.de\/bucuresti\/","name":"Buletin de Bucure\u0219ti","description":"\u0218tiri \u0219i investiga\u021bii esen\u021biale din capital\u0103","publisher":{"@id":"https:\/\/buletin.de\/bucuresti\/#organization"},"potentialAction":[{"@type":"SearchAction","target":{"@type":"EntryPoint","urlTemplate":"https:\/\/buletin.de\/bucuresti\/?s={search_term_string}"},"query-input":{"@type":"PropertyValueSpecification","valueRequired":true,"valueName":"search_term_string"}}],"inLanguage":"en-GB"},{"@type":"Organization","@id":"https:\/\/buletin.de\/bucuresti\/#organization","name":"Buletin de Bucure\u0219ti","url":"https:\/\/buletin.de\/bucuresti\/","logo":{"@type":"ImageObject","inLanguage":"en-GB","@id":"https:\/\/buletin.de\/bucuresti\/#\/schema\/logo\/image\/","url":"https:\/\/buletin.de\/bucuresti\/wp-content\/uploads\/logo-bdb-full-wide-vernil-transparent.png","contentUrl":"https:\/\/buletin.de\/bucuresti\/wp-content\/uploads\/logo-bdb-full-wide-vernil-transparent.png","width":1782,"height":626,"caption":"Buletin de Bucure\u0219ti"},"image":{"@id":"https:\/\/buletin.de\/bucuresti\/#\/schema\/logo\/image\/"},"sameAs":["https:\/\/www.facebook.com\/buletin.de.buc","https:\/\/www.instagram.com\/buletinde.bucuresti\/"]},{"@type":"Person","@id":"https:\/\/buletin.de\/bucuresti\/#\/schema\/person\/7e46040573290777280a0835d81ea4ea","name":"Diana Matei","image":{"@type":"ImageObject","inLanguage":"en-GB","@id":"https:\/\/buletin.de\/bucuresti\/wp-content\/uploads\/9-2-96x96.jpg1e8590b30871d70e62ebcdaf2eff570c","url":"https:\/\/buletin.de\/bucuresti\/wp-content\/uploads\/9-2-96x96.jpg","contentUrl":"https:\/\/buletin.de\/bucuresti\/wp-content\/uploads\/9-2-96x96.jpg","caption":"Diana Matei"},"url":"https:\/\/buletin.de\/bucuresti\/author\/dianamatei\/"}]}},"authors":[{"term_id":22574,"user_id":49,"is_guest":0,"slug":"dianamatei","display_name":"Diana Matei","avatar_url":"https:\/\/buletin.de\/bucuresti\/wp-content\/uploads\/9-2-96x96.jpg","0":null,"1":"","2":"","3":"","4":"","5":"","6":"","7":"","8":""}],"_links":{"self":[{"href":"https:\/\/buletin.de\/bucuresti\/wp-json\/wp\/v2\/posts\/117783","targetHints":{"allow":["GET"]}}],"collection":[{"href":"https:\/\/buletin.de\/bucuresti\/wp-json\/wp\/v2\/posts"}],"about":[{"href":"https:\/\/buletin.de\/bucuresti\/wp-json\/wp\/v2\/types\/post"}],"author":[{"embeddable":true,"href":"https:\/\/buletin.de\/bucuresti\/wp-json\/wp\/v2\/users\/49"}],"replies":[{"embeddable":true,"href":"https:\/\/buletin.de\/bucuresti\/wp-json\/wp\/v2\/comments?post=117783"}],"version-history":[{"count":3,"href":"https:\/\/buletin.de\/bucuresti\/wp-json\/wp\/v2\/posts\/117783\/revisions"}],"predecessor-version":[{"id":117831,"href":"https:\/\/buletin.de\/bucuresti\/wp-json\/wp\/v2\/posts\/117783\/revisions\/117831"}],"wp:featuredmedia":[{"embeddable":true,"href":"https:\/\/buletin.de\/bucuresti\/wp-json\/wp\/v2\/media\/117796"}],"wp:attachment":[{"href":"https:\/\/buletin.de\/bucuresti\/wp-json\/wp\/v2\/media?parent=117783"}],"wp:term":[{"taxonomy":"category","embeddable":true,"href":"https:\/\/buletin.de\/bucuresti\/wp-json\/wp\/v2\/categories?post=117783"},{"taxonomy":"post_tag","embeddable":true,"href":"https:\/\/buletin.de\/bucuresti\/wp-json\/wp\/v2\/tags?post=117783"},{"taxonomy":"author","embeddable":true,"href":"https:\/\/buletin.de\/bucuresti\/wp-json\/wp\/v2\/ppma_author?post=117783"}],"curies":[{"name":"wp","href":"https:\/\/api.w.org\/{rel}","templated":true}]}}