{"id":117478,"date":"2025-02-07T13:53:39","date_gmt":"2025-02-07T10:53:39","guid":{"rendered":"https:\/\/buletin.de\/bucuresti\/?p=117478"},"modified":"2025-02-07T19:48:21","modified_gmt":"2025-02-07T16:48:21","slug":"fost-viceprimar-al-sectorului-3-numit-de-nicusor-dan-administrator-public-al-municipiul-bucuresti","status":"publish","type":"post","link":"https:\/\/buletin.de\/bucuresti\/fost-viceprimar-al-sectorului-3-numit-de-nicusor-dan-administrator-public-al-municipiul-bucuresti\/","title":{"rendered":"Fost viceprimar al Sectorului 3, numit de Nicu\u0219or Dan administrator public al municipiului Bucure\u0219ti"},"content":{"rendered":"\n<p><strong>Lucian Judele, fost viceprimar al Sectorului 3, a fost numit administrator public al municipiul Bucure\u0219ti, de c\u0103tre Nicu\u0219or Dan.<\/strong><\/p>\n\n\n\n<p>\u201eAm urm\u0103rit, de-a lungul timpului, activitatea \u0219i conduita lui Lucian Judele \u0219i am apreciat profesionalismul \u0219i seriozitatea cu care acesta \u0219i-a asumat fiecare responsabilitate. <\/p>\n\n\n\n<p>Experien\u021ba sa administrativ\u0103, al\u0103turi de buna colaborare pe care am avut-o cu USR pe domenii esen\u021biale pentru Bucure\u0219ti \u2013 o colaborare confirmat\u0103 \u0219i de votul bucure\u0219tenilor \u2013 sunt garan\u021bii c\u0103 el va aduce un plus de eficien\u021b\u0103 \u0219i transparen\u021b\u0103 \u00een administra\u021bia Capitalei. <\/p>\n\n\n\n<p>Bucure\u0219tiul are nevoie de oameni competen\u021bi \u0219i dedica\u021bi interesului public, iar Lucian este exact un astfel de om\u201d, a declarat Nicu\u0219or Dan. <\/p>\n\n\n\n<p><strong>CITE\u0218TE \u0218I: <a href=\"https:\/\/buletin.de\/bucuresti\/a-votat-aur-viceprimarii-psd-si-pnl-ai-bucurestiului-calculele-care-nu-se-potrivesc\/?fbclid=IwY2xjawISyBNleHRuA2FlbQIxMAABHZdXZFLy5bthWSsZrBNGaWrbxaS25kbsQYksS71Yi4IUNSaE38JuB5gW2A_aem_HF2MognsgO7WDEKaWRLzeA\" target=\"_blank\" rel=\"noreferrer noopener\">A votat AUR viceprimarii PSD \u0219i PNL ai Bucure\u0219tiului? Calculele care nu se potrivesc<\/a><\/strong><\/p>\n\n\n\n<h2 class=\"wp-block-heading\" id=\"h-cine-este-lucian-judele-fost-viceprimar-al-sectorului-3-consilier-general-usr\">Cine este Lucian Judele: fost viceprimar al Sectorului 3, consilier general USR<\/h2>\n\n\n\n<p><strong>Lucian Judele este \u00een prezent consilier general din partea USR \u00een Consiliul General al Municipiului Bucure\u0219ti \u0219i a fost viceprimar al Sectorului 3 \u00een mandatul 2020-2024.<\/strong><\/p>\n\n\n\n<p>S-a n\u0103scut \u00een jude\u021bul Bac\u0103u, dar a tr\u0103it \u00een Bucure\u015fti p\u00e2n\u0103 la 23 de ani, c\u00e2nd a decis s\u0103 se mute \u00een Italia, unde locuiau deja aproape to\u0163i membrii familiei sale.<\/p>\n\n\n\n<p>Cu o diplom\u0103 de <strong>asistent medical<\/strong>, a lucrat aproximativ <strong>opt ani<\/strong> \u00een sistemul de s\u0103n\u0103tate din peninsul\u0103, unde a f\u0103cut \u0219i voluntariat.<\/p>\n\n\n\n<p>S-a \u00eentors \u00een \u0163ar\u0103 \u00een 2016, decis s\u0103 intre \u00een administra\u0163ia public\u0103, inspirat de fostul ministru al S\u0103n\u0103t\u0103\u0163ii, Vlad Voiculescu. Conform unui\u00a0<a href=\"https:\/\/life.ro\/lucian-judele-asistentul-medical-ce-i-a-tratat-sapte-ani-pe-italieni-la-ei-acasa-si-care-vrea-acum-sa-adopte-program-de-asistenta-medicala-la-domiciliu-si-in-romania-si-cum-suna-povestea-voluntariat\/\" target=\"_blank\" rel=\"noreferrer noopener\">interviu pentru life.ro<\/a>, sus\u0163ine c\u0103 i-a fost foarte greu s\u0103 se adapteze traiului \u00een \u0163ara natal\u0103 \u015fi a deschis<strong> un fast-food <\/strong>pentru a se \u00eentre\u0163ine. Un business care mai mult l-a \u00eencurcat dec\u00e2t s\u0103 \u00eel ajute.<\/p>\n\n\n\n<p>\u00cen 2019 a devenit <strong>pre\u015fedintele Partidului Libertate, Unitate \u0219i Solidaritate (PLUS) Sector 3<\/strong>. La scurt\u0103 vreme, a candidat pentru o pozi\u0163ie de consilier local, din partea USR-PLUS. A c\u00e2\u015ftigat func\u0163ia \u0219i ulterior, a fost ales <strong>viceprimar al Sectorului 3.<\/strong><\/p>\n\n\n\n<p>La alegerile locale din  2024, Lucian Judele a fost <strong>candidatul USR la Prim\u0103ria Sectorului 3<\/strong> , \u00eens\u0103 a pierdut \u00een fa\u021ba lui Robert Negoi\u021b\u0103, ales pe listele PSD-PNL.<\/p>\n\n\n\n<h2 class=\"wp-block-heading\" id=\"h-care-sunt-responsabilita\u021bile-noului-administrator-public\">Care sunt responsabilit\u0103\u021bile noului administrator public<\/h2>\n\n\n\n<p>Noul administrator public le va avea \u00een coordonare sunt urm\u0103toarele direc\u021bii:<\/p>\n\n\n\n<ul class=\"wp-block-list\">\n<li>Direc\u021bia general\u0103 servicii publice;<\/li>\n\n\n\n<li>Direc\u021bia de Mediu, mai pu\u021bin Serviciul avize \u0219i acorduri;<\/li>\n\n\n\n<li>Direc\u021bia general\u0103 management proiecte cu finan\u021bare extern\u0103;<\/li>\n\n\n\n<li>Direc\u021bia rela\u021bia cu ONG-uri, Sindicate \u0219i patronate;<\/li>\n\n\n\n<li>Direc\u021bia rela\u021bii externe \u0219i protocol;<\/li>\n\n\n\n<li>Administra\u021bia Lacuri Parcuri Agrement Bucure\u0219ti (ALPAB);<\/li>\n\n\n\n<li>Administra\u021bia Spitalelor \u0219i Serviciilor Medicale Bucure\u0219ti (ASSMB);<\/li>\n\n\n\n<li>Direc\u021bia General\u0103 de Asisten\u021b\u0103 Social\u0103 a Municipiului Bucure\u0219ti (DGASMB);<\/li>\n\n\n\n<li>Centrul de Proiecte Educa\u021bionale \u0219i Sportive Bucure\u0219ti (Proedus);<\/li>\n\n\n\n<li>Administra\u021bia Str\u0103zilor Bucure\u0219ti;<\/li>\n\n\n\n<li>Administra\u021bia Cimitirelor \u0219i Crematoriilor Umane;<\/li>\n\n\n\n<li>Administra\u021bia P\u0103rcului Natural V\u0103c\u0103re\u0219ti.<\/li>\n<\/ul>\n\n\n\n<p><strong>CITE\u0218TE \u0218I: <a href=\"https:\/\/buletin.de\/bucuresti\/viceprimarii-bucurestiului-trei-nume-vehiculate-in-cursa\/\" target=\"_blank\" rel=\"noreferrer noopener\">Viceprimarii Bucure\u0219tiului. Trei nume, vehiculate \u00een curs\u0103<\/a><\/strong><\/p>\n","protected":false},"excerpt":{"rendered":"<p>Lucian Judele, fost viceprimar al Sectorului 3, a fost numit administrator public al municipiul Bucure\u0219ti, de c\u0103tre Nicu\u0219or Dan. \u201eAm urm\u0103rit, de-a lungul timpului, activitatea \u0219i conduita lui Lucian Judele \u0219i am apreciat profesionalismul \u0219i seriozitatea cu care acesta \u0219i-a asumat fiecare responsabilitate. Experien\u021ba sa administrativ\u0103, al\u0103turi de buna colaborare pe care am avut-o cu [&hellip;]<\/p>\n","protected":false},"author":60,"featured_media":117479,"comment_status":"closed","ping_status":"open","sticky":false,"template":"","format":"standard","meta":{"_acf_changed":false,"inline_featured_image":false,"ngg_post_thumbnail":0,"footnotes":""},"categories":[6994,5762,24],"tags":[6013,9,9266,7244,223],"ppma_author":[22582],"class_list":["post-117478","post","type-post","status-publish","format-standard","has-post-thumbnail","hentry","category-stiri-2","category-main","category-primarie","tag-administrator-public","tag-bucuresti","tag-cine-este-lucian-judele","tag-lucian-judele","tag-nicusor-dan"],"acf":[],"yoast_head":"<!-- This site is optimized with the Yoast SEO Premium plugin v25.3 (Yoast SEO v27.4) - https:\/\/yoast.com\/product\/yoast-seo-premium-wordpress\/ -->\n<title>Fost viceprimar al Sectorului 3, numit de Nicu\u0219or Dan administrator public al municipiului Bucure\u0219ti - Buletin de Bucure\u0219ti<\/title>\n<meta name=\"description\" content=\"Lucian Judele, fost viceprimar al Sectorului 3, a fost numit administrator public al municipiul Bucure\u0219ti, de c\u0103tre Nicu\u0219or Dan.\" \/>\n<meta name=\"robots\" content=\"index, follow, max-snippet:-1, max-image-preview:large, max-video-preview:-1\" \/>\n<link rel=\"canonical\" href=\"https:\/\/buletin.de\/bucuresti\/fost-viceprimar-al-sectorului-3-numit-de-nicusor-dan-administrator-public-al-municipiul-bucuresti\/\" \/>\n<meta property=\"og:locale\" content=\"en_GB\" \/>\n<meta property=\"og:type\" content=\"article\" \/>\n<meta property=\"og:title\" content=\"Fost viceprimar al Sectorului 3, numit de Nicu\u0219or Dan administrator public al municipiului Bucure\u0219ti\" \/>\n<meta property=\"og:description\" content=\"Lucian Judele, fost viceprimar al Sectorului 3, a fost numit administrator public al municipiul Bucure\u0219ti, de c\u0103tre Nicu\u0219or Dan.\" \/>\n<meta property=\"og:url\" content=\"https:\/\/buletin.de\/bucuresti\/fost-viceprimar-al-sectorului-3-numit-de-nicusor-dan-administrator-public-al-municipiul-bucuresti\/\" \/>\n<meta property=\"og:site_name\" content=\"Buletin de Bucure\u0219ti\" \/>\n<meta property=\"article:publisher\" content=\"https:\/\/www.facebook.com\/buletin.de.buc\" \/>\n<meta property=\"article:published_time\" content=\"2025-02-07T10:53:39+00:00\" \/>\n<meta property=\"article:modified_time\" content=\"2025-02-07T16:48:21+00:00\" \/>\n<meta property=\"og:image\" content=\"https:\/\/buletin.de\/bucuresti\/wp-content\/uploads\/lucianjudele.jpg\" \/>\n\t<meta property=\"og:image:width\" content=\"960\" \/>\n\t<meta property=\"og:image:height\" content=\"598\" \/>\n\t<meta property=\"og:image:type\" content=\"image\/jpeg\" \/>\n<meta name=\"author\" content=\"R\u0103zvan Chiru\u021b\u0103\" \/>\n<meta name=\"twitter:card\" content=\"summary_large_image\" \/>\n<meta name=\"twitter:label1\" content=\"Written by\" \/>\n\t<meta name=\"twitter:data1\" content=\"R\u0103zvan Chiru\u021b\u0103\" \/>\n\t<meta name=\"twitter:label2\" content=\"Estimated reading time\" \/>\n\t<meta name=\"twitter:data2\" content=\"3 minutes\" \/>\n<script type=\"application\/ld+json\" class=\"yoast-schema-graph\">{\"@context\":\"https:\\\/\\\/schema.org\",\"@graph\":[{\"@type\":\"Article\",\"@id\":\"https:\\\/\\\/buletin.de\\\/bucuresti\\\/fost-viceprimar-al-sectorului-3-numit-de-nicusor-dan-administrator-public-al-municipiul-bucuresti\\\/#article\",\"isPartOf\":{\"@id\":\"https:\\\/\\\/buletin.de\\\/bucuresti\\\/fost-viceprimar-al-sectorului-3-numit-de-nicusor-dan-administrator-public-al-municipiul-bucuresti\\\/\"},\"author\":{\"name\":\"R\u0103zvan Chiru\u021b\u0103\",\"@id\":\"https:\\\/\\\/buletin.de\\\/bucuresti\\\/#\\\/schema\\\/person\\\/a76df728dfc913795a9d90e346b253bb\"},\"headline\":\"Fost viceprimar al Sectorului 3, numit de Nicu\u0219or Dan administrator public al municipiului Bucure\u0219ti\",\"datePublished\":\"2025-02-07T10:53:39+00:00\",\"dateModified\":\"2025-02-07T16:48:21+00:00\",\"mainEntityOfPage\":{\"@id\":\"https:\\\/\\\/buletin.de\\\/bucuresti\\\/fost-viceprimar-al-sectorului-3-numit-de-nicusor-dan-administrator-public-al-municipiul-bucuresti\\\/\"},\"wordCount\":515,\"publisher\":{\"@id\":\"https:\\\/\\\/buletin.de\\\/bucuresti\\\/#organization\"},\"image\":{\"@id\":\"https:\\\/\\\/buletin.de\\\/bucuresti\\\/fost-viceprimar-al-sectorului-3-numit-de-nicusor-dan-administrator-public-al-municipiul-bucuresti\\\/#primaryimage\"},\"thumbnailUrl\":\"https:\\\/\\\/buletin.de\\\/bucuresti\\\/wp-content\\\/uploads\\\/lucianjudele.jpg\",\"keywords\":[\"administrator public\",\"bucuresti\",\"cine este lucian judele\",\"Lucian Judele\",\"nicusor dan\"],\"articleSection\":[\"Articole\",\"Main\",\"Prim\u0103rie\"],\"inLanguage\":\"en-GB\",\"copyrightYear\":\"2025\",\"copyrightHolder\":{\"@id\":\"https:\\\/\\\/buletin.de\\\/bucuresti\\\/#organization\"}},{\"@type\":\"WebPage\",\"@id\":\"https:\\\/\\\/buletin.de\\\/bucuresti\\\/fost-viceprimar-al-sectorului-3-numit-de-nicusor-dan-administrator-public-al-municipiul-bucuresti\\\/\",\"url\":\"https:\\\/\\\/buletin.de\\\/bucuresti\\\/fost-viceprimar-al-sectorului-3-numit-de-nicusor-dan-administrator-public-al-municipiul-bucuresti\\\/\",\"name\":\"Fost viceprimar al Sectorului 3, numit de Nicu\u0219or Dan administrator public al municipiului Bucure\u0219ti - Buletin de Bucure\u0219ti\",\"isPartOf\":{\"@id\":\"https:\\\/\\\/buletin.de\\\/bucuresti\\\/#website\"},\"primaryImageOfPage\":{\"@id\":\"https:\\\/\\\/buletin.de\\\/bucuresti\\\/fost-viceprimar-al-sectorului-3-numit-de-nicusor-dan-administrator-public-al-municipiul-bucuresti\\\/#primaryimage\"},\"image\":{\"@id\":\"https:\\\/\\\/buletin.de\\\/bucuresti\\\/fost-viceprimar-al-sectorului-3-numit-de-nicusor-dan-administrator-public-al-municipiul-bucuresti\\\/#primaryimage\"},\"thumbnailUrl\":\"https:\\\/\\\/buletin.de\\\/bucuresti\\\/wp-content\\\/uploads\\\/lucianjudele.jpg\",\"datePublished\":\"2025-02-07T10:53:39+00:00\",\"dateModified\":\"2025-02-07T16:48:21+00:00\",\"description\":\"Lucian Judele, fost viceprimar al Sectorului 3, a fost numit administrator public al municipiul Bucure\u0219ti, de c\u0103tre Nicu\u0219or Dan.\",\"breadcrumb\":{\"@id\":\"https:\\\/\\\/buletin.de\\\/bucuresti\\\/fost-viceprimar-al-sectorului-3-numit-de-nicusor-dan-administrator-public-al-municipiul-bucuresti\\\/#breadcrumb\"},\"inLanguage\":\"en-GB\",\"potentialAction\":[{\"@type\":\"ReadAction\",\"target\":[\"https:\\\/\\\/buletin.de\\\/bucuresti\\\/fost-viceprimar-al-sectorului-3-numit-de-nicusor-dan-administrator-public-al-municipiul-bucuresti\\\/\"]}]},{\"@type\":\"ImageObject\",\"inLanguage\":\"en-GB\",\"@id\":\"https:\\\/\\\/buletin.de\\\/bucuresti\\\/fost-viceprimar-al-sectorului-3-numit-de-nicusor-dan-administrator-public-al-municipiul-bucuresti\\\/#primaryimage\",\"url\":\"https:\\\/\\\/buletin.de\\\/bucuresti\\\/wp-content\\\/uploads\\\/lucianjudele.jpg\",\"contentUrl\":\"https:\\\/\\\/buletin.de\\\/bucuresti\\\/wp-content\\\/uploads\\\/lucianjudele.jpg\",\"width\":960,\"height\":598,\"caption\":\"Fost viceprimar al Sectorului 3, Lucian Judele este noul administrator public\"},{\"@type\":\"BreadcrumbList\",\"@id\":\"https:\\\/\\\/buletin.de\\\/bucuresti\\\/fost-viceprimar-al-sectorului-3-numit-de-nicusor-dan-administrator-public-al-municipiul-bucuresti\\\/#breadcrumb\",\"itemListElement\":[{\"@type\":\"ListItem\",\"position\":1,\"name\":\"Acas\u0103\",\"item\":\"https:\\\/\\\/buletin.de\\\/bucuresti\\\/\"},{\"@type\":\"ListItem\",\"position\":2,\"name\":\"Fost viceprimar al Sectorului 3, numit de Nicu\u0219or Dan administrator public al municipiului Bucure\u0219ti\"}]},{\"@type\":\"WebSite\",\"@id\":\"https:\\\/\\\/buletin.de\\\/bucuresti\\\/#website\",\"url\":\"https:\\\/\\\/buletin.de\\\/bucuresti\\\/\",\"name\":\"Buletin de Bucure\u0219ti\",\"description\":\"\u0218tiri \u0219i investiga\u021bii esen\u021biale din capital\u0103\",\"publisher\":{\"@id\":\"https:\\\/\\\/buletin.de\\\/bucuresti\\\/#organization\"},\"potentialAction\":[{\"@type\":\"SearchAction\",\"target\":{\"@type\":\"EntryPoint\",\"urlTemplate\":\"https:\\\/\\\/buletin.de\\\/bucuresti\\\/?s={search_term_string}\"},\"query-input\":{\"@type\":\"PropertyValueSpecification\",\"valueRequired\":true,\"valueName\":\"search_term_string\"}}],\"inLanguage\":\"en-GB\"},{\"@type\":\"Organization\",\"@id\":\"https:\\\/\\\/buletin.de\\\/bucuresti\\\/#organization\",\"name\":\"Buletin de Bucure\u0219ti\",\"url\":\"https:\\\/\\\/buletin.de\\\/bucuresti\\\/\",\"logo\":{\"@type\":\"ImageObject\",\"inLanguage\":\"en-GB\",\"@id\":\"https:\\\/\\\/buletin.de\\\/bucuresti\\\/#\\\/schema\\\/logo\\\/image\\\/\",\"url\":\"https:\\\/\\\/buletin.de\\\/bucuresti\\\/wp-content\\\/uploads\\\/logo-bdb-full-wide-vernil-transparent.png\",\"contentUrl\":\"https:\\\/\\\/buletin.de\\\/bucuresti\\\/wp-content\\\/uploads\\\/logo-bdb-full-wide-vernil-transparent.png\",\"width\":1782,\"height\":626,\"caption\":\"Buletin de Bucure\u0219ti\"},\"image\":{\"@id\":\"https:\\\/\\\/buletin.de\\\/bucuresti\\\/#\\\/schema\\\/logo\\\/image\\\/\"},\"sameAs\":[\"https:\\\/\\\/www.facebook.com\\\/buletin.de.buc\",\"https:\\\/\\\/www.instagram.com\\\/buletinde.bucuresti\\\/\"]},{\"@type\":\"Person\",\"@id\":\"https:\\\/\\\/buletin.de\\\/bucuresti\\\/#\\\/schema\\\/person\\\/a76df728dfc913795a9d90e346b253bb\",\"name\":\"R\u0103zvan Chiru\u021b\u0103\",\"image\":{\"@type\":\"ImageObject\",\"inLanguage\":\"en-GB\",\"@id\":\"https:\\\/\\\/buletin.de\\\/bucuresti\\\/wp-content\\\/uploads\\\/Razvan-Chiruta-96x96.jpge7143b996fd4241fbd6ee1f6b6b7b267\",\"url\":\"https:\\\/\\\/buletin.de\\\/bucuresti\\\/wp-content\\\/uploads\\\/Razvan-Chiruta-96x96.jpg\",\"contentUrl\":\"https:\\\/\\\/buletin.de\\\/bucuresti\\\/wp-content\\\/uploads\\\/Razvan-Chiruta-96x96.jpg\",\"caption\":\"R\u0103zvan Chiru\u021b\u0103\"},\"description\":\"R\u0103zvan Chiru\u021b\u0103 este redactor-\u0219ef adjunct din iulie 2024. A fost redactor-\u0219ef al PRESShub \u00eentre 2022 \u0219i iunie 2024. Anterior, a fost redactor-\u0219ef al Newsweek Rom\u00e2nia, din 2018 p\u00e2n\u0103 \u00een 2021, \u0219i al cotidianului Rom\u00e2nia liber\u0103, \u00eentre 2015 \u0219i 2017. Este absolvent de Jurnalism, \u00een cadrul Universit\u0103\u021bii \u201eAl.I.Cuza\u201d din Ia\u0219i, \u0219i a urmat un master \u00een Managementul institu\u021biilor mass-media (f\u0103r\u0103 diserta\u021bie) la Facultatea de Jurnalism \u0219i \u0218tiin\u021bele Comunic\u0103rii din cadrul Universit\u0103\u021bii din Bucure\u0219ti. \u0218i-a \u00eenceput cariera la Opinia studen\u021beasc\u0103, cunoscuta \u0219coal\u0103 de pres\u0103 din Ia\u0219i. A lucrat \u00een presa local\u0103, apoi a devenit corespondent pentru Ia\u0219i al cotidianului Evenimentul Zilei. Din 2004, a coordonat pentru \u0219ase luni sec\u021bia de coresponden\u021bi a Evenimentului Zilei. A mai lucrat la s\u0103pt\u0103m\u00e2nalul Prezent \u0219i a colaborat cu revistele Dilema Veche \u0219i Suplimentul de Cultur\u0103. Este co-autor \u00een volumele \u201eMass-media \u0219i democra\u021bia \u00een Rom\u00e2nia post-comunist\u0103\u201d (ed. a II-a), Ed. Institutul European, Ia\u0219i, 2013, \u0219i \u201eCOVID - 19. Dimensiuni ale gestionarii pandemiei\u201d, Editura Junimea, Ia\u0219i, 2020.\",\"url\":\"https:\\\/\\\/buletin.de\\\/bucuresti\\\/author\\\/razvan-chiruta\\\/\"}]}<\/script>\n<!-- \/ Yoast SEO Premium plugin. -->","yoast_head_json":{"title":"Fost viceprimar al Sectorului 3, numit de Nicu\u0219or Dan administrator public al municipiului Bucure\u0219ti - Buletin de Bucure\u0219ti","description":"Lucian Judele, fost viceprimar al Sectorului 3, a fost numit administrator public al municipiul Bucure\u0219ti, de c\u0103tre Nicu\u0219or Dan.","robots":{"index":"index","follow":"follow","max-snippet":"max-snippet:-1","max-image-preview":"max-image-preview:large","max-video-preview":"max-video-preview:-1"},"canonical":"https:\/\/buletin.de\/bucuresti\/fost-viceprimar-al-sectorului-3-numit-de-nicusor-dan-administrator-public-al-municipiul-bucuresti\/","og_locale":"en_GB","og_type":"article","og_title":"Fost viceprimar al Sectorului 3, numit de Nicu\u0219or Dan administrator public al municipiului Bucure\u0219ti","og_description":"Lucian Judele, fost viceprimar al Sectorului 3, a fost numit administrator public al municipiul Bucure\u0219ti, de c\u0103tre Nicu\u0219or Dan.","og_url":"https:\/\/buletin.de\/bucuresti\/fost-viceprimar-al-sectorului-3-numit-de-nicusor-dan-administrator-public-al-municipiul-bucuresti\/","og_site_name":"Buletin de Bucure\u0219ti","article_publisher":"https:\/\/www.facebook.com\/buletin.de.buc","article_published_time":"2025-02-07T10:53:39+00:00","article_modified_time":"2025-02-07T16:48:21+00:00","og_image":[{"width":960,"height":598,"url":"https:\/\/buletin.de\/bucuresti\/wp-content\/uploads\/lucianjudele.jpg","type":"image\/jpeg"}],"author":"R\u0103zvan Chiru\u021b\u0103","twitter_card":"summary_large_image","twitter_misc":{"Written by":"R\u0103zvan Chiru\u021b\u0103","Estimated reading time":"3 minutes"},"schema":{"@context":"https:\/\/schema.org","@graph":[{"@type":"Article","@id":"https:\/\/buletin.de\/bucuresti\/fost-viceprimar-al-sectorului-3-numit-de-nicusor-dan-administrator-public-al-municipiul-bucuresti\/#article","isPartOf":{"@id":"https:\/\/buletin.de\/bucuresti\/fost-viceprimar-al-sectorului-3-numit-de-nicusor-dan-administrator-public-al-municipiul-bucuresti\/"},"author":{"name":"R\u0103zvan Chiru\u021b\u0103","@id":"https:\/\/buletin.de\/bucuresti\/#\/schema\/person\/a76df728dfc913795a9d90e346b253bb"},"headline":"Fost viceprimar al Sectorului 3, numit de Nicu\u0219or Dan administrator public al municipiului Bucure\u0219ti","datePublished":"2025-02-07T10:53:39+00:00","dateModified":"2025-02-07T16:48:21+00:00","mainEntityOfPage":{"@id":"https:\/\/buletin.de\/bucuresti\/fost-viceprimar-al-sectorului-3-numit-de-nicusor-dan-administrator-public-al-municipiul-bucuresti\/"},"wordCount":515,"publisher":{"@id":"https:\/\/buletin.de\/bucuresti\/#organization"},"image":{"@id":"https:\/\/buletin.de\/bucuresti\/fost-viceprimar-al-sectorului-3-numit-de-nicusor-dan-administrator-public-al-municipiul-bucuresti\/#primaryimage"},"thumbnailUrl":"https:\/\/buletin.de\/bucuresti\/wp-content\/uploads\/lucianjudele.jpg","keywords":["administrator public","bucuresti","cine este lucian judele","Lucian Judele","nicusor dan"],"articleSection":["Articole","Main","Prim\u0103rie"],"inLanguage":"en-GB","copyrightYear":"2025","copyrightHolder":{"@id":"https:\/\/buletin.de\/bucuresti\/#organization"}},{"@type":"WebPage","@id":"https:\/\/buletin.de\/bucuresti\/fost-viceprimar-al-sectorului-3-numit-de-nicusor-dan-administrator-public-al-municipiul-bucuresti\/","url":"https:\/\/buletin.de\/bucuresti\/fost-viceprimar-al-sectorului-3-numit-de-nicusor-dan-administrator-public-al-municipiul-bucuresti\/","name":"Fost viceprimar al Sectorului 3, numit de Nicu\u0219or Dan administrator public al municipiului Bucure\u0219ti - Buletin de Bucure\u0219ti","isPartOf":{"@id":"https:\/\/buletin.de\/bucuresti\/#website"},"primaryImageOfPage":{"@id":"https:\/\/buletin.de\/bucuresti\/fost-viceprimar-al-sectorului-3-numit-de-nicusor-dan-administrator-public-al-municipiul-bucuresti\/#primaryimage"},"image":{"@id":"https:\/\/buletin.de\/bucuresti\/fost-viceprimar-al-sectorului-3-numit-de-nicusor-dan-administrator-public-al-municipiul-bucuresti\/#primaryimage"},"thumbnailUrl":"https:\/\/buletin.de\/bucuresti\/wp-content\/uploads\/lucianjudele.jpg","datePublished":"2025-02-07T10:53:39+00:00","dateModified":"2025-02-07T16:48:21+00:00","description":"Lucian Judele, fost viceprimar al Sectorului 3, a fost numit administrator public al municipiul Bucure\u0219ti, de c\u0103tre Nicu\u0219or Dan.","breadcrumb":{"@id":"https:\/\/buletin.de\/bucuresti\/fost-viceprimar-al-sectorului-3-numit-de-nicusor-dan-administrator-public-al-municipiul-bucuresti\/#breadcrumb"},"inLanguage":"en-GB","potentialAction":[{"@type":"ReadAction","target":["https:\/\/buletin.de\/bucuresti\/fost-viceprimar-al-sectorului-3-numit-de-nicusor-dan-administrator-public-al-municipiul-bucuresti\/"]}]},{"@type":"ImageObject","inLanguage":"en-GB","@id":"https:\/\/buletin.de\/bucuresti\/fost-viceprimar-al-sectorului-3-numit-de-nicusor-dan-administrator-public-al-municipiul-bucuresti\/#primaryimage","url":"https:\/\/buletin.de\/bucuresti\/wp-content\/uploads\/lucianjudele.jpg","contentUrl":"https:\/\/buletin.de\/bucuresti\/wp-content\/uploads\/lucianjudele.jpg","width":960,"height":598,"caption":"Fost viceprimar al Sectorului 3, Lucian Judele este noul administrator public"},{"@type":"BreadcrumbList","@id":"https:\/\/buletin.de\/bucuresti\/fost-viceprimar-al-sectorului-3-numit-de-nicusor-dan-administrator-public-al-municipiul-bucuresti\/#breadcrumb","itemListElement":[{"@type":"ListItem","position":1,"name":"Acas\u0103","item":"https:\/\/buletin.de\/bucuresti\/"},{"@type":"ListItem","position":2,"name":"Fost viceprimar al Sectorului 3, numit de Nicu\u0219or Dan administrator public al municipiului Bucure\u0219ti"}]},{"@type":"WebSite","@id":"https:\/\/buletin.de\/bucuresti\/#website","url":"https:\/\/buletin.de\/bucuresti\/","name":"Buletin de Bucure\u0219ti","description":"\u0218tiri \u0219i investiga\u021bii esen\u021biale din capital\u0103","publisher":{"@id":"https:\/\/buletin.de\/bucuresti\/#organization"},"potentialAction":[{"@type":"SearchAction","target":{"@type":"EntryPoint","urlTemplate":"https:\/\/buletin.de\/bucuresti\/?s={search_term_string}"},"query-input":{"@type":"PropertyValueSpecification","valueRequired":true,"valueName":"search_term_string"}}],"inLanguage":"en-GB"},{"@type":"Organization","@id":"https:\/\/buletin.de\/bucuresti\/#organization","name":"Buletin de Bucure\u0219ti","url":"https:\/\/buletin.de\/bucuresti\/","logo":{"@type":"ImageObject","inLanguage":"en-GB","@id":"https:\/\/buletin.de\/bucuresti\/#\/schema\/logo\/image\/","url":"https:\/\/buletin.de\/bucuresti\/wp-content\/uploads\/logo-bdb-full-wide-vernil-transparent.png","contentUrl":"https:\/\/buletin.de\/bucuresti\/wp-content\/uploads\/logo-bdb-full-wide-vernil-transparent.png","width":1782,"height":626,"caption":"Buletin de Bucure\u0219ti"},"image":{"@id":"https:\/\/buletin.de\/bucuresti\/#\/schema\/logo\/image\/"},"sameAs":["https:\/\/www.facebook.com\/buletin.de.buc","https:\/\/www.instagram.com\/buletinde.bucuresti\/"]},{"@type":"Person","@id":"https:\/\/buletin.de\/bucuresti\/#\/schema\/person\/a76df728dfc913795a9d90e346b253bb","name":"R\u0103zvan Chiru\u021b\u0103","image":{"@type":"ImageObject","inLanguage":"en-GB","@id":"https:\/\/buletin.de\/bucuresti\/wp-content\/uploads\/Razvan-Chiruta-96x96.jpge7143b996fd4241fbd6ee1f6b6b7b267","url":"https:\/\/buletin.de\/bucuresti\/wp-content\/uploads\/Razvan-Chiruta-96x96.jpg","contentUrl":"https:\/\/buletin.de\/bucuresti\/wp-content\/uploads\/Razvan-Chiruta-96x96.jpg","caption":"R\u0103zvan Chiru\u021b\u0103"},"description":"R\u0103zvan Chiru\u021b\u0103 este redactor-\u0219ef adjunct din iulie 2024. A fost redactor-\u0219ef al PRESShub \u00eentre 2022 \u0219i iunie 2024. Anterior, a fost redactor-\u0219ef al Newsweek Rom\u00e2nia, din 2018 p\u00e2n\u0103 \u00een 2021, \u0219i al cotidianului Rom\u00e2nia liber\u0103, \u00eentre 2015 \u0219i 2017. Este absolvent de Jurnalism, \u00een cadrul Universit\u0103\u021bii \u201eAl.I.Cuza\u201d din Ia\u0219i, \u0219i a urmat un master \u00een Managementul institu\u021biilor mass-media (f\u0103r\u0103 diserta\u021bie) la Facultatea de Jurnalism \u0219i \u0218tiin\u021bele Comunic\u0103rii din cadrul Universit\u0103\u021bii din Bucure\u0219ti. \u0218i-a \u00eenceput cariera la Opinia studen\u021beasc\u0103, cunoscuta \u0219coal\u0103 de pres\u0103 din Ia\u0219i. A lucrat \u00een presa local\u0103, apoi a devenit corespondent pentru Ia\u0219i al cotidianului Evenimentul Zilei. Din 2004, a coordonat pentru \u0219ase luni sec\u021bia de coresponden\u021bi a Evenimentului Zilei. A mai lucrat la s\u0103pt\u0103m\u00e2nalul Prezent \u0219i a colaborat cu revistele Dilema Veche \u0219i Suplimentul de Cultur\u0103. Este co-autor \u00een volumele \u201eMass-media \u0219i democra\u021bia \u00een Rom\u00e2nia post-comunist\u0103\u201d (ed. a II-a), Ed. Institutul European, Ia\u0219i, 2013, \u0219i \u201eCOVID - 19. Dimensiuni ale gestionarii pandemiei\u201d, Editura Junimea, Ia\u0219i, 2020.","url":"https:\/\/buletin.de\/bucuresti\/author\/razvan-chiruta\/"}]}},"authors":[{"term_id":22582,"user_id":60,"is_guest":0,"slug":"razvan-chiruta","display_name":"R\u0103zvan Chiru\u021b\u0103","avatar_url":"https:\/\/buletin.de\/bucuresti\/wp-content\/uploads\/Razvan-Chiruta-96x96.jpg","0":null,"1":"","2":"","3":"","4":"","5":"","6":"","7":"","8":""}],"_links":{"self":[{"href":"https:\/\/buletin.de\/bucuresti\/wp-json\/wp\/v2\/posts\/117478","targetHints":{"allow":["GET"]}}],"collection":[{"href":"https:\/\/buletin.de\/bucuresti\/wp-json\/wp\/v2\/posts"}],"about":[{"href":"https:\/\/buletin.de\/bucuresti\/wp-json\/wp\/v2\/types\/post"}],"author":[{"embeddable":true,"href":"https:\/\/buletin.de\/bucuresti\/wp-json\/wp\/v2\/users\/60"}],"replies":[{"embeddable":true,"href":"https:\/\/buletin.de\/bucuresti\/wp-json\/wp\/v2\/comments?post=117478"}],"version-history":[{"count":5,"href":"https:\/\/buletin.de\/bucuresti\/wp-json\/wp\/v2\/posts\/117478\/revisions"}],"predecessor-version":[{"id":117527,"href":"https:\/\/buletin.de\/bucuresti\/wp-json\/wp\/v2\/posts\/117478\/revisions\/117527"}],"wp:featuredmedia":[{"embeddable":true,"href":"https:\/\/buletin.de\/bucuresti\/wp-json\/wp\/v2\/media\/117479"}],"wp:attachment":[{"href":"https:\/\/buletin.de\/bucuresti\/wp-json\/wp\/v2\/media?parent=117478"}],"wp:term":[{"taxonomy":"category","embeddable":true,"href":"https:\/\/buletin.de\/bucuresti\/wp-json\/wp\/v2\/categories?post=117478"},{"taxonomy":"post_tag","embeddable":true,"href":"https:\/\/buletin.de\/bucuresti\/wp-json\/wp\/v2\/tags?post=117478"},{"taxonomy":"author","embeddable":true,"href":"https:\/\/buletin.de\/bucuresti\/wp-json\/wp\/v2\/ppma_author?post=117478"}],"curies":[{"name":"wp","href":"https:\/\/api.w.org\/{rel}","templated":true}]}}