{"id":117375,"date":"2025-02-06T18:23:25","date_gmt":"2025-02-06T15:23:25","guid":{"rendered":"https:\/\/buletin.de\/bucuresti\/?p=117375"},"modified":"2025-02-07T14:10:58","modified_gmt":"2025-02-07T11:10:58","slug":"licitatie-incheiata-pentru-benzinarii-si-spatii-de-servicii-pe-a3-bucuresti-ploiesti-dupa-13-ani-de-asteptare","status":"publish","type":"post","link":"https:\/\/buletin.de\/bucuresti\/licitatie-incheiata-pentru-benzinarii-si-spatii-de-servicii-pe-a3-bucuresti-ploiesti-dupa-13-ani-de-asteptare\/","title":{"rendered":"Licita\u021bie \u00eencheiat\u0103 pentru benzin\u0103rii \u0219i spa\u021bii de servicii pe A3 Bucure\u0219ti-Ploie\u0219ti, dup\u0103 13 ani de a\u0219teptare"},"content":{"rendered":"\n<p><strong>Licita\u021bia a fost \u00een sf\u00e2r\u0219it \u00eencheiat\u0103, cea ce \u00eenseamn\u0103 c\u0103 va \u00eencepe amenajarea de benzin\u0103rii \u0219i spa\u021bii de servicii pe A3 \u0219i pe drumul expres Craiova &#8211; Pite\u0219ti de OMV Petrom Marketing, <a href=\"https:\/\/www.facebook.com\/100088144501936\/posts\/584882591126553\/?rdid=GQa9azAUyG0y9khJ#\">anun\u021b\u0103 <\/a>directorul Companiei Na\u021bionale de Administrare a Infrastructurii Rutiere (CNAIR), Cristian Pistol.<\/strong><\/p>\n\n\n\n<p>Spa\u021bii de servicii pe A3 Bucure\u0219ti-Ploie\u0219ti vor fi amplasate \u00een zona localit\u0103\u021bilor:<\/p>\n\n\n\n<ul class=\"wp-block-list\">\n<li>Moara Vl\u0103siei (st\u00e2nga\/dreapta),<\/li>\n\n\n\n<li>\u0218tef\u0103ne\u0219tii de Jos, (st\u00e2nga\/dreapta),<\/li>\n\n\n\n<li>Gruiu (st\u00e2nga\/dreapta).<\/li>\n<\/ul>\n\n\n\n<p>OMV Petrom Marketing a c\u00e2\u0219tigat licita\u021bia anun\u021bat\u0103 de CNAIR \u00eenc\u0103 din august 2024, dup\u0103 cum Buletin de Bucure\u0219ti scria <a href=\"https:\/\/buletin.de\/bucuresti\/autostrada-a3-bucuresti-ploiesti-va-avea-benzinarii-si-parcari-anunta-directorul-cnair\/\">AICI<\/a>. <\/p>\n\n\n\n<p><strong>CITE\u0218TE \u0218I: <\/strong><a href=\"https:\/\/buletin.de\/bucuresti\/toata-sectiunea-de-sud-a-autostrazii-bucuresti-va-fi-gata-in-aprilie-promite-constructorul-care-lucreaza-pe-lotul-3\/\"><strong>Toat\u0103 sec\u0163iunea de sud a Autostr\u0103zii Bucure\u015fti va fi gata \u00een aprilie, promite constructorul care lucreaz\u0103 pe lotul 3<\/strong><\/a><\/p>\n\n\n\n<h2 class=\"wp-block-heading\" id=\"h-unde-se-mai-construiesc-benzinarii-\u0219i-spa\u021bii-de-servicii-pe-a3-\u0219i-alte-autostrazi-\u0219i-drumuri-expres\">Unde se mai construiesc benzin\u0103rii \u0219i spa\u021bii de servicii pe A3 \u0219i alte autostr\u0103zi \u0219i drumuri expres<\/h2>\n\n\n\n<p>Pe sec\u021biunea de autostrad\u0103 C\u00e2mpia Turzii &#8211; Gil\u0103u (A3), spa\u021biile (st\u00e2nga\/dreapta), \u00een zona Nodului rutier Turda, iar pe sec\u021biunea de autostrad\u0103 Gil\u0103u -Bor\u0219 (A3), spa\u021biile (st\u00e2nga\/dreapta)sunt amplasate \u00een zona localit\u0103\u021bii Biharia.<\/p>\n\n\n\n<p>Pe drumul expres Craiova &#8211; Pite\u0219ti (DEx12), spa\u021biile sunt pozi\u021bionate \u00een zona localit\u0103\u021bii Slatina (st\u00e2nga\/dreapta).<\/p>\n\n\n\n<p>Principalele dot\u0103ri pe care le vor oferi aceste spa\u021bii concesionate sunt:<\/p>\n\n\n\n<ul class=\"wp-block-list\">\n<li>Parc\u0103ri,<\/li>\n\n\n\n<li>Toalete publice (inclusiv du\u0219uri),<\/li>\n\n\n\n<li>Sta\u021bii pentru distribu\u021bia carburan\u021bilor,<\/li>\n\n\n\n<li>Spa\u021bii comerciale,<\/li>\n\n\n\n<li>Snack bar,<\/li>\n\n\n\n<li>Sta\u021bie re\u00eenc\u0103rcare vehicule electrice u\u0219oare \u0219i grele.<\/li>\n<\/ul>\n\n\n\n<p><strong>CITE\u0218TE \u0218I: <a href=\"https:\/\/buletin.de\/bucuresti\/ps3-despre-macelul-platanilor-de-pe-splaiul-unirii-interventia-urmareste-cresterea-sigurantei-traficului-si-imbunatatirea-aspectului-urban\/\" target=\"_blank\" rel=\"noreferrer noopener\">Prim\u0103ria Sectorului 3, despre \u201em\u0103celul\u201d platanilor de pe Splaiul Unirii: \u201eInterven\u021bia urm\u0103re\u0219te cre\u0219terea siguran\u021bei traficului \u0219i \u00eembun\u0103t\u0103\u021birea aspectului urban\u201d<\/a><\/strong><\/p>\n\n\n\n<p>Pe sec\u021biunea Gil\u0103u Bor\u0219 a autostr\u0103zii A3 va fi amenajat\u0103 \u0219i o parcare securizat\u0103, \u00een zona localit\u0103\u021bii Biharia (partea st\u00e2ng\u0103).<\/p>\n\n\n\n<p>Cele 12 parc\u0103ri \u0219i spa\u021bii de servicii au fost concesionate pe perioade cuprinse \u00eentre 23 de ani \u0219i 32 de ani.<\/p>\n\n\n\n<p>Din 14 decembrie 2018 , sunt circulabili complet to\u021bi cei 62 km ai autostr\u0103zii&nbsp;<strong>Bucure\u0219ti<\/strong>\u2013<strong>Ploie\u0219ti<\/strong>, dup\u0103 ce por\u021biunea dintre centurile celor dou\u0103 ora\u0219e a fost deschis\u0103 ini\u021bial \u00een 19 iulie 2012 .<\/p>\n\n\n\n<p><strong>CITE\u0218TE \u0218I:<\/strong> <a href=\"https:\/\/buletin.de\/bucuresti\/video-progres-pe-cel-mai-dificil-tronson-din-autostrada-de-centura-au-fost-unite-malurile-lacului-cernica\/\"><strong>VIDEO | Progres pe cel mai dificil tronson din Autostrada de Centur\u0103. Au fost unite malurile lacului Cernica<\/strong><\/a><br><\/p>\n","protected":false},"excerpt":{"rendered":"<p>Licita\u021bia a fost \u00een sf\u00e2r\u0219it \u00eencheiat\u0103, cea ce \u00eenseamn\u0103 c\u0103 va \u00eencepe amenajarea de benzin\u0103rii \u0219i spa\u021bii de servicii pe A3 \u0219i pe drumul expres Craiova &#8211; Pite\u0219ti de OMV Petrom Marketing, anun\u021b\u0103 directorul Companiei Na\u021bionale de Administrare a Infrastructurii Rutiere (CNAIR), Cristian Pistol. Spa\u021bii de servicii pe A3 Bucure\u0219ti-Ploie\u0219ti vor fi amplasate \u00een zona [&hellip;]<\/p>\n","protected":false},"author":8,"featured_media":117389,"comment_status":"closed","ping_status":"open","sticky":false,"template":"","format":"standard","meta":{"_acf_changed":false,"inline_featured_image":false,"ngg_post_thumbnail":0,"footnotes":""},"categories":[6994,5762,650],"tags":[18972,18976,18974,1238,14682,18973,18975],"ppma_author":[22586],"class_list":["post-117375","post","type-post","status-publish","format-standard","has-post-thumbnail","hentry","category-stiri-2","category-main","category-transport","tag-a3-bucuresti-ploiesti","tag-autostrada-bucuresti-ploiesti","tag-benzinarii-a3","tag-cnair","tag-cristian-pistol","tag-omv-petrom","tag-spatii-servicii-a3"],"acf":[],"yoast_head":"<!-- This site is optimized with the Yoast SEO Premium plugin v25.3 (Yoast SEO v27.4) - https:\/\/yoast.com\/product\/yoast-seo-premium-wordpress\/ -->\n<title>Licita\u021bie \u00eencheiat\u0103 pentru benzin\u0103rii \u0219i spa\u021bii de servicii pe A3 Bucure\u0219ti-Ploie\u0219ti, dup\u0103 13 ani de a\u0219teptare - Buletin de Bucure\u0219ti<\/title>\n<meta name=\"description\" content=\"Licita\u021bia a fost \u00een sf\u00e2r\u0219it \u00eencheiat\u0103, cea ce \u00eenseamn\u0103 c\u0103 va \u00eencepe amenajarea de benzin\u0103rii \u0219i spa\u021bii de servicii pe A3.\" \/>\n<meta name=\"robots\" content=\"index, follow, max-snippet:-1, max-image-preview:large, max-video-preview:-1\" \/>\n<link rel=\"canonical\" href=\"https:\/\/buletin.de\/bucuresti\/licitatie-incheiata-pentru-benzinarii-si-spatii-de-servicii-pe-a3-bucuresti-ploiesti-dupa-13-ani-de-asteptare\/\" \/>\n<meta property=\"og:locale\" content=\"en_GB\" \/>\n<meta property=\"og:type\" content=\"article\" \/>\n<meta property=\"og:title\" content=\"Licita\u021bie \u00eencheiat\u0103 pentru benzin\u0103rii \u0219i spa\u021bii de servicii pe A3 Bucure\u0219ti-Ploie\u0219ti, dup\u0103 13 ani de a\u0219teptare\" \/>\n<meta property=\"og:description\" content=\"Licita\u021bia a fost \u00een sf\u00e2r\u0219it \u00eencheiat\u0103, cea ce \u00eenseamn\u0103 c\u0103 va \u00eencepe amenajarea de benzin\u0103rii \u0219i spa\u021bii de servicii pe A3.\" \/>\n<meta property=\"og:url\" content=\"https:\/\/buletin.de\/bucuresti\/licitatie-incheiata-pentru-benzinarii-si-spatii-de-servicii-pe-a3-bucuresti-ploiesti-dupa-13-ani-de-asteptare\/\" \/>\n<meta property=\"og:site_name\" content=\"Buletin de Bucure\u0219ti\" \/>\n<meta property=\"article:publisher\" content=\"https:\/\/www.facebook.com\/buletin.de.buc\" \/>\n<meta property=\"article:published_time\" content=\"2025-02-06T15:23:25+00:00\" \/>\n<meta property=\"article:modified_time\" content=\"2025-02-07T11:10:58+00:00\" \/>\n<meta property=\"og:image\" content=\"https:\/\/buletin.de\/bucuresti\/wp-content\/uploads\/spatii-servicii-a3-cristian-pistol-fb.jpg\" \/>\n\t<meta property=\"og:image:width\" content=\"827\" \/>\n\t<meta property=\"og:image:height\" content=\"396\" \/>\n\t<meta property=\"og:image:type\" content=\"image\/jpeg\" \/>\n<meta name=\"author\" content=\"Ionu\u021b Lepa\" \/>\n<meta name=\"twitter:card\" content=\"summary_large_image\" \/>\n<meta name=\"twitter:label1\" content=\"Written by\" \/>\n\t<meta name=\"twitter:data1\" content=\"Ionu\u021b Lepa\" \/>\n\t<meta name=\"twitter:label2\" content=\"Estimated reading time\" \/>\n\t<meta name=\"twitter:data2\" content=\"2 minutes\" \/>\n<script type=\"application\/ld+json\" class=\"yoast-schema-graph\">{\"@context\":\"https:\\\/\\\/schema.org\",\"@graph\":[{\"@type\":\"Article\",\"@id\":\"https:\\\/\\\/buletin.de\\\/bucuresti\\\/licitatie-incheiata-pentru-benzinarii-si-spatii-de-servicii-pe-a3-bucuresti-ploiesti-dupa-13-ani-de-asteptare\\\/#article\",\"isPartOf\":{\"@id\":\"https:\\\/\\\/buletin.de\\\/bucuresti\\\/licitatie-incheiata-pentru-benzinarii-si-spatii-de-servicii-pe-a3-bucuresti-ploiesti-dupa-13-ani-de-asteptare\\\/\"},\"author\":{\"name\":\"Ionu\u021b Lepa\",\"@id\":\"https:\\\/\\\/buletin.de\\\/bucuresti\\\/#\\\/schema\\\/person\\\/5272b8a057b33890940b57b837fc4ce6\"},\"headline\":\"Licita\u021bie \u00eencheiat\u0103 pentru benzin\u0103rii \u0219i spa\u021bii de servicii pe A3 Bucure\u0219ti-Ploie\u0219ti, dup\u0103 13 ani de a\u0219teptare\",\"datePublished\":\"2025-02-06T15:23:25+00:00\",\"dateModified\":\"2025-02-07T11:10:58+00:00\",\"mainEntityOfPage\":{\"@id\":\"https:\\\/\\\/buletin.de\\\/bucuresti\\\/licitatie-incheiata-pentru-benzinarii-si-spatii-de-servicii-pe-a3-bucuresti-ploiesti-dupa-13-ani-de-asteptare\\\/\"},\"wordCount\":410,\"publisher\":{\"@id\":\"https:\\\/\\\/buletin.de\\\/bucuresti\\\/#organization\"},\"image\":{\"@id\":\"https:\\\/\\\/buletin.de\\\/bucuresti\\\/licitatie-incheiata-pentru-benzinarii-si-spatii-de-servicii-pe-a3-bucuresti-ploiesti-dupa-13-ani-de-asteptare\\\/#primaryimage\"},\"thumbnailUrl\":\"https:\\\/\\\/buletin.de\\\/bucuresti\\\/wp-content\\\/uploads\\\/spatii-servicii-a3-cristian-pistol-fb.jpg\",\"keywords\":[\"a3 bucuresti ploiesti\",\"autostrada bucuresti - ploiesti\",\"benzinarii a3\",\"cnair\",\"cristian pistol\",\"omv petrom\",\"spatii servicii a3\"],\"articleSection\":[\"Articole\",\"Main\",\"Transport\"],\"inLanguage\":\"en-GB\",\"copyrightYear\":\"2025\",\"copyrightHolder\":{\"@id\":\"https:\\\/\\\/buletin.de\\\/bucuresti\\\/#organization\"}},{\"@type\":\"WebPage\",\"@id\":\"https:\\\/\\\/buletin.de\\\/bucuresti\\\/licitatie-incheiata-pentru-benzinarii-si-spatii-de-servicii-pe-a3-bucuresti-ploiesti-dupa-13-ani-de-asteptare\\\/\",\"url\":\"https:\\\/\\\/buletin.de\\\/bucuresti\\\/licitatie-incheiata-pentru-benzinarii-si-spatii-de-servicii-pe-a3-bucuresti-ploiesti-dupa-13-ani-de-asteptare\\\/\",\"name\":\"Licita\u021bie \u00eencheiat\u0103 pentru benzin\u0103rii \u0219i spa\u021bii de servicii pe A3 Bucure\u0219ti-Ploie\u0219ti, dup\u0103 13 ani de a\u0219teptare - Buletin de Bucure\u0219ti\",\"isPartOf\":{\"@id\":\"https:\\\/\\\/buletin.de\\\/bucuresti\\\/#website\"},\"primaryImageOfPage\":{\"@id\":\"https:\\\/\\\/buletin.de\\\/bucuresti\\\/licitatie-incheiata-pentru-benzinarii-si-spatii-de-servicii-pe-a3-bucuresti-ploiesti-dupa-13-ani-de-asteptare\\\/#primaryimage\"},\"image\":{\"@id\":\"https:\\\/\\\/buletin.de\\\/bucuresti\\\/licitatie-incheiata-pentru-benzinarii-si-spatii-de-servicii-pe-a3-bucuresti-ploiesti-dupa-13-ani-de-asteptare\\\/#primaryimage\"},\"thumbnailUrl\":\"https:\\\/\\\/buletin.de\\\/bucuresti\\\/wp-content\\\/uploads\\\/spatii-servicii-a3-cristian-pistol-fb.jpg\",\"datePublished\":\"2025-02-06T15:23:25+00:00\",\"dateModified\":\"2025-02-07T11:10:58+00:00\",\"description\":\"Licita\u021bia a fost \u00een sf\u00e2r\u0219it \u00eencheiat\u0103, cea ce \u00eenseamn\u0103 c\u0103 va \u00eencepe amenajarea de benzin\u0103rii \u0219i spa\u021bii de servicii pe A3.\",\"breadcrumb\":{\"@id\":\"https:\\\/\\\/buletin.de\\\/bucuresti\\\/licitatie-incheiata-pentru-benzinarii-si-spatii-de-servicii-pe-a3-bucuresti-ploiesti-dupa-13-ani-de-asteptare\\\/#breadcrumb\"},\"inLanguage\":\"en-GB\",\"potentialAction\":[{\"@type\":\"ReadAction\",\"target\":[\"https:\\\/\\\/buletin.de\\\/bucuresti\\\/licitatie-incheiata-pentru-benzinarii-si-spatii-de-servicii-pe-a3-bucuresti-ploiesti-dupa-13-ani-de-asteptare\\\/\"]}]},{\"@type\":\"ImageObject\",\"inLanguage\":\"en-GB\",\"@id\":\"https:\\\/\\\/buletin.de\\\/bucuresti\\\/licitatie-incheiata-pentru-benzinarii-si-spatii-de-servicii-pe-a3-bucuresti-ploiesti-dupa-13-ani-de-asteptare\\\/#primaryimage\",\"url\":\"https:\\\/\\\/buletin.de\\\/bucuresti\\\/wp-content\\\/uploads\\\/spatii-servicii-a3-cristian-pistol-fb.jpg\",\"contentUrl\":\"https:\\\/\\\/buletin.de\\\/bucuresti\\\/wp-content\\\/uploads\\\/spatii-servicii-a3-cristian-pistol-fb.jpg\",\"width\":827,\"height\":396,\"caption\":\"Benzin\u0103rii \u0219i spa\u021bii de servicii pe A3. FOTO: FB \\\/ Cristian Pistol\"},{\"@type\":\"BreadcrumbList\",\"@id\":\"https:\\\/\\\/buletin.de\\\/bucuresti\\\/licitatie-incheiata-pentru-benzinarii-si-spatii-de-servicii-pe-a3-bucuresti-ploiesti-dupa-13-ani-de-asteptare\\\/#breadcrumb\",\"itemListElement\":[{\"@type\":\"ListItem\",\"position\":1,\"name\":\"Acas\u0103\",\"item\":\"https:\\\/\\\/buletin.de\\\/bucuresti\\\/\"},{\"@type\":\"ListItem\",\"position\":2,\"name\":\"Licita\u021bie \u00eencheiat\u0103 pentru benzin\u0103rii \u0219i spa\u021bii de servicii pe A3 Bucure\u0219ti-Ploie\u0219ti, dup\u0103 13 ani de a\u0219teptare\"}]},{\"@type\":\"WebSite\",\"@id\":\"https:\\\/\\\/buletin.de\\\/bucuresti\\\/#website\",\"url\":\"https:\\\/\\\/buletin.de\\\/bucuresti\\\/\",\"name\":\"Buletin de Bucure\u0219ti\",\"description\":\"\u0218tiri \u0219i investiga\u021bii esen\u021biale din capital\u0103\",\"publisher\":{\"@id\":\"https:\\\/\\\/buletin.de\\\/bucuresti\\\/#organization\"},\"potentialAction\":[{\"@type\":\"SearchAction\",\"target\":{\"@type\":\"EntryPoint\",\"urlTemplate\":\"https:\\\/\\\/buletin.de\\\/bucuresti\\\/?s={search_term_string}\"},\"query-input\":{\"@type\":\"PropertyValueSpecification\",\"valueRequired\":true,\"valueName\":\"search_term_string\"}}],\"inLanguage\":\"en-GB\"},{\"@type\":\"Organization\",\"@id\":\"https:\\\/\\\/buletin.de\\\/bucuresti\\\/#organization\",\"name\":\"Buletin de Bucure\u0219ti\",\"url\":\"https:\\\/\\\/buletin.de\\\/bucuresti\\\/\",\"logo\":{\"@type\":\"ImageObject\",\"inLanguage\":\"en-GB\",\"@id\":\"https:\\\/\\\/buletin.de\\\/bucuresti\\\/#\\\/schema\\\/logo\\\/image\\\/\",\"url\":\"https:\\\/\\\/buletin.de\\\/bucuresti\\\/wp-content\\\/uploads\\\/logo-bdb-full-wide-vernil-transparent.png\",\"contentUrl\":\"https:\\\/\\\/buletin.de\\\/bucuresti\\\/wp-content\\\/uploads\\\/logo-bdb-full-wide-vernil-transparent.png\",\"width\":1782,\"height\":626,\"caption\":\"Buletin de Bucure\u0219ti\"},\"image\":{\"@id\":\"https:\\\/\\\/buletin.de\\\/bucuresti\\\/#\\\/schema\\\/logo\\\/image\\\/\"},\"sameAs\":[\"https:\\\/\\\/www.facebook.com\\\/buletin.de.buc\",\"https:\\\/\\\/www.instagram.com\\\/buletinde.bucuresti\\\/\"]},{\"@type\":\"Person\",\"@id\":\"https:\\\/\\\/buletin.de\\\/bucuresti\\\/#\\\/schema\\\/person\\\/5272b8a057b33890940b57b837fc4ce6\",\"name\":\"Ionu\u021b Lepa\",\"image\":{\"@type\":\"ImageObject\",\"inLanguage\":\"en-GB\",\"@id\":\"https:\\\/\\\/buletin.de\\\/bucuresti\\\/wp-content\\\/uploads\\\/Ionut-Lepa-96x96.jpg5c4e4d9e049808799a8821652d2410a4\",\"url\":\"https:\\\/\\\/buletin.de\\\/bucuresti\\\/wp-content\\\/uploads\\\/Ionut-Lepa-96x96.jpg\",\"contentUrl\":\"https:\\\/\\\/buletin.de\\\/bucuresti\\\/wp-content\\\/uploads\\\/Ionut-Lepa-96x96.jpg\",\"caption\":\"Ionu\u021b Lepa\"},\"url\":\"https:\\\/\\\/buletin.de\\\/bucuresti\\\/author\\\/ionutlepa\\\/\"}]}<\/script>\n<!-- \/ Yoast SEO Premium plugin. -->","yoast_head_json":{"title":"Licita\u021bie \u00eencheiat\u0103 pentru benzin\u0103rii \u0219i spa\u021bii de servicii pe A3 Bucure\u0219ti-Ploie\u0219ti, dup\u0103 13 ani de a\u0219teptare - Buletin de Bucure\u0219ti","description":"Licita\u021bia a fost \u00een sf\u00e2r\u0219it \u00eencheiat\u0103, cea ce \u00eenseamn\u0103 c\u0103 va \u00eencepe amenajarea de benzin\u0103rii \u0219i spa\u021bii de servicii pe A3.","robots":{"index":"index","follow":"follow","max-snippet":"max-snippet:-1","max-image-preview":"max-image-preview:large","max-video-preview":"max-video-preview:-1"},"canonical":"https:\/\/buletin.de\/bucuresti\/licitatie-incheiata-pentru-benzinarii-si-spatii-de-servicii-pe-a3-bucuresti-ploiesti-dupa-13-ani-de-asteptare\/","og_locale":"en_GB","og_type":"article","og_title":"Licita\u021bie \u00eencheiat\u0103 pentru benzin\u0103rii \u0219i spa\u021bii de servicii pe A3 Bucure\u0219ti-Ploie\u0219ti, dup\u0103 13 ani de a\u0219teptare","og_description":"Licita\u021bia a fost \u00een sf\u00e2r\u0219it \u00eencheiat\u0103, cea ce \u00eenseamn\u0103 c\u0103 va \u00eencepe amenajarea de benzin\u0103rii \u0219i spa\u021bii de servicii pe A3.","og_url":"https:\/\/buletin.de\/bucuresti\/licitatie-incheiata-pentru-benzinarii-si-spatii-de-servicii-pe-a3-bucuresti-ploiesti-dupa-13-ani-de-asteptare\/","og_site_name":"Buletin de Bucure\u0219ti","article_publisher":"https:\/\/www.facebook.com\/buletin.de.buc","article_published_time":"2025-02-06T15:23:25+00:00","article_modified_time":"2025-02-07T11:10:58+00:00","og_image":[{"width":827,"height":396,"url":"https:\/\/buletin.de\/bucuresti\/wp-content\/uploads\/spatii-servicii-a3-cristian-pistol-fb.jpg","type":"image\/jpeg"}],"author":"Ionu\u021b Lepa","twitter_card":"summary_large_image","twitter_misc":{"Written by":"Ionu\u021b Lepa","Estimated reading time":"2 minutes"},"schema":{"@context":"https:\/\/schema.org","@graph":[{"@type":"Article","@id":"https:\/\/buletin.de\/bucuresti\/licitatie-incheiata-pentru-benzinarii-si-spatii-de-servicii-pe-a3-bucuresti-ploiesti-dupa-13-ani-de-asteptare\/#article","isPartOf":{"@id":"https:\/\/buletin.de\/bucuresti\/licitatie-incheiata-pentru-benzinarii-si-spatii-de-servicii-pe-a3-bucuresti-ploiesti-dupa-13-ani-de-asteptare\/"},"author":{"name":"Ionu\u021b Lepa","@id":"https:\/\/buletin.de\/bucuresti\/#\/schema\/person\/5272b8a057b33890940b57b837fc4ce6"},"headline":"Licita\u021bie \u00eencheiat\u0103 pentru benzin\u0103rii \u0219i spa\u021bii de servicii pe A3 Bucure\u0219ti-Ploie\u0219ti, dup\u0103 13 ani de a\u0219teptare","datePublished":"2025-02-06T15:23:25+00:00","dateModified":"2025-02-07T11:10:58+00:00","mainEntityOfPage":{"@id":"https:\/\/buletin.de\/bucuresti\/licitatie-incheiata-pentru-benzinarii-si-spatii-de-servicii-pe-a3-bucuresti-ploiesti-dupa-13-ani-de-asteptare\/"},"wordCount":410,"publisher":{"@id":"https:\/\/buletin.de\/bucuresti\/#organization"},"image":{"@id":"https:\/\/buletin.de\/bucuresti\/licitatie-incheiata-pentru-benzinarii-si-spatii-de-servicii-pe-a3-bucuresti-ploiesti-dupa-13-ani-de-asteptare\/#primaryimage"},"thumbnailUrl":"https:\/\/buletin.de\/bucuresti\/wp-content\/uploads\/spatii-servicii-a3-cristian-pistol-fb.jpg","keywords":["a3 bucuresti ploiesti","autostrada bucuresti - ploiesti","benzinarii a3","cnair","cristian pistol","omv petrom","spatii servicii a3"],"articleSection":["Articole","Main","Transport"],"inLanguage":"en-GB","copyrightYear":"2025","copyrightHolder":{"@id":"https:\/\/buletin.de\/bucuresti\/#organization"}},{"@type":"WebPage","@id":"https:\/\/buletin.de\/bucuresti\/licitatie-incheiata-pentru-benzinarii-si-spatii-de-servicii-pe-a3-bucuresti-ploiesti-dupa-13-ani-de-asteptare\/","url":"https:\/\/buletin.de\/bucuresti\/licitatie-incheiata-pentru-benzinarii-si-spatii-de-servicii-pe-a3-bucuresti-ploiesti-dupa-13-ani-de-asteptare\/","name":"Licita\u021bie \u00eencheiat\u0103 pentru benzin\u0103rii \u0219i spa\u021bii de servicii pe A3 Bucure\u0219ti-Ploie\u0219ti, dup\u0103 13 ani de a\u0219teptare - Buletin de Bucure\u0219ti","isPartOf":{"@id":"https:\/\/buletin.de\/bucuresti\/#website"},"primaryImageOfPage":{"@id":"https:\/\/buletin.de\/bucuresti\/licitatie-incheiata-pentru-benzinarii-si-spatii-de-servicii-pe-a3-bucuresti-ploiesti-dupa-13-ani-de-asteptare\/#primaryimage"},"image":{"@id":"https:\/\/buletin.de\/bucuresti\/licitatie-incheiata-pentru-benzinarii-si-spatii-de-servicii-pe-a3-bucuresti-ploiesti-dupa-13-ani-de-asteptare\/#primaryimage"},"thumbnailUrl":"https:\/\/buletin.de\/bucuresti\/wp-content\/uploads\/spatii-servicii-a3-cristian-pistol-fb.jpg","datePublished":"2025-02-06T15:23:25+00:00","dateModified":"2025-02-07T11:10:58+00:00","description":"Licita\u021bia a fost \u00een sf\u00e2r\u0219it \u00eencheiat\u0103, cea ce \u00eenseamn\u0103 c\u0103 va \u00eencepe amenajarea de benzin\u0103rii \u0219i spa\u021bii de servicii pe A3.","breadcrumb":{"@id":"https:\/\/buletin.de\/bucuresti\/licitatie-incheiata-pentru-benzinarii-si-spatii-de-servicii-pe-a3-bucuresti-ploiesti-dupa-13-ani-de-asteptare\/#breadcrumb"},"inLanguage":"en-GB","potentialAction":[{"@type":"ReadAction","target":["https:\/\/buletin.de\/bucuresti\/licitatie-incheiata-pentru-benzinarii-si-spatii-de-servicii-pe-a3-bucuresti-ploiesti-dupa-13-ani-de-asteptare\/"]}]},{"@type":"ImageObject","inLanguage":"en-GB","@id":"https:\/\/buletin.de\/bucuresti\/licitatie-incheiata-pentru-benzinarii-si-spatii-de-servicii-pe-a3-bucuresti-ploiesti-dupa-13-ani-de-asteptare\/#primaryimage","url":"https:\/\/buletin.de\/bucuresti\/wp-content\/uploads\/spatii-servicii-a3-cristian-pistol-fb.jpg","contentUrl":"https:\/\/buletin.de\/bucuresti\/wp-content\/uploads\/spatii-servicii-a3-cristian-pistol-fb.jpg","width":827,"height":396,"caption":"Benzin\u0103rii \u0219i spa\u021bii de servicii pe A3. FOTO: FB \/ Cristian Pistol"},{"@type":"BreadcrumbList","@id":"https:\/\/buletin.de\/bucuresti\/licitatie-incheiata-pentru-benzinarii-si-spatii-de-servicii-pe-a3-bucuresti-ploiesti-dupa-13-ani-de-asteptare\/#breadcrumb","itemListElement":[{"@type":"ListItem","position":1,"name":"Acas\u0103","item":"https:\/\/buletin.de\/bucuresti\/"},{"@type":"ListItem","position":2,"name":"Licita\u021bie \u00eencheiat\u0103 pentru benzin\u0103rii \u0219i spa\u021bii de servicii pe A3 Bucure\u0219ti-Ploie\u0219ti, dup\u0103 13 ani de a\u0219teptare"}]},{"@type":"WebSite","@id":"https:\/\/buletin.de\/bucuresti\/#website","url":"https:\/\/buletin.de\/bucuresti\/","name":"Buletin de Bucure\u0219ti","description":"\u0218tiri \u0219i investiga\u021bii esen\u021biale din capital\u0103","publisher":{"@id":"https:\/\/buletin.de\/bucuresti\/#organization"},"potentialAction":[{"@type":"SearchAction","target":{"@type":"EntryPoint","urlTemplate":"https:\/\/buletin.de\/bucuresti\/?s={search_term_string}"},"query-input":{"@type":"PropertyValueSpecification","valueRequired":true,"valueName":"search_term_string"}}],"inLanguage":"en-GB"},{"@type":"Organization","@id":"https:\/\/buletin.de\/bucuresti\/#organization","name":"Buletin de Bucure\u0219ti","url":"https:\/\/buletin.de\/bucuresti\/","logo":{"@type":"ImageObject","inLanguage":"en-GB","@id":"https:\/\/buletin.de\/bucuresti\/#\/schema\/logo\/image\/","url":"https:\/\/buletin.de\/bucuresti\/wp-content\/uploads\/logo-bdb-full-wide-vernil-transparent.png","contentUrl":"https:\/\/buletin.de\/bucuresti\/wp-content\/uploads\/logo-bdb-full-wide-vernil-transparent.png","width":1782,"height":626,"caption":"Buletin de Bucure\u0219ti"},"image":{"@id":"https:\/\/buletin.de\/bucuresti\/#\/schema\/logo\/image\/"},"sameAs":["https:\/\/www.facebook.com\/buletin.de.buc","https:\/\/www.instagram.com\/buletinde.bucuresti\/"]},{"@type":"Person","@id":"https:\/\/buletin.de\/bucuresti\/#\/schema\/person\/5272b8a057b33890940b57b837fc4ce6","name":"Ionu\u021b Lepa","image":{"@type":"ImageObject","inLanguage":"en-GB","@id":"https:\/\/buletin.de\/bucuresti\/wp-content\/uploads\/Ionut-Lepa-96x96.jpg5c4e4d9e049808799a8821652d2410a4","url":"https:\/\/buletin.de\/bucuresti\/wp-content\/uploads\/Ionut-Lepa-96x96.jpg","contentUrl":"https:\/\/buletin.de\/bucuresti\/wp-content\/uploads\/Ionut-Lepa-96x96.jpg","caption":"Ionu\u021b Lepa"},"url":"https:\/\/buletin.de\/bucuresti\/author\/ionutlepa\/"}]}},"authors":[{"term_id":22586,"user_id":8,"is_guest":0,"slug":"ionutlepa","display_name":"Ionu\u021b Lepa","avatar_url":"https:\/\/buletin.de\/bucuresti\/wp-content\/uploads\/Ionut-Lepa-96x96.jpg","0":null,"1":"","2":"","3":"","4":"","5":"","6":"","7":"","8":""}],"_links":{"self":[{"href":"https:\/\/buletin.de\/bucuresti\/wp-json\/wp\/v2\/posts\/117375","targetHints":{"allow":["GET"]}}],"collection":[{"href":"https:\/\/buletin.de\/bucuresti\/wp-json\/wp\/v2\/posts"}],"about":[{"href":"https:\/\/buletin.de\/bucuresti\/wp-json\/wp\/v2\/types\/post"}],"author":[{"embeddable":true,"href":"https:\/\/buletin.de\/bucuresti\/wp-json\/wp\/v2\/users\/8"}],"replies":[{"embeddable":true,"href":"https:\/\/buletin.de\/bucuresti\/wp-json\/wp\/v2\/comments?post=117375"}],"version-history":[{"count":2,"href":"https:\/\/buletin.de\/bucuresti\/wp-json\/wp\/v2\/posts\/117375\/revisions"}],"predecessor-version":[{"id":117450,"href":"https:\/\/buletin.de\/bucuresti\/wp-json\/wp\/v2\/posts\/117375\/revisions\/117450"}],"wp:featuredmedia":[{"embeddable":true,"href":"https:\/\/buletin.de\/bucuresti\/wp-json\/wp\/v2\/media\/117389"}],"wp:attachment":[{"href":"https:\/\/buletin.de\/bucuresti\/wp-json\/wp\/v2\/media?parent=117375"}],"wp:term":[{"taxonomy":"category","embeddable":true,"href":"https:\/\/buletin.de\/bucuresti\/wp-json\/wp\/v2\/categories?post=117375"},{"taxonomy":"post_tag","embeddable":true,"href":"https:\/\/buletin.de\/bucuresti\/wp-json\/wp\/v2\/tags?post=117375"},{"taxonomy":"author","embeddable":true,"href":"https:\/\/buletin.de\/bucuresti\/wp-json\/wp\/v2\/ppma_author?post=117375"}],"curies":[{"name":"wp","href":"https:\/\/api.w.org\/{rel}","templated":true}]}}