{"id":117363,"date":"2025-02-07T13:14:40","date_gmt":"2025-02-07T10:14:40","guid":{"rendered":"https:\/\/buletin.de\/bucuresti\/?p=117363"},"modified":"2025-02-07T13:14:40","modified_gmt":"2025-02-07T10:14:40","slug":"aproape-doua-milioane-de-euro-pentru-renovarea-gradinitei-54","status":"publish","type":"post","link":"https:\/\/buletin.de\/bucuresti\/aproape-doua-milioane-de-euro-pentru-renovarea-gradinitei-54\/","title":{"rendered":"Sector 5 | Aproape dou\u0103 milioane de euro pentru renovarea Gr\u0103dini\u021bei 54"},"content":{"rendered":"\n<p><strong>Prim\u0103ria Sectorului 5 a semnat contractul de finan\u021bare cu Ministerul Dezvolt\u0103rii, Lucr\u0103rilor Publice \u0219i Administra\u021biei pentru renovarea Gr\u0103dini\u021bei 54 \u2013 Corp Vechi (C1), \u00een valoare de peste dou\u0103 milioane de euro. Sediul este situat situat\u0103 pe Calea Ferentari nr. 96.<\/strong><\/p>\n\n\n\n<p>Valoarea total\u0103 a proiectului este de 10.534.522,40 de lei, echivalentul a pu\u021bin peste dou\u0103 milioane de euro. Din acesta sum\u0103, 9.914.318,02 de lei provin din bugetul de stat, iar 620.204,38 de lei sunt asigura\u021bi din bugetul local.<\/p>\n\n\n\n<figure class=\"wp-block-gallery has-nested-images columns-default is-cropped wp-block-gallery-1 is-layout-flex wp-block-gallery-is-layout-flex\">\n<figure class=\"wp-block-image size-large\"><img fetchpriority=\"high\" decoding=\"async\" width=\"900\" height=\"675\" data-id=\"117381\" src=\"data:image\/gif;base64,R0lGODlhAQABAAAAACH5BAEKAAEALAAAAAABAAEAAAICTAEAOw==\" data-src=\"https:\/\/buletin.de\/bucuresti\/wp-content\/uploads\/475979708_948963750742825_6771370297664166235_n-900x675.jpg\" alt=\"renovarea Gr\u0103dini\u021bei 54\" class=\"wp-image-117381 lazyload\" data-sizes=\"auto\" data-srcset=\"https:\/\/buletin.de\/bucuresti\/wp-content\/uploads\/475979708_948963750742825_6771370297664166235_n-900x675.jpg 900w, https:\/\/buletin.de\/bucuresti\/wp-content\/uploads\/475979708_948963750742825_6771370297664166235_n-300x225.jpg 300w, https:\/\/buletin.de\/bucuresti\/wp-content\/uploads\/475979708_948963750742825_6771370297664166235_n-768x576.jpg 768w, https:\/\/buletin.de\/bucuresti\/wp-content\/uploads\/475979708_948963750742825_6771370297664166235_n-1536x1152.jpg 1536w, https:\/\/buletin.de\/bucuresti\/wp-content\/uploads\/475979708_948963750742825_6771370297664166235_n-1100x825.jpg 1100w, https:\/\/buletin.de\/bucuresti\/wp-content\/uploads\/475979708_948963750742825_6771370297664166235_n-600x450.jpg 600w, https:\/\/buletin.de\/bucuresti\/wp-content\/uploads\/475979708_948963750742825_6771370297664166235_n-20x15.jpg 20w, https:\/\/buletin.de\/bucuresti\/wp-content\/uploads\/475979708_948963750742825_6771370297664166235_n.jpg 1600w\" sizes=\"(max-width: 900px) 100vw, 900px\" \/><\/figure>\n\n\n\n<figure class=\"wp-block-image size-large\"><img decoding=\"async\" width=\"900\" height=\"675\" data-id=\"117383\" src=\"data:image\/gif;base64,R0lGODlhAQABAAAAACH5BAEKAAEALAAAAAABAAEAAAICTAEAOw==\" data-src=\"https:\/\/buletin.de\/bucuresti\/wp-content\/uploads\/476748216_948963867409480_2771416173906017016_n-900x675.jpg\" alt=\"\" class=\"wp-image-117383 lazyload\" data-sizes=\"auto\" data-srcset=\"https:\/\/buletin.de\/bucuresti\/wp-content\/uploads\/476748216_948963867409480_2771416173906017016_n-900x675.jpg 900w, https:\/\/buletin.de\/bucuresti\/wp-content\/uploads\/476748216_948963867409480_2771416173906017016_n-300x225.jpg 300w, https:\/\/buletin.de\/bucuresti\/wp-content\/uploads\/476748216_948963867409480_2771416173906017016_n-768x576.jpg 768w, https:\/\/buletin.de\/bucuresti\/wp-content\/uploads\/476748216_948963867409480_2771416173906017016_n-1536x1152.jpg 1536w, https:\/\/buletin.de\/bucuresti\/wp-content\/uploads\/476748216_948963867409480_2771416173906017016_n-1100x825.jpg 1100w, https:\/\/buletin.de\/bucuresti\/wp-content\/uploads\/476748216_948963867409480_2771416173906017016_n-600x450.jpg 600w, https:\/\/buletin.de\/bucuresti\/wp-content\/uploads\/476748216_948963867409480_2771416173906017016_n-20x15.jpg 20w, https:\/\/buletin.de\/bucuresti\/wp-content\/uploads\/476748216_948963867409480_2771416173906017016_n.jpg 1600w\" sizes=\"(max-width: 900px) 100vw, 900px\" \/><\/figure>\n\n\n\n<figure class=\"wp-block-image size-large\"><img decoding=\"async\" width=\"900\" height=\"675\" data-id=\"117382\" src=\"data:image\/gif;base64,R0lGODlhAQABAAAAACH5BAEKAAEALAAAAAABAAEAAAICTAEAOw==\" data-src=\"https:\/\/buletin.de\/bucuresti\/wp-content\/uploads\/476384325_948963814076152_7135176383322432571_n-900x675.jpg\" alt=\"renovarea Gr\u0103dini\u021bei 54\" class=\"wp-image-117382 lazyload\" data-sizes=\"auto\" data-srcset=\"https:\/\/buletin.de\/bucuresti\/wp-content\/uploads\/476384325_948963814076152_7135176383322432571_n-900x675.jpg 900w, https:\/\/buletin.de\/bucuresti\/wp-content\/uploads\/476384325_948963814076152_7135176383322432571_n-300x225.jpg 300w, https:\/\/buletin.de\/bucuresti\/wp-content\/uploads\/476384325_948963814076152_7135176383322432571_n-768x576.jpg 768w, https:\/\/buletin.de\/bucuresti\/wp-content\/uploads\/476384325_948963814076152_7135176383322432571_n-1536x1152.jpg 1536w, https:\/\/buletin.de\/bucuresti\/wp-content\/uploads\/476384325_948963814076152_7135176383322432571_n-1100x825.jpg 1100w, https:\/\/buletin.de\/bucuresti\/wp-content\/uploads\/476384325_948963814076152_7135176383322432571_n-600x450.jpg 600w, https:\/\/buletin.de\/bucuresti\/wp-content\/uploads\/476384325_948963814076152_7135176383322432571_n-20x15.jpg 20w, https:\/\/buletin.de\/bucuresti\/wp-content\/uploads\/476384325_948963814076152_7135176383322432571_n.jpg 1600w\" sizes=\"(max-width: 900px) 100vw, 900px\" \/><\/figure>\n\n\n\n<figure class=\"wp-block-image size-large\"><img loading=\"lazy\" decoding=\"async\" width=\"900\" height=\"675\" data-id=\"117380\" src=\"data:image\/gif;base64,R0lGODlhAQABAAAAACH5BAEKAAEALAAAAAABAAEAAAICTAEAOw==\" data-src=\"https:\/\/buletin.de\/bucuresti\/wp-content\/uploads\/475982124_948963804076153_560630842791495529_n-900x675.jpg\" alt=\"renovarea Gr\u0103dini\u021bei 54\" class=\"wp-image-117380 lazyload\" data-sizes=\"auto\" data-srcset=\"https:\/\/buletin.de\/bucuresti\/wp-content\/uploads\/475982124_948963804076153_560630842791495529_n-900x675.jpg 900w, https:\/\/buletin.de\/bucuresti\/wp-content\/uploads\/475982124_948963804076153_560630842791495529_n-300x225.jpg 300w, https:\/\/buletin.de\/bucuresti\/wp-content\/uploads\/475982124_948963804076153_560630842791495529_n-768x576.jpg 768w, https:\/\/buletin.de\/bucuresti\/wp-content\/uploads\/475982124_948963804076153_560630842791495529_n-1536x1152.jpg 1536w, https:\/\/buletin.de\/bucuresti\/wp-content\/uploads\/475982124_948963804076153_560630842791495529_n-1100x825.jpg 1100w, https:\/\/buletin.de\/bucuresti\/wp-content\/uploads\/475982124_948963804076153_560630842791495529_n-600x450.jpg 600w, https:\/\/buletin.de\/bucuresti\/wp-content\/uploads\/475982124_948963804076153_560630842791495529_n-20x15.jpg 20w, https:\/\/buletin.de\/bucuresti\/wp-content\/uploads\/475982124_948963804076153_560630842791495529_n.jpg 1600w\" sizes=\"(max-width: 900px) 100vw, 900px\" \/><\/figure>\n\n\n\n<figure class=\"wp-block-image size-large\"><img loading=\"lazy\" decoding=\"async\" width=\"900\" height=\"675\" data-id=\"117384\" src=\"data:image\/gif;base64,R0lGODlhAQABAAAAACH5BAEKAAEALAAAAAABAAEAAAICTAEAOw==\" data-src=\"https:\/\/buletin.de\/bucuresti\/wp-content\/uploads\/476102509_948963850742815_1041476238446401485_n-900x675.jpg\" alt=\"\" class=\"wp-image-117384 lazyload\" data-sizes=\"auto\" data-srcset=\"https:\/\/buletin.de\/bucuresti\/wp-content\/uploads\/476102509_948963850742815_1041476238446401485_n-900x675.jpg 900w, https:\/\/buletin.de\/bucuresti\/wp-content\/uploads\/476102509_948963850742815_1041476238446401485_n-300x225.jpg 300w, https:\/\/buletin.de\/bucuresti\/wp-content\/uploads\/476102509_948963850742815_1041476238446401485_n-768x576.jpg 768w, https:\/\/buletin.de\/bucuresti\/wp-content\/uploads\/476102509_948963850742815_1041476238446401485_n-1536x1152.jpg 1536w, https:\/\/buletin.de\/bucuresti\/wp-content\/uploads\/476102509_948963850742815_1041476238446401485_n-1100x825.jpg 1100w, https:\/\/buletin.de\/bucuresti\/wp-content\/uploads\/476102509_948963850742815_1041476238446401485_n-600x450.jpg 600w, https:\/\/buletin.de\/bucuresti\/wp-content\/uploads\/476102509_948963850742815_1041476238446401485_n-20x15.jpg 20w, https:\/\/buletin.de\/bucuresti\/wp-content\/uploads\/476102509_948963850742815_1041476238446401485_n.jpg 1600w\" sizes=\"(max-width: 900px) 100vw, 900px\" \/><\/figure>\n<\/figure>\n\n\n\n<p>Autoritatea local\u0103 precizeaz\u0103 ca lucr\u0103rile pentru renovarea Gr\u0103dini\u021bei 54 sunt condi\u021bionate de starea vremii.<\/p>\n\n\n\n<blockquote class=\"wp-block-quote is-layout-flow wp-block-quote-is-layout-flow\">\n<p>(&#8230;) pot fi efectuate doar atunci c\u00e2nd condi\u021biile meteo sunt favorabile desf\u0103\u0219ur\u0103rii \u0219i execut\u0103rii activit\u0103\u021bilor specifice proiectului, constructorul fiind cel care stabile\u0219te condi\u0163iile organizatorice, tehnicile de construc\u0163ie \u015fi restric\u0163iile care se impun \u00een sezonul rece <\/p>\n<cite>Prim\u0103ria Sectorului 5<\/cite><\/blockquote>\n\n\n\n<p><strong>CITE\u0218TE \u0218I: <a href=\"https:\/\/buletin.de\/bucuresti\/topul-locatiilor-cu-cele-mai-multe-recenzii-la-20-de-ani-de-la-infiintarea-google-maps-capitala-conduce-la-restaurante-cafenele-si-muzee\/\">Topul loca\u021biilor cu cele mai multe recenzii, la 20 de ani de la \u00eenfiin\u021barea Google Maps. Capitala conduce la restaurante, cafenele \u0219i muzee<\/a><\/strong><\/p>\n\n\n\n<h2 class=\"wp-block-heading\" id=\"h-un-centru-nou-de-tip-before-amp-after-school-s-a-deschis-pe-\u0219oseaua-viilor\">Un centru nou de tip before &amp; after school s-a deschis pe \u0218oseaua Viilor<\/h2>\n\n\n\n<p><strong>Copiii din Sectorul 5 beneficiaz\u0103 de un centru&nbsp;nou,&nbsp;destinat programului de tip before &amp; after school. Autoritatea local\u0103 \u0219i Complexul Multifunc\u021bional \u201eSf\u00e2ntul Andrei\u201d au deschis un nou centru, pentru astfel de activit\u0103\u021bi, \u201eDin inim\u0103 pentru copiii no\u0219tri\u201d.<\/strong><\/p>\n\n\n\n<p>Noul sediu, de pe \u0218oseaua Viilor nr. 15, se afl\u0103 \u00eentr-o cl\u0103dire de patrimoniu, complet renovat\u0103, cu dot\u0103ri de ultim\u0103 genera\u021bie \u0219i va putea g\u0103zdui sute de elevi, din&nbsp;<a href=\"https:\/\/www.facebook.com\/PrimariaSectorului5Bucuresti\">Sectorul 5.<\/a>&nbsp;Copiii care vor participa la proiectul de tip before &amp; after school vor avea parte, \u00een primul r\u00e2nd, de activit\u0103\u021bi extra\u0219colare. Mai mult, cei \u00eenscri\u0219i \u00een acest proiect vor fi du\u0219i \u0219i adu\u0219i de la \u0219colile unde frecventeaz\u0103 cursurile \u0219i vor avea o mas\u0103 cald\u0103.<\/p>\n\n\n\n<p>\u00censcrierile se fac la sediul Complexului Multifunc\u021bional \u201eSf\u00e2ntul Andrei\u201d, situat pe Bulevardul George Co\u0219buc nr. 36-38.<\/p>\n\n\n\n<p>Proiectul \u201eDin inim\u0103 pentru copiii no\u0219tri\u201d este un program care se deruleaz\u0103 pe raza Sectorului 5 \u0219i vizeaz\u0103 promovarea educa\u021biei, \u00eembun\u0103t\u0103\u021birea performan\u021belor \u0219colare, reducerea abandonului \u0219colar \u0219i oferirea unui ajutor pentru p\u0103rin\u021bii \u0219i copiii din sector.<\/p>\n\n\n\n<p><strong>CITE\u0218TE \u0218I:<\/strong>\u00a0<a href=\"https:\/\/buletin.de\/bucuresti\/copiii-refugiatilor-de-razboi\/\"><strong>Sector 5 | F\u0103r\u0103 ajutoare pentru copiii refugia\u021bilor de r\u0103zboi care \u00eenva\u021b\u0103 la stat<\/strong><\/a><\/p>\n","protected":false},"excerpt":{"rendered":"<p>Prim\u0103ria Sectorului 5 a semnat contractul de finan\u021bare cu Ministerul Dezvolt\u0103rii, Lucr\u0103rilor Publice \u0219i Administra\u021biei pentru renovarea Gr\u0103dini\u021bei 54 \u2013 Corp Vechi (C1), \u00een valoare de peste dou\u0103 milioane de euro. Sediul este situat situat\u0103 pe Calea Ferentari nr. 96. Valoarea total\u0103 a proiectului este de 10.534.522,40 de lei, echivalentul a pu\u021bin peste dou\u0103 milioane [&hellip;]<\/p>\n","protected":false},"author":49,"featured_media":117379,"comment_status":"closed","ping_status":"open","sticky":false,"template":"","format":"standard","meta":{"_acf_changed":false,"inline_featured_image":false,"ngg_post_thumbnail":0,"footnotes":""},"categories":[6994,24,62],"tags":[18971,18970,9324],"ppma_author":[22574],"class_list":["post-117363","post","type-post","status-publish","format-standard","has-post-thumbnail","hentry","category-stiri-2","category-primarie","category-stiri","tag-calea-ferentari-nr-96","tag-gradinita-nr-54","tag-ps5"],"acf":[],"yoast_head":"<!-- This site is optimized with the Yoast SEO Premium plugin v25.3 (Yoast SEO v27.5) - https:\/\/yoast.com\/product\/yoast-seo-premium-wordpress\/ -->\n<title>Sector 5 | Aproape dou\u0103 milioane de euro pentru renovarea Gr\u0103dini\u021bei 54 - Buletin de Bucure\u0219ti<\/title>\n<meta name=\"description\" content=\"Prim\u0103ria Sectorului 5 a semnat contractul de finan\u021bare cu Ministerul Dezvolt\u0103rii pentru renovarea Gr\u0103dini\u021bei 54.\" \/>\n<meta name=\"robots\" content=\"index, follow, max-snippet:-1, max-image-preview:large, max-video-preview:-1\" \/>\n<link rel=\"canonical\" href=\"https:\/\/buletin.de\/bucuresti\/aproape-doua-milioane-de-euro-pentru-renovarea-gradinitei-54\/\" \/>\n<meta property=\"og:locale\" content=\"en_GB\" \/>\n<meta property=\"og:type\" content=\"article\" \/>\n<meta property=\"og:title\" content=\"Sector 5 | Aproape dou\u0103 milioane de euro pentru renovarea Gr\u0103dini\u021bei 54\" \/>\n<meta property=\"og:description\" content=\"Prim\u0103ria Sectorului 5 a semnat contractul de finan\u021bare cu Ministerul Dezvolt\u0103rii pentru renovarea Gr\u0103dini\u021bei 54.\" \/>\n<meta property=\"og:url\" content=\"https:\/\/buletin.de\/bucuresti\/aproape-doua-milioane-de-euro-pentru-renovarea-gradinitei-54\/\" \/>\n<meta property=\"og:site_name\" content=\"Buletin de Bucure\u0219ti\" \/>\n<meta property=\"article:publisher\" content=\"https:\/\/www.facebook.com\/buletin.de.buc\" \/>\n<meta property=\"article:published_time\" content=\"2025-02-07T10:14:40+00:00\" \/>\n<meta property=\"og:image\" content=\"https:\/\/buletin.de\/bucuresti\/wp-content\/uploads\/476003522_948963787409488_2044904935588393099_n.jpg\" \/>\n\t<meta property=\"og:image:width\" content=\"1600\" \/>\n\t<meta property=\"og:image:height\" content=\"1200\" \/>\n\t<meta property=\"og:image:type\" content=\"image\/jpeg\" \/>\n<meta name=\"author\" content=\"Diana Matei\" \/>\n<meta name=\"twitter:card\" content=\"summary_large_image\" \/>\n<meta name=\"twitter:label1\" content=\"Written by\" \/>\n\t<meta name=\"twitter:data1\" content=\"Diana Matei\" \/>\n\t<meta name=\"twitter:label2\" content=\"Estimated reading time\" \/>\n\t<meta name=\"twitter:data2\" content=\"3 minutes\" \/>\n<script type=\"application\/ld+json\" class=\"yoast-schema-graph\">{\"@context\":\"https:\\\/\\\/schema.org\",\"@graph\":[{\"@type\":\"Article\",\"@id\":\"https:\\\/\\\/buletin.de\\\/bucuresti\\\/aproape-doua-milioane-de-euro-pentru-renovarea-gradinitei-54\\\/#article\",\"isPartOf\":{\"@id\":\"https:\\\/\\\/buletin.de\\\/bucuresti\\\/aproape-doua-milioane-de-euro-pentru-renovarea-gradinitei-54\\\/\"},\"author\":{\"name\":\"Diana Matei\",\"@id\":\"https:\\\/\\\/buletin.de\\\/bucuresti\\\/#\\\/schema\\\/person\\\/7e46040573290777280a0835d81ea4ea\"},\"headline\":\"Sector 5 | Aproape dou\u0103 milioane de euro pentru renovarea Gr\u0103dini\u021bei 54\",\"datePublished\":\"2025-02-07T10:14:40+00:00\",\"mainEntityOfPage\":{\"@id\":\"https:\\\/\\\/buletin.de\\\/bucuresti\\\/aproape-doua-milioane-de-euro-pentru-renovarea-gradinitei-54\\\/\"},\"wordCount\":403,\"publisher\":{\"@id\":\"https:\\\/\\\/buletin.de\\\/bucuresti\\\/#organization\"},\"image\":{\"@id\":\"https:\\\/\\\/buletin.de\\\/bucuresti\\\/aproape-doua-milioane-de-euro-pentru-renovarea-gradinitei-54\\\/#primaryimage\"},\"thumbnailUrl\":\"https:\\\/\\\/buletin.de\\\/bucuresti\\\/wp-content\\\/uploads\\\/476003522_948963787409488_2044904935588393099_n.jpg\",\"keywords\":[\"Calea Ferentari nr. 96.\",\"Gradinita nr. 54\",\"ps5\"],\"articleSection\":[\"Articole\",\"Prim\u0103rie\",\"\u0218tiri\"],\"inLanguage\":\"en-GB\",\"copyrightYear\":\"2025\",\"copyrightHolder\":{\"@id\":\"https:\\\/\\\/buletin.de\\\/bucuresti\\\/#organization\"}},{\"@type\":\"WebPage\",\"@id\":\"https:\\\/\\\/buletin.de\\\/bucuresti\\\/aproape-doua-milioane-de-euro-pentru-renovarea-gradinitei-54\\\/\",\"url\":\"https:\\\/\\\/buletin.de\\\/bucuresti\\\/aproape-doua-milioane-de-euro-pentru-renovarea-gradinitei-54\\\/\",\"name\":\"Sector 5 | Aproape dou\u0103 milioane de euro pentru renovarea Gr\u0103dini\u021bei 54 - Buletin de Bucure\u0219ti\",\"isPartOf\":{\"@id\":\"https:\\\/\\\/buletin.de\\\/bucuresti\\\/#website\"},\"primaryImageOfPage\":{\"@id\":\"https:\\\/\\\/buletin.de\\\/bucuresti\\\/aproape-doua-milioane-de-euro-pentru-renovarea-gradinitei-54\\\/#primaryimage\"},\"image\":{\"@id\":\"https:\\\/\\\/buletin.de\\\/bucuresti\\\/aproape-doua-milioane-de-euro-pentru-renovarea-gradinitei-54\\\/#primaryimage\"},\"thumbnailUrl\":\"https:\\\/\\\/buletin.de\\\/bucuresti\\\/wp-content\\\/uploads\\\/476003522_948963787409488_2044904935588393099_n.jpg\",\"datePublished\":\"2025-02-07T10:14:40+00:00\",\"description\":\"Prim\u0103ria Sectorului 5 a semnat contractul de finan\u021bare cu Ministerul Dezvolt\u0103rii pentru renovarea Gr\u0103dini\u021bei 54.\",\"breadcrumb\":{\"@id\":\"https:\\\/\\\/buletin.de\\\/bucuresti\\\/aproape-doua-milioane-de-euro-pentru-renovarea-gradinitei-54\\\/#breadcrumb\"},\"inLanguage\":\"en-GB\",\"potentialAction\":[{\"@type\":\"ReadAction\",\"target\":[\"https:\\\/\\\/buletin.de\\\/bucuresti\\\/aproape-doua-milioane-de-euro-pentru-renovarea-gradinitei-54\\\/\"]}]},{\"@type\":\"ImageObject\",\"inLanguage\":\"en-GB\",\"@id\":\"https:\\\/\\\/buletin.de\\\/bucuresti\\\/aproape-doua-milioane-de-euro-pentru-renovarea-gradinitei-54\\\/#primaryimage\",\"url\":\"https:\\\/\\\/buletin.de\\\/bucuresti\\\/wp-content\\\/uploads\\\/476003522_948963787409488_2044904935588393099_n.jpg\",\"contentUrl\":\"https:\\\/\\\/buletin.de\\\/bucuresti\\\/wp-content\\\/uploads\\\/476003522_948963787409488_2044904935588393099_n.jpg\",\"width\":1600,\"height\":1200,\"caption\":\"Sector 5 | Aproape dou\u0103 milioane de euro pentru renovarea Gr\u0103dini\u021bei nr. 54. FOTO: PS5\"},{\"@type\":\"BreadcrumbList\",\"@id\":\"https:\\\/\\\/buletin.de\\\/bucuresti\\\/aproape-doua-milioane-de-euro-pentru-renovarea-gradinitei-54\\\/#breadcrumb\",\"itemListElement\":[{\"@type\":\"ListItem\",\"position\":1,\"name\":\"Acas\u0103\",\"item\":\"https:\\\/\\\/buletin.de\\\/bucuresti\\\/\"},{\"@type\":\"ListItem\",\"position\":2,\"name\":\"Sector 5 | Aproape dou\u0103 milioane de euro pentru renovarea Gr\u0103dini\u021bei 54\"}]},{\"@type\":\"WebSite\",\"@id\":\"https:\\\/\\\/buletin.de\\\/bucuresti\\\/#website\",\"url\":\"https:\\\/\\\/buletin.de\\\/bucuresti\\\/\",\"name\":\"Buletin de Bucure\u0219ti\",\"description\":\"\u0218tiri \u0219i investiga\u021bii esen\u021biale din capital\u0103\",\"publisher\":{\"@id\":\"https:\\\/\\\/buletin.de\\\/bucuresti\\\/#organization\"},\"potentialAction\":[{\"@type\":\"SearchAction\",\"target\":{\"@type\":\"EntryPoint\",\"urlTemplate\":\"https:\\\/\\\/buletin.de\\\/bucuresti\\\/?s={search_term_string}\"},\"query-input\":{\"@type\":\"PropertyValueSpecification\",\"valueRequired\":true,\"valueName\":\"search_term_string\"}}],\"inLanguage\":\"en-GB\"},{\"@type\":\"Organization\",\"@id\":\"https:\\\/\\\/buletin.de\\\/bucuresti\\\/#organization\",\"name\":\"Buletin de Bucure\u0219ti\",\"url\":\"https:\\\/\\\/buletin.de\\\/bucuresti\\\/\",\"logo\":{\"@type\":\"ImageObject\",\"inLanguage\":\"en-GB\",\"@id\":\"https:\\\/\\\/buletin.de\\\/bucuresti\\\/#\\\/schema\\\/logo\\\/image\\\/\",\"url\":\"https:\\\/\\\/buletin.de\\\/bucuresti\\\/wp-content\\\/uploads\\\/logo-bdb-full-wide-vernil-transparent.png\",\"contentUrl\":\"https:\\\/\\\/buletin.de\\\/bucuresti\\\/wp-content\\\/uploads\\\/logo-bdb-full-wide-vernil-transparent.png\",\"width\":1782,\"height\":626,\"caption\":\"Buletin de Bucure\u0219ti\"},\"image\":{\"@id\":\"https:\\\/\\\/buletin.de\\\/bucuresti\\\/#\\\/schema\\\/logo\\\/image\\\/\"},\"sameAs\":[\"https:\\\/\\\/www.facebook.com\\\/buletin.de.buc\",\"https:\\\/\\\/www.instagram.com\\\/buletinde.bucuresti\\\/\"]},{\"@type\":\"Person\",\"@id\":\"https:\\\/\\\/buletin.de\\\/bucuresti\\\/#\\\/schema\\\/person\\\/7e46040573290777280a0835d81ea4ea\",\"name\":\"Diana Matei\",\"image\":{\"@type\":\"ImageObject\",\"inLanguage\":\"en-GB\",\"@id\":\"https:\\\/\\\/buletin.de\\\/bucuresti\\\/wp-content\\\/uploads\\\/9-2-96x96.jpg1e8590b30871d70e62ebcdaf2eff570c\",\"url\":\"https:\\\/\\\/buletin.de\\\/bucuresti\\\/wp-content\\\/uploads\\\/9-2-96x96.jpg\",\"contentUrl\":\"https:\\\/\\\/buletin.de\\\/bucuresti\\\/wp-content\\\/uploads\\\/9-2-96x96.jpg\",\"caption\":\"Diana Matei\"},\"url\":\"https:\\\/\\\/buletin.de\\\/bucuresti\\\/author\\\/dianamatei\\\/\"}]}<\/script>\n<!-- \/ Yoast SEO Premium plugin. -->","yoast_head_json":{"title":"Sector 5 | Aproape dou\u0103 milioane de euro pentru renovarea Gr\u0103dini\u021bei 54 - Buletin de Bucure\u0219ti","description":"Prim\u0103ria Sectorului 5 a semnat contractul de finan\u021bare cu Ministerul Dezvolt\u0103rii pentru renovarea Gr\u0103dini\u021bei 54.","robots":{"index":"index","follow":"follow","max-snippet":"max-snippet:-1","max-image-preview":"max-image-preview:large","max-video-preview":"max-video-preview:-1"},"canonical":"https:\/\/buletin.de\/bucuresti\/aproape-doua-milioane-de-euro-pentru-renovarea-gradinitei-54\/","og_locale":"en_GB","og_type":"article","og_title":"Sector 5 | Aproape dou\u0103 milioane de euro pentru renovarea Gr\u0103dini\u021bei 54","og_description":"Prim\u0103ria Sectorului 5 a semnat contractul de finan\u021bare cu Ministerul Dezvolt\u0103rii pentru renovarea Gr\u0103dini\u021bei 54.","og_url":"https:\/\/buletin.de\/bucuresti\/aproape-doua-milioane-de-euro-pentru-renovarea-gradinitei-54\/","og_site_name":"Buletin de Bucure\u0219ti","article_publisher":"https:\/\/www.facebook.com\/buletin.de.buc","article_published_time":"2025-02-07T10:14:40+00:00","og_image":[{"width":1600,"height":1200,"url":"https:\/\/buletin.de\/bucuresti\/wp-content\/uploads\/476003522_948963787409488_2044904935588393099_n.jpg","type":"image\/jpeg"}],"author":"Diana Matei","twitter_card":"summary_large_image","twitter_misc":{"Written by":"Diana Matei","Estimated reading time":"3 minutes"},"schema":{"@context":"https:\/\/schema.org","@graph":[{"@type":"Article","@id":"https:\/\/buletin.de\/bucuresti\/aproape-doua-milioane-de-euro-pentru-renovarea-gradinitei-54\/#article","isPartOf":{"@id":"https:\/\/buletin.de\/bucuresti\/aproape-doua-milioane-de-euro-pentru-renovarea-gradinitei-54\/"},"author":{"name":"Diana Matei","@id":"https:\/\/buletin.de\/bucuresti\/#\/schema\/person\/7e46040573290777280a0835d81ea4ea"},"headline":"Sector 5 | Aproape dou\u0103 milioane de euro pentru renovarea Gr\u0103dini\u021bei 54","datePublished":"2025-02-07T10:14:40+00:00","mainEntityOfPage":{"@id":"https:\/\/buletin.de\/bucuresti\/aproape-doua-milioane-de-euro-pentru-renovarea-gradinitei-54\/"},"wordCount":403,"publisher":{"@id":"https:\/\/buletin.de\/bucuresti\/#organization"},"image":{"@id":"https:\/\/buletin.de\/bucuresti\/aproape-doua-milioane-de-euro-pentru-renovarea-gradinitei-54\/#primaryimage"},"thumbnailUrl":"https:\/\/buletin.de\/bucuresti\/wp-content\/uploads\/476003522_948963787409488_2044904935588393099_n.jpg","keywords":["Calea Ferentari nr. 96.","Gradinita nr. 54","ps5"],"articleSection":["Articole","Prim\u0103rie","\u0218tiri"],"inLanguage":"en-GB","copyrightYear":"2025","copyrightHolder":{"@id":"https:\/\/buletin.de\/bucuresti\/#organization"}},{"@type":"WebPage","@id":"https:\/\/buletin.de\/bucuresti\/aproape-doua-milioane-de-euro-pentru-renovarea-gradinitei-54\/","url":"https:\/\/buletin.de\/bucuresti\/aproape-doua-milioane-de-euro-pentru-renovarea-gradinitei-54\/","name":"Sector 5 | Aproape dou\u0103 milioane de euro pentru renovarea Gr\u0103dini\u021bei 54 - Buletin de Bucure\u0219ti","isPartOf":{"@id":"https:\/\/buletin.de\/bucuresti\/#website"},"primaryImageOfPage":{"@id":"https:\/\/buletin.de\/bucuresti\/aproape-doua-milioane-de-euro-pentru-renovarea-gradinitei-54\/#primaryimage"},"image":{"@id":"https:\/\/buletin.de\/bucuresti\/aproape-doua-milioane-de-euro-pentru-renovarea-gradinitei-54\/#primaryimage"},"thumbnailUrl":"https:\/\/buletin.de\/bucuresti\/wp-content\/uploads\/476003522_948963787409488_2044904935588393099_n.jpg","datePublished":"2025-02-07T10:14:40+00:00","description":"Prim\u0103ria Sectorului 5 a semnat contractul de finan\u021bare cu Ministerul Dezvolt\u0103rii pentru renovarea Gr\u0103dini\u021bei 54.","breadcrumb":{"@id":"https:\/\/buletin.de\/bucuresti\/aproape-doua-milioane-de-euro-pentru-renovarea-gradinitei-54\/#breadcrumb"},"inLanguage":"en-GB","potentialAction":[{"@type":"ReadAction","target":["https:\/\/buletin.de\/bucuresti\/aproape-doua-milioane-de-euro-pentru-renovarea-gradinitei-54\/"]}]},{"@type":"ImageObject","inLanguage":"en-GB","@id":"https:\/\/buletin.de\/bucuresti\/aproape-doua-milioane-de-euro-pentru-renovarea-gradinitei-54\/#primaryimage","url":"https:\/\/buletin.de\/bucuresti\/wp-content\/uploads\/476003522_948963787409488_2044904935588393099_n.jpg","contentUrl":"https:\/\/buletin.de\/bucuresti\/wp-content\/uploads\/476003522_948963787409488_2044904935588393099_n.jpg","width":1600,"height":1200,"caption":"Sector 5 | Aproape dou\u0103 milioane de euro pentru renovarea Gr\u0103dini\u021bei nr. 54. FOTO: PS5"},{"@type":"BreadcrumbList","@id":"https:\/\/buletin.de\/bucuresti\/aproape-doua-milioane-de-euro-pentru-renovarea-gradinitei-54\/#breadcrumb","itemListElement":[{"@type":"ListItem","position":1,"name":"Acas\u0103","item":"https:\/\/buletin.de\/bucuresti\/"},{"@type":"ListItem","position":2,"name":"Sector 5 | Aproape dou\u0103 milioane de euro pentru renovarea Gr\u0103dini\u021bei 54"}]},{"@type":"WebSite","@id":"https:\/\/buletin.de\/bucuresti\/#website","url":"https:\/\/buletin.de\/bucuresti\/","name":"Buletin de Bucure\u0219ti","description":"\u0218tiri \u0219i investiga\u021bii esen\u021biale din capital\u0103","publisher":{"@id":"https:\/\/buletin.de\/bucuresti\/#organization"},"potentialAction":[{"@type":"SearchAction","target":{"@type":"EntryPoint","urlTemplate":"https:\/\/buletin.de\/bucuresti\/?s={search_term_string}"},"query-input":{"@type":"PropertyValueSpecification","valueRequired":true,"valueName":"search_term_string"}}],"inLanguage":"en-GB"},{"@type":"Organization","@id":"https:\/\/buletin.de\/bucuresti\/#organization","name":"Buletin de Bucure\u0219ti","url":"https:\/\/buletin.de\/bucuresti\/","logo":{"@type":"ImageObject","inLanguage":"en-GB","@id":"https:\/\/buletin.de\/bucuresti\/#\/schema\/logo\/image\/","url":"https:\/\/buletin.de\/bucuresti\/wp-content\/uploads\/logo-bdb-full-wide-vernil-transparent.png","contentUrl":"https:\/\/buletin.de\/bucuresti\/wp-content\/uploads\/logo-bdb-full-wide-vernil-transparent.png","width":1782,"height":626,"caption":"Buletin de Bucure\u0219ti"},"image":{"@id":"https:\/\/buletin.de\/bucuresti\/#\/schema\/logo\/image\/"},"sameAs":["https:\/\/www.facebook.com\/buletin.de.buc","https:\/\/www.instagram.com\/buletinde.bucuresti\/"]},{"@type":"Person","@id":"https:\/\/buletin.de\/bucuresti\/#\/schema\/person\/7e46040573290777280a0835d81ea4ea","name":"Diana Matei","image":{"@type":"ImageObject","inLanguage":"en-GB","@id":"https:\/\/buletin.de\/bucuresti\/wp-content\/uploads\/9-2-96x96.jpg1e8590b30871d70e62ebcdaf2eff570c","url":"https:\/\/buletin.de\/bucuresti\/wp-content\/uploads\/9-2-96x96.jpg","contentUrl":"https:\/\/buletin.de\/bucuresti\/wp-content\/uploads\/9-2-96x96.jpg","caption":"Diana Matei"},"url":"https:\/\/buletin.de\/bucuresti\/author\/dianamatei\/"}]}},"authors":[{"term_id":22574,"user_id":49,"is_guest":0,"slug":"dianamatei","display_name":"Diana Matei","avatar_url":"https:\/\/buletin.de\/bucuresti\/wp-content\/uploads\/9-2-96x96.jpg","0":null,"1":"","2":"","3":"","4":"","5":"","6":"","7":"","8":""}],"_links":{"self":[{"href":"https:\/\/buletin.de\/bucuresti\/wp-json\/wp\/v2\/posts\/117363","targetHints":{"allow":["GET"]}}],"collection":[{"href":"https:\/\/buletin.de\/bucuresti\/wp-json\/wp\/v2\/posts"}],"about":[{"href":"https:\/\/buletin.de\/bucuresti\/wp-json\/wp\/v2\/types\/post"}],"author":[{"embeddable":true,"href":"https:\/\/buletin.de\/bucuresti\/wp-json\/wp\/v2\/users\/49"}],"replies":[{"embeddable":true,"href":"https:\/\/buletin.de\/bucuresti\/wp-json\/wp\/v2\/comments?post=117363"}],"version-history":[{"count":2,"href":"https:\/\/buletin.de\/bucuresti\/wp-json\/wp\/v2\/posts\/117363\/revisions"}],"predecessor-version":[{"id":117469,"href":"https:\/\/buletin.de\/bucuresti\/wp-json\/wp\/v2\/posts\/117363\/revisions\/117469"}],"wp:featuredmedia":[{"embeddable":true,"href":"https:\/\/buletin.de\/bucuresti\/wp-json\/wp\/v2\/media\/117379"}],"wp:attachment":[{"href":"https:\/\/buletin.de\/bucuresti\/wp-json\/wp\/v2\/media?parent=117363"}],"wp:term":[{"taxonomy":"category","embeddable":true,"href":"https:\/\/buletin.de\/bucuresti\/wp-json\/wp\/v2\/categories?post=117363"},{"taxonomy":"post_tag","embeddable":true,"href":"https:\/\/buletin.de\/bucuresti\/wp-json\/wp\/v2\/tags?post=117363"},{"taxonomy":"author","embeddable":true,"href":"https:\/\/buletin.de\/bucuresti\/wp-json\/wp\/v2\/ppma_author?post=117363"}],"curies":[{"name":"wp","href":"https:\/\/api.w.org\/{rel}","templated":true}]}}