{"id":117334,"date":"2025-02-06T16:05:16","date_gmt":"2025-02-06T13:05:16","guid":{"rendered":"https:\/\/buletin.de\/bucuresti\/?p=117334"},"modified":"2025-02-06T16:05:17","modified_gmt":"2025-02-06T13:05:17","slug":"patru-linii-stb-2","status":"publish","type":"post","link":"https:\/\/buletin.de\/bucuresti\/patru-linii-stb-2\/","title":{"rendered":"Meciul FCSB \u2013 Sepsi Sf. Gheorghe ar putea devia traseul pentru patru linii STB"},"content":{"rendered":"\n<p><strong>Brigada Rutier\u0103 ar putea devia traseul pentru patru linii STB, duminic\u0103, 9 februarie. M\u0103sura ar putea fi luat\u0103 pentru a permite accesul \u00een siguran\u021b\u0103 al publicului la meciul de fotbal dintre echipele FCSB \u0219i Sepsi Sf. Gheorghe. Partida \u00eencepe la ora 20:00, pe Aren\u0103 Na\u021bional\u0103.<\/strong><\/p>\n\n\n\n<p>\u00cen acest context, vehiculele&nbsp;<strong>liniilor 86, 90 \u0219i 143<\/strong>&nbsp;nu vor mai \u00eentoarce la \u201eArena Na\u021bional\u0103\u201d, iar cele ale&nbsp;<strong>liniei 104<\/strong>&nbsp;vor fi deviate pe \u0218oseaua Iancului.<\/p>\n\n\n\n<h2 class=\"wp-block-heading\" id=\"h-patru-linii-stb-deviate-pentru-meciul-meciul-fcsb-sepsi-sf-gheorghe\"><strong>Patru linii STB<\/strong>, deviate pentru meciul Meciul FCSB \u2013 Sepsi Sf. Gheorghe <\/h2>\n\n\n\n<p>L<strong>iniile de troleibuz 86 \u0219i 90<\/strong>&nbsp;vor func\u021biona pe traseele de baz\u0103 \u00eentre terminalele&nbsp;<strong>\u201eCl\u0103bucet<\/strong>\u201d, respectiv&nbsp;<strong>\u201eSem\u0103n\u0103toarea\u201d&nbsp;<\/strong>\u0219i intersec\u021bia Str. Vatra Luminoas\u0103\/ Str. Tony Bulandra, apoi pe un traseu modificat \u00een ambele sensuri pe Str. Tony Bulandra, cu \u00eentoarcere \u00een Depoul Vatra Luminoas\u0103.<\/p>\n\n\n\n<p>L<strong>inia de autobuz 104<\/strong>&nbsp;va func\u021biona pe traseul de baz\u0103 \u00eentre terminalul \u201eComplex Comercial Pantelimon\u201d \u0219i intersec\u021bia \u0218os. Iancului\/ Bd. Pierre de Coubertin, apoi pe un traseu modificat \u00een ambele sensuri pe \u0218os. Iancului, \u0218os. Mihai Bravu, Bd. Decebal, apoi traseul actual.<\/p>\n\n\n\n<p><strong>Linia de autobuz 143<\/strong>\u00a0va func\u021biona pe traseul de baz\u0103 \u00eentre terminalul \u201eBucur Obor\u201d \u0219i intersec\u021bia Str.\u00a0Baicului\/ \u0218os. Pantelimon, apoi pe un traseu modificat pe:<\/p>\n\n\n\n<ul class=\"wp-block-list\">\n<li>\u0218os. Pantelimon;<\/li>\n\n\n\n<li>Bd.&nbsp;Ferdinand;<\/li>\n\n\n\n<li>Bd. G\u0103rii Obor, p\u00e2n\u0103 la terminalul&nbsp; \u201eBaicului\u201d (cap\u0103tul liniilor 69, 85 \u0219i 382);<\/li>\n\n\n\n<li>\u00eentoarcere pe Str. Baicului, Str. Paharnicul Turturea, Str. Dumitru Slugeru;<\/li>\n\n\n\n<li>traseul actual.<\/li>\n<\/ul>\n\n\n\n<p><strong>CITE\u0218TE \u0218I:<\/strong> <a href=\"https:\/\/buletin.de\/bucuresti\/traficul-la-metrou-in-cartierele-dormitor-este-in-crestere-statiile-cu-cele-mai-mari-fluctuatii\/\">Traficul la metrou \u00een cartierele-dormitor este \u00een cre\u0219tere. Sta\u021biile cu cele mai mari fluctua\u021bii<\/a><\/p>\n\n\n\n<h2 class=\"wp-block-heading\" id=\"h-stb-nu-mai-bloca\u021bi-tramvaiele-334-de-autoturisme-au-fost-parcate-pe-linii-in-2024\">STB: \u201eNu mai bloca\u021bi tramvaiele!\u201d 334 de autoturisme au fost parcate pe linii \u00een 2024<\/h2>\n\n\n\n<p>\u201e<strong>Nu mai bloca\u021bi tramvaiele\u201d, acesta este apelul pe care Societatea de Transport Bucure\u0219ti (STB) \u00eel face c\u0103tre \u0219oferi, dup\u0103 ce \u00een 2024 au fost \u00eenregistrate 8.000 de minute de \u00eent\u00e2rziere, din cauza unor astfel de incidente.<\/strong><\/p>\n\n\n\n<p><a href=\"https:\/\/www.stb.ro\/\" target=\"_blank\" rel=\"noreferrer noopener\">STB<\/a>&nbsp;s-a confruntat cu&nbsp;<strong><mark>334 de situa\u021bii<\/mark><\/strong>&nbsp;\u00een care autoturismele au fost parcate pe linie sau prea aproape de linie, f\u0103c\u00e2nd imposibil\u0103 trecerea tramvaielor.<\/p>\n\n\n\n<p>\u00cen aceste condi\u021bii, Societatea de Transport Bucure\u0219ti cere conduc\u0103torilor auto s\u0103 respecte regulile de circula\u021bie \u0219i s\u0103 evite parcarea \u00een zone care \u00eempiedic\u0103 buna desf\u0103\u0219urare a transportului public.<\/p>\n\n\n\n<p>\u201eDac\u0103 \u0219oferii sta\u021bioneaz\u0103 ilegal, vor \u00eencurca circula\u021bia autobuzelor, tramvaielor \u0219i troleibuzelor. \u00cen acest, mijloacele de transport vor avea \u00eent\u00e2rzieri mari. Mai mult, aceste situa\u021bii vor crea \u0219i disconfort pentru c\u0103l\u0103torii care vor a\u0219tepta perioade mai lungi, \u00een sta\u021bii.<\/p>\n\n\n\n<p><strong>De exemplu, la \u00eenceputul acestei s\u0103pt\u0103m\u00e2ni, linia 16 a fost blocat\u0103 timp de 43 de minute, \u00eentre orele 18:22 \u2013 19:05, din cauza unui autoturism parcat neregulamentar, pe strada Vasile Lasc\u0103r<\/strong>\u201d, se arat\u0103 \u00eentr-un comunicat al companiei.<\/p>\n\n\n\n<h2 class=\"wp-block-heading\" id=\"h-nu-mai-bloca\u021bi-tramvaiele-care-au-fost-zonele-cu-cele-mai-multe-blocaje-raportate\">Nu mai bloca\u021bi tramvaiele. Care au fost zonele cu cele mai multe blocaje raportate:<\/h2>\n\n\n\n<ul class=\"wp-block-list\">\n<li>Strada Episcopiei \u2013 linia 368;<\/li>\n\n\n\n<li>Strada Grigore Cob\u0103lcescu \u2013 liniile 24 \u0219i 44;<\/li>\n\n\n\n<li>Strada Mecet \u2013 linia 70;<\/li>\n\n\n\n<li>Strada Pu\u021bul lui Cr\u0103ciun \u2013 linia 42;<\/li>\n\n\n\n<li>Calea Mo\u0219ilor \u2013 linia 21;<\/li>\n\n\n\n<li>Bulevardul Iuliu Maniu \u2013 liniile 61, 62, 63.<\/li>\n<\/ul>\n\n\n\n<p><strong>CITE\u0218TE \u0218I:<\/strong>&nbsp;<a href=\"https:\/\/buletin.de\/bucuresti\/club-feroviar-urmeaza-noi-scumpiri-ale-biletelor-pentru-transportul-in-comun\/\"><strong>ClubFeroviar.ro | Urmeaz\u0103 noi scumpiri ale biletelor pentru transportul \u00een comun<\/strong><\/a><\/p>\n\n\n\n<h2 class=\"wp-block-heading\" id=\"h-care-sunt-consecin\u021bele-blocarii-transportului-public\">Care sunt consecin\u021bele bloc\u0103rii transportului public<\/h2>\n\n\n\n<ul class=\"wp-block-list\">\n<li>\u00cent\u00e2rzieri \u0219i perturbarea programului pentru transportul public afect\u00e2nd zeci de mii de c\u0103l\u0103tori zilnic;<\/li>\n\n\n\n<li>Aglomera\u021bie \u00een sta\u021bii \u0219i \u00een vehicule, gener\u00e2nd un efect de domino asupra \u00eentregului sistem de transport;<\/li>\n\n\n\n<li>Pierderi economice pentru cet\u0103\u021beni \u0219i pentru STB S.A., cauzate de timpul pierdut \u0219i de dificult\u0103\u021bile logistice;<\/li>\n\n\n\n<li>Cre\u0219terea nivelului de stres \u0219i disconfort pentru pasageri.<\/li>\n<\/ul>\n\n\n\n<p>\u00cen anul 2024,&nbsp;<a href=\"https:\/\/www.stb.ro\/info?N=2275\">STB<\/a>&nbsp;a \u00eenregistrat 334 de cazuri de blocaje cauzate de parc\u0103ri neregulamentare, care au dus la peste&nbsp;<strong><mark>8.000 de minute de \u00eent\u00e2rziere<\/mark><\/strong>, pe mai multe linii importante.<\/p>\n\n\n\n<p>\u00cen aceste condi\u021bii, Poli\u021bia Local\u0103 va continua ridicarea ma\u0219inilor parcate ilegal, pe arterele pe care circul\u0103 mijloacele STB \u0219i va intensifica ac\u021biunile pentru prevenirea unor astfel de situa\u021bii.<\/p>\n\n\n\n<p><strong>CITE\u0218TE \u0218I:<\/strong> <a href=\"https:\/\/buletin.de\/bucuresti\/before-after-school\/\">Sector 5 | Un centru nou de tip before &amp; after school s-a deschis pe \u0218oseaua Viilor<\/a><\/p>\n","protected":false},"excerpt":{"rendered":"<p>Brigada Rutier\u0103 ar putea devia traseul pentru patru linii STB, duminic\u0103, 9 februarie. M\u0103sura ar putea fi luat\u0103 pentru a permite accesul \u00een siguran\u021b\u0103 al publicului la meciul de fotbal dintre echipele FCSB \u0219i Sepsi Sf. Gheorghe. Partida \u00eencepe la ora 20:00, pe Aren\u0103 Na\u021bional\u0103. \u00cen acest context, vehiculele&nbsp;liniilor 86, 90 \u0219i 143&nbsp;nu vor mai [&hellip;]<\/p>\n","protected":false},"author":49,"featured_media":117342,"comment_status":"closed","ping_status":"open","sticky":false,"template":"","format":"standard","meta":{"_acf_changed":false,"inline_featured_image":false,"ngg_post_thumbnail":0,"footnotes":""},"categories":[6994,62,650],"tags":[11344,16420,18956,402],"ppma_author":[22574],"class_list":["post-117334","post","type-post","status-publish","format-standard","has-post-thumbnail","hentry","category-stiri-2","category-stiri","category-transport","tag-linia-104","tag-linia-143","tag-meciul-fcsb-sepsi-sf-gheorghe","tag-stb"],"acf":[],"yoast_head":"<!-- This site is optimized with the Yoast SEO Premium plugin v25.3 (Yoast SEO v27.4) - https:\/\/yoast.com\/product\/yoast-seo-premium-wordpress\/ -->\n<title>Meciul FCSB \u2013 Sepsi Sf. Gheorghe ar putea devia traseul pentru patru linii STB - Buletin de Bucure\u0219ti<\/title>\n<meta name=\"description\" content=\"patru linii STB. Brigada Rutier\u0103 ar putea devia traseul pentru patru linii STB, duminic\u0103, 9 februarie, pentru meciul FCSB-Sepsi.\" \/>\n<meta name=\"robots\" content=\"index, follow, max-snippet:-1, max-image-preview:large, max-video-preview:-1\" \/>\n<link rel=\"canonical\" href=\"https:\/\/buletin.de\/bucuresti\/patru-linii-stb-2\/\" \/>\n<meta property=\"og:locale\" content=\"en_GB\" \/>\n<meta property=\"og:type\" content=\"article\" \/>\n<meta property=\"og:title\" content=\"Meciul FCSB \u2013 Sepsi Sf. Gheorghe ar putea devia traseul pentru patru linii STB\" \/>\n<meta property=\"og:description\" content=\"patru linii STB. Brigada Rutier\u0103 ar putea devia traseul pentru patru linii STB, duminic\u0103, 9 februarie, pentru meciul FCSB-Sepsi.\" \/>\n<meta property=\"og:url\" content=\"https:\/\/buletin.de\/bucuresti\/patru-linii-stb-2\/\" \/>\n<meta property=\"og:site_name\" content=\"Buletin de Bucure\u0219ti\" \/>\n<meta property=\"article:publisher\" content=\"https:\/\/www.facebook.com\/buletin.de.buc\" \/>\n<meta property=\"article:published_time\" content=\"2025-02-06T13:05:16+00:00\" \/>\n<meta property=\"article:modified_time\" content=\"2025-02-06T13:05:17+00:00\" \/>\n<meta property=\"og:image\" content=\"https:\/\/buletin.de\/bucuresti\/wp-content\/uploads\/foto-arena-Nationala_FCSB-3-900x755.png\" \/>\n\t<meta property=\"og:image:width\" content=\"900\" \/>\n\t<meta property=\"og:image:height\" content=\"755\" \/>\n\t<meta property=\"og:image:type\" content=\"image\/png\" \/>\n<meta name=\"author\" content=\"Diana Matei\" \/>\n<meta name=\"twitter:card\" content=\"summary_large_image\" \/>\n<meta name=\"twitter:label1\" content=\"Written by\" \/>\n\t<meta name=\"twitter:data1\" content=\"Diana Matei\" \/>\n\t<meta name=\"twitter:label2\" content=\"Estimated reading time\" \/>\n\t<meta name=\"twitter:data2\" content=\"3 minutes\" \/>\n<script type=\"application\/ld+json\" class=\"yoast-schema-graph\">{\"@context\":\"https:\\\/\\\/schema.org\",\"@graph\":[{\"@type\":\"Article\",\"@id\":\"https:\\\/\\\/buletin.de\\\/bucuresti\\\/patru-linii-stb-2\\\/#article\",\"isPartOf\":{\"@id\":\"https:\\\/\\\/buletin.de\\\/bucuresti\\\/patru-linii-stb-2\\\/\"},\"author\":{\"name\":\"Diana Matei\",\"@id\":\"https:\\\/\\\/buletin.de\\\/bucuresti\\\/#\\\/schema\\\/person\\\/7e46040573290777280a0835d81ea4ea\"},\"headline\":\"Meciul FCSB \u2013 Sepsi Sf. Gheorghe ar putea devia traseul pentru patru linii STB\",\"datePublished\":\"2025-02-06T13:05:16+00:00\",\"dateModified\":\"2025-02-06T13:05:17+00:00\",\"mainEntityOfPage\":{\"@id\":\"https:\\\/\\\/buletin.de\\\/bucuresti\\\/patru-linii-stb-2\\\/\"},\"wordCount\":678,\"publisher\":{\"@id\":\"https:\\\/\\\/buletin.de\\\/bucuresti\\\/#organization\"},\"image\":{\"@id\":\"https:\\\/\\\/buletin.de\\\/bucuresti\\\/patru-linii-stb-2\\\/#primaryimage\"},\"thumbnailUrl\":\"https:\\\/\\\/buletin.de\\\/bucuresti\\\/wp-content\\\/uploads\\\/foto-arena-Nationala_FCSB-3.png\",\"keywords\":[\"linia 104\",\"linia 143\",\"Meciul FCSB \u2013 Sepsi Sf. Gheorghe\",\"stb\"],\"articleSection\":[\"Articole\",\"\u0218tiri\",\"Transport\"],\"inLanguage\":\"en-GB\",\"copyrightYear\":\"2025\",\"copyrightHolder\":{\"@id\":\"https:\\\/\\\/buletin.de\\\/bucuresti\\\/#organization\"}},{\"@type\":\"WebPage\",\"@id\":\"https:\\\/\\\/buletin.de\\\/bucuresti\\\/patru-linii-stb-2\\\/\",\"url\":\"https:\\\/\\\/buletin.de\\\/bucuresti\\\/patru-linii-stb-2\\\/\",\"name\":\"Meciul FCSB \u2013 Sepsi Sf. Gheorghe ar putea devia traseul pentru patru linii STB - Buletin de Bucure\u0219ti\",\"isPartOf\":{\"@id\":\"https:\\\/\\\/buletin.de\\\/bucuresti\\\/#website\"},\"primaryImageOfPage\":{\"@id\":\"https:\\\/\\\/buletin.de\\\/bucuresti\\\/patru-linii-stb-2\\\/#primaryimage\"},\"image\":{\"@id\":\"https:\\\/\\\/buletin.de\\\/bucuresti\\\/patru-linii-stb-2\\\/#primaryimage\"},\"thumbnailUrl\":\"https:\\\/\\\/buletin.de\\\/bucuresti\\\/wp-content\\\/uploads\\\/foto-arena-Nationala_FCSB-3.png\",\"datePublished\":\"2025-02-06T13:05:16+00:00\",\"dateModified\":\"2025-02-06T13:05:17+00:00\",\"description\":\"patru linii STB. Brigada Rutier\u0103 ar putea devia traseul pentru patru linii STB, duminic\u0103, 9 februarie, pentru meciul FCSB-Sepsi.\",\"breadcrumb\":{\"@id\":\"https:\\\/\\\/buletin.de\\\/bucuresti\\\/patru-linii-stb-2\\\/#breadcrumb\"},\"inLanguage\":\"en-GB\",\"potentialAction\":[{\"@type\":\"ReadAction\",\"target\":[\"https:\\\/\\\/buletin.de\\\/bucuresti\\\/patru-linii-stb-2\\\/\"]}]},{\"@type\":\"ImageObject\",\"inLanguage\":\"en-GB\",\"@id\":\"https:\\\/\\\/buletin.de\\\/bucuresti\\\/patru-linii-stb-2\\\/#primaryimage\",\"url\":\"https:\\\/\\\/buletin.de\\\/bucuresti\\\/wp-content\\\/uploads\\\/foto-arena-Nationala_FCSB-3.png\",\"contentUrl\":\"https:\\\/\\\/buletin.de\\\/bucuresti\\\/wp-content\\\/uploads\\\/foto-arena-Nationala_FCSB-3.png\",\"width\":2000,\"height\":1677,\"caption\":\"TPBI prelunge\u0219te programul a \u0219apte linii de transport \u00een comun, pentru meciul FCSB \u2013 PAOK Salonic. FOTO: TPBI\"},{\"@type\":\"BreadcrumbList\",\"@id\":\"https:\\\/\\\/buletin.de\\\/bucuresti\\\/patru-linii-stb-2\\\/#breadcrumb\",\"itemListElement\":[{\"@type\":\"ListItem\",\"position\":1,\"name\":\"Acas\u0103\",\"item\":\"https:\\\/\\\/buletin.de\\\/bucuresti\\\/\"},{\"@type\":\"ListItem\",\"position\":2,\"name\":\"Meciul FCSB \u2013 Sepsi Sf. Gheorghe ar putea devia traseul pentru patru linii STB\"}]},{\"@type\":\"WebSite\",\"@id\":\"https:\\\/\\\/buletin.de\\\/bucuresti\\\/#website\",\"url\":\"https:\\\/\\\/buletin.de\\\/bucuresti\\\/\",\"name\":\"Buletin de Bucure\u0219ti\",\"description\":\"\u0218tiri \u0219i investiga\u021bii esen\u021biale din capital\u0103\",\"publisher\":{\"@id\":\"https:\\\/\\\/buletin.de\\\/bucuresti\\\/#organization\"},\"potentialAction\":[{\"@type\":\"SearchAction\",\"target\":{\"@type\":\"EntryPoint\",\"urlTemplate\":\"https:\\\/\\\/buletin.de\\\/bucuresti\\\/?s={search_term_string}\"},\"query-input\":{\"@type\":\"PropertyValueSpecification\",\"valueRequired\":true,\"valueName\":\"search_term_string\"}}],\"inLanguage\":\"en-GB\"},{\"@type\":\"Organization\",\"@id\":\"https:\\\/\\\/buletin.de\\\/bucuresti\\\/#organization\",\"name\":\"Buletin de Bucure\u0219ti\",\"url\":\"https:\\\/\\\/buletin.de\\\/bucuresti\\\/\",\"logo\":{\"@type\":\"ImageObject\",\"inLanguage\":\"en-GB\",\"@id\":\"https:\\\/\\\/buletin.de\\\/bucuresti\\\/#\\\/schema\\\/logo\\\/image\\\/\",\"url\":\"https:\\\/\\\/buletin.de\\\/bucuresti\\\/wp-content\\\/uploads\\\/logo-bdb-full-wide-vernil-transparent.png\",\"contentUrl\":\"https:\\\/\\\/buletin.de\\\/bucuresti\\\/wp-content\\\/uploads\\\/logo-bdb-full-wide-vernil-transparent.png\",\"width\":1782,\"height\":626,\"caption\":\"Buletin de Bucure\u0219ti\"},\"image\":{\"@id\":\"https:\\\/\\\/buletin.de\\\/bucuresti\\\/#\\\/schema\\\/logo\\\/image\\\/\"},\"sameAs\":[\"https:\\\/\\\/www.facebook.com\\\/buletin.de.buc\",\"https:\\\/\\\/www.instagram.com\\\/buletinde.bucuresti\\\/\"]},{\"@type\":\"Person\",\"@id\":\"https:\\\/\\\/buletin.de\\\/bucuresti\\\/#\\\/schema\\\/person\\\/7e46040573290777280a0835d81ea4ea\",\"name\":\"Diana Matei\",\"image\":{\"@type\":\"ImageObject\",\"inLanguage\":\"en-GB\",\"@id\":\"https:\\\/\\\/buletin.de\\\/bucuresti\\\/wp-content\\\/uploads\\\/9-2-96x96.jpg1e8590b30871d70e62ebcdaf2eff570c\",\"url\":\"https:\\\/\\\/buletin.de\\\/bucuresti\\\/wp-content\\\/uploads\\\/9-2-96x96.jpg\",\"contentUrl\":\"https:\\\/\\\/buletin.de\\\/bucuresti\\\/wp-content\\\/uploads\\\/9-2-96x96.jpg\",\"caption\":\"Diana Matei\"},\"url\":\"https:\\\/\\\/buletin.de\\\/bucuresti\\\/author\\\/dianamatei\\\/\"}]}<\/script>\n<!-- \/ Yoast SEO Premium plugin. -->","yoast_head_json":{"title":"Meciul FCSB \u2013 Sepsi Sf. Gheorghe ar putea devia traseul pentru patru linii STB - Buletin de Bucure\u0219ti","description":"patru linii STB. Brigada Rutier\u0103 ar putea devia traseul pentru patru linii STB, duminic\u0103, 9 februarie, pentru meciul FCSB-Sepsi.","robots":{"index":"index","follow":"follow","max-snippet":"max-snippet:-1","max-image-preview":"max-image-preview:large","max-video-preview":"max-video-preview:-1"},"canonical":"https:\/\/buletin.de\/bucuresti\/patru-linii-stb-2\/","og_locale":"en_GB","og_type":"article","og_title":"Meciul FCSB \u2013 Sepsi Sf. Gheorghe ar putea devia traseul pentru patru linii STB","og_description":"patru linii STB. Brigada Rutier\u0103 ar putea devia traseul pentru patru linii STB, duminic\u0103, 9 februarie, pentru meciul FCSB-Sepsi.","og_url":"https:\/\/buletin.de\/bucuresti\/patru-linii-stb-2\/","og_site_name":"Buletin de Bucure\u0219ti","article_publisher":"https:\/\/www.facebook.com\/buletin.de.buc","article_published_time":"2025-02-06T13:05:16+00:00","article_modified_time":"2025-02-06T13:05:17+00:00","og_image":[{"width":900,"height":755,"url":"https:\/\/buletin.de\/bucuresti\/wp-content\/uploads\/foto-arena-Nationala_FCSB-3-900x755.png","type":"image\/png"}],"author":"Diana Matei","twitter_card":"summary_large_image","twitter_misc":{"Written by":"Diana Matei","Estimated reading time":"3 minutes"},"schema":{"@context":"https:\/\/schema.org","@graph":[{"@type":"Article","@id":"https:\/\/buletin.de\/bucuresti\/patru-linii-stb-2\/#article","isPartOf":{"@id":"https:\/\/buletin.de\/bucuresti\/patru-linii-stb-2\/"},"author":{"name":"Diana Matei","@id":"https:\/\/buletin.de\/bucuresti\/#\/schema\/person\/7e46040573290777280a0835d81ea4ea"},"headline":"Meciul FCSB \u2013 Sepsi Sf. Gheorghe ar putea devia traseul pentru patru linii STB","datePublished":"2025-02-06T13:05:16+00:00","dateModified":"2025-02-06T13:05:17+00:00","mainEntityOfPage":{"@id":"https:\/\/buletin.de\/bucuresti\/patru-linii-stb-2\/"},"wordCount":678,"publisher":{"@id":"https:\/\/buletin.de\/bucuresti\/#organization"},"image":{"@id":"https:\/\/buletin.de\/bucuresti\/patru-linii-stb-2\/#primaryimage"},"thumbnailUrl":"https:\/\/buletin.de\/bucuresti\/wp-content\/uploads\/foto-arena-Nationala_FCSB-3.png","keywords":["linia 104","linia 143","Meciul FCSB \u2013 Sepsi Sf. Gheorghe","stb"],"articleSection":["Articole","\u0218tiri","Transport"],"inLanguage":"en-GB","copyrightYear":"2025","copyrightHolder":{"@id":"https:\/\/buletin.de\/bucuresti\/#organization"}},{"@type":"WebPage","@id":"https:\/\/buletin.de\/bucuresti\/patru-linii-stb-2\/","url":"https:\/\/buletin.de\/bucuresti\/patru-linii-stb-2\/","name":"Meciul FCSB \u2013 Sepsi Sf. Gheorghe ar putea devia traseul pentru patru linii STB - Buletin de Bucure\u0219ti","isPartOf":{"@id":"https:\/\/buletin.de\/bucuresti\/#website"},"primaryImageOfPage":{"@id":"https:\/\/buletin.de\/bucuresti\/patru-linii-stb-2\/#primaryimage"},"image":{"@id":"https:\/\/buletin.de\/bucuresti\/patru-linii-stb-2\/#primaryimage"},"thumbnailUrl":"https:\/\/buletin.de\/bucuresti\/wp-content\/uploads\/foto-arena-Nationala_FCSB-3.png","datePublished":"2025-02-06T13:05:16+00:00","dateModified":"2025-02-06T13:05:17+00:00","description":"patru linii STB. Brigada Rutier\u0103 ar putea devia traseul pentru patru linii STB, duminic\u0103, 9 februarie, pentru meciul FCSB-Sepsi.","breadcrumb":{"@id":"https:\/\/buletin.de\/bucuresti\/patru-linii-stb-2\/#breadcrumb"},"inLanguage":"en-GB","potentialAction":[{"@type":"ReadAction","target":["https:\/\/buletin.de\/bucuresti\/patru-linii-stb-2\/"]}]},{"@type":"ImageObject","inLanguage":"en-GB","@id":"https:\/\/buletin.de\/bucuresti\/patru-linii-stb-2\/#primaryimage","url":"https:\/\/buletin.de\/bucuresti\/wp-content\/uploads\/foto-arena-Nationala_FCSB-3.png","contentUrl":"https:\/\/buletin.de\/bucuresti\/wp-content\/uploads\/foto-arena-Nationala_FCSB-3.png","width":2000,"height":1677,"caption":"TPBI prelunge\u0219te programul a \u0219apte linii de transport \u00een comun, pentru meciul FCSB \u2013 PAOK Salonic. FOTO: TPBI"},{"@type":"BreadcrumbList","@id":"https:\/\/buletin.de\/bucuresti\/patru-linii-stb-2\/#breadcrumb","itemListElement":[{"@type":"ListItem","position":1,"name":"Acas\u0103","item":"https:\/\/buletin.de\/bucuresti\/"},{"@type":"ListItem","position":2,"name":"Meciul FCSB \u2013 Sepsi Sf. Gheorghe ar putea devia traseul pentru patru linii STB"}]},{"@type":"WebSite","@id":"https:\/\/buletin.de\/bucuresti\/#website","url":"https:\/\/buletin.de\/bucuresti\/","name":"Buletin de Bucure\u0219ti","description":"\u0218tiri \u0219i investiga\u021bii esen\u021biale din capital\u0103","publisher":{"@id":"https:\/\/buletin.de\/bucuresti\/#organization"},"potentialAction":[{"@type":"SearchAction","target":{"@type":"EntryPoint","urlTemplate":"https:\/\/buletin.de\/bucuresti\/?s={search_term_string}"},"query-input":{"@type":"PropertyValueSpecification","valueRequired":true,"valueName":"search_term_string"}}],"inLanguage":"en-GB"},{"@type":"Organization","@id":"https:\/\/buletin.de\/bucuresti\/#organization","name":"Buletin de Bucure\u0219ti","url":"https:\/\/buletin.de\/bucuresti\/","logo":{"@type":"ImageObject","inLanguage":"en-GB","@id":"https:\/\/buletin.de\/bucuresti\/#\/schema\/logo\/image\/","url":"https:\/\/buletin.de\/bucuresti\/wp-content\/uploads\/logo-bdb-full-wide-vernil-transparent.png","contentUrl":"https:\/\/buletin.de\/bucuresti\/wp-content\/uploads\/logo-bdb-full-wide-vernil-transparent.png","width":1782,"height":626,"caption":"Buletin de Bucure\u0219ti"},"image":{"@id":"https:\/\/buletin.de\/bucuresti\/#\/schema\/logo\/image\/"},"sameAs":["https:\/\/www.facebook.com\/buletin.de.buc","https:\/\/www.instagram.com\/buletinde.bucuresti\/"]},{"@type":"Person","@id":"https:\/\/buletin.de\/bucuresti\/#\/schema\/person\/7e46040573290777280a0835d81ea4ea","name":"Diana Matei","image":{"@type":"ImageObject","inLanguage":"en-GB","@id":"https:\/\/buletin.de\/bucuresti\/wp-content\/uploads\/9-2-96x96.jpg1e8590b30871d70e62ebcdaf2eff570c","url":"https:\/\/buletin.de\/bucuresti\/wp-content\/uploads\/9-2-96x96.jpg","contentUrl":"https:\/\/buletin.de\/bucuresti\/wp-content\/uploads\/9-2-96x96.jpg","caption":"Diana Matei"},"url":"https:\/\/buletin.de\/bucuresti\/author\/dianamatei\/"}]}},"authors":[{"term_id":22574,"user_id":49,"is_guest":0,"slug":"dianamatei","display_name":"Diana Matei","avatar_url":"https:\/\/buletin.de\/bucuresti\/wp-content\/uploads\/9-2-96x96.jpg","0":null,"1":"","2":"","3":"","4":"","5":"","6":"","7":"","8":""}],"_links":{"self":[{"href":"https:\/\/buletin.de\/bucuresti\/wp-json\/wp\/v2\/posts\/117334","targetHints":{"allow":["GET"]}}],"collection":[{"href":"https:\/\/buletin.de\/bucuresti\/wp-json\/wp\/v2\/posts"}],"about":[{"href":"https:\/\/buletin.de\/bucuresti\/wp-json\/wp\/v2\/types\/post"}],"author":[{"embeddable":true,"href":"https:\/\/buletin.de\/bucuresti\/wp-json\/wp\/v2\/users\/49"}],"replies":[{"embeddable":true,"href":"https:\/\/buletin.de\/bucuresti\/wp-json\/wp\/v2\/comments?post=117334"}],"version-history":[{"count":2,"href":"https:\/\/buletin.de\/bucuresti\/wp-json\/wp\/v2\/posts\/117334\/revisions"}],"predecessor-version":[{"id":117344,"href":"https:\/\/buletin.de\/bucuresti\/wp-json\/wp\/v2\/posts\/117334\/revisions\/117344"}],"wp:featuredmedia":[{"embeddable":true,"href":"https:\/\/buletin.de\/bucuresti\/wp-json\/wp\/v2\/media\/117342"}],"wp:attachment":[{"href":"https:\/\/buletin.de\/bucuresti\/wp-json\/wp\/v2\/media?parent=117334"}],"wp:term":[{"taxonomy":"category","embeddable":true,"href":"https:\/\/buletin.de\/bucuresti\/wp-json\/wp\/v2\/categories?post=117334"},{"taxonomy":"post_tag","embeddable":true,"href":"https:\/\/buletin.de\/bucuresti\/wp-json\/wp\/v2\/tags?post=117334"},{"taxonomy":"author","embeddable":true,"href":"https:\/\/buletin.de\/bucuresti\/wp-json\/wp\/v2\/ppma_author?post=117334"}],"curies":[{"name":"wp","href":"https:\/\/api.w.org\/{rel}","templated":true}]}}