{"id":117257,"date":"2025-02-06T12:15:13","date_gmt":"2025-02-06T09:15:13","guid":{"rendered":"https:\/\/buletin.de\/bucuresti\/?p=117257"},"modified":"2025-02-06T12:43:35","modified_gmt":"2025-02-06T09:43:35","slug":"temperaturi-normale","status":"publish","type":"post","link":"https:\/\/buletin.de\/bucuresti\/temperaturi-normale\/","title":{"rendered":"METEO | Fulguieli \u015fi temperaturi normale pentru aceast\u0103 perioad\u0103, \u00een weekend. 4 grade maxima \u00een termometre"},"content":{"rendered":"\n<p><strong>Meteorologii anun\u021b\u0103 temperaturi normale, pentru aceast\u0103 perioad\u0103 din an, \u00een weekend. Maximele termice nu dep\u0103\u0219esc 4 grade.<\/strong><\/p>\n\n\n\n<p><strong>Vineri, 7 februarie,<\/strong> temperaturile sunt apropiate de cele normale, \u00een aceast\u0103 perioad\u0103. \u00cen Bucure\u015fti fulguie\u015fte u\u015for. Cerul va fi variabil, cu \u00eennor\u0103ri noaptea. V\u00e2ntul va sufla moderat ziua \u0219i va sl\u0103bi \u00een intensitate \u00een a doua jum\u0103tate a intervalului. Temperatura maxim\u0103 va fi de 2\u20264 grade, iar cea minim\u0103 de -6\u2026-3 grade.<\/p>\n\n\n\n<p><strong>S\u00e2mb\u0103t\u0103, 8 februarie<\/strong>, vor fi temperaturi normale, pentru data din calendar. Cerul va avea \u00eennor\u0103ri temporare, iar v\u00e2ntul va sufla moderat ziua \u0219i va sl\u0103bi \u00een intensitate noaptea. Temperatura maxim\u0103 va fi de 1\u20263 grade, iar cea minim\u0103 de -7\u2026-4 grade.<\/p>\n\n\n\n<p><strong>Duminic\u0103, 9 februarie,<\/strong> regimul termic va fi \u00een continuare apropiat de cel din aceast\u0103 perioad\u0103, cu temperaturi normale, pentru luna februarie. Cerul va fi variabil, cu \u00eennor\u0103ri \u00een prima parte a zilei. V\u00e2ntul va sufla slab \u0219i moderat. Temperatura maxim\u0103 va fi de 2\u20264 grade, iar cea minim\u0103 de -7\u2026-4 grade.<\/p>\n\n\n\n<p>La \u00eenceputul s\u0103pt\u0103m\u00e2nii viitoare, valorile termice, mai ales cele din timpul zilei, vor fi \u00een cre\u0219tere u\u0219oar\u0103. Probabilitatea pentru precipita\u021bii va fi redus\u0103, potrivit <a href=\"https:\/\/www.meteoromania.ro\/\">ANM.<\/a><\/p>\n\n\n\n<p><strong>CITE\u0218TE \u0218I:<\/strong> <a href=\"https:\/\/buletin.de\/bucuresti\/epopeea-alstom-continua-dispute-privind-penalitatile-pentru-intarzieri-romania-inca-asteapta-trenurile-electrice-intarziate\/\">C\u00e2nd vor fi suplimentate trenurile Alstom pe ruta Gara de Nord-Bra\u0219ov. Dispute privind penalit\u0103\u021bile pentru \u00eent\u00e2rzieri<\/a><\/p>\n","protected":false},"excerpt":{"rendered":"<p>Meteorologii anun\u021b\u0103 temperaturi normale, pentru aceast\u0103 perioad\u0103 din an, \u00een weekend. Maximele termice nu dep\u0103\u0219esc 4 grade. Vineri, 7 februarie, temperaturile sunt apropiate de cele normale, \u00een aceast\u0103 perioad\u0103. \u00cen Bucure\u015fti fulguie\u015fte u\u015for. Cerul va fi variabil, cu \u00eennor\u0103ri noaptea. V\u00e2ntul va sufla moderat ziua \u0219i va sl\u0103bi \u00een intensitate \u00een a doua jum\u0103tate a [&hellip;]<\/p>\n","protected":false},"author":49,"featured_media":108636,"comment_status":"closed","ping_status":"open","sticky":false,"template":"","format":"standard","meta":{"_acf_changed":false,"inline_featured_image":false,"ngg_post_thumbnail":0,"footnotes":""},"categories":[6994,1,62],"tags":[4314,5928,10452],"ppma_author":[22574],"class_list":["post-117257","post","type-post","status-publish","format-standard","has-post-thumbnail","hentry","category-stiri-2","category-diverse","category-stiri","tag-anm","tag-anm-prognoza-meteo","tag-temperaturi-bucuresti"],"acf":[],"yoast_head":"<!-- This site is optimized with the Yoast SEO Premium plugin v25.3 (Yoast SEO v27.5) - https:\/\/yoast.com\/product\/yoast-seo-premium-wordpress\/ -->\n<title>METEO | Fulguieli \u015fi temperaturi normale pentru aceast\u0103 perioad\u0103, \u00een weekend. 4 grade maxima \u00een termometre - Buletin de Bucure\u0219ti<\/title>\n<meta name=\"description\" content=\"temperaturi normale. Temperaturi normale pentru aceast\u0103 perioad\u0103, \u00een weekend. 4 grade maxim\u0103 \u00een termometre, pe timpul zilei.\" \/>\n<meta name=\"robots\" content=\"index, follow, max-snippet:-1, max-image-preview:large, max-video-preview:-1\" \/>\n<link rel=\"canonical\" href=\"https:\/\/buletin.de\/bucuresti\/temperaturi-normale\/\" \/>\n<meta property=\"og:locale\" content=\"en_GB\" \/>\n<meta property=\"og:type\" content=\"article\" \/>\n<meta property=\"og:title\" content=\"METEO | Fulguieli \u015fi temperaturi normale pentru aceast\u0103 perioad\u0103, \u00een weekend. 4 grade maxima \u00een termometre\" \/>\n<meta property=\"og:description\" content=\"temperaturi normale. Temperaturi normale pentru aceast\u0103 perioad\u0103, \u00een weekend. 4 grade maxim\u0103 \u00een termometre, pe timpul zilei.\" \/>\n<meta property=\"og:url\" content=\"https:\/\/buletin.de\/bucuresti\/temperaturi-normale\/\" \/>\n<meta property=\"og:site_name\" content=\"Buletin de Bucure\u0219ti\" \/>\n<meta property=\"article:publisher\" content=\"https:\/\/www.facebook.com\/buletin.de.buc\" \/>\n<meta property=\"article:published_time\" content=\"2025-02-06T09:15:13+00:00\" \/>\n<meta property=\"article:modified_time\" content=\"2025-02-06T09:43:35+00:00\" \/>\n<meta property=\"og:image\" content=\"https:\/\/buletin.de\/bucuresti\/wp-content\/uploads\/ID133512_INQUAM_Photos_Octav_Ganea.jpg\" \/>\n\t<meta property=\"og:image:width\" content=\"2000\" \/>\n\t<meta property=\"og:image:height\" content=\"1333\" \/>\n\t<meta property=\"og:image:type\" content=\"image\/jpeg\" \/>\n<meta name=\"author\" content=\"Diana Matei\" \/>\n<meta name=\"twitter:card\" content=\"summary_large_image\" \/>\n<meta name=\"twitter:label1\" content=\"Written by\" \/>\n\t<meta name=\"twitter:data1\" content=\"Diana Matei\" \/>\n\t<meta name=\"twitter:label2\" content=\"Estimated reading time\" \/>\n\t<meta name=\"twitter:data2\" content=\"2 minutes\" \/>\n<script type=\"application\/ld+json\" class=\"yoast-schema-graph\">{\"@context\":\"https:\\\/\\\/schema.org\",\"@graph\":[{\"@type\":\"Article\",\"@id\":\"https:\\\/\\\/buletin.de\\\/bucuresti\\\/temperaturi-normale\\\/#article\",\"isPartOf\":{\"@id\":\"https:\\\/\\\/buletin.de\\\/bucuresti\\\/temperaturi-normale\\\/\"},\"author\":{\"name\":\"Diana Matei\",\"@id\":\"https:\\\/\\\/buletin.de\\\/bucuresti\\\/#\\\/schema\\\/person\\\/7e46040573290777280a0835d81ea4ea\"},\"headline\":\"METEO | Fulguieli \u015fi temperaturi normale pentru aceast\u0103 perioad\u0103, \u00een weekend. 4 grade maxima \u00een termometre\",\"datePublished\":\"2025-02-06T09:15:13+00:00\",\"dateModified\":\"2025-02-06T09:43:35+00:00\",\"mainEntityOfPage\":{\"@id\":\"https:\\\/\\\/buletin.de\\\/bucuresti\\\/temperaturi-normale\\\/\"},\"wordCount\":240,\"publisher\":{\"@id\":\"https:\\\/\\\/buletin.de\\\/bucuresti\\\/#organization\"},\"image\":{\"@id\":\"https:\\\/\\\/buletin.de\\\/bucuresti\\\/temperaturi-normale\\\/#primaryimage\"},\"thumbnailUrl\":\"https:\\\/\\\/buletin.de\\\/bucuresti\\\/wp-content\\\/uploads\\\/ID133512_INQUAM_Photos_Octav_Ganea.jpg\",\"keywords\":[\"anm\",\"anm prognoza meteo\",\"temperaturi Bucuresti\"],\"articleSection\":[\"Articole\",\"Diverse\",\"\u0218tiri\"],\"inLanguage\":\"en-GB\",\"copyrightYear\":\"2025\",\"copyrightHolder\":{\"@id\":\"https:\\\/\\\/buletin.de\\\/bucuresti\\\/#organization\"}},{\"@type\":\"WebPage\",\"@id\":\"https:\\\/\\\/buletin.de\\\/bucuresti\\\/temperaturi-normale\\\/\",\"url\":\"https:\\\/\\\/buletin.de\\\/bucuresti\\\/temperaturi-normale\\\/\",\"name\":\"METEO | Fulguieli \u015fi temperaturi normale pentru aceast\u0103 perioad\u0103, \u00een weekend. 4 grade maxima \u00een termometre - Buletin de Bucure\u0219ti\",\"isPartOf\":{\"@id\":\"https:\\\/\\\/buletin.de\\\/bucuresti\\\/#website\"},\"primaryImageOfPage\":{\"@id\":\"https:\\\/\\\/buletin.de\\\/bucuresti\\\/temperaturi-normale\\\/#primaryimage\"},\"image\":{\"@id\":\"https:\\\/\\\/buletin.de\\\/bucuresti\\\/temperaturi-normale\\\/#primaryimage\"},\"thumbnailUrl\":\"https:\\\/\\\/buletin.de\\\/bucuresti\\\/wp-content\\\/uploads\\\/ID133512_INQUAM_Photos_Octav_Ganea.jpg\",\"datePublished\":\"2025-02-06T09:15:13+00:00\",\"dateModified\":\"2025-02-06T09:43:35+00:00\",\"description\":\"temperaturi normale. Temperaturi normale pentru aceast\u0103 perioad\u0103, \u00een weekend. 4 grade maxim\u0103 \u00een termometre, pe timpul zilei.\",\"breadcrumb\":{\"@id\":\"https:\\\/\\\/buletin.de\\\/bucuresti\\\/temperaturi-normale\\\/#breadcrumb\"},\"inLanguage\":\"en-GB\",\"potentialAction\":[{\"@type\":\"ReadAction\",\"target\":[\"https:\\\/\\\/buletin.de\\\/bucuresti\\\/temperaturi-normale\\\/\"]}]},{\"@type\":\"ImageObject\",\"inLanguage\":\"en-GB\",\"@id\":\"https:\\\/\\\/buletin.de\\\/bucuresti\\\/temperaturi-normale\\\/#primaryimage\",\"url\":\"https:\\\/\\\/buletin.de\\\/bucuresti\\\/wp-content\\\/uploads\\\/ID133512_INQUAM_Photos_Octav_Ganea.jpg\",\"contentUrl\":\"https:\\\/\\\/buletin.de\\\/bucuresti\\\/wp-content\\\/uploads\\\/ID133512_INQUAM_Photos_Octav_Ganea.jpg\",\"width\":2000,\"height\":1333,\"caption\":\"Calitatea aerului din Capital\u0103, afectat\u0103 de termocentralele din Balcani\"},{\"@type\":\"BreadcrumbList\",\"@id\":\"https:\\\/\\\/buletin.de\\\/bucuresti\\\/temperaturi-normale\\\/#breadcrumb\",\"itemListElement\":[{\"@type\":\"ListItem\",\"position\":1,\"name\":\"Acas\u0103\",\"item\":\"https:\\\/\\\/buletin.de\\\/bucuresti\\\/\"},{\"@type\":\"ListItem\",\"position\":2,\"name\":\"METEO | Fulguieli \u015fi temperaturi normale pentru aceast\u0103 perioad\u0103, \u00een weekend. 4 grade maxima \u00een termometre\"}]},{\"@type\":\"WebSite\",\"@id\":\"https:\\\/\\\/buletin.de\\\/bucuresti\\\/#website\",\"url\":\"https:\\\/\\\/buletin.de\\\/bucuresti\\\/\",\"name\":\"Buletin de Bucure\u0219ti\",\"description\":\"\u0218tiri \u0219i investiga\u021bii esen\u021biale din capital\u0103\",\"publisher\":{\"@id\":\"https:\\\/\\\/buletin.de\\\/bucuresti\\\/#organization\"},\"potentialAction\":[{\"@type\":\"SearchAction\",\"target\":{\"@type\":\"EntryPoint\",\"urlTemplate\":\"https:\\\/\\\/buletin.de\\\/bucuresti\\\/?s={search_term_string}\"},\"query-input\":{\"@type\":\"PropertyValueSpecification\",\"valueRequired\":true,\"valueName\":\"search_term_string\"}}],\"inLanguage\":\"en-GB\"},{\"@type\":\"Organization\",\"@id\":\"https:\\\/\\\/buletin.de\\\/bucuresti\\\/#organization\",\"name\":\"Buletin de Bucure\u0219ti\",\"url\":\"https:\\\/\\\/buletin.de\\\/bucuresti\\\/\",\"logo\":{\"@type\":\"ImageObject\",\"inLanguage\":\"en-GB\",\"@id\":\"https:\\\/\\\/buletin.de\\\/bucuresti\\\/#\\\/schema\\\/logo\\\/image\\\/\",\"url\":\"https:\\\/\\\/buletin.de\\\/bucuresti\\\/wp-content\\\/uploads\\\/logo-bdb-full-wide-vernil-transparent.png\",\"contentUrl\":\"https:\\\/\\\/buletin.de\\\/bucuresti\\\/wp-content\\\/uploads\\\/logo-bdb-full-wide-vernil-transparent.png\",\"width\":1782,\"height\":626,\"caption\":\"Buletin de Bucure\u0219ti\"},\"image\":{\"@id\":\"https:\\\/\\\/buletin.de\\\/bucuresti\\\/#\\\/schema\\\/logo\\\/image\\\/\"},\"sameAs\":[\"https:\\\/\\\/www.facebook.com\\\/buletin.de.buc\",\"https:\\\/\\\/www.instagram.com\\\/buletinde.bucuresti\\\/\"]},{\"@type\":\"Person\",\"@id\":\"https:\\\/\\\/buletin.de\\\/bucuresti\\\/#\\\/schema\\\/person\\\/7e46040573290777280a0835d81ea4ea\",\"name\":\"Diana Matei\",\"image\":{\"@type\":\"ImageObject\",\"inLanguage\":\"en-GB\",\"@id\":\"https:\\\/\\\/buletin.de\\\/bucuresti\\\/wp-content\\\/uploads\\\/9-2-96x96.jpg1e8590b30871d70e62ebcdaf2eff570c\",\"url\":\"https:\\\/\\\/buletin.de\\\/bucuresti\\\/wp-content\\\/uploads\\\/9-2-96x96.jpg\",\"contentUrl\":\"https:\\\/\\\/buletin.de\\\/bucuresti\\\/wp-content\\\/uploads\\\/9-2-96x96.jpg\",\"caption\":\"Diana Matei\"},\"url\":\"https:\\\/\\\/buletin.de\\\/bucuresti\\\/author\\\/dianamatei\\\/\"}]}<\/script>\n<!-- \/ Yoast SEO Premium plugin. -->","yoast_head_json":{"title":"METEO | Fulguieli \u015fi temperaturi normale pentru aceast\u0103 perioad\u0103, \u00een weekend. 4 grade maxima \u00een termometre - Buletin de Bucure\u0219ti","description":"temperaturi normale. Temperaturi normale pentru aceast\u0103 perioad\u0103, \u00een weekend. 4 grade maxim\u0103 \u00een termometre, pe timpul zilei.","robots":{"index":"index","follow":"follow","max-snippet":"max-snippet:-1","max-image-preview":"max-image-preview:large","max-video-preview":"max-video-preview:-1"},"canonical":"https:\/\/buletin.de\/bucuresti\/temperaturi-normale\/","og_locale":"en_GB","og_type":"article","og_title":"METEO | Fulguieli \u015fi temperaturi normale pentru aceast\u0103 perioad\u0103, \u00een weekend. 4 grade maxima \u00een termometre","og_description":"temperaturi normale. Temperaturi normale pentru aceast\u0103 perioad\u0103, \u00een weekend. 4 grade maxim\u0103 \u00een termometre, pe timpul zilei.","og_url":"https:\/\/buletin.de\/bucuresti\/temperaturi-normale\/","og_site_name":"Buletin de Bucure\u0219ti","article_publisher":"https:\/\/www.facebook.com\/buletin.de.buc","article_published_time":"2025-02-06T09:15:13+00:00","article_modified_time":"2025-02-06T09:43:35+00:00","og_image":[{"width":2000,"height":1333,"url":"https:\/\/buletin.de\/bucuresti\/wp-content\/uploads\/ID133512_INQUAM_Photos_Octav_Ganea.jpg","type":"image\/jpeg"}],"author":"Diana Matei","twitter_card":"summary_large_image","twitter_misc":{"Written by":"Diana Matei","Estimated reading time":"2 minutes"},"schema":{"@context":"https:\/\/schema.org","@graph":[{"@type":"Article","@id":"https:\/\/buletin.de\/bucuresti\/temperaturi-normale\/#article","isPartOf":{"@id":"https:\/\/buletin.de\/bucuresti\/temperaturi-normale\/"},"author":{"name":"Diana Matei","@id":"https:\/\/buletin.de\/bucuresti\/#\/schema\/person\/7e46040573290777280a0835d81ea4ea"},"headline":"METEO | Fulguieli \u015fi temperaturi normale pentru aceast\u0103 perioad\u0103, \u00een weekend. 4 grade maxima \u00een termometre","datePublished":"2025-02-06T09:15:13+00:00","dateModified":"2025-02-06T09:43:35+00:00","mainEntityOfPage":{"@id":"https:\/\/buletin.de\/bucuresti\/temperaturi-normale\/"},"wordCount":240,"publisher":{"@id":"https:\/\/buletin.de\/bucuresti\/#organization"},"image":{"@id":"https:\/\/buletin.de\/bucuresti\/temperaturi-normale\/#primaryimage"},"thumbnailUrl":"https:\/\/buletin.de\/bucuresti\/wp-content\/uploads\/ID133512_INQUAM_Photos_Octav_Ganea.jpg","keywords":["anm","anm prognoza meteo","temperaturi Bucuresti"],"articleSection":["Articole","Diverse","\u0218tiri"],"inLanguage":"en-GB","copyrightYear":"2025","copyrightHolder":{"@id":"https:\/\/buletin.de\/bucuresti\/#organization"}},{"@type":"WebPage","@id":"https:\/\/buletin.de\/bucuresti\/temperaturi-normale\/","url":"https:\/\/buletin.de\/bucuresti\/temperaturi-normale\/","name":"METEO | Fulguieli \u015fi temperaturi normale pentru aceast\u0103 perioad\u0103, \u00een weekend. 4 grade maxima \u00een termometre - Buletin de Bucure\u0219ti","isPartOf":{"@id":"https:\/\/buletin.de\/bucuresti\/#website"},"primaryImageOfPage":{"@id":"https:\/\/buletin.de\/bucuresti\/temperaturi-normale\/#primaryimage"},"image":{"@id":"https:\/\/buletin.de\/bucuresti\/temperaturi-normale\/#primaryimage"},"thumbnailUrl":"https:\/\/buletin.de\/bucuresti\/wp-content\/uploads\/ID133512_INQUAM_Photos_Octav_Ganea.jpg","datePublished":"2025-02-06T09:15:13+00:00","dateModified":"2025-02-06T09:43:35+00:00","description":"temperaturi normale. Temperaturi normale pentru aceast\u0103 perioad\u0103, \u00een weekend. 4 grade maxim\u0103 \u00een termometre, pe timpul zilei.","breadcrumb":{"@id":"https:\/\/buletin.de\/bucuresti\/temperaturi-normale\/#breadcrumb"},"inLanguage":"en-GB","potentialAction":[{"@type":"ReadAction","target":["https:\/\/buletin.de\/bucuresti\/temperaturi-normale\/"]}]},{"@type":"ImageObject","inLanguage":"en-GB","@id":"https:\/\/buletin.de\/bucuresti\/temperaturi-normale\/#primaryimage","url":"https:\/\/buletin.de\/bucuresti\/wp-content\/uploads\/ID133512_INQUAM_Photos_Octav_Ganea.jpg","contentUrl":"https:\/\/buletin.de\/bucuresti\/wp-content\/uploads\/ID133512_INQUAM_Photos_Octav_Ganea.jpg","width":2000,"height":1333,"caption":"Calitatea aerului din Capital\u0103, afectat\u0103 de termocentralele din Balcani"},{"@type":"BreadcrumbList","@id":"https:\/\/buletin.de\/bucuresti\/temperaturi-normale\/#breadcrumb","itemListElement":[{"@type":"ListItem","position":1,"name":"Acas\u0103","item":"https:\/\/buletin.de\/bucuresti\/"},{"@type":"ListItem","position":2,"name":"METEO | Fulguieli \u015fi temperaturi normale pentru aceast\u0103 perioad\u0103, \u00een weekend. 4 grade maxima \u00een termometre"}]},{"@type":"WebSite","@id":"https:\/\/buletin.de\/bucuresti\/#website","url":"https:\/\/buletin.de\/bucuresti\/","name":"Buletin de Bucure\u0219ti","description":"\u0218tiri \u0219i investiga\u021bii esen\u021biale din capital\u0103","publisher":{"@id":"https:\/\/buletin.de\/bucuresti\/#organization"},"potentialAction":[{"@type":"SearchAction","target":{"@type":"EntryPoint","urlTemplate":"https:\/\/buletin.de\/bucuresti\/?s={search_term_string}"},"query-input":{"@type":"PropertyValueSpecification","valueRequired":true,"valueName":"search_term_string"}}],"inLanguage":"en-GB"},{"@type":"Organization","@id":"https:\/\/buletin.de\/bucuresti\/#organization","name":"Buletin de Bucure\u0219ti","url":"https:\/\/buletin.de\/bucuresti\/","logo":{"@type":"ImageObject","inLanguage":"en-GB","@id":"https:\/\/buletin.de\/bucuresti\/#\/schema\/logo\/image\/","url":"https:\/\/buletin.de\/bucuresti\/wp-content\/uploads\/logo-bdb-full-wide-vernil-transparent.png","contentUrl":"https:\/\/buletin.de\/bucuresti\/wp-content\/uploads\/logo-bdb-full-wide-vernil-transparent.png","width":1782,"height":626,"caption":"Buletin de Bucure\u0219ti"},"image":{"@id":"https:\/\/buletin.de\/bucuresti\/#\/schema\/logo\/image\/"},"sameAs":["https:\/\/www.facebook.com\/buletin.de.buc","https:\/\/www.instagram.com\/buletinde.bucuresti\/"]},{"@type":"Person","@id":"https:\/\/buletin.de\/bucuresti\/#\/schema\/person\/7e46040573290777280a0835d81ea4ea","name":"Diana Matei","image":{"@type":"ImageObject","inLanguage":"en-GB","@id":"https:\/\/buletin.de\/bucuresti\/wp-content\/uploads\/9-2-96x96.jpg1e8590b30871d70e62ebcdaf2eff570c","url":"https:\/\/buletin.de\/bucuresti\/wp-content\/uploads\/9-2-96x96.jpg","contentUrl":"https:\/\/buletin.de\/bucuresti\/wp-content\/uploads\/9-2-96x96.jpg","caption":"Diana Matei"},"url":"https:\/\/buletin.de\/bucuresti\/author\/dianamatei\/"}]}},"authors":[{"term_id":22574,"user_id":49,"is_guest":0,"slug":"dianamatei","display_name":"Diana Matei","avatar_url":"https:\/\/buletin.de\/bucuresti\/wp-content\/uploads\/9-2-96x96.jpg","0":null,"1":"","2":"","3":"","4":"","5":"","6":"","7":"","8":""}],"_links":{"self":[{"href":"https:\/\/buletin.de\/bucuresti\/wp-json\/wp\/v2\/posts\/117257","targetHints":{"allow":["GET"]}}],"collection":[{"href":"https:\/\/buletin.de\/bucuresti\/wp-json\/wp\/v2\/posts"}],"about":[{"href":"https:\/\/buletin.de\/bucuresti\/wp-json\/wp\/v2\/types\/post"}],"author":[{"embeddable":true,"href":"https:\/\/buletin.de\/bucuresti\/wp-json\/wp\/v2\/users\/49"}],"replies":[{"embeddable":true,"href":"https:\/\/buletin.de\/bucuresti\/wp-json\/wp\/v2\/comments?post=117257"}],"version-history":[{"count":2,"href":"https:\/\/buletin.de\/bucuresti\/wp-json\/wp\/v2\/posts\/117257\/revisions"}],"predecessor-version":[{"id":117288,"href":"https:\/\/buletin.de\/bucuresti\/wp-json\/wp\/v2\/posts\/117257\/revisions\/117288"}],"wp:featuredmedia":[{"embeddable":true,"href":"https:\/\/buletin.de\/bucuresti\/wp-json\/wp\/v2\/media\/108636"}],"wp:attachment":[{"href":"https:\/\/buletin.de\/bucuresti\/wp-json\/wp\/v2\/media?parent=117257"}],"wp:term":[{"taxonomy":"category","embeddable":true,"href":"https:\/\/buletin.de\/bucuresti\/wp-json\/wp\/v2\/categories?post=117257"},{"taxonomy":"post_tag","embeddable":true,"href":"https:\/\/buletin.de\/bucuresti\/wp-json\/wp\/v2\/tags?post=117257"},{"taxonomy":"author","embeddable":true,"href":"https:\/\/buletin.de\/bucuresti\/wp-json\/wp\/v2\/ppma_author?post=117257"}],"curies":[{"name":"wp","href":"https:\/\/api.w.org\/{rel}","templated":true}]}}