{"id":11708,"date":"2020-09-08T23:49:21","date_gmt":"2020-09-08T20:49:21","guid":{"rendered":"https:\/\/buletin.de\/bucuresti\/?p=11708"},"modified":"2020-09-09T14:58:42","modified_gmt":"2020-09-09T11:58:42","slug":"monica-anisie-elevii-pot-face-scoala-exclusiv-online-doar-pe-baza-unei-adeverinte-medicale","status":"publish","type":"post","link":"https:\/\/buletin.de\/bucuresti\/monica-anisie-elevii-pot-face-scoala-exclusiv-online-doar-pe-baza-unei-adeverinte-medicale\/","title":{"rendered":"Monica Anisie | Elevii pot face \u0219coal\u0103 exclusiv online, doar pe baza unei adeverin\u021be medicale"},"content":{"rendered":"\n<p><strong>Ministrul Educa\u021biei, Monica Anisie a adus l\u0103muriri privind \u00eenceperea noului an \u0219colar, \u00een condi\u021bii de pandemie, pe 14 septembrie. Prezent\u0103 \u00een studioul DIGI24, Monica Anisie a vorbit despre modul \u00een care se vor desf\u0103\u0219ura orele online, responsabilit\u0103\u021bi dar \u0219i despre neajunsuri. La sf\u00e2r\u0219itul lunii mai, 234.000 de elevi din Rom\u00e2nia nu aveau acces la \u0219coala online, conform unei evalu\u0103ri a ministerului de resort. Ministrul a sugerat ca anul s\u0103 \u00eenceap\u0103 f\u0103r\u0103 obi\u0219nuitele festivit\u0103\u021bi.<\/strong><\/p>\n\n\n\n<p>P\u00e2n\u0103 pe 10 septembrie, fiecare unitate de \u00eenv\u0103\u021b\u0103m\u00e2nt trebuie s\u0103 stabileasc\u0103 scenariul dup\u0103 care va \u00eencepe noul an \u0219colar. Acesta va \u021bine cont de situa\u021bia epidemiologic\u0103, de infrastructura de care beneficiaz\u0103 \u0219coala dar \u0219i de resursa uman\u0103 disponibil\u0103. <\/p>\n\n\n\n<p>Monica Anisie a precizat c\u0103 exist\u0103 situa\u021bii \u00een care elevii pot opta exclusiv pentru varianta online, \u00een cazul \u00een care prezint\u0103 o adeverin\u021b\u0103 emis\u0103 de un medic.<\/p>\n\n\n\n<p>&#8220;<em>Este prev\u0103zut acest lucru \u00een ordinul comun, p\u0103rintele poate lua aceast\u0103 decizie, \u00een anumite situa\u021bii. Dac\u0103 copilul prezint\u0103 vreo boal\u0103 care s-ar putea agrava, fie \u00een momentul \u00een care \u00een familie avem cazuri de persoane care ar putea fi supuse \u00eemboln\u0103virii<\/em>.&#8221;, a spus Monica Anisie. <\/p>\n\n\n\n<p>\u00cen aceast\u0103 situa\u021bie, chiar dac\u0103 este vorba de un singur copil, orele vor fi transmise online. Aceea\u0219i regul\u0103 se aplic\u0103 \u0219i profesorilor care sufer\u0103 de anumite boli \u0219i pentru care contactul cu copiii poate fi riscant. Dasc\u0103lii pot preda, online, de acas\u0103.<\/p>\n\n\n\n<p>Ministrul Anisie a precizat c\u0103 orele vor avea \u00een continuare 50 de minute doar c\u0103 profesorul va r\u0103m\u00e2ne \u00een clas\u0103 pentru a supraveghea copiii \u0219i pe durata pauzei.<\/p>\n\n\n\n<p>\u00cen ceea ce prive\u0219te reducerea programei \u0219colare, ministrul a declarat c\u0103 acest lucru este imposibil \u00een acest moment, din cauza unor blocaje legislative dar \u0219i a unei proceduri complicate. \u00cen schimb, se va \u00eencerca concentrarea pe con\u021binuturile importante.<\/p>\n\n\n\n<p>&#8220;<em>Ce am putut s\u0103 fac? S\u0103 reduc programa pentru examenele na\u021bionale. Preg\u0103tim la minister documente, pentru a veni \u00een sprijinul dumneavoastr\u0103.&#8221;<\/em>, a mai ad\u0103ugat Monica Anisie.<\/p>\n\n\n\n<p>Tot legat de examenele na\u021bionale. f\u0103c\u00e2nd referire la cel de evaluare na\u021bional\u0103, ministrul Educa\u021biei a precizat c\u0103 anul acesta se va da \u00eentr-o formul\u0103 nou\u0103, adaptat\u0103 testelor PISA. Monica Anisie a promis c\u0103 noile modele de subiecte vor fi publice pe portalul de specialitate p\u00e2n\u0103 la 1 octombrie \u0219i c\u0103 vor fi organizate mai multe runde de simul\u0103ri ca elevii s\u0103 se obi\u0219nuiasc\u0103 cu noile cerin\u021be.<\/p>\n\n\n\n<p>Elevii de clasa a 8-a nu vor \u00eencepe \u00eens\u0103 \u0219coala cu toate manualele pe b\u0103nci. Pentru opt dintre ele, \u00eentre care \u0219i cel de Limba Rom\u00e2n\u0103, licita\u021biile au fost contestate.<\/p>\n\n\n\n<p>\u00centrebat\u0103 ce m\u0103suri poate lua \u00eempotriva elevilor care nu respect\u0103 regulile,  ministrul Anisie a reamintit c\u0103 exist\u0103 regulamente, legi dar \u0219i coduri de conduit\u0103. Monica Anisie a recunoscut c\u0103 exist\u0103 o problem\u0103 legat\u0103 \u0219i de anumi\u021bi profesori care refuz\u0103 s\u0103 apar\u0103 filma\u021bi \u00een online.<\/p>\n\n\n\n<p>&#8220;<em>Colegii mei au avut azi o \u00eent\u00e2lnire cu reprezentan\u021bi la nivel tehnic, de la autoritatea pentru protec\u021bia datelor \u0219i venim cu un document comun p\u00e2n\u0103 la \u00eenceperea \u0219colii. Nu asta trebuie s\u0103 \u00eei sperie. Trebuie s\u0103 ne concentr\u0103m pe predare, pe a fi al\u0103turi de copii&#8221;, <\/em>a mai declarat ministrul Educa\u021biei, Monica Anisie. <\/p>\n\n\n\n<p>\u00cen ceea ce prive\u0219te \u0219colile aflate acum \u00een scenariul ro\u0219u, Monica Anisie a declarat c\u0103 exist\u0103 un num\u0103r de aproape 5000 de elevi, din acele unit\u0103\u021bi de \u00eenv\u0103\u021b\u0103m\u00e2nt, f\u0103r\u0103 acces la net \u0219i tablet\u0103. Pentru ei, a promis distribuire cu prioritate a dispozitivelor achizi\u021bionate de Guvern.<\/p>\n\n\n\n<p>Conform unei inventarieri f\u0103cute la sf\u00e2r\u0219itul lunii mai, \u00een \u00eentreaga \u021bar\u0103, 234.000 de elevi nu aveau dotarea necesar\u0103 pentru a participa la orele online. Ministrul a precizat \u00eens\u0103 c\u0103 situa\u021bia &#8220;s-a mai \u00eembun\u0103t\u0103\u021bit&#8221; \u00eentre timp.<\/p>\n\n\n\n<p>C\u00e2t prive\u0219te \u0219colile cu WC-urile \u00een curte \u0219i f\u0103r\u0103 ap\u0103 potabil\u0103, Monica Anisie a declarat c\u0103 este responsabilitate DSP-urilor dac\u0103 permit \u00eenceperea anului \u0219colar \u00een aceste condi\u021bii. Sfatul s\u0103u este \u00eens\u0103 ca p\u00e2n\u0103 la remedierea situa\u021biei, \u00een toate aceste localit\u0103\u021bi, \u0219coala s\u0103 se fac\u0103 doar online.<\/p>\n\n\n\n<p>Suspendarea total\u0103 a cursurilor \u00eentr-o \u0219coal\u0103 se face la cererea conducerii unit\u0103\u021bii de \u00eenv\u0103\u021b\u0103m\u00e2nt, cu avizul Inspectoratului \u0218colar \u0219i al DSP \u0219i dup\u0103 decizia Comitetului Local pentru Situa\u021bii de Urgen\u021b\u0103.<\/p>\n\n\n\n<p>Sursa FOTO Facebook<\/p>\n\n\n\n<p><\/p>\n\n\n\n<p><\/p>\n\n\n\n<p><\/p>\n","protected":false},"excerpt":{"rendered":"<p>Ministrul Educa\u021biei, Monica Anisie a adus l\u0103muriri privind \u00eenceperea noului an \u0219colar, \u00een condi\u021bii de pandemie, pe 14 septembrie. Prezent\u0103 \u00een studioul DIGI24, Monica Anisie a vorbit despre modul \u00een care se vor desf\u0103\u0219ura orele online, responsabilit\u0103\u021bi dar \u0219i despre neajunsuri. La sf\u00e2r\u0219itul lunii mai, 234.000 de elevi din Rom\u00e2nia nu aveau acces la \u0219coala [&hellip;]<\/p>\n","protected":false},"author":18,"featured_media":11719,"comment_status":"closed","ping_status":"open","sticky":false,"template":"","format":"standard","meta":{"_acf_changed":false,"inline_featured_image":false,"ngg_post_thumbnail":0,"footnotes":""},"categories":[1],"tags":[],"ppma_author":[22579],"class_list":["post-11708","post","type-post","status-publish","format-standard","has-post-thumbnail","hentry","category-diverse"],"acf":[],"yoast_head":"<!-- This site is optimized with the Yoast SEO Premium plugin v25.3 (Yoast SEO v27.4) - https:\/\/yoast.com\/product\/yoast-seo-premium-wordpress\/ -->\n<title>Monica Anisie | Elevii pot face \u0219coal\u0103 exclusiv online, doar pe baza unei adeverin\u021be medicale - Buletin de Bucure\u0219ti<\/title>\n<meta name=\"robots\" content=\"index, follow, max-snippet:-1, max-image-preview:large, max-video-preview:-1\" \/>\n<link rel=\"canonical\" href=\"https:\/\/buletin.de\/bucuresti\/monica-anisie-elevii-pot-face-scoala-exclusiv-online-doar-pe-baza-unei-adeverinte-medicale\/\" \/>\n<meta property=\"og:locale\" content=\"en_GB\" \/>\n<meta property=\"og:type\" content=\"article\" \/>\n<meta property=\"og:title\" content=\"Monica Anisie | Elevii pot face \u0219coal\u0103 exclusiv online, doar pe baza unei adeverin\u021be medicale\" \/>\n<meta property=\"og:description\" content=\"Ministrul Educa\u021biei, Monica Anisie a adus l\u0103muriri privind \u00eenceperea noului an \u0219colar, \u00een condi\u021bii de pandemie, pe 14 septembrie. Prezent\u0103 \u00een studioul DIGI24, Monica Anisie a vorbit despre modul \u00een care se vor desf\u0103\u0219ura orele online, responsabilit\u0103\u021bi dar \u0219i despre neajunsuri. La sf\u00e2r\u0219itul lunii mai, 234.000 de elevi din Rom\u00e2nia nu aveau acces la \u0219coala [&hellip;]\" \/>\n<meta property=\"og:url\" content=\"https:\/\/buletin.de\/bucuresti\/monica-anisie-elevii-pot-face-scoala-exclusiv-online-doar-pe-baza-unei-adeverinte-medicale\/\" \/>\n<meta property=\"og:site_name\" content=\"Buletin de Bucure\u0219ti\" \/>\n<meta property=\"article:publisher\" content=\"https:\/\/www.facebook.com\/buletin.de.buc\" \/>\n<meta property=\"article:published_time\" content=\"2020-09-08T20:49:21+00:00\" \/>\n<meta property=\"article:modified_time\" content=\"2020-09-09T11:58:42+00:00\" \/>\n<meta property=\"og:image\" content=\"https:\/\/buletin.de\/bucuresti\/wp-content\/uploads\/anisie-1.jpg\" \/>\n\t<meta property=\"og:image:width\" content=\"960\" \/>\n\t<meta property=\"og:image:height\" content=\"720\" \/>\n\t<meta property=\"og:image:type\" content=\"image\/jpeg\" \/>\n<meta name=\"author\" content=\"Teodora Stroe\" \/>\n<meta name=\"twitter:card\" content=\"summary_large_image\" \/>\n<meta name=\"twitter:label1\" content=\"Written by\" \/>\n\t<meta name=\"twitter:data1\" content=\"Teodora Stroe\" \/>\n\t<meta name=\"twitter:label2\" content=\"Estimated reading time\" \/>\n\t<meta name=\"twitter:data2\" content=\"4 minutes\" \/>\n<script type=\"application\/ld+json\" class=\"yoast-schema-graph\">{\"@context\":\"https:\\\/\\\/schema.org\",\"@graph\":[{\"@type\":\"Article\",\"@id\":\"https:\\\/\\\/buletin.de\\\/bucuresti\\\/monica-anisie-elevii-pot-face-scoala-exclusiv-online-doar-pe-baza-unei-adeverinte-medicale\\\/#article\",\"isPartOf\":{\"@id\":\"https:\\\/\\\/buletin.de\\\/bucuresti\\\/monica-anisie-elevii-pot-face-scoala-exclusiv-online-doar-pe-baza-unei-adeverinte-medicale\\\/\"},\"author\":{\"name\":\"Teodora Stroe\",\"@id\":\"https:\\\/\\\/buletin.de\\\/bucuresti\\\/#\\\/schema\\\/person\\\/d369d7ddc775abece205795e0b804614\"},\"headline\":\"Monica Anisie | Elevii pot face \u0219coal\u0103 exclusiv online, doar pe baza unei adeverin\u021be medicale\",\"datePublished\":\"2020-09-08T20:49:21+00:00\",\"dateModified\":\"2020-09-09T11:58:42+00:00\",\"mainEntityOfPage\":{\"@id\":\"https:\\\/\\\/buletin.de\\\/bucuresti\\\/monica-anisie-elevii-pot-face-scoala-exclusiv-online-doar-pe-baza-unei-adeverinte-medicale\\\/\"},\"wordCount\":757,\"publisher\":{\"@id\":\"https:\\\/\\\/buletin.de\\\/bucuresti\\\/#organization\"},\"image\":{\"@id\":\"https:\\\/\\\/buletin.de\\\/bucuresti\\\/monica-anisie-elevii-pot-face-scoala-exclusiv-online-doar-pe-baza-unei-adeverinte-medicale\\\/#primaryimage\"},\"thumbnailUrl\":\"https:\\\/\\\/buletin.de\\\/bucuresti\\\/wp-content\\\/uploads\\\/anisie-1.jpg\",\"articleSection\":[\"Diverse\"],\"inLanguage\":\"en-GB\",\"copyrightYear\":\"2020\",\"copyrightHolder\":{\"@id\":\"https:\\\/\\\/buletin.de\\\/bucuresti\\\/#organization\"}},{\"@type\":\"WebPage\",\"@id\":\"https:\\\/\\\/buletin.de\\\/bucuresti\\\/monica-anisie-elevii-pot-face-scoala-exclusiv-online-doar-pe-baza-unei-adeverinte-medicale\\\/\",\"url\":\"https:\\\/\\\/buletin.de\\\/bucuresti\\\/monica-anisie-elevii-pot-face-scoala-exclusiv-online-doar-pe-baza-unei-adeverinte-medicale\\\/\",\"name\":\"Monica Anisie | Elevii pot face \u0219coal\u0103 exclusiv online, doar pe baza unei adeverin\u021be medicale - Buletin de Bucure\u0219ti\",\"isPartOf\":{\"@id\":\"https:\\\/\\\/buletin.de\\\/bucuresti\\\/#website\"},\"primaryImageOfPage\":{\"@id\":\"https:\\\/\\\/buletin.de\\\/bucuresti\\\/monica-anisie-elevii-pot-face-scoala-exclusiv-online-doar-pe-baza-unei-adeverinte-medicale\\\/#primaryimage\"},\"image\":{\"@id\":\"https:\\\/\\\/buletin.de\\\/bucuresti\\\/monica-anisie-elevii-pot-face-scoala-exclusiv-online-doar-pe-baza-unei-adeverinte-medicale\\\/#primaryimage\"},\"thumbnailUrl\":\"https:\\\/\\\/buletin.de\\\/bucuresti\\\/wp-content\\\/uploads\\\/anisie-1.jpg\",\"datePublished\":\"2020-09-08T20:49:21+00:00\",\"dateModified\":\"2020-09-09T11:58:42+00:00\",\"breadcrumb\":{\"@id\":\"https:\\\/\\\/buletin.de\\\/bucuresti\\\/monica-anisie-elevii-pot-face-scoala-exclusiv-online-doar-pe-baza-unei-adeverinte-medicale\\\/#breadcrumb\"},\"inLanguage\":\"en-GB\",\"potentialAction\":[{\"@type\":\"ReadAction\",\"target\":[\"https:\\\/\\\/buletin.de\\\/bucuresti\\\/monica-anisie-elevii-pot-face-scoala-exclusiv-online-doar-pe-baza-unei-adeverinte-medicale\\\/\"]}]},{\"@type\":\"ImageObject\",\"inLanguage\":\"en-GB\",\"@id\":\"https:\\\/\\\/buletin.de\\\/bucuresti\\\/monica-anisie-elevii-pot-face-scoala-exclusiv-online-doar-pe-baza-unei-adeverinte-medicale\\\/#primaryimage\",\"url\":\"https:\\\/\\\/buletin.de\\\/bucuresti\\\/wp-content\\\/uploads\\\/anisie-1.jpg\",\"contentUrl\":\"https:\\\/\\\/buletin.de\\\/bucuresti\\\/wp-content\\\/uploads\\\/anisie-1.jpg\",\"width\":960,\"height\":720},{\"@type\":\"BreadcrumbList\",\"@id\":\"https:\\\/\\\/buletin.de\\\/bucuresti\\\/monica-anisie-elevii-pot-face-scoala-exclusiv-online-doar-pe-baza-unei-adeverinte-medicale\\\/#breadcrumb\",\"itemListElement\":[{\"@type\":\"ListItem\",\"position\":1,\"name\":\"Acas\u0103\",\"item\":\"https:\\\/\\\/buletin.de\\\/bucuresti\\\/\"},{\"@type\":\"ListItem\",\"position\":2,\"name\":\"Monica Anisie | Elevii pot face \u0219coal\u0103 exclusiv online, doar pe baza unei adeverin\u021be medicale\"}]},{\"@type\":\"WebSite\",\"@id\":\"https:\\\/\\\/buletin.de\\\/bucuresti\\\/#website\",\"url\":\"https:\\\/\\\/buletin.de\\\/bucuresti\\\/\",\"name\":\"Buletin de Bucure\u0219ti\",\"description\":\"\u0218tiri \u0219i investiga\u021bii esen\u021biale din capital\u0103\",\"publisher\":{\"@id\":\"https:\\\/\\\/buletin.de\\\/bucuresti\\\/#organization\"},\"potentialAction\":[{\"@type\":\"SearchAction\",\"target\":{\"@type\":\"EntryPoint\",\"urlTemplate\":\"https:\\\/\\\/buletin.de\\\/bucuresti\\\/?s={search_term_string}\"},\"query-input\":{\"@type\":\"PropertyValueSpecification\",\"valueRequired\":true,\"valueName\":\"search_term_string\"}}],\"inLanguage\":\"en-GB\"},{\"@type\":\"Organization\",\"@id\":\"https:\\\/\\\/buletin.de\\\/bucuresti\\\/#organization\",\"name\":\"Buletin de Bucure\u0219ti\",\"url\":\"https:\\\/\\\/buletin.de\\\/bucuresti\\\/\",\"logo\":{\"@type\":\"ImageObject\",\"inLanguage\":\"en-GB\",\"@id\":\"https:\\\/\\\/buletin.de\\\/bucuresti\\\/#\\\/schema\\\/logo\\\/image\\\/\",\"url\":\"https:\\\/\\\/buletin.de\\\/bucuresti\\\/wp-content\\\/uploads\\\/logo-bdb-full-wide-vernil-transparent.png\",\"contentUrl\":\"https:\\\/\\\/buletin.de\\\/bucuresti\\\/wp-content\\\/uploads\\\/logo-bdb-full-wide-vernil-transparent.png\",\"width\":1782,\"height\":626,\"caption\":\"Buletin de Bucure\u0219ti\"},\"image\":{\"@id\":\"https:\\\/\\\/buletin.de\\\/bucuresti\\\/#\\\/schema\\\/logo\\\/image\\\/\"},\"sameAs\":[\"https:\\\/\\\/www.facebook.com\\\/buletin.de.buc\",\"https:\\\/\\\/www.instagram.com\\\/buletinde.bucuresti\\\/\"]},{\"@type\":\"Person\",\"@id\":\"https:\\\/\\\/buletin.de\\\/bucuresti\\\/#\\\/schema\\\/person\\\/d369d7ddc775abece205795e0b804614\",\"name\":\"Teodora Stroe\",\"image\":{\"@type\":\"ImageObject\",\"inLanguage\":\"en-GB\",\"@id\":\"https:\\\/\\\/secure.gravatar.com\\\/avatar\\\/2560b4cd9f5f1bc100b123158e657d75584bd1c3e1d9c69285720b9457c1b78d?s=96&d=monsterid&r=gc104800242ba5f2d78dd5d7dc4df08b6\",\"url\":\"https:\\\/\\\/secure.gravatar.com\\\/avatar\\\/2560b4cd9f5f1bc100b123158e657d75584bd1c3e1d9c69285720b9457c1b78d?s=96&d=monsterid&r=g\",\"contentUrl\":\"https:\\\/\\\/secure.gravatar.com\\\/avatar\\\/2560b4cd9f5f1bc100b123158e657d75584bd1c3e1d9c69285720b9457c1b78d?s=96&d=monsterid&r=g\",\"caption\":\"Teodora Stroe\"},\"url\":\"https:\\\/\\\/buletin.de\\\/bucuresti\\\/author\\\/simonacarlugea\\\/\"}]}<\/script>\n<!-- \/ Yoast SEO Premium plugin. -->","yoast_head_json":{"title":"Monica Anisie | Elevii pot face \u0219coal\u0103 exclusiv online, doar pe baza unei adeverin\u021be medicale - Buletin de Bucure\u0219ti","robots":{"index":"index","follow":"follow","max-snippet":"max-snippet:-1","max-image-preview":"max-image-preview:large","max-video-preview":"max-video-preview:-1"},"canonical":"https:\/\/buletin.de\/bucuresti\/monica-anisie-elevii-pot-face-scoala-exclusiv-online-doar-pe-baza-unei-adeverinte-medicale\/","og_locale":"en_GB","og_type":"article","og_title":"Monica Anisie | Elevii pot face \u0219coal\u0103 exclusiv online, doar pe baza unei adeverin\u021be medicale","og_description":"Ministrul Educa\u021biei, Monica Anisie a adus l\u0103muriri privind \u00eenceperea noului an \u0219colar, \u00een condi\u021bii de pandemie, pe 14 septembrie. Prezent\u0103 \u00een studioul DIGI24, Monica Anisie a vorbit despre modul \u00een care se vor desf\u0103\u0219ura orele online, responsabilit\u0103\u021bi dar \u0219i despre neajunsuri. La sf\u00e2r\u0219itul lunii mai, 234.000 de elevi din Rom\u00e2nia nu aveau acces la \u0219coala [&hellip;]","og_url":"https:\/\/buletin.de\/bucuresti\/monica-anisie-elevii-pot-face-scoala-exclusiv-online-doar-pe-baza-unei-adeverinte-medicale\/","og_site_name":"Buletin de Bucure\u0219ti","article_publisher":"https:\/\/www.facebook.com\/buletin.de.buc","article_published_time":"2020-09-08T20:49:21+00:00","article_modified_time":"2020-09-09T11:58:42+00:00","og_image":[{"width":960,"height":720,"url":"https:\/\/buletin.de\/bucuresti\/wp-content\/uploads\/anisie-1.jpg","type":"image\/jpeg"}],"author":"Teodora Stroe","twitter_card":"summary_large_image","twitter_misc":{"Written by":"Teodora Stroe","Estimated reading time":"4 minutes"},"schema":{"@context":"https:\/\/schema.org","@graph":[{"@type":"Article","@id":"https:\/\/buletin.de\/bucuresti\/monica-anisie-elevii-pot-face-scoala-exclusiv-online-doar-pe-baza-unei-adeverinte-medicale\/#article","isPartOf":{"@id":"https:\/\/buletin.de\/bucuresti\/monica-anisie-elevii-pot-face-scoala-exclusiv-online-doar-pe-baza-unei-adeverinte-medicale\/"},"author":{"name":"Teodora Stroe","@id":"https:\/\/buletin.de\/bucuresti\/#\/schema\/person\/d369d7ddc775abece205795e0b804614"},"headline":"Monica Anisie | Elevii pot face \u0219coal\u0103 exclusiv online, doar pe baza unei adeverin\u021be medicale","datePublished":"2020-09-08T20:49:21+00:00","dateModified":"2020-09-09T11:58:42+00:00","mainEntityOfPage":{"@id":"https:\/\/buletin.de\/bucuresti\/monica-anisie-elevii-pot-face-scoala-exclusiv-online-doar-pe-baza-unei-adeverinte-medicale\/"},"wordCount":757,"publisher":{"@id":"https:\/\/buletin.de\/bucuresti\/#organization"},"image":{"@id":"https:\/\/buletin.de\/bucuresti\/monica-anisie-elevii-pot-face-scoala-exclusiv-online-doar-pe-baza-unei-adeverinte-medicale\/#primaryimage"},"thumbnailUrl":"https:\/\/buletin.de\/bucuresti\/wp-content\/uploads\/anisie-1.jpg","articleSection":["Diverse"],"inLanguage":"en-GB","copyrightYear":"2020","copyrightHolder":{"@id":"https:\/\/buletin.de\/bucuresti\/#organization"}},{"@type":"WebPage","@id":"https:\/\/buletin.de\/bucuresti\/monica-anisie-elevii-pot-face-scoala-exclusiv-online-doar-pe-baza-unei-adeverinte-medicale\/","url":"https:\/\/buletin.de\/bucuresti\/monica-anisie-elevii-pot-face-scoala-exclusiv-online-doar-pe-baza-unei-adeverinte-medicale\/","name":"Monica Anisie | Elevii pot face \u0219coal\u0103 exclusiv online, doar pe baza unei adeverin\u021be medicale - Buletin de Bucure\u0219ti","isPartOf":{"@id":"https:\/\/buletin.de\/bucuresti\/#website"},"primaryImageOfPage":{"@id":"https:\/\/buletin.de\/bucuresti\/monica-anisie-elevii-pot-face-scoala-exclusiv-online-doar-pe-baza-unei-adeverinte-medicale\/#primaryimage"},"image":{"@id":"https:\/\/buletin.de\/bucuresti\/monica-anisie-elevii-pot-face-scoala-exclusiv-online-doar-pe-baza-unei-adeverinte-medicale\/#primaryimage"},"thumbnailUrl":"https:\/\/buletin.de\/bucuresti\/wp-content\/uploads\/anisie-1.jpg","datePublished":"2020-09-08T20:49:21+00:00","dateModified":"2020-09-09T11:58:42+00:00","breadcrumb":{"@id":"https:\/\/buletin.de\/bucuresti\/monica-anisie-elevii-pot-face-scoala-exclusiv-online-doar-pe-baza-unei-adeverinte-medicale\/#breadcrumb"},"inLanguage":"en-GB","potentialAction":[{"@type":"ReadAction","target":["https:\/\/buletin.de\/bucuresti\/monica-anisie-elevii-pot-face-scoala-exclusiv-online-doar-pe-baza-unei-adeverinte-medicale\/"]}]},{"@type":"ImageObject","inLanguage":"en-GB","@id":"https:\/\/buletin.de\/bucuresti\/monica-anisie-elevii-pot-face-scoala-exclusiv-online-doar-pe-baza-unei-adeverinte-medicale\/#primaryimage","url":"https:\/\/buletin.de\/bucuresti\/wp-content\/uploads\/anisie-1.jpg","contentUrl":"https:\/\/buletin.de\/bucuresti\/wp-content\/uploads\/anisie-1.jpg","width":960,"height":720},{"@type":"BreadcrumbList","@id":"https:\/\/buletin.de\/bucuresti\/monica-anisie-elevii-pot-face-scoala-exclusiv-online-doar-pe-baza-unei-adeverinte-medicale\/#breadcrumb","itemListElement":[{"@type":"ListItem","position":1,"name":"Acas\u0103","item":"https:\/\/buletin.de\/bucuresti\/"},{"@type":"ListItem","position":2,"name":"Monica Anisie | Elevii pot face \u0219coal\u0103 exclusiv online, doar pe baza unei adeverin\u021be medicale"}]},{"@type":"WebSite","@id":"https:\/\/buletin.de\/bucuresti\/#website","url":"https:\/\/buletin.de\/bucuresti\/","name":"Buletin de Bucure\u0219ti","description":"\u0218tiri \u0219i investiga\u021bii esen\u021biale din capital\u0103","publisher":{"@id":"https:\/\/buletin.de\/bucuresti\/#organization"},"potentialAction":[{"@type":"SearchAction","target":{"@type":"EntryPoint","urlTemplate":"https:\/\/buletin.de\/bucuresti\/?s={search_term_string}"},"query-input":{"@type":"PropertyValueSpecification","valueRequired":true,"valueName":"search_term_string"}}],"inLanguage":"en-GB"},{"@type":"Organization","@id":"https:\/\/buletin.de\/bucuresti\/#organization","name":"Buletin de Bucure\u0219ti","url":"https:\/\/buletin.de\/bucuresti\/","logo":{"@type":"ImageObject","inLanguage":"en-GB","@id":"https:\/\/buletin.de\/bucuresti\/#\/schema\/logo\/image\/","url":"https:\/\/buletin.de\/bucuresti\/wp-content\/uploads\/logo-bdb-full-wide-vernil-transparent.png","contentUrl":"https:\/\/buletin.de\/bucuresti\/wp-content\/uploads\/logo-bdb-full-wide-vernil-transparent.png","width":1782,"height":626,"caption":"Buletin de Bucure\u0219ti"},"image":{"@id":"https:\/\/buletin.de\/bucuresti\/#\/schema\/logo\/image\/"},"sameAs":["https:\/\/www.facebook.com\/buletin.de.buc","https:\/\/www.instagram.com\/buletinde.bucuresti\/"]},{"@type":"Person","@id":"https:\/\/buletin.de\/bucuresti\/#\/schema\/person\/d369d7ddc775abece205795e0b804614","name":"Teodora Stroe","image":{"@type":"ImageObject","inLanguage":"en-GB","@id":"https:\/\/secure.gravatar.com\/avatar\/2560b4cd9f5f1bc100b123158e657d75584bd1c3e1d9c69285720b9457c1b78d?s=96&d=monsterid&r=gc104800242ba5f2d78dd5d7dc4df08b6","url":"https:\/\/secure.gravatar.com\/avatar\/2560b4cd9f5f1bc100b123158e657d75584bd1c3e1d9c69285720b9457c1b78d?s=96&d=monsterid&r=g","contentUrl":"https:\/\/secure.gravatar.com\/avatar\/2560b4cd9f5f1bc100b123158e657d75584bd1c3e1d9c69285720b9457c1b78d?s=96&d=monsterid&r=g","caption":"Teodora Stroe"},"url":"https:\/\/buletin.de\/bucuresti\/author\/simonacarlugea\/"}]}},"authors":[{"term_id":22579,"user_id":18,"is_guest":0,"slug":"simonacarlugea","display_name":"Teodora Stroe","avatar_url":"https:\/\/secure.gravatar.com\/avatar\/2560b4cd9f5f1bc100b123158e657d75584bd1c3e1d9c69285720b9457c1b78d?s=96&d=monsterid&r=g","0":null,"1":"","2":"","3":"","4":"","5":"","6":"","7":"","8":""}],"_links":{"self":[{"href":"https:\/\/buletin.de\/bucuresti\/wp-json\/wp\/v2\/posts\/11708","targetHints":{"allow":["GET"]}}],"collection":[{"href":"https:\/\/buletin.de\/bucuresti\/wp-json\/wp\/v2\/posts"}],"about":[{"href":"https:\/\/buletin.de\/bucuresti\/wp-json\/wp\/v2\/types\/post"}],"author":[{"embeddable":true,"href":"https:\/\/buletin.de\/bucuresti\/wp-json\/wp\/v2\/users\/18"}],"replies":[{"embeddable":true,"href":"https:\/\/buletin.de\/bucuresti\/wp-json\/wp\/v2\/comments?post=11708"}],"version-history":[{"count":11,"href":"https:\/\/buletin.de\/bucuresti\/wp-json\/wp\/v2\/posts\/11708\/revisions"}],"predecessor-version":[{"id":11742,"href":"https:\/\/buletin.de\/bucuresti\/wp-json\/wp\/v2\/posts\/11708\/revisions\/11742"}],"wp:featuredmedia":[{"embeddable":true,"href":"https:\/\/buletin.de\/bucuresti\/wp-json\/wp\/v2\/media\/11719"}],"wp:attachment":[{"href":"https:\/\/buletin.de\/bucuresti\/wp-json\/wp\/v2\/media?parent=11708"}],"wp:term":[{"taxonomy":"category","embeddable":true,"href":"https:\/\/buletin.de\/bucuresti\/wp-json\/wp\/v2\/categories?post=11708"},{"taxonomy":"post_tag","embeddable":true,"href":"https:\/\/buletin.de\/bucuresti\/wp-json\/wp\/v2\/tags?post=11708"},{"taxonomy":"author","embeddable":true,"href":"https:\/\/buletin.de\/bucuresti\/wp-json\/wp\/v2\/ppma_author?post=11708"}],"curies":[{"name":"wp","href":"https:\/\/api.w.org\/{rel}","templated":true}]}}