{"id":117041,"date":"2025-02-05T07:00:00","date_gmt":"2025-02-05T04:00:00","guid":{"rendered":"https:\/\/buletin.de\/bucuresti\/?p=117041"},"modified":"2025-02-05T11:45:03","modified_gmt":"2025-02-05T08:45:03","slug":"inca-doua-investitii-blocate-de-guvern-in-bucuresti-acuza-nicusor-dan","status":"publish","type":"post","link":"https:\/\/buletin.de\/bucuresti\/inca-doua-investitii-blocate-de-guvern-in-bucuresti-acuza-nicusor-dan\/","title":{"rendered":"\u00cenc\u0103 dou\u0103 investi\u021bii blocate de Guvern \u00een Bucure\u0219ti, acuz\u0103 Nicu\u0219or Dan"},"content":{"rendered":"\n<p><strong>Primarul general Nicu\u0219or Dan, candidat independent la preziden\u021biale, sus\u021bine c\u0103 alte dou\u0103 investi\u021bii sunt blocate de Guvern \u00een Bucure\u0219ti, din cauza modului cum sunt \u00eemp\u0103r\u021bi\u021bi banii de la bugetul central pentru Capital\u0103. <\/strong><\/p>\n\n\n\n<p>Lucr\u0103rile la Banca de \u021aesuturi de la Spitalul Colentina \u0219i la Podul Calicilor nu vor mai putea fi continuate anul acesta, deoarece Prim\u0103ria Bucure\u0219ti are alocate doar circa 4 miliarde de lei, din care peste dou\u0103 miliarde sunt folosi\u021bi pentru subven\u021bia la c\u0103ldur\u0103 \u0219i transport public, arat\u0103 Nicu\u0219or Dan. <\/p>\n\n\n\n<p><strong>CITE\u0218TE \u0218I: <a href=\"https:\/\/buletin.de\/bucuresti\/investigatie-video-circuitul-negoita-cum-s-a-surpat-unul-dintre-cele-mai-noi-bulevarde-din-capitala\/\" target=\"_blank\" rel=\"noreferrer noopener\">INVESTIGA\u0162IE VIDEO | \u201eCircuitul Negoi\u021b\u0103\u201d. Cum s-a surpat unul dintre cele mai noi bulevarde din Capital\u0103<\/a><\/strong><\/p>\n\n\n\n<h2 class=\"wp-block-heading\" id=\"h-investi\u021bii-blocate-de-guvern-banca-de-\u021besuturi-mai-are-nevoie-de-30-de-milioane-de-lei\">Investi\u021bii blocate de Guvern. Banca de \u021besuturi mai are nevoie de 30 de milioane de lei<\/h2>\n\n\n\n<p>\u201e<strong>Guvernul nu priveaz\u0103 doar Bucure\u0219tiul de investi\u021bii esen\u021biale, ci \u00eentreaga \u021bar\u0103! Prin alocarea injust\u0103 \u0219i sfid\u0103toare a banilor, coali\u021bia PSD-PNL-UDMR blocheaz\u0103 un proiect crucial pentru s\u0103n\u0103tatea rom\u00e2nilor: Banca de \u021aesuturi de la Spitalul Colentina. <\/strong><\/p>\n\n\n\n<p>Acesta nu este doar un proiect local, ci unul cu impact na\u021bional, av\u00e2nd \u00een vedere c\u0103 va stoca \u021besuturi esen\u021biale pentru transplanturi \u2013 tendoane, piele, oase, cornee \u2013 care vor salva vie\u021bi \u00een toat\u0103 Rom\u00e2nia!\u201d, acuz\u0103 primarul general. <\/p>\n\n\n\n<p>Potrivit lui Nicu\u0219or Dan, proiectul este aproape finalizat, lucr\u0103rile la construc\u021bie sunt aproape de final, iar instala\u021biile \u0219i finisajele sunt \u00een plin\u0103 desf\u0103\u0219urare. <\/p>\n\n\n\n<p>\u201eDar mai avem nevoie de <strong><mark style=\"background-color:rgba(0, 0, 0, 0)\" class=\"has-inline-color has-vivid-red-color\">30 de milioane de lei <\/mark><\/strong>pentru dot\u0103ri \u0219i finalizarea complet\u0103. \u0218i \u00een loc ca Guvernul s\u0103 investeasc\u0103 \u00een via\u021ba oamenilor, ace\u0219ti bani sunt t\u0103ia\u021bi \u0219i da\u021bi pe borduri \u0219i panselu\u021be \u00een sectoare! Acestea nu sunt doar cifre, sunt vie\u021bi de oameni care depind de aceast\u0103 investi\u021bie!\u201d, a men\u021bionat edilul. <\/p>\n\n\n\n<h2 class=\"wp-block-heading\" id=\"h-podul-calicilor-costa-154-de-milioane-de-lei\">Podul Calicilor cost\u0103 154 de milioane de lei<\/h2>\n\n\n\n<p><strong>Podul Calicilor, un proiect care ar reda parte din identitatea istoric\u0103 a Bucure\u0219tiului, risc\u0103 s\u0103 fie \u00eengropat din nou de politicienii afla\u021bi la putere, a mai afirmat Nicu\u0219or Dan.<\/strong><\/p>\n\n\n\n<p>\u201eAvem toate avizele \u0219i proiectul tehnic finalizat, iar anul acesta ar urma s\u0103 \u00eencepem lucr\u0103rile. Investi\u021bia este estimat\u0103 la aproximativ <strong><mark style=\"background-color:rgba(0, 0, 0, 0)\" class=\"has-inline-color has-vivid-red-color\">154 de milioane de lei<\/mark><\/strong>, dar exist\u0103 slabe \u0219anse ca proiectul s\u0103 devin\u0103 realitate dac\u0103 bugetul va fi aprobat de Parlament \u00een forma propus\u0103 de Guvern.<\/p>\n\n\n\n<p>Ce presupune acest proiect?<\/p>\n\n\n\n<ul class=\"wp-block-list\">\n<li>Pod pietonal ce va face leg\u0103tura \u00eentre str\u0103zile \u0218elari \u0219i Sfin\u021bii Apostoli<\/li>\n\n\n\n<li>O suprafa\u021b\u0103 de peste 700 mp, cu o structur\u0103 metalic\u0103 \u0219i elemente din lemn de stejar<\/li>\n\n\n\n<li>Reamenajarea spa\u021biilor pietonale din jurul Cur\u021bii de Apel<\/li>\n<\/ul>\n\n\n\n<p>De ce este important? \u00centr-un ora\u0219 sufocat de trafic, aceast\u0103 zon\u0103 de promenad\u0103 central\u0103 ar fi o oaz\u0103 de relaxare pentru bucure\u0219teni \u0219i turi\u0219tii din toat\u0103 \u021bara \u0219i din str\u0103in\u0103tate, oferind un spa\u021biu verde \u0219i accesibil \u00een mijlocul Capitalei!<\/p>\n\n\n\n<p>PSD-PNL-UDMR a decis s\u0103 \u00eempart\u0103 banii bucure\u0219tenilor dup\u0103 criterii politice, sfind\u00e2nd referendumul votat de bucure\u0219teni\u201d, a acuzat primarul general. <\/p>\n\n\n\n<h2 class=\"wp-block-heading\" id=\"h-nici-\u0219antierul-la-patinoarul-flamaropol-nu-poate-fi-continuat\">Nici \u0219antierul la patinoarul Flamaropol nu poate fi continuat<\/h2>\n\n\n\n<p><strong>Buletin de Bucure\u0219ti a scris luni c\u0103 primarul Nicu\u0219or Dan acuz\u0103 Guvernul \u0219i c\u0103, prin diminuarea aloc\u0103rilor bugetare pentru Prim\u0103ria General\u0103, blocheaz\u0103 \u0219antierul patinoarului Flamaropol, unde au fost \u00eendeplinite toate etapele pentru demararea construc\u021biei.<\/strong><\/p>\n\n\n\n<p>\u201eCoali\u021bia PSD-PNL-UDMR taie fonduri pentru proiectele esen\u021biale ale Capitalei, iar patinoarul \u0219i bazinul de \u00eenot Mihai Flamaropol sunt un alt exemplu clar de sabotaj!<\/p>\n\n\n\n<p><strong>Avem toate avizele \u0219i suntem gata s\u0103 \u00eencepem lucr\u0103rile, dar Guvernul a redirec\u021bionat bugetul c\u0103tre primarii de partid, l\u0103s\u00e2nd Bucure\u0219tiul f\u0103r\u0103 sus\u021binere pentru dezvoltare.<\/strong><\/p>\n\n\n\n<p>Investi\u021bia necesar\u0103 pentru acest proiect, care include o aren\u0103 sportiv\u0103, un patinoar artificial, un centru sportiv multifunc\u021bional, spa\u021bii pentru recuperare, bazin de \u00eenot \u0219i multe altele, dep\u0103\u0219e\u0219te 100 de milioane de lei\u201d, a transmis Nicu\u0219or Dan.<\/p>\n\n\n\n<p><strong>CITE\u0218TE \u0218I: <a href=\"https:\/\/buletin.de\/bucuresti\/nicusor-dan-acuza-guvernul-ca-blocheaza-santierul-patinoarului-flamaropol-eram-gata-sa-incepem-nu-avem-banii\/\" target=\"_blank\" rel=\"noreferrer noopener\">Nicu\u0219or Dan acuz\u0103 Guvernul c\u0103 blocheaz\u0103 \u0219antierul patinoarului Flamaropol. \u201eEram gata s\u0103 \u00eencepem, nu avem banii\u201d<\/a><\/strong><\/p>\n\n\n\n<h2 class=\"wp-block-heading\" id=\"h-investi\u021bii-blocate-de-guvern-de-ce-s-a-suparat-nicu\u0219or-dan\">Investi\u021bii blocate de Guvern. De ce s-a sup\u0103rat Nicu\u0219or Dan<\/h2>\n\n\n\n<p><strong>Nicu\u0219or Dan a criticat faptul c\u0103, \u00een proiectul de buget elaborat de Guvernul Ciolacu, este zg\u00e2rcit cu Prim\u0103ria Capitalei \u0219i foarte darnic cu prim\u0103riile de sector. <\/strong><\/p>\n\n\n\n<p>\u201ePrim\u0103ria General\u0103 \u015fi prim\u0103riile de sector au un buget de 13 miliarde. Ce spune domnul Barna este c\u0103, din aceste 13 miliarde, s\u0103 d\u0103m aproape 1,5 miliarde c\u0103tre acest fond de redistribuire. Eu nu am contestat asta. <\/p>\n\n\n\n<p>Este o decizie a statului, se aplic\u0103 \u015fi la alte jude\u0163e. Nu am contestat asta. Ce am contestat eu este ce facem cu restul de 12 miliarde. <\/p>\n\n\n\n<p>Pentru c\u0103 e absurd ca, din cele 12 miliarde, Prim\u0103ria Capitalei s\u0103 ia 4, iar sectoarele s\u0103 ia 8, \u00een condi\u0163iile \u00een care noi trebuie s\u0103 d\u0103m 2,5 miliarde pe subven\u0163ii. <\/p>\n\n\n\n<p>Deci, raportul real (\u00eentre PMB \u015fi Prim\u0103riile de sector) s\u0103 fie 1,5 miliarde la 8 miliarde, \u00een condi\u0163iile \u00een care noi avem mai multe atribu\u0163ii. La asta n-a r\u0103spuns domnul Barna. \u015ei, dac\u0103 \u00eel mai prinde\u0163i pe undeva, v\u0103 rog s\u0103 \u00eei pune\u0163i \u00eentrebarea asta\u201d, <a href=\"https:\/\/www.g4media.ro\/nicusor-dan-noi-vorbim-de-pere-iar-domnul-tanczos-barna-de-mere-e-absurd-ca-din-cele-12-miliarde-primaria-capitalei-sa-ia-4-iar-sectoarele-sa-ia-8-in-conditiile-in-care-noi-trebuie-sa-dam-25-m.html\" target=\"_blank\" rel=\"noreferrer noopener\">a declarat Nicu\u015for Dan<\/a>, \u00een cadrul unei conferin\u0163e de pres\u0103.<\/p>\n","protected":false},"excerpt":{"rendered":"<p>Primarul general Nicu\u0219or Dan, candidat independent la preziden\u021biale, sus\u021bine c\u0103 alte dou\u0103 investi\u021bii sunt blocate de Guvern \u00een Bucure\u0219ti, din cauza modului cum sunt \u00eemp\u0103r\u021bi\u021bi banii de la bugetul central pentru Capital\u0103. Lucr\u0103rile la Banca de \u021aesuturi de la Spitalul Colentina \u0219i la Podul Calicilor nu vor mai putea fi continuate anul acesta, deoarece Prim\u0103ria [&hellip;]<\/p>\n","protected":false},"author":1,"featured_media":117081,"comment_status":"closed","ping_status":"open","sticky":false,"template":"","format":"standard","meta":{"_acf_changed":false,"inline_featured_image":false,"ngg_post_thumbnail":0,"footnotes":""},"categories":[6994,5762,9025],"tags":[14513,18831,4729,223,9179,9694],"ppma_author":[22583],"class_list":["post-117041","post","type-post","status-publish","format-standard","has-post-thumbnail","hentry","category-stiri-2","category-main","category-politic","tag-banca-de-tesuturi","tag-buget-capitala-2025","tag-flamaropol","tag-nicusor-dan","tag-patinoar-flamaropol","tag-podul-calicilor"],"acf":[],"yoast_head":"<!-- This site is optimized with the Yoast SEO Premium plugin v25.3 (Yoast SEO v27.4) - https:\/\/yoast.com\/product\/yoast-seo-premium-wordpress\/ -->\n<title>\u00cenc\u0103 dou\u0103 investi\u021bii blocate de Guvern \u00een Bucure\u0219ti, acuz\u0103 Nicu\u0219or Dan - Buletin de Bucure\u0219ti<\/title>\n<meta name=\"description\" content=\"Primarul general Nicu\u0219or Dan, candidat independent la preziden\u021biale, sus\u021bine c\u0103 alte dou\u0103 investi\u021bii sunt blocate de Guvern \u00een Bucure\u0219ti.\" \/>\n<meta name=\"robots\" content=\"index, follow, max-snippet:-1, max-image-preview:large, max-video-preview:-1\" \/>\n<link rel=\"canonical\" href=\"https:\/\/buletin.de\/bucuresti\/inca-doua-investitii-blocate-de-guvern-in-bucuresti-acuza-nicusor-dan\/\" \/>\n<meta property=\"og:locale\" content=\"en_GB\" \/>\n<meta property=\"og:type\" content=\"article\" \/>\n<meta property=\"og:title\" content=\"\u00cenc\u0103 dou\u0103 investi\u021bii blocate de Guvern \u00een Bucure\u0219ti, acuz\u0103 Nicu\u0219or Dan\" \/>\n<meta property=\"og:description\" content=\"Primarul general Nicu\u0219or Dan, candidat independent la preziden\u021biale, sus\u021bine c\u0103 alte dou\u0103 investi\u021bii sunt blocate de Guvern \u00een Bucure\u0219ti.\" \/>\n<meta property=\"og:url\" content=\"https:\/\/buletin.de\/bucuresti\/inca-doua-investitii-blocate-de-guvern-in-bucuresti-acuza-nicusor-dan\/\" \/>\n<meta property=\"og:site_name\" content=\"Buletin de Bucure\u0219ti\" \/>\n<meta property=\"article:publisher\" content=\"https:\/\/www.facebook.com\/buletin.de.buc\" \/>\n<meta property=\"article:published_time\" content=\"2025-02-05T04:00:00+00:00\" \/>\n<meta property=\"article:modified_time\" content=\"2025-02-05T08:45:03+00:00\" \/>\n<meta property=\"og:image\" content=\"https:\/\/buletin.de\/bucuresti\/wp-content\/uploads\/image_2025-02-05_104325166.png\" \/>\n\t<meta property=\"og:image:width\" content=\"1452\" \/>\n\t<meta property=\"og:image:height\" content=\"693\" \/>\n\t<meta property=\"og:image:type\" content=\"image\/png\" \/>\n<meta name=\"author\" content=\"Redac\u021bia Buletin de Bucure\u0219ti\" \/>\n<meta name=\"twitter:card\" content=\"summary_large_image\" \/>\n<meta name=\"twitter:label1\" content=\"Written by\" \/>\n\t<meta name=\"twitter:data1\" content=\"Redac\u021bia Buletin de Bucure\u0219ti\" \/>\n\t<meta name=\"twitter:label2\" content=\"Estimated reading time\" \/>\n\t<meta name=\"twitter:data2\" content=\"4 minutes\" \/>\n<script type=\"application\/ld+json\" class=\"yoast-schema-graph\">{\"@context\":\"https:\\\/\\\/schema.org\",\"@graph\":[{\"@type\":\"Article\",\"@id\":\"https:\\\/\\\/buletin.de\\\/bucuresti\\\/inca-doua-investitii-blocate-de-guvern-in-bucuresti-acuza-nicusor-dan\\\/#article\",\"isPartOf\":{\"@id\":\"https:\\\/\\\/buletin.de\\\/bucuresti\\\/inca-doua-investitii-blocate-de-guvern-in-bucuresti-acuza-nicusor-dan\\\/\"},\"author\":{\"name\":\"Redac\u021bia Buletin de Bucure\u0219ti\",\"@id\":\"https:\\\/\\\/buletin.de\\\/bucuresti\\\/#\\\/schema\\\/person\\\/2bbcf854e5f2419a13804af574d06ab1\"},\"headline\":\"\u00cenc\u0103 dou\u0103 investi\u021bii blocate de Guvern \u00een Bucure\u0219ti, acuz\u0103 Nicu\u0219or Dan\",\"datePublished\":\"2025-02-05T04:00:00+00:00\",\"dateModified\":\"2025-02-05T08:45:03+00:00\",\"mainEntityOfPage\":{\"@id\":\"https:\\\/\\\/buletin.de\\\/bucuresti\\\/inca-doua-investitii-blocate-de-guvern-in-bucuresti-acuza-nicusor-dan\\\/\"},\"wordCount\":881,\"publisher\":{\"@id\":\"https:\\\/\\\/buletin.de\\\/bucuresti\\\/#organization\"},\"image\":{\"@id\":\"https:\\\/\\\/buletin.de\\\/bucuresti\\\/inca-doua-investitii-blocate-de-guvern-in-bucuresti-acuza-nicusor-dan\\\/#primaryimage\"},\"thumbnailUrl\":\"https:\\\/\\\/buletin.de\\\/bucuresti\\\/wp-content\\\/uploads\\\/image_2025-02-05_104325166.png\",\"keywords\":[\"banca de \u021besuturi\",\"buget capitala 2025\",\"flamaropol\",\"nicusor dan\",\"Patinoar Flamaropol\",\"podul calicilor\"],\"articleSection\":[\"Articole\",\"Main\",\"Politic\"],\"inLanguage\":\"en-GB\",\"copyrightYear\":\"2025\",\"copyrightHolder\":{\"@id\":\"https:\\\/\\\/buletin.de\\\/bucuresti\\\/#organization\"}},{\"@type\":\"WebPage\",\"@id\":\"https:\\\/\\\/buletin.de\\\/bucuresti\\\/inca-doua-investitii-blocate-de-guvern-in-bucuresti-acuza-nicusor-dan\\\/\",\"url\":\"https:\\\/\\\/buletin.de\\\/bucuresti\\\/inca-doua-investitii-blocate-de-guvern-in-bucuresti-acuza-nicusor-dan\\\/\",\"name\":\"\u00cenc\u0103 dou\u0103 investi\u021bii blocate de Guvern \u00een Bucure\u0219ti, acuz\u0103 Nicu\u0219or Dan - Buletin de Bucure\u0219ti\",\"isPartOf\":{\"@id\":\"https:\\\/\\\/buletin.de\\\/bucuresti\\\/#website\"},\"primaryImageOfPage\":{\"@id\":\"https:\\\/\\\/buletin.de\\\/bucuresti\\\/inca-doua-investitii-blocate-de-guvern-in-bucuresti-acuza-nicusor-dan\\\/#primaryimage\"},\"image\":{\"@id\":\"https:\\\/\\\/buletin.de\\\/bucuresti\\\/inca-doua-investitii-blocate-de-guvern-in-bucuresti-acuza-nicusor-dan\\\/#primaryimage\"},\"thumbnailUrl\":\"https:\\\/\\\/buletin.de\\\/bucuresti\\\/wp-content\\\/uploads\\\/image_2025-02-05_104325166.png\",\"datePublished\":\"2025-02-05T04:00:00+00:00\",\"dateModified\":\"2025-02-05T08:45:03+00:00\",\"description\":\"Primarul general Nicu\u0219or Dan, candidat independent la preziden\u021biale, sus\u021bine c\u0103 alte dou\u0103 investi\u021bii sunt blocate de Guvern \u00een Bucure\u0219ti.\",\"breadcrumb\":{\"@id\":\"https:\\\/\\\/buletin.de\\\/bucuresti\\\/inca-doua-investitii-blocate-de-guvern-in-bucuresti-acuza-nicusor-dan\\\/#breadcrumb\"},\"inLanguage\":\"en-GB\",\"potentialAction\":[{\"@type\":\"ReadAction\",\"target\":[\"https:\\\/\\\/buletin.de\\\/bucuresti\\\/inca-doua-investitii-blocate-de-guvern-in-bucuresti-acuza-nicusor-dan\\\/\"]}]},{\"@type\":\"ImageObject\",\"inLanguage\":\"en-GB\",\"@id\":\"https:\\\/\\\/buletin.de\\\/bucuresti\\\/inca-doua-investitii-blocate-de-guvern-in-bucuresti-acuza-nicusor-dan\\\/#primaryimage\",\"url\":\"https:\\\/\\\/buletin.de\\\/bucuresti\\\/wp-content\\\/uploads\\\/image_2025-02-05_104325166.png\",\"contentUrl\":\"https:\\\/\\\/buletin.de\\\/bucuresti\\\/wp-content\\\/uploads\\\/image_2025-02-05_104325166.png\",\"width\":1452,\"height\":693,\"caption\":\"Nicu\u0219or Dan. Foto: Captur\u0103 de ecran\\\/ FB\\\/ PMB\"},{\"@type\":\"BreadcrumbList\",\"@id\":\"https:\\\/\\\/buletin.de\\\/bucuresti\\\/inca-doua-investitii-blocate-de-guvern-in-bucuresti-acuza-nicusor-dan\\\/#breadcrumb\",\"itemListElement\":[{\"@type\":\"ListItem\",\"position\":1,\"name\":\"Acas\u0103\",\"item\":\"https:\\\/\\\/buletin.de\\\/bucuresti\\\/\"},{\"@type\":\"ListItem\",\"position\":2,\"name\":\"\u00cenc\u0103 dou\u0103 investi\u021bii blocate de Guvern \u00een Bucure\u0219ti, acuz\u0103 Nicu\u0219or Dan\"}]},{\"@type\":\"WebSite\",\"@id\":\"https:\\\/\\\/buletin.de\\\/bucuresti\\\/#website\",\"url\":\"https:\\\/\\\/buletin.de\\\/bucuresti\\\/\",\"name\":\"Buletin de Bucure\u0219ti\",\"description\":\"\u0218tiri \u0219i investiga\u021bii esen\u021biale din capital\u0103\",\"publisher\":{\"@id\":\"https:\\\/\\\/buletin.de\\\/bucuresti\\\/#organization\"},\"potentialAction\":[{\"@type\":\"SearchAction\",\"target\":{\"@type\":\"EntryPoint\",\"urlTemplate\":\"https:\\\/\\\/buletin.de\\\/bucuresti\\\/?s={search_term_string}\"},\"query-input\":{\"@type\":\"PropertyValueSpecification\",\"valueRequired\":true,\"valueName\":\"search_term_string\"}}],\"inLanguage\":\"en-GB\"},{\"@type\":\"Organization\",\"@id\":\"https:\\\/\\\/buletin.de\\\/bucuresti\\\/#organization\",\"name\":\"Buletin de Bucure\u0219ti\",\"url\":\"https:\\\/\\\/buletin.de\\\/bucuresti\\\/\",\"logo\":{\"@type\":\"ImageObject\",\"inLanguage\":\"en-GB\",\"@id\":\"https:\\\/\\\/buletin.de\\\/bucuresti\\\/#\\\/schema\\\/logo\\\/image\\\/\",\"url\":\"https:\\\/\\\/buletin.de\\\/bucuresti\\\/wp-content\\\/uploads\\\/logo-bdb-full-wide-vernil-transparent.png\",\"contentUrl\":\"https:\\\/\\\/buletin.de\\\/bucuresti\\\/wp-content\\\/uploads\\\/logo-bdb-full-wide-vernil-transparent.png\",\"width\":1782,\"height\":626,\"caption\":\"Buletin de Bucure\u0219ti\"},\"image\":{\"@id\":\"https:\\\/\\\/buletin.de\\\/bucuresti\\\/#\\\/schema\\\/logo\\\/image\\\/\"},\"sameAs\":[\"https:\\\/\\\/www.facebook.com\\\/buletin.de.buc\",\"https:\\\/\\\/www.instagram.com\\\/buletinde.bucuresti\\\/\"]},{\"@type\":\"Person\",\"@id\":\"https:\\\/\\\/buletin.de\\\/bucuresti\\\/#\\\/schema\\\/person\\\/2bbcf854e5f2419a13804af574d06ab1\",\"name\":\"Redac\u021bia Buletin de Bucure\u0219ti\",\"image\":{\"@type\":\"ImageObject\",\"inLanguage\":\"en-GB\",\"@id\":\"https:\\\/\\\/secure.gravatar.com\\\/avatar\\\/18c5342381ed1a08620e6280424e3e5efc958618f5d67c522c9e44c1bc6f9226?s=96&d=monsterid&r=g60c7cd0ad92c68c049fcd4bb3504d609\",\"url\":\"https:\\\/\\\/secure.gravatar.com\\\/avatar\\\/18c5342381ed1a08620e6280424e3e5efc958618f5d67c522c9e44c1bc6f9226?s=96&d=monsterid&r=g\",\"contentUrl\":\"https:\\\/\\\/secure.gravatar.com\\\/avatar\\\/18c5342381ed1a08620e6280424e3e5efc958618f5d67c522c9e44c1bc6f9226?s=96&d=monsterid&r=g\",\"caption\":\"Redac\u021bia Buletin de Bucure\u0219ti\"},\"description\":\"Buletin de Bucure\u0219ti exist\u0103 din vara anului 2019.\",\"url\":\"https:\\\/\\\/buletin.de\\\/bucuresti\\\/author\\\/adminbuletin\\\/\"}]}<\/script>\n<!-- \/ Yoast SEO Premium plugin. -->","yoast_head_json":{"title":"\u00cenc\u0103 dou\u0103 investi\u021bii blocate de Guvern \u00een Bucure\u0219ti, acuz\u0103 Nicu\u0219or Dan - Buletin de Bucure\u0219ti","description":"Primarul general Nicu\u0219or Dan, candidat independent la preziden\u021biale, sus\u021bine c\u0103 alte dou\u0103 investi\u021bii sunt blocate de Guvern \u00een Bucure\u0219ti.","robots":{"index":"index","follow":"follow","max-snippet":"max-snippet:-1","max-image-preview":"max-image-preview:large","max-video-preview":"max-video-preview:-1"},"canonical":"https:\/\/buletin.de\/bucuresti\/inca-doua-investitii-blocate-de-guvern-in-bucuresti-acuza-nicusor-dan\/","og_locale":"en_GB","og_type":"article","og_title":"\u00cenc\u0103 dou\u0103 investi\u021bii blocate de Guvern \u00een Bucure\u0219ti, acuz\u0103 Nicu\u0219or Dan","og_description":"Primarul general Nicu\u0219or Dan, candidat independent la preziden\u021biale, sus\u021bine c\u0103 alte dou\u0103 investi\u021bii sunt blocate de Guvern \u00een Bucure\u0219ti.","og_url":"https:\/\/buletin.de\/bucuresti\/inca-doua-investitii-blocate-de-guvern-in-bucuresti-acuza-nicusor-dan\/","og_site_name":"Buletin de Bucure\u0219ti","article_publisher":"https:\/\/www.facebook.com\/buletin.de.buc","article_published_time":"2025-02-05T04:00:00+00:00","article_modified_time":"2025-02-05T08:45:03+00:00","og_image":[{"width":1452,"height":693,"url":"https:\/\/buletin.de\/bucuresti\/wp-content\/uploads\/image_2025-02-05_104325166.png","type":"image\/png"}],"author":"Redac\u021bia Buletin de Bucure\u0219ti","twitter_card":"summary_large_image","twitter_misc":{"Written by":"Redac\u021bia Buletin de Bucure\u0219ti","Estimated reading time":"4 minutes"},"schema":{"@context":"https:\/\/schema.org","@graph":[{"@type":"Article","@id":"https:\/\/buletin.de\/bucuresti\/inca-doua-investitii-blocate-de-guvern-in-bucuresti-acuza-nicusor-dan\/#article","isPartOf":{"@id":"https:\/\/buletin.de\/bucuresti\/inca-doua-investitii-blocate-de-guvern-in-bucuresti-acuza-nicusor-dan\/"},"author":{"name":"Redac\u021bia Buletin de Bucure\u0219ti","@id":"https:\/\/buletin.de\/bucuresti\/#\/schema\/person\/2bbcf854e5f2419a13804af574d06ab1"},"headline":"\u00cenc\u0103 dou\u0103 investi\u021bii blocate de Guvern \u00een Bucure\u0219ti, acuz\u0103 Nicu\u0219or Dan","datePublished":"2025-02-05T04:00:00+00:00","dateModified":"2025-02-05T08:45:03+00:00","mainEntityOfPage":{"@id":"https:\/\/buletin.de\/bucuresti\/inca-doua-investitii-blocate-de-guvern-in-bucuresti-acuza-nicusor-dan\/"},"wordCount":881,"publisher":{"@id":"https:\/\/buletin.de\/bucuresti\/#organization"},"image":{"@id":"https:\/\/buletin.de\/bucuresti\/inca-doua-investitii-blocate-de-guvern-in-bucuresti-acuza-nicusor-dan\/#primaryimage"},"thumbnailUrl":"https:\/\/buletin.de\/bucuresti\/wp-content\/uploads\/image_2025-02-05_104325166.png","keywords":["banca de \u021besuturi","buget capitala 2025","flamaropol","nicusor dan","Patinoar Flamaropol","podul calicilor"],"articleSection":["Articole","Main","Politic"],"inLanguage":"en-GB","copyrightYear":"2025","copyrightHolder":{"@id":"https:\/\/buletin.de\/bucuresti\/#organization"}},{"@type":"WebPage","@id":"https:\/\/buletin.de\/bucuresti\/inca-doua-investitii-blocate-de-guvern-in-bucuresti-acuza-nicusor-dan\/","url":"https:\/\/buletin.de\/bucuresti\/inca-doua-investitii-blocate-de-guvern-in-bucuresti-acuza-nicusor-dan\/","name":"\u00cenc\u0103 dou\u0103 investi\u021bii blocate de Guvern \u00een Bucure\u0219ti, acuz\u0103 Nicu\u0219or Dan - Buletin de Bucure\u0219ti","isPartOf":{"@id":"https:\/\/buletin.de\/bucuresti\/#website"},"primaryImageOfPage":{"@id":"https:\/\/buletin.de\/bucuresti\/inca-doua-investitii-blocate-de-guvern-in-bucuresti-acuza-nicusor-dan\/#primaryimage"},"image":{"@id":"https:\/\/buletin.de\/bucuresti\/inca-doua-investitii-blocate-de-guvern-in-bucuresti-acuza-nicusor-dan\/#primaryimage"},"thumbnailUrl":"https:\/\/buletin.de\/bucuresti\/wp-content\/uploads\/image_2025-02-05_104325166.png","datePublished":"2025-02-05T04:00:00+00:00","dateModified":"2025-02-05T08:45:03+00:00","description":"Primarul general Nicu\u0219or Dan, candidat independent la preziden\u021biale, sus\u021bine c\u0103 alte dou\u0103 investi\u021bii sunt blocate de Guvern \u00een Bucure\u0219ti.","breadcrumb":{"@id":"https:\/\/buletin.de\/bucuresti\/inca-doua-investitii-blocate-de-guvern-in-bucuresti-acuza-nicusor-dan\/#breadcrumb"},"inLanguage":"en-GB","potentialAction":[{"@type":"ReadAction","target":["https:\/\/buletin.de\/bucuresti\/inca-doua-investitii-blocate-de-guvern-in-bucuresti-acuza-nicusor-dan\/"]}]},{"@type":"ImageObject","inLanguage":"en-GB","@id":"https:\/\/buletin.de\/bucuresti\/inca-doua-investitii-blocate-de-guvern-in-bucuresti-acuza-nicusor-dan\/#primaryimage","url":"https:\/\/buletin.de\/bucuresti\/wp-content\/uploads\/image_2025-02-05_104325166.png","contentUrl":"https:\/\/buletin.de\/bucuresti\/wp-content\/uploads\/image_2025-02-05_104325166.png","width":1452,"height":693,"caption":"Nicu\u0219or Dan. Foto: Captur\u0103 de ecran\/ FB\/ PMB"},{"@type":"BreadcrumbList","@id":"https:\/\/buletin.de\/bucuresti\/inca-doua-investitii-blocate-de-guvern-in-bucuresti-acuza-nicusor-dan\/#breadcrumb","itemListElement":[{"@type":"ListItem","position":1,"name":"Acas\u0103","item":"https:\/\/buletin.de\/bucuresti\/"},{"@type":"ListItem","position":2,"name":"\u00cenc\u0103 dou\u0103 investi\u021bii blocate de Guvern \u00een Bucure\u0219ti, acuz\u0103 Nicu\u0219or Dan"}]},{"@type":"WebSite","@id":"https:\/\/buletin.de\/bucuresti\/#website","url":"https:\/\/buletin.de\/bucuresti\/","name":"Buletin de Bucure\u0219ti","description":"\u0218tiri \u0219i investiga\u021bii esen\u021biale din capital\u0103","publisher":{"@id":"https:\/\/buletin.de\/bucuresti\/#organization"},"potentialAction":[{"@type":"SearchAction","target":{"@type":"EntryPoint","urlTemplate":"https:\/\/buletin.de\/bucuresti\/?s={search_term_string}"},"query-input":{"@type":"PropertyValueSpecification","valueRequired":true,"valueName":"search_term_string"}}],"inLanguage":"en-GB"},{"@type":"Organization","@id":"https:\/\/buletin.de\/bucuresti\/#organization","name":"Buletin de Bucure\u0219ti","url":"https:\/\/buletin.de\/bucuresti\/","logo":{"@type":"ImageObject","inLanguage":"en-GB","@id":"https:\/\/buletin.de\/bucuresti\/#\/schema\/logo\/image\/","url":"https:\/\/buletin.de\/bucuresti\/wp-content\/uploads\/logo-bdb-full-wide-vernil-transparent.png","contentUrl":"https:\/\/buletin.de\/bucuresti\/wp-content\/uploads\/logo-bdb-full-wide-vernil-transparent.png","width":1782,"height":626,"caption":"Buletin de Bucure\u0219ti"},"image":{"@id":"https:\/\/buletin.de\/bucuresti\/#\/schema\/logo\/image\/"},"sameAs":["https:\/\/www.facebook.com\/buletin.de.buc","https:\/\/www.instagram.com\/buletinde.bucuresti\/"]},{"@type":"Person","@id":"https:\/\/buletin.de\/bucuresti\/#\/schema\/person\/2bbcf854e5f2419a13804af574d06ab1","name":"Redac\u021bia Buletin de Bucure\u0219ti","image":{"@type":"ImageObject","inLanguage":"en-GB","@id":"https:\/\/secure.gravatar.com\/avatar\/18c5342381ed1a08620e6280424e3e5efc958618f5d67c522c9e44c1bc6f9226?s=96&d=monsterid&r=g60c7cd0ad92c68c049fcd4bb3504d609","url":"https:\/\/secure.gravatar.com\/avatar\/18c5342381ed1a08620e6280424e3e5efc958618f5d67c522c9e44c1bc6f9226?s=96&d=monsterid&r=g","contentUrl":"https:\/\/secure.gravatar.com\/avatar\/18c5342381ed1a08620e6280424e3e5efc958618f5d67c522c9e44c1bc6f9226?s=96&d=monsterid&r=g","caption":"Redac\u021bia Buletin de Bucure\u0219ti"},"description":"Buletin de Bucure\u0219ti exist\u0103 din vara anului 2019.","url":"https:\/\/buletin.de\/bucuresti\/author\/adminbuletin\/"}]}},"authors":[{"term_id":22583,"user_id":1,"is_guest":0,"slug":"adminbuletin","display_name":"Redac\u021bia Buletin de Bucure\u0219ti","avatar_url":"https:\/\/secure.gravatar.com\/avatar\/18c5342381ed1a08620e6280424e3e5efc958618f5d67c522c9e44c1bc6f9226?s=96&d=monsterid&r=g","0":null,"1":"","2":"","3":"","4":"","5":"","6":"","7":"","8":""}],"_links":{"self":[{"href":"https:\/\/buletin.de\/bucuresti\/wp-json\/wp\/v2\/posts\/117041","targetHints":{"allow":["GET"]}}],"collection":[{"href":"https:\/\/buletin.de\/bucuresti\/wp-json\/wp\/v2\/posts"}],"about":[{"href":"https:\/\/buletin.de\/bucuresti\/wp-json\/wp\/v2\/types\/post"}],"author":[{"embeddable":true,"href":"https:\/\/buletin.de\/bucuresti\/wp-json\/wp\/v2\/users\/1"}],"replies":[{"embeddable":true,"href":"https:\/\/buletin.de\/bucuresti\/wp-json\/wp\/v2\/comments?post=117041"}],"version-history":[{"count":3,"href":"https:\/\/buletin.de\/bucuresti\/wp-json\/wp\/v2\/posts\/117041\/revisions"}],"predecessor-version":[{"id":117045,"href":"https:\/\/buletin.de\/bucuresti\/wp-json\/wp\/v2\/posts\/117041\/revisions\/117045"}],"wp:featuredmedia":[{"embeddable":true,"href":"https:\/\/buletin.de\/bucuresti\/wp-json\/wp\/v2\/media\/117081"}],"wp:attachment":[{"href":"https:\/\/buletin.de\/bucuresti\/wp-json\/wp\/v2\/media?parent=117041"}],"wp:term":[{"taxonomy":"category","embeddable":true,"href":"https:\/\/buletin.de\/bucuresti\/wp-json\/wp\/v2\/categories?post=117041"},{"taxonomy":"post_tag","embeddable":true,"href":"https:\/\/buletin.de\/bucuresti\/wp-json\/wp\/v2\/tags?post=117041"},{"taxonomy":"author","embeddable":true,"href":"https:\/\/buletin.de\/bucuresti\/wp-json\/wp\/v2\/ppma_author?post=117041"}],"curies":[{"name":"wp","href":"https:\/\/api.w.org\/{rel}","templated":true}]}}