{"id":116985,"date":"2025-02-05T07:00:00","date_gmt":"2025-02-05T04:00:00","guid":{"rendered":"https:\/\/buletin.de\/bucuresti\/?p=116985"},"modified":"2025-02-05T08:39:12","modified_gmt":"2025-02-05T05:39:12","slug":"nu-mai-blocati-tramvaiele","status":"publish","type":"post","link":"https:\/\/buletin.de\/bucuresti\/nu-mai-blocati-tramvaiele\/","title":{"rendered":"STB: \u201eNu mai bloca\u021bi tramvaiele!\u201d 334 de autoturisme au fost parcate pe linii \u00een 2024"},"content":{"rendered":"\n<p>\u201e<strong>Nu mai bloca\u021bi tramvaiele\u201d, acesta este apelul pe care Societatea de Transport Bucure\u0219ti (STB) \u00eel face c\u0103tre \u0219oferi, dup\u0103 ce \u00een 2024 au fost \u00eenregistrate 8.000 de minute de \u00eent\u00e2rziere, din cauza unor astfel de incidente. <\/strong><\/p>\n\n\n\n<p><a href=\"https:\/\/www.stb.ro\/\" target=\"_blank\" rel=\"noreferrer noopener\">STB<\/a> s-a confruntat cu <strong><mark style=\"background-color:rgba(0, 0, 0, 0)\" class=\"has-inline-color has-vivid-red-color\">334 de situa\u021bii<\/mark><\/strong> \u00een care autoturismele au fost parcate pe linie sau prea aproape de linie, f\u0103c\u00e2nd imposibil\u0103 trecerea tramvaielor. <\/p>\n\n\n\n<p>\u00cen aceste condi\u021bii, Societatea de Transport Bucure\u0219ti cere conduc\u0103torilor auto s\u0103 respecte regulile de circula\u021bie \u0219i s\u0103 evite parcarea \u00een zone care \u00eempiedic\u0103 buna desf\u0103\u0219urare a transportului public. <\/p>\n\n\n\n<p>\u201eDac\u0103 \u0219oferii sta\u021bioneaz\u0103 ilegal, vor \u00eencurca circula\u021bia autobuzelor, tramvaielor \u0219i troleibuzelor. \u00cen acest, mijloacele de transport vor avea \u00eent\u00e2rzieri mari. Mai mult, aceste situa\u021bii vor crea \u0219i disconfort pentru c\u0103l\u0103torii care vor a\u0219tepta perioade mai lungi, \u00een sta\u021bii.<\/p>\n\n\n\n<p><strong>De exemplu, la \u00eenceputul acestei s\u0103pt\u0103m\u00e2ni, linia 16 a fost blocat\u0103 timp de 43 de minute, \u00eentre orele 18:22 \u2013 19:05, din cauza unui autoturism parcat neregulamentar, pe strada Vasile Lasc\u0103r<\/strong>\u201d, se arat\u0103 \u00eentr-un comunicat al companiei.<\/p>\n\n\n\n<h2 class=\"wp-block-heading\" id=\"h-nu-mai-bloca\u021bi-tramvaiele-care-au-fost-zonele-cu-cele-mai-multe-blocaje-raportate\">Nu mai bloca\u021bi tramvaiele. Care au fost zonele cu cele mai multe blocaje raportate:<\/h2>\n\n\n\n<ul class=\"wp-block-list\">\n<li>Strada Episcopiei \u2013 linia 368;<\/li>\n\n\n\n<li>Strada Grigore Cob\u0103lcescu \u2013 liniile 24 \u0219i 44;<\/li>\n\n\n\n<li>Strada Mecet \u2013 linia 70;<\/li>\n\n\n\n<li>Strada Pu\u021bul lui Cr\u0103ciun \u2013 linia 42;<\/li>\n\n\n\n<li>Calea Mo\u0219ilor \u2013 linia 21;<\/li>\n\n\n\n<li>Bulevardul Iuliu Maniu \u2013 liniile 61, 62, 63.<\/li>\n<\/ul>\n\n\n\n<p><strong>CITE\u0218TE \u0218I:<\/strong> <a href=\"https:\/\/buletin.de\/bucuresti\/club-feroviar-urmeaza-noi-scumpiri-ale-biletelor-pentru-transportul-in-comun\/\"><strong>ClubFeroviar.ro | Urmeaz\u0103 noi scumpiri ale biletelor pentru transportul \u00een comun<\/strong><\/a><\/p>\n\n\n\n<h2 class=\"wp-block-heading\" id=\"h-care-sunt-consecin\u021bele-blocarii-transportului-public\">Care sunt consecin\u021bele bloc\u0103rii transportului public <\/h2>\n\n\n\n<ul class=\"wp-block-list\">\n<li>\u00cent\u00e2rzieri \u0219i perturbarea programului pentru transportul public afect\u00e2nd zeci de mii de c\u0103l\u0103tori zilnic;<\/li>\n\n\n\n<li>Aglomera\u021bie \u00een sta\u021bii \u0219i \u00een vehicule, gener\u00e2nd un efect de domino asupra \u00eentregului sistem de transport;<\/li>\n\n\n\n<li>Pierderi economice pentru cet\u0103\u021beni \u0219i pentru STB S.A., cauzate de timpul pierdut \u0219i de dificult\u0103\u021bile logistice;<\/li>\n\n\n\n<li>Cre\u0219terea nivelului de stres \u0219i disconfort pentru pasageri.<\/li>\n<\/ul>\n\n\n\n<p>\u00cen anul 2024, <a href=\"https:\/\/www.stb.ro\/info?N=2275\">STB<\/a> a \u00eenregistrat 334 de cazuri de blocaje cauzate de parc\u0103ri neregulamentare, care au dus la peste <strong><mark style=\"background-color:rgba(0, 0, 0, 0)\" class=\"has-inline-color has-vivid-red-color\">8.000 de minute de \u00eent\u00e2rziere<\/mark><\/strong>, pe mai multe linii importante.<\/p>\n\n\n\n<figure class=\"wp-block-gallery has-nested-images columns-default is-cropped wp-block-gallery-1 is-layout-flex wp-block-gallery-is-layout-flex\">\n<figure class=\"wp-block-image size-large\"><img fetchpriority=\"high\" decoding=\"async\" width=\"900\" height=\"405\" data-id=\"116995\" src=\"data:image\/gif;base64,R0lGODlhAQABAAAAACH5BAEKAAEALAAAAAABAAEAAAICTAEAOw==\" data-src=\"https:\/\/buletin.de\/bucuresti\/wp-content\/uploads\/2-7-900x405.jpeg\" alt=\"Nu mai bloca\u021bi tramvaiele\" class=\"wp-image-116995 lazyload\" data-sizes=\"auto\" data-srcset=\"https:\/\/buletin.de\/bucuresti\/wp-content\/uploads\/2-7-900x405.jpeg 900w, https:\/\/buletin.de\/bucuresti\/wp-content\/uploads\/2-7-300x135.jpeg 300w, https:\/\/buletin.de\/bucuresti\/wp-content\/uploads\/2-7-768x346.jpeg 768w, https:\/\/buletin.de\/bucuresti\/wp-content\/uploads\/2-7-600x270.jpeg 600w, https:\/\/buletin.de\/bucuresti\/wp-content\/uploads\/2-7-20x9.jpeg 20w, https:\/\/buletin.de\/bucuresti\/wp-content\/uploads\/2-7.jpeg 1080w\" sizes=\"(max-width: 900px) 100vw, 900px\" \/><figcaption class=\"wp-element-caption\">Nu mai bloca\u021bi tramvaiele. FOTO: STB<\/figcaption><\/figure>\n<\/figure>\n\n\n\n<figure class=\"wp-block-gallery has-nested-images columns-default is-cropped wp-block-gallery-2 is-layout-flex wp-block-gallery-is-layout-flex\">\n<figure class=\"wp-block-image size-large\"><img decoding=\"async\" width=\"900\" height=\"675\" data-id=\"116997\" src=\"data:image\/gif;base64,R0lGODlhAQABAAAAACH5BAEKAAEALAAAAAABAAEAAAICTAEAOw==\" data-src=\"https:\/\/buletin.de\/bucuresti\/wp-content\/uploads\/5-3-900x675.jpeg\" alt=\"Nu mai bloca\u021bi tramvaiele\" class=\"wp-image-116997 lazyload\" data-sizes=\"auto\" data-srcset=\"https:\/\/buletin.de\/bucuresti\/wp-content\/uploads\/5-3-900x675.jpeg 900w, https:\/\/buletin.de\/bucuresti\/wp-content\/uploads\/5-3-300x225.jpeg 300w, https:\/\/buletin.de\/bucuresti\/wp-content\/uploads\/5-3-768x576.jpeg 768w, https:\/\/buletin.de\/bucuresti\/wp-content\/uploads\/5-3-1100x825.jpeg 1100w, https:\/\/buletin.de\/bucuresti\/wp-content\/uploads\/5-3-600x450.jpeg 600w, https:\/\/buletin.de\/bucuresti\/wp-content\/uploads\/5-3-20x15.jpeg 20w, https:\/\/buletin.de\/bucuresti\/wp-content\/uploads\/5-3.jpeg 1448w\" sizes=\"(max-width: 900px) 100vw, 900px\" \/><\/figure>\n\n\n\n<figure class=\"wp-block-image size-large\"><img decoding=\"async\" width=\"900\" height=\"675\" data-id=\"116998\" src=\"data:image\/gif;base64,R0lGODlhAQABAAAAACH5BAEKAAEALAAAAAABAAEAAAICTAEAOw==\" data-src=\"https:\/\/buletin.de\/bucuresti\/wp-content\/uploads\/4-7-900x675.jpeg\" alt=\"\" class=\"wp-image-116998 lazyload\" data-sizes=\"auto\" data-srcset=\"https:\/\/buletin.de\/bucuresti\/wp-content\/uploads\/4-7-900x675.jpeg 900w, https:\/\/buletin.de\/bucuresti\/wp-content\/uploads\/4-7-300x225.jpeg 300w, https:\/\/buletin.de\/bucuresti\/wp-content\/uploads\/4-7-768x576.jpeg 768w, https:\/\/buletin.de\/bucuresti\/wp-content\/uploads\/4-7-600x450.jpeg 600w, https:\/\/buletin.de\/bucuresti\/wp-content\/uploads\/4-7-20x15.jpeg 20w, https:\/\/buletin.de\/bucuresti\/wp-content\/uploads\/4-7.jpeg 1080w\" sizes=\"(max-width: 900px) 100vw, 900px\" \/><\/figure>\n\n\n\n<figure class=\"wp-block-image size-large\"><img fetchpriority=\"high\" decoding=\"async\" width=\"900\" height=\"405\" data-id=\"116995\" src=\"data:image\/gif;base64,R0lGODlhAQABAAAAACH5BAEKAAEALAAAAAABAAEAAAICTAEAOw==\" data-src=\"https:\/\/buletin.de\/bucuresti\/wp-content\/uploads\/2-7-900x405.jpeg\" alt=\"Nu mai bloca\u021bi tramvaiele\" class=\"wp-image-116995 lazyload\" data-sizes=\"auto\" data-srcset=\"https:\/\/buletin.de\/bucuresti\/wp-content\/uploads\/2-7-900x405.jpeg 900w, https:\/\/buletin.de\/bucuresti\/wp-content\/uploads\/2-7-300x135.jpeg 300w, https:\/\/buletin.de\/bucuresti\/wp-content\/uploads\/2-7-768x346.jpeg 768w, https:\/\/buletin.de\/bucuresti\/wp-content\/uploads\/2-7-600x270.jpeg 600w, https:\/\/buletin.de\/bucuresti\/wp-content\/uploads\/2-7-20x9.jpeg 20w, https:\/\/buletin.de\/bucuresti\/wp-content\/uploads\/2-7.jpeg 1080w\" sizes=\"(max-width: 900px) 100vw, 900px\" \/><\/figure>\n<\/figure>\n\n\n\n<p>\u00cen aceste condi\u021bii, Poli\u021bia Local\u0103 va continua ridicarea ma\u0219inilor parcate ilegal, pe arterele pe care circul\u0103 mijloacele STB \u0219i va intensifica ac\u021biunile pentru prevenirea unor astfel de situa\u021bii.<\/p>\n\n\n\n<p><strong>CITE\u0218TE \u0218I:<\/strong> <a href=\"https:\/\/buletin.de\/bucuresti\/copiii-vulnerabili-din-tei-toboc\/\"><strong>Sector 2 | Reducerea abandonului \u0219colar. Copiii vulnerabili din Tei-Toboc vor fi sprijini\u021bi de Prim\u0103rie<\/strong><\/a><\/p>\n","protected":false},"excerpt":{"rendered":"<p>\u201eNu mai bloca\u021bi tramvaiele\u201d, acesta este apelul pe care Societatea de Transport Bucure\u0219ti (STB) \u00eel face c\u0103tre \u0219oferi, dup\u0103 ce \u00een 2024 au fost \u00eenregistrate 8.000 de minute de \u00eent\u00e2rziere, din cauza unor astfel de incidente. STB s-a confruntat cu 334 de situa\u021bii \u00een care autoturismele au fost parcate pe linie sau prea aproape de [&hellip;]<\/p>\n","protected":false},"author":49,"featured_media":116993,"comment_status":"closed","ping_status":"open","sticky":false,"template":"","format":"standard","meta":{"_acf_changed":false,"inline_featured_image":false,"ngg_post_thumbnail":0,"footnotes":""},"categories":[6994,62,650],"tags":[6887,7225,18907,4266,402,18906],"ppma_author":[22574],"class_list":["post-116985","post","type-post","status-publish","format-standard","has-post-thumbnail","hentry","category-stiri-2","category-stiri","category-transport","tag-linia-21","tag-linia-368","tag-linia-70","tag-politia-locala-2","tag-stb","tag-strada-episcopiei"],"acf":[],"yoast_head":"<!-- This site is optimized with the Yoast SEO Premium plugin v25.3 (Yoast SEO v27.4) - https:\/\/yoast.com\/product\/yoast-seo-premium-wordpress\/ -->\n<title>STB: \u201eNu mai bloca\u021bi tramvaiele!\u201d 334 de autoturisme au fost parcate pe linii \u00een 2024 - Buletin de Bucure\u0219ti<\/title>\n<meta name=\"description\" content=\"Nu mai bloca\u021bi tramvaiele, acesta este apelul pe care Societatea de Transport Bucure\u0219ti \u00eel face c\u0103tre \u0219oferi.\" \/>\n<meta name=\"robots\" content=\"index, follow, max-snippet:-1, max-image-preview:large, max-video-preview:-1\" \/>\n<link rel=\"canonical\" href=\"https:\/\/buletin.de\/bucuresti\/nu-mai-blocati-tramvaiele\/\" \/>\n<meta property=\"og:locale\" content=\"en_GB\" \/>\n<meta property=\"og:type\" content=\"article\" \/>\n<meta property=\"og:title\" content=\"STB: \u201eNu mai bloca\u021bi tramvaiele!\u201d 334 de autoturisme au fost parcate pe linii \u00een 2024\" \/>\n<meta property=\"og:description\" content=\"Nu mai bloca\u021bi tramvaiele, acesta este apelul pe care Societatea de Transport Bucure\u0219ti \u00eel face c\u0103tre \u0219oferi.\" \/>\n<meta property=\"og:url\" content=\"https:\/\/buletin.de\/bucuresti\/nu-mai-blocati-tramvaiele\/\" \/>\n<meta property=\"og:site_name\" content=\"Buletin de Bucure\u0219ti\" \/>\n<meta property=\"article:publisher\" content=\"https:\/\/www.facebook.com\/buletin.de.buc\" \/>\n<meta property=\"article:published_time\" content=\"2025-02-05T04:00:00+00:00\" \/>\n<meta property=\"article:modified_time\" content=\"2025-02-05T05:39:12+00:00\" \/>\n<meta property=\"og:image\" content=\"https:\/\/buletin.de\/bucuresti\/wp-content\/uploads\/WhatsApp-Image-2025-02-04-at-12.30.04.jpeg\" \/>\n\t<meta property=\"og:image:width\" content=\"1080\" \/>\n\t<meta property=\"og:image:height\" content=\"499\" \/>\n\t<meta property=\"og:image:type\" content=\"image\/jpeg\" \/>\n<meta name=\"author\" content=\"Diana Matei\" \/>\n<meta name=\"twitter:card\" content=\"summary_large_image\" \/>\n<meta name=\"twitter:label1\" content=\"Written by\" \/>\n\t<meta name=\"twitter:data1\" content=\"Diana Matei\" \/>\n\t<meta name=\"twitter:label2\" content=\"Estimated reading time\" \/>\n\t<meta name=\"twitter:data2\" content=\"3 minutes\" \/>\n<script type=\"application\/ld+json\" class=\"yoast-schema-graph\">{\"@context\":\"https:\\\/\\\/schema.org\",\"@graph\":[{\"@type\":\"Article\",\"@id\":\"https:\\\/\\\/buletin.de\\\/bucuresti\\\/nu-mai-blocati-tramvaiele\\\/#article\",\"isPartOf\":{\"@id\":\"https:\\\/\\\/buletin.de\\\/bucuresti\\\/nu-mai-blocati-tramvaiele\\\/\"},\"author\":{\"name\":\"Diana Matei\",\"@id\":\"https:\\\/\\\/buletin.de\\\/bucuresti\\\/#\\\/schema\\\/person\\\/7e46040573290777280a0835d81ea4ea\"},\"headline\":\"STB: \u201eNu mai bloca\u021bi tramvaiele!\u201d 334 de autoturisme au fost parcate pe linii \u00een 2024\",\"datePublished\":\"2025-02-05T04:00:00+00:00\",\"dateModified\":\"2025-02-05T05:39:12+00:00\",\"mainEntityOfPage\":{\"@id\":\"https:\\\/\\\/buletin.de\\\/bucuresti\\\/nu-mai-blocati-tramvaiele\\\/\"},\"wordCount\":409,\"publisher\":{\"@id\":\"https:\\\/\\\/buletin.de\\\/bucuresti\\\/#organization\"},\"image\":{\"@id\":\"https:\\\/\\\/buletin.de\\\/bucuresti\\\/nu-mai-blocati-tramvaiele\\\/#primaryimage\"},\"thumbnailUrl\":\"https:\\\/\\\/buletin.de\\\/bucuresti\\\/wp-content\\\/uploads\\\/WhatsApp-Image-2025-02-04-at-12.30.04.jpeg\",\"keywords\":[\"linia 21\",\"linia 368\",\"linia 70\",\"politia locala\",\"stb\",\"Strada Episcopiei\"],\"articleSection\":[\"Articole\",\"\u0218tiri\",\"Transport\"],\"inLanguage\":\"en-GB\",\"copyrightYear\":\"2025\",\"copyrightHolder\":{\"@id\":\"https:\\\/\\\/buletin.de\\\/bucuresti\\\/#organization\"}},{\"@type\":\"WebPage\",\"@id\":\"https:\\\/\\\/buletin.de\\\/bucuresti\\\/nu-mai-blocati-tramvaiele\\\/\",\"url\":\"https:\\\/\\\/buletin.de\\\/bucuresti\\\/nu-mai-blocati-tramvaiele\\\/\",\"name\":\"STB: \u201eNu mai bloca\u021bi tramvaiele!\u201d 334 de autoturisme au fost parcate pe linii \u00een 2024 - Buletin de Bucure\u0219ti\",\"isPartOf\":{\"@id\":\"https:\\\/\\\/buletin.de\\\/bucuresti\\\/#website\"},\"primaryImageOfPage\":{\"@id\":\"https:\\\/\\\/buletin.de\\\/bucuresti\\\/nu-mai-blocati-tramvaiele\\\/#primaryimage\"},\"image\":{\"@id\":\"https:\\\/\\\/buletin.de\\\/bucuresti\\\/nu-mai-blocati-tramvaiele\\\/#primaryimage\"},\"thumbnailUrl\":\"https:\\\/\\\/buletin.de\\\/bucuresti\\\/wp-content\\\/uploads\\\/WhatsApp-Image-2025-02-04-at-12.30.04.jpeg\",\"datePublished\":\"2025-02-05T04:00:00+00:00\",\"dateModified\":\"2025-02-05T05:39:12+00:00\",\"description\":\"Nu mai bloca\u021bi tramvaiele, acesta este apelul pe care Societatea de Transport Bucure\u0219ti \u00eel face c\u0103tre \u0219oferi.\",\"breadcrumb\":{\"@id\":\"https:\\\/\\\/buletin.de\\\/bucuresti\\\/nu-mai-blocati-tramvaiele\\\/#breadcrumb\"},\"inLanguage\":\"en-GB\",\"potentialAction\":[{\"@type\":\"ReadAction\",\"target\":[\"https:\\\/\\\/buletin.de\\\/bucuresti\\\/nu-mai-blocati-tramvaiele\\\/\"]}]},{\"@type\":\"ImageObject\",\"inLanguage\":\"en-GB\",\"@id\":\"https:\\\/\\\/buletin.de\\\/bucuresti\\\/nu-mai-blocati-tramvaiele\\\/#primaryimage\",\"url\":\"https:\\\/\\\/buletin.de\\\/bucuresti\\\/wp-content\\\/uploads\\\/WhatsApp-Image-2025-02-04-at-12.30.04.jpeg\",\"contentUrl\":\"https:\\\/\\\/buletin.de\\\/bucuresti\\\/wp-content\\\/uploads\\\/WhatsApp-Image-2025-02-04-at-12.30.04.jpeg\",\"width\":1080,\"height\":499,\"caption\":\"Nu mai bloca\u021bi tramvaiele. FOTO: STB\"},{\"@type\":\"BreadcrumbList\",\"@id\":\"https:\\\/\\\/buletin.de\\\/bucuresti\\\/nu-mai-blocati-tramvaiele\\\/#breadcrumb\",\"itemListElement\":[{\"@type\":\"ListItem\",\"position\":1,\"name\":\"Acas\u0103\",\"item\":\"https:\\\/\\\/buletin.de\\\/bucuresti\\\/\"},{\"@type\":\"ListItem\",\"position\":2,\"name\":\"STB: \u201eNu mai bloca\u021bi tramvaiele!\u201d 334 de autoturisme au fost parcate pe linii \u00een 2024\"}]},{\"@type\":\"WebSite\",\"@id\":\"https:\\\/\\\/buletin.de\\\/bucuresti\\\/#website\",\"url\":\"https:\\\/\\\/buletin.de\\\/bucuresti\\\/\",\"name\":\"Buletin de Bucure\u0219ti\",\"description\":\"\u0218tiri \u0219i investiga\u021bii esen\u021biale din capital\u0103\",\"publisher\":{\"@id\":\"https:\\\/\\\/buletin.de\\\/bucuresti\\\/#organization\"},\"potentialAction\":[{\"@type\":\"SearchAction\",\"target\":{\"@type\":\"EntryPoint\",\"urlTemplate\":\"https:\\\/\\\/buletin.de\\\/bucuresti\\\/?s={search_term_string}\"},\"query-input\":{\"@type\":\"PropertyValueSpecification\",\"valueRequired\":true,\"valueName\":\"search_term_string\"}}],\"inLanguage\":\"en-GB\"},{\"@type\":\"Organization\",\"@id\":\"https:\\\/\\\/buletin.de\\\/bucuresti\\\/#organization\",\"name\":\"Buletin de Bucure\u0219ti\",\"url\":\"https:\\\/\\\/buletin.de\\\/bucuresti\\\/\",\"logo\":{\"@type\":\"ImageObject\",\"inLanguage\":\"en-GB\",\"@id\":\"https:\\\/\\\/buletin.de\\\/bucuresti\\\/#\\\/schema\\\/logo\\\/image\\\/\",\"url\":\"https:\\\/\\\/buletin.de\\\/bucuresti\\\/wp-content\\\/uploads\\\/logo-bdb-full-wide-vernil-transparent.png\",\"contentUrl\":\"https:\\\/\\\/buletin.de\\\/bucuresti\\\/wp-content\\\/uploads\\\/logo-bdb-full-wide-vernil-transparent.png\",\"width\":1782,\"height\":626,\"caption\":\"Buletin de Bucure\u0219ti\"},\"image\":{\"@id\":\"https:\\\/\\\/buletin.de\\\/bucuresti\\\/#\\\/schema\\\/logo\\\/image\\\/\"},\"sameAs\":[\"https:\\\/\\\/www.facebook.com\\\/buletin.de.buc\",\"https:\\\/\\\/www.instagram.com\\\/buletinde.bucuresti\\\/\"]},{\"@type\":\"Person\",\"@id\":\"https:\\\/\\\/buletin.de\\\/bucuresti\\\/#\\\/schema\\\/person\\\/7e46040573290777280a0835d81ea4ea\",\"name\":\"Diana Matei\",\"image\":{\"@type\":\"ImageObject\",\"inLanguage\":\"en-GB\",\"@id\":\"https:\\\/\\\/buletin.de\\\/bucuresti\\\/wp-content\\\/uploads\\\/9-2-96x96.jpg1e8590b30871d70e62ebcdaf2eff570c\",\"url\":\"https:\\\/\\\/buletin.de\\\/bucuresti\\\/wp-content\\\/uploads\\\/9-2-96x96.jpg\",\"contentUrl\":\"https:\\\/\\\/buletin.de\\\/bucuresti\\\/wp-content\\\/uploads\\\/9-2-96x96.jpg\",\"caption\":\"Diana Matei\"},\"url\":\"https:\\\/\\\/buletin.de\\\/bucuresti\\\/author\\\/dianamatei\\\/\"}]}<\/script>\n<!-- \/ Yoast SEO Premium plugin. -->","yoast_head_json":{"title":"STB: \u201eNu mai bloca\u021bi tramvaiele!\u201d 334 de autoturisme au fost parcate pe linii \u00een 2024 - Buletin de Bucure\u0219ti","description":"Nu mai bloca\u021bi tramvaiele, acesta este apelul pe care Societatea de Transport Bucure\u0219ti \u00eel face c\u0103tre \u0219oferi.","robots":{"index":"index","follow":"follow","max-snippet":"max-snippet:-1","max-image-preview":"max-image-preview:large","max-video-preview":"max-video-preview:-1"},"canonical":"https:\/\/buletin.de\/bucuresti\/nu-mai-blocati-tramvaiele\/","og_locale":"en_GB","og_type":"article","og_title":"STB: \u201eNu mai bloca\u021bi tramvaiele!\u201d 334 de autoturisme au fost parcate pe linii \u00een 2024","og_description":"Nu mai bloca\u021bi tramvaiele, acesta este apelul pe care Societatea de Transport Bucure\u0219ti \u00eel face c\u0103tre \u0219oferi.","og_url":"https:\/\/buletin.de\/bucuresti\/nu-mai-blocati-tramvaiele\/","og_site_name":"Buletin de Bucure\u0219ti","article_publisher":"https:\/\/www.facebook.com\/buletin.de.buc","article_published_time":"2025-02-05T04:00:00+00:00","article_modified_time":"2025-02-05T05:39:12+00:00","og_image":[{"width":1080,"height":499,"url":"https:\/\/buletin.de\/bucuresti\/wp-content\/uploads\/WhatsApp-Image-2025-02-04-at-12.30.04.jpeg","type":"image\/jpeg"}],"author":"Diana Matei","twitter_card":"summary_large_image","twitter_misc":{"Written by":"Diana Matei","Estimated reading time":"3 minutes"},"schema":{"@context":"https:\/\/schema.org","@graph":[{"@type":"Article","@id":"https:\/\/buletin.de\/bucuresti\/nu-mai-blocati-tramvaiele\/#article","isPartOf":{"@id":"https:\/\/buletin.de\/bucuresti\/nu-mai-blocati-tramvaiele\/"},"author":{"name":"Diana Matei","@id":"https:\/\/buletin.de\/bucuresti\/#\/schema\/person\/7e46040573290777280a0835d81ea4ea"},"headline":"STB: \u201eNu mai bloca\u021bi tramvaiele!\u201d 334 de autoturisme au fost parcate pe linii \u00een 2024","datePublished":"2025-02-05T04:00:00+00:00","dateModified":"2025-02-05T05:39:12+00:00","mainEntityOfPage":{"@id":"https:\/\/buletin.de\/bucuresti\/nu-mai-blocati-tramvaiele\/"},"wordCount":409,"publisher":{"@id":"https:\/\/buletin.de\/bucuresti\/#organization"},"image":{"@id":"https:\/\/buletin.de\/bucuresti\/nu-mai-blocati-tramvaiele\/#primaryimage"},"thumbnailUrl":"https:\/\/buletin.de\/bucuresti\/wp-content\/uploads\/WhatsApp-Image-2025-02-04-at-12.30.04.jpeg","keywords":["linia 21","linia 368","linia 70","politia locala","stb","Strada Episcopiei"],"articleSection":["Articole","\u0218tiri","Transport"],"inLanguage":"en-GB","copyrightYear":"2025","copyrightHolder":{"@id":"https:\/\/buletin.de\/bucuresti\/#organization"}},{"@type":"WebPage","@id":"https:\/\/buletin.de\/bucuresti\/nu-mai-blocati-tramvaiele\/","url":"https:\/\/buletin.de\/bucuresti\/nu-mai-blocati-tramvaiele\/","name":"STB: \u201eNu mai bloca\u021bi tramvaiele!\u201d 334 de autoturisme au fost parcate pe linii \u00een 2024 - Buletin de Bucure\u0219ti","isPartOf":{"@id":"https:\/\/buletin.de\/bucuresti\/#website"},"primaryImageOfPage":{"@id":"https:\/\/buletin.de\/bucuresti\/nu-mai-blocati-tramvaiele\/#primaryimage"},"image":{"@id":"https:\/\/buletin.de\/bucuresti\/nu-mai-blocati-tramvaiele\/#primaryimage"},"thumbnailUrl":"https:\/\/buletin.de\/bucuresti\/wp-content\/uploads\/WhatsApp-Image-2025-02-04-at-12.30.04.jpeg","datePublished":"2025-02-05T04:00:00+00:00","dateModified":"2025-02-05T05:39:12+00:00","description":"Nu mai bloca\u021bi tramvaiele, acesta este apelul pe care Societatea de Transport Bucure\u0219ti \u00eel face c\u0103tre \u0219oferi.","breadcrumb":{"@id":"https:\/\/buletin.de\/bucuresti\/nu-mai-blocati-tramvaiele\/#breadcrumb"},"inLanguage":"en-GB","potentialAction":[{"@type":"ReadAction","target":["https:\/\/buletin.de\/bucuresti\/nu-mai-blocati-tramvaiele\/"]}]},{"@type":"ImageObject","inLanguage":"en-GB","@id":"https:\/\/buletin.de\/bucuresti\/nu-mai-blocati-tramvaiele\/#primaryimage","url":"https:\/\/buletin.de\/bucuresti\/wp-content\/uploads\/WhatsApp-Image-2025-02-04-at-12.30.04.jpeg","contentUrl":"https:\/\/buletin.de\/bucuresti\/wp-content\/uploads\/WhatsApp-Image-2025-02-04-at-12.30.04.jpeg","width":1080,"height":499,"caption":"Nu mai bloca\u021bi tramvaiele. FOTO: STB"},{"@type":"BreadcrumbList","@id":"https:\/\/buletin.de\/bucuresti\/nu-mai-blocati-tramvaiele\/#breadcrumb","itemListElement":[{"@type":"ListItem","position":1,"name":"Acas\u0103","item":"https:\/\/buletin.de\/bucuresti\/"},{"@type":"ListItem","position":2,"name":"STB: \u201eNu mai bloca\u021bi tramvaiele!\u201d 334 de autoturisme au fost parcate pe linii \u00een 2024"}]},{"@type":"WebSite","@id":"https:\/\/buletin.de\/bucuresti\/#website","url":"https:\/\/buletin.de\/bucuresti\/","name":"Buletin de Bucure\u0219ti","description":"\u0218tiri \u0219i investiga\u021bii esen\u021biale din capital\u0103","publisher":{"@id":"https:\/\/buletin.de\/bucuresti\/#organization"},"potentialAction":[{"@type":"SearchAction","target":{"@type":"EntryPoint","urlTemplate":"https:\/\/buletin.de\/bucuresti\/?s={search_term_string}"},"query-input":{"@type":"PropertyValueSpecification","valueRequired":true,"valueName":"search_term_string"}}],"inLanguage":"en-GB"},{"@type":"Organization","@id":"https:\/\/buletin.de\/bucuresti\/#organization","name":"Buletin de Bucure\u0219ti","url":"https:\/\/buletin.de\/bucuresti\/","logo":{"@type":"ImageObject","inLanguage":"en-GB","@id":"https:\/\/buletin.de\/bucuresti\/#\/schema\/logo\/image\/","url":"https:\/\/buletin.de\/bucuresti\/wp-content\/uploads\/logo-bdb-full-wide-vernil-transparent.png","contentUrl":"https:\/\/buletin.de\/bucuresti\/wp-content\/uploads\/logo-bdb-full-wide-vernil-transparent.png","width":1782,"height":626,"caption":"Buletin de Bucure\u0219ti"},"image":{"@id":"https:\/\/buletin.de\/bucuresti\/#\/schema\/logo\/image\/"},"sameAs":["https:\/\/www.facebook.com\/buletin.de.buc","https:\/\/www.instagram.com\/buletinde.bucuresti\/"]},{"@type":"Person","@id":"https:\/\/buletin.de\/bucuresti\/#\/schema\/person\/7e46040573290777280a0835d81ea4ea","name":"Diana Matei","image":{"@type":"ImageObject","inLanguage":"en-GB","@id":"https:\/\/buletin.de\/bucuresti\/wp-content\/uploads\/9-2-96x96.jpg1e8590b30871d70e62ebcdaf2eff570c","url":"https:\/\/buletin.de\/bucuresti\/wp-content\/uploads\/9-2-96x96.jpg","contentUrl":"https:\/\/buletin.de\/bucuresti\/wp-content\/uploads\/9-2-96x96.jpg","caption":"Diana Matei"},"url":"https:\/\/buletin.de\/bucuresti\/author\/dianamatei\/"}]}},"authors":[{"term_id":22574,"user_id":49,"is_guest":0,"slug":"dianamatei","display_name":"Diana Matei","avatar_url":"https:\/\/buletin.de\/bucuresti\/wp-content\/uploads\/9-2-96x96.jpg","0":null,"1":"","2":"","3":"","4":"","5":"","6":"","7":"","8":""}],"_links":{"self":[{"href":"https:\/\/buletin.de\/bucuresti\/wp-json\/wp\/v2\/posts\/116985","targetHints":{"allow":["GET"]}}],"collection":[{"href":"https:\/\/buletin.de\/bucuresti\/wp-json\/wp\/v2\/posts"}],"about":[{"href":"https:\/\/buletin.de\/bucuresti\/wp-json\/wp\/v2\/types\/post"}],"author":[{"embeddable":true,"href":"https:\/\/buletin.de\/bucuresti\/wp-json\/wp\/v2\/users\/49"}],"replies":[{"embeddable":true,"href":"https:\/\/buletin.de\/bucuresti\/wp-json\/wp\/v2\/comments?post=116985"}],"version-history":[{"count":5,"href":"https:\/\/buletin.de\/bucuresti\/wp-json\/wp\/v2\/posts\/116985\/revisions"}],"predecessor-version":[{"id":117063,"href":"https:\/\/buletin.de\/bucuresti\/wp-json\/wp\/v2\/posts\/116985\/revisions\/117063"}],"wp:featuredmedia":[{"embeddable":true,"href":"https:\/\/buletin.de\/bucuresti\/wp-json\/wp\/v2\/media\/116993"}],"wp:attachment":[{"href":"https:\/\/buletin.de\/bucuresti\/wp-json\/wp\/v2\/media?parent=116985"}],"wp:term":[{"taxonomy":"category","embeddable":true,"href":"https:\/\/buletin.de\/bucuresti\/wp-json\/wp\/v2\/categories?post=116985"},{"taxonomy":"post_tag","embeddable":true,"href":"https:\/\/buletin.de\/bucuresti\/wp-json\/wp\/v2\/tags?post=116985"},{"taxonomy":"author","embeddable":true,"href":"https:\/\/buletin.de\/bucuresti\/wp-json\/wp\/v2\/ppma_author?post=116985"}],"curies":[{"name":"wp","href":"https:\/\/api.w.org\/{rel}","templated":true}]}}