{"id":116938,"date":"2025-02-04T11:45:19","date_gmt":"2025-02-04T08:45:19","guid":{"rendered":"https:\/\/buletin.de\/bucuresti\/?p=116938"},"modified":"2025-02-04T18:34:20","modified_gmt":"2025-02-04T15:34:20","slug":"gabriela-szabo-si-a-dat-demisia-de-la-csm-bucuresti","status":"publish","type":"post","link":"https:\/\/buletin.de\/bucuresti\/gabriela-szabo-si-a-dat-demisia-de-la-csm-bucuresti\/","title":{"rendered":"Gabriela Szabo \u0219i-a dat demisia de la CSM Bucure\u0219ti, la trei zile dup\u0103 ce a fost repus\u0103 \u00een func\u021bie. D\u0103 vina pe Nicu\u0219or Dan"},"content":{"rendered":"\n<p><strong>Fosta campioan\u0103 olimpic\u0103 Gabriela Szabo a anun\u021bat c\u0103 \u0219i-a dat demisia de la CSM Bucure\u0219ti, la doar trei zile dup\u0103 ce \u0219i-a reluat postul de directorul al clubului sportiv, o decizie ob\u021binut\u0103 \u00een instan\u021b\u0103. <\/strong><\/p>\n\n\n\n<p><strong>Gabriela Szabo sus\u021bine c\u0103 nu poate colabora cu primarul general Nicu\u0219or Dan, pe care-l acuz\u0103 c\u0103 \u201eimpune politici care submineaz\u0103 valori fundamentale ale integrit\u0103\u021bii \u0219i echit\u0103\u021bii\u201d.<\/strong><\/p>\n\n\n\n<h2 class=\"wp-block-heading\" id=\"h-update-16-00-nicu\u0219or-dan-se-bucura-ca-gabi-szabo-a-demisionat\"><strong>UPDATE<\/strong> 16.00: Nicu\u0219or Dan se bucur\u0103 c\u0103 Gabi Szabo a demisionat<\/h2>\n\n\n\n<p>Nicu\u015for Dan, a declarat c\u0103 \u00eel bucur\u0103 demisia Gabrielei Szabo din func\u0163ia de director general al Clubului Sportiv Municipal Bucure\u015fti.<\/p>\n\n\n\n<p>\u201eE opinia dumneaei, dar demisia m\u0103 bucur\u0103, s\u0103 \u015fti\u0163i. Am apreciat-o ca sportiv, da, a fost o sportiv\u0103 extraordinar\u0103 pentru Rom\u00e2nia, ca manager \u00eenc\u0103 e pl\u00e2ngerea formulat\u0103 la DNA acum doi ani, de mine\u201d, a declarat primarul general.<\/p>\n\n\n\n<hr class=\"wp-block-separator has-alpha-channel-opacity\"\/>\n\n\n\n<h2 class=\"wp-block-heading\" id=\"h-gabriela-szabo-a-fost-demisa-in-2022\">Gabriela Szabo a fost demis\u0103 \u00een 2022<\/h2>\n\n\n\n<p><strong>Gabriela Szabo a fost \u00eendep\u0103rtat\u0103 de la conducerea Clubului Sportiv Municipal Bucure\u015fti, \u00een 2022, printr-o decizie a primarului general Nicu\u0219or Dan, care a deta\u0219at-o la conducerea Centrului Dalles.<\/strong><\/p>\n\n\n\n<p>\u201eAm luat decizia de a schimba conducerea Clubului Sportiv Municipal Bucure\u015fti. Directorul general al CSM, Gabriela Szabo, va fi deta\u015fat\u0103 la conducerea Centrului Dalles, iar \u00een locul ei va fi numit interimar unul dintre directorii adjunc\u0163i. <\/p>\n\n\n\n<p><strong>\u00cenainte de a lua aceast\u0103 decizie, am discutat cu membrii Consiliului de Administra\u0163ie al CSM Bucure\u015fti, iar concluzia a fost clar\u0103 &#8211; schimbarea e necesar\u0103. <\/strong><\/p>\n\n\n\n<p>Actuala conducere a ratat obiective competi\u0163ionale, a determinat plecarea unor oameni valoro\u015fi \u015fi a avut un management defectuos (decizii pripite \u015fi f\u0103r\u0103 consultare, dar \u015fi tergiversarea lu\u0103rii altor decizii, incapacitatea de a armoniza rela\u0163iile interne, abord\u0103ri conflictuale \u00een interac\u0163iunile cu \u015fefii sec\u0163iilor sportive)\u201d, <a href=\"https:\/\/www.digi24.ro\/stiri\/gabriela-szabo-demisa-de-la-conducerea-csm-bucuresti-nicusor-dan-trimite-corpul-de-control-1962593\" target=\"_blank\" rel=\"noreferrer noopener\">anun\u021ba<\/a>, \u00een urm\u0103 cu trei ani, primarul general.<\/p>\n\n\n\n<p>Totodat\u0103, primarul Capitalei a anun\u021bat c\u0103 va trimite Corpul de Control pentru a verifica activitatea clubului, \u201e\u00een urma semnalelor primite din interior\u201d.<\/p>\n\n\n\n<p><strong>Gabriela Szabo a contestat decizia de deta\u0219are \u00een instan\u021b\u0103, iar \u00een octombrie 2024, a c\u00e2\u0219tigat procesul \u00eempotriva Prim\u0103riei Generale. De la 1 februarie anul acesta \u0219i-a reluat postul de director al CSM Bucure\u0219ti.<\/strong><\/p>\n\n\n\n<p><strong>CITE\u0218TE \u0218I: <a href=\"https:\/\/buletin.de\/bucuresti\/investigatie-video-circuitul-negoita-cum-s-a-surpat-unul-dintre-cele-mai-noi-bulevarde-din-capitala\/\" target=\"_blank\" rel=\"noreferrer noopener\">INVESTIGA\u0162IE VIDEO | \u201eCircuitul Negoi\u021b\u0103\u201d. Cum s-a surpat unul dintre cele mai noi bulevarde din Capital\u0103<\/a><\/strong><\/p>\n\n\n\n<h2 class=\"wp-block-heading\" id=\"h-motivele-pentru-care-gabriela-szabo-\u0219i-a-dat-demisia-de-la-csm-bucure\u0219ti\">Motivele pentru care Gabriela Szabo \u0219i-a dat demisia de la CSM Bucure\u0219ti<\/h2>\n\n\n\n<p>La doar trei zile dup\u0103 ce \u0219i-a reluat postul de director general, Gabriela Szabo \u0219i-a dat demisia de la CSM Bucure\u0219ti invoc\u00e2nd faptul c\u0103 nu se poate \u00een\u021belege cu primarul Nicu\u0219or Dan, cel care a \u00eendep\u0103rtat-o ini\u021bial.<\/p>\n\n\n\n<p>\u201e\u00cen 2017 am avut onoarea, c\u00e2t \u0219i voin\u021ba, de a conduce CSM Bucure\u0219ti, o institu\u021bie aflat\u0103 atunci \u00eentr-un un moment dificil \u0219i cu probleme serioase, confirmate de un audit profesional care a \u0219i relevat numeroase deficien\u021be. <\/p>\n\n\n\n<p>Timp de 5 ani, am lucrat cu toat\u0103 \u00eencrederea pentru a-i oferi o direc\u021bie clar\u0103 \u0219i un viitor mai bun, chiar \u0219i atunci c\u00e2nd am fost acuzat\u0103 pe nedrept \u0219i tratat\u0103 cu arogan\u021b\u0103 de un politician oportunist, Nicu\u0219or Dan.<\/p>\n\n\n\n<p>Dup\u0103 cum se \u0219tie, dup\u0103 2 ani \u00een care am luptat s\u0103 ap\u0103r adev\u0103rul \u0219i propria-mi onoare, instan\u021ba a confirmat c\u0103 acuza\u021biile \u0219i m\u0103surile abuzive la care am fost supus\u0103 de primarul general nu au avut la baz\u0103 fundament \u0219i nici respect pentru lege. \u0218i, ca urmare, am fost repus\u0103 \u00een func\u021bie \u00eencep\u00e2nd cu data de 1 februarie 2025.<\/p>\n\n\n\n<p>Cu toate acestea,<strong>&nbsp;nu pot r\u0103m\u00e2ne \u00eentr-un mediu \u00een care, pe l\u00e2ng\u0103 t\u0103ierile de buget \u0219i deciziile greu de acceptat privind sprijinul acordat sportivilor, primarul disonor N.D. impune politici care submineaz\u0103 valori fundamentale ale integrit\u0103\u021bii \u0219i echit\u0103\u021bii<\/strong>\u201d, <a href=\"https:\/\/www.facebook.com\/gabriela.szabo.96\/posts\/1153604619469630?ref=embed_post\" target=\"_blank\" rel=\"noreferrer noopener\">a scris Gabi Szabo<\/a>.<\/p>\n\n\n\n<p>Fosta campioan\u0103 olimpic\u0103 afic\u0103 c\u0103 incertitudinea \u0219i lipsa de \u00eencredere nu pot constitui temelie bun\u0103 pentru a putea duce mai departe o echip\u0103 unit\u0103 \u0219i performant\u0103.<\/p>\n\n\n\n<p>\u201eMai mult dec\u00e2t at\u00e2t, este greu de \u00een\u021beles cum, \u00eentr-o perioad\u0103 \u00een care se aplic\u0103 t\u0103ieri bugetare \u0219i se impun m\u0103suri de austeritate, directorul general, prin noul contract, beneficiaz\u0103 de major\u0103ri salariale absolut nejustificate. Aceast\u0103 situa\u021bie nu reflect\u0103 valorile de echitate \u0219i responsabilitate \u00een care eu \u00eens\u0103mi cred \u0219i pe care le-am promovat \u00eentotdeauna.<\/p>\n\n\n\n<p><strong>Este incredibil c\u0103, \u00eentr-o perioad\u0103 de resurse financiare at\u00e2t de limitate, se acord\u0103 un spor directorului general pentru condi\u021bii periculoase sau v\u0103t\u0103m\u0103toare.<\/strong><\/p>\n\n\n\n<p>Din dorin\u021ba de a lucra \u00eentr-un mediu s\u0103n\u0103tos \u0219i bazat pe respect reciproc, am decis ast\u0103zi s\u0103 \u00eemi depun demisia, chiar \u0219i dup\u0103 restabilirea mea legal\u0103, \u00een mod imediat.<\/p>\n\n\n\n<p>Aceast\u0103 decizie vine dup\u0103 ce am \u00eencercat cu sinceritate s\u0103 p\u0103strez o atitudine pozitiv\u0103, realiz\u00e2nd c\u0103&nbsp;<strong>nu pot continua s\u0103 activez \u00eentr-un mediu patronat de Nicu\u0219or Dan, un primar mincinos, ale c\u0103rui ac\u021biuni au transformat clubul \u00eentr-un spa\u021biu de incertitudine, b\u00e2rfe \u0219i conflict.&nbsp;<\/strong>Nedrept\u0103\u021bile la care am fost supus\u0103 \u0219i acuza\u021biile false nu pot fi trecute cu vederea\u201d, a comunicat Gabriela Szabo.<\/p>\n\n\n\n<p><strong>CITE\u0218TE \u0218I: <a href=\"https:\/\/buletin.de\/bucuresti\/11-persoane-retinute-in-dosarul-nordis-inclusiv-laura-vicol-si-vladimir-ciorba\/\" target=\"_blank\" rel=\"noreferrer noopener\">11 persoane re\u021binute \u00een dosarul Nordis, inclusiv Laura Vicol \u0219i Vladimir Ciorb\u0103<\/a><br><\/strong><\/p>\n","protected":false},"excerpt":{"rendered":"<p>Fosta campioan\u0103 olimpic\u0103 Gabriela Szabo a anun\u021bat c\u0103 \u0219i-a dat demisia de la CSM Bucure\u0219ti, la doar trei zile dup\u0103 ce \u0219i-a reluat postul de directorul al clubului sportiv, o decizie ob\u021binut\u0103 \u00een instan\u021b\u0103. Gabriela Szabo sus\u021bine c\u0103 nu poate colabora cu primarul general Nicu\u0219or Dan, pe care-l acuz\u0103 c\u0103 \u201eimpune politici care submineaz\u0103 valori [&hellip;]<\/p>\n","protected":false},"author":60,"featured_media":116940,"comment_status":"closed","ping_status":"open","sticky":false,"template":"","format":"standard","meta":{"_acf_changed":false,"inline_featured_image":false,"ngg_post_thumbnail":0,"footnotes":""},"categories":[6994,5762,9025],"tags":[4767,18902,18903,4766,223],"ppma_author":[22582],"class_list":["post-116938","post","type-post","status-publish","format-standard","has-post-thumbnail","hentry","category-stiri-2","category-main","category-politic","tag-csm","tag-csm-bucuresti","tag-demisie-szabo","tag-gabriela-szabo","tag-nicusor-dan"],"acf":[],"yoast_head":"<!-- This site is optimized with the Yoast SEO Premium plugin v25.3 (Yoast SEO v27.4) - https:\/\/yoast.com\/product\/yoast-seo-premium-wordpress\/ -->\n<title>Gabriela Szabo \u0219i-a dat demisia de la CSM Bucure\u0219ti, la trei zile dup\u0103 ce a fost repus\u0103 \u00een func\u021bie. D\u0103 vina pe Nicu\u0219or Dan - Buletin de Bucure\u0219ti<\/title>\n<meta name=\"description\" content=\"Gabriela Szabo \u0219i-a dat demisia de la CSM Bucure\u0219ti, la trei zile dup\u0103 ce a fost repus\u0103 \u00een func\u021bie. \u00cel acuz\u0103 pe Nicu\u0219or Dan.\" \/>\n<meta name=\"robots\" content=\"index, follow, max-snippet:-1, max-image-preview:large, max-video-preview:-1\" \/>\n<link rel=\"canonical\" href=\"https:\/\/buletin.de\/bucuresti\/gabriela-szabo-si-a-dat-demisia-de-la-csm-bucuresti\/\" \/>\n<meta property=\"og:locale\" content=\"en_GB\" \/>\n<meta property=\"og:type\" content=\"article\" \/>\n<meta property=\"og:title\" content=\"Gabriela Szabo \u0219i-a dat demisia de la CSM Bucure\u0219ti, la trei zile dup\u0103 ce a fost repus\u0103 \u00een func\u021bie. D\u0103 vina pe Nicu\u0219or Dan\" \/>\n<meta property=\"og:description\" content=\"Gabriela Szabo \u0219i-a dat demisia de la CSM Bucure\u0219ti, la trei zile dup\u0103 ce a fost repus\u0103 \u00een func\u021bie. \u00cel acuz\u0103 pe Nicu\u0219or Dan.\" \/>\n<meta property=\"og:url\" content=\"https:\/\/buletin.de\/bucuresti\/gabriela-szabo-si-a-dat-demisia-de-la-csm-bucuresti\/\" \/>\n<meta property=\"og:site_name\" content=\"Buletin de Bucure\u0219ti\" \/>\n<meta property=\"article:publisher\" content=\"https:\/\/www.facebook.com\/buletin.de.buc\" \/>\n<meta property=\"article:published_time\" content=\"2025-02-04T08:45:19+00:00\" \/>\n<meta property=\"article:modified_time\" content=\"2025-02-04T15:34:20+00:00\" \/>\n<meta property=\"og:image\" content=\"https:\/\/buletin.de\/bucuresti\/wp-content\/uploads\/szabo_INQUAM_Photos_Sabin_Cirstoveanu.jpg\" \/>\n\t<meta property=\"og:image:width\" content=\"1200\" \/>\n\t<meta property=\"og:image:height\" content=\"800\" \/>\n\t<meta property=\"og:image:type\" content=\"image\/jpeg\" \/>\n<meta name=\"author\" content=\"R\u0103zvan Chiru\u021b\u0103\" \/>\n<meta name=\"twitter:card\" content=\"summary_large_image\" \/>\n<meta name=\"twitter:label1\" content=\"Written by\" \/>\n\t<meta name=\"twitter:data1\" content=\"R\u0103zvan Chiru\u021b\u0103\" \/>\n\t<meta name=\"twitter:label2\" content=\"Estimated reading time\" \/>\n\t<meta name=\"twitter:data2\" content=\"4 minutes\" \/>\n<script type=\"application\/ld+json\" class=\"yoast-schema-graph\">{\"@context\":\"https:\\\/\\\/schema.org\",\"@graph\":[{\"@type\":\"Article\",\"@id\":\"https:\\\/\\\/buletin.de\\\/bucuresti\\\/gabriela-szabo-si-a-dat-demisia-de-la-csm-bucuresti\\\/#article\",\"isPartOf\":{\"@id\":\"https:\\\/\\\/buletin.de\\\/bucuresti\\\/gabriela-szabo-si-a-dat-demisia-de-la-csm-bucuresti\\\/\"},\"author\":{\"name\":\"R\u0103zvan Chiru\u021b\u0103\",\"@id\":\"https:\\\/\\\/buletin.de\\\/bucuresti\\\/#\\\/schema\\\/person\\\/a76df728dfc913795a9d90e346b253bb\"},\"headline\":\"Gabriela Szabo \u0219i-a dat demisia de la CSM Bucure\u0219ti, la trei zile dup\u0103 ce a fost repus\u0103 \u00een func\u021bie. D\u0103 vina pe Nicu\u0219or Dan\",\"datePublished\":\"2025-02-04T08:45:19+00:00\",\"dateModified\":\"2025-02-04T15:34:20+00:00\",\"mainEntityOfPage\":{\"@id\":\"https:\\\/\\\/buletin.de\\\/bucuresti\\\/gabriela-szabo-si-a-dat-demisia-de-la-csm-bucuresti\\\/\"},\"wordCount\":894,\"publisher\":{\"@id\":\"https:\\\/\\\/buletin.de\\\/bucuresti\\\/#organization\"},\"image\":{\"@id\":\"https:\\\/\\\/buletin.de\\\/bucuresti\\\/gabriela-szabo-si-a-dat-demisia-de-la-csm-bucuresti\\\/#primaryimage\"},\"thumbnailUrl\":\"https:\\\/\\\/buletin.de\\\/bucuresti\\\/wp-content\\\/uploads\\\/szabo_INQUAM_Photos_Sabin_Cirstoveanu.jpg\",\"keywords\":[\"CSM\",\"csm bucuresti\",\"demisie szabo\",\"Gabriela Szabo\",\"nicusor dan\"],\"articleSection\":[\"Articole\",\"Main\",\"Politic\"],\"inLanguage\":\"en-GB\",\"copyrightYear\":\"2025\",\"copyrightHolder\":{\"@id\":\"https:\\\/\\\/buletin.de\\\/bucuresti\\\/#organization\"}},{\"@type\":\"WebPage\",\"@id\":\"https:\\\/\\\/buletin.de\\\/bucuresti\\\/gabriela-szabo-si-a-dat-demisia-de-la-csm-bucuresti\\\/\",\"url\":\"https:\\\/\\\/buletin.de\\\/bucuresti\\\/gabriela-szabo-si-a-dat-demisia-de-la-csm-bucuresti\\\/\",\"name\":\"Gabriela Szabo \u0219i-a dat demisia de la CSM Bucure\u0219ti, la trei zile dup\u0103 ce a fost repus\u0103 \u00een func\u021bie. D\u0103 vina pe Nicu\u0219or Dan - Buletin de Bucure\u0219ti\",\"isPartOf\":{\"@id\":\"https:\\\/\\\/buletin.de\\\/bucuresti\\\/#website\"},\"primaryImageOfPage\":{\"@id\":\"https:\\\/\\\/buletin.de\\\/bucuresti\\\/gabriela-szabo-si-a-dat-demisia-de-la-csm-bucuresti\\\/#primaryimage\"},\"image\":{\"@id\":\"https:\\\/\\\/buletin.de\\\/bucuresti\\\/gabriela-szabo-si-a-dat-demisia-de-la-csm-bucuresti\\\/#primaryimage\"},\"thumbnailUrl\":\"https:\\\/\\\/buletin.de\\\/bucuresti\\\/wp-content\\\/uploads\\\/szabo_INQUAM_Photos_Sabin_Cirstoveanu.jpg\",\"datePublished\":\"2025-02-04T08:45:19+00:00\",\"dateModified\":\"2025-02-04T15:34:20+00:00\",\"description\":\"Gabriela Szabo \u0219i-a dat demisia de la CSM Bucure\u0219ti, la trei zile dup\u0103 ce a fost repus\u0103 \u00een func\u021bie. \u00cel acuz\u0103 pe Nicu\u0219or Dan.\",\"breadcrumb\":{\"@id\":\"https:\\\/\\\/buletin.de\\\/bucuresti\\\/gabriela-szabo-si-a-dat-demisia-de-la-csm-bucuresti\\\/#breadcrumb\"},\"inLanguage\":\"en-GB\",\"potentialAction\":[{\"@type\":\"ReadAction\",\"target\":[\"https:\\\/\\\/buletin.de\\\/bucuresti\\\/gabriela-szabo-si-a-dat-demisia-de-la-csm-bucuresti\\\/\"]}]},{\"@type\":\"ImageObject\",\"inLanguage\":\"en-GB\",\"@id\":\"https:\\\/\\\/buletin.de\\\/bucuresti\\\/gabriela-szabo-si-a-dat-demisia-de-la-csm-bucuresti\\\/#primaryimage\",\"url\":\"https:\\\/\\\/buletin.de\\\/bucuresti\\\/wp-content\\\/uploads\\\/szabo_INQUAM_Photos_Sabin_Cirstoveanu.jpg\",\"contentUrl\":\"https:\\\/\\\/buletin.de\\\/bucuresti\\\/wp-content\\\/uploads\\\/szabo_INQUAM_Photos_Sabin_Cirstoveanu.jpg\",\"width\":1200,\"height\":800,\"caption\":\"Gabriela Szabo \u0219i-a dat demisia de la CSM Bucure\u0219ti Foto: Inquam Photos \\\/ Sabin Cirstoveanu\"},{\"@type\":\"BreadcrumbList\",\"@id\":\"https:\\\/\\\/buletin.de\\\/bucuresti\\\/gabriela-szabo-si-a-dat-demisia-de-la-csm-bucuresti\\\/#breadcrumb\",\"itemListElement\":[{\"@type\":\"ListItem\",\"position\":1,\"name\":\"Acas\u0103\",\"item\":\"https:\\\/\\\/buletin.de\\\/bucuresti\\\/\"},{\"@type\":\"ListItem\",\"position\":2,\"name\":\"Gabriela Szabo \u0219i-a dat demisia de la CSM Bucure\u0219ti, la trei zile dup\u0103 ce a fost repus\u0103 \u00een func\u021bie. D\u0103 vina pe Nicu\u0219or Dan\"}]},{\"@type\":\"WebSite\",\"@id\":\"https:\\\/\\\/buletin.de\\\/bucuresti\\\/#website\",\"url\":\"https:\\\/\\\/buletin.de\\\/bucuresti\\\/\",\"name\":\"Buletin de Bucure\u0219ti\",\"description\":\"\u0218tiri \u0219i investiga\u021bii esen\u021biale din capital\u0103\",\"publisher\":{\"@id\":\"https:\\\/\\\/buletin.de\\\/bucuresti\\\/#organization\"},\"potentialAction\":[{\"@type\":\"SearchAction\",\"target\":{\"@type\":\"EntryPoint\",\"urlTemplate\":\"https:\\\/\\\/buletin.de\\\/bucuresti\\\/?s={search_term_string}\"},\"query-input\":{\"@type\":\"PropertyValueSpecification\",\"valueRequired\":true,\"valueName\":\"search_term_string\"}}],\"inLanguage\":\"en-GB\"},{\"@type\":\"Organization\",\"@id\":\"https:\\\/\\\/buletin.de\\\/bucuresti\\\/#organization\",\"name\":\"Buletin de Bucure\u0219ti\",\"url\":\"https:\\\/\\\/buletin.de\\\/bucuresti\\\/\",\"logo\":{\"@type\":\"ImageObject\",\"inLanguage\":\"en-GB\",\"@id\":\"https:\\\/\\\/buletin.de\\\/bucuresti\\\/#\\\/schema\\\/logo\\\/image\\\/\",\"url\":\"https:\\\/\\\/buletin.de\\\/bucuresti\\\/wp-content\\\/uploads\\\/logo-bdb-full-wide-vernil-transparent.png\",\"contentUrl\":\"https:\\\/\\\/buletin.de\\\/bucuresti\\\/wp-content\\\/uploads\\\/logo-bdb-full-wide-vernil-transparent.png\",\"width\":1782,\"height\":626,\"caption\":\"Buletin de Bucure\u0219ti\"},\"image\":{\"@id\":\"https:\\\/\\\/buletin.de\\\/bucuresti\\\/#\\\/schema\\\/logo\\\/image\\\/\"},\"sameAs\":[\"https:\\\/\\\/www.facebook.com\\\/buletin.de.buc\",\"https:\\\/\\\/www.instagram.com\\\/buletinde.bucuresti\\\/\"]},{\"@type\":\"Person\",\"@id\":\"https:\\\/\\\/buletin.de\\\/bucuresti\\\/#\\\/schema\\\/person\\\/a76df728dfc913795a9d90e346b253bb\",\"name\":\"R\u0103zvan Chiru\u021b\u0103\",\"image\":{\"@type\":\"ImageObject\",\"inLanguage\":\"en-GB\",\"@id\":\"https:\\\/\\\/buletin.de\\\/bucuresti\\\/wp-content\\\/uploads\\\/Razvan-Chiruta-96x96.jpge7143b996fd4241fbd6ee1f6b6b7b267\",\"url\":\"https:\\\/\\\/buletin.de\\\/bucuresti\\\/wp-content\\\/uploads\\\/Razvan-Chiruta-96x96.jpg\",\"contentUrl\":\"https:\\\/\\\/buletin.de\\\/bucuresti\\\/wp-content\\\/uploads\\\/Razvan-Chiruta-96x96.jpg\",\"caption\":\"R\u0103zvan Chiru\u021b\u0103\"},\"description\":\"R\u0103zvan Chiru\u021b\u0103 este redactor-\u0219ef adjunct din iulie 2024. A fost redactor-\u0219ef al PRESShub \u00eentre 2022 \u0219i iunie 2024. Anterior, a fost redactor-\u0219ef al Newsweek Rom\u00e2nia, din 2018 p\u00e2n\u0103 \u00een 2021, \u0219i al cotidianului Rom\u00e2nia liber\u0103, \u00eentre 2015 \u0219i 2017. Este absolvent de Jurnalism, \u00een cadrul Universit\u0103\u021bii \u201eAl.I.Cuza\u201d din Ia\u0219i, \u0219i a urmat un master \u00een Managementul institu\u021biilor mass-media (f\u0103r\u0103 diserta\u021bie) la Facultatea de Jurnalism \u0219i \u0218tiin\u021bele Comunic\u0103rii din cadrul Universit\u0103\u021bii din Bucure\u0219ti. \u0218i-a \u00eenceput cariera la Opinia studen\u021beasc\u0103, cunoscuta \u0219coal\u0103 de pres\u0103 din Ia\u0219i. A lucrat \u00een presa local\u0103, apoi a devenit corespondent pentru Ia\u0219i al cotidianului Evenimentul Zilei. Din 2004, a coordonat pentru \u0219ase luni sec\u021bia de coresponden\u021bi a Evenimentului Zilei. A mai lucrat la s\u0103pt\u0103m\u00e2nalul Prezent \u0219i a colaborat cu revistele Dilema Veche \u0219i Suplimentul de Cultur\u0103. Este co-autor \u00een volumele \u201eMass-media \u0219i democra\u021bia \u00een Rom\u00e2nia post-comunist\u0103\u201d (ed. a II-a), Ed. Institutul European, Ia\u0219i, 2013, \u0219i \u201eCOVID - 19. Dimensiuni ale gestionarii pandemiei\u201d, Editura Junimea, Ia\u0219i, 2020.\",\"url\":\"https:\\\/\\\/buletin.de\\\/bucuresti\\\/author\\\/razvan-chiruta\\\/\"}]}<\/script>\n<!-- \/ Yoast SEO Premium plugin. -->","yoast_head_json":{"title":"Gabriela Szabo \u0219i-a dat demisia de la CSM Bucure\u0219ti, la trei zile dup\u0103 ce a fost repus\u0103 \u00een func\u021bie. D\u0103 vina pe Nicu\u0219or Dan - Buletin de Bucure\u0219ti","description":"Gabriela Szabo \u0219i-a dat demisia de la CSM Bucure\u0219ti, la trei zile dup\u0103 ce a fost repus\u0103 \u00een func\u021bie. \u00cel acuz\u0103 pe Nicu\u0219or Dan.","robots":{"index":"index","follow":"follow","max-snippet":"max-snippet:-1","max-image-preview":"max-image-preview:large","max-video-preview":"max-video-preview:-1"},"canonical":"https:\/\/buletin.de\/bucuresti\/gabriela-szabo-si-a-dat-demisia-de-la-csm-bucuresti\/","og_locale":"en_GB","og_type":"article","og_title":"Gabriela Szabo \u0219i-a dat demisia de la CSM Bucure\u0219ti, la trei zile dup\u0103 ce a fost repus\u0103 \u00een func\u021bie. D\u0103 vina pe Nicu\u0219or Dan","og_description":"Gabriela Szabo \u0219i-a dat demisia de la CSM Bucure\u0219ti, la trei zile dup\u0103 ce a fost repus\u0103 \u00een func\u021bie. \u00cel acuz\u0103 pe Nicu\u0219or Dan.","og_url":"https:\/\/buletin.de\/bucuresti\/gabriela-szabo-si-a-dat-demisia-de-la-csm-bucuresti\/","og_site_name":"Buletin de Bucure\u0219ti","article_publisher":"https:\/\/www.facebook.com\/buletin.de.buc","article_published_time":"2025-02-04T08:45:19+00:00","article_modified_time":"2025-02-04T15:34:20+00:00","og_image":[{"width":1200,"height":800,"url":"https:\/\/buletin.de\/bucuresti\/wp-content\/uploads\/szabo_INQUAM_Photos_Sabin_Cirstoveanu.jpg","type":"image\/jpeg"}],"author":"R\u0103zvan Chiru\u021b\u0103","twitter_card":"summary_large_image","twitter_misc":{"Written by":"R\u0103zvan Chiru\u021b\u0103","Estimated reading time":"4 minutes"},"schema":{"@context":"https:\/\/schema.org","@graph":[{"@type":"Article","@id":"https:\/\/buletin.de\/bucuresti\/gabriela-szabo-si-a-dat-demisia-de-la-csm-bucuresti\/#article","isPartOf":{"@id":"https:\/\/buletin.de\/bucuresti\/gabriela-szabo-si-a-dat-demisia-de-la-csm-bucuresti\/"},"author":{"name":"R\u0103zvan Chiru\u021b\u0103","@id":"https:\/\/buletin.de\/bucuresti\/#\/schema\/person\/a76df728dfc913795a9d90e346b253bb"},"headline":"Gabriela Szabo \u0219i-a dat demisia de la CSM Bucure\u0219ti, la trei zile dup\u0103 ce a fost repus\u0103 \u00een func\u021bie. D\u0103 vina pe Nicu\u0219or Dan","datePublished":"2025-02-04T08:45:19+00:00","dateModified":"2025-02-04T15:34:20+00:00","mainEntityOfPage":{"@id":"https:\/\/buletin.de\/bucuresti\/gabriela-szabo-si-a-dat-demisia-de-la-csm-bucuresti\/"},"wordCount":894,"publisher":{"@id":"https:\/\/buletin.de\/bucuresti\/#organization"},"image":{"@id":"https:\/\/buletin.de\/bucuresti\/gabriela-szabo-si-a-dat-demisia-de-la-csm-bucuresti\/#primaryimage"},"thumbnailUrl":"https:\/\/buletin.de\/bucuresti\/wp-content\/uploads\/szabo_INQUAM_Photos_Sabin_Cirstoveanu.jpg","keywords":["CSM","csm bucuresti","demisie szabo","Gabriela Szabo","nicusor dan"],"articleSection":["Articole","Main","Politic"],"inLanguage":"en-GB","copyrightYear":"2025","copyrightHolder":{"@id":"https:\/\/buletin.de\/bucuresti\/#organization"}},{"@type":"WebPage","@id":"https:\/\/buletin.de\/bucuresti\/gabriela-szabo-si-a-dat-demisia-de-la-csm-bucuresti\/","url":"https:\/\/buletin.de\/bucuresti\/gabriela-szabo-si-a-dat-demisia-de-la-csm-bucuresti\/","name":"Gabriela Szabo \u0219i-a dat demisia de la CSM Bucure\u0219ti, la trei zile dup\u0103 ce a fost repus\u0103 \u00een func\u021bie. D\u0103 vina pe Nicu\u0219or Dan - Buletin de Bucure\u0219ti","isPartOf":{"@id":"https:\/\/buletin.de\/bucuresti\/#website"},"primaryImageOfPage":{"@id":"https:\/\/buletin.de\/bucuresti\/gabriela-szabo-si-a-dat-demisia-de-la-csm-bucuresti\/#primaryimage"},"image":{"@id":"https:\/\/buletin.de\/bucuresti\/gabriela-szabo-si-a-dat-demisia-de-la-csm-bucuresti\/#primaryimage"},"thumbnailUrl":"https:\/\/buletin.de\/bucuresti\/wp-content\/uploads\/szabo_INQUAM_Photos_Sabin_Cirstoveanu.jpg","datePublished":"2025-02-04T08:45:19+00:00","dateModified":"2025-02-04T15:34:20+00:00","description":"Gabriela Szabo \u0219i-a dat demisia de la CSM Bucure\u0219ti, la trei zile dup\u0103 ce a fost repus\u0103 \u00een func\u021bie. \u00cel acuz\u0103 pe Nicu\u0219or Dan.","breadcrumb":{"@id":"https:\/\/buletin.de\/bucuresti\/gabriela-szabo-si-a-dat-demisia-de-la-csm-bucuresti\/#breadcrumb"},"inLanguage":"en-GB","potentialAction":[{"@type":"ReadAction","target":["https:\/\/buletin.de\/bucuresti\/gabriela-szabo-si-a-dat-demisia-de-la-csm-bucuresti\/"]}]},{"@type":"ImageObject","inLanguage":"en-GB","@id":"https:\/\/buletin.de\/bucuresti\/gabriela-szabo-si-a-dat-demisia-de-la-csm-bucuresti\/#primaryimage","url":"https:\/\/buletin.de\/bucuresti\/wp-content\/uploads\/szabo_INQUAM_Photos_Sabin_Cirstoveanu.jpg","contentUrl":"https:\/\/buletin.de\/bucuresti\/wp-content\/uploads\/szabo_INQUAM_Photos_Sabin_Cirstoveanu.jpg","width":1200,"height":800,"caption":"Gabriela Szabo \u0219i-a dat demisia de la CSM Bucure\u0219ti Foto: Inquam Photos \/ Sabin Cirstoveanu"},{"@type":"BreadcrumbList","@id":"https:\/\/buletin.de\/bucuresti\/gabriela-szabo-si-a-dat-demisia-de-la-csm-bucuresti\/#breadcrumb","itemListElement":[{"@type":"ListItem","position":1,"name":"Acas\u0103","item":"https:\/\/buletin.de\/bucuresti\/"},{"@type":"ListItem","position":2,"name":"Gabriela Szabo \u0219i-a dat demisia de la CSM Bucure\u0219ti, la trei zile dup\u0103 ce a fost repus\u0103 \u00een func\u021bie. D\u0103 vina pe Nicu\u0219or Dan"}]},{"@type":"WebSite","@id":"https:\/\/buletin.de\/bucuresti\/#website","url":"https:\/\/buletin.de\/bucuresti\/","name":"Buletin de Bucure\u0219ti","description":"\u0218tiri \u0219i investiga\u021bii esen\u021biale din capital\u0103","publisher":{"@id":"https:\/\/buletin.de\/bucuresti\/#organization"},"potentialAction":[{"@type":"SearchAction","target":{"@type":"EntryPoint","urlTemplate":"https:\/\/buletin.de\/bucuresti\/?s={search_term_string}"},"query-input":{"@type":"PropertyValueSpecification","valueRequired":true,"valueName":"search_term_string"}}],"inLanguage":"en-GB"},{"@type":"Organization","@id":"https:\/\/buletin.de\/bucuresti\/#organization","name":"Buletin de Bucure\u0219ti","url":"https:\/\/buletin.de\/bucuresti\/","logo":{"@type":"ImageObject","inLanguage":"en-GB","@id":"https:\/\/buletin.de\/bucuresti\/#\/schema\/logo\/image\/","url":"https:\/\/buletin.de\/bucuresti\/wp-content\/uploads\/logo-bdb-full-wide-vernil-transparent.png","contentUrl":"https:\/\/buletin.de\/bucuresti\/wp-content\/uploads\/logo-bdb-full-wide-vernil-transparent.png","width":1782,"height":626,"caption":"Buletin de Bucure\u0219ti"},"image":{"@id":"https:\/\/buletin.de\/bucuresti\/#\/schema\/logo\/image\/"},"sameAs":["https:\/\/www.facebook.com\/buletin.de.buc","https:\/\/www.instagram.com\/buletinde.bucuresti\/"]},{"@type":"Person","@id":"https:\/\/buletin.de\/bucuresti\/#\/schema\/person\/a76df728dfc913795a9d90e346b253bb","name":"R\u0103zvan Chiru\u021b\u0103","image":{"@type":"ImageObject","inLanguage":"en-GB","@id":"https:\/\/buletin.de\/bucuresti\/wp-content\/uploads\/Razvan-Chiruta-96x96.jpge7143b996fd4241fbd6ee1f6b6b7b267","url":"https:\/\/buletin.de\/bucuresti\/wp-content\/uploads\/Razvan-Chiruta-96x96.jpg","contentUrl":"https:\/\/buletin.de\/bucuresti\/wp-content\/uploads\/Razvan-Chiruta-96x96.jpg","caption":"R\u0103zvan Chiru\u021b\u0103"},"description":"R\u0103zvan Chiru\u021b\u0103 este redactor-\u0219ef adjunct din iulie 2024. A fost redactor-\u0219ef al PRESShub \u00eentre 2022 \u0219i iunie 2024. Anterior, a fost redactor-\u0219ef al Newsweek Rom\u00e2nia, din 2018 p\u00e2n\u0103 \u00een 2021, \u0219i al cotidianului Rom\u00e2nia liber\u0103, \u00eentre 2015 \u0219i 2017. Este absolvent de Jurnalism, \u00een cadrul Universit\u0103\u021bii \u201eAl.I.Cuza\u201d din Ia\u0219i, \u0219i a urmat un master \u00een Managementul institu\u021biilor mass-media (f\u0103r\u0103 diserta\u021bie) la Facultatea de Jurnalism \u0219i \u0218tiin\u021bele Comunic\u0103rii din cadrul Universit\u0103\u021bii din Bucure\u0219ti. \u0218i-a \u00eenceput cariera la Opinia studen\u021beasc\u0103, cunoscuta \u0219coal\u0103 de pres\u0103 din Ia\u0219i. A lucrat \u00een presa local\u0103, apoi a devenit corespondent pentru Ia\u0219i al cotidianului Evenimentul Zilei. Din 2004, a coordonat pentru \u0219ase luni sec\u021bia de coresponden\u021bi a Evenimentului Zilei. A mai lucrat la s\u0103pt\u0103m\u00e2nalul Prezent \u0219i a colaborat cu revistele Dilema Veche \u0219i Suplimentul de Cultur\u0103. Este co-autor \u00een volumele \u201eMass-media \u0219i democra\u021bia \u00een Rom\u00e2nia post-comunist\u0103\u201d (ed. a II-a), Ed. Institutul European, Ia\u0219i, 2013, \u0219i \u201eCOVID - 19. Dimensiuni ale gestionarii pandemiei\u201d, Editura Junimea, Ia\u0219i, 2020.","url":"https:\/\/buletin.de\/bucuresti\/author\/razvan-chiruta\/"}]}},"authors":[{"term_id":22582,"user_id":60,"is_guest":0,"slug":"razvan-chiruta","display_name":"R\u0103zvan Chiru\u021b\u0103","avatar_url":"https:\/\/buletin.de\/bucuresti\/wp-content\/uploads\/Razvan-Chiruta-96x96.jpg","0":null,"1":"","2":"","3":"","4":"","5":"","6":"","7":"","8":""}],"_links":{"self":[{"href":"https:\/\/buletin.de\/bucuresti\/wp-json\/wp\/v2\/posts\/116938","targetHints":{"allow":["GET"]}}],"collection":[{"href":"https:\/\/buletin.de\/bucuresti\/wp-json\/wp\/v2\/posts"}],"about":[{"href":"https:\/\/buletin.de\/bucuresti\/wp-json\/wp\/v2\/types\/post"}],"author":[{"embeddable":true,"href":"https:\/\/buletin.de\/bucuresti\/wp-json\/wp\/v2\/users\/60"}],"replies":[{"embeddable":true,"href":"https:\/\/buletin.de\/bucuresti\/wp-json\/wp\/v2\/comments?post=116938"}],"version-history":[{"count":10,"href":"https:\/\/buletin.de\/bucuresti\/wp-json\/wp\/v2\/posts\/116938\/revisions"}],"predecessor-version":[{"id":117024,"href":"https:\/\/buletin.de\/bucuresti\/wp-json\/wp\/v2\/posts\/116938\/revisions\/117024"}],"wp:featuredmedia":[{"embeddable":true,"href":"https:\/\/buletin.de\/bucuresti\/wp-json\/wp\/v2\/media\/116940"}],"wp:attachment":[{"href":"https:\/\/buletin.de\/bucuresti\/wp-json\/wp\/v2\/media?parent=116938"}],"wp:term":[{"taxonomy":"category","embeddable":true,"href":"https:\/\/buletin.de\/bucuresti\/wp-json\/wp\/v2\/categories?post=116938"},{"taxonomy":"post_tag","embeddable":true,"href":"https:\/\/buletin.de\/bucuresti\/wp-json\/wp\/v2\/tags?post=116938"},{"taxonomy":"author","embeddable":true,"href":"https:\/\/buletin.de\/bucuresti\/wp-json\/wp\/v2\/ppma_author?post=116938"}],"curies":[{"name":"wp","href":"https:\/\/api.w.org\/{rel}","templated":true}]}}