{"id":116869,"date":"2025-02-03T18:25:12","date_gmt":"2025-02-03T15:25:12","guid":{"rendered":"https:\/\/buletin.de\/bucuresti\/?p=116869"},"modified":"2025-02-03T18:50:13","modified_gmt":"2025-02-03T15:50:13","slug":"nicusor-dan-acuza-guvernul-ca-blocheaza-santierul-patinoarului-flamaropol-eram-gata-sa-incepem-nu-avem-banii","status":"publish","type":"post","link":"https:\/\/buletin.de\/bucuresti\/nicusor-dan-acuza-guvernul-ca-blocheaza-santierul-patinoarului-flamaropol-eram-gata-sa-incepem-nu-avem-banii\/","title":{"rendered":"Nicu\u0219or Dan acuz\u0103 Guvernul c\u0103 blocheaz\u0103 \u0219antierul patinoarului Flamaropol. \u201eEram gata s\u0103 \u00eencepem, nu avem banii\u201d"},"content":{"rendered":"\n<p><strong>Primarul Nicu\u0219or Dan acuz\u0103 Guvernul c\u0103, prin diminuarea aloc\u0103rilor bugetare pentru Prim\u0103ria General\u0103, blocheaz\u0103 \u0219antierul patinoarului Flamaropol, unde au fost \u00eendeplinite toate etapele pentru demararea construc\u021biei. <\/strong><\/p>\n\n\n\n<p>\u201eCoali\u021bia PSD-PNL-UDMR taie fonduri pentru proiectele esen\u021biale ale Capitalei, iar patinoarul \u0219i bazinul de \u00eenot Mihai Flamaropol sunt un alt exemplu clar de sabotaj!<\/p>\n\n\n\n<p><strong>Avem toate avizele \u0219i suntem gata s\u0103 \u00eencepem lucr\u0103rile, dar Guvernul a redirec\u021bionat bugetul c\u0103tre primarii de partid, l\u0103s\u00e2nd Bucure\u0219tiul f\u0103r\u0103 sus\u021binere pentru dezvoltare.<\/strong><\/p>\n\n\n\n<p>Investi\u021bia necesar\u0103 pentru acest proiect, care include o aren\u0103 sportiv\u0103, un patinoar artificial, un centru sportiv multifunc\u021bional, spa\u021bii pentru recuperare, bazin de \u00eenot \u0219i multe altele, dep\u0103\u0219e\u0219te 100 de milioane de lei.<\/p>\n\n\n\n<p>\u00cen loc s\u0103 sprijine dezvoltarea real\u0103 a ora\u0219ului, Guvernul prefer\u0103 s\u0103 finan\u021beze proiecte politice \u0219i s\u0103 ignore nevoile reale\u201d, a transmis Nicu\u0219or Dan.<\/p>\n\n\n\n<iframe src=\"https:\/\/www.facebook.com\/plugins\/video.php?height=476&#038;href=https%3A%2F%2Fwww.facebook.com%2FNicusorDan.ro%2Fvideos%2F998739478969185%2F&#038;show_text=false&#038;width=267&#038;t=0\" width=\"267\" height=\"476\" style=\"border:none;overflow:hidden\" scrolling=\"no\" frameborder=\"0\" allowfullscreen=\"true\" allow=\"autoplay; clipboard-write; encrypted-media; picture-in-picture; web-share\" allowFullScreen=\"true\"><\/iframe>\n\n\n\n<p><strong>CITE\u0218TE \u0218I: <a href=\"https:\/\/buletin.de\/bucuresti\/nicusor-dan-cu-bugetul-asta-nu-mai-vad-relevanta-majoritatii-din-consiliul-general\/\" target=\"_blank\" rel=\"noreferrer noopener\">Nicu\u015for Dan: \u201eCu bugetul \u0103sta nu mai v\u0103d relevan\u0163a majorit\u0103\u0163ii<\/a> din Consiliul General!\u201d<\/strong><\/p>\n\n\n\n<h2 class=\"wp-block-heading\" id=\"h-a-fost-semnat-contractul-pentru-\u0219antierul-patinoarului-flamaropol\">A fost semnat contractul pentru \u0219antierul patinoarului Flamaropol<\/h2>\n\n\n\n<p>Primarul general a men\u021bionat c\u0103 a fost semnat contractul cu firma care s\u0103 reconstruiasc\u0103 patinoarul \u201eMihai Flamaropol\u201d.<\/p>\n\n\n\n<p>\u201eAm f\u0103cut expertiza, am semnat contractul, am f\u0103cut proiectul tehnic, avem autoriza\u021bie. Eram gata s\u0103 \u00eencepem. Nu avem banii\u201d, s-a pl\u00e2ns Nicu\u0219or Dan.<\/p>\n\n\n\n<p>Primarul general a criticat bugetul propus de Guvern, <strong>care a redus sumele alocate pentru Prim\u0103ria Bucure\u015ftiului \u0219i le-a m\u0103rit pe cele pentru sectoare. <\/strong><\/p>\n\n\n\n<p>Probleme uria\u015fe, precum\u00a0<a href=\"https:\/\/buletin.de\/bucuresti\/cele-trei-pasaje-care-vor-intra-in-reparatii-in-2025-anuntul-lui-nicusor-dan\/\">refacerea pasajelor care sunt \u00eentr-o stare deplorabil\u0103<\/a>\u00a0sau terminarea\u00a0<a href=\"https:\/\/buletin.de\/bucuresti\/primul-transplant-de-tendon-din-romania-facut-la-spitalul-colentina\/\">b\u0103ncii de \u0163esuturi<\/a>\u00a0de la spitalul Colentina nu vor mai avea finan\u0163are, cu actualul buget, a avertizat \u0219i s\u0103pt\u0103m\u00e2na trecut\u0103 primarul Nicu\u015for Dan.<\/p>\n\n\n\n<p>Mai exact, banii vor ajunge numai pentru \u201e<strong>subven\u0163iile la STB \u015fi termoficare, ni\u015fte pl\u0103\u0163i curente \u015fi nicio investi\u0163ie<\/strong>\u201d, a transmis\u00a0<a href=\"https:\/\/pmb.ro\/\">primarul<\/a>, \u00een conferin\u0163a de pres\u0103 organizat\u0103 pe 31 ianuarie. <\/p>\n\n\n\n<p>\u201e\u0102sta este motivul pentru care Bucure\u015ftiul are un deficit de dezvoltare fa\u0163\u0103 de celelalte ora\u015fe din Rom\u00e2nia!\u201d, a ad\u0103ugat Nicu\u0219or Dan.<\/p>\n\n\n\n<p>Primarul a afirmat tran\u015fant c\u0103 este vorba de \u201e<strong>pu\u015fculi\u0163a de partid care are \u00eent\u00e2ietate \u00een fa\u0163a rom\u00e2nilor<\/strong>\u201d. \u00centrebat dac\u0103 este o r\u0103zbunare a coali\u0163iei de guvernare pentru faptul c\u0103 \u015fi-a anun\u0163at candidatura la preziden\u0163iale, Nicu\u015for Dan a spus c\u0103 mai degrab\u0103 \u201eare leg\u0103tur\u0103 cu p\u0103strarea pavelelor domnului Negoi\u0163\u0103!\u201d.<\/p>\n\n\n\n<p><strong>CITE\u0218TE \u0218I: <a href=\"https:\/\/buletin.de\/bucuresti\/n-dan-contraatac-dupa-ce-a-iesit-proiectul-de-buget-care-ii-taie-din-bani-pusculita-de-partid-are-intaietate-in-fata-romanilor\/\" target=\"_blank\" rel=\"noreferrer noopener\">N. Dan, contraatac dup\u0103 ce a ie\u015fit proiectul de buget care \u00eei taie din bani: \u201ePu\u015fculi\u0163a de partid are \u00eent\u00e2ietate \u00een fa\u0163a rom\u00e2nilor!\u201d<\/a><\/strong><\/p>\n","protected":false},"excerpt":{"rendered":"<p>Primarul Nicu\u0219or Dan acuz\u0103 Guvernul c\u0103, prin diminuarea aloc\u0103rilor bugetare pentru Prim\u0103ria General\u0103, blocheaz\u0103 \u0219antierul patinoarului Flamaropol, unde au fost \u00eendeplinite toate etapele pentru demararea construc\u021biei. \u201eCoali\u021bia PSD-PNL-UDMR taie fonduri pentru proiectele esen\u021biale ale Capitalei, iar patinoarul \u0219i bazinul de \u00eenot Mihai Flamaropol sunt un alt exemplu clar de sabotaj! Avem toate avizele \u0219i suntem [&hellip;]<\/p>\n","protected":false},"author":60,"featured_media":116870,"comment_status":"closed","ping_status":"open","sticky":false,"template":"","format":"standard","meta":{"_acf_changed":false,"inline_featured_image":false,"ngg_post_thumbnail":0,"footnotes":""},"categories":[6994,5762,24],"tags":[292,585,18831,18893,223,10129],"ppma_author":[22582],"class_list":["post-116869","post","type-post","status-publish","format-standard","has-post-thumbnail","hentry","category-stiri-2","category-main","category-primarie","tag-buget","tag-buget-bucuresti","tag-buget-capitala-2025","tag-guvern-bucuresti","tag-nicusor-dan","tag-nicusor-dan-primarul-capitalei"],"acf":[],"yoast_head":"<!-- This site is optimized with the Yoast SEO Premium plugin v25.3 (Yoast SEO v27.5) - https:\/\/yoast.com\/product\/yoast-seo-premium-wordpress\/ -->\n<title>Nicu\u0219or Dan acuz\u0103 Guvernul c\u0103 blocheaz\u0103 \u0219antierul patinoarului Flamaropol. \u201eEram gata s\u0103 \u00eencepem, nu avem banii\u201d - Buletin de Bucure\u0219ti<\/title>\n<meta name=\"description\" content=\"Nicu\u0219or Dan acuz\u0103 Guvernul c\u0103 blocheaz\u0103 \u0219antierul patinoarului Flamaropol. \u201eEram gata s\u0103 \u00eencepem, nu avem banii\u201d.\" \/>\n<meta name=\"robots\" content=\"index, follow, max-snippet:-1, max-image-preview:large, max-video-preview:-1\" \/>\n<link rel=\"canonical\" href=\"https:\/\/buletin.de\/bucuresti\/nicusor-dan-acuza-guvernul-ca-blocheaza-santierul-patinoarului-flamaropol-eram-gata-sa-incepem-nu-avem-banii\/\" \/>\n<meta property=\"og:locale\" content=\"en_GB\" \/>\n<meta property=\"og:type\" content=\"article\" \/>\n<meta property=\"og:title\" content=\"Nicu\u0219or Dan acuz\u0103 Guvernul c\u0103 blocheaz\u0103 \u0219antierul patinoarului Flamaropol. \u201eEram gata s\u0103 \u00eencepem, nu avem banii\u201d\" \/>\n<meta property=\"og:description\" content=\"Nicu\u0219or Dan acuz\u0103 Guvernul c\u0103 blocheaz\u0103 \u0219antierul patinoarului Flamaropol. \u201eEram gata s\u0103 \u00eencepem, nu avem banii\u201d.\" \/>\n<meta property=\"og:url\" content=\"https:\/\/buletin.de\/bucuresti\/nicusor-dan-acuza-guvernul-ca-blocheaza-santierul-patinoarului-flamaropol-eram-gata-sa-incepem-nu-avem-banii\/\" \/>\n<meta property=\"og:site_name\" content=\"Buletin de Bucure\u0219ti\" \/>\n<meta property=\"article:publisher\" content=\"https:\/\/www.facebook.com\/buletin.de.buc\" \/>\n<meta property=\"article:published_time\" content=\"2025-02-03T15:25:12+00:00\" \/>\n<meta property=\"article:modified_time\" content=\"2025-02-03T15:50:13+00:00\" \/>\n<meta property=\"og:image\" content=\"https:\/\/buletin.de\/bucuresti\/wp-content\/uploads\/nicusordan-2.png\" \/>\n\t<meta property=\"og:image:width\" content=\"1200\" \/>\n\t<meta property=\"og:image:height\" content=\"748\" \/>\n\t<meta property=\"og:image:type\" content=\"image\/png\" \/>\n<meta name=\"author\" content=\"R\u0103zvan Chiru\u021b\u0103\" \/>\n<meta name=\"twitter:card\" content=\"summary_large_image\" \/>\n<meta name=\"twitter:label1\" content=\"Written by\" \/>\n\t<meta name=\"twitter:data1\" content=\"R\u0103zvan Chiru\u021b\u0103\" \/>\n\t<meta name=\"twitter:label2\" content=\"Estimated reading time\" \/>\n\t<meta name=\"twitter:data2\" content=\"2 minutes\" \/>\n<script type=\"application\/ld+json\" class=\"yoast-schema-graph\">{\"@context\":\"https:\\\/\\\/schema.org\",\"@graph\":[{\"@type\":\"Article\",\"@id\":\"https:\\\/\\\/buletin.de\\\/bucuresti\\\/nicusor-dan-acuza-guvernul-ca-blocheaza-santierul-patinoarului-flamaropol-eram-gata-sa-incepem-nu-avem-banii\\\/#article\",\"isPartOf\":{\"@id\":\"https:\\\/\\\/buletin.de\\\/bucuresti\\\/nicusor-dan-acuza-guvernul-ca-blocheaza-santierul-patinoarului-flamaropol-eram-gata-sa-incepem-nu-avem-banii\\\/\"},\"author\":{\"name\":\"R\u0103zvan Chiru\u021b\u0103\",\"@id\":\"https:\\\/\\\/buletin.de\\\/bucuresti\\\/#\\\/schema\\\/person\\\/a76df728dfc913795a9d90e346b253bb\"},\"headline\":\"Nicu\u0219or Dan acuz\u0103 Guvernul c\u0103 blocheaz\u0103 \u0219antierul patinoarului Flamaropol. \u201eEram gata s\u0103 \u00eencepem, nu avem banii\u201d\",\"datePublished\":\"2025-02-03T15:25:12+00:00\",\"dateModified\":\"2025-02-03T15:50:13+00:00\",\"mainEntityOfPage\":{\"@id\":\"https:\\\/\\\/buletin.de\\\/bucuresti\\\/nicusor-dan-acuza-guvernul-ca-blocheaza-santierul-patinoarului-flamaropol-eram-gata-sa-incepem-nu-avem-banii\\\/\"},\"wordCount\":461,\"publisher\":{\"@id\":\"https:\\\/\\\/buletin.de\\\/bucuresti\\\/#organization\"},\"image\":{\"@id\":\"https:\\\/\\\/buletin.de\\\/bucuresti\\\/nicusor-dan-acuza-guvernul-ca-blocheaza-santierul-patinoarului-flamaropol-eram-gata-sa-incepem-nu-avem-banii\\\/#primaryimage\"},\"thumbnailUrl\":\"https:\\\/\\\/buletin.de\\\/bucuresti\\\/wp-content\\\/uploads\\\/nicusordan-2.png\",\"keywords\":[\"buget\",\"buget bucuresti\",\"buget capitala 2025\",\"guvern bucuresti\",\"nicusor dan\",\"nicusor dan primarul capitalei\"],\"articleSection\":[\"Articole\",\"Main\",\"Prim\u0103rie\"],\"inLanguage\":\"en-GB\",\"copyrightYear\":\"2025\",\"copyrightHolder\":{\"@id\":\"https:\\\/\\\/buletin.de\\\/bucuresti\\\/#organization\"}},{\"@type\":\"WebPage\",\"@id\":\"https:\\\/\\\/buletin.de\\\/bucuresti\\\/nicusor-dan-acuza-guvernul-ca-blocheaza-santierul-patinoarului-flamaropol-eram-gata-sa-incepem-nu-avem-banii\\\/\",\"url\":\"https:\\\/\\\/buletin.de\\\/bucuresti\\\/nicusor-dan-acuza-guvernul-ca-blocheaza-santierul-patinoarului-flamaropol-eram-gata-sa-incepem-nu-avem-banii\\\/\",\"name\":\"Nicu\u0219or Dan acuz\u0103 Guvernul c\u0103 blocheaz\u0103 \u0219antierul patinoarului Flamaropol. \u201eEram gata s\u0103 \u00eencepem, nu avem banii\u201d - Buletin de Bucure\u0219ti\",\"isPartOf\":{\"@id\":\"https:\\\/\\\/buletin.de\\\/bucuresti\\\/#website\"},\"primaryImageOfPage\":{\"@id\":\"https:\\\/\\\/buletin.de\\\/bucuresti\\\/nicusor-dan-acuza-guvernul-ca-blocheaza-santierul-patinoarului-flamaropol-eram-gata-sa-incepem-nu-avem-banii\\\/#primaryimage\"},\"image\":{\"@id\":\"https:\\\/\\\/buletin.de\\\/bucuresti\\\/nicusor-dan-acuza-guvernul-ca-blocheaza-santierul-patinoarului-flamaropol-eram-gata-sa-incepem-nu-avem-banii\\\/#primaryimage\"},\"thumbnailUrl\":\"https:\\\/\\\/buletin.de\\\/bucuresti\\\/wp-content\\\/uploads\\\/nicusordan-2.png\",\"datePublished\":\"2025-02-03T15:25:12+00:00\",\"dateModified\":\"2025-02-03T15:50:13+00:00\",\"description\":\"Nicu\u0219or Dan acuz\u0103 Guvernul c\u0103 blocheaz\u0103 \u0219antierul patinoarului Flamaropol. \u201eEram gata s\u0103 \u00eencepem, nu avem banii\u201d.\",\"breadcrumb\":{\"@id\":\"https:\\\/\\\/buletin.de\\\/bucuresti\\\/nicusor-dan-acuza-guvernul-ca-blocheaza-santierul-patinoarului-flamaropol-eram-gata-sa-incepem-nu-avem-banii\\\/#breadcrumb\"},\"inLanguage\":\"en-GB\",\"potentialAction\":[{\"@type\":\"ReadAction\",\"target\":[\"https:\\\/\\\/buletin.de\\\/bucuresti\\\/nicusor-dan-acuza-guvernul-ca-blocheaza-santierul-patinoarului-flamaropol-eram-gata-sa-incepem-nu-avem-banii\\\/\"]}]},{\"@type\":\"ImageObject\",\"inLanguage\":\"en-GB\",\"@id\":\"https:\\\/\\\/buletin.de\\\/bucuresti\\\/nicusor-dan-acuza-guvernul-ca-blocheaza-santierul-patinoarului-flamaropol-eram-gata-sa-incepem-nu-avem-banii\\\/#primaryimage\",\"url\":\"https:\\\/\\\/buletin.de\\\/bucuresti\\\/wp-content\\\/uploads\\\/nicusordan-2.png\",\"contentUrl\":\"https:\\\/\\\/buletin.de\\\/bucuresti\\\/wp-content\\\/uploads\\\/nicusordan-2.png\",\"width\":1200,\"height\":748,\"caption\":\"Nicu\u0219or Dan acuz\u0103 Guvernul c\u0103 blocheaz\u0103 \u0219antierul patinoarului Flamaropol\"},{\"@type\":\"BreadcrumbList\",\"@id\":\"https:\\\/\\\/buletin.de\\\/bucuresti\\\/nicusor-dan-acuza-guvernul-ca-blocheaza-santierul-patinoarului-flamaropol-eram-gata-sa-incepem-nu-avem-banii\\\/#breadcrumb\",\"itemListElement\":[{\"@type\":\"ListItem\",\"position\":1,\"name\":\"Acas\u0103\",\"item\":\"https:\\\/\\\/buletin.de\\\/bucuresti\\\/\"},{\"@type\":\"ListItem\",\"position\":2,\"name\":\"Nicu\u0219or Dan acuz\u0103 Guvernul c\u0103 blocheaz\u0103 \u0219antierul patinoarului Flamaropol. \u201eEram gata s\u0103 \u00eencepem, nu avem banii\u201d\"}]},{\"@type\":\"WebSite\",\"@id\":\"https:\\\/\\\/buletin.de\\\/bucuresti\\\/#website\",\"url\":\"https:\\\/\\\/buletin.de\\\/bucuresti\\\/\",\"name\":\"Buletin de Bucure\u0219ti\",\"description\":\"\u0218tiri \u0219i investiga\u021bii esen\u021biale din capital\u0103\",\"publisher\":{\"@id\":\"https:\\\/\\\/buletin.de\\\/bucuresti\\\/#organization\"},\"potentialAction\":[{\"@type\":\"SearchAction\",\"target\":{\"@type\":\"EntryPoint\",\"urlTemplate\":\"https:\\\/\\\/buletin.de\\\/bucuresti\\\/?s={search_term_string}\"},\"query-input\":{\"@type\":\"PropertyValueSpecification\",\"valueRequired\":true,\"valueName\":\"search_term_string\"}}],\"inLanguage\":\"en-GB\"},{\"@type\":\"Organization\",\"@id\":\"https:\\\/\\\/buletin.de\\\/bucuresti\\\/#organization\",\"name\":\"Buletin de Bucure\u0219ti\",\"url\":\"https:\\\/\\\/buletin.de\\\/bucuresti\\\/\",\"logo\":{\"@type\":\"ImageObject\",\"inLanguage\":\"en-GB\",\"@id\":\"https:\\\/\\\/buletin.de\\\/bucuresti\\\/#\\\/schema\\\/logo\\\/image\\\/\",\"url\":\"https:\\\/\\\/buletin.de\\\/bucuresti\\\/wp-content\\\/uploads\\\/logo-bdb-full-wide-vernil-transparent.png\",\"contentUrl\":\"https:\\\/\\\/buletin.de\\\/bucuresti\\\/wp-content\\\/uploads\\\/logo-bdb-full-wide-vernil-transparent.png\",\"width\":1782,\"height\":626,\"caption\":\"Buletin de Bucure\u0219ti\"},\"image\":{\"@id\":\"https:\\\/\\\/buletin.de\\\/bucuresti\\\/#\\\/schema\\\/logo\\\/image\\\/\"},\"sameAs\":[\"https:\\\/\\\/www.facebook.com\\\/buletin.de.buc\",\"https:\\\/\\\/www.instagram.com\\\/buletinde.bucuresti\\\/\"]},{\"@type\":\"Person\",\"@id\":\"https:\\\/\\\/buletin.de\\\/bucuresti\\\/#\\\/schema\\\/person\\\/a76df728dfc913795a9d90e346b253bb\",\"name\":\"R\u0103zvan Chiru\u021b\u0103\",\"image\":{\"@type\":\"ImageObject\",\"inLanguage\":\"en-GB\",\"@id\":\"https:\\\/\\\/buletin.de\\\/bucuresti\\\/wp-content\\\/uploads\\\/Razvan-Chiruta-96x96.jpge7143b996fd4241fbd6ee1f6b6b7b267\",\"url\":\"https:\\\/\\\/buletin.de\\\/bucuresti\\\/wp-content\\\/uploads\\\/Razvan-Chiruta-96x96.jpg\",\"contentUrl\":\"https:\\\/\\\/buletin.de\\\/bucuresti\\\/wp-content\\\/uploads\\\/Razvan-Chiruta-96x96.jpg\",\"caption\":\"R\u0103zvan Chiru\u021b\u0103\"},\"description\":\"R\u0103zvan Chiru\u021b\u0103 este redactor-\u0219ef adjunct din iulie 2024. A fost redactor-\u0219ef al PRESShub \u00eentre 2022 \u0219i iunie 2024. Anterior, a fost redactor-\u0219ef al Newsweek Rom\u00e2nia, din 2018 p\u00e2n\u0103 \u00een 2021, \u0219i al cotidianului Rom\u00e2nia liber\u0103, \u00eentre 2015 \u0219i 2017. Este absolvent de Jurnalism, \u00een cadrul Universit\u0103\u021bii \u201eAl.I.Cuza\u201d din Ia\u0219i, \u0219i a urmat un master \u00een Managementul institu\u021biilor mass-media (f\u0103r\u0103 diserta\u021bie) la Facultatea de Jurnalism \u0219i \u0218tiin\u021bele Comunic\u0103rii din cadrul Universit\u0103\u021bii din Bucure\u0219ti. \u0218i-a \u00eenceput cariera la Opinia studen\u021beasc\u0103, cunoscuta \u0219coal\u0103 de pres\u0103 din Ia\u0219i. A lucrat \u00een presa local\u0103, apoi a devenit corespondent pentru Ia\u0219i al cotidianului Evenimentul Zilei. Din 2004, a coordonat pentru \u0219ase luni sec\u021bia de coresponden\u021bi a Evenimentului Zilei. A mai lucrat la s\u0103pt\u0103m\u00e2nalul Prezent \u0219i a colaborat cu revistele Dilema Veche \u0219i Suplimentul de Cultur\u0103. Este co-autor \u00een volumele \u201eMass-media \u0219i democra\u021bia \u00een Rom\u00e2nia post-comunist\u0103\u201d (ed. a II-a), Ed. Institutul European, Ia\u0219i, 2013, \u0219i \u201eCOVID - 19. Dimensiuni ale gestionarii pandemiei\u201d, Editura Junimea, Ia\u0219i, 2020.\",\"url\":\"https:\\\/\\\/buletin.de\\\/bucuresti\\\/author\\\/razvan-chiruta\\\/\"}]}<\/script>\n<!-- \/ Yoast SEO Premium plugin. -->","yoast_head_json":{"title":"Nicu\u0219or Dan acuz\u0103 Guvernul c\u0103 blocheaz\u0103 \u0219antierul patinoarului Flamaropol. \u201eEram gata s\u0103 \u00eencepem, nu avem banii\u201d - Buletin de Bucure\u0219ti","description":"Nicu\u0219or Dan acuz\u0103 Guvernul c\u0103 blocheaz\u0103 \u0219antierul patinoarului Flamaropol. \u201eEram gata s\u0103 \u00eencepem, nu avem banii\u201d.","robots":{"index":"index","follow":"follow","max-snippet":"max-snippet:-1","max-image-preview":"max-image-preview:large","max-video-preview":"max-video-preview:-1"},"canonical":"https:\/\/buletin.de\/bucuresti\/nicusor-dan-acuza-guvernul-ca-blocheaza-santierul-patinoarului-flamaropol-eram-gata-sa-incepem-nu-avem-banii\/","og_locale":"en_GB","og_type":"article","og_title":"Nicu\u0219or Dan acuz\u0103 Guvernul c\u0103 blocheaz\u0103 \u0219antierul patinoarului Flamaropol. \u201eEram gata s\u0103 \u00eencepem, nu avem banii\u201d","og_description":"Nicu\u0219or Dan acuz\u0103 Guvernul c\u0103 blocheaz\u0103 \u0219antierul patinoarului Flamaropol. \u201eEram gata s\u0103 \u00eencepem, nu avem banii\u201d.","og_url":"https:\/\/buletin.de\/bucuresti\/nicusor-dan-acuza-guvernul-ca-blocheaza-santierul-patinoarului-flamaropol-eram-gata-sa-incepem-nu-avem-banii\/","og_site_name":"Buletin de Bucure\u0219ti","article_publisher":"https:\/\/www.facebook.com\/buletin.de.buc","article_published_time":"2025-02-03T15:25:12+00:00","article_modified_time":"2025-02-03T15:50:13+00:00","og_image":[{"width":1200,"height":748,"url":"https:\/\/buletin.de\/bucuresti\/wp-content\/uploads\/nicusordan-2.png","type":"image\/png"}],"author":"R\u0103zvan Chiru\u021b\u0103","twitter_card":"summary_large_image","twitter_misc":{"Written by":"R\u0103zvan Chiru\u021b\u0103","Estimated reading time":"2 minutes"},"schema":{"@context":"https:\/\/schema.org","@graph":[{"@type":"Article","@id":"https:\/\/buletin.de\/bucuresti\/nicusor-dan-acuza-guvernul-ca-blocheaza-santierul-patinoarului-flamaropol-eram-gata-sa-incepem-nu-avem-banii\/#article","isPartOf":{"@id":"https:\/\/buletin.de\/bucuresti\/nicusor-dan-acuza-guvernul-ca-blocheaza-santierul-patinoarului-flamaropol-eram-gata-sa-incepem-nu-avem-banii\/"},"author":{"name":"R\u0103zvan Chiru\u021b\u0103","@id":"https:\/\/buletin.de\/bucuresti\/#\/schema\/person\/a76df728dfc913795a9d90e346b253bb"},"headline":"Nicu\u0219or Dan acuz\u0103 Guvernul c\u0103 blocheaz\u0103 \u0219antierul patinoarului Flamaropol. \u201eEram gata s\u0103 \u00eencepem, nu avem banii\u201d","datePublished":"2025-02-03T15:25:12+00:00","dateModified":"2025-02-03T15:50:13+00:00","mainEntityOfPage":{"@id":"https:\/\/buletin.de\/bucuresti\/nicusor-dan-acuza-guvernul-ca-blocheaza-santierul-patinoarului-flamaropol-eram-gata-sa-incepem-nu-avem-banii\/"},"wordCount":461,"publisher":{"@id":"https:\/\/buletin.de\/bucuresti\/#organization"},"image":{"@id":"https:\/\/buletin.de\/bucuresti\/nicusor-dan-acuza-guvernul-ca-blocheaza-santierul-patinoarului-flamaropol-eram-gata-sa-incepem-nu-avem-banii\/#primaryimage"},"thumbnailUrl":"https:\/\/buletin.de\/bucuresti\/wp-content\/uploads\/nicusordan-2.png","keywords":["buget","buget bucuresti","buget capitala 2025","guvern bucuresti","nicusor dan","nicusor dan primarul capitalei"],"articleSection":["Articole","Main","Prim\u0103rie"],"inLanguage":"en-GB","copyrightYear":"2025","copyrightHolder":{"@id":"https:\/\/buletin.de\/bucuresti\/#organization"}},{"@type":"WebPage","@id":"https:\/\/buletin.de\/bucuresti\/nicusor-dan-acuza-guvernul-ca-blocheaza-santierul-patinoarului-flamaropol-eram-gata-sa-incepem-nu-avem-banii\/","url":"https:\/\/buletin.de\/bucuresti\/nicusor-dan-acuza-guvernul-ca-blocheaza-santierul-patinoarului-flamaropol-eram-gata-sa-incepem-nu-avem-banii\/","name":"Nicu\u0219or Dan acuz\u0103 Guvernul c\u0103 blocheaz\u0103 \u0219antierul patinoarului Flamaropol. \u201eEram gata s\u0103 \u00eencepem, nu avem banii\u201d - Buletin de Bucure\u0219ti","isPartOf":{"@id":"https:\/\/buletin.de\/bucuresti\/#website"},"primaryImageOfPage":{"@id":"https:\/\/buletin.de\/bucuresti\/nicusor-dan-acuza-guvernul-ca-blocheaza-santierul-patinoarului-flamaropol-eram-gata-sa-incepem-nu-avem-banii\/#primaryimage"},"image":{"@id":"https:\/\/buletin.de\/bucuresti\/nicusor-dan-acuza-guvernul-ca-blocheaza-santierul-patinoarului-flamaropol-eram-gata-sa-incepem-nu-avem-banii\/#primaryimage"},"thumbnailUrl":"https:\/\/buletin.de\/bucuresti\/wp-content\/uploads\/nicusordan-2.png","datePublished":"2025-02-03T15:25:12+00:00","dateModified":"2025-02-03T15:50:13+00:00","description":"Nicu\u0219or Dan acuz\u0103 Guvernul c\u0103 blocheaz\u0103 \u0219antierul patinoarului Flamaropol. \u201eEram gata s\u0103 \u00eencepem, nu avem banii\u201d.","breadcrumb":{"@id":"https:\/\/buletin.de\/bucuresti\/nicusor-dan-acuza-guvernul-ca-blocheaza-santierul-patinoarului-flamaropol-eram-gata-sa-incepem-nu-avem-banii\/#breadcrumb"},"inLanguage":"en-GB","potentialAction":[{"@type":"ReadAction","target":["https:\/\/buletin.de\/bucuresti\/nicusor-dan-acuza-guvernul-ca-blocheaza-santierul-patinoarului-flamaropol-eram-gata-sa-incepem-nu-avem-banii\/"]}]},{"@type":"ImageObject","inLanguage":"en-GB","@id":"https:\/\/buletin.de\/bucuresti\/nicusor-dan-acuza-guvernul-ca-blocheaza-santierul-patinoarului-flamaropol-eram-gata-sa-incepem-nu-avem-banii\/#primaryimage","url":"https:\/\/buletin.de\/bucuresti\/wp-content\/uploads\/nicusordan-2.png","contentUrl":"https:\/\/buletin.de\/bucuresti\/wp-content\/uploads\/nicusordan-2.png","width":1200,"height":748,"caption":"Nicu\u0219or Dan acuz\u0103 Guvernul c\u0103 blocheaz\u0103 \u0219antierul patinoarului Flamaropol"},{"@type":"BreadcrumbList","@id":"https:\/\/buletin.de\/bucuresti\/nicusor-dan-acuza-guvernul-ca-blocheaza-santierul-patinoarului-flamaropol-eram-gata-sa-incepem-nu-avem-banii\/#breadcrumb","itemListElement":[{"@type":"ListItem","position":1,"name":"Acas\u0103","item":"https:\/\/buletin.de\/bucuresti\/"},{"@type":"ListItem","position":2,"name":"Nicu\u0219or Dan acuz\u0103 Guvernul c\u0103 blocheaz\u0103 \u0219antierul patinoarului Flamaropol. \u201eEram gata s\u0103 \u00eencepem, nu avem banii\u201d"}]},{"@type":"WebSite","@id":"https:\/\/buletin.de\/bucuresti\/#website","url":"https:\/\/buletin.de\/bucuresti\/","name":"Buletin de Bucure\u0219ti","description":"\u0218tiri \u0219i investiga\u021bii esen\u021biale din capital\u0103","publisher":{"@id":"https:\/\/buletin.de\/bucuresti\/#organization"},"potentialAction":[{"@type":"SearchAction","target":{"@type":"EntryPoint","urlTemplate":"https:\/\/buletin.de\/bucuresti\/?s={search_term_string}"},"query-input":{"@type":"PropertyValueSpecification","valueRequired":true,"valueName":"search_term_string"}}],"inLanguage":"en-GB"},{"@type":"Organization","@id":"https:\/\/buletin.de\/bucuresti\/#organization","name":"Buletin de Bucure\u0219ti","url":"https:\/\/buletin.de\/bucuresti\/","logo":{"@type":"ImageObject","inLanguage":"en-GB","@id":"https:\/\/buletin.de\/bucuresti\/#\/schema\/logo\/image\/","url":"https:\/\/buletin.de\/bucuresti\/wp-content\/uploads\/logo-bdb-full-wide-vernil-transparent.png","contentUrl":"https:\/\/buletin.de\/bucuresti\/wp-content\/uploads\/logo-bdb-full-wide-vernil-transparent.png","width":1782,"height":626,"caption":"Buletin de Bucure\u0219ti"},"image":{"@id":"https:\/\/buletin.de\/bucuresti\/#\/schema\/logo\/image\/"},"sameAs":["https:\/\/www.facebook.com\/buletin.de.buc","https:\/\/www.instagram.com\/buletinde.bucuresti\/"]},{"@type":"Person","@id":"https:\/\/buletin.de\/bucuresti\/#\/schema\/person\/a76df728dfc913795a9d90e346b253bb","name":"R\u0103zvan Chiru\u021b\u0103","image":{"@type":"ImageObject","inLanguage":"en-GB","@id":"https:\/\/buletin.de\/bucuresti\/wp-content\/uploads\/Razvan-Chiruta-96x96.jpge7143b996fd4241fbd6ee1f6b6b7b267","url":"https:\/\/buletin.de\/bucuresti\/wp-content\/uploads\/Razvan-Chiruta-96x96.jpg","contentUrl":"https:\/\/buletin.de\/bucuresti\/wp-content\/uploads\/Razvan-Chiruta-96x96.jpg","caption":"R\u0103zvan Chiru\u021b\u0103"},"description":"R\u0103zvan Chiru\u021b\u0103 este redactor-\u0219ef adjunct din iulie 2024. A fost redactor-\u0219ef al PRESShub \u00eentre 2022 \u0219i iunie 2024. Anterior, a fost redactor-\u0219ef al Newsweek Rom\u00e2nia, din 2018 p\u00e2n\u0103 \u00een 2021, \u0219i al cotidianului Rom\u00e2nia liber\u0103, \u00eentre 2015 \u0219i 2017. Este absolvent de Jurnalism, \u00een cadrul Universit\u0103\u021bii \u201eAl.I.Cuza\u201d din Ia\u0219i, \u0219i a urmat un master \u00een Managementul institu\u021biilor mass-media (f\u0103r\u0103 diserta\u021bie) la Facultatea de Jurnalism \u0219i \u0218tiin\u021bele Comunic\u0103rii din cadrul Universit\u0103\u021bii din Bucure\u0219ti. \u0218i-a \u00eenceput cariera la Opinia studen\u021beasc\u0103, cunoscuta \u0219coal\u0103 de pres\u0103 din Ia\u0219i. A lucrat \u00een presa local\u0103, apoi a devenit corespondent pentru Ia\u0219i al cotidianului Evenimentul Zilei. Din 2004, a coordonat pentru \u0219ase luni sec\u021bia de coresponden\u021bi a Evenimentului Zilei. A mai lucrat la s\u0103pt\u0103m\u00e2nalul Prezent \u0219i a colaborat cu revistele Dilema Veche \u0219i Suplimentul de Cultur\u0103. Este co-autor \u00een volumele \u201eMass-media \u0219i democra\u021bia \u00een Rom\u00e2nia post-comunist\u0103\u201d (ed. a II-a), Ed. Institutul European, Ia\u0219i, 2013, \u0219i \u201eCOVID - 19. Dimensiuni ale gestionarii pandemiei\u201d, Editura Junimea, Ia\u0219i, 2020.","url":"https:\/\/buletin.de\/bucuresti\/author\/razvan-chiruta\/"}]}},"authors":[{"term_id":22582,"user_id":60,"is_guest":0,"slug":"razvan-chiruta","display_name":"R\u0103zvan Chiru\u021b\u0103","avatar_url":"https:\/\/buletin.de\/bucuresti\/wp-content\/uploads\/Razvan-Chiruta-96x96.jpg","0":null,"1":"","2":"","3":"","4":"","5":"","6":"","7":"","8":""}],"_links":{"self":[{"href":"https:\/\/buletin.de\/bucuresti\/wp-json\/wp\/v2\/posts\/116869","targetHints":{"allow":["GET"]}}],"collection":[{"href":"https:\/\/buletin.de\/bucuresti\/wp-json\/wp\/v2\/posts"}],"about":[{"href":"https:\/\/buletin.de\/bucuresti\/wp-json\/wp\/v2\/types\/post"}],"author":[{"embeddable":true,"href":"https:\/\/buletin.de\/bucuresti\/wp-json\/wp\/v2\/users\/60"}],"replies":[{"embeddable":true,"href":"https:\/\/buletin.de\/bucuresti\/wp-json\/wp\/v2\/comments?post=116869"}],"version-history":[{"count":2,"href":"https:\/\/buletin.de\/bucuresti\/wp-json\/wp\/v2\/posts\/116869\/revisions"}],"predecessor-version":[{"id":116876,"href":"https:\/\/buletin.de\/bucuresti\/wp-json\/wp\/v2\/posts\/116869\/revisions\/116876"}],"wp:featuredmedia":[{"embeddable":true,"href":"https:\/\/buletin.de\/bucuresti\/wp-json\/wp\/v2\/media\/116870"}],"wp:attachment":[{"href":"https:\/\/buletin.de\/bucuresti\/wp-json\/wp\/v2\/media?parent=116869"}],"wp:term":[{"taxonomy":"category","embeddable":true,"href":"https:\/\/buletin.de\/bucuresti\/wp-json\/wp\/v2\/categories?post=116869"},{"taxonomy":"post_tag","embeddable":true,"href":"https:\/\/buletin.de\/bucuresti\/wp-json\/wp\/v2\/tags?post=116869"},{"taxonomy":"author","embeddable":true,"href":"https:\/\/buletin.de\/bucuresti\/wp-json\/wp\/v2\/ppma_author?post=116869"}],"curies":[{"name":"wp","href":"https:\/\/api.w.org\/{rel}","templated":true}]}}