{"id":116834,"date":"2025-02-03T15:47:02","date_gmt":"2025-02-03T12:47:02","guid":{"rendered":"https:\/\/buletin.de\/bucuresti\/?p=116834"},"modified":"2025-02-04T11:29:17","modified_gmt":"2025-02-04T08:29:17","slug":"ioana-basescu-fiica-fostului-presedinte-al-romaniei-audiata-la-diicot-bucuresti-in-cazul-nordis","status":"publish","type":"post","link":"https:\/\/buletin.de\/bucuresti\/ioana-basescu-fiica-fostului-presedinte-al-romaniei-audiata-la-diicot-bucuresti-in-cazul-nordis\/","title":{"rendered":"Ioana B\u0103sescu, fiica fostului pre\u0219edinte al Rom\u00e2niei, pus\u0103 sub acuzare \u00een dosarul Nordis"},"content":{"rendered":"\n<p><strong>Ioana B\u0103sescu, fiica fostului pre\u0219edinte al Rom\u00e2niei Traian B\u0103sescu, este audiat\u0103 luni, de c\u0103tre procurorii DIICOT, \u00een dosarul Nordis. Aceasta a fost notarul unora dintre tranzac\u021biile cu apartamente. <\/strong><\/p>\n\n\n\n<p><strong>UPDATE<\/strong>: 11 persoane au fost re\u021binute \u00een dosarul Nordis, a anun\u021bat DIICOT. Printre aceste se num\u0103r\u0103 \u0219i Laura Vicol, fost deputat PSD, \u0219i so\u021bul acesteia, Vladimir Ciorb\u0103.<\/p>\n\n\n\n<p><strong>CITE\u0218TE \u0218I: <a href=\"https:\/\/buletin.de\/bucuresti\/11-persoane-retinute-in-dosarul-nordis-inclusiv-laura-vicol-si-vladimir-ciorba\/\" target=\"_blank\" rel=\"noreferrer noopener\">11 persoane re\u021binute \u00een dosarul Nordis, inclusiv Laura Vicol \u0219i Vladimir Ciorb\u0103<\/a><\/strong><\/p>\n\n\n\n<hr class=\"wp-block-separator has-alpha-channel-opacity\"\/>\n\n\n\n<p><strong>UPDATE<\/strong>: Ioana B\u0103sescu a fost pus\u0103 sub acuzare pentru sprijinirea presupusului grup infrac\u021bional organizat. Procurorii nu au dispus nicio m\u0103sur\u0103 preventiv\u0103 pentru fiica fostului pre\u0219edinte.<\/p>\n\n\n\n<h2 class=\"wp-block-heading\" id=\"h-ce-rol-a-avut-ioana-basescu-in-cazul-nordis\">Ce rol a avut Ioana B\u0103sescu \u00een cazul Nordis<\/h2>\n\n\n\n<p>Fiica fostului pre\u0219edinte a fost chemat\u0103 la DIICOT pentru a da explica\u021bii \u00een leg\u0103tur\u0103 cu implicarea sa \u00een calitate de notar \u00een afacerea Nordis.<\/p>\n\n\n\n<p>Ioana B\u0103sescu \u0219i Andreea Cosma, al doilea notar din acest dosar, au furnizat date \u0219i documente procurorilor, potrivit informa\u021biilor <a href=\"https:\/\/www.g4media.ro\/breaking-laura-vicol-si-vladimir-ciorba-adusi-la-diicot-de-jandarmi-pentru-audieri-a-ajuns-si-ioana-basescu-la-audieri-65-de-perchezitii-in-romania-si-monaco-in-dosarul-nordis-liderii-presupusul.html\" target=\"_blank\" rel=\"noreferrer noopener\">G4Media<\/a>.&nbsp;<\/p>\n\n\n\n<p>Luni diminea\u021b\u0103,&nbsp;<a href=\"https:\/\/agerpres.ro\/justitie\/2025\/02\/03\/zeci-de-perchezitii-in-romania-si-in-monaco-intr-un-dosar-de-inselaciuni-imobiliare-legat-de-afacere--1418796\" target=\"_blank\" rel=\"noreferrer noopener\">procurorii au efectuat zeci de perchezi\u021bii \u00een Rom\u00e2nia \u0219i \u00een Monaco<\/a>, printre care \u0219i la domiciliul so\u021bilor Ciorb\u0103 &#8211; Vicol, dar \u0219i la sediul companiei Nordis, \u00eentr-un dosar ce vizeaz\u0103 infrac\u021biuni de \u00een\u0219el\u0103ciune cu consecin\u021be deosebit de grave, delapidare, sp\u0103lare a banilor \u0219i evaziune fiscal\u0103, \u00een care prejudiciul se ridic\u0103 la peste 195 milioane euro.<\/p>\n\n\n\n<p>Ancheta vizeaz\u0103 40 de persoane fizice \u0219i 32 de firme \u0219i se refer\u0103 la un grup infrac\u021bional organizat, structurat pe un model piramidal cu trei paliere, care a conceput \u0219i pus \u00een aplicare un mecanism infrac\u021bional complex, const\u00e2nd \u00een promovarea \u0219i dezvoltarea unor proiecte imobiliare sub acoperirea mai multor societ\u0103\u021bi comerciale, urmate de \u00eencasarea de sume de bani de la clien\u021bi (cump\u0103r\u0103tori), delapidarea fondurilor societ\u0103\u021bilor, inducerea \u00een eroare a cump\u0103r\u0103torilor cu ocazia execut\u0103rii ante-contractelor \u0219i contractelor de v\u00e2nzare-cump\u0103rare, eviden\u021bierea de opera\u021biuni fictive \u00een contabilitatea societ\u0103\u021bilor controlate \u00een scopul sustragerii de la plata taxelor \u0219i impozitelor datorate bugetului de stat \u0219i stabilirea cu rea-credin\u021b\u0103 a taxelor (TVA), av\u00e2nd ca rezultat ob\u021binerea, f\u0103r\u0103 drept, a unor sume de bani cu titlu de ramburs\u0103ri sau restituiri de la bugetul de stat ori compens\u0103ri datorate bugetului general, cauz\u00e2ndu-se prejudicii societ\u0103\u021bilor comerciale, clien\u021bilor cump\u0103r\u0103tori \u0219i bugetului de stat.<\/p>\n\n\n\n<p><strong>CITE\u0218TE \u0218I: <a href=\"https:\/\/buletin.de\/bucuresti\/care-sunt-firmele-si-vedetele-din-bucuresti-care-spera-sa-recupereze-banii-de-la-nordis\/\" target=\"_blank\" rel=\"noreferrer noopener\">Care sunt firmele \u0219i vedetele din Bucure\u0219ti care sper\u0103 s\u0103 recupereze banii de la Nordis<\/a><\/strong><\/p>\n\n\n\n<h2 class=\"wp-block-heading\" id=\"h-ce-s-a-intamplat-cu-banii-de-la-nordis\">Ce s-a \u00eent\u00e2mplat cu banii de la Nordis<\/h2>\n\n\n\n<p>DIICOT afirm\u0103 c\u0103, \u00een perioada 2019-2024, liderii grupului infrac\u021bional organizat, prin intermediul a 5 societ\u0103\u021bi comerciale, ar fi \u00eencasat de la clien\u021bi persoane fizice sau juridice cu titlu de avans \u00een cadrul unor promisiuni bilaterale de v\u00e2nzare-cump\u0103rare, respectiv contracte de v\u00e2nzare-cump\u0103rare (apartamente\/parc\u0103ri \u0219i mobilier), suma de peste&nbsp;<strong>957.000.000 de lei (peste 195 de milioane de euro)<\/strong>.<\/p>\n\n\n\n<p>\u201eFondurile astfel constituite au fost delapidate, de regul\u0103 \u00eentr-un interval scurt de timp, prin transferuri c\u0103tre persoane fizice, membri ai grupului infrac\u021bional organizat, transferuri c\u0103tre persoane juridice, societ\u0103\u021bi afiliate structurii criminale, plata de salarii, dar \u0219i diverse cheltuieli voluptorii, \u00een suma de aproximativ&nbsp;<strong>346.000.000 de lei \u0219i 2.400.000 de euro.<\/strong><\/p>\n\n\n\n<p>\u00cen primele dou\u0103 situa\u021bii, \u00een majoritatea cazurilor, externalizarea fondurilor a avut la baz\u0103 pretinse documente justificative,&nbsp;<strong>care s\u0103 dea aparen\u021ba legalit\u0103\u021bii opera\u021biunilor prin care sumele de bani au ie\u0219it din patrimoniul societ\u0103\u021bilor&nbsp;<\/strong>(avans, dividende, restituire \u00eemprumut, cesiune p\u0103r\u021bi sociale, respectiv \u00eenfiin\u021barea \u0219i\/sau preluarea a zeci de societ\u0103\u021bi pentru&nbsp;<strong>a simula opera\u021biuni economice<\/strong>, astfel \u00eenc\u00e2t fonduri consistente av\u00e2nd ca provenien\u021b\u0103 avansurile achitate de c\u0103tre clien\u021bi s\u0103 poat\u0103 fi externalizate sub aparen\u021ba unor contracte de prest\u0103ri servicii sau achizi\u021bii de bunuri).<\/p>\n\n\n\n<p><strong>Indiferent de traseul parcurs, sumele de bani au urmat aceea\u0219i destina\u021bie, conturile membrilor grup\u0103rii \u0219i retragerea \u00een numerar<\/strong>\u201d, se mai arat\u0103 \u00een comunicatul DIICOT \u00een leg\u0103tur\u0103 cu dosarul Nordis.<\/p>\n\n\n\n<p><strong>CITE\u0218TE \u0218I:&nbsp;<a href=\"https:\/\/buletin.de\/bucuresti\/dosarul-nordis-perchezitii-in-bucuresti-ilfov-si-monaco-procurorii-acuza-o-delapidare-de-71-de-milioane-de-euro-sotul-laurei-vicol-adus-la-diicot\/\" target=\"_blank\" rel=\"noreferrer noopener\">Dosarul Nordis: perchezi\u021bii \u00een Bucure\u0219ti, Ilfov \u0219i Monaco. Procurorii acuz\u0103 o delapidare de 71 de milioane de euro. So\u021bul Laurei Vicol, adus la DIICOT<\/a><\/strong><\/p>\n","protected":false},"excerpt":{"rendered":"<p>Ioana B\u0103sescu, fiica fostului pre\u0219edinte al Rom\u00e2niei Traian B\u0103sescu, este audiat\u0103 luni, de c\u0103tre procurorii DIICOT, \u00een dosarul Nordis. Aceasta a fost notarul unora dintre tranzac\u021biile cu apartamente. UPDATE: 11 persoane au fost re\u021binute \u00een dosarul Nordis, a anun\u021bat DIICOT. Printre aceste se num\u0103r\u0103 \u0219i Laura Vicol, fost deputat PSD, \u0219i so\u021bul acesteia, Vladimir Ciorb\u0103. [&hellip;]<\/p>\n","protected":false},"author":1,"featured_media":116838,"comment_status":"closed","ping_status":"open","sticky":false,"template":"","format":"standard","meta":{"_acf_changed":false,"inline_featured_image":false,"ngg_post_thumbnail":0,"footnotes":""},"categories":[6994,9026,5762],"tags":[15814,1367,18886,18889,18887,15771,15793,15813,15811],"ppma_author":[22583],"class_list":["post-116834","post","type-post","status-publish","format-standard","has-post-thumbnail","hentry","category-stiri-2","category-eveniment","category-main","tag-dezvoltator-nordis","tag-diicot","tag-dosarul-nordis","tag-ioana-basescu","tag-laura-vicol","tag-nordis","tag-nordis-group","tag-vicol","tag-vladimir-ciorba"],"acf":[],"yoast_head":"<!-- This site is optimized with the Yoast SEO Premium plugin v25.3 (Yoast SEO v27.4) - https:\/\/yoast.com\/product\/yoast-seo-premium-wordpress\/ -->\n<title>Ioana B\u0103sescu, fiica fostului pre\u0219edinte al Rom\u00e2niei, pus\u0103 sub acuzare \u00een dosarul Nordis - Buletin de Bucure\u0219ti<\/title>\n<meta name=\"description\" content=\"Ioana B\u0103sescu, fiica fostului pre\u0219edinte al Rom\u00e2niei Traian B\u0103sescu, este audiat\u0103 luni, de c\u0103tre procurorii DIICOT, \u00een dosarul Nordis.\" \/>\n<meta name=\"robots\" content=\"index, follow, max-snippet:-1, max-image-preview:large, max-video-preview:-1\" \/>\n<link rel=\"canonical\" href=\"https:\/\/buletin.de\/bucuresti\/ioana-basescu-fiica-fostului-presedinte-al-romaniei-audiata-la-diicot-bucuresti-in-cazul-nordis\/\" \/>\n<meta property=\"og:locale\" content=\"en_GB\" \/>\n<meta property=\"og:type\" content=\"article\" \/>\n<meta property=\"og:title\" content=\"Ioana B\u0103sescu, fiica fostului pre\u0219edinte al Rom\u00e2niei, pus\u0103 sub acuzare \u00een dosarul Nordis\" \/>\n<meta property=\"og:description\" content=\"Ioana B\u0103sescu, fiica fostului pre\u0219edinte al Rom\u00e2niei Traian B\u0103sescu, este audiat\u0103 luni, de c\u0103tre procurorii DIICOT, \u00een dosarul Nordis.\" \/>\n<meta property=\"og:url\" content=\"https:\/\/buletin.de\/bucuresti\/ioana-basescu-fiica-fostului-presedinte-al-romaniei-audiata-la-diicot-bucuresti-in-cazul-nordis\/\" \/>\n<meta property=\"og:site_name\" content=\"Buletin de Bucure\u0219ti\" \/>\n<meta property=\"article:publisher\" content=\"https:\/\/www.facebook.com\/buletin.de.buc\" \/>\n<meta property=\"article:published_time\" content=\"2025-02-03T12:47:02+00:00\" \/>\n<meta property=\"article:modified_time\" content=\"2025-02-04T08:29:17+00:00\" \/>\n<meta property=\"og:image\" content=\"https:\/\/buletin.de\/bucuresti\/wp-content\/uploads\/Ioana-Basescu_INQUAM_Photos_George_Calin.jpg\" \/>\n\t<meta property=\"og:image:width\" content=\"1200\" \/>\n\t<meta property=\"og:image:height\" content=\"800\" \/>\n\t<meta property=\"og:image:type\" content=\"image\/jpeg\" \/>\n<meta name=\"author\" content=\"Redac\u021bia Buletin de Bucure\u0219ti\" \/>\n<meta name=\"twitter:card\" content=\"summary_large_image\" \/>\n<meta name=\"twitter:label1\" content=\"Written by\" \/>\n\t<meta name=\"twitter:data1\" content=\"Redac\u021bia Buletin de Bucure\u0219ti\" \/>\n\t<meta name=\"twitter:label2\" content=\"Estimated reading time\" \/>\n\t<meta name=\"twitter:data2\" content=\"3 minutes\" \/>\n<script type=\"application\/ld+json\" class=\"yoast-schema-graph\">{\"@context\":\"https:\\\/\\\/schema.org\",\"@graph\":[{\"@type\":\"Article\",\"@id\":\"https:\\\/\\\/buletin.de\\\/bucuresti\\\/ioana-basescu-fiica-fostului-presedinte-al-romaniei-audiata-la-diicot-bucuresti-in-cazul-nordis\\\/#article\",\"isPartOf\":{\"@id\":\"https:\\\/\\\/buletin.de\\\/bucuresti\\\/ioana-basescu-fiica-fostului-presedinte-al-romaniei-audiata-la-diicot-bucuresti-in-cazul-nordis\\\/\"},\"author\":{\"name\":\"Redac\u021bia Buletin de Bucure\u0219ti\",\"@id\":\"https:\\\/\\\/buletin.de\\\/bucuresti\\\/#\\\/schema\\\/person\\\/2bbcf854e5f2419a13804af574d06ab1\"},\"headline\":\"Ioana B\u0103sescu, fiica fostului pre\u0219edinte al Rom\u00e2niei, pus\u0103 sub acuzare \u00een dosarul Nordis\",\"datePublished\":\"2025-02-03T12:47:02+00:00\",\"dateModified\":\"2025-02-04T08:29:17+00:00\",\"mainEntityOfPage\":{\"@id\":\"https:\\\/\\\/buletin.de\\\/bucuresti\\\/ioana-basescu-fiica-fostului-presedinte-al-romaniei-audiata-la-diicot-bucuresti-in-cazul-nordis\\\/\"},\"wordCount\":725,\"publisher\":{\"@id\":\"https:\\\/\\\/buletin.de\\\/bucuresti\\\/#organization\"},\"image\":{\"@id\":\"https:\\\/\\\/buletin.de\\\/bucuresti\\\/ioana-basescu-fiica-fostului-presedinte-al-romaniei-audiata-la-diicot-bucuresti-in-cazul-nordis\\\/#primaryimage\"},\"thumbnailUrl\":\"https:\\\/\\\/buletin.de\\\/bucuresti\\\/wp-content\\\/uploads\\\/Ioana-Basescu_INQUAM_Photos_George_Calin.jpg\",\"keywords\":[\"dezvoltator nordis\",\"diicot\",\"dosarul nordis\",\"ioana basescu\",\"laura vicol\",\"nordis\",\"Nordis Group\",\"vicol\",\"vladimir ciorba\"],\"articleSection\":[\"Articole\",\"Eveniment\",\"Main\"],\"inLanguage\":\"en-GB\",\"copyrightYear\":\"2025\",\"copyrightHolder\":{\"@id\":\"https:\\\/\\\/buletin.de\\\/bucuresti\\\/#organization\"}},{\"@type\":\"WebPage\",\"@id\":\"https:\\\/\\\/buletin.de\\\/bucuresti\\\/ioana-basescu-fiica-fostului-presedinte-al-romaniei-audiata-la-diicot-bucuresti-in-cazul-nordis\\\/\",\"url\":\"https:\\\/\\\/buletin.de\\\/bucuresti\\\/ioana-basescu-fiica-fostului-presedinte-al-romaniei-audiata-la-diicot-bucuresti-in-cazul-nordis\\\/\",\"name\":\"Ioana B\u0103sescu, fiica fostului pre\u0219edinte al Rom\u00e2niei, pus\u0103 sub acuzare \u00een dosarul Nordis - Buletin de Bucure\u0219ti\",\"isPartOf\":{\"@id\":\"https:\\\/\\\/buletin.de\\\/bucuresti\\\/#website\"},\"primaryImageOfPage\":{\"@id\":\"https:\\\/\\\/buletin.de\\\/bucuresti\\\/ioana-basescu-fiica-fostului-presedinte-al-romaniei-audiata-la-diicot-bucuresti-in-cazul-nordis\\\/#primaryimage\"},\"image\":{\"@id\":\"https:\\\/\\\/buletin.de\\\/bucuresti\\\/ioana-basescu-fiica-fostului-presedinte-al-romaniei-audiata-la-diicot-bucuresti-in-cazul-nordis\\\/#primaryimage\"},\"thumbnailUrl\":\"https:\\\/\\\/buletin.de\\\/bucuresti\\\/wp-content\\\/uploads\\\/Ioana-Basescu_INQUAM_Photos_George_Calin.jpg\",\"datePublished\":\"2025-02-03T12:47:02+00:00\",\"dateModified\":\"2025-02-04T08:29:17+00:00\",\"description\":\"Ioana B\u0103sescu, fiica fostului pre\u0219edinte al Rom\u00e2niei Traian B\u0103sescu, este audiat\u0103 luni, de c\u0103tre procurorii DIICOT, \u00een dosarul Nordis.\",\"breadcrumb\":{\"@id\":\"https:\\\/\\\/buletin.de\\\/bucuresti\\\/ioana-basescu-fiica-fostului-presedinte-al-romaniei-audiata-la-diicot-bucuresti-in-cazul-nordis\\\/#breadcrumb\"},\"inLanguage\":\"en-GB\",\"potentialAction\":[{\"@type\":\"ReadAction\",\"target\":[\"https:\\\/\\\/buletin.de\\\/bucuresti\\\/ioana-basescu-fiica-fostului-presedinte-al-romaniei-audiata-la-diicot-bucuresti-in-cazul-nordis\\\/\"]}]},{\"@type\":\"ImageObject\",\"inLanguage\":\"en-GB\",\"@id\":\"https:\\\/\\\/buletin.de\\\/bucuresti\\\/ioana-basescu-fiica-fostului-presedinte-al-romaniei-audiata-la-diicot-bucuresti-in-cazul-nordis\\\/#primaryimage\",\"url\":\"https:\\\/\\\/buletin.de\\\/bucuresti\\\/wp-content\\\/uploads\\\/Ioana-Basescu_INQUAM_Photos_George_Calin.jpg\",\"contentUrl\":\"https:\\\/\\\/buletin.de\\\/bucuresti\\\/wp-content\\\/uploads\\\/Ioana-Basescu_INQUAM_Photos_George_Calin.jpg\",\"width\":1200,\"height\":800,\"caption\":\"Ioana B\u0103sescu sose\u0219te la DIICOT pentru a fi audiat\u0103 \u00een dosarul Nordis. Foto: Inquam Photos \\\/ George C\u0103lin\"},{\"@type\":\"BreadcrumbList\",\"@id\":\"https:\\\/\\\/buletin.de\\\/bucuresti\\\/ioana-basescu-fiica-fostului-presedinte-al-romaniei-audiata-la-diicot-bucuresti-in-cazul-nordis\\\/#breadcrumb\",\"itemListElement\":[{\"@type\":\"ListItem\",\"position\":1,\"name\":\"Acas\u0103\",\"item\":\"https:\\\/\\\/buletin.de\\\/bucuresti\\\/\"},{\"@type\":\"ListItem\",\"position\":2,\"name\":\"Ioana B\u0103sescu, fiica fostului pre\u0219edinte al Rom\u00e2niei, pus\u0103 sub acuzare \u00een dosarul Nordis\"}]},{\"@type\":\"WebSite\",\"@id\":\"https:\\\/\\\/buletin.de\\\/bucuresti\\\/#website\",\"url\":\"https:\\\/\\\/buletin.de\\\/bucuresti\\\/\",\"name\":\"Buletin de Bucure\u0219ti\",\"description\":\"\u0218tiri \u0219i investiga\u021bii esen\u021biale din capital\u0103\",\"publisher\":{\"@id\":\"https:\\\/\\\/buletin.de\\\/bucuresti\\\/#organization\"},\"potentialAction\":[{\"@type\":\"SearchAction\",\"target\":{\"@type\":\"EntryPoint\",\"urlTemplate\":\"https:\\\/\\\/buletin.de\\\/bucuresti\\\/?s={search_term_string}\"},\"query-input\":{\"@type\":\"PropertyValueSpecification\",\"valueRequired\":true,\"valueName\":\"search_term_string\"}}],\"inLanguage\":\"en-GB\"},{\"@type\":\"Organization\",\"@id\":\"https:\\\/\\\/buletin.de\\\/bucuresti\\\/#organization\",\"name\":\"Buletin de Bucure\u0219ti\",\"url\":\"https:\\\/\\\/buletin.de\\\/bucuresti\\\/\",\"logo\":{\"@type\":\"ImageObject\",\"inLanguage\":\"en-GB\",\"@id\":\"https:\\\/\\\/buletin.de\\\/bucuresti\\\/#\\\/schema\\\/logo\\\/image\\\/\",\"url\":\"https:\\\/\\\/buletin.de\\\/bucuresti\\\/wp-content\\\/uploads\\\/logo-bdb-full-wide-vernil-transparent.png\",\"contentUrl\":\"https:\\\/\\\/buletin.de\\\/bucuresti\\\/wp-content\\\/uploads\\\/logo-bdb-full-wide-vernil-transparent.png\",\"width\":1782,\"height\":626,\"caption\":\"Buletin de Bucure\u0219ti\"},\"image\":{\"@id\":\"https:\\\/\\\/buletin.de\\\/bucuresti\\\/#\\\/schema\\\/logo\\\/image\\\/\"},\"sameAs\":[\"https:\\\/\\\/www.facebook.com\\\/buletin.de.buc\",\"https:\\\/\\\/www.instagram.com\\\/buletinde.bucuresti\\\/\"]},{\"@type\":\"Person\",\"@id\":\"https:\\\/\\\/buletin.de\\\/bucuresti\\\/#\\\/schema\\\/person\\\/2bbcf854e5f2419a13804af574d06ab1\",\"name\":\"Redac\u021bia Buletin de Bucure\u0219ti\",\"image\":{\"@type\":\"ImageObject\",\"inLanguage\":\"en-GB\",\"@id\":\"https:\\\/\\\/secure.gravatar.com\\\/avatar\\\/18c5342381ed1a08620e6280424e3e5efc958618f5d67c522c9e44c1bc6f9226?s=96&d=monsterid&r=g60c7cd0ad92c68c049fcd4bb3504d609\",\"url\":\"https:\\\/\\\/secure.gravatar.com\\\/avatar\\\/18c5342381ed1a08620e6280424e3e5efc958618f5d67c522c9e44c1bc6f9226?s=96&d=monsterid&r=g\",\"contentUrl\":\"https:\\\/\\\/secure.gravatar.com\\\/avatar\\\/18c5342381ed1a08620e6280424e3e5efc958618f5d67c522c9e44c1bc6f9226?s=96&d=monsterid&r=g\",\"caption\":\"Redac\u021bia Buletin de Bucure\u0219ti\"},\"description\":\"Buletin de Bucure\u0219ti exist\u0103 din vara anului 2019.\",\"url\":\"https:\\\/\\\/buletin.de\\\/bucuresti\\\/author\\\/adminbuletin\\\/\"}]}<\/script>\n<!-- \/ Yoast SEO Premium plugin. -->","yoast_head_json":{"title":"Ioana B\u0103sescu, fiica fostului pre\u0219edinte al Rom\u00e2niei, pus\u0103 sub acuzare \u00een dosarul Nordis - Buletin de Bucure\u0219ti","description":"Ioana B\u0103sescu, fiica fostului pre\u0219edinte al Rom\u00e2niei Traian B\u0103sescu, este audiat\u0103 luni, de c\u0103tre procurorii DIICOT, \u00een dosarul Nordis.","robots":{"index":"index","follow":"follow","max-snippet":"max-snippet:-1","max-image-preview":"max-image-preview:large","max-video-preview":"max-video-preview:-1"},"canonical":"https:\/\/buletin.de\/bucuresti\/ioana-basescu-fiica-fostului-presedinte-al-romaniei-audiata-la-diicot-bucuresti-in-cazul-nordis\/","og_locale":"en_GB","og_type":"article","og_title":"Ioana B\u0103sescu, fiica fostului pre\u0219edinte al Rom\u00e2niei, pus\u0103 sub acuzare \u00een dosarul Nordis","og_description":"Ioana B\u0103sescu, fiica fostului pre\u0219edinte al Rom\u00e2niei Traian B\u0103sescu, este audiat\u0103 luni, de c\u0103tre procurorii DIICOT, \u00een dosarul Nordis.","og_url":"https:\/\/buletin.de\/bucuresti\/ioana-basescu-fiica-fostului-presedinte-al-romaniei-audiata-la-diicot-bucuresti-in-cazul-nordis\/","og_site_name":"Buletin de Bucure\u0219ti","article_publisher":"https:\/\/www.facebook.com\/buletin.de.buc","article_published_time":"2025-02-03T12:47:02+00:00","article_modified_time":"2025-02-04T08:29:17+00:00","og_image":[{"width":1200,"height":800,"url":"https:\/\/buletin.de\/bucuresti\/wp-content\/uploads\/Ioana-Basescu_INQUAM_Photos_George_Calin.jpg","type":"image\/jpeg"}],"author":"Redac\u021bia Buletin de Bucure\u0219ti","twitter_card":"summary_large_image","twitter_misc":{"Written by":"Redac\u021bia Buletin de Bucure\u0219ti","Estimated reading time":"3 minutes"},"schema":{"@context":"https:\/\/schema.org","@graph":[{"@type":"Article","@id":"https:\/\/buletin.de\/bucuresti\/ioana-basescu-fiica-fostului-presedinte-al-romaniei-audiata-la-diicot-bucuresti-in-cazul-nordis\/#article","isPartOf":{"@id":"https:\/\/buletin.de\/bucuresti\/ioana-basescu-fiica-fostului-presedinte-al-romaniei-audiata-la-diicot-bucuresti-in-cazul-nordis\/"},"author":{"name":"Redac\u021bia Buletin de Bucure\u0219ti","@id":"https:\/\/buletin.de\/bucuresti\/#\/schema\/person\/2bbcf854e5f2419a13804af574d06ab1"},"headline":"Ioana B\u0103sescu, fiica fostului pre\u0219edinte al Rom\u00e2niei, pus\u0103 sub acuzare \u00een dosarul Nordis","datePublished":"2025-02-03T12:47:02+00:00","dateModified":"2025-02-04T08:29:17+00:00","mainEntityOfPage":{"@id":"https:\/\/buletin.de\/bucuresti\/ioana-basescu-fiica-fostului-presedinte-al-romaniei-audiata-la-diicot-bucuresti-in-cazul-nordis\/"},"wordCount":725,"publisher":{"@id":"https:\/\/buletin.de\/bucuresti\/#organization"},"image":{"@id":"https:\/\/buletin.de\/bucuresti\/ioana-basescu-fiica-fostului-presedinte-al-romaniei-audiata-la-diicot-bucuresti-in-cazul-nordis\/#primaryimage"},"thumbnailUrl":"https:\/\/buletin.de\/bucuresti\/wp-content\/uploads\/Ioana-Basescu_INQUAM_Photos_George_Calin.jpg","keywords":["dezvoltator nordis","diicot","dosarul nordis","ioana basescu","laura vicol","nordis","Nordis Group","vicol","vladimir ciorba"],"articleSection":["Articole","Eveniment","Main"],"inLanguage":"en-GB","copyrightYear":"2025","copyrightHolder":{"@id":"https:\/\/buletin.de\/bucuresti\/#organization"}},{"@type":"WebPage","@id":"https:\/\/buletin.de\/bucuresti\/ioana-basescu-fiica-fostului-presedinte-al-romaniei-audiata-la-diicot-bucuresti-in-cazul-nordis\/","url":"https:\/\/buletin.de\/bucuresti\/ioana-basescu-fiica-fostului-presedinte-al-romaniei-audiata-la-diicot-bucuresti-in-cazul-nordis\/","name":"Ioana B\u0103sescu, fiica fostului pre\u0219edinte al Rom\u00e2niei, pus\u0103 sub acuzare \u00een dosarul Nordis - Buletin de Bucure\u0219ti","isPartOf":{"@id":"https:\/\/buletin.de\/bucuresti\/#website"},"primaryImageOfPage":{"@id":"https:\/\/buletin.de\/bucuresti\/ioana-basescu-fiica-fostului-presedinte-al-romaniei-audiata-la-diicot-bucuresti-in-cazul-nordis\/#primaryimage"},"image":{"@id":"https:\/\/buletin.de\/bucuresti\/ioana-basescu-fiica-fostului-presedinte-al-romaniei-audiata-la-diicot-bucuresti-in-cazul-nordis\/#primaryimage"},"thumbnailUrl":"https:\/\/buletin.de\/bucuresti\/wp-content\/uploads\/Ioana-Basescu_INQUAM_Photos_George_Calin.jpg","datePublished":"2025-02-03T12:47:02+00:00","dateModified":"2025-02-04T08:29:17+00:00","description":"Ioana B\u0103sescu, fiica fostului pre\u0219edinte al Rom\u00e2niei Traian B\u0103sescu, este audiat\u0103 luni, de c\u0103tre procurorii DIICOT, \u00een dosarul Nordis.","breadcrumb":{"@id":"https:\/\/buletin.de\/bucuresti\/ioana-basescu-fiica-fostului-presedinte-al-romaniei-audiata-la-diicot-bucuresti-in-cazul-nordis\/#breadcrumb"},"inLanguage":"en-GB","potentialAction":[{"@type":"ReadAction","target":["https:\/\/buletin.de\/bucuresti\/ioana-basescu-fiica-fostului-presedinte-al-romaniei-audiata-la-diicot-bucuresti-in-cazul-nordis\/"]}]},{"@type":"ImageObject","inLanguage":"en-GB","@id":"https:\/\/buletin.de\/bucuresti\/ioana-basescu-fiica-fostului-presedinte-al-romaniei-audiata-la-diicot-bucuresti-in-cazul-nordis\/#primaryimage","url":"https:\/\/buletin.de\/bucuresti\/wp-content\/uploads\/Ioana-Basescu_INQUAM_Photos_George_Calin.jpg","contentUrl":"https:\/\/buletin.de\/bucuresti\/wp-content\/uploads\/Ioana-Basescu_INQUAM_Photos_George_Calin.jpg","width":1200,"height":800,"caption":"Ioana B\u0103sescu sose\u0219te la DIICOT pentru a fi audiat\u0103 \u00een dosarul Nordis. Foto: Inquam Photos \/ George C\u0103lin"},{"@type":"BreadcrumbList","@id":"https:\/\/buletin.de\/bucuresti\/ioana-basescu-fiica-fostului-presedinte-al-romaniei-audiata-la-diicot-bucuresti-in-cazul-nordis\/#breadcrumb","itemListElement":[{"@type":"ListItem","position":1,"name":"Acas\u0103","item":"https:\/\/buletin.de\/bucuresti\/"},{"@type":"ListItem","position":2,"name":"Ioana B\u0103sescu, fiica fostului pre\u0219edinte al Rom\u00e2niei, pus\u0103 sub acuzare \u00een dosarul Nordis"}]},{"@type":"WebSite","@id":"https:\/\/buletin.de\/bucuresti\/#website","url":"https:\/\/buletin.de\/bucuresti\/","name":"Buletin de Bucure\u0219ti","description":"\u0218tiri \u0219i investiga\u021bii esen\u021biale din capital\u0103","publisher":{"@id":"https:\/\/buletin.de\/bucuresti\/#organization"},"potentialAction":[{"@type":"SearchAction","target":{"@type":"EntryPoint","urlTemplate":"https:\/\/buletin.de\/bucuresti\/?s={search_term_string}"},"query-input":{"@type":"PropertyValueSpecification","valueRequired":true,"valueName":"search_term_string"}}],"inLanguage":"en-GB"},{"@type":"Organization","@id":"https:\/\/buletin.de\/bucuresti\/#organization","name":"Buletin de Bucure\u0219ti","url":"https:\/\/buletin.de\/bucuresti\/","logo":{"@type":"ImageObject","inLanguage":"en-GB","@id":"https:\/\/buletin.de\/bucuresti\/#\/schema\/logo\/image\/","url":"https:\/\/buletin.de\/bucuresti\/wp-content\/uploads\/logo-bdb-full-wide-vernil-transparent.png","contentUrl":"https:\/\/buletin.de\/bucuresti\/wp-content\/uploads\/logo-bdb-full-wide-vernil-transparent.png","width":1782,"height":626,"caption":"Buletin de Bucure\u0219ti"},"image":{"@id":"https:\/\/buletin.de\/bucuresti\/#\/schema\/logo\/image\/"},"sameAs":["https:\/\/www.facebook.com\/buletin.de.buc","https:\/\/www.instagram.com\/buletinde.bucuresti\/"]},{"@type":"Person","@id":"https:\/\/buletin.de\/bucuresti\/#\/schema\/person\/2bbcf854e5f2419a13804af574d06ab1","name":"Redac\u021bia Buletin de Bucure\u0219ti","image":{"@type":"ImageObject","inLanguage":"en-GB","@id":"https:\/\/secure.gravatar.com\/avatar\/18c5342381ed1a08620e6280424e3e5efc958618f5d67c522c9e44c1bc6f9226?s=96&d=monsterid&r=g60c7cd0ad92c68c049fcd4bb3504d609","url":"https:\/\/secure.gravatar.com\/avatar\/18c5342381ed1a08620e6280424e3e5efc958618f5d67c522c9e44c1bc6f9226?s=96&d=monsterid&r=g","contentUrl":"https:\/\/secure.gravatar.com\/avatar\/18c5342381ed1a08620e6280424e3e5efc958618f5d67c522c9e44c1bc6f9226?s=96&d=monsterid&r=g","caption":"Redac\u021bia Buletin de Bucure\u0219ti"},"description":"Buletin de Bucure\u0219ti exist\u0103 din vara anului 2019.","url":"https:\/\/buletin.de\/bucuresti\/author\/adminbuletin\/"}]}},"authors":[{"term_id":22583,"user_id":1,"is_guest":0,"slug":"adminbuletin","display_name":"Redac\u021bia Buletin de Bucure\u0219ti","avatar_url":"https:\/\/secure.gravatar.com\/avatar\/18c5342381ed1a08620e6280424e3e5efc958618f5d67c522c9e44c1bc6f9226?s=96&d=monsterid&r=g","0":null,"1":"","2":"","3":"","4":"","5":"","6":"","7":"","8":""}],"_links":{"self":[{"href":"https:\/\/buletin.de\/bucuresti\/wp-json\/wp\/v2\/posts\/116834","targetHints":{"allow":["GET"]}}],"collection":[{"href":"https:\/\/buletin.de\/bucuresti\/wp-json\/wp\/v2\/posts"}],"about":[{"href":"https:\/\/buletin.de\/bucuresti\/wp-json\/wp\/v2\/types\/post"}],"author":[{"embeddable":true,"href":"https:\/\/buletin.de\/bucuresti\/wp-json\/wp\/v2\/users\/1"}],"replies":[{"embeddable":true,"href":"https:\/\/buletin.de\/bucuresti\/wp-json\/wp\/v2\/comments?post=116834"}],"version-history":[{"count":7,"href":"https:\/\/buletin.de\/bucuresti\/wp-json\/wp\/v2\/posts\/116834\/revisions"}],"predecessor-version":[{"id":116936,"href":"https:\/\/buletin.de\/bucuresti\/wp-json\/wp\/v2\/posts\/116834\/revisions\/116936"}],"wp:featuredmedia":[{"embeddable":true,"href":"https:\/\/buletin.de\/bucuresti\/wp-json\/wp\/v2\/media\/116838"}],"wp:attachment":[{"href":"https:\/\/buletin.de\/bucuresti\/wp-json\/wp\/v2\/media?parent=116834"}],"wp:term":[{"taxonomy":"category","embeddable":true,"href":"https:\/\/buletin.de\/bucuresti\/wp-json\/wp\/v2\/categories?post=116834"},{"taxonomy":"post_tag","embeddable":true,"href":"https:\/\/buletin.de\/bucuresti\/wp-json\/wp\/v2\/tags?post=116834"},{"taxonomy":"author","embeddable":true,"href":"https:\/\/buletin.de\/bucuresti\/wp-json\/wp\/v2\/ppma_author?post=116834"}],"curies":[{"name":"wp","href":"https:\/\/api.w.org\/{rel}","templated":true}]}}