{"id":116778,"date":"2025-02-03T10:26:36","date_gmt":"2025-02-03T07:26:36","guid":{"rendered":"https:\/\/buletin.de\/bucuresti\/?p=116778"},"modified":"2025-02-04T11:29:37","modified_gmt":"2025-02-04T08:29:37","slug":"dosarul-nordis-perchezitii-in-bucuresti-ilfov-si-monaco-procurorii-acuza-o-delapidare-de-71-de-milioane-de-euro-sotul-laurei-vicol-adus-la-diicot","status":"publish","type":"post","link":"https:\/\/buletin.de\/bucuresti\/dosarul-nordis-perchezitii-in-bucuresti-ilfov-si-monaco-procurorii-acuza-o-delapidare-de-71-de-milioane-de-euro-sotul-laurei-vicol-adus-la-diicot\/","title":{"rendered":"Dosarul Nordis: Laura Vicol \u0219i Vladimir Ciorb\u0103 au fost re\u021binu\u021bi. Procurorii acuz\u0103 o delapidare de 71 de milioane de euro"},"content":{"rendered":"\n<p><strong>65 de perchezi\u021bii au fost declan\u0219ate luni de c\u0103tre DIICOT \u00een dosarul Nordis pe teritoriul Rom\u00e2niei \u0219i a Principatului Monaco. Sunt viza\u021bi 75 de suspec\u021bi, printre care \u0219i so\u021bul fostei deputate PSD Laura Vicol. <\/strong><\/p>\n\n\n\n<p>Procurorii sus\u021bin c\u0103 firma Nordis a \u00eencasat 195 de milioane de euro, de la clien\u021bi, pentru apartamente noi, dar suspec\u021bii au delapidat peste 71 de milioane de euro.<\/p>\n\n\n\n<p><strong>UPDATE<\/strong>: 11 persoane au fost re\u021binute \u00een dosarul Nordis, a anun\u021bat DIICOT. Printre aceste se num\u0103r\u0103 \u0219i Laura Vicol, fost deputat PSD, \u0219i so\u021bul acesteia, Vladimir Ciorb\u0103.<\/p>\n\n\n\n<p><strong>CITE\u0218TE \u0218I: <a href=\"https:\/\/buletin.de\/bucuresti\/11-persoane-retinute-in-dosarul-nordis-inclusiv-laura-vicol-si-vladimir-ciorba\/\" target=\"_blank\" rel=\"noreferrer noopener\">11 persoane re\u021binute \u00een dosarul Nordis, inclusiv Laura Vicol \u0219i Vladimir Ciorb\u0103<\/a><\/strong><\/p>\n\n\n\n<hr class=\"wp-block-separator has-alpha-channel-opacity\"\/>\n\n\n\n<h2 class=\"wp-block-heading\" id=\"h-update-19-51-laura-vicol-\u0219i-vladimir-ciorba-au-fost-re\u021binu\u021bi\">UPDATE 19:51: Laura Vicol \u0219i Vladimir Ciorb\u0103 au fost re\u021binu\u021bi<\/h2>\n\n\n\n<p>Laura Vicol \u0219i Vladimir Ciorb\u0103 au fost re\u021binu\u021bi de procurorii DIICOT, au declarat pentru G4media surse apropiate anchetei.<\/p>\n\n\n\n<p>Al\u0103turi de cei doi, au mai fost re\u021binu\u021bi \u0219i Gheorghe Emanuel Po\u0219toac\u0103, unul dintre asocia\u021bii NORDIS, \u0219i angaja\u021bi ai acestora, Vasile Gabriela, Matei Cristian, R\u0103ileanu Sanda, Po\u0219toaca Florin.<\/p>\n\n\n\n<hr class=\"wp-block-separator has-alpha-channel-opacity\"\/>\n\n\n\n<p><strong>UPDATE<\/strong>: <strong>Laura Vicol<\/strong>&nbsp;este suspect\u0103 de complicitate la delapidare cu consecin\u021be deosebit de grave, sp\u0103lare de bani \u00een form\u0103 continuat\u0103 \u0219i aderare la grup infrac\u021bional organizat, potrivit G4Media.<\/p>\n\n\n\n<hr class=\"wp-block-separator has-alpha-channel-opacity\"\/>\n\n\n\n<h2 class=\"wp-block-heading\" id=\"h-care-sunt-acuza\u021biile-procurorilor-in-dosarul-nordis\">Care sunt acuza\u021biile procurorilor \u00een dosarul Nordis<\/h2>\n\n\n\n<p>Procurorii Direc\u021biei de Investigare a Infrac\u021biunilor de Criminalitate Organizat\u0103 \u0219i Terorism \u2013 Structura Central\u0103, \u00eempreun\u0103 cu ofi\u021beri din cadrul Direc\u021biei de Combatere a Criminalit\u0103\u021bii Organizate, au anun\u021bat c\u0103 pun \u00een aplicare 65 de mandate de perchezi\u021bie domiciliar\u0103 pe teritoriul Rom\u00e2niei \u0219i al Principatului Monaco (63 pe raza municipiului Bucure\u0219ti \u0219i a jude\u021belor Ilfov, Constan\u021ba, Gala\u021bi, Giurgiu, Bistri\u021ba N\u0103s\u0103ud \u0219i Prahova), \u00een dosarul penal privind s\u0103v\u00e2r\u0219irea infrac\u021biunilor de constituirea unui <strong>grup infrac\u021bional organizat, delapidare cu consecin\u021be deosebit de grave, sp\u0103lare a banilor, evaziune fiscal\u0103, \u00een\u0219el\u0103ciune cu consecin\u021be deosebit de grave, stabilirea cu rea-credin\u021b\u0103 de c\u0103tre contribuabil a impozitelor, taxelor sau contribu\u021biilor<\/strong>, av\u00e2nd ca rezultat ob\u021binerea, f\u0103r\u0103 drept, a unor sume de bani cu titlu de ramburs\u0103ri sau restituiri de la bugetul general consolidat ori compens\u0103ri datorate bugetului general consolidat, toate \u00een form\u0103 continuat\u0103.<\/p>\n\n\n\n<p>\u201eCercet\u0103rile efectuate p\u00e2n\u0103 la aceast\u0103 dat\u0103, viz\u00e2nd un num\u0103r de <strong>72 de suspec\u021bi<\/strong> (40 de persoane fizice \u0219i 32 de persoane juridice) au relevat c\u0103, \u00eencep\u00e2nd cu <strong>anul 2018<\/strong>, trei dintre suspec\u021bi au ini\u021biat \u0219i constituit un grup infrac\u021bional organizat, structurat pe un model piramidal cu trei paliere, care a conceput \u0219i pus \u00een aplicare un mecanism infrac\u021bional complex, const\u00e2nd \u00een promovarea \u0219i dezvoltarea unor proiecte imobiliare sub acoperirea mai multor societ\u0103\u021bi comerciale, urmate de \u00eencasarea de sume de bani de la clien\u021bi (cump\u0103r\u0103tori), <strong>delapidarea fondurilor societ\u0103\u021bilor, inducerea \u00een eroare a cump\u0103r\u0103torilor cu ocazia execut\u0103rii ante-contractelor \u0219i contractelor de v\u00e2nzare-cump\u0103rare, eviden\u021bierea de opera\u021biuni fictive \u00een contabilitatea societ\u0103\u021bilor controlate \u00een scopul sustragerii de la plata taxelor \u0219i impozitelor datorate bugetului de stat \u0219i stabilirea cu rea-credin\u021b\u0103 a taxelor <\/strong>(T.V.A.), av\u00e2nd ca rezultat ob\u021binerea, f\u0103r\u0103 drept, a unor sume de bani cu titlu de ramburs\u0103ri sau restituiri de la bugetul de stat ori compens\u0103ri datorate bugetului general cauz\u00e2ndu-se prejudicii societ\u0103\u021bilor comerciale, clien\u021bilor cump\u0103r\u0103tori \u0219i bugetului de stat. Fondurile financiare ilicite astfel ob\u021binute au fost supuse procesului de sp\u0103larea banilor.<\/p>\n\n\n\n<p>Din investiga\u021biile efectuate a rezultat c\u0103 <strong>e\u0219alonul secund al grup\u0103rii de criminalitate organizat\u0103 a fost format din persoane apropiate liderilor (aflate \u00een rela\u021bie de rudenie sau prietenie)<\/strong>, care au aderat la grupare \u0219i au sprijinit-o activ, prin diverse modalit\u0103\u021bi, sub controlul \u0219i \u00eendrumarea acestora, iar ultimul palier a sprijinit grupul infrac\u021bional organizat, pe anumite componente sau \u00een anumite perioade, av\u00e2nd atribu\u021bii de a \u00eentocmi documenta\u021bia aferent\u0103 opera\u021biunilor de v\u00e2nzare a imobilelor, apartamentare, intabulare sau consultan\u021b\u0103 juridic\u0103 (notari \u0219i avoca\u021bi) \u0219i de a \u00eencasa sume de bani provenite din s\u0103v\u00e2r\u0219irea infrac\u021biunii de delapidare, sub diferite titluri justificative\u201d, se arat\u0103 \u00eentr-un comunicat de pres\u0103 al DIICOT despre dosarul Nordis.<\/p>\n\n\n\n<p><strong>CITE\u0218TE \u0218I: <a href=\"https:\/\/buletin.de\/bucuresti\/proiectele-nordis-din-bucuresti-unde-se-afla-ansamblurile-de-lux-in-valoare-de-23-de-milioane-de-euro\/\" target=\"_blank\" rel=\"noreferrer noopener\">Proiectele Nordis din Bucure\u0219ti. Unde se afl\u0103 ansamblurile de lux \u00een valoare de 23 de milioane de euro<\/a><\/strong><\/p>\n\n\n\n<figure class=\"wp-block-embed is-type-video is-provider-youtube wp-block-embed-youtube wp-embed-aspect-16-9 wp-has-aspect-ratio\"><div class=\"wp-block-embed__wrapper\">\n<iframe title=\"Dosarul Nordis: perchezi\u021bii \u00een Bucure\u0219ti, Ilfov \u0219i Monaco. So\u021bul Laurei Vicol, adus la DIICOT\" width=\"1200\" height=\"675\" src=\"https:\/\/www.youtube.com\/embed\/bIxb94zzBnY?feature=oembed\" frameborder=\"0\" allow=\"accelerometer; autoplay; clipboard-write; encrypted-media; gyroscope; picture-in-picture; web-share\" referrerpolicy=\"strict-origin-when-cross-origin\" allowfullscreen><\/iframe>\n<\/div><figcaption class=\"wp-element-caption\">Perchezi\u021bii \u00een dosarul Nordis, \u00eencepute luni diminea\u021b\u0103<\/figcaption><\/figure>\n\n\n\n<p><\/p>\n\n\n\n<h2 class=\"wp-block-heading\" id=\"h-peste-71-de-milioane-de-euro-ar-fi-fost-folosi\u021bi-in-alte-scopuri\">Peste 71 de milioane de euro ar fi fost folosi\u021bi \u00een alte scopuri<\/h2>\n\n\n\n<p>DIICOT afirm\u0103 c\u0103, \u00een perioada 2019-2024, liderii grupului infrac\u021bional organizat, prin intermediul a 5 societ\u0103\u021bi comerciale, ar fi \u00eencasat de la clien\u021bi persoane fizice sau juridice cu titlu de avans \u00een cadrul unor promisiuni bilaterale de v\u00e2nzare-cump\u0103rare, respectiv contracte de v\u00e2nzare-cump\u0103rare (apartamente\/parc\u0103ri \u0219i mobilier), suma de peste <strong><mark style=\"background-color:rgba(0, 0, 0, 0)\" class=\"has-inline-color has-vivid-red-color\">957.000.000 de lei (peste 195 de milioane de euro)<\/mark><\/strong>.<\/p>\n\n\n\n<p>\u201eFondurile astfel constituite au fost delapidate, de regul\u0103 \u00eentr-un interval scurt de timp, prin transferuri c\u0103tre persoane fizice, membri ai grupului infrac\u021bional organizat, transferuri c\u0103tre persoane juridice, societ\u0103\u021bi afiliate structurii criminale, plata de salarii, dar \u0219i diverse cheltuieli voluptorii, \u00een suma de aproximativ <strong><mark style=\"background-color:rgba(0, 0, 0, 0)\" class=\"has-inline-color has-vivid-red-color\">346.000.000 de lei \u0219i 2.400.000 de euro.<\/mark><\/strong><\/p>\n\n\n\n<p>\u00cen primele dou\u0103 situa\u021bii, \u00een majoritatea cazurilor, externalizarea fondurilor a avut la baz\u0103 pretinse documente justificative, <strong>care s\u0103 dea aparen\u021ba legalit\u0103\u021bii opera\u021biunilor prin care sumele de bani au ie\u0219it din patrimoniul societ\u0103\u021bilor <\/strong>(avans, dividende, restituire \u00eemprumut, cesiune p\u0103r\u021bi sociale, respectiv \u00eenfiin\u021barea \u0219i\/sau preluarea a zeci de societ\u0103\u021bi pentru <strong>a simula opera\u021biuni economice<\/strong>, astfel \u00eenc\u00e2t fonduri consistente av\u00e2nd ca provenien\u021b\u0103 avansurile achitate de c\u0103tre clien\u021bi s\u0103 poat\u0103 fi externalizate sub aparen\u021ba unor contracte de prest\u0103ri servicii sau achizi\u021bii de bunuri).<\/p>\n\n\n\n<p><strong>Indiferent de traseul parcurs, sumele de bani au urmat aceea\u0219i destina\u021bie, conturile membrilor grup\u0103rii \u0219i retragerea \u00een numerar<\/strong>\u201d, se mai arat\u0103 \u00een comunicatul DIICOT \u00een leg\u0103tur\u0103 cu dosarul Nordis.<\/p>\n\n\n\n<p>Procurorii afirm\u0103 c\u0103 suspec\u021bii<strong> ar fi indus \u00een eroare, cu ocazia execut\u0103rii unor promisiuni de v\u00e2nzare-cump\u0103rare, acte adi\u021bionale \u0219i contracte de v\u00e2nzare cump\u0103rare av\u00e2nd ca obiect imobile (apartamente) \u00een cadrul unor ansambluri reziden\u021biale, mai multe persoane fizice \u0219i juridice<\/strong>, \u00een mod direct sau indirect, prin intermediul angaja\u021bilor societ\u0103\u021bilor cu atribu\u021bii \u00een v\u00e2nz\u0103ri, prin prezentarea ca adev\u0103rat\u0103 a unor fapte mincinoase const\u00e2nd \u00een finalizarea unor etape ale proiectelor, predarea apartamentelor c\u0103tre un num\u0103r mare de clien\u021bi, afirmarea unor procente mari de v\u00e2nz\u0103ri, respectiv epuizarea acestora, am\u00e2narea nejustificat\u0103 \u0219i repetat\u0103 a semn\u0103rii contractelor prin prezentarea deformat\u0103 a realit\u0103\u021bii obiective \u0219i prin presarea clien\u021bilor cump\u0103r\u0103tori s\u0103 accepte alte termene \u0219i condi\u021bii dezavantajoase, invocarea unor impedimente inexistente la semnarea contractelor (neplata taxelor \u0219i impozitelor, argumente false privind \u00eent\u00e2rzierea lucr\u0103rilor \u2013 vreme nefavorabil\u0103, pandemie sau conflictul armat de la grani\u021ba cu Ucraina). <\/p>\n\n\n\n<p><strong>CITE\u0218TE \u0218I: <a href=\"https:\/\/buletin.de\/bucuresti\/dosar-penal-in-afacerea-nordis\/\" target=\"_blank\" rel=\"noreferrer noopener\">Dosar penal \u00een afacerea Nordis. Acuzatiile: grup infrac\u021bional organizat \u0219i delapidare<\/a><\/strong><\/p>\n\n\n\n<h2 class=\"wp-block-heading\" id=\"h-dosarul-nordis-apartamentele-ar-fi-fost-vandute-de-mai-multe-ori\">Dosarul Nordis: apartamentele ar fi fost v\u00e2ndute de mai multe ori<\/h2>\n\n\n\n<p>\u201eManoperele frauduloase folosite de membrii grup\u0103rii de criminalitate organizat\u0103 \u00een raport cu clien\u021bii au constat \u0219i \u00een v\u00e2nzarea imobilelor c\u0103tre alte persoane, <strong>condi\u021bionarea semn\u0103rii contractelor de v\u00e2nzare-cump\u0103rare de asumarea unor noi obliga\u021bii neinserate ini\u021bial \u00een promisiunea de v\u00e2nzare, cum ar fi cedarea folosin\u021bei locuin\u021belor pe o perioad\u0103 lung\u0103 de timp, inten\u021bia de a folosi apartamentele edificate \u00een interes propriu &#8211; pentru func\u021bionarea hotelului, grevarea imobilelor de sarcini \u00een favoarea unor ter\u021be persoane sau membri ai grup\u0103rii f\u0103r\u0103 notificarea clientului , interdic\u021bia not\u0103rii la cartea funciar\u0103 a promisiunilor de v\u00e2nzare-cump\u0103rare, asumarea \u00een scris a obliga\u021biei de a nu face aprecieri publice asupra oric\u0103rui aspect al rela\u021biilor contractuale sub sanc\u021biunea pl\u0103\u021bii unor daune de valori mari care descuraja orice demers judiciar al clien\u021bilor<\/strong>.<\/p>\n\n\n\n<p>Suspec\u021bii au recurs, de asemenea, la recompartiment\u0103ri ale imobilelor pentru a \u00eengreuna identificarea apartamentelor care au f\u0103cut obiectul promisiunilor de v\u00e2nzare, obstruc\u021bionarea accesului clien\u021bilor \u00een \u0219antiere pentru a verifica stadiul lucr\u0103rilor, v\u00e2nzarea \u00een bloc a unui num\u0103r mare de apartamente c\u0103tre propriile societ\u0103\u021bi urmat\u0103 la scurt timp de rezolu\u021biunea v\u00e2nz\u0103rii, \u00een scopul needific\u0103rii \u0219i\/sau nepunerii la dispozi\u021bia clien\u021bilor a imobilelor contractate. Astfel, membrii grup\u0103rii de criminalitate organizat\u0103 au produs pagube materiale substan\u021biale clien\u021bilor, corelativ cu ob\u021binerea de c\u0103tre ei a unor foloase patrimoniale injuste .<\/p>\n\n\n\n<p>\u00cen baza aceleia\u0219i rezolu\u021bii infrac\u021bionale, \u00een mod repetat \u0219i la intervale diferite de timp, liderii grupului infrac\u021bional au dispus efectuarea \u00een documentele contabile ale firmelor (persoane juridice cu calitatea procesual\u0103 de suspect) de opera\u021biuni fictive de achizi\u021bii, \u00een scopul diminu\u0103rii bazei impozabile \u0219i deducerii ilegale a taxei pe valoare ad\u0103ugat\u0103\u201d, mai arat\u0103 DIICOT. <\/p>\n\n\n\n<h2 class=\"wp-block-heading\" id=\"h-so\u021bul-laurei-vicol-vladimir-ciorba-unul-dintre-suspec\u021bii-audia\u021bi-in-dosarul-nordis\">So\u021bul Laurei Vicol, Vladimir Ciorb\u0103, unul dintre suspec\u021bii audia\u021bi \u00een dosarul Nordis<\/h2>\n\n\n\n<p><strong>Audierile se desf\u0103\u0219oar\u0103 la Bucure\u0219ti, iar printre cei viza\u021bi se num\u0103r\u0103 \u0219i unul dintre ac\u021bionarii principali ai Nordis, Vladimir Ciorb\u0103, so\u021bul fostei deputate PSD \u0219i fost\u0103 \u0219ef\u0103 a Comisiei juridice din Camera Deputa\u021bilor, Laura Vicol. <\/strong><\/p>\n\n\n\n<p>Dup\u0103 ce multe proiecte ale dezvoltatorului Nordis au r\u0103mas doar pe h\u00e2rtie, iar banii clien\u021bilor au disp\u0103rut, <a href=\"https:\/\/recorder.ro\/schema-nordis-masinaria-de-facut-bani-a-celui-mai-puternic-clan-politico-imobiliar\/\" target=\"_blank\" rel=\"noreferrer noopener\">o investiga\u021bie Recorder<\/a> a ar\u0103tat c\u0103 prin circuitul de firme au fost \u00eencasate \u00een avans sume considerabile de bani de la oameni care n-au mai intrat niciodat\u0103 \u00een posesia apartamentelor promise, de\u0219i le-au pl\u0103tit integral.<\/p>\n\n\n\n<p><strong>Ancheta jurnalistilor Recorder, a eviden\u021biat \u0219i leg\u0103turile politice ale grupului. Vladimir Ciorb\u0103, principalul asociat al Nordis, este so\u021bul Laurei Vicol, deputat\u0103 PSD \u0219i \u0219efa Comisiei Juridice din Camera Deputa\u021bilor la acea vreme.<\/strong><\/p>\n\n\n\n<p>Pe 7 octombrie, un complet de judecat\u0103 a decis intrarea \u00een insolven\u021b\u0103 a firmei Nordis Management, una dintre cele mai importante entit\u0103\u021bi din grup. Aproximativ 80 de creditori au solicitat aceast\u0103 m\u0103sur\u0103 din cauza nepl\u0103\u021bii datoriilor.<\/p>\n\n\n\n<p><strong>CITE\u0218TE \u0218I: <a href=\"https:\/\/buletin.de\/bucuresti\/investigatie-recorder-proiectul-nordis-o-teapa-imobiliara-a-unui-dezvoltator-cu-conexiuni-la-cel-mai-inalt-nivel\/\" target=\"_blank\" rel=\"noreferrer noopener\">Investiga\u021bie Recorder: Proiectul Nordis, o \u021beap\u0103 imobiliar\u0103 a unui dezvoltator cu conexiuni la cel mai \u00eenalt nivel<\/a><\/strong><\/p>\n\n\n\n<p>Unul dintre proiectele de lux anun\u021bate de Nordis \u00een Bucure\u0219ti, Nordis Prim\u0103verii, este un ansamblu de tip boutique amplasat pe unul dintre cele mai scumpe bulevarde din Rom\u00e2nia \u0219i se ridic\u0103 la o valoare estimat\u0103 de pia\u021b\u0103 de peste 8 milioane de euro.<\/p>\n\n\n\n<p>Cel de-al doilea proiect se afl\u0103 tot \u00een nordul Capitalei, iar valoarea este de 15 milioane de euro.<\/p>\n\n\n\n<p><strong>\u00cen urma scandalului, Laura Vicol \u0219i-a dat demisia din PSD, acuz\u00e2nd o \u201ecampanie de destabilizare\u201d a partidului, aflat \u00een campanie electoral\u0103, dup\u0103 dezv\u0103luirile \u00een cazul Nordis.<\/strong><\/p>\n","protected":false},"excerpt":{"rendered":"<p>65 de perchezi\u021bii au fost declan\u0219ate luni de c\u0103tre DIICOT \u00een dosarul Nordis pe teritoriul Rom\u00e2niei \u0219i a Principatului Monaco. Sunt viza\u021bi 75 de suspec\u021bi, printre care \u0219i so\u021bul fostei deputate PSD Laura Vicol. Procurorii sus\u021bin c\u0103 firma Nordis a \u00eencasat 195 de milioane de euro, de la clien\u021bi, pentru apartamente noi, dar suspec\u021bii au [&hellip;]<\/p>\n","protected":false},"author":1,"featured_media":116779,"comment_status":"closed","ping_status":"open","sticky":false,"template":"","format":"standard","meta":{"_acf_changed":false,"inline_featured_image":false,"ngg_post_thumbnail":0,"footnotes":""},"categories":[6994,9026,5762],"tags":[15814,1367,18886,18887,15771,15793,15813,15811],"ppma_author":[22583],"class_list":["post-116778","post","type-post","status-publish","format-standard","has-post-thumbnail","hentry","category-stiri-2","category-eveniment","category-main","tag-dezvoltator-nordis","tag-diicot","tag-dosarul-nordis","tag-laura-vicol","tag-nordis","tag-nordis-group","tag-vicol","tag-vladimir-ciorba"],"acf":[],"yoast_head":"<!-- This site is optimized with the Yoast SEO Premium plugin v25.3 (Yoast SEO v27.4) - https:\/\/yoast.com\/product\/yoast-seo-premium-wordpress\/ -->\n<title>Dosarul Nordis: Laura Vicol \u0219i Vladimir Ciorb\u0103 au fost re\u021binu\u021bi. Procurorii acuz\u0103 o delapidare de 71 de milioane de euro - Buletin de Bucure\u0219ti<\/title>\n<meta name=\"description\" content=\"Dosarul Nordis: perchezi\u021bii \u00een Bucure\u0219ti, Ilfov \u0219i Monaco. Procurorii acuz\u0103 o delapidare de 71 de milioane de euro. 75 de suspec\u021bi.\" \/>\n<meta name=\"robots\" content=\"index, follow, max-snippet:-1, max-image-preview:large, max-video-preview:-1\" \/>\n<link rel=\"canonical\" href=\"https:\/\/buletin.de\/bucuresti\/dosarul-nordis-perchezitii-in-bucuresti-ilfov-si-monaco-procurorii-acuza-o-delapidare-de-71-de-milioane-de-euro-sotul-laurei-vicol-adus-la-diicot\/\" \/>\n<meta property=\"og:locale\" content=\"en_GB\" \/>\n<meta property=\"og:type\" content=\"article\" \/>\n<meta property=\"og:title\" content=\"Dosarul Nordis: Laura Vicol \u0219i Vladimir Ciorb\u0103 au fost re\u021binu\u021bi. Procurorii acuz\u0103 o delapidare de 71 de milioane de euro\" \/>\n<meta property=\"og:description\" content=\"Dosarul Nordis: perchezi\u021bii \u00een Bucure\u0219ti, Ilfov \u0219i Monaco. Procurorii acuz\u0103 o delapidare de 71 de milioane de euro. 75 de suspec\u021bi.\" \/>\n<meta property=\"og:url\" content=\"https:\/\/buletin.de\/bucuresti\/dosarul-nordis-perchezitii-in-bucuresti-ilfov-si-monaco-procurorii-acuza-o-delapidare-de-71-de-milioane-de-euro-sotul-laurei-vicol-adus-la-diicot\/\" \/>\n<meta property=\"og:site_name\" content=\"Buletin de Bucure\u0219ti\" \/>\n<meta property=\"article:publisher\" content=\"https:\/\/www.facebook.com\/buletin.de.buc\" \/>\n<meta property=\"article:published_time\" content=\"2025-02-03T07:26:36+00:00\" \/>\n<meta property=\"article:modified_time\" content=\"2025-02-04T08:29:37+00:00\" \/>\n<meta property=\"og:image\" content=\"https:\/\/buletin.de\/bucuresti\/wp-content\/uploads\/ciorba_INQUAM_Photos_Octav_Ganea.jpg\" \/>\n\t<meta property=\"og:image:width\" content=\"1200\" \/>\n\t<meta property=\"og:image:height\" content=\"800\" \/>\n\t<meta property=\"og:image:type\" content=\"image\/jpeg\" \/>\n<meta name=\"author\" content=\"Redac\u021bia Buletin de Bucure\u0219ti\" \/>\n<meta name=\"twitter:card\" content=\"summary_large_image\" \/>\n<meta name=\"twitter:label1\" content=\"Written by\" \/>\n\t<meta name=\"twitter:data1\" content=\"Redac\u021bia Buletin de Bucure\u0219ti\" \/>\n\t<meta name=\"twitter:label2\" content=\"Estimated reading time\" \/>\n\t<meta name=\"twitter:data2\" content=\"8 minutes\" \/>\n<script type=\"application\/ld+json\" class=\"yoast-schema-graph\">{\"@context\":\"https:\\\/\\\/schema.org\",\"@graph\":[{\"@type\":\"Article\",\"@id\":\"https:\\\/\\\/buletin.de\\\/bucuresti\\\/dosarul-nordis-perchezitii-in-bucuresti-ilfov-si-monaco-procurorii-acuza-o-delapidare-de-71-de-milioane-de-euro-sotul-laurei-vicol-adus-la-diicot\\\/#article\",\"isPartOf\":{\"@id\":\"https:\\\/\\\/buletin.de\\\/bucuresti\\\/dosarul-nordis-perchezitii-in-bucuresti-ilfov-si-monaco-procurorii-acuza-o-delapidare-de-71-de-milioane-de-euro-sotul-laurei-vicol-adus-la-diicot\\\/\"},\"author\":{\"name\":\"Redac\u021bia Buletin de Bucure\u0219ti\",\"@id\":\"https:\\\/\\\/buletin.de\\\/bucuresti\\\/#\\\/schema\\\/person\\\/2bbcf854e5f2419a13804af574d06ab1\"},\"headline\":\"Dosarul Nordis: Laura Vicol \u0219i Vladimir Ciorb\u0103 au fost re\u021binu\u021bi. Procurorii acuz\u0103 o delapidare de 71 de milioane de euro\",\"datePublished\":\"2025-02-03T07:26:36+00:00\",\"dateModified\":\"2025-02-04T08:29:37+00:00\",\"mainEntityOfPage\":{\"@id\":\"https:\\\/\\\/buletin.de\\\/bucuresti\\\/dosarul-nordis-perchezitii-in-bucuresti-ilfov-si-monaco-procurorii-acuza-o-delapidare-de-71-de-milioane-de-euro-sotul-laurei-vicol-adus-la-diicot\\\/\"},\"wordCount\":1842,\"publisher\":{\"@id\":\"https:\\\/\\\/buletin.de\\\/bucuresti\\\/#organization\"},\"image\":{\"@id\":\"https:\\\/\\\/buletin.de\\\/bucuresti\\\/dosarul-nordis-perchezitii-in-bucuresti-ilfov-si-monaco-procurorii-acuza-o-delapidare-de-71-de-milioane-de-euro-sotul-laurei-vicol-adus-la-diicot\\\/#primaryimage\"},\"thumbnailUrl\":\"https:\\\/\\\/buletin.de\\\/bucuresti\\\/wp-content\\\/uploads\\\/ciorba_INQUAM_Photos_Octav_Ganea.jpg\",\"keywords\":[\"dezvoltator nordis\",\"diicot\",\"dosarul nordis\",\"laura vicol\",\"nordis\",\"Nordis Group\",\"vicol\",\"vladimir ciorba\"],\"articleSection\":[\"Articole\",\"Eveniment\",\"Main\"],\"inLanguage\":\"en-GB\",\"copyrightYear\":\"2025\",\"copyrightHolder\":{\"@id\":\"https:\\\/\\\/buletin.de\\\/bucuresti\\\/#organization\"}},{\"@type\":\"WebPage\",\"@id\":\"https:\\\/\\\/buletin.de\\\/bucuresti\\\/dosarul-nordis-perchezitii-in-bucuresti-ilfov-si-monaco-procurorii-acuza-o-delapidare-de-71-de-milioane-de-euro-sotul-laurei-vicol-adus-la-diicot\\\/\",\"url\":\"https:\\\/\\\/buletin.de\\\/bucuresti\\\/dosarul-nordis-perchezitii-in-bucuresti-ilfov-si-monaco-procurorii-acuza-o-delapidare-de-71-de-milioane-de-euro-sotul-laurei-vicol-adus-la-diicot\\\/\",\"name\":\"Dosarul Nordis: Laura Vicol \u0219i Vladimir Ciorb\u0103 au fost re\u021binu\u021bi. Procurorii acuz\u0103 o delapidare de 71 de milioane de euro - Buletin de Bucure\u0219ti\",\"isPartOf\":{\"@id\":\"https:\\\/\\\/buletin.de\\\/bucuresti\\\/#website\"},\"primaryImageOfPage\":{\"@id\":\"https:\\\/\\\/buletin.de\\\/bucuresti\\\/dosarul-nordis-perchezitii-in-bucuresti-ilfov-si-monaco-procurorii-acuza-o-delapidare-de-71-de-milioane-de-euro-sotul-laurei-vicol-adus-la-diicot\\\/#primaryimage\"},\"image\":{\"@id\":\"https:\\\/\\\/buletin.de\\\/bucuresti\\\/dosarul-nordis-perchezitii-in-bucuresti-ilfov-si-monaco-procurorii-acuza-o-delapidare-de-71-de-milioane-de-euro-sotul-laurei-vicol-adus-la-diicot\\\/#primaryimage\"},\"thumbnailUrl\":\"https:\\\/\\\/buletin.de\\\/bucuresti\\\/wp-content\\\/uploads\\\/ciorba_INQUAM_Photos_Octav_Ganea.jpg\",\"datePublished\":\"2025-02-03T07:26:36+00:00\",\"dateModified\":\"2025-02-04T08:29:37+00:00\",\"description\":\"Dosarul Nordis: perchezi\u021bii \u00een Bucure\u0219ti, Ilfov \u0219i Monaco. Procurorii acuz\u0103 o delapidare de 71 de milioane de euro. 75 de suspec\u021bi.\",\"breadcrumb\":{\"@id\":\"https:\\\/\\\/buletin.de\\\/bucuresti\\\/dosarul-nordis-perchezitii-in-bucuresti-ilfov-si-monaco-procurorii-acuza-o-delapidare-de-71-de-milioane-de-euro-sotul-laurei-vicol-adus-la-diicot\\\/#breadcrumb\"},\"inLanguage\":\"en-GB\",\"potentialAction\":[{\"@type\":\"ReadAction\",\"target\":[\"https:\\\/\\\/buletin.de\\\/bucuresti\\\/dosarul-nordis-perchezitii-in-bucuresti-ilfov-si-monaco-procurorii-acuza-o-delapidare-de-71-de-milioane-de-euro-sotul-laurei-vicol-adus-la-diicot\\\/\"]}]},{\"@type\":\"ImageObject\",\"inLanguage\":\"en-GB\",\"@id\":\"https:\\\/\\\/buletin.de\\\/bucuresti\\\/dosarul-nordis-perchezitii-in-bucuresti-ilfov-si-monaco-procurorii-acuza-o-delapidare-de-71-de-milioane-de-euro-sotul-laurei-vicol-adus-la-diicot\\\/#primaryimage\",\"url\":\"https:\\\/\\\/buletin.de\\\/bucuresti\\\/wp-content\\\/uploads\\\/ciorba_INQUAM_Photos_Octav_Ganea.jpg\",\"contentUrl\":\"https:\\\/\\\/buletin.de\\\/bucuresti\\\/wp-content\\\/uploads\\\/ciorba_INQUAM_Photos_Octav_Ganea.jpg\",\"width\":1200,\"height\":800,\"caption\":\"Dosarul Nordis. Foto: INQUAM_Photos_Octav_Ganea\"},{\"@type\":\"BreadcrumbList\",\"@id\":\"https:\\\/\\\/buletin.de\\\/bucuresti\\\/dosarul-nordis-perchezitii-in-bucuresti-ilfov-si-monaco-procurorii-acuza-o-delapidare-de-71-de-milioane-de-euro-sotul-laurei-vicol-adus-la-diicot\\\/#breadcrumb\",\"itemListElement\":[{\"@type\":\"ListItem\",\"position\":1,\"name\":\"Acas\u0103\",\"item\":\"https:\\\/\\\/buletin.de\\\/bucuresti\\\/\"},{\"@type\":\"ListItem\",\"position\":2,\"name\":\"Dosarul Nordis: Laura Vicol \u0219i Vladimir Ciorb\u0103 au fost re\u021binu\u021bi. Procurorii acuz\u0103 o delapidare de 71 de milioane de euro\"}]},{\"@type\":\"WebSite\",\"@id\":\"https:\\\/\\\/buletin.de\\\/bucuresti\\\/#website\",\"url\":\"https:\\\/\\\/buletin.de\\\/bucuresti\\\/\",\"name\":\"Buletin de Bucure\u0219ti\",\"description\":\"\u0218tiri \u0219i investiga\u021bii esen\u021biale din capital\u0103\",\"publisher\":{\"@id\":\"https:\\\/\\\/buletin.de\\\/bucuresti\\\/#organization\"},\"potentialAction\":[{\"@type\":\"SearchAction\",\"target\":{\"@type\":\"EntryPoint\",\"urlTemplate\":\"https:\\\/\\\/buletin.de\\\/bucuresti\\\/?s={search_term_string}\"},\"query-input\":{\"@type\":\"PropertyValueSpecification\",\"valueRequired\":true,\"valueName\":\"search_term_string\"}}],\"inLanguage\":\"en-GB\"},{\"@type\":\"Organization\",\"@id\":\"https:\\\/\\\/buletin.de\\\/bucuresti\\\/#organization\",\"name\":\"Buletin de Bucure\u0219ti\",\"url\":\"https:\\\/\\\/buletin.de\\\/bucuresti\\\/\",\"logo\":{\"@type\":\"ImageObject\",\"inLanguage\":\"en-GB\",\"@id\":\"https:\\\/\\\/buletin.de\\\/bucuresti\\\/#\\\/schema\\\/logo\\\/image\\\/\",\"url\":\"https:\\\/\\\/buletin.de\\\/bucuresti\\\/wp-content\\\/uploads\\\/logo-bdb-full-wide-vernil-transparent.png\",\"contentUrl\":\"https:\\\/\\\/buletin.de\\\/bucuresti\\\/wp-content\\\/uploads\\\/logo-bdb-full-wide-vernil-transparent.png\",\"width\":1782,\"height\":626,\"caption\":\"Buletin de Bucure\u0219ti\"},\"image\":{\"@id\":\"https:\\\/\\\/buletin.de\\\/bucuresti\\\/#\\\/schema\\\/logo\\\/image\\\/\"},\"sameAs\":[\"https:\\\/\\\/www.facebook.com\\\/buletin.de.buc\",\"https:\\\/\\\/www.instagram.com\\\/buletinde.bucuresti\\\/\"]},{\"@type\":\"Person\",\"@id\":\"https:\\\/\\\/buletin.de\\\/bucuresti\\\/#\\\/schema\\\/person\\\/2bbcf854e5f2419a13804af574d06ab1\",\"name\":\"Redac\u021bia Buletin de Bucure\u0219ti\",\"image\":{\"@type\":\"ImageObject\",\"inLanguage\":\"en-GB\",\"@id\":\"https:\\\/\\\/secure.gravatar.com\\\/avatar\\\/18c5342381ed1a08620e6280424e3e5efc958618f5d67c522c9e44c1bc6f9226?s=96&d=monsterid&r=g60c7cd0ad92c68c049fcd4bb3504d609\",\"url\":\"https:\\\/\\\/secure.gravatar.com\\\/avatar\\\/18c5342381ed1a08620e6280424e3e5efc958618f5d67c522c9e44c1bc6f9226?s=96&d=monsterid&r=g\",\"contentUrl\":\"https:\\\/\\\/secure.gravatar.com\\\/avatar\\\/18c5342381ed1a08620e6280424e3e5efc958618f5d67c522c9e44c1bc6f9226?s=96&d=monsterid&r=g\",\"caption\":\"Redac\u021bia Buletin de Bucure\u0219ti\"},\"description\":\"Buletin de Bucure\u0219ti exist\u0103 din vara anului 2019.\",\"url\":\"https:\\\/\\\/buletin.de\\\/bucuresti\\\/author\\\/adminbuletin\\\/\"}]}<\/script>\n<!-- \/ Yoast SEO Premium plugin. -->","yoast_head_json":{"title":"Dosarul Nordis: Laura Vicol \u0219i Vladimir Ciorb\u0103 au fost re\u021binu\u021bi. Procurorii acuz\u0103 o delapidare de 71 de milioane de euro - Buletin de Bucure\u0219ti","description":"Dosarul Nordis: perchezi\u021bii \u00een Bucure\u0219ti, Ilfov \u0219i Monaco. Procurorii acuz\u0103 o delapidare de 71 de milioane de euro. 75 de suspec\u021bi.","robots":{"index":"index","follow":"follow","max-snippet":"max-snippet:-1","max-image-preview":"max-image-preview:large","max-video-preview":"max-video-preview:-1"},"canonical":"https:\/\/buletin.de\/bucuresti\/dosarul-nordis-perchezitii-in-bucuresti-ilfov-si-monaco-procurorii-acuza-o-delapidare-de-71-de-milioane-de-euro-sotul-laurei-vicol-adus-la-diicot\/","og_locale":"en_GB","og_type":"article","og_title":"Dosarul Nordis: Laura Vicol \u0219i Vladimir Ciorb\u0103 au fost re\u021binu\u021bi. Procurorii acuz\u0103 o delapidare de 71 de milioane de euro","og_description":"Dosarul Nordis: perchezi\u021bii \u00een Bucure\u0219ti, Ilfov \u0219i Monaco. Procurorii acuz\u0103 o delapidare de 71 de milioane de euro. 75 de suspec\u021bi.","og_url":"https:\/\/buletin.de\/bucuresti\/dosarul-nordis-perchezitii-in-bucuresti-ilfov-si-monaco-procurorii-acuza-o-delapidare-de-71-de-milioane-de-euro-sotul-laurei-vicol-adus-la-diicot\/","og_site_name":"Buletin de Bucure\u0219ti","article_publisher":"https:\/\/www.facebook.com\/buletin.de.buc","article_published_time":"2025-02-03T07:26:36+00:00","article_modified_time":"2025-02-04T08:29:37+00:00","og_image":[{"width":1200,"height":800,"url":"https:\/\/buletin.de\/bucuresti\/wp-content\/uploads\/ciorba_INQUAM_Photos_Octav_Ganea.jpg","type":"image\/jpeg"}],"author":"Redac\u021bia Buletin de Bucure\u0219ti","twitter_card":"summary_large_image","twitter_misc":{"Written by":"Redac\u021bia Buletin de Bucure\u0219ti","Estimated reading time":"8 minutes"},"schema":{"@context":"https:\/\/schema.org","@graph":[{"@type":"Article","@id":"https:\/\/buletin.de\/bucuresti\/dosarul-nordis-perchezitii-in-bucuresti-ilfov-si-monaco-procurorii-acuza-o-delapidare-de-71-de-milioane-de-euro-sotul-laurei-vicol-adus-la-diicot\/#article","isPartOf":{"@id":"https:\/\/buletin.de\/bucuresti\/dosarul-nordis-perchezitii-in-bucuresti-ilfov-si-monaco-procurorii-acuza-o-delapidare-de-71-de-milioane-de-euro-sotul-laurei-vicol-adus-la-diicot\/"},"author":{"name":"Redac\u021bia Buletin de Bucure\u0219ti","@id":"https:\/\/buletin.de\/bucuresti\/#\/schema\/person\/2bbcf854e5f2419a13804af574d06ab1"},"headline":"Dosarul Nordis: Laura Vicol \u0219i Vladimir Ciorb\u0103 au fost re\u021binu\u021bi. Procurorii acuz\u0103 o delapidare de 71 de milioane de euro","datePublished":"2025-02-03T07:26:36+00:00","dateModified":"2025-02-04T08:29:37+00:00","mainEntityOfPage":{"@id":"https:\/\/buletin.de\/bucuresti\/dosarul-nordis-perchezitii-in-bucuresti-ilfov-si-monaco-procurorii-acuza-o-delapidare-de-71-de-milioane-de-euro-sotul-laurei-vicol-adus-la-diicot\/"},"wordCount":1842,"publisher":{"@id":"https:\/\/buletin.de\/bucuresti\/#organization"},"image":{"@id":"https:\/\/buletin.de\/bucuresti\/dosarul-nordis-perchezitii-in-bucuresti-ilfov-si-monaco-procurorii-acuza-o-delapidare-de-71-de-milioane-de-euro-sotul-laurei-vicol-adus-la-diicot\/#primaryimage"},"thumbnailUrl":"https:\/\/buletin.de\/bucuresti\/wp-content\/uploads\/ciorba_INQUAM_Photos_Octav_Ganea.jpg","keywords":["dezvoltator nordis","diicot","dosarul nordis","laura vicol","nordis","Nordis Group","vicol","vladimir ciorba"],"articleSection":["Articole","Eveniment","Main"],"inLanguage":"en-GB","copyrightYear":"2025","copyrightHolder":{"@id":"https:\/\/buletin.de\/bucuresti\/#organization"}},{"@type":"WebPage","@id":"https:\/\/buletin.de\/bucuresti\/dosarul-nordis-perchezitii-in-bucuresti-ilfov-si-monaco-procurorii-acuza-o-delapidare-de-71-de-milioane-de-euro-sotul-laurei-vicol-adus-la-diicot\/","url":"https:\/\/buletin.de\/bucuresti\/dosarul-nordis-perchezitii-in-bucuresti-ilfov-si-monaco-procurorii-acuza-o-delapidare-de-71-de-milioane-de-euro-sotul-laurei-vicol-adus-la-diicot\/","name":"Dosarul Nordis: Laura Vicol \u0219i Vladimir Ciorb\u0103 au fost re\u021binu\u021bi. Procurorii acuz\u0103 o delapidare de 71 de milioane de euro - Buletin de Bucure\u0219ti","isPartOf":{"@id":"https:\/\/buletin.de\/bucuresti\/#website"},"primaryImageOfPage":{"@id":"https:\/\/buletin.de\/bucuresti\/dosarul-nordis-perchezitii-in-bucuresti-ilfov-si-monaco-procurorii-acuza-o-delapidare-de-71-de-milioane-de-euro-sotul-laurei-vicol-adus-la-diicot\/#primaryimage"},"image":{"@id":"https:\/\/buletin.de\/bucuresti\/dosarul-nordis-perchezitii-in-bucuresti-ilfov-si-monaco-procurorii-acuza-o-delapidare-de-71-de-milioane-de-euro-sotul-laurei-vicol-adus-la-diicot\/#primaryimage"},"thumbnailUrl":"https:\/\/buletin.de\/bucuresti\/wp-content\/uploads\/ciorba_INQUAM_Photos_Octav_Ganea.jpg","datePublished":"2025-02-03T07:26:36+00:00","dateModified":"2025-02-04T08:29:37+00:00","description":"Dosarul Nordis: perchezi\u021bii \u00een Bucure\u0219ti, Ilfov \u0219i Monaco. Procurorii acuz\u0103 o delapidare de 71 de milioane de euro. 75 de suspec\u021bi.","breadcrumb":{"@id":"https:\/\/buletin.de\/bucuresti\/dosarul-nordis-perchezitii-in-bucuresti-ilfov-si-monaco-procurorii-acuza-o-delapidare-de-71-de-milioane-de-euro-sotul-laurei-vicol-adus-la-diicot\/#breadcrumb"},"inLanguage":"en-GB","potentialAction":[{"@type":"ReadAction","target":["https:\/\/buletin.de\/bucuresti\/dosarul-nordis-perchezitii-in-bucuresti-ilfov-si-monaco-procurorii-acuza-o-delapidare-de-71-de-milioane-de-euro-sotul-laurei-vicol-adus-la-diicot\/"]}]},{"@type":"ImageObject","inLanguage":"en-GB","@id":"https:\/\/buletin.de\/bucuresti\/dosarul-nordis-perchezitii-in-bucuresti-ilfov-si-monaco-procurorii-acuza-o-delapidare-de-71-de-milioane-de-euro-sotul-laurei-vicol-adus-la-diicot\/#primaryimage","url":"https:\/\/buletin.de\/bucuresti\/wp-content\/uploads\/ciorba_INQUAM_Photos_Octav_Ganea.jpg","contentUrl":"https:\/\/buletin.de\/bucuresti\/wp-content\/uploads\/ciorba_INQUAM_Photos_Octav_Ganea.jpg","width":1200,"height":800,"caption":"Dosarul Nordis. Foto: INQUAM_Photos_Octav_Ganea"},{"@type":"BreadcrumbList","@id":"https:\/\/buletin.de\/bucuresti\/dosarul-nordis-perchezitii-in-bucuresti-ilfov-si-monaco-procurorii-acuza-o-delapidare-de-71-de-milioane-de-euro-sotul-laurei-vicol-adus-la-diicot\/#breadcrumb","itemListElement":[{"@type":"ListItem","position":1,"name":"Acas\u0103","item":"https:\/\/buletin.de\/bucuresti\/"},{"@type":"ListItem","position":2,"name":"Dosarul Nordis: Laura Vicol \u0219i Vladimir Ciorb\u0103 au fost re\u021binu\u021bi. Procurorii acuz\u0103 o delapidare de 71 de milioane de euro"}]},{"@type":"WebSite","@id":"https:\/\/buletin.de\/bucuresti\/#website","url":"https:\/\/buletin.de\/bucuresti\/","name":"Buletin de Bucure\u0219ti","description":"\u0218tiri \u0219i investiga\u021bii esen\u021biale din capital\u0103","publisher":{"@id":"https:\/\/buletin.de\/bucuresti\/#organization"},"potentialAction":[{"@type":"SearchAction","target":{"@type":"EntryPoint","urlTemplate":"https:\/\/buletin.de\/bucuresti\/?s={search_term_string}"},"query-input":{"@type":"PropertyValueSpecification","valueRequired":true,"valueName":"search_term_string"}}],"inLanguage":"en-GB"},{"@type":"Organization","@id":"https:\/\/buletin.de\/bucuresti\/#organization","name":"Buletin de Bucure\u0219ti","url":"https:\/\/buletin.de\/bucuresti\/","logo":{"@type":"ImageObject","inLanguage":"en-GB","@id":"https:\/\/buletin.de\/bucuresti\/#\/schema\/logo\/image\/","url":"https:\/\/buletin.de\/bucuresti\/wp-content\/uploads\/logo-bdb-full-wide-vernil-transparent.png","contentUrl":"https:\/\/buletin.de\/bucuresti\/wp-content\/uploads\/logo-bdb-full-wide-vernil-transparent.png","width":1782,"height":626,"caption":"Buletin de Bucure\u0219ti"},"image":{"@id":"https:\/\/buletin.de\/bucuresti\/#\/schema\/logo\/image\/"},"sameAs":["https:\/\/www.facebook.com\/buletin.de.buc","https:\/\/www.instagram.com\/buletinde.bucuresti\/"]},{"@type":"Person","@id":"https:\/\/buletin.de\/bucuresti\/#\/schema\/person\/2bbcf854e5f2419a13804af574d06ab1","name":"Redac\u021bia Buletin de Bucure\u0219ti","image":{"@type":"ImageObject","inLanguage":"en-GB","@id":"https:\/\/secure.gravatar.com\/avatar\/18c5342381ed1a08620e6280424e3e5efc958618f5d67c522c9e44c1bc6f9226?s=96&d=monsterid&r=g60c7cd0ad92c68c049fcd4bb3504d609","url":"https:\/\/secure.gravatar.com\/avatar\/18c5342381ed1a08620e6280424e3e5efc958618f5d67c522c9e44c1bc6f9226?s=96&d=monsterid&r=g","contentUrl":"https:\/\/secure.gravatar.com\/avatar\/18c5342381ed1a08620e6280424e3e5efc958618f5d67c522c9e44c1bc6f9226?s=96&d=monsterid&r=g","caption":"Redac\u021bia Buletin de Bucure\u0219ti"},"description":"Buletin de Bucure\u0219ti exist\u0103 din vara anului 2019.","url":"https:\/\/buletin.de\/bucuresti\/author\/adminbuletin\/"}]}},"authors":[{"term_id":22583,"user_id":1,"is_guest":0,"slug":"adminbuletin","display_name":"Redac\u021bia Buletin de Bucure\u0219ti","avatar_url":"https:\/\/secure.gravatar.com\/avatar\/18c5342381ed1a08620e6280424e3e5efc958618f5d67c522c9e44c1bc6f9226?s=96&d=monsterid&r=g","0":null,"1":"","2":"","3":"","4":"","5":"","6":"","7":"","8":""}],"_links":{"self":[{"href":"https:\/\/buletin.de\/bucuresti\/wp-json\/wp\/v2\/posts\/116778","targetHints":{"allow":["GET"]}}],"collection":[{"href":"https:\/\/buletin.de\/bucuresti\/wp-json\/wp\/v2\/posts"}],"about":[{"href":"https:\/\/buletin.de\/bucuresti\/wp-json\/wp\/v2\/types\/post"}],"author":[{"embeddable":true,"href":"https:\/\/buletin.de\/bucuresti\/wp-json\/wp\/v2\/users\/1"}],"replies":[{"embeddable":true,"href":"https:\/\/buletin.de\/bucuresti\/wp-json\/wp\/v2\/comments?post=116778"}],"version-history":[{"count":17,"href":"https:\/\/buletin.de\/bucuresti\/wp-json\/wp\/v2\/posts\/116778\/revisions"}],"predecessor-version":[{"id":116937,"href":"https:\/\/buletin.de\/bucuresti\/wp-json\/wp\/v2\/posts\/116778\/revisions\/116937"}],"wp:featuredmedia":[{"embeddable":true,"href":"https:\/\/buletin.de\/bucuresti\/wp-json\/wp\/v2\/media\/116779"}],"wp:attachment":[{"href":"https:\/\/buletin.de\/bucuresti\/wp-json\/wp\/v2\/media?parent=116778"}],"wp:term":[{"taxonomy":"category","embeddable":true,"href":"https:\/\/buletin.de\/bucuresti\/wp-json\/wp\/v2\/categories?post=116778"},{"taxonomy":"post_tag","embeddable":true,"href":"https:\/\/buletin.de\/bucuresti\/wp-json\/wp\/v2\/tags?post=116778"},{"taxonomy":"author","embeddable":true,"href":"https:\/\/buletin.de\/bucuresti\/wp-json\/wp\/v2\/ppma_author?post=116778"}],"curies":[{"name":"wp","href":"https:\/\/api.w.org\/{rel}","templated":true}]}}