{"id":116665,"date":"2025-02-01T19:58:43","date_gmt":"2025-02-01T16:58:43","guid":{"rendered":"https:\/\/buletin.de\/bucuresti\/?p=116665"},"modified":"2025-02-01T20:04:07","modified_gmt":"2025-02-01T17:04:07","slug":"traficul-de-pe-dn1-deviat-partial-prin-centrul-otopeniului-pentru-santierul-m6","status":"publish","type":"post","link":"https:\/\/buletin.de\/bucuresti\/traficul-de-pe-dn1-deviat-partial-prin-centrul-otopeniului-pentru-santierul-m6\/","title":{"rendered":"Traficul de pe DN1, deviat par\u0163ial prin centrul Otopeniului, pentru \u015fantierul M6"},"content":{"rendered":"\n<p><strong>Traficul de pe prima band\u0103 a DN1 va fi deviat \u00een \u201eviitorul apropiat\u201d <strong>pentru \u015fantierul magistralei M6<\/strong>, anun\u0163\u0103 consilierii locali ai ora\u015fului Otopeni. Conform unei adrese a Metrorex, ar fi nevoie de 1 an \u015fi 4 luni. Vorbim de lucr\u0103rile pentru sta\u0163ia de metrou Otopeni.<\/strong><\/p>\n\n\n\n<p>Mai exact, traficul de pe banda I a DN1 va fi deviat prin centrul Otopeniului, pe por\u0163iunea din dreptul str\u0103zii 23 August, care va fi \u00eenchis\u0103 traficului auto, pentru \u015fantier. <\/p>\n\n\n\n<p>Asta \u00eenseamn\u0103 c\u0103 \u015foferii care folosesc banda I pe DN1 vor fi nevoi\u0163i s\u0103 fac\u0103 dreapta pe strada Polon\u0103 \u015fi apoi vor urma traseul strada Floare de Cais &#8211; strada Arge\u015f &#8211; strada Traian &#8211; strada Oituz, p\u00e2n\u0103 s\u0103 ias\u0103 iar \u00een drumul na\u0163ional.<\/p>\n\n\n\n<figure class=\"wp-block-image size-full\"><img fetchpriority=\"high\" decoding=\"async\" width=\"779\" height=\"757\" src=\"data:image\/gif;base64,R0lGODlhAQABAAAAACH5BAEKAAEALAAAAAABAAEAAAICTAEAOw==\" data-src=\"https:\/\/buletin.de\/bucuresti\/wp-content\/uploads\/traseu-deviere-dn1.jpg\" alt=\"\" class=\"wp-image-116676 lazyload\" data-sizes=\"auto\" data-srcset=\"https:\/\/buletin.de\/bucuresti\/wp-content\/uploads\/traseu-deviere-dn1.jpg 779w, https:\/\/buletin.de\/bucuresti\/wp-content\/uploads\/traseu-deviere-dn1-300x292.jpg 300w, https:\/\/buletin.de\/bucuresti\/wp-content\/uploads\/traseu-deviere-dn1-768x746.jpg 768w, https:\/\/buletin.de\/bucuresti\/wp-content\/uploads\/traseu-deviere-dn1-24x24.jpg 24w, https:\/\/buletin.de\/bucuresti\/wp-content\/uploads\/traseu-deviere-dn1-48x48.jpg 48w, https:\/\/buletin.de\/bucuresti\/wp-content\/uploads\/traseu-deviere-dn1-600x583.jpg 600w, https:\/\/buletin.de\/bucuresti\/wp-content\/uploads\/traseu-deviere-dn1-20x19.jpg 20w\" sizes=\"(max-width: 779px) 100vw, 779px\" \/><figcaption class=\"wp-element-caption\">traseu deviat DN1. FOTO: FB \/ Bogdan Dorcioman<\/figcaption><\/figure>\n\n\n\n<p>Celelalte dou\u0103 benzi ale DN-ului r\u0103m\u00e2n deschise.<\/p>\n\n\n\n<p>Modific\u0103rile, potrivit consilierului PMP <a href=\"https:\/\/www.facebook.com\/photo?fbid=122109692654715650&amp;set=a.122102752910715650\">Lauren\u0163iu Irimia<\/a>, sunt:<\/p>\n\n\n\n<p>&#8211; Floare de Cais devine cu sens unic dinspre Polon\u0103 p\u00e2n\u0103 la Arge\u0219 \u015fi r\u0103m\u00e2ne cu sens unic dinspre Str. Oituz p\u00e2n\u0103 la str. Arge\u0219<\/p>\n\n\n\n<ul class=\"wp-block-list\">\n<li> Din Strada Arge\u0219 (acum cu dou\u0103 sensuri) se va ajunge p\u00e2n\u0103 la strada Traian pe un sens unic<\/li>\n<\/ul>\n\n\n\n<ul class=\"wp-block-list\">\n<li> Din strada Traian se circul\u0103 conform sensului actual (sens unic dinspre Strada Arge\u0219 spre strada Oituz)<\/li>\n<\/ul>\n\n\n\n<ul class=\"wp-block-list\">\n<li>Dinspre Str.Oituz se va asigura sens unic p\u00e2n\u0103 la str. Arge\u0219. (acolo se va face obligatoriu st\u00e2nga)<\/li>\n<\/ul>\n\n\n\n<ul class=\"wp-block-list\">\n<li> <strong>Strada 23 August va fi complet \u00eenchis\u0103 circula\u021biei auto pe ambele sensuri<\/strong> (inclusiv ie\u0219irea \u00een DN), \u00eentre DN1 \u015fi str. Floare de Cais, dar se vor asigura trotuare pentru acces pietonal<\/li>\n<\/ul>\n\n\n\n<ul class=\"wp-block-list\">\n<li>R\u0103m\u00e2ne \u00een continuare alternativa Str. Polon\u0103, continuare p\u00e2n\u0103 la str. Arge\u0219 \u015fi dreapta p\u00e2n\u0103 la \u015eoseaua G\u0103rii Otopeni.<\/li>\n<\/ul>\n\n\n\n<p>Aceast\u0103 deviere este doar pentru traficul autovehiculelor &lt; 3.5 T \u015fi toate costurile asociate signalisticii necesare precum \u015fi \u00eentre\u0163inerea\/repararea drumurilor cad \u00een sarcina Metrorex\/ Antreprenor- Asociere GULERMAK -SOMET, spune Irimia.<\/p>\n\n\n\n<p><strong>CITE\u015eTE \u015eI:<\/strong> <a href=\"https:\/\/buletin.de\/bucuresti\/santierul-m6-cosmarul-bucurestenilor-din-zona-1-mai-pagubele-sunt-uriase\/\">\u015eantierul M6, co\u015fmarul bucure\u015ftenilor din zona 1 Mai: pagubele sunt uria\u0219e, oamenii sunt dispera\u021bi, autorit\u0103\u021bile sunt dep\u0103\u0219ite<\/a><\/p>\n\n\n\n<p>Consilierul USR Bogdan Dorcioman spune c\u0103 varianta aleas\u0103 pentru deviere nu este ideal\u0103, pentru c\u0103 vorbim de centrul ora\u015fului, care era deja aglomerat. Opozi\u0163ia propusese o alt\u0103 variant\u0103, care a picat la vot: DN1 \u2013 Str. Polon\u0103 \u2013 Str. Arge\u0219 \u2013 Drumul G\u0103rii Otopeni \u2013 Str. I.C. Br\u0103tianu \u2013 Str. Oituz \u2013 DN1.<\/p>\n\n\n\n<figure class=\"wp-block-image size-large\"><img decoding=\"async\" width=\"900\" height=\"750\" src=\"data:image\/gif;base64,R0lGODlhAQABAAAAACH5BAEKAAEALAAAAAABAAEAAAICTAEAOw==\" data-src=\"https:\/\/buletin.de\/bucuresti\/wp-content\/uploads\/traseu-propus-usr-deviere-dn1-900x750.jpg\" alt=\"\" class=\"wp-image-116677 lazyload\" data-sizes=\"auto\" data-srcset=\"https:\/\/buletin.de\/bucuresti\/wp-content\/uploads\/traseu-propus-usr-deviere-dn1-900x750.jpg 900w, https:\/\/buletin.de\/bucuresti\/wp-content\/uploads\/traseu-propus-usr-deviere-dn1-300x250.jpg 300w, https:\/\/buletin.de\/bucuresti\/wp-content\/uploads\/traseu-propus-usr-deviere-dn1-768x640.jpg 768w, https:\/\/buletin.de\/bucuresti\/wp-content\/uploads\/traseu-propus-usr-deviere-dn1-600x500.jpg 600w, https:\/\/buletin.de\/bucuresti\/wp-content\/uploads\/traseu-propus-usr-deviere-dn1-20x17.jpg 20w, https:\/\/buletin.de\/bucuresti\/wp-content\/uploads\/traseu-propus-usr-deviere-dn1.jpg 969w\" sizes=\"(max-width: 900px) 100vw, 900px\" \/><figcaption class=\"wp-element-caption\">propunerea respins\u0103 pentru deviere. FOTO: FB \/ Bogdan Dorcioman<\/figcaption><\/figure>\n\n\n\n<p>Devierea de trafic este necesar\u0103 pentru sta\u0163ia de metrou Otopeni, care va fi la intersec\u0163ia drumului na\u0163ional cu strada 23 August. \u00cen schimb, \u015fantierul sta\u0163iei Ion I. C. Br\u0103tianu, care va fi pe cealalt\u0103 parte a DN-ului, \u00eentre str\u0103zile Libert\u0103\u0163ii \u015fi Nicolae Grigorescu, nu va afecta traficul, cel pu\u0163in momentan.<\/p>\n\n\n\n<p><strong>CITE\u015eTE \u015eI:<\/strong> <a href=\"https:\/\/buletin.de\/bucuresti\/m6-start-la-lucrarile-pentru-statia-de-dinainte-de-aeroportul-otopeni-a-fost-dat-ordinul-de-incepere-pentru-ion-i-c-bratianu\/\">M6 | Start la lucr\u0103rile pentru sta\u0163ia de dinainte de Aeroportul Otopeni: a fost dat ordinul de \u00eencepere pentru Ion I.C. Br\u0103tianu<br><\/a><br><\/p>\n\n\n\n<p><\/p>\n","protected":false},"excerpt":{"rendered":"<p>Traficul de pe prima band\u0103 a DN1 va fi deviat \u00een \u201eviitorul apropiat\u201d pentru \u015fantierul magistralei M6, anun\u0163\u0103 consilierii locali ai ora\u015fului Otopeni. Conform unei adrese a Metrorex, ar fi nevoie de 1 an \u015fi 4 luni. Vorbim de lucr\u0103rile pentru sta\u0163ia de metrou Otopeni. Mai exact, traficul de pe banda I a DN1 va [&hellip;]<\/p>\n","protected":false},"author":8,"featured_media":116678,"comment_status":"closed","ping_status":"open","sticky":false,"template":"","format":"standard","meta":{"_acf_changed":false,"inline_featured_image":false,"ngg_post_thumbnail":0,"footnotes":""},"categories":[6994,1432,5762,650],"tags":[1553,2173,376,2172,750,18849,13092,18850],"ppma_author":[22586],"class_list":["post-116665","post","type-post","status-publish","format-standard","has-post-thumbnail","hentry","category-stiri-2","category-buletin-de-ilfov","category-main","category-transport","tag-dn1","tag-m6","tag-metrou","tag-metrou-otopeni","tag-otopeni","tag-santier-magistrala-m6","tag-santier-metrou","tag-trafic-deviat-prin-otopeni-de-pe-dn1"],"acf":[],"yoast_head":"<!-- This site is optimized with the Yoast SEO Premium plugin v25.3 (Yoast SEO v27.4) - https:\/\/yoast.com\/product\/yoast-seo-premium-wordpress\/ -->\n<title>Traficul de pe DN1, deviat par\u0163ial prin centrul Otopeniului, pentru \u015fantierul M6 - Buletin de Bucure\u0219ti<\/title>\n<meta name=\"description\" content=\"Traficul de pe prima band\u0103 a DN1 va fi deviat \u00een \u201eviitorul apropiat\u201d, anun\u0163\u0103 consilierii locali ai ora\u015fului Otopeni\" \/>\n<meta name=\"robots\" content=\"index, follow, max-snippet:-1, max-image-preview:large, max-video-preview:-1\" \/>\n<link rel=\"canonical\" href=\"https:\/\/buletin.de\/bucuresti\/traficul-de-pe-dn1-deviat-partial-prin-centrul-otopeniului-pentru-santierul-m6\/\" \/>\n<meta property=\"og:locale\" content=\"en_GB\" \/>\n<meta property=\"og:type\" content=\"article\" \/>\n<meta property=\"og:title\" content=\"Traficul de pe DN1, deviat par\u0163ial prin centrul Otopeniului, pentru \u015fantierul M6\" \/>\n<meta property=\"og:description\" content=\"Traficul de pe prima band\u0103 a DN1 va fi deviat \u00een \u201eviitorul apropiat\u201d, anun\u0163\u0103 consilierii locali ai ora\u015fului Otopeni\" \/>\n<meta property=\"og:url\" content=\"https:\/\/buletin.de\/bucuresti\/traficul-de-pe-dn1-deviat-partial-prin-centrul-otopeniului-pentru-santierul-m6\/\" \/>\n<meta property=\"og:site_name\" content=\"Buletin de Bucure\u0219ti\" \/>\n<meta property=\"article:publisher\" content=\"https:\/\/www.facebook.com\/buletin.de.buc\" \/>\n<meta property=\"article:published_time\" content=\"2025-02-01T16:58:43+00:00\" \/>\n<meta property=\"article:modified_time\" content=\"2025-02-01T17:04:07+00:00\" \/>\n<meta property=\"og:image\" content=\"https:\/\/buletin.de\/bucuresti\/wp-content\/uploads\/STRADA-Polona-Otopeni-google-street-view-900x517.png\" \/>\n\t<meta property=\"og:image:width\" content=\"900\" \/>\n\t<meta property=\"og:image:height\" content=\"517\" \/>\n\t<meta property=\"og:image:type\" content=\"image\/png\" \/>\n<meta name=\"author\" content=\"Ionu\u021b Lepa\" \/>\n<meta name=\"twitter:card\" content=\"summary_large_image\" \/>\n<meta name=\"twitter:label1\" content=\"Written by\" \/>\n\t<meta name=\"twitter:data1\" content=\"Ionu\u021b Lepa\" \/>\n\t<meta name=\"twitter:label2\" content=\"Estimated reading time\" \/>\n\t<meta name=\"twitter:data2\" content=\"3 minutes\" \/>\n<script type=\"application\/ld+json\" class=\"yoast-schema-graph\">{\"@context\":\"https:\\\/\\\/schema.org\",\"@graph\":[{\"@type\":\"Article\",\"@id\":\"https:\\\/\\\/buletin.de\\\/bucuresti\\\/traficul-de-pe-dn1-deviat-partial-prin-centrul-otopeniului-pentru-santierul-m6\\\/#article\",\"isPartOf\":{\"@id\":\"https:\\\/\\\/buletin.de\\\/bucuresti\\\/traficul-de-pe-dn1-deviat-partial-prin-centrul-otopeniului-pentru-santierul-m6\\\/\"},\"author\":{\"name\":\"Ionu\u021b Lepa\",\"@id\":\"https:\\\/\\\/buletin.de\\\/bucuresti\\\/#\\\/schema\\\/person\\\/5272b8a057b33890940b57b837fc4ce6\"},\"headline\":\"Traficul de pe DN1, deviat par\u0163ial prin centrul Otopeniului, pentru \u015fantierul M6\",\"datePublished\":\"2025-02-01T16:58:43+00:00\",\"dateModified\":\"2025-02-01T17:04:07+00:00\",\"mainEntityOfPage\":{\"@id\":\"https:\\\/\\\/buletin.de\\\/bucuresti\\\/traficul-de-pe-dn1-deviat-partial-prin-centrul-otopeniului-pentru-santierul-m6\\\/\"},\"wordCount\":502,\"publisher\":{\"@id\":\"https:\\\/\\\/buletin.de\\\/bucuresti\\\/#organization\"},\"image\":{\"@id\":\"https:\\\/\\\/buletin.de\\\/bucuresti\\\/traficul-de-pe-dn1-deviat-partial-prin-centrul-otopeniului-pentru-santierul-m6\\\/#primaryimage\"},\"thumbnailUrl\":\"https:\\\/\\\/buletin.de\\\/bucuresti\\\/wp-content\\\/uploads\\\/STRADA-Polona-Otopeni-google-street-view.png\",\"keywords\":[\"dn1\",\"m6\",\"metrou\",\"metrou otopeni\",\"otopeni\",\"santier magistrala m6\",\"santier metrou\",\"trafic deviat prin otopeni de pe dn1\"],\"articleSection\":[\"Articole\",\"Buletin de Ilfov\",\"Main\",\"Transport\"],\"inLanguage\":\"en-GB\",\"copyrightYear\":\"2025\",\"copyrightHolder\":{\"@id\":\"https:\\\/\\\/buletin.de\\\/bucuresti\\\/#organization\"}},{\"@type\":\"WebPage\",\"@id\":\"https:\\\/\\\/buletin.de\\\/bucuresti\\\/traficul-de-pe-dn1-deviat-partial-prin-centrul-otopeniului-pentru-santierul-m6\\\/\",\"url\":\"https:\\\/\\\/buletin.de\\\/bucuresti\\\/traficul-de-pe-dn1-deviat-partial-prin-centrul-otopeniului-pentru-santierul-m6\\\/\",\"name\":\"Traficul de pe DN1, deviat par\u0163ial prin centrul Otopeniului, pentru \u015fantierul M6 - Buletin de Bucure\u0219ti\",\"isPartOf\":{\"@id\":\"https:\\\/\\\/buletin.de\\\/bucuresti\\\/#website\"},\"primaryImageOfPage\":{\"@id\":\"https:\\\/\\\/buletin.de\\\/bucuresti\\\/traficul-de-pe-dn1-deviat-partial-prin-centrul-otopeniului-pentru-santierul-m6\\\/#primaryimage\"},\"image\":{\"@id\":\"https:\\\/\\\/buletin.de\\\/bucuresti\\\/traficul-de-pe-dn1-deviat-partial-prin-centrul-otopeniului-pentru-santierul-m6\\\/#primaryimage\"},\"thumbnailUrl\":\"https:\\\/\\\/buletin.de\\\/bucuresti\\\/wp-content\\\/uploads\\\/STRADA-Polona-Otopeni-google-street-view.png\",\"datePublished\":\"2025-02-01T16:58:43+00:00\",\"dateModified\":\"2025-02-01T17:04:07+00:00\",\"description\":\"Traficul de pe prima band\u0103 a DN1 va fi deviat \u00een \u201eviitorul apropiat\u201d, anun\u0163\u0103 consilierii locali ai ora\u015fului Otopeni\",\"breadcrumb\":{\"@id\":\"https:\\\/\\\/buletin.de\\\/bucuresti\\\/traficul-de-pe-dn1-deviat-partial-prin-centrul-otopeniului-pentru-santierul-m6\\\/#breadcrumb\"},\"inLanguage\":\"en-GB\",\"potentialAction\":[{\"@type\":\"ReadAction\",\"target\":[\"https:\\\/\\\/buletin.de\\\/bucuresti\\\/traficul-de-pe-dn1-deviat-partial-prin-centrul-otopeniului-pentru-santierul-m6\\\/\"]}]},{\"@type\":\"ImageObject\",\"inLanguage\":\"en-GB\",\"@id\":\"https:\\\/\\\/buletin.de\\\/bucuresti\\\/traficul-de-pe-dn1-deviat-partial-prin-centrul-otopeniului-pentru-santierul-m6\\\/#primaryimage\",\"url\":\"https:\\\/\\\/buletin.de\\\/bucuresti\\\/wp-content\\\/uploads\\\/STRADA-Polona-Otopeni-google-street-view.png\",\"contentUrl\":\"https:\\\/\\\/buletin.de\\\/bucuresti\\\/wp-content\\\/uploads\\\/STRADA-Polona-Otopeni-google-street-view.png\",\"width\":1384,\"height\":795,\"caption\":\"Traficul de pe DN1, deviat par\u0163ial pe strada Polon\u0103, din Otopeni. FOTO: Google Street View\"},{\"@type\":\"BreadcrumbList\",\"@id\":\"https:\\\/\\\/buletin.de\\\/bucuresti\\\/traficul-de-pe-dn1-deviat-partial-prin-centrul-otopeniului-pentru-santierul-m6\\\/#breadcrumb\",\"itemListElement\":[{\"@type\":\"ListItem\",\"position\":1,\"name\":\"Acas\u0103\",\"item\":\"https:\\\/\\\/buletin.de\\\/bucuresti\\\/\"},{\"@type\":\"ListItem\",\"position\":2,\"name\":\"Traficul de pe DN1, deviat par\u0163ial prin centrul Otopeniului, pentru \u015fantierul M6\"}]},{\"@type\":\"WebSite\",\"@id\":\"https:\\\/\\\/buletin.de\\\/bucuresti\\\/#website\",\"url\":\"https:\\\/\\\/buletin.de\\\/bucuresti\\\/\",\"name\":\"Buletin de Bucure\u0219ti\",\"description\":\"\u0218tiri \u0219i investiga\u021bii esen\u021biale din capital\u0103\",\"publisher\":{\"@id\":\"https:\\\/\\\/buletin.de\\\/bucuresti\\\/#organization\"},\"potentialAction\":[{\"@type\":\"SearchAction\",\"target\":{\"@type\":\"EntryPoint\",\"urlTemplate\":\"https:\\\/\\\/buletin.de\\\/bucuresti\\\/?s={search_term_string}\"},\"query-input\":{\"@type\":\"PropertyValueSpecification\",\"valueRequired\":true,\"valueName\":\"search_term_string\"}}],\"inLanguage\":\"en-GB\"},{\"@type\":\"Organization\",\"@id\":\"https:\\\/\\\/buletin.de\\\/bucuresti\\\/#organization\",\"name\":\"Buletin de Bucure\u0219ti\",\"url\":\"https:\\\/\\\/buletin.de\\\/bucuresti\\\/\",\"logo\":{\"@type\":\"ImageObject\",\"inLanguage\":\"en-GB\",\"@id\":\"https:\\\/\\\/buletin.de\\\/bucuresti\\\/#\\\/schema\\\/logo\\\/image\\\/\",\"url\":\"https:\\\/\\\/buletin.de\\\/bucuresti\\\/wp-content\\\/uploads\\\/logo-bdb-full-wide-vernil-transparent.png\",\"contentUrl\":\"https:\\\/\\\/buletin.de\\\/bucuresti\\\/wp-content\\\/uploads\\\/logo-bdb-full-wide-vernil-transparent.png\",\"width\":1782,\"height\":626,\"caption\":\"Buletin de Bucure\u0219ti\"},\"image\":{\"@id\":\"https:\\\/\\\/buletin.de\\\/bucuresti\\\/#\\\/schema\\\/logo\\\/image\\\/\"},\"sameAs\":[\"https:\\\/\\\/www.facebook.com\\\/buletin.de.buc\",\"https:\\\/\\\/www.instagram.com\\\/buletinde.bucuresti\\\/\"]},{\"@type\":\"Person\",\"@id\":\"https:\\\/\\\/buletin.de\\\/bucuresti\\\/#\\\/schema\\\/person\\\/5272b8a057b33890940b57b837fc4ce6\",\"name\":\"Ionu\u021b Lepa\",\"image\":{\"@type\":\"ImageObject\",\"inLanguage\":\"en-GB\",\"@id\":\"https:\\\/\\\/buletin.de\\\/bucuresti\\\/wp-content\\\/uploads\\\/Ionut-Lepa-96x96.jpg5c4e4d9e049808799a8821652d2410a4\",\"url\":\"https:\\\/\\\/buletin.de\\\/bucuresti\\\/wp-content\\\/uploads\\\/Ionut-Lepa-96x96.jpg\",\"contentUrl\":\"https:\\\/\\\/buletin.de\\\/bucuresti\\\/wp-content\\\/uploads\\\/Ionut-Lepa-96x96.jpg\",\"caption\":\"Ionu\u021b Lepa\"},\"url\":\"https:\\\/\\\/buletin.de\\\/bucuresti\\\/author\\\/ionutlepa\\\/\"}]}<\/script>\n<!-- \/ Yoast SEO Premium plugin. -->","yoast_head_json":{"title":"Traficul de pe DN1, deviat par\u0163ial prin centrul Otopeniului, pentru \u015fantierul M6 - Buletin de Bucure\u0219ti","description":"Traficul de pe prima band\u0103 a DN1 va fi deviat \u00een \u201eviitorul apropiat\u201d, anun\u0163\u0103 consilierii locali ai ora\u015fului Otopeni","robots":{"index":"index","follow":"follow","max-snippet":"max-snippet:-1","max-image-preview":"max-image-preview:large","max-video-preview":"max-video-preview:-1"},"canonical":"https:\/\/buletin.de\/bucuresti\/traficul-de-pe-dn1-deviat-partial-prin-centrul-otopeniului-pentru-santierul-m6\/","og_locale":"en_GB","og_type":"article","og_title":"Traficul de pe DN1, deviat par\u0163ial prin centrul Otopeniului, pentru \u015fantierul M6","og_description":"Traficul de pe prima band\u0103 a DN1 va fi deviat \u00een \u201eviitorul apropiat\u201d, anun\u0163\u0103 consilierii locali ai ora\u015fului Otopeni","og_url":"https:\/\/buletin.de\/bucuresti\/traficul-de-pe-dn1-deviat-partial-prin-centrul-otopeniului-pentru-santierul-m6\/","og_site_name":"Buletin de Bucure\u0219ti","article_publisher":"https:\/\/www.facebook.com\/buletin.de.buc","article_published_time":"2025-02-01T16:58:43+00:00","article_modified_time":"2025-02-01T17:04:07+00:00","og_image":[{"width":900,"height":517,"url":"https:\/\/buletin.de\/bucuresti\/wp-content\/uploads\/STRADA-Polona-Otopeni-google-street-view-900x517.png","type":"image\/png"}],"author":"Ionu\u021b Lepa","twitter_card":"summary_large_image","twitter_misc":{"Written by":"Ionu\u021b Lepa","Estimated reading time":"3 minutes"},"schema":{"@context":"https:\/\/schema.org","@graph":[{"@type":"Article","@id":"https:\/\/buletin.de\/bucuresti\/traficul-de-pe-dn1-deviat-partial-prin-centrul-otopeniului-pentru-santierul-m6\/#article","isPartOf":{"@id":"https:\/\/buletin.de\/bucuresti\/traficul-de-pe-dn1-deviat-partial-prin-centrul-otopeniului-pentru-santierul-m6\/"},"author":{"name":"Ionu\u021b Lepa","@id":"https:\/\/buletin.de\/bucuresti\/#\/schema\/person\/5272b8a057b33890940b57b837fc4ce6"},"headline":"Traficul de pe DN1, deviat par\u0163ial prin centrul Otopeniului, pentru \u015fantierul M6","datePublished":"2025-02-01T16:58:43+00:00","dateModified":"2025-02-01T17:04:07+00:00","mainEntityOfPage":{"@id":"https:\/\/buletin.de\/bucuresti\/traficul-de-pe-dn1-deviat-partial-prin-centrul-otopeniului-pentru-santierul-m6\/"},"wordCount":502,"publisher":{"@id":"https:\/\/buletin.de\/bucuresti\/#organization"},"image":{"@id":"https:\/\/buletin.de\/bucuresti\/traficul-de-pe-dn1-deviat-partial-prin-centrul-otopeniului-pentru-santierul-m6\/#primaryimage"},"thumbnailUrl":"https:\/\/buletin.de\/bucuresti\/wp-content\/uploads\/STRADA-Polona-Otopeni-google-street-view.png","keywords":["dn1","m6","metrou","metrou otopeni","otopeni","santier magistrala m6","santier metrou","trafic deviat prin otopeni de pe dn1"],"articleSection":["Articole","Buletin de Ilfov","Main","Transport"],"inLanguage":"en-GB","copyrightYear":"2025","copyrightHolder":{"@id":"https:\/\/buletin.de\/bucuresti\/#organization"}},{"@type":"WebPage","@id":"https:\/\/buletin.de\/bucuresti\/traficul-de-pe-dn1-deviat-partial-prin-centrul-otopeniului-pentru-santierul-m6\/","url":"https:\/\/buletin.de\/bucuresti\/traficul-de-pe-dn1-deviat-partial-prin-centrul-otopeniului-pentru-santierul-m6\/","name":"Traficul de pe DN1, deviat par\u0163ial prin centrul Otopeniului, pentru \u015fantierul M6 - Buletin de Bucure\u0219ti","isPartOf":{"@id":"https:\/\/buletin.de\/bucuresti\/#website"},"primaryImageOfPage":{"@id":"https:\/\/buletin.de\/bucuresti\/traficul-de-pe-dn1-deviat-partial-prin-centrul-otopeniului-pentru-santierul-m6\/#primaryimage"},"image":{"@id":"https:\/\/buletin.de\/bucuresti\/traficul-de-pe-dn1-deviat-partial-prin-centrul-otopeniului-pentru-santierul-m6\/#primaryimage"},"thumbnailUrl":"https:\/\/buletin.de\/bucuresti\/wp-content\/uploads\/STRADA-Polona-Otopeni-google-street-view.png","datePublished":"2025-02-01T16:58:43+00:00","dateModified":"2025-02-01T17:04:07+00:00","description":"Traficul de pe prima band\u0103 a DN1 va fi deviat \u00een \u201eviitorul apropiat\u201d, anun\u0163\u0103 consilierii locali ai ora\u015fului Otopeni","breadcrumb":{"@id":"https:\/\/buletin.de\/bucuresti\/traficul-de-pe-dn1-deviat-partial-prin-centrul-otopeniului-pentru-santierul-m6\/#breadcrumb"},"inLanguage":"en-GB","potentialAction":[{"@type":"ReadAction","target":["https:\/\/buletin.de\/bucuresti\/traficul-de-pe-dn1-deviat-partial-prin-centrul-otopeniului-pentru-santierul-m6\/"]}]},{"@type":"ImageObject","inLanguage":"en-GB","@id":"https:\/\/buletin.de\/bucuresti\/traficul-de-pe-dn1-deviat-partial-prin-centrul-otopeniului-pentru-santierul-m6\/#primaryimage","url":"https:\/\/buletin.de\/bucuresti\/wp-content\/uploads\/STRADA-Polona-Otopeni-google-street-view.png","contentUrl":"https:\/\/buletin.de\/bucuresti\/wp-content\/uploads\/STRADA-Polona-Otopeni-google-street-view.png","width":1384,"height":795,"caption":"Traficul de pe DN1, deviat par\u0163ial pe strada Polon\u0103, din Otopeni. FOTO: Google Street View"},{"@type":"BreadcrumbList","@id":"https:\/\/buletin.de\/bucuresti\/traficul-de-pe-dn1-deviat-partial-prin-centrul-otopeniului-pentru-santierul-m6\/#breadcrumb","itemListElement":[{"@type":"ListItem","position":1,"name":"Acas\u0103","item":"https:\/\/buletin.de\/bucuresti\/"},{"@type":"ListItem","position":2,"name":"Traficul de pe DN1, deviat par\u0163ial prin centrul Otopeniului, pentru \u015fantierul M6"}]},{"@type":"WebSite","@id":"https:\/\/buletin.de\/bucuresti\/#website","url":"https:\/\/buletin.de\/bucuresti\/","name":"Buletin de Bucure\u0219ti","description":"\u0218tiri \u0219i investiga\u021bii esen\u021biale din capital\u0103","publisher":{"@id":"https:\/\/buletin.de\/bucuresti\/#organization"},"potentialAction":[{"@type":"SearchAction","target":{"@type":"EntryPoint","urlTemplate":"https:\/\/buletin.de\/bucuresti\/?s={search_term_string}"},"query-input":{"@type":"PropertyValueSpecification","valueRequired":true,"valueName":"search_term_string"}}],"inLanguage":"en-GB"},{"@type":"Organization","@id":"https:\/\/buletin.de\/bucuresti\/#organization","name":"Buletin de Bucure\u0219ti","url":"https:\/\/buletin.de\/bucuresti\/","logo":{"@type":"ImageObject","inLanguage":"en-GB","@id":"https:\/\/buletin.de\/bucuresti\/#\/schema\/logo\/image\/","url":"https:\/\/buletin.de\/bucuresti\/wp-content\/uploads\/logo-bdb-full-wide-vernil-transparent.png","contentUrl":"https:\/\/buletin.de\/bucuresti\/wp-content\/uploads\/logo-bdb-full-wide-vernil-transparent.png","width":1782,"height":626,"caption":"Buletin de Bucure\u0219ti"},"image":{"@id":"https:\/\/buletin.de\/bucuresti\/#\/schema\/logo\/image\/"},"sameAs":["https:\/\/www.facebook.com\/buletin.de.buc","https:\/\/www.instagram.com\/buletinde.bucuresti\/"]},{"@type":"Person","@id":"https:\/\/buletin.de\/bucuresti\/#\/schema\/person\/5272b8a057b33890940b57b837fc4ce6","name":"Ionu\u021b Lepa","image":{"@type":"ImageObject","inLanguage":"en-GB","@id":"https:\/\/buletin.de\/bucuresti\/wp-content\/uploads\/Ionut-Lepa-96x96.jpg5c4e4d9e049808799a8821652d2410a4","url":"https:\/\/buletin.de\/bucuresti\/wp-content\/uploads\/Ionut-Lepa-96x96.jpg","contentUrl":"https:\/\/buletin.de\/bucuresti\/wp-content\/uploads\/Ionut-Lepa-96x96.jpg","caption":"Ionu\u021b Lepa"},"url":"https:\/\/buletin.de\/bucuresti\/author\/ionutlepa\/"}]}},"authors":[{"term_id":22586,"user_id":8,"is_guest":0,"slug":"ionutlepa","display_name":"Ionu\u021b Lepa","avatar_url":"https:\/\/buletin.de\/bucuresti\/wp-content\/uploads\/Ionut-Lepa-96x96.jpg","0":null,"1":"","2":"","3":"","4":"","5":"","6":"","7":"","8":""}],"_links":{"self":[{"href":"https:\/\/buletin.de\/bucuresti\/wp-json\/wp\/v2\/posts\/116665","targetHints":{"allow":["GET"]}}],"collection":[{"href":"https:\/\/buletin.de\/bucuresti\/wp-json\/wp\/v2\/posts"}],"about":[{"href":"https:\/\/buletin.de\/bucuresti\/wp-json\/wp\/v2\/types\/post"}],"author":[{"embeddable":true,"href":"https:\/\/buletin.de\/bucuresti\/wp-json\/wp\/v2\/users\/8"}],"replies":[{"embeddable":true,"href":"https:\/\/buletin.de\/bucuresti\/wp-json\/wp\/v2\/comments?post=116665"}],"version-history":[{"count":4,"href":"https:\/\/buletin.de\/bucuresti\/wp-json\/wp\/v2\/posts\/116665\/revisions"}],"predecessor-version":[{"id":116683,"href":"https:\/\/buletin.de\/bucuresti\/wp-json\/wp\/v2\/posts\/116665\/revisions\/116683"}],"wp:featuredmedia":[{"embeddable":true,"href":"https:\/\/buletin.de\/bucuresti\/wp-json\/wp\/v2\/media\/116678"}],"wp:attachment":[{"href":"https:\/\/buletin.de\/bucuresti\/wp-json\/wp\/v2\/media?parent=116665"}],"wp:term":[{"taxonomy":"category","embeddable":true,"href":"https:\/\/buletin.de\/bucuresti\/wp-json\/wp\/v2\/categories?post=116665"},{"taxonomy":"post_tag","embeddable":true,"href":"https:\/\/buletin.de\/bucuresti\/wp-json\/wp\/v2\/tags?post=116665"},{"taxonomy":"author","embeddable":true,"href":"https:\/\/buletin.de\/bucuresti\/wp-json\/wp\/v2\/ppma_author?post=116665"}],"curies":[{"name":"wp","href":"https:\/\/api.w.org\/{rel}","templated":true}]}}