{"id":116626,"date":"2025-02-01T11:07:46","date_gmt":"2025-02-01T08:07:46","guid":{"rendered":"https:\/\/buletin.de\/bucuresti\/?p=116626"},"modified":"2025-02-01T11:13:26","modified_gmt":"2025-02-01T08:13:26","slug":"sector-3-complexul-acvatic-pantelimon-va-avea-sase-bazine-exterioare-r-negoita-despre-proiectul-promis-inca-din-2018-se-lucreaza-intens","status":"publish","type":"post","link":"https:\/\/buletin.de\/bucuresti\/sector-3-complexul-acvatic-pantelimon-va-avea-sase-bazine-exterioare-r-negoita-despre-proiectul-promis-inca-din-2018-se-lucreaza-intens\/","title":{"rendered":"Sector 3 | Complexul acvatic Pantelimon va avea \u0219ase bazine exterioare. R. Negoi\u0163\u0103, despre proiectul promis \u00eenc\u0103 din 2018: \u201eSe lucreaz\u0103 intens\u201d"},"content":{"rendered":"\n<p><strong>Complexul acvatic Pantelimon, proiectul promis de Robert Negoi\u0163\u0103 \u00eenc\u0103 din 2018, va avea \u015fase bazine exterioare. Lucr\u0103rile continu\u0103 \u201eintens\u201d, fiind \u201eaproape de final\u201d, transmite Prim\u0103ria Sectorului 3 printr<a href=\"https:\/\/www.primarie3.ro\/index.php\/presa\/comunicat\/7326\">-un comunicat de pres\u0103<\/a>, f\u0103r\u0103 a preciza \u0219i un termen estimativ \u00een acest sens.<\/strong><\/p>\n\n\n\n<p>Aquaparkul din Parcul Pantelimon va fi \u00eemp\u0103r\u021bit \u00een <strong>patru zone distincte<\/strong>, dup\u0103 cum urmeaz\u0103:<\/p>\n\n\n\n<ul class=\"wp-block-list\">\n<li><em>\u201eagrement, ideal\u0103 pentru relaxare, destinat\u0103 activit\u0103\u021bilor sportive, recreative \u0219i distractive;<\/em><\/li>\n\n\n\n<li><em>spa\u021bii de alimenta\u021bie public\u0103, tip bar, restaurant;<\/em><\/li>\n\n\n\n<li><em>piscine \u0219i bazine interioare cu ape minerale;<\/em><\/li>\n\n\n\n<li><em>func\u021biuni conexe (camere de detec\u021bie, camere tehnice, camer\u0103 BMS, holuri de acces \u0219i coridoare etc)\u201d<\/em><\/li>\n<\/ul>\n\n\n\n<blockquote class=\"wp-block-quote is-layout-flow wp-block-quote-is-layout-flow\">\n<p><em>&nbsp;La complexul acvatic se lucreaz\u0103 intens \u0219i arat\u0103 din ce \u00een ce mai bine.&nbsp;Piscine, tobogane, zone de salin\u0103, dar \u0219i multe alte facilit\u0103\u021bi pe care acest parc le va oferi \u0219i pe care sper s\u0103 \u00eel deschidem c\u00e2t mai cur\u00e2nd<\/em>.<\/p>\n<cite>Robert Negoi\u021b\u0103, Primarul Sectorului 3, Comunicat de pres\u0103<\/cite><\/blockquote>\n\n\n\n<p>\u00cen cadrul complexului acvatic, au fost amenajate \u0219i \u0219ase bazine exterioare, astfel:<\/p>\n\n\n\n<ul class=\"wp-block-list\">\n<li>Bazin 1 \u2013 143mp; ad\u00e2ncime maxim\u0103 1.20m, volum maxim 171 mc;<\/li>\n\n\n\n<li>Bazin 2 \u2013 164mp; ad\u00e2ncime maxim\u0103 1.20m, volum maxim 196 mc;<\/li>\n\n\n\n<li>Bazin 3 \u2013 144mp; ad\u00e2ncime maxim\u0103 1.20m, volum maxim 172 mc;<\/li>\n\n\n\n<li>Bazin 4 \u2013 934mp; ad\u00e2ncime min. 0.70 m \u0219i max. 1.20m, volum maxim 888 mc;<\/li>\n\n\n\n<li>Bazin 5 \u2013 635mp; ad\u00e2ncime maxim\u0103 1.50m, volum maxim 952 mc;<\/li>\n\n\n\n<li>Bazin 6 \u2013 35mp; ad\u00e2ncime maxim\u0103 1.20m, volum maxim 42 mc.<\/li>\n<\/ul>\n\n\n\n<p>\u00cen anumite bazine se vor reg\u0103si \u0219i tobogane acvatice, adaug\u0103 autoritatea local\u0103.<\/p>\n\n\n\n<p><strong>CITE\u0218TE \u0218I: <a href=\"https:\/\/buletin.de\/bucuresti\/primaria-sectorului-5-revine-cu-ideea-unui-parc-pe-terenul-serelor-din-drumul-cooperativei-consilier-local-asta-arata-amatorismul-profund-al-executivului\/\">Prim\u0103ria Sectorului 5 revine cu ideea unui parc pe terenul serelor din Drumul Cooperativei. Consilier local: \u201eAsta arat\u0103 amatorismul profund al Executivului\u201d<\/a><\/strong><\/p>\n\n\n\n<h2 class=\"wp-block-heading\" id=\"h-parcul-pantelimon-de-la-complex-acvatic-la-tiribombe\">Parcul Pantelimon, de la complex acvatic la tiribombe<\/h2>\n\n\n\n<p><strong>Comunicatul de pres\u0103 al Prim\u0103riei Sector 3 vine la scurt timp dup\u0103 ce Buletin de Bucure\u0219ti a scris cum institu\u021bia a alocat <a href=\"https:\/\/buletin.de\/bucuresti\/inca-30-milioane-de-lei-pe-credit-pentru-proiectul-intarziat-din-parcul-pantelimon-negoita-promite-complex-acvatic-inca-din-2018\/\">\u00eenc\u0103 30 milioane lei pentru \u201emodernizarea \u0219i reabilitarea Parcului Pantelimon\u201d. <\/a><\/strong><\/p>\n\n\n\n<p><strong>De\u0219i documentul nu precizeaz\u0103 concret ce lucr\u0103ri ar urma s\u0103 fie finan\u021bate cu ace\u0219ti bani, edilul Robert Negoi\u021b\u0103 a vorbit de multiple ori  de-a lungul timpului despre investi\u021biile planificate \u00een zon\u0103, printre care \u0219i construirea unui complexului acvatic, precum \u0219i a unui parc de distrac\u021bii \u2013 \u201eun gen mini Disneyland\u201d explica Robert Negoi\u021b\u0103 \u00een 2018.<\/strong><\/p>\n\n\n\n<p>Lucr\u0103rile de reabilitare au \u00eenceput \u00een 2019. Ar fi trebuit s\u0103 dureze un an \u0219i jum\u0103tate, \u00eens\u0103 proiectul ini\u021bial a suferit mai multe modific\u0103ri, nefiind finalizat nici \u00een prezent.&nbsp;<\/p>\n\n\n\n<p>Odat\u0103 cu trecerea anilor, tot mai mul\u021bi bani au fost investi\u021bi \u00een cele dou\u0103 proiecte.\u00a0<a href=\"https:\/\/buletin.de\/bucuresti\/negoita-le-cere-consilierilor-inca-30-de-milioane-de-lei-pentru-parcul-acvatic-din-pantelimon-investitia-in-reabilitarea-si-modernizarea-parcului-a-ajuns-la-aproape-143-de-milioane-de-lei\/\" target=\"_blank\" rel=\"noreferrer noopener\">\u00cen 2021, Buletin de Bucure\u0219ti scria cum suma a crescut de la 115 la 143 milioane lei.<\/a><\/p>\n\n\n\n<p>\u00cen iulie 2024, alte 58,7 milioane lei au fost alocate strict pentru amenajarea parcului tematic, printr-o nou\u0103 hot\u0103r\u00e2re a Consiliului Local.<\/p>\n\n\n\n<p><strong>CITE\u0218TE \u0218I:<\/strong>&nbsp;<strong><a href=\"https:\/\/buletin.de\/bucuresti\/sector-3-proiect-in-parcul-pantelimon-in-valoare-de-11-8-milioane-de-euro\/\" target=\"_blank\" rel=\"noreferrer noopener\">Sector 3 | Proiect \u00een parcul Pantelimon, \u00een valoare de 11.8 milioane de euro<\/a><\/strong><\/p>\n\n\n\n<p>Pentru moment, doar proiectul aquaparkului pare s\u0103 se transforme \u00een realitate. \u00cen septembrie 2024,  primarul Sectorului 3 a f\u0103cut un mini tur la complexul acvatic Pantelimon. \u0218i la acel moment a anun\u021bat c\u0103 lucr\u0103rile sunt \u201eaproape gata\u201d, iar procedura de recep\u021bie va \u00eencepe \u00een scurt timp.<\/p>\n\n\n\n<blockquote class=\"tiktok-embed\" cite=\"https:\/\/www.tiktok.com\/@robert.negoita\/video\/7415914083775499552\" data-video-id=\"7415914083775499552\" style=\"max-width: 605px;min-width: 325px;\" > <section> <a target=\"_blank\" title=\"@robert.negoita\" href=\"https:\/\/www.tiktok.com\/@robert.negoita?refer=embed\">@robert.negoita<\/a> \u00cenc\u0103 pu\u021bin \u0219i ne bucur\u0103m de complexul acvatic de la Parcul Pantelimon.  <a title=\"robertnegoita\" target=\"_blank\" href=\"https:\/\/www.tiktok.com\/tag\/robertnegoita?refer=embed\">#robertnegoita<\/a> <a title=\"negoita\" target=\"_blank\" href=\"https:\/\/www.tiktok.com\/tag\/negoita?refer=embed\">#negoita<\/a> <a title=\"negoitaprimar\" target=\"_blank\" href=\"https:\/\/www.tiktok.com\/tag\/negoitaprimar?refer=embed\">#negoitaprimar<\/a> <a title=\"bucuresti\" target=\"_blank\" href=\"https:\/\/www.tiktok.com\/tag\/bucuresti?refer=embed\">#bucuresti<\/a> <a title=\"sectorul3\" target=\"_blank\" href=\"https:\/\/www.tiktok.com\/tag\/sectorul3?refer=embed\">#sectorul3<\/a> <a title=\"complexacvatic\" target=\"_blank\" href=\"https:\/\/www.tiktok.com\/tag\/complexacvatic?refer=embed\">#complexacvatic<\/a> <a title=\"parculpantelimon\" target=\"_blank\" href=\"https:\/\/www.tiktok.com\/tag\/parculpantelimon?refer=embed\">#parculpantelimon<\/a> <a target=\"_blank\" title=\"\u266c Focus on Success - ALEKSANDAR KIPROV\" href=\"https:\/\/www.tiktok.com\/music\/Focus-on-Success-7273970553332615179?refer=embed\">\u266c Focus on Success &#8211; ALEKSANDAR KIPROV<\/a> <\/section> <\/blockquote> <script async src=\"https:\/\/www.tiktok.com\/embed.js\"><\/script>\n\n\n\n<p>Amintim, Consiliul Sectorului 3 a decis, la finalul lunii august a anului 2022,<strong> concesionarea parcului acvatic pe 35 de ani<\/strong>, dup\u0103 ce zeci de milioane de euro plecaser\u0103 deja din conturile institu\u021biei conduse de Robert Negoi\u021b\u0103 c\u0103tre acest proiect.<\/p>\n\n\n\n<p><strong>CITE\u0218TE \u0218I:&nbsp;<a href=\"https:\/\/buletin.de\/bucuresti\/aquapark-pantelimon-va-fi-concesionat-pe-35-de-ani\/\" target=\"_blank\" rel=\"noreferrer noopener\">Aquapark Pantelimon va fi concesionat pe 35 de ani<\/a><\/strong><\/p>\n","protected":false},"excerpt":{"rendered":"<p>Complexul acvatic Pantelimon, proiectul promis de Robert Negoi\u0163\u0103 \u00eenc\u0103 din 2018, va avea \u015fase bazine exterioare. Lucr\u0103rile continu\u0103 \u201eintens\u201d, fiind \u201eaproape de final\u201d, transmite Prim\u0103ria Sectorului 3 printr-un comunicat de pres\u0103, f\u0103r\u0103 a preciza \u0219i un termen estimativ \u00een acest sens. Aquaparkul din Parcul Pantelimon va fi \u00eemp\u0103r\u021bit \u00een patru zone distincte, dup\u0103 cum urmeaz\u0103: [&hellip;]<\/p>\n","protected":false},"author":55,"featured_media":116636,"comment_status":"closed","ping_status":"open","sticky":false,"template":"","format":"standard","meta":{"_acf_changed":false,"inline_featured_image":false,"ngg_post_thumbnail":0,"footnotes":""},"categories":[6994,5762,24],"tags":[282,18774,18843,7494,2967,18842,2438,220,440],"ppma_author":[22573],"class_list":["post-116626","post","type-post","status-publish","format-standard","has-post-thumbnail","hentry","category-stiri-2","category-main","category-primarie","tag-bani-publici","tag-complex-acvatic","tag-concesionare","tag-parc-de-distractii","tag-parc-pantelimon","tag-parcul-acvatic-pantelimon","tag-primaria-sector-3","tag-robert-negoita","tag-sector-3"],"acf":[],"yoast_head":"<!-- This site is optimized with the Yoast SEO Premium plugin v25.3 (Yoast SEO v27.5) - https:\/\/yoast.com\/product\/yoast-seo-premium-wordpress\/ -->\n<title>Sector 3 | Complexul acvatic Pantelimon va avea \u0219ase bazine exterioare. R. Negoi\u0163\u0103, despre proiectul promis \u00eenc\u0103 din 2018: \u201eSe lucreaz\u0103 intens\u201d - Buletin de Bucure\u0219ti<\/title>\n<meta name=\"description\" content=\"Complexul acvatic Pantelimon, proiectul promis de Robert Negoi\u0163\u0103 \u00eenc\u0103 din 2018, va avea \u015fase bazine exterioare, anun\u021b\u0103 Prim\u0103ria Sector 3.\" \/>\n<meta name=\"robots\" content=\"index, follow, max-snippet:-1, max-image-preview:large, max-video-preview:-1\" \/>\n<link rel=\"canonical\" href=\"https:\/\/buletin.de\/bucuresti\/sector-3-complexul-acvatic-pantelimon-va-avea-sase-bazine-exterioare-r-negoita-despre-proiectul-promis-inca-din-2018-se-lucreaza-intens\/\" \/>\n<meta property=\"og:locale\" content=\"en_GB\" \/>\n<meta property=\"og:type\" content=\"article\" \/>\n<meta property=\"og:title\" content=\"Sector 3 | Complexul acvatic Pantelimon va avea \u0219ase bazine exterioare. R. Negoi\u0163\u0103, despre proiectul promis \u00eenc\u0103 din 2018: \u201eSe lucreaz\u0103 intens\u201d\" \/>\n<meta property=\"og:description\" content=\"Complexul acvatic Pantelimon, proiectul promis de Robert Negoi\u0163\u0103 \u00eenc\u0103 din 2018, va avea \u015fase bazine exterioare, anun\u021b\u0103 Prim\u0103ria Sector 3.\" \/>\n<meta property=\"og:url\" content=\"https:\/\/buletin.de\/bucuresti\/sector-3-complexul-acvatic-pantelimon-va-avea-sase-bazine-exterioare-r-negoita-despre-proiectul-promis-inca-din-2018-se-lucreaza-intens\/\" \/>\n<meta property=\"og:site_name\" content=\"Buletin de Bucure\u0219ti\" \/>\n<meta property=\"article:publisher\" content=\"https:\/\/www.facebook.com\/buletin.de.buc\" \/>\n<meta property=\"article:published_time\" content=\"2025-02-01T08:07:46+00:00\" \/>\n<meta property=\"article:modified_time\" content=\"2025-02-01T08:13:26+00:00\" \/>\n<meta property=\"og:image\" content=\"https:\/\/buletin.de\/bucuresti\/wp-content\/uploads\/Foto_complex_acvatic-2.jpg\" \/>\n\t<meta property=\"og:image:width\" content=\"1000\" \/>\n\t<meta property=\"og:image:height\" content=\"666\" \/>\n\t<meta property=\"og:image:type\" content=\"image\/jpeg\" \/>\n<meta name=\"author\" content=\"Andreea Tudor\" \/>\n<meta name=\"twitter:card\" content=\"summary_large_image\" \/>\n<meta name=\"twitter:label1\" content=\"Written by\" \/>\n\t<meta name=\"twitter:data1\" content=\"Andreea Tudor\" \/>\n\t<meta name=\"twitter:label2\" content=\"Estimated reading time\" \/>\n\t<meta name=\"twitter:data2\" content=\"3 minutes\" \/>\n<script type=\"application\/ld+json\" class=\"yoast-schema-graph\">{\"@context\":\"https:\\\/\\\/schema.org\",\"@graph\":[{\"@type\":\"Article\",\"@id\":\"https:\\\/\\\/buletin.de\\\/bucuresti\\\/sector-3-complexul-acvatic-pantelimon-va-avea-sase-bazine-exterioare-r-negoita-despre-proiectul-promis-inca-din-2018-se-lucreaza-intens\\\/#article\",\"isPartOf\":{\"@id\":\"https:\\\/\\\/buletin.de\\\/bucuresti\\\/sector-3-complexul-acvatic-pantelimon-va-avea-sase-bazine-exterioare-r-negoita-despre-proiectul-promis-inca-din-2018-se-lucreaza-intens\\\/\"},\"author\":{\"name\":\"Andreea Tudor\",\"@id\":\"https:\\\/\\\/buletin.de\\\/bucuresti\\\/#\\\/schema\\\/person\\\/150590659efde715459d159da012f501\"},\"headline\":\"Sector 3 | Complexul acvatic Pantelimon va avea \u0219ase bazine exterioare. R. Negoi\u0163\u0103, despre proiectul promis \u00eenc\u0103 din 2018: \u201eSe lucreaz\u0103 intens\u201d\",\"datePublished\":\"2025-02-01T08:07:46+00:00\",\"dateModified\":\"2025-02-01T08:13:26+00:00\",\"mainEntityOfPage\":{\"@id\":\"https:\\\/\\\/buletin.de\\\/bucuresti\\\/sector-3-complexul-acvatic-pantelimon-va-avea-sase-bazine-exterioare-r-negoita-despre-proiectul-promis-inca-din-2018-se-lucreaza-intens\\\/\"},\"wordCount\":609,\"publisher\":{\"@id\":\"https:\\\/\\\/buletin.de\\\/bucuresti\\\/#organization\"},\"image\":{\"@id\":\"https:\\\/\\\/buletin.de\\\/bucuresti\\\/sector-3-complexul-acvatic-pantelimon-va-avea-sase-bazine-exterioare-r-negoita-despre-proiectul-promis-inca-din-2018-se-lucreaza-intens\\\/#primaryimage\"},\"thumbnailUrl\":\"https:\\\/\\\/buletin.de\\\/bucuresti\\\/wp-content\\\/uploads\\\/Foto_complex_acvatic-2.jpg\",\"keywords\":[\"bani publici\",\"complex acvatic\",\"concesionare\",\"parc de distractii\",\"parc pantelimon\",\"parcul acvatic pantelimon\",\"Primaria Sector 3\",\"robert negoita\",\"Sector 3\"],\"articleSection\":[\"Articole\",\"Main\",\"Prim\u0103rie\"],\"inLanguage\":\"en-GB\",\"copyrightYear\":\"2025\",\"copyrightHolder\":{\"@id\":\"https:\\\/\\\/buletin.de\\\/bucuresti\\\/#organization\"}},{\"@type\":\"WebPage\",\"@id\":\"https:\\\/\\\/buletin.de\\\/bucuresti\\\/sector-3-complexul-acvatic-pantelimon-va-avea-sase-bazine-exterioare-r-negoita-despre-proiectul-promis-inca-din-2018-se-lucreaza-intens\\\/\",\"url\":\"https:\\\/\\\/buletin.de\\\/bucuresti\\\/sector-3-complexul-acvatic-pantelimon-va-avea-sase-bazine-exterioare-r-negoita-despre-proiectul-promis-inca-din-2018-se-lucreaza-intens\\\/\",\"name\":\"Sector 3 | Complexul acvatic Pantelimon va avea \u0219ase bazine exterioare. R. Negoi\u0163\u0103, despre proiectul promis \u00eenc\u0103 din 2018: \u201eSe lucreaz\u0103 intens\u201d - Buletin de Bucure\u0219ti\",\"isPartOf\":{\"@id\":\"https:\\\/\\\/buletin.de\\\/bucuresti\\\/#website\"},\"primaryImageOfPage\":{\"@id\":\"https:\\\/\\\/buletin.de\\\/bucuresti\\\/sector-3-complexul-acvatic-pantelimon-va-avea-sase-bazine-exterioare-r-negoita-despre-proiectul-promis-inca-din-2018-se-lucreaza-intens\\\/#primaryimage\"},\"image\":{\"@id\":\"https:\\\/\\\/buletin.de\\\/bucuresti\\\/sector-3-complexul-acvatic-pantelimon-va-avea-sase-bazine-exterioare-r-negoita-despre-proiectul-promis-inca-din-2018-se-lucreaza-intens\\\/#primaryimage\"},\"thumbnailUrl\":\"https:\\\/\\\/buletin.de\\\/bucuresti\\\/wp-content\\\/uploads\\\/Foto_complex_acvatic-2.jpg\",\"datePublished\":\"2025-02-01T08:07:46+00:00\",\"dateModified\":\"2025-02-01T08:13:26+00:00\",\"description\":\"Complexul acvatic Pantelimon, proiectul promis de Robert Negoi\u0163\u0103 \u00eenc\u0103 din 2018, va avea \u015fase bazine exterioare, anun\u021b\u0103 Prim\u0103ria Sector 3.\",\"breadcrumb\":{\"@id\":\"https:\\\/\\\/buletin.de\\\/bucuresti\\\/sector-3-complexul-acvatic-pantelimon-va-avea-sase-bazine-exterioare-r-negoita-despre-proiectul-promis-inca-din-2018-se-lucreaza-intens\\\/#breadcrumb\"},\"inLanguage\":\"en-GB\",\"potentialAction\":[{\"@type\":\"ReadAction\",\"target\":[\"https:\\\/\\\/buletin.de\\\/bucuresti\\\/sector-3-complexul-acvatic-pantelimon-va-avea-sase-bazine-exterioare-r-negoita-despre-proiectul-promis-inca-din-2018-se-lucreaza-intens\\\/\"]}]},{\"@type\":\"ImageObject\",\"inLanguage\":\"en-GB\",\"@id\":\"https:\\\/\\\/buletin.de\\\/bucuresti\\\/sector-3-complexul-acvatic-pantelimon-va-avea-sase-bazine-exterioare-r-negoita-despre-proiectul-promis-inca-din-2018-se-lucreaza-intens\\\/#primaryimage\",\"url\":\"https:\\\/\\\/buletin.de\\\/bucuresti\\\/wp-content\\\/uploads\\\/Foto_complex_acvatic-2.jpg\",\"contentUrl\":\"https:\\\/\\\/buletin.de\\\/bucuresti\\\/wp-content\\\/uploads\\\/Foto_complex_acvatic-2.jpg\",\"width\":1000,\"height\":666,\"caption\":\"Complexul acvatic Pantelimon va avea \u0219ase bazine exterioare. R. Negoi\u0163\u0103, despre proiectul promis \u00eenc\u0103 din 2018: \u201eSe lucreaz\u0103 intens\u201d. Foto: PS3\"},{\"@type\":\"BreadcrumbList\",\"@id\":\"https:\\\/\\\/buletin.de\\\/bucuresti\\\/sector-3-complexul-acvatic-pantelimon-va-avea-sase-bazine-exterioare-r-negoita-despre-proiectul-promis-inca-din-2018-se-lucreaza-intens\\\/#breadcrumb\",\"itemListElement\":[{\"@type\":\"ListItem\",\"position\":1,\"name\":\"Acas\u0103\",\"item\":\"https:\\\/\\\/buletin.de\\\/bucuresti\\\/\"},{\"@type\":\"ListItem\",\"position\":2,\"name\":\"Sector 3 | Complexul acvatic Pantelimon va avea \u0219ase bazine exterioare. R. Negoi\u0163\u0103, despre proiectul promis \u00eenc\u0103 din 2018: \u201eSe lucreaz\u0103 intens\u201d\"}]},{\"@type\":\"WebSite\",\"@id\":\"https:\\\/\\\/buletin.de\\\/bucuresti\\\/#website\",\"url\":\"https:\\\/\\\/buletin.de\\\/bucuresti\\\/\",\"name\":\"Buletin de Bucure\u0219ti\",\"description\":\"\u0218tiri \u0219i investiga\u021bii esen\u021biale din capital\u0103\",\"publisher\":{\"@id\":\"https:\\\/\\\/buletin.de\\\/bucuresti\\\/#organization\"},\"potentialAction\":[{\"@type\":\"SearchAction\",\"target\":{\"@type\":\"EntryPoint\",\"urlTemplate\":\"https:\\\/\\\/buletin.de\\\/bucuresti\\\/?s={search_term_string}\"},\"query-input\":{\"@type\":\"PropertyValueSpecification\",\"valueRequired\":true,\"valueName\":\"search_term_string\"}}],\"inLanguage\":\"en-GB\"},{\"@type\":\"Organization\",\"@id\":\"https:\\\/\\\/buletin.de\\\/bucuresti\\\/#organization\",\"name\":\"Buletin de Bucure\u0219ti\",\"url\":\"https:\\\/\\\/buletin.de\\\/bucuresti\\\/\",\"logo\":{\"@type\":\"ImageObject\",\"inLanguage\":\"en-GB\",\"@id\":\"https:\\\/\\\/buletin.de\\\/bucuresti\\\/#\\\/schema\\\/logo\\\/image\\\/\",\"url\":\"https:\\\/\\\/buletin.de\\\/bucuresti\\\/wp-content\\\/uploads\\\/logo-bdb-full-wide-vernil-transparent.png\",\"contentUrl\":\"https:\\\/\\\/buletin.de\\\/bucuresti\\\/wp-content\\\/uploads\\\/logo-bdb-full-wide-vernil-transparent.png\",\"width\":1782,\"height\":626,\"caption\":\"Buletin de Bucure\u0219ti\"},\"image\":{\"@id\":\"https:\\\/\\\/buletin.de\\\/bucuresti\\\/#\\\/schema\\\/logo\\\/image\\\/\"},\"sameAs\":[\"https:\\\/\\\/www.facebook.com\\\/buletin.de.buc\",\"https:\\\/\\\/www.instagram.com\\\/buletinde.bucuresti\\\/\"]},{\"@type\":\"Person\",\"@id\":\"https:\\\/\\\/buletin.de\\\/bucuresti\\\/#\\\/schema\\\/person\\\/150590659efde715459d159da012f501\",\"name\":\"Andreea Tudor\",\"image\":{\"@type\":\"ImageObject\",\"inLanguage\":\"en-GB\",\"@id\":\"https:\\\/\\\/secure.gravatar.com\\\/avatar\\\/a88705a186ab0b67f3349bcbced506c09e37256fbaad0e7f3bd1a79b4599f589?s=96&d=monsterid&r=g79290610aa1a65c2b86eebc2ca5aee8f\",\"url\":\"https:\\\/\\\/secure.gravatar.com\\\/avatar\\\/a88705a186ab0b67f3349bcbced506c09e37256fbaad0e7f3bd1a79b4599f589?s=96&d=monsterid&r=g\",\"contentUrl\":\"https:\\\/\\\/secure.gravatar.com\\\/avatar\\\/a88705a186ab0b67f3349bcbced506c09e37256fbaad0e7f3bd1a79b4599f589?s=96&d=monsterid&r=g\",\"caption\":\"Andreea Tudor\"},\"description\":\"N\u0103scut\u0103 \u0219i crescut\u0103 \u00een Bucure\u0219ti, sus\u021bin\u0103toare a presei independente. A\u0219a am ajuns redactor la Buletin de Bucure\u0219ti. Fiind eu, \u00eens\u0103mi, parte a sistemului de \u00eenv\u0103\u021b\u0103m\u00e2nt rom\u00e2nesc \u0219i pasionat\u0103 de domeniul social, pun sub lup\u0103 tot ceea ce se \u00eent\u00e2mpl\u0103 \u00een sfera educa\u021biei. Cred cu t\u0103rie c\u0103 presa \u201epentru cet\u0103\u021beni\u201d este presa independent\u0103. Oamenii au nevoie de o informare corect\u0103 pentru a \u00een\u021belege pe deplin ce se \u00eent\u00e2mpl\u0103 \u00een jurul lor \u0219i pentru a lua ac\u021biune \u00eempotriva nedrept\u0103\u021bilor.\",\"url\":\"https:\\\/\\\/buletin.de\\\/bucuresti\\\/author\\\/andreeatudor\\\/\"}]}<\/script>\n<!-- \/ Yoast SEO Premium plugin. -->","yoast_head_json":{"title":"Sector 3 | Complexul acvatic Pantelimon va avea \u0219ase bazine exterioare. R. Negoi\u0163\u0103, despre proiectul promis \u00eenc\u0103 din 2018: \u201eSe lucreaz\u0103 intens\u201d - Buletin de Bucure\u0219ti","description":"Complexul acvatic Pantelimon, proiectul promis de Robert Negoi\u0163\u0103 \u00eenc\u0103 din 2018, va avea \u015fase bazine exterioare, anun\u021b\u0103 Prim\u0103ria Sector 3.","robots":{"index":"index","follow":"follow","max-snippet":"max-snippet:-1","max-image-preview":"max-image-preview:large","max-video-preview":"max-video-preview:-1"},"canonical":"https:\/\/buletin.de\/bucuresti\/sector-3-complexul-acvatic-pantelimon-va-avea-sase-bazine-exterioare-r-negoita-despre-proiectul-promis-inca-din-2018-se-lucreaza-intens\/","og_locale":"en_GB","og_type":"article","og_title":"Sector 3 | Complexul acvatic Pantelimon va avea \u0219ase bazine exterioare. R. Negoi\u0163\u0103, despre proiectul promis \u00eenc\u0103 din 2018: \u201eSe lucreaz\u0103 intens\u201d","og_description":"Complexul acvatic Pantelimon, proiectul promis de Robert Negoi\u0163\u0103 \u00eenc\u0103 din 2018, va avea \u015fase bazine exterioare, anun\u021b\u0103 Prim\u0103ria Sector 3.","og_url":"https:\/\/buletin.de\/bucuresti\/sector-3-complexul-acvatic-pantelimon-va-avea-sase-bazine-exterioare-r-negoita-despre-proiectul-promis-inca-din-2018-se-lucreaza-intens\/","og_site_name":"Buletin de Bucure\u0219ti","article_publisher":"https:\/\/www.facebook.com\/buletin.de.buc","article_published_time":"2025-02-01T08:07:46+00:00","article_modified_time":"2025-02-01T08:13:26+00:00","og_image":[{"width":1000,"height":666,"url":"https:\/\/buletin.de\/bucuresti\/wp-content\/uploads\/Foto_complex_acvatic-2.jpg","type":"image\/jpeg"}],"author":"Andreea Tudor","twitter_card":"summary_large_image","twitter_misc":{"Written by":"Andreea Tudor","Estimated reading time":"3 minutes"},"schema":{"@context":"https:\/\/schema.org","@graph":[{"@type":"Article","@id":"https:\/\/buletin.de\/bucuresti\/sector-3-complexul-acvatic-pantelimon-va-avea-sase-bazine-exterioare-r-negoita-despre-proiectul-promis-inca-din-2018-se-lucreaza-intens\/#article","isPartOf":{"@id":"https:\/\/buletin.de\/bucuresti\/sector-3-complexul-acvatic-pantelimon-va-avea-sase-bazine-exterioare-r-negoita-despre-proiectul-promis-inca-din-2018-se-lucreaza-intens\/"},"author":{"name":"Andreea Tudor","@id":"https:\/\/buletin.de\/bucuresti\/#\/schema\/person\/150590659efde715459d159da012f501"},"headline":"Sector 3 | Complexul acvatic Pantelimon va avea \u0219ase bazine exterioare. R. Negoi\u0163\u0103, despre proiectul promis \u00eenc\u0103 din 2018: \u201eSe lucreaz\u0103 intens\u201d","datePublished":"2025-02-01T08:07:46+00:00","dateModified":"2025-02-01T08:13:26+00:00","mainEntityOfPage":{"@id":"https:\/\/buletin.de\/bucuresti\/sector-3-complexul-acvatic-pantelimon-va-avea-sase-bazine-exterioare-r-negoita-despre-proiectul-promis-inca-din-2018-se-lucreaza-intens\/"},"wordCount":609,"publisher":{"@id":"https:\/\/buletin.de\/bucuresti\/#organization"},"image":{"@id":"https:\/\/buletin.de\/bucuresti\/sector-3-complexul-acvatic-pantelimon-va-avea-sase-bazine-exterioare-r-negoita-despre-proiectul-promis-inca-din-2018-se-lucreaza-intens\/#primaryimage"},"thumbnailUrl":"https:\/\/buletin.de\/bucuresti\/wp-content\/uploads\/Foto_complex_acvatic-2.jpg","keywords":["bani publici","complex acvatic","concesionare","parc de distractii","parc pantelimon","parcul acvatic pantelimon","Primaria Sector 3","robert negoita","Sector 3"],"articleSection":["Articole","Main","Prim\u0103rie"],"inLanguage":"en-GB","copyrightYear":"2025","copyrightHolder":{"@id":"https:\/\/buletin.de\/bucuresti\/#organization"}},{"@type":"WebPage","@id":"https:\/\/buletin.de\/bucuresti\/sector-3-complexul-acvatic-pantelimon-va-avea-sase-bazine-exterioare-r-negoita-despre-proiectul-promis-inca-din-2018-se-lucreaza-intens\/","url":"https:\/\/buletin.de\/bucuresti\/sector-3-complexul-acvatic-pantelimon-va-avea-sase-bazine-exterioare-r-negoita-despre-proiectul-promis-inca-din-2018-se-lucreaza-intens\/","name":"Sector 3 | Complexul acvatic Pantelimon va avea \u0219ase bazine exterioare. R. Negoi\u0163\u0103, despre proiectul promis \u00eenc\u0103 din 2018: \u201eSe lucreaz\u0103 intens\u201d - Buletin de Bucure\u0219ti","isPartOf":{"@id":"https:\/\/buletin.de\/bucuresti\/#website"},"primaryImageOfPage":{"@id":"https:\/\/buletin.de\/bucuresti\/sector-3-complexul-acvatic-pantelimon-va-avea-sase-bazine-exterioare-r-negoita-despre-proiectul-promis-inca-din-2018-se-lucreaza-intens\/#primaryimage"},"image":{"@id":"https:\/\/buletin.de\/bucuresti\/sector-3-complexul-acvatic-pantelimon-va-avea-sase-bazine-exterioare-r-negoita-despre-proiectul-promis-inca-din-2018-se-lucreaza-intens\/#primaryimage"},"thumbnailUrl":"https:\/\/buletin.de\/bucuresti\/wp-content\/uploads\/Foto_complex_acvatic-2.jpg","datePublished":"2025-02-01T08:07:46+00:00","dateModified":"2025-02-01T08:13:26+00:00","description":"Complexul acvatic Pantelimon, proiectul promis de Robert Negoi\u0163\u0103 \u00eenc\u0103 din 2018, va avea \u015fase bazine exterioare, anun\u021b\u0103 Prim\u0103ria Sector 3.","breadcrumb":{"@id":"https:\/\/buletin.de\/bucuresti\/sector-3-complexul-acvatic-pantelimon-va-avea-sase-bazine-exterioare-r-negoita-despre-proiectul-promis-inca-din-2018-se-lucreaza-intens\/#breadcrumb"},"inLanguage":"en-GB","potentialAction":[{"@type":"ReadAction","target":["https:\/\/buletin.de\/bucuresti\/sector-3-complexul-acvatic-pantelimon-va-avea-sase-bazine-exterioare-r-negoita-despre-proiectul-promis-inca-din-2018-se-lucreaza-intens\/"]}]},{"@type":"ImageObject","inLanguage":"en-GB","@id":"https:\/\/buletin.de\/bucuresti\/sector-3-complexul-acvatic-pantelimon-va-avea-sase-bazine-exterioare-r-negoita-despre-proiectul-promis-inca-din-2018-se-lucreaza-intens\/#primaryimage","url":"https:\/\/buletin.de\/bucuresti\/wp-content\/uploads\/Foto_complex_acvatic-2.jpg","contentUrl":"https:\/\/buletin.de\/bucuresti\/wp-content\/uploads\/Foto_complex_acvatic-2.jpg","width":1000,"height":666,"caption":"Complexul acvatic Pantelimon va avea \u0219ase bazine exterioare. R. Negoi\u0163\u0103, despre proiectul promis \u00eenc\u0103 din 2018: \u201eSe lucreaz\u0103 intens\u201d. Foto: PS3"},{"@type":"BreadcrumbList","@id":"https:\/\/buletin.de\/bucuresti\/sector-3-complexul-acvatic-pantelimon-va-avea-sase-bazine-exterioare-r-negoita-despre-proiectul-promis-inca-din-2018-se-lucreaza-intens\/#breadcrumb","itemListElement":[{"@type":"ListItem","position":1,"name":"Acas\u0103","item":"https:\/\/buletin.de\/bucuresti\/"},{"@type":"ListItem","position":2,"name":"Sector 3 | Complexul acvatic Pantelimon va avea \u0219ase bazine exterioare. R. Negoi\u0163\u0103, despre proiectul promis \u00eenc\u0103 din 2018: \u201eSe lucreaz\u0103 intens\u201d"}]},{"@type":"WebSite","@id":"https:\/\/buletin.de\/bucuresti\/#website","url":"https:\/\/buletin.de\/bucuresti\/","name":"Buletin de Bucure\u0219ti","description":"\u0218tiri \u0219i investiga\u021bii esen\u021biale din capital\u0103","publisher":{"@id":"https:\/\/buletin.de\/bucuresti\/#organization"},"potentialAction":[{"@type":"SearchAction","target":{"@type":"EntryPoint","urlTemplate":"https:\/\/buletin.de\/bucuresti\/?s={search_term_string}"},"query-input":{"@type":"PropertyValueSpecification","valueRequired":true,"valueName":"search_term_string"}}],"inLanguage":"en-GB"},{"@type":"Organization","@id":"https:\/\/buletin.de\/bucuresti\/#organization","name":"Buletin de Bucure\u0219ti","url":"https:\/\/buletin.de\/bucuresti\/","logo":{"@type":"ImageObject","inLanguage":"en-GB","@id":"https:\/\/buletin.de\/bucuresti\/#\/schema\/logo\/image\/","url":"https:\/\/buletin.de\/bucuresti\/wp-content\/uploads\/logo-bdb-full-wide-vernil-transparent.png","contentUrl":"https:\/\/buletin.de\/bucuresti\/wp-content\/uploads\/logo-bdb-full-wide-vernil-transparent.png","width":1782,"height":626,"caption":"Buletin de Bucure\u0219ti"},"image":{"@id":"https:\/\/buletin.de\/bucuresti\/#\/schema\/logo\/image\/"},"sameAs":["https:\/\/www.facebook.com\/buletin.de.buc","https:\/\/www.instagram.com\/buletinde.bucuresti\/"]},{"@type":"Person","@id":"https:\/\/buletin.de\/bucuresti\/#\/schema\/person\/150590659efde715459d159da012f501","name":"Andreea Tudor","image":{"@type":"ImageObject","inLanguage":"en-GB","@id":"https:\/\/secure.gravatar.com\/avatar\/a88705a186ab0b67f3349bcbced506c09e37256fbaad0e7f3bd1a79b4599f589?s=96&d=monsterid&r=g79290610aa1a65c2b86eebc2ca5aee8f","url":"https:\/\/secure.gravatar.com\/avatar\/a88705a186ab0b67f3349bcbced506c09e37256fbaad0e7f3bd1a79b4599f589?s=96&d=monsterid&r=g","contentUrl":"https:\/\/secure.gravatar.com\/avatar\/a88705a186ab0b67f3349bcbced506c09e37256fbaad0e7f3bd1a79b4599f589?s=96&d=monsterid&r=g","caption":"Andreea Tudor"},"description":"N\u0103scut\u0103 \u0219i crescut\u0103 \u00een Bucure\u0219ti, sus\u021bin\u0103toare a presei independente. A\u0219a am ajuns redactor la Buletin de Bucure\u0219ti. Fiind eu, \u00eens\u0103mi, parte a sistemului de \u00eenv\u0103\u021b\u0103m\u00e2nt rom\u00e2nesc \u0219i pasionat\u0103 de domeniul social, pun sub lup\u0103 tot ceea ce se \u00eent\u00e2mpl\u0103 \u00een sfera educa\u021biei. Cred cu t\u0103rie c\u0103 presa \u201epentru cet\u0103\u021beni\u201d este presa independent\u0103. Oamenii au nevoie de o informare corect\u0103 pentru a \u00een\u021belege pe deplin ce se \u00eent\u00e2mpl\u0103 \u00een jurul lor \u0219i pentru a lua ac\u021biune \u00eempotriva nedrept\u0103\u021bilor.","url":"https:\/\/buletin.de\/bucuresti\/author\/andreeatudor\/"}]}},"authors":[{"term_id":22573,"user_id":55,"is_guest":0,"slug":"andreeatudor","display_name":"Andreea Tudor","avatar_url":"https:\/\/secure.gravatar.com\/avatar\/a88705a186ab0b67f3349bcbced506c09e37256fbaad0e7f3bd1a79b4599f589?s=96&d=monsterid&r=g","0":null,"1":"","2":"","3":"","4":"","5":"","6":"","7":"","8":""}],"_links":{"self":[{"href":"https:\/\/buletin.de\/bucuresti\/wp-json\/wp\/v2\/posts\/116626","targetHints":{"allow":["GET"]}}],"collection":[{"href":"https:\/\/buletin.de\/bucuresti\/wp-json\/wp\/v2\/posts"}],"about":[{"href":"https:\/\/buletin.de\/bucuresti\/wp-json\/wp\/v2\/types\/post"}],"author":[{"embeddable":true,"href":"https:\/\/buletin.de\/bucuresti\/wp-json\/wp\/v2\/users\/55"}],"replies":[{"embeddable":true,"href":"https:\/\/buletin.de\/bucuresti\/wp-json\/wp\/v2\/comments?post=116626"}],"version-history":[{"count":5,"href":"https:\/\/buletin.de\/bucuresti\/wp-json\/wp\/v2\/posts\/116626\/revisions"}],"predecessor-version":[{"id":116643,"href":"https:\/\/buletin.de\/bucuresti\/wp-json\/wp\/v2\/posts\/116626\/revisions\/116643"}],"wp:featuredmedia":[{"embeddable":true,"href":"https:\/\/buletin.de\/bucuresti\/wp-json\/wp\/v2\/media\/116636"}],"wp:attachment":[{"href":"https:\/\/buletin.de\/bucuresti\/wp-json\/wp\/v2\/media?parent=116626"}],"wp:term":[{"taxonomy":"category","embeddable":true,"href":"https:\/\/buletin.de\/bucuresti\/wp-json\/wp\/v2\/categories?post=116626"},{"taxonomy":"post_tag","embeddable":true,"href":"https:\/\/buletin.de\/bucuresti\/wp-json\/wp\/v2\/tags?post=116626"},{"taxonomy":"author","embeddable":true,"href":"https:\/\/buletin.de\/bucuresti\/wp-json\/wp\/v2\/ppma_author?post=116626"}],"curies":[{"name":"wp","href":"https:\/\/api.w.org\/{rel}","templated":true}]}}