{"id":116401,"date":"2025-01-30T14:54:14","date_gmt":"2025-01-30T11:54:14","guid":{"rendered":"https:\/\/buletin.de\/bucuresti\/?p=116401"},"modified":"2025-01-30T16:58:03","modified_gmt":"2025-01-30T13:58:03","slug":"psd-sector-1-l-a-recuperat-pe-colegul-care-a-intrat-din-dus-in-sedinta-consiliului-local-si-l-a-pus-in-adunarea-generala-a-actionarilor-de-la-cet-grivita","status":"publish","type":"post","link":"https:\/\/buletin.de\/bucuresti\/psd-sector-1-l-a-recuperat-pe-colegul-care-a-intrat-din-dus-in-sedinta-consiliului-local-si-l-a-pus-in-adunarea-generala-a-actionarilor-de-la-cet-grivita\/","title":{"rendered":"PSD Sector 1 l-a recuperat pe colegul care a intrat din du\u0219 \u00een \u0219edin\u021ba Consiliului Local \u0219i l-a pus \u00een adunarea general\u0103 a ac\u021bionarilor de la CET Grivi\u021ba"},"content":{"rendered":"\n<p><strong>PSD Sector 1 l-a recuperat pe consilierul care \u00een mandatul anterior a intrat \u00een \u0219edin\u021ba Consiliului Local direct din du\u0219. Atunci \u0219i-a dat demisia. Acum a fost numit \u00een adunarea general\u0103 a ac\u021bionarilor de la CET Grivi\u021ba<\/strong>.<\/p>\n\n\n\n<p>Alberto Caraian a devenit celebru \u00een 2023, c\u00e2nd \u00een timpul unei \u0219edin\u021be a Consiliului Local Sector 1, care era organizat\u0103 \u00een format hibrid, fizic \u0219i online, a intrat \u00een direct \u00een timp ce se afla sub du\u0219. <\/p>\n\n\n\n<p>Imaginile postate \u00een direct pe site-ul prim\u0103riei au fost urcate pe&nbsp;Youtube, iar momentul a fost st\u00e2rnit r\u00e2setele colegilor.<\/p>\n\n\n\n<figure class=\"wp-block-embed is-type-video is-provider-youtube wp-block-embed-youtube wp-embed-aspect-16-9 wp-has-aspect-ratio\"><div class=\"wp-block-embed__wrapper\">\n<div class=\"jlvid_container\"><iframe title=\"\u0218edin\u021ba extraordinar\u0103  a CLS1 din 24.02.2023\" width=\"1200\" height=\"675\" src=\"https:\/\/www.youtube.com\/embed\/a-0k3iYyT88?start=3386&#038;feature=oembed\" frameborder=\"0\" allow=\"accelerometer; autoplay; clipboard-write; encrypted-media; gyroscope; picture-in-picture; web-share\" referrerpolicy=\"strict-origin-when-cross-origin\" allowfullscreen><\/iframe><\/div>\n<\/div><\/figure>\n\n\n\n<p>\u201eTehnica mai joac\u0103 feste. Graba din p\u0103cate \u0219i-a spus cuv\u00e2ntul! \u00cemi cer scuze pentru nefericita \u00eent\u00e2mplare. Apa cald\u0103 era de la propria central\u0103, ca s\u0103 anticipez orice \u00eentreb\u0103ri. Scuze \u00eenc\u0103 o dat\u0103 tuturor!\u201d, s-a ap\u0103rat atunci consilierul local pe pagina sa de&nbsp;<strong><a href=\"https:\/\/www.facebook.com\/alberto.caraianp\" target=\"_blank\" rel=\"noreferrer noopener\">Facebook<\/a>.<\/strong><\/p>\n\n\n\n<p>Ulterior, \u00een aceea\u0219i zi, Alberto Caraian <a href=\"https:\/\/www.g4media.ro\/video-momente-comice-la-sedinta-consiliului-local-sector-1-bucuresti-alberto-caraian-consilier-psd-a-aparut-direct-din-dus-apa-calda-era-de-la-propria-centrala-ca-sa-anticipez-orice-int.html\">\u0219i-a dat demisia<\/a> din Consiliul Local al Sectorului 1.<\/p>\n\n\n\n<p><strong>CITE\u0218TE \u0218I: <a href=\"https:\/\/buletin.de\/bucuresti\/inca-o-lovitura-de-topor-pentru-platanii-de-pe-splaiul-unirii-borduri-noi-in-detrimentul-radacinilor\/\" target=\"_blank\" rel=\"noreferrer noopener\">\u00cenc\u0103 \u201eo lovitur\u0103 de topor\u201d pentru platanii de pe Splaiul Unirii. Borduri noi \u00een detrimentul r\u0103d\u0103cinilor<\/a><\/strong><\/p>\n\n\n\n<h2 class=\"wp-block-heading\" id=\"h-membru-in-adunarea-generala-a-ac\u021bionarilor-de-la-cet-grivi\u021ba-nu-mai-are-nimic-in-declara\u021bia-de-avere\">Membru \u00een Adunarea general\u0103 a ac\u021bionarilor de la CET Grivi\u021ba, nu mai are nimic \u00een declara\u021bia de avere<\/h2>\n\n\n\n<p><strong>Acesta a redevenit consilier local, tot pe listele PSD, dup\u0103 alegerile locale de anul trecut. Iar \u00een \u0219edin\u021ba de Consiliu Local de joi, 30 ianuarie, a fost numit \u00een adunarea general\u0103 a ac\u021bionarilor de la <a href=\"https:\/\/www.cetgrivita.ro\/structura_c.php\" target=\"_blank\" rel=\"noreferrer noopener\">CET Grivi\u021ba<\/a>, la propunerea grupului Partidului Social Democrat. <\/strong><\/p>\n\n\n\n<p>Propunerea sa a fost votat\u0103 de 16 consilieri locali, iar trei s-au opus. Hot\u0103r\u00e2rea complet\u0103 de numire a reprezentan\u021bilor \u00een AGA, care-l cuprinde \u0219i pe Drago\u0219 Breazu, din partea For\u021ba Dreptei, a fost adoptat\u0103 cu 19 voturi pentru \u0219i 5 ab\u021bineri.<\/p>\n\n\n\n<p>Pe l\u00e2ng\u0103 incidentul cu du\u0219ul, Alberto Caraian s-a mai remarcat prin faptul c\u0103, \u00een cea mai recent\u0103 <a href=\"https:\/\/primariasector1.ro\/wp-content\/uploads\/2024\/07\/DA-Caraian-anuala.pdf\" target=\"_blank\" rel=\"noreferrer noopener\">declara\u021bie a sa de avere<\/a>, depus\u0103 \u00een iunie 2024, c\u00e2nd de\u021binea func\u021bia de consilier de stat \u00een Cancelaria prim-ministrului Marcel Ciolacu, a men\u021bionat c\u0103 nu de\u021bine nici o proprietate \u0219i nici un cont bancar. <\/p>\n\n\n\n<p>Singurele venituri pe care le-a declarat, aferente anului 2023, au fost indemniza\u021bia de consilier local, <strong>de 13.410 lei<\/strong>, \u0219i aloca\u021biile celor doi copii. Cu toate acestea, a men\u021bionat c\u0103 a dat un \u00eemprumut, unei persoane private, de <strong>35.800 de euro<\/strong>. <\/p>\n\n\n\n<p>\u00cen declara\u021bia de avere anterioar\u0103, aferent\u0103 anului 2022, Alberto Caraian declara c\u0103 de\u021bine <strong>un apartament evaluat la 135.000 de euro<\/strong>, un teren intravilan \u0219i un autoturism. De\u0219i toate acestea au disp\u0103rut din proprietatea sa, consilierul local<a href=\"https:\/\/primariasector1.ro\/wp-content\/uploads\/2024\/07\/DA-Caraian-anuala.pdf\" target=\"_blank\" rel=\"noreferrer noopener\"> nu a declarat<\/a>, \u00een anul urm\u0103tor, ce a f\u0103cut cu banii. <\/p>\n\n\n\n<p><strong>CITE\u0218TE \u0218I: <a href=\"https:\/\/buletin.de\/bucuresti\/primaria-sectorului-1-vrea-padurea-baneasa-in-administrare-pentru-a-crea-o-arie-naturala-protejata\/\" target=\"_blank\" rel=\"noreferrer noopener\">Prim\u0103ria Sectorului 1 vrea P\u0103durea B\u0103neasa \u00een administrare, pentru a \u201ecrea o arie natural\u0103 protejat\u0103\u201d<\/a><\/strong><\/p>\n\n\n\n<h2 class=\"wp-block-heading\" id=\"h-presa-a-scris-ca-este-dezvoltator-imobiliar\">Presa a scris c\u0103 este dezvoltator imobiliar <\/h2>\n\n\n\n<p>De\u0219i consilierul local \u0219i \u0219i membru \u00een Adunarea general\u0103 a ac\u021bionarilor de la CET Grivi\u021ba se prezint\u0103 ca un om s\u0103rac, potrivit ultimei declara\u021bii de avere, presa a scris, la momentul incidentului cu du\u0219ul, c\u0103 acesta ar fi, de fapt, un prosper dezvoltator imobiliar.<\/p>\n\n\n\n<p>Din 2013 \u00eencoace, a primit autoriza\u021bii de construire a mai multor blocuri, de la 2 la 5 etaje, dintre care cel mai recent a fost finalizat \u00een 2020, potrivit <a href=\"https:\/\/www.puterea.ro\/consilierul-din-dus-sarac-lipit-in-acte-dezvoltator-imobiliar-in-fapte-documente\/\" target=\"_blank\" rel=\"noreferrer noopener\">ziarului Puterea<\/a>. Publica\u021bia afirm\u0103 c\u0103 acesta \u201ea s\u0103r\u0103cit brusc\u201d \u00een momentul \u00een care a intrat \u00een politic\u0103. <\/p>\n\n\n\n<p>CITE\u015eTE \u015eI <a href=\"https:\/\/buletin.de\/bucuresti\/editorial-academia-sinecurilor-se-comaseaza-cu-cet-grivita-in-sectorul-1\/\">EDITORIAL | \u201eAcademia Sinecurilor\u201c se comaseaz\u0103 cu CET Grivi\u021ba, \u00een Sectorul 1<\/a> <\/p>\n","protected":false},"excerpt":{"rendered":"<p>PSD Sector 1 l-a recuperat pe consilierul care \u00een mandatul anterior a intrat \u00een \u0219edin\u021ba Consiliului Local direct din du\u0219. Atunci \u0219i-a dat demisia. Acum a fost numit \u00een adunarea general\u0103 a ac\u021bionarilor de la CET Grivi\u021ba. Alberto Caraian a devenit celebru \u00een 2023, c\u00e2nd \u00een timpul unei \u0219edin\u021be a Consiliului Local Sector 1, care [&hellip;]<\/p>\n","protected":false},"author":60,"featured_media":116435,"comment_status":"closed","ping_status":"open","sticky":false,"template":"","format":"standard","meta":{"_acf_changed":false,"inline_featured_image":false,"ngg_post_thumbnail":0,"footnotes":""},"categories":[6994,5762,24],"tags":[18794,3323,18795,2011,309],"ppma_author":[22582],"class_list":["post-116401","post","type-post","status-publish","format-standard","has-post-thumbnail","hentry","category-stiri-2","category-main","category-primarie","tag-alberto-caraian","tag-cet-grivita","tag-consilier-sub-dus","tag-consiliul-local-sector-1","tag-primaria-sector-1"],"acf":[],"yoast_head":"<!-- This site is optimized with the Yoast SEO Premium plugin v25.3 (Yoast SEO v27.5) - https:\/\/yoast.com\/product\/yoast-seo-premium-wordpress\/ -->\n<title>PSD Sector 1 l-a recuperat pe colegul care a intrat din du\u0219 \u00een \u0219edin\u021ba Consiliului Local \u0219i l-a pus \u00een adunarea general\u0103 a ac\u021bionarilor de la CET Grivi\u021ba - Buletin de Bucure\u0219ti<\/title>\n<meta name=\"description\" content=\"PSD Sector 1 l-a recuperat pe colegul care a intrat din du\u0219 \u00een \u0219edin\u021ba CL \u0219i l-a pus \u00een adunarea general\u0103 a ac\u021bionarilor de la CET Grivi\u021ba\" \/>\n<meta name=\"robots\" content=\"index, follow, max-snippet:-1, max-image-preview:large, max-video-preview:-1\" \/>\n<link rel=\"canonical\" href=\"https:\/\/buletin.de\/bucuresti\/psd-sector-1-l-a-recuperat-pe-colegul-care-a-intrat-din-dus-in-sedinta-consiliului-local-si-l-a-pus-in-adunarea-generala-a-actionarilor-de-la-cet-grivita\/\" \/>\n<meta property=\"og:locale\" content=\"en_GB\" \/>\n<meta property=\"og:type\" content=\"article\" \/>\n<meta property=\"og:title\" content=\"PSD Sector 1 l-a recuperat pe colegul care a intrat din du\u0219 \u00een \u0219edin\u021ba Consiliului Local \u0219i l-a pus \u00een adunarea general\u0103 a ac\u021bionarilor de la CET Grivi\u021ba\" \/>\n<meta property=\"og:description\" content=\"PSD Sector 1 l-a recuperat pe colegul care a intrat din du\u0219 \u00een \u0219edin\u021ba CL \u0219i l-a pus \u00een adunarea general\u0103 a ac\u021bionarilor de la CET Grivi\u021ba\" \/>\n<meta property=\"og:url\" content=\"https:\/\/buletin.de\/bucuresti\/psd-sector-1-l-a-recuperat-pe-colegul-care-a-intrat-din-dus-in-sedinta-consiliului-local-si-l-a-pus-in-adunarea-generala-a-actionarilor-de-la-cet-grivita\/\" \/>\n<meta property=\"og:site_name\" content=\"Buletin de Bucure\u0219ti\" \/>\n<meta property=\"article:publisher\" content=\"https:\/\/www.facebook.com\/buletin.de.buc\" \/>\n<meta property=\"article:published_time\" content=\"2025-01-30T11:54:14+00:00\" \/>\n<meta property=\"article:modified_time\" content=\"2025-01-30T13:58:03+00:00\" \/>\n<meta property=\"og:image\" content=\"https:\/\/buletin.de\/bucuresti\/wp-content\/uploads\/caraiandus.jpg\" \/>\n\t<meta property=\"og:image:width\" content=\"1200\" \/>\n\t<meta property=\"og:image:height\" content=\"902\" \/>\n\t<meta property=\"og:image:type\" content=\"image\/jpeg\" \/>\n<meta name=\"author\" content=\"R\u0103zvan Chiru\u021b\u0103\" \/>\n<meta name=\"twitter:card\" content=\"summary_large_image\" \/>\n<meta name=\"twitter:label1\" content=\"Written by\" \/>\n\t<meta name=\"twitter:data1\" content=\"R\u0103zvan Chiru\u021b\u0103\" \/>\n\t<meta name=\"twitter:label2\" content=\"Estimated reading time\" \/>\n\t<meta name=\"twitter:data2\" content=\"3 minutes\" \/>\n<script type=\"application\/ld+json\" class=\"yoast-schema-graph\">{\"@context\":\"https:\\\/\\\/schema.org\",\"@graph\":[{\"@type\":\"Article\",\"@id\":\"https:\\\/\\\/buletin.de\\\/bucuresti\\\/psd-sector-1-l-a-recuperat-pe-colegul-care-a-intrat-din-dus-in-sedinta-consiliului-local-si-l-a-pus-in-adunarea-generala-a-actionarilor-de-la-cet-grivita\\\/#article\",\"isPartOf\":{\"@id\":\"https:\\\/\\\/buletin.de\\\/bucuresti\\\/psd-sector-1-l-a-recuperat-pe-colegul-care-a-intrat-din-dus-in-sedinta-consiliului-local-si-l-a-pus-in-adunarea-generala-a-actionarilor-de-la-cet-grivita\\\/\"},\"author\":{\"name\":\"R\u0103zvan Chiru\u021b\u0103\",\"@id\":\"https:\\\/\\\/buletin.de\\\/bucuresti\\\/#\\\/schema\\\/person\\\/a76df728dfc913795a9d90e346b253bb\"},\"headline\":\"PSD Sector 1 l-a recuperat pe colegul care a intrat din du\u0219 \u00een \u0219edin\u021ba Consiliului Local \u0219i l-a pus \u00een adunarea general\u0103 a ac\u021bionarilor de la CET Grivi\u021ba\",\"datePublished\":\"2025-01-30T11:54:14+00:00\",\"dateModified\":\"2025-01-30T13:58:03+00:00\",\"mainEntityOfPage\":{\"@id\":\"https:\\\/\\\/buletin.de\\\/bucuresti\\\/psd-sector-1-l-a-recuperat-pe-colegul-care-a-intrat-din-dus-in-sedinta-consiliului-local-si-l-a-pus-in-adunarea-generala-a-actionarilor-de-la-cet-grivita\\\/\"},\"wordCount\":621,\"publisher\":{\"@id\":\"https:\\\/\\\/buletin.de\\\/bucuresti\\\/#organization\"},\"image\":{\"@id\":\"https:\\\/\\\/buletin.de\\\/bucuresti\\\/psd-sector-1-l-a-recuperat-pe-colegul-care-a-intrat-din-dus-in-sedinta-consiliului-local-si-l-a-pus-in-adunarea-generala-a-actionarilor-de-la-cet-grivita\\\/#primaryimage\"},\"thumbnailUrl\":\"https:\\\/\\\/buletin.de\\\/bucuresti\\\/wp-content\\\/uploads\\\/caraiandus.jpg\",\"keywords\":[\"alberto caraian\",\"cet grivita\",\"consilier sub dus\",\"consiliul local sector 1\",\"primaria sector 1\"],\"articleSection\":[\"Articole\",\"Main\",\"Prim\u0103rie\"],\"inLanguage\":\"en-GB\",\"copyrightYear\":\"2025\",\"copyrightHolder\":{\"@id\":\"https:\\\/\\\/buletin.de\\\/bucuresti\\\/#organization\"}},{\"@type\":\"WebPage\",\"@id\":\"https:\\\/\\\/buletin.de\\\/bucuresti\\\/psd-sector-1-l-a-recuperat-pe-colegul-care-a-intrat-din-dus-in-sedinta-consiliului-local-si-l-a-pus-in-adunarea-generala-a-actionarilor-de-la-cet-grivita\\\/\",\"url\":\"https:\\\/\\\/buletin.de\\\/bucuresti\\\/psd-sector-1-l-a-recuperat-pe-colegul-care-a-intrat-din-dus-in-sedinta-consiliului-local-si-l-a-pus-in-adunarea-generala-a-actionarilor-de-la-cet-grivita\\\/\",\"name\":\"PSD Sector 1 l-a recuperat pe colegul care a intrat din du\u0219 \u00een \u0219edin\u021ba Consiliului Local \u0219i l-a pus \u00een adunarea general\u0103 a ac\u021bionarilor de la CET Grivi\u021ba - Buletin de Bucure\u0219ti\",\"isPartOf\":{\"@id\":\"https:\\\/\\\/buletin.de\\\/bucuresti\\\/#website\"},\"primaryImageOfPage\":{\"@id\":\"https:\\\/\\\/buletin.de\\\/bucuresti\\\/psd-sector-1-l-a-recuperat-pe-colegul-care-a-intrat-din-dus-in-sedinta-consiliului-local-si-l-a-pus-in-adunarea-generala-a-actionarilor-de-la-cet-grivita\\\/#primaryimage\"},\"image\":{\"@id\":\"https:\\\/\\\/buletin.de\\\/bucuresti\\\/psd-sector-1-l-a-recuperat-pe-colegul-care-a-intrat-din-dus-in-sedinta-consiliului-local-si-l-a-pus-in-adunarea-generala-a-actionarilor-de-la-cet-grivita\\\/#primaryimage\"},\"thumbnailUrl\":\"https:\\\/\\\/buletin.de\\\/bucuresti\\\/wp-content\\\/uploads\\\/caraiandus.jpg\",\"datePublished\":\"2025-01-30T11:54:14+00:00\",\"dateModified\":\"2025-01-30T13:58:03+00:00\",\"description\":\"PSD Sector 1 l-a recuperat pe colegul care a intrat din du\u0219 \u00een \u0219edin\u021ba CL \u0219i l-a pus \u00een adunarea general\u0103 a ac\u021bionarilor de la CET Grivi\u021ba\",\"breadcrumb\":{\"@id\":\"https:\\\/\\\/buletin.de\\\/bucuresti\\\/psd-sector-1-l-a-recuperat-pe-colegul-care-a-intrat-din-dus-in-sedinta-consiliului-local-si-l-a-pus-in-adunarea-generala-a-actionarilor-de-la-cet-grivita\\\/#breadcrumb\"},\"inLanguage\":\"en-GB\",\"potentialAction\":[{\"@type\":\"ReadAction\",\"target\":[\"https:\\\/\\\/buletin.de\\\/bucuresti\\\/psd-sector-1-l-a-recuperat-pe-colegul-care-a-intrat-din-dus-in-sedinta-consiliului-local-si-l-a-pus-in-adunarea-generala-a-actionarilor-de-la-cet-grivita\\\/\"]}]},{\"@type\":\"ImageObject\",\"inLanguage\":\"en-GB\",\"@id\":\"https:\\\/\\\/buletin.de\\\/bucuresti\\\/psd-sector-1-l-a-recuperat-pe-colegul-care-a-intrat-din-dus-in-sedinta-consiliului-local-si-l-a-pus-in-adunarea-generala-a-actionarilor-de-la-cet-grivita\\\/#primaryimage\",\"url\":\"https:\\\/\\\/buletin.de\\\/bucuresti\\\/wp-content\\\/uploads\\\/caraiandus.jpg\",\"contentUrl\":\"https:\\\/\\\/buletin.de\\\/bucuresti\\\/wp-content\\\/uploads\\\/caraiandus.jpg\",\"width\":1200,\"height\":902,\"caption\":\"Albero Caraian a revenit adunarea general\u0103 a ac\u021bionarilor de la CET Grivi\u021ba\"},{\"@type\":\"BreadcrumbList\",\"@id\":\"https:\\\/\\\/buletin.de\\\/bucuresti\\\/psd-sector-1-l-a-recuperat-pe-colegul-care-a-intrat-din-dus-in-sedinta-consiliului-local-si-l-a-pus-in-adunarea-generala-a-actionarilor-de-la-cet-grivita\\\/#breadcrumb\",\"itemListElement\":[{\"@type\":\"ListItem\",\"position\":1,\"name\":\"Acas\u0103\",\"item\":\"https:\\\/\\\/buletin.de\\\/bucuresti\\\/\"},{\"@type\":\"ListItem\",\"position\":2,\"name\":\"PSD Sector 1 l-a recuperat pe colegul care a intrat din du\u0219 \u00een \u0219edin\u021ba Consiliului Local \u0219i l-a pus \u00een adunarea general\u0103 a ac\u021bionarilor de la CET Grivi\u021ba\"}]},{\"@type\":\"WebSite\",\"@id\":\"https:\\\/\\\/buletin.de\\\/bucuresti\\\/#website\",\"url\":\"https:\\\/\\\/buletin.de\\\/bucuresti\\\/\",\"name\":\"Buletin de Bucure\u0219ti\",\"description\":\"\u0218tiri \u0219i investiga\u021bii esen\u021biale din capital\u0103\",\"publisher\":{\"@id\":\"https:\\\/\\\/buletin.de\\\/bucuresti\\\/#organization\"},\"potentialAction\":[{\"@type\":\"SearchAction\",\"target\":{\"@type\":\"EntryPoint\",\"urlTemplate\":\"https:\\\/\\\/buletin.de\\\/bucuresti\\\/?s={search_term_string}\"},\"query-input\":{\"@type\":\"PropertyValueSpecification\",\"valueRequired\":true,\"valueName\":\"search_term_string\"}}],\"inLanguage\":\"en-GB\"},{\"@type\":\"Organization\",\"@id\":\"https:\\\/\\\/buletin.de\\\/bucuresti\\\/#organization\",\"name\":\"Buletin de Bucure\u0219ti\",\"url\":\"https:\\\/\\\/buletin.de\\\/bucuresti\\\/\",\"logo\":{\"@type\":\"ImageObject\",\"inLanguage\":\"en-GB\",\"@id\":\"https:\\\/\\\/buletin.de\\\/bucuresti\\\/#\\\/schema\\\/logo\\\/image\\\/\",\"url\":\"https:\\\/\\\/buletin.de\\\/bucuresti\\\/wp-content\\\/uploads\\\/logo-bdb-full-wide-vernil-transparent.png\",\"contentUrl\":\"https:\\\/\\\/buletin.de\\\/bucuresti\\\/wp-content\\\/uploads\\\/logo-bdb-full-wide-vernil-transparent.png\",\"width\":1782,\"height\":626,\"caption\":\"Buletin de Bucure\u0219ti\"},\"image\":{\"@id\":\"https:\\\/\\\/buletin.de\\\/bucuresti\\\/#\\\/schema\\\/logo\\\/image\\\/\"},\"sameAs\":[\"https:\\\/\\\/www.facebook.com\\\/buletin.de.buc\",\"https:\\\/\\\/www.instagram.com\\\/buletinde.bucuresti\\\/\"]},{\"@type\":\"Person\",\"@id\":\"https:\\\/\\\/buletin.de\\\/bucuresti\\\/#\\\/schema\\\/person\\\/a76df728dfc913795a9d90e346b253bb\",\"name\":\"R\u0103zvan Chiru\u021b\u0103\",\"image\":{\"@type\":\"ImageObject\",\"inLanguage\":\"en-GB\",\"@id\":\"https:\\\/\\\/buletin.de\\\/bucuresti\\\/wp-content\\\/uploads\\\/Razvan-Chiruta-96x96.jpge7143b996fd4241fbd6ee1f6b6b7b267\",\"url\":\"https:\\\/\\\/buletin.de\\\/bucuresti\\\/wp-content\\\/uploads\\\/Razvan-Chiruta-96x96.jpg\",\"contentUrl\":\"https:\\\/\\\/buletin.de\\\/bucuresti\\\/wp-content\\\/uploads\\\/Razvan-Chiruta-96x96.jpg\",\"caption\":\"R\u0103zvan Chiru\u021b\u0103\"},\"description\":\"R\u0103zvan Chiru\u021b\u0103 este redactor-\u0219ef adjunct din iulie 2024. A fost redactor-\u0219ef al PRESShub \u00eentre 2022 \u0219i iunie 2024. Anterior, a fost redactor-\u0219ef al Newsweek Rom\u00e2nia, din 2018 p\u00e2n\u0103 \u00een 2021, \u0219i al cotidianului Rom\u00e2nia liber\u0103, \u00eentre 2015 \u0219i 2017. Este absolvent de Jurnalism, \u00een cadrul Universit\u0103\u021bii \u201eAl.I.Cuza\u201d din Ia\u0219i, \u0219i a urmat un master \u00een Managementul institu\u021biilor mass-media (f\u0103r\u0103 diserta\u021bie) la Facultatea de Jurnalism \u0219i \u0218tiin\u021bele Comunic\u0103rii din cadrul Universit\u0103\u021bii din Bucure\u0219ti. \u0218i-a \u00eenceput cariera la Opinia studen\u021beasc\u0103, cunoscuta \u0219coal\u0103 de pres\u0103 din Ia\u0219i. A lucrat \u00een presa local\u0103, apoi a devenit corespondent pentru Ia\u0219i al cotidianului Evenimentul Zilei. Din 2004, a coordonat pentru \u0219ase luni sec\u021bia de coresponden\u021bi a Evenimentului Zilei. A mai lucrat la s\u0103pt\u0103m\u00e2nalul Prezent \u0219i a colaborat cu revistele Dilema Veche \u0219i Suplimentul de Cultur\u0103. Este co-autor \u00een volumele \u201eMass-media \u0219i democra\u021bia \u00een Rom\u00e2nia post-comunist\u0103\u201d (ed. a II-a), Ed. Institutul European, Ia\u0219i, 2013, \u0219i \u201eCOVID - 19. Dimensiuni ale gestionarii pandemiei\u201d, Editura Junimea, Ia\u0219i, 2020.\",\"url\":\"https:\\\/\\\/buletin.de\\\/bucuresti\\\/author\\\/razvan-chiruta\\\/\"}]}<\/script>\n<!-- \/ Yoast SEO Premium plugin. -->","yoast_head_json":{"title":"PSD Sector 1 l-a recuperat pe colegul care a intrat din du\u0219 \u00een \u0219edin\u021ba Consiliului Local \u0219i l-a pus \u00een adunarea general\u0103 a ac\u021bionarilor de la CET Grivi\u021ba - Buletin de Bucure\u0219ti","description":"PSD Sector 1 l-a recuperat pe colegul care a intrat din du\u0219 \u00een \u0219edin\u021ba CL \u0219i l-a pus \u00een adunarea general\u0103 a ac\u021bionarilor de la CET Grivi\u021ba","robots":{"index":"index","follow":"follow","max-snippet":"max-snippet:-1","max-image-preview":"max-image-preview:large","max-video-preview":"max-video-preview:-1"},"canonical":"https:\/\/buletin.de\/bucuresti\/psd-sector-1-l-a-recuperat-pe-colegul-care-a-intrat-din-dus-in-sedinta-consiliului-local-si-l-a-pus-in-adunarea-generala-a-actionarilor-de-la-cet-grivita\/","og_locale":"en_GB","og_type":"article","og_title":"PSD Sector 1 l-a recuperat pe colegul care a intrat din du\u0219 \u00een \u0219edin\u021ba Consiliului Local \u0219i l-a pus \u00een adunarea general\u0103 a ac\u021bionarilor de la CET Grivi\u021ba","og_description":"PSD Sector 1 l-a recuperat pe colegul care a intrat din du\u0219 \u00een \u0219edin\u021ba CL \u0219i l-a pus \u00een adunarea general\u0103 a ac\u021bionarilor de la CET Grivi\u021ba","og_url":"https:\/\/buletin.de\/bucuresti\/psd-sector-1-l-a-recuperat-pe-colegul-care-a-intrat-din-dus-in-sedinta-consiliului-local-si-l-a-pus-in-adunarea-generala-a-actionarilor-de-la-cet-grivita\/","og_site_name":"Buletin de Bucure\u0219ti","article_publisher":"https:\/\/www.facebook.com\/buletin.de.buc","article_published_time":"2025-01-30T11:54:14+00:00","article_modified_time":"2025-01-30T13:58:03+00:00","og_image":[{"width":1200,"height":902,"url":"https:\/\/buletin.de\/bucuresti\/wp-content\/uploads\/caraiandus.jpg","type":"image\/jpeg"}],"author":"R\u0103zvan Chiru\u021b\u0103","twitter_card":"summary_large_image","twitter_misc":{"Written by":"R\u0103zvan Chiru\u021b\u0103","Estimated reading time":"3 minutes"},"schema":{"@context":"https:\/\/schema.org","@graph":[{"@type":"Article","@id":"https:\/\/buletin.de\/bucuresti\/psd-sector-1-l-a-recuperat-pe-colegul-care-a-intrat-din-dus-in-sedinta-consiliului-local-si-l-a-pus-in-adunarea-generala-a-actionarilor-de-la-cet-grivita\/#article","isPartOf":{"@id":"https:\/\/buletin.de\/bucuresti\/psd-sector-1-l-a-recuperat-pe-colegul-care-a-intrat-din-dus-in-sedinta-consiliului-local-si-l-a-pus-in-adunarea-generala-a-actionarilor-de-la-cet-grivita\/"},"author":{"name":"R\u0103zvan Chiru\u021b\u0103","@id":"https:\/\/buletin.de\/bucuresti\/#\/schema\/person\/a76df728dfc913795a9d90e346b253bb"},"headline":"PSD Sector 1 l-a recuperat pe colegul care a intrat din du\u0219 \u00een \u0219edin\u021ba Consiliului Local \u0219i l-a pus \u00een adunarea general\u0103 a ac\u021bionarilor de la CET Grivi\u021ba","datePublished":"2025-01-30T11:54:14+00:00","dateModified":"2025-01-30T13:58:03+00:00","mainEntityOfPage":{"@id":"https:\/\/buletin.de\/bucuresti\/psd-sector-1-l-a-recuperat-pe-colegul-care-a-intrat-din-dus-in-sedinta-consiliului-local-si-l-a-pus-in-adunarea-generala-a-actionarilor-de-la-cet-grivita\/"},"wordCount":621,"publisher":{"@id":"https:\/\/buletin.de\/bucuresti\/#organization"},"image":{"@id":"https:\/\/buletin.de\/bucuresti\/psd-sector-1-l-a-recuperat-pe-colegul-care-a-intrat-din-dus-in-sedinta-consiliului-local-si-l-a-pus-in-adunarea-generala-a-actionarilor-de-la-cet-grivita\/#primaryimage"},"thumbnailUrl":"https:\/\/buletin.de\/bucuresti\/wp-content\/uploads\/caraiandus.jpg","keywords":["alberto caraian","cet grivita","consilier sub dus","consiliul local sector 1","primaria sector 1"],"articleSection":["Articole","Main","Prim\u0103rie"],"inLanguage":"en-GB","copyrightYear":"2025","copyrightHolder":{"@id":"https:\/\/buletin.de\/bucuresti\/#organization"}},{"@type":"WebPage","@id":"https:\/\/buletin.de\/bucuresti\/psd-sector-1-l-a-recuperat-pe-colegul-care-a-intrat-din-dus-in-sedinta-consiliului-local-si-l-a-pus-in-adunarea-generala-a-actionarilor-de-la-cet-grivita\/","url":"https:\/\/buletin.de\/bucuresti\/psd-sector-1-l-a-recuperat-pe-colegul-care-a-intrat-din-dus-in-sedinta-consiliului-local-si-l-a-pus-in-adunarea-generala-a-actionarilor-de-la-cet-grivita\/","name":"PSD Sector 1 l-a recuperat pe colegul care a intrat din du\u0219 \u00een \u0219edin\u021ba Consiliului Local \u0219i l-a pus \u00een adunarea general\u0103 a ac\u021bionarilor de la CET Grivi\u021ba - Buletin de Bucure\u0219ti","isPartOf":{"@id":"https:\/\/buletin.de\/bucuresti\/#website"},"primaryImageOfPage":{"@id":"https:\/\/buletin.de\/bucuresti\/psd-sector-1-l-a-recuperat-pe-colegul-care-a-intrat-din-dus-in-sedinta-consiliului-local-si-l-a-pus-in-adunarea-generala-a-actionarilor-de-la-cet-grivita\/#primaryimage"},"image":{"@id":"https:\/\/buletin.de\/bucuresti\/psd-sector-1-l-a-recuperat-pe-colegul-care-a-intrat-din-dus-in-sedinta-consiliului-local-si-l-a-pus-in-adunarea-generala-a-actionarilor-de-la-cet-grivita\/#primaryimage"},"thumbnailUrl":"https:\/\/buletin.de\/bucuresti\/wp-content\/uploads\/caraiandus.jpg","datePublished":"2025-01-30T11:54:14+00:00","dateModified":"2025-01-30T13:58:03+00:00","description":"PSD Sector 1 l-a recuperat pe colegul care a intrat din du\u0219 \u00een \u0219edin\u021ba CL \u0219i l-a pus \u00een adunarea general\u0103 a ac\u021bionarilor de la CET Grivi\u021ba","breadcrumb":{"@id":"https:\/\/buletin.de\/bucuresti\/psd-sector-1-l-a-recuperat-pe-colegul-care-a-intrat-din-dus-in-sedinta-consiliului-local-si-l-a-pus-in-adunarea-generala-a-actionarilor-de-la-cet-grivita\/#breadcrumb"},"inLanguage":"en-GB","potentialAction":[{"@type":"ReadAction","target":["https:\/\/buletin.de\/bucuresti\/psd-sector-1-l-a-recuperat-pe-colegul-care-a-intrat-din-dus-in-sedinta-consiliului-local-si-l-a-pus-in-adunarea-generala-a-actionarilor-de-la-cet-grivita\/"]}]},{"@type":"ImageObject","inLanguage":"en-GB","@id":"https:\/\/buletin.de\/bucuresti\/psd-sector-1-l-a-recuperat-pe-colegul-care-a-intrat-din-dus-in-sedinta-consiliului-local-si-l-a-pus-in-adunarea-generala-a-actionarilor-de-la-cet-grivita\/#primaryimage","url":"https:\/\/buletin.de\/bucuresti\/wp-content\/uploads\/caraiandus.jpg","contentUrl":"https:\/\/buletin.de\/bucuresti\/wp-content\/uploads\/caraiandus.jpg","width":1200,"height":902,"caption":"Albero Caraian a revenit adunarea general\u0103 a ac\u021bionarilor de la CET Grivi\u021ba"},{"@type":"BreadcrumbList","@id":"https:\/\/buletin.de\/bucuresti\/psd-sector-1-l-a-recuperat-pe-colegul-care-a-intrat-din-dus-in-sedinta-consiliului-local-si-l-a-pus-in-adunarea-generala-a-actionarilor-de-la-cet-grivita\/#breadcrumb","itemListElement":[{"@type":"ListItem","position":1,"name":"Acas\u0103","item":"https:\/\/buletin.de\/bucuresti\/"},{"@type":"ListItem","position":2,"name":"PSD Sector 1 l-a recuperat pe colegul care a intrat din du\u0219 \u00een \u0219edin\u021ba Consiliului Local \u0219i l-a pus \u00een adunarea general\u0103 a ac\u021bionarilor de la CET Grivi\u021ba"}]},{"@type":"WebSite","@id":"https:\/\/buletin.de\/bucuresti\/#website","url":"https:\/\/buletin.de\/bucuresti\/","name":"Buletin de Bucure\u0219ti","description":"\u0218tiri \u0219i investiga\u021bii esen\u021biale din capital\u0103","publisher":{"@id":"https:\/\/buletin.de\/bucuresti\/#organization"},"potentialAction":[{"@type":"SearchAction","target":{"@type":"EntryPoint","urlTemplate":"https:\/\/buletin.de\/bucuresti\/?s={search_term_string}"},"query-input":{"@type":"PropertyValueSpecification","valueRequired":true,"valueName":"search_term_string"}}],"inLanguage":"en-GB"},{"@type":"Organization","@id":"https:\/\/buletin.de\/bucuresti\/#organization","name":"Buletin de Bucure\u0219ti","url":"https:\/\/buletin.de\/bucuresti\/","logo":{"@type":"ImageObject","inLanguage":"en-GB","@id":"https:\/\/buletin.de\/bucuresti\/#\/schema\/logo\/image\/","url":"https:\/\/buletin.de\/bucuresti\/wp-content\/uploads\/logo-bdb-full-wide-vernil-transparent.png","contentUrl":"https:\/\/buletin.de\/bucuresti\/wp-content\/uploads\/logo-bdb-full-wide-vernil-transparent.png","width":1782,"height":626,"caption":"Buletin de Bucure\u0219ti"},"image":{"@id":"https:\/\/buletin.de\/bucuresti\/#\/schema\/logo\/image\/"},"sameAs":["https:\/\/www.facebook.com\/buletin.de.buc","https:\/\/www.instagram.com\/buletinde.bucuresti\/"]},{"@type":"Person","@id":"https:\/\/buletin.de\/bucuresti\/#\/schema\/person\/a76df728dfc913795a9d90e346b253bb","name":"R\u0103zvan Chiru\u021b\u0103","image":{"@type":"ImageObject","inLanguage":"en-GB","@id":"https:\/\/buletin.de\/bucuresti\/wp-content\/uploads\/Razvan-Chiruta-96x96.jpge7143b996fd4241fbd6ee1f6b6b7b267","url":"https:\/\/buletin.de\/bucuresti\/wp-content\/uploads\/Razvan-Chiruta-96x96.jpg","contentUrl":"https:\/\/buletin.de\/bucuresti\/wp-content\/uploads\/Razvan-Chiruta-96x96.jpg","caption":"R\u0103zvan Chiru\u021b\u0103"},"description":"R\u0103zvan Chiru\u021b\u0103 este redactor-\u0219ef adjunct din iulie 2024. A fost redactor-\u0219ef al PRESShub \u00eentre 2022 \u0219i iunie 2024. Anterior, a fost redactor-\u0219ef al Newsweek Rom\u00e2nia, din 2018 p\u00e2n\u0103 \u00een 2021, \u0219i al cotidianului Rom\u00e2nia liber\u0103, \u00eentre 2015 \u0219i 2017. Este absolvent de Jurnalism, \u00een cadrul Universit\u0103\u021bii \u201eAl.I.Cuza\u201d din Ia\u0219i, \u0219i a urmat un master \u00een Managementul institu\u021biilor mass-media (f\u0103r\u0103 diserta\u021bie) la Facultatea de Jurnalism \u0219i \u0218tiin\u021bele Comunic\u0103rii din cadrul Universit\u0103\u021bii din Bucure\u0219ti. \u0218i-a \u00eenceput cariera la Opinia studen\u021beasc\u0103, cunoscuta \u0219coal\u0103 de pres\u0103 din Ia\u0219i. A lucrat \u00een presa local\u0103, apoi a devenit corespondent pentru Ia\u0219i al cotidianului Evenimentul Zilei. Din 2004, a coordonat pentru \u0219ase luni sec\u021bia de coresponden\u021bi a Evenimentului Zilei. A mai lucrat la s\u0103pt\u0103m\u00e2nalul Prezent \u0219i a colaborat cu revistele Dilema Veche \u0219i Suplimentul de Cultur\u0103. Este co-autor \u00een volumele \u201eMass-media \u0219i democra\u021bia \u00een Rom\u00e2nia post-comunist\u0103\u201d (ed. a II-a), Ed. Institutul European, Ia\u0219i, 2013, \u0219i \u201eCOVID - 19. Dimensiuni ale gestionarii pandemiei\u201d, Editura Junimea, Ia\u0219i, 2020.","url":"https:\/\/buletin.de\/bucuresti\/author\/razvan-chiruta\/"}]}},"authors":[{"term_id":22582,"user_id":60,"is_guest":0,"slug":"razvan-chiruta","display_name":"R\u0103zvan Chiru\u021b\u0103","avatar_url":"https:\/\/buletin.de\/bucuresti\/wp-content\/uploads\/Razvan-Chiruta-96x96.jpg","0":null,"1":"","2":"","3":"","4":"","5":"","6":"","7":"","8":""}],"_links":{"self":[{"href":"https:\/\/buletin.de\/bucuresti\/wp-json\/wp\/v2\/posts\/116401","targetHints":{"allow":["GET"]}}],"collection":[{"href":"https:\/\/buletin.de\/bucuresti\/wp-json\/wp\/v2\/posts"}],"about":[{"href":"https:\/\/buletin.de\/bucuresti\/wp-json\/wp\/v2\/types\/post"}],"author":[{"embeddable":true,"href":"https:\/\/buletin.de\/bucuresti\/wp-json\/wp\/v2\/users\/60"}],"replies":[{"embeddable":true,"href":"https:\/\/buletin.de\/bucuresti\/wp-json\/wp\/v2\/comments?post=116401"}],"version-history":[{"count":9,"href":"https:\/\/buletin.de\/bucuresti\/wp-json\/wp\/v2\/posts\/116401\/revisions"}],"predecessor-version":[{"id":116457,"href":"https:\/\/buletin.de\/bucuresti\/wp-json\/wp\/v2\/posts\/116401\/revisions\/116457"}],"wp:featuredmedia":[{"embeddable":true,"href":"https:\/\/buletin.de\/bucuresti\/wp-json\/wp\/v2\/media\/116435"}],"wp:attachment":[{"href":"https:\/\/buletin.de\/bucuresti\/wp-json\/wp\/v2\/media?parent=116401"}],"wp:term":[{"taxonomy":"category","embeddable":true,"href":"https:\/\/buletin.de\/bucuresti\/wp-json\/wp\/v2\/categories?post=116401"},{"taxonomy":"post_tag","embeddable":true,"href":"https:\/\/buletin.de\/bucuresti\/wp-json\/wp\/v2\/tags?post=116401"},{"taxonomy":"author","embeddable":true,"href":"https:\/\/buletin.de\/bucuresti\/wp-json\/wp\/v2\/ppma_author?post=116401"}],"curies":[{"name":"wp","href":"https:\/\/api.w.org\/{rel}","templated":true}]}}