{"id":116162,"date":"2025-01-29T10:39:25","date_gmt":"2025-01-29T07:39:25","guid":{"rendered":"https:\/\/buletin.de\/bucuresti\/?p=116162"},"modified":"2025-01-29T12:53:43","modified_gmt":"2025-01-29T09:53:43","slug":"parchetul-general-a-ridicat-documente-de-la-directia-pentru-cultura-bucuresti-in-dosarul-furtului-din-olanda","status":"publish","type":"post","link":"https:\/\/buletin.de\/bucuresti\/parchetul-general-a-ridicat-documente-de-la-directia-pentru-cultura-bucuresti-in-dosarul-furtului-din-olanda\/","title":{"rendered":"Parchetul General ridic\u0103 documente de la Direc\u021bia pentru Cultur\u0103 Bucure\u0219ti, \u00een dosarul furtului din Olanda"},"content":{"rendered":"\n<p><strong>Mai multe documente de la Direc\u021bia pentru Cultur\u0103 a Municipiului Bucure\u0219ti (DCMB) sunt ridicate miercuri, \u00een dosarul privind furtul din Olanda al tezaurului dacic, anun\u021b\u0103 surse din Parchetul General pentru <a href=\"https:\/\/www.g4media.ro\/surse-procurorii-ridica-documente-de-la-directia-pentru-cultura-a-municipiului-bucuresti-in-dosarul-privind-furtul-tezaurului-dacic.html\" target=\"_blank\" rel=\"noreferrer noopener\">G4Media<\/a>.<br><\/strong><br><a href=\"https:\/\/buletin.de\/bucuresti\/certificatul-de-export-pentru-coiful-de-aur-a-fost-semnat-de-seful-directiei-de-cultura-din-capitala-protejatul-nataliei-intotero\/\" target=\"_blank\" rel=\"noreferrer noopener\"><strong>Buletin de Bucure\u0219ti<\/strong><\/a>\u00a0a scris mar\u021bi c\u0103 certificatul de export pentru Coiful de aur de la Co\u021bofene\u0219ti, cu ajutorul c\u0103ruia piesele de tezaur au putut p\u0103r\u0103si Capitala, a fost semnat de \u0219eful Direc\u021biei pentru Cultur\u0103 Bucure\u0219ti, Drago\u0219 Fr\u0103sineanu.<\/p>\n\n\n\n<p><strong>So\u0163ia directorului, Mihaela Fr\u0103sineanu, este consilier de stat \u00een Cancelaria prim-ministrului Marcel Ciolacu.<\/strong><\/p>\n\n\n\n<h2 class=\"wp-block-heading\" id=\"h-despre-ce-documente-de-la-direc\u021bia-pentru-cultura-bucure\u0219ti-este-vorba\">Despre ce documente de la Direc\u021bia pentru Cultur\u0103 Bucure\u0219ti este vorba<\/h2>\n\n\n\n<p><a href=\"https:\/\/legislatie.just.ro\/Public\/DetaliiDocument\/51489\" target=\"_blank\" rel=\"noreferrer noopener\">Potrivit legisla\u0163iei<\/a>, institu\u021bia care administreaz\u0103 bunurile de patrimoniu, adic\u0103 Muzeul Na\u0163ional de Istorie, a trebuit s\u0103 ob\u021bin\u0103 avizul Comisiei Na\u021bionale a Muzeelor \u0219i Colec\u021biilor \u0219i aprobarea ministrului Culturii.<\/p>\n\n\n\n<p>De asemenea, a fost obligatorie prezentarea unui contract de asigurare pentru bunul care urmeaz\u0103 a fi exportat, cu excep\u021bia unor cazuri deosebite, c\u00e2nd se poate ob\u021bine un certificat de garan\u021bie guvernamental\u0103 din partea statului gazd\u0103, scrie Buletin de Bucure\u0219ti.<\/p>\n\n\n\n<p>\u00cen cazul Coifului de aur, \u00een baza acestor documentele, la care se adaug\u0103 un aviz de principiu, hot\u0103r\u00e2rea se comunic\u0103 \u0219i Inspectoratului General al Poli\u021biei Rom\u00e2ne.<\/p>\n\n\n\n<p>\u00cen cele din urm\u0103, \u00een cazul coifului de la Co\u021bofene\u0219ti, certificatul de export a fost eliberat de Direc\u021bia pentru Cultur\u0103 a Municipiului Bucure\u0219ti (DCMB), unde director este Drago\u0219 Fr\u0103sineanu, \u201eprotejatul\u201d Nataliei Intotero.<\/p>\n\n\n\n<p><strong>CITE\u0218TE \u0218I: <a href=\"https:\/\/buletin.de\/bucuresti\/certificatul-de-export-pentru-coiful-de-aur-a-fost-semnat-de-seful-directiei-de-cultura-din-capitala-protejatul-nataliei-intotero\/\" target=\"_blank\" rel=\"noreferrer noopener\">Certificatul de export pentru Coiful de aur a fost semnat de \u015feful Direc\u0163iei de Cultur\u0103 din Capital\u0103, \u201eprotejatul\u201d Nataliei Intotero<\/a><\/strong><\/p>\n\n\n\n<p><strong>CITE\u0218TE \u0218I:&nbsp;<a href=\"https:\/\/buletin.de\/bucuresti\/unul-dintre-directorii-implicati-in-avizarea-expozitiei-din-olanda-protejat-de-ministrul-culturii\/\" target=\"_blank\" rel=\"noreferrer noopener\">Unul dintre directorii implica\u021bi \u00een avizarea expozi\u021biei din Olanda, protejat de ministrul Culturii<\/a><\/strong><\/p>\n\n\n\n<h2 class=\"wp-block-heading\" id=\"h-ce-l-a-suparat-pe-drago\u0219-frasineanu\">Ce l-a sup\u0103rat pe Drago\u0219 Fr\u0103sineanu<\/h2>\n\n\n\n<p>\u00cen urm\u0103 cu aproape trei s\u0103pt\u0103m\u00e2ni, Buletin de Bucure\u0219ti a dezv\u0103luit c\u0103 pe fa\u021bada sediului DCMB, aflat\u0103 \u00eentr-o zon\u0103 de protec\u021bie istoric\u0103, sunt montate aparate de aer condi\u021bionat f\u0103r\u0103 autoriza\u021bie de construire.<\/p>\n\n\n\n<p>Articolul l-a iritat peste m\u0103sur\u0103 pe Fr\u0103sineanu iar aceasta i-a transmis reporterului BdB, \u00eentr-o discu\u021bie \u00een biroul s\u0103u de la DCMB, c\u0103 este prea t\u00e2n\u0103r s\u0103 se bage \u201e\u00een astfel de lucruri\u201d.<\/p>\n\n\n\n<p><strong>CITE\u015eTE \u015eI:<\/strong>&nbsp;<a href=\"https:\/\/buletin.de\/bucuresti\/seful-directiei-pentru-cultura-din-capitala-dragos-frasineanu-catre-reporterul-buletin-de-bucuresti-maine-sunt-la-voi-la-usa-cu-politie-si-procuratura-nu-e-cazul-sa-ti-distrugi-viata\/\" target=\"_blank\" rel=\"noreferrer noopener\"><strong>\u0218eful Direc\u021biei pentru Cultur\u0103 din Capital\u0103, Drago\u0219 Fr\u0103sineanu, c\u0103tre reporterul Buletin de Bucure\u0219ti: \u201eM\u00e2ine sunt la voi la u\u0219\u0103, cu poli\u021bie \u0219i procuratur\u0103. Nu e cazul s\u0103-\u021bi distrugi via\u021ba<\/strong><\/a><\/p>\n\n\n\n<p>Drago\u0219 Fr\u0103sineanu a sus\u021binut c\u0103 articolul \u201eIronie amar\u0103: institu\u0163ia responsabil\u0103 cu protejarea patrimoniului are aparate de aer condi\u021bionat ilegale pe cl\u0103direa monument istoric \u00een care func\u0163ioneaz\u0103\u201d ar fi \u201eo lucr\u0103tur\u0103 at\u00e2t de prost f\u0103cut\u0103\u201d \u0219i \u201eo comand\u0103\u201d \u00eempotriva lui.<\/p>\n\n\n\n<blockquote class=\"wp-block-quote is-layout-flow wp-block-quote-is-layout-flow\">\n<p>\u201eTu e\u0219ti o verig\u0103 printre ultimii. Chiar sacrificat\u0103, din p\u0103cate. \u0218i \u00eemi pare r\u0103u.&nbsp;<strong>Mare grij\u0103, te rog, nu e cazul s\u0103-\u021bi distrugi via\u021ba.<\/strong>\u201d<em>Drago\u0219 Fr\u0103sineanu, c\u0103tre jurnalistul Buletin de Bucure\u0219ti<\/em><\/p>\n<\/blockquote>\n\n\n\n<p><br>O alt\u0103 angajat\u0103 a institu\u021biei publice, participant\u0103 la discu\u021bie, a insistat pe faptul c\u0103 DCMB \u00eel va da \u00een judecat\u0103 pe jurnalist<strong>&nbsp;\u201epe persoan\u0103 fizic\u0103, \u00een\u021belegi?\u201d<\/strong>.<\/p>\n\n\n\n<p><strong>CITE\u015eTE \u015eI:<\/strong>&nbsp;<a href=\"https:\/\/buletin.de\/bucuresti\/frasineanu-de-la-directia-pentru-cultura-absolvent-de-geografie-cariera-de-functionar-presarata-de-controverse-sotia-consilier-de-stat-la-cancelaria-lui-marcel-ciolacu\/\"><strong>Fr\u0103sineanu de la Direc\u021bia pentru Cultur\u0103, absolvent de Geografie, carier\u0103 de func\u021bionar pres\u0103rat\u0103 de controverse. So\u021bia, consilier de stat la Cancelaria lui Marcel Ciolacu<\/strong><\/a><\/p>\n\n\n\n<p>Pe parcursul dialogului, Drago\u0219 Fr\u0103sineanu a precizat c\u0103 va trimite poli\u021bia la sediul Asocia\u021biei Funky Citizens, publisherul publica\u021biei \u201eBuletin de Bucure\u0219ti\u201d, \u201es\u0103 vedem cum sunte\u021bi voi versus noi\u201d, \u0219i a sus\u021binut c\u0103 va reclama organiza\u021bia la institu\u021biile de la care a ob\u021binut granturi de finan\u021bare.<\/p>\n\n\n\n<p><strong>\u201e\u0218tii c\u00e2t de u\u0219or este s\u0103 faci r\u0103u \u00een lumea asta?\u201d<\/strong>, a afirmat directorul Direc\u021biei de Cultur\u0103 a Municipiului Bucure\u0219ti.<\/p>\n\n\n\n<p><strong>CITE\u0218TE \u0218I:&nbsp;<a href=\"https:\/\/buletin.de\/bucuresti\/directorul-directiei-pentru-cultura-bucuresti-a-mai-amenintat-jurnalisti-cazul-pro-tv-reactiile-opiniei-publice\/\">Directorul Direc\u021biei pentru Cultur\u0103 Bucure\u0219ti a mai amenin\u021bat jurnali\u0219ti. Cazul Pro TV. Reac\u021biile opiniei public<\/a><\/strong>e<strong><br><\/strong><\/p>\n\n\n\n<p><\/p>\n","protected":false},"excerpt":{"rendered":"<p>Mai multe documente de la Direc\u021bia pentru Cultur\u0103 a Municipiului Bucure\u0219ti (DCMB) sunt ridicate miercuri, \u00een dosarul privind furtul din Olanda al tezaurului dacic, anun\u021b\u0103 surse din Parchetul General pentru G4Media.Buletin de Bucure\u0219ti\u00a0a scris mar\u021bi c\u0103 certificatul de export pentru Coiful de aur de la Co\u021bofene\u0219ti, cu ajutorul c\u0103ruia piesele de tezaur au putut p\u0103r\u0103si [&hellip;]<\/p>\n","protected":false},"author":60,"featured_media":116164,"comment_status":"closed","ping_status":"open","sticky":false,"template":"","format":"standard","meta":{"_acf_changed":false,"inline_featured_image":false,"ngg_post_thumbnail":0,"footnotes":""},"categories":[6994,9026,5762],"tags":[18719,1689,18720,18686,18248,18372,12127,18718],"ppma_author":[22582],"class_list":["post-116162","post","type-post","status-publish","format-standard","has-post-thumbnail","hentry","category-stiri-2","category-eveniment","category-main","tag-coiful","tag-cultura","tag-dacic","tag-directia-pentru-cultura","tag-directia-pentru-cultura-a-municipiului-bucuresti","tag-dragos-frasineanu","tag-natalia-intotero","tag-tezaur"],"acf":[],"yoast_head":"<!-- This site is optimized with the Yoast SEO Premium plugin v25.3 (Yoast SEO v27.5) - https:\/\/yoast.com\/product\/yoast-seo-premium-wordpress\/ -->\n<title>Parchetul General ridic\u0103 documente de la Direc\u021bia pentru Cultur\u0103 Bucure\u0219ti, \u00een dosarul furtului din Olanda - Buletin de Bucure\u0219ti<\/title>\n<meta name=\"description\" content=\"Mai multe documente de la Direc\u021bia pentru Cultur\u0103 a Municipiului Bucure\u0219ti (DCMB) sunt ridicate mar\u021bi, \u00een dosarul privind furtul din Olanda.\" \/>\n<meta name=\"robots\" content=\"index, follow, max-snippet:-1, max-image-preview:large, max-video-preview:-1\" \/>\n<link rel=\"canonical\" href=\"https:\/\/buletin.de\/bucuresti\/parchetul-general-a-ridicat-documente-de-la-directia-pentru-cultura-bucuresti-in-dosarul-furtului-din-olanda\/\" \/>\n<meta property=\"og:locale\" content=\"en_GB\" \/>\n<meta property=\"og:type\" content=\"article\" \/>\n<meta property=\"og:title\" content=\"Parchetul General ridic\u0103 documente de la Direc\u021bia pentru Cultur\u0103 Bucure\u0219ti, \u00een dosarul furtului din Olanda\" \/>\n<meta property=\"og:description\" content=\"Mai multe documente de la Direc\u021bia pentru Cultur\u0103 a Municipiului Bucure\u0219ti (DCMB) sunt ridicate mar\u021bi, \u00een dosarul privind furtul din Olanda.\" \/>\n<meta property=\"og:url\" content=\"https:\/\/buletin.de\/bucuresti\/parchetul-general-a-ridicat-documente-de-la-directia-pentru-cultura-bucuresti-in-dosarul-furtului-din-olanda\/\" \/>\n<meta property=\"og:site_name\" content=\"Buletin de Bucure\u0219ti\" \/>\n<meta property=\"article:publisher\" content=\"https:\/\/www.facebook.com\/buletin.de.buc\" \/>\n<meta property=\"article:published_time\" content=\"2025-01-29T07:39:25+00:00\" \/>\n<meta property=\"article:modified_time\" content=\"2025-01-29T09:53:43+00:00\" \/>\n<meta property=\"og:image\" content=\"https:\/\/buletin.de\/bucuresti\/wp-content\/uploads\/directiadecultura.jpg\" \/>\n\t<meta property=\"og:image:width\" content=\"900\" \/>\n\t<meta property=\"og:image:height\" content=\"675\" \/>\n\t<meta property=\"og:image:type\" content=\"image\/jpeg\" \/>\n<meta name=\"author\" content=\"R\u0103zvan Chiru\u021b\u0103\" \/>\n<meta name=\"twitter:card\" content=\"summary_large_image\" \/>\n<meta name=\"twitter:label1\" content=\"Written by\" \/>\n\t<meta name=\"twitter:data1\" content=\"R\u0103zvan Chiru\u021b\u0103\" \/>\n\t<meta name=\"twitter:label2\" content=\"Estimated reading time\" \/>\n\t<meta name=\"twitter:data2\" content=\"3 minutes\" \/>\n<script type=\"application\/ld+json\" class=\"yoast-schema-graph\">{\"@context\":\"https:\\\/\\\/schema.org\",\"@graph\":[{\"@type\":\"Article\",\"@id\":\"https:\\\/\\\/buletin.de\\\/bucuresti\\\/parchetul-general-a-ridicat-documente-de-la-directia-pentru-cultura-bucuresti-in-dosarul-furtului-din-olanda\\\/#article\",\"isPartOf\":{\"@id\":\"https:\\\/\\\/buletin.de\\\/bucuresti\\\/parchetul-general-a-ridicat-documente-de-la-directia-pentru-cultura-bucuresti-in-dosarul-furtului-din-olanda\\\/\"},\"author\":{\"name\":\"R\u0103zvan Chiru\u021b\u0103\",\"@id\":\"https:\\\/\\\/buletin.de\\\/bucuresti\\\/#\\\/schema\\\/person\\\/a76df728dfc913795a9d90e346b253bb\"},\"headline\":\"Parchetul General ridic\u0103 documente de la Direc\u021bia pentru Cultur\u0103 Bucure\u0219ti, \u00een dosarul furtului din Olanda\",\"datePublished\":\"2025-01-29T07:39:25+00:00\",\"dateModified\":\"2025-01-29T09:53:43+00:00\",\"mainEntityOfPage\":{\"@id\":\"https:\\\/\\\/buletin.de\\\/bucuresti\\\/parchetul-general-a-ridicat-documente-de-la-directia-pentru-cultura-bucuresti-in-dosarul-furtului-din-olanda\\\/\"},\"wordCount\":703,\"publisher\":{\"@id\":\"https:\\\/\\\/buletin.de\\\/bucuresti\\\/#organization\"},\"image\":{\"@id\":\"https:\\\/\\\/buletin.de\\\/bucuresti\\\/parchetul-general-a-ridicat-documente-de-la-directia-pentru-cultura-bucuresti-in-dosarul-furtului-din-olanda\\\/#primaryimage\"},\"thumbnailUrl\":\"https:\\\/\\\/buletin.de\\\/bucuresti\\\/wp-content\\\/uploads\\\/directiadecultura.jpg\",\"keywords\":[\"coiful\",\"cultura\",\"dacic\",\"directia pentru cultura\",\"directia pentru cultura a municipiului bucuresti\",\"Dragos Fr\u0103sineanu\",\"natalia intotero\",\"tezaur\"],\"articleSection\":[\"Articole\",\"Eveniment\",\"Main\"],\"inLanguage\":\"en-GB\",\"copyrightYear\":\"2025\",\"copyrightHolder\":{\"@id\":\"https:\\\/\\\/buletin.de\\\/bucuresti\\\/#organization\"}},{\"@type\":\"WebPage\",\"@id\":\"https:\\\/\\\/buletin.de\\\/bucuresti\\\/parchetul-general-a-ridicat-documente-de-la-directia-pentru-cultura-bucuresti-in-dosarul-furtului-din-olanda\\\/\",\"url\":\"https:\\\/\\\/buletin.de\\\/bucuresti\\\/parchetul-general-a-ridicat-documente-de-la-directia-pentru-cultura-bucuresti-in-dosarul-furtului-din-olanda\\\/\",\"name\":\"Parchetul General ridic\u0103 documente de la Direc\u021bia pentru Cultur\u0103 Bucure\u0219ti, \u00een dosarul furtului din Olanda - Buletin de Bucure\u0219ti\",\"isPartOf\":{\"@id\":\"https:\\\/\\\/buletin.de\\\/bucuresti\\\/#website\"},\"primaryImageOfPage\":{\"@id\":\"https:\\\/\\\/buletin.de\\\/bucuresti\\\/parchetul-general-a-ridicat-documente-de-la-directia-pentru-cultura-bucuresti-in-dosarul-furtului-din-olanda\\\/#primaryimage\"},\"image\":{\"@id\":\"https:\\\/\\\/buletin.de\\\/bucuresti\\\/parchetul-general-a-ridicat-documente-de-la-directia-pentru-cultura-bucuresti-in-dosarul-furtului-din-olanda\\\/#primaryimage\"},\"thumbnailUrl\":\"https:\\\/\\\/buletin.de\\\/bucuresti\\\/wp-content\\\/uploads\\\/directiadecultura.jpg\",\"datePublished\":\"2025-01-29T07:39:25+00:00\",\"dateModified\":\"2025-01-29T09:53:43+00:00\",\"description\":\"Mai multe documente de la Direc\u021bia pentru Cultur\u0103 a Municipiului Bucure\u0219ti (DCMB) sunt ridicate mar\u021bi, \u00een dosarul privind furtul din Olanda.\",\"breadcrumb\":{\"@id\":\"https:\\\/\\\/buletin.de\\\/bucuresti\\\/parchetul-general-a-ridicat-documente-de-la-directia-pentru-cultura-bucuresti-in-dosarul-furtului-din-olanda\\\/#breadcrumb\"},\"inLanguage\":\"en-GB\",\"potentialAction\":[{\"@type\":\"ReadAction\",\"target\":[\"https:\\\/\\\/buletin.de\\\/bucuresti\\\/parchetul-general-a-ridicat-documente-de-la-directia-pentru-cultura-bucuresti-in-dosarul-furtului-din-olanda\\\/\"]}]},{\"@type\":\"ImageObject\",\"inLanguage\":\"en-GB\",\"@id\":\"https:\\\/\\\/buletin.de\\\/bucuresti\\\/parchetul-general-a-ridicat-documente-de-la-directia-pentru-cultura-bucuresti-in-dosarul-furtului-din-olanda\\\/#primaryimage\",\"url\":\"https:\\\/\\\/buletin.de\\\/bucuresti\\\/wp-content\\\/uploads\\\/directiadecultura.jpg\",\"contentUrl\":\"https:\\\/\\\/buletin.de\\\/bucuresti\\\/wp-content\\\/uploads\\\/directiadecultura.jpg\",\"width\":900,\"height\":675,\"caption\":\"Parchetul General a ridicat documente de la Direc\u021bia pentru Cultur\u0103 Bucure\u0219ti\"},{\"@type\":\"BreadcrumbList\",\"@id\":\"https:\\\/\\\/buletin.de\\\/bucuresti\\\/parchetul-general-a-ridicat-documente-de-la-directia-pentru-cultura-bucuresti-in-dosarul-furtului-din-olanda\\\/#breadcrumb\",\"itemListElement\":[{\"@type\":\"ListItem\",\"position\":1,\"name\":\"Acas\u0103\",\"item\":\"https:\\\/\\\/buletin.de\\\/bucuresti\\\/\"},{\"@type\":\"ListItem\",\"position\":2,\"name\":\"Parchetul General ridic\u0103 documente de la Direc\u021bia pentru Cultur\u0103 Bucure\u0219ti, \u00een dosarul furtului din Olanda\"}]},{\"@type\":\"WebSite\",\"@id\":\"https:\\\/\\\/buletin.de\\\/bucuresti\\\/#website\",\"url\":\"https:\\\/\\\/buletin.de\\\/bucuresti\\\/\",\"name\":\"Buletin de Bucure\u0219ti\",\"description\":\"\u0218tiri \u0219i investiga\u021bii esen\u021biale din capital\u0103\",\"publisher\":{\"@id\":\"https:\\\/\\\/buletin.de\\\/bucuresti\\\/#organization\"},\"potentialAction\":[{\"@type\":\"SearchAction\",\"target\":{\"@type\":\"EntryPoint\",\"urlTemplate\":\"https:\\\/\\\/buletin.de\\\/bucuresti\\\/?s={search_term_string}\"},\"query-input\":{\"@type\":\"PropertyValueSpecification\",\"valueRequired\":true,\"valueName\":\"search_term_string\"}}],\"inLanguage\":\"en-GB\"},{\"@type\":\"Organization\",\"@id\":\"https:\\\/\\\/buletin.de\\\/bucuresti\\\/#organization\",\"name\":\"Buletin de Bucure\u0219ti\",\"url\":\"https:\\\/\\\/buletin.de\\\/bucuresti\\\/\",\"logo\":{\"@type\":\"ImageObject\",\"inLanguage\":\"en-GB\",\"@id\":\"https:\\\/\\\/buletin.de\\\/bucuresti\\\/#\\\/schema\\\/logo\\\/image\\\/\",\"url\":\"https:\\\/\\\/buletin.de\\\/bucuresti\\\/wp-content\\\/uploads\\\/logo-bdb-full-wide-vernil-transparent.png\",\"contentUrl\":\"https:\\\/\\\/buletin.de\\\/bucuresti\\\/wp-content\\\/uploads\\\/logo-bdb-full-wide-vernil-transparent.png\",\"width\":1782,\"height\":626,\"caption\":\"Buletin de Bucure\u0219ti\"},\"image\":{\"@id\":\"https:\\\/\\\/buletin.de\\\/bucuresti\\\/#\\\/schema\\\/logo\\\/image\\\/\"},\"sameAs\":[\"https:\\\/\\\/www.facebook.com\\\/buletin.de.buc\",\"https:\\\/\\\/www.instagram.com\\\/buletinde.bucuresti\\\/\"]},{\"@type\":\"Person\",\"@id\":\"https:\\\/\\\/buletin.de\\\/bucuresti\\\/#\\\/schema\\\/person\\\/a76df728dfc913795a9d90e346b253bb\",\"name\":\"R\u0103zvan Chiru\u021b\u0103\",\"image\":{\"@type\":\"ImageObject\",\"inLanguage\":\"en-GB\",\"@id\":\"https:\\\/\\\/buletin.de\\\/bucuresti\\\/wp-content\\\/uploads\\\/Razvan-Chiruta-96x96.jpge7143b996fd4241fbd6ee1f6b6b7b267\",\"url\":\"https:\\\/\\\/buletin.de\\\/bucuresti\\\/wp-content\\\/uploads\\\/Razvan-Chiruta-96x96.jpg\",\"contentUrl\":\"https:\\\/\\\/buletin.de\\\/bucuresti\\\/wp-content\\\/uploads\\\/Razvan-Chiruta-96x96.jpg\",\"caption\":\"R\u0103zvan Chiru\u021b\u0103\"},\"description\":\"R\u0103zvan Chiru\u021b\u0103 este redactor-\u0219ef adjunct din iulie 2024. A fost redactor-\u0219ef al PRESShub \u00eentre 2022 \u0219i iunie 2024. Anterior, a fost redactor-\u0219ef al Newsweek Rom\u00e2nia, din 2018 p\u00e2n\u0103 \u00een 2021, \u0219i al cotidianului Rom\u00e2nia liber\u0103, \u00eentre 2015 \u0219i 2017. Este absolvent de Jurnalism, \u00een cadrul Universit\u0103\u021bii \u201eAl.I.Cuza\u201d din Ia\u0219i, \u0219i a urmat un master \u00een Managementul institu\u021biilor mass-media (f\u0103r\u0103 diserta\u021bie) la Facultatea de Jurnalism \u0219i \u0218tiin\u021bele Comunic\u0103rii din cadrul Universit\u0103\u021bii din Bucure\u0219ti. \u0218i-a \u00eenceput cariera la Opinia studen\u021beasc\u0103, cunoscuta \u0219coal\u0103 de pres\u0103 din Ia\u0219i. A lucrat \u00een presa local\u0103, apoi a devenit corespondent pentru Ia\u0219i al cotidianului Evenimentul Zilei. Din 2004, a coordonat pentru \u0219ase luni sec\u021bia de coresponden\u021bi a Evenimentului Zilei. A mai lucrat la s\u0103pt\u0103m\u00e2nalul Prezent \u0219i a colaborat cu revistele Dilema Veche \u0219i Suplimentul de Cultur\u0103. Este co-autor \u00een volumele \u201eMass-media \u0219i democra\u021bia \u00een Rom\u00e2nia post-comunist\u0103\u201d (ed. a II-a), Ed. Institutul European, Ia\u0219i, 2013, \u0219i \u201eCOVID - 19. Dimensiuni ale gestionarii pandemiei\u201d, Editura Junimea, Ia\u0219i, 2020.\",\"url\":\"https:\\\/\\\/buletin.de\\\/bucuresti\\\/author\\\/razvan-chiruta\\\/\"}]}<\/script>\n<!-- \/ Yoast SEO Premium plugin. -->","yoast_head_json":{"title":"Parchetul General ridic\u0103 documente de la Direc\u021bia pentru Cultur\u0103 Bucure\u0219ti, \u00een dosarul furtului din Olanda - Buletin de Bucure\u0219ti","description":"Mai multe documente de la Direc\u021bia pentru Cultur\u0103 a Municipiului Bucure\u0219ti (DCMB) sunt ridicate mar\u021bi, \u00een dosarul privind furtul din Olanda.","robots":{"index":"index","follow":"follow","max-snippet":"max-snippet:-1","max-image-preview":"max-image-preview:large","max-video-preview":"max-video-preview:-1"},"canonical":"https:\/\/buletin.de\/bucuresti\/parchetul-general-a-ridicat-documente-de-la-directia-pentru-cultura-bucuresti-in-dosarul-furtului-din-olanda\/","og_locale":"en_GB","og_type":"article","og_title":"Parchetul General ridic\u0103 documente de la Direc\u021bia pentru Cultur\u0103 Bucure\u0219ti, \u00een dosarul furtului din Olanda","og_description":"Mai multe documente de la Direc\u021bia pentru Cultur\u0103 a Municipiului Bucure\u0219ti (DCMB) sunt ridicate mar\u021bi, \u00een dosarul privind furtul din Olanda.","og_url":"https:\/\/buletin.de\/bucuresti\/parchetul-general-a-ridicat-documente-de-la-directia-pentru-cultura-bucuresti-in-dosarul-furtului-din-olanda\/","og_site_name":"Buletin de Bucure\u0219ti","article_publisher":"https:\/\/www.facebook.com\/buletin.de.buc","article_published_time":"2025-01-29T07:39:25+00:00","article_modified_time":"2025-01-29T09:53:43+00:00","og_image":[{"width":900,"height":675,"url":"https:\/\/buletin.de\/bucuresti\/wp-content\/uploads\/directiadecultura.jpg","type":"image\/jpeg"}],"author":"R\u0103zvan Chiru\u021b\u0103","twitter_card":"summary_large_image","twitter_misc":{"Written by":"R\u0103zvan Chiru\u021b\u0103","Estimated reading time":"3 minutes"},"schema":{"@context":"https:\/\/schema.org","@graph":[{"@type":"Article","@id":"https:\/\/buletin.de\/bucuresti\/parchetul-general-a-ridicat-documente-de-la-directia-pentru-cultura-bucuresti-in-dosarul-furtului-din-olanda\/#article","isPartOf":{"@id":"https:\/\/buletin.de\/bucuresti\/parchetul-general-a-ridicat-documente-de-la-directia-pentru-cultura-bucuresti-in-dosarul-furtului-din-olanda\/"},"author":{"name":"R\u0103zvan Chiru\u021b\u0103","@id":"https:\/\/buletin.de\/bucuresti\/#\/schema\/person\/a76df728dfc913795a9d90e346b253bb"},"headline":"Parchetul General ridic\u0103 documente de la Direc\u021bia pentru Cultur\u0103 Bucure\u0219ti, \u00een dosarul furtului din Olanda","datePublished":"2025-01-29T07:39:25+00:00","dateModified":"2025-01-29T09:53:43+00:00","mainEntityOfPage":{"@id":"https:\/\/buletin.de\/bucuresti\/parchetul-general-a-ridicat-documente-de-la-directia-pentru-cultura-bucuresti-in-dosarul-furtului-din-olanda\/"},"wordCount":703,"publisher":{"@id":"https:\/\/buletin.de\/bucuresti\/#organization"},"image":{"@id":"https:\/\/buletin.de\/bucuresti\/parchetul-general-a-ridicat-documente-de-la-directia-pentru-cultura-bucuresti-in-dosarul-furtului-din-olanda\/#primaryimage"},"thumbnailUrl":"https:\/\/buletin.de\/bucuresti\/wp-content\/uploads\/directiadecultura.jpg","keywords":["coiful","cultura","dacic","directia pentru cultura","directia pentru cultura a municipiului bucuresti","Dragos Fr\u0103sineanu","natalia intotero","tezaur"],"articleSection":["Articole","Eveniment","Main"],"inLanguage":"en-GB","copyrightYear":"2025","copyrightHolder":{"@id":"https:\/\/buletin.de\/bucuresti\/#organization"}},{"@type":"WebPage","@id":"https:\/\/buletin.de\/bucuresti\/parchetul-general-a-ridicat-documente-de-la-directia-pentru-cultura-bucuresti-in-dosarul-furtului-din-olanda\/","url":"https:\/\/buletin.de\/bucuresti\/parchetul-general-a-ridicat-documente-de-la-directia-pentru-cultura-bucuresti-in-dosarul-furtului-din-olanda\/","name":"Parchetul General ridic\u0103 documente de la Direc\u021bia pentru Cultur\u0103 Bucure\u0219ti, \u00een dosarul furtului din Olanda - Buletin de Bucure\u0219ti","isPartOf":{"@id":"https:\/\/buletin.de\/bucuresti\/#website"},"primaryImageOfPage":{"@id":"https:\/\/buletin.de\/bucuresti\/parchetul-general-a-ridicat-documente-de-la-directia-pentru-cultura-bucuresti-in-dosarul-furtului-din-olanda\/#primaryimage"},"image":{"@id":"https:\/\/buletin.de\/bucuresti\/parchetul-general-a-ridicat-documente-de-la-directia-pentru-cultura-bucuresti-in-dosarul-furtului-din-olanda\/#primaryimage"},"thumbnailUrl":"https:\/\/buletin.de\/bucuresti\/wp-content\/uploads\/directiadecultura.jpg","datePublished":"2025-01-29T07:39:25+00:00","dateModified":"2025-01-29T09:53:43+00:00","description":"Mai multe documente de la Direc\u021bia pentru Cultur\u0103 a Municipiului Bucure\u0219ti (DCMB) sunt ridicate mar\u021bi, \u00een dosarul privind furtul din Olanda.","breadcrumb":{"@id":"https:\/\/buletin.de\/bucuresti\/parchetul-general-a-ridicat-documente-de-la-directia-pentru-cultura-bucuresti-in-dosarul-furtului-din-olanda\/#breadcrumb"},"inLanguage":"en-GB","potentialAction":[{"@type":"ReadAction","target":["https:\/\/buletin.de\/bucuresti\/parchetul-general-a-ridicat-documente-de-la-directia-pentru-cultura-bucuresti-in-dosarul-furtului-din-olanda\/"]}]},{"@type":"ImageObject","inLanguage":"en-GB","@id":"https:\/\/buletin.de\/bucuresti\/parchetul-general-a-ridicat-documente-de-la-directia-pentru-cultura-bucuresti-in-dosarul-furtului-din-olanda\/#primaryimage","url":"https:\/\/buletin.de\/bucuresti\/wp-content\/uploads\/directiadecultura.jpg","contentUrl":"https:\/\/buletin.de\/bucuresti\/wp-content\/uploads\/directiadecultura.jpg","width":900,"height":675,"caption":"Parchetul General a ridicat documente de la Direc\u021bia pentru Cultur\u0103 Bucure\u0219ti"},{"@type":"BreadcrumbList","@id":"https:\/\/buletin.de\/bucuresti\/parchetul-general-a-ridicat-documente-de-la-directia-pentru-cultura-bucuresti-in-dosarul-furtului-din-olanda\/#breadcrumb","itemListElement":[{"@type":"ListItem","position":1,"name":"Acas\u0103","item":"https:\/\/buletin.de\/bucuresti\/"},{"@type":"ListItem","position":2,"name":"Parchetul General ridic\u0103 documente de la Direc\u021bia pentru Cultur\u0103 Bucure\u0219ti, \u00een dosarul furtului din Olanda"}]},{"@type":"WebSite","@id":"https:\/\/buletin.de\/bucuresti\/#website","url":"https:\/\/buletin.de\/bucuresti\/","name":"Buletin de Bucure\u0219ti","description":"\u0218tiri \u0219i investiga\u021bii esen\u021biale din capital\u0103","publisher":{"@id":"https:\/\/buletin.de\/bucuresti\/#organization"},"potentialAction":[{"@type":"SearchAction","target":{"@type":"EntryPoint","urlTemplate":"https:\/\/buletin.de\/bucuresti\/?s={search_term_string}"},"query-input":{"@type":"PropertyValueSpecification","valueRequired":true,"valueName":"search_term_string"}}],"inLanguage":"en-GB"},{"@type":"Organization","@id":"https:\/\/buletin.de\/bucuresti\/#organization","name":"Buletin de Bucure\u0219ti","url":"https:\/\/buletin.de\/bucuresti\/","logo":{"@type":"ImageObject","inLanguage":"en-GB","@id":"https:\/\/buletin.de\/bucuresti\/#\/schema\/logo\/image\/","url":"https:\/\/buletin.de\/bucuresti\/wp-content\/uploads\/logo-bdb-full-wide-vernil-transparent.png","contentUrl":"https:\/\/buletin.de\/bucuresti\/wp-content\/uploads\/logo-bdb-full-wide-vernil-transparent.png","width":1782,"height":626,"caption":"Buletin de Bucure\u0219ti"},"image":{"@id":"https:\/\/buletin.de\/bucuresti\/#\/schema\/logo\/image\/"},"sameAs":["https:\/\/www.facebook.com\/buletin.de.buc","https:\/\/www.instagram.com\/buletinde.bucuresti\/"]},{"@type":"Person","@id":"https:\/\/buletin.de\/bucuresti\/#\/schema\/person\/a76df728dfc913795a9d90e346b253bb","name":"R\u0103zvan Chiru\u021b\u0103","image":{"@type":"ImageObject","inLanguage":"en-GB","@id":"https:\/\/buletin.de\/bucuresti\/wp-content\/uploads\/Razvan-Chiruta-96x96.jpge7143b996fd4241fbd6ee1f6b6b7b267","url":"https:\/\/buletin.de\/bucuresti\/wp-content\/uploads\/Razvan-Chiruta-96x96.jpg","contentUrl":"https:\/\/buletin.de\/bucuresti\/wp-content\/uploads\/Razvan-Chiruta-96x96.jpg","caption":"R\u0103zvan Chiru\u021b\u0103"},"description":"R\u0103zvan Chiru\u021b\u0103 este redactor-\u0219ef adjunct din iulie 2024. A fost redactor-\u0219ef al PRESShub \u00eentre 2022 \u0219i iunie 2024. Anterior, a fost redactor-\u0219ef al Newsweek Rom\u00e2nia, din 2018 p\u00e2n\u0103 \u00een 2021, \u0219i al cotidianului Rom\u00e2nia liber\u0103, \u00eentre 2015 \u0219i 2017. Este absolvent de Jurnalism, \u00een cadrul Universit\u0103\u021bii \u201eAl.I.Cuza\u201d din Ia\u0219i, \u0219i a urmat un master \u00een Managementul institu\u021biilor mass-media (f\u0103r\u0103 diserta\u021bie) la Facultatea de Jurnalism \u0219i \u0218tiin\u021bele Comunic\u0103rii din cadrul Universit\u0103\u021bii din Bucure\u0219ti. \u0218i-a \u00eenceput cariera la Opinia studen\u021beasc\u0103, cunoscuta \u0219coal\u0103 de pres\u0103 din Ia\u0219i. A lucrat \u00een presa local\u0103, apoi a devenit corespondent pentru Ia\u0219i al cotidianului Evenimentul Zilei. Din 2004, a coordonat pentru \u0219ase luni sec\u021bia de coresponden\u021bi a Evenimentului Zilei. A mai lucrat la s\u0103pt\u0103m\u00e2nalul Prezent \u0219i a colaborat cu revistele Dilema Veche \u0219i Suplimentul de Cultur\u0103. Este co-autor \u00een volumele \u201eMass-media \u0219i democra\u021bia \u00een Rom\u00e2nia post-comunist\u0103\u201d (ed. a II-a), Ed. Institutul European, Ia\u0219i, 2013, \u0219i \u201eCOVID - 19. Dimensiuni ale gestionarii pandemiei\u201d, Editura Junimea, Ia\u0219i, 2020.","url":"https:\/\/buletin.de\/bucuresti\/author\/razvan-chiruta\/"}]}},"authors":[{"term_id":22582,"user_id":60,"is_guest":0,"slug":"razvan-chiruta","display_name":"R\u0103zvan Chiru\u021b\u0103","avatar_url":"https:\/\/buletin.de\/bucuresti\/wp-content\/uploads\/Razvan-Chiruta-96x96.jpg","0":null,"1":"","2":"","3":"","4":"","5":"","6":"","7":"","8":""}],"_links":{"self":[{"href":"https:\/\/buletin.de\/bucuresti\/wp-json\/wp\/v2\/posts\/116162","targetHints":{"allow":["GET"]}}],"collection":[{"href":"https:\/\/buletin.de\/bucuresti\/wp-json\/wp\/v2\/posts"}],"about":[{"href":"https:\/\/buletin.de\/bucuresti\/wp-json\/wp\/v2\/types\/post"}],"author":[{"embeddable":true,"href":"https:\/\/buletin.de\/bucuresti\/wp-json\/wp\/v2\/users\/60"}],"replies":[{"embeddable":true,"href":"https:\/\/buletin.de\/bucuresti\/wp-json\/wp\/v2\/comments?post=116162"}],"version-history":[{"count":4,"href":"https:\/\/buletin.de\/bucuresti\/wp-json\/wp\/v2\/posts\/116162\/revisions"}],"predecessor-version":[{"id":116209,"href":"https:\/\/buletin.de\/bucuresti\/wp-json\/wp\/v2\/posts\/116162\/revisions\/116209"}],"wp:featuredmedia":[{"embeddable":true,"href":"https:\/\/buletin.de\/bucuresti\/wp-json\/wp\/v2\/media\/116164"}],"wp:attachment":[{"href":"https:\/\/buletin.de\/bucuresti\/wp-json\/wp\/v2\/media?parent=116162"}],"wp:term":[{"taxonomy":"category","embeddable":true,"href":"https:\/\/buletin.de\/bucuresti\/wp-json\/wp\/v2\/categories?post=116162"},{"taxonomy":"post_tag","embeddable":true,"href":"https:\/\/buletin.de\/bucuresti\/wp-json\/wp\/v2\/tags?post=116162"},{"taxonomy":"author","embeddable":true,"href":"https:\/\/buletin.de\/bucuresti\/wp-json\/wp\/v2\/ppma_author?post=116162"}],"curies":[{"name":"wp","href":"https:\/\/api.w.org\/{rel}","templated":true}]}}