{"id":116034,"date":"2025-01-28T15:43:42","date_gmt":"2025-01-28T12:43:42","guid":{"rendered":"https:\/\/buletin.de\/bucuresti\/?p=116034"},"modified":"2025-01-28T17:13:33","modified_gmt":"2025-01-28T14:13:33","slug":"nicusor-dan-vrea-schimbarea-codului-fiscal-pentru-operationalizarea-referendumului-ce-spune-despre-eventuale-scumpiri-la-stb","status":"publish","type":"post","link":"https:\/\/buletin.de\/bucuresti\/nicusor-dan-vrea-schimbarea-codului-fiscal-pentru-operationalizarea-referendumului-ce-spune-despre-eventuale-scumpiri-la-stb\/","title":{"rendered":"Nicu\u015for Dan vrea schimbarea Codului Fiscal pentru opera\u0163ionalizarea referendumului. Ce spune despre eventuale scumpiri la STB"},"content":{"rendered":"\n<p><strong>Primarul general al Capitalei, Nicu\u0219or Dan, a anun\u021bat mar\u021bi, \u00eentr-o conferin\u021b\u0103 de pres\u0103, c\u0103 va cere Guvernului \u015fi liderilor partidelor politice schimbarea Codului Fiscal, modul de \u00eemp\u0103r\u0163ire a banilor \u00eentre PMB \u015fi prim\u0103riile de sector, \u00een acord cu rezultatul referendumului. Edilul a prezentat o serie de propuneri pentru modificarea legii, pe care le va trimite deciden\u021bilor politici.<\/strong><\/p>\n\n\n\n<p><strong>El a spus c\u0103 a\u0219teapt\u0103 acum ca liderii coali\u021biei de guvernare s\u0103 treac\u0103 proiectul odat\u0103 cu aprobarea bugetului pe 2025, adic\u0103 \u00een luna februarie.<\/strong><\/p>\n\n\n\n<p>De asemenea, nu a oferit un r\u0103spuns concret legat de majorarea pre\u021bului biletelor la STB.<\/p>\n\n\n\n<p>La referendumul din 24 noiembrie, 64,37% dintre bucure\u0219tenii care au votat au fost de acord ca repartizarea \u00eentre Prim\u0103ria Capitalei \u0219i prim\u0103riile de sector a impozitelor pe venit \u0219i a taxelor \u0219i impozitelor locale colectate de la bucure\u0219teni s\u0103 fie aprobat\u0103 de c\u0103tre Consiliul General al Municipiului Bucure\u0219ti.<\/p>\n\n\n\n<p><strong>CITE\u0218TE \u0218I: <\/strong><a href=\"https:\/\/buletin.de\/bucuresti\/rezultatele-referendumului-din-capitala-bucurestenii-au-votat-pentru-centralizare-si-preventie-in-scoli\/\"><strong>Rezultatele referendumului din Capital\u0103: Bucure\u0219tenii au votat pentru centralizare \u0219i preven\u021bie \u00een \u0219coli<\/strong><\/a><\/p>\n\n\n\n<h2 class=\"wp-block-heading\" id=\"h-nicusor-dan-vrea-schimbarea-codului-fiscal-pentru-operationalizarea-referendumului\"><strong>Nicu\u015for Dan vrea schimbarea Codului Fiscal pentru opera\u0163ionalizarea referendumului<\/strong><\/h2>\n\n\n\n<p><strong>Propunerile prezentate de edil au fost formulate de c\u0103tre exper\u0163i din Prim\u0103ria General\u0103 \u0219i prev\u0103d ca sumele colectate din impozite \u0219i taxe locale, taxe judiciare de timbru, amenzi \u0219i impozitul pe venit s\u0103 fie distribuite c\u0103tre prim\u0103riile de sector, prin hot\u0103r\u00e2rea Consiliului General al Municipiului Bucure\u0219ti, pe baza unor criterii precum:<\/strong><\/p>\n\n\n\n<ul class=\"wp-block-list\">\n<li>suprafa\u021ba subdiviziunii unit\u0103\u021bii administrativ-teritoriale;<\/li>\n\n\n\n<li>popula\u021bia;<\/li>\n\n\n\n<li>proiecte de investi\u021bii cu implica\u021bii majore pentru municipiul Bucure\u0219ti;<\/li>\n\n\n\n<li>proiecte de investi\u021bii ale sectorului;<\/li>\n\n\n\n<li>asigurarea cofinan\u021b\u0103rii proiectelor;&nbsp;<\/li>\n\n\n\n<li>gradul de colectare realizat, \u00een anul anterior, de c\u0103tre fiecare subdiviziune a municipiului Bucure\u0219ti;<\/li>\n\n\n\n<li>alte criterii stabilite prin&nbsp; hot\u0103r\u00e2re a Consiliului General al Municipiului Bucure\u0219ti.<\/li>\n<\/ul>\n\n\n\n<p>\u201e\u00cen urma votului din 24 noiembrie, consider c\u0103 e obligatoriu ca Parlamentul s\u0103 modifice aceste legi, astfel \u00eenc\u00e2t voin\u0163a oamenilor s\u0103 fie ascultat\u0103.<\/p>\n\n\n\n<p> Asta \u00eenseamn\u0103 c\u0103, \u00een ce prive\u015fte impozitele \u015fi taxele locale, \u00een Codul Fiscal, toate prevederile care spun c\u0103 acestea se fac venituri la bugetul sectoarelor s\u0103 se modifice \u015fi s\u0103 se fac\u0103 venituri la bugetul Municipiului Bucure\u015fti. De asemenea, \u00een Legea finan\u0163elor publice locale s\u0103 se spun\u0103 c\u0103 banii ace\u015ftia vin la Municipiul Bucure\u015fti. Dup\u0103 care, Consiliul General, \u00een baza unor criterii, s\u0103 \u00eempart\u0103 ace\u015fti bani \u00eentre Prim\u0103ria Capitalei \u015fi prim\u0103riile de sector\u201d, a explicat edilul.<\/p>\n\n\n\n<p>Ace\u015fti bani ar urma s\u0103 fie orienta\u0163i c\u0103tre marile investi\u0163ii, extinderea transportului public \u015fi <strong>transferul CET-urilor de la Ministerul Energiei la Prim\u0103ria General\u0103<\/strong>, a mai ad\u0103ugat Nicu\u0219or Dan.<\/p>\n\n\n\n<p>Primarul vrea ca propunerile de modificare s\u0103 fie discutate \u00een dezbaterile coali\u021biei de guvernare odat\u0103 cu discu\u021biile privind bugetul pentru 2025, astfel \u00eenc\u00e2t, \u00een luna februarie, c\u00e2nd Parlamentul va vota bugetul, s\u0103 se decid\u0103 \u0219i asupra acestor modific\u0103ri.<\/p>\n\n\n\n<p>Documentul complet pentru schimbarea Codului Fiscal, prezentat de Nicu\u0219or Dan mar\u021bi, 28 octombrie, poate fi consultat aici:<\/p>\n\n\n\n<div class=\"wp-block-file\"><a id=\"wp-block-file--media-54440b36-484e-4dc9-b697-4562e56dd98e\" href=\"https:\/\/buletin.de\/bucuresti\/wp-content\/uploads\/Propuneri-PMB-modificare-legislatie.docx\" target=\"_blank\" rel=\"noreferrer noopener\">Propuneri PMB modificare legisla\u021bie<\/a><a href=\"https:\/\/buletin.de\/bucuresti\/wp-content\/uploads\/Propuneri-PMB-modificare-legislatie.docx\" class=\"wp-block-file__button wp-element-button\" download aria-describedby=\"wp-block-file--media-54440b36-484e-4dc9-b697-4562e56dd98e\">Descarc\u0103<\/a><\/div>\n\n\n\n<p>Nicu\u0219or Dan a precizat c\u0103, \u00een anul 2023, banii care au fost colecta\u021bi de c\u0103tre stat \u0219i de c\u0103tre sectoare pentru cele \u0219apte prim\u0103rii au totalizat 15 miliarde de lei. Dintre ace\u0219tia, 12 miliarde de lei au reprezentat impozitele pe venit, iar trei miliarde de lei au fost taxele \u0219i impozitele locale.<\/p>\n\n\n\n<p>Nicu\u0219or Dan a spus c\u0103 sper\u0103 ca liderii coali\u021biei s\u0103 sus\u021bin\u0103 modific\u0103rile, dar nu poate avea certitudini \u00een acest sens.<\/p>\n\n\n\n<p>Pentru ca proiectul propus de el s\u0103 treac\u0103, este nevoie de un vot majoritar \u00een Parlament, adic\u0103 233 de voturi. Configura\u021bia actualului Parlament este urm\u0103toarea:<\/p>\n\n\n\n<ul class=\"wp-block-list\">\n<li>PSD: 122 de deputa\u021bi \u0219i senatori;<\/li>\n\n\n\n<li>AUR: 91 de deputa\u021bi \u0219i senatori;<\/li>\n\n\n\n<li>PNL: 71 de deputa\u021bi \u0219i senatori;<\/li>\n\n\n\n<li>USR: 59 de deputa\u021bi \u0219i senatori;<\/li>\n\n\n\n<li>SOS Rom\u00e2nia: 40 de deputa\u021bi \u0219i senatori;<\/li>\n\n\n\n<li>UDMR: 32 deputa\u021bi \u0219i senatori<\/li>\n\n\n\n<li>POT: 31 deputa\u021bi \u0219i senatori;<\/li>\n\n\n\n<li>Minorit\u0103\u021bi: 19 deputa\u021bi<\/li>\n<\/ul>\n\n\n\n<h2 class=\"wp-block-heading\" id=\"h-nicu\u0219or-dan-despre-eventuale-scumpiri-la-stb\"><strong>Nicu\u0219or Dan, despre eventuale scumpiri la STB<\/strong><\/h2>\n\n\n\n<p>\u00centrebat dac\u0103 va lua \u00een calcul o majorare a pre\u021bului biletelor <a href=\"https:\/\/www.stb.ro\/\">STB<\/a>, Nicu\u0219or Dan a spus c\u0103 o astfel de propunere ar trebui c\u00e2nt\u0103rit\u0103 bine.<\/p>\n\n\n\n<p><em>\u201eDup\u0103 ce se va vota bugetul na\u021bional, vom avea 45 de zile conform legii, ca s\u0103 aprob\u0103m bugetul local \u0219i \u00een momentul \u00een care ne vom uita \u00eempreun\u0103 cu consilierii pe toate cifrele, inclusiv banii care vor veni din impozitele bucure\u0219tenilor, o s\u0103 apar\u0103 \u0219i problema subven\u021biilor pe care le pl\u0103tim la transportul public \u0219i la termoficare.<\/em><\/p>\n\n\n\n<p><em><strong>\u00cen acest moment, neav\u00e2nd toate aceste date, nu pot s\u0103 avansez \u0219i nici nu am avut discu\u021bii cu consilierii pe acest subiect<\/strong>\u201d<\/em>, a explicat edilul.<\/p>\n\n\n\n<p>El a spus c\u0103 oficialii Ministerului Transporturilor nu au contactat Prim\u0103ria Capitalei \u00eenainte de a majora tarifele pentru metrou.<\/p>\n\n\n\n<p><strong>CITE\u0218TE \u0218I: <\/strong><a href=\"https:\/\/buletin.de\/bucuresti\/biletul-unic-pentru-transportul-din-capitala-in-moarte-clinica-neintelegerile-dintre-institutii-si-consecintele-pentru-calatori\/\"><strong>Biletul unic pentru transportul din Capital\u0103, \u00een \u201emoarte clinic\u0103\u201d. Ne\u00een\u021belegerile dintre institu\u021bii \u0219i consecin\u021bele pentru c\u0103l\u0103tori<\/strong><\/a><\/p>\n","protected":false},"excerpt":{"rendered":"<p>Primarul general al Capitalei, Nicu\u0219or Dan, a anun\u021bat mar\u021bi, \u00eentr-o conferin\u021b\u0103 de pres\u0103, c\u0103 va cere Guvernului \u015fi liderilor partidelor politice schimbarea Codului Fiscal, modul de \u00eemp\u0103r\u0163ire a banilor \u00eentre PMB \u015fi prim\u0103riile de sector, \u00een acord cu rezultatul referendumului. Edilul a prezentat o serie de propuneri pentru modificarea legii, pe care le va trimite [&hellip;]<\/p>\n","protected":false},"author":59,"featured_media":116041,"comment_status":"closed","ping_status":"open","sticky":false,"template":"","format":"standard","meta":{"_acf_changed":false,"inline_featured_image":false,"ngg_post_thumbnail":0,"footnotes":""},"categories":[6994,9025,24,62],"tags":[9,223,1695,7919,18735,1640],"ppma_author":[22572],"class_list":["post-116034","post","type-post","status-publish","format-standard","has-post-thumbnail","hentry","category-stiri-2","category-politic","category-primarie","category-stiri","tag-bucuresti","tag-nicusor-dan","tag-parlament","tag-primar-general","tag-propuneri-modificare-cod-fiscal","tag-referendum"],"acf":[],"yoast_head":"<!-- This site is optimized with the Yoast SEO Premium plugin v25.3 (Yoast SEO v27.5) - https:\/\/yoast.com\/product\/yoast-seo-premium-wordpress\/ -->\n<title>Nicu\u015for Dan vrea schimbarea Codului Fiscal pentru opera\u0163ionalizarea referendumului. Ce spune despre eventuale scumpiri la STB - Buletin de Bucure\u0219ti<\/title>\n<meta name=\"description\" content=\"Nicu\u015for Dan vrea schimbarea Codului Fiscal pentru opera\u0163ionalizarea referendumului. Ce spune despre eventuale scumpiri la STB\" \/>\n<meta name=\"robots\" content=\"index, follow, max-snippet:-1, max-image-preview:large, max-video-preview:-1\" \/>\n<link rel=\"canonical\" href=\"https:\/\/buletin.de\/bucuresti\/nicusor-dan-vrea-schimbarea-codului-fiscal-pentru-operationalizarea-referendumului-ce-spune-despre-eventuale-scumpiri-la-stb\/\" \/>\n<meta property=\"og:locale\" content=\"en_GB\" \/>\n<meta property=\"og:type\" content=\"article\" \/>\n<meta property=\"og:title\" content=\"Nicu\u015for Dan vrea schimbarea Codului Fiscal pentru opera\u0163ionalizarea referendumului. Ce spune despre eventuale scumpiri la STB\" \/>\n<meta property=\"og:description\" content=\"Nicu\u015for Dan vrea schimbarea Codului Fiscal pentru opera\u0163ionalizarea referendumului. Ce spune despre eventuale scumpiri la STB\" \/>\n<meta property=\"og:url\" content=\"https:\/\/buletin.de\/bucuresti\/nicusor-dan-vrea-schimbarea-codului-fiscal-pentru-operationalizarea-referendumului-ce-spune-despre-eventuale-scumpiri-la-stb\/\" \/>\n<meta property=\"og:site_name\" content=\"Buletin de Bucure\u0219ti\" \/>\n<meta property=\"article:publisher\" content=\"https:\/\/www.facebook.com\/buletin.de.buc\" \/>\n<meta property=\"article:published_time\" content=\"2025-01-28T12:43:42+00:00\" \/>\n<meta property=\"article:modified_time\" content=\"2025-01-28T14:13:33+00:00\" \/>\n<meta property=\"og:image\" content=\"https:\/\/buletin.de\/bucuresti\/wp-content\/uploads\/ND.jpeg\" \/>\n\t<meta property=\"og:image:width\" content=\"2000\" \/>\n\t<meta property=\"og:image:height\" content=\"1500\" \/>\n\t<meta property=\"og:image:type\" content=\"image\/jpeg\" \/>\n<meta name=\"author\" content=\"C\u0103t\u0103lin Anghel-Dimache\" \/>\n<meta name=\"twitter:card\" content=\"summary_large_image\" \/>\n<meta name=\"twitter:label1\" content=\"Written by\" \/>\n\t<meta name=\"twitter:data1\" content=\"C\u0103t\u0103lin Anghel-Dimache\" \/>\n\t<meta name=\"twitter:label2\" content=\"Estimated reading time\" \/>\n\t<meta name=\"twitter:data2\" content=\"4 minutes\" \/>\n<script type=\"application\/ld+json\" class=\"yoast-schema-graph\">{\"@context\":\"https:\\\/\\\/schema.org\",\"@graph\":[{\"@type\":\"Article\",\"@id\":\"https:\\\/\\\/buletin.de\\\/bucuresti\\\/nicusor-dan-vrea-schimbarea-codului-fiscal-pentru-operationalizarea-referendumului-ce-spune-despre-eventuale-scumpiri-la-stb\\\/#article\",\"isPartOf\":{\"@id\":\"https:\\\/\\\/buletin.de\\\/bucuresti\\\/nicusor-dan-vrea-schimbarea-codului-fiscal-pentru-operationalizarea-referendumului-ce-spune-despre-eventuale-scumpiri-la-stb\\\/\"},\"author\":{\"name\":\"C\u0103t\u0103lin Anghel-Dimache\",\"@id\":\"https:\\\/\\\/buletin.de\\\/bucuresti\\\/#\\\/schema\\\/person\\\/0ac9db30080482be87c7386a30f98796\"},\"headline\":\"Nicu\u015for Dan vrea schimbarea Codului Fiscal pentru opera\u0163ionalizarea referendumului. Ce spune despre eventuale scumpiri la STB\",\"datePublished\":\"2025-01-28T12:43:42+00:00\",\"dateModified\":\"2025-01-28T14:13:33+00:00\",\"mainEntityOfPage\":{\"@id\":\"https:\\\/\\\/buletin.de\\\/bucuresti\\\/nicusor-dan-vrea-schimbarea-codului-fiscal-pentru-operationalizarea-referendumului-ce-spune-despre-eventuale-scumpiri-la-stb\\\/\"},\"wordCount\":857,\"publisher\":{\"@id\":\"https:\\\/\\\/buletin.de\\\/bucuresti\\\/#organization\"},\"image\":{\"@id\":\"https:\\\/\\\/buletin.de\\\/bucuresti\\\/nicusor-dan-vrea-schimbarea-codului-fiscal-pentru-operationalizarea-referendumului-ce-spune-despre-eventuale-scumpiri-la-stb\\\/#primaryimage\"},\"thumbnailUrl\":\"https:\\\/\\\/buletin.de\\\/bucuresti\\\/wp-content\\\/uploads\\\/ND.jpeg\",\"keywords\":[\"bucuresti\",\"nicusor dan\",\"Parlament\",\"primar general\",\"propuneri modificare cod fiscal\",\"referendum\"],\"articleSection\":[\"Articole\",\"Politic\",\"Prim\u0103rie\",\"\u0218tiri\"],\"inLanguage\":\"en-GB\",\"copyrightYear\":\"2025\",\"copyrightHolder\":{\"@id\":\"https:\\\/\\\/buletin.de\\\/bucuresti\\\/#organization\"}},{\"@type\":\"WebPage\",\"@id\":\"https:\\\/\\\/buletin.de\\\/bucuresti\\\/nicusor-dan-vrea-schimbarea-codului-fiscal-pentru-operationalizarea-referendumului-ce-spune-despre-eventuale-scumpiri-la-stb\\\/\",\"url\":\"https:\\\/\\\/buletin.de\\\/bucuresti\\\/nicusor-dan-vrea-schimbarea-codului-fiscal-pentru-operationalizarea-referendumului-ce-spune-despre-eventuale-scumpiri-la-stb\\\/\",\"name\":\"Nicu\u015for Dan vrea schimbarea Codului Fiscal pentru opera\u0163ionalizarea referendumului. Ce spune despre eventuale scumpiri la STB - Buletin de Bucure\u0219ti\",\"isPartOf\":{\"@id\":\"https:\\\/\\\/buletin.de\\\/bucuresti\\\/#website\"},\"primaryImageOfPage\":{\"@id\":\"https:\\\/\\\/buletin.de\\\/bucuresti\\\/nicusor-dan-vrea-schimbarea-codului-fiscal-pentru-operationalizarea-referendumului-ce-spune-despre-eventuale-scumpiri-la-stb\\\/#primaryimage\"},\"image\":{\"@id\":\"https:\\\/\\\/buletin.de\\\/bucuresti\\\/nicusor-dan-vrea-schimbarea-codului-fiscal-pentru-operationalizarea-referendumului-ce-spune-despre-eventuale-scumpiri-la-stb\\\/#primaryimage\"},\"thumbnailUrl\":\"https:\\\/\\\/buletin.de\\\/bucuresti\\\/wp-content\\\/uploads\\\/ND.jpeg\",\"datePublished\":\"2025-01-28T12:43:42+00:00\",\"dateModified\":\"2025-01-28T14:13:33+00:00\",\"description\":\"Nicu\u015for Dan vrea schimbarea Codului Fiscal pentru opera\u0163ionalizarea referendumului. Ce spune despre eventuale scumpiri la STB\",\"breadcrumb\":{\"@id\":\"https:\\\/\\\/buletin.de\\\/bucuresti\\\/nicusor-dan-vrea-schimbarea-codului-fiscal-pentru-operationalizarea-referendumului-ce-spune-despre-eventuale-scumpiri-la-stb\\\/#breadcrumb\"},\"inLanguage\":\"en-GB\",\"potentialAction\":[{\"@type\":\"ReadAction\",\"target\":[\"https:\\\/\\\/buletin.de\\\/bucuresti\\\/nicusor-dan-vrea-schimbarea-codului-fiscal-pentru-operationalizarea-referendumului-ce-spune-despre-eventuale-scumpiri-la-stb\\\/\"]}]},{\"@type\":\"ImageObject\",\"inLanguage\":\"en-GB\",\"@id\":\"https:\\\/\\\/buletin.de\\\/bucuresti\\\/nicusor-dan-vrea-schimbarea-codului-fiscal-pentru-operationalizarea-referendumului-ce-spune-despre-eventuale-scumpiri-la-stb\\\/#primaryimage\",\"url\":\"https:\\\/\\\/buletin.de\\\/bucuresti\\\/wp-content\\\/uploads\\\/ND.jpeg\",\"contentUrl\":\"https:\\\/\\\/buletin.de\\\/bucuresti\\\/wp-content\\\/uploads\\\/ND.jpeg\",\"width\":2000,\"height\":1500,\"caption\":\"Nicu\u015for Dan vrea schimbarea Codului Fiscal pentru opera\u0163ionalizarea referendumului. FOTO: C\u0103t\u0103lin Anghel-Dimache \\\/ BdB\"},{\"@type\":\"BreadcrumbList\",\"@id\":\"https:\\\/\\\/buletin.de\\\/bucuresti\\\/nicusor-dan-vrea-schimbarea-codului-fiscal-pentru-operationalizarea-referendumului-ce-spune-despre-eventuale-scumpiri-la-stb\\\/#breadcrumb\",\"itemListElement\":[{\"@type\":\"ListItem\",\"position\":1,\"name\":\"Acas\u0103\",\"item\":\"https:\\\/\\\/buletin.de\\\/bucuresti\\\/\"},{\"@type\":\"ListItem\",\"position\":2,\"name\":\"Nicu\u015for Dan vrea schimbarea Codului Fiscal pentru opera\u0163ionalizarea referendumului. Ce spune despre eventuale scumpiri la STB\"}]},{\"@type\":\"WebSite\",\"@id\":\"https:\\\/\\\/buletin.de\\\/bucuresti\\\/#website\",\"url\":\"https:\\\/\\\/buletin.de\\\/bucuresti\\\/\",\"name\":\"Buletin de Bucure\u0219ti\",\"description\":\"\u0218tiri \u0219i investiga\u021bii esen\u021biale din capital\u0103\",\"publisher\":{\"@id\":\"https:\\\/\\\/buletin.de\\\/bucuresti\\\/#organization\"},\"potentialAction\":[{\"@type\":\"SearchAction\",\"target\":{\"@type\":\"EntryPoint\",\"urlTemplate\":\"https:\\\/\\\/buletin.de\\\/bucuresti\\\/?s={search_term_string}\"},\"query-input\":{\"@type\":\"PropertyValueSpecification\",\"valueRequired\":true,\"valueName\":\"search_term_string\"}}],\"inLanguage\":\"en-GB\"},{\"@type\":\"Organization\",\"@id\":\"https:\\\/\\\/buletin.de\\\/bucuresti\\\/#organization\",\"name\":\"Buletin de Bucure\u0219ti\",\"url\":\"https:\\\/\\\/buletin.de\\\/bucuresti\\\/\",\"logo\":{\"@type\":\"ImageObject\",\"inLanguage\":\"en-GB\",\"@id\":\"https:\\\/\\\/buletin.de\\\/bucuresti\\\/#\\\/schema\\\/logo\\\/image\\\/\",\"url\":\"https:\\\/\\\/buletin.de\\\/bucuresti\\\/wp-content\\\/uploads\\\/logo-bdb-full-wide-vernil-transparent.png\",\"contentUrl\":\"https:\\\/\\\/buletin.de\\\/bucuresti\\\/wp-content\\\/uploads\\\/logo-bdb-full-wide-vernil-transparent.png\",\"width\":1782,\"height\":626,\"caption\":\"Buletin de Bucure\u0219ti\"},\"image\":{\"@id\":\"https:\\\/\\\/buletin.de\\\/bucuresti\\\/#\\\/schema\\\/logo\\\/image\\\/\"},\"sameAs\":[\"https:\\\/\\\/www.facebook.com\\\/buletin.de.buc\",\"https:\\\/\\\/www.instagram.com\\\/buletinde.bucuresti\\\/\"]},{\"@type\":\"Person\",\"@id\":\"https:\\\/\\\/buletin.de\\\/bucuresti\\\/#\\\/schema\\\/person\\\/0ac9db30080482be87c7386a30f98796\",\"name\":\"C\u0103t\u0103lin Anghel-Dimache\",\"image\":{\"@type\":\"ImageObject\",\"inLanguage\":\"en-GB\",\"@id\":\"https:\\\/\\\/buletin.de\\\/bucuresti\\\/wp-content\\\/uploads\\\/Catalin-Anghel-Dimache-96x96.jpgbd9e43c5b25186d5b8e917ac61ad86c4\",\"url\":\"https:\\\/\\\/buletin.de\\\/bucuresti\\\/wp-content\\\/uploads\\\/Catalin-Anghel-Dimache-96x96.jpg\",\"contentUrl\":\"https:\\\/\\\/buletin.de\\\/bucuresti\\\/wp-content\\\/uploads\\\/Catalin-Anghel-Dimache-96x96.jpg\",\"caption\":\"C\u0103t\u0103lin Anghel-Dimache\"},\"description\":\"A absolvit Facultatea de Jurnalism \u0219i \u0218tiin\u021bele Comunic\u0103rii a Universit\u0103\u021bii din Bucure\u0219ti \u00een 2024. Scrie despre mediu \u0219i teme sociale, dar \u0219i despre cum se reflect\u0103 ele \u00een via\u021ba cotidian\u0103 a bucure\u0219tenilor, cu un ochi atent la pove\u0219tile personale din spatele titlurilor. N\u0103scut \u0219i crescut \u00een Bucure\u0219ti, a f\u0103cut un pas c\u0103tre presa local\u0103, din pasiune pentru ora\u0219ul s\u0103u \u0219i oamenii din el.\",\"url\":\"https:\\\/\\\/buletin.de\\\/bucuresti\\\/author\\\/catalin-anghel-dimache\\\/\"}]}<\/script>\n<!-- \/ Yoast SEO Premium plugin. -->","yoast_head_json":{"title":"Nicu\u015for Dan vrea schimbarea Codului Fiscal pentru opera\u0163ionalizarea referendumului. Ce spune despre eventuale scumpiri la STB - Buletin de Bucure\u0219ti","description":"Nicu\u015for Dan vrea schimbarea Codului Fiscal pentru opera\u0163ionalizarea referendumului. Ce spune despre eventuale scumpiri la STB","robots":{"index":"index","follow":"follow","max-snippet":"max-snippet:-1","max-image-preview":"max-image-preview:large","max-video-preview":"max-video-preview:-1"},"canonical":"https:\/\/buletin.de\/bucuresti\/nicusor-dan-vrea-schimbarea-codului-fiscal-pentru-operationalizarea-referendumului-ce-spune-despre-eventuale-scumpiri-la-stb\/","og_locale":"en_GB","og_type":"article","og_title":"Nicu\u015for Dan vrea schimbarea Codului Fiscal pentru opera\u0163ionalizarea referendumului. Ce spune despre eventuale scumpiri la STB","og_description":"Nicu\u015for Dan vrea schimbarea Codului Fiscal pentru opera\u0163ionalizarea referendumului. Ce spune despre eventuale scumpiri la STB","og_url":"https:\/\/buletin.de\/bucuresti\/nicusor-dan-vrea-schimbarea-codului-fiscal-pentru-operationalizarea-referendumului-ce-spune-despre-eventuale-scumpiri-la-stb\/","og_site_name":"Buletin de Bucure\u0219ti","article_publisher":"https:\/\/www.facebook.com\/buletin.de.buc","article_published_time":"2025-01-28T12:43:42+00:00","article_modified_time":"2025-01-28T14:13:33+00:00","og_image":[{"width":2000,"height":1500,"url":"https:\/\/buletin.de\/bucuresti\/wp-content\/uploads\/ND.jpeg","type":"image\/jpeg"}],"author":"C\u0103t\u0103lin Anghel-Dimache","twitter_card":"summary_large_image","twitter_misc":{"Written by":"C\u0103t\u0103lin Anghel-Dimache","Estimated reading time":"4 minutes"},"schema":{"@context":"https:\/\/schema.org","@graph":[{"@type":"Article","@id":"https:\/\/buletin.de\/bucuresti\/nicusor-dan-vrea-schimbarea-codului-fiscal-pentru-operationalizarea-referendumului-ce-spune-despre-eventuale-scumpiri-la-stb\/#article","isPartOf":{"@id":"https:\/\/buletin.de\/bucuresti\/nicusor-dan-vrea-schimbarea-codului-fiscal-pentru-operationalizarea-referendumului-ce-spune-despre-eventuale-scumpiri-la-stb\/"},"author":{"name":"C\u0103t\u0103lin Anghel-Dimache","@id":"https:\/\/buletin.de\/bucuresti\/#\/schema\/person\/0ac9db30080482be87c7386a30f98796"},"headline":"Nicu\u015for Dan vrea schimbarea Codului Fiscal pentru opera\u0163ionalizarea referendumului. Ce spune despre eventuale scumpiri la STB","datePublished":"2025-01-28T12:43:42+00:00","dateModified":"2025-01-28T14:13:33+00:00","mainEntityOfPage":{"@id":"https:\/\/buletin.de\/bucuresti\/nicusor-dan-vrea-schimbarea-codului-fiscal-pentru-operationalizarea-referendumului-ce-spune-despre-eventuale-scumpiri-la-stb\/"},"wordCount":857,"publisher":{"@id":"https:\/\/buletin.de\/bucuresti\/#organization"},"image":{"@id":"https:\/\/buletin.de\/bucuresti\/nicusor-dan-vrea-schimbarea-codului-fiscal-pentru-operationalizarea-referendumului-ce-spune-despre-eventuale-scumpiri-la-stb\/#primaryimage"},"thumbnailUrl":"https:\/\/buletin.de\/bucuresti\/wp-content\/uploads\/ND.jpeg","keywords":["bucuresti","nicusor dan","Parlament","primar general","propuneri modificare cod fiscal","referendum"],"articleSection":["Articole","Politic","Prim\u0103rie","\u0218tiri"],"inLanguage":"en-GB","copyrightYear":"2025","copyrightHolder":{"@id":"https:\/\/buletin.de\/bucuresti\/#organization"}},{"@type":"WebPage","@id":"https:\/\/buletin.de\/bucuresti\/nicusor-dan-vrea-schimbarea-codului-fiscal-pentru-operationalizarea-referendumului-ce-spune-despre-eventuale-scumpiri-la-stb\/","url":"https:\/\/buletin.de\/bucuresti\/nicusor-dan-vrea-schimbarea-codului-fiscal-pentru-operationalizarea-referendumului-ce-spune-despre-eventuale-scumpiri-la-stb\/","name":"Nicu\u015for Dan vrea schimbarea Codului Fiscal pentru opera\u0163ionalizarea referendumului. Ce spune despre eventuale scumpiri la STB - Buletin de Bucure\u0219ti","isPartOf":{"@id":"https:\/\/buletin.de\/bucuresti\/#website"},"primaryImageOfPage":{"@id":"https:\/\/buletin.de\/bucuresti\/nicusor-dan-vrea-schimbarea-codului-fiscal-pentru-operationalizarea-referendumului-ce-spune-despre-eventuale-scumpiri-la-stb\/#primaryimage"},"image":{"@id":"https:\/\/buletin.de\/bucuresti\/nicusor-dan-vrea-schimbarea-codului-fiscal-pentru-operationalizarea-referendumului-ce-spune-despre-eventuale-scumpiri-la-stb\/#primaryimage"},"thumbnailUrl":"https:\/\/buletin.de\/bucuresti\/wp-content\/uploads\/ND.jpeg","datePublished":"2025-01-28T12:43:42+00:00","dateModified":"2025-01-28T14:13:33+00:00","description":"Nicu\u015for Dan vrea schimbarea Codului Fiscal pentru opera\u0163ionalizarea referendumului. Ce spune despre eventuale scumpiri la STB","breadcrumb":{"@id":"https:\/\/buletin.de\/bucuresti\/nicusor-dan-vrea-schimbarea-codului-fiscal-pentru-operationalizarea-referendumului-ce-spune-despre-eventuale-scumpiri-la-stb\/#breadcrumb"},"inLanguage":"en-GB","potentialAction":[{"@type":"ReadAction","target":["https:\/\/buletin.de\/bucuresti\/nicusor-dan-vrea-schimbarea-codului-fiscal-pentru-operationalizarea-referendumului-ce-spune-despre-eventuale-scumpiri-la-stb\/"]}]},{"@type":"ImageObject","inLanguage":"en-GB","@id":"https:\/\/buletin.de\/bucuresti\/nicusor-dan-vrea-schimbarea-codului-fiscal-pentru-operationalizarea-referendumului-ce-spune-despre-eventuale-scumpiri-la-stb\/#primaryimage","url":"https:\/\/buletin.de\/bucuresti\/wp-content\/uploads\/ND.jpeg","contentUrl":"https:\/\/buletin.de\/bucuresti\/wp-content\/uploads\/ND.jpeg","width":2000,"height":1500,"caption":"Nicu\u015for Dan vrea schimbarea Codului Fiscal pentru opera\u0163ionalizarea referendumului. FOTO: C\u0103t\u0103lin Anghel-Dimache \/ BdB"},{"@type":"BreadcrumbList","@id":"https:\/\/buletin.de\/bucuresti\/nicusor-dan-vrea-schimbarea-codului-fiscal-pentru-operationalizarea-referendumului-ce-spune-despre-eventuale-scumpiri-la-stb\/#breadcrumb","itemListElement":[{"@type":"ListItem","position":1,"name":"Acas\u0103","item":"https:\/\/buletin.de\/bucuresti\/"},{"@type":"ListItem","position":2,"name":"Nicu\u015for Dan vrea schimbarea Codului Fiscal pentru opera\u0163ionalizarea referendumului. Ce spune despre eventuale scumpiri la STB"}]},{"@type":"WebSite","@id":"https:\/\/buletin.de\/bucuresti\/#website","url":"https:\/\/buletin.de\/bucuresti\/","name":"Buletin de Bucure\u0219ti","description":"\u0218tiri \u0219i investiga\u021bii esen\u021biale din capital\u0103","publisher":{"@id":"https:\/\/buletin.de\/bucuresti\/#organization"},"potentialAction":[{"@type":"SearchAction","target":{"@type":"EntryPoint","urlTemplate":"https:\/\/buletin.de\/bucuresti\/?s={search_term_string}"},"query-input":{"@type":"PropertyValueSpecification","valueRequired":true,"valueName":"search_term_string"}}],"inLanguage":"en-GB"},{"@type":"Organization","@id":"https:\/\/buletin.de\/bucuresti\/#organization","name":"Buletin de Bucure\u0219ti","url":"https:\/\/buletin.de\/bucuresti\/","logo":{"@type":"ImageObject","inLanguage":"en-GB","@id":"https:\/\/buletin.de\/bucuresti\/#\/schema\/logo\/image\/","url":"https:\/\/buletin.de\/bucuresti\/wp-content\/uploads\/logo-bdb-full-wide-vernil-transparent.png","contentUrl":"https:\/\/buletin.de\/bucuresti\/wp-content\/uploads\/logo-bdb-full-wide-vernil-transparent.png","width":1782,"height":626,"caption":"Buletin de Bucure\u0219ti"},"image":{"@id":"https:\/\/buletin.de\/bucuresti\/#\/schema\/logo\/image\/"},"sameAs":["https:\/\/www.facebook.com\/buletin.de.buc","https:\/\/www.instagram.com\/buletinde.bucuresti\/"]},{"@type":"Person","@id":"https:\/\/buletin.de\/bucuresti\/#\/schema\/person\/0ac9db30080482be87c7386a30f98796","name":"C\u0103t\u0103lin Anghel-Dimache","image":{"@type":"ImageObject","inLanguage":"en-GB","@id":"https:\/\/buletin.de\/bucuresti\/wp-content\/uploads\/Catalin-Anghel-Dimache-96x96.jpgbd9e43c5b25186d5b8e917ac61ad86c4","url":"https:\/\/buletin.de\/bucuresti\/wp-content\/uploads\/Catalin-Anghel-Dimache-96x96.jpg","contentUrl":"https:\/\/buletin.de\/bucuresti\/wp-content\/uploads\/Catalin-Anghel-Dimache-96x96.jpg","caption":"C\u0103t\u0103lin Anghel-Dimache"},"description":"A absolvit Facultatea de Jurnalism \u0219i \u0218tiin\u021bele Comunic\u0103rii a Universit\u0103\u021bii din Bucure\u0219ti \u00een 2024. Scrie despre mediu \u0219i teme sociale, dar \u0219i despre cum se reflect\u0103 ele \u00een via\u021ba cotidian\u0103 a bucure\u0219tenilor, cu un ochi atent la pove\u0219tile personale din spatele titlurilor. N\u0103scut \u0219i crescut \u00een Bucure\u0219ti, a f\u0103cut un pas c\u0103tre presa local\u0103, din pasiune pentru ora\u0219ul s\u0103u \u0219i oamenii din el.","url":"https:\/\/buletin.de\/bucuresti\/author\/catalin-anghel-dimache\/"}]}},"authors":[{"term_id":22572,"user_id":59,"is_guest":0,"slug":"catalin-anghel-dimache","display_name":"C\u0103t\u0103lin Anghel-Dimache","avatar_url":"https:\/\/buletin.de\/bucuresti\/wp-content\/uploads\/Catalin-Anghel-Dimache-96x96.jpg","0":null,"1":"","2":"","3":"","4":"","5":"","6":"","7":"","8":""}],"_links":{"self":[{"href":"https:\/\/buletin.de\/bucuresti\/wp-json\/wp\/v2\/posts\/116034","targetHints":{"allow":["GET"]}}],"collection":[{"href":"https:\/\/buletin.de\/bucuresti\/wp-json\/wp\/v2\/posts"}],"about":[{"href":"https:\/\/buletin.de\/bucuresti\/wp-json\/wp\/v2\/types\/post"}],"author":[{"embeddable":true,"href":"https:\/\/buletin.de\/bucuresti\/wp-json\/wp\/v2\/users\/59"}],"replies":[{"embeddable":true,"href":"https:\/\/buletin.de\/bucuresti\/wp-json\/wp\/v2\/comments?post=116034"}],"version-history":[{"count":3,"href":"https:\/\/buletin.de\/bucuresti\/wp-json\/wp\/v2\/posts\/116034\/revisions"}],"predecessor-version":[{"id":116056,"href":"https:\/\/buletin.de\/bucuresti\/wp-json\/wp\/v2\/posts\/116034\/revisions\/116056"}],"wp:featuredmedia":[{"embeddable":true,"href":"https:\/\/buletin.de\/bucuresti\/wp-json\/wp\/v2\/media\/116041"}],"wp:attachment":[{"href":"https:\/\/buletin.de\/bucuresti\/wp-json\/wp\/v2\/media?parent=116034"}],"wp:term":[{"taxonomy":"category","embeddable":true,"href":"https:\/\/buletin.de\/bucuresti\/wp-json\/wp\/v2\/categories?post=116034"},{"taxonomy":"post_tag","embeddable":true,"href":"https:\/\/buletin.de\/bucuresti\/wp-json\/wp\/v2\/tags?post=116034"},{"taxonomy":"author","embeddable":true,"href":"https:\/\/buletin.de\/bucuresti\/wp-json\/wp\/v2\/ppma_author?post=116034"}],"curies":[{"name":"wp","href":"https:\/\/api.w.org\/{rel}","templated":true}]}}