{"id":116009,"date":"2025-01-28T14:03:11","date_gmt":"2025-01-28T11:03:11","guid":{"rendered":"https:\/\/buletin.de\/bucuresti\/?p=116009"},"modified":"2025-01-28T14:52:49","modified_gmt":"2025-01-28T11:52:49","slug":"planseul-unirii-tot-mai-aproape-de-reabilitare-nicusor-dan-avizul-de-circulatie-este-deja-pregatit","status":"publish","type":"post","link":"https:\/\/buletin.de\/bucuresti\/planseul-unirii-tot-mai-aproape-de-reabilitare-nicusor-dan-avizul-de-circulatie-este-deja-pregatit\/","title":{"rendered":"Plan\u0219eul Unirii \u015fi disputa dintre PMB \u015fi PS4. Nicu\u0219or Dan: \u201eAvizul de circula\u021bie este deja preg\u0103tit\u201d"},"content":{"rendered":"\n<p><strong>Primarul Capitalei, Nicu\u0219or Dan, a declarat mar\u021bi, \u00eentr-o conferin\u021b\u0103 de pres\u0103, c\u0103 proiectul reabilit\u0103rii plan\u0219eului Unirii avanseaz\u0103. El a men\u021bionat c\u0103 avizul de circula\u021bie este preg\u0103tit \u0219i va fi trimis c\u0103tre Prim\u0103ria Sectorului 4.<\/strong><\/p>\n\n\n\n<p><em>\u201eAm vorbit acum dou\u0103 s\u0103pt\u0103m\u00e2ni cu domnul B\u0103lu\u021b\u0103. Avizul de circula\u021bie din partea noastr\u0103 este deja preg\u0103tit, va fi semnat de mine s\u0103pt\u0103m\u00e2na aceasta \u0219i o s\u0103 fie transmis la Prim\u0103ria Sectorului 4\u201d<\/em>, a declarat Nicu\u0219or Dan.<\/p>\n\n\n\n<p><strong>CITE\u0218TE \u0218I: <\/strong><a href=\"https:\/\/buletin.de\/bucuresti\/lucrarile-la-planseul-unirii-nu-vor-incepe-mai-devreme-de-trei-luni-cu-o-conditie\/\"><strong>Lucr\u0103rile la Plan\u0219eul Unirii nu vor \u00eencepe mai devreme de trei luni. Cu o condi\u021bie<\/strong><\/a><\/p>\n\n\n\n<h2 class=\"wp-block-heading\" id=\"h-plan\u0219eul-unirii-tot-mai-aproape-de-reabilitare\"><strong>Plan\u0219eul Unirii, tot mai aproape de reabilitare<\/strong><\/h2>\n\n\n\n<p><strong>Edilul a ad\u0103ugat c\u0103, dup\u0103 ce prim\u0103ria condus\u0103 de social-democratul Daniel B\u0103lu\u021b\u0103 va primi avizul de circula\u021bie, <\/strong><strong><em>\u201emai departe, imediat dup\u0103, vom a\u0219tepta ca Prim\u0103ria Sectorului 4 s\u0103 vin\u0103 cu toate celelalte avize, ca noi s\u0103 d\u0103m autoriza\u021bii\u201d<\/em><\/strong><strong>.<\/strong><\/p>\n\n\n\n<p>Primarul a mai afirmat, \u00een urm\u0103 cu trei luni, c\u0103 \u00een cazul \u00een care exist\u0103 proiectul tehnic, atunci \u00een dou\u0103 sau trei luni pot fi ob\u021binute avizele \u0219i PMB s\u0103 semneze apoi autoriza\u021bia de construire, dup\u0103 cum a mai scris Buletin de Bucure\u0219ti <a href=\"https:\/\/buletin.de\/bucuresti\/lucrarile-la-planseul-unirii-nu-vor-incepe-mai-devreme-de-trei-luni-cu-o-conditie\/\"><strong>aici<\/strong><\/a>.<\/p>\n\n\n\n<p>El a ad\u0103ugat c\u0103 \u201ederanjul de trafic nu o s\u0103 fie foarte mare\u201d.<\/p>\n\n\n\n<p>Tot atunci, el a afirmat c\u0103 lucr\u0103rile la Plan\u0219eul Unirii nu vor \u00eencepe mai devreme de trei luni \u0219i numai dac\u0103 Prim\u0103ria Sectorului 4 va aduce un proiect tehnic care s\u0103 permit\u0103 acordarea autoriza\u021biei de construire.<\/p>\n\n\n\n<h2 class=\"wp-block-heading\" id=\"h-razboiul-de-la-unirii-14-octombrie-2024\"><strong>R\u0103zboiul de la Unirii<\/strong>, 14 octombrie 2024<\/h2>\n\n\n\n<p>Prim\u0103ria Sectorului 4 a semnat, la \u00eenceputul anului 2024, contractul pentru proiectarea \u0219i execu\u021bia lucr\u0103rilor de reabilitare a plan\u0219eului de la Pia\u021ba Unirii cu Asocierea Construc\u021bii Erba\u0219u, Bog\u2019art, Concrete Design Solutions, valoarea fiind de peste 150 de milioane de euro.&nbsp;<strong>Banii au fost ob\u021binu\u021bi de la guvern, prin programul \u201eAnghel Saligny\u201d.<\/strong><\/p>\n\n\n\n<p><strong>De\u0219i, ini\u021bial,\u00a0<a href=\"https:\/\/buletin.de\/bucuresti\/reconstructia-planseului-unirii-ar-trebui-sa-fie-gata-in-aproape-trei-ani-lucrarile-efective-incep-in-2025-un-an-dificil-pentru-bucuresteni\/\">\u0219antierul era programat s\u0103 \u00eenceap\u0103 \u00een 2025<\/a>, dup\u0103 cum a ar\u0103tat Buletin de Bucure\u0219ti la \u00eenceputul anului, Daniel B\u0103lu\u021b\u0103 a anun\u021bat \u00een vara lui 2024 c\u0103 lucr\u0103rile vor \u00eencepe pe 9 septembrie \u0219i a cerut PMB autoriza\u021bia de construire \u00een regim de urgen\u021b\u0103, argument\u00e2nd c\u0103\u00a0<a href=\"https:\/\/buletin.de\/bucuresti\/o-problema-de-viata-si-de-moarte-vizita-de-urgenta-la-planseul-de-sub-piata-unirii-startul-lucrarilor-treneaza-din-cauza-neintelegerilor-intre-primaria-generala-si-cea-a-sectorului\/\">\u201eeste o problem\u0103 de via\u021b\u0103 \u0219i de moarte\u201d<\/a>.<\/strong><\/p>\n\n\n\n<p>Primarul general, Nicu\u0219or Dan, nu a eliberat autoriza\u021bia \u00een regim de urgen\u021b\u0103, pentru c\u0103&nbsp;<a href=\"https:\/\/buletin.de\/bucuresti\/razboiul-n-dan-d-baluta-nu-s-a-stins-cei-doi-inca-se-lupta-pe-planseul-unirii-si-dau-vina-unul-pe-altul-pentru-situatia-creata\/\">expertizele nu ar fi ar\u0103tat c\u0103 plan\u0219eul Unirii este un pericol public<\/a>&nbsp;care trebuie reabilitat de urgen\u021b\u0103.<\/p>\n\n\n\n<p>Cu toate astea, dup\u0103 ce a anun\u021bat c\u0103 renun\u021b\u0103 la proiect, iar Consiliul Local Sector 4 urma s\u0103 ia act de decizia lui, B\u0103lu\u021b\u0103 a \u00eenceput oricum lucr\u0103rile, \u00een baza unei autoriza\u021bii emise de Prim\u0103ria Sectorului 3, de\u0219i&nbsp;<a href=\"https:\/\/buletin.de\/bucuresti\/lucrarile-la-planseul-unirii-nu-erau-avizate-nici-de-metrorex\/\">nu avea toate actele necesare<\/a>.<\/p>\n\n\n\n<p>La ora 00:00 a zilei de luni, 14 octombrie, utilajele constructorilor angaja\u021bi de la PS4 au \u00eenceput lucr\u0103rile \u00een Pia\u021ba Unirii din Bucure\u0219ti, \u00eens\u0103 lucrurile au degenerat, \u00een cele din urm\u0103, \u00eentr-o&nbsp;<a href=\"https:\/\/buletin.de\/bucuresti\/scandalul-planseului-filmul-unei-zile-in-care-institutiile-s-au-imbrancit\/\">\u00eembr\u00e2nceal\u0103 \u00eentre poli\u021bi\u0219tii locali<\/a>&nbsp;de la Prim\u0103ria General\u0103 \u0219i de la Sectorul 4,&nbsp;<a href=\"https:\/\/buletin.de\/bucuresti\/baluta-da-inapoi-retrage-oamenii-de-pe-santierul-din-piata-unirii-ce-va-fi-desfiintat\/\">\u0219antierul fiind \u00eenchis \u00een aceea\u0219i zi<\/a>&nbsp;de Nicu\u0219or Dan, care&nbsp;<a href=\"https:\/\/buletin.de\/bucuresti\/scandalul-planseului-se-amplifica-nicusor-dan-a-revenit-cu-buldozere-primaria-sector-4-sustine-ca-sunt-raniti\/\">a venit cu buldozere pentru a d\u0103r\u00e2ma gardurile.<\/a><\/p>\n\n\n\n<figure class=\"wp-block-image\"><img fetchpriority=\"high\" decoding=\"async\" width=\"900\" height=\"591\" src=\"data:image\/gif;base64,R0lGODlhAQABAAAAACH5BAEKAAEALAAAAAABAAEAAAICTAEAOw==\" data-src=\"https:\/\/buletin.de\/bucuresti\/wp-content\/uploads\/planseu-900x591.png\" alt=\"\" class=\"wp-image-103558 lazyload\" data-sizes=\"auto\" data-srcset=\"https:\/\/buletin.de\/bucuresti\/wp-content\/uploads\/planseu-900x591.png 900w, https:\/\/buletin.de\/bucuresti\/wp-content\/uploads\/planseu-300x197.png 300w, https:\/\/buletin.de\/bucuresti\/wp-content\/uploads\/planseu-768x504.png 768w, https:\/\/buletin.de\/bucuresti\/wp-content\/uploads\/planseu-1536x1009.png 1536w, https:\/\/buletin.de\/bucuresti\/wp-content\/uploads\/planseu-1100x723.png 1100w, https:\/\/buletin.de\/bucuresti\/wp-content\/uploads\/planseu-600x394.png 600w, https:\/\/buletin.de\/bucuresti\/wp-content\/uploads\/planseu-20x13.png 20w, https:\/\/buletin.de\/bucuresti\/wp-content\/uploads\/planseu.png 1600w\" sizes=\"(max-width: 900px) 100vw, 900px\" \/><figcaption class=\"wp-element-caption\">Poli\u021bi\u0219tii locali de la Sectorul 4 s-au pus \u00een fa\u021ba buldozerelor. Captur\u0103 foto<\/figcaption><\/figure>\n\n\n\n<p>Daniel B\u0103lu\u0163\u0103 a cedat&nbsp;\u00een conflictul pe care l-a st\u00e2rnit cu primarul general, Nicu\u015for Dan, <a href=\"https:\/\/buletin.de\/bucuresti\/daniel-baluta-mesaj-de-reconciliere-dupa-scandalul-planseului-merge-mai-departe-cu-modalitatea-aleasa-de-primarul-general\/\">dup\u0103 cum a afirmat<\/a>.<\/p>\n\n\n\n<blockquote class=\"wp-block-quote is-layout-flow wp-block-quote-is-layout-flow\">\n<p>Vom continua implementarea acestor etape \u00een conformitate cu modalitatea aleas\u0103 de primarul general pentru finalizarea acestui proces.<\/p>\n<cite>Primarul Sectorului 4, Daniel B\u0103lu\u021b\u0103<\/cite><\/blockquote>\n\n\n\n<p>Plan\u0219eul de ciment de la Unirii, construit \u00een anii 1940, \u201edirijeaz\u0103\u201d D\u00e2mbovi\u021ba pe sub p\u0103m\u00e2nt din fa\u021ba Hanului lui Manuc, pe diagonala parcului \u0219i se opre\u0219te \u00een peretele pasajului subteran rutier. De acolo, r\u00e2ul trece pe sub pasaj \u0219i iese din nou la suprafa\u021ba l\u00e2ng\u0103 Magazinul Unirii. Construc\u0163ia din beton acoper\u0103 r\u00e2ul D\u00e2mbovi\u0163a pe l\u0103\u0163imea de 32 de metri \u015fi pe lungimea de 360 de metri, de la strada C\u0103ld\u0103rari p\u00e2n\u0103 la pasajul subteran Unirii.<\/p>\n\n\n\n<p>Expertizele tehnice au \u00eencadrat plan\u0219eul \u00een&nbsp;<a href=\"https:\/\/buletin.de\/bucuresti\/planseul-din-piata-unirii-se-degradeaza-continuu-unele-parti-din-structura-se-pot-prabusi-oricand\/\">starea tehnic\u0103 IV<\/a>&nbsp;\u2013 nesatisf\u0103c\u0103tor.<\/p>\n\n\n\n<p><strong>CITE\u0218TE \u0218I:<\/strong>&nbsp;<strong><a href=\"https:\/\/buletin.de\/bucuresti\/daniel-baluta-mesaj-de-reconciliere-dupa-scandalul-planseului-merge-mai-departe-cu-modalitatea-aleasa-de-primarul-general\/\">Daniel B\u0103lu\u0163\u0103, mesaj de reconciliere dup\u0103 scandalul plan\u015feului. Merge mai departe cu \u201emodalitatea aleas\u0103 de primarul general\u201d<\/a><\/strong><\/p>\n","protected":false},"excerpt":{"rendered":"<p>Primarul Capitalei, Nicu\u0219or Dan, a declarat mar\u021bi, \u00eentr-o conferin\u021b\u0103 de pres\u0103, c\u0103 proiectul reabilit\u0103rii plan\u0219eului Unirii avanseaz\u0103. El a men\u021bionat c\u0103 avizul de circula\u021bie este preg\u0103tit \u0219i va fi trimis c\u0103tre Prim\u0103ria Sectorului 4. \u201eAm vorbit acum dou\u0103 s\u0103pt\u0103m\u00e2ni cu domnul B\u0103lu\u021b\u0103. Avizul de circula\u021bie din partea noastr\u0103 este deja preg\u0103tit, va fi semnat de [&hellip;]<\/p>\n","protected":false},"author":59,"featured_media":116010,"comment_status":"closed","ping_status":"open","sticky":false,"template":"","format":"standard","meta":{"_acf_changed":false,"inline_featured_image":false,"ngg_post_thumbnail":0,"footnotes":""},"categories":[6994,24,62,650],"tags":[9,2054,1204,223,3623,5270,1727,9027,521,1402],"ppma_author":[22572],"class_list":["post-116009","post","type-post","status-publish","format-standard","has-post-thumbnail","hentry","category-stiri-2","category-primarie","category-stiri","category-transport","tag-bucuresti","tag-capitala","tag-daniel-baluta","tag-nicusor-dan","tag-piata-unirii","tag-planseul-unirii","tag-primaria-municipiului-bucuresti","tag-primaria-sectorului-4-2","tag-proiect","tag-reabilitare"],"acf":[],"yoast_head":"<!-- This site is optimized with the Yoast SEO Premium plugin v25.3 (Yoast SEO v27.4) - https:\/\/yoast.com\/product\/yoast-seo-premium-wordpress\/ -->\n<title>Plan\u0219eul Unirii \u015fi disputa dintre PMB \u015fi PS4. Nicu\u0219or Dan: \u201eAvizul de circula\u021bie este deja preg\u0103tit\u201d - Buletin de Bucure\u0219ti<\/title>\n<meta name=\"robots\" content=\"index, follow, max-snippet:-1, max-image-preview:large, max-video-preview:-1\" \/>\n<link rel=\"canonical\" href=\"https:\/\/buletin.de\/bucuresti\/planseul-unirii-tot-mai-aproape-de-reabilitare-nicusor-dan-avizul-de-circulatie-este-deja-pregatit\/\" \/>\n<meta property=\"og:locale\" content=\"en_GB\" \/>\n<meta property=\"og:type\" content=\"article\" \/>\n<meta property=\"og:title\" content=\"Plan\u0219eul Unirii \u015fi disputa dintre PMB \u015fi PS4. Nicu\u0219or Dan: \u201eAvizul de circula\u021bie este deja preg\u0103tit\u201d\" \/>\n<meta property=\"og:description\" content=\"Primarul Capitalei, Nicu\u0219or Dan, a declarat mar\u021bi, \u00eentr-o conferin\u021b\u0103 de pres\u0103, c\u0103 proiectul reabilit\u0103rii plan\u0219eului Unirii avanseaz\u0103. El a men\u021bionat c\u0103 avizul de circula\u021bie este preg\u0103tit \u0219i va fi trimis c\u0103tre Prim\u0103ria Sectorului 4. \u201eAm vorbit acum dou\u0103 s\u0103pt\u0103m\u00e2ni cu domnul B\u0103lu\u021b\u0103. Avizul de circula\u021bie din partea noastr\u0103 este deja preg\u0103tit, va fi semnat de [&hellip;]\" \/>\n<meta property=\"og:url\" content=\"https:\/\/buletin.de\/bucuresti\/planseul-unirii-tot-mai-aproape-de-reabilitare-nicusor-dan-avizul-de-circulatie-este-deja-pregatit\/\" \/>\n<meta property=\"og:site_name\" content=\"Buletin de Bucure\u0219ti\" \/>\n<meta property=\"article:publisher\" content=\"https:\/\/www.facebook.com\/buletin.de.buc\" \/>\n<meta property=\"article:published_time\" content=\"2025-01-28T11:03:11+00:00\" \/>\n<meta property=\"article:modified_time\" content=\"2025-01-28T11:52:49+00:00\" \/>\n<meta property=\"og:image\" content=\"https:\/\/buletin.de\/bucuresti\/wp-content\/uploads\/Razboiul-Nicusor-Dan-Daniel-Baluta-2-900x675.png\" \/>\n\t<meta property=\"og:image:width\" content=\"900\" \/>\n\t<meta property=\"og:image:height\" content=\"675\" \/>\n\t<meta property=\"og:image:type\" content=\"image\/png\" \/>\n<meta name=\"author\" content=\"C\u0103t\u0103lin Anghel-Dimache\" \/>\n<meta name=\"twitter:card\" content=\"summary_large_image\" \/>\n<meta name=\"twitter:label1\" content=\"Written by\" \/>\n\t<meta name=\"twitter:data1\" content=\"C\u0103t\u0103lin Anghel-Dimache\" \/>\n\t<meta name=\"twitter:label2\" content=\"Estimated reading time\" \/>\n\t<meta name=\"twitter:data2\" content=\"4 minutes\" \/>\n<script type=\"application\/ld+json\" class=\"yoast-schema-graph\">{\"@context\":\"https:\\\/\\\/schema.org\",\"@graph\":[{\"@type\":\"Article\",\"@id\":\"https:\\\/\\\/buletin.de\\\/bucuresti\\\/planseul-unirii-tot-mai-aproape-de-reabilitare-nicusor-dan-avizul-de-circulatie-este-deja-pregatit\\\/#article\",\"isPartOf\":{\"@id\":\"https:\\\/\\\/buletin.de\\\/bucuresti\\\/planseul-unirii-tot-mai-aproape-de-reabilitare-nicusor-dan-avizul-de-circulatie-este-deja-pregatit\\\/\"},\"author\":{\"name\":\"C\u0103t\u0103lin Anghel-Dimache\",\"@id\":\"https:\\\/\\\/buletin.de\\\/bucuresti\\\/#\\\/schema\\\/person\\\/0ac9db30080482be87c7386a30f98796\"},\"headline\":\"Plan\u0219eul Unirii \u015fi disputa dintre PMB \u015fi PS4. Nicu\u0219or Dan: \u201eAvizul de circula\u021bie este deja preg\u0103tit\u201d\",\"datePublished\":\"2025-01-28T11:03:11+00:00\",\"dateModified\":\"2025-01-28T11:52:49+00:00\",\"mainEntityOfPage\":{\"@id\":\"https:\\\/\\\/buletin.de\\\/bucuresti\\\/planseul-unirii-tot-mai-aproape-de-reabilitare-nicusor-dan-avizul-de-circulatie-este-deja-pregatit\\\/\"},\"wordCount\":759,\"publisher\":{\"@id\":\"https:\\\/\\\/buletin.de\\\/bucuresti\\\/#organization\"},\"image\":{\"@id\":\"https:\\\/\\\/buletin.de\\\/bucuresti\\\/planseul-unirii-tot-mai-aproape-de-reabilitare-nicusor-dan-avizul-de-circulatie-este-deja-pregatit\\\/#primaryimage\"},\"thumbnailUrl\":\"https:\\\/\\\/buletin.de\\\/bucuresti\\\/wp-content\\\/uploads\\\/Razboiul-Nicusor-Dan-Daniel-Baluta-2.png\",\"keywords\":[\"bucuresti\",\"Capitala\",\"daniel baluta\",\"nicusor dan\",\"piata unirii\",\"planseul unirii\",\"primaria municipiului bucuresti\",\"primaria sectorului 4\",\"proiect\",\"reabilitare\"],\"articleSection\":[\"Articole\",\"Prim\u0103rie\",\"\u0218tiri\",\"Transport\"],\"inLanguage\":\"en-GB\",\"copyrightYear\":\"2025\",\"copyrightHolder\":{\"@id\":\"https:\\\/\\\/buletin.de\\\/bucuresti\\\/#organization\"}},{\"@type\":\"WebPage\",\"@id\":\"https:\\\/\\\/buletin.de\\\/bucuresti\\\/planseul-unirii-tot-mai-aproape-de-reabilitare-nicusor-dan-avizul-de-circulatie-este-deja-pregatit\\\/\",\"url\":\"https:\\\/\\\/buletin.de\\\/bucuresti\\\/planseul-unirii-tot-mai-aproape-de-reabilitare-nicusor-dan-avizul-de-circulatie-este-deja-pregatit\\\/\",\"name\":\"Plan\u0219eul Unirii \u015fi disputa dintre PMB \u015fi PS4. Nicu\u0219or Dan: \u201eAvizul de circula\u021bie este deja preg\u0103tit\u201d - Buletin de Bucure\u0219ti\",\"isPartOf\":{\"@id\":\"https:\\\/\\\/buletin.de\\\/bucuresti\\\/#website\"},\"primaryImageOfPage\":{\"@id\":\"https:\\\/\\\/buletin.de\\\/bucuresti\\\/planseul-unirii-tot-mai-aproape-de-reabilitare-nicusor-dan-avizul-de-circulatie-este-deja-pregatit\\\/#primaryimage\"},\"image\":{\"@id\":\"https:\\\/\\\/buletin.de\\\/bucuresti\\\/planseul-unirii-tot-mai-aproape-de-reabilitare-nicusor-dan-avizul-de-circulatie-este-deja-pregatit\\\/#primaryimage\"},\"thumbnailUrl\":\"https:\\\/\\\/buletin.de\\\/bucuresti\\\/wp-content\\\/uploads\\\/Razboiul-Nicusor-Dan-Daniel-Baluta-2.png\",\"datePublished\":\"2025-01-28T11:03:11+00:00\",\"dateModified\":\"2025-01-28T11:52:49+00:00\",\"breadcrumb\":{\"@id\":\"https:\\\/\\\/buletin.de\\\/bucuresti\\\/planseul-unirii-tot-mai-aproape-de-reabilitare-nicusor-dan-avizul-de-circulatie-este-deja-pregatit\\\/#breadcrumb\"},\"inLanguage\":\"en-GB\",\"potentialAction\":[{\"@type\":\"ReadAction\",\"target\":[\"https:\\\/\\\/buletin.de\\\/bucuresti\\\/planseul-unirii-tot-mai-aproape-de-reabilitare-nicusor-dan-avizul-de-circulatie-este-deja-pregatit\\\/\"]}]},{\"@type\":\"ImageObject\",\"inLanguage\":\"en-GB\",\"@id\":\"https:\\\/\\\/buletin.de\\\/bucuresti\\\/planseul-unirii-tot-mai-aproape-de-reabilitare-nicusor-dan-avizul-de-circulatie-este-deja-pregatit\\\/#primaryimage\",\"url\":\"https:\\\/\\\/buletin.de\\\/bucuresti\\\/wp-content\\\/uploads\\\/Razboiul-Nicusor-Dan-Daniel-Baluta-2.png\",\"contentUrl\":\"https:\\\/\\\/buletin.de\\\/bucuresti\\\/wp-content\\\/uploads\\\/Razboiul-Nicusor-Dan-Daniel-Baluta-2.png\",\"width\":1440,\"height\":1080,\"caption\":\"Plan\u0219eul Unirii, tot mai aproape de reabilitare. Nicu\u0219or Dan: \u201eAvizul de circula\u021bie este deja preg\u0103tit\u201d. Surse colaj: C\u0103t\u0103lin Anghel-Dimache \\\/ BdB; Facebook: Nicu\u0219or Dan \\\/ Daniel B\u0103lu\u021b\u0103\"},{\"@type\":\"BreadcrumbList\",\"@id\":\"https:\\\/\\\/buletin.de\\\/bucuresti\\\/planseul-unirii-tot-mai-aproape-de-reabilitare-nicusor-dan-avizul-de-circulatie-este-deja-pregatit\\\/#breadcrumb\",\"itemListElement\":[{\"@type\":\"ListItem\",\"position\":1,\"name\":\"Acas\u0103\",\"item\":\"https:\\\/\\\/buletin.de\\\/bucuresti\\\/\"},{\"@type\":\"ListItem\",\"position\":2,\"name\":\"Plan\u0219eul Unirii \u015fi disputa dintre PMB \u015fi PS4. Nicu\u0219or Dan: \u201eAvizul de circula\u021bie este deja preg\u0103tit\u201d\"}]},{\"@type\":\"WebSite\",\"@id\":\"https:\\\/\\\/buletin.de\\\/bucuresti\\\/#website\",\"url\":\"https:\\\/\\\/buletin.de\\\/bucuresti\\\/\",\"name\":\"Buletin de Bucure\u0219ti\",\"description\":\"\u0218tiri \u0219i investiga\u021bii esen\u021biale din capital\u0103\",\"publisher\":{\"@id\":\"https:\\\/\\\/buletin.de\\\/bucuresti\\\/#organization\"},\"potentialAction\":[{\"@type\":\"SearchAction\",\"target\":{\"@type\":\"EntryPoint\",\"urlTemplate\":\"https:\\\/\\\/buletin.de\\\/bucuresti\\\/?s={search_term_string}\"},\"query-input\":{\"@type\":\"PropertyValueSpecification\",\"valueRequired\":true,\"valueName\":\"search_term_string\"}}],\"inLanguage\":\"en-GB\"},{\"@type\":\"Organization\",\"@id\":\"https:\\\/\\\/buletin.de\\\/bucuresti\\\/#organization\",\"name\":\"Buletin de Bucure\u0219ti\",\"url\":\"https:\\\/\\\/buletin.de\\\/bucuresti\\\/\",\"logo\":{\"@type\":\"ImageObject\",\"inLanguage\":\"en-GB\",\"@id\":\"https:\\\/\\\/buletin.de\\\/bucuresti\\\/#\\\/schema\\\/logo\\\/image\\\/\",\"url\":\"https:\\\/\\\/buletin.de\\\/bucuresti\\\/wp-content\\\/uploads\\\/logo-bdb-full-wide-vernil-transparent.png\",\"contentUrl\":\"https:\\\/\\\/buletin.de\\\/bucuresti\\\/wp-content\\\/uploads\\\/logo-bdb-full-wide-vernil-transparent.png\",\"width\":1782,\"height\":626,\"caption\":\"Buletin de Bucure\u0219ti\"},\"image\":{\"@id\":\"https:\\\/\\\/buletin.de\\\/bucuresti\\\/#\\\/schema\\\/logo\\\/image\\\/\"},\"sameAs\":[\"https:\\\/\\\/www.facebook.com\\\/buletin.de.buc\",\"https:\\\/\\\/www.instagram.com\\\/buletinde.bucuresti\\\/\"]},{\"@type\":\"Person\",\"@id\":\"https:\\\/\\\/buletin.de\\\/bucuresti\\\/#\\\/schema\\\/person\\\/0ac9db30080482be87c7386a30f98796\",\"name\":\"C\u0103t\u0103lin Anghel-Dimache\",\"image\":{\"@type\":\"ImageObject\",\"inLanguage\":\"en-GB\",\"@id\":\"https:\\\/\\\/buletin.de\\\/bucuresti\\\/wp-content\\\/uploads\\\/Catalin-Anghel-Dimache-96x96.jpgbd9e43c5b25186d5b8e917ac61ad86c4\",\"url\":\"https:\\\/\\\/buletin.de\\\/bucuresti\\\/wp-content\\\/uploads\\\/Catalin-Anghel-Dimache-96x96.jpg\",\"contentUrl\":\"https:\\\/\\\/buletin.de\\\/bucuresti\\\/wp-content\\\/uploads\\\/Catalin-Anghel-Dimache-96x96.jpg\",\"caption\":\"C\u0103t\u0103lin Anghel-Dimache\"},\"description\":\"A absolvit Facultatea de Jurnalism \u0219i \u0218tiin\u021bele Comunic\u0103rii a Universit\u0103\u021bii din Bucure\u0219ti \u00een 2024. Scrie despre mediu \u0219i teme sociale, dar \u0219i despre cum se reflect\u0103 ele \u00een via\u021ba cotidian\u0103 a bucure\u0219tenilor, cu un ochi atent la pove\u0219tile personale din spatele titlurilor. N\u0103scut \u0219i crescut \u00een Bucure\u0219ti, a f\u0103cut un pas c\u0103tre presa local\u0103, din pasiune pentru ora\u0219ul s\u0103u \u0219i oamenii din el.\",\"url\":\"https:\\\/\\\/buletin.de\\\/bucuresti\\\/author\\\/catalin-anghel-dimache\\\/\"}]}<\/script>\n<!-- \/ Yoast SEO Premium plugin. -->","yoast_head_json":{"title":"Plan\u0219eul Unirii \u015fi disputa dintre PMB \u015fi PS4. Nicu\u0219or Dan: \u201eAvizul de circula\u021bie este deja preg\u0103tit\u201d - Buletin de Bucure\u0219ti","robots":{"index":"index","follow":"follow","max-snippet":"max-snippet:-1","max-image-preview":"max-image-preview:large","max-video-preview":"max-video-preview:-1"},"canonical":"https:\/\/buletin.de\/bucuresti\/planseul-unirii-tot-mai-aproape-de-reabilitare-nicusor-dan-avizul-de-circulatie-este-deja-pregatit\/","og_locale":"en_GB","og_type":"article","og_title":"Plan\u0219eul Unirii \u015fi disputa dintre PMB \u015fi PS4. Nicu\u0219or Dan: \u201eAvizul de circula\u021bie este deja preg\u0103tit\u201d","og_description":"Primarul Capitalei, Nicu\u0219or Dan, a declarat mar\u021bi, \u00eentr-o conferin\u021b\u0103 de pres\u0103, c\u0103 proiectul reabilit\u0103rii plan\u0219eului Unirii avanseaz\u0103. El a men\u021bionat c\u0103 avizul de circula\u021bie este preg\u0103tit \u0219i va fi trimis c\u0103tre Prim\u0103ria Sectorului 4. \u201eAm vorbit acum dou\u0103 s\u0103pt\u0103m\u00e2ni cu domnul B\u0103lu\u021b\u0103. Avizul de circula\u021bie din partea noastr\u0103 este deja preg\u0103tit, va fi semnat de [&hellip;]","og_url":"https:\/\/buletin.de\/bucuresti\/planseul-unirii-tot-mai-aproape-de-reabilitare-nicusor-dan-avizul-de-circulatie-este-deja-pregatit\/","og_site_name":"Buletin de Bucure\u0219ti","article_publisher":"https:\/\/www.facebook.com\/buletin.de.buc","article_published_time":"2025-01-28T11:03:11+00:00","article_modified_time":"2025-01-28T11:52:49+00:00","og_image":[{"width":900,"height":675,"url":"https:\/\/buletin.de\/bucuresti\/wp-content\/uploads\/Razboiul-Nicusor-Dan-Daniel-Baluta-2-900x675.png","type":"image\/png"}],"author":"C\u0103t\u0103lin Anghel-Dimache","twitter_card":"summary_large_image","twitter_misc":{"Written by":"C\u0103t\u0103lin Anghel-Dimache","Estimated reading time":"4 minutes"},"schema":{"@context":"https:\/\/schema.org","@graph":[{"@type":"Article","@id":"https:\/\/buletin.de\/bucuresti\/planseul-unirii-tot-mai-aproape-de-reabilitare-nicusor-dan-avizul-de-circulatie-este-deja-pregatit\/#article","isPartOf":{"@id":"https:\/\/buletin.de\/bucuresti\/planseul-unirii-tot-mai-aproape-de-reabilitare-nicusor-dan-avizul-de-circulatie-este-deja-pregatit\/"},"author":{"name":"C\u0103t\u0103lin Anghel-Dimache","@id":"https:\/\/buletin.de\/bucuresti\/#\/schema\/person\/0ac9db30080482be87c7386a30f98796"},"headline":"Plan\u0219eul Unirii \u015fi disputa dintre PMB \u015fi PS4. Nicu\u0219or Dan: \u201eAvizul de circula\u021bie este deja preg\u0103tit\u201d","datePublished":"2025-01-28T11:03:11+00:00","dateModified":"2025-01-28T11:52:49+00:00","mainEntityOfPage":{"@id":"https:\/\/buletin.de\/bucuresti\/planseul-unirii-tot-mai-aproape-de-reabilitare-nicusor-dan-avizul-de-circulatie-este-deja-pregatit\/"},"wordCount":759,"publisher":{"@id":"https:\/\/buletin.de\/bucuresti\/#organization"},"image":{"@id":"https:\/\/buletin.de\/bucuresti\/planseul-unirii-tot-mai-aproape-de-reabilitare-nicusor-dan-avizul-de-circulatie-este-deja-pregatit\/#primaryimage"},"thumbnailUrl":"https:\/\/buletin.de\/bucuresti\/wp-content\/uploads\/Razboiul-Nicusor-Dan-Daniel-Baluta-2.png","keywords":["bucuresti","Capitala","daniel baluta","nicusor dan","piata unirii","planseul unirii","primaria municipiului bucuresti","primaria sectorului 4","proiect","reabilitare"],"articleSection":["Articole","Prim\u0103rie","\u0218tiri","Transport"],"inLanguage":"en-GB","copyrightYear":"2025","copyrightHolder":{"@id":"https:\/\/buletin.de\/bucuresti\/#organization"}},{"@type":"WebPage","@id":"https:\/\/buletin.de\/bucuresti\/planseul-unirii-tot-mai-aproape-de-reabilitare-nicusor-dan-avizul-de-circulatie-este-deja-pregatit\/","url":"https:\/\/buletin.de\/bucuresti\/planseul-unirii-tot-mai-aproape-de-reabilitare-nicusor-dan-avizul-de-circulatie-este-deja-pregatit\/","name":"Plan\u0219eul Unirii \u015fi disputa dintre PMB \u015fi PS4. Nicu\u0219or Dan: \u201eAvizul de circula\u021bie este deja preg\u0103tit\u201d - Buletin de Bucure\u0219ti","isPartOf":{"@id":"https:\/\/buletin.de\/bucuresti\/#website"},"primaryImageOfPage":{"@id":"https:\/\/buletin.de\/bucuresti\/planseul-unirii-tot-mai-aproape-de-reabilitare-nicusor-dan-avizul-de-circulatie-este-deja-pregatit\/#primaryimage"},"image":{"@id":"https:\/\/buletin.de\/bucuresti\/planseul-unirii-tot-mai-aproape-de-reabilitare-nicusor-dan-avizul-de-circulatie-este-deja-pregatit\/#primaryimage"},"thumbnailUrl":"https:\/\/buletin.de\/bucuresti\/wp-content\/uploads\/Razboiul-Nicusor-Dan-Daniel-Baluta-2.png","datePublished":"2025-01-28T11:03:11+00:00","dateModified":"2025-01-28T11:52:49+00:00","breadcrumb":{"@id":"https:\/\/buletin.de\/bucuresti\/planseul-unirii-tot-mai-aproape-de-reabilitare-nicusor-dan-avizul-de-circulatie-este-deja-pregatit\/#breadcrumb"},"inLanguage":"en-GB","potentialAction":[{"@type":"ReadAction","target":["https:\/\/buletin.de\/bucuresti\/planseul-unirii-tot-mai-aproape-de-reabilitare-nicusor-dan-avizul-de-circulatie-este-deja-pregatit\/"]}]},{"@type":"ImageObject","inLanguage":"en-GB","@id":"https:\/\/buletin.de\/bucuresti\/planseul-unirii-tot-mai-aproape-de-reabilitare-nicusor-dan-avizul-de-circulatie-este-deja-pregatit\/#primaryimage","url":"https:\/\/buletin.de\/bucuresti\/wp-content\/uploads\/Razboiul-Nicusor-Dan-Daniel-Baluta-2.png","contentUrl":"https:\/\/buletin.de\/bucuresti\/wp-content\/uploads\/Razboiul-Nicusor-Dan-Daniel-Baluta-2.png","width":1440,"height":1080,"caption":"Plan\u0219eul Unirii, tot mai aproape de reabilitare. Nicu\u0219or Dan: \u201eAvizul de circula\u021bie este deja preg\u0103tit\u201d. Surse colaj: C\u0103t\u0103lin Anghel-Dimache \/ BdB; Facebook: Nicu\u0219or Dan \/ Daniel B\u0103lu\u021b\u0103"},{"@type":"BreadcrumbList","@id":"https:\/\/buletin.de\/bucuresti\/planseul-unirii-tot-mai-aproape-de-reabilitare-nicusor-dan-avizul-de-circulatie-este-deja-pregatit\/#breadcrumb","itemListElement":[{"@type":"ListItem","position":1,"name":"Acas\u0103","item":"https:\/\/buletin.de\/bucuresti\/"},{"@type":"ListItem","position":2,"name":"Plan\u0219eul Unirii \u015fi disputa dintre PMB \u015fi PS4. Nicu\u0219or Dan: \u201eAvizul de circula\u021bie este deja preg\u0103tit\u201d"}]},{"@type":"WebSite","@id":"https:\/\/buletin.de\/bucuresti\/#website","url":"https:\/\/buletin.de\/bucuresti\/","name":"Buletin de Bucure\u0219ti","description":"\u0218tiri \u0219i investiga\u021bii esen\u021biale din capital\u0103","publisher":{"@id":"https:\/\/buletin.de\/bucuresti\/#organization"},"potentialAction":[{"@type":"SearchAction","target":{"@type":"EntryPoint","urlTemplate":"https:\/\/buletin.de\/bucuresti\/?s={search_term_string}"},"query-input":{"@type":"PropertyValueSpecification","valueRequired":true,"valueName":"search_term_string"}}],"inLanguage":"en-GB"},{"@type":"Organization","@id":"https:\/\/buletin.de\/bucuresti\/#organization","name":"Buletin de Bucure\u0219ti","url":"https:\/\/buletin.de\/bucuresti\/","logo":{"@type":"ImageObject","inLanguage":"en-GB","@id":"https:\/\/buletin.de\/bucuresti\/#\/schema\/logo\/image\/","url":"https:\/\/buletin.de\/bucuresti\/wp-content\/uploads\/logo-bdb-full-wide-vernil-transparent.png","contentUrl":"https:\/\/buletin.de\/bucuresti\/wp-content\/uploads\/logo-bdb-full-wide-vernil-transparent.png","width":1782,"height":626,"caption":"Buletin de Bucure\u0219ti"},"image":{"@id":"https:\/\/buletin.de\/bucuresti\/#\/schema\/logo\/image\/"},"sameAs":["https:\/\/www.facebook.com\/buletin.de.buc","https:\/\/www.instagram.com\/buletinde.bucuresti\/"]},{"@type":"Person","@id":"https:\/\/buletin.de\/bucuresti\/#\/schema\/person\/0ac9db30080482be87c7386a30f98796","name":"C\u0103t\u0103lin Anghel-Dimache","image":{"@type":"ImageObject","inLanguage":"en-GB","@id":"https:\/\/buletin.de\/bucuresti\/wp-content\/uploads\/Catalin-Anghel-Dimache-96x96.jpgbd9e43c5b25186d5b8e917ac61ad86c4","url":"https:\/\/buletin.de\/bucuresti\/wp-content\/uploads\/Catalin-Anghel-Dimache-96x96.jpg","contentUrl":"https:\/\/buletin.de\/bucuresti\/wp-content\/uploads\/Catalin-Anghel-Dimache-96x96.jpg","caption":"C\u0103t\u0103lin Anghel-Dimache"},"description":"A absolvit Facultatea de Jurnalism \u0219i \u0218tiin\u021bele Comunic\u0103rii a Universit\u0103\u021bii din Bucure\u0219ti \u00een 2024. Scrie despre mediu \u0219i teme sociale, dar \u0219i despre cum se reflect\u0103 ele \u00een via\u021ba cotidian\u0103 a bucure\u0219tenilor, cu un ochi atent la pove\u0219tile personale din spatele titlurilor. N\u0103scut \u0219i crescut \u00een Bucure\u0219ti, a f\u0103cut un pas c\u0103tre presa local\u0103, din pasiune pentru ora\u0219ul s\u0103u \u0219i oamenii din el.","url":"https:\/\/buletin.de\/bucuresti\/author\/catalin-anghel-dimache\/"}]}},"authors":[{"term_id":22572,"user_id":59,"is_guest":0,"slug":"catalin-anghel-dimache","display_name":"C\u0103t\u0103lin Anghel-Dimache","avatar_url":"https:\/\/buletin.de\/bucuresti\/wp-content\/uploads\/Catalin-Anghel-Dimache-96x96.jpg","0":null,"1":"","2":"","3":"","4":"","5":"","6":"","7":"","8":""}],"_links":{"self":[{"href":"https:\/\/buletin.de\/bucuresti\/wp-json\/wp\/v2\/posts\/116009","targetHints":{"allow":["GET"]}}],"collection":[{"href":"https:\/\/buletin.de\/bucuresti\/wp-json\/wp\/v2\/posts"}],"about":[{"href":"https:\/\/buletin.de\/bucuresti\/wp-json\/wp\/v2\/types\/post"}],"author":[{"embeddable":true,"href":"https:\/\/buletin.de\/bucuresti\/wp-json\/wp\/v2\/users\/59"}],"replies":[{"embeddable":true,"href":"https:\/\/buletin.de\/bucuresti\/wp-json\/wp\/v2\/comments?post=116009"}],"version-history":[{"count":4,"href":"https:\/\/buletin.de\/bucuresti\/wp-json\/wp\/v2\/posts\/116009\/revisions"}],"predecessor-version":[{"id":116027,"href":"https:\/\/buletin.de\/bucuresti\/wp-json\/wp\/v2\/posts\/116009\/revisions\/116027"}],"wp:featuredmedia":[{"embeddable":true,"href":"https:\/\/buletin.de\/bucuresti\/wp-json\/wp\/v2\/media\/116010"}],"wp:attachment":[{"href":"https:\/\/buletin.de\/bucuresti\/wp-json\/wp\/v2\/media?parent=116009"}],"wp:term":[{"taxonomy":"category","embeddable":true,"href":"https:\/\/buletin.de\/bucuresti\/wp-json\/wp\/v2\/categories?post=116009"},{"taxonomy":"post_tag","embeddable":true,"href":"https:\/\/buletin.de\/bucuresti\/wp-json\/wp\/v2\/tags?post=116009"},{"taxonomy":"author","embeddable":true,"href":"https:\/\/buletin.de\/bucuresti\/wp-json\/wp\/v2\/ppma_author?post=116009"}],"curies":[{"name":"wp","href":"https:\/\/api.w.org\/{rel}","templated":true}]}}