{"id":115896,"date":"2025-01-27T14:38:43","date_gmt":"2025-01-27T11:38:43","guid":{"rendered":"https:\/\/buletin.de\/bucuresti\/?p=115896"},"modified":"2025-01-27T15:48:41","modified_gmt":"2025-01-27T12:48:41","slug":"angajatii-elcen-ameninta-ca-opresc-caldura-in-bucuresti-directorul-companiei-nu-vreau-sa-iau-in-calcul-un-asemenea-scenariu","status":"publish","type":"post","link":"https:\/\/buletin.de\/bucuresti\/angajatii-elcen-ameninta-ca-opresc-caldura-in-bucuresti-directorul-companiei-nu-vreau-sa-iau-in-calcul-un-asemenea-scenariu\/","title":{"rendered":"Angaja\u021bii ELCEN amenin\u021b\u0103 c\u0103 opresc c\u0103ldura \u00een Bucure\u0219ti. Directorul companiei: \u201eNu vreau s\u0103 iau \u00een calcul un asemenea scenariu\u201d"},"content":{"rendered":"\n<p><strong>Angaja\u021bii ELCEN amenin\u021b\u0103 c\u0103 opresc c\u0103ldura \u00een Bucure\u0219ti \u0219i protesteaz\u0103 fa\u021b\u0103 de sc\u0103derile salariale generate de aplicarea \u201eordonan\u021bei trenule\u021b\u201d, adoptat\u0103 de Guvern la finalul anului trecut. <\/strong><\/p>\n\n\n\n<p><strong>Au refuzat s\u0103 intre \u00een tura de diminea\u021b\u0103 \u0219i au amenin\u021bat cu oprirea centralelor, ceea ce ar putea l\u0103sa bucure\u0219tenii f\u0103r\u0103 c\u0103ldur\u0103 \u0219i ap\u0103 cald\u0103. Directorul companiei, Claudiu Cre\u021bu, a dat asigur\u0103ri c\u0103 un astfel de scenariu va fi evitat \u00een urma negocierilor.<\/strong><\/p>\n\n\n\n<p>Protestul angaja\u021bilor a avut loc la centralele Sud Progresu \u0219i Groz\u0103ve\u0219ti, iar participan\u021bii au declarat c\u0103 veniturile lor ar putea fi diminuate cu sume de p\u00e2n\u0103 la 1.500 de lei.<\/p>\n\n\n\n<h2 class=\"wp-block-heading\" id=\"h-update-nu-vom-ezita-sa-aplicam-prevederile-legale\">Update: \u201eNu vom ezita s\u0103 aplic\u0103m prevederile legale\u201d<\/h2>\n\n\n\n<p>Ministrul Energiei, Sebastian Burduja, a transmis c\u0103 ministerul pe care \u00eel conduce va lua toate m\u0103surile necesare pentru a asigura continuitatea furniz\u0103rii agentului termic \u00een Bucure\u0219ti, \u00een contextul protestului angaja\u021bilor Elcen, principalul produc\u0103tor de energie termic\u0103 \u0219i electric\u0103 al Capitalei.<\/p>\n\n\n\n<p>\u2033\u00cen tot ceea ce facem, respect\u0103m legea, respect\u0103m munca cinstit\u0103 \u0219i cheltuirea corect\u0103 a banului public. Asta solicit\u0103m tuturor partenerilor sociali. Nu vom ezita s\u0103 aplic\u0103m prevederile legale \u0219i s\u0103 asigur\u0103m serviciul public de produc\u021bie a agentului termic pentru bucure\u0219teni\u2033, a declarat Burduja, citat de <a href=\"https:\/\/www.profit.ro\/povesti-cu-profit\/energie\/ministrul-energiei-reactie-la-protestul-producatorilor-de-caldura-ai-capitalei-care-au-refuzat-sa-intre-in-tura-nu-vom-ezita-sa-aplicam-prevederile-legale-in-ce-conditii-e-permisa-greva-in-energie-21913054?utm_source=Rss&amp;utm_medium=Referral&amp;utm_campaign=Cross\">Profit.ro<\/a>.<\/p>\n\n\n\n<p><strong>CITE\u0218TE \u0218I:&nbsp;<a href=\"https:\/\/buletin.de\/bucuresti\/termoficare-lucrari-de-modernizare-in-toate-cele-sase-sectoare-peste-400-blocuri-raman-fara-apa-calda-si-caldura\/\">TERMOFICARE | Lucr\u0103ri de modernizare \u00een toate cele \u015fase sectoare. Peste 400 blocuri r\u0103m\u00e2n f\u0103r\u0103 ap\u0103 cald\u0103 \u015fi c\u0103ldur\u0103<\/a><\/strong><\/p>\n\n\n\n<hr class=\"wp-block-separator has-alpha-channel-opacity\"\/>\n\n\n\n<h2 class=\"wp-block-heading\" id=\"h-angaja\u021bii-elcen-amenin\u021ba-ca-opresc-caldura-in-bucure\u0219ti-ce-spune-\u0219eful-companiei\"><strong>Angaja\u021bii Elcen amenin\u021b\u0103 c\u0103 opresc c\u0103ldura \u00een Bucure\u0219ti. Ce spune \u0219eful companiei<\/strong><\/h2>\n\n\n\n<p>Directorul ELCEN , Claudiu Cre\u021bu, a declarat pentru Buletin de Bucure\u0219ti c\u0103 au loc discu\u021bii cu angaja\u021bii \u0219i c\u0103 \u201enu vorbim de oprirea c\u0103ldurii \u00een Bucure\u0219ti\u201d.<\/p>\n\n\n\n<p><em>\u201eVreau s\u0103 nuan\u021bez chestiune aceasta: instala\u021biile func\u021bioneaz\u0103 \u00een continuare, deci nu vorbim de oprirea c\u0103ldurii \u00een Bucure\u0219ti, \u00een primul r\u00e2nd, iar pentru asta le mul\u021bumesc colegilor pentru responsabilitate. Am avut \u00eenc\u0103 o rund\u0103 de negocieri \u0219i de dialog \u00een aceast\u0103 diminea\u021b\u0103 \u0219i c\u0103ut\u0103m \u00eempreun\u0103 solu\u021bii astfel \u00eenc\u00e2t s\u0103 trecem peste astfel de momente complicate.<\/em><\/p>\n\n\n\n<p><em>Nu este o concluzie final\u0103, dar continu\u0103m analizele, continu\u0103m discu\u021biile, astfel \u00eenc\u00e2t prevederile ordonan\u021bei s\u0103 aib\u0103 un impact c\u00e2t mai u\u0219or asupra salariilor angaja\u021bilor\u201d<\/em>, a declarat directorul ELCEN.&nbsp;<\/p>\n\n\n\n<p><strong>De\u0219i angaja\u021bii au amenin\u021bat cu oprirea CET-urilor, Cre\u021bu a afirmat c\u0103 acestea func\u021bioneaz\u0103 \u00een prezent, iar oprirea lor ar fi ilegal\u0103.<\/strong><\/p>\n\n\n\n<blockquote class=\"wp-block-quote is-layout-flow wp-block-quote-is-layout-flow\">\n<p>Nu vreau s\u0103 iau \u00een calcul un asemenea scenariu \u00een care s\u0103 oprim CET-urile. Este nevoie de energie at\u00e2t electric\u0103 c\u00e2t \u0219i termic\u0103 \u0219i consider c\u0103 putem ajunge la solu\u021bii, pentru c\u0103 oamenii, cei 2 milioane de bucure\u0219teni care depind de acest sistem, nu au nicio vin\u0103.<\/p>\n<cite>Claudiu Cre\u021bu, Director Elcen<\/cite><\/blockquote>\n\n\n\n<p>El a subliniat c\u0103 negocierile cu angaja\u021bii \u0219i consult\u0103rile cu Ministerul Energiei sunt \u00een desf\u0103\u0219urare, iar scopul principal este g\u0103sirea unei solu\u021bii care s\u0103 r\u0103spund\u0103 nemul\u021bumirilor \u0219i s\u0103 previn\u0103 escaladarea situa\u021biei:<\/p>\n\n\n\n<p><em>\u201eGreu de spus \u00een acest moment c\u00e2nd vom avea o solu\u021bie, important este c\u0103 instala\u021biile func\u021bioneaz\u0103 \u0219i bucure\u0219tenii au c\u0103ldur\u0103. Inform\u0103m permanent ministerul \u00een leg\u0103tur\u0103 cu situa\u021bia \u0219i c\u0103ut\u0103m \u00eempreun\u0103 solu\u021bii astfel \u00eenc\u00e2t s\u0103 ajungem la o variant\u0103 de echilibru \u00een care p\u0103r\u021bile s\u0103 fie \u00een lini\u0219te\u201d<\/em>, a concluzionat directorul.<\/p>\n\n\n\n<h2 class=\"wp-block-heading\" id=\"h-angaja\u021bii-au-protestat-\u0219i-saptamana-trecuta\"><strong>Angaja\u021bii au protestat \u0219i s\u0103pt\u0103m\u00e2na trecut\u0103<\/strong><\/h2>\n\n\n\n<p>Angaja\u021bii ELCEN au protestat \u0219i s\u0103pt\u0103m\u00e2na trecut\u0103 fa\u021b\u0103 de prevederile ordonan\u021bei trenule\u021b, \u00eens\u0103 p\u00e2n\u0103 \u00een prezent nu s-a ajuns la o solu\u021bie care s\u0103 detensioneze situa\u021bia.<\/p>\n\n\n\n<p>Sindicatul Liber Independent din Sucursala Electrocentrale Bucure\u0219ti (SLI-SEB), afiliat Blocului Na\u021bional Sindical, sus\u021bine c\u0103 ordonan\u021ba trenule\u021b \u00eencalc\u0103 prevederile contractului colectiv de munc\u0103, care nu poate fi modificat unilateral.<\/p>\n\n\n\n<p><em>\u201eNoua ordonan\u021b\u0103 guvernamental\u0103 nu poate modifica \u00een mod legal contractul colectiv de munc\u0103 semnat, asumat \u0219i \u00eenregistrat, pentru c\u0103 acesta este un drept salarial stabilit prin contract \u00een urma negocierilor dintre p\u0103r\u021bi (nu prin lege) \u0219i nu poate fi modificat dec\u00e2t prin acordul p\u0103r\u021bilor, iar Guvernul nu face parte din acest contract\u201d<\/em>, a declarat Cristian Popescu, pre\u0219edintele SLI-SEB, citat de <a href=\"https:\/\/hotnews.ro\/angajatii-elcen-ameninta-cu-oprirea-caldurii-in-bucuresti-legal-nu-au-voie-spune-seful-companiei-1888416\">HotNews.ro<\/a>.<\/p>\n\n\n\n<p><strong>CITE\u0218TE \u0218I:<\/strong> <strong><a href=\"https:\/\/buletin.de\/bucuresti\/sector-3-salarii-marite-pentru-functiile-vacante-din-primarie-cati-directori-are-institutia\/\">Sector 3 | Salarii m\u0103rite pentru func\u021biile vacante din Prim\u0103rie. C\u00e2\u021bi directori are institu\u021bia<\/a><\/strong><\/p>\n","protected":false},"excerpt":{"rendered":"<p>Angaja\u021bii ELCEN amenin\u021b\u0103 c\u0103 opresc c\u0103ldura \u00een Bucure\u0219ti \u0219i protesteaz\u0103 fa\u021b\u0103 de sc\u0103derile salariale generate de aplicarea \u201eordonan\u021bei trenule\u021b\u201d, adoptat\u0103 de Guvern la finalul anului trecut. Au refuzat s\u0103 intre \u00een tura de diminea\u021b\u0103 \u0219i au amenin\u021bat cu oprirea centralelor, ceea ce ar putea l\u0103sa bucure\u0219tenii f\u0103r\u0103 c\u0103ldur\u0103 \u0219i ap\u0103 cald\u0103. Directorul companiei, Claudiu Cre\u021bu, [&hellip;]<\/p>\n","protected":false},"author":59,"featured_media":115897,"comment_status":"closed","ping_status":"open","sticky":false,"template":"","format":"standard","meta":{"_acf_changed":false,"inline_featured_image":false,"ngg_post_thumbnail":0,"footnotes":""},"categories":[6994,9026,5762,6214],"tags":[415,9,248,2054,515,237,114,288],"ppma_author":[22572],"class_list":["post-115896","post","type-post","status-publish","format-standard","has-post-thumbnail","hentry","category-stiri-2","category-eveniment","category-main","category-termo","tag-apa-calda","tag-bucuresti","tag-caldura","tag-capitala","tag-cet","tag-elcen","tag-protest","tag-termoficare"],"acf":[],"yoast_head":"<!-- This site is optimized with the Yoast SEO Premium plugin v25.3 (Yoast SEO v27.4) - https:\/\/yoast.com\/product\/yoast-seo-premium-wordpress\/ -->\n<title>Angaja\u021bii ELCEN amenin\u021b\u0103 c\u0103 opresc c\u0103ldura \u00een Bucure\u0219ti. Directorul companiei: \u201eNu vreau s\u0103 iau \u00een calcul un asemenea scenariu\u201d - Buletin de Bucure\u0219ti<\/title>\n<meta name=\"description\" content=\"Angaja\u021bii Elcen amenin\u021b\u0103 c\u0103 opresc c\u0103ldura \u00een Bucure\u0219ti. Directorul companiei: \u201eNu vreau s\u0103 iau \u00een calcul un asemenea scenariu\u201d.\" \/>\n<meta name=\"robots\" content=\"index, follow, max-snippet:-1, max-image-preview:large, max-video-preview:-1\" \/>\n<link rel=\"canonical\" href=\"https:\/\/buletin.de\/bucuresti\/angajatii-elcen-ameninta-ca-opresc-caldura-in-bucuresti-directorul-companiei-nu-vreau-sa-iau-in-calcul-un-asemenea-scenariu\/\" \/>\n<meta property=\"og:locale\" content=\"en_GB\" \/>\n<meta property=\"og:type\" content=\"article\" \/>\n<meta property=\"og:title\" content=\"Angaja\u021bii ELCEN amenin\u021b\u0103 c\u0103 opresc c\u0103ldura \u00een Bucure\u0219ti. Directorul companiei: \u201eNu vreau s\u0103 iau \u00een calcul un asemenea scenariu\u201d\" \/>\n<meta property=\"og:description\" content=\"Angaja\u021bii Elcen amenin\u021b\u0103 c\u0103 opresc c\u0103ldura \u00een Bucure\u0219ti. Directorul companiei: \u201eNu vreau s\u0103 iau \u00een calcul un asemenea scenariu\u201d.\" \/>\n<meta property=\"og:url\" content=\"https:\/\/buletin.de\/bucuresti\/angajatii-elcen-ameninta-ca-opresc-caldura-in-bucuresti-directorul-companiei-nu-vreau-sa-iau-in-calcul-un-asemenea-scenariu\/\" \/>\n<meta property=\"og:site_name\" content=\"Buletin de Bucure\u0219ti\" \/>\n<meta property=\"article:publisher\" content=\"https:\/\/www.facebook.com\/buletin.de.buc\" \/>\n<meta property=\"article:published_time\" content=\"2025-01-27T11:38:43+00:00\" \/>\n<meta property=\"article:modified_time\" content=\"2025-01-27T12:48:41+00:00\" \/>\n<meta property=\"og:image\" content=\"https:\/\/buletin.de\/bucuresti\/wp-content\/uploads\/cetprogresul1-1.png\" \/>\n\t<meta property=\"og:image:width\" content=\"1266\" \/>\n\t<meta property=\"og:image:height\" content=\"780\" \/>\n\t<meta property=\"og:image:type\" content=\"image\/png\" \/>\n<meta name=\"author\" content=\"C\u0103t\u0103lin Anghel-Dimache\" \/>\n<meta name=\"twitter:card\" content=\"summary_large_image\" \/>\n<meta name=\"twitter:label1\" content=\"Written by\" \/>\n\t<meta name=\"twitter:data1\" content=\"C\u0103t\u0103lin Anghel-Dimache\" \/>\n\t<meta name=\"twitter:label2\" content=\"Estimated reading time\" \/>\n\t<meta name=\"twitter:data2\" content=\"3 minutes\" \/>\n<script type=\"application\/ld+json\" class=\"yoast-schema-graph\">{\"@context\":\"https:\\\/\\\/schema.org\",\"@graph\":[{\"@type\":\"Article\",\"@id\":\"https:\\\/\\\/buletin.de\\\/bucuresti\\\/angajatii-elcen-ameninta-ca-opresc-caldura-in-bucuresti-directorul-companiei-nu-vreau-sa-iau-in-calcul-un-asemenea-scenariu\\\/#article\",\"isPartOf\":{\"@id\":\"https:\\\/\\\/buletin.de\\\/bucuresti\\\/angajatii-elcen-ameninta-ca-opresc-caldura-in-bucuresti-directorul-companiei-nu-vreau-sa-iau-in-calcul-un-asemenea-scenariu\\\/\"},\"author\":{\"name\":\"C\u0103t\u0103lin Anghel-Dimache\",\"@id\":\"https:\\\/\\\/buletin.de\\\/bucuresti\\\/#\\\/schema\\\/person\\\/0ac9db30080482be87c7386a30f98796\"},\"headline\":\"Angaja\u021bii ELCEN amenin\u021b\u0103 c\u0103 opresc c\u0103ldura \u00een Bucure\u0219ti. Directorul companiei: \u201eNu vreau s\u0103 iau \u00een calcul un asemenea scenariu\u201d\",\"datePublished\":\"2025-01-27T11:38:43+00:00\",\"dateModified\":\"2025-01-27T12:48:41+00:00\",\"mainEntityOfPage\":{\"@id\":\"https:\\\/\\\/buletin.de\\\/bucuresti\\\/angajatii-elcen-ameninta-ca-opresc-caldura-in-bucuresti-directorul-companiei-nu-vreau-sa-iau-in-calcul-un-asemenea-scenariu\\\/\"},\"wordCount\":769,\"publisher\":{\"@id\":\"https:\\\/\\\/buletin.de\\\/bucuresti\\\/#organization\"},\"image\":{\"@id\":\"https:\\\/\\\/buletin.de\\\/bucuresti\\\/angajatii-elcen-ameninta-ca-opresc-caldura-in-bucuresti-directorul-companiei-nu-vreau-sa-iau-in-calcul-un-asemenea-scenariu\\\/#primaryimage\"},\"thumbnailUrl\":\"https:\\\/\\\/buletin.de\\\/bucuresti\\\/wp-content\\\/uploads\\\/cetprogresul1-1.png\",\"keywords\":[\"apa calda\",\"bucuresti\",\"caldura\",\"Capitala\",\"cet\",\"elcen\",\"protest\",\"termoficare\"],\"articleSection\":[\"Articole\",\"Eveniment\",\"Main\",\"Termoficare\"],\"inLanguage\":\"en-GB\",\"copyrightYear\":\"2025\",\"copyrightHolder\":{\"@id\":\"https:\\\/\\\/buletin.de\\\/bucuresti\\\/#organization\"}},{\"@type\":\"WebPage\",\"@id\":\"https:\\\/\\\/buletin.de\\\/bucuresti\\\/angajatii-elcen-ameninta-ca-opresc-caldura-in-bucuresti-directorul-companiei-nu-vreau-sa-iau-in-calcul-un-asemenea-scenariu\\\/\",\"url\":\"https:\\\/\\\/buletin.de\\\/bucuresti\\\/angajatii-elcen-ameninta-ca-opresc-caldura-in-bucuresti-directorul-companiei-nu-vreau-sa-iau-in-calcul-un-asemenea-scenariu\\\/\",\"name\":\"Angaja\u021bii ELCEN amenin\u021b\u0103 c\u0103 opresc c\u0103ldura \u00een Bucure\u0219ti. Directorul companiei: \u201eNu vreau s\u0103 iau \u00een calcul un asemenea scenariu\u201d - Buletin de Bucure\u0219ti\",\"isPartOf\":{\"@id\":\"https:\\\/\\\/buletin.de\\\/bucuresti\\\/#website\"},\"primaryImageOfPage\":{\"@id\":\"https:\\\/\\\/buletin.de\\\/bucuresti\\\/angajatii-elcen-ameninta-ca-opresc-caldura-in-bucuresti-directorul-companiei-nu-vreau-sa-iau-in-calcul-un-asemenea-scenariu\\\/#primaryimage\"},\"image\":{\"@id\":\"https:\\\/\\\/buletin.de\\\/bucuresti\\\/angajatii-elcen-ameninta-ca-opresc-caldura-in-bucuresti-directorul-companiei-nu-vreau-sa-iau-in-calcul-un-asemenea-scenariu\\\/#primaryimage\"},\"thumbnailUrl\":\"https:\\\/\\\/buletin.de\\\/bucuresti\\\/wp-content\\\/uploads\\\/cetprogresul1-1.png\",\"datePublished\":\"2025-01-27T11:38:43+00:00\",\"dateModified\":\"2025-01-27T12:48:41+00:00\",\"description\":\"Angaja\u021bii Elcen amenin\u021b\u0103 c\u0103 opresc c\u0103ldura \u00een Bucure\u0219ti. Directorul companiei: \u201eNu vreau s\u0103 iau \u00een calcul un asemenea scenariu\u201d.\",\"breadcrumb\":{\"@id\":\"https:\\\/\\\/buletin.de\\\/bucuresti\\\/angajatii-elcen-ameninta-ca-opresc-caldura-in-bucuresti-directorul-companiei-nu-vreau-sa-iau-in-calcul-un-asemenea-scenariu\\\/#breadcrumb\"},\"inLanguage\":\"en-GB\",\"potentialAction\":[{\"@type\":\"ReadAction\",\"target\":[\"https:\\\/\\\/buletin.de\\\/bucuresti\\\/angajatii-elcen-ameninta-ca-opresc-caldura-in-bucuresti-directorul-companiei-nu-vreau-sa-iau-in-calcul-un-asemenea-scenariu\\\/\"]}]},{\"@type\":\"ImageObject\",\"inLanguage\":\"en-GB\",\"@id\":\"https:\\\/\\\/buletin.de\\\/bucuresti\\\/angajatii-elcen-ameninta-ca-opresc-caldura-in-bucuresti-directorul-companiei-nu-vreau-sa-iau-in-calcul-un-asemenea-scenariu\\\/#primaryimage\",\"url\":\"https:\\\/\\\/buletin.de\\\/bucuresti\\\/wp-content\\\/uploads\\\/cetprogresul1-1.png\",\"contentUrl\":\"https:\\\/\\\/buletin.de\\\/bucuresti\\\/wp-content\\\/uploads\\\/cetprogresul1-1.png\",\"width\":1266,\"height\":780,\"caption\":\"Angaja\u021bii Elcen amenin\u021b\u0103 c\u0103 opresc c\u0103ldura \u00een Bucure\u0219ti. FOTO: arhiv\u0103\"},{\"@type\":\"BreadcrumbList\",\"@id\":\"https:\\\/\\\/buletin.de\\\/bucuresti\\\/angajatii-elcen-ameninta-ca-opresc-caldura-in-bucuresti-directorul-companiei-nu-vreau-sa-iau-in-calcul-un-asemenea-scenariu\\\/#breadcrumb\",\"itemListElement\":[{\"@type\":\"ListItem\",\"position\":1,\"name\":\"Acas\u0103\",\"item\":\"https:\\\/\\\/buletin.de\\\/bucuresti\\\/\"},{\"@type\":\"ListItem\",\"position\":2,\"name\":\"Angaja\u021bii ELCEN amenin\u021b\u0103 c\u0103 opresc c\u0103ldura \u00een Bucure\u0219ti. Directorul companiei: \u201eNu vreau s\u0103 iau \u00een calcul un asemenea scenariu\u201d\"}]},{\"@type\":\"WebSite\",\"@id\":\"https:\\\/\\\/buletin.de\\\/bucuresti\\\/#website\",\"url\":\"https:\\\/\\\/buletin.de\\\/bucuresti\\\/\",\"name\":\"Buletin de Bucure\u0219ti\",\"description\":\"\u0218tiri \u0219i investiga\u021bii esen\u021biale din capital\u0103\",\"publisher\":{\"@id\":\"https:\\\/\\\/buletin.de\\\/bucuresti\\\/#organization\"},\"potentialAction\":[{\"@type\":\"SearchAction\",\"target\":{\"@type\":\"EntryPoint\",\"urlTemplate\":\"https:\\\/\\\/buletin.de\\\/bucuresti\\\/?s={search_term_string}\"},\"query-input\":{\"@type\":\"PropertyValueSpecification\",\"valueRequired\":true,\"valueName\":\"search_term_string\"}}],\"inLanguage\":\"en-GB\"},{\"@type\":\"Organization\",\"@id\":\"https:\\\/\\\/buletin.de\\\/bucuresti\\\/#organization\",\"name\":\"Buletin de Bucure\u0219ti\",\"url\":\"https:\\\/\\\/buletin.de\\\/bucuresti\\\/\",\"logo\":{\"@type\":\"ImageObject\",\"inLanguage\":\"en-GB\",\"@id\":\"https:\\\/\\\/buletin.de\\\/bucuresti\\\/#\\\/schema\\\/logo\\\/image\\\/\",\"url\":\"https:\\\/\\\/buletin.de\\\/bucuresti\\\/wp-content\\\/uploads\\\/logo-bdb-full-wide-vernil-transparent.png\",\"contentUrl\":\"https:\\\/\\\/buletin.de\\\/bucuresti\\\/wp-content\\\/uploads\\\/logo-bdb-full-wide-vernil-transparent.png\",\"width\":1782,\"height\":626,\"caption\":\"Buletin de Bucure\u0219ti\"},\"image\":{\"@id\":\"https:\\\/\\\/buletin.de\\\/bucuresti\\\/#\\\/schema\\\/logo\\\/image\\\/\"},\"sameAs\":[\"https:\\\/\\\/www.facebook.com\\\/buletin.de.buc\",\"https:\\\/\\\/www.instagram.com\\\/buletinde.bucuresti\\\/\"]},{\"@type\":\"Person\",\"@id\":\"https:\\\/\\\/buletin.de\\\/bucuresti\\\/#\\\/schema\\\/person\\\/0ac9db30080482be87c7386a30f98796\",\"name\":\"C\u0103t\u0103lin Anghel-Dimache\",\"image\":{\"@type\":\"ImageObject\",\"inLanguage\":\"en-GB\",\"@id\":\"https:\\\/\\\/buletin.de\\\/bucuresti\\\/wp-content\\\/uploads\\\/Catalin-Anghel-Dimache-96x96.jpgbd9e43c5b25186d5b8e917ac61ad86c4\",\"url\":\"https:\\\/\\\/buletin.de\\\/bucuresti\\\/wp-content\\\/uploads\\\/Catalin-Anghel-Dimache-96x96.jpg\",\"contentUrl\":\"https:\\\/\\\/buletin.de\\\/bucuresti\\\/wp-content\\\/uploads\\\/Catalin-Anghel-Dimache-96x96.jpg\",\"caption\":\"C\u0103t\u0103lin Anghel-Dimache\"},\"description\":\"A absolvit Facultatea de Jurnalism \u0219i \u0218tiin\u021bele Comunic\u0103rii a Universit\u0103\u021bii din Bucure\u0219ti \u00een 2024. Scrie despre mediu \u0219i teme sociale, dar \u0219i despre cum se reflect\u0103 ele \u00een via\u021ba cotidian\u0103 a bucure\u0219tenilor, cu un ochi atent la pove\u0219tile personale din spatele titlurilor. N\u0103scut \u0219i crescut \u00een Bucure\u0219ti, a f\u0103cut un pas c\u0103tre presa local\u0103, din pasiune pentru ora\u0219ul s\u0103u \u0219i oamenii din el.\",\"url\":\"https:\\\/\\\/buletin.de\\\/bucuresti\\\/author\\\/catalin-anghel-dimache\\\/\"}]}<\/script>\n<!-- \/ Yoast SEO Premium plugin. -->","yoast_head_json":{"title":"Angaja\u021bii ELCEN amenin\u021b\u0103 c\u0103 opresc c\u0103ldura \u00een Bucure\u0219ti. Directorul companiei: \u201eNu vreau s\u0103 iau \u00een calcul un asemenea scenariu\u201d - Buletin de Bucure\u0219ti","description":"Angaja\u021bii Elcen amenin\u021b\u0103 c\u0103 opresc c\u0103ldura \u00een Bucure\u0219ti. Directorul companiei: \u201eNu vreau s\u0103 iau \u00een calcul un asemenea scenariu\u201d.","robots":{"index":"index","follow":"follow","max-snippet":"max-snippet:-1","max-image-preview":"max-image-preview:large","max-video-preview":"max-video-preview:-1"},"canonical":"https:\/\/buletin.de\/bucuresti\/angajatii-elcen-ameninta-ca-opresc-caldura-in-bucuresti-directorul-companiei-nu-vreau-sa-iau-in-calcul-un-asemenea-scenariu\/","og_locale":"en_GB","og_type":"article","og_title":"Angaja\u021bii ELCEN amenin\u021b\u0103 c\u0103 opresc c\u0103ldura \u00een Bucure\u0219ti. Directorul companiei: \u201eNu vreau s\u0103 iau \u00een calcul un asemenea scenariu\u201d","og_description":"Angaja\u021bii Elcen amenin\u021b\u0103 c\u0103 opresc c\u0103ldura \u00een Bucure\u0219ti. Directorul companiei: \u201eNu vreau s\u0103 iau \u00een calcul un asemenea scenariu\u201d.","og_url":"https:\/\/buletin.de\/bucuresti\/angajatii-elcen-ameninta-ca-opresc-caldura-in-bucuresti-directorul-companiei-nu-vreau-sa-iau-in-calcul-un-asemenea-scenariu\/","og_site_name":"Buletin de Bucure\u0219ti","article_publisher":"https:\/\/www.facebook.com\/buletin.de.buc","article_published_time":"2025-01-27T11:38:43+00:00","article_modified_time":"2025-01-27T12:48:41+00:00","og_image":[{"width":1266,"height":780,"url":"https:\/\/buletin.de\/bucuresti\/wp-content\/uploads\/cetprogresul1-1.png","type":"image\/png"}],"author":"C\u0103t\u0103lin Anghel-Dimache","twitter_card":"summary_large_image","twitter_misc":{"Written by":"C\u0103t\u0103lin Anghel-Dimache","Estimated reading time":"3 minutes"},"schema":{"@context":"https:\/\/schema.org","@graph":[{"@type":"Article","@id":"https:\/\/buletin.de\/bucuresti\/angajatii-elcen-ameninta-ca-opresc-caldura-in-bucuresti-directorul-companiei-nu-vreau-sa-iau-in-calcul-un-asemenea-scenariu\/#article","isPartOf":{"@id":"https:\/\/buletin.de\/bucuresti\/angajatii-elcen-ameninta-ca-opresc-caldura-in-bucuresti-directorul-companiei-nu-vreau-sa-iau-in-calcul-un-asemenea-scenariu\/"},"author":{"name":"C\u0103t\u0103lin Anghel-Dimache","@id":"https:\/\/buletin.de\/bucuresti\/#\/schema\/person\/0ac9db30080482be87c7386a30f98796"},"headline":"Angaja\u021bii ELCEN amenin\u021b\u0103 c\u0103 opresc c\u0103ldura \u00een Bucure\u0219ti. Directorul companiei: \u201eNu vreau s\u0103 iau \u00een calcul un asemenea scenariu\u201d","datePublished":"2025-01-27T11:38:43+00:00","dateModified":"2025-01-27T12:48:41+00:00","mainEntityOfPage":{"@id":"https:\/\/buletin.de\/bucuresti\/angajatii-elcen-ameninta-ca-opresc-caldura-in-bucuresti-directorul-companiei-nu-vreau-sa-iau-in-calcul-un-asemenea-scenariu\/"},"wordCount":769,"publisher":{"@id":"https:\/\/buletin.de\/bucuresti\/#organization"},"image":{"@id":"https:\/\/buletin.de\/bucuresti\/angajatii-elcen-ameninta-ca-opresc-caldura-in-bucuresti-directorul-companiei-nu-vreau-sa-iau-in-calcul-un-asemenea-scenariu\/#primaryimage"},"thumbnailUrl":"https:\/\/buletin.de\/bucuresti\/wp-content\/uploads\/cetprogresul1-1.png","keywords":["apa calda","bucuresti","caldura","Capitala","cet","elcen","protest","termoficare"],"articleSection":["Articole","Eveniment","Main","Termoficare"],"inLanguage":"en-GB","copyrightYear":"2025","copyrightHolder":{"@id":"https:\/\/buletin.de\/bucuresti\/#organization"}},{"@type":"WebPage","@id":"https:\/\/buletin.de\/bucuresti\/angajatii-elcen-ameninta-ca-opresc-caldura-in-bucuresti-directorul-companiei-nu-vreau-sa-iau-in-calcul-un-asemenea-scenariu\/","url":"https:\/\/buletin.de\/bucuresti\/angajatii-elcen-ameninta-ca-opresc-caldura-in-bucuresti-directorul-companiei-nu-vreau-sa-iau-in-calcul-un-asemenea-scenariu\/","name":"Angaja\u021bii ELCEN amenin\u021b\u0103 c\u0103 opresc c\u0103ldura \u00een Bucure\u0219ti. Directorul companiei: \u201eNu vreau s\u0103 iau \u00een calcul un asemenea scenariu\u201d - Buletin de Bucure\u0219ti","isPartOf":{"@id":"https:\/\/buletin.de\/bucuresti\/#website"},"primaryImageOfPage":{"@id":"https:\/\/buletin.de\/bucuresti\/angajatii-elcen-ameninta-ca-opresc-caldura-in-bucuresti-directorul-companiei-nu-vreau-sa-iau-in-calcul-un-asemenea-scenariu\/#primaryimage"},"image":{"@id":"https:\/\/buletin.de\/bucuresti\/angajatii-elcen-ameninta-ca-opresc-caldura-in-bucuresti-directorul-companiei-nu-vreau-sa-iau-in-calcul-un-asemenea-scenariu\/#primaryimage"},"thumbnailUrl":"https:\/\/buletin.de\/bucuresti\/wp-content\/uploads\/cetprogresul1-1.png","datePublished":"2025-01-27T11:38:43+00:00","dateModified":"2025-01-27T12:48:41+00:00","description":"Angaja\u021bii Elcen amenin\u021b\u0103 c\u0103 opresc c\u0103ldura \u00een Bucure\u0219ti. Directorul companiei: \u201eNu vreau s\u0103 iau \u00een calcul un asemenea scenariu\u201d.","breadcrumb":{"@id":"https:\/\/buletin.de\/bucuresti\/angajatii-elcen-ameninta-ca-opresc-caldura-in-bucuresti-directorul-companiei-nu-vreau-sa-iau-in-calcul-un-asemenea-scenariu\/#breadcrumb"},"inLanguage":"en-GB","potentialAction":[{"@type":"ReadAction","target":["https:\/\/buletin.de\/bucuresti\/angajatii-elcen-ameninta-ca-opresc-caldura-in-bucuresti-directorul-companiei-nu-vreau-sa-iau-in-calcul-un-asemenea-scenariu\/"]}]},{"@type":"ImageObject","inLanguage":"en-GB","@id":"https:\/\/buletin.de\/bucuresti\/angajatii-elcen-ameninta-ca-opresc-caldura-in-bucuresti-directorul-companiei-nu-vreau-sa-iau-in-calcul-un-asemenea-scenariu\/#primaryimage","url":"https:\/\/buletin.de\/bucuresti\/wp-content\/uploads\/cetprogresul1-1.png","contentUrl":"https:\/\/buletin.de\/bucuresti\/wp-content\/uploads\/cetprogresul1-1.png","width":1266,"height":780,"caption":"Angaja\u021bii Elcen amenin\u021b\u0103 c\u0103 opresc c\u0103ldura \u00een Bucure\u0219ti. FOTO: arhiv\u0103"},{"@type":"BreadcrumbList","@id":"https:\/\/buletin.de\/bucuresti\/angajatii-elcen-ameninta-ca-opresc-caldura-in-bucuresti-directorul-companiei-nu-vreau-sa-iau-in-calcul-un-asemenea-scenariu\/#breadcrumb","itemListElement":[{"@type":"ListItem","position":1,"name":"Acas\u0103","item":"https:\/\/buletin.de\/bucuresti\/"},{"@type":"ListItem","position":2,"name":"Angaja\u021bii ELCEN amenin\u021b\u0103 c\u0103 opresc c\u0103ldura \u00een Bucure\u0219ti. Directorul companiei: \u201eNu vreau s\u0103 iau \u00een calcul un asemenea scenariu\u201d"}]},{"@type":"WebSite","@id":"https:\/\/buletin.de\/bucuresti\/#website","url":"https:\/\/buletin.de\/bucuresti\/","name":"Buletin de Bucure\u0219ti","description":"\u0218tiri \u0219i investiga\u021bii esen\u021biale din capital\u0103","publisher":{"@id":"https:\/\/buletin.de\/bucuresti\/#organization"},"potentialAction":[{"@type":"SearchAction","target":{"@type":"EntryPoint","urlTemplate":"https:\/\/buletin.de\/bucuresti\/?s={search_term_string}"},"query-input":{"@type":"PropertyValueSpecification","valueRequired":true,"valueName":"search_term_string"}}],"inLanguage":"en-GB"},{"@type":"Organization","@id":"https:\/\/buletin.de\/bucuresti\/#organization","name":"Buletin de Bucure\u0219ti","url":"https:\/\/buletin.de\/bucuresti\/","logo":{"@type":"ImageObject","inLanguage":"en-GB","@id":"https:\/\/buletin.de\/bucuresti\/#\/schema\/logo\/image\/","url":"https:\/\/buletin.de\/bucuresti\/wp-content\/uploads\/logo-bdb-full-wide-vernil-transparent.png","contentUrl":"https:\/\/buletin.de\/bucuresti\/wp-content\/uploads\/logo-bdb-full-wide-vernil-transparent.png","width":1782,"height":626,"caption":"Buletin de Bucure\u0219ti"},"image":{"@id":"https:\/\/buletin.de\/bucuresti\/#\/schema\/logo\/image\/"},"sameAs":["https:\/\/www.facebook.com\/buletin.de.buc","https:\/\/www.instagram.com\/buletinde.bucuresti\/"]},{"@type":"Person","@id":"https:\/\/buletin.de\/bucuresti\/#\/schema\/person\/0ac9db30080482be87c7386a30f98796","name":"C\u0103t\u0103lin Anghel-Dimache","image":{"@type":"ImageObject","inLanguage":"en-GB","@id":"https:\/\/buletin.de\/bucuresti\/wp-content\/uploads\/Catalin-Anghel-Dimache-96x96.jpgbd9e43c5b25186d5b8e917ac61ad86c4","url":"https:\/\/buletin.de\/bucuresti\/wp-content\/uploads\/Catalin-Anghel-Dimache-96x96.jpg","contentUrl":"https:\/\/buletin.de\/bucuresti\/wp-content\/uploads\/Catalin-Anghel-Dimache-96x96.jpg","caption":"C\u0103t\u0103lin Anghel-Dimache"},"description":"A absolvit Facultatea de Jurnalism \u0219i \u0218tiin\u021bele Comunic\u0103rii a Universit\u0103\u021bii din Bucure\u0219ti \u00een 2024. Scrie despre mediu \u0219i teme sociale, dar \u0219i despre cum se reflect\u0103 ele \u00een via\u021ba cotidian\u0103 a bucure\u0219tenilor, cu un ochi atent la pove\u0219tile personale din spatele titlurilor. N\u0103scut \u0219i crescut \u00een Bucure\u0219ti, a f\u0103cut un pas c\u0103tre presa local\u0103, din pasiune pentru ora\u0219ul s\u0103u \u0219i oamenii din el.","url":"https:\/\/buletin.de\/bucuresti\/author\/catalin-anghel-dimache\/"}]}},"authors":[{"term_id":22572,"user_id":59,"is_guest":0,"slug":"catalin-anghel-dimache","display_name":"C\u0103t\u0103lin Anghel-Dimache","avatar_url":"https:\/\/buletin.de\/bucuresti\/wp-content\/uploads\/Catalin-Anghel-Dimache-96x96.jpg","0":null,"1":"","2":"","3":"","4":"","5":"","6":"","7":"","8":""}],"_links":{"self":[{"href":"https:\/\/buletin.de\/bucuresti\/wp-json\/wp\/v2\/posts\/115896","targetHints":{"allow":["GET"]}}],"collection":[{"href":"https:\/\/buletin.de\/bucuresti\/wp-json\/wp\/v2\/posts"}],"about":[{"href":"https:\/\/buletin.de\/bucuresti\/wp-json\/wp\/v2\/types\/post"}],"author":[{"embeddable":true,"href":"https:\/\/buletin.de\/bucuresti\/wp-json\/wp\/v2\/users\/59"}],"replies":[{"embeddable":true,"href":"https:\/\/buletin.de\/bucuresti\/wp-json\/wp\/v2\/comments?post=115896"}],"version-history":[{"count":5,"href":"https:\/\/buletin.de\/bucuresti\/wp-json\/wp\/v2\/posts\/115896\/revisions"}],"predecessor-version":[{"id":115917,"href":"https:\/\/buletin.de\/bucuresti\/wp-json\/wp\/v2\/posts\/115896\/revisions\/115917"}],"wp:featuredmedia":[{"embeddable":true,"href":"https:\/\/buletin.de\/bucuresti\/wp-json\/wp\/v2\/media\/115897"}],"wp:attachment":[{"href":"https:\/\/buletin.de\/bucuresti\/wp-json\/wp\/v2\/media?parent=115896"}],"wp:term":[{"taxonomy":"category","embeddable":true,"href":"https:\/\/buletin.de\/bucuresti\/wp-json\/wp\/v2\/categories?post=115896"},{"taxonomy":"post_tag","embeddable":true,"href":"https:\/\/buletin.de\/bucuresti\/wp-json\/wp\/v2\/tags?post=115896"},{"taxonomy":"author","embeddable":true,"href":"https:\/\/buletin.de\/bucuresti\/wp-json\/wp\/v2\/ppma_author?post=115896"}],"curies":[{"name":"wp","href":"https:\/\/api.w.org\/{rel}","templated":true}]}}