{"id":115856,"date":"2025-01-27T02:01:24","date_gmt":"2025-01-26T23:01:24","guid":{"rendered":"https:\/\/buletin.de\/bucuresti\/?p=115856"},"modified":"2025-01-27T02:02:14","modified_gmt":"2025-01-26T23:02:14","slug":"cum-explica-judecatorii-ca-l-au-scapat-de-inchisoare-pe-fostul-primar-dan-tudorache-suma-prea-mica-pentru-un-om-atat-de-educat","status":"publish","type":"post","link":"https:\/\/buletin.de\/bucuresti\/cum-explica-judecatorii-ca-l-au-scapat-de-inchisoare-pe-fostul-primar-dan-tudorache-suma-prea-mica-pentru-un-om-atat-de-educat\/","title":{"rendered":"Cum explic\u0103 judec\u0103torii c\u0103 l-au sc\u0103pat de \u00eenchisoare pe fostul primar Dan Tudorache: suma prea mic\u0103 pentru un om at\u00e2t de educat"},"content":{"rendered":"\n<p><strong>Fostul primar Dan Tudorache a sc\u0103pat de \u00eenchisoare, de\u0219i a fost g\u0103sit vinovat pentru complicitate la trafic de influen\u0163\u0103, pentru c\u0103 suma primit\u0103 este mic\u0103, iar fostul edil are un nivel \u00eenalt de educa\u0163ie.<\/strong><\/p>\n\n\n\n<h2 class=\"wp-block-heading\" id=\"h-condamnat-in-dosarul-diamantelor\">Condamnat \u00een \u201edosarul diamantelor\u201d<\/h2>\n\n\n\n<p>Fostul primar PSD al Sectorului 1 a fost condamnat definitiv, pe 21 ianuarie, la 3 ani de \u00eenchisoare cu suspendare, \u00een \u201edosarul diamantelor\u201d, \u00een care a fost acuzat de DNA de sp\u0103lare de bani \u0219i complicitate la trafic de influen\u021b\u0103. <\/p>\n\n\n\n<p>Mitele primite de Ion Ni\u021b\u0103, un apropiat al fostul primar PSD al Sectorului 1, care pretindea c\u0103 este na\u0219ul acestuia din urm\u0103 (\u00eens\u0103 Tudorache neag\u0103 acest lucru), ar fi ajuns \u0219i la fostul edil, conform anchetatorilor<\/p>\n\n\n\n<p>Procurorii au sus\u021binut c\u0103, \u00een perioada septembrie 2016 \u2013 mai 2017, Ion Ni\u021b\u0103 ar fi \u00eencasat un comision de 10% din valoarea contractului pe care Bogdan \u0218ovar, patronul firmei de paz\u0103 Tiger Security, \u00eel avea cu Protec\u021bia Copilului Sector 1.<\/p>\n\n\n\n<p>Procurorii au g\u0103sit\u00a0<strong>258 de bijuterii\u00a0<\/strong>la perchezi\u021bii la menajera familiei Tudorache, \u0218tefana \u201eFana\u201d Jurowska. So\u021bia primarului, Adina Tudorache, a sus\u021binut c\u0103 \u021binea bijuteriile \u00een casa menajerei de teama ho\u021bilor.<\/p>\n\n\n\n<p>Dup\u0103 expertiz\u0103, procurorii au constatat c\u0103 cele 258 de bijuterii valoreaz\u0103 2 milioane de euro (9.784.295 lei).\u00a0<\/p>\n\n\n\n<p><strong>CITE\u0218TE \u0218I: <a href=\"https:\/\/buletin.de\/bucuresti\/fostul-primar-psd-al-sectorului-1-condamnat-definitiv-dar-scapa-de-inchisoare-in-dosarul-diamantelor\/\" target=\"_blank\" rel=\"noreferrer noopener\">Fostul primar PSD al Sectorului 1, condamnat definitiv, dar scap\u0103 de \u00eenchisoare, \u00een \u201edosarul diamantelor\u201d<\/a><\/strong><\/p>\n\n\n\n<h2 class=\"wp-block-heading\" id=\"h-de-ce-nu-va-face-inchisoare-fostul-primar-dan-tudorache\">De ce nu va face \u00eenchisoare fostul primar Dan Tudorache<\/h2>\n\n\n\n<p><strong>Ini\u021bial, fostul primar al Sectorului 1 a fost condamntat de \u00cenalta Curte de Casa\u021bie \u0219i Justi\u021bie la trei ani \u0219i jum\u0103tate de \u00eenchisoare cu executare. Dup\u0103 ce a f\u0103cut recurs, o a doua instan\u021b\u0103 a decis s\u0103 re\u021bin\u0103 doar acuza\u021bia de complicitate la trafic de influen\u021b\u0103 \u0219i s\u0103 reduc\u0103 pedeapsa la doar trei ani cu suspendare<\/strong><\/p>\n\n\n\n<p>\u201eReevalu\u00e2nd particularit\u0103\u0163ile cauzei (\u2026), \u00cenalta Curte \u2013 Completul de 5 Judec\u0103tori re\u0163ine \u00eemprejur\u0103rile concrete \u00een care a fost desf\u0103\u015furat\u0103 activitatea infrac\u0163ional\u0103, mijloacele folosite, starea de pericol creat\u0103 prin comiterea actelor de complicitate,\u00a0<strong>valoarea redus\u0103 a folosului necuvenit primit<\/strong>,\u00a0<strong>dar \u015fi circumstan\u0163ele personale pozitive ale inculpatului (Daniel Tudorache \u2013 n.r.), cu prec\u0103dere nivelul \u00eenalt de educa\u0163ie \u015fi situa\u0163ia sa social\u0103<\/strong>\u201d, a motivat instan\u021ba reducerea pedepsei, potrivit G4 Media.<\/p>\n\n\n\n<p>\u00cen primul r\u00e2nd, completul de 5 judec\u0103tori a confirmat decizia de achitare pentru sp\u0103lare de bani \u00een cazul lui Daniel Tudorache \u015fi pentru complicitate la sp\u0103lare de bani \u00een cazul so\u0163iei sale, Adina Tudorache.<\/p>\n\n\n\n<p><strong>Judec\u0103torii au explicat c\u0103 suma de aproape 57.000 de euro primit\u0103 mit\u0103 de Dan Tudorache nu a fost sp\u0103lat\u0103 de acesta, ci pur \u015fi simplu cheltuit\u0103.<\/strong><\/p>\n\n\n\n<p>\u201eDin analiza financiar\u0103 a conturilor inculpatului Tudorache Daniel, a rezultat c\u0103, \u00een perioada \u00een care inculpatul Ni\u0163\u0103 Ion (na\u015ful primarului \u2013 n.r.) i-a dat, \u00een numerar, o parte din banii primi\u0163i de la martorul \u015eovar Constantin Bogdan (denun\u0163\u0103torul, patron al Tiger Security \u2013n.r.), nu s-au f\u0103cut pl\u0103\u0163i semnificative din conturile personale, inculpatul Tudorache Daniel folosind banii proveni\u0163i din infrac\u0163iune pentru achizi\u0163ionarea produselor necesare traiului zilnic\u201d, au\u00a0 ar\u0103tat judec\u0103torii \u00een motivare.<\/p>\n\n\n\n<p><strong>Mai multe detalii \u00een <a href=\"https:\/\/www.g4media.ro\/motivare-de-ce-fostul-primar-psd-al-sectorului-1-daniel-tudorache-a-fost-condamnat-cu-suspendare-si-de-ce-instanta-nu-i-a-confiscat-diamantele-si-bijuteriile-de-2-milioane-de-euro.html\" target=\"_blank\" rel=\"noreferrer noopener\">G4Media<\/a>.<\/strong><\/p>\n\n\n\n<p><strong>CITE\u0218TE \u0218I: <a href=\"https:\/\/buletin.de\/bucuresti\/furtul-din-olanda-muzeul-drents-este-mai-modern-decat-toate-muzeele-din-romania\/\" target=\"_blank\" rel=\"noreferrer noopener\">Furtul din Olanda. \u201eMuzeul Drents este mai modern dec\u00e2t toate muzeele din Rom\u00e2nia\u201d<\/a><\/strong><\/p>\n","protected":false},"excerpt":{"rendered":"<p>Fostul primar Dan Tudorache a sc\u0103pat de \u00eenchisoare, de\u0219i a fost g\u0103sit vinovat pentru complicitate la trafic de influen\u0163\u0103, pentru c\u0103 suma primit\u0103 este mic\u0103, iar fostul edil are un nivel \u00eenalt de educa\u0163ie. Condamnat \u00een \u201edosarul diamantelor\u201d Fostul primar PSD al Sectorului 1 a fost condamnat definitiv, pe 21 ianuarie, la 3 ani de [&hellip;]<\/p>\n","protected":false},"author":1,"featured_media":115859,"comment_status":"closed","ping_status":"open","sticky":false,"template":"","format":"standard","meta":{"_acf_changed":false,"inline_featured_image":false,"ngg_post_thumbnail":0,"footnotes":""},"categories":[6994,9026,5762],"tags":[2169,663,1233,2577,11161],"ppma_author":[22583],"class_list":["post-115856","post","type-post","status-publish","format-standard","has-post-thumbnail","hentry","category-stiri-2","category-eveniment","category-main","tag-condamnare","tag-dan-tudorache","tag-daniel-tudorache","tag-inchisoare-cu-suspendare","tag-primarul-sectorului-1"],"acf":[],"yoast_head":"<!-- This site is optimized with the Yoast SEO Premium plugin v25.3 (Yoast SEO v27.4) - https:\/\/yoast.com\/product\/yoast-seo-premium-wordpress\/ -->\n<title>Cum explic\u0103 judec\u0103torii c\u0103 l-au sc\u0103pat de \u00eenchisoare pe fostul primar Dan Tudorache: suma prea mic\u0103 pentru un om at\u00e2t de educat - Buletin de Bucure\u0219ti<\/title>\n<meta name=\"description\" content=\"Fostul primar Dan Tudorache a sc\u0103pat de \u00eenchisoare, de\u0219i a fost g\u0103sit vinovat, pentru c\u0103 suma primit\u0103 este mic\u0103.\" \/>\n<meta name=\"robots\" content=\"index, follow, max-snippet:-1, max-image-preview:large, max-video-preview:-1\" \/>\n<link rel=\"canonical\" href=\"https:\/\/buletin.de\/bucuresti\/cum-explica-judecatorii-ca-l-au-scapat-de-inchisoare-pe-fostul-primar-dan-tudorache-suma-prea-mica-pentru-un-om-atat-de-educat\/\" \/>\n<meta property=\"og:locale\" content=\"en_GB\" \/>\n<meta property=\"og:type\" content=\"article\" \/>\n<meta property=\"og:title\" content=\"Cum explic\u0103 judec\u0103torii c\u0103 l-au sc\u0103pat de \u00eenchisoare pe fostul primar Dan Tudorache: suma prea mic\u0103 pentru un om at\u00e2t de educat\" \/>\n<meta property=\"og:description\" content=\"Fostul primar Dan Tudorache a sc\u0103pat de \u00eenchisoare, de\u0219i a fost g\u0103sit vinovat, pentru c\u0103 suma primit\u0103 este mic\u0103.\" \/>\n<meta property=\"og:url\" content=\"https:\/\/buletin.de\/bucuresti\/cum-explica-judecatorii-ca-l-au-scapat-de-inchisoare-pe-fostul-primar-dan-tudorache-suma-prea-mica-pentru-un-om-atat-de-educat\/\" \/>\n<meta property=\"og:site_name\" content=\"Buletin de Bucure\u0219ti\" \/>\n<meta property=\"article:publisher\" content=\"https:\/\/www.facebook.com\/buletin.de.buc\" \/>\n<meta property=\"article:published_time\" content=\"2025-01-26T23:01:24+00:00\" \/>\n<meta property=\"article:modified_time\" content=\"2025-01-26T23:02:14+00:00\" \/>\n<meta property=\"og:image\" content=\"https:\/\/buletin.de\/bucuresti\/wp-content\/uploads\/dantudorache.jpg\" \/>\n\t<meta property=\"og:image:width\" content=\"1266\" \/>\n\t<meta property=\"og:image:height\" content=\"793\" \/>\n\t<meta property=\"og:image:type\" content=\"image\/jpeg\" \/>\n<meta name=\"author\" content=\"Redac\u021bia Buletin de Bucure\u0219ti\" \/>\n<meta name=\"twitter:card\" content=\"summary_large_image\" \/>\n<meta name=\"twitter:label1\" content=\"Written by\" \/>\n\t<meta name=\"twitter:data1\" content=\"Redac\u021bia Buletin de Bucure\u0219ti\" \/>\n\t<meta name=\"twitter:label2\" content=\"Estimated reading time\" \/>\n\t<meta name=\"twitter:data2\" content=\"3 minutes\" \/>\n<script type=\"application\/ld+json\" class=\"yoast-schema-graph\">{\"@context\":\"https:\\\/\\\/schema.org\",\"@graph\":[{\"@type\":\"Article\",\"@id\":\"https:\\\/\\\/buletin.de\\\/bucuresti\\\/cum-explica-judecatorii-ca-l-au-scapat-de-inchisoare-pe-fostul-primar-dan-tudorache-suma-prea-mica-pentru-un-om-atat-de-educat\\\/#article\",\"isPartOf\":{\"@id\":\"https:\\\/\\\/buletin.de\\\/bucuresti\\\/cum-explica-judecatorii-ca-l-au-scapat-de-inchisoare-pe-fostul-primar-dan-tudorache-suma-prea-mica-pentru-un-om-atat-de-educat\\\/\"},\"author\":{\"name\":\"Redac\u021bia Buletin de Bucure\u0219ti\",\"@id\":\"https:\\\/\\\/buletin.de\\\/bucuresti\\\/#\\\/schema\\\/person\\\/2bbcf854e5f2419a13804af574d06ab1\"},\"headline\":\"Cum explic\u0103 judec\u0103torii c\u0103 l-au sc\u0103pat de \u00eenchisoare pe fostul primar Dan Tudorache: suma prea mic\u0103 pentru un om at\u00e2t de educat\",\"datePublished\":\"2025-01-26T23:01:24+00:00\",\"dateModified\":\"2025-01-26T23:02:14+00:00\",\"mainEntityOfPage\":{\"@id\":\"https:\\\/\\\/buletin.de\\\/bucuresti\\\/cum-explica-judecatorii-ca-l-au-scapat-de-inchisoare-pe-fostul-primar-dan-tudorache-suma-prea-mica-pentru-un-om-atat-de-educat\\\/\"},\"wordCount\":561,\"publisher\":{\"@id\":\"https:\\\/\\\/buletin.de\\\/bucuresti\\\/#organization\"},\"image\":{\"@id\":\"https:\\\/\\\/buletin.de\\\/bucuresti\\\/cum-explica-judecatorii-ca-l-au-scapat-de-inchisoare-pe-fostul-primar-dan-tudorache-suma-prea-mica-pentru-un-om-atat-de-educat\\\/#primaryimage\"},\"thumbnailUrl\":\"https:\\\/\\\/buletin.de\\\/bucuresti\\\/wp-content\\\/uploads\\\/dantudorache.jpg\",\"keywords\":[\"condamnare\",\"dan tudorache\",\"daniel tudorache\",\"\u00cenchisoare cu suspendare\",\"Primarul Sectorului 1\"],\"articleSection\":[\"Articole\",\"Eveniment\",\"Main\"],\"inLanguage\":\"en-GB\",\"copyrightYear\":\"2025\",\"copyrightHolder\":{\"@id\":\"https:\\\/\\\/buletin.de\\\/bucuresti\\\/#organization\"}},{\"@type\":\"WebPage\",\"@id\":\"https:\\\/\\\/buletin.de\\\/bucuresti\\\/cum-explica-judecatorii-ca-l-au-scapat-de-inchisoare-pe-fostul-primar-dan-tudorache-suma-prea-mica-pentru-un-om-atat-de-educat\\\/\",\"url\":\"https:\\\/\\\/buletin.de\\\/bucuresti\\\/cum-explica-judecatorii-ca-l-au-scapat-de-inchisoare-pe-fostul-primar-dan-tudorache-suma-prea-mica-pentru-un-om-atat-de-educat\\\/\",\"name\":\"Cum explic\u0103 judec\u0103torii c\u0103 l-au sc\u0103pat de \u00eenchisoare pe fostul primar Dan Tudorache: suma prea mic\u0103 pentru un om at\u00e2t de educat - Buletin de Bucure\u0219ti\",\"isPartOf\":{\"@id\":\"https:\\\/\\\/buletin.de\\\/bucuresti\\\/#website\"},\"primaryImageOfPage\":{\"@id\":\"https:\\\/\\\/buletin.de\\\/bucuresti\\\/cum-explica-judecatorii-ca-l-au-scapat-de-inchisoare-pe-fostul-primar-dan-tudorache-suma-prea-mica-pentru-un-om-atat-de-educat\\\/#primaryimage\"},\"image\":{\"@id\":\"https:\\\/\\\/buletin.de\\\/bucuresti\\\/cum-explica-judecatorii-ca-l-au-scapat-de-inchisoare-pe-fostul-primar-dan-tudorache-suma-prea-mica-pentru-un-om-atat-de-educat\\\/#primaryimage\"},\"thumbnailUrl\":\"https:\\\/\\\/buletin.de\\\/bucuresti\\\/wp-content\\\/uploads\\\/dantudorache.jpg\",\"datePublished\":\"2025-01-26T23:01:24+00:00\",\"dateModified\":\"2025-01-26T23:02:14+00:00\",\"description\":\"Fostul primar Dan Tudorache a sc\u0103pat de \u00eenchisoare, de\u0219i a fost g\u0103sit vinovat, pentru c\u0103 suma primit\u0103 este mic\u0103.\",\"breadcrumb\":{\"@id\":\"https:\\\/\\\/buletin.de\\\/bucuresti\\\/cum-explica-judecatorii-ca-l-au-scapat-de-inchisoare-pe-fostul-primar-dan-tudorache-suma-prea-mica-pentru-un-om-atat-de-educat\\\/#breadcrumb\"},\"inLanguage\":\"en-GB\",\"potentialAction\":[{\"@type\":\"ReadAction\",\"target\":[\"https:\\\/\\\/buletin.de\\\/bucuresti\\\/cum-explica-judecatorii-ca-l-au-scapat-de-inchisoare-pe-fostul-primar-dan-tudorache-suma-prea-mica-pentru-un-om-atat-de-educat\\\/\"]}]},{\"@type\":\"ImageObject\",\"inLanguage\":\"en-GB\",\"@id\":\"https:\\\/\\\/buletin.de\\\/bucuresti\\\/cum-explica-judecatorii-ca-l-au-scapat-de-inchisoare-pe-fostul-primar-dan-tudorache-suma-prea-mica-pentru-un-om-atat-de-educat\\\/#primaryimage\",\"url\":\"https:\\\/\\\/buletin.de\\\/bucuresti\\\/wp-content\\\/uploads\\\/dantudorache.jpg\",\"contentUrl\":\"https:\\\/\\\/buletin.de\\\/bucuresti\\\/wp-content\\\/uploads\\\/dantudorache.jpg\",\"width\":1266,\"height\":793,\"caption\":\"Fostul primar Dan Tudorache. Foto FB Dan Tudorache\"},{\"@type\":\"BreadcrumbList\",\"@id\":\"https:\\\/\\\/buletin.de\\\/bucuresti\\\/cum-explica-judecatorii-ca-l-au-scapat-de-inchisoare-pe-fostul-primar-dan-tudorache-suma-prea-mica-pentru-un-om-atat-de-educat\\\/#breadcrumb\",\"itemListElement\":[{\"@type\":\"ListItem\",\"position\":1,\"name\":\"Acas\u0103\",\"item\":\"https:\\\/\\\/buletin.de\\\/bucuresti\\\/\"},{\"@type\":\"ListItem\",\"position\":2,\"name\":\"Cum explic\u0103 judec\u0103torii c\u0103 l-au sc\u0103pat de \u00eenchisoare pe fostul primar Dan Tudorache: suma prea mic\u0103 pentru un om at\u00e2t de educat\"}]},{\"@type\":\"WebSite\",\"@id\":\"https:\\\/\\\/buletin.de\\\/bucuresti\\\/#website\",\"url\":\"https:\\\/\\\/buletin.de\\\/bucuresti\\\/\",\"name\":\"Buletin de Bucure\u0219ti\",\"description\":\"\u0218tiri \u0219i investiga\u021bii esen\u021biale din capital\u0103\",\"publisher\":{\"@id\":\"https:\\\/\\\/buletin.de\\\/bucuresti\\\/#organization\"},\"potentialAction\":[{\"@type\":\"SearchAction\",\"target\":{\"@type\":\"EntryPoint\",\"urlTemplate\":\"https:\\\/\\\/buletin.de\\\/bucuresti\\\/?s={search_term_string}\"},\"query-input\":{\"@type\":\"PropertyValueSpecification\",\"valueRequired\":true,\"valueName\":\"search_term_string\"}}],\"inLanguage\":\"en-GB\"},{\"@type\":\"Organization\",\"@id\":\"https:\\\/\\\/buletin.de\\\/bucuresti\\\/#organization\",\"name\":\"Buletin de Bucure\u0219ti\",\"url\":\"https:\\\/\\\/buletin.de\\\/bucuresti\\\/\",\"logo\":{\"@type\":\"ImageObject\",\"inLanguage\":\"en-GB\",\"@id\":\"https:\\\/\\\/buletin.de\\\/bucuresti\\\/#\\\/schema\\\/logo\\\/image\\\/\",\"url\":\"https:\\\/\\\/buletin.de\\\/bucuresti\\\/wp-content\\\/uploads\\\/logo-bdb-full-wide-vernil-transparent.png\",\"contentUrl\":\"https:\\\/\\\/buletin.de\\\/bucuresti\\\/wp-content\\\/uploads\\\/logo-bdb-full-wide-vernil-transparent.png\",\"width\":1782,\"height\":626,\"caption\":\"Buletin de Bucure\u0219ti\"},\"image\":{\"@id\":\"https:\\\/\\\/buletin.de\\\/bucuresti\\\/#\\\/schema\\\/logo\\\/image\\\/\"},\"sameAs\":[\"https:\\\/\\\/www.facebook.com\\\/buletin.de.buc\",\"https:\\\/\\\/www.instagram.com\\\/buletinde.bucuresti\\\/\"]},{\"@type\":\"Person\",\"@id\":\"https:\\\/\\\/buletin.de\\\/bucuresti\\\/#\\\/schema\\\/person\\\/2bbcf854e5f2419a13804af574d06ab1\",\"name\":\"Redac\u021bia Buletin de Bucure\u0219ti\",\"image\":{\"@type\":\"ImageObject\",\"inLanguage\":\"en-GB\",\"@id\":\"https:\\\/\\\/secure.gravatar.com\\\/avatar\\\/18c5342381ed1a08620e6280424e3e5efc958618f5d67c522c9e44c1bc6f9226?s=96&d=monsterid&r=g60c7cd0ad92c68c049fcd4bb3504d609\",\"url\":\"https:\\\/\\\/secure.gravatar.com\\\/avatar\\\/18c5342381ed1a08620e6280424e3e5efc958618f5d67c522c9e44c1bc6f9226?s=96&d=monsterid&r=g\",\"contentUrl\":\"https:\\\/\\\/secure.gravatar.com\\\/avatar\\\/18c5342381ed1a08620e6280424e3e5efc958618f5d67c522c9e44c1bc6f9226?s=96&d=monsterid&r=g\",\"caption\":\"Redac\u021bia Buletin de Bucure\u0219ti\"},\"description\":\"Buletin de Bucure\u0219ti exist\u0103 din vara anului 2019.\",\"url\":\"https:\\\/\\\/buletin.de\\\/bucuresti\\\/author\\\/adminbuletin\\\/\"}]}<\/script>\n<!-- \/ Yoast SEO Premium plugin. -->","yoast_head_json":{"title":"Cum explic\u0103 judec\u0103torii c\u0103 l-au sc\u0103pat de \u00eenchisoare pe fostul primar Dan Tudorache: suma prea mic\u0103 pentru un om at\u00e2t de educat - Buletin de Bucure\u0219ti","description":"Fostul primar Dan Tudorache a sc\u0103pat de \u00eenchisoare, de\u0219i a fost g\u0103sit vinovat, pentru c\u0103 suma primit\u0103 este mic\u0103.","robots":{"index":"index","follow":"follow","max-snippet":"max-snippet:-1","max-image-preview":"max-image-preview:large","max-video-preview":"max-video-preview:-1"},"canonical":"https:\/\/buletin.de\/bucuresti\/cum-explica-judecatorii-ca-l-au-scapat-de-inchisoare-pe-fostul-primar-dan-tudorache-suma-prea-mica-pentru-un-om-atat-de-educat\/","og_locale":"en_GB","og_type":"article","og_title":"Cum explic\u0103 judec\u0103torii c\u0103 l-au sc\u0103pat de \u00eenchisoare pe fostul primar Dan Tudorache: suma prea mic\u0103 pentru un om at\u00e2t de educat","og_description":"Fostul primar Dan Tudorache a sc\u0103pat de \u00eenchisoare, de\u0219i a fost g\u0103sit vinovat, pentru c\u0103 suma primit\u0103 este mic\u0103.","og_url":"https:\/\/buletin.de\/bucuresti\/cum-explica-judecatorii-ca-l-au-scapat-de-inchisoare-pe-fostul-primar-dan-tudorache-suma-prea-mica-pentru-un-om-atat-de-educat\/","og_site_name":"Buletin de Bucure\u0219ti","article_publisher":"https:\/\/www.facebook.com\/buletin.de.buc","article_published_time":"2025-01-26T23:01:24+00:00","article_modified_time":"2025-01-26T23:02:14+00:00","og_image":[{"width":1266,"height":793,"url":"https:\/\/buletin.de\/bucuresti\/wp-content\/uploads\/dantudorache.jpg","type":"image\/jpeg"}],"author":"Redac\u021bia Buletin de Bucure\u0219ti","twitter_card":"summary_large_image","twitter_misc":{"Written by":"Redac\u021bia Buletin de Bucure\u0219ti","Estimated reading time":"3 minutes"},"schema":{"@context":"https:\/\/schema.org","@graph":[{"@type":"Article","@id":"https:\/\/buletin.de\/bucuresti\/cum-explica-judecatorii-ca-l-au-scapat-de-inchisoare-pe-fostul-primar-dan-tudorache-suma-prea-mica-pentru-un-om-atat-de-educat\/#article","isPartOf":{"@id":"https:\/\/buletin.de\/bucuresti\/cum-explica-judecatorii-ca-l-au-scapat-de-inchisoare-pe-fostul-primar-dan-tudorache-suma-prea-mica-pentru-un-om-atat-de-educat\/"},"author":{"name":"Redac\u021bia Buletin de Bucure\u0219ti","@id":"https:\/\/buletin.de\/bucuresti\/#\/schema\/person\/2bbcf854e5f2419a13804af574d06ab1"},"headline":"Cum explic\u0103 judec\u0103torii c\u0103 l-au sc\u0103pat de \u00eenchisoare pe fostul primar Dan Tudorache: suma prea mic\u0103 pentru un om at\u00e2t de educat","datePublished":"2025-01-26T23:01:24+00:00","dateModified":"2025-01-26T23:02:14+00:00","mainEntityOfPage":{"@id":"https:\/\/buletin.de\/bucuresti\/cum-explica-judecatorii-ca-l-au-scapat-de-inchisoare-pe-fostul-primar-dan-tudorache-suma-prea-mica-pentru-un-om-atat-de-educat\/"},"wordCount":561,"publisher":{"@id":"https:\/\/buletin.de\/bucuresti\/#organization"},"image":{"@id":"https:\/\/buletin.de\/bucuresti\/cum-explica-judecatorii-ca-l-au-scapat-de-inchisoare-pe-fostul-primar-dan-tudorache-suma-prea-mica-pentru-un-om-atat-de-educat\/#primaryimage"},"thumbnailUrl":"https:\/\/buletin.de\/bucuresti\/wp-content\/uploads\/dantudorache.jpg","keywords":["condamnare","dan tudorache","daniel tudorache","\u00cenchisoare cu suspendare","Primarul Sectorului 1"],"articleSection":["Articole","Eveniment","Main"],"inLanguage":"en-GB","copyrightYear":"2025","copyrightHolder":{"@id":"https:\/\/buletin.de\/bucuresti\/#organization"}},{"@type":"WebPage","@id":"https:\/\/buletin.de\/bucuresti\/cum-explica-judecatorii-ca-l-au-scapat-de-inchisoare-pe-fostul-primar-dan-tudorache-suma-prea-mica-pentru-un-om-atat-de-educat\/","url":"https:\/\/buletin.de\/bucuresti\/cum-explica-judecatorii-ca-l-au-scapat-de-inchisoare-pe-fostul-primar-dan-tudorache-suma-prea-mica-pentru-un-om-atat-de-educat\/","name":"Cum explic\u0103 judec\u0103torii c\u0103 l-au sc\u0103pat de \u00eenchisoare pe fostul primar Dan Tudorache: suma prea mic\u0103 pentru un om at\u00e2t de educat - Buletin de Bucure\u0219ti","isPartOf":{"@id":"https:\/\/buletin.de\/bucuresti\/#website"},"primaryImageOfPage":{"@id":"https:\/\/buletin.de\/bucuresti\/cum-explica-judecatorii-ca-l-au-scapat-de-inchisoare-pe-fostul-primar-dan-tudorache-suma-prea-mica-pentru-un-om-atat-de-educat\/#primaryimage"},"image":{"@id":"https:\/\/buletin.de\/bucuresti\/cum-explica-judecatorii-ca-l-au-scapat-de-inchisoare-pe-fostul-primar-dan-tudorache-suma-prea-mica-pentru-un-om-atat-de-educat\/#primaryimage"},"thumbnailUrl":"https:\/\/buletin.de\/bucuresti\/wp-content\/uploads\/dantudorache.jpg","datePublished":"2025-01-26T23:01:24+00:00","dateModified":"2025-01-26T23:02:14+00:00","description":"Fostul primar Dan Tudorache a sc\u0103pat de \u00eenchisoare, de\u0219i a fost g\u0103sit vinovat, pentru c\u0103 suma primit\u0103 este mic\u0103.","breadcrumb":{"@id":"https:\/\/buletin.de\/bucuresti\/cum-explica-judecatorii-ca-l-au-scapat-de-inchisoare-pe-fostul-primar-dan-tudorache-suma-prea-mica-pentru-un-om-atat-de-educat\/#breadcrumb"},"inLanguage":"en-GB","potentialAction":[{"@type":"ReadAction","target":["https:\/\/buletin.de\/bucuresti\/cum-explica-judecatorii-ca-l-au-scapat-de-inchisoare-pe-fostul-primar-dan-tudorache-suma-prea-mica-pentru-un-om-atat-de-educat\/"]}]},{"@type":"ImageObject","inLanguage":"en-GB","@id":"https:\/\/buletin.de\/bucuresti\/cum-explica-judecatorii-ca-l-au-scapat-de-inchisoare-pe-fostul-primar-dan-tudorache-suma-prea-mica-pentru-un-om-atat-de-educat\/#primaryimage","url":"https:\/\/buletin.de\/bucuresti\/wp-content\/uploads\/dantudorache.jpg","contentUrl":"https:\/\/buletin.de\/bucuresti\/wp-content\/uploads\/dantudorache.jpg","width":1266,"height":793,"caption":"Fostul primar Dan Tudorache. Foto FB Dan Tudorache"},{"@type":"BreadcrumbList","@id":"https:\/\/buletin.de\/bucuresti\/cum-explica-judecatorii-ca-l-au-scapat-de-inchisoare-pe-fostul-primar-dan-tudorache-suma-prea-mica-pentru-un-om-atat-de-educat\/#breadcrumb","itemListElement":[{"@type":"ListItem","position":1,"name":"Acas\u0103","item":"https:\/\/buletin.de\/bucuresti\/"},{"@type":"ListItem","position":2,"name":"Cum explic\u0103 judec\u0103torii c\u0103 l-au sc\u0103pat de \u00eenchisoare pe fostul primar Dan Tudorache: suma prea mic\u0103 pentru un om at\u00e2t de educat"}]},{"@type":"WebSite","@id":"https:\/\/buletin.de\/bucuresti\/#website","url":"https:\/\/buletin.de\/bucuresti\/","name":"Buletin de Bucure\u0219ti","description":"\u0218tiri \u0219i investiga\u021bii esen\u021biale din capital\u0103","publisher":{"@id":"https:\/\/buletin.de\/bucuresti\/#organization"},"potentialAction":[{"@type":"SearchAction","target":{"@type":"EntryPoint","urlTemplate":"https:\/\/buletin.de\/bucuresti\/?s={search_term_string}"},"query-input":{"@type":"PropertyValueSpecification","valueRequired":true,"valueName":"search_term_string"}}],"inLanguage":"en-GB"},{"@type":"Organization","@id":"https:\/\/buletin.de\/bucuresti\/#organization","name":"Buletin de Bucure\u0219ti","url":"https:\/\/buletin.de\/bucuresti\/","logo":{"@type":"ImageObject","inLanguage":"en-GB","@id":"https:\/\/buletin.de\/bucuresti\/#\/schema\/logo\/image\/","url":"https:\/\/buletin.de\/bucuresti\/wp-content\/uploads\/logo-bdb-full-wide-vernil-transparent.png","contentUrl":"https:\/\/buletin.de\/bucuresti\/wp-content\/uploads\/logo-bdb-full-wide-vernil-transparent.png","width":1782,"height":626,"caption":"Buletin de Bucure\u0219ti"},"image":{"@id":"https:\/\/buletin.de\/bucuresti\/#\/schema\/logo\/image\/"},"sameAs":["https:\/\/www.facebook.com\/buletin.de.buc","https:\/\/www.instagram.com\/buletinde.bucuresti\/"]},{"@type":"Person","@id":"https:\/\/buletin.de\/bucuresti\/#\/schema\/person\/2bbcf854e5f2419a13804af574d06ab1","name":"Redac\u021bia Buletin de Bucure\u0219ti","image":{"@type":"ImageObject","inLanguage":"en-GB","@id":"https:\/\/secure.gravatar.com\/avatar\/18c5342381ed1a08620e6280424e3e5efc958618f5d67c522c9e44c1bc6f9226?s=96&d=monsterid&r=g60c7cd0ad92c68c049fcd4bb3504d609","url":"https:\/\/secure.gravatar.com\/avatar\/18c5342381ed1a08620e6280424e3e5efc958618f5d67c522c9e44c1bc6f9226?s=96&d=monsterid&r=g","contentUrl":"https:\/\/secure.gravatar.com\/avatar\/18c5342381ed1a08620e6280424e3e5efc958618f5d67c522c9e44c1bc6f9226?s=96&d=monsterid&r=g","caption":"Redac\u021bia Buletin de Bucure\u0219ti"},"description":"Buletin de Bucure\u0219ti exist\u0103 din vara anului 2019.","url":"https:\/\/buletin.de\/bucuresti\/author\/adminbuletin\/"}]}},"authors":[{"term_id":22583,"user_id":1,"is_guest":0,"slug":"adminbuletin","display_name":"Redac\u021bia Buletin de Bucure\u0219ti","avatar_url":"https:\/\/secure.gravatar.com\/avatar\/18c5342381ed1a08620e6280424e3e5efc958618f5d67c522c9e44c1bc6f9226?s=96&d=monsterid&r=g","0":null,"1":"","2":"","3":"","4":"","5":"","6":"","7":"","8":""}],"_links":{"self":[{"href":"https:\/\/buletin.de\/bucuresti\/wp-json\/wp\/v2\/posts\/115856","targetHints":{"allow":["GET"]}}],"collection":[{"href":"https:\/\/buletin.de\/bucuresti\/wp-json\/wp\/v2\/posts"}],"about":[{"href":"https:\/\/buletin.de\/bucuresti\/wp-json\/wp\/v2\/types\/post"}],"author":[{"embeddable":true,"href":"https:\/\/buletin.de\/bucuresti\/wp-json\/wp\/v2\/users\/1"}],"replies":[{"embeddable":true,"href":"https:\/\/buletin.de\/bucuresti\/wp-json\/wp\/v2\/comments?post=115856"}],"version-history":[{"count":3,"href":"https:\/\/buletin.de\/bucuresti\/wp-json\/wp\/v2\/posts\/115856\/revisions"}],"predecessor-version":[{"id":115860,"href":"https:\/\/buletin.de\/bucuresti\/wp-json\/wp\/v2\/posts\/115856\/revisions\/115860"}],"wp:featuredmedia":[{"embeddable":true,"href":"https:\/\/buletin.de\/bucuresti\/wp-json\/wp\/v2\/media\/115859"}],"wp:attachment":[{"href":"https:\/\/buletin.de\/bucuresti\/wp-json\/wp\/v2\/media?parent=115856"}],"wp:term":[{"taxonomy":"category","embeddable":true,"href":"https:\/\/buletin.de\/bucuresti\/wp-json\/wp\/v2\/categories?post=115856"},{"taxonomy":"post_tag","embeddable":true,"href":"https:\/\/buletin.de\/bucuresti\/wp-json\/wp\/v2\/tags?post=115856"},{"taxonomy":"author","embeddable":true,"href":"https:\/\/buletin.de\/bucuresti\/wp-json\/wp\/v2\/ppma_author?post=115856"}],"curies":[{"name":"wp","href":"https:\/\/api.w.org\/{rel}","templated":true}]}}