{"id":11582,"date":"2020-09-08T11:48:04","date_gmt":"2020-09-08T08:48:04","guid":{"rendered":"https:\/\/buletin.de\/bucuresti\/?p=11582"},"modified":"2020-09-08T11:48:05","modified_gmt":"2020-09-08T08:48:05","slug":"primaria-capitalei-50-milioane-de-lei-pentru-testarea-celor-250-000-de-elevi-din-bucuresti-proiectul-a-fost-votat-luni","status":"publish","type":"post","link":"https:\/\/buletin.de\/bucuresti\/primaria-capitalei-50-milioane-de-lei-pentru-testarea-celor-250-000-de-elevi-din-bucuresti-proiectul-a-fost-votat-luni\/","title":{"rendered":"Prim\u0103ria Capitalei, 50 milioane de lei pentru testarea celor 250.000 de elevi din Bucure\u0219ti. Proiectul a fost votat luni."},"content":{"rendered":"\n<p>Primarul Capitalei, Gabriela Firea, a ini\u021biat un proiect de hot\u0103r\u00e2re prin care acord\u0103 50 milioane lei pentru teste Covid19. Testele ar urma s\u0103 fie f\u0103cute pentru 250.000 de elevi care studiaz\u0103 pe raza municipiului Bucure\u0219ti. Conform hot\u0103r\u00e2rii fiecare beneficiar urmeaz\u0103 s\u0103 primeasc\u0103 200 de lei sub form\u0103 de sprijin financiar pentru a deconta cheltuielile aferente test\u0103rii RTC-PCR. Proiectul se nume\u0219te <em>\u201e\u0218coli S\u0103n\u0103toase \u00een Bucure\u0219ti\u201d<\/em> \u0219i a fost votat luni \u0219i a trecut cu 38 de voturi pentru, 0 \u00eempotriv\u0103 \u0219i 5 ab\u021bineri.<\/p>\n\n\n\n<figure class=\"wp-block-gallery columns-2 is-cropped wp-block-gallery-1 is-layout-flex wp-block-gallery-is-layout-flex\"><ul class=\"blocks-gallery-grid\"><li class=\"blocks-gallery-item\"><figure><img fetchpriority=\"high\" decoding=\"async\" width=\"467\" height=\"592\" src=\"data:image\/gif;base64,R0lGODlhAQABAAAAACH5BAEKAAEALAAAAAABAAEAAAICTAEAOw==\" data-src=\"https:\/\/buletin.de\/bucuresti\/wp-content\/uploads\/Scoli-sanatoase-in-Bucuresti.png\" alt=\"\" data-id=\"11583\" class=\"wp-image-11583 lazyload\" data-sizes=\"auto\" data-srcset=\"https:\/\/buletin.de\/bucuresti\/wp-content\/uploads\/Scoli-sanatoase-in-Bucuresti.png 467w, https:\/\/buletin.de\/bucuresti\/wp-content\/uploads\/Scoli-sanatoase-in-Bucuresti-237x300.png 237w, https:\/\/buletin.de\/bucuresti\/wp-content\/uploads\/Scoli-sanatoase-in-Bucuresti-394x500.png 394w\" sizes=\"(max-width: 467px) 100vw, 467px\" \/><\/figure><\/li><li class=\"blocks-gallery-item\"><figure><img decoding=\"async\" width=\"467\" height=\"594\" src=\"data:image\/gif;base64,R0lGODlhAQABAAAAACH5BAEKAAEALAAAAAABAAEAAAICTAEAOw==\" data-src=\"https:\/\/buletin.de\/bucuresti\/wp-content\/uploads\/Buget-hot-1.png\" alt=\"\" data-id=\"11585\" data-full-url=\"https:\/\/buletin.de\/bucuresti\/wp-content\/uploads\/Buget-hot-1.png\" data-link=\"https:\/\/buletin.de\/bucuresti\/?attachment_id=11585\" class=\"wp-image-11585 lazyload\" data-sizes=\"auto\" data-srcset=\"https:\/\/buletin.de\/bucuresti\/wp-content\/uploads\/Buget-hot-1.png 467w, https:\/\/buletin.de\/bucuresti\/wp-content\/uploads\/Buget-hot-1-236x300.png 236w, https:\/\/buletin.de\/bucuresti\/wp-content\/uploads\/Buget-hot-1-393x500.png 393w\" sizes=\"(max-width: 467px) 100vw, 467px\" \/><\/figure><\/li><\/ul><figcaption class=\"blocks-gallery-caption\">Sursa: pmb.ro<\/figcaption><\/figure>\n\n\n\n<p>De\u0219i \u00een urm\u0103 cu c\u00e2teva zile Gabriela Firea declara c\u0103 a Prim\u0103ria a pregatit o capacitate extins\u0103 de testare la cerere pentru to\u021bi cei 250.000 de elevi.<\/p>\n\n\n\n<blockquote class=\"wp-block-quote is-layout-flow wp-block-quote-is-layout-flow\"><p>Am preg\u0103tit o capacitate extins\u0103 de testare pentru cei 250.000 de elevi din Bucure\u015fti \u2013 deci pentru to\u0163i elevii \u2013 la cerere, nimeni nu este for\u0163at, fiind o problem\u0103 personal\u0103, de s\u0103n\u0103tate. Nu este necesar ca \u00eenainte de \u015fcoal\u0103 s\u0103 fie testa\u0163i to\u0163i cei 250.000 de elevi, dar \u00een fiecare diminea\u0163\u0103, la triajul care se efectueaz\u0103, la intrare \u00een gr\u0103dini\u0163\u0103, \u015fcoal\u0103 sau liceu \u2013 \u015fi din 1 octombrie \u015fi \u00een facultate \u2013 dac\u0103 se observ\u0103 mici semne de infec\u0163ie respiratorie (\u2026) acele situa\u0163ii vor fi transmise imediat de c\u0103tre reprezentantul ASSMB la cabinetul de medicin\u0103 \u015fcolar\u0103 \u015fi imediat acel copil va fi trimis la testare<\/p><cite>A declarat Gabriela Firea<\/cite><\/blockquote>\n\n\n\n<p>\u00cens\u0103, \u00een raportul de aprobare este specificat c\u0103 vor fi testa\u021bi elevii cu simptome, f\u0103r\u0103 s\u0103 fie men\u021bionat faptul c\u0103 vor fi testa\u021bi elevii bucure\u0219teni \u0219i la cerer.<\/p>\n\n\n\n<figure class=\"wp-block-image size-large\"><img decoding=\"async\" width=\"464\" height=\"575\" src=\"data:image\/gif;base64,R0lGODlhAQABAAAAACH5BAEKAAEALAAAAAABAAEAAAICTAEAOw==\" data-src=\"https:\/\/buletin.de\/bucuresti\/wp-content\/uploads\/Raport-de-aprobare.png\" alt=\"\" class=\"wp-image-11587 lazyload\" data-sizes=\"auto\" data-srcset=\"https:\/\/buletin.de\/bucuresti\/wp-content\/uploads\/Raport-de-aprobare.png 464w, https:\/\/buletin.de\/bucuresti\/wp-content\/uploads\/Raport-de-aprobare-242x300.png 242w, https:\/\/buletin.de\/bucuresti\/wp-content\/uploads\/Raport-de-aprobare-403x500.png 403w\" sizes=\"(max-width: 464px) 100vw, 464px\" \/><figcaption>Sursa:pmb.ro<\/figcaption><\/figure>\n\n\n\n<p>Tot \u00een raprtul de aprobare al hot\u0103r\u00e2rii este specificat faptul c\u0103 dup\u0103 ultimele date publicate de ISMB, \u00een anul \u0219colar 2019-2020 au fost 247.914 elevi care au studiat pe raza municipiului Bucure\u0219ti. Proiectul a fost aprobat de Consiliul General al Municipiului Bucuresti. <\/p>\n\n\n\n<p>Sursa Foto: Facebook\/Gabriela Firea<\/p>\n","protected":false},"excerpt":{"rendered":"<p>Primarul Capitalei, Gabriela Firea, a ini\u021biat un proiect de hot\u0103r\u00e2re prin care acord\u0103 50 milioane lei pentru teste Covid19. Testele ar urma s\u0103 fie f\u0103cute pentru 250.000 de elevi care studiaz\u0103 pe raza municipiului Bucure\u0219ti. Conform hot\u0103r\u00e2rii fiecare beneficiar urmeaz\u0103 s\u0103 primeasc\u0103 200 de lei sub form\u0103 de sprijin financiar pentru a deconta cheltuielile aferente [&hellip;]<\/p>\n","protected":false},"author":17,"featured_media":11588,"comment_status":"closed","ping_status":"open","sticky":false,"template":"","format":"standard","meta":{"_acf_changed":false,"inline_featured_image":false,"ngg_post_thumbnail":0,"footnotes":""},"categories":[1],"tags":[],"ppma_author":[22576],"class_list":["post-11582","post","type-post","status-publish","format-standard","has-post-thumbnail","hentry","category-diverse"],"acf":[],"yoast_head":"<!-- This site is optimized with the Yoast SEO Premium plugin v25.3 (Yoast SEO v27.4) - https:\/\/yoast.com\/product\/yoast-seo-premium-wordpress\/ -->\n<title>Prim\u0103ria Capitalei, 50 milioane de lei pentru testarea celor 250.000 de elevi din Bucure\u0219ti. Proiectul a fost votat luni. - Buletin de Bucure\u0219ti<\/title>\n<meta name=\"robots\" content=\"index, follow, max-snippet:-1, max-image-preview:large, max-video-preview:-1\" \/>\n<link rel=\"canonical\" href=\"https:\/\/buletin.de\/bucuresti\/primaria-capitalei-50-milioane-de-lei-pentru-testarea-celor-250-000-de-elevi-din-bucuresti-proiectul-a-fost-votat-luni\/\" \/>\n<meta property=\"og:locale\" content=\"en_GB\" \/>\n<meta property=\"og:type\" content=\"article\" \/>\n<meta property=\"og:title\" content=\"Prim\u0103ria Capitalei, 50 milioane de lei pentru testarea celor 250.000 de elevi din Bucure\u0219ti. Proiectul a fost votat luni.\" \/>\n<meta property=\"og:description\" content=\"Primarul Capitalei, Gabriela Firea, a ini\u021biat un proiect de hot\u0103r\u00e2re prin care acord\u0103 50 milioane lei pentru teste Covid19. Testele ar urma s\u0103 fie f\u0103cute pentru 250.000 de elevi care studiaz\u0103 pe raza municipiului Bucure\u0219ti. Conform hot\u0103r\u00e2rii fiecare beneficiar urmeaz\u0103 s\u0103 primeasc\u0103 200 de lei sub form\u0103 de sprijin financiar pentru a deconta cheltuielile aferente [&hellip;]\" \/>\n<meta property=\"og:url\" content=\"https:\/\/buletin.de\/bucuresti\/primaria-capitalei-50-milioane-de-lei-pentru-testarea-celor-250-000-de-elevi-din-bucuresti-proiectul-a-fost-votat-luni\/\" \/>\n<meta property=\"og:site_name\" content=\"Buletin de Bucure\u0219ti\" \/>\n<meta property=\"article:publisher\" content=\"https:\/\/www.facebook.com\/buletin.de.buc\" \/>\n<meta property=\"article:published_time\" content=\"2020-09-08T08:48:04+00:00\" \/>\n<meta property=\"article:modified_time\" content=\"2020-09-08T08:48:05+00:00\" \/>\n<meta property=\"og:image\" content=\"https:\/\/buletin.de\/bucuresti\/wp-content\/uploads\/firea-4.jpg\" \/>\n\t<meta property=\"og:image:width\" content=\"1440\" \/>\n\t<meta property=\"og:image:height\" content=\"958\" \/>\n\t<meta property=\"og:image:type\" content=\"image\/jpeg\" \/>\n<meta name=\"author\" content=\"Florin R\u00e2\u0219teiu\" \/>\n<meta name=\"twitter:card\" content=\"summary_large_image\" \/>\n<meta name=\"twitter:label1\" content=\"Written by\" \/>\n\t<meta name=\"twitter:data1\" content=\"Florin R\u00e2\u0219teiu\" \/>\n\t<meta name=\"twitter:label2\" content=\"Estimated reading time\" \/>\n\t<meta name=\"twitter:data2\" content=\"2 minutes\" \/>\n<script type=\"application\/ld+json\" class=\"yoast-schema-graph\">{\"@context\":\"https:\\\/\\\/schema.org\",\"@graph\":[{\"@type\":\"Article\",\"@id\":\"https:\\\/\\\/buletin.de\\\/bucuresti\\\/primaria-capitalei-50-milioane-de-lei-pentru-testarea-celor-250-000-de-elevi-din-bucuresti-proiectul-a-fost-votat-luni\\\/#article\",\"isPartOf\":{\"@id\":\"https:\\\/\\\/buletin.de\\\/bucuresti\\\/primaria-capitalei-50-milioane-de-lei-pentru-testarea-celor-250-000-de-elevi-din-bucuresti-proiectul-a-fost-votat-luni\\\/\"},\"author\":{\"name\":\"Florin R\u00e2\u0219teiu\",\"@id\":\"https:\\\/\\\/buletin.de\\\/bucuresti\\\/#\\\/schema\\\/person\\\/b0686d7a8b666c6afc78239777fd8a89\"},\"headline\":\"Prim\u0103ria Capitalei, 50 milioane de lei pentru testarea celor 250.000 de elevi din Bucure\u0219ti. Proiectul a fost votat luni.\",\"datePublished\":\"2020-09-08T08:48:04+00:00\",\"dateModified\":\"2020-09-08T08:48:05+00:00\",\"mainEntityOfPage\":{\"@id\":\"https:\\\/\\\/buletin.de\\\/bucuresti\\\/primaria-capitalei-50-milioane-de-lei-pentru-testarea-celor-250-000-de-elevi-din-bucuresti-proiectul-a-fost-votat-luni\\\/\"},\"wordCount\":339,\"publisher\":{\"@id\":\"https:\\\/\\\/buletin.de\\\/bucuresti\\\/#organization\"},\"image\":{\"@id\":\"https:\\\/\\\/buletin.de\\\/bucuresti\\\/primaria-capitalei-50-milioane-de-lei-pentru-testarea-celor-250-000-de-elevi-din-bucuresti-proiectul-a-fost-votat-luni\\\/#primaryimage\"},\"thumbnailUrl\":\"https:\\\/\\\/buletin.de\\\/bucuresti\\\/wp-content\\\/uploads\\\/firea-4.jpg\",\"articleSection\":[\"Diverse\"],\"inLanguage\":\"en-GB\",\"copyrightYear\":\"2020\",\"copyrightHolder\":{\"@id\":\"https:\\\/\\\/buletin.de\\\/bucuresti\\\/#organization\"}},{\"@type\":\"WebPage\",\"@id\":\"https:\\\/\\\/buletin.de\\\/bucuresti\\\/primaria-capitalei-50-milioane-de-lei-pentru-testarea-celor-250-000-de-elevi-din-bucuresti-proiectul-a-fost-votat-luni\\\/\",\"url\":\"https:\\\/\\\/buletin.de\\\/bucuresti\\\/primaria-capitalei-50-milioane-de-lei-pentru-testarea-celor-250-000-de-elevi-din-bucuresti-proiectul-a-fost-votat-luni\\\/\",\"name\":\"Prim\u0103ria Capitalei, 50 milioane de lei pentru testarea celor 250.000 de elevi din Bucure\u0219ti. Proiectul a fost votat luni. - Buletin de Bucure\u0219ti\",\"isPartOf\":{\"@id\":\"https:\\\/\\\/buletin.de\\\/bucuresti\\\/#website\"},\"primaryImageOfPage\":{\"@id\":\"https:\\\/\\\/buletin.de\\\/bucuresti\\\/primaria-capitalei-50-milioane-de-lei-pentru-testarea-celor-250-000-de-elevi-din-bucuresti-proiectul-a-fost-votat-luni\\\/#primaryimage\"},\"image\":{\"@id\":\"https:\\\/\\\/buletin.de\\\/bucuresti\\\/primaria-capitalei-50-milioane-de-lei-pentru-testarea-celor-250-000-de-elevi-din-bucuresti-proiectul-a-fost-votat-luni\\\/#primaryimage\"},\"thumbnailUrl\":\"https:\\\/\\\/buletin.de\\\/bucuresti\\\/wp-content\\\/uploads\\\/firea-4.jpg\",\"datePublished\":\"2020-09-08T08:48:04+00:00\",\"dateModified\":\"2020-09-08T08:48:05+00:00\",\"breadcrumb\":{\"@id\":\"https:\\\/\\\/buletin.de\\\/bucuresti\\\/primaria-capitalei-50-milioane-de-lei-pentru-testarea-celor-250-000-de-elevi-din-bucuresti-proiectul-a-fost-votat-luni\\\/#breadcrumb\"},\"inLanguage\":\"en-GB\",\"potentialAction\":[{\"@type\":\"ReadAction\",\"target\":[\"https:\\\/\\\/buletin.de\\\/bucuresti\\\/primaria-capitalei-50-milioane-de-lei-pentru-testarea-celor-250-000-de-elevi-din-bucuresti-proiectul-a-fost-votat-luni\\\/\"]}]},{\"@type\":\"ImageObject\",\"inLanguage\":\"en-GB\",\"@id\":\"https:\\\/\\\/buletin.de\\\/bucuresti\\\/primaria-capitalei-50-milioane-de-lei-pentru-testarea-celor-250-000-de-elevi-din-bucuresti-proiectul-a-fost-votat-luni\\\/#primaryimage\",\"url\":\"https:\\\/\\\/buletin.de\\\/bucuresti\\\/wp-content\\\/uploads\\\/firea-4.jpg\",\"contentUrl\":\"https:\\\/\\\/buletin.de\\\/bucuresti\\\/wp-content\\\/uploads\\\/firea-4.jpg\",\"width\":1440,\"height\":958},{\"@type\":\"BreadcrumbList\",\"@id\":\"https:\\\/\\\/buletin.de\\\/bucuresti\\\/primaria-capitalei-50-milioane-de-lei-pentru-testarea-celor-250-000-de-elevi-din-bucuresti-proiectul-a-fost-votat-luni\\\/#breadcrumb\",\"itemListElement\":[{\"@type\":\"ListItem\",\"position\":1,\"name\":\"Acas\u0103\",\"item\":\"https:\\\/\\\/buletin.de\\\/bucuresti\\\/\"},{\"@type\":\"ListItem\",\"position\":2,\"name\":\"Prim\u0103ria Capitalei, 50 milioane de lei pentru testarea celor 250.000 de elevi din Bucure\u0219ti. Proiectul a fost votat luni.\"}]},{\"@type\":\"WebSite\",\"@id\":\"https:\\\/\\\/buletin.de\\\/bucuresti\\\/#website\",\"url\":\"https:\\\/\\\/buletin.de\\\/bucuresti\\\/\",\"name\":\"Buletin de Bucure\u0219ti\",\"description\":\"\u0218tiri \u0219i investiga\u021bii esen\u021biale din capital\u0103\",\"publisher\":{\"@id\":\"https:\\\/\\\/buletin.de\\\/bucuresti\\\/#organization\"},\"potentialAction\":[{\"@type\":\"SearchAction\",\"target\":{\"@type\":\"EntryPoint\",\"urlTemplate\":\"https:\\\/\\\/buletin.de\\\/bucuresti\\\/?s={search_term_string}\"},\"query-input\":{\"@type\":\"PropertyValueSpecification\",\"valueRequired\":true,\"valueName\":\"search_term_string\"}}],\"inLanguage\":\"en-GB\"},{\"@type\":\"Organization\",\"@id\":\"https:\\\/\\\/buletin.de\\\/bucuresti\\\/#organization\",\"name\":\"Buletin de Bucure\u0219ti\",\"url\":\"https:\\\/\\\/buletin.de\\\/bucuresti\\\/\",\"logo\":{\"@type\":\"ImageObject\",\"inLanguage\":\"en-GB\",\"@id\":\"https:\\\/\\\/buletin.de\\\/bucuresti\\\/#\\\/schema\\\/logo\\\/image\\\/\",\"url\":\"https:\\\/\\\/buletin.de\\\/bucuresti\\\/wp-content\\\/uploads\\\/logo-bdb-full-wide-vernil-transparent.png\",\"contentUrl\":\"https:\\\/\\\/buletin.de\\\/bucuresti\\\/wp-content\\\/uploads\\\/logo-bdb-full-wide-vernil-transparent.png\",\"width\":1782,\"height\":626,\"caption\":\"Buletin de Bucure\u0219ti\"},\"image\":{\"@id\":\"https:\\\/\\\/buletin.de\\\/bucuresti\\\/#\\\/schema\\\/logo\\\/image\\\/\"},\"sameAs\":[\"https:\\\/\\\/www.facebook.com\\\/buletin.de.buc\",\"https:\\\/\\\/www.instagram.com\\\/buletinde.bucuresti\\\/\"]},{\"@type\":\"Person\",\"@id\":\"https:\\\/\\\/buletin.de\\\/bucuresti\\\/#\\\/schema\\\/person\\\/b0686d7a8b666c6afc78239777fd8a89\",\"name\":\"Florin R\u00e2\u0219teiu\",\"image\":{\"@type\":\"ImageObject\",\"inLanguage\":\"en-GB\",\"@id\":\"https:\\\/\\\/buletin.de\\\/bucuresti\\\/wp-content\\\/uploads\\\/Florin-Rasteiu-96x96.jpgf0a6fe28453aa12f0a60e4d0a2e3a78c\",\"url\":\"https:\\\/\\\/buletin.de\\\/bucuresti\\\/wp-content\\\/uploads\\\/Florin-Rasteiu-96x96.jpg\",\"contentUrl\":\"https:\\\/\\\/buletin.de\\\/bucuresti\\\/wp-content\\\/uploads\\\/Florin-Rasteiu-96x96.jpg\",\"caption\":\"Florin R\u00e2\u0219teiu\"},\"description\":\"Jurnalist de investiga\u021bie. Lucreaz\u0103 de aproape 6 ani la Buletin de Bucure\u0219ti, unde a publicat articole care scot la suprafa\u021b\u0103 corup\u021bia din Capital\u0103. Analizeaz\u0103 baze de date zilnic \u0219i scoate pove\u0219ti din exceluri pline de cifre. Pune reflectorul pe adev\u0103r cu fiecare ocazie. A c\u00e2\u0219tigat premiul I la categoria Pres\u0103 Local\u0103 \u00een 2025 \u0219i locul al II-lea la aceea\u0219i categorie \u00een 2024 \u00een cadrul Premiilor Superscrieri pentru jurnalism independent.\",\"url\":\"https:\\\/\\\/buletin.de\\\/bucuresti\\\/author\\\/florinrasteiu\\\/\"}]}<\/script>\n<!-- \/ Yoast SEO Premium plugin. -->","yoast_head_json":{"title":"Prim\u0103ria Capitalei, 50 milioane de lei pentru testarea celor 250.000 de elevi din Bucure\u0219ti. Proiectul a fost votat luni. - Buletin de Bucure\u0219ti","robots":{"index":"index","follow":"follow","max-snippet":"max-snippet:-1","max-image-preview":"max-image-preview:large","max-video-preview":"max-video-preview:-1"},"canonical":"https:\/\/buletin.de\/bucuresti\/primaria-capitalei-50-milioane-de-lei-pentru-testarea-celor-250-000-de-elevi-din-bucuresti-proiectul-a-fost-votat-luni\/","og_locale":"en_GB","og_type":"article","og_title":"Prim\u0103ria Capitalei, 50 milioane de lei pentru testarea celor 250.000 de elevi din Bucure\u0219ti. Proiectul a fost votat luni.","og_description":"Primarul Capitalei, Gabriela Firea, a ini\u021biat un proiect de hot\u0103r\u00e2re prin care acord\u0103 50 milioane lei pentru teste Covid19. Testele ar urma s\u0103 fie f\u0103cute pentru 250.000 de elevi care studiaz\u0103 pe raza municipiului Bucure\u0219ti. Conform hot\u0103r\u00e2rii fiecare beneficiar urmeaz\u0103 s\u0103 primeasc\u0103 200 de lei sub form\u0103 de sprijin financiar pentru a deconta cheltuielile aferente [&hellip;]","og_url":"https:\/\/buletin.de\/bucuresti\/primaria-capitalei-50-milioane-de-lei-pentru-testarea-celor-250-000-de-elevi-din-bucuresti-proiectul-a-fost-votat-luni\/","og_site_name":"Buletin de Bucure\u0219ti","article_publisher":"https:\/\/www.facebook.com\/buletin.de.buc","article_published_time":"2020-09-08T08:48:04+00:00","article_modified_time":"2020-09-08T08:48:05+00:00","og_image":[{"width":1440,"height":958,"url":"https:\/\/buletin.de\/bucuresti\/wp-content\/uploads\/firea-4.jpg","type":"image\/jpeg"}],"author":"Florin R\u00e2\u0219teiu","twitter_card":"summary_large_image","twitter_misc":{"Written by":"Florin R\u00e2\u0219teiu","Estimated reading time":"2 minutes"},"schema":{"@context":"https:\/\/schema.org","@graph":[{"@type":"Article","@id":"https:\/\/buletin.de\/bucuresti\/primaria-capitalei-50-milioane-de-lei-pentru-testarea-celor-250-000-de-elevi-din-bucuresti-proiectul-a-fost-votat-luni\/#article","isPartOf":{"@id":"https:\/\/buletin.de\/bucuresti\/primaria-capitalei-50-milioane-de-lei-pentru-testarea-celor-250-000-de-elevi-din-bucuresti-proiectul-a-fost-votat-luni\/"},"author":{"name":"Florin R\u00e2\u0219teiu","@id":"https:\/\/buletin.de\/bucuresti\/#\/schema\/person\/b0686d7a8b666c6afc78239777fd8a89"},"headline":"Prim\u0103ria Capitalei, 50 milioane de lei pentru testarea celor 250.000 de elevi din Bucure\u0219ti. Proiectul a fost votat luni.","datePublished":"2020-09-08T08:48:04+00:00","dateModified":"2020-09-08T08:48:05+00:00","mainEntityOfPage":{"@id":"https:\/\/buletin.de\/bucuresti\/primaria-capitalei-50-milioane-de-lei-pentru-testarea-celor-250-000-de-elevi-din-bucuresti-proiectul-a-fost-votat-luni\/"},"wordCount":339,"publisher":{"@id":"https:\/\/buletin.de\/bucuresti\/#organization"},"image":{"@id":"https:\/\/buletin.de\/bucuresti\/primaria-capitalei-50-milioane-de-lei-pentru-testarea-celor-250-000-de-elevi-din-bucuresti-proiectul-a-fost-votat-luni\/#primaryimage"},"thumbnailUrl":"https:\/\/buletin.de\/bucuresti\/wp-content\/uploads\/firea-4.jpg","articleSection":["Diverse"],"inLanguage":"en-GB","copyrightYear":"2020","copyrightHolder":{"@id":"https:\/\/buletin.de\/bucuresti\/#organization"}},{"@type":"WebPage","@id":"https:\/\/buletin.de\/bucuresti\/primaria-capitalei-50-milioane-de-lei-pentru-testarea-celor-250-000-de-elevi-din-bucuresti-proiectul-a-fost-votat-luni\/","url":"https:\/\/buletin.de\/bucuresti\/primaria-capitalei-50-milioane-de-lei-pentru-testarea-celor-250-000-de-elevi-din-bucuresti-proiectul-a-fost-votat-luni\/","name":"Prim\u0103ria Capitalei, 50 milioane de lei pentru testarea celor 250.000 de elevi din Bucure\u0219ti. Proiectul a fost votat luni. - Buletin de Bucure\u0219ti","isPartOf":{"@id":"https:\/\/buletin.de\/bucuresti\/#website"},"primaryImageOfPage":{"@id":"https:\/\/buletin.de\/bucuresti\/primaria-capitalei-50-milioane-de-lei-pentru-testarea-celor-250-000-de-elevi-din-bucuresti-proiectul-a-fost-votat-luni\/#primaryimage"},"image":{"@id":"https:\/\/buletin.de\/bucuresti\/primaria-capitalei-50-milioane-de-lei-pentru-testarea-celor-250-000-de-elevi-din-bucuresti-proiectul-a-fost-votat-luni\/#primaryimage"},"thumbnailUrl":"https:\/\/buletin.de\/bucuresti\/wp-content\/uploads\/firea-4.jpg","datePublished":"2020-09-08T08:48:04+00:00","dateModified":"2020-09-08T08:48:05+00:00","breadcrumb":{"@id":"https:\/\/buletin.de\/bucuresti\/primaria-capitalei-50-milioane-de-lei-pentru-testarea-celor-250-000-de-elevi-din-bucuresti-proiectul-a-fost-votat-luni\/#breadcrumb"},"inLanguage":"en-GB","potentialAction":[{"@type":"ReadAction","target":["https:\/\/buletin.de\/bucuresti\/primaria-capitalei-50-milioane-de-lei-pentru-testarea-celor-250-000-de-elevi-din-bucuresti-proiectul-a-fost-votat-luni\/"]}]},{"@type":"ImageObject","inLanguage":"en-GB","@id":"https:\/\/buletin.de\/bucuresti\/primaria-capitalei-50-milioane-de-lei-pentru-testarea-celor-250-000-de-elevi-din-bucuresti-proiectul-a-fost-votat-luni\/#primaryimage","url":"https:\/\/buletin.de\/bucuresti\/wp-content\/uploads\/firea-4.jpg","contentUrl":"https:\/\/buletin.de\/bucuresti\/wp-content\/uploads\/firea-4.jpg","width":1440,"height":958},{"@type":"BreadcrumbList","@id":"https:\/\/buletin.de\/bucuresti\/primaria-capitalei-50-milioane-de-lei-pentru-testarea-celor-250-000-de-elevi-din-bucuresti-proiectul-a-fost-votat-luni\/#breadcrumb","itemListElement":[{"@type":"ListItem","position":1,"name":"Acas\u0103","item":"https:\/\/buletin.de\/bucuresti\/"},{"@type":"ListItem","position":2,"name":"Prim\u0103ria Capitalei, 50 milioane de lei pentru testarea celor 250.000 de elevi din Bucure\u0219ti. Proiectul a fost votat luni."}]},{"@type":"WebSite","@id":"https:\/\/buletin.de\/bucuresti\/#website","url":"https:\/\/buletin.de\/bucuresti\/","name":"Buletin de Bucure\u0219ti","description":"\u0218tiri \u0219i investiga\u021bii esen\u021biale din capital\u0103","publisher":{"@id":"https:\/\/buletin.de\/bucuresti\/#organization"},"potentialAction":[{"@type":"SearchAction","target":{"@type":"EntryPoint","urlTemplate":"https:\/\/buletin.de\/bucuresti\/?s={search_term_string}"},"query-input":{"@type":"PropertyValueSpecification","valueRequired":true,"valueName":"search_term_string"}}],"inLanguage":"en-GB"},{"@type":"Organization","@id":"https:\/\/buletin.de\/bucuresti\/#organization","name":"Buletin de Bucure\u0219ti","url":"https:\/\/buletin.de\/bucuresti\/","logo":{"@type":"ImageObject","inLanguage":"en-GB","@id":"https:\/\/buletin.de\/bucuresti\/#\/schema\/logo\/image\/","url":"https:\/\/buletin.de\/bucuresti\/wp-content\/uploads\/logo-bdb-full-wide-vernil-transparent.png","contentUrl":"https:\/\/buletin.de\/bucuresti\/wp-content\/uploads\/logo-bdb-full-wide-vernil-transparent.png","width":1782,"height":626,"caption":"Buletin de Bucure\u0219ti"},"image":{"@id":"https:\/\/buletin.de\/bucuresti\/#\/schema\/logo\/image\/"},"sameAs":["https:\/\/www.facebook.com\/buletin.de.buc","https:\/\/www.instagram.com\/buletinde.bucuresti\/"]},{"@type":"Person","@id":"https:\/\/buletin.de\/bucuresti\/#\/schema\/person\/b0686d7a8b666c6afc78239777fd8a89","name":"Florin R\u00e2\u0219teiu","image":{"@type":"ImageObject","inLanguage":"en-GB","@id":"https:\/\/buletin.de\/bucuresti\/wp-content\/uploads\/Florin-Rasteiu-96x96.jpgf0a6fe28453aa12f0a60e4d0a2e3a78c","url":"https:\/\/buletin.de\/bucuresti\/wp-content\/uploads\/Florin-Rasteiu-96x96.jpg","contentUrl":"https:\/\/buletin.de\/bucuresti\/wp-content\/uploads\/Florin-Rasteiu-96x96.jpg","caption":"Florin R\u00e2\u0219teiu"},"description":"Jurnalist de investiga\u021bie. Lucreaz\u0103 de aproape 6 ani la Buletin de Bucure\u0219ti, unde a publicat articole care scot la suprafa\u021b\u0103 corup\u021bia din Capital\u0103. Analizeaz\u0103 baze de date zilnic \u0219i scoate pove\u0219ti din exceluri pline de cifre. Pune reflectorul pe adev\u0103r cu fiecare ocazie. A c\u00e2\u0219tigat premiul I la categoria Pres\u0103 Local\u0103 \u00een 2025 \u0219i locul al II-lea la aceea\u0219i categorie \u00een 2024 \u00een cadrul Premiilor Superscrieri pentru jurnalism independent.","url":"https:\/\/buletin.de\/bucuresti\/author\/florinrasteiu\/"}]}},"authors":[{"term_id":22576,"user_id":17,"is_guest":0,"slug":"florinrasteiu","display_name":"Florin R\u00e2\u0219teiu","avatar_url":"https:\/\/buletin.de\/bucuresti\/wp-content\/uploads\/Florin-Rasteiu-96x96.jpg","0":null,"1":"","2":"","3":"","4":"","5":"","6":"","7":"","8":""}],"_links":{"self":[{"href":"https:\/\/buletin.de\/bucuresti\/wp-json\/wp\/v2\/posts\/11582","targetHints":{"allow":["GET"]}}],"collection":[{"href":"https:\/\/buletin.de\/bucuresti\/wp-json\/wp\/v2\/posts"}],"about":[{"href":"https:\/\/buletin.de\/bucuresti\/wp-json\/wp\/v2\/types\/post"}],"author":[{"embeddable":true,"href":"https:\/\/buletin.de\/bucuresti\/wp-json\/wp\/v2\/users\/17"}],"replies":[{"embeddable":true,"href":"https:\/\/buletin.de\/bucuresti\/wp-json\/wp\/v2\/comments?post=11582"}],"version-history":[{"count":5,"href":"https:\/\/buletin.de\/bucuresti\/wp-json\/wp\/v2\/posts\/11582\/revisions"}],"predecessor-version":[{"id":11702,"href":"https:\/\/buletin.de\/bucuresti\/wp-json\/wp\/v2\/posts\/11582\/revisions\/11702"}],"wp:featuredmedia":[{"embeddable":true,"href":"https:\/\/buletin.de\/bucuresti\/wp-json\/wp\/v2\/media\/11588"}],"wp:attachment":[{"href":"https:\/\/buletin.de\/bucuresti\/wp-json\/wp\/v2\/media?parent=11582"}],"wp:term":[{"taxonomy":"category","embeddable":true,"href":"https:\/\/buletin.de\/bucuresti\/wp-json\/wp\/v2\/categories?post=11582"},{"taxonomy":"post_tag","embeddable":true,"href":"https:\/\/buletin.de\/bucuresti\/wp-json\/wp\/v2\/tags?post=11582"},{"taxonomy":"author","embeddable":true,"href":"https:\/\/buletin.de\/bucuresti\/wp-json\/wp\/v2\/ppma_author?post=11582"}],"curies":[{"name":"wp","href":"https:\/\/api.w.org\/{rel}","templated":true}]}}