{"id":115729,"date":"2025-01-25T21:35:25","date_gmt":"2025-01-25T18:35:25","guid":{"rendered":"https:\/\/buletin.de\/bucuresti\/?p=115729"},"modified":"2025-01-25T21:40:57","modified_gmt":"2025-01-25T18:40:57","slug":"o-minge-semnata-de-fotbalisti-celebri-donata-pentru-cauza-cainilor-fara-stapan","status":"publish","type":"post","link":"https:\/\/buletin.de\/bucuresti\/o-minge-semnata-de-fotbalisti-celebri-donata-pentru-cauza-cainilor-fara-stapan\/","title":{"rendered":"O minge semnat\u0103 de fotbali\u0219ti celebri, donat\u0103 pentru cauza c\u00e2inilor f\u0103r\u0103 st\u0103p\u00e2n"},"content":{"rendered":"\n<p><strong>O minge semnat\u0103 de fotbali\u0219ti celebrii, printre care fo\u0219tii interna\u021bionali Basarab Panduru, Aurel \u021aicleanu, Cristi Pulhac \u0219i Marius Baciu, precum \u0219i de fostul arbitru FIFA Cristian Zotta, a fost scoas\u0103 la licita\u021bie pentru animalele nim\u0103nui.<\/strong><\/p>\n\n\n\n<p>Proiectul este desf\u0103\u0219urat de Protec\u021bia Animalelor Ilfov \u00een colaborare cu Prima Sport, iar mingea, Adidas Tiro Pro, va fi scoas\u0103 la licita\u021bie.<\/p>\n\n\n\n<p>Cei care \u0219i-o doresc pot licita pe paginile de <a href=\"https:\/\/www.facebook.com\/protectiaanimalelorcji\/?locale=ro_RO\" target=\"_blank\" rel=\"noreferrer noopener\">Facebook<\/a> \u0219i <a href=\"https:\/\/www.instagram.com\/protectiaanimalelorcji\/\" target=\"_blank\" rel=\"noreferrer noopener\">Instagram Protec\u021bia Animalelor CJ Ilfov<\/a>, \u00eencep\u00e2nd de s\u00e2mb\u0103t\u0103, de la ora 18:00. <\/p>\n\n\n\n<p>\u201ePre\u021bul de pornire este de 1.000 de lei, av\u00e2nd \u00een vederea c\u0103 mingea este original\u0103 \u0219i cost\u0103 325 de lei. E simplu, l\u0103sa\u021bi comentariu &#8211; nume, prenume \u0219i suma. Licita\u021bia dureaz\u0103 p\u00e2n\u0103 s\u00e2mb\u0103t\u0103, 1 februarie, ora 18:00\u201d, se arat\u0103 \u00een comunicatul institu\u021biei.<\/p>\n\n\n\n<p>CITE\u0218TE \u0218I: <strong><a href=\"https:\/\/buletin.de\/bucuresti\/interviu-bdb-a-stat-de-vorba-cu-dracu-din-subteran-cosmin-pana-despre-serialul-netflix-cred-ca-bucurestiul-e-foarte-bine-pus-in-valoare-si-arata-cat-de-bogata\/\" target=\"_blank\" rel=\"noreferrer noopener\">INTERVIU | BdB a stat de vorb\u0103 cu Dracu\u2019 din \u201eSubteran\u201d. Cosmin Pan\u0103, despre serialul Netflix: \u201eCred c\u0103 Bucure\u0219tiul e foarte bine pus \u00een valoare \u0219i arat\u0103 c\u00e2t de bogat\u0103 \u00een imagini \u0219i atmosfere poate fi Capitala\u201d<\/a><\/strong><\/p>\n\n\n\n<h2 class=\"wp-block-heading\" id=\"h-minge-semnata-de-fotbali\u0219ti-hrana-pentru-500-de-caini\">Minge semnat\u0103 de fotbali\u0219ti, hran\u0103 pentru 500 de c\u00e2ini<\/h2>\n\n\n\n<p>Din banii str\u00e2n\u0219i, se vor cump\u0103ra hran\u0103, p\u0103turi \u0219i juc\u0103rii pentru c\u00e2inii din ad\u0103posturile Buftea \u0219i Br\u0103ne\u0219ti. Aproximativ 500 de c\u00e2ini sunt \u00een cele dou\u0103 ad\u0103posturi.<\/p>\n\n\n\n<p>\u201eLe mul\u021bumesc enorm fo\u0219tilor interna\u021bionali \u0219i jurnali\u0219tilor Prima TV! Este un gest extraordinar! Dincolo de ajutorul direct pe care-l primesc animalele, e vorba \u0219i de puterea exemplului. Este mare lucru s\u0103 vezi un astfel de gest venind din partea unor personalit\u0103\u021bi, un astfel de gest are puterea s\u0103 schimbe mentalit\u0103\u021bi. Fiecare dintre noi poate s\u0103 ajute \u00eentr-un fel sau altul. Important este s\u0103 alegem s\u0103 ajut\u0103m\u201d, spune Hilde Tudora, director<a href=\"https:\/\/ilfovadopta.ro\/cine_suntem\/\" target=\"_blank\" rel=\"noreferrer noopener\"> Protec\u021bia Animalelor CJ Ilfov.<\/a><\/p>\n\n\n\n<p>Mingea este scoas\u0103 la licita\u021bie \u00een contextul \u00een care campania \u201eUmple golul din via\u021ba ta\u201d continu\u0103. Mai mul\u021bi c\u0103\u021bei disponibili pentru adop\u021bie \u00ee\u0219i vor face apari\u021bia \u00een aceast\u0103 sear\u0103, la partida din Giule\u0219ti, Rapid &#8211; Universitatea Craiova.<\/p>\n\n\n\n<p>CITE\u0218TE \u0218I:<strong><a href=\"https:\/\/buletin.de\/bucuresti\/a-votat-aur-viceprimarii-psd-si-pnl-ai-bucurestiului-calculele-care-nu-se-potrivesc\/\" target=\"_blank\" rel=\"noreferrer noopener\"> A votat AUR viceprimarii PSD \u0219i PNL ai Bucure\u0219tiului? Calculele care nu se potrivesc<\/a><\/strong><\/p>\n","protected":false},"excerpt":{"rendered":"<p>O minge semnat\u0103 de fotbali\u0219ti celebrii, printre care fo\u0219tii interna\u021bionali Basarab Panduru, Aurel \u021aicleanu, Cristi Pulhac \u0219i Marius Baciu, precum \u0219i de fostul arbitru FIFA Cristian Zotta, a fost scoas\u0103 la licita\u021bie pentru animalele nim\u0103nui. Proiectul este desf\u0103\u0219urat de Protec\u021bia Animalelor Ilfov \u00een colaborare cu Prima Sport, iar mingea, Adidas Tiro Pro, va fi scoas\u0103 [&hellip;]<\/p>\n","protected":false},"author":1,"featured_media":115730,"comment_status":"closed","ping_status":"open","sticky":false,"template":"","format":"standard","meta":{"_acf_changed":false,"inline_featured_image":false,"ngg_post_thumbnail":0,"footnotes":""},"categories":[6994,9026,62],"tags":[10420,16416,4111,8528],"ppma_author":[22583],"class_list":["post-115729","post","type-post","status-publish","format-standard","has-post-thumbnail","hentry","category-stiri-2","category-eveniment","category-stiri","tag-adaposturi-pentru-cainii-fara-stapan","tag-animale-fara-stapan","tag-caine","tag-caini-fara-stapan"],"acf":[],"yoast_head":"<!-- This site is optimized with the Yoast SEO Premium plugin v25.3 (Yoast SEO v27.4) - https:\/\/yoast.com\/product\/yoast-seo-premium-wordpress\/ -->\n<title>O minge semnat\u0103 de fotbali\u0219ti celebri, donat\u0103 pentru cauza c\u00e2inilor f\u0103r\u0103 st\u0103p\u00e2n - Buletin de Bucure\u0219ti<\/title>\n<meta name=\"description\" content=\"O minge semnat\u0103 de fotbali\u0219ti celebrii, printre care fo\u0219tii interna\u021bionali Basarab Panduru \u0219i Cristi Pulhac a fost scoas\u0103 la licita\u021bie.\" \/>\n<meta name=\"robots\" content=\"index, follow, max-snippet:-1, max-image-preview:large, max-video-preview:-1\" \/>\n<link rel=\"canonical\" href=\"https:\/\/buletin.de\/bucuresti\/o-minge-semnata-de-fotbalisti-celebri-donata-pentru-cauza-cainilor-fara-stapan\/\" \/>\n<meta property=\"og:locale\" content=\"en_GB\" \/>\n<meta property=\"og:type\" content=\"article\" \/>\n<meta property=\"og:title\" content=\"O minge semnat\u0103 de fotbali\u0219ti celebri, donat\u0103 pentru cauza c\u00e2inilor f\u0103r\u0103 st\u0103p\u00e2n\" \/>\n<meta property=\"og:description\" content=\"O minge semnat\u0103 de fotbali\u0219ti celebrii, printre care fo\u0219tii interna\u021bionali Basarab Panduru \u0219i Cristi Pulhac a fost scoas\u0103 la licita\u021bie.\" \/>\n<meta property=\"og:url\" content=\"https:\/\/buletin.de\/bucuresti\/o-minge-semnata-de-fotbalisti-celebri-donata-pentru-cauza-cainilor-fara-stapan\/\" \/>\n<meta property=\"og:site_name\" content=\"Buletin de Bucure\u0219ti\" \/>\n<meta property=\"article:publisher\" content=\"https:\/\/www.facebook.com\/buletin.de.buc\" \/>\n<meta property=\"article:published_time\" content=\"2025-01-25T18:35:25+00:00\" \/>\n<meta property=\"article:modified_time\" content=\"2025-01-25T18:40:57+00:00\" \/>\n<meta property=\"og:image\" content=\"https:\/\/buletin.de\/bucuresti\/wp-content\/uploads\/cainiabandonati.jpeg\" \/>\n\t<meta property=\"og:image:width\" content=\"1653\" \/>\n\t<meta property=\"og:image:height\" content=\"946\" \/>\n\t<meta property=\"og:image:type\" content=\"image\/jpeg\" \/>\n<meta name=\"author\" content=\"Redac\u021bia Buletin de Bucure\u0219ti\" \/>\n<meta name=\"twitter:card\" content=\"summary_large_image\" \/>\n<meta name=\"twitter:label1\" content=\"Written by\" \/>\n\t<meta name=\"twitter:data1\" content=\"Redac\u021bia Buletin de Bucure\u0219ti\" \/>\n\t<meta name=\"twitter:label2\" content=\"Estimated reading time\" \/>\n\t<meta name=\"twitter:data2\" content=\"2 minutes\" \/>\n<script type=\"application\/ld+json\" class=\"yoast-schema-graph\">{\"@context\":\"https:\\\/\\\/schema.org\",\"@graph\":[{\"@type\":\"Article\",\"@id\":\"https:\\\/\\\/buletin.de\\\/bucuresti\\\/o-minge-semnata-de-fotbalisti-celebri-donata-pentru-cauza-cainilor-fara-stapan\\\/#article\",\"isPartOf\":{\"@id\":\"https:\\\/\\\/buletin.de\\\/bucuresti\\\/o-minge-semnata-de-fotbalisti-celebri-donata-pentru-cauza-cainilor-fara-stapan\\\/\"},\"author\":{\"name\":\"Redac\u021bia Buletin de Bucure\u0219ti\",\"@id\":\"https:\\\/\\\/buletin.de\\\/bucuresti\\\/#\\\/schema\\\/person\\\/2bbcf854e5f2419a13804af574d06ab1\"},\"headline\":\"O minge semnat\u0103 de fotbali\u0219ti celebri, donat\u0103 pentru cauza c\u00e2inilor f\u0103r\u0103 st\u0103p\u00e2n\",\"datePublished\":\"2025-01-25T18:35:25+00:00\",\"dateModified\":\"2025-01-25T18:40:57+00:00\",\"mainEntityOfPage\":{\"@id\":\"https:\\\/\\\/buletin.de\\\/bucuresti\\\/o-minge-semnata-de-fotbalisti-celebri-donata-pentru-cauza-cainilor-fara-stapan\\\/\"},\"wordCount\":386,\"publisher\":{\"@id\":\"https:\\\/\\\/buletin.de\\\/bucuresti\\\/#organization\"},\"image\":{\"@id\":\"https:\\\/\\\/buletin.de\\\/bucuresti\\\/o-minge-semnata-de-fotbalisti-celebri-donata-pentru-cauza-cainilor-fara-stapan\\\/#primaryimage\"},\"thumbnailUrl\":\"https:\\\/\\\/buletin.de\\\/bucuresti\\\/wp-content\\\/uploads\\\/cainiabandonati.jpeg\",\"keywords\":[\"adaposturi pentru cainii fara stapan\",\"animale fara stapan\",\"caine\",\"caini far\u0103 st\u0103p\u00e2n\"],\"articleSection\":[\"Articole\",\"Eveniment\",\"\u0218tiri\"],\"inLanguage\":\"en-GB\",\"copyrightYear\":\"2025\",\"copyrightHolder\":{\"@id\":\"https:\\\/\\\/buletin.de\\\/bucuresti\\\/#organization\"}},{\"@type\":\"WebPage\",\"@id\":\"https:\\\/\\\/buletin.de\\\/bucuresti\\\/o-minge-semnata-de-fotbalisti-celebri-donata-pentru-cauza-cainilor-fara-stapan\\\/\",\"url\":\"https:\\\/\\\/buletin.de\\\/bucuresti\\\/o-minge-semnata-de-fotbalisti-celebri-donata-pentru-cauza-cainilor-fara-stapan\\\/\",\"name\":\"O minge semnat\u0103 de fotbali\u0219ti celebri, donat\u0103 pentru cauza c\u00e2inilor f\u0103r\u0103 st\u0103p\u00e2n - Buletin de Bucure\u0219ti\",\"isPartOf\":{\"@id\":\"https:\\\/\\\/buletin.de\\\/bucuresti\\\/#website\"},\"primaryImageOfPage\":{\"@id\":\"https:\\\/\\\/buletin.de\\\/bucuresti\\\/o-minge-semnata-de-fotbalisti-celebri-donata-pentru-cauza-cainilor-fara-stapan\\\/#primaryimage\"},\"image\":{\"@id\":\"https:\\\/\\\/buletin.de\\\/bucuresti\\\/o-minge-semnata-de-fotbalisti-celebri-donata-pentru-cauza-cainilor-fara-stapan\\\/#primaryimage\"},\"thumbnailUrl\":\"https:\\\/\\\/buletin.de\\\/bucuresti\\\/wp-content\\\/uploads\\\/cainiabandonati.jpeg\",\"datePublished\":\"2025-01-25T18:35:25+00:00\",\"dateModified\":\"2025-01-25T18:40:57+00:00\",\"description\":\"O minge semnat\u0103 de fotbali\u0219ti celebrii, printre care fo\u0219tii interna\u021bionali Basarab Panduru \u0219i Cristi Pulhac a fost scoas\u0103 la licita\u021bie.\",\"breadcrumb\":{\"@id\":\"https:\\\/\\\/buletin.de\\\/bucuresti\\\/o-minge-semnata-de-fotbalisti-celebri-donata-pentru-cauza-cainilor-fara-stapan\\\/#breadcrumb\"},\"inLanguage\":\"en-GB\",\"potentialAction\":[{\"@type\":\"ReadAction\",\"target\":[\"https:\\\/\\\/buletin.de\\\/bucuresti\\\/o-minge-semnata-de-fotbalisti-celebri-donata-pentru-cauza-cainilor-fara-stapan\\\/\"]}]},{\"@type\":\"ImageObject\",\"inLanguage\":\"en-GB\",\"@id\":\"https:\\\/\\\/buletin.de\\\/bucuresti\\\/o-minge-semnata-de-fotbalisti-celebri-donata-pentru-cauza-cainilor-fara-stapan\\\/#primaryimage\",\"url\":\"https:\\\/\\\/buletin.de\\\/bucuresti\\\/wp-content\\\/uploads\\\/cainiabandonati.jpeg\",\"contentUrl\":\"https:\\\/\\\/buletin.de\\\/bucuresti\\\/wp-content\\\/uploads\\\/cainiabandonati.jpeg\",\"width\":1653,\"height\":946,\"caption\":\"Minge semnat\u0103 de fotbali\u0219ti celebri\"},{\"@type\":\"BreadcrumbList\",\"@id\":\"https:\\\/\\\/buletin.de\\\/bucuresti\\\/o-minge-semnata-de-fotbalisti-celebri-donata-pentru-cauza-cainilor-fara-stapan\\\/#breadcrumb\",\"itemListElement\":[{\"@type\":\"ListItem\",\"position\":1,\"name\":\"Acas\u0103\",\"item\":\"https:\\\/\\\/buletin.de\\\/bucuresti\\\/\"},{\"@type\":\"ListItem\",\"position\":2,\"name\":\"O minge semnat\u0103 de fotbali\u0219ti celebri, donat\u0103 pentru cauza c\u00e2inilor f\u0103r\u0103 st\u0103p\u00e2n\"}]},{\"@type\":\"WebSite\",\"@id\":\"https:\\\/\\\/buletin.de\\\/bucuresti\\\/#website\",\"url\":\"https:\\\/\\\/buletin.de\\\/bucuresti\\\/\",\"name\":\"Buletin de Bucure\u0219ti\",\"description\":\"\u0218tiri \u0219i investiga\u021bii esen\u021biale din capital\u0103\",\"publisher\":{\"@id\":\"https:\\\/\\\/buletin.de\\\/bucuresti\\\/#organization\"},\"potentialAction\":[{\"@type\":\"SearchAction\",\"target\":{\"@type\":\"EntryPoint\",\"urlTemplate\":\"https:\\\/\\\/buletin.de\\\/bucuresti\\\/?s={search_term_string}\"},\"query-input\":{\"@type\":\"PropertyValueSpecification\",\"valueRequired\":true,\"valueName\":\"search_term_string\"}}],\"inLanguage\":\"en-GB\"},{\"@type\":\"Organization\",\"@id\":\"https:\\\/\\\/buletin.de\\\/bucuresti\\\/#organization\",\"name\":\"Buletin de Bucure\u0219ti\",\"url\":\"https:\\\/\\\/buletin.de\\\/bucuresti\\\/\",\"logo\":{\"@type\":\"ImageObject\",\"inLanguage\":\"en-GB\",\"@id\":\"https:\\\/\\\/buletin.de\\\/bucuresti\\\/#\\\/schema\\\/logo\\\/image\\\/\",\"url\":\"https:\\\/\\\/buletin.de\\\/bucuresti\\\/wp-content\\\/uploads\\\/logo-bdb-full-wide-vernil-transparent.png\",\"contentUrl\":\"https:\\\/\\\/buletin.de\\\/bucuresti\\\/wp-content\\\/uploads\\\/logo-bdb-full-wide-vernil-transparent.png\",\"width\":1782,\"height\":626,\"caption\":\"Buletin de Bucure\u0219ti\"},\"image\":{\"@id\":\"https:\\\/\\\/buletin.de\\\/bucuresti\\\/#\\\/schema\\\/logo\\\/image\\\/\"},\"sameAs\":[\"https:\\\/\\\/www.facebook.com\\\/buletin.de.buc\",\"https:\\\/\\\/www.instagram.com\\\/buletinde.bucuresti\\\/\"]},{\"@type\":\"Person\",\"@id\":\"https:\\\/\\\/buletin.de\\\/bucuresti\\\/#\\\/schema\\\/person\\\/2bbcf854e5f2419a13804af574d06ab1\",\"name\":\"Redac\u021bia Buletin de Bucure\u0219ti\",\"image\":{\"@type\":\"ImageObject\",\"inLanguage\":\"en-GB\",\"@id\":\"https:\\\/\\\/secure.gravatar.com\\\/avatar\\\/18c5342381ed1a08620e6280424e3e5efc958618f5d67c522c9e44c1bc6f9226?s=96&d=monsterid&r=g60c7cd0ad92c68c049fcd4bb3504d609\",\"url\":\"https:\\\/\\\/secure.gravatar.com\\\/avatar\\\/18c5342381ed1a08620e6280424e3e5efc958618f5d67c522c9e44c1bc6f9226?s=96&d=monsterid&r=g\",\"contentUrl\":\"https:\\\/\\\/secure.gravatar.com\\\/avatar\\\/18c5342381ed1a08620e6280424e3e5efc958618f5d67c522c9e44c1bc6f9226?s=96&d=monsterid&r=g\",\"caption\":\"Redac\u021bia Buletin de Bucure\u0219ti\"},\"description\":\"Buletin de Bucure\u0219ti exist\u0103 din vara anului 2019.\",\"url\":\"https:\\\/\\\/buletin.de\\\/bucuresti\\\/author\\\/adminbuletin\\\/\"}]}<\/script>\n<!-- \/ Yoast SEO Premium plugin. -->","yoast_head_json":{"title":"O minge semnat\u0103 de fotbali\u0219ti celebri, donat\u0103 pentru cauza c\u00e2inilor f\u0103r\u0103 st\u0103p\u00e2n - Buletin de Bucure\u0219ti","description":"O minge semnat\u0103 de fotbali\u0219ti celebrii, printre care fo\u0219tii interna\u021bionali Basarab Panduru \u0219i Cristi Pulhac a fost scoas\u0103 la licita\u021bie.","robots":{"index":"index","follow":"follow","max-snippet":"max-snippet:-1","max-image-preview":"max-image-preview:large","max-video-preview":"max-video-preview:-1"},"canonical":"https:\/\/buletin.de\/bucuresti\/o-minge-semnata-de-fotbalisti-celebri-donata-pentru-cauza-cainilor-fara-stapan\/","og_locale":"en_GB","og_type":"article","og_title":"O minge semnat\u0103 de fotbali\u0219ti celebri, donat\u0103 pentru cauza c\u00e2inilor f\u0103r\u0103 st\u0103p\u00e2n","og_description":"O minge semnat\u0103 de fotbali\u0219ti celebrii, printre care fo\u0219tii interna\u021bionali Basarab Panduru \u0219i Cristi Pulhac a fost scoas\u0103 la licita\u021bie.","og_url":"https:\/\/buletin.de\/bucuresti\/o-minge-semnata-de-fotbalisti-celebri-donata-pentru-cauza-cainilor-fara-stapan\/","og_site_name":"Buletin de Bucure\u0219ti","article_publisher":"https:\/\/www.facebook.com\/buletin.de.buc","article_published_time":"2025-01-25T18:35:25+00:00","article_modified_time":"2025-01-25T18:40:57+00:00","og_image":[{"width":1653,"height":946,"url":"https:\/\/buletin.de\/bucuresti\/wp-content\/uploads\/cainiabandonati.jpeg","type":"image\/jpeg"}],"author":"Redac\u021bia Buletin de Bucure\u0219ti","twitter_card":"summary_large_image","twitter_misc":{"Written by":"Redac\u021bia Buletin de Bucure\u0219ti","Estimated reading time":"2 minutes"},"schema":{"@context":"https:\/\/schema.org","@graph":[{"@type":"Article","@id":"https:\/\/buletin.de\/bucuresti\/o-minge-semnata-de-fotbalisti-celebri-donata-pentru-cauza-cainilor-fara-stapan\/#article","isPartOf":{"@id":"https:\/\/buletin.de\/bucuresti\/o-minge-semnata-de-fotbalisti-celebri-donata-pentru-cauza-cainilor-fara-stapan\/"},"author":{"name":"Redac\u021bia Buletin de Bucure\u0219ti","@id":"https:\/\/buletin.de\/bucuresti\/#\/schema\/person\/2bbcf854e5f2419a13804af574d06ab1"},"headline":"O minge semnat\u0103 de fotbali\u0219ti celebri, donat\u0103 pentru cauza c\u00e2inilor f\u0103r\u0103 st\u0103p\u00e2n","datePublished":"2025-01-25T18:35:25+00:00","dateModified":"2025-01-25T18:40:57+00:00","mainEntityOfPage":{"@id":"https:\/\/buletin.de\/bucuresti\/o-minge-semnata-de-fotbalisti-celebri-donata-pentru-cauza-cainilor-fara-stapan\/"},"wordCount":386,"publisher":{"@id":"https:\/\/buletin.de\/bucuresti\/#organization"},"image":{"@id":"https:\/\/buletin.de\/bucuresti\/o-minge-semnata-de-fotbalisti-celebri-donata-pentru-cauza-cainilor-fara-stapan\/#primaryimage"},"thumbnailUrl":"https:\/\/buletin.de\/bucuresti\/wp-content\/uploads\/cainiabandonati.jpeg","keywords":["adaposturi pentru cainii fara stapan","animale fara stapan","caine","caini far\u0103 st\u0103p\u00e2n"],"articleSection":["Articole","Eveniment","\u0218tiri"],"inLanguage":"en-GB","copyrightYear":"2025","copyrightHolder":{"@id":"https:\/\/buletin.de\/bucuresti\/#organization"}},{"@type":"WebPage","@id":"https:\/\/buletin.de\/bucuresti\/o-minge-semnata-de-fotbalisti-celebri-donata-pentru-cauza-cainilor-fara-stapan\/","url":"https:\/\/buletin.de\/bucuresti\/o-minge-semnata-de-fotbalisti-celebri-donata-pentru-cauza-cainilor-fara-stapan\/","name":"O minge semnat\u0103 de fotbali\u0219ti celebri, donat\u0103 pentru cauza c\u00e2inilor f\u0103r\u0103 st\u0103p\u00e2n - Buletin de Bucure\u0219ti","isPartOf":{"@id":"https:\/\/buletin.de\/bucuresti\/#website"},"primaryImageOfPage":{"@id":"https:\/\/buletin.de\/bucuresti\/o-minge-semnata-de-fotbalisti-celebri-donata-pentru-cauza-cainilor-fara-stapan\/#primaryimage"},"image":{"@id":"https:\/\/buletin.de\/bucuresti\/o-minge-semnata-de-fotbalisti-celebri-donata-pentru-cauza-cainilor-fara-stapan\/#primaryimage"},"thumbnailUrl":"https:\/\/buletin.de\/bucuresti\/wp-content\/uploads\/cainiabandonati.jpeg","datePublished":"2025-01-25T18:35:25+00:00","dateModified":"2025-01-25T18:40:57+00:00","description":"O minge semnat\u0103 de fotbali\u0219ti celebrii, printre care fo\u0219tii interna\u021bionali Basarab Panduru \u0219i Cristi Pulhac a fost scoas\u0103 la licita\u021bie.","breadcrumb":{"@id":"https:\/\/buletin.de\/bucuresti\/o-minge-semnata-de-fotbalisti-celebri-donata-pentru-cauza-cainilor-fara-stapan\/#breadcrumb"},"inLanguage":"en-GB","potentialAction":[{"@type":"ReadAction","target":["https:\/\/buletin.de\/bucuresti\/o-minge-semnata-de-fotbalisti-celebri-donata-pentru-cauza-cainilor-fara-stapan\/"]}]},{"@type":"ImageObject","inLanguage":"en-GB","@id":"https:\/\/buletin.de\/bucuresti\/o-minge-semnata-de-fotbalisti-celebri-donata-pentru-cauza-cainilor-fara-stapan\/#primaryimage","url":"https:\/\/buletin.de\/bucuresti\/wp-content\/uploads\/cainiabandonati.jpeg","contentUrl":"https:\/\/buletin.de\/bucuresti\/wp-content\/uploads\/cainiabandonati.jpeg","width":1653,"height":946,"caption":"Minge semnat\u0103 de fotbali\u0219ti celebri"},{"@type":"BreadcrumbList","@id":"https:\/\/buletin.de\/bucuresti\/o-minge-semnata-de-fotbalisti-celebri-donata-pentru-cauza-cainilor-fara-stapan\/#breadcrumb","itemListElement":[{"@type":"ListItem","position":1,"name":"Acas\u0103","item":"https:\/\/buletin.de\/bucuresti\/"},{"@type":"ListItem","position":2,"name":"O minge semnat\u0103 de fotbali\u0219ti celebri, donat\u0103 pentru cauza c\u00e2inilor f\u0103r\u0103 st\u0103p\u00e2n"}]},{"@type":"WebSite","@id":"https:\/\/buletin.de\/bucuresti\/#website","url":"https:\/\/buletin.de\/bucuresti\/","name":"Buletin de Bucure\u0219ti","description":"\u0218tiri \u0219i investiga\u021bii esen\u021biale din capital\u0103","publisher":{"@id":"https:\/\/buletin.de\/bucuresti\/#organization"},"potentialAction":[{"@type":"SearchAction","target":{"@type":"EntryPoint","urlTemplate":"https:\/\/buletin.de\/bucuresti\/?s={search_term_string}"},"query-input":{"@type":"PropertyValueSpecification","valueRequired":true,"valueName":"search_term_string"}}],"inLanguage":"en-GB"},{"@type":"Organization","@id":"https:\/\/buletin.de\/bucuresti\/#organization","name":"Buletin de Bucure\u0219ti","url":"https:\/\/buletin.de\/bucuresti\/","logo":{"@type":"ImageObject","inLanguage":"en-GB","@id":"https:\/\/buletin.de\/bucuresti\/#\/schema\/logo\/image\/","url":"https:\/\/buletin.de\/bucuresti\/wp-content\/uploads\/logo-bdb-full-wide-vernil-transparent.png","contentUrl":"https:\/\/buletin.de\/bucuresti\/wp-content\/uploads\/logo-bdb-full-wide-vernil-transparent.png","width":1782,"height":626,"caption":"Buletin de Bucure\u0219ti"},"image":{"@id":"https:\/\/buletin.de\/bucuresti\/#\/schema\/logo\/image\/"},"sameAs":["https:\/\/www.facebook.com\/buletin.de.buc","https:\/\/www.instagram.com\/buletinde.bucuresti\/"]},{"@type":"Person","@id":"https:\/\/buletin.de\/bucuresti\/#\/schema\/person\/2bbcf854e5f2419a13804af574d06ab1","name":"Redac\u021bia Buletin de Bucure\u0219ti","image":{"@type":"ImageObject","inLanguage":"en-GB","@id":"https:\/\/secure.gravatar.com\/avatar\/18c5342381ed1a08620e6280424e3e5efc958618f5d67c522c9e44c1bc6f9226?s=96&d=monsterid&r=g60c7cd0ad92c68c049fcd4bb3504d609","url":"https:\/\/secure.gravatar.com\/avatar\/18c5342381ed1a08620e6280424e3e5efc958618f5d67c522c9e44c1bc6f9226?s=96&d=monsterid&r=g","contentUrl":"https:\/\/secure.gravatar.com\/avatar\/18c5342381ed1a08620e6280424e3e5efc958618f5d67c522c9e44c1bc6f9226?s=96&d=monsterid&r=g","caption":"Redac\u021bia Buletin de Bucure\u0219ti"},"description":"Buletin de Bucure\u0219ti exist\u0103 din vara anului 2019.","url":"https:\/\/buletin.de\/bucuresti\/author\/adminbuletin\/"}]}},"authors":[{"term_id":22583,"user_id":1,"is_guest":0,"slug":"adminbuletin","display_name":"Redac\u021bia Buletin de Bucure\u0219ti","avatar_url":"https:\/\/secure.gravatar.com\/avatar\/18c5342381ed1a08620e6280424e3e5efc958618f5d67c522c9e44c1bc6f9226?s=96&d=monsterid&r=g","0":null,"1":"","2":"","3":"","4":"","5":"","6":"","7":"","8":""}],"_links":{"self":[{"href":"https:\/\/buletin.de\/bucuresti\/wp-json\/wp\/v2\/posts\/115729","targetHints":{"allow":["GET"]}}],"collection":[{"href":"https:\/\/buletin.de\/bucuresti\/wp-json\/wp\/v2\/posts"}],"about":[{"href":"https:\/\/buletin.de\/bucuresti\/wp-json\/wp\/v2\/types\/post"}],"author":[{"embeddable":true,"href":"https:\/\/buletin.de\/bucuresti\/wp-json\/wp\/v2\/users\/1"}],"replies":[{"embeddable":true,"href":"https:\/\/buletin.de\/bucuresti\/wp-json\/wp\/v2\/comments?post=115729"}],"version-history":[{"count":2,"href":"https:\/\/buletin.de\/bucuresti\/wp-json\/wp\/v2\/posts\/115729\/revisions"}],"predecessor-version":[{"id":115733,"href":"https:\/\/buletin.de\/bucuresti\/wp-json\/wp\/v2\/posts\/115729\/revisions\/115733"}],"wp:featuredmedia":[{"embeddable":true,"href":"https:\/\/buletin.de\/bucuresti\/wp-json\/wp\/v2\/media\/115730"}],"wp:attachment":[{"href":"https:\/\/buletin.de\/bucuresti\/wp-json\/wp\/v2\/media?parent=115729"}],"wp:term":[{"taxonomy":"category","embeddable":true,"href":"https:\/\/buletin.de\/bucuresti\/wp-json\/wp\/v2\/categories?post=115729"},{"taxonomy":"post_tag","embeddable":true,"href":"https:\/\/buletin.de\/bucuresti\/wp-json\/wp\/v2\/tags?post=115729"},{"taxonomy":"author","embeddable":true,"href":"https:\/\/buletin.de\/bucuresti\/wp-json\/wp\/v2\/ppma_author?post=115729"}],"curies":[{"name":"wp","href":"https:\/\/api.w.org\/{rel}","templated":true}]}}