{"id":115696,"date":"2025-01-25T17:51:20","date_gmt":"2025-01-25T14:51:20","guid":{"rendered":"https:\/\/buletin.de\/bucuresti\/?p=115696"},"modified":"2025-01-25T19:49:25","modified_gmt":"2025-01-25T16:49:25","slug":"a-votat-aur-viceprimarii-psd-si-pnl-ai-bucurestiului-calculele-care-nu-se-potrivesc","status":"publish","type":"post","link":"https:\/\/buletin.de\/bucuresti\/a-votat-aur-viceprimarii-psd-si-pnl-ai-bucurestiului-calculele-care-nu-se-potrivesc\/","title":{"rendered":"A votat AUR viceprimarii PSD \u0219i PNL ai Bucure\u0219tiului? Calculele care nu se potrivesc"},"content":{"rendered":"\n<p><strong>Bucure\u0219tiul are, de joi, doi noi viceprimari, pe Stelian Bujduveanu, de la PNL, \u0219i pe Adrian Vigheciu, de la PSD. Alegerea lor s-a f\u0103cut \u00een urma unor runde aprinse de negocieri \u00eentre partidele care fac parte din Consiliul General al Municipiului Bucure\u0219ti (CGMB). Dup\u0103 vot, o \u00eentrebare a r\u0103mas f\u0103r\u0103 r\u0103spuns: a votat AUR, partid care se declar\u0103 \u201eanti sistem\u201d, al\u0103turi de PSD \u0219i PNL?<\/strong><\/p>\n\n\n\n<p>Lupta pentru ob\u021binerea func\u021biilor de viceprimar s-a dat \u00eentre alian\u021ba PSD-PNL \u0219i coali\u021bia USR, PMP, For\u021ba Dreptei, REPER. Nici una dintre tabere nu aveau destule voturi pentru a-\u0219i impune oamenii.<\/p>\n\n\n\n<p>Consiliul General al Municipiului Bucure\u0219ti (CGMB) este format din <strong>55<\/strong> de consilieri generali. PSD are <strong><mark style=\"background-color:rgba(0, 0, 0, 0)\" class=\"has-inline-color has-vivid-red-color\">16 locuri<\/mark><\/strong>, iar PNL <strong><mark style=\"background-color:rgba(0, 0, 0, 0)\" class=\"has-inline-color has-vivid-red-color\">7<\/mark><\/strong> (a\u0219adar <strong>23<\/strong> de voturi din total). USR are <strong><mark style=\"background-color:rgba(0, 0, 0, 0)\" class=\"has-inline-color has-vivid-red-color\">13 consilieri generali<\/mark><\/strong>, REPER <strong><mark style=\"background-color:rgba(0, 0, 0, 0)\" class=\"has-inline-color has-vivid-red-color\">4<\/mark><\/strong>, For\u021ba Dreptei <strong><mark style=\"background-color:rgba(0, 0, 0, 0)\" class=\"has-inline-color has-vivid-red-color\">2<\/mark><\/strong>, iar PMP<strong> <mark style=\"background-color:rgba(0, 0, 0, 0)\" class=\"has-inline-color has-vivid-red-color\">2<\/mark><\/strong> (deci <strong>21<\/strong> de locuri).<\/p>\n\n\n\n<p><strong>Pentru majoritate absolut\u0103 este nevoie de minimum 28 de voturi. Prin urmare, ambele tabere aveau nevoie de colaborarea AUR (ce are <mark style=\"background-color:rgba(0, 0, 0, 0)\" class=\"has-inline-color has-vivid-red-color\">5<\/mark> consilieri generali) \u0219i PUSL (ce are <mark style=\"background-color:rgba(0, 0, 0, 0)\" class=\"has-inline-color has-vivid-red-color\">6<\/mark> consilieri generali).<\/strong><\/p>\n\n\n\n<p>Negocierile s-au purtat, potrivit surselor Buletin de Bucure\u0219ti, p\u00e2n\u0103 \u00een ultimul moment. Joi diminea\u021b\u0103, \u00een ziua votului, AUR \u0219i PPUSL au fost ini\u021bial de partea coali\u021biei USR, REPER, PMP, For\u021ba Dreptei. <\/p>\n\n\n\n<p>Dou\u0103 telefoane date de c\u0103tre George Simion \u0219i Dan Voiculescu, cel care controleaz\u0103 PUSL, ar fi determinat schimbarea op\u021biunii. <\/p>\n\n\n\n<p>Cele dou\u0103 forma\u021biuni au trecut \u00een tab\u0103ra PSD-PNL, care a c\u00e2\u0219tigat astfel lupta \u0219i \u0219i-a impus oamenii. <strong>Stelian Bujduveanu de la PNL \u0219i Adrian Vigheciu de la PSD sunt noii viceprimari ai Capitalei. <\/strong>Au fost ale\u0219i cu <strong>33<\/strong> de voturi din <strong>49<\/strong> exprimate.<\/p>\n\n\n\n<p>Pe de alt\u0103 parte, Lucian Judele \u0219i C\u0103t\u0103lin Teni\u021b\u0103, propunerile celeilalte tabere, au primit doar c\u00e2te <strong>15<\/strong> voturi.<\/p>\n\n\n\n<p>CITE\u0218TE \u0218I: <strong><a href=\"https:\/\/buletin.de\/bucuresti\/razboi-la-baioneta-pentru-controlul-in-cgmb-aur-si-pusl-fac-alianta-cu-psd-si-pnl-iar-majoritatea-se-schimba-din-nou\/\" target=\"_blank\" rel=\"noreferrer noopener\">R\u0103zboi \u201ela baionet\u0103\u201d pentru controlul \u00een CGMB. AUR \u0219i PUSL fac alian\u021b\u0103 cu PSD \u0219i PNL, iar majoritatea se schimb\u0103 din nou<\/a><\/strong><\/p>\n\n\n\n<h2 class=\"wp-block-heading\" id=\"h-a-votat-aur-cu-psd-\u0219i-pnl-mihai-enache-vine-cu-o-teorie-ciudata-usr-ar-fi-dat-voturi-ca-sa-arunce-vina-pe-ei\">A votat AUR cu PSD \u0219i PNL? Mihai Enache vine cu o teorie ciudat\u0103: USR ar fi dat voturi, ca s\u0103 arunce vina pe ei<\/h2>\n\n\n\n<p>Dup\u0103 ce votul s-a \u00eencheiat, mai multe voci au acuzat AUR c\u0103 face un joc politic dublu. Pe de o parte, liderul George Simion \u00eel sus\u021bine pe C\u0103lin Georgescu, \u201ecandidatul antisistem\u201d, \u0219i se prezint\u0103 ca un politician care vrea scoaterea de la guvernare a coali\u021biei PSD &#8211; AUR. Pe de alt\u0103 parte, \u00een Consiliul General al Municipiului Bucure\u0219ti a sus\u021binut tocmai alian\u021ba PSD-PNL.<\/p>\n\n\n\n<p><strong>Mihai Enache, pre\u0219edintele AUR Bucure\u0219ti, a r\u0103spuns acestor acuza\u021bii cu o explica\u021bie cel pu\u021bin ciudat\u0103. Acesta a sus\u021binut c\u0103, de fapt, consilierii generali ai partidului nu au votat cu nici unul dintre candida\u021bii la func\u021bia de viceprimar. <\/strong><\/p>\n\n\n\n<p>Dar, a sus\u021binut Mihai Enache, USR \u0219i REPER ar fi votat propunerile PSD \u0219i PNL, doar pentru a putea da vina pe AUR, cu care negociaser\u0103 p\u00e2n\u0103 \u00een ultimul moment \u0219i care, joi, a decis s\u0103 nu-i mai sus\u021bin\u0103.<\/p>\n\n\n\n<blockquote class=\"wp-block-quote is-layout-flow wp-block-quote-is-layout-flow\">\n<p>\u201e\u00cen\u021beleg\u00e2nd c\u0103 au pierdut partida, taberele vr\u0103jma\u0219e din USR-REPER au inventat o strategie prin care s\u0103 se apere \u00een fa\u021ba bucure\u0219tenilor de vina de a arunca din nou capitala \u00een m\u00e2na PSD \u0219i PNL: <strong>au direc\u021bionat \u00een mod voit 5 voturi c\u0103tre candida\u021bii propu\u0219i de majoritatea PSD-PNL-PUSL<\/strong>, adic\u0103 acela\u0219i num\u0103r de voturi pe care \u00eel are grupul AUR. <\/p>\n<\/blockquote>\n\n\n\n<p>Iar urm\u0103torul pas a fost evident: PSD-PNL-PUSL au impus viceprimarii cu 5 voturi \u00een plus fa\u021ba de majoritatea pe care oricum o de\u021bineau \u0219i singuri, iar eminen\u021bele cenu\u0219ii din USR Bucure\u0219ti au \u00eenceput s\u0103 acuze AUR ca fiind cei care au transferat cele 5 voturi, oricum inutile, c\u0103tre toxica coali\u021bie nou format\u0103.<\/p>\n\n\n\n<p>(&#8230;) <strong>Consilierii AUR au votat \u00eempotriva tuturor propunerilor de viceprimari \u0219i \u00eei asigur\u0103m pe bucure\u0219teni c\u0103 ne vom opune oric\u0103rui proiect care nu serve\u0219te intereselor lor. <\/strong>Vom fi mereu vigilen\u021bi \u0219i vom analiza cu aten\u021bie fiecare decizie luat\u0103 \u00een Consiliul General\u201d, a afirmat Mihai Enache, <a href=\"https:\/\/www.facebook.com\/share\/p\/1PqjPgcGFW\/\" target=\"_blank\" rel=\"noreferrer noopener\">\u00eentr-o postare pe Facebook<\/a>.<\/p>\n\n\n\n<p><strong>CITE\u0218TE \u0218I: <a href=\"https:\/\/buletin.de\/bucuresti\/bujduveanu-si-vigheciu-de-la-pnl-si-psd-urmatorii-viceprimari-ai-capitalei-spune-liderul-reper-bucuresti-o-declinare-a-usl\/\" target=\"_blank\" rel=\"noreferrer noopener\">Bujduveanu \u015fi Vigheciu, de la PNL \u015fi PSD, urm\u0103torii viceprimari ai Capitalei, spune liderul REPER Bucure\u015fti. \u201eO declinare a USL\u201d<\/a><\/strong><\/p>\n\n\n\n<h2 class=\"wp-block-heading\" id=\"h-calculele-contrazic-pozi\u021bia-aur\">Calculele contrazic pozi\u021bia AUR<\/h2>\n\n\n\n<p><strong>Buletin de Bucure\u0219ti a \u00eencercat s\u0103 l\u0103mureasc\u0103 dac\u0103 acuza\u021bia lui Mihai Enache st\u0103 \u00een picioare. Votul pentru viceprimari a fost secret, prin urmare nu se \u0219tie clar cine cu cine a votat.<\/strong><\/p>\n\n\n\n<p>Procedura de vot a presupus ca pe buletinul de vot, consilierii generali s\u0103 men\u021bioneze \u201e<strong>DA<\/strong>\u201d \u00een dreptul numelor candida\u021bilor pe care \u00eei vor ca viceprimari \u0219i \u201e<strong>NU<\/strong>\u201d \u00een dreptul celor pe care nu \u00eei aleg.<\/p>\n\n\n\n<p>Primul indiciu c\u0103 afirma\u021bia liderului AUR conform c\u0103reia to\u021bi cei 5 consilieri generali ai partidului nu au votat pentru nici un candidat este fals\u0103 vine din faptul c\u0103, potrivit discu\u021biilor pe care Buletin de Bucure\u0219ti le-a avut cu aparatul administrativ al Consiliului General, nu exist\u0103 nici un buletin de vot f\u0103r\u0103 nici o men\u021biune. <\/p>\n\n\n\n<p><strong>Respectiv, <mark style=\"background-color:rgba(0, 0, 0, 0)\" class=\"has-inline-color has-vivid-red-color\">nu exist\u0103 nici un buletin pe care s\u0103 fie men\u021bionat \u00een dreptul tututor numelor \u201eNU\u201d sau s\u0103 nu fie scris nimic.<\/mark> Exist\u0103 un singur buletin de vot anulat, pentru c\u0103 apar trei de \u201eNU\u201d \u0219i un \u201eDA\u201d.<\/strong><\/p>\n\n\n\n<p>Nici afirma\u021bia lui Mihai Enache c\u0103 USR a votat cu PSD \u0219i PNL pentru a da vina pe AUR nu este sus\u021binut\u0103 de cifre. <\/p>\n\n\n\n<p>Stelian Bujduveanu \u0219i Adrian Vigheciu au ob\u021binut <strong><mark style=\"background-color:rgba(0, 0, 0, 0)\" class=\"has-inline-color has-vivid-red-color\">33 de voturi<\/mark><\/strong>. PSD \u0219i PNL au \u00eempreun\u0103 <strong><mark style=\"background-color:rgba(0, 0, 0, 0)\" class=\"has-inline-color has-vivid-red-color\">23 de voturi<\/mark><\/strong>. A\u0219adar, cei doi au primit <strong><mark style=\"background-color:rgba(0, 0, 0, 0)\" class=\"has-inline-color has-vivid-red-color\">10 voturi \u00een plus<\/mark><\/strong>.<\/p>\n\n\n\n<p>PUSL are \u0219ase consilieri, iar AUR cinci consilieri. A\u0219adar 11 voturi. Dar, potrivit datelor privind prezen\u021ba, la \u0219edin\u021ba de joi, c\u00e2nd s-au ales viceprimarii, a lipsit un consilier general de la PSD. <\/p>\n\n\n\n<p><strong><mark style=\"background-color:rgba(0, 0, 0, 0)\" class=\"has-inline-color has-vivid-red-color\">A\u0219adar, 22 de la PNL-PSD \u0219i cu 11, c\u00e2nd sunt \u00een dreptul AUR-PUSL, dau exact cele 33 de voturi ob\u021binute de Bujduveanu \u0219i <\/mark>Vigheciu<\/strong>.<\/p>\n\n\n\n<p>De cealalt\u0103 parte, Lucian Judele \u0219i C\u0103t\u0103lin Teni\u021b\u0103 au ob\u021binut doar c\u00e2te <strong><mark style=\"background-color:rgba(0, 0, 0, 0)\" class=\"has-inline-color has-vivid-red-color\">15 voturi pentru<\/mark><\/strong>. Tab\u0103ra USR, REPER, PMP \u0219i For\u021ba Dreptei are, \u00een total, 21 de consileri generali. <\/p>\n\n\n\n<p>Dar, potrivit datelor de prezen\u021b\u0103, la \u0219edin\u021ba \u00een care s-au ales viceprimarii au lipsit dou\u0103 persoane de la USR \u0219i c\u00e2te unul de la PMP \u0219i For\u021ba Dreptei.<\/p>\n\n\n\n<p><strong>A\u0219adar, aceast\u0103 coali\u021bie se putea baza pe 17 voturi.<\/strong> Lucian Judele a anun\u021bat c\u0103 nu voteaz\u0103 \u0219i, potrivit <a href=\"https:\/\/www.facebook.com\/PMBucuresti\/videos\/8998599686925673\/\" target=\"_blank\" rel=\"noreferrer noopener\">transmisiunii video a \u0219edin\u021bei<\/a>, nici nu a f\u0103cut-o. <strong><mark style=\"background-color:rgba(0, 0, 0, 0)\" class=\"has-inline-color has-vivid-red-color\">Prin urmare, au mai r\u0103mas 16 voturi.<\/mark><\/strong> Pe buletinul de vot anulat, era bifat \u201eDA\u201d, doar la Lucian Judele, \u0219i \u201eNU\u201d la ceilal\u021bi trei, dar aceast\u0103 op\u021biune nu a fost considerat\u0103 valid\u0103, pentru c\u0103 regula a fost s\u0103 fie ale\u0219i minim doi \u00een acela\u0219i timp. \u00cen finalm, <strong>au r\u0103mas 15 voturi<\/strong>, c\u00e2t au ob\u021binut cei doi candida\u021bi ai opozi\u021biei. <\/p>\n\n\n\n<p>Calculul cifrelor arat\u0103, prin urmare, c\u0103 aceast\u0103 tab\u0103r\u0103 nu avea cum s\u0103 renun\u021be la 5 voturi, a\u0219a cum sus\u021bine liderul AUR Mihai Enache.<\/p>\n\n\n\n<h2 class=\"wp-block-heading\" id=\"h-vlad-voiculescu-cozile-de-topor-au-fost-de-data-asta-cei-de-la-aur\">Vlad Voiculescu: Cozile de topor au fost de data asta cei de la AUR<\/h2>\n\n\n\n<p><strong>Mihai Enache a refuzat s\u0103 discute cu Buletin de Bucure\u0219ti pentru a l\u0103muri afirma\u021biile sale \u0219i calculul cifrelor. <\/strong><\/p>\n\n\n\n<p>Vlad Voiculescu, liderul USR Bucure\u0219ti, ne-a declarat, \u00een schimb, c\u0103 ceea ce s-a \u00eent\u00e2mplat \u00een Consiliul General al Bucure\u0219tiului vine \u00een continuarea a ceea ce s-a \u00eent\u00e2mplat la nivel na\u021bional \u00een decembrie.<\/p>\n\n\n\n<p>\u201ePartidele sistemului de privilegii \u0219i corup\u021bie &#8211; PSD-PNL &#8211; indiferent de c\u00e2t \u00eei voteaz\u0103 &#8211; sau mai degrab\u0103 nu \u00eei voteaz\u0103 oamenii, \u021bin cu din\u021bii de putere prin \u0219antaj, corup\u021bie \u0219i cu desigur, cu ajutorul cozilor de topor.<\/p>\n\n\n\n<p>Cozile de topor au fost de data asta cei de la AUR. De\u0219i cu siguran\u021b\u0103 exist\u0103 oameni cinsti\u021bi acolo, iar votan\u021bii lor sunt oameni s\u0103tui de sistemul de privilegii \u0219i corup\u021bie al PSD-PNL, a\u0219a-numitii \u00absuverani\u0219ti\u00bb cu discurs izola\u021bioni\u0219ti de ast\u0103zi sunt doar \u00abnebunii\u00bb de ieri. <\/p>\n\n\n\n<blockquote class=\"wp-block-quote is-layout-flow wp-block-quote-is-layout-flow\">\n<p>La fel cum Vadim \u00eei era instrument lui Iliescu, a\u0219a este AUR pentru PSD \u0219i PNL. Nimic mai mult, nimic mai pu\u021bin\u201d, a acuzat Vlad Voiculescu. <\/p>\n<\/blockquote>\n\n\n\n<p><strong>Liderul USR Bucure\u0219ti a men\u021bionat c\u0103 joi diminea\u021b\u0103 toate partidele din Consiliul General al Municipiului Bucure\u0219ti, deci inclusiv AUR \u0219i PUSL, au votat pentru blocarea PSD-PNL care convocaser\u0103 \u0219edin\u021b\u0103 pentru a \u00ee\u0219i vota viceprimarii.<\/strong><\/p>\n\n\n\n<p>\u201eDou\u0103 ore mai t\u00e2rziu, cineva l-a sunat pe Simion \u0219i acesta \u0219i-a scos consilierii din sal\u0103. C\u00e2nd s-au \u00eentors, metamorfoz\u0103: au votat \u00een bloc cu PSD-PNL.<\/p>\n\n\n\n<p>Ca s\u0103 adauge un strat de penibil peste mizeria f\u0103cut\u0103, seara au \u00eencercat s\u0103 se fofileze \u0219i s\u0103 spun\u0103 ce spune sistemul de 4 ani \u00eencoace: \u00abUSR e de vin\u0103\u00bb. <\/p>\n\n\n\n<p><strong>Nici aici nu fac altceva dec\u00e2t PSD\/PNL, doar doar oamenii care i-au votat s\u0103 nu \u00ee\u0219i dea seama c\u0103 sistemul nu \u00eei arunc\u0103 doar voturi c\u00e2nd candideaz\u0103 la pre\u0219edin\u021bie, sistemul chiar \u00eel are \u00een zgard\u0103 pe George Simion.<\/strong><\/p>\n\n\n\n<p>Cei care \u00ee\u0219i doresc schimbare \u00een societate sunt 60-70%. Dintre cei care le-o promit \u00eens\u0103, r\u0103m\u00e2n 15-20% care chiar vor s\u0103 schimbe ceva. La Bucure\u0219ti mai punem 10%, dar tot insuficient deocamdat\u0103.<\/p>\n\n\n\n<p>Jocul este acela\u0219i de 30 de ani pe aici. Sistemul e acela\u0219i, mai schimb\u0103 din c\u00e2nd \u00een c\u00e2nd piesele: \u00abnebunii\u00bb, b\u0103ie\u021bii de\u0219tep\u021bi, hrebenciucii, \u021boapele.<\/p>\n\n\n\n<p><strong>Diferen\u021ba fundamental\u0103 fa\u021b\u0103 de 2020, dac\u0103 v\u0103 \u00eentreba\u021bi, este c\u0103 PNL Bucure\u0219ti nu mai exist\u0103. PNL Bucure\u0219ti este mo\u0219ia grup\u0103rii Thuma-Helvig. Nimeni din PNL, nici domnul Bolojan &#8211; pre\u0219edintele partidului, nici domnul Ciucu &#8211; prim-vicepre\u0219edintele partidului, nu au vreun cuv\u00e2nt de spus. Zero<\/strong>\u201d, a acuzat Vlad Voiculescu.<\/p>\n\n\n\n<h2 class=\"wp-block-heading\" id=\"h-cu-cine-a-votat-aur-lucian-judele-unde-mama-zmeilor-sunt-voturile-acelea-impotriva-pe-care-le-au-dat-ei\">Cu cine a votat AUR. Lucian Judele: Unde mama zmeilor sunt voturile acelea \u00eempotriv\u0103 pe care le-au dat ei? <\/h2>\n\n\n\n<p>Lucian Judele, consilier general USR \u0219i candidat pentru func\u021bia de viceprimar, a afirmat, la r\u00e2ndul s\u0103u, c\u0103 \u00een sal\u0103, la \u0219edin\u021ba de vot, au fost <strong>50 de consilieri generali<\/strong>, care au intrat to\u021bi la vot.<\/p>\n\n\n\n<p>\u201eMai pu\u021bin eu, care nu am ridicat buletinul de vot. \u00cen consecin\u021b\u0103, 49 de consilieri au ridicat buletinul de vot \u0219i au votat.<\/p>\n\n\n\n<p><strong>Rezultatul votului: candida\u021bii PSD \u0219i PNL primesc c\u00e2te 33 de voturi pentru \u0219i 16 \u00eempotriv\u0103, Teni\u021b\u0103 ob\u021bine 15 voturi pentru \u0219i 33 \u00eempotriv\u0103, iar eu 16 voturi pentru \u0219i 33 \u00eempotriv\u0103.<\/strong><\/p>\n\n\n\n<p>Dar, pentru c\u0103 pe un buletin de vot am fost doar eu votat \u0219i nu a fost \u0219i al doilea viceprimar, acesta s-a anulat \u0219i au r\u0103mas \u0219i pentru mine 15 voturi pentru \u0219i 33 \u00eempotriv\u0103.<\/p>\n\n\n\n<p><strong>Rezultat final: Candida\u021bii PSD \u0219i PNL au 33 de voturi, eu \u0219i Teni\u021b\u0103 c\u00e2te 15.<\/strong><\/p>\n\n\n\n<p>Acum \u00eel \u00eentreb pe domnul <a href=\"https:\/\/www.facebook.com\/enachemihaiadrian?__cft__[0]=AZWUWMgraCve-kVL4ApMWR4uch6bGjU44IszRJO9try9N-YIeI6bTZUcVhcYVKhVrUtT3KVAXPU9WGKVjvBFyiOcR_iCdWNu9PlIcdFD-GQY5L4dFW1cGOSAfO_J6G5LdT7383VO3sIkKXgMeiszpIriCN9lt6cRY_6U0se2-WMWpw&amp;__tn__=-]K-R\">Mihai Enache<\/a>, pre\u0219edintele AUR Bucure\u0219ti: Unde mama zmeilor sunt voturile acelea \u00eempotriv\u0103 pe care le-au dat ei? <\/p>\n\n\n\n<p>Dac\u0103 s-ar fi \u00eent\u00e2mplat a\u0219a cum spune d\u00e2nsul, c\u0103 5 consilieri de la ADU au votat cu PSDNL ca s\u0103 d\u0103m vina pe ei, cum se face c\u0103 eu \u0219i Teni\u021b\u0103 avem toate voturile pe care le aveau \u00een sal\u0103 USR, REPER, PMP \u0219i FD?\u201d, <a href=\"https:\/\/www.facebook.com\/story.php?story_fbid=1071094785029459&amp;id=100063868413680&amp;mibextid=wwXIfr&amp;rdid=VgBYFDYncg6jlgwg#\" target=\"_blank\" rel=\"noreferrer noopener\">a reac\u021bionat \u0219i Lucian Judele<\/a>.<\/p>\n\n\n\n<p><strong>AUTORI: Andreea Tudor \u0219i R\u0103zvan Chiru\u021b\u0103<\/strong><\/p>\n","protected":false},"excerpt":{"rendered":"<p>Bucure\u0219tiul are, de joi, doi noi viceprimari, pe Stelian Bujduveanu, de la PNL, \u0219i pe Adrian Vigheciu, de la PSD. Alegerea lor s-a f\u0103cut \u00een urma unor runde aprinse de negocieri \u00eentre partidele care fac parte din Consiliul General al Municipiului Bucure\u0219ti (CGMB). Dup\u0103 vot, o \u00eentrebare a r\u0103mas f\u0103r\u0103 r\u0103spuns: a votat AUR, partid [&hellip;]<\/p>\n","protected":false},"author":1,"featured_media":115717,"comment_status":"closed","ping_status":"open","sticky":false,"template":"","format":"standard","meta":{"_acf_changed":false,"inline_featured_image":false,"ngg_post_thumbnail":0,"footnotes":""},"categories":[6994,5762,9025],"tags":[7741,18643,10734,7244,18644,223,3825],"ppma_author":[22583],"class_list":["post-115696","post","type-post","status-publish","format-standard","has-post-thumbnail","hentry","category-stiri-2","category-main","category-politic","tag-adrian-vigheciu","tag-alianta-cgmb","tag-catalin-tenita","tag-lucian-judele","tag-majoritate-consiliul-general","tag-nicusor-dan","tag-stelian-bujduveanu"],"acf":[],"yoast_head":"<!-- This site is optimized with the Yoast SEO Premium plugin v25.3 (Yoast SEO v27.4) - https:\/\/yoast.com\/product\/yoast-seo-premium-wordpress\/ -->\n<title>A votat AUR viceprimarii PSD \u0219i PNL ai Bucure\u0219tiului? Calculele care nu se potrivesc - Buletin de Bucure\u0219ti<\/title>\n<meta name=\"description\" content=\"A votat AUR viceprimarii PSD \u0219i PNL ai Bucure\u0219tiului? Calculele f\u0103cute de Buletin de Bucure\u0219ti nu se potrivesc cu afirma\u021biile AUR.\" \/>\n<meta name=\"robots\" content=\"index, follow, max-snippet:-1, max-image-preview:large, max-video-preview:-1\" \/>\n<link rel=\"canonical\" href=\"https:\/\/buletin.de\/bucuresti\/a-votat-aur-viceprimarii-psd-si-pnl-ai-bucurestiului-calculele-care-nu-se-potrivesc\/\" \/>\n<meta property=\"og:locale\" content=\"en_GB\" \/>\n<meta property=\"og:type\" content=\"article\" \/>\n<meta property=\"og:title\" content=\"A votat AUR viceprimarii PSD \u0219i PNL ai Bucure\u0219tiului? Calculele care nu se potrivesc\" \/>\n<meta property=\"og:description\" content=\"A votat AUR viceprimarii PSD \u0219i PNL ai Bucure\u0219tiului? Calculele f\u0103cute de Buletin de Bucure\u0219ti nu se potrivesc cu afirma\u021biile AUR.\" \/>\n<meta property=\"og:url\" content=\"https:\/\/buletin.de\/bucuresti\/a-votat-aur-viceprimarii-psd-si-pnl-ai-bucurestiului-calculele-care-nu-se-potrivesc\/\" \/>\n<meta property=\"og:site_name\" content=\"Buletin de Bucure\u0219ti\" \/>\n<meta property=\"article:publisher\" content=\"https:\/\/www.facebook.com\/buletin.de.buc\" \/>\n<meta property=\"article:published_time\" content=\"2025-01-25T14:51:20+00:00\" \/>\n<meta property=\"article:modified_time\" content=\"2025-01-25T16:49:25+00:00\" \/>\n<meta property=\"og:image\" content=\"https:\/\/buletin.de\/bucuresti\/wp-content\/uploads\/consiliulgeneral-1.png\" \/>\n\t<meta property=\"og:image:width\" content=\"1200\" \/>\n\t<meta property=\"og:image:height\" content=\"678\" \/>\n\t<meta property=\"og:image:type\" content=\"image\/png\" \/>\n<meta name=\"author\" content=\"Redac\u021bia Buletin de Bucure\u0219ti\" \/>\n<meta name=\"twitter:card\" content=\"summary_large_image\" \/>\n<meta name=\"twitter:label1\" content=\"Written by\" \/>\n\t<meta name=\"twitter:data1\" content=\"Redac\u021bia Buletin de Bucure\u0219ti\" \/>\n\t<meta name=\"twitter:label2\" content=\"Estimated reading time\" \/>\n\t<meta name=\"twitter:data2\" content=\"8 minutes\" \/>\n<script type=\"application\/ld+json\" class=\"yoast-schema-graph\">{\"@context\":\"https:\\\/\\\/schema.org\",\"@graph\":[{\"@type\":\"Article\",\"@id\":\"https:\\\/\\\/buletin.de\\\/bucuresti\\\/a-votat-aur-viceprimarii-psd-si-pnl-ai-bucurestiului-calculele-care-nu-se-potrivesc\\\/#article\",\"isPartOf\":{\"@id\":\"https:\\\/\\\/buletin.de\\\/bucuresti\\\/a-votat-aur-viceprimarii-psd-si-pnl-ai-bucurestiului-calculele-care-nu-se-potrivesc\\\/\"},\"author\":{\"name\":\"Redac\u021bia Buletin de Bucure\u0219ti\",\"@id\":\"https:\\\/\\\/buletin.de\\\/bucuresti\\\/#\\\/schema\\\/person\\\/2bbcf854e5f2419a13804af574d06ab1\"},\"headline\":\"A votat AUR viceprimarii PSD \u0219i PNL ai Bucure\u0219tiului? Calculele care nu se potrivesc\",\"datePublished\":\"2025-01-25T14:51:20+00:00\",\"dateModified\":\"2025-01-25T16:49:25+00:00\",\"mainEntityOfPage\":{\"@id\":\"https:\\\/\\\/buletin.de\\\/bucuresti\\\/a-votat-aur-viceprimarii-psd-si-pnl-ai-bucurestiului-calculele-care-nu-se-potrivesc\\\/\"},\"wordCount\":1898,\"publisher\":{\"@id\":\"https:\\\/\\\/buletin.de\\\/bucuresti\\\/#organization\"},\"image\":{\"@id\":\"https:\\\/\\\/buletin.de\\\/bucuresti\\\/a-votat-aur-viceprimarii-psd-si-pnl-ai-bucurestiului-calculele-care-nu-se-potrivesc\\\/#primaryimage\"},\"thumbnailUrl\":\"https:\\\/\\\/buletin.de\\\/bucuresti\\\/wp-content\\\/uploads\\\/consiliulgeneral-1.png\",\"keywords\":[\"adrian vigheciu\",\"alianta cgmb\",\"catalin tenita\",\"Lucian Judele\",\"majoritate consiliul general\",\"nicusor dan\",\"Stelian Bujduveanu\"],\"articleSection\":[\"Articole\",\"Main\",\"Politic\"],\"inLanguage\":\"en-GB\",\"copyrightYear\":\"2025\",\"copyrightHolder\":{\"@id\":\"https:\\\/\\\/buletin.de\\\/bucuresti\\\/#organization\"}},{\"@type\":\"WebPage\",\"@id\":\"https:\\\/\\\/buletin.de\\\/bucuresti\\\/a-votat-aur-viceprimarii-psd-si-pnl-ai-bucurestiului-calculele-care-nu-se-potrivesc\\\/\",\"url\":\"https:\\\/\\\/buletin.de\\\/bucuresti\\\/a-votat-aur-viceprimarii-psd-si-pnl-ai-bucurestiului-calculele-care-nu-se-potrivesc\\\/\",\"name\":\"A votat AUR viceprimarii PSD \u0219i PNL ai Bucure\u0219tiului? Calculele care nu se potrivesc - Buletin de Bucure\u0219ti\",\"isPartOf\":{\"@id\":\"https:\\\/\\\/buletin.de\\\/bucuresti\\\/#website\"},\"primaryImageOfPage\":{\"@id\":\"https:\\\/\\\/buletin.de\\\/bucuresti\\\/a-votat-aur-viceprimarii-psd-si-pnl-ai-bucurestiului-calculele-care-nu-se-potrivesc\\\/#primaryimage\"},\"image\":{\"@id\":\"https:\\\/\\\/buletin.de\\\/bucuresti\\\/a-votat-aur-viceprimarii-psd-si-pnl-ai-bucurestiului-calculele-care-nu-se-potrivesc\\\/#primaryimage\"},\"thumbnailUrl\":\"https:\\\/\\\/buletin.de\\\/bucuresti\\\/wp-content\\\/uploads\\\/consiliulgeneral-1.png\",\"datePublished\":\"2025-01-25T14:51:20+00:00\",\"dateModified\":\"2025-01-25T16:49:25+00:00\",\"description\":\"A votat AUR viceprimarii PSD \u0219i PNL ai Bucure\u0219tiului? Calculele f\u0103cute de Buletin de Bucure\u0219ti nu se potrivesc cu afirma\u021biile AUR.\",\"breadcrumb\":{\"@id\":\"https:\\\/\\\/buletin.de\\\/bucuresti\\\/a-votat-aur-viceprimarii-psd-si-pnl-ai-bucurestiului-calculele-care-nu-se-potrivesc\\\/#breadcrumb\"},\"inLanguage\":\"en-GB\",\"potentialAction\":[{\"@type\":\"ReadAction\",\"target\":[\"https:\\\/\\\/buletin.de\\\/bucuresti\\\/a-votat-aur-viceprimarii-psd-si-pnl-ai-bucurestiului-calculele-care-nu-se-potrivesc\\\/\"]}]},{\"@type\":\"ImageObject\",\"inLanguage\":\"en-GB\",\"@id\":\"https:\\\/\\\/buletin.de\\\/bucuresti\\\/a-votat-aur-viceprimarii-psd-si-pnl-ai-bucurestiului-calculele-care-nu-se-potrivesc\\\/#primaryimage\",\"url\":\"https:\\\/\\\/buletin.de\\\/bucuresti\\\/wp-content\\\/uploads\\\/consiliulgeneral-1.png\",\"contentUrl\":\"https:\\\/\\\/buletin.de\\\/bucuresti\\\/wp-content\\\/uploads\\\/consiliulgeneral-1.png\",\"width\":1200,\"height\":678,\"caption\":\"PSD cere retragerea comas\u0103rii unor institu\u021bii din subordinea Prim\u0103riei Generale\"},{\"@type\":\"BreadcrumbList\",\"@id\":\"https:\\\/\\\/buletin.de\\\/bucuresti\\\/a-votat-aur-viceprimarii-psd-si-pnl-ai-bucurestiului-calculele-care-nu-se-potrivesc\\\/#breadcrumb\",\"itemListElement\":[{\"@type\":\"ListItem\",\"position\":1,\"name\":\"Acas\u0103\",\"item\":\"https:\\\/\\\/buletin.de\\\/bucuresti\\\/\"},{\"@type\":\"ListItem\",\"position\":2,\"name\":\"A votat AUR viceprimarii PSD \u0219i PNL ai Bucure\u0219tiului? Calculele care nu se potrivesc\"}]},{\"@type\":\"WebSite\",\"@id\":\"https:\\\/\\\/buletin.de\\\/bucuresti\\\/#website\",\"url\":\"https:\\\/\\\/buletin.de\\\/bucuresti\\\/\",\"name\":\"Buletin de Bucure\u0219ti\",\"description\":\"\u0218tiri \u0219i investiga\u021bii esen\u021biale din capital\u0103\",\"publisher\":{\"@id\":\"https:\\\/\\\/buletin.de\\\/bucuresti\\\/#organization\"},\"potentialAction\":[{\"@type\":\"SearchAction\",\"target\":{\"@type\":\"EntryPoint\",\"urlTemplate\":\"https:\\\/\\\/buletin.de\\\/bucuresti\\\/?s={search_term_string}\"},\"query-input\":{\"@type\":\"PropertyValueSpecification\",\"valueRequired\":true,\"valueName\":\"search_term_string\"}}],\"inLanguage\":\"en-GB\"},{\"@type\":\"Organization\",\"@id\":\"https:\\\/\\\/buletin.de\\\/bucuresti\\\/#organization\",\"name\":\"Buletin de Bucure\u0219ti\",\"url\":\"https:\\\/\\\/buletin.de\\\/bucuresti\\\/\",\"logo\":{\"@type\":\"ImageObject\",\"inLanguage\":\"en-GB\",\"@id\":\"https:\\\/\\\/buletin.de\\\/bucuresti\\\/#\\\/schema\\\/logo\\\/image\\\/\",\"url\":\"https:\\\/\\\/buletin.de\\\/bucuresti\\\/wp-content\\\/uploads\\\/logo-bdb-full-wide-vernil-transparent.png\",\"contentUrl\":\"https:\\\/\\\/buletin.de\\\/bucuresti\\\/wp-content\\\/uploads\\\/logo-bdb-full-wide-vernil-transparent.png\",\"width\":1782,\"height\":626,\"caption\":\"Buletin de Bucure\u0219ti\"},\"image\":{\"@id\":\"https:\\\/\\\/buletin.de\\\/bucuresti\\\/#\\\/schema\\\/logo\\\/image\\\/\"},\"sameAs\":[\"https:\\\/\\\/www.facebook.com\\\/buletin.de.buc\",\"https:\\\/\\\/www.instagram.com\\\/buletinde.bucuresti\\\/\"]},{\"@type\":\"Person\",\"@id\":\"https:\\\/\\\/buletin.de\\\/bucuresti\\\/#\\\/schema\\\/person\\\/2bbcf854e5f2419a13804af574d06ab1\",\"name\":\"Redac\u021bia Buletin de Bucure\u0219ti\",\"image\":{\"@type\":\"ImageObject\",\"inLanguage\":\"en-GB\",\"@id\":\"https:\\\/\\\/secure.gravatar.com\\\/avatar\\\/18c5342381ed1a08620e6280424e3e5efc958618f5d67c522c9e44c1bc6f9226?s=96&d=monsterid&r=g60c7cd0ad92c68c049fcd4bb3504d609\",\"url\":\"https:\\\/\\\/secure.gravatar.com\\\/avatar\\\/18c5342381ed1a08620e6280424e3e5efc958618f5d67c522c9e44c1bc6f9226?s=96&d=monsterid&r=g\",\"contentUrl\":\"https:\\\/\\\/secure.gravatar.com\\\/avatar\\\/18c5342381ed1a08620e6280424e3e5efc958618f5d67c522c9e44c1bc6f9226?s=96&d=monsterid&r=g\",\"caption\":\"Redac\u021bia Buletin de Bucure\u0219ti\"},\"description\":\"Buletin de Bucure\u0219ti exist\u0103 din vara anului 2019.\",\"url\":\"https:\\\/\\\/buletin.de\\\/bucuresti\\\/author\\\/adminbuletin\\\/\"}]}<\/script>\n<!-- \/ Yoast SEO Premium plugin. -->","yoast_head_json":{"title":"A votat AUR viceprimarii PSD \u0219i PNL ai Bucure\u0219tiului? Calculele care nu se potrivesc - Buletin de Bucure\u0219ti","description":"A votat AUR viceprimarii PSD \u0219i PNL ai Bucure\u0219tiului? Calculele f\u0103cute de Buletin de Bucure\u0219ti nu se potrivesc cu afirma\u021biile AUR.","robots":{"index":"index","follow":"follow","max-snippet":"max-snippet:-1","max-image-preview":"max-image-preview:large","max-video-preview":"max-video-preview:-1"},"canonical":"https:\/\/buletin.de\/bucuresti\/a-votat-aur-viceprimarii-psd-si-pnl-ai-bucurestiului-calculele-care-nu-se-potrivesc\/","og_locale":"en_GB","og_type":"article","og_title":"A votat AUR viceprimarii PSD \u0219i PNL ai Bucure\u0219tiului? Calculele care nu se potrivesc","og_description":"A votat AUR viceprimarii PSD \u0219i PNL ai Bucure\u0219tiului? Calculele f\u0103cute de Buletin de Bucure\u0219ti nu se potrivesc cu afirma\u021biile AUR.","og_url":"https:\/\/buletin.de\/bucuresti\/a-votat-aur-viceprimarii-psd-si-pnl-ai-bucurestiului-calculele-care-nu-se-potrivesc\/","og_site_name":"Buletin de Bucure\u0219ti","article_publisher":"https:\/\/www.facebook.com\/buletin.de.buc","article_published_time":"2025-01-25T14:51:20+00:00","article_modified_time":"2025-01-25T16:49:25+00:00","og_image":[{"width":1200,"height":678,"url":"https:\/\/buletin.de\/bucuresti\/wp-content\/uploads\/consiliulgeneral-1.png","type":"image\/png"}],"author":"Redac\u021bia Buletin de Bucure\u0219ti","twitter_card":"summary_large_image","twitter_misc":{"Written by":"Redac\u021bia Buletin de Bucure\u0219ti","Estimated reading time":"8 minutes"},"schema":{"@context":"https:\/\/schema.org","@graph":[{"@type":"Article","@id":"https:\/\/buletin.de\/bucuresti\/a-votat-aur-viceprimarii-psd-si-pnl-ai-bucurestiului-calculele-care-nu-se-potrivesc\/#article","isPartOf":{"@id":"https:\/\/buletin.de\/bucuresti\/a-votat-aur-viceprimarii-psd-si-pnl-ai-bucurestiului-calculele-care-nu-se-potrivesc\/"},"author":{"name":"Redac\u021bia Buletin de Bucure\u0219ti","@id":"https:\/\/buletin.de\/bucuresti\/#\/schema\/person\/2bbcf854e5f2419a13804af574d06ab1"},"headline":"A votat AUR viceprimarii PSD \u0219i PNL ai Bucure\u0219tiului? Calculele care nu se potrivesc","datePublished":"2025-01-25T14:51:20+00:00","dateModified":"2025-01-25T16:49:25+00:00","mainEntityOfPage":{"@id":"https:\/\/buletin.de\/bucuresti\/a-votat-aur-viceprimarii-psd-si-pnl-ai-bucurestiului-calculele-care-nu-se-potrivesc\/"},"wordCount":1898,"publisher":{"@id":"https:\/\/buletin.de\/bucuresti\/#organization"},"image":{"@id":"https:\/\/buletin.de\/bucuresti\/a-votat-aur-viceprimarii-psd-si-pnl-ai-bucurestiului-calculele-care-nu-se-potrivesc\/#primaryimage"},"thumbnailUrl":"https:\/\/buletin.de\/bucuresti\/wp-content\/uploads\/consiliulgeneral-1.png","keywords":["adrian vigheciu","alianta cgmb","catalin tenita","Lucian Judele","majoritate consiliul general","nicusor dan","Stelian Bujduveanu"],"articleSection":["Articole","Main","Politic"],"inLanguage":"en-GB","copyrightYear":"2025","copyrightHolder":{"@id":"https:\/\/buletin.de\/bucuresti\/#organization"}},{"@type":"WebPage","@id":"https:\/\/buletin.de\/bucuresti\/a-votat-aur-viceprimarii-psd-si-pnl-ai-bucurestiului-calculele-care-nu-se-potrivesc\/","url":"https:\/\/buletin.de\/bucuresti\/a-votat-aur-viceprimarii-psd-si-pnl-ai-bucurestiului-calculele-care-nu-se-potrivesc\/","name":"A votat AUR viceprimarii PSD \u0219i PNL ai Bucure\u0219tiului? Calculele care nu se potrivesc - Buletin de Bucure\u0219ti","isPartOf":{"@id":"https:\/\/buletin.de\/bucuresti\/#website"},"primaryImageOfPage":{"@id":"https:\/\/buletin.de\/bucuresti\/a-votat-aur-viceprimarii-psd-si-pnl-ai-bucurestiului-calculele-care-nu-se-potrivesc\/#primaryimage"},"image":{"@id":"https:\/\/buletin.de\/bucuresti\/a-votat-aur-viceprimarii-psd-si-pnl-ai-bucurestiului-calculele-care-nu-se-potrivesc\/#primaryimage"},"thumbnailUrl":"https:\/\/buletin.de\/bucuresti\/wp-content\/uploads\/consiliulgeneral-1.png","datePublished":"2025-01-25T14:51:20+00:00","dateModified":"2025-01-25T16:49:25+00:00","description":"A votat AUR viceprimarii PSD \u0219i PNL ai Bucure\u0219tiului? Calculele f\u0103cute de Buletin de Bucure\u0219ti nu se potrivesc cu afirma\u021biile AUR.","breadcrumb":{"@id":"https:\/\/buletin.de\/bucuresti\/a-votat-aur-viceprimarii-psd-si-pnl-ai-bucurestiului-calculele-care-nu-se-potrivesc\/#breadcrumb"},"inLanguage":"en-GB","potentialAction":[{"@type":"ReadAction","target":["https:\/\/buletin.de\/bucuresti\/a-votat-aur-viceprimarii-psd-si-pnl-ai-bucurestiului-calculele-care-nu-se-potrivesc\/"]}]},{"@type":"ImageObject","inLanguage":"en-GB","@id":"https:\/\/buletin.de\/bucuresti\/a-votat-aur-viceprimarii-psd-si-pnl-ai-bucurestiului-calculele-care-nu-se-potrivesc\/#primaryimage","url":"https:\/\/buletin.de\/bucuresti\/wp-content\/uploads\/consiliulgeneral-1.png","contentUrl":"https:\/\/buletin.de\/bucuresti\/wp-content\/uploads\/consiliulgeneral-1.png","width":1200,"height":678,"caption":"PSD cere retragerea comas\u0103rii unor institu\u021bii din subordinea Prim\u0103riei Generale"},{"@type":"BreadcrumbList","@id":"https:\/\/buletin.de\/bucuresti\/a-votat-aur-viceprimarii-psd-si-pnl-ai-bucurestiului-calculele-care-nu-se-potrivesc\/#breadcrumb","itemListElement":[{"@type":"ListItem","position":1,"name":"Acas\u0103","item":"https:\/\/buletin.de\/bucuresti\/"},{"@type":"ListItem","position":2,"name":"A votat AUR viceprimarii PSD \u0219i PNL ai Bucure\u0219tiului? Calculele care nu se potrivesc"}]},{"@type":"WebSite","@id":"https:\/\/buletin.de\/bucuresti\/#website","url":"https:\/\/buletin.de\/bucuresti\/","name":"Buletin de Bucure\u0219ti","description":"\u0218tiri \u0219i investiga\u021bii esen\u021biale din capital\u0103","publisher":{"@id":"https:\/\/buletin.de\/bucuresti\/#organization"},"potentialAction":[{"@type":"SearchAction","target":{"@type":"EntryPoint","urlTemplate":"https:\/\/buletin.de\/bucuresti\/?s={search_term_string}"},"query-input":{"@type":"PropertyValueSpecification","valueRequired":true,"valueName":"search_term_string"}}],"inLanguage":"en-GB"},{"@type":"Organization","@id":"https:\/\/buletin.de\/bucuresti\/#organization","name":"Buletin de Bucure\u0219ti","url":"https:\/\/buletin.de\/bucuresti\/","logo":{"@type":"ImageObject","inLanguage":"en-GB","@id":"https:\/\/buletin.de\/bucuresti\/#\/schema\/logo\/image\/","url":"https:\/\/buletin.de\/bucuresti\/wp-content\/uploads\/logo-bdb-full-wide-vernil-transparent.png","contentUrl":"https:\/\/buletin.de\/bucuresti\/wp-content\/uploads\/logo-bdb-full-wide-vernil-transparent.png","width":1782,"height":626,"caption":"Buletin de Bucure\u0219ti"},"image":{"@id":"https:\/\/buletin.de\/bucuresti\/#\/schema\/logo\/image\/"},"sameAs":["https:\/\/www.facebook.com\/buletin.de.buc","https:\/\/www.instagram.com\/buletinde.bucuresti\/"]},{"@type":"Person","@id":"https:\/\/buletin.de\/bucuresti\/#\/schema\/person\/2bbcf854e5f2419a13804af574d06ab1","name":"Redac\u021bia Buletin de Bucure\u0219ti","image":{"@type":"ImageObject","inLanguage":"en-GB","@id":"https:\/\/secure.gravatar.com\/avatar\/18c5342381ed1a08620e6280424e3e5efc958618f5d67c522c9e44c1bc6f9226?s=96&d=monsterid&r=g60c7cd0ad92c68c049fcd4bb3504d609","url":"https:\/\/secure.gravatar.com\/avatar\/18c5342381ed1a08620e6280424e3e5efc958618f5d67c522c9e44c1bc6f9226?s=96&d=monsterid&r=g","contentUrl":"https:\/\/secure.gravatar.com\/avatar\/18c5342381ed1a08620e6280424e3e5efc958618f5d67c522c9e44c1bc6f9226?s=96&d=monsterid&r=g","caption":"Redac\u021bia Buletin de Bucure\u0219ti"},"description":"Buletin de Bucure\u0219ti exist\u0103 din vara anului 2019.","url":"https:\/\/buletin.de\/bucuresti\/author\/adminbuletin\/"}]}},"authors":[{"term_id":22583,"user_id":1,"is_guest":0,"slug":"adminbuletin","display_name":"Redac\u021bia Buletin de Bucure\u0219ti","avatar_url":"https:\/\/secure.gravatar.com\/avatar\/18c5342381ed1a08620e6280424e3e5efc958618f5d67c522c9e44c1bc6f9226?s=96&d=monsterid&r=g","0":null,"1":"","2":"","3":"","4":"","5":"","6":"","7":"","8":""}],"_links":{"self":[{"href":"https:\/\/buletin.de\/bucuresti\/wp-json\/wp\/v2\/posts\/115696","targetHints":{"allow":["GET"]}}],"collection":[{"href":"https:\/\/buletin.de\/bucuresti\/wp-json\/wp\/v2\/posts"}],"about":[{"href":"https:\/\/buletin.de\/bucuresti\/wp-json\/wp\/v2\/types\/post"}],"author":[{"embeddable":true,"href":"https:\/\/buletin.de\/bucuresti\/wp-json\/wp\/v2\/users\/1"}],"replies":[{"embeddable":true,"href":"https:\/\/buletin.de\/bucuresti\/wp-json\/wp\/v2\/comments?post=115696"}],"version-history":[{"count":13,"href":"https:\/\/buletin.de\/bucuresti\/wp-json\/wp\/v2\/posts\/115696\/revisions"}],"predecessor-version":[{"id":115728,"href":"https:\/\/buletin.de\/bucuresti\/wp-json\/wp\/v2\/posts\/115696\/revisions\/115728"}],"wp:featuredmedia":[{"embeddable":true,"href":"https:\/\/buletin.de\/bucuresti\/wp-json\/wp\/v2\/media\/115717"}],"wp:attachment":[{"href":"https:\/\/buletin.de\/bucuresti\/wp-json\/wp\/v2\/media?parent=115696"}],"wp:term":[{"taxonomy":"category","embeddable":true,"href":"https:\/\/buletin.de\/bucuresti\/wp-json\/wp\/v2\/categories?post=115696"},{"taxonomy":"post_tag","embeddable":true,"href":"https:\/\/buletin.de\/bucuresti\/wp-json\/wp\/v2\/tags?post=115696"},{"taxonomy":"author","embeddable":true,"href":"https:\/\/buletin.de\/bucuresti\/wp-json\/wp\/v2\/ppma_author?post=115696"}],"curies":[{"name":"wp","href":"https:\/\/api.w.org\/{rel}","templated":true}]}}