{"id":115418,"date":"2025-01-23T17:54:45","date_gmt":"2025-01-23T14:54:45","guid":{"rendered":"https:\/\/buletin.de\/bucuresti\/?p=115418"},"modified":"2025-01-25T10:57:00","modified_gmt":"2025-01-25T07:57:00","slug":"mijloacele-stb","status":"publish","type":"post","link":"https:\/\/buletin.de\/bucuresti\/mijloacele-stb\/","title":{"rendered":"Mijloacele STB circul\u0103 ca \u00eentr-o zi de duminic\u0103 pe 24 ianuarie"},"content":{"rendered":"\n<p><strong>Mijloacele STB \u00ee\u0219i schimb\u0103 programul pe 24 ianuarie. Circula\u021bia se modific\u0103, de Ziua Unirii Principatelor Rom\u00e2ne. <a href=\"https:\/\/www.stb.ro\/info\">STB<\/a> a anun\u021bat programul zilei de vineri.<\/strong><\/p>\n\n\n\n<p>Astfel, cu ocazia s\u0103rb\u0103toririi Zilei Unirii Principatelor Rom\u00e2ne, \u00een ziua de 24.01.2025, mijloacele STB vor circula dup\u0103 programul specific unei zile de duminic\u0103.<\/p>\n\n\n\n<p>STB aminte\u0219te c\u0103l\u0103torilor c\u0103 pune la dispozi\u021bie mai multe mijloace de informare pentru a afla, \u00een timp real, programul de circula\u021bie al mijloacelor de transport sau informa\u021bii despre eventuale modific\u0103ri de trasee, respectiv:<\/p>\n\n\n\n<ul class=\"wp-block-list\">\n<li>aplica\u021bia Info TB;<\/li>\n\n\n\n<li>site-ul oficial STB SA;<\/li>\n\n\n\n<li>paginile oficiale ale STB SA de pe re\u021belele de socializare (Facebook, Instagram \u0219i X).<\/li>\n<\/ul>\n\n\n\n<p><strong>CITE\u0218TE \u0218I:<\/strong> <a href=\"https:\/\/buletin.de\/bucuresti\/sector-6-bilantul-dupa-prima-zi-de-parcare-platita-pe-cele-300-de-locuri-amenajate-de-la-apaca-la-lujerului\/\"><strong>Sector 6 | Bilan\u0163ul dup\u0103 prima zi de parcare pl\u0103tit\u0103 pe cele 300 de locuri amenajate de la Apaca, la Lujerului<\/strong><\/a><\/p>\n\n\n\n<h2 class=\"wp-block-heading\" id=\"h-o-saptamana-fara-tramvaiul-40-pe-calea-calara\u0219i\">O s\u0103pt\u0103m\u00e2n\u0103 f\u0103r\u0103 tramvaiul 40, pe Calea C\u0103l\u0103ra\u0219i<\/h2>\n\n\n\n<p><strong>Tramvaiul 40 nu va circula pe Calea C\u0103l\u0103ra\u0219i \u00eentre 27 ianuarie \u0219i 2 februarie, din cauza unor lucr\u0103ri care se fac la intersec\u021bia Arhiereul Calist cu Calea C\u0103l\u0103ra\u0219i. Drept urmare, \u00een perioada men\u021bionat\u0103, va fi \u00eenfiin\u021bat\u0103 linia 640.<\/strong><\/p>\n\n\n\n<p>Mai exact, \u00een perioada 27 ianuarie \u2013 2 februarie, vor fi executate lucr\u0103ri de redimensionare a re\u021belei publice ap\u0103 potabil\u0103 \u0219i canalizare pe strada Arhiereul Calist, la intersec\u021bia cu Calea C\u0103l\u0103ra\u0219i. Drept urmare,&nbsp;<a href=\"https:\/\/tpbi.ro\/tpbi-tramvaiele-liniei-40-nu-vor-circula-pe-calea-calarasi-in-perioada-27-01-02-02-2025-calatorii-vor-fi-preluati-de-linia-naveta-640\/\">TPBI&nbsp;<\/a>anun\u021b\u0103 c\u0103 societatea local\u0103 de transport trebuie s\u0103 \u00eentrerup\u0103 circula\u021bia tramvaiului 40. Totu\u0219i, pentru a putea men\u021bine transportul public \u00een zon\u0103, va fi \u00eenfiin\u021bat\u0103&nbsp;<strong>linia navet\u0103 de autobuz 640<\/strong>.<\/p>\n\n\n\n<p>Astfel, tramvaiul<strong>&nbsp;40<\/strong>&nbsp;vor circula pe traseul de baz\u0103 \u020bntre terminalul \u201eChimopar\u201d \u0219i intersec\u0163ia Bd. Basarabia\/ Bd. Chi\u0219in\u0103u, apoi pe un traseu modificat \u020bn ambele sensuri pe Bd. Chi\u0219in\u0103u, \u0218os. Pantelimon, \u0218os. Iancului, Bd. Pache Protopopescu, Str. Traian, Calea C\u0103l\u0103ra\u0219i, Bd. Corneliu Coposu, Str. Sf. Vineri, terminal \u201ePia\u0163a Sf. Vineri\u201d.<\/p>\n\n\n\n<p><strong>Linia navet\u0103 de autobuz 640<\/strong>&nbsp;va func\u021biona pe traseul: terminal \u201eBd. Basarabia\u201d, Str. Lucre\u0163iu P\u0103tr\u0103\u015fcanu, Bd. Basarabia, Calea C\u0103l\u0103ra\u015fi, Bd. Corneliu Coposu, Str. Sf. Vineri, terminal \u201ePia\u0163a Sf. Vineri\u201d, cu \u00eentoarcere pe Bd. Mircea Vod\u0103, Calea C\u0103l\u0103ra\u015fi, Bd. Basarabia, Str. Lucre\u0163iu P\u0103tr\u0103\u015fcanu, terminal \u201eBd. Basarabia\u201d.<\/p>\n\n\n\n<p><strong>CITE\u0218TE \u0218I:<\/strong> <a href=\"https:\/\/buletin.de\/bucuresti\/sindicalistii-de-la-metrou-intalnire-cu-oficiali-de-la-transporturi-12-februarie-ultimatumul-pentru-rezolvarea-problemelor-salariale\/\"><strong>Sindicali\u0219tii de la metrou, \u00eent\u00e2lnire cu oficiali de la Transporturi. 12 februarie, ultimatumul pentru rezolvarea problemelor salariale<\/strong><\/a><\/p>\n","protected":false},"excerpt":{"rendered":"<p>Mijloacele STB \u00ee\u0219i schimb\u0103 programul pe 24 ianuarie. Circula\u021bia se modific\u0103, de Ziua Unirii Principatelor Rom\u00e2ne. STB a anun\u021bat programul zilei de vineri. Astfel, cu ocazia s\u0103rb\u0103toririi Zilei Unirii Principatelor Rom\u00e2ne, \u00een ziua de 24.01.2025, mijloacele STB vor circula dup\u0103 programul specific unei zile de duminic\u0103. STB aminte\u0219te c\u0103l\u0103torilor c\u0103 pune la dispozi\u021bie mai multe [&hellip;]<\/p>\n","protected":false},"author":49,"featured_media":112800,"comment_status":"closed","ping_status":"open","sticky":false,"template":"","format":"standard","meta":{"_acf_changed":false,"inline_featured_image":false,"ngg_post_thumbnail":0,"footnotes":""},"categories":[6994,650],"tags":[18641,402,18640],"ppma_author":[22574],"class_list":["post-115418","post","type-post","status-publish","format-standard","has-post-thumbnail","hentry","category-stiri-2","category-transport","tag-info-tb","tag-stb","tag-ziua-principatelor"],"acf":[],"yoast_head":"<!-- This site is optimized with the Yoast SEO Premium plugin v25.3 (Yoast SEO v27.4) - https:\/\/yoast.com\/product\/yoast-seo-premium-wordpress\/ -->\n<title>Mijloacele STB circul\u0103 ca \u00eentr-o zi de duminic\u0103 pe 24 ianuarie - Buletin de Bucure\u0219ti<\/title>\n<meta name=\"description\" content=\"Mijloacele STB. Mijloacele STB circul\u0103 ca \u00eentr-o zi de duminic\u0103, pe 24 ianuarie. Circula\u021bia se modific\u0103, de Ziua Unirii Principatelor Rom\u00e2ne.\" \/>\n<meta name=\"robots\" content=\"index, follow, max-snippet:-1, max-image-preview:large, max-video-preview:-1\" \/>\n<link rel=\"canonical\" href=\"https:\/\/buletin.de\/bucuresti\/mijloacele-stb\/\" \/>\n<meta property=\"og:locale\" content=\"en_GB\" \/>\n<meta property=\"og:type\" content=\"article\" \/>\n<meta property=\"og:title\" content=\"Mijloacele STB circul\u0103 ca \u00eentr-o zi de duminic\u0103 pe 24 ianuarie\" \/>\n<meta property=\"og:description\" content=\"Mijloacele STB. Mijloacele STB circul\u0103 ca \u00eentr-o zi de duminic\u0103, pe 24 ianuarie. Circula\u021bia se modific\u0103, de Ziua Unirii Principatelor Rom\u00e2ne.\" \/>\n<meta property=\"og:url\" content=\"https:\/\/buletin.de\/bucuresti\/mijloacele-stb\/\" \/>\n<meta property=\"og:site_name\" content=\"Buletin de Bucure\u0219ti\" \/>\n<meta property=\"article:publisher\" content=\"https:\/\/www.facebook.com\/buletin.de.buc\" \/>\n<meta property=\"article:published_time\" content=\"2025-01-23T14:54:45+00:00\" \/>\n<meta property=\"article:modified_time\" content=\"2025-01-25T07:57:00+00:00\" \/>\n<meta property=\"og:image\" content=\"https:\/\/buletin.de\/bucuresti\/wp-content\/uploads\/tramvai-7-1.jpeg\" \/>\n\t<meta property=\"og:image:width\" content=\"1024\" \/>\n\t<meta property=\"og:image:height\" content=\"768\" \/>\n\t<meta property=\"og:image:type\" content=\"image\/jpeg\" \/>\n<meta name=\"author\" content=\"Diana Matei\" \/>\n<meta name=\"twitter:card\" content=\"summary_large_image\" \/>\n<meta name=\"twitter:label1\" content=\"Written by\" \/>\n\t<meta name=\"twitter:data1\" content=\"Diana Matei\" \/>\n\t<meta name=\"twitter:label2\" content=\"Estimated reading time\" \/>\n\t<meta name=\"twitter:data2\" content=\"2 minutes\" \/>\n<script type=\"application\/ld+json\" class=\"yoast-schema-graph\">{\"@context\":\"https:\\\/\\\/schema.org\",\"@graph\":[{\"@type\":\"Article\",\"@id\":\"https:\\\/\\\/buletin.de\\\/bucuresti\\\/mijloacele-stb\\\/#article\",\"isPartOf\":{\"@id\":\"https:\\\/\\\/buletin.de\\\/bucuresti\\\/mijloacele-stb\\\/\"},\"author\":{\"name\":\"Diana Matei\",\"@id\":\"https:\\\/\\\/buletin.de\\\/bucuresti\\\/#\\\/schema\\\/person\\\/7e46040573290777280a0835d81ea4ea\"},\"headline\":\"Mijloacele STB circul\u0103 ca \u00eentr-o zi de duminic\u0103 pe 24 ianuarie\",\"datePublished\":\"2025-01-23T14:54:45+00:00\",\"dateModified\":\"2025-01-25T07:57:00+00:00\",\"mainEntityOfPage\":{\"@id\":\"https:\\\/\\\/buletin.de\\\/bucuresti\\\/mijloacele-stb\\\/\"},\"wordCount\":415,\"publisher\":{\"@id\":\"https:\\\/\\\/buletin.de\\\/bucuresti\\\/#organization\"},\"image\":{\"@id\":\"https:\\\/\\\/buletin.de\\\/bucuresti\\\/mijloacele-stb\\\/#primaryimage\"},\"thumbnailUrl\":\"https:\\\/\\\/buletin.de\\\/bucuresti\\\/wp-content\\\/uploads\\\/tramvai-7-1.jpeg\",\"keywords\":[\"Info TB\",\"stb\",\"ziua principatelor\"],\"articleSection\":[\"Articole\",\"Transport\"],\"inLanguage\":\"en-GB\",\"copyrightYear\":\"2025\",\"copyrightHolder\":{\"@id\":\"https:\\\/\\\/buletin.de\\\/bucuresti\\\/#organization\"}},{\"@type\":\"WebPage\",\"@id\":\"https:\\\/\\\/buletin.de\\\/bucuresti\\\/mijloacele-stb\\\/\",\"url\":\"https:\\\/\\\/buletin.de\\\/bucuresti\\\/mijloacele-stb\\\/\",\"name\":\"Mijloacele STB circul\u0103 ca \u00eentr-o zi de duminic\u0103 pe 24 ianuarie - Buletin de Bucure\u0219ti\",\"isPartOf\":{\"@id\":\"https:\\\/\\\/buletin.de\\\/bucuresti\\\/#website\"},\"primaryImageOfPage\":{\"@id\":\"https:\\\/\\\/buletin.de\\\/bucuresti\\\/mijloacele-stb\\\/#primaryimage\"},\"image\":{\"@id\":\"https:\\\/\\\/buletin.de\\\/bucuresti\\\/mijloacele-stb\\\/#primaryimage\"},\"thumbnailUrl\":\"https:\\\/\\\/buletin.de\\\/bucuresti\\\/wp-content\\\/uploads\\\/tramvai-7-1.jpeg\",\"datePublished\":\"2025-01-23T14:54:45+00:00\",\"dateModified\":\"2025-01-25T07:57:00+00:00\",\"description\":\"Mijloacele STB. Mijloacele STB circul\u0103 ca \u00eentr-o zi de duminic\u0103, pe 24 ianuarie. Circula\u021bia se modific\u0103, de Ziua Unirii Principatelor Rom\u00e2ne.\",\"breadcrumb\":{\"@id\":\"https:\\\/\\\/buletin.de\\\/bucuresti\\\/mijloacele-stb\\\/#breadcrumb\"},\"inLanguage\":\"en-GB\",\"potentialAction\":[{\"@type\":\"ReadAction\",\"target\":[\"https:\\\/\\\/buletin.de\\\/bucuresti\\\/mijloacele-stb\\\/\"]}]},{\"@type\":\"ImageObject\",\"inLanguage\":\"en-GB\",\"@id\":\"https:\\\/\\\/buletin.de\\\/bucuresti\\\/mijloacele-stb\\\/#primaryimage\",\"url\":\"https:\\\/\\\/buletin.de\\\/bucuresti\\\/wp-content\\\/uploads\\\/tramvai-7-1.jpeg\",\"contentUrl\":\"https:\\\/\\\/buletin.de\\\/bucuresti\\\/wp-content\\\/uploads\\\/tramvai-7-1.jpeg\",\"width\":1024,\"height\":768,\"caption\":\"Mijloacele STB circul\u0103 ca \u00eentr-o zi de duminic\u0103, pe 24 ianuarie.FOTO: Arhiva\"},{\"@type\":\"BreadcrumbList\",\"@id\":\"https:\\\/\\\/buletin.de\\\/bucuresti\\\/mijloacele-stb\\\/#breadcrumb\",\"itemListElement\":[{\"@type\":\"ListItem\",\"position\":1,\"name\":\"Acas\u0103\",\"item\":\"https:\\\/\\\/buletin.de\\\/bucuresti\\\/\"},{\"@type\":\"ListItem\",\"position\":2,\"name\":\"Mijloacele STB circul\u0103 ca \u00eentr-o zi de duminic\u0103 pe 24 ianuarie\"}]},{\"@type\":\"WebSite\",\"@id\":\"https:\\\/\\\/buletin.de\\\/bucuresti\\\/#website\",\"url\":\"https:\\\/\\\/buletin.de\\\/bucuresti\\\/\",\"name\":\"Buletin de Bucure\u0219ti\",\"description\":\"\u0218tiri \u0219i investiga\u021bii esen\u021biale din capital\u0103\",\"publisher\":{\"@id\":\"https:\\\/\\\/buletin.de\\\/bucuresti\\\/#organization\"},\"potentialAction\":[{\"@type\":\"SearchAction\",\"target\":{\"@type\":\"EntryPoint\",\"urlTemplate\":\"https:\\\/\\\/buletin.de\\\/bucuresti\\\/?s={search_term_string}\"},\"query-input\":{\"@type\":\"PropertyValueSpecification\",\"valueRequired\":true,\"valueName\":\"search_term_string\"}}],\"inLanguage\":\"en-GB\"},{\"@type\":\"Organization\",\"@id\":\"https:\\\/\\\/buletin.de\\\/bucuresti\\\/#organization\",\"name\":\"Buletin de Bucure\u0219ti\",\"url\":\"https:\\\/\\\/buletin.de\\\/bucuresti\\\/\",\"logo\":{\"@type\":\"ImageObject\",\"inLanguage\":\"en-GB\",\"@id\":\"https:\\\/\\\/buletin.de\\\/bucuresti\\\/#\\\/schema\\\/logo\\\/image\\\/\",\"url\":\"https:\\\/\\\/buletin.de\\\/bucuresti\\\/wp-content\\\/uploads\\\/logo-bdb-full-wide-vernil-transparent.png\",\"contentUrl\":\"https:\\\/\\\/buletin.de\\\/bucuresti\\\/wp-content\\\/uploads\\\/logo-bdb-full-wide-vernil-transparent.png\",\"width\":1782,\"height\":626,\"caption\":\"Buletin de Bucure\u0219ti\"},\"image\":{\"@id\":\"https:\\\/\\\/buletin.de\\\/bucuresti\\\/#\\\/schema\\\/logo\\\/image\\\/\"},\"sameAs\":[\"https:\\\/\\\/www.facebook.com\\\/buletin.de.buc\",\"https:\\\/\\\/www.instagram.com\\\/buletinde.bucuresti\\\/\"]},{\"@type\":\"Person\",\"@id\":\"https:\\\/\\\/buletin.de\\\/bucuresti\\\/#\\\/schema\\\/person\\\/7e46040573290777280a0835d81ea4ea\",\"name\":\"Diana Matei\",\"image\":{\"@type\":\"ImageObject\",\"inLanguage\":\"en-GB\",\"@id\":\"https:\\\/\\\/buletin.de\\\/bucuresti\\\/wp-content\\\/uploads\\\/9-2-96x96.jpg1e8590b30871d70e62ebcdaf2eff570c\",\"url\":\"https:\\\/\\\/buletin.de\\\/bucuresti\\\/wp-content\\\/uploads\\\/9-2-96x96.jpg\",\"contentUrl\":\"https:\\\/\\\/buletin.de\\\/bucuresti\\\/wp-content\\\/uploads\\\/9-2-96x96.jpg\",\"caption\":\"Diana Matei\"},\"url\":\"https:\\\/\\\/buletin.de\\\/bucuresti\\\/author\\\/dianamatei\\\/\"}]}<\/script>\n<!-- \/ Yoast SEO Premium plugin. -->","yoast_head_json":{"title":"Mijloacele STB circul\u0103 ca \u00eentr-o zi de duminic\u0103 pe 24 ianuarie - Buletin de Bucure\u0219ti","description":"Mijloacele STB. Mijloacele STB circul\u0103 ca \u00eentr-o zi de duminic\u0103, pe 24 ianuarie. Circula\u021bia se modific\u0103, de Ziua Unirii Principatelor Rom\u00e2ne.","robots":{"index":"index","follow":"follow","max-snippet":"max-snippet:-1","max-image-preview":"max-image-preview:large","max-video-preview":"max-video-preview:-1"},"canonical":"https:\/\/buletin.de\/bucuresti\/mijloacele-stb\/","og_locale":"en_GB","og_type":"article","og_title":"Mijloacele STB circul\u0103 ca \u00eentr-o zi de duminic\u0103 pe 24 ianuarie","og_description":"Mijloacele STB. Mijloacele STB circul\u0103 ca \u00eentr-o zi de duminic\u0103, pe 24 ianuarie. Circula\u021bia se modific\u0103, de Ziua Unirii Principatelor Rom\u00e2ne.","og_url":"https:\/\/buletin.de\/bucuresti\/mijloacele-stb\/","og_site_name":"Buletin de Bucure\u0219ti","article_publisher":"https:\/\/www.facebook.com\/buletin.de.buc","article_published_time":"2025-01-23T14:54:45+00:00","article_modified_time":"2025-01-25T07:57:00+00:00","og_image":[{"width":1024,"height":768,"url":"https:\/\/buletin.de\/bucuresti\/wp-content\/uploads\/tramvai-7-1.jpeg","type":"image\/jpeg"}],"author":"Diana Matei","twitter_card":"summary_large_image","twitter_misc":{"Written by":"Diana Matei","Estimated reading time":"2 minutes"},"schema":{"@context":"https:\/\/schema.org","@graph":[{"@type":"Article","@id":"https:\/\/buletin.de\/bucuresti\/mijloacele-stb\/#article","isPartOf":{"@id":"https:\/\/buletin.de\/bucuresti\/mijloacele-stb\/"},"author":{"name":"Diana Matei","@id":"https:\/\/buletin.de\/bucuresti\/#\/schema\/person\/7e46040573290777280a0835d81ea4ea"},"headline":"Mijloacele STB circul\u0103 ca \u00eentr-o zi de duminic\u0103 pe 24 ianuarie","datePublished":"2025-01-23T14:54:45+00:00","dateModified":"2025-01-25T07:57:00+00:00","mainEntityOfPage":{"@id":"https:\/\/buletin.de\/bucuresti\/mijloacele-stb\/"},"wordCount":415,"publisher":{"@id":"https:\/\/buletin.de\/bucuresti\/#organization"},"image":{"@id":"https:\/\/buletin.de\/bucuresti\/mijloacele-stb\/#primaryimage"},"thumbnailUrl":"https:\/\/buletin.de\/bucuresti\/wp-content\/uploads\/tramvai-7-1.jpeg","keywords":["Info TB","stb","ziua principatelor"],"articleSection":["Articole","Transport"],"inLanguage":"en-GB","copyrightYear":"2025","copyrightHolder":{"@id":"https:\/\/buletin.de\/bucuresti\/#organization"}},{"@type":"WebPage","@id":"https:\/\/buletin.de\/bucuresti\/mijloacele-stb\/","url":"https:\/\/buletin.de\/bucuresti\/mijloacele-stb\/","name":"Mijloacele STB circul\u0103 ca \u00eentr-o zi de duminic\u0103 pe 24 ianuarie - Buletin de Bucure\u0219ti","isPartOf":{"@id":"https:\/\/buletin.de\/bucuresti\/#website"},"primaryImageOfPage":{"@id":"https:\/\/buletin.de\/bucuresti\/mijloacele-stb\/#primaryimage"},"image":{"@id":"https:\/\/buletin.de\/bucuresti\/mijloacele-stb\/#primaryimage"},"thumbnailUrl":"https:\/\/buletin.de\/bucuresti\/wp-content\/uploads\/tramvai-7-1.jpeg","datePublished":"2025-01-23T14:54:45+00:00","dateModified":"2025-01-25T07:57:00+00:00","description":"Mijloacele STB. Mijloacele STB circul\u0103 ca \u00eentr-o zi de duminic\u0103, pe 24 ianuarie. Circula\u021bia se modific\u0103, de Ziua Unirii Principatelor Rom\u00e2ne.","breadcrumb":{"@id":"https:\/\/buletin.de\/bucuresti\/mijloacele-stb\/#breadcrumb"},"inLanguage":"en-GB","potentialAction":[{"@type":"ReadAction","target":["https:\/\/buletin.de\/bucuresti\/mijloacele-stb\/"]}]},{"@type":"ImageObject","inLanguage":"en-GB","@id":"https:\/\/buletin.de\/bucuresti\/mijloacele-stb\/#primaryimage","url":"https:\/\/buletin.de\/bucuresti\/wp-content\/uploads\/tramvai-7-1.jpeg","contentUrl":"https:\/\/buletin.de\/bucuresti\/wp-content\/uploads\/tramvai-7-1.jpeg","width":1024,"height":768,"caption":"Mijloacele STB circul\u0103 ca \u00eentr-o zi de duminic\u0103, pe 24 ianuarie.FOTO: Arhiva"},{"@type":"BreadcrumbList","@id":"https:\/\/buletin.de\/bucuresti\/mijloacele-stb\/#breadcrumb","itemListElement":[{"@type":"ListItem","position":1,"name":"Acas\u0103","item":"https:\/\/buletin.de\/bucuresti\/"},{"@type":"ListItem","position":2,"name":"Mijloacele STB circul\u0103 ca \u00eentr-o zi de duminic\u0103 pe 24 ianuarie"}]},{"@type":"WebSite","@id":"https:\/\/buletin.de\/bucuresti\/#website","url":"https:\/\/buletin.de\/bucuresti\/","name":"Buletin de Bucure\u0219ti","description":"\u0218tiri \u0219i investiga\u021bii esen\u021biale din capital\u0103","publisher":{"@id":"https:\/\/buletin.de\/bucuresti\/#organization"},"potentialAction":[{"@type":"SearchAction","target":{"@type":"EntryPoint","urlTemplate":"https:\/\/buletin.de\/bucuresti\/?s={search_term_string}"},"query-input":{"@type":"PropertyValueSpecification","valueRequired":true,"valueName":"search_term_string"}}],"inLanguage":"en-GB"},{"@type":"Organization","@id":"https:\/\/buletin.de\/bucuresti\/#organization","name":"Buletin de Bucure\u0219ti","url":"https:\/\/buletin.de\/bucuresti\/","logo":{"@type":"ImageObject","inLanguage":"en-GB","@id":"https:\/\/buletin.de\/bucuresti\/#\/schema\/logo\/image\/","url":"https:\/\/buletin.de\/bucuresti\/wp-content\/uploads\/logo-bdb-full-wide-vernil-transparent.png","contentUrl":"https:\/\/buletin.de\/bucuresti\/wp-content\/uploads\/logo-bdb-full-wide-vernil-transparent.png","width":1782,"height":626,"caption":"Buletin de Bucure\u0219ti"},"image":{"@id":"https:\/\/buletin.de\/bucuresti\/#\/schema\/logo\/image\/"},"sameAs":["https:\/\/www.facebook.com\/buletin.de.buc","https:\/\/www.instagram.com\/buletinde.bucuresti\/"]},{"@type":"Person","@id":"https:\/\/buletin.de\/bucuresti\/#\/schema\/person\/7e46040573290777280a0835d81ea4ea","name":"Diana Matei","image":{"@type":"ImageObject","inLanguage":"en-GB","@id":"https:\/\/buletin.de\/bucuresti\/wp-content\/uploads\/9-2-96x96.jpg1e8590b30871d70e62ebcdaf2eff570c","url":"https:\/\/buletin.de\/bucuresti\/wp-content\/uploads\/9-2-96x96.jpg","contentUrl":"https:\/\/buletin.de\/bucuresti\/wp-content\/uploads\/9-2-96x96.jpg","caption":"Diana Matei"},"url":"https:\/\/buletin.de\/bucuresti\/author\/dianamatei\/"}]}},"authors":[{"term_id":22574,"user_id":49,"is_guest":0,"slug":"dianamatei","display_name":"Diana Matei","avatar_url":"https:\/\/buletin.de\/bucuresti\/wp-content\/uploads\/9-2-96x96.jpg","0":null,"1":"","2":"","3":"","4":"","5":"","6":"","7":"","8":""}],"_links":{"self":[{"href":"https:\/\/buletin.de\/bucuresti\/wp-json\/wp\/v2\/posts\/115418","targetHints":{"allow":["GET"]}}],"collection":[{"href":"https:\/\/buletin.de\/bucuresti\/wp-json\/wp\/v2\/posts"}],"about":[{"href":"https:\/\/buletin.de\/bucuresti\/wp-json\/wp\/v2\/types\/post"}],"author":[{"embeddable":true,"href":"https:\/\/buletin.de\/bucuresti\/wp-json\/wp\/v2\/users\/49"}],"replies":[{"embeddable":true,"href":"https:\/\/buletin.de\/bucuresti\/wp-json\/wp\/v2\/comments?post=115418"}],"version-history":[{"count":2,"href":"https:\/\/buletin.de\/bucuresti\/wp-json\/wp\/v2\/posts\/115418\/revisions"}],"predecessor-version":[{"id":115500,"href":"https:\/\/buletin.de\/bucuresti\/wp-json\/wp\/v2\/posts\/115418\/revisions\/115500"}],"wp:featuredmedia":[{"embeddable":true,"href":"https:\/\/buletin.de\/bucuresti\/wp-json\/wp\/v2\/media\/112800"}],"wp:attachment":[{"href":"https:\/\/buletin.de\/bucuresti\/wp-json\/wp\/v2\/media?parent=115418"}],"wp:term":[{"taxonomy":"category","embeddable":true,"href":"https:\/\/buletin.de\/bucuresti\/wp-json\/wp\/v2\/categories?post=115418"},{"taxonomy":"post_tag","embeddable":true,"href":"https:\/\/buletin.de\/bucuresti\/wp-json\/wp\/v2\/tags?post=115418"},{"taxonomy":"author","embeddable":true,"href":"https:\/\/buletin.de\/bucuresti\/wp-json\/wp\/v2\/ppma_author?post=115418"}],"curies":[{"name":"wp","href":"https:\/\/api.w.org\/{rel}","templated":true}]}}