{"id":115371,"date":"2025-01-23T13:27:53","date_gmt":"2025-01-23T10:27:53","guid":{"rendered":"https:\/\/buletin.de\/bucuresti\/?p=115371"},"modified":"2025-01-25T15:27:01","modified_gmt":"2025-01-25T12:27:01","slug":"cine-este-bogdan-jelea-vehiculat-ca-al-doilea-viceprimar-al-bucurestiului-apropriat-de-piedone-fost-consilier-local-analist-politic","status":"publish","type":"post","link":"https:\/\/buletin.de\/bucuresti\/cine-este-bogdan-jelea-vehiculat-ca-al-doilea-viceprimar-al-bucurestiului-apropriat-de-piedone-fost-consilier-local-analist-politic\/","title":{"rendered":"Cine este Bogdan Jelea, vehiculat ca al doilea viceprimar al Bucure\u0219tiului: apropriat de Piedone, fost consilier local, analist politic"},"content":{"rendered":"\n<p><strong>Bogdan Jelea, consilier general din partea PPUSL, partidul controlat de Cristian Popescu Piedone, ar urma s\u0103 devin\u0103 al doilea viceprimar al Bucure\u0219tiului, potrivit \u00een\u021belegerii f\u0103cute \u00een noua majoritate din Consiliul General al Muncipiului Bucure\u0219ti. <\/strong><\/p>\n\n\n\n<h2 class=\"wp-block-heading\" id=\"h-update-23ianuarie-cine-sunt-noii-viceprimari-ai-bucure\u0219tiului\">UPDATE 23ianuarie: Cine sunt noii viceprimari ai Bucure\u0219tiului<\/h2>\n\n\n\n<p><strong>Stelian Bujduveanu (PNL) \u0219i Adrian Vigheciu (PSD) au devenit noii viceprimari ai Bucure\u0219tiului, \u00een urma votului din 23 ianuarie.<\/strong><\/p>\n\n\n\n<p>Fiecare a ob\u021binut c\u00e2te 33 voturi pentru \u015fi 15 \u00eempotriv\u0103 (din partea coali\u0163iei a lipsit un om). Pentru func\u0163ia de viceprimar au mai existat alte dou\u0103 propuneri: Lucian Judele, din partea USR (15 voturi pentru) \u0219i C\u0103t\u0103lin Teni\u021b\u0103, din partea REPER (15 voturi pentru).<\/p>\n\n\n\n<p><strong>CiTE\u0218TE \u0218I: <a href=\"https:\/\/buletin.de\/bucuresti\/razboi-la-baioneta-pentru-controlul-in-cgmb-aur-si-pusl-fac-alianta-cu-psd-si-pnl-iar-majoritatea-se-schimba-din-nou\/\" target=\"_blank\" rel=\"noreferrer noopener\">R\u0103zboi \u201ela baionet\u0103\u201d pentru controlul \u00een CGMB. AUR \u0219i PUSL fac alian\u021b\u0103 cu PSD \u0219i PNL, iar majoritatea se&nbsp;schimb\u0103&nbsp;din&nbsp;nou<\/a><\/strong><\/p>\n\n\n\n<hr class=\"wp-block-separator has-alpha-channel-opacity\"\/>\n\n\n\n<p>CGMB voteaz\u0103 ast\u0103zi noii viceprimari ai Capitalei, iar PSD \u0219i PNL s-au \u00een\u021beles s\u0103-i impun\u0103 pe Adrian Vigheciu, fost candidat pentru func\u021bia de primar al Sectorului 5, \u0219i pe Stelian Bujduveanu, care a mai fost viceprimar \u0219i \u00een mandatul 2020-2024.<\/p>\n\n\n\n<p>PSD \u0219i PNL au 16, respectiv 7 mandate de&nbsp;<a href=\"https:\/\/www.pmb.ro\/consiliu\/menu-page\/lista-consilieri-generali\">consilieri generali<\/a>, din totalul de 55 de mandate c\u00e2te exist\u0103 \u00een Consiliul General al Capitalei. Cele dou\u0103 partide au mizat \u0219i pe sprijinul PPUSL, pentru a-\u0219i impune oamenii.<\/p>\n\n\n\n<p>CITE\u0218TE \u0218I: <strong><a href=\"https:\/\/buletin.de\/bucuresti\/bomba-politica-a-zilei-o-noua-majoritate-in-cgmb-pusl-se-aliaza-cu-usr-reper-pmp-si-forta-dreptei-surse\/\" target=\"_blank\" rel=\"noreferrer noopener\">Bomba politic\u0103 a zilei: O nou\u0103 majoritate \u00een CGMB \u2013 PUSL se aliaz\u0103 cu USR, REPER, PMP \u0219i For\u021ba Dreptei (surse)<\/a><\/strong><\/p>\n\n\n\n<h2 class=\"wp-block-heading\" id=\"h-de-ce-a-schimbat-tabara-cristian-popescu-piedone\">De ce a schimbat tab\u0103ra Cristian Popescu Piedone<\/h2>\n\n\n\n<p>Potrivit unor surse Buletin de Bucure\u0219ti, ini\u021bial Cristian Popescu Piedone \u0219i-a ar\u0103tat disponibilitatea s\u0103 colaboreze cu PSD \u0219i PNL. Fostul primar al Sectorului 5, r\u0103mas \u00een afara politicii dup\u0103 e\u0219ecul de la alegerile locale \u0219i de la parlamentare, spera s\u0103 ob\u021bin\u0103 func\u021bia de pre\u0219edinte al Autorit\u0103\u021bii Na\u021bionale pentru Protec\u021bia Consumatorilor (ANPC), cu sprijinul premierului Marcel Ciolacu.<\/p>\n\n\n\n<p>Cum liderul PSD nu \u0219i-a onorat \u00een\u021belegerea, Cristian Popescu Piedone a schimbat tab\u0103ra \u0219i s-a al\u0103turat opozi\u021biei format\u0103 din USR, REPER \u0219i PMP. Astfel, potrivit surselor, PPUSL, care are \u0219ase consilieri generali, poate strica planurile PSD-PNL. <\/p>\n\n\n\n<p>Potrivit noii \u00een\u021belegeri, sus\u021binut\u0103 \u0219i de primarul general Nicu\u0219or Dan, noii viceprimari ar urma s\u0103 fie Lucian Judele (fost viceprimar al Sectorului 3, de la USR) \u0219i Bogdan Jelea (fost consilier local la Sectorului 5, PPUSL).<\/p>\n\n\n\n<p><strong>CITE\u0218TE \u0218I:<\/strong>&nbsp;<a href=\"https:\/\/buletin.de\/bucuresti\/sindicalistii-de-la-metrou-intalnire-cu-oficiali-de-la-transporturi-12-februarie-ultimatumul-pentru-rezolvarea-problemelor-salariale\/\"><strong>Sindicali\u0219tii de la metrou, \u00eent\u00e2lnire cu oficiali de la Transporturi. 12 februarie, ultimatumul pentru rezolvarea problemelor salariale<\/strong><\/a><\/p>\n\n\n\n<h2 class=\"wp-block-heading\" id=\"h-cine-este-bogdan-jelea\">Cine este Bogdan Jelea<\/h2>\n\n\n\n<p>Bogdan Jelea a fost profesor asociat la Academia de Studii Economice, se prezint\u0103 ca analist politic, \u00een emisiunile tv unde este invitat, \u0219i istoric, fiind <a href=\"https:\/\/www.dcnews.ro\/bogdan-ion-jelea-avatarurile-populismului-national-romanesc-in-primii-100-de-ani-de-la-miscarea-pasoptista-la-miscarea-legionara_976744.html\" target=\"_blank\" rel=\"noreferrer noopener\">autorul c\u0103r\u021bilor<\/a> \u201eAvatarurile populismului na\u021bional rom\u00e2nesc \u00een primii 100 de ani: de la Mi\u0219carea pa\u0219optist\u0103 la Mi\u0219carea legionar\u0103\u201d \u0219i \u201eAristocratul\u201d, volumul de dialoguri cu academicianul Constantin B\u0103l\u0103ceanu Stolnici.<\/p>\n\n\n\n<p>Acesta a avut mai multe func\u021bii la Compania Na\u021bional\u0103 a Apelor Minerale, director general adjunct, director al departamentului de comunicare \u0219i director al Comunic\u0103rii, potrivit <a href=\"http:\/\/doctorat.snspa.ro\/wp-content\/uploads\/2023\/07\/CV-Bogdan-Jelea-EN.pdf\" target=\"_blank\" rel=\"noreferrer noopener\">CV-ului s\u0103u<\/a>. A mai lucrat la societatea de stat din domeniul petrolier CONPET, la Autoritatea pentru Valorificarea Activelor Statului, \u0219i a de\u021binut mai multe func\u021bii de consilier \u00een Ministerul Economiei \u0219i Comer\u021bului, Parlamentul Rom\u00e2niei \u0219i pentru un europarlamentar rom\u00e2n. <\/p>\n\n\n\n<p>Este absolvent de ASE &#8211; Facultatea de Management, \u00een 2004. \u00cen 2016, a absolvit Istoria la Universitatea Bucure\u015fti, \u015fef de promo\u0163ie. Anul trecut \u015fi-a dat doctoratul \u00een \u015etiin\u0163e Politice, la SNSPA, sub coordonarea profesorului Andrei \u0162\u0103ranu.<\/p>\n\n\n\n<p><strong>Printre altele, a absolvit \u0219i un master la Universitatea de Ap\u0103rare \u201eCarol I\u201d, \u00een domeniul \u0218tiin\u021be Militare \u0219i de Informa\u021bii.<\/strong><\/p>\n\n\n\n<p>\u00centre 2016 \u0219i 2020, a fost consilier local la Prim\u0103ria Sectorului 5. A devenit, dup\u0103 alegerile locale din 2024, consilier general al Municipiului Bucure\u0219ti, din partea PPUSL. <\/p>\n\n\n\n<p>A candidat, din partea aceluia\u0219i partid, \u0219i pentru europarlamentare \u0219i pentru Camera Deputa\u021bilor, dar nu a reu\u0219it s\u0103 intre \u00een nici unul dintre cele dou\u0103 legislative.<\/p>\n","protected":false},"excerpt":{"rendered":"<p>Bogdan Jelea, consilier general din partea PPUSL, partidul controlat de Cristian Popescu Piedone, ar urma s\u0103 devin\u0103 al doilea viceprimar al Bucure\u0219tiului, potrivit \u00een\u021belegerii f\u0103cute \u00een noua majoritate din Consiliul General al Muncipiului Bucure\u0219ti. UPDATE 23ianuarie: Cine sunt noii viceprimari ai Bucure\u0219tiului Stelian Bujduveanu (PNL) \u0219i Adrian Vigheciu (PSD) au devenit noii viceprimari ai Bucure\u0219tiului, [&hellip;]<\/p>\n","protected":false},"author":1,"featured_media":115377,"comment_status":"closed","ping_status":"open","sticky":false,"template":"","format":"standard","meta":{"_acf_changed":false,"inline_featured_image":false,"ngg_post_thumbnail":0,"footnotes":""},"categories":[6994,9025],"tags":[7741,18636,1905,7244,223,10788,7690,3825,18475],"ppma_author":[22583],"class_list":["post-115371","post","type-post","status-publish","format-standard","has-post-thumbnail","hentry","category-stiri-2","category-politic","tag-adrian-vigheciu","tag-bogdan-jelea","tag-cristian-popescu-piedone","tag-lucian-judele","tag-nicusor-dan","tag-psd-pnl-2","tag-pusl","tag-stelian-bujduveanu","tag-viceprimari-bucuresti"],"acf":[],"yoast_head":"<!-- This site is optimized with the Yoast SEO Premium plugin v25.3 (Yoast SEO v27.4) - https:\/\/yoast.com\/product\/yoast-seo-premium-wordpress\/ -->\n<title>Cine este Bogdan Jelea, vehiculat ca al doilea viceprimar al Bucure\u0219tiului: apropriat de Piedone, fost consilier local, analist politic - Buletin de Bucure\u0219ti<\/title>\n<meta name=\"description\" content=\"Cine este Bogdan Jelea, vehiculat ca al doilea viceprimar al Bucure\u0219tiului: apropriat de Piedone, fost consilier local, analist politic.\" \/>\n<meta name=\"robots\" content=\"index, follow, max-snippet:-1, max-image-preview:large, max-video-preview:-1\" \/>\n<link rel=\"canonical\" href=\"https:\/\/buletin.de\/bucuresti\/cine-este-bogdan-jelea-vehiculat-ca-al-doilea-viceprimar-al-bucurestiului-apropriat-de-piedone-fost-consilier-local-analist-politic\/\" \/>\n<meta property=\"og:locale\" content=\"en_GB\" \/>\n<meta property=\"og:type\" content=\"article\" \/>\n<meta property=\"og:title\" content=\"Cine este Bogdan Jelea, vehiculat ca al doilea viceprimar al Bucure\u0219tiului: apropriat de Piedone, fost consilier local, analist politic\" \/>\n<meta property=\"og:description\" content=\"Cine este Bogdan Jelea, vehiculat ca al doilea viceprimar al Bucure\u0219tiului: apropriat de Piedone, fost consilier local, analist politic.\" \/>\n<meta property=\"og:url\" content=\"https:\/\/buletin.de\/bucuresti\/cine-este-bogdan-jelea-vehiculat-ca-al-doilea-viceprimar-al-bucurestiului-apropriat-de-piedone-fost-consilier-local-analist-politic\/\" \/>\n<meta property=\"og:site_name\" content=\"Buletin de Bucure\u0219ti\" \/>\n<meta property=\"article:publisher\" content=\"https:\/\/www.facebook.com\/buletin.de.buc\" \/>\n<meta property=\"article:published_time\" content=\"2025-01-23T10:27:53+00:00\" \/>\n<meta property=\"article:modified_time\" content=\"2025-01-25T12:27:01+00:00\" \/>\n<meta property=\"og:image\" content=\"https:\/\/buletin.de\/bucuresti\/wp-content\/uploads\/bogdanjelea.png\" \/>\n\t<meta property=\"og:image:width\" content=\"1200\" \/>\n\t<meta property=\"og:image:height\" content=\"579\" \/>\n\t<meta property=\"og:image:type\" content=\"image\/png\" \/>\n<meta name=\"author\" content=\"Redac\u021bia Buletin de Bucure\u0219ti\" \/>\n<meta name=\"twitter:card\" content=\"summary_large_image\" \/>\n<meta name=\"twitter:label1\" content=\"Written by\" \/>\n\t<meta name=\"twitter:data1\" content=\"Redac\u021bia Buletin de Bucure\u0219ti\" \/>\n\t<meta name=\"twitter:label2\" content=\"Estimated reading time\" \/>\n\t<meta name=\"twitter:data2\" content=\"3 minutes\" \/>\n<script type=\"application\/ld+json\" class=\"yoast-schema-graph\">{\"@context\":\"https:\\\/\\\/schema.org\",\"@graph\":[{\"@type\":\"Article\",\"@id\":\"https:\\\/\\\/buletin.de\\\/bucuresti\\\/cine-este-bogdan-jelea-vehiculat-ca-al-doilea-viceprimar-al-bucurestiului-apropriat-de-piedone-fost-consilier-local-analist-politic\\\/#article\",\"isPartOf\":{\"@id\":\"https:\\\/\\\/buletin.de\\\/bucuresti\\\/cine-este-bogdan-jelea-vehiculat-ca-al-doilea-viceprimar-al-bucurestiului-apropriat-de-piedone-fost-consilier-local-analist-politic\\\/\"},\"author\":{\"name\":\"Redac\u021bia Buletin de Bucure\u0219ti\",\"@id\":\"https:\\\/\\\/buletin.de\\\/bucuresti\\\/#\\\/schema\\\/person\\\/2bbcf854e5f2419a13804af574d06ab1\"},\"headline\":\"Cine este Bogdan Jelea, vehiculat ca al doilea viceprimar al Bucure\u0219tiului: apropriat de Piedone, fost consilier local, analist politic\",\"datePublished\":\"2025-01-23T10:27:53+00:00\",\"dateModified\":\"2025-01-25T12:27:01+00:00\",\"mainEntityOfPage\":{\"@id\":\"https:\\\/\\\/buletin.de\\\/bucuresti\\\/cine-este-bogdan-jelea-vehiculat-ca-al-doilea-viceprimar-al-bucurestiului-apropriat-de-piedone-fost-consilier-local-analist-politic\\\/\"},\"wordCount\":691,\"publisher\":{\"@id\":\"https:\\\/\\\/buletin.de\\\/bucuresti\\\/#organization\"},\"image\":{\"@id\":\"https:\\\/\\\/buletin.de\\\/bucuresti\\\/cine-este-bogdan-jelea-vehiculat-ca-al-doilea-viceprimar-al-bucurestiului-apropriat-de-piedone-fost-consilier-local-analist-politic\\\/#primaryimage\"},\"thumbnailUrl\":\"https:\\\/\\\/buletin.de\\\/bucuresti\\\/wp-content\\\/uploads\\\/bogdanjelea.png\",\"keywords\":[\"adrian vigheciu\",\"bogdan jelea\",\"Cristian Popescu Piedone\",\"Lucian Judele\",\"nicusor dan\",\"PSD PNL\",\"pusl\",\"Stelian Bujduveanu\",\"viceprimari bucuresti\"],\"articleSection\":[\"Articole\",\"Politic\"],\"inLanguage\":\"en-GB\",\"copyrightYear\":\"2025\",\"copyrightHolder\":{\"@id\":\"https:\\\/\\\/buletin.de\\\/bucuresti\\\/#organization\"}},{\"@type\":\"WebPage\",\"@id\":\"https:\\\/\\\/buletin.de\\\/bucuresti\\\/cine-este-bogdan-jelea-vehiculat-ca-al-doilea-viceprimar-al-bucurestiului-apropriat-de-piedone-fost-consilier-local-analist-politic\\\/\",\"url\":\"https:\\\/\\\/buletin.de\\\/bucuresti\\\/cine-este-bogdan-jelea-vehiculat-ca-al-doilea-viceprimar-al-bucurestiului-apropriat-de-piedone-fost-consilier-local-analist-politic\\\/\",\"name\":\"Cine este Bogdan Jelea, vehiculat ca al doilea viceprimar al Bucure\u0219tiului: apropriat de Piedone, fost consilier local, analist politic - Buletin de Bucure\u0219ti\",\"isPartOf\":{\"@id\":\"https:\\\/\\\/buletin.de\\\/bucuresti\\\/#website\"},\"primaryImageOfPage\":{\"@id\":\"https:\\\/\\\/buletin.de\\\/bucuresti\\\/cine-este-bogdan-jelea-vehiculat-ca-al-doilea-viceprimar-al-bucurestiului-apropriat-de-piedone-fost-consilier-local-analist-politic\\\/#primaryimage\"},\"image\":{\"@id\":\"https:\\\/\\\/buletin.de\\\/bucuresti\\\/cine-este-bogdan-jelea-vehiculat-ca-al-doilea-viceprimar-al-bucurestiului-apropriat-de-piedone-fost-consilier-local-analist-politic\\\/#primaryimage\"},\"thumbnailUrl\":\"https:\\\/\\\/buletin.de\\\/bucuresti\\\/wp-content\\\/uploads\\\/bogdanjelea.png\",\"datePublished\":\"2025-01-23T10:27:53+00:00\",\"dateModified\":\"2025-01-25T12:27:01+00:00\",\"description\":\"Cine este Bogdan Jelea, vehiculat ca al doilea viceprimar al Bucure\u0219tiului: apropriat de Piedone, fost consilier local, analist politic.\",\"breadcrumb\":{\"@id\":\"https:\\\/\\\/buletin.de\\\/bucuresti\\\/cine-este-bogdan-jelea-vehiculat-ca-al-doilea-viceprimar-al-bucurestiului-apropriat-de-piedone-fost-consilier-local-analist-politic\\\/#breadcrumb\"},\"inLanguage\":\"en-GB\",\"potentialAction\":[{\"@type\":\"ReadAction\",\"target\":[\"https:\\\/\\\/buletin.de\\\/bucuresti\\\/cine-este-bogdan-jelea-vehiculat-ca-al-doilea-viceprimar-al-bucurestiului-apropriat-de-piedone-fost-consilier-local-analist-politic\\\/\"]}]},{\"@type\":\"ImageObject\",\"inLanguage\":\"en-GB\",\"@id\":\"https:\\\/\\\/buletin.de\\\/bucuresti\\\/cine-este-bogdan-jelea-vehiculat-ca-al-doilea-viceprimar-al-bucurestiului-apropriat-de-piedone-fost-consilier-local-analist-politic\\\/#primaryimage\",\"url\":\"https:\\\/\\\/buletin.de\\\/bucuresti\\\/wp-content\\\/uploads\\\/bogdanjelea.png\",\"contentUrl\":\"https:\\\/\\\/buletin.de\\\/bucuresti\\\/wp-content\\\/uploads\\\/bogdanjelea.png\",\"width\":1200,\"height\":579,\"caption\":\"Bogdan Jelea, noul viceprimar al Bucure\u0219tiului. Captur\u0103 video\"},{\"@type\":\"BreadcrumbList\",\"@id\":\"https:\\\/\\\/buletin.de\\\/bucuresti\\\/cine-este-bogdan-jelea-vehiculat-ca-al-doilea-viceprimar-al-bucurestiului-apropriat-de-piedone-fost-consilier-local-analist-politic\\\/#breadcrumb\",\"itemListElement\":[{\"@type\":\"ListItem\",\"position\":1,\"name\":\"Acas\u0103\",\"item\":\"https:\\\/\\\/buletin.de\\\/bucuresti\\\/\"},{\"@type\":\"ListItem\",\"position\":2,\"name\":\"Cine este Bogdan Jelea, vehiculat ca al doilea viceprimar al Bucure\u0219tiului: apropriat de Piedone, fost consilier local, analist politic\"}]},{\"@type\":\"WebSite\",\"@id\":\"https:\\\/\\\/buletin.de\\\/bucuresti\\\/#website\",\"url\":\"https:\\\/\\\/buletin.de\\\/bucuresti\\\/\",\"name\":\"Buletin de Bucure\u0219ti\",\"description\":\"\u0218tiri \u0219i investiga\u021bii esen\u021biale din capital\u0103\",\"publisher\":{\"@id\":\"https:\\\/\\\/buletin.de\\\/bucuresti\\\/#organization\"},\"potentialAction\":[{\"@type\":\"SearchAction\",\"target\":{\"@type\":\"EntryPoint\",\"urlTemplate\":\"https:\\\/\\\/buletin.de\\\/bucuresti\\\/?s={search_term_string}\"},\"query-input\":{\"@type\":\"PropertyValueSpecification\",\"valueRequired\":true,\"valueName\":\"search_term_string\"}}],\"inLanguage\":\"en-GB\"},{\"@type\":\"Organization\",\"@id\":\"https:\\\/\\\/buletin.de\\\/bucuresti\\\/#organization\",\"name\":\"Buletin de Bucure\u0219ti\",\"url\":\"https:\\\/\\\/buletin.de\\\/bucuresti\\\/\",\"logo\":{\"@type\":\"ImageObject\",\"inLanguage\":\"en-GB\",\"@id\":\"https:\\\/\\\/buletin.de\\\/bucuresti\\\/#\\\/schema\\\/logo\\\/image\\\/\",\"url\":\"https:\\\/\\\/buletin.de\\\/bucuresti\\\/wp-content\\\/uploads\\\/logo-bdb-full-wide-vernil-transparent.png\",\"contentUrl\":\"https:\\\/\\\/buletin.de\\\/bucuresti\\\/wp-content\\\/uploads\\\/logo-bdb-full-wide-vernil-transparent.png\",\"width\":1782,\"height\":626,\"caption\":\"Buletin de Bucure\u0219ti\"},\"image\":{\"@id\":\"https:\\\/\\\/buletin.de\\\/bucuresti\\\/#\\\/schema\\\/logo\\\/image\\\/\"},\"sameAs\":[\"https:\\\/\\\/www.facebook.com\\\/buletin.de.buc\",\"https:\\\/\\\/www.instagram.com\\\/buletinde.bucuresti\\\/\"]},{\"@type\":\"Person\",\"@id\":\"https:\\\/\\\/buletin.de\\\/bucuresti\\\/#\\\/schema\\\/person\\\/2bbcf854e5f2419a13804af574d06ab1\",\"name\":\"Redac\u021bia Buletin de Bucure\u0219ti\",\"image\":{\"@type\":\"ImageObject\",\"inLanguage\":\"en-GB\",\"@id\":\"https:\\\/\\\/secure.gravatar.com\\\/avatar\\\/18c5342381ed1a08620e6280424e3e5efc958618f5d67c522c9e44c1bc6f9226?s=96&d=monsterid&r=g60c7cd0ad92c68c049fcd4bb3504d609\",\"url\":\"https:\\\/\\\/secure.gravatar.com\\\/avatar\\\/18c5342381ed1a08620e6280424e3e5efc958618f5d67c522c9e44c1bc6f9226?s=96&d=monsterid&r=g\",\"contentUrl\":\"https:\\\/\\\/secure.gravatar.com\\\/avatar\\\/18c5342381ed1a08620e6280424e3e5efc958618f5d67c522c9e44c1bc6f9226?s=96&d=monsterid&r=g\",\"caption\":\"Redac\u021bia Buletin de Bucure\u0219ti\"},\"description\":\"Buletin de Bucure\u0219ti exist\u0103 din vara anului 2019.\",\"url\":\"https:\\\/\\\/buletin.de\\\/bucuresti\\\/author\\\/adminbuletin\\\/\"}]}<\/script>\n<!-- \/ Yoast SEO Premium plugin. -->","yoast_head_json":{"title":"Cine este Bogdan Jelea, vehiculat ca al doilea viceprimar al Bucure\u0219tiului: apropriat de Piedone, fost consilier local, analist politic - Buletin de Bucure\u0219ti","description":"Cine este Bogdan Jelea, vehiculat ca al doilea viceprimar al Bucure\u0219tiului: apropriat de Piedone, fost consilier local, analist politic.","robots":{"index":"index","follow":"follow","max-snippet":"max-snippet:-1","max-image-preview":"max-image-preview:large","max-video-preview":"max-video-preview:-1"},"canonical":"https:\/\/buletin.de\/bucuresti\/cine-este-bogdan-jelea-vehiculat-ca-al-doilea-viceprimar-al-bucurestiului-apropriat-de-piedone-fost-consilier-local-analist-politic\/","og_locale":"en_GB","og_type":"article","og_title":"Cine este Bogdan Jelea, vehiculat ca al doilea viceprimar al Bucure\u0219tiului: apropriat de Piedone, fost consilier local, analist politic","og_description":"Cine este Bogdan Jelea, vehiculat ca al doilea viceprimar al Bucure\u0219tiului: apropriat de Piedone, fost consilier local, analist politic.","og_url":"https:\/\/buletin.de\/bucuresti\/cine-este-bogdan-jelea-vehiculat-ca-al-doilea-viceprimar-al-bucurestiului-apropriat-de-piedone-fost-consilier-local-analist-politic\/","og_site_name":"Buletin de Bucure\u0219ti","article_publisher":"https:\/\/www.facebook.com\/buletin.de.buc","article_published_time":"2025-01-23T10:27:53+00:00","article_modified_time":"2025-01-25T12:27:01+00:00","og_image":[{"width":1200,"height":579,"url":"https:\/\/buletin.de\/bucuresti\/wp-content\/uploads\/bogdanjelea.png","type":"image\/png"}],"author":"Redac\u021bia Buletin de Bucure\u0219ti","twitter_card":"summary_large_image","twitter_misc":{"Written by":"Redac\u021bia Buletin de Bucure\u0219ti","Estimated reading time":"3 minutes"},"schema":{"@context":"https:\/\/schema.org","@graph":[{"@type":"Article","@id":"https:\/\/buletin.de\/bucuresti\/cine-este-bogdan-jelea-vehiculat-ca-al-doilea-viceprimar-al-bucurestiului-apropriat-de-piedone-fost-consilier-local-analist-politic\/#article","isPartOf":{"@id":"https:\/\/buletin.de\/bucuresti\/cine-este-bogdan-jelea-vehiculat-ca-al-doilea-viceprimar-al-bucurestiului-apropriat-de-piedone-fost-consilier-local-analist-politic\/"},"author":{"name":"Redac\u021bia Buletin de Bucure\u0219ti","@id":"https:\/\/buletin.de\/bucuresti\/#\/schema\/person\/2bbcf854e5f2419a13804af574d06ab1"},"headline":"Cine este Bogdan Jelea, vehiculat ca al doilea viceprimar al Bucure\u0219tiului: apropriat de Piedone, fost consilier local, analist politic","datePublished":"2025-01-23T10:27:53+00:00","dateModified":"2025-01-25T12:27:01+00:00","mainEntityOfPage":{"@id":"https:\/\/buletin.de\/bucuresti\/cine-este-bogdan-jelea-vehiculat-ca-al-doilea-viceprimar-al-bucurestiului-apropriat-de-piedone-fost-consilier-local-analist-politic\/"},"wordCount":691,"publisher":{"@id":"https:\/\/buletin.de\/bucuresti\/#organization"},"image":{"@id":"https:\/\/buletin.de\/bucuresti\/cine-este-bogdan-jelea-vehiculat-ca-al-doilea-viceprimar-al-bucurestiului-apropriat-de-piedone-fost-consilier-local-analist-politic\/#primaryimage"},"thumbnailUrl":"https:\/\/buletin.de\/bucuresti\/wp-content\/uploads\/bogdanjelea.png","keywords":["adrian vigheciu","bogdan jelea","Cristian Popescu Piedone","Lucian Judele","nicusor dan","PSD PNL","pusl","Stelian Bujduveanu","viceprimari bucuresti"],"articleSection":["Articole","Politic"],"inLanguage":"en-GB","copyrightYear":"2025","copyrightHolder":{"@id":"https:\/\/buletin.de\/bucuresti\/#organization"}},{"@type":"WebPage","@id":"https:\/\/buletin.de\/bucuresti\/cine-este-bogdan-jelea-vehiculat-ca-al-doilea-viceprimar-al-bucurestiului-apropriat-de-piedone-fost-consilier-local-analist-politic\/","url":"https:\/\/buletin.de\/bucuresti\/cine-este-bogdan-jelea-vehiculat-ca-al-doilea-viceprimar-al-bucurestiului-apropriat-de-piedone-fost-consilier-local-analist-politic\/","name":"Cine este Bogdan Jelea, vehiculat ca al doilea viceprimar al Bucure\u0219tiului: apropriat de Piedone, fost consilier local, analist politic - Buletin de Bucure\u0219ti","isPartOf":{"@id":"https:\/\/buletin.de\/bucuresti\/#website"},"primaryImageOfPage":{"@id":"https:\/\/buletin.de\/bucuresti\/cine-este-bogdan-jelea-vehiculat-ca-al-doilea-viceprimar-al-bucurestiului-apropriat-de-piedone-fost-consilier-local-analist-politic\/#primaryimage"},"image":{"@id":"https:\/\/buletin.de\/bucuresti\/cine-este-bogdan-jelea-vehiculat-ca-al-doilea-viceprimar-al-bucurestiului-apropriat-de-piedone-fost-consilier-local-analist-politic\/#primaryimage"},"thumbnailUrl":"https:\/\/buletin.de\/bucuresti\/wp-content\/uploads\/bogdanjelea.png","datePublished":"2025-01-23T10:27:53+00:00","dateModified":"2025-01-25T12:27:01+00:00","description":"Cine este Bogdan Jelea, vehiculat ca al doilea viceprimar al Bucure\u0219tiului: apropriat de Piedone, fost consilier local, analist politic.","breadcrumb":{"@id":"https:\/\/buletin.de\/bucuresti\/cine-este-bogdan-jelea-vehiculat-ca-al-doilea-viceprimar-al-bucurestiului-apropriat-de-piedone-fost-consilier-local-analist-politic\/#breadcrumb"},"inLanguage":"en-GB","potentialAction":[{"@type":"ReadAction","target":["https:\/\/buletin.de\/bucuresti\/cine-este-bogdan-jelea-vehiculat-ca-al-doilea-viceprimar-al-bucurestiului-apropriat-de-piedone-fost-consilier-local-analist-politic\/"]}]},{"@type":"ImageObject","inLanguage":"en-GB","@id":"https:\/\/buletin.de\/bucuresti\/cine-este-bogdan-jelea-vehiculat-ca-al-doilea-viceprimar-al-bucurestiului-apropriat-de-piedone-fost-consilier-local-analist-politic\/#primaryimage","url":"https:\/\/buletin.de\/bucuresti\/wp-content\/uploads\/bogdanjelea.png","contentUrl":"https:\/\/buletin.de\/bucuresti\/wp-content\/uploads\/bogdanjelea.png","width":1200,"height":579,"caption":"Bogdan Jelea, noul viceprimar al Bucure\u0219tiului. Captur\u0103 video"},{"@type":"BreadcrumbList","@id":"https:\/\/buletin.de\/bucuresti\/cine-este-bogdan-jelea-vehiculat-ca-al-doilea-viceprimar-al-bucurestiului-apropriat-de-piedone-fost-consilier-local-analist-politic\/#breadcrumb","itemListElement":[{"@type":"ListItem","position":1,"name":"Acas\u0103","item":"https:\/\/buletin.de\/bucuresti\/"},{"@type":"ListItem","position":2,"name":"Cine este Bogdan Jelea, vehiculat ca al doilea viceprimar al Bucure\u0219tiului: apropriat de Piedone, fost consilier local, analist politic"}]},{"@type":"WebSite","@id":"https:\/\/buletin.de\/bucuresti\/#website","url":"https:\/\/buletin.de\/bucuresti\/","name":"Buletin de Bucure\u0219ti","description":"\u0218tiri \u0219i investiga\u021bii esen\u021biale din capital\u0103","publisher":{"@id":"https:\/\/buletin.de\/bucuresti\/#organization"},"potentialAction":[{"@type":"SearchAction","target":{"@type":"EntryPoint","urlTemplate":"https:\/\/buletin.de\/bucuresti\/?s={search_term_string}"},"query-input":{"@type":"PropertyValueSpecification","valueRequired":true,"valueName":"search_term_string"}}],"inLanguage":"en-GB"},{"@type":"Organization","@id":"https:\/\/buletin.de\/bucuresti\/#organization","name":"Buletin de Bucure\u0219ti","url":"https:\/\/buletin.de\/bucuresti\/","logo":{"@type":"ImageObject","inLanguage":"en-GB","@id":"https:\/\/buletin.de\/bucuresti\/#\/schema\/logo\/image\/","url":"https:\/\/buletin.de\/bucuresti\/wp-content\/uploads\/logo-bdb-full-wide-vernil-transparent.png","contentUrl":"https:\/\/buletin.de\/bucuresti\/wp-content\/uploads\/logo-bdb-full-wide-vernil-transparent.png","width":1782,"height":626,"caption":"Buletin de Bucure\u0219ti"},"image":{"@id":"https:\/\/buletin.de\/bucuresti\/#\/schema\/logo\/image\/"},"sameAs":["https:\/\/www.facebook.com\/buletin.de.buc","https:\/\/www.instagram.com\/buletinde.bucuresti\/"]},{"@type":"Person","@id":"https:\/\/buletin.de\/bucuresti\/#\/schema\/person\/2bbcf854e5f2419a13804af574d06ab1","name":"Redac\u021bia Buletin de Bucure\u0219ti","image":{"@type":"ImageObject","inLanguage":"en-GB","@id":"https:\/\/secure.gravatar.com\/avatar\/18c5342381ed1a08620e6280424e3e5efc958618f5d67c522c9e44c1bc6f9226?s=96&d=monsterid&r=g60c7cd0ad92c68c049fcd4bb3504d609","url":"https:\/\/secure.gravatar.com\/avatar\/18c5342381ed1a08620e6280424e3e5efc958618f5d67c522c9e44c1bc6f9226?s=96&d=monsterid&r=g","contentUrl":"https:\/\/secure.gravatar.com\/avatar\/18c5342381ed1a08620e6280424e3e5efc958618f5d67c522c9e44c1bc6f9226?s=96&d=monsterid&r=g","caption":"Redac\u021bia Buletin de Bucure\u0219ti"},"description":"Buletin de Bucure\u0219ti exist\u0103 din vara anului 2019.","url":"https:\/\/buletin.de\/bucuresti\/author\/adminbuletin\/"}]}},"authors":[{"term_id":22583,"user_id":1,"is_guest":0,"slug":"adminbuletin","display_name":"Redac\u021bia Buletin de Bucure\u0219ti","avatar_url":"https:\/\/secure.gravatar.com\/avatar\/18c5342381ed1a08620e6280424e3e5efc958618f5d67c522c9e44c1bc6f9226?s=96&d=monsterid&r=g","0":null,"1":"","2":"","3":"","4":"","5":"","6":"","7":"","8":""}],"_links":{"self":[{"href":"https:\/\/buletin.de\/bucuresti\/wp-json\/wp\/v2\/posts\/115371","targetHints":{"allow":["GET"]}}],"collection":[{"href":"https:\/\/buletin.de\/bucuresti\/wp-json\/wp\/v2\/posts"}],"about":[{"href":"https:\/\/buletin.de\/bucuresti\/wp-json\/wp\/v2\/types\/post"}],"author":[{"embeddable":true,"href":"https:\/\/buletin.de\/bucuresti\/wp-json\/wp\/v2\/users\/1"}],"replies":[{"embeddable":true,"href":"https:\/\/buletin.de\/bucuresti\/wp-json\/wp\/v2\/comments?post=115371"}],"version-history":[{"count":10,"href":"https:\/\/buletin.de\/bucuresti\/wp-json\/wp\/v2\/posts\/115371\/revisions"}],"predecessor-version":[{"id":115701,"href":"https:\/\/buletin.de\/bucuresti\/wp-json\/wp\/v2\/posts\/115371\/revisions\/115701"}],"wp:featuredmedia":[{"embeddable":true,"href":"https:\/\/buletin.de\/bucuresti\/wp-json\/wp\/v2\/media\/115377"}],"wp:attachment":[{"href":"https:\/\/buletin.de\/bucuresti\/wp-json\/wp\/v2\/media?parent=115371"}],"wp:term":[{"taxonomy":"category","embeddable":true,"href":"https:\/\/buletin.de\/bucuresti\/wp-json\/wp\/v2\/categories?post=115371"},{"taxonomy":"post_tag","embeddable":true,"href":"https:\/\/buletin.de\/bucuresti\/wp-json\/wp\/v2\/tags?post=115371"},{"taxonomy":"author","embeddable":true,"href":"https:\/\/buletin.de\/bucuresti\/wp-json\/wp\/v2\/ppma_author?post=115371"}],"curies":[{"name":"wp","href":"https:\/\/api.w.org\/{rel}","templated":true}]}}