{"id":115117,"date":"2025-01-21T13:49:26","date_gmt":"2025-01-21T10:49:26","guid":{"rendered":"https:\/\/buletin.de\/bucuresti\/?p=115117"},"modified":"2025-02-04T11:00:37","modified_gmt":"2025-02-04T08:00:37","slug":"programul-festivalului-enescu-2025-peste-4000-de-artisti-vor-fi-prezenti-la-bucuresti","status":"publish","type":"post","link":"https:\/\/buletin.de\/bucuresti\/programul-festivalului-enescu-2025-peste-4000-de-artisti-vor-fi-prezenti-la-bucuresti\/","title":{"rendered":"Programul Festivalului Enescu 2025: peste 4.000 de arti\u0219ti vor fi prezen\u021bi la Bucure\u0219ti"},"content":{"rendered":"\n<p><strong>Programul Festivalului Enescu 2025 a fost f\u0103cut public: peste 4.000 de arti\u0219ti vor fi prezen\u021bi la Bucure\u0219ti, \u00eentre 24 august \u0219i 21 septembrie, \u00eentr-o edi\u021bie cu tema Anivers\u0103ri \/Celebrations<\/strong>.<\/p>\n\n\n\n<p>Anul acesta se \u00eemplinesc 70 de ani de la moartea lui George Enescu, prilej de a aduce \u00een prim-plan at\u00e2t mo\u0219tenirea artistic\u0103 a marelui compozitor, c\u00e2t \u0219i impactul s\u0103u profund asupra muzicii clasice universale, a anun\u021bat organizatorul evenimentului, Artexim. <\/p>\n\n\n\n<p>Peste 4.000 de arti\u0219ti din Rom\u00e2nia \u0219i din \u00eentreaga lume vor fi prezen\u021bi la Bucure\u0219ti, pentru a participa la cea mai \u201ebogat\u0103\u201d edi\u021bie a festivalului de p\u00e2n\u0103 acum. <\/p>\n\n\n\n<h2 class=\"wp-block-heading\" id=\"h-programul-festivalului-enescu-2025-peste-45-de-interpretari-din-crea\u021bia-lui-george-enescu\">Programul Festivalului Enescu 2025: peste 45 de interpret\u0103ri din crea\u021bia lui George Enescu<\/h2>\n\n\n\n<p>Pe parcursul a 29 de zile, vor avea loc peste 95 de concerte \u0219i spectacole, grupate \u00een \u0219apte mari serii, pentru toate categoriile de iubitori ai muzicii clasice.<\/p>\n\n\n\n<p>\u00cen concertele din cadrul programului principal de la Bucure\u0219ti, Festivalul Enescu 2025 va include peste 45 de interpret\u0103ri din crea\u021bia lui George Enescu, printre care Opera \u201e<strong>Oedipe<\/strong>\u201d, \u00een produc\u021bia Operei Na\u021bionale Bucure\u0219ti, semnat\u0103 de <strong>Stefano Poda<\/strong>. <\/p>\n\n\n\n<p>Sub bagheta dirijorului Tiberiu Soare vor evolua muzicieni de talie interna\u021bional\u0103, precum Ionu\u021b Pascu, \u00een rolul lui Oedip, Ruxandra Donose \u00een rolul Iocastei, Ramona Zaharia \u00een rolul Sfinxului, Bogdan Baciu \u00een rolul lui Creon, \u0219i Paul Curievici sau Vazgen Gazarian \u00een rolurile lui Laios \u0219i al Marelui Preot. Simfoniile, Rapsodiile Rom\u00e2ne, Suitele pentru orchestr\u0103, Simfonia concertant\u0103 pentru violoncel \u0219i orchestr\u0103, Balada pentru vioar\u0103 \u0219i orchestr\u0103 \u0219i multe alte lucr\u0103ri camerale, corale \u0219i solistice vor fi interpretate de unele dintre cele mai importante orchestre din lume.<\/p>\n\n\n\n<p>Edi\u021bia de anul acesta aduce, al\u0103turi de Oedipe, o alt\u0103 oper\u0103 \u00een interpretarea Orchestrei din Valencia, sub bagheta lui <strong>James Gaffigan<\/strong>, pe scena Operei Na\u021bionale Bucure\u0219ti: \u201e<strong>Ora Spaniol\u0103<\/strong>\u201d, de Maurice Ravel, la 150 de ani de la na\u0219terea compozitorului. A<\/p>\n\n\n\n<p>lte \u0219apte opere \u00een versiune de concert vor fi prezentate pe scena S\u0103lii Palatului sau a Ateneului Rom\u00e2n, a declarat Cristian M\u0103celaru, director artistic al festivalului.<\/p>\n\n\n\n<p>CITE\u0218TE \u0218I:&nbsp;<strong><a href=\"https:\/\/buletin.de\/bucuresti\/festivalul-international-george-enescu\/\" target=\"_blank\" rel=\"noreferrer noopener\">Festivalul Enescu 2025, program special la 70 de ani de la moartea marelui compozitor<\/a><\/strong><\/p>\n\n\n\n<h2 class=\"wp-block-heading\" id=\"h-se-pastreaza-tradi\u021bia-concertelor-de-la-miezul-nop\u021bii\">Se p\u0103streaz\u0103 tradi\u021bia Concertelor de la Miezul Nop\u021bii<\/h2>\n\n\n\n<p>Pe l\u00e2ng\u0103 bine-cunoscutele Serii de concerte de la Sala Palatului, Concertele de la Ateneu, Concertele de la Miezul Nop\u021bii, Concertele de la Sala Radio, Concertele de la Sala Auditorium a MNAR sau apreciata serie de concerte pentru familii \u0219i copii de la Teatrul Odeon, Maestrul Cristian M\u0103celaru propune pentru aceast\u0103 edi\u021bie aniversar\u0103 un program inovator, care s\u0103 atrag\u0103 \u00een special publicul t\u00e2n\u0103r, crescut \u00een era digital\u0103, dominat\u0103 de tehnologie \u0219i imagine, dar nu neap\u0103rat familiarizat cu muzica clasic\u0103. Noua serie de spectacole ce combina muzica \u0219i artele vizuale &#8211;<strong> JTI Immersive Experience <\/strong>&#8211; se va desf\u0103\u0219ura la <strong>Muzeul <\/strong><strong>MINA <\/strong>\u00een serile de joi \u0219i vineri, de la ora 20:00.<\/p>\n\n\n\n<p><strong>Edi\u021bia a XXVII-a a festivalului onoreaz\u0103 momente importante din via\u021ba, crea\u021bia \u0219i activitatea marilor muzicieni, compozitori sau orchestre invitate \u00een 2025 la Bucure\u0219ti<\/strong>: al\u0103turi de crea\u021bia enescian\u0103, vom asculta lucr\u0103ri de Dmitri \u0218ostakovici (50 de ani de la moarte), Pierre Boulez (100 de ani de la na\u0219tere) Maurice Ravel (150 de ani de la na\u0219tere), Arvo Part (90 de ani de la na\u0219tere). Totodat\u0103, se \u00eemplinesc 100 de ani de la na\u0219terea dirijorului Marin Constantin, dar \u0219i 45 de ani de la \u00eenfiin\u021barea Orchestrei Filarmonice de Camer\u0103 din Bremen, 100 de ani de activitate pentru Orchestra Na\u021bional\u0103 Simfonic\u0103 Danez\u0103, 70 de ani de la \u00eentemeierea Orchestrei Filarmonicii Transilvania din Cluj Napoca \u0219.a.m.d, potrivit Artexim. <\/p>\n\n\n\n<h2 class=\"wp-block-heading\" id=\"h-programul-festivalului-enescu-2025-80-de-ansambluri-din-28-de-\u021bari\">Programul Festivalului Enescu 2025: 80 de ansambluri din 28 de \u021b\u0103ri<\/h2>\n\n\n\n<p><strong>Gilda Laz\u0103r este noul Director de Comunicare pentru&nbsp; Festivalul \u0219i Concursul Interna\u021bional George Enescu, a anun\u021bat Cristina Uruc, directorul interimar Artexim.<\/strong><\/p>\n\n\n\n<p>\u201eSunt \u00eenc\u00e2ntat\u0103 s\u0103 anun\u021b c\u0103 edi\u021bia din acest an a Festivalului Enescu aduce o diversitate extraordinar\u0103, cu peste 80 de ansambluri din 28 de \u021b\u0103ri, incluz\u00e2nd orchestre simfonice, coruri \u0219i forma\u021bii camerale care vor evolua at\u00e2t \u00een Bucure\u0219ti c\u00e2t \u0219i \u00een \u021bar\u0103, colabor\u0103ri interna\u021bionale de prestigiu \u0219i evenimente conexe precum expozi\u021bii dedicate lui George Enescu \u0219i proiecte inovatoare de realitate virtual\u0103. <\/p>\n\n\n\n<p>Echipa ARTEXIM se va extinde \u00een urm\u0103toarele luni pentru a putea gestiona un efort logistic impresionant. Suntem hot\u0103r\u00e2\u021bi s\u0103 continu\u0103m s\u0103 atragem \u0219i s\u0103 inspir\u0103m un public t\u00e2n\u0103r, prin ini\u021biative inovatoare, cum ar fi experien\u021bele imersive \u0219i parteneriatele cu arti\u0219ti contemporani\u201d, a precizat Cristina Uruc.<\/p>\n\n\n\n<p>Maestrul <strong>Cristian M\u0103celaru<\/strong> va conduce concertul de deschidere a festivalului, la pupitrul Filarmonicii \u201eGeorge Enescu\u201d din Bucure\u0219ti. <\/p>\n\n\n\n<p>Printre arti\u0219tii invita\u021bi \u00een edi\u021bia a XXVII-a se num\u0103r\u0103 dirijoarele <strong>Keri-Lynn Wilson, Ustina Dubitsky, Marta Gardoli\u0144ska<\/strong>, dirijorii <strong>Daniele Gatti, Sir Andras Schiff, Ivan Fischer, Klaus M\u00e4kel\u00e4, Santtu-Matias Rouvali, Daniel Harding, Giovanni Antonini, Paavo J\u00e4rvi, Lahav Shani, Petr Popelka, Cristian Mandeal, Tarmo Peltokoski, Gabriel Bebe\u0219elea, Constantin Grigore, Vasily Petrenko, Manfred Honeck, Gianandrea Noseda, <\/strong>piani\u0219tii <strong>Rudolf Buchbinder, Martha Argerich, Jean Yves Thibaudet, Kirill Gerstein, Lucas &amp; Arthur Jussen, Alexandra Dariescu, Leif Ove Andsnes, Alexandre Kantorow, Nelson Goerner, Daniel Ciobanu, Luiza Borac, Jan Lisiecki <\/strong>violoni\u0219tii<strong> Anne Sophie Mutter, Isabel Faust, Nemanja Radulovi\u0107, Augustin Hadelich, Ioana Cristina Goicea, Alexandru Tomescu, Christian Tetzlaff,<\/strong> <strong>Daniel<\/strong> <strong>Lozakovich, <\/strong>violonceli\u0219tii <strong>Kian Soltani, Sol Gabetta, Gautier Capu\u00e7on<\/strong>, <strong>Andrei Ioni\u021b\u0103, Valentin R\u0103du\u021biu, Marc Coppey<\/strong> sopranele <strong>Asmik Grigorian, Pretty Yende, Kristine Opolais, Jennifer Holloway, Magdalena<\/strong> <strong>Ko\u017een\u00e1 Rachel Willis-S\u00f8rensen<\/strong>, mezzosopranele <strong>Judit Kutasi, Ruxandra Donose, Ramona Zaharia,<\/strong> tenorii <strong>Benjamin Bernheim, Gerhard Siegel, Nikolai Schukoff,<\/strong> baritonii <strong>Bogdan Baciu<\/strong>, <strong>Ionu\u021b Pascu<\/strong>, ba\u0219ii <strong>Vazgen Gazaryan, Alastair Miles, Riccardo Novaro, Andreas Bauer Kanabas <\/strong>etc.<\/p>\n\n\n\n<p>Unele dintre cele mai prestigioase orchestre, coruri \u0219i forma\u021bii camerale au fost invitate s\u0103 sus\u021bin\u0103 programul dedicat compozitorului George Enescu, ridic\u00e2nd \u0219i mai mult standardele de calitate artistic\u0103 cu care publicul festivalului este obi\u0219nuit: <strong>Orchestra Regal<\/strong><strong>\u0103 <\/strong><strong>Concertgebouw, Royal Philharmonic Orchestra<\/strong><strong>, Orchestra Philharmonia din Londra, Orchestra Academiei Na\u021b<\/strong><strong>ionale Santa Cecilia, Orchestra de Camer<\/strong><strong>\u0103 din Lausanne, Orchestra Simfonic\u0103 WDR din K\u00f6ln, Orchestra Tonhalle din Z\u00fc<\/strong><strong>rich, <\/strong><strong>Orchestra Filarmonic\u0103 din Rotterdam, Orchestra Filarmonic\u0103 Ceh\u0103<\/strong><strong>, Staatskapelle Dresda, Orchestra Simfonic\u0103 Radio din Frankfurt, Academy of Saint Martin in the Fields, Orchestra of the Age of <\/strong><strong>Enlightenment<\/strong><strong>, Orchestra de Camer<\/strong><strong>\u0103 Mahler, Chamber Orchestra of Europe, Scottish Chamber Orchestra, Budapest Festival Orchestra,<\/strong><strong> Orchestra Na<\/strong><strong>\u021bional\u0103 <\/strong><strong>a Fran<\/strong><strong>\u021bei, Il Giardino Armonico al\u0103turi de Corul NFM din Wroclaw, Sinfonia Var\u0219ovia, Accademia Bizantina, Les Si\u00e8cles sau Ansamblul Intercontemporain, Corul Radio din Letonia, Corul de Camer\u0103 din Estonia, London Voices, Corurile \u0219i Orchestrele Radio, Corul \u0219i Orchestra Filarmonicii George Enescu, Cvartetele Arcadia, Belcea, Lenkoro, Ad Libitum <\/strong>etc.<\/p>\n\n\n\n<h2 class=\"wp-block-heading\" id=\"h-orchestra-romana-de-tineret-alaturi-de-renumita-orchestra-de-tineret-gustav-mahler\">Orchestra Rom\u00e2n\u0103 de Tineret, al\u0103turi de renumita Orchestr\u0103 de Tineret Gustav Mahler<\/h2>\n\n\n\n<p><strong>Dezvoltarea \u0219i promovarea tinerilor muzicieni rom\u00e2ni \u0219i laurea\u021bilor Concursului Interna\u021bional George Enescu<\/strong>, dar \u0219i colaborarea lor interna\u021bional\u0103, sunt dou\u0103 dintre obiectivele principale ale Festivalului Enescu. <\/p>\n\n\n\n<p>Astfel, Orchestra Rom\u00e2n\u0103 de Tineret este invitat\u0103 s\u0103 sus\u021bin\u0103 un concert al\u0103turi de renumita Orchestr\u0103 de Tineret Gustav Mahler, sub bagheta maestrului Manfred Honeck, dar \u0219i un concert de sine st\u0103t\u0103tor, sub bagheta dirijorului Christian Reif, ambele la Sala Mare a Palatului. <\/p>\n\n\n\n<p>C\u00e2\u0219tig\u0103torii edi\u021biei 2024 a Concursului Interna\u021bional George Enescu sunt programa\u021bi al\u0103turi de orchestre \u0219i muzicieni de talie interna\u021bional\u0103, precum Orchestra de Camer\u0103 din Lausanne \u0219i Renaud Capu\u00e7on, Orchestra de Tineret Gustav Mahler, Orchestra Filarmonic\u0103 din Rotterdam, dirijat\u0103 de Lahav Shani, sau Orchestra Camerata Regal\u0103, sub conducerea lui Alex Amsel, participant la masterclass-ul de dirijat din cadrul Concursului Enescu 2024.&nbsp;<\/p>\n\n\n\n<p>Programul va include premiere interna\u021bionale \u0219i reinterpret\u0103ri de marc\u0103 ale lucr\u0103rilor-reper din repertoriul universal. De asemenea, vor fi organizate \u2013 al\u0103turi de partenerii de tradi\u021bie \u0219i nu numai \u2013 expozi\u021bii, prelegeri, un simpozion dedicat lui George Enescu, la care vor participa muzicologi, compozitori, studen\u021bi \u0219i iubitori de muzic\u0103 clasic\u0103. Acestea vor oferi ocazia de a explora noi perspective asupra lucr\u0103rilor sale \u0219i de a \u00eemp\u0103rt\u0103\u0219i cercet\u0103ri recente despre compozitor.<\/p>\n\n\n\n<p><strong>Abonamentele<\/strong> pentru seriile de concerte sunt puse \u00een v\u00e2nzare pe platforma <a href=\"http:\/\/www.eventim.ro\">www.eventim.ro<\/a>, urm\u00e2nd ca de la 15 februarie 2025 s\u0103 fie puse \u00een v\u00e2nzare \u0219i biletele individuale.<\/p>\n\n\n\n<p>CITE\u0218TE \u0218I: <strong><a href=\"https:\/\/buletin.de\/bucuresti\/abonamentele-pentru-festivalul-enescu-2025-sunt-puse-azi-in-vanzare-5-390-de-lei-cel-mai-scump\/\" target=\"_blank\" rel=\"noreferrer noopener\">Abonamentele pentru Festivalul Enescu 2025 sunt puse azi \u00een v\u00e2nzare. 5.390 de lei cel mai scump<\/a><\/strong><\/p>\n","protected":false},"excerpt":{"rendered":"<p>Programul Festivalului Enescu 2025 a fost f\u0103cut public: peste 4.000 de arti\u0219ti vor fi prezen\u021bi la Bucure\u0219ti, \u00eentre 24 august \u0219i 21 septembrie, \u00eentr-o edi\u021bie cu tema Anivers\u0103ri \/Celebrations. Anul acesta se \u00eemplinesc 70 de ani de la moartea lui George Enescu, prilej de a aduce \u00een prim-plan at\u00e2t mo\u0219tenirea artistic\u0103 a marelui compozitor, c\u00e2t [&hellip;]<\/p>\n","protected":false},"author":1,"featured_media":115118,"comment_status":"closed","ping_status":"open","sticky":false,"template":"","format":"standard","meta":{"_acf_changed":false,"inline_featured_image":false,"ngg_post_thumbnail":0,"footnotes":""},"categories":[6994,81,5762],"tags":[18548,18549,18532,14421,18531,18545,3177,104],"ppma_author":[22583],"class_list":["post-115117","post","type-post","status-publish","format-standard","has-post-thumbnail","hentry","category-stiri-2","category-cultura","category-main","tag-abonamente-enescu","tag-bilete-enescu","tag-cristin-macelaru","tag-cristina-uruc","tag-festivalul-enescu","tag-festivalul-enescu-2025","tag-ministerul-culturii","tag-pmb"],"acf":[],"yoast_head":"<!-- This site is optimized with the Yoast SEO Premium plugin v25.3 (Yoast SEO v27.4) - https:\/\/yoast.com\/product\/yoast-seo-premium-wordpress\/ -->\n<title>Programul Festivalului Enescu 2025: peste 4.000 de arti\u0219ti vor fi prezen\u021bi la Bucure\u0219ti - Buletin de Bucure\u0219ti<\/title>\n<meta name=\"description\" content=\"Programul Festivalului Enescu 2025 a fost f\u0103cut public: peste 4000 de arti\u0219ti vor fi prezen\u021bi la Bucure\u0219ti, \u00eentre 24 august \u0219i 21 septembrie.\" \/>\n<meta name=\"robots\" content=\"index, follow, max-snippet:-1, max-image-preview:large, max-video-preview:-1\" \/>\n<link rel=\"canonical\" href=\"https:\/\/buletin.de\/bucuresti\/programul-festivalului-enescu-2025-peste-4000-de-artisti-vor-fi-prezenti-la-bucuresti\/\" \/>\n<meta property=\"og:locale\" content=\"en_GB\" \/>\n<meta property=\"og:type\" content=\"article\" \/>\n<meta property=\"og:title\" content=\"Programul Festivalului Enescu 2025: peste 4.000 de arti\u0219ti vor fi prezen\u021bi la Bucure\u0219ti\" \/>\n<meta property=\"og:description\" content=\"Programul Festivalului Enescu 2025 a fost f\u0103cut public: peste 4000 de arti\u0219ti vor fi prezen\u021bi la Bucure\u0219ti, \u00eentre 24 august \u0219i 21 septembrie.\" \/>\n<meta property=\"og:url\" content=\"https:\/\/buletin.de\/bucuresti\/programul-festivalului-enescu-2025-peste-4000-de-artisti-vor-fi-prezenti-la-bucuresti\/\" \/>\n<meta property=\"og:site_name\" content=\"Buletin de Bucure\u0219ti\" \/>\n<meta property=\"article:publisher\" content=\"https:\/\/www.facebook.com\/buletin.de.buc\" \/>\n<meta property=\"article:published_time\" content=\"2025-01-21T10:49:26+00:00\" \/>\n<meta property=\"article:modified_time\" content=\"2025-02-04T08:00:37+00:00\" \/>\n<meta property=\"og:image\" content=\"https:\/\/buletin.de\/bucuresti\/wp-content\/uploads\/Cristian-Macelaru.-Festivalul-International-George-Enescu.-conferinta-de-presa.-foto-Andrei-Gindac-e1737459416951.jpg\" \/>\n\t<meta property=\"og:image:width\" content=\"1333\" \/>\n\t<meta property=\"og:image:height\" content=\"1050\" \/>\n\t<meta property=\"og:image:type\" content=\"image\/jpeg\" \/>\n<meta name=\"author\" content=\"Redac\u021bia Buletin de Bucure\u0219ti\" \/>\n<meta name=\"twitter:card\" content=\"summary_large_image\" \/>\n<meta name=\"twitter:label1\" content=\"Written by\" \/>\n\t<meta name=\"twitter:data1\" content=\"Redac\u021bia Buletin de Bucure\u0219ti\" \/>\n\t<meta name=\"twitter:label2\" content=\"Estimated reading time\" \/>\n\t<meta name=\"twitter:data2\" content=\"6 minutes\" \/>\n<script type=\"application\/ld+json\" class=\"yoast-schema-graph\">{\"@context\":\"https:\\\/\\\/schema.org\",\"@graph\":[{\"@type\":\"Article\",\"@id\":\"https:\\\/\\\/buletin.de\\\/bucuresti\\\/programul-festivalului-enescu-2025-peste-4000-de-artisti-vor-fi-prezenti-la-bucuresti\\\/#article\",\"isPartOf\":{\"@id\":\"https:\\\/\\\/buletin.de\\\/bucuresti\\\/programul-festivalului-enescu-2025-peste-4000-de-artisti-vor-fi-prezenti-la-bucuresti\\\/\"},\"author\":{\"name\":\"Redac\u021bia Buletin de Bucure\u0219ti\",\"@id\":\"https:\\\/\\\/buletin.de\\\/bucuresti\\\/#\\\/schema\\\/person\\\/2bbcf854e5f2419a13804af574d06ab1\"},\"headline\":\"Programul Festivalului Enescu 2025: peste 4.000 de arti\u0219ti vor fi prezen\u021bi la Bucure\u0219ti\",\"datePublished\":\"2025-01-21T10:49:26+00:00\",\"dateModified\":\"2025-02-04T08:00:37+00:00\",\"mainEntityOfPage\":{\"@id\":\"https:\\\/\\\/buletin.de\\\/bucuresti\\\/programul-festivalului-enescu-2025-peste-4000-de-artisti-vor-fi-prezenti-la-bucuresti\\\/\"},\"wordCount\":1421,\"publisher\":{\"@id\":\"https:\\\/\\\/buletin.de\\\/bucuresti\\\/#organization\"},\"image\":{\"@id\":\"https:\\\/\\\/buletin.de\\\/bucuresti\\\/programul-festivalului-enescu-2025-peste-4000-de-artisti-vor-fi-prezenti-la-bucuresti\\\/#primaryimage\"},\"thumbnailUrl\":\"https:\\\/\\\/buletin.de\\\/bucuresti\\\/wp-content\\\/uploads\\\/Cristian-Macelaru.-Festivalul-International-George-Enescu.-conferinta-de-presa.-foto-Andrei-Gindac-e1737459416951.jpg\",\"keywords\":[\"abonamente enescu\",\"bilete enescu\",\"Cristin Macelaru\",\"cristina uruc\",\"Festivalul Enescu\",\"festivalul enescu 2025\",\"ministerul culturii\",\"pmb\"],\"articleSection\":[\"Articole\",\"Cultur\u0103\",\"Main\"],\"inLanguage\":\"en-GB\",\"copyrightYear\":\"2025\",\"copyrightHolder\":{\"@id\":\"https:\\\/\\\/buletin.de\\\/bucuresti\\\/#organization\"}},{\"@type\":\"WebPage\",\"@id\":\"https:\\\/\\\/buletin.de\\\/bucuresti\\\/programul-festivalului-enescu-2025-peste-4000-de-artisti-vor-fi-prezenti-la-bucuresti\\\/\",\"url\":\"https:\\\/\\\/buletin.de\\\/bucuresti\\\/programul-festivalului-enescu-2025-peste-4000-de-artisti-vor-fi-prezenti-la-bucuresti\\\/\",\"name\":\"Programul Festivalului Enescu 2025: peste 4.000 de arti\u0219ti vor fi prezen\u021bi la Bucure\u0219ti - Buletin de Bucure\u0219ti\",\"isPartOf\":{\"@id\":\"https:\\\/\\\/buletin.de\\\/bucuresti\\\/#website\"},\"primaryImageOfPage\":{\"@id\":\"https:\\\/\\\/buletin.de\\\/bucuresti\\\/programul-festivalului-enescu-2025-peste-4000-de-artisti-vor-fi-prezenti-la-bucuresti\\\/#primaryimage\"},\"image\":{\"@id\":\"https:\\\/\\\/buletin.de\\\/bucuresti\\\/programul-festivalului-enescu-2025-peste-4000-de-artisti-vor-fi-prezenti-la-bucuresti\\\/#primaryimage\"},\"thumbnailUrl\":\"https:\\\/\\\/buletin.de\\\/bucuresti\\\/wp-content\\\/uploads\\\/Cristian-Macelaru.-Festivalul-International-George-Enescu.-conferinta-de-presa.-foto-Andrei-Gindac-e1737459416951.jpg\",\"datePublished\":\"2025-01-21T10:49:26+00:00\",\"dateModified\":\"2025-02-04T08:00:37+00:00\",\"description\":\"Programul Festivalului Enescu 2025 a fost f\u0103cut public: peste 4000 de arti\u0219ti vor fi prezen\u021bi la Bucure\u0219ti, \u00eentre 24 august \u0219i 21 septembrie.\",\"breadcrumb\":{\"@id\":\"https:\\\/\\\/buletin.de\\\/bucuresti\\\/programul-festivalului-enescu-2025-peste-4000-de-artisti-vor-fi-prezenti-la-bucuresti\\\/#breadcrumb\"},\"inLanguage\":\"en-GB\",\"potentialAction\":[{\"@type\":\"ReadAction\",\"target\":[\"https:\\\/\\\/buletin.de\\\/bucuresti\\\/programul-festivalului-enescu-2025-peste-4000-de-artisti-vor-fi-prezenti-la-bucuresti\\\/\"]}]},{\"@type\":\"ImageObject\",\"inLanguage\":\"en-GB\",\"@id\":\"https:\\\/\\\/buletin.de\\\/bucuresti\\\/programul-festivalului-enescu-2025-peste-4000-de-artisti-vor-fi-prezenti-la-bucuresti\\\/#primaryimage\",\"url\":\"https:\\\/\\\/buletin.de\\\/bucuresti\\\/wp-content\\\/uploads\\\/Cristian-Macelaru.-Festivalul-International-George-Enescu.-conferinta-de-presa.-foto-Andrei-Gindac-e1737459416951.jpg\",\"contentUrl\":\"https:\\\/\\\/buletin.de\\\/bucuresti\\\/wp-content\\\/uploads\\\/Cristian-Macelaru.-Festivalul-International-George-Enescu.-conferinta-de-presa.-foto-Andrei-Gindac-e1737459416951.jpg\",\"width\":1333,\"height\":1050,\"caption\":\"Programul Festivalului Enescu 2025 a fost anun\u021bat de Cristian Ma\u0306celaru. Foto Andrei Gi\u0302ndac\"},{\"@type\":\"BreadcrumbList\",\"@id\":\"https:\\\/\\\/buletin.de\\\/bucuresti\\\/programul-festivalului-enescu-2025-peste-4000-de-artisti-vor-fi-prezenti-la-bucuresti\\\/#breadcrumb\",\"itemListElement\":[{\"@type\":\"ListItem\",\"position\":1,\"name\":\"Acas\u0103\",\"item\":\"https:\\\/\\\/buletin.de\\\/bucuresti\\\/\"},{\"@type\":\"ListItem\",\"position\":2,\"name\":\"Programul Festivalului Enescu 2025: peste 4.000 de arti\u0219ti vor fi prezen\u021bi la Bucure\u0219ti\"}]},{\"@type\":\"WebSite\",\"@id\":\"https:\\\/\\\/buletin.de\\\/bucuresti\\\/#website\",\"url\":\"https:\\\/\\\/buletin.de\\\/bucuresti\\\/\",\"name\":\"Buletin de Bucure\u0219ti\",\"description\":\"\u0218tiri \u0219i investiga\u021bii esen\u021biale din capital\u0103\",\"publisher\":{\"@id\":\"https:\\\/\\\/buletin.de\\\/bucuresti\\\/#organization\"},\"potentialAction\":[{\"@type\":\"SearchAction\",\"target\":{\"@type\":\"EntryPoint\",\"urlTemplate\":\"https:\\\/\\\/buletin.de\\\/bucuresti\\\/?s={search_term_string}\"},\"query-input\":{\"@type\":\"PropertyValueSpecification\",\"valueRequired\":true,\"valueName\":\"search_term_string\"}}],\"inLanguage\":\"en-GB\"},{\"@type\":\"Organization\",\"@id\":\"https:\\\/\\\/buletin.de\\\/bucuresti\\\/#organization\",\"name\":\"Buletin de Bucure\u0219ti\",\"url\":\"https:\\\/\\\/buletin.de\\\/bucuresti\\\/\",\"logo\":{\"@type\":\"ImageObject\",\"inLanguage\":\"en-GB\",\"@id\":\"https:\\\/\\\/buletin.de\\\/bucuresti\\\/#\\\/schema\\\/logo\\\/image\\\/\",\"url\":\"https:\\\/\\\/buletin.de\\\/bucuresti\\\/wp-content\\\/uploads\\\/logo-bdb-full-wide-vernil-transparent.png\",\"contentUrl\":\"https:\\\/\\\/buletin.de\\\/bucuresti\\\/wp-content\\\/uploads\\\/logo-bdb-full-wide-vernil-transparent.png\",\"width\":1782,\"height\":626,\"caption\":\"Buletin de Bucure\u0219ti\"},\"image\":{\"@id\":\"https:\\\/\\\/buletin.de\\\/bucuresti\\\/#\\\/schema\\\/logo\\\/image\\\/\"},\"sameAs\":[\"https:\\\/\\\/www.facebook.com\\\/buletin.de.buc\",\"https:\\\/\\\/www.instagram.com\\\/buletinde.bucuresti\\\/\"]},{\"@type\":\"Person\",\"@id\":\"https:\\\/\\\/buletin.de\\\/bucuresti\\\/#\\\/schema\\\/person\\\/2bbcf854e5f2419a13804af574d06ab1\",\"name\":\"Redac\u021bia Buletin de Bucure\u0219ti\",\"image\":{\"@type\":\"ImageObject\",\"inLanguage\":\"en-GB\",\"@id\":\"https:\\\/\\\/secure.gravatar.com\\\/avatar\\\/18c5342381ed1a08620e6280424e3e5efc958618f5d67c522c9e44c1bc6f9226?s=96&d=monsterid&r=g60c7cd0ad92c68c049fcd4bb3504d609\",\"url\":\"https:\\\/\\\/secure.gravatar.com\\\/avatar\\\/18c5342381ed1a08620e6280424e3e5efc958618f5d67c522c9e44c1bc6f9226?s=96&d=monsterid&r=g\",\"contentUrl\":\"https:\\\/\\\/secure.gravatar.com\\\/avatar\\\/18c5342381ed1a08620e6280424e3e5efc958618f5d67c522c9e44c1bc6f9226?s=96&d=monsterid&r=g\",\"caption\":\"Redac\u021bia Buletin de Bucure\u0219ti\"},\"description\":\"Buletin de Bucure\u0219ti exist\u0103 din vara anului 2019.\",\"url\":\"https:\\\/\\\/buletin.de\\\/bucuresti\\\/author\\\/adminbuletin\\\/\"}]}<\/script>\n<!-- \/ Yoast SEO Premium plugin. -->","yoast_head_json":{"title":"Programul Festivalului Enescu 2025: peste 4.000 de arti\u0219ti vor fi prezen\u021bi la Bucure\u0219ti - Buletin de Bucure\u0219ti","description":"Programul Festivalului Enescu 2025 a fost f\u0103cut public: peste 4000 de arti\u0219ti vor fi prezen\u021bi la Bucure\u0219ti, \u00eentre 24 august \u0219i 21 septembrie.","robots":{"index":"index","follow":"follow","max-snippet":"max-snippet:-1","max-image-preview":"max-image-preview:large","max-video-preview":"max-video-preview:-1"},"canonical":"https:\/\/buletin.de\/bucuresti\/programul-festivalului-enescu-2025-peste-4000-de-artisti-vor-fi-prezenti-la-bucuresti\/","og_locale":"en_GB","og_type":"article","og_title":"Programul Festivalului Enescu 2025: peste 4.000 de arti\u0219ti vor fi prezen\u021bi la Bucure\u0219ti","og_description":"Programul Festivalului Enescu 2025 a fost f\u0103cut public: peste 4000 de arti\u0219ti vor fi prezen\u021bi la Bucure\u0219ti, \u00eentre 24 august \u0219i 21 septembrie.","og_url":"https:\/\/buletin.de\/bucuresti\/programul-festivalului-enescu-2025-peste-4000-de-artisti-vor-fi-prezenti-la-bucuresti\/","og_site_name":"Buletin de Bucure\u0219ti","article_publisher":"https:\/\/www.facebook.com\/buletin.de.buc","article_published_time":"2025-01-21T10:49:26+00:00","article_modified_time":"2025-02-04T08:00:37+00:00","og_image":[{"width":1333,"height":1050,"url":"https:\/\/buletin.de\/bucuresti\/wp-content\/uploads\/Cristian-Macelaru.-Festivalul-International-George-Enescu.-conferinta-de-presa.-foto-Andrei-Gindac-e1737459416951.jpg","type":"image\/jpeg"}],"author":"Redac\u021bia Buletin de Bucure\u0219ti","twitter_card":"summary_large_image","twitter_misc":{"Written by":"Redac\u021bia Buletin de Bucure\u0219ti","Estimated reading time":"6 minutes"},"schema":{"@context":"https:\/\/schema.org","@graph":[{"@type":"Article","@id":"https:\/\/buletin.de\/bucuresti\/programul-festivalului-enescu-2025-peste-4000-de-artisti-vor-fi-prezenti-la-bucuresti\/#article","isPartOf":{"@id":"https:\/\/buletin.de\/bucuresti\/programul-festivalului-enescu-2025-peste-4000-de-artisti-vor-fi-prezenti-la-bucuresti\/"},"author":{"name":"Redac\u021bia Buletin de Bucure\u0219ti","@id":"https:\/\/buletin.de\/bucuresti\/#\/schema\/person\/2bbcf854e5f2419a13804af574d06ab1"},"headline":"Programul Festivalului Enescu 2025: peste 4.000 de arti\u0219ti vor fi prezen\u021bi la Bucure\u0219ti","datePublished":"2025-01-21T10:49:26+00:00","dateModified":"2025-02-04T08:00:37+00:00","mainEntityOfPage":{"@id":"https:\/\/buletin.de\/bucuresti\/programul-festivalului-enescu-2025-peste-4000-de-artisti-vor-fi-prezenti-la-bucuresti\/"},"wordCount":1421,"publisher":{"@id":"https:\/\/buletin.de\/bucuresti\/#organization"},"image":{"@id":"https:\/\/buletin.de\/bucuresti\/programul-festivalului-enescu-2025-peste-4000-de-artisti-vor-fi-prezenti-la-bucuresti\/#primaryimage"},"thumbnailUrl":"https:\/\/buletin.de\/bucuresti\/wp-content\/uploads\/Cristian-Macelaru.-Festivalul-International-George-Enescu.-conferinta-de-presa.-foto-Andrei-Gindac-e1737459416951.jpg","keywords":["abonamente enescu","bilete enescu","Cristin Macelaru","cristina uruc","Festivalul Enescu","festivalul enescu 2025","ministerul culturii","pmb"],"articleSection":["Articole","Cultur\u0103","Main"],"inLanguage":"en-GB","copyrightYear":"2025","copyrightHolder":{"@id":"https:\/\/buletin.de\/bucuresti\/#organization"}},{"@type":"WebPage","@id":"https:\/\/buletin.de\/bucuresti\/programul-festivalului-enescu-2025-peste-4000-de-artisti-vor-fi-prezenti-la-bucuresti\/","url":"https:\/\/buletin.de\/bucuresti\/programul-festivalului-enescu-2025-peste-4000-de-artisti-vor-fi-prezenti-la-bucuresti\/","name":"Programul Festivalului Enescu 2025: peste 4.000 de arti\u0219ti vor fi prezen\u021bi la Bucure\u0219ti - Buletin de Bucure\u0219ti","isPartOf":{"@id":"https:\/\/buletin.de\/bucuresti\/#website"},"primaryImageOfPage":{"@id":"https:\/\/buletin.de\/bucuresti\/programul-festivalului-enescu-2025-peste-4000-de-artisti-vor-fi-prezenti-la-bucuresti\/#primaryimage"},"image":{"@id":"https:\/\/buletin.de\/bucuresti\/programul-festivalului-enescu-2025-peste-4000-de-artisti-vor-fi-prezenti-la-bucuresti\/#primaryimage"},"thumbnailUrl":"https:\/\/buletin.de\/bucuresti\/wp-content\/uploads\/Cristian-Macelaru.-Festivalul-International-George-Enescu.-conferinta-de-presa.-foto-Andrei-Gindac-e1737459416951.jpg","datePublished":"2025-01-21T10:49:26+00:00","dateModified":"2025-02-04T08:00:37+00:00","description":"Programul Festivalului Enescu 2025 a fost f\u0103cut public: peste 4000 de arti\u0219ti vor fi prezen\u021bi la Bucure\u0219ti, \u00eentre 24 august \u0219i 21 septembrie.","breadcrumb":{"@id":"https:\/\/buletin.de\/bucuresti\/programul-festivalului-enescu-2025-peste-4000-de-artisti-vor-fi-prezenti-la-bucuresti\/#breadcrumb"},"inLanguage":"en-GB","potentialAction":[{"@type":"ReadAction","target":["https:\/\/buletin.de\/bucuresti\/programul-festivalului-enescu-2025-peste-4000-de-artisti-vor-fi-prezenti-la-bucuresti\/"]}]},{"@type":"ImageObject","inLanguage":"en-GB","@id":"https:\/\/buletin.de\/bucuresti\/programul-festivalului-enescu-2025-peste-4000-de-artisti-vor-fi-prezenti-la-bucuresti\/#primaryimage","url":"https:\/\/buletin.de\/bucuresti\/wp-content\/uploads\/Cristian-Macelaru.-Festivalul-International-George-Enescu.-conferinta-de-presa.-foto-Andrei-Gindac-e1737459416951.jpg","contentUrl":"https:\/\/buletin.de\/bucuresti\/wp-content\/uploads\/Cristian-Macelaru.-Festivalul-International-George-Enescu.-conferinta-de-presa.-foto-Andrei-Gindac-e1737459416951.jpg","width":1333,"height":1050,"caption":"Programul Festivalului Enescu 2025 a fost anun\u021bat de Cristian Ma\u0306celaru. Foto Andrei Gi\u0302ndac"},{"@type":"BreadcrumbList","@id":"https:\/\/buletin.de\/bucuresti\/programul-festivalului-enescu-2025-peste-4000-de-artisti-vor-fi-prezenti-la-bucuresti\/#breadcrumb","itemListElement":[{"@type":"ListItem","position":1,"name":"Acas\u0103","item":"https:\/\/buletin.de\/bucuresti\/"},{"@type":"ListItem","position":2,"name":"Programul Festivalului Enescu 2025: peste 4.000 de arti\u0219ti vor fi prezen\u021bi la Bucure\u0219ti"}]},{"@type":"WebSite","@id":"https:\/\/buletin.de\/bucuresti\/#website","url":"https:\/\/buletin.de\/bucuresti\/","name":"Buletin de Bucure\u0219ti","description":"\u0218tiri \u0219i investiga\u021bii esen\u021biale din capital\u0103","publisher":{"@id":"https:\/\/buletin.de\/bucuresti\/#organization"},"potentialAction":[{"@type":"SearchAction","target":{"@type":"EntryPoint","urlTemplate":"https:\/\/buletin.de\/bucuresti\/?s={search_term_string}"},"query-input":{"@type":"PropertyValueSpecification","valueRequired":true,"valueName":"search_term_string"}}],"inLanguage":"en-GB"},{"@type":"Organization","@id":"https:\/\/buletin.de\/bucuresti\/#organization","name":"Buletin de Bucure\u0219ti","url":"https:\/\/buletin.de\/bucuresti\/","logo":{"@type":"ImageObject","inLanguage":"en-GB","@id":"https:\/\/buletin.de\/bucuresti\/#\/schema\/logo\/image\/","url":"https:\/\/buletin.de\/bucuresti\/wp-content\/uploads\/logo-bdb-full-wide-vernil-transparent.png","contentUrl":"https:\/\/buletin.de\/bucuresti\/wp-content\/uploads\/logo-bdb-full-wide-vernil-transparent.png","width":1782,"height":626,"caption":"Buletin de Bucure\u0219ti"},"image":{"@id":"https:\/\/buletin.de\/bucuresti\/#\/schema\/logo\/image\/"},"sameAs":["https:\/\/www.facebook.com\/buletin.de.buc","https:\/\/www.instagram.com\/buletinde.bucuresti\/"]},{"@type":"Person","@id":"https:\/\/buletin.de\/bucuresti\/#\/schema\/person\/2bbcf854e5f2419a13804af574d06ab1","name":"Redac\u021bia Buletin de Bucure\u0219ti","image":{"@type":"ImageObject","inLanguage":"en-GB","@id":"https:\/\/secure.gravatar.com\/avatar\/18c5342381ed1a08620e6280424e3e5efc958618f5d67c522c9e44c1bc6f9226?s=96&d=monsterid&r=g60c7cd0ad92c68c049fcd4bb3504d609","url":"https:\/\/secure.gravatar.com\/avatar\/18c5342381ed1a08620e6280424e3e5efc958618f5d67c522c9e44c1bc6f9226?s=96&d=monsterid&r=g","contentUrl":"https:\/\/secure.gravatar.com\/avatar\/18c5342381ed1a08620e6280424e3e5efc958618f5d67c522c9e44c1bc6f9226?s=96&d=monsterid&r=g","caption":"Redac\u021bia Buletin de Bucure\u0219ti"},"description":"Buletin de Bucure\u0219ti exist\u0103 din vara anului 2019.","url":"https:\/\/buletin.de\/bucuresti\/author\/adminbuletin\/"}]}},"authors":[{"term_id":22583,"user_id":1,"is_guest":0,"slug":"adminbuletin","display_name":"Redac\u021bia Buletin de Bucure\u0219ti","avatar_url":"https:\/\/secure.gravatar.com\/avatar\/18c5342381ed1a08620e6280424e3e5efc958618f5d67c522c9e44c1bc6f9226?s=96&d=monsterid&r=g","0":null,"1":"","2":"","3":"","4":"","5":"","6":"","7":"","8":""}],"_links":{"self":[{"href":"https:\/\/buletin.de\/bucuresti\/wp-json\/wp\/v2\/posts\/115117","targetHints":{"allow":["GET"]}}],"collection":[{"href":"https:\/\/buletin.de\/bucuresti\/wp-json\/wp\/v2\/posts"}],"about":[{"href":"https:\/\/buletin.de\/bucuresti\/wp-json\/wp\/v2\/types\/post"}],"author":[{"embeddable":true,"href":"https:\/\/buletin.de\/bucuresti\/wp-json\/wp\/v2\/users\/1"}],"replies":[{"embeddable":true,"href":"https:\/\/buletin.de\/bucuresti\/wp-json\/wp\/v2\/comments?post=115117"}],"version-history":[{"count":2,"href":"https:\/\/buletin.de\/bucuresti\/wp-json\/wp\/v2\/posts\/115117\/revisions"}],"predecessor-version":[{"id":116926,"href":"https:\/\/buletin.de\/bucuresti\/wp-json\/wp\/v2\/posts\/115117\/revisions\/116926"}],"wp:featuredmedia":[{"embeddable":true,"href":"https:\/\/buletin.de\/bucuresti\/wp-json\/wp\/v2\/media\/115118"}],"wp:attachment":[{"href":"https:\/\/buletin.de\/bucuresti\/wp-json\/wp\/v2\/media?parent=115117"}],"wp:term":[{"taxonomy":"category","embeddable":true,"href":"https:\/\/buletin.de\/bucuresti\/wp-json\/wp\/v2\/categories?post=115117"},{"taxonomy":"post_tag","embeddable":true,"href":"https:\/\/buletin.de\/bucuresti\/wp-json\/wp\/v2\/tags?post=115117"},{"taxonomy":"author","embeddable":true,"href":"https:\/\/buletin.de\/bucuresti\/wp-json\/wp\/v2\/ppma_author?post=115117"}],"curies":[{"name":"wp","href":"https:\/\/api.w.org\/{rel}","templated":true}]}}