{"id":115099,"date":"2025-01-21T13:23:04","date_gmt":"2025-01-21T10:23:04","guid":{"rendered":"https:\/\/buletin.de\/bucuresti\/?p=115099"},"modified":"2025-01-21T13:32:47","modified_gmt":"2025-01-21T10:32:47","slug":"o-solutie-aplicata-la-strasbourg-care-ar-fi-utila-si-in-bucuresti-transport-public-gratuit-in-zilele-cu-poluare","status":"publish","type":"post","link":"https:\/\/buletin.de\/bucuresti\/o-solutie-aplicata-la-strasbourg-care-ar-fi-utila-si-in-bucuresti-transport-public-gratuit-in-zilele-cu-poluare\/","title":{"rendered":"O solu\u021bie aplicat\u0103 la Strasbourg, care ar fi util\u0103 \u0219i \u00een Bucure\u0219ti: transport public gratuit \u00een zilele cu poluare"},"content":{"rendered":"\n<p><strong>Autorit\u0103\u021bile locale din Strasbourg ofer\u0103 transport public gratuit, pe tramvai \u0219i autobuz, \u00een zilele cu nivel mare de poluare, ca o solu\u021bie pentru a-i determina pe cet\u0103\u021beni s\u0103-\u0219i lase ma\u0219inile personale acas\u0103. <\/strong><\/p>\n\n\n\n<p>\u201eDatorit\u0103 lans\u0103rii de c\u0103tre Eurometropola Strasbourg a planului de ac\u021biune consolidat \u00eempotriva polu\u0103rii aerului \u0219i pentru a \u00eencuraja utilizarea transportului public, re\u021beaua de autobuze\/tramvai CTS \u0219i facilit\u0103\u021bile Park and Ride sunt gratuite \u00een ziua de mar\u021bi, ianuarie. 21, 2025\u201d, a fost <a href=\"https:\/\/www.cts-strasbourg.eu\/fr\/Article\/PLAN-DACTIONS-RENFORCEES-CONTRE-LA-POLLUTION-DE-LAIR-GRATUITE-DU-RESEAU-BUS-TRAM\/\" target=\"_blank\" rel=\"noreferrer noopener\">anun\u021bul f\u0103cut,<\/a> pe site-ul propriu, de c\u0103tre Compagnie des  Transports Strasbourgeois (CTS).<\/p>\n\n\n\n<p>Calitatea aerului \u00een Strasbourg a fost de slab\u0103 mar\u021bi, pe fondul unei ce\u021bi pregnante \u0219i al temperaturilor sc\u0103zute. <\/p>\n\n\n\n<p>Poluantul principal, potrivit platformelor de monitorizare, au fost particulele PM 2,5. Acestea sunt suficient de mici pentru a intra \u00een fluxul sanguin \u0219i pot cauza probleme importante de s\u0103n\u0103tate. <\/p>\n\n\n\n<p>\u00cen Fran\u021ba, <a href=\"https:\/\/www.ecologie.gouv.fr\/sites\/default\/files\/documents\/01_Tableau-Normes-Seuils%20r%C3%A9glementaires.pdf\">limitele acceptate<\/a> pentru acest poluant sunt de 10 \u00b5g\/\/m3, \u00een timp ce mar\u021bi se \u00eenregistrau la Strasbourg de trei ori mai multe particule, respectiv 31 \u00b5g\/\/m3. <\/p>\n\n\n\n<figure class=\"wp-block-image size-large\"><img fetchpriority=\"high\" decoding=\"async\" width=\"443\" height=\"900\" src=\"data:image\/gif;base64,R0lGODlhAQABAAAAACH5BAEKAAEALAAAAAABAAEAAAICTAEAOw==\" data-src=\"https:\/\/buletin.de\/bucuresti\/wp-content\/uploads\/poluarestrasbourg-443x900.jpeg\" alt=\"poluare \u00een Strasbourg\" class=\"wp-image-115108 lazyload\" data-sizes=\"auto\" data-srcset=\"https:\/\/buletin.de\/bucuresti\/wp-content\/uploads\/poluarestrasbourg-443x900.jpeg 443w, https:\/\/buletin.de\/bucuresti\/wp-content\/uploads\/poluarestrasbourg-148x300.jpeg 148w, https:\/\/buletin.de\/bucuresti\/wp-content\/uploads\/poluarestrasbourg-768x1559.jpeg 768w, https:\/\/buletin.de\/bucuresti\/wp-content\/uploads\/poluarestrasbourg-756x1536.jpeg 756w, https:\/\/buletin.de\/bucuresti\/wp-content\/uploads\/poluarestrasbourg-600x1218.jpeg 600w, https:\/\/buletin.de\/bucuresti\/wp-content\/uploads\/poluarestrasbourg-20x41.jpeg 20w, https:\/\/buletin.de\/bucuresti\/wp-content\/uploads\/poluarestrasbourg.jpeg 788w\" sizes=\"(max-width: 443px) 100vw, 443px\" \/><figcaption class=\"wp-element-caption\">Gradul de poluare din Strasbourg, mar\u021bi, 21 ianuarie<\/figcaption><\/figure>\n\n\n\n<p>CITE\u0218TE \u0218I:&nbsp;<strong><a href=\"https:\/\/buletin.de\/bucuresti\/zona-retrocedata-din-ior-este-trecuta-ca-spatiu-verde-intr-un-registru-al-primariei-generale-dar-care-nu-are-valoare-juridica\/https:\/\/buletin.de\/bucuresti\/zona-retrocedata-din-ior-este-trecuta-ca-spatiu-verde-intr-un-registru-al-primariei-generale-dar-care-nu-are-valoare-juridica\/\" target=\"_blank\" rel=\"noreferrer noopener\">Zona retrocedat\u0103 din IOR este trecut\u0103 ca spa\u0163iu verde \u00eentr-un registru al Prim\u0103riei Generale, dar care nu are valoare&nbsp;juridic\u0103<\/a><\/strong><\/p>\n\n\n\n<h2 class=\"wp-block-heading\" id=\"h-aer-poluat-\u0219i-la-bucure\u0219ti-dar-fara-transport-public-gratuit\">Aer poluat \u0219i la Bucure\u0219ti. Dar f\u0103r\u0103 transport public gratuit<\/h2>\n\n\n\n<p>Calitatea aerului a fost de slab\u0103 calitate \u00een prima parte a zilei de mar\u021bi \u0219i la Bucure\u0219ti. Astfel poluarea cu particulele PM 2,5 a fost \u00een Capital\u0103 de 77 \u00b5g\/\/m3, potrivit platformei <a href=\"https:\/\/aerlive.ro\/\" target=\"_blank\" rel=\"noreferrer noopener\">Airlive<\/a>. De \u0219apte ori mai mult dec\u00e2t limitele acceptate. <\/p>\n\n\n\n<p>De asemenea, au fost dep\u0103\u0219i\u021bi parametri \u0219i pentru PM 10: 79 \u00b5g\/m3, fa\u021b\u0103 de standardul acceptat de 30 \u00b5g\/m3. <\/p>\n\n\n\n<p>Aceste valori mari au fost \u00eenregistrate \u00een perimetrul \u0218colii 56, din Sectorul 3. <\/p>\n\n\n\n<figure class=\"wp-block-image size-large\"><img decoding=\"async\" width=\"900\" height=\"491\" src=\"data:image\/gif;base64,R0lGODlhAQABAAAAACH5BAEKAAEALAAAAAABAAEAAAICTAEAOw==\" data-src=\"https:\/\/buletin.de\/bucuresti\/wp-content\/uploads\/airlive-900x491.png\" alt=\"Poluarea la Bucure\u0219ti\" class=\"wp-image-115109 lazyload\" data-sizes=\"auto\" data-srcset=\"https:\/\/buletin.de\/bucuresti\/wp-content\/uploads\/airlive-900x491.png 900w, https:\/\/buletin.de\/bucuresti\/wp-content\/uploads\/airlive-300x164.png 300w, https:\/\/buletin.de\/bucuresti\/wp-content\/uploads\/airlive-768x419.png 768w, https:\/\/buletin.de\/bucuresti\/wp-content\/uploads\/airlive-1536x838.png 1536w, https:\/\/buletin.de\/bucuresti\/wp-content\/uploads\/airlive-2048x1117.png 2048w, https:\/\/buletin.de\/bucuresti\/wp-content\/uploads\/airlive-1600x873.png 1600w, https:\/\/buletin.de\/bucuresti\/wp-content\/uploads\/airlive-1100x600.png 1100w, https:\/\/buletin.de\/bucuresti\/wp-content\/uploads\/airlive-600x327.png 600w, https:\/\/buletin.de\/bucuresti\/wp-content\/uploads\/airlive-20x11.png 20w\" sizes=\"(max-width: 900px) 100vw, 900px\" \/><figcaption class=\"wp-element-caption\">Poluarea la Bucure\u0219ti, mar\u021bi, 21 ianuarie<\/figcaption><\/figure>\n\n\n\n<p>CITE\u0218TE \u0218I: <strong><a href=\"https:\/\/buletin.de\/bucuresti\/omerta-in-jurul-directorului-de-la-cultura-care-intimideaza-jurnalisti-nici-o-reactie-de-la-ciolacu-si-intotero\/\" target=\"_blank\" rel=\"noreferrer noopener\">\u201eOmerta\u201c guvernamental\u0103 din jurul \u0219efului de la Cultur\u0103 care avizeaz\u0103 demol\u0103rile cl\u0103dirilor de patrimoniu din Capital\u0103. Nici o reac\u021bie de la \u0219efii s\u0103i, Ciolacu \u0219i Intotero<\/a><\/strong><\/p>\n\n\n\n<h2 class=\"wp-block-heading\" id=\"h-ce-sunt-particulele-pm-2-5-\u0219i-pm-10\">Ce sunt particulele PM 2,5 \u0219i PM 10<\/h2>\n\n\n\n<p><strong>PM2<\/strong>,<strong>5<\/strong>\u00a0si PM10 sunt particule \u00een suspensie \u00een aer, care\u00a0<strong>sunt<\/strong>\u00a0de\u00a0<strong>2<\/strong>,<strong>5<\/strong>\u00a0microni sau mai mici si, respectiv, de 10 microni sau mai mici.\u00a0<\/p>\n\n\n\n<p>Particulele \u00een suspensie sunt compuse dintr-un amestec de particule solide \u0219i pic\u0103turi de lichid. Unele particule \u00een suspensie sunt emise direct, altele se formeaz\u0103 atunci c\u00e2nd poluan\u021bii emi\u0219i de diferite surse reac\u021bioneaz\u0103 \u00een atmosfer\u0103. <\/p>\n\n\n\n<p>Cele mai mici de 10\u00a0micrometri pot s\u0103 p\u0103trund\u0103 \u00een pl\u0103m\u00e2ni \u0219i s\u0103 provoace probleme grave de s\u0103n\u0103tate.\u00a0<\/p>\n\n\n\n<p>Particulele \u00een suspensie sunt asociate cu bolile \u0219i decesele provocate de boli cardiace sau pulmonare.\u00a0<a href=\"https:\/\/www.who.int\/health-topics\/air-pollution#tab=tab_1\" target=\"_blank\" rel=\"noreferrer noopener\">Organiza\u021bia Mondial\u0103 a S\u0103n\u0103t\u0103\u021bii<\/a>\u00a0a cules suficiente dovezi \u0219tiin\u021bifice pentru a afirma c\u0103 cea mai nociv\u0103 expunere la particule \u00een suspensie este expunerea pe termen lung la particule fine (PM<sub>2,5<\/sub>). Vizita\u021bi \u0219i sec\u021biunea despre\u00a0<a href=\"https:\/\/www.eea.europa.eu\/themes\/air\/health-impacts-of-air-pollution\">efectele polu\u0103rii aerului asupra s\u0103n\u0103t\u0103\u021bii<\/a>\u00a0de pe site-ul nostru pentru informa\u021bii suplimentare.<\/p>\n","protected":false},"excerpt":{"rendered":"<p>Autorit\u0103\u021bile locale din Strasbourg ofer\u0103 transport public gratuit, pe tramvai \u0219i autobuz, \u00een zilele cu nivel mare de poluare, ca o solu\u021bie pentru a-i determina pe cet\u0103\u021beni s\u0103-\u0219i lase ma\u0219inile personale acas\u0103. \u201eDatorit\u0103 lans\u0103rii de c\u0103tre Eurometropola Strasbourg a planului de ac\u021biune consolidat \u00eempotriva polu\u0103rii aerului \u0219i pentru a \u00eencuraja utilizarea transportului public, re\u021beaua de [&hellip;]<\/p>\n","protected":false},"author":60,"featured_media":115104,"comment_status":"closed","ping_status":"open","sticky":false,"template":"","format":"standard","meta":{"_acf_changed":false,"inline_featured_image":false,"ngg_post_thumbnail":0,"footnotes":""},"categories":[6994,5762,650],"tags":[2375,977,132,15767,17249],"ppma_author":[22582],"class_list":["post-115099","post","type-post","status-publish","format-standard","has-post-thumbnail","hentry","category-stiri-2","category-main","category-transport","tag-bucuresti-poluare","tag-pm10","tag-poluare","tag-poluare-atmosferica","tag-poluare-iarna"],"acf":[],"yoast_head":"<!-- This site is optimized with the Yoast SEO Premium plugin v25.3 (Yoast SEO v27.4) - https:\/\/yoast.com\/product\/yoast-seo-premium-wordpress\/ -->\n<title>O solu\u021bie aplicat\u0103 la Strasbourg, care ar fi util\u0103 \u0219i \u00een Bucure\u0219ti: transport public gratuit \u00een zilele cu poluare - Buletin de Bucure\u0219ti<\/title>\n<meta name=\"description\" content=\"O solu\u021bie aplicat\u0103 la Strasbourg, care ar fi util\u0103 \u0219i \u00een Bucure\u0219ti: transport public gratuit \u00een zilele cu poluare.\" \/>\n<meta name=\"robots\" content=\"index, follow, max-snippet:-1, max-image-preview:large, max-video-preview:-1\" \/>\n<link rel=\"canonical\" href=\"https:\/\/buletin.de\/bucuresti\/o-solutie-aplicata-la-strasbourg-care-ar-fi-utila-si-in-bucuresti-transport-public-gratuit-in-zilele-cu-poluare\/\" \/>\n<meta property=\"og:locale\" content=\"en_GB\" \/>\n<meta property=\"og:type\" content=\"article\" \/>\n<meta property=\"og:title\" content=\"O solu\u021bie aplicat\u0103 la Strasbourg, care ar fi util\u0103 \u0219i \u00een Bucure\u0219ti: transport public gratuit \u00een zilele cu poluare\" \/>\n<meta property=\"og:description\" content=\"O solu\u021bie aplicat\u0103 la Strasbourg, care ar fi util\u0103 \u0219i \u00een Bucure\u0219ti: transport public gratuit \u00een zilele cu poluare.\" \/>\n<meta property=\"og:url\" content=\"https:\/\/buletin.de\/bucuresti\/o-solutie-aplicata-la-strasbourg-care-ar-fi-utila-si-in-bucuresti-transport-public-gratuit-in-zilele-cu-poluare\/\" \/>\n<meta property=\"og:site_name\" content=\"Buletin de Bucure\u0219ti\" \/>\n<meta property=\"article:publisher\" content=\"https:\/\/www.facebook.com\/buletin.de.buc\" \/>\n<meta property=\"article:published_time\" content=\"2025-01-21T10:23:04+00:00\" \/>\n<meta property=\"article:modified_time\" content=\"2025-01-21T10:32:47+00:00\" \/>\n<meta property=\"og:image\" content=\"https:\/\/buletin.de\/bucuresti\/wp-content\/uploads\/Strasbourg-Tram.jpg\" \/>\n\t<meta property=\"og:image:width\" content=\"1200\" \/>\n\t<meta property=\"og:image:height\" content=\"553\" \/>\n\t<meta property=\"og:image:type\" content=\"image\/jpeg\" \/>\n<meta name=\"author\" content=\"R\u0103zvan Chiru\u021b\u0103\" \/>\n<meta name=\"twitter:card\" content=\"summary_large_image\" \/>\n<meta name=\"twitter:label1\" content=\"Written by\" \/>\n\t<meta name=\"twitter:data1\" content=\"R\u0103zvan Chiru\u021b\u0103\" \/>\n\t<meta name=\"twitter:label2\" content=\"Estimated reading time\" \/>\n\t<meta name=\"twitter:data2\" content=\"3 minutes\" \/>\n<script type=\"application\/ld+json\" class=\"yoast-schema-graph\">{\"@context\":\"https:\\\/\\\/schema.org\",\"@graph\":[{\"@type\":\"Article\",\"@id\":\"https:\\\/\\\/buletin.de\\\/bucuresti\\\/o-solutie-aplicata-la-strasbourg-care-ar-fi-utila-si-in-bucuresti-transport-public-gratuit-in-zilele-cu-poluare\\\/#article\",\"isPartOf\":{\"@id\":\"https:\\\/\\\/buletin.de\\\/bucuresti\\\/o-solutie-aplicata-la-strasbourg-care-ar-fi-utila-si-in-bucuresti-transport-public-gratuit-in-zilele-cu-poluare\\\/\"},\"author\":{\"name\":\"R\u0103zvan Chiru\u021b\u0103\",\"@id\":\"https:\\\/\\\/buletin.de\\\/bucuresti\\\/#\\\/schema\\\/person\\\/a76df728dfc913795a9d90e346b253bb\"},\"headline\":\"O solu\u021bie aplicat\u0103 la Strasbourg, care ar fi util\u0103 \u0219i \u00een Bucure\u0219ti: transport public gratuit \u00een zilele cu poluare\",\"datePublished\":\"2025-01-21T10:23:04+00:00\",\"dateModified\":\"2025-01-21T10:32:47+00:00\",\"mainEntityOfPage\":{\"@id\":\"https:\\\/\\\/buletin.de\\\/bucuresti\\\/o-solutie-aplicata-la-strasbourg-care-ar-fi-utila-si-in-bucuresti-transport-public-gratuit-in-zilele-cu-poluare\\\/\"},\"wordCount\":526,\"publisher\":{\"@id\":\"https:\\\/\\\/buletin.de\\\/bucuresti\\\/#organization\"},\"image\":{\"@id\":\"https:\\\/\\\/buletin.de\\\/bucuresti\\\/o-solutie-aplicata-la-strasbourg-care-ar-fi-utila-si-in-bucuresti-transport-public-gratuit-in-zilele-cu-poluare\\\/#primaryimage\"},\"thumbnailUrl\":\"https:\\\/\\\/buletin.de\\\/bucuresti\\\/wp-content\\\/uploads\\\/Strasbourg-Tram.jpg\",\"keywords\":[\"bucuresti poluare\",\"pm10\",\"poluare\",\"poluare atmosferica\",\"poluare iarna\"],\"articleSection\":[\"Articole\",\"Main\",\"Transport\"],\"inLanguage\":\"en-GB\",\"copyrightYear\":\"2025\",\"copyrightHolder\":{\"@id\":\"https:\\\/\\\/buletin.de\\\/bucuresti\\\/#organization\"}},{\"@type\":\"WebPage\",\"@id\":\"https:\\\/\\\/buletin.de\\\/bucuresti\\\/o-solutie-aplicata-la-strasbourg-care-ar-fi-utila-si-in-bucuresti-transport-public-gratuit-in-zilele-cu-poluare\\\/\",\"url\":\"https:\\\/\\\/buletin.de\\\/bucuresti\\\/o-solutie-aplicata-la-strasbourg-care-ar-fi-utila-si-in-bucuresti-transport-public-gratuit-in-zilele-cu-poluare\\\/\",\"name\":\"O solu\u021bie aplicat\u0103 la Strasbourg, care ar fi util\u0103 \u0219i \u00een Bucure\u0219ti: transport public gratuit \u00een zilele cu poluare - Buletin de Bucure\u0219ti\",\"isPartOf\":{\"@id\":\"https:\\\/\\\/buletin.de\\\/bucuresti\\\/#website\"},\"primaryImageOfPage\":{\"@id\":\"https:\\\/\\\/buletin.de\\\/bucuresti\\\/o-solutie-aplicata-la-strasbourg-care-ar-fi-utila-si-in-bucuresti-transport-public-gratuit-in-zilele-cu-poluare\\\/#primaryimage\"},\"image\":{\"@id\":\"https:\\\/\\\/buletin.de\\\/bucuresti\\\/o-solutie-aplicata-la-strasbourg-care-ar-fi-utila-si-in-bucuresti-transport-public-gratuit-in-zilele-cu-poluare\\\/#primaryimage\"},\"thumbnailUrl\":\"https:\\\/\\\/buletin.de\\\/bucuresti\\\/wp-content\\\/uploads\\\/Strasbourg-Tram.jpg\",\"datePublished\":\"2025-01-21T10:23:04+00:00\",\"dateModified\":\"2025-01-21T10:32:47+00:00\",\"description\":\"O solu\u021bie aplicat\u0103 la Strasbourg, care ar fi util\u0103 \u0219i \u00een Bucure\u0219ti: transport public gratuit \u00een zilele cu poluare.\",\"breadcrumb\":{\"@id\":\"https:\\\/\\\/buletin.de\\\/bucuresti\\\/o-solutie-aplicata-la-strasbourg-care-ar-fi-utila-si-in-bucuresti-transport-public-gratuit-in-zilele-cu-poluare\\\/#breadcrumb\"},\"inLanguage\":\"en-GB\",\"potentialAction\":[{\"@type\":\"ReadAction\",\"target\":[\"https:\\\/\\\/buletin.de\\\/bucuresti\\\/o-solutie-aplicata-la-strasbourg-care-ar-fi-utila-si-in-bucuresti-transport-public-gratuit-in-zilele-cu-poluare\\\/\"]}]},{\"@type\":\"ImageObject\",\"inLanguage\":\"en-GB\",\"@id\":\"https:\\\/\\\/buletin.de\\\/bucuresti\\\/o-solutie-aplicata-la-strasbourg-care-ar-fi-utila-si-in-bucuresti-transport-public-gratuit-in-zilele-cu-poluare\\\/#primaryimage\",\"url\":\"https:\\\/\\\/buletin.de\\\/bucuresti\\\/wp-content\\\/uploads\\\/Strasbourg-Tram.jpg\",\"contentUrl\":\"https:\\\/\\\/buletin.de\\\/bucuresti\\\/wp-content\\\/uploads\\\/Strasbourg-Tram.jpg\",\"width\":1200,\"height\":553,\"caption\":\"Transport public gratuit \u00een zilele cu poluare. Foto Wandertoes\"},{\"@type\":\"BreadcrumbList\",\"@id\":\"https:\\\/\\\/buletin.de\\\/bucuresti\\\/o-solutie-aplicata-la-strasbourg-care-ar-fi-utila-si-in-bucuresti-transport-public-gratuit-in-zilele-cu-poluare\\\/#breadcrumb\",\"itemListElement\":[{\"@type\":\"ListItem\",\"position\":1,\"name\":\"Acas\u0103\",\"item\":\"https:\\\/\\\/buletin.de\\\/bucuresti\\\/\"},{\"@type\":\"ListItem\",\"position\":2,\"name\":\"O solu\u021bie aplicat\u0103 la Strasbourg, care ar fi util\u0103 \u0219i \u00een Bucure\u0219ti: transport public gratuit \u00een zilele cu poluare\"}]},{\"@type\":\"WebSite\",\"@id\":\"https:\\\/\\\/buletin.de\\\/bucuresti\\\/#website\",\"url\":\"https:\\\/\\\/buletin.de\\\/bucuresti\\\/\",\"name\":\"Buletin de Bucure\u0219ti\",\"description\":\"\u0218tiri \u0219i investiga\u021bii esen\u021biale din capital\u0103\",\"publisher\":{\"@id\":\"https:\\\/\\\/buletin.de\\\/bucuresti\\\/#organization\"},\"potentialAction\":[{\"@type\":\"SearchAction\",\"target\":{\"@type\":\"EntryPoint\",\"urlTemplate\":\"https:\\\/\\\/buletin.de\\\/bucuresti\\\/?s={search_term_string}\"},\"query-input\":{\"@type\":\"PropertyValueSpecification\",\"valueRequired\":true,\"valueName\":\"search_term_string\"}}],\"inLanguage\":\"en-GB\"},{\"@type\":\"Organization\",\"@id\":\"https:\\\/\\\/buletin.de\\\/bucuresti\\\/#organization\",\"name\":\"Buletin de Bucure\u0219ti\",\"url\":\"https:\\\/\\\/buletin.de\\\/bucuresti\\\/\",\"logo\":{\"@type\":\"ImageObject\",\"inLanguage\":\"en-GB\",\"@id\":\"https:\\\/\\\/buletin.de\\\/bucuresti\\\/#\\\/schema\\\/logo\\\/image\\\/\",\"url\":\"https:\\\/\\\/buletin.de\\\/bucuresti\\\/wp-content\\\/uploads\\\/logo-bdb-full-wide-vernil-transparent.png\",\"contentUrl\":\"https:\\\/\\\/buletin.de\\\/bucuresti\\\/wp-content\\\/uploads\\\/logo-bdb-full-wide-vernil-transparent.png\",\"width\":1782,\"height\":626,\"caption\":\"Buletin de Bucure\u0219ti\"},\"image\":{\"@id\":\"https:\\\/\\\/buletin.de\\\/bucuresti\\\/#\\\/schema\\\/logo\\\/image\\\/\"},\"sameAs\":[\"https:\\\/\\\/www.facebook.com\\\/buletin.de.buc\",\"https:\\\/\\\/www.instagram.com\\\/buletinde.bucuresti\\\/\"]},{\"@type\":\"Person\",\"@id\":\"https:\\\/\\\/buletin.de\\\/bucuresti\\\/#\\\/schema\\\/person\\\/a76df728dfc913795a9d90e346b253bb\",\"name\":\"R\u0103zvan Chiru\u021b\u0103\",\"image\":{\"@type\":\"ImageObject\",\"inLanguage\":\"en-GB\",\"@id\":\"https:\\\/\\\/buletin.de\\\/bucuresti\\\/wp-content\\\/uploads\\\/Razvan-Chiruta-96x96.jpge7143b996fd4241fbd6ee1f6b6b7b267\",\"url\":\"https:\\\/\\\/buletin.de\\\/bucuresti\\\/wp-content\\\/uploads\\\/Razvan-Chiruta-96x96.jpg\",\"contentUrl\":\"https:\\\/\\\/buletin.de\\\/bucuresti\\\/wp-content\\\/uploads\\\/Razvan-Chiruta-96x96.jpg\",\"caption\":\"R\u0103zvan Chiru\u021b\u0103\"},\"description\":\"R\u0103zvan Chiru\u021b\u0103 este redactor-\u0219ef adjunct din iulie 2024. A fost redactor-\u0219ef al PRESShub \u00eentre 2022 \u0219i iunie 2024. Anterior, a fost redactor-\u0219ef al Newsweek Rom\u00e2nia, din 2018 p\u00e2n\u0103 \u00een 2021, \u0219i al cotidianului Rom\u00e2nia liber\u0103, \u00eentre 2015 \u0219i 2017. Este absolvent de Jurnalism, \u00een cadrul Universit\u0103\u021bii \u201eAl.I.Cuza\u201d din Ia\u0219i, \u0219i a urmat un master \u00een Managementul institu\u021biilor mass-media (f\u0103r\u0103 diserta\u021bie) la Facultatea de Jurnalism \u0219i \u0218tiin\u021bele Comunic\u0103rii din cadrul Universit\u0103\u021bii din Bucure\u0219ti. \u0218i-a \u00eenceput cariera la Opinia studen\u021beasc\u0103, cunoscuta \u0219coal\u0103 de pres\u0103 din Ia\u0219i. A lucrat \u00een presa local\u0103, apoi a devenit corespondent pentru Ia\u0219i al cotidianului Evenimentul Zilei. Din 2004, a coordonat pentru \u0219ase luni sec\u021bia de coresponden\u021bi a Evenimentului Zilei. A mai lucrat la s\u0103pt\u0103m\u00e2nalul Prezent \u0219i a colaborat cu revistele Dilema Veche \u0219i Suplimentul de Cultur\u0103. Este co-autor \u00een volumele \u201eMass-media \u0219i democra\u021bia \u00een Rom\u00e2nia post-comunist\u0103\u201d (ed. a II-a), Ed. Institutul European, Ia\u0219i, 2013, \u0219i \u201eCOVID - 19. Dimensiuni ale gestionarii pandemiei\u201d, Editura Junimea, Ia\u0219i, 2020.\",\"url\":\"https:\\\/\\\/buletin.de\\\/bucuresti\\\/author\\\/razvan-chiruta\\\/\"}]}<\/script>\n<!-- \/ Yoast SEO Premium plugin. -->","yoast_head_json":{"title":"O solu\u021bie aplicat\u0103 la Strasbourg, care ar fi util\u0103 \u0219i \u00een Bucure\u0219ti: transport public gratuit \u00een zilele cu poluare - Buletin de Bucure\u0219ti","description":"O solu\u021bie aplicat\u0103 la Strasbourg, care ar fi util\u0103 \u0219i \u00een Bucure\u0219ti: transport public gratuit \u00een zilele cu poluare.","robots":{"index":"index","follow":"follow","max-snippet":"max-snippet:-1","max-image-preview":"max-image-preview:large","max-video-preview":"max-video-preview:-1"},"canonical":"https:\/\/buletin.de\/bucuresti\/o-solutie-aplicata-la-strasbourg-care-ar-fi-utila-si-in-bucuresti-transport-public-gratuit-in-zilele-cu-poluare\/","og_locale":"en_GB","og_type":"article","og_title":"O solu\u021bie aplicat\u0103 la Strasbourg, care ar fi util\u0103 \u0219i \u00een Bucure\u0219ti: transport public gratuit \u00een zilele cu poluare","og_description":"O solu\u021bie aplicat\u0103 la Strasbourg, care ar fi util\u0103 \u0219i \u00een Bucure\u0219ti: transport public gratuit \u00een zilele cu poluare.","og_url":"https:\/\/buletin.de\/bucuresti\/o-solutie-aplicata-la-strasbourg-care-ar-fi-utila-si-in-bucuresti-transport-public-gratuit-in-zilele-cu-poluare\/","og_site_name":"Buletin de Bucure\u0219ti","article_publisher":"https:\/\/www.facebook.com\/buletin.de.buc","article_published_time":"2025-01-21T10:23:04+00:00","article_modified_time":"2025-01-21T10:32:47+00:00","og_image":[{"width":1200,"height":553,"url":"https:\/\/buletin.de\/bucuresti\/wp-content\/uploads\/Strasbourg-Tram.jpg","type":"image\/jpeg"}],"author":"R\u0103zvan Chiru\u021b\u0103","twitter_card":"summary_large_image","twitter_misc":{"Written by":"R\u0103zvan Chiru\u021b\u0103","Estimated reading time":"3 minutes"},"schema":{"@context":"https:\/\/schema.org","@graph":[{"@type":"Article","@id":"https:\/\/buletin.de\/bucuresti\/o-solutie-aplicata-la-strasbourg-care-ar-fi-utila-si-in-bucuresti-transport-public-gratuit-in-zilele-cu-poluare\/#article","isPartOf":{"@id":"https:\/\/buletin.de\/bucuresti\/o-solutie-aplicata-la-strasbourg-care-ar-fi-utila-si-in-bucuresti-transport-public-gratuit-in-zilele-cu-poluare\/"},"author":{"name":"R\u0103zvan Chiru\u021b\u0103","@id":"https:\/\/buletin.de\/bucuresti\/#\/schema\/person\/a76df728dfc913795a9d90e346b253bb"},"headline":"O solu\u021bie aplicat\u0103 la Strasbourg, care ar fi util\u0103 \u0219i \u00een Bucure\u0219ti: transport public gratuit \u00een zilele cu poluare","datePublished":"2025-01-21T10:23:04+00:00","dateModified":"2025-01-21T10:32:47+00:00","mainEntityOfPage":{"@id":"https:\/\/buletin.de\/bucuresti\/o-solutie-aplicata-la-strasbourg-care-ar-fi-utila-si-in-bucuresti-transport-public-gratuit-in-zilele-cu-poluare\/"},"wordCount":526,"publisher":{"@id":"https:\/\/buletin.de\/bucuresti\/#organization"},"image":{"@id":"https:\/\/buletin.de\/bucuresti\/o-solutie-aplicata-la-strasbourg-care-ar-fi-utila-si-in-bucuresti-transport-public-gratuit-in-zilele-cu-poluare\/#primaryimage"},"thumbnailUrl":"https:\/\/buletin.de\/bucuresti\/wp-content\/uploads\/Strasbourg-Tram.jpg","keywords":["bucuresti poluare","pm10","poluare","poluare atmosferica","poluare iarna"],"articleSection":["Articole","Main","Transport"],"inLanguage":"en-GB","copyrightYear":"2025","copyrightHolder":{"@id":"https:\/\/buletin.de\/bucuresti\/#organization"}},{"@type":"WebPage","@id":"https:\/\/buletin.de\/bucuresti\/o-solutie-aplicata-la-strasbourg-care-ar-fi-utila-si-in-bucuresti-transport-public-gratuit-in-zilele-cu-poluare\/","url":"https:\/\/buletin.de\/bucuresti\/o-solutie-aplicata-la-strasbourg-care-ar-fi-utila-si-in-bucuresti-transport-public-gratuit-in-zilele-cu-poluare\/","name":"O solu\u021bie aplicat\u0103 la Strasbourg, care ar fi util\u0103 \u0219i \u00een Bucure\u0219ti: transport public gratuit \u00een zilele cu poluare - Buletin de Bucure\u0219ti","isPartOf":{"@id":"https:\/\/buletin.de\/bucuresti\/#website"},"primaryImageOfPage":{"@id":"https:\/\/buletin.de\/bucuresti\/o-solutie-aplicata-la-strasbourg-care-ar-fi-utila-si-in-bucuresti-transport-public-gratuit-in-zilele-cu-poluare\/#primaryimage"},"image":{"@id":"https:\/\/buletin.de\/bucuresti\/o-solutie-aplicata-la-strasbourg-care-ar-fi-utila-si-in-bucuresti-transport-public-gratuit-in-zilele-cu-poluare\/#primaryimage"},"thumbnailUrl":"https:\/\/buletin.de\/bucuresti\/wp-content\/uploads\/Strasbourg-Tram.jpg","datePublished":"2025-01-21T10:23:04+00:00","dateModified":"2025-01-21T10:32:47+00:00","description":"O solu\u021bie aplicat\u0103 la Strasbourg, care ar fi util\u0103 \u0219i \u00een Bucure\u0219ti: transport public gratuit \u00een zilele cu poluare.","breadcrumb":{"@id":"https:\/\/buletin.de\/bucuresti\/o-solutie-aplicata-la-strasbourg-care-ar-fi-utila-si-in-bucuresti-transport-public-gratuit-in-zilele-cu-poluare\/#breadcrumb"},"inLanguage":"en-GB","potentialAction":[{"@type":"ReadAction","target":["https:\/\/buletin.de\/bucuresti\/o-solutie-aplicata-la-strasbourg-care-ar-fi-utila-si-in-bucuresti-transport-public-gratuit-in-zilele-cu-poluare\/"]}]},{"@type":"ImageObject","inLanguage":"en-GB","@id":"https:\/\/buletin.de\/bucuresti\/o-solutie-aplicata-la-strasbourg-care-ar-fi-utila-si-in-bucuresti-transport-public-gratuit-in-zilele-cu-poluare\/#primaryimage","url":"https:\/\/buletin.de\/bucuresti\/wp-content\/uploads\/Strasbourg-Tram.jpg","contentUrl":"https:\/\/buletin.de\/bucuresti\/wp-content\/uploads\/Strasbourg-Tram.jpg","width":1200,"height":553,"caption":"Transport public gratuit \u00een zilele cu poluare. Foto Wandertoes"},{"@type":"BreadcrumbList","@id":"https:\/\/buletin.de\/bucuresti\/o-solutie-aplicata-la-strasbourg-care-ar-fi-utila-si-in-bucuresti-transport-public-gratuit-in-zilele-cu-poluare\/#breadcrumb","itemListElement":[{"@type":"ListItem","position":1,"name":"Acas\u0103","item":"https:\/\/buletin.de\/bucuresti\/"},{"@type":"ListItem","position":2,"name":"O solu\u021bie aplicat\u0103 la Strasbourg, care ar fi util\u0103 \u0219i \u00een Bucure\u0219ti: transport public gratuit \u00een zilele cu poluare"}]},{"@type":"WebSite","@id":"https:\/\/buletin.de\/bucuresti\/#website","url":"https:\/\/buletin.de\/bucuresti\/","name":"Buletin de Bucure\u0219ti","description":"\u0218tiri \u0219i investiga\u021bii esen\u021biale din capital\u0103","publisher":{"@id":"https:\/\/buletin.de\/bucuresti\/#organization"},"potentialAction":[{"@type":"SearchAction","target":{"@type":"EntryPoint","urlTemplate":"https:\/\/buletin.de\/bucuresti\/?s={search_term_string}"},"query-input":{"@type":"PropertyValueSpecification","valueRequired":true,"valueName":"search_term_string"}}],"inLanguage":"en-GB"},{"@type":"Organization","@id":"https:\/\/buletin.de\/bucuresti\/#organization","name":"Buletin de Bucure\u0219ti","url":"https:\/\/buletin.de\/bucuresti\/","logo":{"@type":"ImageObject","inLanguage":"en-GB","@id":"https:\/\/buletin.de\/bucuresti\/#\/schema\/logo\/image\/","url":"https:\/\/buletin.de\/bucuresti\/wp-content\/uploads\/logo-bdb-full-wide-vernil-transparent.png","contentUrl":"https:\/\/buletin.de\/bucuresti\/wp-content\/uploads\/logo-bdb-full-wide-vernil-transparent.png","width":1782,"height":626,"caption":"Buletin de Bucure\u0219ti"},"image":{"@id":"https:\/\/buletin.de\/bucuresti\/#\/schema\/logo\/image\/"},"sameAs":["https:\/\/www.facebook.com\/buletin.de.buc","https:\/\/www.instagram.com\/buletinde.bucuresti\/"]},{"@type":"Person","@id":"https:\/\/buletin.de\/bucuresti\/#\/schema\/person\/a76df728dfc913795a9d90e346b253bb","name":"R\u0103zvan Chiru\u021b\u0103","image":{"@type":"ImageObject","inLanguage":"en-GB","@id":"https:\/\/buletin.de\/bucuresti\/wp-content\/uploads\/Razvan-Chiruta-96x96.jpge7143b996fd4241fbd6ee1f6b6b7b267","url":"https:\/\/buletin.de\/bucuresti\/wp-content\/uploads\/Razvan-Chiruta-96x96.jpg","contentUrl":"https:\/\/buletin.de\/bucuresti\/wp-content\/uploads\/Razvan-Chiruta-96x96.jpg","caption":"R\u0103zvan Chiru\u021b\u0103"},"description":"R\u0103zvan Chiru\u021b\u0103 este redactor-\u0219ef adjunct din iulie 2024. A fost redactor-\u0219ef al PRESShub \u00eentre 2022 \u0219i iunie 2024. Anterior, a fost redactor-\u0219ef al Newsweek Rom\u00e2nia, din 2018 p\u00e2n\u0103 \u00een 2021, \u0219i al cotidianului Rom\u00e2nia liber\u0103, \u00eentre 2015 \u0219i 2017. Este absolvent de Jurnalism, \u00een cadrul Universit\u0103\u021bii \u201eAl.I.Cuza\u201d din Ia\u0219i, \u0219i a urmat un master \u00een Managementul institu\u021biilor mass-media (f\u0103r\u0103 diserta\u021bie) la Facultatea de Jurnalism \u0219i \u0218tiin\u021bele Comunic\u0103rii din cadrul Universit\u0103\u021bii din Bucure\u0219ti. \u0218i-a \u00eenceput cariera la Opinia studen\u021beasc\u0103, cunoscuta \u0219coal\u0103 de pres\u0103 din Ia\u0219i. A lucrat \u00een presa local\u0103, apoi a devenit corespondent pentru Ia\u0219i al cotidianului Evenimentul Zilei. Din 2004, a coordonat pentru \u0219ase luni sec\u021bia de coresponden\u021bi a Evenimentului Zilei. A mai lucrat la s\u0103pt\u0103m\u00e2nalul Prezent \u0219i a colaborat cu revistele Dilema Veche \u0219i Suplimentul de Cultur\u0103. Este co-autor \u00een volumele \u201eMass-media \u0219i democra\u021bia \u00een Rom\u00e2nia post-comunist\u0103\u201d (ed. a II-a), Ed. Institutul European, Ia\u0219i, 2013, \u0219i \u201eCOVID - 19. Dimensiuni ale gestionarii pandemiei\u201d, Editura Junimea, Ia\u0219i, 2020.","url":"https:\/\/buletin.de\/bucuresti\/author\/razvan-chiruta\/"}]}},"authors":[{"term_id":22582,"user_id":60,"is_guest":0,"slug":"razvan-chiruta","display_name":"R\u0103zvan Chiru\u021b\u0103","avatar_url":"https:\/\/buletin.de\/bucuresti\/wp-content\/uploads\/Razvan-Chiruta-96x96.jpg","0":null,"1":"","2":"","3":"","4":"","5":"","6":"","7":"","8":""}],"_links":{"self":[{"href":"https:\/\/buletin.de\/bucuresti\/wp-json\/wp\/v2\/posts\/115099","targetHints":{"allow":["GET"]}}],"collection":[{"href":"https:\/\/buletin.de\/bucuresti\/wp-json\/wp\/v2\/posts"}],"about":[{"href":"https:\/\/buletin.de\/bucuresti\/wp-json\/wp\/v2\/types\/post"}],"author":[{"embeddable":true,"href":"https:\/\/buletin.de\/bucuresti\/wp-json\/wp\/v2\/users\/60"}],"replies":[{"embeddable":true,"href":"https:\/\/buletin.de\/bucuresti\/wp-json\/wp\/v2\/comments?post=115099"}],"version-history":[{"count":5,"href":"https:\/\/buletin.de\/bucuresti\/wp-json\/wp\/v2\/posts\/115099\/revisions"}],"predecessor-version":[{"id":115110,"href":"https:\/\/buletin.de\/bucuresti\/wp-json\/wp\/v2\/posts\/115099\/revisions\/115110"}],"wp:featuredmedia":[{"embeddable":true,"href":"https:\/\/buletin.de\/bucuresti\/wp-json\/wp\/v2\/media\/115104"}],"wp:attachment":[{"href":"https:\/\/buletin.de\/bucuresti\/wp-json\/wp\/v2\/media?parent=115099"}],"wp:term":[{"taxonomy":"category","embeddable":true,"href":"https:\/\/buletin.de\/bucuresti\/wp-json\/wp\/v2\/categories?post=115099"},{"taxonomy":"post_tag","embeddable":true,"href":"https:\/\/buletin.de\/bucuresti\/wp-json\/wp\/v2\/tags?post=115099"},{"taxonomy":"author","embeddable":true,"href":"https:\/\/buletin.de\/bucuresti\/wp-json\/wp\/v2\/ppma_author?post=115099"}],"curies":[{"name":"wp","href":"https:\/\/api.w.org\/{rel}","templated":true}]}}