{"id":115056,"date":"2025-01-21T14:40:52","date_gmt":"2025-01-21T11:40:52","guid":{"rendered":"https:\/\/buletin.de\/bucuresti\/?p=115056"},"modified":"2025-01-21T18:03:12","modified_gmt":"2025-01-21T15:03:12","slug":"mostenitorii-zonei-retrocedate-a-parcului-ior-raman-anonimi-la-peste-trei-luni-de-la-moartea-mariei-cocoru","status":"publish","type":"post","link":"https:\/\/buletin.de\/bucuresti\/mostenitorii-zonei-retrocedate-a-parcului-ior-raman-anonimi-la-peste-trei-luni-de-la-moartea-mariei-cocoru\/","title":{"rendered":"Mo\u0219tenitorii zonei retrocedate a Parcului IOR r\u0103m\u00e2n anonimi, la peste trei luni de la moartea Mariei Cocoru"},"content":{"rendered":"\n<p><strong>Mo\u0219tenitorii zonei retrocedate a Parcului IOR r\u0103m\u00e2n anonimi<\/strong>, <strong>de\u0219i au trecut peste trei luni de c\u00e2nd Curtea de Apel Bucure\u0219ti a confirmat decesul Mariei Cocoru, proprietara din acte a celor 12 hectare defri\u0219ate \u00eentre timp.<\/strong><\/p>\n\n\n\n<p><strong>Extrasele de carte funciar\u0103 consultate de Buletin de Bucure\u0219ti nu con\u021bin nici o schimbare cu privire la noii proprietari ai terenului. <\/strong><\/p>\n\n\n\n<h2 class=\"wp-block-heading\" id=\"h-mo\u0219tenitorii-zonei-retrocedate-a-parcului-ior-nu-se-grabesc-sa-preia-oficial-terenul\">Mo\u0219tenitorii zonei retrocedate a Parcului IOR nu se gr\u0103besc s\u0103 preia oficial terenul<\/h2>\n\n\n\n<p>Succesiunea averii unei persoane se deschide \u00een momentul decesului acesteia, conform Codului Civil, iar \u201e\u00een lipsa mo\u015ftenitorilor legali sau testamentari, patrimoniul defunctului se transmite comunei, ora\u015fului sau, dup\u0103 caz, municipiului \u00een a c\u0103rui raz\u0103 teritorial\u0103 se aflau bunurile la data deschiderii mo\u015ftenirii\u201d.<\/p>\n\n\n\n<p>Mai mult, articolul 1.137, privind somarea succesibililor, din Codul Civil stabile\u0219te c\u0103: \u201edac\u0103 \u00een termen de un an \u015fi 6 luni de la deschiderea mo\u015ftenirii nu s-a \u00eenf\u0103\u0163i\u015fat niciun succesibil, notarul, la cererea oric\u0103rei persoane interesate, \u00eei va soma pe to\u0163i succesibilii, printr-o publica\u0163ie f\u0103cut\u0103 la locul deschiderii mo\u015ftenirii, la locul unde se afl\u0103 imobilele din patrimoniul succesoral, precum \u015fi \u00eentr-un ziar de larg\u0103 circula\u0163ie, pe cheltuiala mo\u015ftenirii, s\u0103 se \u00eenf\u0103\u0163i\u015feze la biroul s\u0103u \u00een termen de cel mult dou\u0103 luni de la publicare\u201d. <\/p>\n\n\n\n<p>\u00cen acest caz, dac\u0103 totu\u0219i exist\u0103 mo\u0219tenitori, vor fi nevoi\u021bi s\u0103 exercite \u201epeti\u021bia de ereditate \u00eempotriva comunei, ora\u015fului sau, dup\u0103 caz, municipiului\u201d.<\/p>\n\n\n\n<p>Decesul Mariei Cocoru, proprietara terenului retrocedat \u00een Parcul IOR, \u00een v\u00e2rst\u0103 de peste 90 de ani, a fost confirmat de Curtea de Apel Bucure\u0219ti \u00eenc\u0103 din septembrie 2024, scria publica\u021bia <a href=\"https:\/\/www.gandul.ro\/exclusiv\/a-murit-maria-cocoru-proprietara-terenului-retrocedat-din-parcul-ior-cine-mosteneste-averea-impresionanta-si-ce-se-intampla-cu-amenda-de-35-mil-e-20331179?uord=is%3D9j1X6somCI85IMA4vNrNFZXJSylS5liyyuLW9jiIliIyeJqWPMA2GSr2lS%3DShsGezrjg%3Do2DAjvTyoVv7S2iPOA__ObhDNUVSmVC5lyy8iwOyiPf5hYeyJCCTN8gv-rVANEFY\" target=\"_blank\" rel=\"noreferrer noopener\">G\u00e2ndul<\/a> \u00een urm\u0103 cu c\u00e2teva luni. <\/p>\n\n\n\n<p><strong>Maria Cocoru a fost m\u0103tu\u0219a lui Petric\u0103 B\u0103jenaru, conform G\u00e2ndul, personajul este numit de presa tabloid\u0103 drept \u201eunul dintre greii retroced\u0103rilor\u201d.<\/strong> De\u0219i ea a devenit proprietarul celor 12 hectare \u00een jurul c\u0103rora sunt numeroase controverse, Maria Cocoru nu a ap\u0103rut niciodat\u0103 \u00een public.<\/p>\n\n\n\n<figure class=\"wp-block-image size-large\"><img fetchpriority=\"high\" decoding=\"async\" width=\"900\" height=\"473\" src=\"data:image\/gif;base64,R0lGODlhAQABAAAAACH5BAEKAAEALAAAAAABAAEAAAICTAEAOw==\" data-src=\"https:\/\/buletin.de\/bucuresti\/wp-content\/uploads\/Extrasele-de-carte-funciara-900x473.png\" alt=\"Extrasele de carte funciar\u0103\" class=\"wp-image-115125 lazyload\" data-sizes=\"auto\" data-srcset=\"https:\/\/buletin.de\/bucuresti\/wp-content\/uploads\/Extrasele-de-carte-funciara-900x473.png 900w, https:\/\/buletin.de\/bucuresti\/wp-content\/uploads\/Extrasele-de-carte-funciara-300x158.png 300w, https:\/\/buletin.de\/bucuresti\/wp-content\/uploads\/Extrasele-de-carte-funciara-768x404.png 768w, https:\/\/buletin.de\/bucuresti\/wp-content\/uploads\/Extrasele-de-carte-funciara-1536x808.png 1536w, https:\/\/buletin.de\/bucuresti\/wp-content\/uploads\/Extrasele-de-carte-funciara-1600x842.png 1600w, https:\/\/buletin.de\/bucuresti\/wp-content\/uploads\/Extrasele-de-carte-funciara-1100x579.png 1100w, https:\/\/buletin.de\/bucuresti\/wp-content\/uploads\/Extrasele-de-carte-funciara-600x316.png 600w, https:\/\/buletin.de\/bucuresti\/wp-content\/uploads\/Extrasele-de-carte-funciara-20x11.png 20w, https:\/\/buletin.de\/bucuresti\/wp-content\/uploads\/Extrasele-de-carte-funciara.png 1650w\" sizes=\"(max-width: 900px) 100vw, 900px\" \/><figcaption class=\"wp-element-caption\">Extrasele de carte funciar\u0103 o men\u021bioneaz\u0103 tot pe Maria Cocoru la proprietari<\/figcaption><\/figure>\n\n\n\n<p><strong>CITE\u0218TE \u0218I:<\/strong> <strong><a href=\"https:\/\/buletin.de\/bucuresti\/zona-retrocedata-din-ior-este-trecuta-ca-spatiu-verde-intr-un-registru-al-primariei-generale-dar-care-nu-are-valoare-juridica\/\" target=\"_blank\" rel=\"noreferrer noopener\">Zona retrocedat\u0103 din IOR este trecut\u0103 ca spa\u0163iu verde \u00eentr-un registru al Prim\u0103riei Generale, dar care nu are valoare\u00a0juridic\u0103<\/a><\/strong><\/p>\n\n\n\n<h2 class=\"wp-block-heading\" id=\"h-scurt-istoric-al-zonei-retrocedate\"><strong>Scurt istoric al zonei retrocedate<\/strong><\/h2>\n\n\n\n<p>De\u0219i denumirea oficial\u0103 a parcului este \u201eAlexandru Ioan Cuza\u201d, bucure\u0219tenii \u00eei spun IOR, de la numele fabricii \u201e\u00centreprinderea Optic\u0103 Rom\u00e2n\u0103\u201d, care se afla \u00een imediata vecin\u0103tate a parcului.<\/p>\n\n\n\n<p><strong>\u00cen anul 2005, primarul general Adrian Videanu a retrocedat cele aproximativ 12 hectare din Parcul IOR, prin dispozi\u021biile nr. 4333\/2005 \u015fi 4334 \/2005, conform <a href=\"https:\/\/adevarul.ro\/stiri-locale\/bucuresti\/un-sfert-din-parcul-ior-retrocedat-de-adriean-1425066.html.\" target=\"_blank\" rel=\"noreferrer noopener\">Adev\u0103rul<\/a>. <\/strong>Comisia din PMB \u00een care s-a decis acest lucru a fost condus\u0103 de viceprimarul de la acea vreme, Ludovic Orban.<\/p>\n\n\n\n<p>Maria Cocoru a primit terenul cuprins \u00eentre bulevardele Liviu Rebreanu, Nicolae Grigorescu, Constantin Br\u00e2ncu\u0219i \u0219i malul lacului.<\/p>\n\n\n\n<p>De fapt, primul proprietar al acestui teren de 12 hectare ar fi fost un b\u0103rbat care la acea vreme avea v\u00e2rsta de 91 de ani. La scurt timp, acesta i-ar fi cedat drepturile litigioase Mariei Cocoru, scrie G\u00e2ndul.<\/p>\n\n\n\n<p><strong>\u00cen 2012, Prim\u0103ria Sectorului 3 a atacat titlul de proprietate \u015fi punerea \u00een posesie pentru cele circa 12 hectare retrocedate \u00een Parcul IOR.<\/strong><\/p>\n\n\n\n<p>Primul protest al locuitorilor din zon\u0103 a avut loc \u00een anul 2013. Ei cereau ca zona de parc retrocedat\u0103 s\u0103 nu fie transformat\u0103 \u00eentr-un \u015fantier.<\/p>\n\n\n\n<p><strong>Din 2019, parcul a fost sistematic distrus prin otr\u0103viri de arbori, nenum\u0103rate incendii, \u0219i defri\u0219\u0103ri ilegale.<\/strong><\/p>\n\n\n\n<figure class=\"wp-block-image size-full\"><a href=\"https:\/\/buletin.de\/bucuresti\/wp-content\/uploads\/ior-643.jpg\"><img decoding=\"async\" width=\"1600\" height=\"1200\" src=\"data:image\/gif;base64,R0lGODlhAQABAAAAACH5BAEKAAEALAAAAAABAAEAAAICTAEAOw==\" data-src=\"https:\/\/buletin.de\/bucuresti\/wp-content\/uploads\/ior-643.jpg\" alt=\"Mo\u0219tenitorii zonei retrocedate a Parcului IOR\" class=\"wp-image-115088 lazyload\" data-sizes=\"auto\" data-srcset=\"https:\/\/buletin.de\/bucuresti\/wp-content\/uploads\/ior-643.jpg 1600w, https:\/\/buletin.de\/bucuresti\/wp-content\/uploads\/ior-643-300x225.jpg 300w, https:\/\/buletin.de\/bucuresti\/wp-content\/uploads\/ior-643-900x675.jpg 900w, https:\/\/buletin.de\/bucuresti\/wp-content\/uploads\/ior-643-768x576.jpg 768w, https:\/\/buletin.de\/bucuresti\/wp-content\/uploads\/ior-643-1536x1152.jpg 1536w, https:\/\/buletin.de\/bucuresti\/wp-content\/uploads\/ior-643-1100x825.jpg 1100w, https:\/\/buletin.de\/bucuresti\/wp-content\/uploads\/ior-643-600x450.jpg 600w, https:\/\/buletin.de\/bucuresti\/wp-content\/uploads\/ior-643-20x15.jpg 20w\" sizes=\"(max-width: 1600px) 100vw, 1600px\" \/><\/a><figcaption class=\"wp-element-caption\">Mo\u0219tenitorii zonei retrocedate a Parcului IOR vor primi o suprafa\u021b\u0103 gata defri\u0219at\u0103<\/figcaption><\/figure>\n\n\n\n<p><strong>\u00cen acela\u0219i an, Curtea de Apel Bucure\u0219ti a decis c\u0103 cele 12 hectare au fost retrocedate ilegal \u00een 2005 de c\u0103tre prim\u0103ria condus\u0103 de Adriean Videanu \u0219i a anulat hot\u0103r\u00e2rile de Consiliu General prin care s-a decis acest lucru.<\/strong><\/p>\n\n\n\n<p>\u00cen 2020, \u00cenalta Curte de Casa\u021bie \u0219i Justi\u021bie (\u00ceCCJ) a decis retrimiterea dosarului pentru rejudecare. <strong>Nu doar proprietarii au atacat decizia Cur\u021bii de Apel, ci \u0219i fostul primar al Capitalei, Gabriela Firea, na\u0219a lui Robert Negoi\u021b\u0103, conform <a href=\"https:\/\/hotnews.ro\/dupa-8-ani-de-procese-situatia-celor-12-hectare-retrocedate-n-parcul-ior-ramne-incerta-nalta-curte-a-decis-rejudecarea-dosarului-prin-care-parcul-se-putea-ntoarce-icir-226803\">HotNews<\/a>.<\/strong><\/p>\n\n\n\n<p><strong>Doi ani mai t\u00e2rziu, Prim\u0103ria Sectorului 3 a pierdut definitiv procesul \u00een care a contestat titul de proprietate. Decizia a fost pronun\u021bat\u0103 de instan\u021ba suprem\u0103 dup\u0103 10 ani de procese \u00een care prim\u0103ria nu a putut demonstra c\u0103 acolo este parc.<\/strong><\/p>\n\n\n\n<p>Nicu\u0219or Dan a anun\u021bat, \u00een 2023, c\u0103 Poli\u0163ia Local\u0103 a Capitalei a amendat cu 35 de milioane de euro proprietarului terenului.<\/p>\n\n\n\n<p>\u00cen octombrie 2024, Curtea de Apel Bucure\u0219ti a confirmat decesul Mariei Cocoru.<\/p>\n\n\n\n<p>Actualul edil a precizat c\u0103, \u00een cazul \u00een care nu exist\u0103 c\u0103i juridice pentru a recupera terenul, va recurge la expropriere.<\/p>\n\n\n\n<h2 class=\"wp-block-heading\" id=\"h-ce-s-a-intamplat-cu-amenda-de-35-de-milioane-de-euro\"><strong>Ce s-a \u00eent\u00e2mplat cu amenda de 35 de milioane de euro<\/strong><\/h2>\n\n\n\n<p><strong>Maria Cocoru a primit amenda de 35 de milioane de euro pentru faptul c\u0103, pe aproape 9.000 de metri p\u0103tra\u0163i, a fost efectiv ras spa\u0163iul verde.<\/strong><\/p>\n\n\n\n<p><strong>Amenda a fost dat\u0103 de Poli\u021bia Local\u0103 a Municipiului Bucure\u0219ti (PLMB) pentru iarba distrus\u0103, copacii dezr\u0103d\u0103cina\u0163i \u015fi apoi nivelarea cu buldozerul.<\/strong><\/p>\n\n\n\n<p>Maria Cocoru a contestat amenda \u00een instan\u021b\u0103, \u00eentre timp a decedat, iar PLMB a transmis, pentru Buletin de Bucure\u0219ti, c\u0103\u00a0la un an de c\u00e2nd femeia a fost amendat\u0103 cu 35 de milioane de euro, procesul este \u00eenc\u0103 \u201e\u00een curs de judecat\u0103\u201d.<\/p>\n\n\n\n<p>Maria Cocoru era intimat p\u00e2r\u00e2t \u0219i \u00eentr-un dosar civil care avea ca obiect constatarea nulit\u0103\u021bii unui act juridic. Partea reclamant\u0103 \u00een dosar este Agen\u021bia Na\u021bional\u0103 pentru Zootehnie \u201eProf. Dr. G. K. Constantinescu\u201d.<\/p>\n\n\n\n<p>Decizia magistra\u021bilor de la Curtea de Apel Bucure\u0219ti, \u201eirevocabil\u0103\u201d, arat\u0103 c\u0103 instan\u021ba nu mai poate continua judecata \u00een acest dosar p\u00e2n\u0103 c\u00e2nd nu se certific\u0103 cine sunt mo\u0219tenitorii Mariei Cocoru.<\/p>\n\n\n\n<p>\u201e\u00cen baza art. 243 alin. 1 pct. 1 Vechiul Cod de procedur\u0103 civil\u0103, suspend\u0103 judecata ca urmare a decesului intimatei Cocoru Maria, p\u00e2n\u0103 la introducerea \u00een cauz\u0103 a mo\u0219tenitorilor. Irevocabil\u0103\u201d, au decis magistra\u021bii Cur\u021bii de Apel Bucure\u0219ti.<\/p>\n\n\n\n<p><strong>CITE\u0218TE \u0218I:<\/strong> <strong><a href=\"https:\/\/buletin.de\/bucuresti\/nicusor-dan-anunta-noi-amenzi-pentru-taierile-ilegale-din-parcul-ior-cea-de-35-de-milioane-de-euro-este-inca-in-curs-de-judecata\/\" target=\"_blank\" rel=\"noreferrer noopener\">Nicu\u0219or Dan anun\u021b\u0103 noi amenzi pentru t\u0103ierile ilegale din Parcul IOR. Cea de 35 de milioane de euro este \u00eenc\u0103 \u201e\u00een curs de judecat\u0103\u201d<\/a><\/strong><\/p>\n","protected":false},"excerpt":{"rendered":"<p>Mo\u0219tenitorii zonei retrocedate a Parcului IOR r\u0103m\u00e2n anonimi, de\u0219i au trecut peste trei luni de c\u00e2nd Curtea de Apel Bucure\u0219ti a confirmat decesul Mariei Cocoru, proprietara din acte a celor 12 hectare defri\u0219ate \u00eentre timp. Extrasele de carte funciar\u0103 consultate de Buletin de Bucure\u0219ti nu con\u021bin nici o schimbare cu privire la noii proprietari ai [&hellip;]<\/p>\n","protected":false},"author":59,"featured_media":115085,"comment_status":"closed","ping_status":"open","sticky":false,"template":"","format":"standard","meta":{"_acf_changed":false,"inline_featured_image":false,"ngg_post_thumbnail":0,"footnotes":""},"categories":[6994,5762,109],"tags":[9,5726,7583,18547,6660],"ppma_author":[22572],"class_list":["post-115056","post","type-post","status-publish","format-standard","has-post-thumbnail","hentry","category-stiri-2","category-main","category-mediu","tag-bucuresti","tag-ior","tag-maria-cocoru","tag-mostenitor","tag-zona-retrocedata"],"acf":[],"yoast_head":"<!-- This site is optimized with the Yoast SEO Premium plugin v25.3 (Yoast SEO v27.4) - https:\/\/yoast.com\/product\/yoast-seo-premium-wordpress\/ -->\n<title>Mo\u0219tenitorii zonei retrocedate a Parcului IOR r\u0103m\u00e2n anonimi, la peste trei luni de la moartea Mariei Cocoru - Buletin de Bucure\u0219ti<\/title>\n<meta name=\"description\" content=\"Mo\u0219tenitorii zonei retrocedate a Parcului IOR r\u0103m\u00e2n anonimi, de\u0219i au trecut peste trei luni de c\u00e2nd a fost confirmat decesul Mariei Cocoru.\" \/>\n<meta name=\"robots\" content=\"index, follow, max-snippet:-1, max-image-preview:large, max-video-preview:-1\" \/>\n<link rel=\"canonical\" href=\"https:\/\/buletin.de\/bucuresti\/mostenitorii-zonei-retrocedate-a-parcului-ior-raman-anonimi-la-peste-trei-luni-de-la-moartea-mariei-cocoru\/\" \/>\n<meta property=\"og:locale\" content=\"en_GB\" \/>\n<meta property=\"og:type\" content=\"article\" \/>\n<meta property=\"og:title\" content=\"Mo\u0219tenitorii zonei retrocedate a Parcului IOR r\u0103m\u00e2n anonimi, la peste trei luni de la moartea Mariei Cocoru\" \/>\n<meta property=\"og:description\" content=\"Mo\u0219tenitorii zonei retrocedate a Parcului IOR r\u0103m\u00e2n anonimi, de\u0219i au trecut peste trei luni de c\u00e2nd a fost confirmat decesul Mariei Cocoru.\" \/>\n<meta property=\"og:url\" content=\"https:\/\/buletin.de\/bucuresti\/mostenitorii-zonei-retrocedate-a-parcului-ior-raman-anonimi-la-peste-trei-luni-de-la-moartea-mariei-cocoru\/\" \/>\n<meta property=\"og:site_name\" content=\"Buletin de Bucure\u0219ti\" \/>\n<meta property=\"article:publisher\" content=\"https:\/\/www.facebook.com\/buletin.de.buc\" \/>\n<meta property=\"article:published_time\" content=\"2025-01-21T11:40:52+00:00\" \/>\n<meta property=\"article:modified_time\" content=\"2025-01-21T15:03:12+00:00\" \/>\n<meta property=\"og:image\" content=\"https:\/\/buletin.de\/bucuresti\/wp-content\/uploads\/ior-231.jpg\" \/>\n\t<meta property=\"og:image:width\" content=\"2000\" \/>\n\t<meta property=\"og:image:height\" content=\"1125\" \/>\n\t<meta property=\"og:image:type\" content=\"image\/jpeg\" \/>\n<meta name=\"author\" content=\"C\u0103t\u0103lin Anghel-Dimache\" \/>\n<meta name=\"twitter:card\" content=\"summary_large_image\" \/>\n<meta name=\"twitter:label1\" content=\"Written by\" \/>\n\t<meta name=\"twitter:data1\" content=\"C\u0103t\u0103lin Anghel-Dimache\" \/>\n\t<meta name=\"twitter:label2\" content=\"Estimated reading time\" \/>\n\t<meta name=\"twitter:data2\" content=\"5 minutes\" \/>\n<script type=\"application\/ld+json\" class=\"yoast-schema-graph\">{\"@context\":\"https:\\\/\\\/schema.org\",\"@graph\":[{\"@type\":\"Article\",\"@id\":\"https:\\\/\\\/buletin.de\\\/bucuresti\\\/mostenitorii-zonei-retrocedate-a-parcului-ior-raman-anonimi-la-peste-trei-luni-de-la-moartea-mariei-cocoru\\\/#article\",\"isPartOf\":{\"@id\":\"https:\\\/\\\/buletin.de\\\/bucuresti\\\/mostenitorii-zonei-retrocedate-a-parcului-ior-raman-anonimi-la-peste-trei-luni-de-la-moartea-mariei-cocoru\\\/\"},\"author\":{\"name\":\"C\u0103t\u0103lin Anghel-Dimache\",\"@id\":\"https:\\\/\\\/buletin.de\\\/bucuresti\\\/#\\\/schema\\\/person\\\/0ac9db30080482be87c7386a30f98796\"},\"headline\":\"Mo\u0219tenitorii zonei retrocedate a Parcului IOR r\u0103m\u00e2n anonimi, la peste trei luni de la moartea Mariei Cocoru\",\"datePublished\":\"2025-01-21T11:40:52+00:00\",\"dateModified\":\"2025-01-21T15:03:12+00:00\",\"mainEntityOfPage\":{\"@id\":\"https:\\\/\\\/buletin.de\\\/bucuresti\\\/mostenitorii-zonei-retrocedate-a-parcului-ior-raman-anonimi-la-peste-trei-luni-de-la-moartea-mariei-cocoru\\\/\"},\"wordCount\":1040,\"publisher\":{\"@id\":\"https:\\\/\\\/buletin.de\\\/bucuresti\\\/#organization\"},\"image\":{\"@id\":\"https:\\\/\\\/buletin.de\\\/bucuresti\\\/mostenitorii-zonei-retrocedate-a-parcului-ior-raman-anonimi-la-peste-trei-luni-de-la-moartea-mariei-cocoru\\\/#primaryimage\"},\"thumbnailUrl\":\"https:\\\/\\\/buletin.de\\\/bucuresti\\\/wp-content\\\/uploads\\\/ior-231.jpg\",\"keywords\":[\"bucuresti\",\"IOR\",\"maria cocoru\",\"mostenitor\",\"zona retrocedata\"],\"articleSection\":[\"Articole\",\"Main\",\"Mediu\"],\"inLanguage\":\"en-GB\",\"copyrightYear\":\"2025\",\"copyrightHolder\":{\"@id\":\"https:\\\/\\\/buletin.de\\\/bucuresti\\\/#organization\"}},{\"@type\":\"WebPage\",\"@id\":\"https:\\\/\\\/buletin.de\\\/bucuresti\\\/mostenitorii-zonei-retrocedate-a-parcului-ior-raman-anonimi-la-peste-trei-luni-de-la-moartea-mariei-cocoru\\\/\",\"url\":\"https:\\\/\\\/buletin.de\\\/bucuresti\\\/mostenitorii-zonei-retrocedate-a-parcului-ior-raman-anonimi-la-peste-trei-luni-de-la-moartea-mariei-cocoru\\\/\",\"name\":\"Mo\u0219tenitorii zonei retrocedate a Parcului IOR r\u0103m\u00e2n anonimi, la peste trei luni de la moartea Mariei Cocoru - Buletin de Bucure\u0219ti\",\"isPartOf\":{\"@id\":\"https:\\\/\\\/buletin.de\\\/bucuresti\\\/#website\"},\"primaryImageOfPage\":{\"@id\":\"https:\\\/\\\/buletin.de\\\/bucuresti\\\/mostenitorii-zonei-retrocedate-a-parcului-ior-raman-anonimi-la-peste-trei-luni-de-la-moartea-mariei-cocoru\\\/#primaryimage\"},\"image\":{\"@id\":\"https:\\\/\\\/buletin.de\\\/bucuresti\\\/mostenitorii-zonei-retrocedate-a-parcului-ior-raman-anonimi-la-peste-trei-luni-de-la-moartea-mariei-cocoru\\\/#primaryimage\"},\"thumbnailUrl\":\"https:\\\/\\\/buletin.de\\\/bucuresti\\\/wp-content\\\/uploads\\\/ior-231.jpg\",\"datePublished\":\"2025-01-21T11:40:52+00:00\",\"dateModified\":\"2025-01-21T15:03:12+00:00\",\"description\":\"Mo\u0219tenitorii zonei retrocedate a Parcului IOR r\u0103m\u00e2n anonimi, de\u0219i au trecut peste trei luni de c\u00e2nd a fost confirmat decesul Mariei Cocoru.\",\"breadcrumb\":{\"@id\":\"https:\\\/\\\/buletin.de\\\/bucuresti\\\/mostenitorii-zonei-retrocedate-a-parcului-ior-raman-anonimi-la-peste-trei-luni-de-la-moartea-mariei-cocoru\\\/#breadcrumb\"},\"inLanguage\":\"en-GB\",\"potentialAction\":[{\"@type\":\"ReadAction\",\"target\":[\"https:\\\/\\\/buletin.de\\\/bucuresti\\\/mostenitorii-zonei-retrocedate-a-parcului-ior-raman-anonimi-la-peste-trei-luni-de-la-moartea-mariei-cocoru\\\/\"]}]},{\"@type\":\"ImageObject\",\"inLanguage\":\"en-GB\",\"@id\":\"https:\\\/\\\/buletin.de\\\/bucuresti\\\/mostenitorii-zonei-retrocedate-a-parcului-ior-raman-anonimi-la-peste-trei-luni-de-la-moartea-mariei-cocoru\\\/#primaryimage\",\"url\":\"https:\\\/\\\/buletin.de\\\/bucuresti\\\/wp-content\\\/uploads\\\/ior-231.jpg\",\"contentUrl\":\"https:\\\/\\\/buletin.de\\\/bucuresti\\\/wp-content\\\/uploads\\\/ior-231.jpg\",\"width\":2000,\"height\":1125,\"caption\":\"Zona retrocedat\u0103 a Parcului IOR, f\u0103r\u0103 \u201emo\u015ftenitor\u201d, la mai bine de trei luni de la moartea Mariei Cocoru. FOTO: C\u0103t\u0103lin Anghel-Dimache\"},{\"@type\":\"BreadcrumbList\",\"@id\":\"https:\\\/\\\/buletin.de\\\/bucuresti\\\/mostenitorii-zonei-retrocedate-a-parcului-ior-raman-anonimi-la-peste-trei-luni-de-la-moartea-mariei-cocoru\\\/#breadcrumb\",\"itemListElement\":[{\"@type\":\"ListItem\",\"position\":1,\"name\":\"Acas\u0103\",\"item\":\"https:\\\/\\\/buletin.de\\\/bucuresti\\\/\"},{\"@type\":\"ListItem\",\"position\":2,\"name\":\"Mo\u0219tenitorii zonei retrocedate a Parcului IOR r\u0103m\u00e2n anonimi, la peste trei luni de la moartea Mariei Cocoru\"}]},{\"@type\":\"WebSite\",\"@id\":\"https:\\\/\\\/buletin.de\\\/bucuresti\\\/#website\",\"url\":\"https:\\\/\\\/buletin.de\\\/bucuresti\\\/\",\"name\":\"Buletin de Bucure\u0219ti\",\"description\":\"\u0218tiri \u0219i investiga\u021bii esen\u021biale din capital\u0103\",\"publisher\":{\"@id\":\"https:\\\/\\\/buletin.de\\\/bucuresti\\\/#organization\"},\"potentialAction\":[{\"@type\":\"SearchAction\",\"target\":{\"@type\":\"EntryPoint\",\"urlTemplate\":\"https:\\\/\\\/buletin.de\\\/bucuresti\\\/?s={search_term_string}\"},\"query-input\":{\"@type\":\"PropertyValueSpecification\",\"valueRequired\":true,\"valueName\":\"search_term_string\"}}],\"inLanguage\":\"en-GB\"},{\"@type\":\"Organization\",\"@id\":\"https:\\\/\\\/buletin.de\\\/bucuresti\\\/#organization\",\"name\":\"Buletin de Bucure\u0219ti\",\"url\":\"https:\\\/\\\/buletin.de\\\/bucuresti\\\/\",\"logo\":{\"@type\":\"ImageObject\",\"inLanguage\":\"en-GB\",\"@id\":\"https:\\\/\\\/buletin.de\\\/bucuresti\\\/#\\\/schema\\\/logo\\\/image\\\/\",\"url\":\"https:\\\/\\\/buletin.de\\\/bucuresti\\\/wp-content\\\/uploads\\\/logo-bdb-full-wide-vernil-transparent.png\",\"contentUrl\":\"https:\\\/\\\/buletin.de\\\/bucuresti\\\/wp-content\\\/uploads\\\/logo-bdb-full-wide-vernil-transparent.png\",\"width\":1782,\"height\":626,\"caption\":\"Buletin de Bucure\u0219ti\"},\"image\":{\"@id\":\"https:\\\/\\\/buletin.de\\\/bucuresti\\\/#\\\/schema\\\/logo\\\/image\\\/\"},\"sameAs\":[\"https:\\\/\\\/www.facebook.com\\\/buletin.de.buc\",\"https:\\\/\\\/www.instagram.com\\\/buletinde.bucuresti\\\/\"]},{\"@type\":\"Person\",\"@id\":\"https:\\\/\\\/buletin.de\\\/bucuresti\\\/#\\\/schema\\\/person\\\/0ac9db30080482be87c7386a30f98796\",\"name\":\"C\u0103t\u0103lin Anghel-Dimache\",\"image\":{\"@type\":\"ImageObject\",\"inLanguage\":\"en-GB\",\"@id\":\"https:\\\/\\\/buletin.de\\\/bucuresti\\\/wp-content\\\/uploads\\\/Catalin-Anghel-Dimache-96x96.jpgbd9e43c5b25186d5b8e917ac61ad86c4\",\"url\":\"https:\\\/\\\/buletin.de\\\/bucuresti\\\/wp-content\\\/uploads\\\/Catalin-Anghel-Dimache-96x96.jpg\",\"contentUrl\":\"https:\\\/\\\/buletin.de\\\/bucuresti\\\/wp-content\\\/uploads\\\/Catalin-Anghel-Dimache-96x96.jpg\",\"caption\":\"C\u0103t\u0103lin Anghel-Dimache\"},\"description\":\"A absolvit Facultatea de Jurnalism \u0219i \u0218tiin\u021bele Comunic\u0103rii a Universit\u0103\u021bii din Bucure\u0219ti \u00een 2024. Scrie despre mediu \u0219i teme sociale, dar \u0219i despre cum se reflect\u0103 ele \u00een via\u021ba cotidian\u0103 a bucure\u0219tenilor, cu un ochi atent la pove\u0219tile personale din spatele titlurilor. N\u0103scut \u0219i crescut \u00een Bucure\u0219ti, a f\u0103cut un pas c\u0103tre presa local\u0103, din pasiune pentru ora\u0219ul s\u0103u \u0219i oamenii din el.\",\"url\":\"https:\\\/\\\/buletin.de\\\/bucuresti\\\/author\\\/catalin-anghel-dimache\\\/\"}]}<\/script>\n<!-- \/ Yoast SEO Premium plugin. -->","yoast_head_json":{"title":"Mo\u0219tenitorii zonei retrocedate a Parcului IOR r\u0103m\u00e2n anonimi, la peste trei luni de la moartea Mariei Cocoru - Buletin de Bucure\u0219ti","description":"Mo\u0219tenitorii zonei retrocedate a Parcului IOR r\u0103m\u00e2n anonimi, de\u0219i au trecut peste trei luni de c\u00e2nd a fost confirmat decesul Mariei Cocoru.","robots":{"index":"index","follow":"follow","max-snippet":"max-snippet:-1","max-image-preview":"max-image-preview:large","max-video-preview":"max-video-preview:-1"},"canonical":"https:\/\/buletin.de\/bucuresti\/mostenitorii-zonei-retrocedate-a-parcului-ior-raman-anonimi-la-peste-trei-luni-de-la-moartea-mariei-cocoru\/","og_locale":"en_GB","og_type":"article","og_title":"Mo\u0219tenitorii zonei retrocedate a Parcului IOR r\u0103m\u00e2n anonimi, la peste trei luni de la moartea Mariei Cocoru","og_description":"Mo\u0219tenitorii zonei retrocedate a Parcului IOR r\u0103m\u00e2n anonimi, de\u0219i au trecut peste trei luni de c\u00e2nd a fost confirmat decesul Mariei Cocoru.","og_url":"https:\/\/buletin.de\/bucuresti\/mostenitorii-zonei-retrocedate-a-parcului-ior-raman-anonimi-la-peste-trei-luni-de-la-moartea-mariei-cocoru\/","og_site_name":"Buletin de Bucure\u0219ti","article_publisher":"https:\/\/www.facebook.com\/buletin.de.buc","article_published_time":"2025-01-21T11:40:52+00:00","article_modified_time":"2025-01-21T15:03:12+00:00","og_image":[{"width":2000,"height":1125,"url":"https:\/\/buletin.de\/bucuresti\/wp-content\/uploads\/ior-231.jpg","type":"image\/jpeg"}],"author":"C\u0103t\u0103lin Anghel-Dimache","twitter_card":"summary_large_image","twitter_misc":{"Written by":"C\u0103t\u0103lin Anghel-Dimache","Estimated reading time":"5 minutes"},"schema":{"@context":"https:\/\/schema.org","@graph":[{"@type":"Article","@id":"https:\/\/buletin.de\/bucuresti\/mostenitorii-zonei-retrocedate-a-parcului-ior-raman-anonimi-la-peste-trei-luni-de-la-moartea-mariei-cocoru\/#article","isPartOf":{"@id":"https:\/\/buletin.de\/bucuresti\/mostenitorii-zonei-retrocedate-a-parcului-ior-raman-anonimi-la-peste-trei-luni-de-la-moartea-mariei-cocoru\/"},"author":{"name":"C\u0103t\u0103lin Anghel-Dimache","@id":"https:\/\/buletin.de\/bucuresti\/#\/schema\/person\/0ac9db30080482be87c7386a30f98796"},"headline":"Mo\u0219tenitorii zonei retrocedate a Parcului IOR r\u0103m\u00e2n anonimi, la peste trei luni de la moartea Mariei Cocoru","datePublished":"2025-01-21T11:40:52+00:00","dateModified":"2025-01-21T15:03:12+00:00","mainEntityOfPage":{"@id":"https:\/\/buletin.de\/bucuresti\/mostenitorii-zonei-retrocedate-a-parcului-ior-raman-anonimi-la-peste-trei-luni-de-la-moartea-mariei-cocoru\/"},"wordCount":1040,"publisher":{"@id":"https:\/\/buletin.de\/bucuresti\/#organization"},"image":{"@id":"https:\/\/buletin.de\/bucuresti\/mostenitorii-zonei-retrocedate-a-parcului-ior-raman-anonimi-la-peste-trei-luni-de-la-moartea-mariei-cocoru\/#primaryimage"},"thumbnailUrl":"https:\/\/buletin.de\/bucuresti\/wp-content\/uploads\/ior-231.jpg","keywords":["bucuresti","IOR","maria cocoru","mostenitor","zona retrocedata"],"articleSection":["Articole","Main","Mediu"],"inLanguage":"en-GB","copyrightYear":"2025","copyrightHolder":{"@id":"https:\/\/buletin.de\/bucuresti\/#organization"}},{"@type":"WebPage","@id":"https:\/\/buletin.de\/bucuresti\/mostenitorii-zonei-retrocedate-a-parcului-ior-raman-anonimi-la-peste-trei-luni-de-la-moartea-mariei-cocoru\/","url":"https:\/\/buletin.de\/bucuresti\/mostenitorii-zonei-retrocedate-a-parcului-ior-raman-anonimi-la-peste-trei-luni-de-la-moartea-mariei-cocoru\/","name":"Mo\u0219tenitorii zonei retrocedate a Parcului IOR r\u0103m\u00e2n anonimi, la peste trei luni de la moartea Mariei Cocoru - Buletin de Bucure\u0219ti","isPartOf":{"@id":"https:\/\/buletin.de\/bucuresti\/#website"},"primaryImageOfPage":{"@id":"https:\/\/buletin.de\/bucuresti\/mostenitorii-zonei-retrocedate-a-parcului-ior-raman-anonimi-la-peste-trei-luni-de-la-moartea-mariei-cocoru\/#primaryimage"},"image":{"@id":"https:\/\/buletin.de\/bucuresti\/mostenitorii-zonei-retrocedate-a-parcului-ior-raman-anonimi-la-peste-trei-luni-de-la-moartea-mariei-cocoru\/#primaryimage"},"thumbnailUrl":"https:\/\/buletin.de\/bucuresti\/wp-content\/uploads\/ior-231.jpg","datePublished":"2025-01-21T11:40:52+00:00","dateModified":"2025-01-21T15:03:12+00:00","description":"Mo\u0219tenitorii zonei retrocedate a Parcului IOR r\u0103m\u00e2n anonimi, de\u0219i au trecut peste trei luni de c\u00e2nd a fost confirmat decesul Mariei Cocoru.","breadcrumb":{"@id":"https:\/\/buletin.de\/bucuresti\/mostenitorii-zonei-retrocedate-a-parcului-ior-raman-anonimi-la-peste-trei-luni-de-la-moartea-mariei-cocoru\/#breadcrumb"},"inLanguage":"en-GB","potentialAction":[{"@type":"ReadAction","target":["https:\/\/buletin.de\/bucuresti\/mostenitorii-zonei-retrocedate-a-parcului-ior-raman-anonimi-la-peste-trei-luni-de-la-moartea-mariei-cocoru\/"]}]},{"@type":"ImageObject","inLanguage":"en-GB","@id":"https:\/\/buletin.de\/bucuresti\/mostenitorii-zonei-retrocedate-a-parcului-ior-raman-anonimi-la-peste-trei-luni-de-la-moartea-mariei-cocoru\/#primaryimage","url":"https:\/\/buletin.de\/bucuresti\/wp-content\/uploads\/ior-231.jpg","contentUrl":"https:\/\/buletin.de\/bucuresti\/wp-content\/uploads\/ior-231.jpg","width":2000,"height":1125,"caption":"Zona retrocedat\u0103 a Parcului IOR, f\u0103r\u0103 \u201emo\u015ftenitor\u201d, la mai bine de trei luni de la moartea Mariei Cocoru. FOTO: C\u0103t\u0103lin Anghel-Dimache"},{"@type":"BreadcrumbList","@id":"https:\/\/buletin.de\/bucuresti\/mostenitorii-zonei-retrocedate-a-parcului-ior-raman-anonimi-la-peste-trei-luni-de-la-moartea-mariei-cocoru\/#breadcrumb","itemListElement":[{"@type":"ListItem","position":1,"name":"Acas\u0103","item":"https:\/\/buletin.de\/bucuresti\/"},{"@type":"ListItem","position":2,"name":"Mo\u0219tenitorii zonei retrocedate a Parcului IOR r\u0103m\u00e2n anonimi, la peste trei luni de la moartea Mariei Cocoru"}]},{"@type":"WebSite","@id":"https:\/\/buletin.de\/bucuresti\/#website","url":"https:\/\/buletin.de\/bucuresti\/","name":"Buletin de Bucure\u0219ti","description":"\u0218tiri \u0219i investiga\u021bii esen\u021biale din capital\u0103","publisher":{"@id":"https:\/\/buletin.de\/bucuresti\/#organization"},"potentialAction":[{"@type":"SearchAction","target":{"@type":"EntryPoint","urlTemplate":"https:\/\/buletin.de\/bucuresti\/?s={search_term_string}"},"query-input":{"@type":"PropertyValueSpecification","valueRequired":true,"valueName":"search_term_string"}}],"inLanguage":"en-GB"},{"@type":"Organization","@id":"https:\/\/buletin.de\/bucuresti\/#organization","name":"Buletin de Bucure\u0219ti","url":"https:\/\/buletin.de\/bucuresti\/","logo":{"@type":"ImageObject","inLanguage":"en-GB","@id":"https:\/\/buletin.de\/bucuresti\/#\/schema\/logo\/image\/","url":"https:\/\/buletin.de\/bucuresti\/wp-content\/uploads\/logo-bdb-full-wide-vernil-transparent.png","contentUrl":"https:\/\/buletin.de\/bucuresti\/wp-content\/uploads\/logo-bdb-full-wide-vernil-transparent.png","width":1782,"height":626,"caption":"Buletin de Bucure\u0219ti"},"image":{"@id":"https:\/\/buletin.de\/bucuresti\/#\/schema\/logo\/image\/"},"sameAs":["https:\/\/www.facebook.com\/buletin.de.buc","https:\/\/www.instagram.com\/buletinde.bucuresti\/"]},{"@type":"Person","@id":"https:\/\/buletin.de\/bucuresti\/#\/schema\/person\/0ac9db30080482be87c7386a30f98796","name":"C\u0103t\u0103lin Anghel-Dimache","image":{"@type":"ImageObject","inLanguage":"en-GB","@id":"https:\/\/buletin.de\/bucuresti\/wp-content\/uploads\/Catalin-Anghel-Dimache-96x96.jpgbd9e43c5b25186d5b8e917ac61ad86c4","url":"https:\/\/buletin.de\/bucuresti\/wp-content\/uploads\/Catalin-Anghel-Dimache-96x96.jpg","contentUrl":"https:\/\/buletin.de\/bucuresti\/wp-content\/uploads\/Catalin-Anghel-Dimache-96x96.jpg","caption":"C\u0103t\u0103lin Anghel-Dimache"},"description":"A absolvit Facultatea de Jurnalism \u0219i \u0218tiin\u021bele Comunic\u0103rii a Universit\u0103\u021bii din Bucure\u0219ti \u00een 2024. Scrie despre mediu \u0219i teme sociale, dar \u0219i despre cum se reflect\u0103 ele \u00een via\u021ba cotidian\u0103 a bucure\u0219tenilor, cu un ochi atent la pove\u0219tile personale din spatele titlurilor. N\u0103scut \u0219i crescut \u00een Bucure\u0219ti, a f\u0103cut un pas c\u0103tre presa local\u0103, din pasiune pentru ora\u0219ul s\u0103u \u0219i oamenii din el.","url":"https:\/\/buletin.de\/bucuresti\/author\/catalin-anghel-dimache\/"}]}},"authors":[{"term_id":22572,"user_id":59,"is_guest":0,"slug":"catalin-anghel-dimache","display_name":"C\u0103t\u0103lin Anghel-Dimache","avatar_url":"https:\/\/buletin.de\/bucuresti\/wp-content\/uploads\/Catalin-Anghel-Dimache-96x96.jpg","0":null,"1":"","2":"","3":"","4":"","5":"","6":"","7":"","8":""}],"_links":{"self":[{"href":"https:\/\/buletin.de\/bucuresti\/wp-json\/wp\/v2\/posts\/115056","targetHints":{"allow":["GET"]}}],"collection":[{"href":"https:\/\/buletin.de\/bucuresti\/wp-json\/wp\/v2\/posts"}],"about":[{"href":"https:\/\/buletin.de\/bucuresti\/wp-json\/wp\/v2\/types\/post"}],"author":[{"embeddable":true,"href":"https:\/\/buletin.de\/bucuresti\/wp-json\/wp\/v2\/users\/59"}],"replies":[{"embeddable":true,"href":"https:\/\/buletin.de\/bucuresti\/wp-json\/wp\/v2\/comments?post=115056"}],"version-history":[{"count":7,"href":"https:\/\/buletin.de\/bucuresti\/wp-json\/wp\/v2\/posts\/115056\/revisions"}],"predecessor-version":[{"id":115126,"href":"https:\/\/buletin.de\/bucuresti\/wp-json\/wp\/v2\/posts\/115056\/revisions\/115126"}],"wp:featuredmedia":[{"embeddable":true,"href":"https:\/\/buletin.de\/bucuresti\/wp-json\/wp\/v2\/media\/115085"}],"wp:attachment":[{"href":"https:\/\/buletin.de\/bucuresti\/wp-json\/wp\/v2\/media?parent=115056"}],"wp:term":[{"taxonomy":"category","embeddable":true,"href":"https:\/\/buletin.de\/bucuresti\/wp-json\/wp\/v2\/categories?post=115056"},{"taxonomy":"post_tag","embeddable":true,"href":"https:\/\/buletin.de\/bucuresti\/wp-json\/wp\/v2\/tags?post=115056"},{"taxonomy":"author","embeddable":true,"href":"https:\/\/buletin.de\/bucuresti\/wp-json\/wp\/v2\/ppma_author?post=115056"}],"curies":[{"name":"wp","href":"https:\/\/api.w.org\/{rel}","templated":true}]}}