{"id":114996,"date":"2025-01-20T17:43:13","date_gmt":"2025-01-20T14:43:13","guid":{"rendered":"https:\/\/buletin.de\/bucuresti\/?p=114996"},"modified":"2025-01-20T18:00:53","modified_gmt":"2025-01-20T15:00:53","slug":"sindicatul-de-la-metrou-revine-cu-proteste-pichet-la-ministerul-de-finante","status":"publish","type":"post","link":"https:\/\/buletin.de\/bucuresti\/sindicatul-de-la-metrou-revine-cu-proteste-pichet-la-ministerul-de-finante\/","title":{"rendered":"Sindicatul de la metrou revine cu proteste. Pichet la Ministerul de Finan\u021be \u0219i Guvern"},"content":{"rendered":"\n<p><strong>Sindicali\u0219tii de la Metrorex au anun\u021bat un nou pichet la Ministerul de Finan\u021be \u0219i la Guvern. Nemul\u021bumirea lor este legat\u0103 de ordonan\u021ba \u201etrenule\u021b\u201d pentru reducerea cheltuielilor bugetare. <\/strong><\/p>\n\n\n\n<p>Ordonan\u021ba-trenule\u021b a anulat drepturile negociate de sindicat at\u00e2t cu conducerea Metrorex timp de trei luni, c\u00e2t \u0219i cu premierul, \u00een urma c\u0103rora au ob\u021binut o majorare a salariilor cu suma fix\u0103 de 1.050 de lei, precizeaz\u0103 sindicatul.<\/p>\n\n\n\n<p>\u201eCe influen\u021be are aceast\u0103 Ordonan\u021b\u0103 Trenule\u021b? Nu se mai fac angaj\u0103ri, nu se mai fac promov\u0103ri, nu se mai acord\u0103 drepturile negociate. \u0218ti\u021bi cu to\u021bii c\u0103 am fost 3 luni \u00eentr-o negociere. <\/p>\n\n\n\n<p>Ne-am \u00een\u021beles \u00eentr-un fel pe 27 noiembrie \u0219i Guvernul pe 31 decembrie prin Ordonan\u021ba Trenule\u021b a anulat tot ceea ce am negociat. Aceast\u0103 ordonan\u021b\u0103 este profund ilegal\u0103, \u00eencalc\u0103 o mul\u021bime de legi.<\/p>\n\n\n\n<p>Legea dialogului social spune foarte clar: negocierile se fac \u00eentre p\u0103r\u021bi \u0219i p\u0103r\u021bile negociaz\u0103 liber. Dup\u0103 ce ne-am \u00een\u021beles, \u0219i cu sprijinul ministerului, \u0219i cu \u00een\u021belegerea ministrului de Finan\u021be \u0219i a prim-ministrului, acum ni se spune c\u0103 nu mai e valabil ce am discutat \u0219i am \u00eenregistrat la ITM\u201d, a explicat Marian Artimon, pentru\u00a0<a href=\"https:\/\/agerpres.ro\/social\/2025\/01\/16\/sindicalistii-de-la-metrou-vor-protesta-la-guvern-saptamana-viitoare-si-anunta-greva-de-exces-de-zel--1413385\" target=\"_blank\" rel=\"noreferrer noopener\"><strong>Agerpres<\/strong><\/a>.<\/p>\n\n\n\n<p>Sindicali\u0219tii au precizat c\u0103 Uniunea &#8211; Sindicatul Liber din Metrou va picheta Ministerul Finan\u021belor, la care a trimis deja dou\u0103 adrese s\u0103 le explice situa\u021bia din metrou. <\/p>\n\n\n\n<p>CITE\u0218TE \u0218I: <strong><a href=\"https:\/\/buletin.de\/bucuresti\/a-murit-gheorghe-udriste-fostul-director-al-metrorex-si-artizan-al-magistralei-din-drumul-taberei\/\" target=\"_blank\" rel=\"noreferrer noopener\">A murit Gheorghe Udri\u0219te, fostul director al Metrorex \u0219i artizan al magistralei din Drumul Taberei<\/a><\/strong><\/p>\n\n\n\n<h2 class=\"wp-block-heading\" id=\"h-pichet-la-ministerul-de-finan\u021be-pentru-drepturile-negociate-\u0219i-pierdute\">Pichet la Ministerul de Finan\u021be pentru drepturile negociate \u0219i pierdute<\/h2>\n\n\n\n<p><strong>Buletin de Bucure\u0219ti<\/strong> a scris c\u0103 sindicatul acuz\u0103 un deficit de 900 de persoane la Metrorex. Sindicali\u015ftii au ob\u0163inut autoriza\u0163ie pentru un pichet \u00een fa\u0163a Ministerului de Finan\u0163e mar\u0163i, 21 ianuarie \u015fi miercuri, 22 ianuarie, \u00een fa\u0163a Guvernului.<\/p>\n\n\n\n<p>Din cauza OUG-ului, tot ce s-a hot\u0103r\u00e2t \u00een contractul colectiv de munc\u0103 anul trecut nu se mai aplic\u0103, acuz\u0103 el. Drept urmare, angaja\u0163ii Metrorex pierd:<\/p>\n\n\n\n<ul class=\"wp-block-list\">\n<li>majorarea salarial\u0103 de 1050 de lei promis\u0103 conform actului \u00eenregistrat la Inspectoratul Teritorial de Munc\u0103<\/li>\n\n\n\n<li>tichete de mas\u0103<\/li>\n\n\n\n<li>asigur\u0103ri private de s\u0103n\u0103tate<\/li>\n<\/ul>\n\n\n\n<p>\u00cen plus, fa\u0163\u0103 de aceste aspecte, angaj\u0103rile sunt blocate, de\u015fi compania este, spune sindicalistul, pe deficit de personal. Drept urmare, spune acesta \u201e<strong>Nu mai putem s\u0103 asigur\u0103m serviciile pentru care suntem angaja\u0163i<\/strong>!\u201d<\/p>\n\n\n\n<p>CITE\u0218TE \u0218I: <strong><a href=\"https:\/\/buletin.de\/bucuresti\/sindicalistii-acuza-un-deficit-de-900-de-persoane-la-metrorex-si-anunta-proteste-la-ministerul-de-finante-si-guvern\/\" target=\"_blank\" rel=\"noreferrer noopener\">Sindicali\u015ftii acuz\u0103 un deficit de 900 de persoane la Metrorex \u0219i anun\u021b\u0103 proteste la Ministerul de Finan\u021be \u015fi Guvern<\/a><\/strong><\/p>\n","protected":false},"excerpt":{"rendered":"<p>Sindicali\u0219tii de la Metrorex au anun\u021bat un nou pichet la Ministerul de Finan\u021be \u0219i la Guvern. Nemul\u021bumirea lor este legat\u0103 de ordonan\u021ba \u201etrenule\u021b\u201d pentru reducerea cheltuielilor bugetare. Ordonan\u021ba-trenule\u021b a anulat drepturile negociate de sindicat at\u00e2t cu conducerea Metrorex timp de trei luni, c\u00e2t \u0219i cu premierul, \u00een urma c\u0103rora au ob\u021binut o majorare a salariilor [&hellip;]<\/p>\n","protected":false},"author":60,"featured_media":115003,"comment_status":"closed","ping_status":"open","sticky":false,"template":"","format":"standard","meta":{"_acf_changed":false,"inline_featured_image":false,"ngg_post_thumbnail":0,"footnotes":""},"categories":[6994,9026,5762],"tags":[8609,377,376,18055,18472,2449,1028],"ppma_author":[22582],"class_list":["post-114996","post","type-post","status-publish","format-standard","has-post-thumbnail","hentry","category-stiri-2","category-eveniment","category-main","tag-marian-artimon","tag-metrorex","tag-metrou","tag-ordonanta-trenulet","tag-pichet-ministerul-de-finante","tag-protest-metrou","tag-uslm"],"acf":[],"yoast_head":"<!-- This site is optimized with the Yoast SEO Premium plugin v25.3 (Yoast SEO v27.5) - https:\/\/yoast.com\/product\/yoast-seo-premium-wordpress\/ -->\n<title>Sindicatul de la metrou revine cu proteste. Pichet la Ministerul de Finan\u021be \u0219i Guvern - Buletin de Bucure\u0219ti<\/title>\n<meta name=\"description\" content=\"Sindicali\u0219tii de la Metrorex au anun\u021bat un nou pichet la Ministerul de Finan\u021be \u0219i la Guvern, \u00eempotriva ordonan\u021bei \u201etrenule\u021b\u201d.\" \/>\n<meta name=\"robots\" content=\"index, follow, max-snippet:-1, max-image-preview:large, max-video-preview:-1\" \/>\n<link rel=\"canonical\" href=\"https:\/\/buletin.de\/bucuresti\/sindicatul-de-la-metrou-revine-cu-proteste-pichet-la-ministerul-de-finante\/\" \/>\n<meta property=\"og:locale\" content=\"en_GB\" \/>\n<meta property=\"og:type\" content=\"article\" \/>\n<meta property=\"og:title\" content=\"Sindicatul de la metrou revine cu proteste. Pichet la Ministerul de Finan\u021be \u0219i Guvern\" \/>\n<meta property=\"og:description\" content=\"Sindicali\u0219tii de la Metrorex au anun\u021bat un nou pichet la Ministerul de Finan\u021be \u0219i la Guvern, \u00eempotriva ordonan\u021bei \u201etrenule\u021b\u201d.\" \/>\n<meta property=\"og:url\" content=\"https:\/\/buletin.de\/bucuresti\/sindicatul-de-la-metrou-revine-cu-proteste-pichet-la-ministerul-de-finante\/\" \/>\n<meta property=\"og:site_name\" content=\"Buletin de Bucure\u0219ti\" \/>\n<meta property=\"article:publisher\" content=\"https:\/\/www.facebook.com\/buletin.de.buc\" \/>\n<meta property=\"article:published_time\" content=\"2025-01-20T14:43:13+00:00\" \/>\n<meta property=\"article:modified_time\" content=\"2025-01-20T15:00:53+00:00\" \/>\n<meta property=\"og:image\" content=\"https:\/\/buletin.de\/bucuresti\/wp-content\/uploads\/protestmetrorex.jpg\" \/>\n\t<meta property=\"og:image:width\" content=\"1536\" \/>\n\t<meta property=\"og:image:height\" content=\"866\" \/>\n\t<meta property=\"og:image:type\" content=\"image\/jpeg\" \/>\n<meta name=\"author\" content=\"R\u0103zvan Chiru\u021b\u0103\" \/>\n<meta name=\"twitter:card\" content=\"summary_large_image\" \/>\n<meta name=\"twitter:label1\" content=\"Written by\" \/>\n\t<meta name=\"twitter:data1\" content=\"R\u0103zvan Chiru\u021b\u0103\" \/>\n\t<meta name=\"twitter:label2\" content=\"Estimated reading time\" \/>\n\t<meta name=\"twitter:data2\" content=\"2 minutes\" \/>\n<script type=\"application\/ld+json\" class=\"yoast-schema-graph\">{\"@context\":\"https:\\\/\\\/schema.org\",\"@graph\":[{\"@type\":\"Article\",\"@id\":\"https:\\\/\\\/buletin.de\\\/bucuresti\\\/sindicatul-de-la-metrou-revine-cu-proteste-pichet-la-ministerul-de-finante\\\/#article\",\"isPartOf\":{\"@id\":\"https:\\\/\\\/buletin.de\\\/bucuresti\\\/sindicatul-de-la-metrou-revine-cu-proteste-pichet-la-ministerul-de-finante\\\/\"},\"author\":{\"name\":\"R\u0103zvan Chiru\u021b\u0103\",\"@id\":\"https:\\\/\\\/buletin.de\\\/bucuresti\\\/#\\\/schema\\\/person\\\/a76df728dfc913795a9d90e346b253bb\"},\"headline\":\"Sindicatul de la metrou revine cu proteste. Pichet la Ministerul de Finan\u021be \u0219i Guvern\",\"datePublished\":\"2025-01-20T14:43:13+00:00\",\"dateModified\":\"2025-01-20T15:00:53+00:00\",\"mainEntityOfPage\":{\"@id\":\"https:\\\/\\\/buletin.de\\\/bucuresti\\\/sindicatul-de-la-metrou-revine-cu-proteste-pichet-la-ministerul-de-finante\\\/\"},\"wordCount\":433,\"publisher\":{\"@id\":\"https:\\\/\\\/buletin.de\\\/bucuresti\\\/#organization\"},\"image\":{\"@id\":\"https:\\\/\\\/buletin.de\\\/bucuresti\\\/sindicatul-de-la-metrou-revine-cu-proteste-pichet-la-ministerul-de-finante\\\/#primaryimage\"},\"thumbnailUrl\":\"https:\\\/\\\/buletin.de\\\/bucuresti\\\/wp-content\\\/uploads\\\/protestmetrorex.jpg\",\"keywords\":[\"Marian Artimon\",\"metrorex\",\"metrou\",\"ordonanta trenulet\",\"pichet ministerul de finante\",\"protest metrou\",\"uslm\"],\"articleSection\":[\"Articole\",\"Eveniment\",\"Main\"],\"inLanguage\":\"en-GB\",\"copyrightYear\":\"2025\",\"copyrightHolder\":{\"@id\":\"https:\\\/\\\/buletin.de\\\/bucuresti\\\/#organization\"}},{\"@type\":\"WebPage\",\"@id\":\"https:\\\/\\\/buletin.de\\\/bucuresti\\\/sindicatul-de-la-metrou-revine-cu-proteste-pichet-la-ministerul-de-finante\\\/\",\"url\":\"https:\\\/\\\/buletin.de\\\/bucuresti\\\/sindicatul-de-la-metrou-revine-cu-proteste-pichet-la-ministerul-de-finante\\\/\",\"name\":\"Sindicatul de la metrou revine cu proteste. Pichet la Ministerul de Finan\u021be \u0219i Guvern - Buletin de Bucure\u0219ti\",\"isPartOf\":{\"@id\":\"https:\\\/\\\/buletin.de\\\/bucuresti\\\/#website\"},\"primaryImageOfPage\":{\"@id\":\"https:\\\/\\\/buletin.de\\\/bucuresti\\\/sindicatul-de-la-metrou-revine-cu-proteste-pichet-la-ministerul-de-finante\\\/#primaryimage\"},\"image\":{\"@id\":\"https:\\\/\\\/buletin.de\\\/bucuresti\\\/sindicatul-de-la-metrou-revine-cu-proteste-pichet-la-ministerul-de-finante\\\/#primaryimage\"},\"thumbnailUrl\":\"https:\\\/\\\/buletin.de\\\/bucuresti\\\/wp-content\\\/uploads\\\/protestmetrorex.jpg\",\"datePublished\":\"2025-01-20T14:43:13+00:00\",\"dateModified\":\"2025-01-20T15:00:53+00:00\",\"description\":\"Sindicali\u0219tii de la Metrorex au anun\u021bat un nou pichet la Ministerul de Finan\u021be \u0219i la Guvern, \u00eempotriva ordonan\u021bei \u201etrenule\u021b\u201d.\",\"breadcrumb\":{\"@id\":\"https:\\\/\\\/buletin.de\\\/bucuresti\\\/sindicatul-de-la-metrou-revine-cu-proteste-pichet-la-ministerul-de-finante\\\/#breadcrumb\"},\"inLanguage\":\"en-GB\",\"potentialAction\":[{\"@type\":\"ReadAction\",\"target\":[\"https:\\\/\\\/buletin.de\\\/bucuresti\\\/sindicatul-de-la-metrou-revine-cu-proteste-pichet-la-ministerul-de-finante\\\/\"]}]},{\"@type\":\"ImageObject\",\"inLanguage\":\"en-GB\",\"@id\":\"https:\\\/\\\/buletin.de\\\/bucuresti\\\/sindicatul-de-la-metrou-revine-cu-proteste-pichet-la-ministerul-de-finante\\\/#primaryimage\",\"url\":\"https:\\\/\\\/buletin.de\\\/bucuresti\\\/wp-content\\\/uploads\\\/protestmetrorex.jpg\",\"contentUrl\":\"https:\\\/\\\/buletin.de\\\/bucuresti\\\/wp-content\\\/uploads\\\/protestmetrorex.jpg\",\"width\":1536,\"height\":866,\"caption\":\"Sindicali\u0219tii au pichetat \u0219i Guvernul. Foto Club feroviar\"},{\"@type\":\"BreadcrumbList\",\"@id\":\"https:\\\/\\\/buletin.de\\\/bucuresti\\\/sindicatul-de-la-metrou-revine-cu-proteste-pichet-la-ministerul-de-finante\\\/#breadcrumb\",\"itemListElement\":[{\"@type\":\"ListItem\",\"position\":1,\"name\":\"Acas\u0103\",\"item\":\"https:\\\/\\\/buletin.de\\\/bucuresti\\\/\"},{\"@type\":\"ListItem\",\"position\":2,\"name\":\"Sindicatul de la metrou revine cu proteste. Pichet la Ministerul de Finan\u021be \u0219i Guvern\"}]},{\"@type\":\"WebSite\",\"@id\":\"https:\\\/\\\/buletin.de\\\/bucuresti\\\/#website\",\"url\":\"https:\\\/\\\/buletin.de\\\/bucuresti\\\/\",\"name\":\"Buletin de Bucure\u0219ti\",\"description\":\"\u0218tiri \u0219i investiga\u021bii esen\u021biale din capital\u0103\",\"publisher\":{\"@id\":\"https:\\\/\\\/buletin.de\\\/bucuresti\\\/#organization\"},\"potentialAction\":[{\"@type\":\"SearchAction\",\"target\":{\"@type\":\"EntryPoint\",\"urlTemplate\":\"https:\\\/\\\/buletin.de\\\/bucuresti\\\/?s={search_term_string}\"},\"query-input\":{\"@type\":\"PropertyValueSpecification\",\"valueRequired\":true,\"valueName\":\"search_term_string\"}}],\"inLanguage\":\"en-GB\"},{\"@type\":\"Organization\",\"@id\":\"https:\\\/\\\/buletin.de\\\/bucuresti\\\/#organization\",\"name\":\"Buletin de Bucure\u0219ti\",\"url\":\"https:\\\/\\\/buletin.de\\\/bucuresti\\\/\",\"logo\":{\"@type\":\"ImageObject\",\"inLanguage\":\"en-GB\",\"@id\":\"https:\\\/\\\/buletin.de\\\/bucuresti\\\/#\\\/schema\\\/logo\\\/image\\\/\",\"url\":\"https:\\\/\\\/buletin.de\\\/bucuresti\\\/wp-content\\\/uploads\\\/logo-bdb-full-wide-vernil-transparent.png\",\"contentUrl\":\"https:\\\/\\\/buletin.de\\\/bucuresti\\\/wp-content\\\/uploads\\\/logo-bdb-full-wide-vernil-transparent.png\",\"width\":1782,\"height\":626,\"caption\":\"Buletin de Bucure\u0219ti\"},\"image\":{\"@id\":\"https:\\\/\\\/buletin.de\\\/bucuresti\\\/#\\\/schema\\\/logo\\\/image\\\/\"},\"sameAs\":[\"https:\\\/\\\/www.facebook.com\\\/buletin.de.buc\",\"https:\\\/\\\/www.instagram.com\\\/buletinde.bucuresti\\\/\"]},{\"@type\":\"Person\",\"@id\":\"https:\\\/\\\/buletin.de\\\/bucuresti\\\/#\\\/schema\\\/person\\\/a76df728dfc913795a9d90e346b253bb\",\"name\":\"R\u0103zvan Chiru\u021b\u0103\",\"image\":{\"@type\":\"ImageObject\",\"inLanguage\":\"en-GB\",\"@id\":\"https:\\\/\\\/buletin.de\\\/bucuresti\\\/wp-content\\\/uploads\\\/Razvan-Chiruta-96x96.jpge7143b996fd4241fbd6ee1f6b6b7b267\",\"url\":\"https:\\\/\\\/buletin.de\\\/bucuresti\\\/wp-content\\\/uploads\\\/Razvan-Chiruta-96x96.jpg\",\"contentUrl\":\"https:\\\/\\\/buletin.de\\\/bucuresti\\\/wp-content\\\/uploads\\\/Razvan-Chiruta-96x96.jpg\",\"caption\":\"R\u0103zvan Chiru\u021b\u0103\"},\"description\":\"R\u0103zvan Chiru\u021b\u0103 este redactor-\u0219ef adjunct din iulie 2024. A fost redactor-\u0219ef al PRESShub \u00eentre 2022 \u0219i iunie 2024. Anterior, a fost redactor-\u0219ef al Newsweek Rom\u00e2nia, din 2018 p\u00e2n\u0103 \u00een 2021, \u0219i al cotidianului Rom\u00e2nia liber\u0103, \u00eentre 2015 \u0219i 2017. Este absolvent de Jurnalism, \u00een cadrul Universit\u0103\u021bii \u201eAl.I.Cuza\u201d din Ia\u0219i, \u0219i a urmat un master \u00een Managementul institu\u021biilor mass-media (f\u0103r\u0103 diserta\u021bie) la Facultatea de Jurnalism \u0219i \u0218tiin\u021bele Comunic\u0103rii din cadrul Universit\u0103\u021bii din Bucure\u0219ti. \u0218i-a \u00eenceput cariera la Opinia studen\u021beasc\u0103, cunoscuta \u0219coal\u0103 de pres\u0103 din Ia\u0219i. A lucrat \u00een presa local\u0103, apoi a devenit corespondent pentru Ia\u0219i al cotidianului Evenimentul Zilei. Din 2004, a coordonat pentru \u0219ase luni sec\u021bia de coresponden\u021bi a Evenimentului Zilei. A mai lucrat la s\u0103pt\u0103m\u00e2nalul Prezent \u0219i a colaborat cu revistele Dilema Veche \u0219i Suplimentul de Cultur\u0103. Este co-autor \u00een volumele \u201eMass-media \u0219i democra\u021bia \u00een Rom\u00e2nia post-comunist\u0103\u201d (ed. a II-a), Ed. Institutul European, Ia\u0219i, 2013, \u0219i \u201eCOVID - 19. Dimensiuni ale gestionarii pandemiei\u201d, Editura Junimea, Ia\u0219i, 2020.\",\"url\":\"https:\\\/\\\/buletin.de\\\/bucuresti\\\/author\\\/razvan-chiruta\\\/\"}]}<\/script>\n<!-- \/ Yoast SEO Premium plugin. -->","yoast_head_json":{"title":"Sindicatul de la metrou revine cu proteste. Pichet la Ministerul de Finan\u021be \u0219i Guvern - Buletin de Bucure\u0219ti","description":"Sindicali\u0219tii de la Metrorex au anun\u021bat un nou pichet la Ministerul de Finan\u021be \u0219i la Guvern, \u00eempotriva ordonan\u021bei \u201etrenule\u021b\u201d.","robots":{"index":"index","follow":"follow","max-snippet":"max-snippet:-1","max-image-preview":"max-image-preview:large","max-video-preview":"max-video-preview:-1"},"canonical":"https:\/\/buletin.de\/bucuresti\/sindicatul-de-la-metrou-revine-cu-proteste-pichet-la-ministerul-de-finante\/","og_locale":"en_GB","og_type":"article","og_title":"Sindicatul de la metrou revine cu proteste. Pichet la Ministerul de Finan\u021be \u0219i Guvern","og_description":"Sindicali\u0219tii de la Metrorex au anun\u021bat un nou pichet la Ministerul de Finan\u021be \u0219i la Guvern, \u00eempotriva ordonan\u021bei \u201etrenule\u021b\u201d.","og_url":"https:\/\/buletin.de\/bucuresti\/sindicatul-de-la-metrou-revine-cu-proteste-pichet-la-ministerul-de-finante\/","og_site_name":"Buletin de Bucure\u0219ti","article_publisher":"https:\/\/www.facebook.com\/buletin.de.buc","article_published_time":"2025-01-20T14:43:13+00:00","article_modified_time":"2025-01-20T15:00:53+00:00","og_image":[{"width":1536,"height":866,"url":"https:\/\/buletin.de\/bucuresti\/wp-content\/uploads\/protestmetrorex.jpg","type":"image\/jpeg"}],"author":"R\u0103zvan Chiru\u021b\u0103","twitter_card":"summary_large_image","twitter_misc":{"Written by":"R\u0103zvan Chiru\u021b\u0103","Estimated reading time":"2 minutes"},"schema":{"@context":"https:\/\/schema.org","@graph":[{"@type":"Article","@id":"https:\/\/buletin.de\/bucuresti\/sindicatul-de-la-metrou-revine-cu-proteste-pichet-la-ministerul-de-finante\/#article","isPartOf":{"@id":"https:\/\/buletin.de\/bucuresti\/sindicatul-de-la-metrou-revine-cu-proteste-pichet-la-ministerul-de-finante\/"},"author":{"name":"R\u0103zvan Chiru\u021b\u0103","@id":"https:\/\/buletin.de\/bucuresti\/#\/schema\/person\/a76df728dfc913795a9d90e346b253bb"},"headline":"Sindicatul de la metrou revine cu proteste. Pichet la Ministerul de Finan\u021be \u0219i Guvern","datePublished":"2025-01-20T14:43:13+00:00","dateModified":"2025-01-20T15:00:53+00:00","mainEntityOfPage":{"@id":"https:\/\/buletin.de\/bucuresti\/sindicatul-de-la-metrou-revine-cu-proteste-pichet-la-ministerul-de-finante\/"},"wordCount":433,"publisher":{"@id":"https:\/\/buletin.de\/bucuresti\/#organization"},"image":{"@id":"https:\/\/buletin.de\/bucuresti\/sindicatul-de-la-metrou-revine-cu-proteste-pichet-la-ministerul-de-finante\/#primaryimage"},"thumbnailUrl":"https:\/\/buletin.de\/bucuresti\/wp-content\/uploads\/protestmetrorex.jpg","keywords":["Marian Artimon","metrorex","metrou","ordonanta trenulet","pichet ministerul de finante","protest metrou","uslm"],"articleSection":["Articole","Eveniment","Main"],"inLanguage":"en-GB","copyrightYear":"2025","copyrightHolder":{"@id":"https:\/\/buletin.de\/bucuresti\/#organization"}},{"@type":"WebPage","@id":"https:\/\/buletin.de\/bucuresti\/sindicatul-de-la-metrou-revine-cu-proteste-pichet-la-ministerul-de-finante\/","url":"https:\/\/buletin.de\/bucuresti\/sindicatul-de-la-metrou-revine-cu-proteste-pichet-la-ministerul-de-finante\/","name":"Sindicatul de la metrou revine cu proteste. Pichet la Ministerul de Finan\u021be \u0219i Guvern - Buletin de Bucure\u0219ti","isPartOf":{"@id":"https:\/\/buletin.de\/bucuresti\/#website"},"primaryImageOfPage":{"@id":"https:\/\/buletin.de\/bucuresti\/sindicatul-de-la-metrou-revine-cu-proteste-pichet-la-ministerul-de-finante\/#primaryimage"},"image":{"@id":"https:\/\/buletin.de\/bucuresti\/sindicatul-de-la-metrou-revine-cu-proteste-pichet-la-ministerul-de-finante\/#primaryimage"},"thumbnailUrl":"https:\/\/buletin.de\/bucuresti\/wp-content\/uploads\/protestmetrorex.jpg","datePublished":"2025-01-20T14:43:13+00:00","dateModified":"2025-01-20T15:00:53+00:00","description":"Sindicali\u0219tii de la Metrorex au anun\u021bat un nou pichet la Ministerul de Finan\u021be \u0219i la Guvern, \u00eempotriva ordonan\u021bei \u201etrenule\u021b\u201d.","breadcrumb":{"@id":"https:\/\/buletin.de\/bucuresti\/sindicatul-de-la-metrou-revine-cu-proteste-pichet-la-ministerul-de-finante\/#breadcrumb"},"inLanguage":"en-GB","potentialAction":[{"@type":"ReadAction","target":["https:\/\/buletin.de\/bucuresti\/sindicatul-de-la-metrou-revine-cu-proteste-pichet-la-ministerul-de-finante\/"]}]},{"@type":"ImageObject","inLanguage":"en-GB","@id":"https:\/\/buletin.de\/bucuresti\/sindicatul-de-la-metrou-revine-cu-proteste-pichet-la-ministerul-de-finante\/#primaryimage","url":"https:\/\/buletin.de\/bucuresti\/wp-content\/uploads\/protestmetrorex.jpg","contentUrl":"https:\/\/buletin.de\/bucuresti\/wp-content\/uploads\/protestmetrorex.jpg","width":1536,"height":866,"caption":"Sindicali\u0219tii au pichetat \u0219i Guvernul. Foto Club feroviar"},{"@type":"BreadcrumbList","@id":"https:\/\/buletin.de\/bucuresti\/sindicatul-de-la-metrou-revine-cu-proteste-pichet-la-ministerul-de-finante\/#breadcrumb","itemListElement":[{"@type":"ListItem","position":1,"name":"Acas\u0103","item":"https:\/\/buletin.de\/bucuresti\/"},{"@type":"ListItem","position":2,"name":"Sindicatul de la metrou revine cu proteste. Pichet la Ministerul de Finan\u021be \u0219i Guvern"}]},{"@type":"WebSite","@id":"https:\/\/buletin.de\/bucuresti\/#website","url":"https:\/\/buletin.de\/bucuresti\/","name":"Buletin de Bucure\u0219ti","description":"\u0218tiri \u0219i investiga\u021bii esen\u021biale din capital\u0103","publisher":{"@id":"https:\/\/buletin.de\/bucuresti\/#organization"},"potentialAction":[{"@type":"SearchAction","target":{"@type":"EntryPoint","urlTemplate":"https:\/\/buletin.de\/bucuresti\/?s={search_term_string}"},"query-input":{"@type":"PropertyValueSpecification","valueRequired":true,"valueName":"search_term_string"}}],"inLanguage":"en-GB"},{"@type":"Organization","@id":"https:\/\/buletin.de\/bucuresti\/#organization","name":"Buletin de Bucure\u0219ti","url":"https:\/\/buletin.de\/bucuresti\/","logo":{"@type":"ImageObject","inLanguage":"en-GB","@id":"https:\/\/buletin.de\/bucuresti\/#\/schema\/logo\/image\/","url":"https:\/\/buletin.de\/bucuresti\/wp-content\/uploads\/logo-bdb-full-wide-vernil-transparent.png","contentUrl":"https:\/\/buletin.de\/bucuresti\/wp-content\/uploads\/logo-bdb-full-wide-vernil-transparent.png","width":1782,"height":626,"caption":"Buletin de Bucure\u0219ti"},"image":{"@id":"https:\/\/buletin.de\/bucuresti\/#\/schema\/logo\/image\/"},"sameAs":["https:\/\/www.facebook.com\/buletin.de.buc","https:\/\/www.instagram.com\/buletinde.bucuresti\/"]},{"@type":"Person","@id":"https:\/\/buletin.de\/bucuresti\/#\/schema\/person\/a76df728dfc913795a9d90e346b253bb","name":"R\u0103zvan Chiru\u021b\u0103","image":{"@type":"ImageObject","inLanguage":"en-GB","@id":"https:\/\/buletin.de\/bucuresti\/wp-content\/uploads\/Razvan-Chiruta-96x96.jpge7143b996fd4241fbd6ee1f6b6b7b267","url":"https:\/\/buletin.de\/bucuresti\/wp-content\/uploads\/Razvan-Chiruta-96x96.jpg","contentUrl":"https:\/\/buletin.de\/bucuresti\/wp-content\/uploads\/Razvan-Chiruta-96x96.jpg","caption":"R\u0103zvan Chiru\u021b\u0103"},"description":"R\u0103zvan Chiru\u021b\u0103 este redactor-\u0219ef adjunct din iulie 2024. A fost redactor-\u0219ef al PRESShub \u00eentre 2022 \u0219i iunie 2024. Anterior, a fost redactor-\u0219ef al Newsweek Rom\u00e2nia, din 2018 p\u00e2n\u0103 \u00een 2021, \u0219i al cotidianului Rom\u00e2nia liber\u0103, \u00eentre 2015 \u0219i 2017. Este absolvent de Jurnalism, \u00een cadrul Universit\u0103\u021bii \u201eAl.I.Cuza\u201d din Ia\u0219i, \u0219i a urmat un master \u00een Managementul institu\u021biilor mass-media (f\u0103r\u0103 diserta\u021bie) la Facultatea de Jurnalism \u0219i \u0218tiin\u021bele Comunic\u0103rii din cadrul Universit\u0103\u021bii din Bucure\u0219ti. \u0218i-a \u00eenceput cariera la Opinia studen\u021beasc\u0103, cunoscuta \u0219coal\u0103 de pres\u0103 din Ia\u0219i. A lucrat \u00een presa local\u0103, apoi a devenit corespondent pentru Ia\u0219i al cotidianului Evenimentul Zilei. Din 2004, a coordonat pentru \u0219ase luni sec\u021bia de coresponden\u021bi a Evenimentului Zilei. A mai lucrat la s\u0103pt\u0103m\u00e2nalul Prezent \u0219i a colaborat cu revistele Dilema Veche \u0219i Suplimentul de Cultur\u0103. Este co-autor \u00een volumele \u201eMass-media \u0219i democra\u021bia \u00een Rom\u00e2nia post-comunist\u0103\u201d (ed. a II-a), Ed. Institutul European, Ia\u0219i, 2013, \u0219i \u201eCOVID - 19. Dimensiuni ale gestionarii pandemiei\u201d, Editura Junimea, Ia\u0219i, 2020.","url":"https:\/\/buletin.de\/bucuresti\/author\/razvan-chiruta\/"}]}},"authors":[{"term_id":22582,"user_id":60,"is_guest":0,"slug":"razvan-chiruta","display_name":"R\u0103zvan Chiru\u021b\u0103","avatar_url":"https:\/\/buletin.de\/bucuresti\/wp-content\/uploads\/Razvan-Chiruta-96x96.jpg","0":null,"1":"","2":"","3":"","4":"","5":"","6":"","7":"","8":""}],"_links":{"self":[{"href":"https:\/\/buletin.de\/bucuresti\/wp-json\/wp\/v2\/posts\/114996","targetHints":{"allow":["GET"]}}],"collection":[{"href":"https:\/\/buletin.de\/bucuresti\/wp-json\/wp\/v2\/posts"}],"about":[{"href":"https:\/\/buletin.de\/bucuresti\/wp-json\/wp\/v2\/types\/post"}],"author":[{"embeddable":true,"href":"https:\/\/buletin.de\/bucuresti\/wp-json\/wp\/v2\/users\/60"}],"replies":[{"embeddable":true,"href":"https:\/\/buletin.de\/bucuresti\/wp-json\/wp\/v2\/comments?post=114996"}],"version-history":[{"count":6,"href":"https:\/\/buletin.de\/bucuresti\/wp-json\/wp\/v2\/posts\/114996\/revisions"}],"predecessor-version":[{"id":115013,"href":"https:\/\/buletin.de\/bucuresti\/wp-json\/wp\/v2\/posts\/114996\/revisions\/115013"}],"wp:featuredmedia":[{"embeddable":true,"href":"https:\/\/buletin.de\/bucuresti\/wp-json\/wp\/v2\/media\/115003"}],"wp:attachment":[{"href":"https:\/\/buletin.de\/bucuresti\/wp-json\/wp\/v2\/media?parent=114996"}],"wp:term":[{"taxonomy":"category","embeddable":true,"href":"https:\/\/buletin.de\/bucuresti\/wp-json\/wp\/v2\/categories?post=114996"},{"taxonomy":"post_tag","embeddable":true,"href":"https:\/\/buletin.de\/bucuresti\/wp-json\/wp\/v2\/tags?post=114996"},{"taxonomy":"author","embeddable":true,"href":"https:\/\/buletin.de\/bucuresti\/wp-json\/wp\/v2\/ppma_author?post=114996"}],"curies":[{"name":"wp","href":"https:\/\/api.w.org\/{rel}","templated":true}]}}