{"id":114862,"date":"2025-01-20T15:37:00","date_gmt":"2025-01-20T12:37:00","guid":{"rendered":"https:\/\/buletin.de\/bucuresti\/?p=114862"},"modified":"2025-01-21T07:17:21","modified_gmt":"2025-01-21T04:17:21","slug":"santierul-m6-cosmarul-bucurestenilor-din-zona-1-mai-pagubele-sunt-uriase","status":"publish","type":"post","link":"https:\/\/buletin.de\/bucuresti\/santierul-m6-cosmarul-bucurestenilor-din-zona-1-mai-pagubele-sunt-uriase\/","title":{"rendered":"\u015eantierul M6, co\u015fmarul bucure\u015ftenilor din zona 1 Mai: pagubele sunt uria\u0219e, oamenii sunt dispera\u021bi, autorit\u0103\u021bile sunt dep\u0103\u0219ite"},"content":{"rendered":"\n<p><strong>\u015eantierul Magistralei 6 de metrou din Capital\u0103 s-a transformat \u00eenc\u0103 din luna august a anului trecut \u00een co\u015fmarul bucure\u015ftenilor din zona 1 Mai<\/strong>,<strong> din cauza devierii traficului de pe bulevardul principal pe str\u0103du\u021bele laterale.<\/strong><\/p>\n\n\n\n<p>Cet\u0103\u021benii au reclamat de nenum\u0103rate ori, la toate autorit\u0103\u021bile care au leg\u0103tur\u0103 cu lucr\u0103rile de extindere a sta\u021biei 1 Mai, c\u0103 num\u0103rul mare de autovehicule, inclusiv tiruri \u0219i autobuze, care trece dintr-o dat\u0103 pe c\u00e2teva str\u0103zi care erau doar pentru reziden\u021bi le-a distrus casele \u0219i le-a poluat via\u021ba.<\/p>\n\n\n\n<p>Locuitorii afirm\u0103 c\u0103 pagubele nu pot fi estimate, deocamdat\u0103, \u00eentruc\u00e2t procesul de stabilire al acestora este unul costisitor, iar problemele se afl\u0103 \u00eenc\u0103 la \u00eenceput.<\/p>\n\n\n\n<p>Mai mult, \u00eeng\u0103duin\u021b\u0103 nu au g\u0103sit nici din partea autorit\u0103\u021bilor locale. P\u00e2n\u0103 acum au primit doar promisiuni.<\/p>\n\n\n\n<p>CITE\u0218TE \u0218I: <strong><a href=\"https:\/\/buletin.de\/bucuresti\/magistrala-m6-cum-arata-santierul-noilor-statii-de-metrou-la-finalul-lui-2024\/\" target=\"_blank\" rel=\"noreferrer noopener\">Magistrala M6 | Cum arat\u0103 \u0219antierul noilor sta\u021bii de metrou, la finalul lui 2024<\/a><\/strong><\/p>\n\n\n\n<h2 class=\"wp-block-heading\" id=\"h-cosmarul-bucurestenilor-din-1-mai-1-000-de-oameni-se-tem-ca-nu-vor-fi-despagubi\u021bi\">Co\u015fmarul bucure\u015ftenilor din 1 Mai: 1.000 de oameni se tem c\u0103 nu vor fi desp\u0103gubi\u021bi<\/h2>\n\n\n\n<p>Cele mai afectate sunt str\u0103zile Carpa\u021bi, Mirce\u0219ti \u0219i Soveja, pe unde a fost deviat traficul de pe Calea Grivi\u021bei. Traficul greu a cauzat cr\u0103parea pere\u021bilor caselor, multe vechi de zeci sau chiar 100 de ani. <\/p>\n\n\n\n<figure class=\"wp-block-gallery has-nested-images columns-default is-cropped wp-block-gallery-1 is-layout-flex wp-block-gallery-is-layout-flex\">\n<figure class=\"wp-block-image size-large\"><img fetchpriority=\"high\" decoding=\"async\" width=\"506\" height=\"900\" data-id=\"114937\" src=\"data:image\/gif;base64,R0lGODlhAQABAAAAACH5BAEKAAEALAAAAAABAAEAAAICTAEAOw==\" data-src=\"https:\/\/buletin.de\/bucuresti\/wp-content\/uploads\/IMG-20250118-WA0015-506x900.jpg\" alt=\"\" class=\"wp-image-114937 lazyload\" data-sizes=\"auto\" data-srcset=\"https:\/\/buletin.de\/bucuresti\/wp-content\/uploads\/IMG-20250118-WA0015-506x900.jpg 506w, https:\/\/buletin.de\/bucuresti\/wp-content\/uploads\/IMG-20250118-WA0015-169x300.jpg 169w, https:\/\/buletin.de\/bucuresti\/wp-content\/uploads\/IMG-20250118-WA0015-768x1365.jpg 768w, https:\/\/buletin.de\/bucuresti\/wp-content\/uploads\/IMG-20250118-WA0015-864x1536.jpg 864w, https:\/\/buletin.de\/bucuresti\/wp-content\/uploads\/IMG-20250118-WA0015-600x1067.jpg 600w, https:\/\/buletin.de\/bucuresti\/wp-content\/uploads\/IMG-20250118-WA0015-20x36.jpg 20w, https:\/\/buletin.de\/bucuresti\/wp-content\/uploads\/IMG-20250118-WA0015.jpg 1080w\" sizes=\"(max-width: 506px) 100vw, 506px\" \/><\/figure>\n\n\n\n<figure class=\"wp-block-image size-large\"><img decoding=\"async\" width=\"675\" height=\"900\" data-id=\"114938\" src=\"data:image\/gif;base64,R0lGODlhAQABAAAAACH5BAEKAAEALAAAAAABAAEAAAICTAEAOw==\" data-src=\"https:\/\/buletin.de\/bucuresti\/wp-content\/uploads\/IMG-20250118-WA0022-675x900.jpg\" alt=\"\" class=\"wp-image-114938 lazyload\" data-sizes=\"auto\" data-srcset=\"https:\/\/buletin.de\/bucuresti\/wp-content\/uploads\/IMG-20250118-WA0022-675x900.jpg 675w, https:\/\/buletin.de\/bucuresti\/wp-content\/uploads\/IMG-20250118-WA0022-225x300.jpg 225w, https:\/\/buletin.de\/bucuresti\/wp-content\/uploads\/IMG-20250118-WA0022-768x1024.jpg 768w, https:\/\/buletin.de\/bucuresti\/wp-content\/uploads\/IMG-20250118-WA0022-1152x1536.jpg 1152w, https:\/\/buletin.de\/bucuresti\/wp-content\/uploads\/IMG-20250118-WA0022-1100x1467.jpg 1100w, https:\/\/buletin.de\/bucuresti\/wp-content\/uploads\/IMG-20250118-WA0022-600x800.jpg 600w, https:\/\/buletin.de\/bucuresti\/wp-content\/uploads\/IMG-20250118-WA0022-20x27.jpg 20w, https:\/\/buletin.de\/bucuresti\/wp-content\/uploads\/IMG-20250118-WA0022.jpg 1536w\" sizes=\"(max-width: 675px) 100vw, 675px\" \/><\/figure>\n<figcaption class=\"blocks-gallery-caption wp-element-caption\">foto: Dana Mineo, locuitor<\/figcaption><\/figure>\n\n\n\n<p><strong>Buletin de Bucure\u0219ti <\/strong>a discutat cu locuitorii din zon\u0103, despre pagubele pe care le pl\u0103tesc inclusiv cu pre\u021bul lini\u0219tii lor.<\/p>\n\n\n\n<p><em>\u201e<strong>Nimeni dintre cei r\u0103spunz\u0103tori nu a constatat starea str\u0103zii \u00eenainte de a o b\u0103ga \u00een acest trafic infernal.<\/strong> Au avizat orbe\u0219te o strad\u0103 care era deja praf \u00eenainte. Cum a avizat comisia f\u0103r\u0103 s\u0103 controleze starea infrastructurii?<\/em><\/p>\n\n\n\n<p><em>Mai mult, din cauza vibra\u021biilor cauzate de trafic ni s-au fisurat pere\u021bii caselor. Ne-au refulat canaliz\u0103rile. Pe noi cine ne ajut\u0103?\u201d<\/em>, a explicat Dana Mineo.<\/p>\n\n\n\n<figure class=\"wp-block-image size-large\"><img decoding=\"async\" width=\"900\" height=\"675\" src=\"data:image\/gif;base64,R0lGODlhAQABAAAAACH5BAEKAAEALAAAAAABAAEAAAICTAEAOw==\" data-src=\"https:\/\/buletin.de\/bucuresti\/wp-content\/uploads\/IMG-20250119-WA0011-900x675.jpg\" alt=\"co\u015fmarul bucure\u015ftenilor din zona 1 Mai\" class=\"wp-image-114939 lazyload\" data-sizes=\"auto\" data-srcset=\"https:\/\/buletin.de\/bucuresti\/wp-content\/uploads\/IMG-20250119-WA0011-900x675.jpg 900w, https:\/\/buletin.de\/bucuresti\/wp-content\/uploads\/IMG-20250119-WA0011-300x225.jpg 300w, https:\/\/buletin.de\/bucuresti\/wp-content\/uploads\/IMG-20250119-WA0011-768x576.jpg 768w, https:\/\/buletin.de\/bucuresti\/wp-content\/uploads\/IMG-20250119-WA0011-1536x1152.jpg 1536w, https:\/\/buletin.de\/bucuresti\/wp-content\/uploads\/IMG-20250119-WA0011-1600x1200.jpg 1600w, https:\/\/buletin.de\/bucuresti\/wp-content\/uploads\/IMG-20250119-WA0011-1100x825.jpg 1100w, https:\/\/buletin.de\/bucuresti\/wp-content\/uploads\/IMG-20250119-WA0011-600x450.jpg 600w, https:\/\/buletin.de\/bucuresti\/wp-content\/uploads\/IMG-20250119-WA0011-20x15.jpg 20w, https:\/\/buletin.de\/bucuresti\/wp-content\/uploads\/IMG-20250119-WA0011.jpg 2000w\" sizes=\"(max-width: 900px) 100vw, 900px\" \/><figcaption class=\"wp-element-caption\">Traficul greu distruge str\u0103zile din zona 1 Ma. Foto: Alex Stan, BdB<\/figcaption><\/figure>\n\n\n\n<p><strong>De asemenea, un alt locuitor a precizat faptul c\u0103 niciuna dintre poli\u021bele de asigur\u0103ri, fie ea facultativ\u0103 sau nu, nu asigur\u0103 dec\u00e2t pagubele accidentale. <\/strong><\/p>\n\n\n\n<p>Acesta a mai ad\u0103ugat \u0219i c\u0103 <em>\u201eajun\u0219i la birourile asigur\u0103torilor ne-au zis c\u0103 nu acoper\u0103 incompeten\u021ba autorit\u0103\u021bilor\u201d. <\/em>\u00cen aceea\u0219i situa\u021bie se afl\u0103 \u0219i al\u021bi peste o mie de locuitori din zon\u0103, care au primit acela\u0219i r\u0103spuns.<\/p>\n\n\n\n<figure class=\"wp-block-image size-large\"><img loading=\"lazy\" decoding=\"async\" width=\"506\" height=\"900\" src=\"data:image\/gif;base64,R0lGODlhAQABAAAAACH5BAEKAAEALAAAAAABAAEAAAICTAEAOw==\" data-src=\"https:\/\/buletin.de\/bucuresti\/wp-content\/uploads\/IMG-20250118-WA0033-506x900.jpg\" alt=\"co\u015fmarul bucure\u015ftenilor din zona 1 Mai\" class=\"wp-image-114940 lazyload\" data-sizes=\"auto\" data-srcset=\"https:\/\/buletin.de\/bucuresti\/wp-content\/uploads\/IMG-20250118-WA0033-506x900.jpg 506w, https:\/\/buletin.de\/bucuresti\/wp-content\/uploads\/IMG-20250118-WA0033-169x300.jpg 169w, https:\/\/buletin.de\/bucuresti\/wp-content\/uploads\/IMG-20250118-WA0033-768x1365.jpg 768w, https:\/\/buletin.de\/bucuresti\/wp-content\/uploads\/IMG-20250118-WA0033-864x1536.jpg 864w, https:\/\/buletin.de\/bucuresti\/wp-content\/uploads\/IMG-20250118-WA0033-1100x1956.jpg 1100w, https:\/\/buletin.de\/bucuresti\/wp-content\/uploads\/IMG-20250118-WA0033-600x1067.jpg 600w, https:\/\/buletin.de\/bucuresti\/wp-content\/uploads\/IMG-20250118-WA0033-20x36.jpg 20w, https:\/\/buletin.de\/bucuresti\/wp-content\/uploads\/IMG-20250118-WA0033.jpg 1125w\" sizes=\"(max-width: 506px) 100vw, 506px\" \/><figcaption class=\"wp-element-caption\">Co\u015fmarul bucure\u015ftenilor din zona 1 Mai este certificat cu fotografii martor. Foto: Elvis Grandin, locuitor<\/figcaption><\/figure>\n\n\n\n<p>Totodat\u0103, Elvis, locuitor al zonei, ne-a explicat c\u0103 cet\u0103\u021benii nu sunt \u00eempotriva extinderii re\u021belei Metrorex, \u0219antierul \u00een sine fiind unul bun, \u00eens\u0103 \u00ee\u0219i doresc s\u0103 poat\u0103 tr\u0103i \u00een lini\u0219te, f\u0103r\u0103 pericolele traficului din zon\u0103.<\/p>\n\n\n\n<h2 class=\"wp-block-heading\" id=\"h-casele-se-surpa-primariile-se-uita\">Casele se surp\u0103, prim\u0103riile se uit\u0103<\/h2>\n\n\n\n<p>Locuitorii au mers \u0219i la Prim\u0103ria Sectorului 1, unul dintre actorii implica\u021bi \u00een procesul de autorizare, pentru a \u00ee\u0219i striga nemul\u021bumirile \u00een fa\u021ba consilierilor locali. Afla\u021bi \u00een c\u0103utarea unui r\u0103spuns, cet\u0103\u021benii au fost trata\u021bi cu indiferen\u021b\u0103.<\/p>\n\n\n\n<p><em>\u201eNoi suntem copiii ploii. Ne poate ajuta Prim\u0103ria Sectorului 1 material, \u00een momentul \u00een care se va pune problema s\u0103 \u00eencepem s\u0103 ne repar\u0103m casele?\u201d<\/em>, s-a pl\u00e2ns Adrian Sc\u0103una\u0219u, \u00een \u0219edin\u021ba Consiliului Local Sector 1.<\/p>\n\n\n\n<p>\u00ceng\u0103duin\u021b\u0103 mai mult\u0103 nu a primit din partea prim\u0103riei nici atunci c\u00e2nd a solicitat scutirea de impozit pentru cet\u0103\u021benii din zona afectat\u0103.<\/p>\n\n\n\n<p>De asemenea, \u00een aceea\u0219i \u0219edin\u021b\u0103 a Consiliului Local Sector 1, Dana Mineo a ad\u0103ugat \u0219i faptul c\u0103 \u201e<strong>A contat doar c\u0103 acela este traseul cel mai scurt<\/strong>. <strong>Comisia tehnic\u0103, din pix, a avizat f\u0103r\u0103 s\u0103 analizeze nimic din ce a stat la eliberarea acestor documente.<\/strong>\u201d<\/p>\n\n\n\n<figure class=\"wp-block-gallery has-nested-images columns-default is-cropped wp-block-gallery-2 is-layout-flex wp-block-gallery-is-layout-flex\">\n<figure class=\"wp-block-image size-large\"><img loading=\"lazy\" decoding=\"async\" width=\"900\" height=\"506\" data-id=\"114942\" src=\"data:image\/gif;base64,R0lGODlhAQABAAAAACH5BAEKAAEALAAAAAABAAEAAAICTAEAOw==\" data-src=\"https:\/\/buletin.de\/bucuresti\/wp-content\/uploads\/IMG-20250118-WA0027-900x506.jpg\" alt=\"co\u015fmarul bucure\u015ftenilor din zona 1 Mai\" class=\"wp-image-114942 lazyload\" data-sizes=\"auto\" data-srcset=\"https:\/\/buletin.de\/bucuresti\/wp-content\/uploads\/IMG-20250118-WA0027-900x506.jpg 900w, https:\/\/buletin.de\/bucuresti\/wp-content\/uploads\/IMG-20250118-WA0027-300x169.jpg 300w, https:\/\/buletin.de\/bucuresti\/wp-content\/uploads\/IMG-20250118-WA0027-768x432.jpg 768w, https:\/\/buletin.de\/bucuresti\/wp-content\/uploads\/IMG-20250118-WA0027-1536x864.jpg 1536w, https:\/\/buletin.de\/bucuresti\/wp-content\/uploads\/IMG-20250118-WA0027-1100x619.jpg 1100w, https:\/\/buletin.de\/bucuresti\/wp-content\/uploads\/IMG-20250118-WA0027-600x338.jpg 600w, https:\/\/buletin.de\/bucuresti\/wp-content\/uploads\/IMG-20250118-WA0027-20x11.jpg 20w, https:\/\/buletin.de\/bucuresti\/wp-content\/uploads\/IMG-20250118-WA0027.jpg 1600w\" sizes=\"(max-width: 900px) 100vw, 900px\" \/><\/figure>\n\n\n\n<figure class=\"wp-block-image size-large\"><img loading=\"lazy\" decoding=\"async\" width=\"900\" height=\"501\" data-id=\"114941\" src=\"data:image\/gif;base64,R0lGODlhAQABAAAAACH5BAEKAAEALAAAAAABAAEAAAICTAEAOw==\" data-src=\"https:\/\/buletin.de\/bucuresti\/wp-content\/uploads\/IMG-20250118-WA0028-900x501.jpg\" alt=\"\" class=\"wp-image-114941 lazyload\" data-sizes=\"auto\" data-srcset=\"https:\/\/buletin.de\/bucuresti\/wp-content\/uploads\/IMG-20250118-WA0028-900x501.jpg 900w, https:\/\/buletin.de\/bucuresti\/wp-content\/uploads\/IMG-20250118-WA0028-300x167.jpg 300w, https:\/\/buletin.de\/bucuresti\/wp-content\/uploads\/IMG-20250118-WA0028-768x427.jpg 768w, https:\/\/buletin.de\/bucuresti\/wp-content\/uploads\/IMG-20250118-WA0028-1536x854.jpg 1536w, https:\/\/buletin.de\/bucuresti\/wp-content\/uploads\/IMG-20250118-WA0028-1100x612.jpg 1100w, https:\/\/buletin.de\/bucuresti\/wp-content\/uploads\/IMG-20250118-WA0028-600x334.jpg 600w, https:\/\/buletin.de\/bucuresti\/wp-content\/uploads\/IMG-20250118-WA0028-20x11.jpg 20w, https:\/\/buletin.de\/bucuresti\/wp-content\/uploads\/IMG-20250118-WA0028.jpg 1582w\" sizes=\"(max-width: 900px) 100vw, 900px\" \/><\/figure>\n<\/figure>\n\n\n\n<p><strong>CITE\u0218TE \u0218I: <a href=\"https:\/\/buletin.de\/bucuresti\/disperarea-locuitorilor-de-pe-strazile-afectate-de-lucrarile-la-magistrala-m6-vreti-sa-ne-vedeti-morti-ca-sa-va-luati-masuri\/\">Disperarea locuitorilor de pe str\u0103zile afectate de lucr\u0103rile la magistrala M6. \u201eVre\u021bi s\u0103 ne vede\u021bi mor\u021bi ca s\u0103 v\u0103 lua\u021bi m\u0103suri?\u201d<\/a><\/strong><\/p>\n\n\n\n<p>Cet\u0103\u021benii acuz\u0103 faptul c\u0103 nu au primit un r\u0103spuns clar nici de la Prim\u0103ria Municipiului Bucure\u0219ti, \u00een subordinea c\u0103reia se afl\u0103 comisia de circula\u021bie care a dat avizele de deviere a traficului.<\/p>\n\n\n\n<h2 class=\"wp-block-heading\" id=\"h-\u0219antierul-continua-problemele-continua\">\u0218antierul continu\u0103, problemele continu\u0103<\/h2>\n\n\n\n<p>Traficul deviat nu a provocat doar distrugerea caselor. Locuitori acuz\u0103 c\u0103 nu pot dormi din cauza zgomotului generat de traficul rutier.<\/p>\n\n\n\n<p>\u201e<em>Noi nici m\u0103car <strong>nu mai dormeam noaptea<\/strong> c\u00e2nd intrau ma\u0219inile. Abia dup\u0103 ce primarul general a aflat de situa\u021bia noastr\u0103 situa\u021bia s-a mai \u00eembun\u0103t\u0103\u021bit. Ne-a trimis dou\u0103 ma\u0219ini de poli\u021bie local\u0103. Nici acum nu e perfect, dar m\u0103car stau la Podul Constan\u021ba noaptea. A\u0219a \u00eei descurajeaz\u0103 pe \u0219oferii de ma\u0219ini grele s\u0103 foloseasc\u0103 ruta asta<\/em>\u201d, a relatat Dana al\u0103turi de vecinii ei.<\/p>\n\n\n\n<figure class=\"wp-block-video\"><video height=\"644\" style=\"aspect-ratio: 848 \/ 644;\" width=\"848\" controls src=\"https:\/\/buletin.de\/bucuresti\/wp-content\/uploads\/VID-20250118-WA0043.mp4\"><\/video><figcaption class=\"wp-element-caption\">Co\u015fmarul bucure\u015ftenilor din zona 1 Mai: trafic greu pe str\u0103zile afectate<\/figcaption><\/figure>\n\n\n\n<figure class=\"wp-block-video\"><video height=\"644\" style=\"aspect-ratio: 848 \/ 644;\" width=\"848\" controls src=\"https:\/\/buletin.de\/bucuresti\/wp-content\/uploads\/VID-20250118-WA0049.mp4\"><\/video><figcaption class=\"wp-element-caption\">Trafic greu pe str\u0103zile afectate<\/figcaption><\/figure>\n\n\n\n<p>Potrivit acestora, nu au sc\u0103pat nici \u00een ceea ce prive\u0219te calitatea aerului, \u00eentruc\u00e2t \u201emiroase a noxe. Este un aer \u00eenc\u0103rcat\u201d.<\/p>\n\n\n\n<p>De asemenea, Elvis a povestit pentru Buletin de Bucure\u0219ti \u0219i istoria locului. Conform celor relatate de el, sub drumul ocolitor se afl\u0103 un apeduct foarte mare, montat \u00eenc\u0103 din copil\u0103ria sa. <em>\u201eDac\u0103 se surp\u0103 asfaltul, care chiar \u0219i a\u0219a are doar 2 centimetri grosime, r\u0103m\u00e2nem f\u0103r\u0103 ap\u0103. Al\u0103turi de noi va r\u0103m\u00e2ne f\u0103r\u0103 ap\u0103 \u0219i nordul Capitalei\u201d,<\/em> a ad\u0103ugat acesta.<\/p>\n\n\n\n<p>CITE\u0218TE \u0218I:&nbsp;<strong><a href=\"https:\/\/buletin.de\/bucuresti\/magistrala-6-surpa-casele-acuza-locuitorii-din-zona-pod-constanta-ce-solutii-sunt\/\" target=\"_blank\" rel=\"noreferrer noopener\">Magistrala 6 surp\u0103 casele, acuz\u0103 locuitorii din zona Pod Constan\u021ba. Ce solu\u021bii sunt<\/a><\/strong><\/p>\n\n\n\n<h2 class=\"wp-block-heading\" id=\"h-cosmarul-bucurestenilor-din-zona-1-mai-mai-dureaza-restric\u021bii-de-circula\u021bie-in-sudul-magistralei\">Co\u015fmarul bucure\u015ftenilor din zona 1 Mai mai dureaz\u0103. Restric\u021bii de circula\u021bie \u00een sudul magistralei<\/h2>\n\n\n\n<p><strong>Restric\u0163iile de trafic instituite de-a lungul viitoarei sec\u0163iuni sudice a magistralei <a href=\"https:\/\/magistrala6.ro\/\">M6<\/a>, 1 Mai \u2013 Tokyo, sunt prelungite pe un termen nedefinit, dup\u0103 cum anun\u0163a Metrorex la finalul anului 2024.<\/strong><\/p>\n\n\n\n<p>Restric\u0163iile de trafic sunt valabile \u00eentre sta\u0163iile 1 Mai \u015fi Tokyo, practic din zona actualei sta\u0163ii de metrou 1 Mai, p\u00e2n\u0103 \u00een dreptul complexului comercial B\u0103neasa. Acestea sunt necesare pentru ca 6 din cele 12 sta\u021bii ale magistralei s\u0103 poat\u0103 fi construite.<\/p>\n\n\n\n<p>Anterior, traficul a mai fost restric\u021bionat \u0219i \u00een zona Gara B\u0103neasa \u2013 F\u00e2nt\u00e2na Miori\u021ba, pe \u0218oseaua Bucure\u0219ti-Ploie\u0219ti, \u00eencep\u00e2nd cu luna iunie a anului trecut. Restric\u021bii de circula\u021bie asem\u0103n\u0103toare au mai fost \u0219i \u00een zonele Pia\u021ba Presei Libere, Romexpo dar \u0219i pe DN1.<\/p>\n\n\n\n<h2 class=\"wp-block-heading\" id=\"h-tronsonul-sudic-avanseaza\">Tronsonul sudic avanseaz\u0103<\/h2>\n\n\n\n<p>Metrorex a publicat \u00een prima jum\u0103tate a lunii octombrie 2024 imagini din dron\u0103, \u00een care se poate observa stadiul lucr\u0103rilor. Dup\u0103 cum chiar Buletin de Bucure\u0219ti scria la vremea respectiv\u0103, \u00een prima jum\u0103tate a lunii octombrie inginerii turci au f\u0103cut urm\u0103toarele lucr\u0103ri:<\/p>\n\n\n\n<ul class=\"wp-block-list\">\n<li>Pentru viitoarea sta\u021bie de metrou Tokyo, s-au executat 347m de grind\u0103 de ghidaj din totalul de 650m. Al\u021bi 58 panouri de pere\u021bi mula\u021bi din 114 \u0219i 496 de pilo\u021bi plastici din 498 au fost monta\u021bi;<\/li>\n\n\n\n<li>Au continuat lucr\u0103rile pentru pilo\u021bii fora\u021bi la viitoarea intersta\u021bie Aeroport B\u0103neasa \u2013 Tokyo; dintr-un total de 180, au fost executa\u021bi 98;<\/li>\n\n\n\n<li>La viitoarea sta\u021bie Aeroport B\u0103neasa s-au executat 293m grind\u0103 de ghidaj dintr-un total de 372m, 38 de pere\u021bi mula\u021bi din 72 \u0219i 423 de pilo\u021bi plastici din 905;<\/li>\n\n\n\n<li>298m grind\u0103 de ghidaj din 320m, 36 de panouri de pere\u021bi mula\u021bi din 54, 9 barete \u0219i 6 panouri de pere\u021bi plastici s-au executat pentru Gara B\u0103neasa;<\/li>\n\n\n\n<li>191 de pilo\u021bi fora\u021bi sunt executa\u021bi pentru viitoarea intersta\u021bie Pia\u021ba Montreal \u2013 Gara B\u0103neasa;<\/li>\n\n\n\n<li>272m grind\u0103 de ghidaj din 370m, 23 panouri de pere\u021bi mula\u021bi din 62 \u0219i 20 de barete s-au executat la viitoarea sta\u021bie Pia\u021ba Montreal. <\/li>\n\n\n\n<li>Pentru viitoarea intersta\u021bie Pia\u021ba Montreal \u2013 Expozi\u021biei sunt executa\u021bi 223 pilo\u021bi;<\/li>\n\n\n\n<li>La viitoarea sta\u021bie Expozi\u021biei s-au executat 579m grind\u0103 de ghidaj din 625m \u0219i 51 de panouri de pere\u021bi mula\u021bi din 102;<\/li>\n\n\n\n<li>459m grind\u0103 de ghidaj \u0219i 18 panouri de perete mulat din 86 s-au executat la viitoarea sta\u021bie Pajura. <\/li>\n\n\n\n<li>La viitoarea intersta\u021bie 1 Mai \u2013 Pajura, sunt realiza\u021bi 32 de pilo\u021bi fora\u021bi;<\/li>\n<\/ul>\n\n\n\n<p>\u00cen ceea ce prive\u0219te finalizarea lucr\u0103rilor, acestea trebuie s\u0103 fie finalizate pe tronsonul sudic \u00een 2027, iar pe cel nordic \u00een 2028, totul pentru o investi\u021bie total\u0103 de aproape 2 miliarde de euro.<\/p>\n","protected":false},"excerpt":{"rendered":"<p>\u015eantierul Magistralei 6 de metrou din Capital\u0103 s-a transformat \u00eenc\u0103 din luna august a anului trecut \u00een co\u015fmarul bucure\u015ftenilor din zona 1 Mai, din cauza devierii traficului de pe bulevardul principal pe str\u0103du\u021bele laterale. Cet\u0103\u021benii au reclamat de nenum\u0103rate ori, la toate autorit\u0103\u021bile care au leg\u0103tur\u0103 cu lucr\u0103rile de extindere a sta\u021biei 1 Mai, c\u0103 [&hellip;]<\/p>\n","protected":false},"author":61,"featured_media":114936,"comment_status":"closed","ping_status":"open","sticky":false,"template":"","format":"standard","meta":{"_acf_changed":false,"inline_featured_image":false,"ngg_post_thumbnail":0,"footnotes":""},"categories":[6994,5762,169],"tags":[3255,18525,17692,18524,18523,18522,13110,17693,18526],"ppma_author":[22577],"class_list":["post-114862","post","type-post","status-publish","format-standard","has-post-thumbnail","hentry","category-stiri-2","category-main","category-reportaj","tag-calea-grivitei","tag-case-crapate","tag-case-surpate","tag-mircesti","tag-probleme-locuitori-zona-1-mai","tag-santier-m6","tag-soveja","tag-strada-carpati","tag-trafic-greu-zona-1-mai"],"acf":[],"yoast_head":"<!-- This site is optimized with the Yoast SEO Premium plugin v25.3 (Yoast SEO v27.4) - https:\/\/yoast.com\/product\/yoast-seo-premium-wordpress\/ -->\n<title>\u015eantierul M6, co\u015fmarul bucure\u015ftenilor din zona 1 Mai: pagubele sunt uria\u0219e, oamenii sunt dispera\u021bi, autorit\u0103\u021bile sunt dep\u0103\u0219ite - Buletin de Bucure\u0219ti<\/title>\n<meta name=\"description\" content=\"\u015eantierul Magistralei 6 de metrou din Capital\u0103 s-a transformat \u00eenc\u0103 din luna august a anului trecut co\u015fmarul bucure\u015ftenilor din zona 1 Mai.\" \/>\n<meta name=\"robots\" content=\"index, follow, max-snippet:-1, max-image-preview:large, max-video-preview:-1\" \/>\n<link rel=\"canonical\" href=\"https:\/\/buletin.de\/bucuresti\/santierul-m6-cosmarul-bucurestenilor-din-zona-1-mai-pagubele-sunt-uriase\/\" \/>\n<meta property=\"og:locale\" content=\"en_GB\" \/>\n<meta property=\"og:type\" content=\"article\" \/>\n<meta property=\"og:title\" content=\"\u015eantierul M6, co\u015fmarul bucure\u015ftenilor din zona 1 Mai: pagubele sunt uria\u0219e, oamenii sunt dispera\u021bi, autorit\u0103\u021bile sunt dep\u0103\u0219ite\" \/>\n<meta property=\"og:description\" content=\"\u015eantierul Magistralei 6 de metrou din Capital\u0103 s-a transformat \u00eenc\u0103 din luna august a anului trecut co\u015fmarul bucure\u015ftenilor din zona 1 Mai.\" \/>\n<meta property=\"og:url\" content=\"https:\/\/buletin.de\/bucuresti\/santierul-m6-cosmarul-bucurestenilor-din-zona-1-mai-pagubele-sunt-uriase\/\" \/>\n<meta property=\"og:site_name\" content=\"Buletin de Bucure\u0219ti\" \/>\n<meta property=\"article:publisher\" content=\"https:\/\/www.facebook.com\/buletin.de.buc\" \/>\n<meta property=\"article:published_time\" content=\"2025-01-20T12:37:00+00:00\" \/>\n<meta property=\"article:modified_time\" content=\"2025-01-21T04:17:21+00:00\" \/>\n<meta property=\"og:image\" content=\"https:\/\/buletin.de\/bucuresti\/wp-content\/uploads\/IMG-20250118-WA0031.jpg\" \/>\n\t<meta property=\"og:image:width\" content=\"2000\" \/>\n\t<meta property=\"og:image:height\" content=\"1125\" \/>\n\t<meta property=\"og:image:type\" content=\"image\/jpeg\" \/>\n<meta name=\"author\" content=\"Alexandru Stan\" \/>\n<meta name=\"twitter:card\" content=\"summary_large_image\" \/>\n<meta name=\"twitter:label1\" content=\"Written by\" \/>\n\t<meta name=\"twitter:data1\" content=\"Alexandru Stan\" \/>\n\t<meta name=\"twitter:label2\" content=\"Estimated reading time\" \/>\n\t<meta name=\"twitter:data2\" content=\"7 minutes\" \/>\n<script type=\"application\/ld+json\" class=\"yoast-schema-graph\">{\"@context\":\"https:\\\/\\\/schema.org\",\"@graph\":[{\"@type\":\"Article\",\"@id\":\"https:\\\/\\\/buletin.de\\\/bucuresti\\\/santierul-m6-cosmarul-bucurestenilor-din-zona-1-mai-pagubele-sunt-uriase\\\/#article\",\"isPartOf\":{\"@id\":\"https:\\\/\\\/buletin.de\\\/bucuresti\\\/santierul-m6-cosmarul-bucurestenilor-din-zona-1-mai-pagubele-sunt-uriase\\\/\"},\"author\":{\"name\":\"Alexandru Stan\",\"@id\":\"https:\\\/\\\/buletin.de\\\/bucuresti\\\/#\\\/schema\\\/person\\\/104a46bbe8be6e336fecf63974383951\"},\"headline\":\"\u015eantierul M6, co\u015fmarul bucure\u015ftenilor din zona 1 Mai: pagubele sunt uria\u0219e, oamenii sunt dispera\u021bi, autorit\u0103\u021bile sunt dep\u0103\u0219ite\",\"datePublished\":\"2025-01-20T12:37:00+00:00\",\"dateModified\":\"2025-01-21T04:17:21+00:00\",\"mainEntityOfPage\":{\"@id\":\"https:\\\/\\\/buletin.de\\\/bucuresti\\\/santierul-m6-cosmarul-bucurestenilor-din-zona-1-mai-pagubele-sunt-uriase\\\/\"},\"wordCount\":1396,\"publisher\":{\"@id\":\"https:\\\/\\\/buletin.de\\\/bucuresti\\\/#organization\"},\"image\":{\"@id\":\"https:\\\/\\\/buletin.de\\\/bucuresti\\\/santierul-m6-cosmarul-bucurestenilor-din-zona-1-mai-pagubele-sunt-uriase\\\/#primaryimage\"},\"thumbnailUrl\":\"https:\\\/\\\/buletin.de\\\/bucuresti\\\/wp-content\\\/uploads\\\/IMG-20250118-WA0031.jpg\",\"keywords\":[\"calea grivitei\",\"case crapate\",\"case surpate\",\"mircesti\",\"probleme locuitori zona 1 mai\",\"santier m6\",\"Soveja\",\"strada carpati\",\"trafic greu zona 1 mai\"],\"articleSection\":[\"Articole\",\"Main\",\"Reportaj\"],\"inLanguage\":\"en-GB\",\"copyrightYear\":\"2025\",\"copyrightHolder\":{\"@id\":\"https:\\\/\\\/buletin.de\\\/bucuresti\\\/#organization\"}},{\"@type\":\"WebPage\",\"@id\":\"https:\\\/\\\/buletin.de\\\/bucuresti\\\/santierul-m6-cosmarul-bucurestenilor-din-zona-1-mai-pagubele-sunt-uriase\\\/\",\"url\":\"https:\\\/\\\/buletin.de\\\/bucuresti\\\/santierul-m6-cosmarul-bucurestenilor-din-zona-1-mai-pagubele-sunt-uriase\\\/\",\"name\":\"\u015eantierul M6, co\u015fmarul bucure\u015ftenilor din zona 1 Mai: pagubele sunt uria\u0219e, oamenii sunt dispera\u021bi, autorit\u0103\u021bile sunt dep\u0103\u0219ite - Buletin de Bucure\u0219ti\",\"isPartOf\":{\"@id\":\"https:\\\/\\\/buletin.de\\\/bucuresti\\\/#website\"},\"primaryImageOfPage\":{\"@id\":\"https:\\\/\\\/buletin.de\\\/bucuresti\\\/santierul-m6-cosmarul-bucurestenilor-din-zona-1-mai-pagubele-sunt-uriase\\\/#primaryimage\"},\"image\":{\"@id\":\"https:\\\/\\\/buletin.de\\\/bucuresti\\\/santierul-m6-cosmarul-bucurestenilor-din-zona-1-mai-pagubele-sunt-uriase\\\/#primaryimage\"},\"thumbnailUrl\":\"https:\\\/\\\/buletin.de\\\/bucuresti\\\/wp-content\\\/uploads\\\/IMG-20250118-WA0031.jpg\",\"datePublished\":\"2025-01-20T12:37:00+00:00\",\"dateModified\":\"2025-01-21T04:17:21+00:00\",\"description\":\"\u015eantierul Magistralei 6 de metrou din Capital\u0103 s-a transformat \u00eenc\u0103 din luna august a anului trecut co\u015fmarul bucure\u015ftenilor din zona 1 Mai.\",\"breadcrumb\":{\"@id\":\"https:\\\/\\\/buletin.de\\\/bucuresti\\\/santierul-m6-cosmarul-bucurestenilor-din-zona-1-mai-pagubele-sunt-uriase\\\/#breadcrumb\"},\"inLanguage\":\"en-GB\",\"potentialAction\":[{\"@type\":\"ReadAction\",\"target\":[\"https:\\\/\\\/buletin.de\\\/bucuresti\\\/santierul-m6-cosmarul-bucurestenilor-din-zona-1-mai-pagubele-sunt-uriase\\\/\"]}]},{\"@type\":\"ImageObject\",\"inLanguage\":\"en-GB\",\"@id\":\"https:\\\/\\\/buletin.de\\\/bucuresti\\\/santierul-m6-cosmarul-bucurestenilor-din-zona-1-mai-pagubele-sunt-uriase\\\/#primaryimage\",\"url\":\"https:\\\/\\\/buletin.de\\\/bucuresti\\\/wp-content\\\/uploads\\\/IMG-20250118-WA0031.jpg\",\"contentUrl\":\"https:\\\/\\\/buletin.de\\\/bucuresti\\\/wp-content\\\/uploads\\\/IMG-20250118-WA0031.jpg\",\"width\":2000,\"height\":1125},{\"@type\":\"BreadcrumbList\",\"@id\":\"https:\\\/\\\/buletin.de\\\/bucuresti\\\/santierul-m6-cosmarul-bucurestenilor-din-zona-1-mai-pagubele-sunt-uriase\\\/#breadcrumb\",\"itemListElement\":[{\"@type\":\"ListItem\",\"position\":1,\"name\":\"Acas\u0103\",\"item\":\"https:\\\/\\\/buletin.de\\\/bucuresti\\\/\"},{\"@type\":\"ListItem\",\"position\":2,\"name\":\"\u015eantierul M6, co\u015fmarul bucure\u015ftenilor din zona 1 Mai: pagubele sunt uria\u0219e, oamenii sunt dispera\u021bi, autorit\u0103\u021bile sunt dep\u0103\u0219ite\"}]},{\"@type\":\"WebSite\",\"@id\":\"https:\\\/\\\/buletin.de\\\/bucuresti\\\/#website\",\"url\":\"https:\\\/\\\/buletin.de\\\/bucuresti\\\/\",\"name\":\"Buletin de Bucure\u0219ti\",\"description\":\"\u0218tiri \u0219i investiga\u021bii esen\u021biale din capital\u0103\",\"publisher\":{\"@id\":\"https:\\\/\\\/buletin.de\\\/bucuresti\\\/#organization\"},\"potentialAction\":[{\"@type\":\"SearchAction\",\"target\":{\"@type\":\"EntryPoint\",\"urlTemplate\":\"https:\\\/\\\/buletin.de\\\/bucuresti\\\/?s={search_term_string}\"},\"query-input\":{\"@type\":\"PropertyValueSpecification\",\"valueRequired\":true,\"valueName\":\"search_term_string\"}}],\"inLanguage\":\"en-GB\"},{\"@type\":\"Organization\",\"@id\":\"https:\\\/\\\/buletin.de\\\/bucuresti\\\/#organization\",\"name\":\"Buletin de Bucure\u0219ti\",\"url\":\"https:\\\/\\\/buletin.de\\\/bucuresti\\\/\",\"logo\":{\"@type\":\"ImageObject\",\"inLanguage\":\"en-GB\",\"@id\":\"https:\\\/\\\/buletin.de\\\/bucuresti\\\/#\\\/schema\\\/logo\\\/image\\\/\",\"url\":\"https:\\\/\\\/buletin.de\\\/bucuresti\\\/wp-content\\\/uploads\\\/logo-bdb-full-wide-vernil-transparent.png\",\"contentUrl\":\"https:\\\/\\\/buletin.de\\\/bucuresti\\\/wp-content\\\/uploads\\\/logo-bdb-full-wide-vernil-transparent.png\",\"width\":1782,\"height\":626,\"caption\":\"Buletin de Bucure\u0219ti\"},\"image\":{\"@id\":\"https:\\\/\\\/buletin.de\\\/bucuresti\\\/#\\\/schema\\\/logo\\\/image\\\/\"},\"sameAs\":[\"https:\\\/\\\/www.facebook.com\\\/buletin.de.buc\",\"https:\\\/\\\/www.instagram.com\\\/buletinde.bucuresti\\\/\"]},{\"@type\":\"Person\",\"@id\":\"https:\\\/\\\/buletin.de\\\/bucuresti\\\/#\\\/schema\\\/person\\\/104a46bbe8be6e336fecf63974383951\",\"name\":\"Alexandru Stan\",\"image\":{\"@type\":\"ImageObject\",\"inLanguage\":\"en-GB\",\"@id\":\"https:\\\/\\\/buletin.de\\\/bucuresti\\\/wp-content\\\/uploads\\\/2025\\\/12\\\/IMG-20251216-WA0045-e1766134343668-96x96.jpgd0ca12809ae3e1d27116a2afe8926544\",\"url\":\"https:\\\/\\\/buletin.de\\\/bucuresti\\\/wp-content\\\/uploads\\\/2025\\\/12\\\/IMG-20251216-WA0045-e1766134343668-96x96.jpg\",\"contentUrl\":\"https:\\\/\\\/buletin.de\\\/bucuresti\\\/wp-content\\\/uploads\\\/2025\\\/12\\\/IMG-20251216-WA0045-e1766134343668-96x96.jpg\",\"caption\":\"Alexandru Stan\"},\"description\":\"Sunt elev la un colegiu de prestigiu din Capital\u0103 \u0219i reporter la Buletin de Bucure\u0219ti. M-am n\u0103scut \u0219i am crescut cu m\u00e2ndrie \u00een Capital\u0103, ora\u0219 al pove\u0219tilor, al tramvaiului tras de cai \u0219i al c\u0103su\u021belor cu porti\u021b\u0103 \u0219i ci\u0219mea. Prin articolele mele, m\u0103 str\u0103duiesc s\u0103 descriu cu acurate\u021be via\u021ba din Bucure\u0219ti pe ecranele cititorilor no\u0219tri \u0219i \u00eencerc totodat\u0103 s\u0103 fac accesibile subiecte de interes general tuturor, de la mic la mare.\",\"url\":\"https:\\\/\\\/buletin.de\\\/bucuresti\\\/author\\\/alexandru-stan\\\/\"}]}<\/script>\n<!-- \/ Yoast SEO Premium plugin. -->","yoast_head_json":{"title":"\u015eantierul M6, co\u015fmarul bucure\u015ftenilor din zona 1 Mai: pagubele sunt uria\u0219e, oamenii sunt dispera\u021bi, autorit\u0103\u021bile sunt dep\u0103\u0219ite - Buletin de Bucure\u0219ti","description":"\u015eantierul Magistralei 6 de metrou din Capital\u0103 s-a transformat \u00eenc\u0103 din luna august a anului trecut co\u015fmarul bucure\u015ftenilor din zona 1 Mai.","robots":{"index":"index","follow":"follow","max-snippet":"max-snippet:-1","max-image-preview":"max-image-preview:large","max-video-preview":"max-video-preview:-1"},"canonical":"https:\/\/buletin.de\/bucuresti\/santierul-m6-cosmarul-bucurestenilor-din-zona-1-mai-pagubele-sunt-uriase\/","og_locale":"en_GB","og_type":"article","og_title":"\u015eantierul M6, co\u015fmarul bucure\u015ftenilor din zona 1 Mai: pagubele sunt uria\u0219e, oamenii sunt dispera\u021bi, autorit\u0103\u021bile sunt dep\u0103\u0219ite","og_description":"\u015eantierul Magistralei 6 de metrou din Capital\u0103 s-a transformat \u00eenc\u0103 din luna august a anului trecut co\u015fmarul bucure\u015ftenilor din zona 1 Mai.","og_url":"https:\/\/buletin.de\/bucuresti\/santierul-m6-cosmarul-bucurestenilor-din-zona-1-mai-pagubele-sunt-uriase\/","og_site_name":"Buletin de Bucure\u0219ti","article_publisher":"https:\/\/www.facebook.com\/buletin.de.buc","article_published_time":"2025-01-20T12:37:00+00:00","article_modified_time":"2025-01-21T04:17:21+00:00","og_image":[{"width":2000,"height":1125,"url":"https:\/\/buletin.de\/bucuresti\/wp-content\/uploads\/IMG-20250118-WA0031.jpg","type":"image\/jpeg"}],"author":"Alexandru Stan","twitter_card":"summary_large_image","twitter_misc":{"Written by":"Alexandru Stan","Estimated reading time":"7 minutes"},"schema":{"@context":"https:\/\/schema.org","@graph":[{"@type":"Article","@id":"https:\/\/buletin.de\/bucuresti\/santierul-m6-cosmarul-bucurestenilor-din-zona-1-mai-pagubele-sunt-uriase\/#article","isPartOf":{"@id":"https:\/\/buletin.de\/bucuresti\/santierul-m6-cosmarul-bucurestenilor-din-zona-1-mai-pagubele-sunt-uriase\/"},"author":{"name":"Alexandru Stan","@id":"https:\/\/buletin.de\/bucuresti\/#\/schema\/person\/104a46bbe8be6e336fecf63974383951"},"headline":"\u015eantierul M6, co\u015fmarul bucure\u015ftenilor din zona 1 Mai: pagubele sunt uria\u0219e, oamenii sunt dispera\u021bi, autorit\u0103\u021bile sunt dep\u0103\u0219ite","datePublished":"2025-01-20T12:37:00+00:00","dateModified":"2025-01-21T04:17:21+00:00","mainEntityOfPage":{"@id":"https:\/\/buletin.de\/bucuresti\/santierul-m6-cosmarul-bucurestenilor-din-zona-1-mai-pagubele-sunt-uriase\/"},"wordCount":1396,"publisher":{"@id":"https:\/\/buletin.de\/bucuresti\/#organization"},"image":{"@id":"https:\/\/buletin.de\/bucuresti\/santierul-m6-cosmarul-bucurestenilor-din-zona-1-mai-pagubele-sunt-uriase\/#primaryimage"},"thumbnailUrl":"https:\/\/buletin.de\/bucuresti\/wp-content\/uploads\/IMG-20250118-WA0031.jpg","keywords":["calea grivitei","case crapate","case surpate","mircesti","probleme locuitori zona 1 mai","santier m6","Soveja","strada carpati","trafic greu zona 1 mai"],"articleSection":["Articole","Main","Reportaj"],"inLanguage":"en-GB","copyrightYear":"2025","copyrightHolder":{"@id":"https:\/\/buletin.de\/bucuresti\/#organization"}},{"@type":"WebPage","@id":"https:\/\/buletin.de\/bucuresti\/santierul-m6-cosmarul-bucurestenilor-din-zona-1-mai-pagubele-sunt-uriase\/","url":"https:\/\/buletin.de\/bucuresti\/santierul-m6-cosmarul-bucurestenilor-din-zona-1-mai-pagubele-sunt-uriase\/","name":"\u015eantierul M6, co\u015fmarul bucure\u015ftenilor din zona 1 Mai: pagubele sunt uria\u0219e, oamenii sunt dispera\u021bi, autorit\u0103\u021bile sunt dep\u0103\u0219ite - Buletin de Bucure\u0219ti","isPartOf":{"@id":"https:\/\/buletin.de\/bucuresti\/#website"},"primaryImageOfPage":{"@id":"https:\/\/buletin.de\/bucuresti\/santierul-m6-cosmarul-bucurestenilor-din-zona-1-mai-pagubele-sunt-uriase\/#primaryimage"},"image":{"@id":"https:\/\/buletin.de\/bucuresti\/santierul-m6-cosmarul-bucurestenilor-din-zona-1-mai-pagubele-sunt-uriase\/#primaryimage"},"thumbnailUrl":"https:\/\/buletin.de\/bucuresti\/wp-content\/uploads\/IMG-20250118-WA0031.jpg","datePublished":"2025-01-20T12:37:00+00:00","dateModified":"2025-01-21T04:17:21+00:00","description":"\u015eantierul Magistralei 6 de metrou din Capital\u0103 s-a transformat \u00eenc\u0103 din luna august a anului trecut co\u015fmarul bucure\u015ftenilor din zona 1 Mai.","breadcrumb":{"@id":"https:\/\/buletin.de\/bucuresti\/santierul-m6-cosmarul-bucurestenilor-din-zona-1-mai-pagubele-sunt-uriase\/#breadcrumb"},"inLanguage":"en-GB","potentialAction":[{"@type":"ReadAction","target":["https:\/\/buletin.de\/bucuresti\/santierul-m6-cosmarul-bucurestenilor-din-zona-1-mai-pagubele-sunt-uriase\/"]}]},{"@type":"ImageObject","inLanguage":"en-GB","@id":"https:\/\/buletin.de\/bucuresti\/santierul-m6-cosmarul-bucurestenilor-din-zona-1-mai-pagubele-sunt-uriase\/#primaryimage","url":"https:\/\/buletin.de\/bucuresti\/wp-content\/uploads\/IMG-20250118-WA0031.jpg","contentUrl":"https:\/\/buletin.de\/bucuresti\/wp-content\/uploads\/IMG-20250118-WA0031.jpg","width":2000,"height":1125},{"@type":"BreadcrumbList","@id":"https:\/\/buletin.de\/bucuresti\/santierul-m6-cosmarul-bucurestenilor-din-zona-1-mai-pagubele-sunt-uriase\/#breadcrumb","itemListElement":[{"@type":"ListItem","position":1,"name":"Acas\u0103","item":"https:\/\/buletin.de\/bucuresti\/"},{"@type":"ListItem","position":2,"name":"\u015eantierul M6, co\u015fmarul bucure\u015ftenilor din zona 1 Mai: pagubele sunt uria\u0219e, oamenii sunt dispera\u021bi, autorit\u0103\u021bile sunt dep\u0103\u0219ite"}]},{"@type":"WebSite","@id":"https:\/\/buletin.de\/bucuresti\/#website","url":"https:\/\/buletin.de\/bucuresti\/","name":"Buletin de Bucure\u0219ti","description":"\u0218tiri \u0219i investiga\u021bii esen\u021biale din capital\u0103","publisher":{"@id":"https:\/\/buletin.de\/bucuresti\/#organization"},"potentialAction":[{"@type":"SearchAction","target":{"@type":"EntryPoint","urlTemplate":"https:\/\/buletin.de\/bucuresti\/?s={search_term_string}"},"query-input":{"@type":"PropertyValueSpecification","valueRequired":true,"valueName":"search_term_string"}}],"inLanguage":"en-GB"},{"@type":"Organization","@id":"https:\/\/buletin.de\/bucuresti\/#organization","name":"Buletin de Bucure\u0219ti","url":"https:\/\/buletin.de\/bucuresti\/","logo":{"@type":"ImageObject","inLanguage":"en-GB","@id":"https:\/\/buletin.de\/bucuresti\/#\/schema\/logo\/image\/","url":"https:\/\/buletin.de\/bucuresti\/wp-content\/uploads\/logo-bdb-full-wide-vernil-transparent.png","contentUrl":"https:\/\/buletin.de\/bucuresti\/wp-content\/uploads\/logo-bdb-full-wide-vernil-transparent.png","width":1782,"height":626,"caption":"Buletin de Bucure\u0219ti"},"image":{"@id":"https:\/\/buletin.de\/bucuresti\/#\/schema\/logo\/image\/"},"sameAs":["https:\/\/www.facebook.com\/buletin.de.buc","https:\/\/www.instagram.com\/buletinde.bucuresti\/"]},{"@type":"Person","@id":"https:\/\/buletin.de\/bucuresti\/#\/schema\/person\/104a46bbe8be6e336fecf63974383951","name":"Alexandru Stan","image":{"@type":"ImageObject","inLanguage":"en-GB","@id":"https:\/\/buletin.de\/bucuresti\/wp-content\/uploads\/2025\/12\/IMG-20251216-WA0045-e1766134343668-96x96.jpgd0ca12809ae3e1d27116a2afe8926544","url":"https:\/\/buletin.de\/bucuresti\/wp-content\/uploads\/2025\/12\/IMG-20251216-WA0045-e1766134343668-96x96.jpg","contentUrl":"https:\/\/buletin.de\/bucuresti\/wp-content\/uploads\/2025\/12\/IMG-20251216-WA0045-e1766134343668-96x96.jpg","caption":"Alexandru Stan"},"description":"Sunt elev la un colegiu de prestigiu din Capital\u0103 \u0219i reporter la Buletin de Bucure\u0219ti. M-am n\u0103scut \u0219i am crescut cu m\u00e2ndrie \u00een Capital\u0103, ora\u0219 al pove\u0219tilor, al tramvaiului tras de cai \u0219i al c\u0103su\u021belor cu porti\u021b\u0103 \u0219i ci\u0219mea. Prin articolele mele, m\u0103 str\u0103duiesc s\u0103 descriu cu acurate\u021be via\u021ba din Bucure\u0219ti pe ecranele cititorilor no\u0219tri \u0219i \u00eencerc totodat\u0103 s\u0103 fac accesibile subiecte de interes general tuturor, de la mic la mare.","url":"https:\/\/buletin.de\/bucuresti\/author\/alexandru-stan\/"}]}},"authors":[{"term_id":22577,"user_id":61,"is_guest":0,"slug":"alexandru-stan","display_name":"Alexandru Stan","avatar_url":"https:\/\/buletin.de\/bucuresti\/wp-content\/uploads\/2025\/12\/IMG-20251216-WA0045-e1766134343668-96x96.jpg","0":null,"1":"","2":"","3":"","4":"","5":"","6":"","7":"","8":""}],"_links":{"self":[{"href":"https:\/\/buletin.de\/bucuresti\/wp-json\/wp\/v2\/posts\/114862","targetHints":{"allow":["GET"]}}],"collection":[{"href":"https:\/\/buletin.de\/bucuresti\/wp-json\/wp\/v2\/posts"}],"about":[{"href":"https:\/\/buletin.de\/bucuresti\/wp-json\/wp\/v2\/types\/post"}],"author":[{"embeddable":true,"href":"https:\/\/buletin.de\/bucuresti\/wp-json\/wp\/v2\/users\/61"}],"replies":[{"embeddable":true,"href":"https:\/\/buletin.de\/bucuresti\/wp-json\/wp\/v2\/comments?post=114862"}],"version-history":[{"count":11,"href":"https:\/\/buletin.de\/bucuresti\/wp-json\/wp\/v2\/posts\/114862\/revisions"}],"predecessor-version":[{"id":115032,"href":"https:\/\/buletin.de\/bucuresti\/wp-json\/wp\/v2\/posts\/114862\/revisions\/115032"}],"wp:featuredmedia":[{"embeddable":true,"href":"https:\/\/buletin.de\/bucuresti\/wp-json\/wp\/v2\/media\/114936"}],"wp:attachment":[{"href":"https:\/\/buletin.de\/bucuresti\/wp-json\/wp\/v2\/media?parent=114862"}],"wp:term":[{"taxonomy":"category","embeddable":true,"href":"https:\/\/buletin.de\/bucuresti\/wp-json\/wp\/v2\/categories?post=114862"},{"taxonomy":"post_tag","embeddable":true,"href":"https:\/\/buletin.de\/bucuresti\/wp-json\/wp\/v2\/tags?post=114862"},{"taxonomy":"author","embeddable":true,"href":"https:\/\/buletin.de\/bucuresti\/wp-json\/wp\/v2\/ppma_author?post=114862"}],"curies":[{"name":"wp","href":"https:\/\/api.w.org\/{rel}","templated":true}]}}