{"id":114780,"date":"2025-01-18T12:50:53","date_gmt":"2025-01-18T09:50:53","guid":{"rendered":"https:\/\/buletin.de\/bucuresti\/?p=114780"},"modified":"2025-01-18T12:52:31","modified_gmt":"2025-01-18T09:52:31","slug":"nicusor-dan-intalnire-cu-reprezentantii-frf-si-cei-ai-cluburilor-din-bucuresti","status":"publish","type":"post","link":"https:\/\/buletin.de\/bucuresti\/nicusor-dan-intalnire-cu-reprezentantii-frf-si-cei-ai-cluburilor-din-bucuresti\/","title":{"rendered":"Nicu\u015for Dan, \u00eent\u00e2lnire cu reprezentan\u0163ii FRF \u015fi cei ai cluburilor din Bucure\u015fti"},"content":{"rendered":"\n<p><strong>Primarul general Nicu\u015for Dan anun\u0163\u0103 c\u0103 a avut o \u00eent\u00e2lnire cu reprezentan\u0163ii Federa\u0163iei Rom\u00e2ne de Fotbal (FRF) \u015fi cu cei ai cluburilor FCSB, Dinamo \u015fi Rapid, pe tema evenimentelor care vor avea loc pe Arena Na\u0163ional\u0103 \u00een 2025. Potrivit edilului, acolo vor fi organizate cele mai importante meciuri din campionatele interne \u015fi interna\u0163ionale, dar \u015fi concertele cele mai a\u015fteptate ale anului. <\/strong><\/p>\n\n\n\n<p>Evenimentele de amploare, precum marile concerte, vor aduce venituri semnificative \u015fi vor pune \u00een valoare at\u00e2t stadionul, c\u00e2t \u015fi ora\u015ful, spune Nicu\u015for Dan, \u00een <a href=\"https:\/\/www.facebook.com\/NicusorDan.ro\/posts\/pfbid0RiYykQ1YJGkQ1gBNbxvJ3TNWjF4xPoMBvoQ7zYM6bUP1Mo6sTGyLjj4Fw7a2mWmVl\">postarea de Facebook<\/a> prin care a anun\u0163at discu\u0163ia dintre el \u015fi reprezentan\u0163ii Federa\u0163iei \u015fi ai cluburilor. <\/p>\n\n\n\n<figure class=\"wp-block-gallery has-nested-images columns-default is-cropped wp-block-gallery-1 is-layout-flex wp-block-gallery-is-layout-flex\">\n<figure class=\"wp-block-image size-large\"><img fetchpriority=\"high\" decoding=\"async\" width=\"900\" height=\"599\" data-id=\"114783\" src=\"data:image\/gif;base64,R0lGODlhAQABAAAAACH5BAEKAAEALAAAAAABAAEAAAICTAEAOw==\" data-src=\"https:\/\/buletin.de\/bucuresti\/wp-content\/uploads\/nicusor-dan-frf-si-cluburi-2-900x599.jpg\" alt=\"\" class=\"wp-image-114783 lazyload\" data-sizes=\"auto\" data-srcset=\"https:\/\/buletin.de\/bucuresti\/wp-content\/uploads\/nicusor-dan-frf-si-cluburi-2-900x599.jpg 900w, https:\/\/buletin.de\/bucuresti\/wp-content\/uploads\/nicusor-dan-frf-si-cluburi-2-300x200.jpg 300w, https:\/\/buletin.de\/bucuresti\/wp-content\/uploads\/nicusor-dan-frf-si-cluburi-2-768x512.jpg 768w, https:\/\/buletin.de\/bucuresti\/wp-content\/uploads\/nicusor-dan-frf-si-cluburi-2-600x400.jpg 600w, https:\/\/buletin.de\/bucuresti\/wp-content\/uploads\/nicusor-dan-frf-si-cluburi-2-20x13.jpg 20w, https:\/\/buletin.de\/bucuresti\/wp-content\/uploads\/nicusor-dan-frf-si-cluburi-2.jpg 1066w\" sizes=\"(max-width: 900px) 100vw, 900px\" \/><\/figure>\n\n\n\n<figure class=\"wp-block-image size-large\"><img decoding=\"async\" width=\"900\" height=\"599\" data-id=\"114785\" src=\"data:image\/gif;base64,R0lGODlhAQABAAAAACH5BAEKAAEALAAAAAABAAEAAAICTAEAOw==\" data-src=\"https:\/\/buletin.de\/bucuresti\/wp-content\/uploads\/nicusor-dan-frf-si-cluburi-3-900x599.jpg\" alt=\"\" class=\"wp-image-114785 lazyload\" data-sizes=\"auto\" data-srcset=\"https:\/\/buletin.de\/bucuresti\/wp-content\/uploads\/nicusor-dan-frf-si-cluburi-3-900x599.jpg 900w, https:\/\/buletin.de\/bucuresti\/wp-content\/uploads\/nicusor-dan-frf-si-cluburi-3-300x200.jpg 300w, https:\/\/buletin.de\/bucuresti\/wp-content\/uploads\/nicusor-dan-frf-si-cluburi-3-768x512.jpg 768w, https:\/\/buletin.de\/bucuresti\/wp-content\/uploads\/nicusor-dan-frf-si-cluburi-3-600x400.jpg 600w, https:\/\/buletin.de\/bucuresti\/wp-content\/uploads\/nicusor-dan-frf-si-cluburi-3-20x13.jpg 20w, https:\/\/buletin.de\/bucuresti\/wp-content\/uploads\/nicusor-dan-frf-si-cluburi-3.jpg 1066w\" sizes=\"(max-width: 900px) 100vw, 900px\" \/><\/figure>\n\n\n\n<figure class=\"wp-block-image size-large\"><img decoding=\"async\" width=\"900\" height=\"599\" data-id=\"114786\" src=\"data:image\/gif;base64,R0lGODlhAQABAAAAACH5BAEKAAEALAAAAAABAAEAAAICTAEAOw==\" data-src=\"https:\/\/buletin.de\/bucuresti\/wp-content\/uploads\/nicusor-dan-frf-si-cluburi-4-900x599.jpg\" alt=\"\" class=\"wp-image-114786 lazyload\" data-sizes=\"auto\" data-srcset=\"https:\/\/buletin.de\/bucuresti\/wp-content\/uploads\/nicusor-dan-frf-si-cluburi-4-900x599.jpg 900w, https:\/\/buletin.de\/bucuresti\/wp-content\/uploads\/nicusor-dan-frf-si-cluburi-4-300x200.jpg 300w, https:\/\/buletin.de\/bucuresti\/wp-content\/uploads\/nicusor-dan-frf-si-cluburi-4-768x512.jpg 768w, https:\/\/buletin.de\/bucuresti\/wp-content\/uploads\/nicusor-dan-frf-si-cluburi-4-600x400.jpg 600w, https:\/\/buletin.de\/bucuresti\/wp-content\/uploads\/nicusor-dan-frf-si-cluburi-4-20x13.jpg 20w, https:\/\/buletin.de\/bucuresti\/wp-content\/uploads\/nicusor-dan-frf-si-cluburi-4.jpg 1066w\" sizes=\"(max-width: 900px) 100vw, 900px\" \/><\/figure>\n\n\n\n<figure class=\"wp-block-image size-large\"><img loading=\"lazy\" decoding=\"async\" width=\"900\" height=\"599\" data-id=\"114784\" src=\"data:image\/gif;base64,R0lGODlhAQABAAAAACH5BAEKAAEALAAAAAABAAEAAAICTAEAOw==\" data-src=\"https:\/\/buletin.de\/bucuresti\/wp-content\/uploads\/nicusor-dan-frf-si-cluburi-5-900x599.jpg\" alt=\"\" class=\"wp-image-114784 lazyload\" data-sizes=\"auto\" data-srcset=\"https:\/\/buletin.de\/bucuresti\/wp-content\/uploads\/nicusor-dan-frf-si-cluburi-5-900x599.jpg 900w, https:\/\/buletin.de\/bucuresti\/wp-content\/uploads\/nicusor-dan-frf-si-cluburi-5-300x200.jpg 300w, https:\/\/buletin.de\/bucuresti\/wp-content\/uploads\/nicusor-dan-frf-si-cluburi-5-768x512.jpg 768w, https:\/\/buletin.de\/bucuresti\/wp-content\/uploads\/nicusor-dan-frf-si-cluburi-5-600x400.jpg 600w, https:\/\/buletin.de\/bucuresti\/wp-content\/uploads\/nicusor-dan-frf-si-cluburi-5-20x13.jpg 20w, https:\/\/buletin.de\/bucuresti\/wp-content\/uploads\/nicusor-dan-frf-si-cluburi-5.jpg 1066w\" sizes=\"(max-width: 900px) 100vw, 900px\" \/><\/figure>\n<figcaption class=\"blocks-gallery-caption wp-element-caption\">foto: FB \/ Nicusor Dan<\/figcaption><\/figure>\n\n\n\n<p>Nicu\u015for Dan, \u00eent\u00e2lnire cu mai-marii din fotbal: \u201e\u00cen cur\u00e2nd va urma o nou\u0103 \u00eent\u00e2lnire cu reprezentan\u021bii sportului fotbalului din Rom\u00e2nia, c\u0103rora le mul\u021bumesc pentru deschiderea ar\u0103tat\u0103. <strong>Vom analiza \u0219i optimiza calendarul meciurilor \u0219i evenimentelor de pe Arena Na\u021bional\u0103<\/strong>\u201d, a ad\u0103ugat primarul.<\/p>\n\n\n\n<p>Arena Na\u0163ional\u0103 a adus <a href=\"https:\/\/buletin.de\/bucuresti\/fabrica-de-bani-de-la-arena-nationala-4-milioane-de-euro-in-ultimii-trei-ani\/\">contribu\u0163ii semnificative la bugetul Capitalei<\/a>. De exemplu, \u00een perioada 2020-2023, \u00een vistieria PMB au intrat peste patru milioane de euro. Comparativ, \u00een perioada 2018 \u2013 2020, \u00eencas\u0103rile au fost de doar 1,2 milioane euro.<\/p>\n\n\n\n<p>Anul trecut, a fost organizat\u0103 acolo inclusiv o petrecere de Revelion exclusivist\u0103, care s-a \u0163inut \u00een holul institu\u021biei, \u00een zona indoor a lojelor VIP.<\/p>\n\n\n\n<p>Pe de alt\u0103 parte, peste 340.000 de euro cost\u0103 cur\u0103\u021benia pe Arena Na\u021bional\u0103. Contractul dintre Prim\u0103ria Municipiului Bucure\u0219ti (PMB) \u0219i Romprest, c\u00e2\u0219tig\u0103torul licita\u021biei, are o durat\u0103 de 12 luni, din aprilie 2024 \u0219i p\u00e2n\u0103 \u00een aceea\u0219i lun\u0103 a anului 2025.<\/p>\n\n\n\n<p>Serviciile de cur\u0103\u021benie prestate de firma de salubritate \u201ela cele mai \u00eenalte standarde de calitate\u201d, conform caietului de sarcini, constau \u00een: servicii de \u00eentre\u021binere a cur\u0103\u021beniei \u00een grupurile sanitare, \u00een ascensoare, \u00een birouri, \u00een cabinete medicale, vestiare, loje VIP, terase VIP, foaier VIP \u0219i alte zone ale stadionului, precum \u0219i servicii de desz\u0103pezire \u0219i de colectare, transport, c\u00e2nt\u0103rire \u0219i depozitare a de\u0219eurilor \u00een depozite autorizate.<\/p>\n\n\n\n<p><strong>CITE\u015eTE \u015eI:<\/strong> <a href=\"https:\/\/buletin.de\/bucuresti\/peste-340-000-de-euro-pentru-curatenia-pe-arena-nationala-romprest-castigatorul-licitatiei\/\">Peste 340.000 de euro pentru cur\u0103\u021benia pe Arena Na\u021bional\u0103. Romprest, c\u00e2\u0219tig\u0103torul licita\u021biei<\/a><br><\/p>\n\n\n\n<p><\/p>\n","protected":false},"excerpt":{"rendered":"<p>Primarul general Nicu\u015for Dan anun\u0163\u0103 c\u0103 a avut o \u00eent\u00e2lnire cu reprezentan\u0163ii Federa\u0163iei Rom\u00e2ne de Fotbal (FRF) \u015fi cu cei ai cluburilor FCSB, Dinamo \u015fi Rapid, pe tema evenimentelor care vor avea loc pe Arena Na\u0163ional\u0103 \u00een 2025. Potrivit edilului, acolo vor fi organizate cele mai importante meciuri din campionatele interne \u015fi interna\u0163ionale, dar \u015fi [&hellip;]<\/p>\n","protected":false},"author":1,"featured_media":114781,"comment_status":"closed","ping_status":"open","sticky":false,"template":"","format":"standard","meta":{"_acf_changed":false,"inline_featured_image":false,"ngg_post_thumbnail":0,"footnotes":""},"categories":[6994,5762,24],"tags":[261,18494,370,6584,7937,223,3783],"ppma_author":[22583],"class_list":["post-114780","post","type-post","status-publish","format-standard","has-post-thumbnail","hentry","category-stiri-2","category-main","category-primarie","tag-arena-nationala","tag-burleanu","tag-dinamo","tag-fcsb","tag-frf","tag-nicusor-dan","tag-rapid"],"acf":[],"yoast_head":"<!-- This site is optimized with the Yoast SEO Premium plugin v25.3 (Yoast SEO v27.5) - https:\/\/yoast.com\/product\/yoast-seo-premium-wordpress\/ -->\n<title>Nicu\u015for Dan, \u00eent\u00e2lnire cu reprezentan\u0163ii FRF \u015fi cei ai cluburilor din Bucure\u015fti - Buletin de Bucure\u0219ti<\/title>\n<meta name=\"description\" content=\"Primarul general Nicu\u015for Dan anun\u0163\u0103 c\u0103 a avut o \u00eent\u00e2lnire cu reprezentan\u0163ii Federa\u0163iei Rom\u00e2ne de Fotbal (FRF) \u015fi cu cei ai cluburilor.\" \/>\n<meta name=\"robots\" content=\"index, follow, max-snippet:-1, max-image-preview:large, max-video-preview:-1\" \/>\n<link rel=\"canonical\" href=\"https:\/\/buletin.de\/bucuresti\/nicusor-dan-intalnire-cu-reprezentantii-frf-si-cei-ai-cluburilor-din-bucuresti\/\" \/>\n<meta property=\"og:locale\" content=\"en_GB\" \/>\n<meta property=\"og:type\" content=\"article\" \/>\n<meta property=\"og:title\" content=\"Nicu\u015for Dan, \u00eent\u00e2lnire cu reprezentan\u0163ii FRF \u015fi cei ai cluburilor din Bucure\u015fti\" \/>\n<meta property=\"og:description\" content=\"Primarul general Nicu\u015for Dan anun\u0163\u0103 c\u0103 a avut o \u00eent\u00e2lnire cu reprezentan\u0163ii Federa\u0163iei Rom\u00e2ne de Fotbal (FRF) \u015fi cu cei ai cluburilor.\" \/>\n<meta property=\"og:url\" content=\"https:\/\/buletin.de\/bucuresti\/nicusor-dan-intalnire-cu-reprezentantii-frf-si-cei-ai-cluburilor-din-bucuresti\/\" \/>\n<meta property=\"og:site_name\" content=\"Buletin de Bucure\u0219ti\" \/>\n<meta property=\"article:publisher\" content=\"https:\/\/www.facebook.com\/buletin.de.buc\" \/>\n<meta property=\"article:published_time\" content=\"2025-01-18T09:50:53+00:00\" \/>\n<meta property=\"article:modified_time\" content=\"2025-01-18T09:52:31+00:00\" \/>\n<meta property=\"og:image\" content=\"https:\/\/buletin.de\/bucuresti\/wp-content\/uploads\/nicusor-dan-frf-si-cluburi-1.jpg\" \/>\n\t<meta property=\"og:image:width\" content=\"1065\" \/>\n\t<meta property=\"og:image:height\" content=\"710\" \/>\n\t<meta property=\"og:image:type\" content=\"image\/jpeg\" \/>\n<meta name=\"author\" content=\"Redac\u021bia Buletin de Bucure\u0219ti\" \/>\n<meta name=\"twitter:card\" content=\"summary_large_image\" \/>\n<meta name=\"twitter:label1\" content=\"Written by\" \/>\n\t<meta name=\"twitter:data1\" content=\"Redac\u021bia Buletin de Bucure\u0219ti\" \/>\n\t<meta name=\"twitter:label2\" content=\"Estimated reading time\" \/>\n\t<meta name=\"twitter:data2\" content=\"3 minutes\" \/>\n<script type=\"application\/ld+json\" class=\"yoast-schema-graph\">{\"@context\":\"https:\\\/\\\/schema.org\",\"@graph\":[{\"@type\":\"Article\",\"@id\":\"https:\\\/\\\/buletin.de\\\/bucuresti\\\/nicusor-dan-intalnire-cu-reprezentantii-frf-si-cei-ai-cluburilor-din-bucuresti\\\/#article\",\"isPartOf\":{\"@id\":\"https:\\\/\\\/buletin.de\\\/bucuresti\\\/nicusor-dan-intalnire-cu-reprezentantii-frf-si-cei-ai-cluburilor-din-bucuresti\\\/\"},\"author\":{\"name\":\"Redac\u021bia Buletin de Bucure\u0219ti\",\"@id\":\"https:\\\/\\\/buletin.de\\\/bucuresti\\\/#\\\/schema\\\/person\\\/2bbcf854e5f2419a13804af574d06ab1\"},\"headline\":\"Nicu\u015for Dan, \u00eent\u00e2lnire cu reprezentan\u0163ii FRF \u015fi cei ai cluburilor din Bucure\u015fti\",\"datePublished\":\"2025-01-18T09:50:53+00:00\",\"dateModified\":\"2025-01-18T09:52:31+00:00\",\"mainEntityOfPage\":{\"@id\":\"https:\\\/\\\/buletin.de\\\/bucuresti\\\/nicusor-dan-intalnire-cu-reprezentantii-frf-si-cei-ai-cluburilor-din-bucuresti\\\/\"},\"wordCount\":386,\"publisher\":{\"@id\":\"https:\\\/\\\/buletin.de\\\/bucuresti\\\/#organization\"},\"image\":{\"@id\":\"https:\\\/\\\/buletin.de\\\/bucuresti\\\/nicusor-dan-intalnire-cu-reprezentantii-frf-si-cei-ai-cluburilor-din-bucuresti\\\/#primaryimage\"},\"thumbnailUrl\":\"https:\\\/\\\/buletin.de\\\/bucuresti\\\/wp-content\\\/uploads\\\/nicusor-dan-frf-si-cluburi-1.jpg\",\"keywords\":[\"arena nationala\",\"burleanu\",\"dinamo\",\"fcsb\",\"frf\",\"nicusor dan\",\"Rapid\"],\"articleSection\":[\"Articole\",\"Main\",\"Prim\u0103rie\"],\"inLanguage\":\"en-GB\",\"copyrightYear\":\"2025\",\"copyrightHolder\":{\"@id\":\"https:\\\/\\\/buletin.de\\\/bucuresti\\\/#organization\"}},{\"@type\":\"WebPage\",\"@id\":\"https:\\\/\\\/buletin.de\\\/bucuresti\\\/nicusor-dan-intalnire-cu-reprezentantii-frf-si-cei-ai-cluburilor-din-bucuresti\\\/\",\"url\":\"https:\\\/\\\/buletin.de\\\/bucuresti\\\/nicusor-dan-intalnire-cu-reprezentantii-frf-si-cei-ai-cluburilor-din-bucuresti\\\/\",\"name\":\"Nicu\u015for Dan, \u00eent\u00e2lnire cu reprezentan\u0163ii FRF \u015fi cei ai cluburilor din Bucure\u015fti - Buletin de Bucure\u0219ti\",\"isPartOf\":{\"@id\":\"https:\\\/\\\/buletin.de\\\/bucuresti\\\/#website\"},\"primaryImageOfPage\":{\"@id\":\"https:\\\/\\\/buletin.de\\\/bucuresti\\\/nicusor-dan-intalnire-cu-reprezentantii-frf-si-cei-ai-cluburilor-din-bucuresti\\\/#primaryimage\"},\"image\":{\"@id\":\"https:\\\/\\\/buletin.de\\\/bucuresti\\\/nicusor-dan-intalnire-cu-reprezentantii-frf-si-cei-ai-cluburilor-din-bucuresti\\\/#primaryimage\"},\"thumbnailUrl\":\"https:\\\/\\\/buletin.de\\\/bucuresti\\\/wp-content\\\/uploads\\\/nicusor-dan-frf-si-cluburi-1.jpg\",\"datePublished\":\"2025-01-18T09:50:53+00:00\",\"dateModified\":\"2025-01-18T09:52:31+00:00\",\"description\":\"Primarul general Nicu\u015for Dan anun\u0163\u0103 c\u0103 a avut o \u00eent\u00e2lnire cu reprezentan\u0163ii Federa\u0163iei Rom\u00e2ne de Fotbal (FRF) \u015fi cu cei ai cluburilor.\",\"breadcrumb\":{\"@id\":\"https:\\\/\\\/buletin.de\\\/bucuresti\\\/nicusor-dan-intalnire-cu-reprezentantii-frf-si-cei-ai-cluburilor-din-bucuresti\\\/#breadcrumb\"},\"inLanguage\":\"en-GB\",\"potentialAction\":[{\"@type\":\"ReadAction\",\"target\":[\"https:\\\/\\\/buletin.de\\\/bucuresti\\\/nicusor-dan-intalnire-cu-reprezentantii-frf-si-cei-ai-cluburilor-din-bucuresti\\\/\"]}]},{\"@type\":\"ImageObject\",\"inLanguage\":\"en-GB\",\"@id\":\"https:\\\/\\\/buletin.de\\\/bucuresti\\\/nicusor-dan-intalnire-cu-reprezentantii-frf-si-cei-ai-cluburilor-din-bucuresti\\\/#primaryimage\",\"url\":\"https:\\\/\\\/buletin.de\\\/bucuresti\\\/wp-content\\\/uploads\\\/nicusor-dan-frf-si-cluburi-1.jpg\",\"contentUrl\":\"https:\\\/\\\/buletin.de\\\/bucuresti\\\/wp-content\\\/uploads\\\/nicusor-dan-frf-si-cluburi-1.jpg\",\"width\":1065,\"height\":710,\"caption\":\"Nicu\u015for Dan, \u00eent\u00e2lnire cu R\u0103zvan Burleanu \u015fi reprezentan\u0163ii principalelor cluburi din Bucure\u015fti. foto: FB \\\/ Nicusor Dan\"},{\"@type\":\"BreadcrumbList\",\"@id\":\"https:\\\/\\\/buletin.de\\\/bucuresti\\\/nicusor-dan-intalnire-cu-reprezentantii-frf-si-cei-ai-cluburilor-din-bucuresti\\\/#breadcrumb\",\"itemListElement\":[{\"@type\":\"ListItem\",\"position\":1,\"name\":\"Acas\u0103\",\"item\":\"https:\\\/\\\/buletin.de\\\/bucuresti\\\/\"},{\"@type\":\"ListItem\",\"position\":2,\"name\":\"Nicu\u015for Dan, \u00eent\u00e2lnire cu reprezentan\u0163ii FRF \u015fi cei ai cluburilor din Bucure\u015fti\"}]},{\"@type\":\"WebSite\",\"@id\":\"https:\\\/\\\/buletin.de\\\/bucuresti\\\/#website\",\"url\":\"https:\\\/\\\/buletin.de\\\/bucuresti\\\/\",\"name\":\"Buletin de Bucure\u0219ti\",\"description\":\"\u0218tiri \u0219i investiga\u021bii esen\u021biale din capital\u0103\",\"publisher\":{\"@id\":\"https:\\\/\\\/buletin.de\\\/bucuresti\\\/#organization\"},\"potentialAction\":[{\"@type\":\"SearchAction\",\"target\":{\"@type\":\"EntryPoint\",\"urlTemplate\":\"https:\\\/\\\/buletin.de\\\/bucuresti\\\/?s={search_term_string}\"},\"query-input\":{\"@type\":\"PropertyValueSpecification\",\"valueRequired\":true,\"valueName\":\"search_term_string\"}}],\"inLanguage\":\"en-GB\"},{\"@type\":\"Organization\",\"@id\":\"https:\\\/\\\/buletin.de\\\/bucuresti\\\/#organization\",\"name\":\"Buletin de Bucure\u0219ti\",\"url\":\"https:\\\/\\\/buletin.de\\\/bucuresti\\\/\",\"logo\":{\"@type\":\"ImageObject\",\"inLanguage\":\"en-GB\",\"@id\":\"https:\\\/\\\/buletin.de\\\/bucuresti\\\/#\\\/schema\\\/logo\\\/image\\\/\",\"url\":\"https:\\\/\\\/buletin.de\\\/bucuresti\\\/wp-content\\\/uploads\\\/logo-bdb-full-wide-vernil-transparent.png\",\"contentUrl\":\"https:\\\/\\\/buletin.de\\\/bucuresti\\\/wp-content\\\/uploads\\\/logo-bdb-full-wide-vernil-transparent.png\",\"width\":1782,\"height\":626,\"caption\":\"Buletin de Bucure\u0219ti\"},\"image\":{\"@id\":\"https:\\\/\\\/buletin.de\\\/bucuresti\\\/#\\\/schema\\\/logo\\\/image\\\/\"},\"sameAs\":[\"https:\\\/\\\/www.facebook.com\\\/buletin.de.buc\",\"https:\\\/\\\/www.instagram.com\\\/buletinde.bucuresti\\\/\"]},{\"@type\":\"Person\",\"@id\":\"https:\\\/\\\/buletin.de\\\/bucuresti\\\/#\\\/schema\\\/person\\\/2bbcf854e5f2419a13804af574d06ab1\",\"name\":\"Redac\u021bia Buletin de Bucure\u0219ti\",\"image\":{\"@type\":\"ImageObject\",\"inLanguage\":\"en-GB\",\"@id\":\"https:\\\/\\\/secure.gravatar.com\\\/avatar\\\/18c5342381ed1a08620e6280424e3e5efc958618f5d67c522c9e44c1bc6f9226?s=96&d=monsterid&r=g60c7cd0ad92c68c049fcd4bb3504d609\",\"url\":\"https:\\\/\\\/secure.gravatar.com\\\/avatar\\\/18c5342381ed1a08620e6280424e3e5efc958618f5d67c522c9e44c1bc6f9226?s=96&d=monsterid&r=g\",\"contentUrl\":\"https:\\\/\\\/secure.gravatar.com\\\/avatar\\\/18c5342381ed1a08620e6280424e3e5efc958618f5d67c522c9e44c1bc6f9226?s=96&d=monsterid&r=g\",\"caption\":\"Redac\u021bia Buletin de Bucure\u0219ti\"},\"description\":\"Buletin de Bucure\u0219ti exist\u0103 din vara anului 2019.\",\"url\":\"https:\\\/\\\/buletin.de\\\/bucuresti\\\/author\\\/adminbuletin\\\/\"}]}<\/script>\n<!-- \/ Yoast SEO Premium plugin. -->","yoast_head_json":{"title":"Nicu\u015for Dan, \u00eent\u00e2lnire cu reprezentan\u0163ii FRF \u015fi cei ai cluburilor din Bucure\u015fti - Buletin de Bucure\u0219ti","description":"Primarul general Nicu\u015for Dan anun\u0163\u0103 c\u0103 a avut o \u00eent\u00e2lnire cu reprezentan\u0163ii Federa\u0163iei Rom\u00e2ne de Fotbal (FRF) \u015fi cu cei ai cluburilor.","robots":{"index":"index","follow":"follow","max-snippet":"max-snippet:-1","max-image-preview":"max-image-preview:large","max-video-preview":"max-video-preview:-1"},"canonical":"https:\/\/buletin.de\/bucuresti\/nicusor-dan-intalnire-cu-reprezentantii-frf-si-cei-ai-cluburilor-din-bucuresti\/","og_locale":"en_GB","og_type":"article","og_title":"Nicu\u015for Dan, \u00eent\u00e2lnire cu reprezentan\u0163ii FRF \u015fi cei ai cluburilor din Bucure\u015fti","og_description":"Primarul general Nicu\u015for Dan anun\u0163\u0103 c\u0103 a avut o \u00eent\u00e2lnire cu reprezentan\u0163ii Federa\u0163iei Rom\u00e2ne de Fotbal (FRF) \u015fi cu cei ai cluburilor.","og_url":"https:\/\/buletin.de\/bucuresti\/nicusor-dan-intalnire-cu-reprezentantii-frf-si-cei-ai-cluburilor-din-bucuresti\/","og_site_name":"Buletin de Bucure\u0219ti","article_publisher":"https:\/\/www.facebook.com\/buletin.de.buc","article_published_time":"2025-01-18T09:50:53+00:00","article_modified_time":"2025-01-18T09:52:31+00:00","og_image":[{"width":1065,"height":710,"url":"https:\/\/buletin.de\/bucuresti\/wp-content\/uploads\/nicusor-dan-frf-si-cluburi-1.jpg","type":"image\/jpeg"}],"author":"Redac\u021bia Buletin de Bucure\u0219ti","twitter_card":"summary_large_image","twitter_misc":{"Written by":"Redac\u021bia Buletin de Bucure\u0219ti","Estimated reading time":"3 minutes"},"schema":{"@context":"https:\/\/schema.org","@graph":[{"@type":"Article","@id":"https:\/\/buletin.de\/bucuresti\/nicusor-dan-intalnire-cu-reprezentantii-frf-si-cei-ai-cluburilor-din-bucuresti\/#article","isPartOf":{"@id":"https:\/\/buletin.de\/bucuresti\/nicusor-dan-intalnire-cu-reprezentantii-frf-si-cei-ai-cluburilor-din-bucuresti\/"},"author":{"name":"Redac\u021bia Buletin de Bucure\u0219ti","@id":"https:\/\/buletin.de\/bucuresti\/#\/schema\/person\/2bbcf854e5f2419a13804af574d06ab1"},"headline":"Nicu\u015for Dan, \u00eent\u00e2lnire cu reprezentan\u0163ii FRF \u015fi cei ai cluburilor din Bucure\u015fti","datePublished":"2025-01-18T09:50:53+00:00","dateModified":"2025-01-18T09:52:31+00:00","mainEntityOfPage":{"@id":"https:\/\/buletin.de\/bucuresti\/nicusor-dan-intalnire-cu-reprezentantii-frf-si-cei-ai-cluburilor-din-bucuresti\/"},"wordCount":386,"publisher":{"@id":"https:\/\/buletin.de\/bucuresti\/#organization"},"image":{"@id":"https:\/\/buletin.de\/bucuresti\/nicusor-dan-intalnire-cu-reprezentantii-frf-si-cei-ai-cluburilor-din-bucuresti\/#primaryimage"},"thumbnailUrl":"https:\/\/buletin.de\/bucuresti\/wp-content\/uploads\/nicusor-dan-frf-si-cluburi-1.jpg","keywords":["arena nationala","burleanu","dinamo","fcsb","frf","nicusor dan","Rapid"],"articleSection":["Articole","Main","Prim\u0103rie"],"inLanguage":"en-GB","copyrightYear":"2025","copyrightHolder":{"@id":"https:\/\/buletin.de\/bucuresti\/#organization"}},{"@type":"WebPage","@id":"https:\/\/buletin.de\/bucuresti\/nicusor-dan-intalnire-cu-reprezentantii-frf-si-cei-ai-cluburilor-din-bucuresti\/","url":"https:\/\/buletin.de\/bucuresti\/nicusor-dan-intalnire-cu-reprezentantii-frf-si-cei-ai-cluburilor-din-bucuresti\/","name":"Nicu\u015for Dan, \u00eent\u00e2lnire cu reprezentan\u0163ii FRF \u015fi cei ai cluburilor din Bucure\u015fti - Buletin de Bucure\u0219ti","isPartOf":{"@id":"https:\/\/buletin.de\/bucuresti\/#website"},"primaryImageOfPage":{"@id":"https:\/\/buletin.de\/bucuresti\/nicusor-dan-intalnire-cu-reprezentantii-frf-si-cei-ai-cluburilor-din-bucuresti\/#primaryimage"},"image":{"@id":"https:\/\/buletin.de\/bucuresti\/nicusor-dan-intalnire-cu-reprezentantii-frf-si-cei-ai-cluburilor-din-bucuresti\/#primaryimage"},"thumbnailUrl":"https:\/\/buletin.de\/bucuresti\/wp-content\/uploads\/nicusor-dan-frf-si-cluburi-1.jpg","datePublished":"2025-01-18T09:50:53+00:00","dateModified":"2025-01-18T09:52:31+00:00","description":"Primarul general Nicu\u015for Dan anun\u0163\u0103 c\u0103 a avut o \u00eent\u00e2lnire cu reprezentan\u0163ii Federa\u0163iei Rom\u00e2ne de Fotbal (FRF) \u015fi cu cei ai cluburilor.","breadcrumb":{"@id":"https:\/\/buletin.de\/bucuresti\/nicusor-dan-intalnire-cu-reprezentantii-frf-si-cei-ai-cluburilor-din-bucuresti\/#breadcrumb"},"inLanguage":"en-GB","potentialAction":[{"@type":"ReadAction","target":["https:\/\/buletin.de\/bucuresti\/nicusor-dan-intalnire-cu-reprezentantii-frf-si-cei-ai-cluburilor-din-bucuresti\/"]}]},{"@type":"ImageObject","inLanguage":"en-GB","@id":"https:\/\/buletin.de\/bucuresti\/nicusor-dan-intalnire-cu-reprezentantii-frf-si-cei-ai-cluburilor-din-bucuresti\/#primaryimage","url":"https:\/\/buletin.de\/bucuresti\/wp-content\/uploads\/nicusor-dan-frf-si-cluburi-1.jpg","contentUrl":"https:\/\/buletin.de\/bucuresti\/wp-content\/uploads\/nicusor-dan-frf-si-cluburi-1.jpg","width":1065,"height":710,"caption":"Nicu\u015for Dan, \u00eent\u00e2lnire cu R\u0103zvan Burleanu \u015fi reprezentan\u0163ii principalelor cluburi din Bucure\u015fti. foto: FB \/ Nicusor Dan"},{"@type":"BreadcrumbList","@id":"https:\/\/buletin.de\/bucuresti\/nicusor-dan-intalnire-cu-reprezentantii-frf-si-cei-ai-cluburilor-din-bucuresti\/#breadcrumb","itemListElement":[{"@type":"ListItem","position":1,"name":"Acas\u0103","item":"https:\/\/buletin.de\/bucuresti\/"},{"@type":"ListItem","position":2,"name":"Nicu\u015for Dan, \u00eent\u00e2lnire cu reprezentan\u0163ii FRF \u015fi cei ai cluburilor din Bucure\u015fti"}]},{"@type":"WebSite","@id":"https:\/\/buletin.de\/bucuresti\/#website","url":"https:\/\/buletin.de\/bucuresti\/","name":"Buletin de Bucure\u0219ti","description":"\u0218tiri \u0219i investiga\u021bii esen\u021biale din capital\u0103","publisher":{"@id":"https:\/\/buletin.de\/bucuresti\/#organization"},"potentialAction":[{"@type":"SearchAction","target":{"@type":"EntryPoint","urlTemplate":"https:\/\/buletin.de\/bucuresti\/?s={search_term_string}"},"query-input":{"@type":"PropertyValueSpecification","valueRequired":true,"valueName":"search_term_string"}}],"inLanguage":"en-GB"},{"@type":"Organization","@id":"https:\/\/buletin.de\/bucuresti\/#organization","name":"Buletin de Bucure\u0219ti","url":"https:\/\/buletin.de\/bucuresti\/","logo":{"@type":"ImageObject","inLanguage":"en-GB","@id":"https:\/\/buletin.de\/bucuresti\/#\/schema\/logo\/image\/","url":"https:\/\/buletin.de\/bucuresti\/wp-content\/uploads\/logo-bdb-full-wide-vernil-transparent.png","contentUrl":"https:\/\/buletin.de\/bucuresti\/wp-content\/uploads\/logo-bdb-full-wide-vernil-transparent.png","width":1782,"height":626,"caption":"Buletin de Bucure\u0219ti"},"image":{"@id":"https:\/\/buletin.de\/bucuresti\/#\/schema\/logo\/image\/"},"sameAs":["https:\/\/www.facebook.com\/buletin.de.buc","https:\/\/www.instagram.com\/buletinde.bucuresti\/"]},{"@type":"Person","@id":"https:\/\/buletin.de\/bucuresti\/#\/schema\/person\/2bbcf854e5f2419a13804af574d06ab1","name":"Redac\u021bia Buletin de Bucure\u0219ti","image":{"@type":"ImageObject","inLanguage":"en-GB","@id":"https:\/\/secure.gravatar.com\/avatar\/18c5342381ed1a08620e6280424e3e5efc958618f5d67c522c9e44c1bc6f9226?s=96&d=monsterid&r=g60c7cd0ad92c68c049fcd4bb3504d609","url":"https:\/\/secure.gravatar.com\/avatar\/18c5342381ed1a08620e6280424e3e5efc958618f5d67c522c9e44c1bc6f9226?s=96&d=monsterid&r=g","contentUrl":"https:\/\/secure.gravatar.com\/avatar\/18c5342381ed1a08620e6280424e3e5efc958618f5d67c522c9e44c1bc6f9226?s=96&d=monsterid&r=g","caption":"Redac\u021bia Buletin de Bucure\u0219ti"},"description":"Buletin de Bucure\u0219ti exist\u0103 din vara anului 2019.","url":"https:\/\/buletin.de\/bucuresti\/author\/adminbuletin\/"}]}},"authors":[{"term_id":22583,"user_id":1,"is_guest":0,"slug":"adminbuletin","display_name":"Redac\u021bia Buletin de Bucure\u0219ti","avatar_url":"https:\/\/secure.gravatar.com\/avatar\/18c5342381ed1a08620e6280424e3e5efc958618f5d67c522c9e44c1bc6f9226?s=96&d=monsterid&r=g","0":null,"1":"","2":"","3":"","4":"","5":"","6":"","7":"","8":""}],"_links":{"self":[{"href":"https:\/\/buletin.de\/bucuresti\/wp-json\/wp\/v2\/posts\/114780","targetHints":{"allow":["GET"]}}],"collection":[{"href":"https:\/\/buletin.de\/bucuresti\/wp-json\/wp\/v2\/posts"}],"about":[{"href":"https:\/\/buletin.de\/bucuresti\/wp-json\/wp\/v2\/types\/post"}],"author":[{"embeddable":true,"href":"https:\/\/buletin.de\/bucuresti\/wp-json\/wp\/v2\/users\/1"}],"replies":[{"embeddable":true,"href":"https:\/\/buletin.de\/bucuresti\/wp-json\/wp\/v2\/comments?post=114780"}],"version-history":[{"count":1,"href":"https:\/\/buletin.de\/bucuresti\/wp-json\/wp\/v2\/posts\/114780\/revisions"}],"predecessor-version":[{"id":114787,"href":"https:\/\/buletin.de\/bucuresti\/wp-json\/wp\/v2\/posts\/114780\/revisions\/114787"}],"wp:featuredmedia":[{"embeddable":true,"href":"https:\/\/buletin.de\/bucuresti\/wp-json\/wp\/v2\/media\/114781"}],"wp:attachment":[{"href":"https:\/\/buletin.de\/bucuresti\/wp-json\/wp\/v2\/media?parent=114780"}],"wp:term":[{"taxonomy":"category","embeddable":true,"href":"https:\/\/buletin.de\/bucuresti\/wp-json\/wp\/v2\/categories?post=114780"},{"taxonomy":"post_tag","embeddable":true,"href":"https:\/\/buletin.de\/bucuresti\/wp-json\/wp\/v2\/tags?post=114780"},{"taxonomy":"author","embeddable":true,"href":"https:\/\/buletin.de\/bucuresti\/wp-json\/wp\/v2\/ppma_author?post=114780"}],"curies":[{"name":"wp","href":"https:\/\/api.w.org\/{rel}","templated":true}]}}