{"id":114771,"date":"2025-01-18T13:06:42","date_gmt":"2025-01-18T10:06:42","guid":{"rendered":"https:\/\/buletin.de\/bucuresti\/?p=114771"},"modified":"2025-01-18T13:06:42","modified_gmt":"2025-01-18T10:06:42","slug":"biblioteca-metropolitana-bucuresti","status":"publish","type":"post","link":"https:\/\/buletin.de\/bucuresti\/biblioteca-metropolitana-bucuresti\/","title":{"rendered":"Literatura nepalez\u0103, \u00een premier\u0103, la Biblioteca Metropolitan\u0103 Bucure\u0219ti"},"content":{"rendered":"\n<p><strong>Biblioteca Metropolitana Bucuresti va avea, din 1 februarie, o sec\u021bie dedicat\u0103 <a href=\"https:\/\/bibmet.ro\/22587-2\/\">literaturii nepaleze. <\/a>Proiectul este realizat \u00een colaborare cu Rom\u00e2nia EduCaB, , Nepal EduCaB, IOM Romania, JCI Kathmandu, Cold Feet Foundation Nepal, precum \u015fi comunitatea nepalez\u0103 din Bucure\u015fti.<\/strong><\/p>\n\n\n\n<p>Inaugurarea va avea loc pe <strong>1 februarie, la ora 10:30,<\/strong> la Filiala \u201eDimitrie Cantemir\u201d a Bibliotecii Metropolitane Bucure\u015fti, din Strada Viitorului 52, sector 2. Bucure\u015ftenii vor avea acces la o colec\u0163ie diversificat\u0103 de c\u0103r\u0163i, \u00een limba nepalez\u0103 \u015fi la alte materiale culturale.<\/p>\n\n\n\n<blockquote class=\"wp-block-quote is-layout-flow wp-block-quote-is-layout-flow\">\n<p class=\"has-medium-font-size\">Este un moment important care ne reaminte\u015fte c\u0103 bibliotecile sunt spa\u0163ii ale \u00eent\u00e2lnirii \u015fi ale \u00een\u0163elegerii interculturale. Prin acest col\u0163, dedicat diversit\u0103\u0163ii culturale, ne dorim s\u0103 oferim acces la cultura \u015fi literatura Nepalului at\u00e2t pentru comunitatea nepalez\u0103 din Bucure\u015fti, c\u00e2t \u015fi pentru to\u0163i cei interesa\u0163i s\u0103 exploreze aceast\u0103 cultur\u0103 fascinant\u0103<\/p>\n\n\n\n<h6 class=\"wp-block-heading\" id=\"h-ramona-mezei-directorul-general-al-bibliotecii-metropolitane-bucuresti\">Ramona Mezei, directorul general al Bibliotecii Metropolitane Bucure\u015fti<\/h6>\n<\/blockquote>\n\n\n\n<p><strong>CITE\u0218TE \u0218I:<\/strong> <a href=\"https:\/\/buletin.de\/bucuresti\/acte-de-violenta\/\">Sector 6 | \u201eCentru de consiliere pentru agresori\u201d&nbsp;pentru a \u00eei reabilita pe cei care comit acte de violen\u0163\u0103 domestic\u0103<\/a><\/p>\n\n\n\n<h2 class=\"wp-block-heading\" id=\"h-biblioteca-metropolitana-bucure\u0219ti-are-deschise-sedii-in-toate-sectoarele-capitalei\">Biblioteca Metropolitan\u0103 Bucure\u0219ti are deschise sedii, \u00een toate sectoarele Capitalei<\/h2>\n\n\n\n<h2 class=\"wp-block-heading\" id=\"h-sector-1\">Sector 1<\/h2>\n\n\n\n<ul class=\"wp-block-list\">\n<li>Biblioteca Metropolitan\u0103 Bucure\u0219ti \u2013 Sediul Central Mihail Sadoveanu&nbsp;<\/li>\n\n\n\n<li>BIBLIOTECA DIMITRIE BOLINTINEANU<a href=\"https:\/\/bibmet.ro\/filiale\/filiale-sector-1\/biblioteca-dimitrie-bolintineanu\/\">&nbsp;<\/a><\/li>\n\n\n\n<li>BIBLIOTECA CEZAR PETRESCU&nbsp;<\/li>\n\n\n\n<li>BIBLIOTECA MARIN PREDA<\/li>\n\n\n\n<li>BIBLIOTECA IOAN SLAVICI&nbsp;<\/li>\n\n\n\n<li>BIBLIOTECA PETRE ISPIRESCU&nbsp;<\/li>\n\n\n\n<li>BIBLIOTECA ION CREANG\u0102&nbsp;<\/li>\n<\/ul>\n\n\n\n<h2 class=\"wp-block-heading\" id=\"h-sector-2\">Sector 2<\/h2>\n\n\n\n<ul class=\"wp-block-list\">\n<li>BIBLIOTECA LUCIAN BLAGA&nbsp;<\/li>\n\n\n\n<li>ARTOTECA&nbsp;<\/li>\n\n\n\n<li>BIBLIOTECA DIMITRIE CANTEMIR&nbsp;<\/li>\n\n\n\n<li>BIBLIOTECA COSTACHE NEGRUZZI&nbsp;<\/li>\n\n\n\n<li>BIBLIOTECA SONOR\u0102 PENTRU NEV\u0102Z\u0102TORI \u0218I AMBLIOPI<\/li>\n\n\n\n<li>BIBLIOTECA ALEXANDRU ODOBESCU&nbsp;<\/li>\n\n\n\n<li>MEDIATECA<\/li>\n<\/ul>\n\n\n\n<h2 class=\"wp-block-heading\" id=\"h-sector-3\">Sector 3<\/h2>\n\n\n\n<ul class=\"wp-block-list\">\n<li>BIBLIOTECA DE LIMBI STR\u0102INE ELENA V\u0102C\u0102RESCU&nbsp;<\/li>\n\n\n\n<li>BIBLIOTECA EMIL G\u00c2RLEANU&nbsp;<\/li>\n\n\n\n<li>BIBLIOTECA BOGDAN PETRICEICU HASDEU&nbsp;<\/li>\n\n\n\n<li>BIBLIOTECA LIVIU REBREANU&nbsp;<\/li>\n\n\n\n<li>BIBLIOTECA ION NECULCE&nbsp;<\/li>\n<\/ul>\n\n\n\n<h2 class=\"wp-block-heading\" id=\"h-sector-4\">Sector 4<\/h2>\n\n\n\n<ul class=\"wp-block-list\">\n<li>BIBLIOTECA NICOLAE B\u0102LCESCU&nbsp;<\/li>\n\n\n\n<li>BIBLIOTECA OTILIA CAZIMIR&nbsp;<\/li>\n\n\n\n<li>BIBLIOTECA GEORGE CO\u015eBUC&nbsp;<\/li>\n\n\n\n<li>BIBLIOTECA ALEXANDRU MACEDONSKI&nbsp;<\/li>\n\n\n\n<li>BIBLIOTECA IEN\u0102CHI\u0162\u0102 V\u0102C\u0102RESCU&nbsp;<\/li>\n<\/ul>\n\n\n\n<h2 class=\"wp-block-heading\" id=\"h-sector-5\">Sector 5<\/h2>\n\n\n\n<ul class=\"wp-block-list\">\n<li>DEPOZITUL COLEC\u021aII DE PATRIMONIU NICOLAE IORGA<\/li>\n\n\n\n<li>BIBLIOTECA VASILE ALECSANDRI&nbsp;<\/li>\n\n\n\n<li>BIBLIOTECA GHEORGHE \u015eINCAI&nbsp;<\/li>\n<\/ul>\n\n\n\n<h2 class=\"wp-block-heading\" id=\"h-sector-6\">Sector 6<\/h2>\n\n\n\n<p>BIBLIOTECA MIHAI EMINESCU <br>BIBLIOTECA NICOLAE LABI\u015e  <br>BIBLIOTECA NICHITA ST\u0102NESCU <br>BIBLIOTECA GEORGE TOP\u00ceRCEANU <\/p>\n\n\n\n<p><strong>CITE\u0218TE \u0218I:<\/strong> <a href=\"https:\/\/buletin.de\/bucuresti\/planurile-cadru-pentru-liceu-vor-fi-puse-in-dezbatere-la-finalul-lunii\/\">Planurile-cadru pentru liceu vor fi puse \u00een dezbatere la finalul lunii<\/a><\/p>\n\n\n\n<h2 class=\"wp-block-heading\" id=\"h-35-de-ani-de-la-revolu\u021bia-romana-marca\u021bi-la-biblioteca-metropolitana-bucure\u0219ti\">35 de ani de la Revolu\u021bia Rom\u00e2n\u0103, marca\u021bi la Biblioteca Metropolitan\u0103 Bucure\u0219ti<\/h2>\n\n\n\n<p><strong>Biblioteca Metropolitan\u0103 Bucure\u0219ti a marcat 35 de ani de la Revolu\u021bia Rom\u00e2n\u0103, la sf\u00e2r\u0219itul anului trecut, prin vernisajul expozi\u021biei \u201eReflec\u021bii asupra Revolu\u021biei: 35 de ani de istorie\u201d, un eveniment dedicat comemor\u0103rii evenimentelor care au marcat anul 1989.<\/strong><\/p>\n\n\n\n<p>Evenimentul s-a desf\u0103\u0219urat&nbsp;<strong>pe 12 decembrie 2024, <\/strong>la Sediul Central al Bibliotecii Metropolitane Bucure\u0219ti \u201eMihail Sadoveanu\u201d, situat pe&nbsp;<strong>Strada Tache Ionescu nr. 4<\/strong>. Expozi\u021bia a fost organizat\u0103 \u00een parteneriat cu AGERPRES \u0219i Consiliul Na\u021bional pentru Studierea Arhivelor Securit\u0103\u021bii (CNSAS). Materiale din arhivele CNSAS documenteaz\u0103 c\u0103derea Cortinei de Fier.<\/p>\n\n\n\n<p>Expozi\u021bia a avut loc at\u00e2t \u00een aer liber, pe gardul BMB, c\u00e2t \u0219i \u00een interior, cu imagini de de arhiv\u0103 din colec\u021biile AGERPRES.<\/p>\n\n\n\n<figure class=\"wp-block-image size-full is-resized\"><img fetchpriority=\"high\" decoding=\"async\" width=\"800\" height=\"505\" src=\"data:image\/gif;base64,R0lGODlhAQABAAAAACH5BAEKAAEALAAAAAABAAEAAAICTAEAOw==\" data-src=\"https:\/\/buletin.de\/bucuresti\/wp-content\/uploads\/Revolutia_Bucuresti_1989_000-1.jpg\" alt=\"\" class=\"wp-image-114788 lazyload\" style=\"width:840px;height:auto\" data-sizes=\"auto\" data-srcset=\"https:\/\/buletin.de\/bucuresti\/wp-content\/uploads\/Revolutia_Bucuresti_1989_000-1.jpg 800w, https:\/\/buletin.de\/bucuresti\/wp-content\/uploads\/Revolutia_Bucuresti_1989_000-1-300x189.jpg 300w, https:\/\/buletin.de\/bucuresti\/wp-content\/uploads\/Revolutia_Bucuresti_1989_000-1-768x485.jpg 768w, https:\/\/buletin.de\/bucuresti\/wp-content\/uploads\/Revolutia_Bucuresti_1989_000-1-600x379.jpg 600w, https:\/\/buletin.de\/bucuresti\/wp-content\/uploads\/Revolutia_Bucuresti_1989_000-1-20x13.jpg 20w\" sizes=\"(max-width: 800px) 100vw, 800px\" \/><\/figure>\n\n\n\n<p>Accesul publicului este liber, iar expozi\u021bia, care marcheaz\u0103 35 de ani de la Revolu\u021bia Rom\u00e2n\u0103, va r\u0103m\u00e2ne deschis\u0103 p\u00e2n\u0103 pe 12 Februarie 2025.<\/p>\n\n\n\n<p><strong>CITE\u0218TE \u0218I:<\/strong> <a href=\"https:\/\/buletin.de\/bucuresti\/linia-de-tramvai\/\">TPBI | Cinci mijloace de transport \u00een comun circul\u0103 pe linia de tramvai, din 18 ianuarie<\/a><\/p>\n\n\n\n<p><\/p>\n","protected":false},"excerpt":{"rendered":"<p>Biblioteca Metropolitana Bucuresti va avea, din 1 februarie, o sec\u021bie dedicat\u0103 literaturii nepaleze. Proiectul este realizat \u00een colaborare cu Rom\u00e2nia EduCaB, , Nepal EduCaB, IOM Romania, JCI Kathmandu, Cold Feet Foundation Nepal, precum \u015fi comunitatea nepalez\u0103 din Bucure\u015fti. Inaugurarea va avea loc pe 1 februarie, la ora 10:30, la Filiala \u201eDimitrie Cantemir\u201d a Bibliotecii Metropolitane [&hellip;]<\/p>\n","protected":false},"author":49,"featured_media":114790,"comment_status":"closed","ping_status":"open","sticky":false,"template":"","format":"standard","meta":{"_acf_changed":false,"inline_featured_image":false,"ngg_post_thumbnail":0,"footnotes":""},"categories":[6994,81,62],"tags":[9827,18496,18495,18497],"ppma_author":[22574],"class_list":["post-114771","post","type-post","status-publish","format-standard","has-post-thumbnail","hentry","category-stiri-2","category-cultura","category-stiri","tag-biblioteca-metropolitana-bucuresti","tag-educab","tag-literatura-nepaleza","tag-revolutia-romana-2"],"acf":[],"yoast_head":"<!-- This site is optimized with the Yoast SEO Premium plugin v25.3 (Yoast SEO v27.5) - https:\/\/yoast.com\/product\/yoast-seo-premium-wordpress\/ -->\n<title>Literatura nepalez\u0103, \u00een premier\u0103, la Biblioteca Metropolitan\u0103 Bucure\u0219ti - Buletin de Bucure\u0219ti<\/title>\n<meta name=\"description\" content=\"Biblioteca Metropolitan\u0103 Bucure\u0219ti. Biblioteca Metropolitana Bucuresti va avea, din 1 februarie, o sec\u021bie dedicat\u0103 literaturii nepaleze.\" \/>\n<meta name=\"robots\" content=\"index, follow, max-snippet:-1, max-image-preview:large, max-video-preview:-1\" \/>\n<link rel=\"canonical\" href=\"https:\/\/buletin.de\/bucuresti\/biblioteca-metropolitana-bucuresti\/\" \/>\n<meta property=\"og:locale\" content=\"en_GB\" \/>\n<meta property=\"og:type\" content=\"article\" \/>\n<meta property=\"og:title\" content=\"Literatura nepalez\u0103, \u00een premier\u0103, la Biblioteca Metropolitan\u0103 Bucure\u0219ti\" \/>\n<meta property=\"og:description\" content=\"Biblioteca Metropolitan\u0103 Bucure\u0219ti. Biblioteca Metropolitana Bucuresti va avea, din 1 februarie, o sec\u021bie dedicat\u0103 literaturii nepaleze.\" \/>\n<meta property=\"og:url\" content=\"https:\/\/buletin.de\/bucuresti\/biblioteca-metropolitana-bucuresti\/\" \/>\n<meta property=\"og:site_name\" content=\"Buletin de Bucure\u0219ti\" \/>\n<meta property=\"article:publisher\" content=\"https:\/\/www.facebook.com\/buletin.de.buc\" \/>\n<meta property=\"article:published_time\" content=\"2025-01-18T10:06:42+00:00\" \/>\n<meta property=\"og:image\" content=\"https:\/\/buletin.de\/bucuresti\/wp-content\/uploads\/fara-titlu-1.webp\" \/>\n\t<meta property=\"og:image:width\" content=\"1024\" \/>\n\t<meta property=\"og:image:height\" content=\"576\" \/>\n\t<meta property=\"og:image:type\" content=\"image\/webp\" \/>\n<meta name=\"author\" content=\"Diana Matei\" \/>\n<meta name=\"twitter:card\" content=\"summary_large_image\" \/>\n<meta name=\"twitter:label1\" content=\"Written by\" \/>\n\t<meta name=\"twitter:data1\" content=\"Diana Matei\" \/>\n\t<meta name=\"twitter:label2\" content=\"Estimated reading time\" \/>\n\t<meta name=\"twitter:data2\" content=\"3 minutes\" \/>\n<script type=\"application\/ld+json\" class=\"yoast-schema-graph\">{\"@context\":\"https:\\\/\\\/schema.org\",\"@graph\":[{\"@type\":\"Article\",\"@id\":\"https:\\\/\\\/buletin.de\\\/bucuresti\\\/biblioteca-metropolitana-bucuresti\\\/#article\",\"isPartOf\":{\"@id\":\"https:\\\/\\\/buletin.de\\\/bucuresti\\\/biblioteca-metropolitana-bucuresti\\\/\"},\"author\":{\"name\":\"Diana Matei\",\"@id\":\"https:\\\/\\\/buletin.de\\\/bucuresti\\\/#\\\/schema\\\/person\\\/7e46040573290777280a0835d81ea4ea\"},\"headline\":\"Literatura nepalez\u0103, \u00een premier\u0103, la Biblioteca Metropolitan\u0103 Bucure\u0219ti\",\"datePublished\":\"2025-01-18T10:06:42+00:00\",\"mainEntityOfPage\":{\"@id\":\"https:\\\/\\\/buletin.de\\\/bucuresti\\\/biblioteca-metropolitana-bucuresti\\\/\"},\"wordCount\":535,\"publisher\":{\"@id\":\"https:\\\/\\\/buletin.de\\\/bucuresti\\\/#organization\"},\"image\":{\"@id\":\"https:\\\/\\\/buletin.de\\\/bucuresti\\\/biblioteca-metropolitana-bucuresti\\\/#primaryimage\"},\"thumbnailUrl\":\"https:\\\/\\\/buletin.de\\\/bucuresti\\\/wp-content\\\/uploads\\\/fara-titlu-1.webp\",\"keywords\":[\"Biblioteca Metropolitan\u0103 Bucure\u0219ti\",\"EduCaB\",\"literatura nepaleza\",\"Revolu\u021bia Rom\u00e2n\u0103\"],\"articleSection\":[\"Articole\",\"Cultur\u0103\",\"\u0218tiri\"],\"inLanguage\":\"en-GB\",\"copyrightYear\":\"2025\",\"copyrightHolder\":{\"@id\":\"https:\\\/\\\/buletin.de\\\/bucuresti\\\/#organization\"}},{\"@type\":\"WebPage\",\"@id\":\"https:\\\/\\\/buletin.de\\\/bucuresti\\\/biblioteca-metropolitana-bucuresti\\\/\",\"url\":\"https:\\\/\\\/buletin.de\\\/bucuresti\\\/biblioteca-metropolitana-bucuresti\\\/\",\"name\":\"Literatura nepalez\u0103, \u00een premier\u0103, la Biblioteca Metropolitan\u0103 Bucure\u0219ti - Buletin de Bucure\u0219ti\",\"isPartOf\":{\"@id\":\"https:\\\/\\\/buletin.de\\\/bucuresti\\\/#website\"},\"primaryImageOfPage\":{\"@id\":\"https:\\\/\\\/buletin.de\\\/bucuresti\\\/biblioteca-metropolitana-bucuresti\\\/#primaryimage\"},\"image\":{\"@id\":\"https:\\\/\\\/buletin.de\\\/bucuresti\\\/biblioteca-metropolitana-bucuresti\\\/#primaryimage\"},\"thumbnailUrl\":\"https:\\\/\\\/buletin.de\\\/bucuresti\\\/wp-content\\\/uploads\\\/fara-titlu-1.webp\",\"datePublished\":\"2025-01-18T10:06:42+00:00\",\"description\":\"Biblioteca Metropolitan\u0103 Bucure\u0219ti. Biblioteca Metropolitana Bucuresti va avea, din 1 februarie, o sec\u021bie dedicat\u0103 literaturii nepaleze.\",\"breadcrumb\":{\"@id\":\"https:\\\/\\\/buletin.de\\\/bucuresti\\\/biblioteca-metropolitana-bucuresti\\\/#breadcrumb\"},\"inLanguage\":\"en-GB\",\"potentialAction\":[{\"@type\":\"ReadAction\",\"target\":[\"https:\\\/\\\/buletin.de\\\/bucuresti\\\/biblioteca-metropolitana-bucuresti\\\/\"]}]},{\"@type\":\"ImageObject\",\"inLanguage\":\"en-GB\",\"@id\":\"https:\\\/\\\/buletin.de\\\/bucuresti\\\/biblioteca-metropolitana-bucuresti\\\/#primaryimage\",\"url\":\"https:\\\/\\\/buletin.de\\\/bucuresti\\\/wp-content\\\/uploads\\\/fara-titlu-1.webp\",\"contentUrl\":\"https:\\\/\\\/buletin.de\\\/bucuresti\\\/wp-content\\\/uploads\\\/fara-titlu-1.webp\",\"width\":1024,\"height\":576,\"caption\":\"Literatura nepalez\u0103, \u00een premier\u0103, la Biblioteca Metropolitan\u0103 Bucure\u0219ti. FOTO: BMB\"},{\"@type\":\"BreadcrumbList\",\"@id\":\"https:\\\/\\\/buletin.de\\\/bucuresti\\\/biblioteca-metropolitana-bucuresti\\\/#breadcrumb\",\"itemListElement\":[{\"@type\":\"ListItem\",\"position\":1,\"name\":\"Acas\u0103\",\"item\":\"https:\\\/\\\/buletin.de\\\/bucuresti\\\/\"},{\"@type\":\"ListItem\",\"position\":2,\"name\":\"Literatura nepalez\u0103, \u00een premier\u0103, la Biblioteca Metropolitan\u0103 Bucure\u0219ti\"}]},{\"@type\":\"WebSite\",\"@id\":\"https:\\\/\\\/buletin.de\\\/bucuresti\\\/#website\",\"url\":\"https:\\\/\\\/buletin.de\\\/bucuresti\\\/\",\"name\":\"Buletin de Bucure\u0219ti\",\"description\":\"\u0218tiri \u0219i investiga\u021bii esen\u021biale din capital\u0103\",\"publisher\":{\"@id\":\"https:\\\/\\\/buletin.de\\\/bucuresti\\\/#organization\"},\"potentialAction\":[{\"@type\":\"SearchAction\",\"target\":{\"@type\":\"EntryPoint\",\"urlTemplate\":\"https:\\\/\\\/buletin.de\\\/bucuresti\\\/?s={search_term_string}\"},\"query-input\":{\"@type\":\"PropertyValueSpecification\",\"valueRequired\":true,\"valueName\":\"search_term_string\"}}],\"inLanguage\":\"en-GB\"},{\"@type\":\"Organization\",\"@id\":\"https:\\\/\\\/buletin.de\\\/bucuresti\\\/#organization\",\"name\":\"Buletin de Bucure\u0219ti\",\"url\":\"https:\\\/\\\/buletin.de\\\/bucuresti\\\/\",\"logo\":{\"@type\":\"ImageObject\",\"inLanguage\":\"en-GB\",\"@id\":\"https:\\\/\\\/buletin.de\\\/bucuresti\\\/#\\\/schema\\\/logo\\\/image\\\/\",\"url\":\"https:\\\/\\\/buletin.de\\\/bucuresti\\\/wp-content\\\/uploads\\\/logo-bdb-full-wide-vernil-transparent.png\",\"contentUrl\":\"https:\\\/\\\/buletin.de\\\/bucuresti\\\/wp-content\\\/uploads\\\/logo-bdb-full-wide-vernil-transparent.png\",\"width\":1782,\"height\":626,\"caption\":\"Buletin de Bucure\u0219ti\"},\"image\":{\"@id\":\"https:\\\/\\\/buletin.de\\\/bucuresti\\\/#\\\/schema\\\/logo\\\/image\\\/\"},\"sameAs\":[\"https:\\\/\\\/www.facebook.com\\\/buletin.de.buc\",\"https:\\\/\\\/www.instagram.com\\\/buletinde.bucuresti\\\/\"]},{\"@type\":\"Person\",\"@id\":\"https:\\\/\\\/buletin.de\\\/bucuresti\\\/#\\\/schema\\\/person\\\/7e46040573290777280a0835d81ea4ea\",\"name\":\"Diana Matei\",\"image\":{\"@type\":\"ImageObject\",\"inLanguage\":\"en-GB\",\"@id\":\"https:\\\/\\\/buletin.de\\\/bucuresti\\\/wp-content\\\/uploads\\\/9-2-96x96.jpg1e8590b30871d70e62ebcdaf2eff570c\",\"url\":\"https:\\\/\\\/buletin.de\\\/bucuresti\\\/wp-content\\\/uploads\\\/9-2-96x96.jpg\",\"contentUrl\":\"https:\\\/\\\/buletin.de\\\/bucuresti\\\/wp-content\\\/uploads\\\/9-2-96x96.jpg\",\"caption\":\"Diana Matei\"},\"url\":\"https:\\\/\\\/buletin.de\\\/bucuresti\\\/author\\\/dianamatei\\\/\"}]}<\/script>\n<!-- \/ Yoast SEO Premium plugin. -->","yoast_head_json":{"title":"Literatura nepalez\u0103, \u00een premier\u0103, la Biblioteca Metropolitan\u0103 Bucure\u0219ti - Buletin de Bucure\u0219ti","description":"Biblioteca Metropolitan\u0103 Bucure\u0219ti. Biblioteca Metropolitana Bucuresti va avea, din 1 februarie, o sec\u021bie dedicat\u0103 literaturii nepaleze.","robots":{"index":"index","follow":"follow","max-snippet":"max-snippet:-1","max-image-preview":"max-image-preview:large","max-video-preview":"max-video-preview:-1"},"canonical":"https:\/\/buletin.de\/bucuresti\/biblioteca-metropolitana-bucuresti\/","og_locale":"en_GB","og_type":"article","og_title":"Literatura nepalez\u0103, \u00een premier\u0103, la Biblioteca Metropolitan\u0103 Bucure\u0219ti","og_description":"Biblioteca Metropolitan\u0103 Bucure\u0219ti. Biblioteca Metropolitana Bucuresti va avea, din 1 februarie, o sec\u021bie dedicat\u0103 literaturii nepaleze.","og_url":"https:\/\/buletin.de\/bucuresti\/biblioteca-metropolitana-bucuresti\/","og_site_name":"Buletin de Bucure\u0219ti","article_publisher":"https:\/\/www.facebook.com\/buletin.de.buc","article_published_time":"2025-01-18T10:06:42+00:00","og_image":[{"width":1024,"height":576,"url":"https:\/\/buletin.de\/bucuresti\/wp-content\/uploads\/fara-titlu-1.webp","type":"image\/webp"}],"author":"Diana Matei","twitter_card":"summary_large_image","twitter_misc":{"Written by":"Diana Matei","Estimated reading time":"3 minutes"},"schema":{"@context":"https:\/\/schema.org","@graph":[{"@type":"Article","@id":"https:\/\/buletin.de\/bucuresti\/biblioteca-metropolitana-bucuresti\/#article","isPartOf":{"@id":"https:\/\/buletin.de\/bucuresti\/biblioteca-metropolitana-bucuresti\/"},"author":{"name":"Diana Matei","@id":"https:\/\/buletin.de\/bucuresti\/#\/schema\/person\/7e46040573290777280a0835d81ea4ea"},"headline":"Literatura nepalez\u0103, \u00een premier\u0103, la Biblioteca Metropolitan\u0103 Bucure\u0219ti","datePublished":"2025-01-18T10:06:42+00:00","mainEntityOfPage":{"@id":"https:\/\/buletin.de\/bucuresti\/biblioteca-metropolitana-bucuresti\/"},"wordCount":535,"publisher":{"@id":"https:\/\/buletin.de\/bucuresti\/#organization"},"image":{"@id":"https:\/\/buletin.de\/bucuresti\/biblioteca-metropolitana-bucuresti\/#primaryimage"},"thumbnailUrl":"https:\/\/buletin.de\/bucuresti\/wp-content\/uploads\/fara-titlu-1.webp","keywords":["Biblioteca Metropolitan\u0103 Bucure\u0219ti","EduCaB","literatura nepaleza","Revolu\u021bia Rom\u00e2n\u0103"],"articleSection":["Articole","Cultur\u0103","\u0218tiri"],"inLanguage":"en-GB","copyrightYear":"2025","copyrightHolder":{"@id":"https:\/\/buletin.de\/bucuresti\/#organization"}},{"@type":"WebPage","@id":"https:\/\/buletin.de\/bucuresti\/biblioteca-metropolitana-bucuresti\/","url":"https:\/\/buletin.de\/bucuresti\/biblioteca-metropolitana-bucuresti\/","name":"Literatura nepalez\u0103, \u00een premier\u0103, la Biblioteca Metropolitan\u0103 Bucure\u0219ti - Buletin de Bucure\u0219ti","isPartOf":{"@id":"https:\/\/buletin.de\/bucuresti\/#website"},"primaryImageOfPage":{"@id":"https:\/\/buletin.de\/bucuresti\/biblioteca-metropolitana-bucuresti\/#primaryimage"},"image":{"@id":"https:\/\/buletin.de\/bucuresti\/biblioteca-metropolitana-bucuresti\/#primaryimage"},"thumbnailUrl":"https:\/\/buletin.de\/bucuresti\/wp-content\/uploads\/fara-titlu-1.webp","datePublished":"2025-01-18T10:06:42+00:00","description":"Biblioteca Metropolitan\u0103 Bucure\u0219ti. Biblioteca Metropolitana Bucuresti va avea, din 1 februarie, o sec\u021bie dedicat\u0103 literaturii nepaleze.","breadcrumb":{"@id":"https:\/\/buletin.de\/bucuresti\/biblioteca-metropolitana-bucuresti\/#breadcrumb"},"inLanguage":"en-GB","potentialAction":[{"@type":"ReadAction","target":["https:\/\/buletin.de\/bucuresti\/biblioteca-metropolitana-bucuresti\/"]}]},{"@type":"ImageObject","inLanguage":"en-GB","@id":"https:\/\/buletin.de\/bucuresti\/biblioteca-metropolitana-bucuresti\/#primaryimage","url":"https:\/\/buletin.de\/bucuresti\/wp-content\/uploads\/fara-titlu-1.webp","contentUrl":"https:\/\/buletin.de\/bucuresti\/wp-content\/uploads\/fara-titlu-1.webp","width":1024,"height":576,"caption":"Literatura nepalez\u0103, \u00een premier\u0103, la Biblioteca Metropolitan\u0103 Bucure\u0219ti. FOTO: BMB"},{"@type":"BreadcrumbList","@id":"https:\/\/buletin.de\/bucuresti\/biblioteca-metropolitana-bucuresti\/#breadcrumb","itemListElement":[{"@type":"ListItem","position":1,"name":"Acas\u0103","item":"https:\/\/buletin.de\/bucuresti\/"},{"@type":"ListItem","position":2,"name":"Literatura nepalez\u0103, \u00een premier\u0103, la Biblioteca Metropolitan\u0103 Bucure\u0219ti"}]},{"@type":"WebSite","@id":"https:\/\/buletin.de\/bucuresti\/#website","url":"https:\/\/buletin.de\/bucuresti\/","name":"Buletin de Bucure\u0219ti","description":"\u0218tiri \u0219i investiga\u021bii esen\u021biale din capital\u0103","publisher":{"@id":"https:\/\/buletin.de\/bucuresti\/#organization"},"potentialAction":[{"@type":"SearchAction","target":{"@type":"EntryPoint","urlTemplate":"https:\/\/buletin.de\/bucuresti\/?s={search_term_string}"},"query-input":{"@type":"PropertyValueSpecification","valueRequired":true,"valueName":"search_term_string"}}],"inLanguage":"en-GB"},{"@type":"Organization","@id":"https:\/\/buletin.de\/bucuresti\/#organization","name":"Buletin de Bucure\u0219ti","url":"https:\/\/buletin.de\/bucuresti\/","logo":{"@type":"ImageObject","inLanguage":"en-GB","@id":"https:\/\/buletin.de\/bucuresti\/#\/schema\/logo\/image\/","url":"https:\/\/buletin.de\/bucuresti\/wp-content\/uploads\/logo-bdb-full-wide-vernil-transparent.png","contentUrl":"https:\/\/buletin.de\/bucuresti\/wp-content\/uploads\/logo-bdb-full-wide-vernil-transparent.png","width":1782,"height":626,"caption":"Buletin de Bucure\u0219ti"},"image":{"@id":"https:\/\/buletin.de\/bucuresti\/#\/schema\/logo\/image\/"},"sameAs":["https:\/\/www.facebook.com\/buletin.de.buc","https:\/\/www.instagram.com\/buletinde.bucuresti\/"]},{"@type":"Person","@id":"https:\/\/buletin.de\/bucuresti\/#\/schema\/person\/7e46040573290777280a0835d81ea4ea","name":"Diana Matei","image":{"@type":"ImageObject","inLanguage":"en-GB","@id":"https:\/\/buletin.de\/bucuresti\/wp-content\/uploads\/9-2-96x96.jpg1e8590b30871d70e62ebcdaf2eff570c","url":"https:\/\/buletin.de\/bucuresti\/wp-content\/uploads\/9-2-96x96.jpg","contentUrl":"https:\/\/buletin.de\/bucuresti\/wp-content\/uploads\/9-2-96x96.jpg","caption":"Diana Matei"},"url":"https:\/\/buletin.de\/bucuresti\/author\/dianamatei\/"}]}},"authors":[{"term_id":22574,"user_id":49,"is_guest":0,"slug":"dianamatei","display_name":"Diana Matei","avatar_url":"https:\/\/buletin.de\/bucuresti\/wp-content\/uploads\/9-2-96x96.jpg","0":null,"1":"","2":"","3":"","4":"","5":"","6":"","7":"","8":""}],"_links":{"self":[{"href":"https:\/\/buletin.de\/bucuresti\/wp-json\/wp\/v2\/posts\/114771","targetHints":{"allow":["GET"]}}],"collection":[{"href":"https:\/\/buletin.de\/bucuresti\/wp-json\/wp\/v2\/posts"}],"about":[{"href":"https:\/\/buletin.de\/bucuresti\/wp-json\/wp\/v2\/types\/post"}],"author":[{"embeddable":true,"href":"https:\/\/buletin.de\/bucuresti\/wp-json\/wp\/v2\/users\/49"}],"replies":[{"embeddable":true,"href":"https:\/\/buletin.de\/bucuresti\/wp-json\/wp\/v2\/comments?post=114771"}],"version-history":[{"count":2,"href":"https:\/\/buletin.de\/bucuresti\/wp-json\/wp\/v2\/posts\/114771\/revisions"}],"predecessor-version":[{"id":114793,"href":"https:\/\/buletin.de\/bucuresti\/wp-json\/wp\/v2\/posts\/114771\/revisions\/114793"}],"wp:featuredmedia":[{"embeddable":true,"href":"https:\/\/buletin.de\/bucuresti\/wp-json\/wp\/v2\/media\/114790"}],"wp:attachment":[{"href":"https:\/\/buletin.de\/bucuresti\/wp-json\/wp\/v2\/media?parent=114771"}],"wp:term":[{"taxonomy":"category","embeddable":true,"href":"https:\/\/buletin.de\/bucuresti\/wp-json\/wp\/v2\/categories?post=114771"},{"taxonomy":"post_tag","embeddable":true,"href":"https:\/\/buletin.de\/bucuresti\/wp-json\/wp\/v2\/tags?post=114771"},{"taxonomy":"author","embeddable":true,"href":"https:\/\/buletin.de\/bucuresti\/wp-json\/wp\/v2\/ppma_author?post=114771"}],"curies":[{"name":"wp","href":"https:\/\/api.w.org\/{rel}","templated":true}]}}