{"id":114764,"date":"2025-01-18T11:45:05","date_gmt":"2025-01-18T08:45:05","guid":{"rendered":"https:\/\/buletin.de\/bucuresti\/?p=114764"},"modified":"2025-01-18T11:45:06","modified_gmt":"2025-01-18T08:45:06","slug":"masina-de-politie-cu-sirena-si-girofarul-pornite-izbita-in-intersectie-la-sincai-doua-persoane-au-fost-ranite","status":"publish","type":"post","link":"https:\/\/buletin.de\/bucuresti\/masina-de-politie-cu-sirena-si-girofarul-pornite-izbita-in-intersectie-la-sincai-doua-persoane-au-fost-ranite\/","title":{"rendered":"Ma\u015fin\u0103 de poli\u0163ie cu sirena \u015fi girofarul pornite, izbit\u0103 \u00een intersec\u0163ie la \u015eincai. Dou\u0103 persoane au fost r\u0103nite"},"content":{"rendered":"\n<p><strong>O ma\u015fin\u0103 de poli\u0163ie a fost izbit\u0103 \u00een intersec\u0163ia bulevardului \u015eincai cu bulevardul Tineretului, noaptea trecut\u0103, imediat dup\u0103 ora 00:00. Autospeciala de poli\u0163ie avea sirena \u015fi girofarul pornite. De\u015fi ma\u015fina care a lovit autospeciala demarase pe verde, nu avea prioritate. \u015eoferul vinovat, c\u00e2t \u015fi o poli\u0163ist\u0103 din autospecial\u0103 au ajuns la spital, \u00een urma accidentului. <\/strong><\/p>\n\n\n\n<p>Apelul la 112 a fost dat pe 18 ianuarie, \u00een jurul orei 00:05, arat\u0103 comunicatul de pres\u0103 remis publicit\u0103\u0163ii de <a href=\"https:\/\/bpr.politiaromana.ro\/\">Brigada Rutier\u0103<\/a>. <\/p>\n\n\n\n<p>Ma\u015fina de poli\u0163ie din cadrul Sec\u0163iei 14 avea \u00een func\u021biune semnalele speciale de avertizare luminoase \u0219i sonore. Se deplasa pe bulevardul Tineretului, dinspre Calea V\u0103care\u0219ti, c\u0103tre bulevardul Dimitrie Cantemir. A intrat \u00een coliziune cu un autovehicul aflat \u00een deplasare pe bulevardul Gheorghe \u0218incai dinspre Splaiul Unirii, c\u0103tre Calea \u0218erban Vod\u0103, arat\u0103 comunicatul citat.<\/p>\n\n\n\n<figure class=\"wp-block-image size-large\"><img fetchpriority=\"high\" decoding=\"async\" width=\"506\" height=\"900\" src=\"data:image\/gif;base64,R0lGODlhAQABAAAAACH5BAEKAAEALAAAAAABAAEAAAICTAEAOw==\" data-src=\"https:\/\/buletin.de\/bucuresti\/wp-content\/uploads\/WhatsApp-Image-2025-01-18-at-10.28.37-1-506x900.jpeg\" alt=\"\" class=\"wp-image-114766 lazyload\" data-sizes=\"auto\" data-srcset=\"https:\/\/buletin.de\/bucuresti\/wp-content\/uploads\/WhatsApp-Image-2025-01-18-at-10.28.37-1-506x900.jpeg 506w, https:\/\/buletin.de\/bucuresti\/wp-content\/uploads\/WhatsApp-Image-2025-01-18-at-10.28.37-1-169x300.jpeg 169w, https:\/\/buletin.de\/bucuresti\/wp-content\/uploads\/WhatsApp-Image-2025-01-18-at-10.28.37-1-768x1365.jpeg 768w, https:\/\/buletin.de\/bucuresti\/wp-content\/uploads\/WhatsApp-Image-2025-01-18-at-10.28.37-1-864x1536.jpeg 864w, https:\/\/buletin.de\/bucuresti\/wp-content\/uploads\/WhatsApp-Image-2025-01-18-at-10.28.37-1-1100x1956.jpeg 1100w, https:\/\/buletin.de\/bucuresti\/wp-content\/uploads\/WhatsApp-Image-2025-01-18-at-10.28.37-1-600x1067.jpeg 600w, https:\/\/buletin.de\/bucuresti\/wp-content\/uploads\/WhatsApp-Image-2025-01-18-at-10.28.37-1-20x36.jpeg 20w, https:\/\/buletin.de\/bucuresti\/wp-content\/uploads\/WhatsApp-Image-2025-01-18-at-10.28.37-1.jpeg 1152w\" sizes=\"(max-width: 506px) 100vw, 506px\" \/><figcaption class=\"wp-element-caption\">foto amator<\/figcaption><\/figure>\n\n\n\n<p>\u00cen urma accidentului de circula\u021bie a rezultat r\u0103nirea ambilor conduc\u0103tori de autovehicule, care au fost transporta\u021bi la spital pentru \u00eengrijiri. Ambii \u015foferi au fost testa\u0163i cu etilotestul, \u00eens\u0103 niciunul nu consumase alcool.<\/p>\n\n\n\n<p>Cealalt\u0103 ma\u015fin\u0103 implicat\u0103 \u00een accident s-a r\u0103sturnat \u00een urma impactului.<\/p>\n\n\n\n<p><strong>CITE\u015eTE \u015eI:<\/strong> <a href=\"https:\/\/buletin.de\/bucuresti\/un-sofer-a-tamponat-intentionat-masina-de-politie-agentii-suspecteaza-ca-era-drogat\/\">Un \u0219ofer a tamponat inten\u021bionat ma\u0219ina de poli\u021bie. Agen\u021bii suspecteaz\u0103 c\u0103 era drogat<\/a><\/p>\n\n\n\n<h2 class=\"wp-block-heading\" id=\"h-recomandari-ale-brigazii-rutiere\">Recomand\u0103ri ale Brig\u0103zii Rutiere<\/h2>\n\n\n\n<p>\u00cen situa\u021bia \u00een care observa\u021bi o autospecial\u0103 care se deplaseaz\u0103 \u00een regim prioritar, este important s\u0103 ave\u021bi \u00een vedere legisla\u021bia \u00een vigoare.<\/p>\n\n\n\n<p>Astfel, reiter\u0103m prevederile art. 37 din OUG 195\/2002, privind circula\u021bia pe drumurile publice:<\/p>\n\n\n\n<p>(1)Conduc\u0103torii de vehicule sunt obliga\u0163i s\u0103 opreasc\u0103 imediat, pe acostament sau, \u00een lipsa acestuia, c\u00e2t mai aproape de marginea drumului sau bordura trotuarului, \u00een sensul de deplasare, la apropierea \u015fi la trecerea autovehiculelor cu regim de circula\u0163ie prioritar\u0103 care au \u00een func\u0163iune mijloacele speciale de avertizare luminoas\u0103 de culoare ro\u015fie \u015fi sonore.<\/p>\n\n\n\n<p>(2)Conduc\u0103torii de vehicule sunt obliga\u0163i s\u0103 reduc\u0103 viteza, s\u0103 circule c\u00e2t mai aproape de marginea drumului \u00een sensul de deplasare \u015fi s\u0103 acorde prioritate la trecerea autovehiculelor cu regim de circula\u0163ie prioritar\u0103 care au \u00een func\u0163iune mijloacele speciale de avertizare luminoas\u0103 de culoare albastr\u0103 \u015fi sonore.<\/p>\n\n\n\n<p>(3)\u00cen situa\u0163iile prev\u0103zute la alin. (1) \u015fi (2), pietonilor le sunt interzise traversarea \u015fi circula\u0163ia pe carosabil p\u00e2n\u0103 la trecerea vehiculelor respective.<\/p>\n\n\n\n<p><strong>CITE\u015eTE \u015eI:<\/strong> <a href=\"https:\/\/buletin.de\/bucuresti\/accident-in-lant-pe-magheru-dupa-ce-o-masina-de-politie-aflata-in-misiune-a-fost-lovita\/\">Accident \u00een lan\u0163 pe Magheru, dup\u0103 ce o ma\u015fin\u0103 de poli\u0163ie aflat\u0103 \u00een misiune a fost lovit\u0103<\/a><br><\/p>\n\n\n\n<p><\/p>\n","protected":false},"excerpt":{"rendered":"<p>O ma\u015fin\u0103 de poli\u0163ie a fost izbit\u0103 \u00een intersec\u0163ia bulevardului \u015eincai cu bulevardul Tineretului, noaptea trecut\u0103, imediat dup\u0103 ora 00:00. Autospeciala de poli\u0163ie avea sirena \u015fi girofarul pornite. De\u015fi ma\u015fina care a lovit autospeciala demarase pe verde, nu avea prioritate. \u015eoferul vinovat, c\u00e2t \u015fi o poli\u0163ist\u0103 din autospecial\u0103 au ajuns la spital, \u00een urma accidentului. [&hellip;]<\/p>\n","protected":false},"author":8,"featured_media":114765,"comment_status":"closed","ping_status":"open","sticky":false,"template":"","format":"standard","meta":{"_acf_changed":false,"inline_featured_image":false,"ngg_post_thumbnail":0,"footnotes":""},"categories":[6994,9026,62],"tags":[18492,18491,765],"ppma_author":[22586],"class_list":["post-114764","post","type-post","status-publish","format-standard","has-post-thumbnail","hentry","category-stiri-2","category-eveniment","category-stiri","tag-accident-sincai","tag-masina-politie-lovita","tag-sector-4"],"acf":[],"yoast_head":"<!-- This site is optimized with the Yoast SEO Premium plugin v25.3 (Yoast SEO v27.5) - https:\/\/yoast.com\/product\/yoast-seo-premium-wordpress\/ -->\n<title>Ma\u015fin\u0103 de poli\u0163ie cu sirena \u015fi girofarul pornite, izbit\u0103 \u00een intersec\u0163ie la \u015eincai. Dou\u0103 persoane au fost r\u0103nite - Buletin de Bucure\u0219ti<\/title>\n<meta name=\"description\" content=\"O ma\u015fin\u0103 de poli\u0163ie a fost izbit\u0103 \u00een intersec\u0163ia bulevardului \u015eincai cu bulevardul Tineretului, noaptea trecut\u0103, imediat dup\u0103 ora 00:00.\" \/>\n<meta name=\"robots\" content=\"index, follow, max-snippet:-1, max-image-preview:large, max-video-preview:-1\" \/>\n<link rel=\"canonical\" href=\"https:\/\/buletin.de\/bucuresti\/masina-de-politie-cu-sirena-si-girofarul-pornite-izbita-in-intersectie-la-sincai-doua-persoane-au-fost-ranite\/\" \/>\n<meta property=\"og:locale\" content=\"en_GB\" \/>\n<meta property=\"og:type\" content=\"article\" \/>\n<meta property=\"og:title\" content=\"Ma\u015fin\u0103 de poli\u0163ie cu sirena \u015fi girofarul pornite, izbit\u0103 \u00een intersec\u0163ie la \u015eincai. Dou\u0103 persoane au fost r\u0103nite\" \/>\n<meta property=\"og:description\" content=\"O ma\u015fin\u0103 de poli\u0163ie a fost izbit\u0103 \u00een intersec\u0163ia bulevardului \u015eincai cu bulevardul Tineretului, noaptea trecut\u0103, imediat dup\u0103 ora 00:00.\" \/>\n<meta property=\"og:url\" content=\"https:\/\/buletin.de\/bucuresti\/masina-de-politie-cu-sirena-si-girofarul-pornite-izbita-in-intersectie-la-sincai-doua-persoane-au-fost-ranite\/\" \/>\n<meta property=\"og:site_name\" content=\"Buletin de Bucure\u0219ti\" \/>\n<meta property=\"article:publisher\" content=\"https:\/\/www.facebook.com\/buletin.de.buc\" \/>\n<meta property=\"article:published_time\" content=\"2025-01-18T08:45:05+00:00\" \/>\n<meta property=\"article:modified_time\" content=\"2025-01-18T08:45:06+00:00\" \/>\n<meta property=\"og:image\" content=\"https:\/\/buletin.de\/bucuresti\/wp-content\/uploads\/WhatsApp-Image-2025-01-18-at-10.28.37.jpeg\" \/>\n\t<meta property=\"og:image:width\" content=\"2048\" \/>\n\t<meta property=\"og:image:height\" content=\"1536\" \/>\n\t<meta property=\"og:image:type\" content=\"image\/jpeg\" \/>\n<meta name=\"author\" content=\"Ionu\u021b Lepa\" \/>\n<meta name=\"twitter:card\" content=\"summary_large_image\" \/>\n<meta name=\"twitter:label1\" content=\"Written by\" \/>\n\t<meta name=\"twitter:data1\" content=\"Ionu\u021b Lepa\" \/>\n\t<meta name=\"twitter:label2\" content=\"Estimated reading time\" \/>\n\t<meta name=\"twitter:data2\" content=\"3 minutes\" \/>\n<script type=\"application\/ld+json\" class=\"yoast-schema-graph\">{\"@context\":\"https:\\\/\\\/schema.org\",\"@graph\":[{\"@type\":\"Article\",\"@id\":\"https:\\\/\\\/buletin.de\\\/bucuresti\\\/masina-de-politie-cu-sirena-si-girofarul-pornite-izbita-in-intersectie-la-sincai-doua-persoane-au-fost-ranite\\\/#article\",\"isPartOf\":{\"@id\":\"https:\\\/\\\/buletin.de\\\/bucuresti\\\/masina-de-politie-cu-sirena-si-girofarul-pornite-izbita-in-intersectie-la-sincai-doua-persoane-au-fost-ranite\\\/\"},\"author\":{\"name\":\"Ionu\u021b Lepa\",\"@id\":\"https:\\\/\\\/buletin.de\\\/bucuresti\\\/#\\\/schema\\\/person\\\/5272b8a057b33890940b57b837fc4ce6\"},\"headline\":\"Ma\u015fin\u0103 de poli\u0163ie cu sirena \u015fi girofarul pornite, izbit\u0103 \u00een intersec\u0163ie la \u015eincai. Dou\u0103 persoane au fost r\u0103nite\",\"datePublished\":\"2025-01-18T08:45:05+00:00\",\"dateModified\":\"2025-01-18T08:45:06+00:00\",\"mainEntityOfPage\":{\"@id\":\"https:\\\/\\\/buletin.de\\\/bucuresti\\\/masina-de-politie-cu-sirena-si-girofarul-pornite-izbita-in-intersectie-la-sincai-doua-persoane-au-fost-ranite\\\/\"},\"wordCount\":435,\"publisher\":{\"@id\":\"https:\\\/\\\/buletin.de\\\/bucuresti\\\/#organization\"},\"image\":{\"@id\":\"https:\\\/\\\/buletin.de\\\/bucuresti\\\/masina-de-politie-cu-sirena-si-girofarul-pornite-izbita-in-intersectie-la-sincai-doua-persoane-au-fost-ranite\\\/#primaryimage\"},\"thumbnailUrl\":\"https:\\\/\\\/buletin.de\\\/bucuresti\\\/wp-content\\\/uploads\\\/WhatsApp-Image-2025-01-18-at-10.28.37.jpeg\",\"keywords\":[\"accident sincai\",\"masina politie lovita\",\"Sector 4\"],\"articleSection\":[\"Articole\",\"Eveniment\",\"\u0218tiri\"],\"inLanguage\":\"en-GB\",\"copyrightYear\":\"2025\",\"copyrightHolder\":{\"@id\":\"https:\\\/\\\/buletin.de\\\/bucuresti\\\/#organization\"}},{\"@type\":\"WebPage\",\"@id\":\"https:\\\/\\\/buletin.de\\\/bucuresti\\\/masina-de-politie-cu-sirena-si-girofarul-pornite-izbita-in-intersectie-la-sincai-doua-persoane-au-fost-ranite\\\/\",\"url\":\"https:\\\/\\\/buletin.de\\\/bucuresti\\\/masina-de-politie-cu-sirena-si-girofarul-pornite-izbita-in-intersectie-la-sincai-doua-persoane-au-fost-ranite\\\/\",\"name\":\"Ma\u015fin\u0103 de poli\u0163ie cu sirena \u015fi girofarul pornite, izbit\u0103 \u00een intersec\u0163ie la \u015eincai. Dou\u0103 persoane au fost r\u0103nite - Buletin de Bucure\u0219ti\",\"isPartOf\":{\"@id\":\"https:\\\/\\\/buletin.de\\\/bucuresti\\\/#website\"},\"primaryImageOfPage\":{\"@id\":\"https:\\\/\\\/buletin.de\\\/bucuresti\\\/masina-de-politie-cu-sirena-si-girofarul-pornite-izbita-in-intersectie-la-sincai-doua-persoane-au-fost-ranite\\\/#primaryimage\"},\"image\":{\"@id\":\"https:\\\/\\\/buletin.de\\\/bucuresti\\\/masina-de-politie-cu-sirena-si-girofarul-pornite-izbita-in-intersectie-la-sincai-doua-persoane-au-fost-ranite\\\/#primaryimage\"},\"thumbnailUrl\":\"https:\\\/\\\/buletin.de\\\/bucuresti\\\/wp-content\\\/uploads\\\/WhatsApp-Image-2025-01-18-at-10.28.37.jpeg\",\"datePublished\":\"2025-01-18T08:45:05+00:00\",\"dateModified\":\"2025-01-18T08:45:06+00:00\",\"description\":\"O ma\u015fin\u0103 de poli\u0163ie a fost izbit\u0103 \u00een intersec\u0163ia bulevardului \u015eincai cu bulevardul Tineretului, noaptea trecut\u0103, imediat dup\u0103 ora 00:00.\",\"breadcrumb\":{\"@id\":\"https:\\\/\\\/buletin.de\\\/bucuresti\\\/masina-de-politie-cu-sirena-si-girofarul-pornite-izbita-in-intersectie-la-sincai-doua-persoane-au-fost-ranite\\\/#breadcrumb\"},\"inLanguage\":\"en-GB\",\"potentialAction\":[{\"@type\":\"ReadAction\",\"target\":[\"https:\\\/\\\/buletin.de\\\/bucuresti\\\/masina-de-politie-cu-sirena-si-girofarul-pornite-izbita-in-intersectie-la-sincai-doua-persoane-au-fost-ranite\\\/\"]}]},{\"@type\":\"ImageObject\",\"inLanguage\":\"en-GB\",\"@id\":\"https:\\\/\\\/buletin.de\\\/bucuresti\\\/masina-de-politie-cu-sirena-si-girofarul-pornite-izbita-in-intersectie-la-sincai-doua-persoane-au-fost-ranite\\\/#primaryimage\",\"url\":\"https:\\\/\\\/buletin.de\\\/bucuresti\\\/wp-content\\\/uploads\\\/WhatsApp-Image-2025-01-18-at-10.28.37.jpeg\",\"contentUrl\":\"https:\\\/\\\/buletin.de\\\/bucuresti\\\/wp-content\\\/uploads\\\/WhatsApp-Image-2025-01-18-at-10.28.37.jpeg\",\"width\":2048,\"height\":1536,\"caption\":\"Ma\u015fin\u0103 de poli\u0163ie aflat\u0103 \u00een misiune, izbit\u0103 de un autoturism. FOTO: amator\"},{\"@type\":\"BreadcrumbList\",\"@id\":\"https:\\\/\\\/buletin.de\\\/bucuresti\\\/masina-de-politie-cu-sirena-si-girofarul-pornite-izbita-in-intersectie-la-sincai-doua-persoane-au-fost-ranite\\\/#breadcrumb\",\"itemListElement\":[{\"@type\":\"ListItem\",\"position\":1,\"name\":\"Acas\u0103\",\"item\":\"https:\\\/\\\/buletin.de\\\/bucuresti\\\/\"},{\"@type\":\"ListItem\",\"position\":2,\"name\":\"Ma\u015fin\u0103 de poli\u0163ie cu sirena \u015fi girofarul pornite, izbit\u0103 \u00een intersec\u0163ie la \u015eincai. Dou\u0103 persoane au fost r\u0103nite\"}]},{\"@type\":\"WebSite\",\"@id\":\"https:\\\/\\\/buletin.de\\\/bucuresti\\\/#website\",\"url\":\"https:\\\/\\\/buletin.de\\\/bucuresti\\\/\",\"name\":\"Buletin de Bucure\u0219ti\",\"description\":\"\u0218tiri \u0219i investiga\u021bii esen\u021biale din capital\u0103\",\"publisher\":{\"@id\":\"https:\\\/\\\/buletin.de\\\/bucuresti\\\/#organization\"},\"potentialAction\":[{\"@type\":\"SearchAction\",\"target\":{\"@type\":\"EntryPoint\",\"urlTemplate\":\"https:\\\/\\\/buletin.de\\\/bucuresti\\\/?s={search_term_string}\"},\"query-input\":{\"@type\":\"PropertyValueSpecification\",\"valueRequired\":true,\"valueName\":\"search_term_string\"}}],\"inLanguage\":\"en-GB\"},{\"@type\":\"Organization\",\"@id\":\"https:\\\/\\\/buletin.de\\\/bucuresti\\\/#organization\",\"name\":\"Buletin de Bucure\u0219ti\",\"url\":\"https:\\\/\\\/buletin.de\\\/bucuresti\\\/\",\"logo\":{\"@type\":\"ImageObject\",\"inLanguage\":\"en-GB\",\"@id\":\"https:\\\/\\\/buletin.de\\\/bucuresti\\\/#\\\/schema\\\/logo\\\/image\\\/\",\"url\":\"https:\\\/\\\/buletin.de\\\/bucuresti\\\/wp-content\\\/uploads\\\/logo-bdb-full-wide-vernil-transparent.png\",\"contentUrl\":\"https:\\\/\\\/buletin.de\\\/bucuresti\\\/wp-content\\\/uploads\\\/logo-bdb-full-wide-vernil-transparent.png\",\"width\":1782,\"height\":626,\"caption\":\"Buletin de Bucure\u0219ti\"},\"image\":{\"@id\":\"https:\\\/\\\/buletin.de\\\/bucuresti\\\/#\\\/schema\\\/logo\\\/image\\\/\"},\"sameAs\":[\"https:\\\/\\\/www.facebook.com\\\/buletin.de.buc\",\"https:\\\/\\\/www.instagram.com\\\/buletinde.bucuresti\\\/\"]},{\"@type\":\"Person\",\"@id\":\"https:\\\/\\\/buletin.de\\\/bucuresti\\\/#\\\/schema\\\/person\\\/5272b8a057b33890940b57b837fc4ce6\",\"name\":\"Ionu\u021b Lepa\",\"image\":{\"@type\":\"ImageObject\",\"inLanguage\":\"en-GB\",\"@id\":\"https:\\\/\\\/buletin.de\\\/bucuresti\\\/wp-content\\\/uploads\\\/Ionut-Lepa-96x96.jpg5c4e4d9e049808799a8821652d2410a4\",\"url\":\"https:\\\/\\\/buletin.de\\\/bucuresti\\\/wp-content\\\/uploads\\\/Ionut-Lepa-96x96.jpg\",\"contentUrl\":\"https:\\\/\\\/buletin.de\\\/bucuresti\\\/wp-content\\\/uploads\\\/Ionut-Lepa-96x96.jpg\",\"caption\":\"Ionu\u021b Lepa\"},\"url\":\"https:\\\/\\\/buletin.de\\\/bucuresti\\\/author\\\/ionutlepa\\\/\"}]}<\/script>\n<!-- \/ Yoast SEO Premium plugin. -->","yoast_head_json":{"title":"Ma\u015fin\u0103 de poli\u0163ie cu sirena \u015fi girofarul pornite, izbit\u0103 \u00een intersec\u0163ie la \u015eincai. Dou\u0103 persoane au fost r\u0103nite - Buletin de Bucure\u0219ti","description":"O ma\u015fin\u0103 de poli\u0163ie a fost izbit\u0103 \u00een intersec\u0163ia bulevardului \u015eincai cu bulevardul Tineretului, noaptea trecut\u0103, imediat dup\u0103 ora 00:00.","robots":{"index":"index","follow":"follow","max-snippet":"max-snippet:-1","max-image-preview":"max-image-preview:large","max-video-preview":"max-video-preview:-1"},"canonical":"https:\/\/buletin.de\/bucuresti\/masina-de-politie-cu-sirena-si-girofarul-pornite-izbita-in-intersectie-la-sincai-doua-persoane-au-fost-ranite\/","og_locale":"en_GB","og_type":"article","og_title":"Ma\u015fin\u0103 de poli\u0163ie cu sirena \u015fi girofarul pornite, izbit\u0103 \u00een intersec\u0163ie la \u015eincai. Dou\u0103 persoane au fost r\u0103nite","og_description":"O ma\u015fin\u0103 de poli\u0163ie a fost izbit\u0103 \u00een intersec\u0163ia bulevardului \u015eincai cu bulevardul Tineretului, noaptea trecut\u0103, imediat dup\u0103 ora 00:00.","og_url":"https:\/\/buletin.de\/bucuresti\/masina-de-politie-cu-sirena-si-girofarul-pornite-izbita-in-intersectie-la-sincai-doua-persoane-au-fost-ranite\/","og_site_name":"Buletin de Bucure\u0219ti","article_publisher":"https:\/\/www.facebook.com\/buletin.de.buc","article_published_time":"2025-01-18T08:45:05+00:00","article_modified_time":"2025-01-18T08:45:06+00:00","og_image":[{"width":2048,"height":1536,"url":"https:\/\/buletin.de\/bucuresti\/wp-content\/uploads\/WhatsApp-Image-2025-01-18-at-10.28.37.jpeg","type":"image\/jpeg"}],"author":"Ionu\u021b Lepa","twitter_card":"summary_large_image","twitter_misc":{"Written by":"Ionu\u021b Lepa","Estimated reading time":"3 minutes"},"schema":{"@context":"https:\/\/schema.org","@graph":[{"@type":"Article","@id":"https:\/\/buletin.de\/bucuresti\/masina-de-politie-cu-sirena-si-girofarul-pornite-izbita-in-intersectie-la-sincai-doua-persoane-au-fost-ranite\/#article","isPartOf":{"@id":"https:\/\/buletin.de\/bucuresti\/masina-de-politie-cu-sirena-si-girofarul-pornite-izbita-in-intersectie-la-sincai-doua-persoane-au-fost-ranite\/"},"author":{"name":"Ionu\u021b Lepa","@id":"https:\/\/buletin.de\/bucuresti\/#\/schema\/person\/5272b8a057b33890940b57b837fc4ce6"},"headline":"Ma\u015fin\u0103 de poli\u0163ie cu sirena \u015fi girofarul pornite, izbit\u0103 \u00een intersec\u0163ie la \u015eincai. Dou\u0103 persoane au fost r\u0103nite","datePublished":"2025-01-18T08:45:05+00:00","dateModified":"2025-01-18T08:45:06+00:00","mainEntityOfPage":{"@id":"https:\/\/buletin.de\/bucuresti\/masina-de-politie-cu-sirena-si-girofarul-pornite-izbita-in-intersectie-la-sincai-doua-persoane-au-fost-ranite\/"},"wordCount":435,"publisher":{"@id":"https:\/\/buletin.de\/bucuresti\/#organization"},"image":{"@id":"https:\/\/buletin.de\/bucuresti\/masina-de-politie-cu-sirena-si-girofarul-pornite-izbita-in-intersectie-la-sincai-doua-persoane-au-fost-ranite\/#primaryimage"},"thumbnailUrl":"https:\/\/buletin.de\/bucuresti\/wp-content\/uploads\/WhatsApp-Image-2025-01-18-at-10.28.37.jpeg","keywords":["accident sincai","masina politie lovita","Sector 4"],"articleSection":["Articole","Eveniment","\u0218tiri"],"inLanguage":"en-GB","copyrightYear":"2025","copyrightHolder":{"@id":"https:\/\/buletin.de\/bucuresti\/#organization"}},{"@type":"WebPage","@id":"https:\/\/buletin.de\/bucuresti\/masina-de-politie-cu-sirena-si-girofarul-pornite-izbita-in-intersectie-la-sincai-doua-persoane-au-fost-ranite\/","url":"https:\/\/buletin.de\/bucuresti\/masina-de-politie-cu-sirena-si-girofarul-pornite-izbita-in-intersectie-la-sincai-doua-persoane-au-fost-ranite\/","name":"Ma\u015fin\u0103 de poli\u0163ie cu sirena \u015fi girofarul pornite, izbit\u0103 \u00een intersec\u0163ie la \u015eincai. Dou\u0103 persoane au fost r\u0103nite - Buletin de Bucure\u0219ti","isPartOf":{"@id":"https:\/\/buletin.de\/bucuresti\/#website"},"primaryImageOfPage":{"@id":"https:\/\/buletin.de\/bucuresti\/masina-de-politie-cu-sirena-si-girofarul-pornite-izbita-in-intersectie-la-sincai-doua-persoane-au-fost-ranite\/#primaryimage"},"image":{"@id":"https:\/\/buletin.de\/bucuresti\/masina-de-politie-cu-sirena-si-girofarul-pornite-izbita-in-intersectie-la-sincai-doua-persoane-au-fost-ranite\/#primaryimage"},"thumbnailUrl":"https:\/\/buletin.de\/bucuresti\/wp-content\/uploads\/WhatsApp-Image-2025-01-18-at-10.28.37.jpeg","datePublished":"2025-01-18T08:45:05+00:00","dateModified":"2025-01-18T08:45:06+00:00","description":"O ma\u015fin\u0103 de poli\u0163ie a fost izbit\u0103 \u00een intersec\u0163ia bulevardului \u015eincai cu bulevardul Tineretului, noaptea trecut\u0103, imediat dup\u0103 ora 00:00.","breadcrumb":{"@id":"https:\/\/buletin.de\/bucuresti\/masina-de-politie-cu-sirena-si-girofarul-pornite-izbita-in-intersectie-la-sincai-doua-persoane-au-fost-ranite\/#breadcrumb"},"inLanguage":"en-GB","potentialAction":[{"@type":"ReadAction","target":["https:\/\/buletin.de\/bucuresti\/masina-de-politie-cu-sirena-si-girofarul-pornite-izbita-in-intersectie-la-sincai-doua-persoane-au-fost-ranite\/"]}]},{"@type":"ImageObject","inLanguage":"en-GB","@id":"https:\/\/buletin.de\/bucuresti\/masina-de-politie-cu-sirena-si-girofarul-pornite-izbita-in-intersectie-la-sincai-doua-persoane-au-fost-ranite\/#primaryimage","url":"https:\/\/buletin.de\/bucuresti\/wp-content\/uploads\/WhatsApp-Image-2025-01-18-at-10.28.37.jpeg","contentUrl":"https:\/\/buletin.de\/bucuresti\/wp-content\/uploads\/WhatsApp-Image-2025-01-18-at-10.28.37.jpeg","width":2048,"height":1536,"caption":"Ma\u015fin\u0103 de poli\u0163ie aflat\u0103 \u00een misiune, izbit\u0103 de un autoturism. FOTO: amator"},{"@type":"BreadcrumbList","@id":"https:\/\/buletin.de\/bucuresti\/masina-de-politie-cu-sirena-si-girofarul-pornite-izbita-in-intersectie-la-sincai-doua-persoane-au-fost-ranite\/#breadcrumb","itemListElement":[{"@type":"ListItem","position":1,"name":"Acas\u0103","item":"https:\/\/buletin.de\/bucuresti\/"},{"@type":"ListItem","position":2,"name":"Ma\u015fin\u0103 de poli\u0163ie cu sirena \u015fi girofarul pornite, izbit\u0103 \u00een intersec\u0163ie la \u015eincai. Dou\u0103 persoane au fost r\u0103nite"}]},{"@type":"WebSite","@id":"https:\/\/buletin.de\/bucuresti\/#website","url":"https:\/\/buletin.de\/bucuresti\/","name":"Buletin de Bucure\u0219ti","description":"\u0218tiri \u0219i investiga\u021bii esen\u021biale din capital\u0103","publisher":{"@id":"https:\/\/buletin.de\/bucuresti\/#organization"},"potentialAction":[{"@type":"SearchAction","target":{"@type":"EntryPoint","urlTemplate":"https:\/\/buletin.de\/bucuresti\/?s={search_term_string}"},"query-input":{"@type":"PropertyValueSpecification","valueRequired":true,"valueName":"search_term_string"}}],"inLanguage":"en-GB"},{"@type":"Organization","@id":"https:\/\/buletin.de\/bucuresti\/#organization","name":"Buletin de Bucure\u0219ti","url":"https:\/\/buletin.de\/bucuresti\/","logo":{"@type":"ImageObject","inLanguage":"en-GB","@id":"https:\/\/buletin.de\/bucuresti\/#\/schema\/logo\/image\/","url":"https:\/\/buletin.de\/bucuresti\/wp-content\/uploads\/logo-bdb-full-wide-vernil-transparent.png","contentUrl":"https:\/\/buletin.de\/bucuresti\/wp-content\/uploads\/logo-bdb-full-wide-vernil-transparent.png","width":1782,"height":626,"caption":"Buletin de Bucure\u0219ti"},"image":{"@id":"https:\/\/buletin.de\/bucuresti\/#\/schema\/logo\/image\/"},"sameAs":["https:\/\/www.facebook.com\/buletin.de.buc","https:\/\/www.instagram.com\/buletinde.bucuresti\/"]},{"@type":"Person","@id":"https:\/\/buletin.de\/bucuresti\/#\/schema\/person\/5272b8a057b33890940b57b837fc4ce6","name":"Ionu\u021b Lepa","image":{"@type":"ImageObject","inLanguage":"en-GB","@id":"https:\/\/buletin.de\/bucuresti\/wp-content\/uploads\/Ionut-Lepa-96x96.jpg5c4e4d9e049808799a8821652d2410a4","url":"https:\/\/buletin.de\/bucuresti\/wp-content\/uploads\/Ionut-Lepa-96x96.jpg","contentUrl":"https:\/\/buletin.de\/bucuresti\/wp-content\/uploads\/Ionut-Lepa-96x96.jpg","caption":"Ionu\u021b Lepa"},"url":"https:\/\/buletin.de\/bucuresti\/author\/ionutlepa\/"}]}},"authors":[{"term_id":22586,"user_id":8,"is_guest":0,"slug":"ionutlepa","display_name":"Ionu\u021b Lepa","avatar_url":"https:\/\/buletin.de\/bucuresti\/wp-content\/uploads\/Ionut-Lepa-96x96.jpg","0":null,"1":"","2":"","3":"","4":"","5":"","6":"","7":"","8":""}],"_links":{"self":[{"href":"https:\/\/buletin.de\/bucuresti\/wp-json\/wp\/v2\/posts\/114764","targetHints":{"allow":["GET"]}}],"collection":[{"href":"https:\/\/buletin.de\/bucuresti\/wp-json\/wp\/v2\/posts"}],"about":[{"href":"https:\/\/buletin.de\/bucuresti\/wp-json\/wp\/v2\/types\/post"}],"author":[{"embeddable":true,"href":"https:\/\/buletin.de\/bucuresti\/wp-json\/wp\/v2\/users\/8"}],"replies":[{"embeddable":true,"href":"https:\/\/buletin.de\/bucuresti\/wp-json\/wp\/v2\/comments?post=114764"}],"version-history":[{"count":1,"href":"https:\/\/buletin.de\/bucuresti\/wp-json\/wp\/v2\/posts\/114764\/revisions"}],"predecessor-version":[{"id":114767,"href":"https:\/\/buletin.de\/bucuresti\/wp-json\/wp\/v2\/posts\/114764\/revisions\/114767"}],"wp:featuredmedia":[{"embeddable":true,"href":"https:\/\/buletin.de\/bucuresti\/wp-json\/wp\/v2\/media\/114765"}],"wp:attachment":[{"href":"https:\/\/buletin.de\/bucuresti\/wp-json\/wp\/v2\/media?parent=114764"}],"wp:term":[{"taxonomy":"category","embeddable":true,"href":"https:\/\/buletin.de\/bucuresti\/wp-json\/wp\/v2\/categories?post=114764"},{"taxonomy":"post_tag","embeddable":true,"href":"https:\/\/buletin.de\/bucuresti\/wp-json\/wp\/v2\/tags?post=114764"},{"taxonomy":"author","embeddable":true,"href":"https:\/\/buletin.de\/bucuresti\/wp-json\/wp\/v2\/ppma_author?post=114764"}],"curies":[{"name":"wp","href":"https:\/\/api.w.org\/{rel}","templated":true}]}}