{"id":114711,"date":"2025-01-17T13:26:41","date_gmt":"2025-01-17T10:26:41","guid":{"rendered":"https:\/\/buletin.de\/bucuresti\/?p=114711"},"modified":"2025-01-17T13:26:41","modified_gmt":"2025-01-17T10:26:41","slug":"sindicalistii-acuza-un-deficit-de-900-de-persoane-la-metrorex-si-anunta-proteste-la-ministerul-de-finante-si-guvern","status":"publish","type":"post","link":"https:\/\/buletin.de\/bucuresti\/sindicalistii-acuza-un-deficit-de-900-de-persoane-la-metrorex-si-anunta-proteste-la-ministerul-de-finante-si-guvern\/","title":{"rendered":"Sindicali\u015ftii acuz\u0103 un deficit de 900 de persoane la Metrorex \u0219i anun\u021b\u0103 proteste la Ministerul de Finan\u021be \u015fi Guvern"},"content":{"rendered":"\n<p><strong>Sindicali\u015ftii din USLM (UNITATEA &#8211; Sindicatul Liber din Metrou) anun\u0163\u0103 c\u0103 s\u0103pt\u0103m\u00e2na viitoare vor picheta sediul Ministerului de Finan\u0163e \u015fi Guvernul, nemul\u0163umi\u0163i de prevederile Ordonan\u0163ei \u201eTrenule\u0163\u201d. Ace\u015ftia spun c\u0103 nu mai pot asigura serviciile din cauza deficitului de personal \u015fi pierd bani promi\u015fi prin contractul colectiv de munc\u0103. <\/strong><\/p>\n\n\n\n<p>Potrivit \u015fefului de sindicat Marian Artimon, care a stat de vorb\u0103 cu reporterii Buletin de Bucure\u015fti, sindicali\u015ftii au ob\u0163inut autoriza\u0163ie pentru un pichet \u00een fa\u0163a Ministerului de Finan\u0163e mar\u0163i, 21 ianuarie \u015fi miercuri, 22 ianuarie, \u00een fa\u0163a Guvernului. <\/p>\n\n\n\n<p><strong>CITE\u015eTE \u015eI:<\/strong> <a href=\"https:\/\/buletin.de\/bucuresti\/protest-al-politistilor-si-angajatilor-din-aparare-in-bucuresti-masurile-luate-de-brigada-rutiera-pe-traseul-mitingului\/\">Protest al poli\u021bi\u0219tilor \u015fi angaja\u0163ilor din Ap\u0103rare, \u00een Bucure\u015fti. M\u0103surile luate de Brigada Rutier\u0103 pe traseul\u00a0mitingului<\/a><\/p>\n\n\n\n<p>Aceste mitinguri sunt organizate pentru a combate prevederile Ordonan\u0163ei \u201eTrenule\u0163\u201d, spune Artimon. Din cauza OUG-ului, tot ce s-a hot\u0103r\u00e2t \u00een contractul colectiv de munc\u0103 anul trecut nu se mai aplic\u0103, acuz\u0103 el. Drept urmare, angaja\u0163ii Metrorex pierd:<\/p>\n\n\n\n<ul class=\"wp-block-list\">\n<li>majorarea salarial\u0103 de 1050 de lei promis\u0103 conform actului \u00eenregistrat la Inspectoratul Teritorial de Munc\u0103<\/li>\n\n\n\n<li>tichete de mas\u0103<\/li>\n\n\n\n<li>asigur\u0103ri private de s\u0103n\u0103tate<\/li>\n<\/ul>\n\n\n\n<p>\u00cen plus, fa\u0163\u0103 de aceste aspecte, angaj\u0103rile sunt blocate, de\u015fi compania este, spune sindicalistul, pe deficit de personal. Drept urmare, spune acesta \u201e<strong>Nu mai putem s\u0103 asigur\u0103m serviciile pentru care suntem angaja\u0163i<\/strong>!\u201d<\/p>\n\n\n\n<p><strong>CITE\u015eTE \u015eI: <\/strong><a href=\"https:\/\/buletin.de\/bucuresti\/angajatii-elcen-se-alatura-protestelor-fata-de-ordonanta-trenulet-manifestatia-programata-saptamana-viitoare\/\">Angaja\u0163ii ELCEN se al\u0103tur\u0103 protestelor fa\u021b\u0103 de \u201eordonan\u021ba-trenule\u021b\u201d. Manifesta\u021bia, programat\u0103 s\u0103pt\u0103m\u00e2na viitoare<\/a><\/p>\n\n\n\n<p>\u201eNu mai vor s\u0103 dea tichetele de mas\u0103 la toat\u0103 lumea a\u015fa cum am convenit \u015fi viseaz\u0103 ei tot felul de cai verzi pe pere\u0163i\u201d, mai spune, nervos, Artimon. Acesta a transmis c\u0103 a luat leg\u0103tura cu avoca\u0163ii sindicatului \u015fi \u201eanalizeaz\u0103 toate posibilit\u0103\u0163ile\u201d, deci inclusiv un demers \u00een instan\u0163\u0103. <\/p>\n\n\n\n<p>La finalul lunii noiembrie, dup\u0103 s\u0103pt\u0103m\u00e2ni bune \u00een care <a href=\"https:\/\/uslmetrou.ro\/\">sindicali\u0219tii <\/a>amenin\u0163aser\u0103 cu greva, a fost semnat Contractul Colectiv de Munc\u0103 cu noile prevederi. <\/p>\n\n\n\n<p>\u00centrebat ce s-a ob\u021binut concret prin acest nou Contract Colectiv de Munc\u0103, liderul sindical a evitat atunci s\u0103 dea un r\u0103spuns direct: \u201eAm ob\u021binut ca oamenii de la metrou s\u0103 fie respecta\u021bi mai mult ca o femeie de serviciu din \u021bara asta\u201d.<\/p>\n\n\n\n<p><strong>CITE\u015eTE \u015eI:<\/strong> <a href=\"https:\/\/buletin.de\/bucuresti\/greva-de-la-metrorex-a-fost-evitata-s-a-semnat-contractul-colectiv-de-munca\/\">Greva de la Metrorex a fost evitat\u0103. S-a semnat Contractul Colectiv de Munc\u0103<\/a><br><\/p>\n","protected":false},"excerpt":{"rendered":"<p>Sindicali\u015ftii din USLM (UNITATEA &#8211; Sindicatul Liber din Metrou) anun\u0163\u0103 c\u0103 s\u0103pt\u0103m\u00e2na viitoare vor picheta sediul Ministerului de Finan\u0163e \u015fi Guvernul, nemul\u0163umi\u0163i de prevederile Ordonan\u0163ei \u201eTrenule\u0163\u201d. Ace\u015ftia spun c\u0103 nu mai pot asigura serviciile din cauza deficitului de personal \u015fi pierd bani promi\u015fi prin contractul colectiv de munc\u0103. Potrivit \u015fefului de sindicat Marian Artimon, care [&hellip;]<\/p>\n","protected":false},"author":8,"featured_media":114720,"comment_status":"closed","ping_status":"open","sticky":false,"template":"","format":"standard","meta":{"_acf_changed":false,"inline_featured_image":false,"ngg_post_thumbnail":0,"footnotes":""},"categories":[6994,9026,5762],"tags":[16444,8609,377,376,18472,2449,1028],"ppma_author":[22586],"class_list":["post-114711","post","type-post","status-publish","format-standard","has-post-thumbnail","hentry","category-stiri-2","category-eveniment","category-main","tag-ccm","tag-marian-artimon","tag-metrorex","tag-metrou","tag-pichet-ministerul-de-finante","tag-protest-metrou","tag-uslm"],"acf":[],"yoast_head":"<!-- This site is optimized with the Yoast SEO Premium plugin v25.3 (Yoast SEO v27.5) - https:\/\/yoast.com\/product\/yoast-seo-premium-wordpress\/ -->\n<title>Sindicali\u015ftii acuz\u0103 un deficit de 900 de persoane la Metrorex \u0219i anun\u021b\u0103 proteste la Ministerul de Finan\u021be \u015fi Guvern - Buletin de Bucure\u0219ti<\/title>\n<meta name=\"description\" content=\"Sindicali\u015ftii din USLM anun\u0163\u0103 c\u0103 s\u0103pt\u0103m\u00e2na viitoare vor picheta sediul Ministerului de Finan\u0163e \u015fi Guvernul\" \/>\n<meta name=\"robots\" content=\"index, follow, max-snippet:-1, max-image-preview:large, max-video-preview:-1\" \/>\n<link rel=\"canonical\" href=\"https:\/\/buletin.de\/bucuresti\/sindicalistii-acuza-un-deficit-de-900-de-persoane-la-metrorex-si-anunta-proteste-la-ministerul-de-finante-si-guvern\/\" \/>\n<meta property=\"og:locale\" content=\"en_GB\" \/>\n<meta property=\"og:type\" content=\"article\" \/>\n<meta property=\"og:title\" content=\"Sindicali\u015ftii acuz\u0103 un deficit de 900 de persoane la Metrorex \u0219i anun\u021b\u0103 proteste la Ministerul de Finan\u021be \u015fi Guvern\" \/>\n<meta property=\"og:description\" content=\"Sindicali\u015ftii din USLM anun\u0163\u0103 c\u0103 s\u0103pt\u0103m\u00e2na viitoare vor picheta sediul Ministerului de Finan\u0163e \u015fi Guvernul\" \/>\n<meta property=\"og:url\" content=\"https:\/\/buletin.de\/bucuresti\/sindicalistii-acuza-un-deficit-de-900-de-persoane-la-metrorex-si-anunta-proteste-la-ministerul-de-finante-si-guvern\/\" \/>\n<meta property=\"og:site_name\" content=\"Buletin de Bucure\u0219ti\" \/>\n<meta property=\"article:publisher\" content=\"https:\/\/www.facebook.com\/buletin.de.buc\" \/>\n<meta property=\"article:published_time\" content=\"2025-01-17T10:26:41+00:00\" \/>\n<meta property=\"og:image\" content=\"https:\/\/buletin.de\/bucuresti\/wp-content\/uploads\/Artimon-USLM-INQUAM_Photos_Malina_Norocea.jpg\" \/>\n\t<meta property=\"og:image:width\" content=\"2000\" \/>\n\t<meta property=\"og:image:height\" content=\"1333\" \/>\n\t<meta property=\"og:image:type\" content=\"image\/jpeg\" \/>\n<meta name=\"author\" content=\"Ionu\u021b Lepa\" \/>\n<meta name=\"twitter:card\" content=\"summary_large_image\" \/>\n<meta name=\"twitter:label1\" content=\"Written by\" \/>\n\t<meta name=\"twitter:data1\" content=\"Ionu\u021b Lepa\" \/>\n\t<meta name=\"twitter:label2\" content=\"Estimated reading time\" \/>\n\t<meta name=\"twitter:data2\" content=\"2 minutes\" \/>\n<script type=\"application\/ld+json\" class=\"yoast-schema-graph\">{\"@context\":\"https:\\\/\\\/schema.org\",\"@graph\":[{\"@type\":\"Article\",\"@id\":\"https:\\\/\\\/buletin.de\\\/bucuresti\\\/sindicalistii-acuza-un-deficit-de-900-de-persoane-la-metrorex-si-anunta-proteste-la-ministerul-de-finante-si-guvern\\\/#article\",\"isPartOf\":{\"@id\":\"https:\\\/\\\/buletin.de\\\/bucuresti\\\/sindicalistii-acuza-un-deficit-de-900-de-persoane-la-metrorex-si-anunta-proteste-la-ministerul-de-finante-si-guvern\\\/\"},\"author\":{\"name\":\"Ionu\u021b Lepa\",\"@id\":\"https:\\\/\\\/buletin.de\\\/bucuresti\\\/#\\\/schema\\\/person\\\/5272b8a057b33890940b57b837fc4ce6\"},\"headline\":\"Sindicali\u015ftii acuz\u0103 un deficit de 900 de persoane la Metrorex \u0219i anun\u021b\u0103 proteste la Ministerul de Finan\u021be \u015fi Guvern\",\"datePublished\":\"2025-01-17T10:26:41+00:00\",\"mainEntityOfPage\":{\"@id\":\"https:\\\/\\\/buletin.de\\\/bucuresti\\\/sindicalistii-acuza-un-deficit-de-900-de-persoane-la-metrorex-si-anunta-proteste-la-ministerul-de-finante-si-guvern\\\/\"},\"wordCount\":415,\"publisher\":{\"@id\":\"https:\\\/\\\/buletin.de\\\/bucuresti\\\/#organization\"},\"image\":{\"@id\":\"https:\\\/\\\/buletin.de\\\/bucuresti\\\/sindicalistii-acuza-un-deficit-de-900-de-persoane-la-metrorex-si-anunta-proteste-la-ministerul-de-finante-si-guvern\\\/#primaryimage\"},\"thumbnailUrl\":\"https:\\\/\\\/buletin.de\\\/bucuresti\\\/wp-content\\\/uploads\\\/Artimon-USLM-INQUAM_Photos_Malina_Norocea.jpg\",\"keywords\":[\"ccm\",\"Marian Artimon\",\"metrorex\",\"metrou\",\"pichet ministerul de finante\",\"protest metrou\",\"uslm\"],\"articleSection\":[\"Articole\",\"Eveniment\",\"Main\"],\"inLanguage\":\"en-GB\",\"copyrightYear\":\"2025\",\"copyrightHolder\":{\"@id\":\"https:\\\/\\\/buletin.de\\\/bucuresti\\\/#organization\"}},{\"@type\":\"WebPage\",\"@id\":\"https:\\\/\\\/buletin.de\\\/bucuresti\\\/sindicalistii-acuza-un-deficit-de-900-de-persoane-la-metrorex-si-anunta-proteste-la-ministerul-de-finante-si-guvern\\\/\",\"url\":\"https:\\\/\\\/buletin.de\\\/bucuresti\\\/sindicalistii-acuza-un-deficit-de-900-de-persoane-la-metrorex-si-anunta-proteste-la-ministerul-de-finante-si-guvern\\\/\",\"name\":\"Sindicali\u015ftii acuz\u0103 un deficit de 900 de persoane la Metrorex \u0219i anun\u021b\u0103 proteste la Ministerul de Finan\u021be \u015fi Guvern - Buletin de Bucure\u0219ti\",\"isPartOf\":{\"@id\":\"https:\\\/\\\/buletin.de\\\/bucuresti\\\/#website\"},\"primaryImageOfPage\":{\"@id\":\"https:\\\/\\\/buletin.de\\\/bucuresti\\\/sindicalistii-acuza-un-deficit-de-900-de-persoane-la-metrorex-si-anunta-proteste-la-ministerul-de-finante-si-guvern\\\/#primaryimage\"},\"image\":{\"@id\":\"https:\\\/\\\/buletin.de\\\/bucuresti\\\/sindicalistii-acuza-un-deficit-de-900-de-persoane-la-metrorex-si-anunta-proteste-la-ministerul-de-finante-si-guvern\\\/#primaryimage\"},\"thumbnailUrl\":\"https:\\\/\\\/buletin.de\\\/bucuresti\\\/wp-content\\\/uploads\\\/Artimon-USLM-INQUAM_Photos_Malina_Norocea.jpg\",\"datePublished\":\"2025-01-17T10:26:41+00:00\",\"description\":\"Sindicali\u015ftii din USLM anun\u0163\u0103 c\u0103 s\u0103pt\u0103m\u00e2na viitoare vor picheta sediul Ministerului de Finan\u0163e \u015fi Guvernul\",\"breadcrumb\":{\"@id\":\"https:\\\/\\\/buletin.de\\\/bucuresti\\\/sindicalistii-acuza-un-deficit-de-900-de-persoane-la-metrorex-si-anunta-proteste-la-ministerul-de-finante-si-guvern\\\/#breadcrumb\"},\"inLanguage\":\"en-GB\",\"potentialAction\":[{\"@type\":\"ReadAction\",\"target\":[\"https:\\\/\\\/buletin.de\\\/bucuresti\\\/sindicalistii-acuza-un-deficit-de-900-de-persoane-la-metrorex-si-anunta-proteste-la-ministerul-de-finante-si-guvern\\\/\"]}]},{\"@type\":\"ImageObject\",\"inLanguage\":\"en-GB\",\"@id\":\"https:\\\/\\\/buletin.de\\\/bucuresti\\\/sindicalistii-acuza-un-deficit-de-900-de-persoane-la-metrorex-si-anunta-proteste-la-ministerul-de-finante-si-guvern\\\/#primaryimage\",\"url\":\"https:\\\/\\\/buletin.de\\\/bucuresti\\\/wp-content\\\/uploads\\\/Artimon-USLM-INQUAM_Photos_Malina_Norocea.jpg\",\"contentUrl\":\"https:\\\/\\\/buletin.de\\\/bucuresti\\\/wp-content\\\/uploads\\\/Artimon-USLM-INQUAM_Photos_Malina_Norocea.jpg\",\"width\":2000,\"height\":1333,\"caption\":\"Sindicali\u015ftii de la metrou anun\u0163\u0103 pichet la Ministerul de Finan\u0163e. FOTO: INQUAM \\\/ M\u0103lina Norocea\"},{\"@type\":\"BreadcrumbList\",\"@id\":\"https:\\\/\\\/buletin.de\\\/bucuresti\\\/sindicalistii-acuza-un-deficit-de-900-de-persoane-la-metrorex-si-anunta-proteste-la-ministerul-de-finante-si-guvern\\\/#breadcrumb\",\"itemListElement\":[{\"@type\":\"ListItem\",\"position\":1,\"name\":\"Acas\u0103\",\"item\":\"https:\\\/\\\/buletin.de\\\/bucuresti\\\/\"},{\"@type\":\"ListItem\",\"position\":2,\"name\":\"Sindicali\u015ftii acuz\u0103 un deficit de 900 de persoane la Metrorex \u0219i anun\u021b\u0103 proteste la Ministerul de Finan\u021be \u015fi Guvern\"}]},{\"@type\":\"WebSite\",\"@id\":\"https:\\\/\\\/buletin.de\\\/bucuresti\\\/#website\",\"url\":\"https:\\\/\\\/buletin.de\\\/bucuresti\\\/\",\"name\":\"Buletin de Bucure\u0219ti\",\"description\":\"\u0218tiri \u0219i investiga\u021bii esen\u021biale din capital\u0103\",\"publisher\":{\"@id\":\"https:\\\/\\\/buletin.de\\\/bucuresti\\\/#organization\"},\"potentialAction\":[{\"@type\":\"SearchAction\",\"target\":{\"@type\":\"EntryPoint\",\"urlTemplate\":\"https:\\\/\\\/buletin.de\\\/bucuresti\\\/?s={search_term_string}\"},\"query-input\":{\"@type\":\"PropertyValueSpecification\",\"valueRequired\":true,\"valueName\":\"search_term_string\"}}],\"inLanguage\":\"en-GB\"},{\"@type\":\"Organization\",\"@id\":\"https:\\\/\\\/buletin.de\\\/bucuresti\\\/#organization\",\"name\":\"Buletin de Bucure\u0219ti\",\"url\":\"https:\\\/\\\/buletin.de\\\/bucuresti\\\/\",\"logo\":{\"@type\":\"ImageObject\",\"inLanguage\":\"en-GB\",\"@id\":\"https:\\\/\\\/buletin.de\\\/bucuresti\\\/#\\\/schema\\\/logo\\\/image\\\/\",\"url\":\"https:\\\/\\\/buletin.de\\\/bucuresti\\\/wp-content\\\/uploads\\\/logo-bdb-full-wide-vernil-transparent.png\",\"contentUrl\":\"https:\\\/\\\/buletin.de\\\/bucuresti\\\/wp-content\\\/uploads\\\/logo-bdb-full-wide-vernil-transparent.png\",\"width\":1782,\"height\":626,\"caption\":\"Buletin de Bucure\u0219ti\"},\"image\":{\"@id\":\"https:\\\/\\\/buletin.de\\\/bucuresti\\\/#\\\/schema\\\/logo\\\/image\\\/\"},\"sameAs\":[\"https:\\\/\\\/www.facebook.com\\\/buletin.de.buc\",\"https:\\\/\\\/www.instagram.com\\\/buletinde.bucuresti\\\/\"]},{\"@type\":\"Person\",\"@id\":\"https:\\\/\\\/buletin.de\\\/bucuresti\\\/#\\\/schema\\\/person\\\/5272b8a057b33890940b57b837fc4ce6\",\"name\":\"Ionu\u021b Lepa\",\"image\":{\"@type\":\"ImageObject\",\"inLanguage\":\"en-GB\",\"@id\":\"https:\\\/\\\/buletin.de\\\/bucuresti\\\/wp-content\\\/uploads\\\/Ionut-Lepa-96x96.jpg5c4e4d9e049808799a8821652d2410a4\",\"url\":\"https:\\\/\\\/buletin.de\\\/bucuresti\\\/wp-content\\\/uploads\\\/Ionut-Lepa-96x96.jpg\",\"contentUrl\":\"https:\\\/\\\/buletin.de\\\/bucuresti\\\/wp-content\\\/uploads\\\/Ionut-Lepa-96x96.jpg\",\"caption\":\"Ionu\u021b Lepa\"},\"url\":\"https:\\\/\\\/buletin.de\\\/bucuresti\\\/author\\\/ionutlepa\\\/\"}]}<\/script>\n<!-- \/ Yoast SEO Premium plugin. -->","yoast_head_json":{"title":"Sindicali\u015ftii acuz\u0103 un deficit de 900 de persoane la Metrorex \u0219i anun\u021b\u0103 proteste la Ministerul de Finan\u021be \u015fi Guvern - Buletin de Bucure\u0219ti","description":"Sindicali\u015ftii din USLM anun\u0163\u0103 c\u0103 s\u0103pt\u0103m\u00e2na viitoare vor picheta sediul Ministerului de Finan\u0163e \u015fi Guvernul","robots":{"index":"index","follow":"follow","max-snippet":"max-snippet:-1","max-image-preview":"max-image-preview:large","max-video-preview":"max-video-preview:-1"},"canonical":"https:\/\/buletin.de\/bucuresti\/sindicalistii-acuza-un-deficit-de-900-de-persoane-la-metrorex-si-anunta-proteste-la-ministerul-de-finante-si-guvern\/","og_locale":"en_GB","og_type":"article","og_title":"Sindicali\u015ftii acuz\u0103 un deficit de 900 de persoane la Metrorex \u0219i anun\u021b\u0103 proteste la Ministerul de Finan\u021be \u015fi Guvern","og_description":"Sindicali\u015ftii din USLM anun\u0163\u0103 c\u0103 s\u0103pt\u0103m\u00e2na viitoare vor picheta sediul Ministerului de Finan\u0163e \u015fi Guvernul","og_url":"https:\/\/buletin.de\/bucuresti\/sindicalistii-acuza-un-deficit-de-900-de-persoane-la-metrorex-si-anunta-proteste-la-ministerul-de-finante-si-guvern\/","og_site_name":"Buletin de Bucure\u0219ti","article_publisher":"https:\/\/www.facebook.com\/buletin.de.buc","article_published_time":"2025-01-17T10:26:41+00:00","og_image":[{"width":2000,"height":1333,"url":"https:\/\/buletin.de\/bucuresti\/wp-content\/uploads\/Artimon-USLM-INQUAM_Photos_Malina_Norocea.jpg","type":"image\/jpeg"}],"author":"Ionu\u021b Lepa","twitter_card":"summary_large_image","twitter_misc":{"Written by":"Ionu\u021b Lepa","Estimated reading time":"2 minutes"},"schema":{"@context":"https:\/\/schema.org","@graph":[{"@type":"Article","@id":"https:\/\/buletin.de\/bucuresti\/sindicalistii-acuza-un-deficit-de-900-de-persoane-la-metrorex-si-anunta-proteste-la-ministerul-de-finante-si-guvern\/#article","isPartOf":{"@id":"https:\/\/buletin.de\/bucuresti\/sindicalistii-acuza-un-deficit-de-900-de-persoane-la-metrorex-si-anunta-proteste-la-ministerul-de-finante-si-guvern\/"},"author":{"name":"Ionu\u021b Lepa","@id":"https:\/\/buletin.de\/bucuresti\/#\/schema\/person\/5272b8a057b33890940b57b837fc4ce6"},"headline":"Sindicali\u015ftii acuz\u0103 un deficit de 900 de persoane la Metrorex \u0219i anun\u021b\u0103 proteste la Ministerul de Finan\u021be \u015fi Guvern","datePublished":"2025-01-17T10:26:41+00:00","mainEntityOfPage":{"@id":"https:\/\/buletin.de\/bucuresti\/sindicalistii-acuza-un-deficit-de-900-de-persoane-la-metrorex-si-anunta-proteste-la-ministerul-de-finante-si-guvern\/"},"wordCount":415,"publisher":{"@id":"https:\/\/buletin.de\/bucuresti\/#organization"},"image":{"@id":"https:\/\/buletin.de\/bucuresti\/sindicalistii-acuza-un-deficit-de-900-de-persoane-la-metrorex-si-anunta-proteste-la-ministerul-de-finante-si-guvern\/#primaryimage"},"thumbnailUrl":"https:\/\/buletin.de\/bucuresti\/wp-content\/uploads\/Artimon-USLM-INQUAM_Photos_Malina_Norocea.jpg","keywords":["ccm","Marian Artimon","metrorex","metrou","pichet ministerul de finante","protest metrou","uslm"],"articleSection":["Articole","Eveniment","Main"],"inLanguage":"en-GB","copyrightYear":"2025","copyrightHolder":{"@id":"https:\/\/buletin.de\/bucuresti\/#organization"}},{"@type":"WebPage","@id":"https:\/\/buletin.de\/bucuresti\/sindicalistii-acuza-un-deficit-de-900-de-persoane-la-metrorex-si-anunta-proteste-la-ministerul-de-finante-si-guvern\/","url":"https:\/\/buletin.de\/bucuresti\/sindicalistii-acuza-un-deficit-de-900-de-persoane-la-metrorex-si-anunta-proteste-la-ministerul-de-finante-si-guvern\/","name":"Sindicali\u015ftii acuz\u0103 un deficit de 900 de persoane la Metrorex \u0219i anun\u021b\u0103 proteste la Ministerul de Finan\u021be \u015fi Guvern - Buletin de Bucure\u0219ti","isPartOf":{"@id":"https:\/\/buletin.de\/bucuresti\/#website"},"primaryImageOfPage":{"@id":"https:\/\/buletin.de\/bucuresti\/sindicalistii-acuza-un-deficit-de-900-de-persoane-la-metrorex-si-anunta-proteste-la-ministerul-de-finante-si-guvern\/#primaryimage"},"image":{"@id":"https:\/\/buletin.de\/bucuresti\/sindicalistii-acuza-un-deficit-de-900-de-persoane-la-metrorex-si-anunta-proteste-la-ministerul-de-finante-si-guvern\/#primaryimage"},"thumbnailUrl":"https:\/\/buletin.de\/bucuresti\/wp-content\/uploads\/Artimon-USLM-INQUAM_Photos_Malina_Norocea.jpg","datePublished":"2025-01-17T10:26:41+00:00","description":"Sindicali\u015ftii din USLM anun\u0163\u0103 c\u0103 s\u0103pt\u0103m\u00e2na viitoare vor picheta sediul Ministerului de Finan\u0163e \u015fi Guvernul","breadcrumb":{"@id":"https:\/\/buletin.de\/bucuresti\/sindicalistii-acuza-un-deficit-de-900-de-persoane-la-metrorex-si-anunta-proteste-la-ministerul-de-finante-si-guvern\/#breadcrumb"},"inLanguage":"en-GB","potentialAction":[{"@type":"ReadAction","target":["https:\/\/buletin.de\/bucuresti\/sindicalistii-acuza-un-deficit-de-900-de-persoane-la-metrorex-si-anunta-proteste-la-ministerul-de-finante-si-guvern\/"]}]},{"@type":"ImageObject","inLanguage":"en-GB","@id":"https:\/\/buletin.de\/bucuresti\/sindicalistii-acuza-un-deficit-de-900-de-persoane-la-metrorex-si-anunta-proteste-la-ministerul-de-finante-si-guvern\/#primaryimage","url":"https:\/\/buletin.de\/bucuresti\/wp-content\/uploads\/Artimon-USLM-INQUAM_Photos_Malina_Norocea.jpg","contentUrl":"https:\/\/buletin.de\/bucuresti\/wp-content\/uploads\/Artimon-USLM-INQUAM_Photos_Malina_Norocea.jpg","width":2000,"height":1333,"caption":"Sindicali\u015ftii de la metrou anun\u0163\u0103 pichet la Ministerul de Finan\u0163e. FOTO: INQUAM \/ M\u0103lina Norocea"},{"@type":"BreadcrumbList","@id":"https:\/\/buletin.de\/bucuresti\/sindicalistii-acuza-un-deficit-de-900-de-persoane-la-metrorex-si-anunta-proteste-la-ministerul-de-finante-si-guvern\/#breadcrumb","itemListElement":[{"@type":"ListItem","position":1,"name":"Acas\u0103","item":"https:\/\/buletin.de\/bucuresti\/"},{"@type":"ListItem","position":2,"name":"Sindicali\u015ftii acuz\u0103 un deficit de 900 de persoane la Metrorex \u0219i anun\u021b\u0103 proteste la Ministerul de Finan\u021be \u015fi Guvern"}]},{"@type":"WebSite","@id":"https:\/\/buletin.de\/bucuresti\/#website","url":"https:\/\/buletin.de\/bucuresti\/","name":"Buletin de Bucure\u0219ti","description":"\u0218tiri \u0219i investiga\u021bii esen\u021biale din capital\u0103","publisher":{"@id":"https:\/\/buletin.de\/bucuresti\/#organization"},"potentialAction":[{"@type":"SearchAction","target":{"@type":"EntryPoint","urlTemplate":"https:\/\/buletin.de\/bucuresti\/?s={search_term_string}"},"query-input":{"@type":"PropertyValueSpecification","valueRequired":true,"valueName":"search_term_string"}}],"inLanguage":"en-GB"},{"@type":"Organization","@id":"https:\/\/buletin.de\/bucuresti\/#organization","name":"Buletin de Bucure\u0219ti","url":"https:\/\/buletin.de\/bucuresti\/","logo":{"@type":"ImageObject","inLanguage":"en-GB","@id":"https:\/\/buletin.de\/bucuresti\/#\/schema\/logo\/image\/","url":"https:\/\/buletin.de\/bucuresti\/wp-content\/uploads\/logo-bdb-full-wide-vernil-transparent.png","contentUrl":"https:\/\/buletin.de\/bucuresti\/wp-content\/uploads\/logo-bdb-full-wide-vernil-transparent.png","width":1782,"height":626,"caption":"Buletin de Bucure\u0219ti"},"image":{"@id":"https:\/\/buletin.de\/bucuresti\/#\/schema\/logo\/image\/"},"sameAs":["https:\/\/www.facebook.com\/buletin.de.buc","https:\/\/www.instagram.com\/buletinde.bucuresti\/"]},{"@type":"Person","@id":"https:\/\/buletin.de\/bucuresti\/#\/schema\/person\/5272b8a057b33890940b57b837fc4ce6","name":"Ionu\u021b Lepa","image":{"@type":"ImageObject","inLanguage":"en-GB","@id":"https:\/\/buletin.de\/bucuresti\/wp-content\/uploads\/Ionut-Lepa-96x96.jpg5c4e4d9e049808799a8821652d2410a4","url":"https:\/\/buletin.de\/bucuresti\/wp-content\/uploads\/Ionut-Lepa-96x96.jpg","contentUrl":"https:\/\/buletin.de\/bucuresti\/wp-content\/uploads\/Ionut-Lepa-96x96.jpg","caption":"Ionu\u021b Lepa"},"url":"https:\/\/buletin.de\/bucuresti\/author\/ionutlepa\/"}]}},"authors":[{"term_id":22586,"user_id":8,"is_guest":0,"slug":"ionutlepa","display_name":"Ionu\u021b Lepa","avatar_url":"https:\/\/buletin.de\/bucuresti\/wp-content\/uploads\/Ionut-Lepa-96x96.jpg","0":null,"1":"","2":"","3":"","4":"","5":"","6":"","7":"","8":""}],"_links":{"self":[{"href":"https:\/\/buletin.de\/bucuresti\/wp-json\/wp\/v2\/posts\/114711","targetHints":{"allow":["GET"]}}],"collection":[{"href":"https:\/\/buletin.de\/bucuresti\/wp-json\/wp\/v2\/posts"}],"about":[{"href":"https:\/\/buletin.de\/bucuresti\/wp-json\/wp\/v2\/types\/post"}],"author":[{"embeddable":true,"href":"https:\/\/buletin.de\/bucuresti\/wp-json\/wp\/v2\/users\/8"}],"replies":[{"embeddable":true,"href":"https:\/\/buletin.de\/bucuresti\/wp-json\/wp\/v2\/comments?post=114711"}],"version-history":[{"count":1,"href":"https:\/\/buletin.de\/bucuresti\/wp-json\/wp\/v2\/posts\/114711\/revisions"}],"predecessor-version":[{"id":114721,"href":"https:\/\/buletin.de\/bucuresti\/wp-json\/wp\/v2\/posts\/114711\/revisions\/114721"}],"wp:featuredmedia":[{"embeddable":true,"href":"https:\/\/buletin.de\/bucuresti\/wp-json\/wp\/v2\/media\/114720"}],"wp:attachment":[{"href":"https:\/\/buletin.de\/bucuresti\/wp-json\/wp\/v2\/media?parent=114711"}],"wp:term":[{"taxonomy":"category","embeddable":true,"href":"https:\/\/buletin.de\/bucuresti\/wp-json\/wp\/v2\/categories?post=114711"},{"taxonomy":"post_tag","embeddable":true,"href":"https:\/\/buletin.de\/bucuresti\/wp-json\/wp\/v2\/tags?post=114711"},{"taxonomy":"author","embeddable":true,"href":"https:\/\/buletin.de\/bucuresti\/wp-json\/wp\/v2\/ppma_author?post=114711"}],"curies":[{"name":"wp","href":"https:\/\/api.w.org\/{rel}","templated":true}]}}