{"id":114663,"date":"2025-01-17T06:00:35","date_gmt":"2025-01-17T03:00:35","guid":{"rendered":"https:\/\/buletin.de\/bucuresti\/?p=114663"},"modified":"2025-01-24T12:56:22","modified_gmt":"2025-01-24T09:56:22","slug":"alte-10-trenuri-care-pleaca-din-bucuresti-anulate-de-cfr-calatori","status":"publish","type":"post","link":"https:\/\/buletin.de\/bucuresti\/alte-10-trenuri-care-pleaca-din-bucuresti-anulate-de-cfr-calatori\/","title":{"rendered":"Alte 10 trenuri care pleac\u0103 din Bucure\u0219ti, anulate de CFR C\u0103l\u0103tori"},"content":{"rendered":"\n<p><strong>10 trenuri care pleac\u0103 din Bucure\u0219ti au fost anulate de CFR C\u0103l\u0103tori \u0219i nu vor mai circula \u00eencep\u00e2nd cu 19 \u0219i 20 ianuarie, scrie <a href=\"https:\/\/clubferoviar.ro\/trenuri-anulate-rute-modernizate\/\">Club feroviar<\/a>. <\/strong><\/p>\n\n\n\n<p>\u0218ase trenuri care circul\u0103 pe ruta direct\u0103 Bucure\u0219ti-Giurgiu \u0219i retur, redeschis\u0103 pe 1 iunie 2024, dup\u0103 19 ani de \u00eentrerupere, se anuleaz\u0103.<\/p>\n\n\n\n<p>Refacerea c\u0103ii ferate a costat Rom\u00e2nia peste 100 de milioane de euro, dar dup\u0103 anul\u0103rile dispuse de&nbsp;<a href=\"https:\/\/catalogferoviar.ro\/catalog\/229\/societatea-nationala-de-transport-feroviar-de-calatori-cfr-calatori-s-a\/\" target=\"_blank\" rel=\"noreferrer noopener\">CFR C\u0103l\u0103tori<\/a>, de la ora 8,23 la ora 13,45 (cinci ore \u0219i 22 de minute) nu va mai pleca niciun tren din gara Giurgiu Ora\u0219 spre Bucure\u0219ti Progresu. Alte \u0219ase ore de pauz\u0103 vor fi \u0219i \u00een cursul dup\u0103 amiezii (13,45-19,38), scrie Club feroviar.<\/p>\n\n\n\n<p>CITE\u0218TE \u0218I: <strong><a href=\"https:\/\/buletin.de\/bucuresti\/cfr-calatori-anuleaza-patru-trenuri-pe-ruta-bucuresti-nord-constanta\/\" target=\"_blank\" rel=\"noreferrer noopener\">CFR C\u0103l\u0103tori anuleaz\u0103 4 trenuri pe ruta Bucure\u0219ti Nord-Constan\u021ba. Alte dou\u0103 garnituri nu merg de la Bucure\u0219ti Obor la Fete\u0219ti<\/a><\/strong><\/p>\n\n\n\n<h2 class=\"wp-block-heading\" id=\"h-\u0219i-trenuri-spre-urziceni-targovi\u0219te-\u0219i-bra\u0219ov-anulate-de-cfr-calatori\">\u0218i trenuri spre Urziceni, T\u00e2rgovi\u0219te \u0219i Bra\u0219ov, anulate de CFR C\u0103l\u0103tori<\/h2>\n\n\n\n<p>\u00cen sens invers, apare o \u201egaur\u0103\u201d \u0219i mai mare, de \u0219ase ore \u0219i 31 de minute (8,22-15,53) la plec\u0103rile din Bucure\u0219ti Progresu c\u0103tre Giurgiu Ora\u0219, urmat\u0103 de una de \u201edoar\u201d cinci ore \u0219i 59 de minute (11,28-17,27). <\/p>\n\n\n\n<p>Se mai anuleaz\u0103 (total sau par\u021bial) \u0219i alte trenuri, pe rutele Bucure\u0219ti-Urziceni \u0219i retur \u0219i Bucure\u0219ti-T\u00e2rgovi\u0219te \u0219i retur.<\/p>\n\n\n\n<p>&nbsp;Iar IR 1632 Bucure\u0219ti Nord-Bra\u0219ov va fi anulat pe toat\u0103 distan\u021ba.<\/p>\n\n\n\n<p>Conducerea CFR C\u0103l\u0103tori a luat aceste decizii pentru a face economii, scrie <a href=\"https:\/\/clubferoviar.ro\/trenuri-anulate-rute-modernizate\/\" target=\"_blank\" rel=\"noreferrer noopener\">Club feroviar<\/a>.<\/p>\n\n\n\n<h2 class=\"wp-block-heading\" id=\"h-curse-anulate-pentru-al-doilea-tren-electric-nou\">Curse anulate pentru al doilea tren electric nou<\/h2>\n\n\n\n<p>Buletin de Bucure\u0219ti a scris miercuri c\u0103 CFR C\u0103l\u0103tori a anun\u021bat c\u0103 \u00eenc\u0103 un tren electric nou a fost anulat, pe ruta Bucure\u0219ti-Bra\u0219ov, f\u0103r\u0103 a explica clar care sunt motivele modific\u0103rii. Decizia vine la o lun\u0103 dup\u0103 ce primul tren electric nou din gama Alstom Coradia a r\u0103mas \u00een depou la doar o zi dup\u0103 punerea pe traseu.<\/p>\n\n\n\n<p>Garnitura Alstom Coradia va sta jum\u0103tate de zi \u00een depou f\u0103r\u0103 a fi utilizat\u0103, de\u0219i costurile de mentenan\u021b\u0103 nu sunt pl\u0103tite de CFR C\u0103l\u0103tori, noteaz\u0103 Mobilititate.eu.<\/p>\n\n\n\n<p>Astfel, CFR C\u0103l\u0103tori anun\u021b\u0103 c\u0103 anuleaz\u0103 trenul care pleac\u0103 la ora 13.22 din Bucure\u0219ti \u0219i revine la ora 19.00 de la Bra\u0219ov.<\/p>\n\n\n\n<p>CITE\u0218TE \u0218I: <strong><a href=\"https:\/\/buletin.de\/bucuresti\/al-doilea-tren-electric-nou-anulat-de-cfr-calatori-pe-ruta-bucuresti-brasov-in-doar-o-luna\/\" target=\"_blank\" rel=\"noreferrer noopener\">Al doilea tren electric nou anulat de CFR C\u0103l\u0103tori, pe ruta Bucure\u0219ti-Bra\u0219ov, \u00een doar o lun\u0103<\/a><\/strong><\/p>\n","protected":false},"excerpt":{"rendered":"<p>10 trenuri care pleac\u0103 din Bucure\u0219ti au fost anulate de CFR C\u0103l\u0103tori \u0219i nu vor mai circula \u00eencep\u00e2nd cu 19 \u0219i 20 ianuarie, scrie Club feroviar. \u0218ase trenuri care circul\u0103 pe ruta direct\u0103 Bucure\u0219ti-Giurgiu \u0219i retur, redeschis\u0103 pe 1 iunie 2024, dup\u0103 19 ani de \u00eentrerupere, se anuleaz\u0103. Refacerea c\u0103ii ferate a costat Rom\u00e2nia peste [&hellip;]<\/p>\n","protected":false},"author":1,"featured_media":114664,"comment_status":"closed","ping_status":"open","sticky":false,"template":"","format":"standard","meta":{"_acf_changed":false,"inline_featured_image":false,"ngg_post_thumbnail":0,"footnotes":""},"categories":[62],"tags":[9609,4383,11985,9610,8022,18453],"ppma_author":[22583],"class_list":["post-114663","post","type-post","status-publish","format-standard","has-post-thumbnail","hentry","category-stiri","tag-bucuresti-giurgiu-2","tag-cfr-calatori","tag-program-trenuri-cfr","tag-tren-bucuresti-giurgiu","tag-trenuri-anulate","tag-trenuri-bucuresti"],"acf":[],"yoast_head":"<!-- This site is optimized with the Yoast SEO Premium plugin v25.3 (Yoast SEO v27.5) - https:\/\/yoast.com\/product\/yoast-seo-premium-wordpress\/ -->\n<title>Alte 10 trenuri care pleac\u0103 din Bucure\u0219ti, anulate de CFR C\u0103l\u0103tori - Buletin de Bucure\u0219ti<\/title>\n<meta name=\"description\" content=\"10 trenuri care pleac\u0103 din Bucure\u0219ti au fost anulate de CFR C\u0103l\u0103tori \u0219i nu vor mai circula \u00eencep\u00e2nd cu 19 \u0219i 20 ianuarie.\" \/>\n<meta name=\"robots\" content=\"index, follow, max-snippet:-1, max-image-preview:large, max-video-preview:-1\" \/>\n<link rel=\"canonical\" href=\"https:\/\/buletin.de\/bucuresti\/alte-10-trenuri-care-pleaca-din-bucuresti-anulate-de-cfr-calatori\/\" \/>\n<meta property=\"og:locale\" content=\"en_GB\" \/>\n<meta property=\"og:type\" content=\"article\" \/>\n<meta property=\"og:title\" content=\"Alte 10 trenuri care pleac\u0103 din Bucure\u0219ti, anulate de CFR C\u0103l\u0103tori\" \/>\n<meta property=\"og:description\" content=\"10 trenuri care pleac\u0103 din Bucure\u0219ti au fost anulate de CFR C\u0103l\u0103tori \u0219i nu vor mai circula \u00eencep\u00e2nd cu 19 \u0219i 20 ianuarie.\" \/>\n<meta property=\"og:url\" content=\"https:\/\/buletin.de\/bucuresti\/alte-10-trenuri-care-pleaca-din-bucuresti-anulate-de-cfr-calatori\/\" \/>\n<meta property=\"og:site_name\" content=\"Buletin de Bucure\u0219ti\" \/>\n<meta property=\"article:publisher\" content=\"https:\/\/www.facebook.com\/buletin.de.buc\" \/>\n<meta property=\"article:published_time\" content=\"2025-01-17T03:00:35+00:00\" \/>\n<meta property=\"article:modified_time\" content=\"2025-01-24T09:56:22+00:00\" \/>\n<meta property=\"og:image\" content=\"https:\/\/buletin.de\/bucuresti\/wp-content\/uploads\/cfrbucuresti.jpg\" \/>\n\t<meta property=\"og:image:width\" content=\"1024\" \/>\n\t<meta property=\"og:image:height\" content=\"641\" \/>\n\t<meta property=\"og:image:type\" content=\"image\/jpeg\" \/>\n<meta name=\"author\" content=\"Redac\u021bia Buletin de Bucure\u0219ti\" \/>\n<meta name=\"twitter:card\" content=\"summary_large_image\" \/>\n<meta name=\"twitter:label1\" content=\"Written by\" \/>\n\t<meta name=\"twitter:data1\" content=\"Redac\u021bia Buletin de Bucure\u0219ti\" \/>\n\t<meta name=\"twitter:label2\" content=\"Estimated reading time\" \/>\n\t<meta name=\"twitter:data2\" content=\"2 minutes\" \/>\n<script type=\"application\/ld+json\" class=\"yoast-schema-graph\">{\"@context\":\"https:\\\/\\\/schema.org\",\"@graph\":[{\"@type\":\"Article\",\"@id\":\"https:\\\/\\\/buletin.de\\\/bucuresti\\\/alte-10-trenuri-care-pleaca-din-bucuresti-anulate-de-cfr-calatori\\\/#article\",\"isPartOf\":{\"@id\":\"https:\\\/\\\/buletin.de\\\/bucuresti\\\/alte-10-trenuri-care-pleaca-din-bucuresti-anulate-de-cfr-calatori\\\/\"},\"author\":{\"name\":\"Redac\u021bia Buletin de Bucure\u0219ti\",\"@id\":\"https:\\\/\\\/buletin.de\\\/bucuresti\\\/#\\\/schema\\\/person\\\/2bbcf854e5f2419a13804af574d06ab1\"},\"headline\":\"Alte 10 trenuri care pleac\u0103 din Bucure\u0219ti, anulate de CFR C\u0103l\u0103tori\",\"datePublished\":\"2025-01-17T03:00:35+00:00\",\"dateModified\":\"2025-01-24T09:56:22+00:00\",\"mainEntityOfPage\":{\"@id\":\"https:\\\/\\\/buletin.de\\\/bucuresti\\\/alte-10-trenuri-care-pleaca-din-bucuresti-anulate-de-cfr-calatori\\\/\"},\"wordCount\":414,\"publisher\":{\"@id\":\"https:\\\/\\\/buletin.de\\\/bucuresti\\\/#organization\"},\"image\":{\"@id\":\"https:\\\/\\\/buletin.de\\\/bucuresti\\\/alte-10-trenuri-care-pleaca-din-bucuresti-anulate-de-cfr-calatori\\\/#primaryimage\"},\"thumbnailUrl\":\"https:\\\/\\\/buletin.de\\\/bucuresti\\\/wp-content\\\/uploads\\\/cfrbucuresti.jpg\",\"keywords\":[\"Bucuresti-Giurgiu\",\"CFR C\u0103l\u0103tori\",\"program trenuri CFR\",\"tren Bucuresti-Giurgiu\",\"trenuri anulate\",\"trenuri bucuresti\"],\"articleSection\":[\"\u0218tiri\"],\"inLanguage\":\"en-GB\",\"copyrightYear\":\"2025\",\"copyrightHolder\":{\"@id\":\"https:\\\/\\\/buletin.de\\\/bucuresti\\\/#organization\"}},{\"@type\":\"WebPage\",\"@id\":\"https:\\\/\\\/buletin.de\\\/bucuresti\\\/alte-10-trenuri-care-pleaca-din-bucuresti-anulate-de-cfr-calatori\\\/\",\"url\":\"https:\\\/\\\/buletin.de\\\/bucuresti\\\/alte-10-trenuri-care-pleaca-din-bucuresti-anulate-de-cfr-calatori\\\/\",\"name\":\"Alte 10 trenuri care pleac\u0103 din Bucure\u0219ti, anulate de CFR C\u0103l\u0103tori - Buletin de Bucure\u0219ti\",\"isPartOf\":{\"@id\":\"https:\\\/\\\/buletin.de\\\/bucuresti\\\/#website\"},\"primaryImageOfPage\":{\"@id\":\"https:\\\/\\\/buletin.de\\\/bucuresti\\\/alte-10-trenuri-care-pleaca-din-bucuresti-anulate-de-cfr-calatori\\\/#primaryimage\"},\"image\":{\"@id\":\"https:\\\/\\\/buletin.de\\\/bucuresti\\\/alte-10-trenuri-care-pleaca-din-bucuresti-anulate-de-cfr-calatori\\\/#primaryimage\"},\"thumbnailUrl\":\"https:\\\/\\\/buletin.de\\\/bucuresti\\\/wp-content\\\/uploads\\\/cfrbucuresti.jpg\",\"datePublished\":\"2025-01-17T03:00:35+00:00\",\"dateModified\":\"2025-01-24T09:56:22+00:00\",\"description\":\"10 trenuri care pleac\u0103 din Bucure\u0219ti au fost anulate de CFR C\u0103l\u0103tori \u0219i nu vor mai circula \u00eencep\u00e2nd cu 19 \u0219i 20 ianuarie.\",\"breadcrumb\":{\"@id\":\"https:\\\/\\\/buletin.de\\\/bucuresti\\\/alte-10-trenuri-care-pleaca-din-bucuresti-anulate-de-cfr-calatori\\\/#breadcrumb\"},\"inLanguage\":\"en-GB\",\"potentialAction\":[{\"@type\":\"ReadAction\",\"target\":[\"https:\\\/\\\/buletin.de\\\/bucuresti\\\/alte-10-trenuri-care-pleaca-din-bucuresti-anulate-de-cfr-calatori\\\/\"]}]},{\"@type\":\"ImageObject\",\"inLanguage\":\"en-GB\",\"@id\":\"https:\\\/\\\/buletin.de\\\/bucuresti\\\/alte-10-trenuri-care-pleaca-din-bucuresti-anulate-de-cfr-calatori\\\/#primaryimage\",\"url\":\"https:\\\/\\\/buletin.de\\\/bucuresti\\\/wp-content\\\/uploads\\\/cfrbucuresti.jpg\",\"contentUrl\":\"https:\\\/\\\/buletin.de\\\/bucuresti\\\/wp-content\\\/uploads\\\/cfrbucuresti.jpg\",\"width\":1024,\"height\":641,\"caption\":\"Dou\u0103 linii feroviare se \u00eenchid, \u00een perioada 7 - 10 aprilie, pentru revizii. FOTO: Arhiva\"},{\"@type\":\"BreadcrumbList\",\"@id\":\"https:\\\/\\\/buletin.de\\\/bucuresti\\\/alte-10-trenuri-care-pleaca-din-bucuresti-anulate-de-cfr-calatori\\\/#breadcrumb\",\"itemListElement\":[{\"@type\":\"ListItem\",\"position\":1,\"name\":\"Acas\u0103\",\"item\":\"https:\\\/\\\/buletin.de\\\/bucuresti\\\/\"},{\"@type\":\"ListItem\",\"position\":2,\"name\":\"Alte 10 trenuri care pleac\u0103 din Bucure\u0219ti, anulate de CFR C\u0103l\u0103tori\"}]},{\"@type\":\"WebSite\",\"@id\":\"https:\\\/\\\/buletin.de\\\/bucuresti\\\/#website\",\"url\":\"https:\\\/\\\/buletin.de\\\/bucuresti\\\/\",\"name\":\"Buletin de Bucure\u0219ti\",\"description\":\"\u0218tiri \u0219i investiga\u021bii esen\u021biale din capital\u0103\",\"publisher\":{\"@id\":\"https:\\\/\\\/buletin.de\\\/bucuresti\\\/#organization\"},\"potentialAction\":[{\"@type\":\"SearchAction\",\"target\":{\"@type\":\"EntryPoint\",\"urlTemplate\":\"https:\\\/\\\/buletin.de\\\/bucuresti\\\/?s={search_term_string}\"},\"query-input\":{\"@type\":\"PropertyValueSpecification\",\"valueRequired\":true,\"valueName\":\"search_term_string\"}}],\"inLanguage\":\"en-GB\"},{\"@type\":\"Organization\",\"@id\":\"https:\\\/\\\/buletin.de\\\/bucuresti\\\/#organization\",\"name\":\"Buletin de Bucure\u0219ti\",\"url\":\"https:\\\/\\\/buletin.de\\\/bucuresti\\\/\",\"logo\":{\"@type\":\"ImageObject\",\"inLanguage\":\"en-GB\",\"@id\":\"https:\\\/\\\/buletin.de\\\/bucuresti\\\/#\\\/schema\\\/logo\\\/image\\\/\",\"url\":\"https:\\\/\\\/buletin.de\\\/bucuresti\\\/wp-content\\\/uploads\\\/logo-bdb-full-wide-vernil-transparent.png\",\"contentUrl\":\"https:\\\/\\\/buletin.de\\\/bucuresti\\\/wp-content\\\/uploads\\\/logo-bdb-full-wide-vernil-transparent.png\",\"width\":1782,\"height\":626,\"caption\":\"Buletin de Bucure\u0219ti\"},\"image\":{\"@id\":\"https:\\\/\\\/buletin.de\\\/bucuresti\\\/#\\\/schema\\\/logo\\\/image\\\/\"},\"sameAs\":[\"https:\\\/\\\/www.facebook.com\\\/buletin.de.buc\",\"https:\\\/\\\/www.instagram.com\\\/buletinde.bucuresti\\\/\"]},{\"@type\":\"Person\",\"@id\":\"https:\\\/\\\/buletin.de\\\/bucuresti\\\/#\\\/schema\\\/person\\\/2bbcf854e5f2419a13804af574d06ab1\",\"name\":\"Redac\u021bia Buletin de Bucure\u0219ti\",\"image\":{\"@type\":\"ImageObject\",\"inLanguage\":\"en-GB\",\"@id\":\"https:\\\/\\\/secure.gravatar.com\\\/avatar\\\/18c5342381ed1a08620e6280424e3e5efc958618f5d67c522c9e44c1bc6f9226?s=96&d=monsterid&r=g60c7cd0ad92c68c049fcd4bb3504d609\",\"url\":\"https:\\\/\\\/secure.gravatar.com\\\/avatar\\\/18c5342381ed1a08620e6280424e3e5efc958618f5d67c522c9e44c1bc6f9226?s=96&d=monsterid&r=g\",\"contentUrl\":\"https:\\\/\\\/secure.gravatar.com\\\/avatar\\\/18c5342381ed1a08620e6280424e3e5efc958618f5d67c522c9e44c1bc6f9226?s=96&d=monsterid&r=g\",\"caption\":\"Redac\u021bia Buletin de Bucure\u0219ti\"},\"description\":\"Buletin de Bucure\u0219ti exist\u0103 din vara anului 2019.\",\"url\":\"https:\\\/\\\/buletin.de\\\/bucuresti\\\/author\\\/adminbuletin\\\/\"}]}<\/script>\n<!-- \/ Yoast SEO Premium plugin. -->","yoast_head_json":{"title":"Alte 10 trenuri care pleac\u0103 din Bucure\u0219ti, anulate de CFR C\u0103l\u0103tori - Buletin de Bucure\u0219ti","description":"10 trenuri care pleac\u0103 din Bucure\u0219ti au fost anulate de CFR C\u0103l\u0103tori \u0219i nu vor mai circula \u00eencep\u00e2nd cu 19 \u0219i 20 ianuarie.","robots":{"index":"index","follow":"follow","max-snippet":"max-snippet:-1","max-image-preview":"max-image-preview:large","max-video-preview":"max-video-preview:-1"},"canonical":"https:\/\/buletin.de\/bucuresti\/alte-10-trenuri-care-pleaca-din-bucuresti-anulate-de-cfr-calatori\/","og_locale":"en_GB","og_type":"article","og_title":"Alte 10 trenuri care pleac\u0103 din Bucure\u0219ti, anulate de CFR C\u0103l\u0103tori","og_description":"10 trenuri care pleac\u0103 din Bucure\u0219ti au fost anulate de CFR C\u0103l\u0103tori \u0219i nu vor mai circula \u00eencep\u00e2nd cu 19 \u0219i 20 ianuarie.","og_url":"https:\/\/buletin.de\/bucuresti\/alte-10-trenuri-care-pleaca-din-bucuresti-anulate-de-cfr-calatori\/","og_site_name":"Buletin de Bucure\u0219ti","article_publisher":"https:\/\/www.facebook.com\/buletin.de.buc","article_published_time":"2025-01-17T03:00:35+00:00","article_modified_time":"2025-01-24T09:56:22+00:00","og_image":[{"width":1024,"height":641,"url":"https:\/\/buletin.de\/bucuresti\/wp-content\/uploads\/cfrbucuresti.jpg","type":"image\/jpeg"}],"author":"Redac\u021bia Buletin de Bucure\u0219ti","twitter_card":"summary_large_image","twitter_misc":{"Written by":"Redac\u021bia Buletin de Bucure\u0219ti","Estimated reading time":"2 minutes"},"schema":{"@context":"https:\/\/schema.org","@graph":[{"@type":"Article","@id":"https:\/\/buletin.de\/bucuresti\/alte-10-trenuri-care-pleaca-din-bucuresti-anulate-de-cfr-calatori\/#article","isPartOf":{"@id":"https:\/\/buletin.de\/bucuresti\/alte-10-trenuri-care-pleaca-din-bucuresti-anulate-de-cfr-calatori\/"},"author":{"name":"Redac\u021bia Buletin de Bucure\u0219ti","@id":"https:\/\/buletin.de\/bucuresti\/#\/schema\/person\/2bbcf854e5f2419a13804af574d06ab1"},"headline":"Alte 10 trenuri care pleac\u0103 din Bucure\u0219ti, anulate de CFR C\u0103l\u0103tori","datePublished":"2025-01-17T03:00:35+00:00","dateModified":"2025-01-24T09:56:22+00:00","mainEntityOfPage":{"@id":"https:\/\/buletin.de\/bucuresti\/alte-10-trenuri-care-pleaca-din-bucuresti-anulate-de-cfr-calatori\/"},"wordCount":414,"publisher":{"@id":"https:\/\/buletin.de\/bucuresti\/#organization"},"image":{"@id":"https:\/\/buletin.de\/bucuresti\/alte-10-trenuri-care-pleaca-din-bucuresti-anulate-de-cfr-calatori\/#primaryimage"},"thumbnailUrl":"https:\/\/buletin.de\/bucuresti\/wp-content\/uploads\/cfrbucuresti.jpg","keywords":["Bucuresti-Giurgiu","CFR C\u0103l\u0103tori","program trenuri CFR","tren Bucuresti-Giurgiu","trenuri anulate","trenuri bucuresti"],"articleSection":["\u0218tiri"],"inLanguage":"en-GB","copyrightYear":"2025","copyrightHolder":{"@id":"https:\/\/buletin.de\/bucuresti\/#organization"}},{"@type":"WebPage","@id":"https:\/\/buletin.de\/bucuresti\/alte-10-trenuri-care-pleaca-din-bucuresti-anulate-de-cfr-calatori\/","url":"https:\/\/buletin.de\/bucuresti\/alte-10-trenuri-care-pleaca-din-bucuresti-anulate-de-cfr-calatori\/","name":"Alte 10 trenuri care pleac\u0103 din Bucure\u0219ti, anulate de CFR C\u0103l\u0103tori - Buletin de Bucure\u0219ti","isPartOf":{"@id":"https:\/\/buletin.de\/bucuresti\/#website"},"primaryImageOfPage":{"@id":"https:\/\/buletin.de\/bucuresti\/alte-10-trenuri-care-pleaca-din-bucuresti-anulate-de-cfr-calatori\/#primaryimage"},"image":{"@id":"https:\/\/buletin.de\/bucuresti\/alte-10-trenuri-care-pleaca-din-bucuresti-anulate-de-cfr-calatori\/#primaryimage"},"thumbnailUrl":"https:\/\/buletin.de\/bucuresti\/wp-content\/uploads\/cfrbucuresti.jpg","datePublished":"2025-01-17T03:00:35+00:00","dateModified":"2025-01-24T09:56:22+00:00","description":"10 trenuri care pleac\u0103 din Bucure\u0219ti au fost anulate de CFR C\u0103l\u0103tori \u0219i nu vor mai circula \u00eencep\u00e2nd cu 19 \u0219i 20 ianuarie.","breadcrumb":{"@id":"https:\/\/buletin.de\/bucuresti\/alte-10-trenuri-care-pleaca-din-bucuresti-anulate-de-cfr-calatori\/#breadcrumb"},"inLanguage":"en-GB","potentialAction":[{"@type":"ReadAction","target":["https:\/\/buletin.de\/bucuresti\/alte-10-trenuri-care-pleaca-din-bucuresti-anulate-de-cfr-calatori\/"]}]},{"@type":"ImageObject","inLanguage":"en-GB","@id":"https:\/\/buletin.de\/bucuresti\/alte-10-trenuri-care-pleaca-din-bucuresti-anulate-de-cfr-calatori\/#primaryimage","url":"https:\/\/buletin.de\/bucuresti\/wp-content\/uploads\/cfrbucuresti.jpg","contentUrl":"https:\/\/buletin.de\/bucuresti\/wp-content\/uploads\/cfrbucuresti.jpg","width":1024,"height":641,"caption":"Dou\u0103 linii feroviare se \u00eenchid, \u00een perioada 7 - 10 aprilie, pentru revizii. FOTO: Arhiva"},{"@type":"BreadcrumbList","@id":"https:\/\/buletin.de\/bucuresti\/alte-10-trenuri-care-pleaca-din-bucuresti-anulate-de-cfr-calatori\/#breadcrumb","itemListElement":[{"@type":"ListItem","position":1,"name":"Acas\u0103","item":"https:\/\/buletin.de\/bucuresti\/"},{"@type":"ListItem","position":2,"name":"Alte 10 trenuri care pleac\u0103 din Bucure\u0219ti, anulate de CFR C\u0103l\u0103tori"}]},{"@type":"WebSite","@id":"https:\/\/buletin.de\/bucuresti\/#website","url":"https:\/\/buletin.de\/bucuresti\/","name":"Buletin de Bucure\u0219ti","description":"\u0218tiri \u0219i investiga\u021bii esen\u021biale din capital\u0103","publisher":{"@id":"https:\/\/buletin.de\/bucuresti\/#organization"},"potentialAction":[{"@type":"SearchAction","target":{"@type":"EntryPoint","urlTemplate":"https:\/\/buletin.de\/bucuresti\/?s={search_term_string}"},"query-input":{"@type":"PropertyValueSpecification","valueRequired":true,"valueName":"search_term_string"}}],"inLanguage":"en-GB"},{"@type":"Organization","@id":"https:\/\/buletin.de\/bucuresti\/#organization","name":"Buletin de Bucure\u0219ti","url":"https:\/\/buletin.de\/bucuresti\/","logo":{"@type":"ImageObject","inLanguage":"en-GB","@id":"https:\/\/buletin.de\/bucuresti\/#\/schema\/logo\/image\/","url":"https:\/\/buletin.de\/bucuresti\/wp-content\/uploads\/logo-bdb-full-wide-vernil-transparent.png","contentUrl":"https:\/\/buletin.de\/bucuresti\/wp-content\/uploads\/logo-bdb-full-wide-vernil-transparent.png","width":1782,"height":626,"caption":"Buletin de Bucure\u0219ti"},"image":{"@id":"https:\/\/buletin.de\/bucuresti\/#\/schema\/logo\/image\/"},"sameAs":["https:\/\/www.facebook.com\/buletin.de.buc","https:\/\/www.instagram.com\/buletinde.bucuresti\/"]},{"@type":"Person","@id":"https:\/\/buletin.de\/bucuresti\/#\/schema\/person\/2bbcf854e5f2419a13804af574d06ab1","name":"Redac\u021bia Buletin de Bucure\u0219ti","image":{"@type":"ImageObject","inLanguage":"en-GB","@id":"https:\/\/secure.gravatar.com\/avatar\/18c5342381ed1a08620e6280424e3e5efc958618f5d67c522c9e44c1bc6f9226?s=96&d=monsterid&r=g60c7cd0ad92c68c049fcd4bb3504d609","url":"https:\/\/secure.gravatar.com\/avatar\/18c5342381ed1a08620e6280424e3e5efc958618f5d67c522c9e44c1bc6f9226?s=96&d=monsterid&r=g","contentUrl":"https:\/\/secure.gravatar.com\/avatar\/18c5342381ed1a08620e6280424e3e5efc958618f5d67c522c9e44c1bc6f9226?s=96&d=monsterid&r=g","caption":"Redac\u021bia Buletin de Bucure\u0219ti"},"description":"Buletin de Bucure\u0219ti exist\u0103 din vara anului 2019.","url":"https:\/\/buletin.de\/bucuresti\/author\/adminbuletin\/"}]}},"authors":[{"term_id":22583,"user_id":1,"is_guest":0,"slug":"adminbuletin","display_name":"Redac\u021bia Buletin de Bucure\u0219ti","avatar_url":"https:\/\/secure.gravatar.com\/avatar\/18c5342381ed1a08620e6280424e3e5efc958618f5d67c522c9e44c1bc6f9226?s=96&d=monsterid&r=g","0":null,"1":"","2":"","3":"","4":"","5":"","6":"","7":"","8":""}],"_links":{"self":[{"href":"https:\/\/buletin.de\/bucuresti\/wp-json\/wp\/v2\/posts\/114663","targetHints":{"allow":["GET"]}}],"collection":[{"href":"https:\/\/buletin.de\/bucuresti\/wp-json\/wp\/v2\/posts"}],"about":[{"href":"https:\/\/buletin.de\/bucuresti\/wp-json\/wp\/v2\/types\/post"}],"author":[{"embeddable":true,"href":"https:\/\/buletin.de\/bucuresti\/wp-json\/wp\/v2\/users\/1"}],"replies":[{"embeddable":true,"href":"https:\/\/buletin.de\/bucuresti\/wp-json\/wp\/v2\/comments?post=114663"}],"version-history":[{"count":3,"href":"https:\/\/buletin.de\/bucuresti\/wp-json\/wp\/v2\/posts\/114663\/revisions"}],"predecessor-version":[{"id":115521,"href":"https:\/\/buletin.de\/bucuresti\/wp-json\/wp\/v2\/posts\/114663\/revisions\/115521"}],"wp:featuredmedia":[{"embeddable":true,"href":"https:\/\/buletin.de\/bucuresti\/wp-json\/wp\/v2\/media\/114664"}],"wp:attachment":[{"href":"https:\/\/buletin.de\/bucuresti\/wp-json\/wp\/v2\/media?parent=114663"}],"wp:term":[{"taxonomy":"category","embeddable":true,"href":"https:\/\/buletin.de\/bucuresti\/wp-json\/wp\/v2\/categories?post=114663"},{"taxonomy":"post_tag","embeddable":true,"href":"https:\/\/buletin.de\/bucuresti\/wp-json\/wp\/v2\/tags?post=114663"},{"taxonomy":"author","embeddable":true,"href":"https:\/\/buletin.de\/bucuresti\/wp-json\/wp\/v2\/ppma_author?post=114663"}],"curies":[{"name":"wp","href":"https:\/\/api.w.org\/{rel}","templated":true}]}}