{"id":11462,"date":"2020-09-02T16:34:51","date_gmt":"2020-09-02T13:34:51","guid":{"rendered":"https:\/\/buletin.de\/bucuresti\/?p=11462"},"modified":"2020-09-02T16:34:51","modified_gmt":"2020-09-02T13:34:51","slug":"infografic-romania-in-top-5-tari-ue-ca-rata-a-mortilor-in-urma-unor-agresiuni","status":"publish","type":"post","link":"https:\/\/buletin.de\/bucuresti\/infografic-romania-in-top-5-tari-ue-ca-rata-a-mortilor-in-urma-unor-agresiuni\/","title":{"rendered":"INFOGRAFIC | Rom\u00e2nia, \u00een top 5 \u021b\u0103ri UE ca rat\u0103 a mor\u021bilor \u00een urma unor agresiuni"},"content":{"rendered":"\n<p><strong>Rom\u00e2nia este \u021bara cu a cincea cea mai mare rat\u0103 a deceselor \u00een urma unor agresiuni din Uniunea European\u0103, \u00een trendului descendent al acestui tip de mor\u021bi, conform <a href=\"https:\/\/ec.europa.eu\/eurostat\/web\/products-eurostat-news\/-\/DDN-20200902-1\">datelor<\/a> publicate azi de Eurostat.<\/strong><\/p>\n\n\n\n<p>\u00cen 2017, \u00een total 285 de rom\u00e2ni au decedat \u00een urma unor agresiuni mortale, cu 24 mai pu\u021bini dec\u00e2t \u00een anul precedent. Num\u0103rul acestui tip de victime \u00een Rom\u00e2nia a sc\u0103ut \u00een fiecare an, din 2014 (373) p\u00e2n\u0103 \u00een 2017. \u00cen 2017, majoritatea victimelor de asalt \u00een Rom\u00e2nia \u00een 2017 erau b\u0103rba\u021bi (68%).<\/p>\n\n\n\n<p>\u00cen 2017, cea mai mare inciden\u021b\u0103 a acestui tip de decese \u00een Rom\u00e2nia a fost \u00een regiunea de dezvoltare Nord-est, cu 2,55 mor\u021bi la 100.000 de locuitori. Cele mai pu\u021bine astfel de victime, \u00een raport cu popula\u021bia zonei, au fost \u00een Bucure\u0219ti-Ilfov (0,7) \u0219i Vest (0,74).<\/p>\n\n\n\n<div class=\"infogram-embed\" data-id=\"06582cfb-f729-470a-b7a2-01e74bd9f661\" data-type=\"interactive\" data-title=\"Assault-Ro\"><\/div><script>!function(e,i,n,s){var t=\"InfogramEmbeds\",d=e.getElementsByTagName(\"script\")[0];if(window[t]&&window[t].initialized)window[t].process&&window[t].process();else if(!e.getElementById(n)){var o=e.createElement(\"script\");o.async=1,o.id=n,o.src=\"https:\/\/e.infogram.com\/js\/dist\/embed-loader-min.js\",d.parentNode.insertBefore(o,d)}}(document,0,\"infogram-async\");<\/script>\n\n\n\n<p>La nivelul UE, Letonia \u00eenregistrat cea mai mare rat\u0103 de decese (3,8 mor\u021bi la 100.000 de locuitori)  \u00een urma unor agresiuni \u00een 2017, urmat\u0103 fiind de Lituania (2,8), Estonia (2,3) \u0219i Malta (1,6). Pe locul cinci se afl\u0103 Rom\u00e2nia, cu 1,5 mor\u021bi la 100.000 de locuitori.<\/p>\n\n\n\n<p>La polul opus se situeaz\u0103 Luxemburg, cu 0,2 decese cauzate de agresiuni la 100.000 de locuitori, Germania \u0219i Irlanda, Fran\u021ba, Italia \u0219i Slovacia.<\/p>\n\n\n\n<p><\/p>\n","protected":false},"excerpt":{"rendered":"<p>Rom\u00e2nia este \u021bara cu a cincea cea mai mare rat\u0103 a deceselor \u00een urma unor agresiuni din Uniunea European\u0103, \u00een trendului descendent al acestui tip de mor\u021bi, conform datelor publicate azi de Eurostat. \u00cen 2017, \u00een total 285 de rom\u00e2ni au decedat \u00een urma unor agresiuni mortale, cu 24 mai pu\u021bini dec\u00e2t \u00een anul precedent. [&hellip;]<\/p>\n","protected":false},"author":15,"featured_media":11476,"comment_status":"closed","ping_status":"open","sticky":false,"template":"","format":"standard","meta":{"_acf_changed":false,"inline_featured_image":false,"ngg_post_thumbnail":0,"footnotes":""},"categories":[1,62],"tags":[],"ppma_author":[22592],"class_list":["post-11462","post","type-post","status-publish","format-standard","has-post-thumbnail","hentry","category-diverse","category-stiri"],"acf":[],"yoast_head":"<!-- This site is optimized with the Yoast SEO Premium plugin v25.3 (Yoast SEO v27.5) - https:\/\/yoast.com\/product\/yoast-seo-premium-wordpress\/ -->\n<title>INFOGRAFIC | Rom\u00e2nia, \u00een top 5 \u021b\u0103ri UE ca rat\u0103 a mor\u021bilor \u00een urma unor agresiuni - Buletin de Bucure\u0219ti<\/title>\n<meta name=\"robots\" content=\"index, follow, max-snippet:-1, max-image-preview:large, max-video-preview:-1\" \/>\n<link rel=\"canonical\" href=\"https:\/\/buletin.de\/bucuresti\/infografic-romania-in-top-5-tari-ue-ca-rata-a-mortilor-in-urma-unor-agresiuni\/\" \/>\n<meta property=\"og:locale\" content=\"en_GB\" \/>\n<meta property=\"og:type\" content=\"article\" \/>\n<meta property=\"og:title\" content=\"INFOGRAFIC | Rom\u00e2nia, \u00een top 5 \u021b\u0103ri UE ca rat\u0103 a mor\u021bilor \u00een urma unor agresiuni\" \/>\n<meta property=\"og:description\" content=\"Rom\u00e2nia este \u021bara cu a cincea cea mai mare rat\u0103 a deceselor \u00een urma unor agresiuni din Uniunea European\u0103, \u00een trendului descendent al acestui tip de mor\u021bi, conform datelor publicate azi de Eurostat. \u00cen 2017, \u00een total 285 de rom\u00e2ni au decedat \u00een urma unor agresiuni mortale, cu 24 mai pu\u021bini dec\u00e2t \u00een anul precedent. [&hellip;]\" \/>\n<meta property=\"og:url\" content=\"https:\/\/buletin.de\/bucuresti\/infografic-romania-in-top-5-tari-ue-ca-rata-a-mortilor-in-urma-unor-agresiuni\/\" \/>\n<meta property=\"og:site_name\" content=\"Buletin de Bucure\u0219ti\" \/>\n<meta property=\"article:publisher\" content=\"https:\/\/www.facebook.com\/buletin.de.buc\" \/>\n<meta property=\"article:published_time\" content=\"2020-09-02T13:34:51+00:00\" \/>\n<meta property=\"og:image\" content=\"https:\/\/buletin.de\/bucuresti\/wp-content\/uploads\/Screenshot-2020-09-02-at-16.11.25.png\" \/>\n\t<meta property=\"og:image:width\" content=\"848\" \/>\n\t<meta property=\"og:image:height\" content=\"810\" \/>\n\t<meta property=\"og:image:type\" content=\"image\/png\" \/>\n<meta name=\"author\" content=\"Irina Anghel\" \/>\n<meta name=\"twitter:card\" content=\"summary_large_image\" \/>\n<meta name=\"twitter:label1\" content=\"Written by\" \/>\n\t<meta name=\"twitter:data1\" content=\"Irina Anghel\" \/>\n\t<meta name=\"twitter:label2\" content=\"Estimated reading time\" \/>\n\t<meta name=\"twitter:data2\" content=\"1 minute\" \/>\n<script type=\"application\/ld+json\" class=\"yoast-schema-graph\">{\"@context\":\"https:\\\/\\\/schema.org\",\"@graph\":[{\"@type\":\"Article\",\"@id\":\"https:\\\/\\\/buletin.de\\\/bucuresti\\\/infografic-romania-in-top-5-tari-ue-ca-rata-a-mortilor-in-urma-unor-agresiuni\\\/#article\",\"isPartOf\":{\"@id\":\"https:\\\/\\\/buletin.de\\\/bucuresti\\\/infografic-romania-in-top-5-tari-ue-ca-rata-a-mortilor-in-urma-unor-agresiuni\\\/\"},\"author\":{\"name\":\"Irina Anghel\",\"@id\":\"https:\\\/\\\/buletin.de\\\/bucuresti\\\/#\\\/schema\\\/person\\\/7a01591ad05c4d2c7261fe7f0383d2af\"},\"headline\":\"INFOGRAFIC | Rom\u00e2nia, \u00een top 5 \u021b\u0103ri UE ca rat\u0103 a mor\u021bilor \u00een urma unor agresiuni\",\"datePublished\":\"2020-09-02T13:34:51+00:00\",\"mainEntityOfPage\":{\"@id\":\"https:\\\/\\\/buletin.de\\\/bucuresti\\\/infografic-romania-in-top-5-tari-ue-ca-rata-a-mortilor-in-urma-unor-agresiuni\\\/\"},\"wordCount\":214,\"publisher\":{\"@id\":\"https:\\\/\\\/buletin.de\\\/bucuresti\\\/#organization\"},\"image\":{\"@id\":\"https:\\\/\\\/buletin.de\\\/bucuresti\\\/infografic-romania-in-top-5-tari-ue-ca-rata-a-mortilor-in-urma-unor-agresiuni\\\/#primaryimage\"},\"thumbnailUrl\":\"https:\\\/\\\/buletin.de\\\/bucuresti\\\/wp-content\\\/uploads\\\/Screenshot-2020-09-02-at-16.11.25.png\",\"articleSection\":[\"Diverse\",\"\u0218tiri\"],\"inLanguage\":\"en-GB\",\"copyrightYear\":\"2020\",\"copyrightHolder\":{\"@id\":\"https:\\\/\\\/buletin.de\\\/bucuresti\\\/#organization\"}},{\"@type\":\"WebPage\",\"@id\":\"https:\\\/\\\/buletin.de\\\/bucuresti\\\/infografic-romania-in-top-5-tari-ue-ca-rata-a-mortilor-in-urma-unor-agresiuni\\\/\",\"url\":\"https:\\\/\\\/buletin.de\\\/bucuresti\\\/infografic-romania-in-top-5-tari-ue-ca-rata-a-mortilor-in-urma-unor-agresiuni\\\/\",\"name\":\"INFOGRAFIC | Rom\u00e2nia, \u00een top 5 \u021b\u0103ri UE ca rat\u0103 a mor\u021bilor \u00een urma unor agresiuni - Buletin de Bucure\u0219ti\",\"isPartOf\":{\"@id\":\"https:\\\/\\\/buletin.de\\\/bucuresti\\\/#website\"},\"primaryImageOfPage\":{\"@id\":\"https:\\\/\\\/buletin.de\\\/bucuresti\\\/infografic-romania-in-top-5-tari-ue-ca-rata-a-mortilor-in-urma-unor-agresiuni\\\/#primaryimage\"},\"image\":{\"@id\":\"https:\\\/\\\/buletin.de\\\/bucuresti\\\/infografic-romania-in-top-5-tari-ue-ca-rata-a-mortilor-in-urma-unor-agresiuni\\\/#primaryimage\"},\"thumbnailUrl\":\"https:\\\/\\\/buletin.de\\\/bucuresti\\\/wp-content\\\/uploads\\\/Screenshot-2020-09-02-at-16.11.25.png\",\"datePublished\":\"2020-09-02T13:34:51+00:00\",\"breadcrumb\":{\"@id\":\"https:\\\/\\\/buletin.de\\\/bucuresti\\\/infografic-romania-in-top-5-tari-ue-ca-rata-a-mortilor-in-urma-unor-agresiuni\\\/#breadcrumb\"},\"inLanguage\":\"en-GB\",\"potentialAction\":[{\"@type\":\"ReadAction\",\"target\":[\"https:\\\/\\\/buletin.de\\\/bucuresti\\\/infografic-romania-in-top-5-tari-ue-ca-rata-a-mortilor-in-urma-unor-agresiuni\\\/\"]}]},{\"@type\":\"ImageObject\",\"inLanguage\":\"en-GB\",\"@id\":\"https:\\\/\\\/buletin.de\\\/bucuresti\\\/infografic-romania-in-top-5-tari-ue-ca-rata-a-mortilor-in-urma-unor-agresiuni\\\/#primaryimage\",\"url\":\"https:\\\/\\\/buletin.de\\\/bucuresti\\\/wp-content\\\/uploads\\\/Screenshot-2020-09-02-at-16.11.25.png\",\"contentUrl\":\"https:\\\/\\\/buletin.de\\\/bucuresti\\\/wp-content\\\/uploads\\\/Screenshot-2020-09-02-at-16.11.25.png\",\"width\":848,\"height\":810},{\"@type\":\"BreadcrumbList\",\"@id\":\"https:\\\/\\\/buletin.de\\\/bucuresti\\\/infografic-romania-in-top-5-tari-ue-ca-rata-a-mortilor-in-urma-unor-agresiuni\\\/#breadcrumb\",\"itemListElement\":[{\"@type\":\"ListItem\",\"position\":1,\"name\":\"Acas\u0103\",\"item\":\"https:\\\/\\\/buletin.de\\\/bucuresti\\\/\"},{\"@type\":\"ListItem\",\"position\":2,\"name\":\"INFOGRAFIC | Rom\u00e2nia, \u00een top 5 \u021b\u0103ri UE ca rat\u0103 a mor\u021bilor \u00een urma unor agresiuni\"}]},{\"@type\":\"WebSite\",\"@id\":\"https:\\\/\\\/buletin.de\\\/bucuresti\\\/#website\",\"url\":\"https:\\\/\\\/buletin.de\\\/bucuresti\\\/\",\"name\":\"Buletin de Bucure\u0219ti\",\"description\":\"\u0218tiri \u0219i investiga\u021bii esen\u021biale din capital\u0103\",\"publisher\":{\"@id\":\"https:\\\/\\\/buletin.de\\\/bucuresti\\\/#organization\"},\"potentialAction\":[{\"@type\":\"SearchAction\",\"target\":{\"@type\":\"EntryPoint\",\"urlTemplate\":\"https:\\\/\\\/buletin.de\\\/bucuresti\\\/?s={search_term_string}\"},\"query-input\":{\"@type\":\"PropertyValueSpecification\",\"valueRequired\":true,\"valueName\":\"search_term_string\"}}],\"inLanguage\":\"en-GB\"},{\"@type\":\"Organization\",\"@id\":\"https:\\\/\\\/buletin.de\\\/bucuresti\\\/#organization\",\"name\":\"Buletin de Bucure\u0219ti\",\"url\":\"https:\\\/\\\/buletin.de\\\/bucuresti\\\/\",\"logo\":{\"@type\":\"ImageObject\",\"inLanguage\":\"en-GB\",\"@id\":\"https:\\\/\\\/buletin.de\\\/bucuresti\\\/#\\\/schema\\\/logo\\\/image\\\/\",\"url\":\"https:\\\/\\\/buletin.de\\\/bucuresti\\\/wp-content\\\/uploads\\\/logo-bdb-full-wide-vernil-transparent.png\",\"contentUrl\":\"https:\\\/\\\/buletin.de\\\/bucuresti\\\/wp-content\\\/uploads\\\/logo-bdb-full-wide-vernil-transparent.png\",\"width\":1782,\"height\":626,\"caption\":\"Buletin de Bucure\u0219ti\"},\"image\":{\"@id\":\"https:\\\/\\\/buletin.de\\\/bucuresti\\\/#\\\/schema\\\/logo\\\/image\\\/\"},\"sameAs\":[\"https:\\\/\\\/www.facebook.com\\\/buletin.de.buc\",\"https:\\\/\\\/www.instagram.com\\\/buletinde.bucuresti\\\/\"]},{\"@type\":\"Person\",\"@id\":\"https:\\\/\\\/buletin.de\\\/bucuresti\\\/#\\\/schema\\\/person\\\/7a01591ad05c4d2c7261fe7f0383d2af\",\"name\":\"Irina Anghel\",\"image\":{\"@type\":\"ImageObject\",\"inLanguage\":\"en-GB\",\"@id\":\"https:\\\/\\\/secure.gravatar.com\\\/avatar\\\/e7d429cbd0c7fe915f817961c0ffb96b407bc87e15aa35cee85f77146f8cce7e?s=96&d=monsterid&r=g693374df2a66e3f4935d210ea15b95ff\",\"url\":\"https:\\\/\\\/secure.gravatar.com\\\/avatar\\\/e7d429cbd0c7fe915f817961c0ffb96b407bc87e15aa35cee85f77146f8cce7e?s=96&d=monsterid&r=g\",\"contentUrl\":\"https:\\\/\\\/secure.gravatar.com\\\/avatar\\\/e7d429cbd0c7fe915f817961c0ffb96b407bc87e15aa35cee85f77146f8cce7e?s=96&d=monsterid&r=g\",\"caption\":\"Irina Anghel\"},\"url\":\"https:\\\/\\\/buletin.de\\\/bucuresti\\\/author\\\/irina\\\/\"}]}<\/script>\n<!-- \/ Yoast SEO Premium plugin. -->","yoast_head_json":{"title":"INFOGRAFIC | Rom\u00e2nia, \u00een top 5 \u021b\u0103ri UE ca rat\u0103 a mor\u021bilor \u00een urma unor agresiuni - Buletin de Bucure\u0219ti","robots":{"index":"index","follow":"follow","max-snippet":"max-snippet:-1","max-image-preview":"max-image-preview:large","max-video-preview":"max-video-preview:-1"},"canonical":"https:\/\/buletin.de\/bucuresti\/infografic-romania-in-top-5-tari-ue-ca-rata-a-mortilor-in-urma-unor-agresiuni\/","og_locale":"en_GB","og_type":"article","og_title":"INFOGRAFIC | Rom\u00e2nia, \u00een top 5 \u021b\u0103ri UE ca rat\u0103 a mor\u021bilor \u00een urma unor agresiuni","og_description":"Rom\u00e2nia este \u021bara cu a cincea cea mai mare rat\u0103 a deceselor \u00een urma unor agresiuni din Uniunea European\u0103, \u00een trendului descendent al acestui tip de mor\u021bi, conform datelor publicate azi de Eurostat. \u00cen 2017, \u00een total 285 de rom\u00e2ni au decedat \u00een urma unor agresiuni mortale, cu 24 mai pu\u021bini dec\u00e2t \u00een anul precedent. [&hellip;]","og_url":"https:\/\/buletin.de\/bucuresti\/infografic-romania-in-top-5-tari-ue-ca-rata-a-mortilor-in-urma-unor-agresiuni\/","og_site_name":"Buletin de Bucure\u0219ti","article_publisher":"https:\/\/www.facebook.com\/buletin.de.buc","article_published_time":"2020-09-02T13:34:51+00:00","og_image":[{"width":848,"height":810,"url":"https:\/\/buletin.de\/bucuresti\/wp-content\/uploads\/Screenshot-2020-09-02-at-16.11.25.png","type":"image\/png"}],"author":"Irina Anghel","twitter_card":"summary_large_image","twitter_misc":{"Written by":"Irina Anghel","Estimated reading time":"1 minute"},"schema":{"@context":"https:\/\/schema.org","@graph":[{"@type":"Article","@id":"https:\/\/buletin.de\/bucuresti\/infografic-romania-in-top-5-tari-ue-ca-rata-a-mortilor-in-urma-unor-agresiuni\/#article","isPartOf":{"@id":"https:\/\/buletin.de\/bucuresti\/infografic-romania-in-top-5-tari-ue-ca-rata-a-mortilor-in-urma-unor-agresiuni\/"},"author":{"name":"Irina Anghel","@id":"https:\/\/buletin.de\/bucuresti\/#\/schema\/person\/7a01591ad05c4d2c7261fe7f0383d2af"},"headline":"INFOGRAFIC | Rom\u00e2nia, \u00een top 5 \u021b\u0103ri UE ca rat\u0103 a mor\u021bilor \u00een urma unor agresiuni","datePublished":"2020-09-02T13:34:51+00:00","mainEntityOfPage":{"@id":"https:\/\/buletin.de\/bucuresti\/infografic-romania-in-top-5-tari-ue-ca-rata-a-mortilor-in-urma-unor-agresiuni\/"},"wordCount":214,"publisher":{"@id":"https:\/\/buletin.de\/bucuresti\/#organization"},"image":{"@id":"https:\/\/buletin.de\/bucuresti\/infografic-romania-in-top-5-tari-ue-ca-rata-a-mortilor-in-urma-unor-agresiuni\/#primaryimage"},"thumbnailUrl":"https:\/\/buletin.de\/bucuresti\/wp-content\/uploads\/Screenshot-2020-09-02-at-16.11.25.png","articleSection":["Diverse","\u0218tiri"],"inLanguage":"en-GB","copyrightYear":"2020","copyrightHolder":{"@id":"https:\/\/buletin.de\/bucuresti\/#organization"}},{"@type":"WebPage","@id":"https:\/\/buletin.de\/bucuresti\/infografic-romania-in-top-5-tari-ue-ca-rata-a-mortilor-in-urma-unor-agresiuni\/","url":"https:\/\/buletin.de\/bucuresti\/infografic-romania-in-top-5-tari-ue-ca-rata-a-mortilor-in-urma-unor-agresiuni\/","name":"INFOGRAFIC | Rom\u00e2nia, \u00een top 5 \u021b\u0103ri UE ca rat\u0103 a mor\u021bilor \u00een urma unor agresiuni - Buletin de Bucure\u0219ti","isPartOf":{"@id":"https:\/\/buletin.de\/bucuresti\/#website"},"primaryImageOfPage":{"@id":"https:\/\/buletin.de\/bucuresti\/infografic-romania-in-top-5-tari-ue-ca-rata-a-mortilor-in-urma-unor-agresiuni\/#primaryimage"},"image":{"@id":"https:\/\/buletin.de\/bucuresti\/infografic-romania-in-top-5-tari-ue-ca-rata-a-mortilor-in-urma-unor-agresiuni\/#primaryimage"},"thumbnailUrl":"https:\/\/buletin.de\/bucuresti\/wp-content\/uploads\/Screenshot-2020-09-02-at-16.11.25.png","datePublished":"2020-09-02T13:34:51+00:00","breadcrumb":{"@id":"https:\/\/buletin.de\/bucuresti\/infografic-romania-in-top-5-tari-ue-ca-rata-a-mortilor-in-urma-unor-agresiuni\/#breadcrumb"},"inLanguage":"en-GB","potentialAction":[{"@type":"ReadAction","target":["https:\/\/buletin.de\/bucuresti\/infografic-romania-in-top-5-tari-ue-ca-rata-a-mortilor-in-urma-unor-agresiuni\/"]}]},{"@type":"ImageObject","inLanguage":"en-GB","@id":"https:\/\/buletin.de\/bucuresti\/infografic-romania-in-top-5-tari-ue-ca-rata-a-mortilor-in-urma-unor-agresiuni\/#primaryimage","url":"https:\/\/buletin.de\/bucuresti\/wp-content\/uploads\/Screenshot-2020-09-02-at-16.11.25.png","contentUrl":"https:\/\/buletin.de\/bucuresti\/wp-content\/uploads\/Screenshot-2020-09-02-at-16.11.25.png","width":848,"height":810},{"@type":"BreadcrumbList","@id":"https:\/\/buletin.de\/bucuresti\/infografic-romania-in-top-5-tari-ue-ca-rata-a-mortilor-in-urma-unor-agresiuni\/#breadcrumb","itemListElement":[{"@type":"ListItem","position":1,"name":"Acas\u0103","item":"https:\/\/buletin.de\/bucuresti\/"},{"@type":"ListItem","position":2,"name":"INFOGRAFIC | Rom\u00e2nia, \u00een top 5 \u021b\u0103ri UE ca rat\u0103 a mor\u021bilor \u00een urma unor agresiuni"}]},{"@type":"WebSite","@id":"https:\/\/buletin.de\/bucuresti\/#website","url":"https:\/\/buletin.de\/bucuresti\/","name":"Buletin de Bucure\u0219ti","description":"\u0218tiri \u0219i investiga\u021bii esen\u021biale din capital\u0103","publisher":{"@id":"https:\/\/buletin.de\/bucuresti\/#organization"},"potentialAction":[{"@type":"SearchAction","target":{"@type":"EntryPoint","urlTemplate":"https:\/\/buletin.de\/bucuresti\/?s={search_term_string}"},"query-input":{"@type":"PropertyValueSpecification","valueRequired":true,"valueName":"search_term_string"}}],"inLanguage":"en-GB"},{"@type":"Organization","@id":"https:\/\/buletin.de\/bucuresti\/#organization","name":"Buletin de Bucure\u0219ti","url":"https:\/\/buletin.de\/bucuresti\/","logo":{"@type":"ImageObject","inLanguage":"en-GB","@id":"https:\/\/buletin.de\/bucuresti\/#\/schema\/logo\/image\/","url":"https:\/\/buletin.de\/bucuresti\/wp-content\/uploads\/logo-bdb-full-wide-vernil-transparent.png","contentUrl":"https:\/\/buletin.de\/bucuresti\/wp-content\/uploads\/logo-bdb-full-wide-vernil-transparent.png","width":1782,"height":626,"caption":"Buletin de Bucure\u0219ti"},"image":{"@id":"https:\/\/buletin.de\/bucuresti\/#\/schema\/logo\/image\/"},"sameAs":["https:\/\/www.facebook.com\/buletin.de.buc","https:\/\/www.instagram.com\/buletinde.bucuresti\/"]},{"@type":"Person","@id":"https:\/\/buletin.de\/bucuresti\/#\/schema\/person\/7a01591ad05c4d2c7261fe7f0383d2af","name":"Irina Anghel","image":{"@type":"ImageObject","inLanguage":"en-GB","@id":"https:\/\/secure.gravatar.com\/avatar\/e7d429cbd0c7fe915f817961c0ffb96b407bc87e15aa35cee85f77146f8cce7e?s=96&d=monsterid&r=g693374df2a66e3f4935d210ea15b95ff","url":"https:\/\/secure.gravatar.com\/avatar\/e7d429cbd0c7fe915f817961c0ffb96b407bc87e15aa35cee85f77146f8cce7e?s=96&d=monsterid&r=g","contentUrl":"https:\/\/secure.gravatar.com\/avatar\/e7d429cbd0c7fe915f817961c0ffb96b407bc87e15aa35cee85f77146f8cce7e?s=96&d=monsterid&r=g","caption":"Irina Anghel"},"url":"https:\/\/buletin.de\/bucuresti\/author\/irina\/"}]}},"authors":[{"term_id":22592,"user_id":15,"is_guest":0,"slug":"irina","display_name":"Irina Anghel","avatar_url":"https:\/\/secure.gravatar.com\/avatar\/e7d429cbd0c7fe915f817961c0ffb96b407bc87e15aa35cee85f77146f8cce7e?s=96&d=monsterid&r=g","0":null,"1":"","2":"","3":"","4":"","5":"","6":"","7":"","8":""}],"_links":{"self":[{"href":"https:\/\/buletin.de\/bucuresti\/wp-json\/wp\/v2\/posts\/11462","targetHints":{"allow":["GET"]}}],"collection":[{"href":"https:\/\/buletin.de\/bucuresti\/wp-json\/wp\/v2\/posts"}],"about":[{"href":"https:\/\/buletin.de\/bucuresti\/wp-json\/wp\/v2\/types\/post"}],"author":[{"embeddable":true,"href":"https:\/\/buletin.de\/bucuresti\/wp-json\/wp\/v2\/users\/15"}],"replies":[{"embeddable":true,"href":"https:\/\/buletin.de\/bucuresti\/wp-json\/wp\/v2\/comments?post=11462"}],"version-history":[{"count":5,"href":"https:\/\/buletin.de\/bucuresti\/wp-json\/wp\/v2\/posts\/11462\/revisions"}],"predecessor-version":[{"id":11478,"href":"https:\/\/buletin.de\/bucuresti\/wp-json\/wp\/v2\/posts\/11462\/revisions\/11478"}],"wp:featuredmedia":[{"embeddable":true,"href":"https:\/\/buletin.de\/bucuresti\/wp-json\/wp\/v2\/media\/11476"}],"wp:attachment":[{"href":"https:\/\/buletin.de\/bucuresti\/wp-json\/wp\/v2\/media?parent=11462"}],"wp:term":[{"taxonomy":"category","embeddable":true,"href":"https:\/\/buletin.de\/bucuresti\/wp-json\/wp\/v2\/categories?post=11462"},{"taxonomy":"post_tag","embeddable":true,"href":"https:\/\/buletin.de\/bucuresti\/wp-json\/wp\/v2\/tags?post=11462"},{"taxonomy":"author","embeddable":true,"href":"https:\/\/buletin.de\/bucuresti\/wp-json\/wp\/v2\/ppma_author?post=11462"}],"curies":[{"name":"wp","href":"https:\/\/api.w.org\/{rel}","templated":true}]}}