{"id":114509,"date":"2025-01-16T00:31:10","date_gmt":"2025-01-15T21:31:10","guid":{"rendered":"https:\/\/buletin.de\/bucuresti\/?p=114509"},"modified":"2025-01-16T07:44:19","modified_gmt":"2025-01-16T04:44:19","slug":"a-fost-aflat-motivul-pentru-care-un-barbat-a-furat-3-picioare-amputate-de-la-spitalul-cantacuzino","status":"publish","type":"post","link":"https:\/\/buletin.de\/bucuresti\/a-fost-aflat-motivul-pentru-care-un-barbat-a-furat-3-picioare-amputate-de-la-spitalul-cantacuzino\/","title":{"rendered":"A fost aflat motivul pentru care un b\u0103rbat a furat trei picioare amputate de la Spitalul Cantacuzino"},"content":{"rendered":"\n<p><strong>Un furt mai pu\u021bin obi\u0219nuit s-a transformat \u00eentr-o \u0219tire viral\u0103. Un b\u0103rbat a furat trei picioare amputate de la Spitalul Cantacuzino din Bucure\u0219ti. Poli\u021bia a g\u0103sit dou\u0103, aruncate, la scurt timp. <\/strong><\/p>\n\n\n\n<p> Furtul&nbsp;a fost raportat Poli\u0163iei pe data de 13 ianuarie, dar b\u0103rbatul a p\u0103truns \u00een unitatea medical\u0103 pe 10 ianuarie. Acesta a intrat la rampa de de\u015feuri infec\u0163ioase, de unde a luat picioarele, care erau puse \u00een saci speciali.<\/p>\n\n\n\n<figure class=\"wp-block-embed is-type-video is-provider-youtube wp-block-embed-youtube wp-embed-aspect-16-9 wp-has-aspect-ratio\"><div class=\"wp-block-embed__wrapper\">\n<iframe title=\"Furt macabru din incinta spitalului Cantacuzino\" width=\"1200\" height=\"675\" src=\"https:\/\/www.youtube.com\/embed\/kxWWNjAwDu4?feature=oembed\" frameborder=\"0\" allow=\"accelerometer; autoplay; clipboard-write; encrypted-media; gyroscope; picture-in-picture; web-share\" referrerpolicy=\"strict-origin-when-cross-origin\" allowfullscreen><\/iframe>\n<\/div><\/figure>\n\n\n\n<p>\u201e\u00cen urma investiga\u021biilor desf\u0103\u0219urate a rezultat presupunerea rezonabil\u0103 c\u0103, la data de 10 ianuarie 2025, \u00een jurul orei 19.00, o persoan\u0103 ar fi escaladat gardul unit\u0103\u021bii spitalice\u0219ti \u0219i a p\u0103truns \u00eentr-o anex\u0103 a spitalului, unde sunt depozitate de\u0219euri medicale, de unde ar fi sustras, dintr-o lad\u0103 frigorific\u0103, de\u0219euri anatomo-patologice \u0219i p\u0103r\u021bi anatomice, ulterior, p\u0103r\u0103sind unitatea spitaliceasc\u0103\u201d, ar\u0103ta <a href=\"https:\/\/b.politiaromana.ro\/\" target=\"_blank\" rel=\"noreferrer noopener\">Poli\u021bia Capitalei<\/a> \u00eentr-un comunicat. <\/p>\n\n\n\n<p>De acolo a plecat \u00een direc\u0163ia bulevardului Dacia, unde, de altfel, a l\u0103sat un picior, pe care l-a g\u0103sit un cadru medical, fiind \u015fi cel care a dat alarma. Poli\u021bi\u0219tii au mai g\u0103sit un picior, \u00een aceea\u0219i zi. <\/p>\n\n\n\n<p><strong>CITE\u0218TE \u0218I: <a href=\"https:\/\/buletin.de\/bucuresti\/furt-macabru-din-incinta-spitalului-cantacuzino-un-barbat-a-plecat-cu-trei-picioare-amputate\/\" target=\"_blank\" rel=\"noreferrer noopener\">Furt macabru din incinta spitalului Cantacuzino: un b\u0103rbat a plecat cu trei picioare amputate<\/a><\/strong><\/p>\n\n\n\n<h2 class=\"wp-block-heading\" id=\"h-de-ce-a-furat-trei-picioare-amputate\">De ce a furat trei picioare amputate<\/h2>\n\n\n\n<p>B\u0103rbatul a fost prins \u00een scurt timp de poli\u021bi\u0219ti \u0219i condus la audieri la sediul Sec\u021biei 6 Poli\u021bie. Acesta este un om s\u0103rac, care spera s\u0103 fac\u0103 bani cu con\u021binutul sacilor lua\u021bi de la spital. Dar nu cu picioare amputate.<\/p>\n\n\n\n<p>\u201e<em>La audiere, b\u0103rbatul a declarat c\u0103 \u00een data de 10.01.2025, \u00een jurul orei 19.00, a p\u0103truns \u00een incinta spitalului, prin escaladarea gardului, pentru a sustrage peturi \u00een vederea recicl\u0103rii, context in care, dintr-o lad\u0103 a sustras 3 saci, f\u0103r\u0103 a \u0219ti ce con\u021bin<\/em>\u201d, au declarat surse judiciare pentru Buletin de Bucure\u0219ti.<\/p>\n\n\n\n<p>Fa\u021b\u0103 de b\u0103rbat s-a pus \u00een mi\u0219care ac\u021biunea penal\u0103, sub aspectul s\u0103v\u00e2r\u0219irii infrac\u021biunii de furt calificat, sub supravegherea Parchetului de pe l\u00e2ng\u0103 Judec\u0103toria Sectorului 2.<\/p>\n\n\n\n<p><strong>CITE\u0218TE \u0218I: <a href=\"https:\/\/buletin.de\/bucuresti\/solutie-pentru-rca-mai-ieftin-soferii-din-bucuresti-isi-inmatriculeaza-masinile-la-brasov\/\" target=\"_blank\" rel=\"noreferrer noopener\">Solu\u021bie pentru RCA mai ieftin: \u0219oferii din Bucure\u0219ti \u00ee\u0219i \u00eenmatriculeaz\u0103 ma\u0219inile la Bra\u0219ov<\/a><\/strong><\/p>\n","protected":false},"excerpt":{"rendered":"<p>Un furt mai pu\u021bin obi\u0219nuit s-a transformat \u00eentr-o \u0219tire viral\u0103. Un b\u0103rbat a furat trei picioare amputate de la Spitalul Cantacuzino din Bucure\u0219ti. Poli\u021bia a g\u0103sit dou\u0103, aruncate, la scurt timp. Furtul&nbsp;a fost raportat Poli\u0163iei pe data de 13 ianuarie, dar b\u0103rbatul a p\u0103truns \u00een unitatea medical\u0103 pe 10 ianuarie. Acesta a intrat la rampa [&hellip;]<\/p>\n","protected":false},"author":1,"featured_media":114511,"comment_status":"closed","ping_status":"open","sticky":false,"template":"","format":"standard","meta":{"_acf_changed":false,"inline_featured_image":false,"ngg_post_thumbnail":0,"footnotes":""},"categories":[6994,9026,62],"tags":[18381,18430,18431,18382],"ppma_author":[22583],"class_list":["post-114509","post","type-post","status-publish","format-standard","has-post-thumbnail","hentry","category-stiri-2","category-eveniment","category-stiri","tag-furt-cantacuzino","tag-furt-picioare","tag-furt-picioare-amputate","tag-picioare-amputate"],"acf":[],"yoast_head":"<!-- This site is optimized with the Yoast SEO Premium plugin v25.3 (Yoast SEO v27.5) - https:\/\/yoast.com\/product\/yoast-seo-premium-wordpress\/ -->\n<title>A fost aflat motivul pentru care un b\u0103rbat a furat trei picioare amputate de la Spitalul Cantacuzino - Buletin de Bucure\u0219ti<\/title>\n<meta name=\"description\" content=\"Un furt mai pu\u021bin obi\u0219nuit s-a transformat \u00eentr-o \u0219tire viral\u0103. Un b\u0103rbat a furat 3 picioare amputate de la Spitalul Cantacuzino.\" \/>\n<meta name=\"robots\" content=\"index, follow, max-snippet:-1, max-image-preview:large, max-video-preview:-1\" \/>\n<link rel=\"canonical\" href=\"https:\/\/buletin.de\/bucuresti\/a-fost-aflat-motivul-pentru-care-un-barbat-a-furat-3-picioare-amputate-de-la-spitalul-cantacuzino\/\" \/>\n<meta property=\"og:locale\" content=\"en_GB\" \/>\n<meta property=\"og:type\" content=\"article\" \/>\n<meta property=\"og:title\" content=\"A fost aflat motivul pentru care un b\u0103rbat a furat trei picioare amputate de la Spitalul Cantacuzino\" \/>\n<meta property=\"og:description\" content=\"Un furt mai pu\u021bin obi\u0219nuit s-a transformat \u00eentr-o \u0219tire viral\u0103. Un b\u0103rbat a furat 3 picioare amputate de la Spitalul Cantacuzino.\" \/>\n<meta property=\"og:url\" content=\"https:\/\/buletin.de\/bucuresti\/a-fost-aflat-motivul-pentru-care-un-barbat-a-furat-3-picioare-amputate-de-la-spitalul-cantacuzino\/\" \/>\n<meta property=\"og:site_name\" content=\"Buletin de Bucure\u0219ti\" \/>\n<meta property=\"article:publisher\" content=\"https:\/\/www.facebook.com\/buletin.de.buc\" \/>\n<meta property=\"article:published_time\" content=\"2025-01-15T21:31:10+00:00\" \/>\n<meta property=\"article:modified_time\" content=\"2025-01-16T04:44:19+00:00\" \/>\n<meta property=\"og:image\" content=\"https:\/\/buletin.de\/bucuresti\/wp-content\/uploads\/furtpicioare.png\" \/>\n\t<meta property=\"og:image:width\" content=\"1200\" \/>\n\t<meta property=\"og:image:height\" content=\"679\" \/>\n\t<meta property=\"og:image:type\" content=\"image\/png\" \/>\n<meta name=\"author\" content=\"Redac\u021bia Buletin de Bucure\u0219ti\" \/>\n<meta name=\"twitter:card\" content=\"summary_large_image\" \/>\n<meta name=\"twitter:label1\" content=\"Written by\" \/>\n\t<meta name=\"twitter:data1\" content=\"Redac\u021bia Buletin de Bucure\u0219ti\" \/>\n\t<meta name=\"twitter:label2\" content=\"Estimated reading time\" \/>\n\t<meta name=\"twitter:data2\" content=\"2 minutes\" \/>\n<script type=\"application\/ld+json\" class=\"yoast-schema-graph\">{\"@context\":\"https:\\\/\\\/schema.org\",\"@graph\":[{\"@type\":\"Article\",\"@id\":\"https:\\\/\\\/buletin.de\\\/bucuresti\\\/a-fost-aflat-motivul-pentru-care-un-barbat-a-furat-3-picioare-amputate-de-la-spitalul-cantacuzino\\\/#article\",\"isPartOf\":{\"@id\":\"https:\\\/\\\/buletin.de\\\/bucuresti\\\/a-fost-aflat-motivul-pentru-care-un-barbat-a-furat-3-picioare-amputate-de-la-spitalul-cantacuzino\\\/\"},\"author\":{\"name\":\"Redac\u021bia Buletin de Bucure\u0219ti\",\"@id\":\"https:\\\/\\\/buletin.de\\\/bucuresti\\\/#\\\/schema\\\/person\\\/2bbcf854e5f2419a13804af574d06ab1\"},\"headline\":\"A fost aflat motivul pentru care un b\u0103rbat a furat trei picioare amputate de la Spitalul Cantacuzino\",\"datePublished\":\"2025-01-15T21:31:10+00:00\",\"dateModified\":\"2025-01-16T04:44:19+00:00\",\"mainEntityOfPage\":{\"@id\":\"https:\\\/\\\/buletin.de\\\/bucuresti\\\/a-fost-aflat-motivul-pentru-care-un-barbat-a-furat-3-picioare-amputate-de-la-spitalul-cantacuzino\\\/\"},\"wordCount\":397,\"publisher\":{\"@id\":\"https:\\\/\\\/buletin.de\\\/bucuresti\\\/#organization\"},\"image\":{\"@id\":\"https:\\\/\\\/buletin.de\\\/bucuresti\\\/a-fost-aflat-motivul-pentru-care-un-barbat-a-furat-3-picioare-amputate-de-la-spitalul-cantacuzino\\\/#primaryimage\"},\"thumbnailUrl\":\"https:\\\/\\\/buletin.de\\\/bucuresti\\\/wp-content\\\/uploads\\\/furtpicioare.png\",\"keywords\":[\"furt cantacuzino\",\"furt picioare\",\"furt picioare amputate\",\"picioare amputate\"],\"articleSection\":[\"Articole\",\"Eveniment\",\"\u0218tiri\"],\"inLanguage\":\"en-GB\",\"copyrightYear\":\"2025\",\"copyrightHolder\":{\"@id\":\"https:\\\/\\\/buletin.de\\\/bucuresti\\\/#organization\"}},{\"@type\":\"WebPage\",\"@id\":\"https:\\\/\\\/buletin.de\\\/bucuresti\\\/a-fost-aflat-motivul-pentru-care-un-barbat-a-furat-3-picioare-amputate-de-la-spitalul-cantacuzino\\\/\",\"url\":\"https:\\\/\\\/buletin.de\\\/bucuresti\\\/a-fost-aflat-motivul-pentru-care-un-barbat-a-furat-3-picioare-amputate-de-la-spitalul-cantacuzino\\\/\",\"name\":\"A fost aflat motivul pentru care un b\u0103rbat a furat trei picioare amputate de la Spitalul Cantacuzino - Buletin de Bucure\u0219ti\",\"isPartOf\":{\"@id\":\"https:\\\/\\\/buletin.de\\\/bucuresti\\\/#website\"},\"primaryImageOfPage\":{\"@id\":\"https:\\\/\\\/buletin.de\\\/bucuresti\\\/a-fost-aflat-motivul-pentru-care-un-barbat-a-furat-3-picioare-amputate-de-la-spitalul-cantacuzino\\\/#primaryimage\"},\"image\":{\"@id\":\"https:\\\/\\\/buletin.de\\\/bucuresti\\\/a-fost-aflat-motivul-pentru-care-un-barbat-a-furat-3-picioare-amputate-de-la-spitalul-cantacuzino\\\/#primaryimage\"},\"thumbnailUrl\":\"https:\\\/\\\/buletin.de\\\/bucuresti\\\/wp-content\\\/uploads\\\/furtpicioare.png\",\"datePublished\":\"2025-01-15T21:31:10+00:00\",\"dateModified\":\"2025-01-16T04:44:19+00:00\",\"description\":\"Un furt mai pu\u021bin obi\u0219nuit s-a transformat \u00eentr-o \u0219tire viral\u0103. Un b\u0103rbat a furat 3 picioare amputate de la Spitalul Cantacuzino.\",\"breadcrumb\":{\"@id\":\"https:\\\/\\\/buletin.de\\\/bucuresti\\\/a-fost-aflat-motivul-pentru-care-un-barbat-a-furat-3-picioare-amputate-de-la-spitalul-cantacuzino\\\/#breadcrumb\"},\"inLanguage\":\"en-GB\",\"potentialAction\":[{\"@type\":\"ReadAction\",\"target\":[\"https:\\\/\\\/buletin.de\\\/bucuresti\\\/a-fost-aflat-motivul-pentru-care-un-barbat-a-furat-3-picioare-amputate-de-la-spitalul-cantacuzino\\\/\"]}]},{\"@type\":\"ImageObject\",\"inLanguage\":\"en-GB\",\"@id\":\"https:\\\/\\\/buletin.de\\\/bucuresti\\\/a-fost-aflat-motivul-pentru-care-un-barbat-a-furat-3-picioare-amputate-de-la-spitalul-cantacuzino\\\/#primaryimage\",\"url\":\"https:\\\/\\\/buletin.de\\\/bucuresti\\\/wp-content\\\/uploads\\\/furtpicioare.png\",\"contentUrl\":\"https:\\\/\\\/buletin.de\\\/bucuresti\\\/wp-content\\\/uploads\\\/furtpicioare.png\",\"width\":1200,\"height\":679,\"caption\":\"A furat 3 picioare amputate de la Spitalul Cantacuzino. Captur\u0103 video\"},{\"@type\":\"BreadcrumbList\",\"@id\":\"https:\\\/\\\/buletin.de\\\/bucuresti\\\/a-fost-aflat-motivul-pentru-care-un-barbat-a-furat-3-picioare-amputate-de-la-spitalul-cantacuzino\\\/#breadcrumb\",\"itemListElement\":[{\"@type\":\"ListItem\",\"position\":1,\"name\":\"Acas\u0103\",\"item\":\"https:\\\/\\\/buletin.de\\\/bucuresti\\\/\"},{\"@type\":\"ListItem\",\"position\":2,\"name\":\"A fost aflat motivul pentru care un b\u0103rbat a furat trei picioare amputate de la Spitalul Cantacuzino\"}]},{\"@type\":\"WebSite\",\"@id\":\"https:\\\/\\\/buletin.de\\\/bucuresti\\\/#website\",\"url\":\"https:\\\/\\\/buletin.de\\\/bucuresti\\\/\",\"name\":\"Buletin de Bucure\u0219ti\",\"description\":\"\u0218tiri \u0219i investiga\u021bii esen\u021biale din capital\u0103\",\"publisher\":{\"@id\":\"https:\\\/\\\/buletin.de\\\/bucuresti\\\/#organization\"},\"potentialAction\":[{\"@type\":\"SearchAction\",\"target\":{\"@type\":\"EntryPoint\",\"urlTemplate\":\"https:\\\/\\\/buletin.de\\\/bucuresti\\\/?s={search_term_string}\"},\"query-input\":{\"@type\":\"PropertyValueSpecification\",\"valueRequired\":true,\"valueName\":\"search_term_string\"}}],\"inLanguage\":\"en-GB\"},{\"@type\":\"Organization\",\"@id\":\"https:\\\/\\\/buletin.de\\\/bucuresti\\\/#organization\",\"name\":\"Buletin de Bucure\u0219ti\",\"url\":\"https:\\\/\\\/buletin.de\\\/bucuresti\\\/\",\"logo\":{\"@type\":\"ImageObject\",\"inLanguage\":\"en-GB\",\"@id\":\"https:\\\/\\\/buletin.de\\\/bucuresti\\\/#\\\/schema\\\/logo\\\/image\\\/\",\"url\":\"https:\\\/\\\/buletin.de\\\/bucuresti\\\/wp-content\\\/uploads\\\/logo-bdb-full-wide-vernil-transparent.png\",\"contentUrl\":\"https:\\\/\\\/buletin.de\\\/bucuresti\\\/wp-content\\\/uploads\\\/logo-bdb-full-wide-vernil-transparent.png\",\"width\":1782,\"height\":626,\"caption\":\"Buletin de Bucure\u0219ti\"},\"image\":{\"@id\":\"https:\\\/\\\/buletin.de\\\/bucuresti\\\/#\\\/schema\\\/logo\\\/image\\\/\"},\"sameAs\":[\"https:\\\/\\\/www.facebook.com\\\/buletin.de.buc\",\"https:\\\/\\\/www.instagram.com\\\/buletinde.bucuresti\\\/\"]},{\"@type\":\"Person\",\"@id\":\"https:\\\/\\\/buletin.de\\\/bucuresti\\\/#\\\/schema\\\/person\\\/2bbcf854e5f2419a13804af574d06ab1\",\"name\":\"Redac\u021bia Buletin de Bucure\u0219ti\",\"image\":{\"@type\":\"ImageObject\",\"inLanguage\":\"en-GB\",\"@id\":\"https:\\\/\\\/secure.gravatar.com\\\/avatar\\\/18c5342381ed1a08620e6280424e3e5efc958618f5d67c522c9e44c1bc6f9226?s=96&d=monsterid&r=g60c7cd0ad92c68c049fcd4bb3504d609\",\"url\":\"https:\\\/\\\/secure.gravatar.com\\\/avatar\\\/18c5342381ed1a08620e6280424e3e5efc958618f5d67c522c9e44c1bc6f9226?s=96&d=monsterid&r=g\",\"contentUrl\":\"https:\\\/\\\/secure.gravatar.com\\\/avatar\\\/18c5342381ed1a08620e6280424e3e5efc958618f5d67c522c9e44c1bc6f9226?s=96&d=monsterid&r=g\",\"caption\":\"Redac\u021bia Buletin de Bucure\u0219ti\"},\"description\":\"Buletin de Bucure\u0219ti exist\u0103 din vara anului 2019.\",\"url\":\"https:\\\/\\\/buletin.de\\\/bucuresti\\\/author\\\/adminbuletin\\\/\"}]}<\/script>\n<!-- \/ Yoast SEO Premium plugin. -->","yoast_head_json":{"title":"A fost aflat motivul pentru care un b\u0103rbat a furat trei picioare amputate de la Spitalul Cantacuzino - Buletin de Bucure\u0219ti","description":"Un furt mai pu\u021bin obi\u0219nuit s-a transformat \u00eentr-o \u0219tire viral\u0103. Un b\u0103rbat a furat 3 picioare amputate de la Spitalul Cantacuzino.","robots":{"index":"index","follow":"follow","max-snippet":"max-snippet:-1","max-image-preview":"max-image-preview:large","max-video-preview":"max-video-preview:-1"},"canonical":"https:\/\/buletin.de\/bucuresti\/a-fost-aflat-motivul-pentru-care-un-barbat-a-furat-3-picioare-amputate-de-la-spitalul-cantacuzino\/","og_locale":"en_GB","og_type":"article","og_title":"A fost aflat motivul pentru care un b\u0103rbat a furat trei picioare amputate de la Spitalul Cantacuzino","og_description":"Un furt mai pu\u021bin obi\u0219nuit s-a transformat \u00eentr-o \u0219tire viral\u0103. Un b\u0103rbat a furat 3 picioare amputate de la Spitalul Cantacuzino.","og_url":"https:\/\/buletin.de\/bucuresti\/a-fost-aflat-motivul-pentru-care-un-barbat-a-furat-3-picioare-amputate-de-la-spitalul-cantacuzino\/","og_site_name":"Buletin de Bucure\u0219ti","article_publisher":"https:\/\/www.facebook.com\/buletin.de.buc","article_published_time":"2025-01-15T21:31:10+00:00","article_modified_time":"2025-01-16T04:44:19+00:00","og_image":[{"width":1200,"height":679,"url":"https:\/\/buletin.de\/bucuresti\/wp-content\/uploads\/furtpicioare.png","type":"image\/png"}],"author":"Redac\u021bia Buletin de Bucure\u0219ti","twitter_card":"summary_large_image","twitter_misc":{"Written by":"Redac\u021bia Buletin de Bucure\u0219ti","Estimated reading time":"2 minutes"},"schema":{"@context":"https:\/\/schema.org","@graph":[{"@type":"Article","@id":"https:\/\/buletin.de\/bucuresti\/a-fost-aflat-motivul-pentru-care-un-barbat-a-furat-3-picioare-amputate-de-la-spitalul-cantacuzino\/#article","isPartOf":{"@id":"https:\/\/buletin.de\/bucuresti\/a-fost-aflat-motivul-pentru-care-un-barbat-a-furat-3-picioare-amputate-de-la-spitalul-cantacuzino\/"},"author":{"name":"Redac\u021bia Buletin de Bucure\u0219ti","@id":"https:\/\/buletin.de\/bucuresti\/#\/schema\/person\/2bbcf854e5f2419a13804af574d06ab1"},"headline":"A fost aflat motivul pentru care un b\u0103rbat a furat trei picioare amputate de la Spitalul Cantacuzino","datePublished":"2025-01-15T21:31:10+00:00","dateModified":"2025-01-16T04:44:19+00:00","mainEntityOfPage":{"@id":"https:\/\/buletin.de\/bucuresti\/a-fost-aflat-motivul-pentru-care-un-barbat-a-furat-3-picioare-amputate-de-la-spitalul-cantacuzino\/"},"wordCount":397,"publisher":{"@id":"https:\/\/buletin.de\/bucuresti\/#organization"},"image":{"@id":"https:\/\/buletin.de\/bucuresti\/a-fost-aflat-motivul-pentru-care-un-barbat-a-furat-3-picioare-amputate-de-la-spitalul-cantacuzino\/#primaryimage"},"thumbnailUrl":"https:\/\/buletin.de\/bucuresti\/wp-content\/uploads\/furtpicioare.png","keywords":["furt cantacuzino","furt picioare","furt picioare amputate","picioare amputate"],"articleSection":["Articole","Eveniment","\u0218tiri"],"inLanguage":"en-GB","copyrightYear":"2025","copyrightHolder":{"@id":"https:\/\/buletin.de\/bucuresti\/#organization"}},{"@type":"WebPage","@id":"https:\/\/buletin.de\/bucuresti\/a-fost-aflat-motivul-pentru-care-un-barbat-a-furat-3-picioare-amputate-de-la-spitalul-cantacuzino\/","url":"https:\/\/buletin.de\/bucuresti\/a-fost-aflat-motivul-pentru-care-un-barbat-a-furat-3-picioare-amputate-de-la-spitalul-cantacuzino\/","name":"A fost aflat motivul pentru care un b\u0103rbat a furat trei picioare amputate de la Spitalul Cantacuzino - Buletin de Bucure\u0219ti","isPartOf":{"@id":"https:\/\/buletin.de\/bucuresti\/#website"},"primaryImageOfPage":{"@id":"https:\/\/buletin.de\/bucuresti\/a-fost-aflat-motivul-pentru-care-un-barbat-a-furat-3-picioare-amputate-de-la-spitalul-cantacuzino\/#primaryimage"},"image":{"@id":"https:\/\/buletin.de\/bucuresti\/a-fost-aflat-motivul-pentru-care-un-barbat-a-furat-3-picioare-amputate-de-la-spitalul-cantacuzino\/#primaryimage"},"thumbnailUrl":"https:\/\/buletin.de\/bucuresti\/wp-content\/uploads\/furtpicioare.png","datePublished":"2025-01-15T21:31:10+00:00","dateModified":"2025-01-16T04:44:19+00:00","description":"Un furt mai pu\u021bin obi\u0219nuit s-a transformat \u00eentr-o \u0219tire viral\u0103. Un b\u0103rbat a furat 3 picioare amputate de la Spitalul Cantacuzino.","breadcrumb":{"@id":"https:\/\/buletin.de\/bucuresti\/a-fost-aflat-motivul-pentru-care-un-barbat-a-furat-3-picioare-amputate-de-la-spitalul-cantacuzino\/#breadcrumb"},"inLanguage":"en-GB","potentialAction":[{"@type":"ReadAction","target":["https:\/\/buletin.de\/bucuresti\/a-fost-aflat-motivul-pentru-care-un-barbat-a-furat-3-picioare-amputate-de-la-spitalul-cantacuzino\/"]}]},{"@type":"ImageObject","inLanguage":"en-GB","@id":"https:\/\/buletin.de\/bucuresti\/a-fost-aflat-motivul-pentru-care-un-barbat-a-furat-3-picioare-amputate-de-la-spitalul-cantacuzino\/#primaryimage","url":"https:\/\/buletin.de\/bucuresti\/wp-content\/uploads\/furtpicioare.png","contentUrl":"https:\/\/buletin.de\/bucuresti\/wp-content\/uploads\/furtpicioare.png","width":1200,"height":679,"caption":"A furat 3 picioare amputate de la Spitalul Cantacuzino. Captur\u0103 video"},{"@type":"BreadcrumbList","@id":"https:\/\/buletin.de\/bucuresti\/a-fost-aflat-motivul-pentru-care-un-barbat-a-furat-3-picioare-amputate-de-la-spitalul-cantacuzino\/#breadcrumb","itemListElement":[{"@type":"ListItem","position":1,"name":"Acas\u0103","item":"https:\/\/buletin.de\/bucuresti\/"},{"@type":"ListItem","position":2,"name":"A fost aflat motivul pentru care un b\u0103rbat a furat trei picioare amputate de la Spitalul Cantacuzino"}]},{"@type":"WebSite","@id":"https:\/\/buletin.de\/bucuresti\/#website","url":"https:\/\/buletin.de\/bucuresti\/","name":"Buletin de Bucure\u0219ti","description":"\u0218tiri \u0219i investiga\u021bii esen\u021biale din capital\u0103","publisher":{"@id":"https:\/\/buletin.de\/bucuresti\/#organization"},"potentialAction":[{"@type":"SearchAction","target":{"@type":"EntryPoint","urlTemplate":"https:\/\/buletin.de\/bucuresti\/?s={search_term_string}"},"query-input":{"@type":"PropertyValueSpecification","valueRequired":true,"valueName":"search_term_string"}}],"inLanguage":"en-GB"},{"@type":"Organization","@id":"https:\/\/buletin.de\/bucuresti\/#organization","name":"Buletin de Bucure\u0219ti","url":"https:\/\/buletin.de\/bucuresti\/","logo":{"@type":"ImageObject","inLanguage":"en-GB","@id":"https:\/\/buletin.de\/bucuresti\/#\/schema\/logo\/image\/","url":"https:\/\/buletin.de\/bucuresti\/wp-content\/uploads\/logo-bdb-full-wide-vernil-transparent.png","contentUrl":"https:\/\/buletin.de\/bucuresti\/wp-content\/uploads\/logo-bdb-full-wide-vernil-transparent.png","width":1782,"height":626,"caption":"Buletin de Bucure\u0219ti"},"image":{"@id":"https:\/\/buletin.de\/bucuresti\/#\/schema\/logo\/image\/"},"sameAs":["https:\/\/www.facebook.com\/buletin.de.buc","https:\/\/www.instagram.com\/buletinde.bucuresti\/"]},{"@type":"Person","@id":"https:\/\/buletin.de\/bucuresti\/#\/schema\/person\/2bbcf854e5f2419a13804af574d06ab1","name":"Redac\u021bia Buletin de Bucure\u0219ti","image":{"@type":"ImageObject","inLanguage":"en-GB","@id":"https:\/\/secure.gravatar.com\/avatar\/18c5342381ed1a08620e6280424e3e5efc958618f5d67c522c9e44c1bc6f9226?s=96&d=monsterid&r=g60c7cd0ad92c68c049fcd4bb3504d609","url":"https:\/\/secure.gravatar.com\/avatar\/18c5342381ed1a08620e6280424e3e5efc958618f5d67c522c9e44c1bc6f9226?s=96&d=monsterid&r=g","contentUrl":"https:\/\/secure.gravatar.com\/avatar\/18c5342381ed1a08620e6280424e3e5efc958618f5d67c522c9e44c1bc6f9226?s=96&d=monsterid&r=g","caption":"Redac\u021bia Buletin de Bucure\u0219ti"},"description":"Buletin de Bucure\u0219ti exist\u0103 din vara anului 2019.","url":"https:\/\/buletin.de\/bucuresti\/author\/adminbuletin\/"}]}},"authors":[{"term_id":22583,"user_id":1,"is_guest":0,"slug":"adminbuletin","display_name":"Redac\u021bia Buletin de Bucure\u0219ti","avatar_url":"https:\/\/secure.gravatar.com\/avatar\/18c5342381ed1a08620e6280424e3e5efc958618f5d67c522c9e44c1bc6f9226?s=96&d=monsterid&r=g","0":null,"1":"","2":"","3":"","4":"","5":"","6":"","7":"","8":""}],"_links":{"self":[{"href":"https:\/\/buletin.de\/bucuresti\/wp-json\/wp\/v2\/posts\/114509","targetHints":{"allow":["GET"]}}],"collection":[{"href":"https:\/\/buletin.de\/bucuresti\/wp-json\/wp\/v2\/posts"}],"about":[{"href":"https:\/\/buletin.de\/bucuresti\/wp-json\/wp\/v2\/types\/post"}],"author":[{"embeddable":true,"href":"https:\/\/buletin.de\/bucuresti\/wp-json\/wp\/v2\/users\/1"}],"replies":[{"embeddable":true,"href":"https:\/\/buletin.de\/bucuresti\/wp-json\/wp\/v2\/comments?post=114509"}],"version-history":[{"count":9,"href":"https:\/\/buletin.de\/bucuresti\/wp-json\/wp\/v2\/posts\/114509\/revisions"}],"predecessor-version":[{"id":114541,"href":"https:\/\/buletin.de\/bucuresti\/wp-json\/wp\/v2\/posts\/114509\/revisions\/114541"}],"wp:featuredmedia":[{"embeddable":true,"href":"https:\/\/buletin.de\/bucuresti\/wp-json\/wp\/v2\/media\/114511"}],"wp:attachment":[{"href":"https:\/\/buletin.de\/bucuresti\/wp-json\/wp\/v2\/media?parent=114509"}],"wp:term":[{"taxonomy":"category","embeddable":true,"href":"https:\/\/buletin.de\/bucuresti\/wp-json\/wp\/v2\/categories?post=114509"},{"taxonomy":"post_tag","embeddable":true,"href":"https:\/\/buletin.de\/bucuresti\/wp-json\/wp\/v2\/tags?post=114509"},{"taxonomy":"author","embeddable":true,"href":"https:\/\/buletin.de\/bucuresti\/wp-json\/wp\/v2\/ppma_author?post=114509"}],"curies":[{"name":"wp","href":"https:\/\/api.w.org\/{rel}","templated":true}]}}